{"id":90064,"date":"2017-03-02T00:00:00","date_gmt":"2017-03-02T02:00:00","guid":{"rendered":"http:\/\/pre.boxrepsol.com\/sin-categorizar\/repsol-una-historia-exitos\/"},"modified":"2024-05-15T06:30:21","modified_gmt":"2024-05-15T08:30:21","slug":"repsol-una-historia-exitos","status":"publish","type":"post","link":"https:\/\/www.boxrepsol.com\/es\/motogp\/repsol-una-historia-exitos\/","title":{"rendered":"Repsol, una historia de \u00e9xitos"},"content":{"rendered":"<div class=\"container\">\n<section class=\"cd-horizontal-timeline\">\n<div class=\"events-content\">\n<ol style=\"margin: 0; padding: 0;\">\n<li class=\"selected\" data-date=\"01\/01\/1971\">\n<div class=\"h-1971\">\n<p class=\"fecha\">1971<\/p>\n<p>Repsol se estrena en el Mundial de Motociclismo de la mano de Derbi y \u00c1ngel Nieto, que se hace con el t\u00edtulo de la categor\u00eda de 125cc. Es el comienzo de la larga historia que une a Repsol con el motociclismo.<\/p>\n<\/p><\/div>\n<p>                    <img decoding=\"async\" src=\"https:\/\/www.boxrepsol.com\/wp-content\/themes\/theme-boxrepsol-child\/static\/infografias\/historia-mundial\/hito-1971.png\" title=\"Mundial de Motociclismo - 1971\" alt=\"\u00c1ngel Nieto compitiendo en la categor\u00eda de 125cc\"   class=\"img-des\" \/><br \/>\n                    <img decoding=\"async\" src=\"https:\/\/www.boxrepsol.com\/wp-content\/themes\/theme-boxrepsol-child\/static\/infografias\/historia-mundial\/hito-1971-m.png\" title=\"Mundial de Motociclismo - 1971\" alt=\"\u00c1ngel Nieto compitiendo en la categor\u00eda de 125cc\" class=\"img-mov\" \/>\n                <\/li>\n<li data-date=\"01\/01\/1972\">\n<div class=\"h-1972\">\n<p class=\"fecha\">1972<\/p>\n<p>\u00c1ngel Nieto, en el apogeo de su carrera, se hace con los t\u00edtulos mundiales de 50cc y 125cc contando con el patrocinio de Repsol.<\/p>\n<\/p><\/div>\n<p>                    <img decoding=\"async\" src=\"https:\/\/www.boxrepsol.com\/wp-content\/themes\/theme-boxrepsol-child\/static\/infografias\/historia-mundial\/hito-1972.png\" title=\"Mundial de Motociclismo - 1972\" alt=\"\u00c1ngel Nieto compitiendo en la categor\u00eda 50cc y 125cc\"   class=\"img-des\" \/><br \/>\n                    <img decoding=\"async\" src=\"https:\/\/www.boxrepsol.com\/wp-content\/themes\/theme-boxrepsol-child\/static\/infografias\/historia-mundial\/hito-1972-m.png\" title=\"Mundial de Motociclismo - 1972\" alt=\"\u00c1ngel Nieto compitiendo en la categor\u00eda 50cc y 125cc\" class=\"img-mov\" \/>\n                <\/li>\n<li data-date=\"01\/01\/1988\">\n<div class=\"h-1988\">\n<p class=\"fecha\">1988<\/p>\n<p>Repsol celebra los t\u00edtulos de Jorge Mart\u00ednez Aspar en las categor\u00edas de 80cc y 125cc. Adem\u00e1s, ese mismo a\u00f1o Sito Pons consigue el Campeonato de 250cc luciendo los colores de Campsa.<\/p>\n<\/p><\/div>\n<p>                    <img decoding=\"async\" src=\"https:\/\/www.boxrepsol.com\/wp-content\/themes\/theme-boxrepsol-child\/static\/infografias\/historia-mundial\/hito-1988.png\" title=\"Mundial de Motociclismo - 1988\" alt=\"Jorge Mart\u00ednez Aspar compitiendo en las categor\u00edas 80cc y 125cc, y Sito Pons compitiendo en la categor\u00eda 250cc\"   class=\"img-des\" \/><br \/>\n                    <img decoding=\"async\" src=\"https:\/\/www.boxrepsol.com\/wp-content\/themes\/theme-boxrepsol-child\/static\/infografias\/historia-mundial\/hito-1988-m.png\" title=\"Mundial de Motociclismo - 1988\" alt=\"Jorge Mart\u00ednez Aspar compitiendo en las categor\u00edas 80cc y 125cc, y Sito Pons compitiendo en la categor\u00eda 250cc\" class=\"img-mov\" \/>\n                <\/li>\n<li data-date=\"01\/01\/1989\">\n<div class=\"h-1989\">\n<p class=\"fecha\">1989<\/p>\n<p>\u00c1lex Crivill\u00e9 gana el mundial de 125cc. As\u00ed comienza su escalada a categor\u00edas superiores siempre acompa\u00f1ado por el patrocinio de Repsol.<\/p>\n<\/p><\/div>\n<p>                    <img decoding=\"async\" src=\"https:\/\/www.boxrepsol.com\/wp-content\/themes\/theme-boxrepsol-child\/static\/infografias\/historia-mundial\/hito-1989.png\" title=\"Mundial de Motociclismo - 1989\" alt=\"\u00c1lex Crivill\u00e9 compitiendo en la categor\u00eda 125cc\"   class=\"img-des\" \/><br \/>\n                    <img decoding=\"async\" src=\"https:\/\/www.boxrepsol.com\/wp-content\/themes\/theme-boxrepsol-child\/static\/infografias\/historia-mundial\/hito-1989-m.png\" title=\"Mundial de Motociclismo - 1989\" alt=\"\u00c1lex Crivill\u00e9 compitiendo en la categor\u00eda 125cc\" class=\"img-mov\" \/>\n                <\/li>\n<li data-date=\"01\/01\/1995\">\n<div class=\"h-1995\">\n<p class=\"fecha\">1995<\/p>\n<p>Nace el Equipo Repsol Honda, y con Mick Doohan se desarrolla una era hegem\u00f3nica en la m\u00e1xima categor\u00eda del Campeonato del Mundo. Gana 4 mundiales consecutivos de la mano de Repsol.<\/p>\n<\/p><\/div>\n<p>                    <img decoding=\"async\" src=\"https:\/\/www.boxrepsol.com\/wp-content\/themes\/theme-boxrepsol-child\/static\/infografias\/historia-mundial\/hito-1995.png\" title=\"Mundial de Motociclismo - 1995\" alt=\"Mick Doohan compitiendo en la m\u00e1xima categor\u00eda del Campeonato del Mundo\"   class=\"img-des\" \/><br \/>\n                    <img decoding=\"async\" src=\"https:\/\/www.boxrepsol.com\/wp-content\/themes\/theme-boxrepsol-child\/static\/infografias\/historia-mundial\/hito-1995-m.png\" title=\"Mundial de Motociclismo - 1995\" alt=\"Mick Doohan compitiendo en la m\u00e1xima categor\u00eda del Campeonato del Mundo\" class=\"img-mov\" \/>\n                <\/li>\n<li data-date=\"01\/01\/1999\">\n<div class=\"h-1999\">\n<p class=\"fecha\">1999<\/p>\n<p>El espa\u00f1ol Alex Crivill\u00e9 hace historia: Se convierte en el primer Espa\u00f1ol en ganar el Mundial de 500cc. Emilio Alzamora logra el Mundial de 125cc en Buenos Aires con Repsol.<\/p>\n<\/p><\/div>\n<p>                    <img decoding=\"async\" src=\"https:\/\/www.boxrepsol.com\/wp-content\/themes\/theme-boxrepsol-child\/static\/infografias\/historia-mundial\/hito-1999.png\" title=\"Mundial de Motociclismo - 1999\" alt=\"Alex Crivill\u00e9 compitiendo en la categor\u00eda 500cc y Emilio Alzamora compitiendo en la categor\u00eda 125cc\"   class=\"img-des\" \/><br \/>\n                    <img decoding=\"async\" src=\"https:\/\/www.boxrepsol.com\/wp-content\/themes\/theme-boxrepsol-child\/static\/infografias\/historia-mundial\/hito-1999-m.png\" title=\"Mundial de Motociclismo - 1999\" alt=\"Alex Crivill\u00e9 compitiendo en la categor\u00eda 500cc y Emilio Alzamora compitiendo en la categor\u00eda 125cc\" class=\"img-mov\" \/>\n                <\/li>\n<li data-date=\"01\/01\/2001\">\n<div class=\"h-2001\">\n<p class=\"fecha\">2001<\/p>\n<p>Rossi gana el \u00faltimo mundial de la era 500cc y 2 tiempos, con Repsol. Se avecinan los tiempos MotoGP, y Repsol estar\u00e1 presente como un actor clave en los a\u00f1os venideros.<\/p>\n<\/p><\/div>\n<p>                    <img decoding=\"async\" src=\"https:\/\/www.boxrepsol.com\/wp-content\/themes\/theme-boxrepsol-child\/static\/infografias\/historia-mundial\/hito-2001_new.png\"title=\"Mundial de Motociclismo - 2001\"  alt=\"Valentino Rossi compitiendo en la categor\u00eda 500cc\"   class=\"img-des\" \/><br \/>\n                    <img decoding=\"async\" src=\"https:\/\/www.boxrepsol.com\/wp-content\/themes\/theme-boxrepsol-child\/static\/infografias\/historia-mundial\/hito-2001-m_new.png\" title=\"Mundial de Motociclismo - 2001\" alt=\"Valentino Rossi compitiendo en la categor\u00eda 500cc\" class=\"img-mov\" \/>\n                <\/li>\n<li data-date=\"01\/01\/2002\">\n<div class=\"h-2002\">\n<p class=\"fecha\">2002<\/p>\n<p>En el primer a\u00f1o de MotoGP, Rossi se proclama Campe\u00f3n con el Equipo Repsol Honda, a los mandos de la honda RC211V.<\/p>\n<\/p><\/div>\n<p>                    <img decoding=\"async\" src=\"https:\/\/www.boxrepsol.com\/wp-content\/themes\/theme-boxrepsol-child\/static\/infografias\/historia-mundial\/hito-2002.png\" title=\"Mundial de Motociclismo - 2002\" alt=\"Valentino Rossi compitiendo en la categor\u00eda MotoGP\"   class=\"img-des\" \/><br \/>\n                    <img decoding=\"async\" src=\"https:\/\/www.boxrepsol.com\/wp-content\/themes\/theme-boxrepsol-child\/static\/infografias\/historia-mundial\/hito-2002-m.png\" title=\"Mundial de Motociclismo - 2002\" alt=\"Valentino Rossi compitiendo en la categor\u00eda MotoGP\" class=\"img-mov\" \/>\n                <\/li>\n<li data-date=\"01\/01\/2003\">\n<div class=\"h-2003\">\n<p class=\"fecha\">2003<\/p>\n<p>Rossi y el Equipo Repsol Honda repiten \u00e9xito en 2003, la misma temporada en la que tambi\u00e9n junto con Honda y Repsol un jovenc\u00edsimo Dani Pedrosa se hace con el t\u00edtulo de 125cc.<\/p>\n<\/p><\/div>\n<p>                    <img decoding=\"async\" src=\"https:\/\/www.boxrepsol.com\/wp-content\/themes\/theme-boxrepsol-child\/static\/infografias\/historia-mundial\/hito-2003_new.png\" title=\"Mundial de Motociclismo - 2003\" alt=\"Dani Pedrosa compitiendo en la categor\u00eda 125cc\"   class=\"img-des\" \/><br \/>\n                    <img decoding=\"async\" src=\"https:\/\/www.boxrepsol.com\/wp-content\/themes\/theme-boxrepsol-child\/static\/infografias\/historia-mundial\/hito-2003-m_new.png\" title=\"Mundial de Motociclismo - 2003\" alt=\"Dani Pedrosa compitiendo en la categor\u00eda 125cc\" class=\"img-mov\" \/>\n                <\/li>\n<li data-date=\"01\/01\/2005\">\n<div class=\"h-2005\">\n<p class=\"fecha\">2005<\/p>\n<p>El palmar\u00e9s del equipo Repsol sigue creciendo con el segundo campeonato de Pedrosa en 250cc. Se comienza a vislumbrar una estrella en ciernes que a d\u00eda de hoy tiene mucho que ofrecer.<\/p>\n<\/p><\/div>\n<p>                    <img decoding=\"async\" src=\"https:\/\/www.boxrepsol.com\/wp-content\/themes\/theme-boxrepsol-child\/static\/infografias\/historia-mundial\/hito-2005.png\" title=\"Mundial de Motociclismo - 2005\" alt=\"Dani Pedrosa compitiendo en la categor\u00eda 250cc\"   class=\"img-des\" \/><br \/>\n                    <img decoding=\"async\" src=\"https:\/\/www.boxrepsol.com\/wp-content\/themes\/theme-boxrepsol-child\/static\/infografias\/historia-mundial\/hito-2005-m.png\" title=\"Mundial de Motociclismo - 2005\" alt=\"Dani Pedrosa compitiendo en la categor\u00eda 250cc\" class=\"img-mov\" \/>\n                <\/li>\n<li data-date=\"01\/01\/2006\">\n<div class=\"h-2006\">\n<p class=\"fecha\">2006<\/p>\n<p>Nicky Hayden, en apretada lucha con Valentino Rossi, se hace con su primer t\u00edtulo de MotoGP, coincidiendo con el \u00faltimo campeonato con motos de 990cc. Un a\u00f1o para el recuerdo ya que tambi\u00e9n supuso el debut de Dani Pedrosa en la categor\u00eda reina.<\/p>\n<\/p><\/div>\n<p>                    <img decoding=\"async\" src=\"https:\/\/www.boxrepsol.com\/wp-content\/themes\/theme-boxrepsol-child\/static\/infografias\/historia-mundial\/hito-2006.png\" title=\"Mundial de Motociclismo - 2006\" alt=\"Nicky Hayden compitiendo en la categor\u00eda 990cc\"   class=\"img-des\" \/><br \/>\n                    <img decoding=\"async\" src=\"https:\/\/www.boxrepsol.com\/wp-content\/themes\/theme-boxrepsol-child\/static\/infografias\/historia-mundial\/hito-2006-m.png\" title=\"Mundial de Motociclismo - 2006\" alt=\"Nicky Hayden compitiendo en la categor\u00eda 990cc\" class=\"img-mov\" \/>\n                <\/li>\n<li data-date=\"01\/01\/2010\">\n<div class=\"h-2010\">\n<p class=\"fecha\">2010<\/p>\n<p>Marc M\u00e1rquez entra en el Olimpo de los Campeones conquistando el t\u00edtulo de 125cc con el patrocinio de Repsol, una uni\u00f3n que durar\u00e1 hasta d\u00eda de hoy y dar\u00e1 como fruto muchos \u00e9xitos venideros.<\/p>\n<\/p><\/div>\n<p>                    <img decoding=\"async\" src=\"https:\/\/www.boxrepsol.com\/wp-content\/themes\/theme-boxrepsol-child\/static\/infografias\/historia-mundial\/hito-2010.png\" title=\"Mundial de Motociclismo - 2010\" alt=\"Marc M\u00e1rquez compitiendo en la categor\u00eda 125cc\"   class=\"img-des\" \/><br \/>\n                    <img decoding=\"async\" src=\"https:\/\/www.boxrepsol.com\/wp-content\/themes\/theme-boxrepsol-child\/static\/infografias\/historia-mundial\/hito-2010-m.png\" title=\"Mundial de Motociclismo - 2010\" alt=\"Marc M\u00e1rquez compitiendo en la categor\u00eda 125cc\" class=\"img-mov\" \/>\n                <\/li>\n<li data-date=\"01\/01\/2011\">\n<div class=\"h-2011\">\n<p class=\"fecha\">2011<\/p>\n<p>Los colores Repsol vuelven a lo m\u00e1s alto del Mundial de Motociclismo de la mano del australiano Casey Stoner, quien se hace con el t\u00edtulo de MotoGP sobre una Honda RC212V.<\/p>\n<\/p><\/div>\n<p>                    <img decoding=\"async\" src=\"https:\/\/www.boxrepsol.com\/wp-content\/themes\/theme-boxrepsol-child\/static\/infografias\/historia-mundial\/hito-2011.png\" title=\"Mundial de Motociclismo - 2011\" alt=\"Casey Stoner compitiendo en la categor\u00eda MotoGP\"   class=\"img-des\" \/><br \/>\n                    <img decoding=\"async\" src=\"https:\/\/www.boxrepsol.com\/wp-content\/themes\/theme-boxrepsol-child\/static\/infografias\/historia-mundial\/hito-2011-m.png\" title=\"Mundial de Motociclismo - 2011\" alt=\"Casey Stoner compitiendo en la categor\u00eda MotoGP\" class=\"img-mov\" \/>\n                <\/li>\n<li data-date=\"01\/01\/2012\">\n<div class=\"h-2012\">\n<p class=\"fecha\">2012<\/p>\n<p>Marc M\u00e1rquez se proclama Campe\u00f3n del Mundo de Moto2. El mundo celebra la pr\u00f3xima ascensi\u00f3n del piloto m\u00e1s prometedor a MotoGP de la mano de Repsol.<\/p>\n<\/p><\/div>\n<p>                    <img decoding=\"async\" src=\"https:\/\/www.boxrepsol.com\/wp-content\/themes\/theme-boxrepsol-child\/static\/infografias\/historia-mundial\/hito-2012.png\" title=\"Mundial de Motociclismo - 2012\" alt=\"Marc M\u00e1rquez compitiendo en la categor\u00eda Moto2\"   class=\"img-des\" \/><br \/>\n                    <img decoding=\"async\" src=\"https:\/\/www.boxrepsol.com\/wp-content\/themes\/theme-boxrepsol-child\/static\/infografias\/historia-mundial\/hito-2012-m.png\" title=\"Mundial de Motociclismo - 2012\" alt=\"Marc M\u00e1rquez compitiendo en la categor\u00eda Moto2\" class=\"img-mov\" \/>\n                <\/li>\n<li data-date=\"01\/01\/2013\">\n<div class=\"h-2013\">\n<p class=\"fecha\">2013<\/p>\n<p>Marc M\u00e1rquez se proclama Campe\u00f3n del Mundo de MotoGP m\u00e1s joven de la historia. Comienza la era M\u00e1rquez, una etapa sin final a la vista, recubierta por los colores del equipo Repsol.<\/p>\n<\/p><\/div>\n<p>                    <img decoding=\"async\" src=\"https:\/\/www.boxrepsol.com\/wp-content\/themes\/theme-boxrepsol-child\/static\/infografias\/historia-mundial\/hito-2013.png\" title=\"Mundial de Motociclismo - 2013\" alt=\"Marc M\u00e1rquez compitiendo en la categor\u00eda MotoGP\"   class=\"img-des\" \/><br \/>\n                    <img decoding=\"async\" src=\"https:\/\/www.boxrepsol.com\/wp-content\/themes\/theme-boxrepsol-child\/static\/infografias\/historia-mundial\/hito-2013-m.png\" title=\"Mundial de Motociclismo - 2013\" alt=\"Marc M\u00e1rquez compitiendo en la categor\u00eda MotoGP\" class=\"img-mov\" \/>\n                <\/li>\n<li data-date=\"01\/01\/2014\">\n<div class=\"h-2014\">\n<p class=\"fecha\">2014<\/p>\n<p>Marc M\u00e1rquez sigue rompiendo r\u00e9cords convirti\u00e9ndose en bicampe\u00f3n del Mundo de MotoGP. Su hermano \u00c1lex M\u00e1rquez se proclama Campe\u00f3n del Mundo de Moto3 con Repsol.<\/p>\n<\/p><\/div>\n<p>                    <img decoding=\"async\" src=\"https:\/\/www.boxrepsol.com\/wp-content\/themes\/theme-boxrepsol-child\/static\/infografias\/historia-mundial\/hito-2014.png\" title=\"Mundial de Motociclismo - 2014\" alt=\"Marc M\u00e1rquez junto a su hermano, \u00c1lex M\u00e1rquez\"   class=\"img-des\" \/><br \/>\n                    <img decoding=\"async\" src=\"https:\/\/www.boxrepsol.com\/wp-content\/themes\/theme-boxrepsol-child\/static\/infografias\/historia-mundial\/hito-2014-m.png\" title=\"Mundial de Motociclismo - 2014\" alt=\"Marc M\u00e1rquez junto a su hermano, \u00c1lex M\u00e1rquez\" class=\"img-mov\" \/>\n                <\/li>\n<li data-date=\"01\/01\/2016\">\n<div class=\"h-2016\">\n<p class=\"fecha\">2016<\/p>\n<p><strong>Marc M\u00e1rquez logra su 5\u00ba Mundial en todas las categor\u00edas<\/strong>, el 3\u00ba en MotoGP. <strong><span class=\"naranja\">Es el pentacampe\u00f3n m\u00e1s joven de la historia<\/span><\/strong> y es un logro que ha conseguido junto a Repsol.<\/p>\n<\/p><\/div>\n<p>                    <img decoding=\"async\" src=\"https:\/\/www.boxrepsol.com\/wp-content\/themes\/theme-boxrepsol-child\/static\/infografias\/historia-mundial\/hito-2016.png\" title=\"Mundial de Motociclismo - 2016\" alt=\"Marc M\u00e1rquez, el pentacampe\u00f3n m\u00e1s joven de la historia, compitiendo en la categor\u00eda MotoGP\"   class=\"img-des\" \/><br \/>\n                    <img decoding=\"async\" src=\"https:\/\/www.boxrepsol.com\/wp-content\/themes\/theme-boxrepsol-child\/static\/infografias\/historia-mundial\/hito-2016-m.png\" title=\"Mundial de Motociclismo - 2016\" alt=\"Marc M\u00e1rquez, el pentacampe\u00f3n m\u00e1s joven de la historia, compitiendo en la categor\u00eda MotoGP\" class=\"img-mov\" \/>\n                <\/li>\n<li data-date=\"01\/01\/2017\">\n<div class=\"h-2017\">\n<p class=\"fecha\">2017<\/p>\n<p><strong>Marc M\u00e1rquez logra su 6\u00ba Mundial junto a Repsol<\/strong>, consolid\u00e1ndose como el piloto m\u00e1s dominante de su tiempo.<\/p>\n<\/p><\/div>\n<p>                    <img decoding=\"async\" src=\"https:\/\/www.boxrepsol.com\/wp-content\/themes\/theme-boxrepsol-child\/static\/infografias\/historia-mundial\/hito-2017.png\" title=\"Mundial de Motociclismo - 2016\" alt=\"Marc M\u00e1rquez, el pentacampe\u00f3n m\u00e1s joven de la historia, compitiendo en la categor\u00eda MotoGP\"   class=\"img-des\" \/><br \/>\n                    <img decoding=\"async\" src=\"https:\/\/www.boxrepsol.com\/wp-content\/themes\/theme-boxrepsol-child\/static\/infografias\/historia-mundial\/hito-2017-m.png\" title=\"Mundial de Motociclismo - 2016\" alt=\"Marc M\u00e1rquez, el pentacampe\u00f3n m\u00e1s joven de la historia, compitiendo en la categor\u00eda MotoGP\" class=\"img-mov\" \/>\n                <\/li>\n<li data-date=\"01\/01\/2018\">\n<div class=\"h-2018\">\n<p class=\"fecha\">2018<\/p>\n<p>El de Cervera gana por tercer a\u00f1o consecutivo, logrando cinco coronas en los seis a\u00f1os que ha competido en la Categor\u00eda Reina, todo ello con el apoyo de Repsol.<\/p>\n<\/p><\/div>\n<p>                    <img decoding=\"async\" src=\"https:\/\/www.boxrepsol.com\/wp-content\/themes\/theme-boxrepsol-child\/static\/infografias\/historia-mundial\/hito-2018.png\" title=\"Mundial de Motociclismo - 2016\" alt=\"Marc M\u00e1rquez, el pentacampe\u00f3n m\u00e1s joven de la historia, compitiendo en la categor\u00eda MotoGP\"   class=\"img-des\" \/><br \/>\n                    <img decoding=\"async\" src=\"https:\/\/www.boxrepsol.com\/wp-content\/themes\/theme-boxrepsol-child\/static\/infografias\/historia-mundial\/hito-2018-m.png\" title=\"Mundial de Motociclismo - 2016\" alt=\"Marc M\u00e1rquez, el pentacampe\u00f3n m\u00e1s joven de la historia, compitiendo en la categor\u00eda MotoGP\" class=\"img-mov\" \/>\n                <\/li>\n<li data-date=\"01\/01\/2019\">\n<div class=\"h-2018\">\n<p class=\"fecha\">2019<\/p>\n<p>Dominio indiscutible de Marc M\u00e1rquez en las pistas de MotoGP. El de Cervera se embols\u00f3 su 8\u00ba Mundial tras conseguir batir el r\u00e9cord de puntuaci\u00f3n en una temporada con 420 puntos.<\/p>\n<\/p><\/div>\n<\/li>\n<\/ol><\/div>\n<p> <!-- .events-content --><\/p>\n<div class=\"timeline\">\n<div class=\"events-wrapper\">\n<div class=\"events\">\n<ol>\n<li><a href=\"#0\" data-date=\"01\/01\/1971\" class=\"a-1971 selected\" title=\"1971\"><span>1971<\/span><\/a><\/li>\n<li><a href=\"#0\" data-date=\"01\/01\/1972\" class=\"a-1972\" title=\"1972\"><span>1972<\/span><\/a><\/li>\n<li><a href=\"#0\" data-date=\"01\/01\/1988\" class=\"a-1988\" title=\"1988\"><span>1988<\/span><\/a><\/li>\n<li><a href=\"#0\" data-date=\"01\/01\/1989\" class=\"a-1989\" title=\"1989\"><span>1989<\/span><\/a><\/li>\n<li><a href=\"#0\" data-date=\"01\/01\/1995\" class=\"a-1995\" title=\"1995\"><span>1995<\/span><\/a><\/li>\n<li><a href=\"#0\" data-date=\"01\/01\/1999\" class=\"a-1999\" title=\"1999\"><span>1999<\/span><\/a><\/li>\n<li><a href=\"#0\" data-date=\"01\/01\/2001\" class=\"a-2001\" title=\"2001\"><span>2001<\/span><\/a><\/li>\n<li><a href=\"#0\" data-date=\"01\/01\/2002\" class=\"a-2002\" title=\"2002\"><span>2002<\/span><\/a><\/li>\n<li><a href=\"#0\" data-date=\"01\/01\/2003\" class=\"a-2003\" title=\"2003\"><span>2003<\/span><\/a><\/li>\n<li><a href=\"#0\" data-date=\"01\/01\/2005\" class=\"a-2005\" title=\"2005\"><span>2005<\/span><\/a><\/li>\n<li><a href=\"#0\" data-date=\"01\/01\/2006\" class=\"a-2006\" title=\"2006\"><span>2006<\/span><\/a><\/li>\n<li><a href=\"#0\" data-date=\"01\/01\/2010\" class=\"a-2010\" title=\"2010\"><span>2010<\/span><\/a><\/li>\n<li><a href=\"#0\" data-date=\"01\/01\/2011\" class=\"a-2011\" title=\"2011\"><span>2011<\/span><\/a><\/li>\n<li><a href=\"#0\" data-date=\"01\/01\/2012\" class=\"a-2012\" title=\"2012\"><span>2012<\/span><\/a><\/li>\n<li><a href=\"#0\" data-date=\"01\/01\/2013\" class=\"a-2013\" title=\"2013\"><span>2013<\/span><\/a><\/li>\n<li><a href=\"#0\" data-date=\"01\/01\/2014\" class=\"a-2014\" title=\"2014\"><span>2014<\/span><\/a><\/li>\n<li><a href=\"#0\" data-date=\"01\/01\/2016\" class=\"a-2016\" title=\"2016\"><span>2016<\/span><\/a><\/li>\n<li><a href=\"#0\" data-date=\"01\/01\/2017\" class=\"a-2017\" title=\"2017\"><span>2017<\/span><\/a><\/li>\n<li><a href=\"#0\" data-date=\"01\/01\/2018\" class=\"a-2018\" title=\"2018\"><span>2018<\/span><\/a><\/li>\n<li><a href=\"#0\" data-date=\"01\/01\/2019\" class=\"a-2019\"  title=\"2019\"><span>2019<\/span><\/a><\/li>\n<\/ol>\n<p>                    <span class=\"filling-line\" aria-hidden=\"true\"><\/span>\n                <\/div>\n<p> <!-- .events -->\n            <\/div>\n<p> <!-- .events-wrapper --><\/p>\n<ul class=\"cd-timeline-navigation\">\n<li><a href=\"#0\" class=\"prev inactive\">Prev<\/a><\/li>\n<li><a href=\"#0\" class=\"next\">Next<\/a><\/li>\n<\/ul>\n<p> <!-- .cd-timeline-navigation -->\n        <\/div>\n<p> <!-- .timeline --><br \/>\n    <\/section>\n<\/p><\/div>\n","protected":false},"excerpt":{"rendered":"<p>Repsol comienza su andadura en el Mundial de Motociclismo en 1971.<\/p>\n","protected":false},"author":43146,"featured_media":86201,"comment_status":"open","ping_status":"open","sticky":false,"template":"","format":"standard","meta":{"footnotes":""},"categories":[4],"tags":[158],"class_list":["post-90064","post","type-post","status-publish","format-standard","hentry","category-motogp","tag-repsol"],"yoast_head":"<!-- This site is optimized with the Yoast SEO plugin v27.3 - https:\/\/yoast.com\/product\/yoast-seo-wordpress\/ -->\n<title>Repsol una historia de \u00e9xitos en el mundial victoria a victoria - Box Repsol<\/title>\n<meta name=\"description\" content=\"Repsol comienza su andadura en el Mundial de Motociclimso en 1971. Repasa con nosotros la historia de las victorias de Repsol en el Mundial de Motociclismo.\" \/>\n<link rel=\"canonical\" href=\"https:\/\/www.boxrepsol.com\/es\/motogp\/repsol-una-historia-exitos\/\" \/>\n<meta property=\"og:locale\" content=\"es_ES\" \/>\n<meta property=\"og:type\" content=\"article\" \/>\n<meta property=\"og:title\" content=\"Repsol una historia de \u00e9xitos en el mundial victoria a victoria - Box Repsol\" \/>\n<meta property=\"og:description\" content=\"Repsol comienza su andadura en el Mundial de Motociclimso en 1971. Repasa con nosotros la historia de las victorias de Repsol en el Mundial de Motociclismo.\" \/>\n<meta property=\"og:url\" content=\"https:\/\/www.boxrepsol.com\/es\/motogp\/repsol-una-historia-exitos\/\" \/>\n<meta property=\"og:site_name\" content=\"Box Repsol\" \/>\n<meta property=\"article:publisher\" content=\"https:\/\/www.facebook.com\/BoxRepsol\" \/>\n<meta property=\"article:author\" content=\"https:\/\/www.facebook.com\/BoxRepsol\/\" \/>\n<meta property=\"article:published_time\" content=\"2017-03-02T02:00:00+00:00\" \/>\n<meta property=\"article:modified_time\" content=\"2024-05-15T08:30:21+00:00\" \/>\n<meta property=\"og:image\" content=\"https:\/\/www.boxrepsol.com\/wp-content\/uploads\/2022\/08\/historia.jpg\" \/>\n\t<meta property=\"og:image:width\" content=\"768\" \/>\n\t<meta property=\"og:image:height\" content=\"435\" \/>\n\t<meta property=\"og:image:type\" content=\"image\/jpeg\" \/>\n<meta name=\"author\" content=\"Redacci\u00f3n Box Repsol\" \/>\n<meta name=\"twitter:card\" content=\"summary_large_image\" \/>\n<meta name=\"twitter:creator\" content=\"@https:\/\/twitter.com\/box_repsol\" \/>\n<meta name=\"twitter:site\" content=\"@box_repsol\" \/>\n<meta name=\"twitter:label1\" content=\"Written by\" \/>\n\t<meta name=\"twitter:data1\" content=\"Redacci\u00f3n Box Repsol\" \/>\n\t<meta name=\"twitter:label2\" content=\"Est. reading time\" \/>\n\t<meta name=\"twitter:data2\" content=\"3 minutos\" \/>\n<script type=\"application\/ld+json\" class=\"yoast-schema-graph\">{\"@context\":\"https:\\\/\\\/schema.org\",\"@graph\":[{\"@type\":\"Article\",\"@id\":\"https:\\\/\\\/www.boxrepsol.com\\\/es\\\/motogp\\\/repsol-una-historia-exitos\\\/#article\",\"isPartOf\":{\"@id\":\"https:\\\/\\\/www.boxrepsol.com\\\/es\\\/motogp\\\/repsol-una-historia-exitos\\\/\"},\"author\":{\"name\":\"Redacci\u00f3n Box Repsol\",\"@id\":\"https:\\\/\\\/www.boxrepsol.com\\\/es\\\/#\\\/schema\\\/person\\\/c5c2138f2cca251b0ad92b7086bb60b7\"},\"headline\":\"Repsol, una historia de \u00e9xitos\",\"datePublished\":\"2017-03-02T02:00:00+00:00\",\"dateModified\":\"2024-05-15T08:30:21+00:00\",\"mainEntityOfPage\":{\"@id\":\"https:\\\/\\\/www.boxrepsol.com\\\/es\\\/motogp\\\/repsol-una-historia-exitos\\\/\"},\"wordCount\":659,\"commentCount\":0,\"publisher\":{\"@id\":\"https:\\\/\\\/www.boxrepsol.com\\\/es\\\/#organization\"},\"image\":{\"@id\":\"https:\\\/\\\/www.boxrepsol.com\\\/es\\\/motogp\\\/repsol-una-historia-exitos\\\/#primaryimage\"},\"thumbnailUrl\":\"https:\\\/\\\/www.boxrepsol.com\\\/wp-content\\\/uploads\\\/2022\\\/08\\\/historia.jpg\",\"keywords\":[\"Repsol\"],\"articleSection\":[\"MotoGP\"],\"inLanguage\":\"es\",\"potentialAction\":[{\"@type\":\"CommentAction\",\"name\":\"Comment\",\"target\":[\"https:\\\/\\\/www.boxrepsol.com\\\/es\\\/motogp\\\/repsol-una-historia-exitos\\\/#respond\"]}]},{\"@type\":\"WebPage\",\"@id\":\"https:\\\/\\\/www.boxrepsol.com\\\/es\\\/motogp\\\/repsol-una-historia-exitos\\\/\",\"url\":\"https:\\\/\\\/www.boxrepsol.com\\\/es\\\/motogp\\\/repsol-una-historia-exitos\\\/\",\"name\":\"Repsol una historia de \u00e9xitos en el mundial victoria a victoria - Box Repsol\",\"isPartOf\":{\"@id\":\"https:\\\/\\\/www.boxrepsol.com\\\/es\\\/#website\"},\"primaryImageOfPage\":{\"@id\":\"https:\\\/\\\/www.boxrepsol.com\\\/es\\\/motogp\\\/repsol-una-historia-exitos\\\/#primaryimage\"},\"image\":{\"@id\":\"https:\\\/\\\/www.boxrepsol.com\\\/es\\\/motogp\\\/repsol-una-historia-exitos\\\/#primaryimage\"},\"thumbnailUrl\":\"https:\\\/\\\/www.boxrepsol.com\\\/wp-content\\\/uploads\\\/2022\\\/08\\\/historia.jpg\",\"datePublished\":\"2017-03-02T02:00:00+00:00\",\"dateModified\":\"2024-05-15T08:30:21+00:00\",\"description\":\"Repsol comienza su andadura en el Mundial de Motociclimso en 1971. Repasa con nosotros la historia de las victorias de Repsol en el Mundial de Motociclismo.\",\"breadcrumb\":{\"@id\":\"https:\\\/\\\/www.boxrepsol.com\\\/es\\\/motogp\\\/repsol-una-historia-exitos\\\/#breadcrumb\"},\"inLanguage\":\"es\",\"potentialAction\":[{\"@type\":\"ReadAction\",\"target\":[\"https:\\\/\\\/www.boxrepsol.com\\\/es\\\/motogp\\\/repsol-una-historia-exitos\\\/\"]}]},{\"@type\":\"ImageObject\",\"inLanguage\":\"es\",\"@id\":\"https:\\\/\\\/www.boxrepsol.com\\\/es\\\/motogp\\\/repsol-una-historia-exitos\\\/#primaryimage\",\"url\":\"https:\\\/\\\/www.boxrepsol.com\\\/wp-content\\\/uploads\\\/2022\\\/08\\\/historia.jpg\",\"contentUrl\":\"https:\\\/\\\/www.boxrepsol.com\\\/wp-content\\\/uploads\\\/2022\\\/08\\\/historia.jpg\",\"width\":768,\"height\":435,\"caption\":\"Fotos vintage de \u00c1ngel Nieto\"},{\"@type\":\"BreadcrumbList\",\"@id\":\"https:\\\/\\\/www.boxrepsol.com\\\/es\\\/motogp\\\/repsol-una-historia-exitos\\\/#breadcrumb\",\"itemListElement\":[{\"@type\":\"ListItem\",\"position\":1,\"name\":\"Home\",\"item\":\"https:\\\/\\\/www.boxrepsol.com\\\/es\\\/\"},{\"@type\":\"ListItem\",\"position\":2,\"name\":\"Repsol, una historia de \u00e9xitos\"}]},{\"@type\":\"WebSite\",\"@id\":\"https:\\\/\\\/www.boxrepsol.com\\\/es\\\/#website\",\"url\":\"https:\\\/\\\/www.boxrepsol.com\\\/es\\\/\",\"name\":\"Box Repsol\",\"description\":\"Box Repsol Site\",\"publisher\":{\"@id\":\"https:\\\/\\\/www.boxrepsol.com\\\/es\\\/#organization\"},\"potentialAction\":[{\"@type\":\"SearchAction\",\"target\":{\"@type\":\"EntryPoint\",\"urlTemplate\":\"https:\\\/\\\/www.boxrepsol.com\\\/es\\\/?s={search_term_string}\"},\"query-input\":{\"@type\":\"PropertyValueSpecification\",\"valueRequired\":true,\"valueName\":\"search_term_string\"}}],\"inLanguage\":\"es\"},{\"@type\":\"Organization\",\"@id\":\"https:\\\/\\\/www.boxrepsol.com\\\/es\\\/#organization\",\"name\":\"Box Repsol\",\"url\":\"https:\\\/\\\/www.boxrepsol.com\\\/es\\\/\",\"logo\":{\"@type\":\"ImageObject\",\"inLanguage\":\"es\",\"@id\":\"https:\\\/\\\/www.boxrepsol.com\\\/es\\\/#\\\/schema\\\/logo\\\/image\\\/\",\"url\":\"https:\\\/\\\/bxrepsol.s3.eu-west-1.amazonaws.com\\\/static\\\/2025\\\/07\\\/30083337\\\/favicon-96x96-1.png\",\"contentUrl\":\"https:\\\/\\\/bxrepsol.s3.eu-west-1.amazonaws.com\\\/static\\\/2025\\\/07\\\/30083337\\\/favicon-96x96-1.png\",\"width\":96,\"height\":96,\"caption\":\"Box Repsol\"},\"image\":{\"@id\":\"https:\\\/\\\/www.boxrepsol.com\\\/es\\\/#\\\/schema\\\/logo\\\/image\\\/\"},\"sameAs\":[\"https:\\\/\\\/www.facebook.com\\\/BoxRepsol\",\"https:\\\/\\\/x.com\\\/box_repsol\",\"http:\\\/\\\/instagram.com\\\/box_repsol\",\"https:\\\/\\\/www.youtube.com\\\/user\\\/RepsolCompeticion\",\"https:\\\/\\\/www.flickr.com\\\/photos\\\/box_repsol\\\/\"]},{\"@type\":\"Person\",\"@id\":\"https:\\\/\\\/www.boxrepsol.com\\\/es\\\/#\\\/schema\\\/person\\\/c5c2138f2cca251b0ad92b7086bb60b7\",\"name\":\"Redacci\u00f3n Box Repsol\",\"image\":{\"@type\":\"ImageObject\",\"inLanguage\":\"es\",\"@id\":\"https:\\\/\\\/secure.gravatar.com\\\/avatar\\\/adf7b77e38b4419baf32c7e9c21dde01f4e40df611f0978e3006fc4ba0aaab7e?s=96&d=mm&r=g\",\"url\":\"https:\\\/\\\/secure.gravatar.com\\\/avatar\\\/adf7b77e38b4419baf32c7e9c21dde01f4e40df611f0978e3006fc4ba0aaab7e?s=96&d=mm&r=g\",\"contentUrl\":\"https:\\\/\\\/secure.gravatar.com\\\/avatar\\\/adf7b77e38b4419baf32c7e9c21dde01f4e40df611f0978e3006fc4ba0aaab7e?s=96&d=mm&r=g\",\"caption\":\"Redacci\u00f3n Box Repsol\"},\"description\":\"Box Repsol lo forma un equipo de periodistas, community managers, dise\u00f1adores y fot\u00f3grafos con m\u00e1s de 20 a\u00f1os de experiencia en el mundo del motorsport. Hemos vivido el primer mundial de un espa\u00f1ol en la categor\u00eda reina de motociclismo con \u00c1lex Crivill\u00e9, estuvimos en las victorias de Pedrosa y los t\u00edtulos de M\u00e1rquez, acompa\u00f1amos en \u00c1frica a Nani Roma y Marc Coma en sus conquistas del Dakar y hemos vibrado con los t\u00edtulos de Toni Bou en Trial. Adem\u00e1s, en nuestro equipo contamos con expertos en el mundo de las dos y cuatro ruedas tanto de la calle y las carreteras, como de los circuitos. Periodistas que han trabajado en revistas y publicaciones para hacerte llegar desde rutas y consejos de mantenimiento, a curiosidades y trucos de pilotaje.\",\"sameAs\":[\"https:\\\/\\\/www.facebook.com\\\/BoxRepsol\\\/\",\"https:\\\/\\\/www.instagram.com\\\/box_repsol\\\/\",\"https:\\\/\\\/x.com\\\/https:\\\/\\\/twitter.com\\\/box_repsol\",\"https:\\\/\\\/www.youtube.com\\\/@Boxrepsol\"],\"url\":\"https:\\\/\\\/www.boxrepsol.com\\\/es\\\/author\\\/redaccion-box-repsol\\\/\"}]}<\/script>\n<!-- \/ Yoast SEO plugin. -->","yoast_head_json":{"title":"Repsol una historia de \u00e9xitos en el mundial victoria a victoria - Box Repsol","description":"Repsol comienza su andadura en el Mundial de Motociclimso en 1971. Repasa con nosotros la historia de las victorias de Repsol en el Mundial de Motociclismo.","canonical":"https:\/\/www.boxrepsol.com\/es\/motogp\/repsol-una-historia-exitos\/","og_locale":"es_ES","og_type":"article","og_title":"Repsol una historia de \u00e9xitos en el mundial victoria a victoria - Box Repsol","og_description":"Repsol comienza su andadura en el Mundial de Motociclimso en 1971. Repasa con nosotros la historia de las victorias de Repsol en el Mundial de Motociclismo.","og_url":"https:\/\/www.boxrepsol.com\/es\/motogp\/repsol-una-historia-exitos\/","og_site_name":"Box Repsol","article_publisher":"https:\/\/www.facebook.com\/BoxRepsol","article_author":"https:\/\/www.facebook.com\/BoxRepsol\/","article_published_time":"2017-03-02T02:00:00+00:00","article_modified_time":"2024-05-15T08:30:21+00:00","og_image":[{"width":768,"height":435,"url":"https:\/\/www.boxrepsol.com\/wp-content\/uploads\/2022\/08\/historia.jpg","type":"image\/jpeg"}],"author":"Redacci\u00f3n Box Repsol","twitter_card":"summary_large_image","twitter_creator":"@https:\/\/twitter.com\/box_repsol","twitter_site":"@box_repsol","twitter_misc":{"Written by":"Redacci\u00f3n Box Repsol","Est. reading time":"3 minutos"},"schema":{"@context":"https:\/\/schema.org","@graph":[{"@type":"Article","@id":"https:\/\/www.boxrepsol.com\/es\/motogp\/repsol-una-historia-exitos\/#article","isPartOf":{"@id":"https:\/\/www.boxrepsol.com\/es\/motogp\/repsol-una-historia-exitos\/"},"author":{"name":"Redacci\u00f3n Box Repsol","@id":"https:\/\/www.boxrepsol.com\/es\/#\/schema\/person\/c5c2138f2cca251b0ad92b7086bb60b7"},"headline":"Repsol, una historia de \u00e9xitos","datePublished":"2017-03-02T02:00:00+00:00","dateModified":"2024-05-15T08:30:21+00:00","mainEntityOfPage":{"@id":"https:\/\/www.boxrepsol.com\/es\/motogp\/repsol-una-historia-exitos\/"},"wordCount":659,"commentCount":0,"publisher":{"@id":"https:\/\/www.boxrepsol.com\/es\/#organization"},"image":{"@id":"https:\/\/www.boxrepsol.com\/es\/motogp\/repsol-una-historia-exitos\/#primaryimage"},"thumbnailUrl":"https:\/\/www.boxrepsol.com\/wp-content\/uploads\/2022\/08\/historia.jpg","keywords":["Repsol"],"articleSection":["MotoGP"],"inLanguage":"es","potentialAction":[{"@type":"CommentAction","name":"Comment","target":["https:\/\/www.boxrepsol.com\/es\/motogp\/repsol-una-historia-exitos\/#respond"]}]},{"@type":"WebPage","@id":"https:\/\/www.boxrepsol.com\/es\/motogp\/repsol-una-historia-exitos\/","url":"https:\/\/www.boxrepsol.com\/es\/motogp\/repsol-una-historia-exitos\/","name":"Repsol una historia de \u00e9xitos en el mundial victoria a victoria - Box Repsol","isPartOf":{"@id":"https:\/\/www.boxrepsol.com\/es\/#website"},"primaryImageOfPage":{"@id":"https:\/\/www.boxrepsol.com\/es\/motogp\/repsol-una-historia-exitos\/#primaryimage"},"image":{"@id":"https:\/\/www.boxrepsol.com\/es\/motogp\/repsol-una-historia-exitos\/#primaryimage"},"thumbnailUrl":"https:\/\/www.boxrepsol.com\/wp-content\/uploads\/2022\/08\/historia.jpg","datePublished":"2017-03-02T02:00:00+00:00","dateModified":"2024-05-15T08:30:21+00:00","description":"Repsol comienza su andadura en el Mundial de Motociclimso en 1971. Repasa con nosotros la historia de las victorias de Repsol en el Mundial de Motociclismo.","breadcrumb":{"@id":"https:\/\/www.boxrepsol.com\/es\/motogp\/repsol-una-historia-exitos\/#breadcrumb"},"inLanguage":"es","potentialAction":[{"@type":"ReadAction","target":["https:\/\/www.boxrepsol.com\/es\/motogp\/repsol-una-historia-exitos\/"]}]},{"@type":"ImageObject","inLanguage":"es","@id":"https:\/\/www.boxrepsol.com\/es\/motogp\/repsol-una-historia-exitos\/#primaryimage","url":"https:\/\/www.boxrepsol.com\/wp-content\/uploads\/2022\/08\/historia.jpg","contentUrl":"https:\/\/www.boxrepsol.com\/wp-content\/uploads\/2022\/08\/historia.jpg","width":768,"height":435,"caption":"Fotos vintage de \u00c1ngel Nieto"},{"@type":"BreadcrumbList","@id":"https:\/\/www.boxrepsol.com\/es\/motogp\/repsol-una-historia-exitos\/#breadcrumb","itemListElement":[{"@type":"ListItem","position":1,"name":"Home","item":"https:\/\/www.boxrepsol.com\/es\/"},{"@type":"ListItem","position":2,"name":"Repsol, una historia de \u00e9xitos"}]},{"@type":"WebSite","@id":"https:\/\/www.boxrepsol.com\/es\/#website","url":"https:\/\/www.boxrepsol.com\/es\/","name":"Box Repsol","description":"Box Repsol Site","publisher":{"@id":"https:\/\/www.boxrepsol.com\/es\/#organization"},"potentialAction":[{"@type":"SearchAction","target":{"@type":"EntryPoint","urlTemplate":"https:\/\/www.boxrepsol.com\/es\/?s={search_term_string}"},"query-input":{"@type":"PropertyValueSpecification","valueRequired":true,"valueName":"search_term_string"}}],"inLanguage":"es"},{"@type":"Organization","@id":"https:\/\/www.boxrepsol.com\/es\/#organization","name":"Box Repsol","url":"https:\/\/www.boxrepsol.com\/es\/","logo":{"@type":"ImageObject","inLanguage":"es","@id":"https:\/\/www.boxrepsol.com\/es\/#\/schema\/logo\/image\/","url":"https:\/\/bxrepsol.s3.eu-west-1.amazonaws.com\/static\/2025\/07\/30083337\/favicon-96x96-1.png","contentUrl":"https:\/\/bxrepsol.s3.eu-west-1.amazonaws.com\/static\/2025\/07\/30083337\/favicon-96x96-1.png","width":96,"height":96,"caption":"Box Repsol"},"image":{"@id":"https:\/\/www.boxrepsol.com\/es\/#\/schema\/logo\/image\/"},"sameAs":["https:\/\/www.facebook.com\/BoxRepsol","https:\/\/x.com\/box_repsol","http:\/\/instagram.com\/box_repsol","https:\/\/www.youtube.com\/user\/RepsolCompeticion","https:\/\/www.flickr.com\/photos\/box_repsol\/"]},{"@type":"Person","@id":"https:\/\/www.boxrepsol.com\/es\/#\/schema\/person\/c5c2138f2cca251b0ad92b7086bb60b7","name":"Redacci\u00f3n Box Repsol","image":{"@type":"ImageObject","inLanguage":"es","@id":"https:\/\/secure.gravatar.com\/avatar\/adf7b77e38b4419baf32c7e9c21dde01f4e40df611f0978e3006fc4ba0aaab7e?s=96&d=mm&r=g","url":"https:\/\/secure.gravatar.com\/avatar\/adf7b77e38b4419baf32c7e9c21dde01f4e40df611f0978e3006fc4ba0aaab7e?s=96&d=mm&r=g","contentUrl":"https:\/\/secure.gravatar.com\/avatar\/adf7b77e38b4419baf32c7e9c21dde01f4e40df611f0978e3006fc4ba0aaab7e?s=96&d=mm&r=g","caption":"Redacci\u00f3n Box Repsol"},"description":"Box Repsol lo forma un equipo de periodistas, community managers, dise\u00f1adores y fot\u00f3grafos con m\u00e1s de 20 a\u00f1os de experiencia en el mundo del motorsport. Hemos vivido el primer mundial de un espa\u00f1ol en la categor\u00eda reina de motociclismo con \u00c1lex Crivill\u00e9, estuvimos en las victorias de Pedrosa y los t\u00edtulos de M\u00e1rquez, acompa\u00f1amos en \u00c1frica a Nani Roma y Marc Coma en sus conquistas del Dakar y hemos vibrado con los t\u00edtulos de Toni Bou en Trial. Adem\u00e1s, en nuestro equipo contamos con expertos en el mundo de las dos y cuatro ruedas tanto de la calle y las carreteras, como de los circuitos. Periodistas que han trabajado en revistas y publicaciones para hacerte llegar desde rutas y consejos de mantenimiento, a curiosidades y trucos de pilotaje.","sameAs":["https:\/\/www.facebook.com\/BoxRepsol\/","https:\/\/www.instagram.com\/box_repsol\/","https:\/\/x.com\/https:\/\/twitter.com\/box_repsol","https:\/\/www.youtube.com\/@Boxrepsol"],"url":"https:\/\/www.boxrepsol.com\/es\/author\/redaccion-box-repsol\/"}]}},"_links":{"self":[{"href":"https:\/\/www.boxrepsol.com\/es\/wp-json\/wp\/v2\/posts\/90064","targetHints":{"allow":["GET"]}}],"collection":[{"href":"https:\/\/www.boxrepsol.com\/es\/wp-json\/wp\/v2\/posts"}],"about":[{"href":"https:\/\/www.boxrepsol.com\/es\/wp-json\/wp\/v2\/types\/post"}],"author":[{"embeddable":true,"href":"https:\/\/www.boxrepsol.com\/es\/wp-json\/wp\/v2\/users\/43146"}],"replies":[{"embeddable":true,"href":"https:\/\/www.boxrepsol.com\/es\/wp-json\/wp\/v2\/comments?post=90064"}],"version-history":[{"count":3,"href":"https:\/\/www.boxrepsol.com\/es\/wp-json\/wp\/v2\/posts\/90064\/revisions"}],"predecessor-version":[{"id":108196,"href":"https:\/\/www.boxrepsol.com\/es\/wp-json\/wp\/v2\/posts\/90064\/revisions\/108196"}],"wp:featuredmedia":[{"embeddable":true,"href":"https:\/\/www.boxrepsol.com\/es\/wp-json\/wp\/v2\/media\/86201"}],"wp:attachment":[{"href":"https:\/\/www.boxrepsol.com\/es\/wp-json\/wp\/v2\/media?parent=90064"}],"wp:term":[{"taxonomy":"category","embeddable":true,"href":"https:\/\/www.boxrepsol.com\/es\/wp-json\/wp\/v2\/categories?post=90064"},{"taxonomy":"post_tag","embeddable":true,"href":"https:\/\/www.boxrepsol.com\/es\/wp-json\/wp\/v2\/tags?post=90064"}],"curies":[{"name":"wp","href":"https:\/\/api.w.org\/{rel}","templated":true}]}}