{"id":90058,"date":"2018-02-17T00:00:00","date_gmt":"2018-02-17T02:00:00","guid":{"rendered":"http:\/\/pre.boxrepsol.com\/sin-categorizar\/10-hitos-del-campeon-del-mundo\/"},"modified":"2024-05-21T07:55:05","modified_gmt":"2024-05-21T09:55:05","slug":"10-hitos-del-campeon-del-mundo","status":"publish","type":"post","link":"https:\/\/www.boxrepsol.com\/es\/motogp\/10-hitos-del-campeon-del-mundo\/","title":{"rendered":"Marc M\u00e1rquez campe\u00f3n del mundo"},"content":{"rendered":"<div class=\"cont\">\n<div class=\"container\">\n<!--       \n\n<p class=\"marca\">boxrepsol.com<\/p>\n\n\n -->      <\/p>\n<h2>10 cosas que hacen de <span>Marc M\u00e1rquez<\/span> un Campe\u00f3n del Mundo<\/h2>\n<p class=\"intro\"><span>Desde Box Repsol queremos hacer un homenaje a Marc M\u00e1rquez recordando 10 hitos que lo convierten en todo un Campe\u00f3n del Mundo.<\/span><\/p>\n<p class=\"hashtag\"><a href=\"https:\/\/twitter.com\/search?q=#Happy24MM93&amp;src=typd\" target=\"_blank\" rel=\"noopener\">#MM93<\/a><\/p>\n<p>      <img decoding=\"async\" class=\"piloto\" src=\"https:\/\/www.boxrepsol.com\/wp-content\/themes\/theme-boxrepsol-child\/static\/infografias\/marquez-cumple\/marquez.png\" alt=\"Marc M\u00e1rquez\" \/><br \/>\n      <img decoding=\"async\" class=\"pilotoMovil\" src=\"https:\/\/www.boxrepsol.com\/wp-content\/themes\/theme-boxrepsol-child\/static\/infografias\/marquez-cumple\/marquez-movil.png\" alt=\"Marc M\u00e1rquez\" \/><\/p>\n<ul class=\"hitos\">\n<li class=\"left\">\n<ul>\n<li class=\"hito01\">\n                <a class=\"mostrarInfo\" href=\"#hito01\" title=\"Leer hito\"><span class=\"numero\">01<\/span> <span class=\"txt\">Ganar cuando es imposible, Estoril 2010. <\/span><i class=\"fal fa-angle-right\" aria-hidden=\"true\"><\/i><\/a>\n            <\/li>\n<li class=\"hito02\">\n                <a class=\"mostrarInfo\" href=\"#hito02\" title=\"Leer hito\"><span class=\"numero\">02<\/span> <span class=\"txt\"> De \u00faltimo a primero en Valencia 2012. <\/span><i class=\"fal fa-angle-right\" aria-hidden=\"true\"><\/i><\/a>\n            <\/li>\n<li class=\"hito03\">\n                <a class=\"mostrarInfo\" href=\"#hito03\" title=\"Leer hito\"><span class=\"numero\">03<\/span> <span class=\"txt\"> Vuelta r\u00e1pida en su debut en MotoGP. <\/span><i class=\"fal fa-angle-right\" aria-hidden=\"true\"><\/i><\/a>\n            <\/li>\n<li class=\"hito04\">\n                <a class=\"mostrarInfo\" href=\"#hito04\" title=\"Leer hito\"><span class=\"numero\">04<\/span> <span class=\"txt\"> \u00a1Grand Slam en el GP de las Am\u00e9ricas 2013!<\/span><i class=\"fal fa-angle-right\" aria-hidden=\"true\"><\/i><\/a>\n            <\/li>\n<li class=\"hito05\">\n                <a class=\"mostrarInfo\" href=\"#hito05\" title=\"Leer hito\"><span class=\"numero\">05<\/span> <span class=\"txt\"> R\u00e9cord Mundial de Poles en Australia 2016. <\/span><i class=\"fal fa-angle-right\" aria-hidden=\"true\"><\/i><\/a>\n            <\/li>\n<\/ul>\n<\/li>\n<li class=\"right\">\n<ul>\n<li class=\"hito06\">\n                <a class=\"mostrarInfo\" href=\"#hito06\" title=\"Leer hito\"><span class=\"numero\">06<\/span> <span class=\"txt\"> El m\u00e1s joven de la historia en ganar un Mundial de MotoGP. <\/span><i class=\"fal fa-angle-right\" aria-hidden=\"true\"><\/i><\/a>\n            <\/li>\n<li class=\"hito07\">\n                <a class=\"mostrarInfo\" href=\"#hito07\" title=\"Leer hito\"><span class=\"numero\">07<\/span> <span class=\"txt\"> 68 grados, r\u00e9cord de inclinaci\u00f3n en una MotoGP. <\/span><i class=\"fal fa-angle-right\" aria-hidden=\"true\"><\/i><\/a>\n            <\/li>\n<li class=\"hito08\">\n                <a class=\"mostrarInfo\" href=\"#hito08\" title=\"Leer hito\"><span class=\"numero\">08<\/span> <span class=\"txt\"> 13 victorias en el Mundial 2014. <\/span><i class=\"fal fa-angle-right\" aria-hidden=\"true\"><\/i><\/a>\n            <\/li>\n<li class=\"hito09\">\n                <a class=\"mostrarInfo\" href=\"#hito09\" title=\"Leer hito\"><span class=\"numero\">09<\/span> <span class=\"txt\"> La moto se para y hace la pole en Austin. <\/span><i class=\"fal fa-angle-right\" aria-hidden=\"true\"><\/i><\/a>\n            <\/li>\n<li class=\"hito10\">\n                <a class=\"mostrarInfo\" href=\"#hito10\" title=\"Leer hito\"><span class=\"numero\">10<\/span> <span class=\"txt\"> \u00a1Big 6! <\/span><i class=\"fal fa-angle-right\" aria-hidden=\"true\"><\/i><\/a>\n            <\/li>\n<\/ul>\n<\/li>\n<\/ul><\/div>\n<div class=\"txtHito\" id=\"hito01\">\n        <a class=\"cerrar\" href=\"#\" title=\"Cerrar contenido\"><span>Cerrar<\/span><i class=\"fal fa-times\" aria-hidden=\"true\"><\/i><\/a><\/p>\n<h2>Ganar cuando es imposible, Estoril 2010<\/h2>\n<p>        <img decoding=\"async\" src=\"https:\/\/www.boxrepsol.com\/wp-content\/themes\/theme-boxrepsol-child\/static\/infografias\/marquez-cumple\/hito01.jpg\" alt=\"Marc M\u00e1rquez en 125cc saludando\" \/><\/p>\n<p>Es una de las haza\u00f1as m\u00e1s memorables del piloto Repsol Honda, esta carrera de 125cc estuvo repleta de contratiempos para Marc, pero lo logr\u00f3, cruzando la l\u00ednea de meta \u00a1no solo dentro del podio, sino adem\u00e1s ganando la carrera!<\/p>\n<\/p><\/div>\n<div class=\"txtHito\" id=\"hito02\">\n        <a class=\"cerrar\" href=\"#\" title=\"Cerrar contenido\"><span>Cerrar<\/span><i class=\"fal fa-times\" aria-hidden=\"true\"><\/i><\/a><\/p>\n<h2>De \u00faltimo a primero en Valencia 2012<\/h2>\n<p>        <img decoding=\"async\" src=\"https:\/\/www.boxrepsol.com\/wp-content\/themes\/theme-boxrepsol-child\/static\/infografias\/marquez-cumple\/hito02.jpg\" alt=\"Marc M\u00e1rquez celebrando la victoria en Moto2\" \/><\/p>\n<p>Marc nos sorprendi\u00f3 en el \u00faltimo GP de 2012 de Moto2. Sal\u00eda desde la \u00faltima posici\u00f3n, pero adelantamiento tras adelantamiento se hizo con el primer puesto. \u00a1Incre\u00edble!<\/p>\n<\/p><\/div>\n<div class=\"txtHito\" id=\"hito03\">\n        <a class=\"cerrar\" href=\"#\" title=\"Cerrar contenido\"><span>Cerrar<\/span><i class=\"fal fa-times\" aria-hidden=\"true\"><\/i><\/a><\/p>\n<h2>Vuelta r\u00e1pida en su debut en MotoGP<\/h2>\n<p>        <img decoding=\"async\" src=\"https:\/\/www.boxrepsol.com\/wp-content\/themes\/theme-boxrepsol-child\/static\/infografias\/marquez-cumple\/hito03.jpg\" alt=\"Marc M\u00e1rquez con trofeo en el podio de Catar\" \/><\/p>\n<p>2013 fue el a\u00f1o en el que Marc se estren\u00f3 en la categor\u00eda reina. \u00a1Magn\u00edfica la vuelta r\u00e1pida que logr\u00f3 en su primera carrera!<\/p>\n<\/p><\/div>\n<div class=\"txtHito\" id=\"hito04\">\n        <a class=\"cerrar\" href=\"#\" title=\"Cerrar contenido\"><span>Cerrar<\/span><i class=\"fal fa-times\" aria-hidden=\"true\"><\/i><\/a><\/p>\n<h2>\u00a1Grand Slam en el GP de las Am\u00e9ricas 2013!<\/h2>\n<p>        <img decoding=\"async\" src=\"https:\/\/www.boxrepsol.com\/wp-content\/themes\/theme-boxrepsol-child\/static\/infografias\/marquez-cumple\/hito04.jpg\" alt=\"Marc M\u00e1rquez con su equipo celebrando la victoria\" \/><\/p>\n<p>Reci\u00e9n llegado a MotoGP y consigue un Grand Slam en su segundo GP, \u00a1es un genio!<\/p>\n<\/p><\/div>\n<div class=\"txtHito\" id=\"hito05\">\n        <a class=\"cerrar\" href=\"#\" title=\"Cerrar contenido\"><span>Cerrar<\/span><i class=\"fal fa-times\" aria-hidden=\"true\"><\/i><\/a><\/p>\n<h2>R\u00e9cord Mundial de Poles en Australia 2016<\/h2>\n<p>        <img decoding=\"async\" src=\"https:\/\/www.boxrepsol.com\/wp-content\/themes\/theme-boxrepsol-child\/static\/infografias\/marquez-cumple\/hito05.jpg\" alt=\"Marc M\u00e1rquez en acci\u00f3n durante la clasificaci\u00f3n del GP de Australia\" \/><\/p>\n<p>El piloto de Repsol con solo 23 a\u00f1os, consigue alcanzar su pole n\u00famero 65 en el Mundial. Un logro solo al alcance de los elegidos. \u00a1Impresionante!<\/p>\n<\/p><\/div>\n<div class=\"txtHito\" id=\"hito06\">\n        <a class=\"cerrar\" href=\"#\" title=\"Cerrar contenido\"><span>Cerrar<\/span><i class=\"fal fa-times\" aria-hidden=\"true\"><\/i><\/a><\/p>\n<h2>El m\u00e1s joven de la historia en ganar un Mundial<\/h2>\n<p>        <img decoding=\"async\" src=\"https:\/\/www.boxrepsol.com\/wp-content\/themes\/theme-boxrepsol-child\/static\/infografias\/marquez-cumple\/hito06.jpg\" alt=\"Marc M\u00e1rquez celebrando sobre RC213V con bandera\" \/><\/p>\n<p>En 2013 Marc dio <strong>un nuevo sentido a Rookie del A\u00f1o<\/strong>&#8230; \u00a1Campe\u00f3n del Mundo en su primera temporada en la categor\u00eda!<\/p>\n<\/p><\/div>\n<div class=\"txtHito\" id=\"hito07\">\n        <a class=\"cerrar\" href=\"#\" title=\"Cerrar contenido\"><span>Cerrar<\/span><i class=\"fa fa-times\" aria-hidden=\"true\"><\/i><\/a><\/p>\n<h2>68 grados, r\u00e9cord de inclinaci\u00f3n en una MotoGP<\/h2>\n<p>        <img decoding=\"async\" src=\"https:\/\/www.boxrepsol.com\/wp-content\/themes\/theme-boxrepsol-child\/static\/infografias\/marquez-cumple\/hito07.jpg\" alt=\"Adelantamiento de Marc M\u00e1rquez en sacacorchos de Laguna Seca\" \/><\/p>\n<p>Durante un entrenamiento privado de Honda&#8230; \u00a1Marc <strong>desaf\u00eda la gravedad inclin\u00e1ndose 68\u00ba<\/strong>!<\/p>\n<\/p><\/div>\n<div class=\"txtHito\" id=\"hito08\">\n        <a class=\"cerrar\" href=\"#\" title=\"Cerrar contenido\"><span>Cerrar<\/span><i class=\"fal fa-times\" aria-hidden=\"true\"><\/i><\/a><\/p>\n<h2>13 victorias en el Mundial 2014<\/h2>\n<p>        <img decoding=\"async\" src=\"https:\/\/www.boxrepsol.com\/wp-content\/themes\/theme-boxrepsol-child\/static\/infografias\/marquez-cumple\/hito08.jpg\" alt=\"Marc y \u00c1lex mostrando trofeos\" \/><\/p>\n<p>El de Cervera en 2014 super\u00f3 a Mick Doohan en cantidad de victorias m\u00e1ximas dentro de una misma temporada. \u00a1Batiendo r\u00e9cords sin parar!<\/p>\n<\/p><\/div>\n<div class=\"txtHito\" id=\"hito09\">\n        <a class=\"cerrar\" href=\"#\" title=\"Cerrar contenido\"><span>Cerrar<\/span><i class=\"fal fa-times\" aria-hidden=\"true\"><\/i><\/a><\/p>\n<h2>La moto se para y hace la pole en Austin<\/h2>\n<p>        <img decoding=\"async\" src=\"https:\/\/www.boxrepsol.com\/wp-content\/themes\/theme-boxrepsol-child\/static\/infografias\/marquez-cumple\/hito09.jpg\" alt=\"Marc M\u00e1rquez vestido para rodar corriendo hacia moto\" \/><\/p>\n<p>Durante la clasificatoria, la Honda de Marc se detuvo por un problema t\u00e9cnico. Fue <strong>corriendo hasta el box para reincorporarse a la sesi\u00f3n con el tiempo justo<\/strong> \u00a1y adem\u00e1s consigui\u00f3 la pole!<\/p>\n<\/p><\/div>\n<div class=\"txtHito\" id=\"hito10\">\n        <a class=\"cerrar\" href=\"#\" title=\"Cerrar contenido\"><span>Cerrar<\/span><i class=\"fal fa-times\" aria-hidden=\"true\"><\/i><\/a><\/p>\n<h2>\u00a1Big 6!<\/h2>\n<p>        <img decoding=\"async\" src=\"https:\/\/www.boxrepsol.com\/wp-content\/themes\/theme-boxrepsol-child\/static\/infografias\/marquez-cumple\/hito10-2018.jpg\" alt=\"Marc M\u00e1rquez celebra 6\u00ba t\u00edtulo mundial con mano gigante\" \/><\/p>\n<p>El piloto de Repsol Honda suma un <strong>sexto Mundial a su impresionante palmar\u00e9s<\/strong>. \u00a1Feliz cumplea\u00f1os Marc!<\/p>\n<\/p><\/div>\n<\/p><\/div>\n","protected":false},"excerpt":{"rendered":"<p>El 93 alcanza los 25 a\u00f1os con un palmar\u00e9s impresionante. Repasamos sus momentos m\u00e1s inolvidables.<\/p>\n","protected":false},"author":43146,"featured_media":86188,"comment_status":"open","ping_status":"open","sticky":false,"template":"","format":"standard","meta":{"footnotes":""},"categories":[4],"tags":[6],"class_list":["post-90058","post","type-post","status-publish","format-standard","hentry","category-motogp","tag-marc-marquez"],"yoast_head":"<!-- This site is optimized with the Yoast SEO plugin v27.3 - https:\/\/yoast.com\/product\/yoast-seo-wordpress\/ -->\n<title>Marc M\u00e1rquez campe\u00f3n del mundo - Box Repsol<\/title>\n<meta name=\"description\" content=\"10 hitos que lo convierte a Marc M\u00e1rquez en todo un Campe\u00f3n del Mundo. Lo celebramos el d\u00eda de su cumplea\u00f1os. \u00a1Felicidades Marc!\" \/>\n<link rel=\"canonical\" href=\"https:\/\/www.boxrepsol.com\/es\/motogp\/10-hitos-del-campeon-del-mundo\/\" \/>\n<meta property=\"og:locale\" content=\"es_ES\" \/>\n<meta property=\"og:type\" content=\"article\" \/>\n<meta property=\"og:title\" content=\"Marc M\u00e1rquez campe\u00f3n del mundo - Box Repsol\" \/>\n<meta property=\"og:description\" content=\"10 hitos que lo convierte a Marc M\u00e1rquez en todo un Campe\u00f3n del Mundo. Lo celebramos el d\u00eda de su cumplea\u00f1os. \u00a1Felicidades Marc!\" \/>\n<meta property=\"og:url\" content=\"https:\/\/www.boxrepsol.com\/es\/motogp\/10-hitos-del-campeon-del-mundo\/\" \/>\n<meta property=\"og:site_name\" content=\"Box Repsol\" \/>\n<meta property=\"article:publisher\" content=\"https:\/\/www.facebook.com\/BoxRepsol\" \/>\n<meta property=\"article:author\" content=\"https:\/\/www.facebook.com\/BoxRepsol\/\" \/>\n<meta property=\"article:published_time\" content=\"2018-02-17T02:00:00+00:00\" \/>\n<meta property=\"article:modified_time\" content=\"2024-05-21T09:55:05+00:00\" \/>\n<meta property=\"og:image\" content=\"https:\/\/www.boxrepsol.com\/wp-content\/uploads\/2022\/08\/cumple-marc.jpg\" \/>\n\t<meta property=\"og:image:width\" content=\"768\" \/>\n\t<meta property=\"og:image:height\" content=\"435\" \/>\n\t<meta property=\"og:image:type\" content=\"image\/jpeg\" \/>\n<meta name=\"author\" content=\"Redacci\u00f3n Box Repsol\" \/>\n<meta name=\"twitter:card\" content=\"summary_large_image\" \/>\n<meta name=\"twitter:creator\" content=\"@https:\/\/twitter.com\/box_repsol\" \/>\n<meta name=\"twitter:site\" content=\"@box_repsol\" \/>\n<meta name=\"twitter:label1\" content=\"Written by\" \/>\n\t<meta name=\"twitter:data1\" content=\"Redacci\u00f3n Box Repsol\" \/>\n\t<meta name=\"twitter:label2\" content=\"Est. reading time\" \/>\n\t<meta name=\"twitter:data2\" content=\"2 minutos\" \/>\n<script type=\"application\/ld+json\" class=\"yoast-schema-graph\">{\"@context\":\"https:\\\/\\\/schema.org\",\"@graph\":[{\"@type\":\"Article\",\"@id\":\"https:\\\/\\\/www.boxrepsol.com\\\/es\\\/motogp\\\/10-hitos-del-campeon-del-mundo\\\/#article\",\"isPartOf\":{\"@id\":\"https:\\\/\\\/www.boxrepsol.com\\\/es\\\/motogp\\\/10-hitos-del-campeon-del-mundo\\\/\"},\"author\":{\"name\":\"Redacci\u00f3n Box Repsol\",\"@id\":\"https:\\\/\\\/www.boxrepsol.com\\\/es\\\/#\\\/schema\\\/person\\\/c5c2138f2cca251b0ad92b7086bb60b7\"},\"headline\":\"Marc M\u00e1rquez campe\u00f3n del mundo\",\"datePublished\":\"2018-02-17T02:00:00+00:00\",\"dateModified\":\"2024-05-21T09:55:05+00:00\",\"mainEntityOfPage\":{\"@id\":\"https:\\\/\\\/www.boxrepsol.com\\\/es\\\/motogp\\\/10-hitos-del-campeon-del-mundo\\\/\"},\"wordCount\":450,\"commentCount\":0,\"publisher\":{\"@id\":\"https:\\\/\\\/www.boxrepsol.com\\\/es\\\/#organization\"},\"image\":{\"@id\":\"https:\\\/\\\/www.boxrepsol.com\\\/es\\\/motogp\\\/10-hitos-del-campeon-del-mundo\\\/#primaryimage\"},\"thumbnailUrl\":\"https:\\\/\\\/www.boxrepsol.com\\\/wp-content\\\/uploads\\\/2022\\\/08\\\/cumple-marc.jpg\",\"keywords\":[\"Marc M\u00e1rquez\"],\"articleSection\":[\"MotoGP\"],\"inLanguage\":\"es\",\"potentialAction\":[{\"@type\":\"CommentAction\",\"name\":\"Comment\",\"target\":[\"https:\\\/\\\/www.boxrepsol.com\\\/es\\\/motogp\\\/10-hitos-del-campeon-del-mundo\\\/#respond\"]}]},{\"@type\":\"WebPage\",\"@id\":\"https:\\\/\\\/www.boxrepsol.com\\\/es\\\/motogp\\\/10-hitos-del-campeon-del-mundo\\\/\",\"url\":\"https:\\\/\\\/www.boxrepsol.com\\\/es\\\/motogp\\\/10-hitos-del-campeon-del-mundo\\\/\",\"name\":\"Marc M\u00e1rquez campe\u00f3n del mundo - Box Repsol\",\"isPartOf\":{\"@id\":\"https:\\\/\\\/www.boxrepsol.com\\\/es\\\/#website\"},\"primaryImageOfPage\":{\"@id\":\"https:\\\/\\\/www.boxrepsol.com\\\/es\\\/motogp\\\/10-hitos-del-campeon-del-mundo\\\/#primaryimage\"},\"image\":{\"@id\":\"https:\\\/\\\/www.boxrepsol.com\\\/es\\\/motogp\\\/10-hitos-del-campeon-del-mundo\\\/#primaryimage\"},\"thumbnailUrl\":\"https:\\\/\\\/www.boxrepsol.com\\\/wp-content\\\/uploads\\\/2022\\\/08\\\/cumple-marc.jpg\",\"datePublished\":\"2018-02-17T02:00:00+00:00\",\"dateModified\":\"2024-05-21T09:55:05+00:00\",\"description\":\"10 hitos que lo convierte a Marc M\u00e1rquez en todo un Campe\u00f3n del Mundo. Lo celebramos el d\u00eda de su cumplea\u00f1os. \u00a1Felicidades Marc!\",\"breadcrumb\":{\"@id\":\"https:\\\/\\\/www.boxrepsol.com\\\/es\\\/motogp\\\/10-hitos-del-campeon-del-mundo\\\/#breadcrumb\"},\"inLanguage\":\"es\",\"potentialAction\":[{\"@type\":\"ReadAction\",\"target\":[\"https:\\\/\\\/www.boxrepsol.com\\\/es\\\/motogp\\\/10-hitos-del-campeon-del-mundo\\\/\"]}]},{\"@type\":\"ImageObject\",\"inLanguage\":\"es\",\"@id\":\"https:\\\/\\\/www.boxrepsol.com\\\/es\\\/motogp\\\/10-hitos-del-campeon-del-mundo\\\/#primaryimage\",\"url\":\"https:\\\/\\\/www.boxrepsol.com\\\/wp-content\\\/uploads\\\/2022\\\/08\\\/cumple-marc.jpg\",\"contentUrl\":\"https:\\\/\\\/www.boxrepsol.com\\\/wp-content\\\/uploads\\\/2022\\\/08\\\/cumple-marc.jpg\",\"width\":768,\"height\":435,\"caption\":\"Marc M\u00e1rquez posando\"},{\"@type\":\"BreadcrumbList\",\"@id\":\"https:\\\/\\\/www.boxrepsol.com\\\/es\\\/motogp\\\/10-hitos-del-campeon-del-mundo\\\/#breadcrumb\",\"itemListElement\":[{\"@type\":\"ListItem\",\"position\":1,\"name\":\"Home\",\"item\":\"https:\\\/\\\/www.boxrepsol.com\\\/es\\\/\"},{\"@type\":\"ListItem\",\"position\":2,\"name\":\"Marc M\u00e1rquez campe\u00f3n del mundo\"}]},{\"@type\":\"WebSite\",\"@id\":\"https:\\\/\\\/www.boxrepsol.com\\\/es\\\/#website\",\"url\":\"https:\\\/\\\/www.boxrepsol.com\\\/es\\\/\",\"name\":\"Box Repsol\",\"description\":\"Box Repsol Site\",\"publisher\":{\"@id\":\"https:\\\/\\\/www.boxrepsol.com\\\/es\\\/#organization\"},\"potentialAction\":[{\"@type\":\"SearchAction\",\"target\":{\"@type\":\"EntryPoint\",\"urlTemplate\":\"https:\\\/\\\/www.boxrepsol.com\\\/es\\\/?s={search_term_string}\"},\"query-input\":{\"@type\":\"PropertyValueSpecification\",\"valueRequired\":true,\"valueName\":\"search_term_string\"}}],\"inLanguage\":\"es\"},{\"@type\":\"Organization\",\"@id\":\"https:\\\/\\\/www.boxrepsol.com\\\/es\\\/#organization\",\"name\":\"Box Repsol\",\"url\":\"https:\\\/\\\/www.boxrepsol.com\\\/es\\\/\",\"logo\":{\"@type\":\"ImageObject\",\"inLanguage\":\"es\",\"@id\":\"https:\\\/\\\/www.boxrepsol.com\\\/es\\\/#\\\/schema\\\/logo\\\/image\\\/\",\"url\":\"https:\\\/\\\/bxrepsol.s3.eu-west-1.amazonaws.com\\\/static\\\/2025\\\/07\\\/30083337\\\/favicon-96x96-1.png\",\"contentUrl\":\"https:\\\/\\\/bxrepsol.s3.eu-west-1.amazonaws.com\\\/static\\\/2025\\\/07\\\/30083337\\\/favicon-96x96-1.png\",\"width\":96,\"height\":96,\"caption\":\"Box Repsol\"},\"image\":{\"@id\":\"https:\\\/\\\/www.boxrepsol.com\\\/es\\\/#\\\/schema\\\/logo\\\/image\\\/\"},\"sameAs\":[\"https:\\\/\\\/www.facebook.com\\\/BoxRepsol\",\"https:\\\/\\\/x.com\\\/box_repsol\",\"http:\\\/\\\/instagram.com\\\/box_repsol\",\"https:\\\/\\\/www.youtube.com\\\/user\\\/RepsolCompeticion\",\"https:\\\/\\\/www.flickr.com\\\/photos\\\/box_repsol\\\/\"]},{\"@type\":\"Person\",\"@id\":\"https:\\\/\\\/www.boxrepsol.com\\\/es\\\/#\\\/schema\\\/person\\\/c5c2138f2cca251b0ad92b7086bb60b7\",\"name\":\"Redacci\u00f3n Box Repsol\",\"image\":{\"@type\":\"ImageObject\",\"inLanguage\":\"es\",\"@id\":\"https:\\\/\\\/secure.gravatar.com\\\/avatar\\\/adf7b77e38b4419baf32c7e9c21dde01f4e40df611f0978e3006fc4ba0aaab7e?s=96&d=mm&r=g\",\"url\":\"https:\\\/\\\/secure.gravatar.com\\\/avatar\\\/adf7b77e38b4419baf32c7e9c21dde01f4e40df611f0978e3006fc4ba0aaab7e?s=96&d=mm&r=g\",\"contentUrl\":\"https:\\\/\\\/secure.gravatar.com\\\/avatar\\\/adf7b77e38b4419baf32c7e9c21dde01f4e40df611f0978e3006fc4ba0aaab7e?s=96&d=mm&r=g\",\"caption\":\"Redacci\u00f3n Box Repsol\"},\"description\":\"Box Repsol lo forma un equipo de periodistas, community managers, dise\u00f1adores y fot\u00f3grafos con m\u00e1s de 20 a\u00f1os de experiencia en el mundo del motorsport. Hemos vivido el primer mundial de un espa\u00f1ol en la categor\u00eda reina de motociclismo con \u00c1lex Crivill\u00e9, estuvimos en las victorias de Pedrosa y los t\u00edtulos de M\u00e1rquez, acompa\u00f1amos en \u00c1frica a Nani Roma y Marc Coma en sus conquistas del Dakar y hemos vibrado con los t\u00edtulos de Toni Bou en Trial. Adem\u00e1s, en nuestro equipo contamos con expertos en el mundo de las dos y cuatro ruedas tanto de la calle y las carreteras, como de los circuitos. Periodistas que han trabajado en revistas y publicaciones para hacerte llegar desde rutas y consejos de mantenimiento, a curiosidades y trucos de pilotaje.\",\"sameAs\":[\"https:\\\/\\\/www.facebook.com\\\/BoxRepsol\\\/\",\"https:\\\/\\\/www.instagram.com\\\/box_repsol\\\/\",\"https:\\\/\\\/x.com\\\/https:\\\/\\\/twitter.com\\\/box_repsol\",\"https:\\\/\\\/www.youtube.com\\\/@Boxrepsol\"],\"url\":\"https:\\\/\\\/www.boxrepsol.com\\\/es\\\/author\\\/redaccion-box-repsol\\\/\"}]}<\/script>\n<!-- \/ Yoast SEO plugin. -->","yoast_head_json":{"title":"Marc M\u00e1rquez campe\u00f3n del mundo - Box Repsol","description":"10 hitos que lo convierte a Marc M\u00e1rquez en todo un Campe\u00f3n del Mundo. Lo celebramos el d\u00eda de su cumplea\u00f1os. \u00a1Felicidades Marc!","canonical":"https:\/\/www.boxrepsol.com\/es\/motogp\/10-hitos-del-campeon-del-mundo\/","og_locale":"es_ES","og_type":"article","og_title":"Marc M\u00e1rquez campe\u00f3n del mundo - Box Repsol","og_description":"10 hitos que lo convierte a Marc M\u00e1rquez en todo un Campe\u00f3n del Mundo. Lo celebramos el d\u00eda de su cumplea\u00f1os. \u00a1Felicidades Marc!","og_url":"https:\/\/www.boxrepsol.com\/es\/motogp\/10-hitos-del-campeon-del-mundo\/","og_site_name":"Box Repsol","article_publisher":"https:\/\/www.facebook.com\/BoxRepsol","article_author":"https:\/\/www.facebook.com\/BoxRepsol\/","article_published_time":"2018-02-17T02:00:00+00:00","article_modified_time":"2024-05-21T09:55:05+00:00","og_image":[{"width":768,"height":435,"url":"https:\/\/www.boxrepsol.com\/wp-content\/uploads\/2022\/08\/cumple-marc.jpg","type":"image\/jpeg"}],"author":"Redacci\u00f3n Box Repsol","twitter_card":"summary_large_image","twitter_creator":"@https:\/\/twitter.com\/box_repsol","twitter_site":"@box_repsol","twitter_misc":{"Written by":"Redacci\u00f3n Box Repsol","Est. reading time":"2 minutos"},"schema":{"@context":"https:\/\/schema.org","@graph":[{"@type":"Article","@id":"https:\/\/www.boxrepsol.com\/es\/motogp\/10-hitos-del-campeon-del-mundo\/#article","isPartOf":{"@id":"https:\/\/www.boxrepsol.com\/es\/motogp\/10-hitos-del-campeon-del-mundo\/"},"author":{"name":"Redacci\u00f3n Box Repsol","@id":"https:\/\/www.boxrepsol.com\/es\/#\/schema\/person\/c5c2138f2cca251b0ad92b7086bb60b7"},"headline":"Marc M\u00e1rquez campe\u00f3n del mundo","datePublished":"2018-02-17T02:00:00+00:00","dateModified":"2024-05-21T09:55:05+00:00","mainEntityOfPage":{"@id":"https:\/\/www.boxrepsol.com\/es\/motogp\/10-hitos-del-campeon-del-mundo\/"},"wordCount":450,"commentCount":0,"publisher":{"@id":"https:\/\/www.boxrepsol.com\/es\/#organization"},"image":{"@id":"https:\/\/www.boxrepsol.com\/es\/motogp\/10-hitos-del-campeon-del-mundo\/#primaryimage"},"thumbnailUrl":"https:\/\/www.boxrepsol.com\/wp-content\/uploads\/2022\/08\/cumple-marc.jpg","keywords":["Marc M\u00e1rquez"],"articleSection":["MotoGP"],"inLanguage":"es","potentialAction":[{"@type":"CommentAction","name":"Comment","target":["https:\/\/www.boxrepsol.com\/es\/motogp\/10-hitos-del-campeon-del-mundo\/#respond"]}]},{"@type":"WebPage","@id":"https:\/\/www.boxrepsol.com\/es\/motogp\/10-hitos-del-campeon-del-mundo\/","url":"https:\/\/www.boxrepsol.com\/es\/motogp\/10-hitos-del-campeon-del-mundo\/","name":"Marc M\u00e1rquez campe\u00f3n del mundo - Box Repsol","isPartOf":{"@id":"https:\/\/www.boxrepsol.com\/es\/#website"},"primaryImageOfPage":{"@id":"https:\/\/www.boxrepsol.com\/es\/motogp\/10-hitos-del-campeon-del-mundo\/#primaryimage"},"image":{"@id":"https:\/\/www.boxrepsol.com\/es\/motogp\/10-hitos-del-campeon-del-mundo\/#primaryimage"},"thumbnailUrl":"https:\/\/www.boxrepsol.com\/wp-content\/uploads\/2022\/08\/cumple-marc.jpg","datePublished":"2018-02-17T02:00:00+00:00","dateModified":"2024-05-21T09:55:05+00:00","description":"10 hitos que lo convierte a Marc M\u00e1rquez en todo un Campe\u00f3n del Mundo. Lo celebramos el d\u00eda de su cumplea\u00f1os. \u00a1Felicidades Marc!","breadcrumb":{"@id":"https:\/\/www.boxrepsol.com\/es\/motogp\/10-hitos-del-campeon-del-mundo\/#breadcrumb"},"inLanguage":"es","potentialAction":[{"@type":"ReadAction","target":["https:\/\/www.boxrepsol.com\/es\/motogp\/10-hitos-del-campeon-del-mundo\/"]}]},{"@type":"ImageObject","inLanguage":"es","@id":"https:\/\/www.boxrepsol.com\/es\/motogp\/10-hitos-del-campeon-del-mundo\/#primaryimage","url":"https:\/\/www.boxrepsol.com\/wp-content\/uploads\/2022\/08\/cumple-marc.jpg","contentUrl":"https:\/\/www.boxrepsol.com\/wp-content\/uploads\/2022\/08\/cumple-marc.jpg","width":768,"height":435,"caption":"Marc M\u00e1rquez posando"},{"@type":"BreadcrumbList","@id":"https:\/\/www.boxrepsol.com\/es\/motogp\/10-hitos-del-campeon-del-mundo\/#breadcrumb","itemListElement":[{"@type":"ListItem","position":1,"name":"Home","item":"https:\/\/www.boxrepsol.com\/es\/"},{"@type":"ListItem","position":2,"name":"Marc M\u00e1rquez campe\u00f3n del mundo"}]},{"@type":"WebSite","@id":"https:\/\/www.boxrepsol.com\/es\/#website","url":"https:\/\/www.boxrepsol.com\/es\/","name":"Box Repsol","description":"Box Repsol Site","publisher":{"@id":"https:\/\/www.boxrepsol.com\/es\/#organization"},"potentialAction":[{"@type":"SearchAction","target":{"@type":"EntryPoint","urlTemplate":"https:\/\/www.boxrepsol.com\/es\/?s={search_term_string}"},"query-input":{"@type":"PropertyValueSpecification","valueRequired":true,"valueName":"search_term_string"}}],"inLanguage":"es"},{"@type":"Organization","@id":"https:\/\/www.boxrepsol.com\/es\/#organization","name":"Box Repsol","url":"https:\/\/www.boxrepsol.com\/es\/","logo":{"@type":"ImageObject","inLanguage":"es","@id":"https:\/\/www.boxrepsol.com\/es\/#\/schema\/logo\/image\/","url":"https:\/\/bxrepsol.s3.eu-west-1.amazonaws.com\/static\/2025\/07\/30083337\/favicon-96x96-1.png","contentUrl":"https:\/\/bxrepsol.s3.eu-west-1.amazonaws.com\/static\/2025\/07\/30083337\/favicon-96x96-1.png","width":96,"height":96,"caption":"Box Repsol"},"image":{"@id":"https:\/\/www.boxrepsol.com\/es\/#\/schema\/logo\/image\/"},"sameAs":["https:\/\/www.facebook.com\/BoxRepsol","https:\/\/x.com\/box_repsol","http:\/\/instagram.com\/box_repsol","https:\/\/www.youtube.com\/user\/RepsolCompeticion","https:\/\/www.flickr.com\/photos\/box_repsol\/"]},{"@type":"Person","@id":"https:\/\/www.boxrepsol.com\/es\/#\/schema\/person\/c5c2138f2cca251b0ad92b7086bb60b7","name":"Redacci\u00f3n Box Repsol","image":{"@type":"ImageObject","inLanguage":"es","@id":"https:\/\/secure.gravatar.com\/avatar\/adf7b77e38b4419baf32c7e9c21dde01f4e40df611f0978e3006fc4ba0aaab7e?s=96&d=mm&r=g","url":"https:\/\/secure.gravatar.com\/avatar\/adf7b77e38b4419baf32c7e9c21dde01f4e40df611f0978e3006fc4ba0aaab7e?s=96&d=mm&r=g","contentUrl":"https:\/\/secure.gravatar.com\/avatar\/adf7b77e38b4419baf32c7e9c21dde01f4e40df611f0978e3006fc4ba0aaab7e?s=96&d=mm&r=g","caption":"Redacci\u00f3n Box Repsol"},"description":"Box Repsol lo forma un equipo de periodistas, community managers, dise\u00f1adores y fot\u00f3grafos con m\u00e1s de 20 a\u00f1os de experiencia en el mundo del motorsport. Hemos vivido el primer mundial de un espa\u00f1ol en la categor\u00eda reina de motociclismo con \u00c1lex Crivill\u00e9, estuvimos en las victorias de Pedrosa y los t\u00edtulos de M\u00e1rquez, acompa\u00f1amos en \u00c1frica a Nani Roma y Marc Coma en sus conquistas del Dakar y hemos vibrado con los t\u00edtulos de Toni Bou en Trial. Adem\u00e1s, en nuestro equipo contamos con expertos en el mundo de las dos y cuatro ruedas tanto de la calle y las carreteras, como de los circuitos. Periodistas que han trabajado en revistas y publicaciones para hacerte llegar desde rutas y consejos de mantenimiento, a curiosidades y trucos de pilotaje.","sameAs":["https:\/\/www.facebook.com\/BoxRepsol\/","https:\/\/www.instagram.com\/box_repsol\/","https:\/\/x.com\/https:\/\/twitter.com\/box_repsol","https:\/\/www.youtube.com\/@Boxrepsol"],"url":"https:\/\/www.boxrepsol.com\/es\/author\/redaccion-box-repsol\/"}]}},"_links":{"self":[{"href":"https:\/\/www.boxrepsol.com\/es\/wp-json\/wp\/v2\/posts\/90058","targetHints":{"allow":["GET"]}}],"collection":[{"href":"https:\/\/www.boxrepsol.com\/es\/wp-json\/wp\/v2\/posts"}],"about":[{"href":"https:\/\/www.boxrepsol.com\/es\/wp-json\/wp\/v2\/types\/post"}],"author":[{"embeddable":true,"href":"https:\/\/www.boxrepsol.com\/es\/wp-json\/wp\/v2\/users\/43146"}],"replies":[{"embeddable":true,"href":"https:\/\/www.boxrepsol.com\/es\/wp-json\/wp\/v2\/comments?post=90058"}],"version-history":[{"count":1,"href":"https:\/\/www.boxrepsol.com\/es\/wp-json\/wp\/v2\/posts\/90058\/revisions"}],"predecessor-version":[{"id":90059,"href":"https:\/\/www.boxrepsol.com\/es\/wp-json\/wp\/v2\/posts\/90058\/revisions\/90059"}],"wp:featuredmedia":[{"embeddable":true,"href":"https:\/\/www.boxrepsol.com\/es\/wp-json\/wp\/v2\/media\/86188"}],"wp:attachment":[{"href":"https:\/\/www.boxrepsol.com\/es\/wp-json\/wp\/v2\/media?parent=90058"}],"wp:term":[{"taxonomy":"category","embeddable":true,"href":"https:\/\/www.boxrepsol.com\/es\/wp-json\/wp\/v2\/categories?post=90058"},{"taxonomy":"post_tag","embeddable":true,"href":"https:\/\/www.boxrepsol.com\/es\/wp-json\/wp\/v2\/tags?post=90058"}],"curies":[{"name":"wp","href":"https:\/\/api.w.org\/{rel}","templated":true}]}}