{"id":90043,"date":"2016-02-24T00:00:00","date_gmt":"2016-02-24T02:00:00","guid":{"rendered":"http:\/\/pre.boxrepsol.com\/sin-categorizar\/el-paron-invernal-primer-momento-clave-de-la-temporada\/"},"modified":"2024-05-07T05:58:57","modified_gmt":"2024-05-07T07:58:57","slug":"el-paron-invernal-primer-momento-clave-de-la-temporada","status":"publish","type":"post","link":"https:\/\/www.boxrepsol.com\/es\/motogp\/el-paron-invernal-primer-momento-clave-de-la-temporada\/","title":{"rendered":"El par\u00f3n invernal: primer momento clave de la temporada"},"content":{"rendered":"<blockquote><p>\u00bfSab\u00edas que en invierno a @26_DaniPedrosa le gusta practicar esqu\u00ed de fondo? #EquipoRepsol<\/p>\n<p><a href=\"http:\/\/twitter.com\/share?text=%C2%BFSab%C3%ADas+que+en+invierno+a+%4026_DaniPedrosa+le+gusta+practicar+esqu%C3%AD+de+fondo%3F+%23EquipoRepsol+&amp;url=http%3A%2F%2F34.249.211.158%2Fes%2Fmotogp%2Fel-paron-invernal-primer-momento-clave-de-la-temporada%2F&amp;hashtags=\" target=\"_blank\" rel=\"noopener\"><br \/>\ntwittear <\/a><\/p><\/blockquote>\n<p>Nuestros pilotos de MotoGP, Marc M\u00e1rquez y Dani Pedrosa, han afrontado en Valencia y Jerez los \u00faltimos test del a\u00f1o 2015. Son, al mismo tiempo, las primeras pruebas de cara a la temporada 2016. Tras ambas citas, llega un periodo de desconexi\u00f3n que en realidad es una fase realmente importante para todo piloto.<\/p>\n<p>Se podr\u00eda decir que en estos momentos los pilotos buscan despojarse de toda la tensi\u00f3n acumulada durante la temporada mundialista. Por ello, se trabajan actividades f\u00edsicas que permitan descansar la mente. En el caso de Pedrosa, por ejemplo, por todos es conocida su afici\u00f3n a la bicicleta, si bien el <strong>ciclismo<\/strong> es un deporte que en invierno no puede practicar con tanta frecuencia.<\/p>\n<p>El de Castellar del Vall\u00e9s tambi\u00e9n aprovecha el\u00a0 tiempo invernal para hacer <strong>esqu\u00ed de fondo<\/strong>, otra de sus actividades favoritas. Por su parte, M\u00e1rquez aprovechar\u00e1 este mes de diciembre, un a\u00f1o m\u00e1s, para no perderse el Superprestigio de Barcelona y practicar, as\u00ed, una de las modalidades de motociclismo que m\u00e1s le divierte: el dirt track. Adem\u00e1s, junto a su hermano \u00c1lex es un aficionado al <strong>esqu\u00ed de monta\u00f1a<\/strong>, tambi\u00e9n conocido como \u201cskimo\u201d.<\/p>\n<p><img decoding=\"async\" src=\"https:\/\/bxrepsol.s3.eu-west-1.amazonaws.com\/static\/2022\/08\/29050231\/24-dani-pedrosa-26-repsol-honda-motogp-scaled.jpg\" alt=\"24-dani-pedrosa-26-repsol-honda-motogp\" \/><\/p>\n<h3><strong>Descanso progresivo<br \/>\n<\/strong><\/h3>\n<p>En una entrevista exclusiva para Box Repsol, Marc M\u00e1rquez explica que, en t\u00e9rminos generales, \u201cdiciembre es un mes para descansar\u201d. El cuerpo del piloto debe ir recuper\u00e1ndose de todo el estr\u00e9s acumulado. Pero como recalca el propio Marc, el descanso debe ser progresivo. En ning\u00fan caso deben dejar de hacer deporte de forma brusca.<\/p>\n<p>Tanto Marc como Dani hablan de <strong>la familia y los amigos<\/strong> como dos de los pilares b\u00e1sicos a la hora de \u201cdesconectar\u201d en estas fechas. Los pilotos de MotoGP, despu\u00e9s de todo, pasan mucho tiempo lejos de casa durante el Campeonato del Mundo, de ah\u00ed que la vuelta al hogar y los reencuentros con amigos y seres queridos sea algo que aprecian especialmente.<\/p>\n<blockquote><p>Enero es importante para que los pilotos de #MotoGP lleguen en buena forma f\u00edsica al test de Sepang.<\/p>\n<p><a href=\"http:\/\/twitter.com\/share?text=Enero+es+importante+para+que+los+pilotos+de+%23MotoGP+lleguen+en+buena+forma+f%C3%ADsica+al+test+de+Sepang.&amp;url=http%3A%2F%2F34.249.211.158%2Fes%2Fmotogp%2Fel-paron-invernal-primer-momento-clave-de-la-temporada%2F&amp;hashtags=\" target=\"_blank\" rel=\"noopener\"><br \/>\ntwittear <\/a><\/p><\/blockquote>\n<h3><strong>Con Sepang en mente<br \/>\n<\/strong><\/h3>\n<p>Seg\u00fan avanzan las semanas, el \u201cpar\u00f3n\u201d invernal se hace muy largo para cualquier aficionado de MotoGP, hasta que al fin llega el GP de Catar, primero de la temporada. Sin embargo, esto no quiere decir que los pilotos est\u00e9n parados, ni que su periodo de descanso se extienda durante esos tres meses.<\/p>\n<p>Al contrario, con la llegada de las fechas navide\u00f1as son muy conscientes de que ya solamente tienen un mes por delante <strong>antes de llegar al test de Sepang<\/strong>, programado para febrero.<\/p>\n<p>Es por ello que es importante mantener un cierto tono f\u00edsico durante diciembre y, sobre todo, no excederse durante las fiestas y comenzar a hacer entrenamiento f\u00edsico ya desde final de a\u00f1o. Emplear enero de forma correcta es clave de cara a llegar a los entrenamientos de Malasia en el estado de forma adecuado. El trabajo que all\u00ed se realice ser\u00e1 fundamental para conseguir los mejores resultados durante la temporada.<\/p>\n","protected":false},"excerpt":{"rendered":"<p>Aunque faltan meses para que arranque el Mundial 2016, en muchos aspectos es ahora, durante el invierno, cuando se empiezan a dar los primeros pasos. En esta \u00e9poca, la clave para los pilotos es combinar el descanso con la actividad f\u00edsica.<\/p>\n","protected":false},"author":43146,"featured_media":86131,"comment_status":"open","ping_status":"open","sticky":false,"template":"","format":"standard","meta":{"footnotes":""},"categories":[4],"tags":[136],"class_list":["post-90043","post","type-post","status-publish","format-standard","hentry","category-motogp","tag-campeonato-del-mundo-de-motociclismo"],"yoast_head":"<!-- This site is optimized with the Yoast SEO plugin v27.3 - https:\/\/yoast.com\/product\/yoast-seo-wordpress\/ -->\n<title>El par\u00f3n invernal: primer momento clave de la temporada - Box Repsol<\/title>\n<meta name=\"description\" content=\"Aunque faltan meses para que arranque el Mundial 2016, en muchos aspectos es ahora, durante el invierno, cuando se empiezan a dar los primeros pasos...\" \/>\n<link rel=\"canonical\" href=\"https:\/\/www.boxrepsol.com\/es\/motogp\/el-paron-invernal-primer-momento-clave-de-la-temporada\/\" \/>\n<meta property=\"og:locale\" content=\"es_ES\" \/>\n<meta property=\"og:type\" content=\"article\" \/>\n<meta property=\"og:title\" content=\"El par\u00f3n invernal: primer momento clave de la temporada - Box Repsol\" \/>\n<meta property=\"og:description\" content=\"Aunque faltan meses para que arranque el Mundial 2016, en muchos aspectos es ahora, durante el invierno, cuando se empiezan a dar los primeros pasos...\" \/>\n<meta property=\"og:url\" content=\"https:\/\/www.boxrepsol.com\/es\/motogp\/el-paron-invernal-primer-momento-clave-de-la-temporada\/\" \/>\n<meta property=\"og:site_name\" content=\"Box Repsol\" \/>\n<meta property=\"article:publisher\" content=\"https:\/\/www.facebook.com\/BoxRepsol\" \/>\n<meta property=\"article:author\" content=\"https:\/\/www.facebook.com\/BoxRepsol\/\" \/>\n<meta property=\"article:published_time\" content=\"2016-02-24T02:00:00+00:00\" \/>\n<meta property=\"article:modified_time\" content=\"2024-05-07T07:58:57+00:00\" \/>\n<meta property=\"og:image\" content=\"https:\/\/www.boxrepsol.com\/wp-content\/uploads\/2022\/08\/25-marc-marquez-93-repsol-honda-motogp.jpg\" \/>\n\t<meta property=\"og:image:width\" content=\"1280\" \/>\n\t<meta property=\"og:image:height\" content=\"853\" \/>\n\t<meta property=\"og:image:type\" content=\"image\/jpeg\" \/>\n<meta name=\"author\" content=\"Redacci\u00f3n Box Repsol\" \/>\n<meta name=\"twitter:card\" content=\"summary_large_image\" \/>\n<meta name=\"twitter:creator\" content=\"@https:\/\/twitter.com\/box_repsol\" \/>\n<meta name=\"twitter:site\" content=\"@box_repsol\" \/>\n<meta name=\"twitter:label1\" content=\"Written by\" \/>\n\t<meta name=\"twitter:data1\" content=\"Redacci\u00f3n Box Repsol\" \/>\n\t<meta name=\"twitter:label2\" content=\"Est. reading time\" \/>\n\t<meta name=\"twitter:data2\" content=\"3 minutos\" \/>\n<script type=\"application\/ld+json\" class=\"yoast-schema-graph\">{\"@context\":\"https:\\\/\\\/schema.org\",\"@graph\":[{\"@type\":\"Article\",\"@id\":\"https:\\\/\\\/www.boxrepsol.com\\\/es\\\/motogp\\\/el-paron-invernal-primer-momento-clave-de-la-temporada\\\/#article\",\"isPartOf\":{\"@id\":\"https:\\\/\\\/www.boxrepsol.com\\\/es\\\/motogp\\\/el-paron-invernal-primer-momento-clave-de-la-temporada\\\/\"},\"author\":{\"name\":\"Redacci\u00f3n Box Repsol\",\"@id\":\"https:\\\/\\\/www.boxrepsol.com\\\/es\\\/#\\\/schema\\\/person\\\/c5c2138f2cca251b0ad92b7086bb60b7\"},\"headline\":\"El par\u00f3n invernal: primer momento clave de la temporada\",\"datePublished\":\"2016-02-24T02:00:00+00:00\",\"dateModified\":\"2024-05-07T07:58:57+00:00\",\"mainEntityOfPage\":{\"@id\":\"https:\\\/\\\/www.boxrepsol.com\\\/es\\\/motogp\\\/el-paron-invernal-primer-momento-clave-de-la-temporada\\\/\"},\"wordCount\":537,\"commentCount\":0,\"publisher\":{\"@id\":\"https:\\\/\\\/www.boxrepsol.com\\\/es\\\/#organization\"},\"image\":{\"@id\":\"https:\\\/\\\/www.boxrepsol.com\\\/es\\\/motogp\\\/el-paron-invernal-primer-momento-clave-de-la-temporada\\\/#primaryimage\"},\"thumbnailUrl\":\"https:\\\/\\\/www.boxrepsol.com\\\/wp-content\\\/uploads\\\/2022\\\/08\\\/25-marc-marquez-93-repsol-honda-motogp.jpg\",\"keywords\":[\"Campeonato del Mundo de Motociclismo\"],\"articleSection\":[\"MotoGP\"],\"inLanguage\":\"es\",\"potentialAction\":[{\"@type\":\"CommentAction\",\"name\":\"Comment\",\"target\":[\"https:\\\/\\\/www.boxrepsol.com\\\/es\\\/motogp\\\/el-paron-invernal-primer-momento-clave-de-la-temporada\\\/#respond\"]}]},{\"@type\":\"WebPage\",\"@id\":\"https:\\\/\\\/www.boxrepsol.com\\\/es\\\/motogp\\\/el-paron-invernal-primer-momento-clave-de-la-temporada\\\/\",\"url\":\"https:\\\/\\\/www.boxrepsol.com\\\/es\\\/motogp\\\/el-paron-invernal-primer-momento-clave-de-la-temporada\\\/\",\"name\":\"El par\u00f3n invernal: primer momento clave de la temporada - Box Repsol\",\"isPartOf\":{\"@id\":\"https:\\\/\\\/www.boxrepsol.com\\\/es\\\/#website\"},\"primaryImageOfPage\":{\"@id\":\"https:\\\/\\\/www.boxrepsol.com\\\/es\\\/motogp\\\/el-paron-invernal-primer-momento-clave-de-la-temporada\\\/#primaryimage\"},\"image\":{\"@id\":\"https:\\\/\\\/www.boxrepsol.com\\\/es\\\/motogp\\\/el-paron-invernal-primer-momento-clave-de-la-temporada\\\/#primaryimage\"},\"thumbnailUrl\":\"https:\\\/\\\/www.boxrepsol.com\\\/wp-content\\\/uploads\\\/2022\\\/08\\\/25-marc-marquez-93-repsol-honda-motogp.jpg\",\"datePublished\":\"2016-02-24T02:00:00+00:00\",\"dateModified\":\"2024-05-07T07:58:57+00:00\",\"description\":\"Aunque faltan meses para que arranque el Mundial 2016, en muchos aspectos es ahora, durante el invierno, cuando se empiezan a dar los primeros pasos...\",\"breadcrumb\":{\"@id\":\"https:\\\/\\\/www.boxrepsol.com\\\/es\\\/motogp\\\/el-paron-invernal-primer-momento-clave-de-la-temporada\\\/#breadcrumb\"},\"inLanguage\":\"es\",\"potentialAction\":[{\"@type\":\"ReadAction\",\"target\":[\"https:\\\/\\\/www.boxrepsol.com\\\/es\\\/motogp\\\/el-paron-invernal-primer-momento-clave-de-la-temporada\\\/\"]}]},{\"@type\":\"ImageObject\",\"inLanguage\":\"es\",\"@id\":\"https:\\\/\\\/www.boxrepsol.com\\\/es\\\/motogp\\\/el-paron-invernal-primer-momento-clave-de-la-temporada\\\/#primaryimage\",\"url\":\"https:\\\/\\\/www.boxrepsol.com\\\/wp-content\\\/uploads\\\/2022\\\/08\\\/25-marc-marquez-93-repsol-honda-motogp.jpg\",\"contentUrl\":\"https:\\\/\\\/www.boxrepsol.com\\\/wp-content\\\/uploads\\\/2022\\\/08\\\/25-marc-marquez-93-repsol-honda-motogp.jpg\",\"width\":1280,\"height\":853,\"caption\":\"17 Malasia 22, 23, 24 y 25 de octubre de 2015; circuito de Sepang. MotoGP; mgp; motogp\"},{\"@type\":\"BreadcrumbList\",\"@id\":\"https:\\\/\\\/www.boxrepsol.com\\\/es\\\/motogp\\\/el-paron-invernal-primer-momento-clave-de-la-temporada\\\/#breadcrumb\",\"itemListElement\":[{\"@type\":\"ListItem\",\"position\":1,\"name\":\"Home\",\"item\":\"https:\\\/\\\/www.boxrepsol.com\\\/es\\\/\"},{\"@type\":\"ListItem\",\"position\":2,\"name\":\"El par\u00f3n invernal: primer momento clave de la temporada\"}]},{\"@type\":\"WebSite\",\"@id\":\"https:\\\/\\\/www.boxrepsol.com\\\/es\\\/#website\",\"url\":\"https:\\\/\\\/www.boxrepsol.com\\\/es\\\/\",\"name\":\"Box Repsol\",\"description\":\"Box Repsol Site\",\"publisher\":{\"@id\":\"https:\\\/\\\/www.boxrepsol.com\\\/es\\\/#organization\"},\"potentialAction\":[{\"@type\":\"SearchAction\",\"target\":{\"@type\":\"EntryPoint\",\"urlTemplate\":\"https:\\\/\\\/www.boxrepsol.com\\\/es\\\/?s={search_term_string}\"},\"query-input\":{\"@type\":\"PropertyValueSpecification\",\"valueRequired\":true,\"valueName\":\"search_term_string\"}}],\"inLanguage\":\"es\"},{\"@type\":\"Organization\",\"@id\":\"https:\\\/\\\/www.boxrepsol.com\\\/es\\\/#organization\",\"name\":\"Box Repsol\",\"url\":\"https:\\\/\\\/www.boxrepsol.com\\\/es\\\/\",\"logo\":{\"@type\":\"ImageObject\",\"inLanguage\":\"es\",\"@id\":\"https:\\\/\\\/www.boxrepsol.com\\\/es\\\/#\\\/schema\\\/logo\\\/image\\\/\",\"url\":\"https:\\\/\\\/bxrepsol.s3.eu-west-1.amazonaws.com\\\/static\\\/2025\\\/07\\\/30083337\\\/favicon-96x96-1.png\",\"contentUrl\":\"https:\\\/\\\/bxrepsol.s3.eu-west-1.amazonaws.com\\\/static\\\/2025\\\/07\\\/30083337\\\/favicon-96x96-1.png\",\"width\":96,\"height\":96,\"caption\":\"Box Repsol\"},\"image\":{\"@id\":\"https:\\\/\\\/www.boxrepsol.com\\\/es\\\/#\\\/schema\\\/logo\\\/image\\\/\"},\"sameAs\":[\"https:\\\/\\\/www.facebook.com\\\/BoxRepsol\",\"https:\\\/\\\/x.com\\\/box_repsol\",\"http:\\\/\\\/instagram.com\\\/box_repsol\",\"https:\\\/\\\/www.youtube.com\\\/user\\\/RepsolCompeticion\",\"https:\\\/\\\/www.flickr.com\\\/photos\\\/box_repsol\\\/\"]},{\"@type\":\"Person\",\"@id\":\"https:\\\/\\\/www.boxrepsol.com\\\/es\\\/#\\\/schema\\\/person\\\/c5c2138f2cca251b0ad92b7086bb60b7\",\"name\":\"Redacci\u00f3n Box Repsol\",\"image\":{\"@type\":\"ImageObject\",\"inLanguage\":\"es\",\"@id\":\"https:\\\/\\\/secure.gravatar.com\\\/avatar\\\/adf7b77e38b4419baf32c7e9c21dde01f4e40df611f0978e3006fc4ba0aaab7e?s=96&d=mm&r=g\",\"url\":\"https:\\\/\\\/secure.gravatar.com\\\/avatar\\\/adf7b77e38b4419baf32c7e9c21dde01f4e40df611f0978e3006fc4ba0aaab7e?s=96&d=mm&r=g\",\"contentUrl\":\"https:\\\/\\\/secure.gravatar.com\\\/avatar\\\/adf7b77e38b4419baf32c7e9c21dde01f4e40df611f0978e3006fc4ba0aaab7e?s=96&d=mm&r=g\",\"caption\":\"Redacci\u00f3n Box Repsol\"},\"description\":\"Box Repsol lo forma un equipo de periodistas, community managers, dise\u00f1adores y fot\u00f3grafos con m\u00e1s de 20 a\u00f1os de experiencia en el mundo del motorsport. Hemos vivido el primer mundial de un espa\u00f1ol en la categor\u00eda reina de motociclismo con \u00c1lex Crivill\u00e9, estuvimos en las victorias de Pedrosa y los t\u00edtulos de M\u00e1rquez, acompa\u00f1amos en \u00c1frica a Nani Roma y Marc Coma en sus conquistas del Dakar y hemos vibrado con los t\u00edtulos de Toni Bou en Trial. Adem\u00e1s, en nuestro equipo contamos con expertos en el mundo de las dos y cuatro ruedas tanto de la calle y las carreteras, como de los circuitos. Periodistas que han trabajado en revistas y publicaciones para hacerte llegar desde rutas y consejos de mantenimiento, a curiosidades y trucos de pilotaje.\",\"sameAs\":[\"https:\\\/\\\/www.facebook.com\\\/BoxRepsol\\\/\",\"https:\\\/\\\/www.instagram.com\\\/box_repsol\\\/\",\"https:\\\/\\\/x.com\\\/https:\\\/\\\/twitter.com\\\/box_repsol\",\"https:\\\/\\\/www.youtube.com\\\/@Boxrepsol\"],\"url\":\"https:\\\/\\\/www.boxrepsol.com\\\/es\\\/author\\\/redaccion-box-repsol\\\/\"}]}<\/script>\n<!-- \/ Yoast SEO plugin. -->","yoast_head_json":{"title":"El par\u00f3n invernal: primer momento clave de la temporada - Box Repsol","description":"Aunque faltan meses para que arranque el Mundial 2016, en muchos aspectos es ahora, durante el invierno, cuando se empiezan a dar los primeros pasos...","canonical":"https:\/\/www.boxrepsol.com\/es\/motogp\/el-paron-invernal-primer-momento-clave-de-la-temporada\/","og_locale":"es_ES","og_type":"article","og_title":"El par\u00f3n invernal: primer momento clave de la temporada - Box Repsol","og_description":"Aunque faltan meses para que arranque el Mundial 2016, en muchos aspectos es ahora, durante el invierno, cuando se empiezan a dar los primeros pasos...","og_url":"https:\/\/www.boxrepsol.com\/es\/motogp\/el-paron-invernal-primer-momento-clave-de-la-temporada\/","og_site_name":"Box Repsol","article_publisher":"https:\/\/www.facebook.com\/BoxRepsol","article_author":"https:\/\/www.facebook.com\/BoxRepsol\/","article_published_time":"2016-02-24T02:00:00+00:00","article_modified_time":"2024-05-07T07:58:57+00:00","og_image":[{"width":1280,"height":853,"url":"https:\/\/www.boxrepsol.com\/wp-content\/uploads\/2022\/08\/25-marc-marquez-93-repsol-honda-motogp.jpg","type":"image\/jpeg"}],"author":"Redacci\u00f3n Box Repsol","twitter_card":"summary_large_image","twitter_creator":"@https:\/\/twitter.com\/box_repsol","twitter_site":"@box_repsol","twitter_misc":{"Written by":"Redacci\u00f3n Box Repsol","Est. reading time":"3 minutos"},"schema":{"@context":"https:\/\/schema.org","@graph":[{"@type":"Article","@id":"https:\/\/www.boxrepsol.com\/es\/motogp\/el-paron-invernal-primer-momento-clave-de-la-temporada\/#article","isPartOf":{"@id":"https:\/\/www.boxrepsol.com\/es\/motogp\/el-paron-invernal-primer-momento-clave-de-la-temporada\/"},"author":{"name":"Redacci\u00f3n Box Repsol","@id":"https:\/\/www.boxrepsol.com\/es\/#\/schema\/person\/c5c2138f2cca251b0ad92b7086bb60b7"},"headline":"El par\u00f3n invernal: primer momento clave de la temporada","datePublished":"2016-02-24T02:00:00+00:00","dateModified":"2024-05-07T07:58:57+00:00","mainEntityOfPage":{"@id":"https:\/\/www.boxrepsol.com\/es\/motogp\/el-paron-invernal-primer-momento-clave-de-la-temporada\/"},"wordCount":537,"commentCount":0,"publisher":{"@id":"https:\/\/www.boxrepsol.com\/es\/#organization"},"image":{"@id":"https:\/\/www.boxrepsol.com\/es\/motogp\/el-paron-invernal-primer-momento-clave-de-la-temporada\/#primaryimage"},"thumbnailUrl":"https:\/\/www.boxrepsol.com\/wp-content\/uploads\/2022\/08\/25-marc-marquez-93-repsol-honda-motogp.jpg","keywords":["Campeonato del Mundo de Motociclismo"],"articleSection":["MotoGP"],"inLanguage":"es","potentialAction":[{"@type":"CommentAction","name":"Comment","target":["https:\/\/www.boxrepsol.com\/es\/motogp\/el-paron-invernal-primer-momento-clave-de-la-temporada\/#respond"]}]},{"@type":"WebPage","@id":"https:\/\/www.boxrepsol.com\/es\/motogp\/el-paron-invernal-primer-momento-clave-de-la-temporada\/","url":"https:\/\/www.boxrepsol.com\/es\/motogp\/el-paron-invernal-primer-momento-clave-de-la-temporada\/","name":"El par\u00f3n invernal: primer momento clave de la temporada - Box Repsol","isPartOf":{"@id":"https:\/\/www.boxrepsol.com\/es\/#website"},"primaryImageOfPage":{"@id":"https:\/\/www.boxrepsol.com\/es\/motogp\/el-paron-invernal-primer-momento-clave-de-la-temporada\/#primaryimage"},"image":{"@id":"https:\/\/www.boxrepsol.com\/es\/motogp\/el-paron-invernal-primer-momento-clave-de-la-temporada\/#primaryimage"},"thumbnailUrl":"https:\/\/www.boxrepsol.com\/wp-content\/uploads\/2022\/08\/25-marc-marquez-93-repsol-honda-motogp.jpg","datePublished":"2016-02-24T02:00:00+00:00","dateModified":"2024-05-07T07:58:57+00:00","description":"Aunque faltan meses para que arranque el Mundial 2016, en muchos aspectos es ahora, durante el invierno, cuando se empiezan a dar los primeros pasos...","breadcrumb":{"@id":"https:\/\/www.boxrepsol.com\/es\/motogp\/el-paron-invernal-primer-momento-clave-de-la-temporada\/#breadcrumb"},"inLanguage":"es","potentialAction":[{"@type":"ReadAction","target":["https:\/\/www.boxrepsol.com\/es\/motogp\/el-paron-invernal-primer-momento-clave-de-la-temporada\/"]}]},{"@type":"ImageObject","inLanguage":"es","@id":"https:\/\/www.boxrepsol.com\/es\/motogp\/el-paron-invernal-primer-momento-clave-de-la-temporada\/#primaryimage","url":"https:\/\/www.boxrepsol.com\/wp-content\/uploads\/2022\/08\/25-marc-marquez-93-repsol-honda-motogp.jpg","contentUrl":"https:\/\/www.boxrepsol.com\/wp-content\/uploads\/2022\/08\/25-marc-marquez-93-repsol-honda-motogp.jpg","width":1280,"height":853,"caption":"17 Malasia 22, 23, 24 y 25 de octubre de 2015; circuito de Sepang. MotoGP; mgp; motogp"},{"@type":"BreadcrumbList","@id":"https:\/\/www.boxrepsol.com\/es\/motogp\/el-paron-invernal-primer-momento-clave-de-la-temporada\/#breadcrumb","itemListElement":[{"@type":"ListItem","position":1,"name":"Home","item":"https:\/\/www.boxrepsol.com\/es\/"},{"@type":"ListItem","position":2,"name":"El par\u00f3n invernal: primer momento clave de la temporada"}]},{"@type":"WebSite","@id":"https:\/\/www.boxrepsol.com\/es\/#website","url":"https:\/\/www.boxrepsol.com\/es\/","name":"Box Repsol","description":"Box Repsol Site","publisher":{"@id":"https:\/\/www.boxrepsol.com\/es\/#organization"},"potentialAction":[{"@type":"SearchAction","target":{"@type":"EntryPoint","urlTemplate":"https:\/\/www.boxrepsol.com\/es\/?s={search_term_string}"},"query-input":{"@type":"PropertyValueSpecification","valueRequired":true,"valueName":"search_term_string"}}],"inLanguage":"es"},{"@type":"Organization","@id":"https:\/\/www.boxrepsol.com\/es\/#organization","name":"Box Repsol","url":"https:\/\/www.boxrepsol.com\/es\/","logo":{"@type":"ImageObject","inLanguage":"es","@id":"https:\/\/www.boxrepsol.com\/es\/#\/schema\/logo\/image\/","url":"https:\/\/bxrepsol.s3.eu-west-1.amazonaws.com\/static\/2025\/07\/30083337\/favicon-96x96-1.png","contentUrl":"https:\/\/bxrepsol.s3.eu-west-1.amazonaws.com\/static\/2025\/07\/30083337\/favicon-96x96-1.png","width":96,"height":96,"caption":"Box Repsol"},"image":{"@id":"https:\/\/www.boxrepsol.com\/es\/#\/schema\/logo\/image\/"},"sameAs":["https:\/\/www.facebook.com\/BoxRepsol","https:\/\/x.com\/box_repsol","http:\/\/instagram.com\/box_repsol","https:\/\/www.youtube.com\/user\/RepsolCompeticion","https:\/\/www.flickr.com\/photos\/box_repsol\/"]},{"@type":"Person","@id":"https:\/\/www.boxrepsol.com\/es\/#\/schema\/person\/c5c2138f2cca251b0ad92b7086bb60b7","name":"Redacci\u00f3n Box Repsol","image":{"@type":"ImageObject","inLanguage":"es","@id":"https:\/\/secure.gravatar.com\/avatar\/adf7b77e38b4419baf32c7e9c21dde01f4e40df611f0978e3006fc4ba0aaab7e?s=96&d=mm&r=g","url":"https:\/\/secure.gravatar.com\/avatar\/adf7b77e38b4419baf32c7e9c21dde01f4e40df611f0978e3006fc4ba0aaab7e?s=96&d=mm&r=g","contentUrl":"https:\/\/secure.gravatar.com\/avatar\/adf7b77e38b4419baf32c7e9c21dde01f4e40df611f0978e3006fc4ba0aaab7e?s=96&d=mm&r=g","caption":"Redacci\u00f3n Box Repsol"},"description":"Box Repsol lo forma un equipo de periodistas, community managers, dise\u00f1adores y fot\u00f3grafos con m\u00e1s de 20 a\u00f1os de experiencia en el mundo del motorsport. Hemos vivido el primer mundial de un espa\u00f1ol en la categor\u00eda reina de motociclismo con \u00c1lex Crivill\u00e9, estuvimos en las victorias de Pedrosa y los t\u00edtulos de M\u00e1rquez, acompa\u00f1amos en \u00c1frica a Nani Roma y Marc Coma en sus conquistas del Dakar y hemos vibrado con los t\u00edtulos de Toni Bou en Trial. Adem\u00e1s, en nuestro equipo contamos con expertos en el mundo de las dos y cuatro ruedas tanto de la calle y las carreteras, como de los circuitos. Periodistas que han trabajado en revistas y publicaciones para hacerte llegar desde rutas y consejos de mantenimiento, a curiosidades y trucos de pilotaje.","sameAs":["https:\/\/www.facebook.com\/BoxRepsol\/","https:\/\/www.instagram.com\/box_repsol\/","https:\/\/x.com\/https:\/\/twitter.com\/box_repsol","https:\/\/www.youtube.com\/@Boxrepsol"],"url":"https:\/\/www.boxrepsol.com\/es\/author\/redaccion-box-repsol\/"}]}},"_links":{"self":[{"href":"https:\/\/www.boxrepsol.com\/es\/wp-json\/wp\/v2\/posts\/90043","targetHints":{"allow":["GET"]}}],"collection":[{"href":"https:\/\/www.boxrepsol.com\/es\/wp-json\/wp\/v2\/posts"}],"about":[{"href":"https:\/\/www.boxrepsol.com\/es\/wp-json\/wp\/v2\/types\/post"}],"author":[{"embeddable":true,"href":"https:\/\/www.boxrepsol.com\/es\/wp-json\/wp\/v2\/users\/43146"}],"replies":[{"embeddable":true,"href":"https:\/\/www.boxrepsol.com\/es\/wp-json\/wp\/v2\/comments?post=90043"}],"version-history":[{"count":1,"href":"https:\/\/www.boxrepsol.com\/es\/wp-json\/wp\/v2\/posts\/90043\/revisions"}],"predecessor-version":[{"id":90044,"href":"https:\/\/www.boxrepsol.com\/es\/wp-json\/wp\/v2\/posts\/90043\/revisions\/90044"}],"wp:featuredmedia":[{"embeddable":true,"href":"https:\/\/www.boxrepsol.com\/es\/wp-json\/wp\/v2\/media\/86131"}],"wp:attachment":[{"href":"https:\/\/www.boxrepsol.com\/es\/wp-json\/wp\/v2\/media?parent=90043"}],"wp:term":[{"taxonomy":"category","embeddable":true,"href":"https:\/\/www.boxrepsol.com\/es\/wp-json\/wp\/v2\/categories?post=90043"},{"taxonomy":"post_tag","embeddable":true,"href":"https:\/\/www.boxrepsol.com\/es\/wp-json\/wp\/v2\/tags?post=90043"}],"curies":[{"name":"wp","href":"https:\/\/api.w.org\/{rel}","templated":true}]}}