{"id":90039,"date":"2016-02-24T00:00:00","date_gmt":"2016-02-24T02:00:00","guid":{"rendered":"http:\/\/pre.boxrepsol.com\/sin-categorizar\/del-cev-a-motogp-el-salto-al-campeonato-del-mundo-de-motociclismo\/"},"modified":"2024-05-07T05:58:41","modified_gmt":"2024-05-07T07:58:41","slug":"del-cev-a-motogp-el-salto-al-campeonato-del-mundo-de-motociclismo","status":"publish","type":"post","link":"https:\/\/www.boxrepsol.com\/es\/sin-categorizar\/del-cev-a-motogp-el-salto-al-campeonato-del-mundo-de-motociclismo\/","title":{"rendered":"Del CEV a MotoGP: el salto al Campeonato del Mundo de Motociclismo"},"content":{"rendered":"<blockquote>\n<p>El FIM CEV Repsol ayuda a los pilotos a llegar cada vez mejor preparados al Mundial. #MotoGP <\/p>\n<p>            <a href=\"http:\/\/twitter.com\/share?text=El+FIM+CEV+Repsol+ayuda+a+los+pilotos+a+llegar+cada+vez+mejor+preparados+al+Mundial.+%23MotoGP+&#038;url=http%3A%2F%2F34.249.211.158%2Fes%2Fcev%2Fdel-cev-a-motogp-el-salto-al-campeonato-del-mundo-de-motociclismo%2F&#038;hashtags=\" target=\"_blank\" rel=\"noopener\"><br \/>\n            twittear        <\/a>\n        <\/p><\/blockquote>\n<p>El FIM CEV Repsol es un conjunto de <strong>ilusiones, metas y aspiraciones<\/strong>. Pero el salto de ah\u00ed al Mundial siempre es complejo. Aquellos pilotos que logran darlo se encuentran con un entorno m\u00e1s exigente, plenamente profesionalizado y con una atenci\u00f3n medi\u00e1tica importante.<\/p>\n<h3>\n<strong>FIM CEV Repsol, Escuela de Formaci\u00f3n<\/strong><\/h3>\n<p>Afortunadamente el FIM CEV Repsol, adem\u00e1s de ser un campeonato con un nivel cada vez mayor, es ya toda una escuela de formaci\u00f3n. Lo es en un sentido amplio y completo, abarcando muchos aspectos que ayudan a los j\u00f3venes talentos que all\u00ed compiten a madurar y formarse en aspectos deportivos pero tambi\u00e9n personales y psicol\u00f3gicos.<\/p>\n<p>\t\t\t\t<img decoding=\"async\" src=\"https:\/\/bxrepsol.s3.eu-west-1.amazonaws.com\/static\/2022\/08\/29050147\/19-cev-carrera-salida-scaled.jpg\" alt=\"19-cev-carrera-salida\" itemprop=\"image\"  \/><\/p>\n<h3>Trabajo de equipo en MotoGP<\/h3>\n<p>En el paddock mundialista, los \u2018rookies\u2019 llegados del FIM CEV Repsol se encuentran enmarcados en una estructura de equipo que puede oscilar, seg\u00fan el caso, entre grupos de mayor o de menor volumen. En cualquiera de los casos, <strong>el trabajo en equipo es vital<\/strong>.<\/p>\n<p>Afortunadamente para ellos, el creciente nivel del FIM CEV Repsol ha hecho que los j\u00f3venes pilotos que dan hoy sus primeros pasos hayan aprendido a comunicarse con sus compa\u00f1eros de forma muy eficaz. Saben compartir horas de box, transmitir sus sensaciones sobre la moto de la manera m\u00e1s exacta, compartir preocupaciones y alegr\u00edas, fortalecer el sentimiento de grupo\u2026<\/p>\n<p>Este aprendizaje\u00a0 es clave para que, una vez en el <strong>Mundial de MotoGP<\/strong>, sepan trabajar desde el comienzo como <strong>un piloto profesiona<\/strong><strong>l<\/strong> que es capaz de hacer ver sus impresiones de forma clara y directa a sus mec\u00e1nicos.<\/p>\n<p>\t\t\t\t<img decoding=\"async\" src=\"https:\/\/bxrepsol.s3.eu-west-1.amazonaws.com\/static\/2022\/08\/29050152\/20-cev-motogp-scaled.jpg\" alt=\"20-cev-motogp\" itemprop=\"image\"  \/><\/p>\n<h3><strong>Los medios y el FIM CEV Repsol<br \/>\n<\/strong><\/h3>\n<p>El FIM CEV Repsol es tambi\u00e9n un campeonato muy igualado, por la calidad y talento de los pilotos participantes, y tambi\u00e9n porque se ha internacionalizado. J\u00f3venes de todas partes del mundo llegan a Espa\u00f1a por el prestigio que el campeonato ha adquirido. La prueba disputada el a\u00f1o pasado en Jerez, por ejemplo, acogi\u00f3 a pilotos de <strong>hasta 27 nacionalidades diferentes<\/strong>.<\/p>\n<p>Estos j\u00f3venes talentos aprenden enseguida a hacer frente a todo tipo de situaciones de tensi\u00f3n: llegadas en grupo o carreras con un volumen alto de adelantamientos. Esos cl\u00e1sicos finales \u201capretados\u201d de la categor\u00eda Moto3 en el Mundial no son, por lo tanto, ning\u00fan misterio para ellos cuando dan el salto.<\/p>\n<p>Adem\u00e1s, el <strong>FIM CEV Repsol es un campeonato televisado<\/strong>, con atenci\u00f3n medi\u00e1tica y con un seguimiento que no es habitual encontrar en las categor\u00edas junior de otros deportes.<\/p>\n<p>Por lo tanto, tambi\u00e9n en ese aspecto, la organizaci\u00f3n del <strong>FIM CEV REPSOL ayuda a educar a los pilotos en su trato con los medios<\/strong> y en la forma de actuar y comportarse. Esto es especialmente importante, ya que hablamos de la responsabilidad que acarrea convertirse en el futuro en un deportista profesional cuya imagen p\u00fablica, por qu\u00e9 no, puede llegar a ser la de un \u00eddolo para muchos j\u00f3venes, que so\u00f1ar\u00e1n con seguir sus pasos.<\/p>\n","protected":false},"excerpt":{"rendered":"<p>El FIM CEV Repsol acoge cada a\u00f1o a decenas de j\u00f3venes talentos, cuyo sue\u00f1o es dar el salto al Campeonato del Mundo de Motociclismo y competir al lado de sus \u00eddolos. El paso al Mundial no es sencillo, y las exigencias son muchas para los reci\u00e9n llegados.<\/p>\n","protected":false},"author":43146,"featured_media":86121,"comment_status":"open","ping_status":"open","sticky":false,"template":"","format":"standard","meta":{"footnotes":""},"categories":[1],"tags":[130],"class_list":["post-90039","post","type-post","status-publish","format-standard","hentry","category-sin-categorizar","tag-otros-eventos-y-competiciones"],"yoast_head":"<!-- This site is optimized with the Yoast SEO plugin v27.3 - https:\/\/yoast.com\/product\/yoast-seo-wordpress\/ -->\n<title>Del CEV a MotoGP: el salto al Campeonato del Mundo de Motociclismo - Box Repsol<\/title>\n<meta name=\"description\" content=\"El FIM CEV Repsol acoge cada a\u00f1o a decenas de j\u00f3venes talentos, cuyo sue\u00f1o es dar el salto al Campeonato del Mundo de Motociclismo y competir...\" \/>\n<link rel=\"canonical\" href=\"https:\/\/www.boxrepsol.com\/es\/sin-categorizar\/del-cev-a-motogp-el-salto-al-campeonato-del-mundo-de-motociclismo\/\" \/>\n<meta property=\"og:locale\" content=\"es_ES\" \/>\n<meta property=\"og:type\" content=\"article\" \/>\n<meta property=\"og:title\" content=\"Del CEV a MotoGP: el salto al Campeonato del Mundo de Motociclismo - Box Repsol\" \/>\n<meta property=\"og:description\" content=\"El FIM CEV Repsol acoge cada a\u00f1o a decenas de j\u00f3venes talentos, cuyo sue\u00f1o es dar el salto al Campeonato del Mundo de Motociclismo y competir...\" \/>\n<meta property=\"og:url\" content=\"https:\/\/www.boxrepsol.com\/es\/sin-categorizar\/del-cev-a-motogp-el-salto-al-campeonato-del-mundo-de-motociclismo\/\" \/>\n<meta property=\"og:site_name\" content=\"Box Repsol\" \/>\n<meta property=\"article:publisher\" content=\"https:\/\/www.facebook.com\/BoxRepsol\" \/>\n<meta property=\"article:author\" content=\"https:\/\/www.facebook.com\/BoxRepsol\/\" \/>\n<meta property=\"article:published_time\" content=\"2016-02-24T02:00:00+00:00\" \/>\n<meta property=\"article:modified_time\" content=\"2024-05-07T07:58:41+00:00\" \/>\n<meta property=\"og:image\" content=\"https:\/\/www.boxrepsol.com\/wp-content\/uploads\/2022\/08\/18-moto3-riders-cev-motogp.jpg\" \/>\n\t<meta property=\"og:image:width\" content=\"1024\" \/>\n\t<meta property=\"og:image:height\" content=\"429\" \/>\n\t<meta property=\"og:image:type\" content=\"image\/jpeg\" \/>\n<meta name=\"author\" content=\"Redacci\u00f3n Box Repsol\" \/>\n<meta name=\"twitter:card\" content=\"summary_large_image\" \/>\n<meta name=\"twitter:creator\" content=\"@https:\/\/twitter.com\/box_repsol\" \/>\n<meta name=\"twitter:site\" content=\"@box_repsol\" \/>\n<meta name=\"twitter:label1\" content=\"Written by\" \/>\n\t<meta name=\"twitter:data1\" content=\"Redacci\u00f3n Box Repsol\" \/>\n\t<meta name=\"twitter:label2\" content=\"Est. reading time\" \/>\n\t<meta name=\"twitter:data2\" content=\"3 minutos\" \/>\n<script type=\"application\/ld+json\" class=\"yoast-schema-graph\">{\"@context\":\"https:\\\/\\\/schema.org\",\"@graph\":[{\"@type\":\"Article\",\"@id\":\"https:\\\/\\\/www.boxrepsol.com\\\/es\\\/sin-categorizar\\\/del-cev-a-motogp-el-salto-al-campeonato-del-mundo-de-motociclismo\\\/#article\",\"isPartOf\":{\"@id\":\"https:\\\/\\\/www.boxrepsol.com\\\/es\\\/sin-categorizar\\\/del-cev-a-motogp-el-salto-al-campeonato-del-mundo-de-motociclismo\\\/\"},\"author\":{\"name\":\"Redacci\u00f3n Box Repsol\",\"@id\":\"https:\\\/\\\/www.boxrepsol.com\\\/es\\\/#\\\/schema\\\/person\\\/c5c2138f2cca251b0ad92b7086bb60b7\"},\"headline\":\"Del CEV a MotoGP: el salto al Campeonato del Mundo de Motociclismo\",\"datePublished\":\"2016-02-24T02:00:00+00:00\",\"dateModified\":\"2024-05-07T07:58:41+00:00\",\"mainEntityOfPage\":{\"@id\":\"https:\\\/\\\/www.boxrepsol.com\\\/es\\\/sin-categorizar\\\/del-cev-a-motogp-el-salto-al-campeonato-del-mundo-de-motociclismo\\\/\"},\"wordCount\":534,\"commentCount\":0,\"publisher\":{\"@id\":\"https:\\\/\\\/www.boxrepsol.com\\\/es\\\/#organization\"},\"image\":{\"@id\":\"https:\\\/\\\/www.boxrepsol.com\\\/es\\\/sin-categorizar\\\/del-cev-a-motogp-el-salto-al-campeonato-del-mundo-de-motociclismo\\\/#primaryimage\"},\"thumbnailUrl\":\"https:\\\/\\\/www.boxrepsol.com\\\/wp-content\\\/uploads\\\/2022\\\/08\\\/18-moto3-riders-cev-motogp.jpg\",\"keywords\":[\"otros eventos y competiciones\"],\"articleSection\":[\"Sin categorizar\"],\"inLanguage\":\"es\",\"potentialAction\":[{\"@type\":\"CommentAction\",\"name\":\"Comment\",\"target\":[\"https:\\\/\\\/www.boxrepsol.com\\\/es\\\/sin-categorizar\\\/del-cev-a-motogp-el-salto-al-campeonato-del-mundo-de-motociclismo\\\/#respond\"]}]},{\"@type\":\"WebPage\",\"@id\":\"https:\\\/\\\/www.boxrepsol.com\\\/es\\\/sin-categorizar\\\/del-cev-a-motogp-el-salto-al-campeonato-del-mundo-de-motociclismo\\\/\",\"url\":\"https:\\\/\\\/www.boxrepsol.com\\\/es\\\/sin-categorizar\\\/del-cev-a-motogp-el-salto-al-campeonato-del-mundo-de-motociclismo\\\/\",\"name\":\"Del CEV a MotoGP: el salto al Campeonato del Mundo de Motociclismo - Box Repsol\",\"isPartOf\":{\"@id\":\"https:\\\/\\\/www.boxrepsol.com\\\/es\\\/#website\"},\"primaryImageOfPage\":{\"@id\":\"https:\\\/\\\/www.boxrepsol.com\\\/es\\\/sin-categorizar\\\/del-cev-a-motogp-el-salto-al-campeonato-del-mundo-de-motociclismo\\\/#primaryimage\"},\"image\":{\"@id\":\"https:\\\/\\\/www.boxrepsol.com\\\/es\\\/sin-categorizar\\\/del-cev-a-motogp-el-salto-al-campeonato-del-mundo-de-motociclismo\\\/#primaryimage\"},\"thumbnailUrl\":\"https:\\\/\\\/www.boxrepsol.com\\\/wp-content\\\/uploads\\\/2022\\\/08\\\/18-moto3-riders-cev-motogp.jpg\",\"datePublished\":\"2016-02-24T02:00:00+00:00\",\"dateModified\":\"2024-05-07T07:58:41+00:00\",\"description\":\"El FIM CEV Repsol acoge cada a\u00f1o a decenas de j\u00f3venes talentos, cuyo sue\u00f1o es dar el salto al Campeonato del Mundo de Motociclismo y competir...\",\"breadcrumb\":{\"@id\":\"https:\\\/\\\/www.boxrepsol.com\\\/es\\\/sin-categorizar\\\/del-cev-a-motogp-el-salto-al-campeonato-del-mundo-de-motociclismo\\\/#breadcrumb\"},\"inLanguage\":\"es\",\"potentialAction\":[{\"@type\":\"ReadAction\",\"target\":[\"https:\\\/\\\/www.boxrepsol.com\\\/es\\\/sin-categorizar\\\/del-cev-a-motogp-el-salto-al-campeonato-del-mundo-de-motociclismo\\\/\"]}]},{\"@type\":\"ImageObject\",\"inLanguage\":\"es\",\"@id\":\"https:\\\/\\\/www.boxrepsol.com\\\/es\\\/sin-categorizar\\\/del-cev-a-motogp-el-salto-al-campeonato-del-mundo-de-motociclismo\\\/#primaryimage\",\"url\":\"https:\\\/\\\/www.boxrepsol.com\\\/wp-content\\\/uploads\\\/2022\\\/08\\\/18-moto3-riders-cev-motogp.jpg\",\"contentUrl\":\"https:\\\/\\\/www.boxrepsol.com\\\/wp-content\\\/uploads\\\/2022\\\/08\\\/18-moto3-riders-cev-motogp.jpg\",\"width\":1024,\"height\":429,\"caption\":\"Moto3 FIM CEV Repsol\"},{\"@type\":\"BreadcrumbList\",\"@id\":\"https:\\\/\\\/www.boxrepsol.com\\\/es\\\/sin-categorizar\\\/del-cev-a-motogp-el-salto-al-campeonato-del-mundo-de-motociclismo\\\/#breadcrumb\",\"itemListElement\":[{\"@type\":\"ListItem\",\"position\":1,\"name\":\"Home\",\"item\":\"https:\\\/\\\/www.boxrepsol.com\\\/es\\\/\"},{\"@type\":\"ListItem\",\"position\":2,\"name\":\"Del CEV a MotoGP: el salto al Campeonato del Mundo de Motociclismo\"}]},{\"@type\":\"WebSite\",\"@id\":\"https:\\\/\\\/www.boxrepsol.com\\\/es\\\/#website\",\"url\":\"https:\\\/\\\/www.boxrepsol.com\\\/es\\\/\",\"name\":\"Box Repsol\",\"description\":\"Box Repsol Site\",\"publisher\":{\"@id\":\"https:\\\/\\\/www.boxrepsol.com\\\/es\\\/#organization\"},\"potentialAction\":[{\"@type\":\"SearchAction\",\"target\":{\"@type\":\"EntryPoint\",\"urlTemplate\":\"https:\\\/\\\/www.boxrepsol.com\\\/es\\\/?s={search_term_string}\"},\"query-input\":{\"@type\":\"PropertyValueSpecification\",\"valueRequired\":true,\"valueName\":\"search_term_string\"}}],\"inLanguage\":\"es\"},{\"@type\":\"Organization\",\"@id\":\"https:\\\/\\\/www.boxrepsol.com\\\/es\\\/#organization\",\"name\":\"Box Repsol\",\"url\":\"https:\\\/\\\/www.boxrepsol.com\\\/es\\\/\",\"logo\":{\"@type\":\"ImageObject\",\"inLanguage\":\"es\",\"@id\":\"https:\\\/\\\/www.boxrepsol.com\\\/es\\\/#\\\/schema\\\/logo\\\/image\\\/\",\"url\":\"https:\\\/\\\/bxrepsol.s3.eu-west-1.amazonaws.com\\\/static\\\/2025\\\/07\\\/30083337\\\/favicon-96x96-1.png\",\"contentUrl\":\"https:\\\/\\\/bxrepsol.s3.eu-west-1.amazonaws.com\\\/static\\\/2025\\\/07\\\/30083337\\\/favicon-96x96-1.png\",\"width\":96,\"height\":96,\"caption\":\"Box Repsol\"},\"image\":{\"@id\":\"https:\\\/\\\/www.boxrepsol.com\\\/es\\\/#\\\/schema\\\/logo\\\/image\\\/\"},\"sameAs\":[\"https:\\\/\\\/www.facebook.com\\\/BoxRepsol\",\"https:\\\/\\\/x.com\\\/box_repsol\",\"http:\\\/\\\/instagram.com\\\/box_repsol\",\"https:\\\/\\\/www.youtube.com\\\/user\\\/RepsolCompeticion\",\"https:\\\/\\\/www.flickr.com\\\/photos\\\/box_repsol\\\/\"]},{\"@type\":\"Person\",\"@id\":\"https:\\\/\\\/www.boxrepsol.com\\\/es\\\/#\\\/schema\\\/person\\\/c5c2138f2cca251b0ad92b7086bb60b7\",\"name\":\"Redacci\u00f3n Box Repsol\",\"image\":{\"@type\":\"ImageObject\",\"inLanguage\":\"es\",\"@id\":\"https:\\\/\\\/secure.gravatar.com\\\/avatar\\\/adf7b77e38b4419baf32c7e9c21dde01f4e40df611f0978e3006fc4ba0aaab7e?s=96&d=mm&r=g\",\"url\":\"https:\\\/\\\/secure.gravatar.com\\\/avatar\\\/adf7b77e38b4419baf32c7e9c21dde01f4e40df611f0978e3006fc4ba0aaab7e?s=96&d=mm&r=g\",\"contentUrl\":\"https:\\\/\\\/secure.gravatar.com\\\/avatar\\\/adf7b77e38b4419baf32c7e9c21dde01f4e40df611f0978e3006fc4ba0aaab7e?s=96&d=mm&r=g\",\"caption\":\"Redacci\u00f3n Box Repsol\"},\"description\":\"Box Repsol lo forma un equipo de periodistas, community managers, dise\u00f1adores y fot\u00f3grafos con m\u00e1s de 20 a\u00f1os de experiencia en el mundo del motorsport. Hemos vivido el primer mundial de un espa\u00f1ol en la categor\u00eda reina de motociclismo con \u00c1lex Crivill\u00e9, estuvimos en las victorias de Pedrosa y los t\u00edtulos de M\u00e1rquez, acompa\u00f1amos en \u00c1frica a Nani Roma y Marc Coma en sus conquistas del Dakar y hemos vibrado con los t\u00edtulos de Toni Bou en Trial. Adem\u00e1s, en nuestro equipo contamos con expertos en el mundo de las dos y cuatro ruedas tanto de la calle y las carreteras, como de los circuitos. Periodistas que han trabajado en revistas y publicaciones para hacerte llegar desde rutas y consejos de mantenimiento, a curiosidades y trucos de pilotaje.\",\"sameAs\":[\"https:\\\/\\\/www.facebook.com\\\/BoxRepsol\\\/\",\"https:\\\/\\\/www.instagram.com\\\/box_repsol\\\/\",\"https:\\\/\\\/x.com\\\/https:\\\/\\\/twitter.com\\\/box_repsol\",\"https:\\\/\\\/www.youtube.com\\\/@Boxrepsol\"],\"url\":\"https:\\\/\\\/www.boxrepsol.com\\\/es\\\/author\\\/redaccion-box-repsol\\\/\"}]}<\/script>\n<!-- \/ Yoast SEO plugin. -->","yoast_head_json":{"title":"Del CEV a MotoGP: el salto al Campeonato del Mundo de Motociclismo - Box Repsol","description":"El FIM CEV Repsol acoge cada a\u00f1o a decenas de j\u00f3venes talentos, cuyo sue\u00f1o es dar el salto al Campeonato del Mundo de Motociclismo y competir...","canonical":"https:\/\/www.boxrepsol.com\/es\/sin-categorizar\/del-cev-a-motogp-el-salto-al-campeonato-del-mundo-de-motociclismo\/","og_locale":"es_ES","og_type":"article","og_title":"Del CEV a MotoGP: el salto al Campeonato del Mundo de Motociclismo - Box Repsol","og_description":"El FIM CEV Repsol acoge cada a\u00f1o a decenas de j\u00f3venes talentos, cuyo sue\u00f1o es dar el salto al Campeonato del Mundo de Motociclismo y competir...","og_url":"https:\/\/www.boxrepsol.com\/es\/sin-categorizar\/del-cev-a-motogp-el-salto-al-campeonato-del-mundo-de-motociclismo\/","og_site_name":"Box Repsol","article_publisher":"https:\/\/www.facebook.com\/BoxRepsol","article_author":"https:\/\/www.facebook.com\/BoxRepsol\/","article_published_time":"2016-02-24T02:00:00+00:00","article_modified_time":"2024-05-07T07:58:41+00:00","og_image":[{"width":1024,"height":429,"url":"https:\/\/www.boxrepsol.com\/wp-content\/uploads\/2022\/08\/18-moto3-riders-cev-motogp.jpg","type":"image\/jpeg"}],"author":"Redacci\u00f3n Box Repsol","twitter_card":"summary_large_image","twitter_creator":"@https:\/\/twitter.com\/box_repsol","twitter_site":"@box_repsol","twitter_misc":{"Written by":"Redacci\u00f3n Box Repsol","Est. reading time":"3 minutos"},"schema":{"@context":"https:\/\/schema.org","@graph":[{"@type":"Article","@id":"https:\/\/www.boxrepsol.com\/es\/sin-categorizar\/del-cev-a-motogp-el-salto-al-campeonato-del-mundo-de-motociclismo\/#article","isPartOf":{"@id":"https:\/\/www.boxrepsol.com\/es\/sin-categorizar\/del-cev-a-motogp-el-salto-al-campeonato-del-mundo-de-motociclismo\/"},"author":{"name":"Redacci\u00f3n Box Repsol","@id":"https:\/\/www.boxrepsol.com\/es\/#\/schema\/person\/c5c2138f2cca251b0ad92b7086bb60b7"},"headline":"Del CEV a MotoGP: el salto al Campeonato del Mundo de Motociclismo","datePublished":"2016-02-24T02:00:00+00:00","dateModified":"2024-05-07T07:58:41+00:00","mainEntityOfPage":{"@id":"https:\/\/www.boxrepsol.com\/es\/sin-categorizar\/del-cev-a-motogp-el-salto-al-campeonato-del-mundo-de-motociclismo\/"},"wordCount":534,"commentCount":0,"publisher":{"@id":"https:\/\/www.boxrepsol.com\/es\/#organization"},"image":{"@id":"https:\/\/www.boxrepsol.com\/es\/sin-categorizar\/del-cev-a-motogp-el-salto-al-campeonato-del-mundo-de-motociclismo\/#primaryimage"},"thumbnailUrl":"https:\/\/www.boxrepsol.com\/wp-content\/uploads\/2022\/08\/18-moto3-riders-cev-motogp.jpg","keywords":["otros eventos y competiciones"],"articleSection":["Sin categorizar"],"inLanguage":"es","potentialAction":[{"@type":"CommentAction","name":"Comment","target":["https:\/\/www.boxrepsol.com\/es\/sin-categorizar\/del-cev-a-motogp-el-salto-al-campeonato-del-mundo-de-motociclismo\/#respond"]}]},{"@type":"WebPage","@id":"https:\/\/www.boxrepsol.com\/es\/sin-categorizar\/del-cev-a-motogp-el-salto-al-campeonato-del-mundo-de-motociclismo\/","url":"https:\/\/www.boxrepsol.com\/es\/sin-categorizar\/del-cev-a-motogp-el-salto-al-campeonato-del-mundo-de-motociclismo\/","name":"Del CEV a MotoGP: el salto al Campeonato del Mundo de Motociclismo - Box Repsol","isPartOf":{"@id":"https:\/\/www.boxrepsol.com\/es\/#website"},"primaryImageOfPage":{"@id":"https:\/\/www.boxrepsol.com\/es\/sin-categorizar\/del-cev-a-motogp-el-salto-al-campeonato-del-mundo-de-motociclismo\/#primaryimage"},"image":{"@id":"https:\/\/www.boxrepsol.com\/es\/sin-categorizar\/del-cev-a-motogp-el-salto-al-campeonato-del-mundo-de-motociclismo\/#primaryimage"},"thumbnailUrl":"https:\/\/www.boxrepsol.com\/wp-content\/uploads\/2022\/08\/18-moto3-riders-cev-motogp.jpg","datePublished":"2016-02-24T02:00:00+00:00","dateModified":"2024-05-07T07:58:41+00:00","description":"El FIM CEV Repsol acoge cada a\u00f1o a decenas de j\u00f3venes talentos, cuyo sue\u00f1o es dar el salto al Campeonato del Mundo de Motociclismo y competir...","breadcrumb":{"@id":"https:\/\/www.boxrepsol.com\/es\/sin-categorizar\/del-cev-a-motogp-el-salto-al-campeonato-del-mundo-de-motociclismo\/#breadcrumb"},"inLanguage":"es","potentialAction":[{"@type":"ReadAction","target":["https:\/\/www.boxrepsol.com\/es\/sin-categorizar\/del-cev-a-motogp-el-salto-al-campeonato-del-mundo-de-motociclismo\/"]}]},{"@type":"ImageObject","inLanguage":"es","@id":"https:\/\/www.boxrepsol.com\/es\/sin-categorizar\/del-cev-a-motogp-el-salto-al-campeonato-del-mundo-de-motociclismo\/#primaryimage","url":"https:\/\/www.boxrepsol.com\/wp-content\/uploads\/2022\/08\/18-moto3-riders-cev-motogp.jpg","contentUrl":"https:\/\/www.boxrepsol.com\/wp-content\/uploads\/2022\/08\/18-moto3-riders-cev-motogp.jpg","width":1024,"height":429,"caption":"Moto3 FIM CEV Repsol"},{"@type":"BreadcrumbList","@id":"https:\/\/www.boxrepsol.com\/es\/sin-categorizar\/del-cev-a-motogp-el-salto-al-campeonato-del-mundo-de-motociclismo\/#breadcrumb","itemListElement":[{"@type":"ListItem","position":1,"name":"Home","item":"https:\/\/www.boxrepsol.com\/es\/"},{"@type":"ListItem","position":2,"name":"Del CEV a MotoGP: el salto al Campeonato del Mundo de Motociclismo"}]},{"@type":"WebSite","@id":"https:\/\/www.boxrepsol.com\/es\/#website","url":"https:\/\/www.boxrepsol.com\/es\/","name":"Box Repsol","description":"Box Repsol Site","publisher":{"@id":"https:\/\/www.boxrepsol.com\/es\/#organization"},"potentialAction":[{"@type":"SearchAction","target":{"@type":"EntryPoint","urlTemplate":"https:\/\/www.boxrepsol.com\/es\/?s={search_term_string}"},"query-input":{"@type":"PropertyValueSpecification","valueRequired":true,"valueName":"search_term_string"}}],"inLanguage":"es"},{"@type":"Organization","@id":"https:\/\/www.boxrepsol.com\/es\/#organization","name":"Box Repsol","url":"https:\/\/www.boxrepsol.com\/es\/","logo":{"@type":"ImageObject","inLanguage":"es","@id":"https:\/\/www.boxrepsol.com\/es\/#\/schema\/logo\/image\/","url":"https:\/\/bxrepsol.s3.eu-west-1.amazonaws.com\/static\/2025\/07\/30083337\/favicon-96x96-1.png","contentUrl":"https:\/\/bxrepsol.s3.eu-west-1.amazonaws.com\/static\/2025\/07\/30083337\/favicon-96x96-1.png","width":96,"height":96,"caption":"Box Repsol"},"image":{"@id":"https:\/\/www.boxrepsol.com\/es\/#\/schema\/logo\/image\/"},"sameAs":["https:\/\/www.facebook.com\/BoxRepsol","https:\/\/x.com\/box_repsol","http:\/\/instagram.com\/box_repsol","https:\/\/www.youtube.com\/user\/RepsolCompeticion","https:\/\/www.flickr.com\/photos\/box_repsol\/"]},{"@type":"Person","@id":"https:\/\/www.boxrepsol.com\/es\/#\/schema\/person\/c5c2138f2cca251b0ad92b7086bb60b7","name":"Redacci\u00f3n Box Repsol","image":{"@type":"ImageObject","inLanguage":"es","@id":"https:\/\/secure.gravatar.com\/avatar\/adf7b77e38b4419baf32c7e9c21dde01f4e40df611f0978e3006fc4ba0aaab7e?s=96&d=mm&r=g","url":"https:\/\/secure.gravatar.com\/avatar\/adf7b77e38b4419baf32c7e9c21dde01f4e40df611f0978e3006fc4ba0aaab7e?s=96&d=mm&r=g","contentUrl":"https:\/\/secure.gravatar.com\/avatar\/adf7b77e38b4419baf32c7e9c21dde01f4e40df611f0978e3006fc4ba0aaab7e?s=96&d=mm&r=g","caption":"Redacci\u00f3n Box Repsol"},"description":"Box Repsol lo forma un equipo de periodistas, community managers, dise\u00f1adores y fot\u00f3grafos con m\u00e1s de 20 a\u00f1os de experiencia en el mundo del motorsport. Hemos vivido el primer mundial de un espa\u00f1ol en la categor\u00eda reina de motociclismo con \u00c1lex Crivill\u00e9, estuvimos en las victorias de Pedrosa y los t\u00edtulos de M\u00e1rquez, acompa\u00f1amos en \u00c1frica a Nani Roma y Marc Coma en sus conquistas del Dakar y hemos vibrado con los t\u00edtulos de Toni Bou en Trial. Adem\u00e1s, en nuestro equipo contamos con expertos en el mundo de las dos y cuatro ruedas tanto de la calle y las carreteras, como de los circuitos. Periodistas que han trabajado en revistas y publicaciones para hacerte llegar desde rutas y consejos de mantenimiento, a curiosidades y trucos de pilotaje.","sameAs":["https:\/\/www.facebook.com\/BoxRepsol\/","https:\/\/www.instagram.com\/box_repsol\/","https:\/\/x.com\/https:\/\/twitter.com\/box_repsol","https:\/\/www.youtube.com\/@Boxrepsol"],"url":"https:\/\/www.boxrepsol.com\/es\/author\/redaccion-box-repsol\/"}]}},"_links":{"self":[{"href":"https:\/\/www.boxrepsol.com\/es\/wp-json\/wp\/v2\/posts\/90039","targetHints":{"allow":["GET"]}}],"collection":[{"href":"https:\/\/www.boxrepsol.com\/es\/wp-json\/wp\/v2\/posts"}],"about":[{"href":"https:\/\/www.boxrepsol.com\/es\/wp-json\/wp\/v2\/types\/post"}],"author":[{"embeddable":true,"href":"https:\/\/www.boxrepsol.com\/es\/wp-json\/wp\/v2\/users\/43146"}],"replies":[{"embeddable":true,"href":"https:\/\/www.boxrepsol.com\/es\/wp-json\/wp\/v2\/comments?post=90039"}],"version-history":[{"count":1,"href":"https:\/\/www.boxrepsol.com\/es\/wp-json\/wp\/v2\/posts\/90039\/revisions"}],"predecessor-version":[{"id":90040,"href":"https:\/\/www.boxrepsol.com\/es\/wp-json\/wp\/v2\/posts\/90039\/revisions\/90040"}],"wp:featuredmedia":[{"embeddable":true,"href":"https:\/\/www.boxrepsol.com\/es\/wp-json\/wp\/v2\/media\/86121"}],"wp:attachment":[{"href":"https:\/\/www.boxrepsol.com\/es\/wp-json\/wp\/v2\/media?parent=90039"}],"wp:term":[{"taxonomy":"category","embeddable":true,"href":"https:\/\/www.boxrepsol.com\/es\/wp-json\/wp\/v2\/categories?post=90039"},{"taxonomy":"post_tag","embeddable":true,"href":"https:\/\/www.boxrepsol.com\/es\/wp-json\/wp\/v2\/tags?post=90039"}],"curies":[{"name":"wp","href":"https:\/\/api.w.org\/{rel}","templated":true}]}}