{"id":90035,"date":"2016-02-24T00:00:00","date_gmt":"2016-02-24T02:00:00","guid":{"rendered":"http:\/\/pre.boxrepsol.com\/sin-categorizar\/la-energia-que-impulsa-a-marc-marquez-y-dani-pedrosa\/"},"modified":"2024-05-07T05:58:32","modified_gmt":"2024-05-07T07:58:32","slug":"la-energia-que-impulsa-a-marc-marquez-y-dani-pedrosa","status":"publish","type":"post","link":"https:\/\/www.boxrepsol.com\/es\/motogp\/la-energia-que-impulsa-a-marc-marquez-y-dani-pedrosa\/","title":{"rendered":"La energ\u00eda que impulsa a Marc M\u00e1rquez y Dani Pedrosa"},"content":{"rendered":"<blockquote><p>\n\t<a href=\"http:\/\/twitter.com\/share?text=%C2%BFAdem%C3%A1s+de+en+carburantes%2C+sabes+en+qu%C3%A9+partes+de+la+%23MotoGP+de+%40marcmarquez93+y+%4026_DaniPedrosa+est%C3%A1+presente+la+energ%C3%ADa+%23Repsol%3F+&#038;url=https%3A%2F%2Fwww.boxrepsol.com%2Fes%2Fmotogp%2Fla-energia-que-impulsa-a-marc-marquez-y-dani-pedrosa%2F\" target=\"_blank\" rel=\"noopener\"><\/p>\n<p>\u00bfAdem\u00e1s de en carburantes, sabes en qu\u00e9 partes de la #MotoGP de @marcmarquez93 y @26_DaniPedrosa est\u00e1 presente la energ\u00eda #Repsol? <\/p>\n<p>\t<\/a>\n<\/p><\/blockquote>\n<h3><strong>MotoGP, Moto3 y FIM CEV Repsol<br \/>\n<\/strong><\/h3>\n<p>La alta competici\u00f3n es el banco de pruebas perfecto para los productos desarrollados en el Repsol Technology Lab. Bajo la exigencia de campeonatos de primer nivel internacional como MotoGP, Repsol traduce este trabajo en energ\u00eda que permite ofrecer <strong>el mejor rendimiento a las motos de Marc M\u00e1rquez y Dani Pedrosa<\/strong>.<\/p>\n<p>A\u00f1o a a\u00f1o, los logros deportivos respaldan esta apuesta, no solo en MotoGP, sino tambi\u00e9n en Moto3 o en campeonatos como el FIM CEV Repsol. Pero, por encima de esos logros, lo m\u00e1s importante es que estas competiciones funcionan como el test id\u00f3neo para revertir esta investigaci\u00f3n en productos que posteriormente, se ponen a disposici\u00f3n de los clientes en las estaciones de servicio de Repsol.<\/p>\n<p><a href=\"https:\/\/bxrepsol.s3.eu-west-1.amazonaws.com\/static\/2022\/08\/29071454\/13-honda-rc213v-93-motogp-repsol-2.jpg\" \n   title=\"01 Qatar 16, 17 , 18, 19 y 20 de marzo de 2016; circuito de Losail. Motogp; mgp; motogp\" \n   data-gallery-thumbnail=\"https:\/\/bxrepsol.s3.eu-west-1.amazonaws.com\/static\/2022\/08\/29071454\/13-honda-rc213v-93-motogp-repsol-2.jpg\"\n   data-gallery-title=\"\"\n   data-gallery><\/p>\n<figure>\n        <picture style=\"padding-bottom: 66.640625%; background-image: url(https:\/\/bxrepsol.s3.eu-west-1.amazonaws.com\/static\/2022\/08\/29071454\/13-honda-rc213v-93-motogp-repsol-2.jpg);\">\n            <img decoding=\"async\" src=\"https:\/\/bxrepsol.s3.eu-west-1.amazonaws.com\/static\/2022\/08\/29071454\/13-honda-rc213v-93-motogp-repsol-2.jpg\"><br \/>\n            <img itemprop=\"image\"\n                data-srcset=\"https:\/\/bxrepsol.s3.eu-west-1.amazonaws.com\/static\/2022\/08\/29071454\/13-honda-rc213v-93-motogp-repsol-2.jpg 480w, https:\/\/bxrepsol.s3.eu-west-1.amazonaws.com\/static\/2022\/08\/29071454\/13-honda-rc213v-93-motogp-repsol-2.jpg 600w, https:\/\/bxrepsol.s3.eu-west-1.amazonaws.com\/static\/2022\/08\/29071454\/13-honda-rc213v-93-motogp-repsol-2.jpg 900w, https:\/\/bxrepsol.s3.eu-west-1.amazonaws.com\/static\/2022\/08\/29071454\/13-honda-rc213v-93-motogp-repsol-2.jpg 1280w\"\n                data-src=\"https:\/\/bxrepsol.s3.eu-west-1.amazonaws.com\/static\/2022\/08\/29071454\/13-honda-rc213v-93-motogp-repsol-2.jpg\"\n                alt=\"01 Qatar 16, 17 , 18, 19 y 20 de marzo de 2016; circuito de Losail. Motogp; mgp; motogp\"\n                title=\"01 Qatar 16, 17 , 18, 19 y 20 de marzo de 2016; circuito de Losa\"\/><br \/>\n            <noscript><img decoding=\"async\" src=\"https:\/\/bxrepsol.s3.eu-west-1.amazonaws.com\/static\/2022\/08\/29071454\/13-honda-rc213v-93-motogp-repsol-2.jpg\" alt=\"01 Qatar 16, 17 , 18, 19 y 20 de marzo de 2016; circuito de Losail. Motogp; mgp; motogp\"><\/noscript>\n        <\/picture><figcaption>01 Qatar 16, 17 , 18, 19 y 20 de marzo de 2016; circuito de Losail. Motogp; mgp; motogp<\/figcaption><\/figure>\n<p><\/a><\/p>\n<p><strong>Mayor velocidad para Marc y Dani<\/strong><\/p>\n<p>Pero esta energ\u00eda producida y trasladada al box por Repsol no est\u00e1 solamente en los carburantes y lubricantes que utiliza el Equipo Repsol Honda. \u00bfSab\u00edas que tambi\u00e9n incide, de forma directa, en otras partes de las motos de Marc y Dani?<\/p>\n<p>Si nos fijamos en los neum\u00e1ticos, uno de sus compuestos principales es el caucho sint\u00e9tico, por ejemplo. Y en los carenados nos encontramos con fibra de carbono, del mismo modo que en los guardabarros de las motos podemos encontrar polipropileno y fibra de v\u00eddeo.<\/p>\n<p><a href=\"https:\/\/bxrepsol.s3.eu-west-1.amazonaws.com\/static\/2022\/08\/29071455\/14-honda-rc213v-repsol-marc-marquez-93-motogp-2.jpg\" \n   title=\"05 Le Mans 5, 6 7 y 8 de mayo de 2016; circuito de Le Mans, Francia. Motogp; mgp; motogp\" \n   data-gallery-thumbnail=\"https:\/\/bxrepsol.s3.eu-west-1.amazonaws.com\/static\/2022\/08\/29071455\/14-honda-rc213v-repsol-marc-marquez-93-motogp-2.jpg\"\n   data-gallery-title=\"\"\n   data-gallery><\/p>\n<figure>\n        <picture style=\"padding-bottom: 66.640625%; background-image: url(https:\/\/bxrepsol.s3.eu-west-1.amazonaws.com\/static\/2022\/08\/29071455\/14-honda-rc213v-repsol-marc-marquez-93-motogp-2.jpg);\">\n            <img decoding=\"async\" src=\"https:\/\/bxrepsol.s3.eu-west-1.amazonaws.com\/static\/2022\/08\/29071455\/14-honda-rc213v-repsol-marc-marquez-93-motogp-2.jpg\"><br \/>\n            <img itemprop=\"image\"\n                data-srcset=\"https:\/\/bxrepsol.s3.eu-west-1.amazonaws.com\/static\/2022\/08\/29071455\/14-honda-rc213v-repsol-marc-marquez-93-motogp-2.jpg 480w, https:\/\/bxrepsol.s3.eu-west-1.amazonaws.com\/static\/2022\/08\/29071455\/14-honda-rc213v-repsol-marc-marquez-93-motogp-2.jpg 600w, https:\/\/bxrepsol.s3.eu-west-1.amazonaws.com\/static\/2022\/08\/29071455\/14-honda-rc213v-repsol-marc-marquez-93-motogp-2.jpg 900w, https:\/\/bxrepsol.s3.eu-west-1.amazonaws.com\/static\/2022\/08\/29071455\/14-honda-rc213v-repsol-marc-marquez-93-motogp-2.jpg 1280w\"\n                data-src=\"https:\/\/bxrepsol.s3.eu-west-1.amazonaws.com\/static\/2022\/08\/29071455\/14-honda-rc213v-repsol-marc-marquez-93-motogp-2.jpg\"\n                alt=\"05 Le Mans 5, 6 7 y 8 de mayo de 2016; circuito de Le Mans, Francia. Motogp; mgp; motogp\"\n                title=\"05 Le Mans 5, 6 7 y 8 de mayo de 2016; circuito de Le Mans, Fran\"\/><br \/>\n            <noscript><img decoding=\"async\" src=\"https:\/\/bxrepsol.s3.eu-west-1.amazonaws.com\/static\/2022\/08\/29071455\/14-honda-rc213v-repsol-marc-marquez-93-motogp-2.jpg\" alt=\"05 Le Mans 5, 6 7 y 8 de mayo de 2016; circuito de Le Mans, Francia. Motogp; mgp; motogp\"><\/noscript>\n        <\/picture><figcaption>05 Le Mans 5, 6 7 y 8 de mayo de 2016; circuito de Le Mans, Francia. Motogp; mgp; motogp<\/figcaption><\/figure>\n<p><\/a><\/p>\n<p><strong>Incluso en los cascos que utilizan tanto M\u00e1rquez como Pedrosa<\/strong> encontramos productos derivados del petr\u00f3leo: en este caso concreto, tambi\u00e9n fibra de carbono. Y estos son solamente algunos ejemplos, pero hay muchos otros: la c\u00fapula, los pu\u00f1os, los manguitos\u2026 \u00a1hasta en el relleno de los asientos!<\/p>\n<p>Repasando la fisionom\u00eda completa de la Honda de MotoGP, los derivados producidos por Repsol m\u00e1s utilizados son el polipropileno, la fibra de carbono, el poliuretano o el polietileno. Todos ellos hacen que las motos sean m\u00e1s ligeras y m\u00e1s resistentes a los golpes.<\/p>\n<p>Esto, a su vez, se traduce <strong>en mayor seguridad para los pilotos y, tambi\u00e9n, en mayor velocidad<\/strong>. Un conjunto que se convierte en <strong>la energ\u00eda que impulsa al Equipo Repsol Honda.<\/strong><\/p>\n","protected":false},"excerpt":{"rendered":"<p>La energ\u00eda de Repsol est\u00e1 presente en las motos del Equipo Repsol Honda no solo en sus carburantes y lubricantes, sino tambi\u00e9n en muchas otras partes. \u00a1Descubre cu\u00e1les!<\/p>\n","protected":false},"author":43146,"featured_media":86110,"comment_status":"open","ping_status":"open","sticky":false,"template":"","format":"standard","meta":{"footnotes":""},"categories":[4],"tags":[158],"class_list":["post-90035","post","type-post","status-publish","format-standard","hentry","category-motogp","tag-repsol"],"yoast_head":"<!-- This site is optimized with the Yoast SEO plugin v27.3 - https:\/\/yoast.com\/product\/yoast-seo-wordpress\/ -->\n<title>La energ\u00eda que impulsa a Marc M\u00e1rquez y Dani Pedrosa - Box Repsol<\/title>\n<meta name=\"description\" content=\"La energ\u00eda de Repsol est\u00e1 presente en las motos del Equipo Repsol Honda no solo en sus carburantes y lubricantes, sino tambi\u00e9n en muchas otras partes.\" \/>\n<link rel=\"canonical\" href=\"https:\/\/www.boxrepsol.com\/es\/motogp\/la-energia-que-impulsa-a-marc-marquez-y-dani-pedrosa\/\" \/>\n<meta property=\"og:locale\" content=\"es_ES\" \/>\n<meta property=\"og:type\" content=\"article\" \/>\n<meta property=\"og:title\" content=\"La energ\u00eda que impulsa a Marc M\u00e1rquez y Dani Pedrosa - Box Repsol\" \/>\n<meta property=\"og:description\" content=\"La energ\u00eda de Repsol est\u00e1 presente en las motos del Equipo Repsol Honda no solo en sus carburantes y lubricantes, sino tambi\u00e9n en muchas otras partes.\" \/>\n<meta property=\"og:url\" content=\"https:\/\/www.boxrepsol.com\/es\/motogp\/la-energia-que-impulsa-a-marc-marquez-y-dani-pedrosa\/\" \/>\n<meta property=\"og:site_name\" content=\"Box Repsol\" \/>\n<meta property=\"article:publisher\" content=\"https:\/\/www.facebook.com\/BoxRepsol\" \/>\n<meta property=\"article:author\" content=\"https:\/\/www.facebook.com\/BoxRepsol\/\" \/>\n<meta property=\"article:published_time\" content=\"2016-02-24T02:00:00+00:00\" \/>\n<meta property=\"article:modified_time\" content=\"2024-05-07T07:58:32+00:00\" \/>\n<meta property=\"og:image\" content=\"https:\/\/www.boxrepsol.com\/wp-content\/uploads\/2022\/08\/12-marc-marquez-dani-pedrosa-93-26-repsol-honda-motogp.jpg\" \/>\n\t<meta property=\"og:image:width\" content=\"1024\" \/>\n\t<meta property=\"og:image:height\" content=\"429\" \/>\n\t<meta property=\"og:image:type\" content=\"image\/jpeg\" \/>\n<meta name=\"author\" content=\"Redacci\u00f3n Box Repsol\" \/>\n<meta name=\"twitter:card\" content=\"summary_large_image\" \/>\n<meta name=\"twitter:creator\" content=\"@https:\/\/twitter.com\/box_repsol\" \/>\n<meta name=\"twitter:site\" content=\"@box_repsol\" \/>\n<meta name=\"twitter:label1\" content=\"Written by\" \/>\n\t<meta name=\"twitter:data1\" content=\"Redacci\u00f3n Box Repsol\" \/>\n\t<meta name=\"twitter:label2\" content=\"Est. reading time\" \/>\n\t<meta name=\"twitter:data2\" content=\"2 minutos\" \/>\n<script type=\"application\/ld+json\" class=\"yoast-schema-graph\">{\"@context\":\"https:\\\/\\\/schema.org\",\"@graph\":[{\"@type\":\"Article\",\"@id\":\"https:\\\/\\\/www.boxrepsol.com\\\/es\\\/motogp\\\/la-energia-que-impulsa-a-marc-marquez-y-dani-pedrosa\\\/#article\",\"isPartOf\":{\"@id\":\"https:\\\/\\\/www.boxrepsol.com\\\/es\\\/motogp\\\/la-energia-que-impulsa-a-marc-marquez-y-dani-pedrosa\\\/\"},\"author\":{\"name\":\"Redacci\u00f3n Box Repsol\",\"@id\":\"https:\\\/\\\/www.boxrepsol.com\\\/es\\\/#\\\/schema\\\/person\\\/c5c2138f2cca251b0ad92b7086bb60b7\"},\"headline\":\"La energ\u00eda que impulsa a Marc M\u00e1rquez y Dani Pedrosa\",\"datePublished\":\"2016-02-24T02:00:00+00:00\",\"dateModified\":\"2024-05-07T07:58:32+00:00\",\"mainEntityOfPage\":{\"@id\":\"https:\\\/\\\/www.boxrepsol.com\\\/es\\\/motogp\\\/la-energia-que-impulsa-a-marc-marquez-y-dani-pedrosa\\\/\"},\"wordCount\":418,\"commentCount\":0,\"publisher\":{\"@id\":\"https:\\\/\\\/www.boxrepsol.com\\\/es\\\/#organization\"},\"image\":{\"@id\":\"https:\\\/\\\/www.boxrepsol.com\\\/es\\\/motogp\\\/la-energia-que-impulsa-a-marc-marquez-y-dani-pedrosa\\\/#primaryimage\"},\"thumbnailUrl\":\"https:\\\/\\\/www.boxrepsol.com\\\/wp-content\\\/uploads\\\/2022\\\/08\\\/12-marc-marquez-dani-pedrosa-93-26-repsol-honda-motogp.jpg\",\"keywords\":[\"Repsol\"],\"articleSection\":[\"MotoGP\"],\"inLanguage\":\"es\",\"potentialAction\":[{\"@type\":\"CommentAction\",\"name\":\"Comment\",\"target\":[\"https:\\\/\\\/www.boxrepsol.com\\\/es\\\/motogp\\\/la-energia-que-impulsa-a-marc-marquez-y-dani-pedrosa\\\/#respond\"]}]},{\"@type\":\"WebPage\",\"@id\":\"https:\\\/\\\/www.boxrepsol.com\\\/es\\\/motogp\\\/la-energia-que-impulsa-a-marc-marquez-y-dani-pedrosa\\\/\",\"url\":\"https:\\\/\\\/www.boxrepsol.com\\\/es\\\/motogp\\\/la-energia-que-impulsa-a-marc-marquez-y-dani-pedrosa\\\/\",\"name\":\"La energ\u00eda que impulsa a Marc M\u00e1rquez y Dani Pedrosa - Box Repsol\",\"isPartOf\":{\"@id\":\"https:\\\/\\\/www.boxrepsol.com\\\/es\\\/#website\"},\"primaryImageOfPage\":{\"@id\":\"https:\\\/\\\/www.boxrepsol.com\\\/es\\\/motogp\\\/la-energia-que-impulsa-a-marc-marquez-y-dani-pedrosa\\\/#primaryimage\"},\"image\":{\"@id\":\"https:\\\/\\\/www.boxrepsol.com\\\/es\\\/motogp\\\/la-energia-que-impulsa-a-marc-marquez-y-dani-pedrosa\\\/#primaryimage\"},\"thumbnailUrl\":\"https:\\\/\\\/www.boxrepsol.com\\\/wp-content\\\/uploads\\\/2022\\\/08\\\/12-marc-marquez-dani-pedrosa-93-26-repsol-honda-motogp.jpg\",\"datePublished\":\"2016-02-24T02:00:00+00:00\",\"dateModified\":\"2024-05-07T07:58:32+00:00\",\"description\":\"La energ\u00eda de Repsol est\u00e1 presente en las motos del Equipo Repsol Honda no solo en sus carburantes y lubricantes, sino tambi\u00e9n en muchas otras partes.\",\"breadcrumb\":{\"@id\":\"https:\\\/\\\/www.boxrepsol.com\\\/es\\\/motogp\\\/la-energia-que-impulsa-a-marc-marquez-y-dani-pedrosa\\\/#breadcrumb\"},\"inLanguage\":\"es\",\"potentialAction\":[{\"@type\":\"ReadAction\",\"target\":[\"https:\\\/\\\/www.boxrepsol.com\\\/es\\\/motogp\\\/la-energia-que-impulsa-a-marc-marquez-y-dani-pedrosa\\\/\"]}]},{\"@type\":\"ImageObject\",\"inLanguage\":\"es\",\"@id\":\"https:\\\/\\\/www.boxrepsol.com\\\/es\\\/motogp\\\/la-energia-que-impulsa-a-marc-marquez-y-dani-pedrosa\\\/#primaryimage\",\"url\":\"https:\\\/\\\/www.boxrepsol.com\\\/wp-content\\\/uploads\\\/2022\\\/08\\\/12-marc-marquez-dani-pedrosa-93-26-repsol-honda-motogp.jpg\",\"contentUrl\":\"https:\\\/\\\/www.boxrepsol.com\\\/wp-content\\\/uploads\\\/2022\\\/08\\\/12-marc-marquez-dani-pedrosa-93-26-repsol-honda-motogp.jpg\",\"width\":1024,\"height\":429,\"caption\":\"04 Jerez TEST 25 de abril de 2016; circuito de Jerez, Espa\u00f1a.; Motogp; mgp; motogp\"},{\"@type\":\"BreadcrumbList\",\"@id\":\"https:\\\/\\\/www.boxrepsol.com\\\/es\\\/motogp\\\/la-energia-que-impulsa-a-marc-marquez-y-dani-pedrosa\\\/#breadcrumb\",\"itemListElement\":[{\"@type\":\"ListItem\",\"position\":1,\"name\":\"Home\",\"item\":\"https:\\\/\\\/www.boxrepsol.com\\\/es\\\/\"},{\"@type\":\"ListItem\",\"position\":2,\"name\":\"La energ\u00eda que impulsa a Marc M\u00e1rquez y Dani Pedrosa\"}]},{\"@type\":\"WebSite\",\"@id\":\"https:\\\/\\\/www.boxrepsol.com\\\/es\\\/#website\",\"url\":\"https:\\\/\\\/www.boxrepsol.com\\\/es\\\/\",\"name\":\"Box Repsol\",\"description\":\"Box Repsol Site\",\"publisher\":{\"@id\":\"https:\\\/\\\/www.boxrepsol.com\\\/es\\\/#organization\"},\"potentialAction\":[{\"@type\":\"SearchAction\",\"target\":{\"@type\":\"EntryPoint\",\"urlTemplate\":\"https:\\\/\\\/www.boxrepsol.com\\\/es\\\/?s={search_term_string}\"},\"query-input\":{\"@type\":\"PropertyValueSpecification\",\"valueRequired\":true,\"valueName\":\"search_term_string\"}}],\"inLanguage\":\"es\"},{\"@type\":\"Organization\",\"@id\":\"https:\\\/\\\/www.boxrepsol.com\\\/es\\\/#organization\",\"name\":\"Box Repsol\",\"url\":\"https:\\\/\\\/www.boxrepsol.com\\\/es\\\/\",\"logo\":{\"@type\":\"ImageObject\",\"inLanguage\":\"es\",\"@id\":\"https:\\\/\\\/www.boxrepsol.com\\\/es\\\/#\\\/schema\\\/logo\\\/image\\\/\",\"url\":\"https:\\\/\\\/bxrepsol.s3.eu-west-1.amazonaws.com\\\/static\\\/2025\\\/07\\\/30083337\\\/favicon-96x96-1.png\",\"contentUrl\":\"https:\\\/\\\/bxrepsol.s3.eu-west-1.amazonaws.com\\\/static\\\/2025\\\/07\\\/30083337\\\/favicon-96x96-1.png\",\"width\":96,\"height\":96,\"caption\":\"Box Repsol\"},\"image\":{\"@id\":\"https:\\\/\\\/www.boxrepsol.com\\\/es\\\/#\\\/schema\\\/logo\\\/image\\\/\"},\"sameAs\":[\"https:\\\/\\\/www.facebook.com\\\/BoxRepsol\",\"https:\\\/\\\/x.com\\\/box_repsol\",\"http:\\\/\\\/instagram.com\\\/box_repsol\",\"https:\\\/\\\/www.youtube.com\\\/user\\\/RepsolCompeticion\",\"https:\\\/\\\/www.flickr.com\\\/photos\\\/box_repsol\\\/\"]},{\"@type\":\"Person\",\"@id\":\"https:\\\/\\\/www.boxrepsol.com\\\/es\\\/#\\\/schema\\\/person\\\/c5c2138f2cca251b0ad92b7086bb60b7\",\"name\":\"Redacci\u00f3n Box Repsol\",\"image\":{\"@type\":\"ImageObject\",\"inLanguage\":\"es\",\"@id\":\"https:\\\/\\\/secure.gravatar.com\\\/avatar\\\/adf7b77e38b4419baf32c7e9c21dde01f4e40df611f0978e3006fc4ba0aaab7e?s=96&d=mm&r=g\",\"url\":\"https:\\\/\\\/secure.gravatar.com\\\/avatar\\\/adf7b77e38b4419baf32c7e9c21dde01f4e40df611f0978e3006fc4ba0aaab7e?s=96&d=mm&r=g\",\"contentUrl\":\"https:\\\/\\\/secure.gravatar.com\\\/avatar\\\/adf7b77e38b4419baf32c7e9c21dde01f4e40df611f0978e3006fc4ba0aaab7e?s=96&d=mm&r=g\",\"caption\":\"Redacci\u00f3n Box Repsol\"},\"description\":\"Box Repsol lo forma un equipo de periodistas, community managers, dise\u00f1adores y fot\u00f3grafos con m\u00e1s de 20 a\u00f1os de experiencia en el mundo del motorsport. Hemos vivido el primer mundial de un espa\u00f1ol en la categor\u00eda reina de motociclismo con \u00c1lex Crivill\u00e9, estuvimos en las victorias de Pedrosa y los t\u00edtulos de M\u00e1rquez, acompa\u00f1amos en \u00c1frica a Nani Roma y Marc Coma en sus conquistas del Dakar y hemos vibrado con los t\u00edtulos de Toni Bou en Trial. Adem\u00e1s, en nuestro equipo contamos con expertos en el mundo de las dos y cuatro ruedas tanto de la calle y las carreteras, como de los circuitos. Periodistas que han trabajado en revistas y publicaciones para hacerte llegar desde rutas y consejos de mantenimiento, a curiosidades y trucos de pilotaje.\",\"sameAs\":[\"https:\\\/\\\/www.facebook.com\\\/BoxRepsol\\\/\",\"https:\\\/\\\/www.instagram.com\\\/box_repsol\\\/\",\"https:\\\/\\\/x.com\\\/https:\\\/\\\/twitter.com\\\/box_repsol\",\"https:\\\/\\\/www.youtube.com\\\/@Boxrepsol\"],\"url\":\"https:\\\/\\\/www.boxrepsol.com\\\/es\\\/author\\\/redaccion-box-repsol\\\/\"}]}<\/script>\n<!-- \/ Yoast SEO plugin. -->","yoast_head_json":{"title":"La energ\u00eda que impulsa a Marc M\u00e1rquez y Dani Pedrosa - Box Repsol","description":"La energ\u00eda de Repsol est\u00e1 presente en las motos del Equipo Repsol Honda no solo en sus carburantes y lubricantes, sino tambi\u00e9n en muchas otras partes.","canonical":"https:\/\/www.boxrepsol.com\/es\/motogp\/la-energia-que-impulsa-a-marc-marquez-y-dani-pedrosa\/","og_locale":"es_ES","og_type":"article","og_title":"La energ\u00eda que impulsa a Marc M\u00e1rquez y Dani Pedrosa - Box Repsol","og_description":"La energ\u00eda de Repsol est\u00e1 presente en las motos del Equipo Repsol Honda no solo en sus carburantes y lubricantes, sino tambi\u00e9n en muchas otras partes.","og_url":"https:\/\/www.boxrepsol.com\/es\/motogp\/la-energia-que-impulsa-a-marc-marquez-y-dani-pedrosa\/","og_site_name":"Box Repsol","article_publisher":"https:\/\/www.facebook.com\/BoxRepsol","article_author":"https:\/\/www.facebook.com\/BoxRepsol\/","article_published_time":"2016-02-24T02:00:00+00:00","article_modified_time":"2024-05-07T07:58:32+00:00","og_image":[{"width":1024,"height":429,"url":"https:\/\/www.boxrepsol.com\/wp-content\/uploads\/2022\/08\/12-marc-marquez-dani-pedrosa-93-26-repsol-honda-motogp.jpg","type":"image\/jpeg"}],"author":"Redacci\u00f3n Box Repsol","twitter_card":"summary_large_image","twitter_creator":"@https:\/\/twitter.com\/box_repsol","twitter_site":"@box_repsol","twitter_misc":{"Written by":"Redacci\u00f3n Box Repsol","Est. reading time":"2 minutos"},"schema":{"@context":"https:\/\/schema.org","@graph":[{"@type":"Article","@id":"https:\/\/www.boxrepsol.com\/es\/motogp\/la-energia-que-impulsa-a-marc-marquez-y-dani-pedrosa\/#article","isPartOf":{"@id":"https:\/\/www.boxrepsol.com\/es\/motogp\/la-energia-que-impulsa-a-marc-marquez-y-dani-pedrosa\/"},"author":{"name":"Redacci\u00f3n Box Repsol","@id":"https:\/\/www.boxrepsol.com\/es\/#\/schema\/person\/c5c2138f2cca251b0ad92b7086bb60b7"},"headline":"La energ\u00eda que impulsa a Marc M\u00e1rquez y Dani Pedrosa","datePublished":"2016-02-24T02:00:00+00:00","dateModified":"2024-05-07T07:58:32+00:00","mainEntityOfPage":{"@id":"https:\/\/www.boxrepsol.com\/es\/motogp\/la-energia-que-impulsa-a-marc-marquez-y-dani-pedrosa\/"},"wordCount":418,"commentCount":0,"publisher":{"@id":"https:\/\/www.boxrepsol.com\/es\/#organization"},"image":{"@id":"https:\/\/www.boxrepsol.com\/es\/motogp\/la-energia-que-impulsa-a-marc-marquez-y-dani-pedrosa\/#primaryimage"},"thumbnailUrl":"https:\/\/www.boxrepsol.com\/wp-content\/uploads\/2022\/08\/12-marc-marquez-dani-pedrosa-93-26-repsol-honda-motogp.jpg","keywords":["Repsol"],"articleSection":["MotoGP"],"inLanguage":"es","potentialAction":[{"@type":"CommentAction","name":"Comment","target":["https:\/\/www.boxrepsol.com\/es\/motogp\/la-energia-que-impulsa-a-marc-marquez-y-dani-pedrosa\/#respond"]}]},{"@type":"WebPage","@id":"https:\/\/www.boxrepsol.com\/es\/motogp\/la-energia-que-impulsa-a-marc-marquez-y-dani-pedrosa\/","url":"https:\/\/www.boxrepsol.com\/es\/motogp\/la-energia-que-impulsa-a-marc-marquez-y-dani-pedrosa\/","name":"La energ\u00eda que impulsa a Marc M\u00e1rquez y Dani Pedrosa - Box Repsol","isPartOf":{"@id":"https:\/\/www.boxrepsol.com\/es\/#website"},"primaryImageOfPage":{"@id":"https:\/\/www.boxrepsol.com\/es\/motogp\/la-energia-que-impulsa-a-marc-marquez-y-dani-pedrosa\/#primaryimage"},"image":{"@id":"https:\/\/www.boxrepsol.com\/es\/motogp\/la-energia-que-impulsa-a-marc-marquez-y-dani-pedrosa\/#primaryimage"},"thumbnailUrl":"https:\/\/www.boxrepsol.com\/wp-content\/uploads\/2022\/08\/12-marc-marquez-dani-pedrosa-93-26-repsol-honda-motogp.jpg","datePublished":"2016-02-24T02:00:00+00:00","dateModified":"2024-05-07T07:58:32+00:00","description":"La energ\u00eda de Repsol est\u00e1 presente en las motos del Equipo Repsol Honda no solo en sus carburantes y lubricantes, sino tambi\u00e9n en muchas otras partes.","breadcrumb":{"@id":"https:\/\/www.boxrepsol.com\/es\/motogp\/la-energia-que-impulsa-a-marc-marquez-y-dani-pedrosa\/#breadcrumb"},"inLanguage":"es","potentialAction":[{"@type":"ReadAction","target":["https:\/\/www.boxrepsol.com\/es\/motogp\/la-energia-que-impulsa-a-marc-marquez-y-dani-pedrosa\/"]}]},{"@type":"ImageObject","inLanguage":"es","@id":"https:\/\/www.boxrepsol.com\/es\/motogp\/la-energia-que-impulsa-a-marc-marquez-y-dani-pedrosa\/#primaryimage","url":"https:\/\/www.boxrepsol.com\/wp-content\/uploads\/2022\/08\/12-marc-marquez-dani-pedrosa-93-26-repsol-honda-motogp.jpg","contentUrl":"https:\/\/www.boxrepsol.com\/wp-content\/uploads\/2022\/08\/12-marc-marquez-dani-pedrosa-93-26-repsol-honda-motogp.jpg","width":1024,"height":429,"caption":"04 Jerez TEST 25 de abril de 2016; circuito de Jerez, Espa\u00f1a.; Motogp; mgp; motogp"},{"@type":"BreadcrumbList","@id":"https:\/\/www.boxrepsol.com\/es\/motogp\/la-energia-que-impulsa-a-marc-marquez-y-dani-pedrosa\/#breadcrumb","itemListElement":[{"@type":"ListItem","position":1,"name":"Home","item":"https:\/\/www.boxrepsol.com\/es\/"},{"@type":"ListItem","position":2,"name":"La energ\u00eda que impulsa a Marc M\u00e1rquez y Dani Pedrosa"}]},{"@type":"WebSite","@id":"https:\/\/www.boxrepsol.com\/es\/#website","url":"https:\/\/www.boxrepsol.com\/es\/","name":"Box Repsol","description":"Box Repsol Site","publisher":{"@id":"https:\/\/www.boxrepsol.com\/es\/#organization"},"potentialAction":[{"@type":"SearchAction","target":{"@type":"EntryPoint","urlTemplate":"https:\/\/www.boxrepsol.com\/es\/?s={search_term_string}"},"query-input":{"@type":"PropertyValueSpecification","valueRequired":true,"valueName":"search_term_string"}}],"inLanguage":"es"},{"@type":"Organization","@id":"https:\/\/www.boxrepsol.com\/es\/#organization","name":"Box Repsol","url":"https:\/\/www.boxrepsol.com\/es\/","logo":{"@type":"ImageObject","inLanguage":"es","@id":"https:\/\/www.boxrepsol.com\/es\/#\/schema\/logo\/image\/","url":"https:\/\/bxrepsol.s3.eu-west-1.amazonaws.com\/static\/2025\/07\/30083337\/favicon-96x96-1.png","contentUrl":"https:\/\/bxrepsol.s3.eu-west-1.amazonaws.com\/static\/2025\/07\/30083337\/favicon-96x96-1.png","width":96,"height":96,"caption":"Box Repsol"},"image":{"@id":"https:\/\/www.boxrepsol.com\/es\/#\/schema\/logo\/image\/"},"sameAs":["https:\/\/www.facebook.com\/BoxRepsol","https:\/\/x.com\/box_repsol","http:\/\/instagram.com\/box_repsol","https:\/\/www.youtube.com\/user\/RepsolCompeticion","https:\/\/www.flickr.com\/photos\/box_repsol\/"]},{"@type":"Person","@id":"https:\/\/www.boxrepsol.com\/es\/#\/schema\/person\/c5c2138f2cca251b0ad92b7086bb60b7","name":"Redacci\u00f3n Box Repsol","image":{"@type":"ImageObject","inLanguage":"es","@id":"https:\/\/secure.gravatar.com\/avatar\/adf7b77e38b4419baf32c7e9c21dde01f4e40df611f0978e3006fc4ba0aaab7e?s=96&d=mm&r=g","url":"https:\/\/secure.gravatar.com\/avatar\/adf7b77e38b4419baf32c7e9c21dde01f4e40df611f0978e3006fc4ba0aaab7e?s=96&d=mm&r=g","contentUrl":"https:\/\/secure.gravatar.com\/avatar\/adf7b77e38b4419baf32c7e9c21dde01f4e40df611f0978e3006fc4ba0aaab7e?s=96&d=mm&r=g","caption":"Redacci\u00f3n Box Repsol"},"description":"Box Repsol lo forma un equipo de periodistas, community managers, dise\u00f1adores y fot\u00f3grafos con m\u00e1s de 20 a\u00f1os de experiencia en el mundo del motorsport. Hemos vivido el primer mundial de un espa\u00f1ol en la categor\u00eda reina de motociclismo con \u00c1lex Crivill\u00e9, estuvimos en las victorias de Pedrosa y los t\u00edtulos de M\u00e1rquez, acompa\u00f1amos en \u00c1frica a Nani Roma y Marc Coma en sus conquistas del Dakar y hemos vibrado con los t\u00edtulos de Toni Bou en Trial. Adem\u00e1s, en nuestro equipo contamos con expertos en el mundo de las dos y cuatro ruedas tanto de la calle y las carreteras, como de los circuitos. Periodistas que han trabajado en revistas y publicaciones para hacerte llegar desde rutas y consejos de mantenimiento, a curiosidades y trucos de pilotaje.","sameAs":["https:\/\/www.facebook.com\/BoxRepsol\/","https:\/\/www.instagram.com\/box_repsol\/","https:\/\/x.com\/https:\/\/twitter.com\/box_repsol","https:\/\/www.youtube.com\/@Boxrepsol"],"url":"https:\/\/www.boxrepsol.com\/es\/author\/redaccion-box-repsol\/"}]}},"_links":{"self":[{"href":"https:\/\/www.boxrepsol.com\/es\/wp-json\/wp\/v2\/posts\/90035","targetHints":{"allow":["GET"]}}],"collection":[{"href":"https:\/\/www.boxrepsol.com\/es\/wp-json\/wp\/v2\/posts"}],"about":[{"href":"https:\/\/www.boxrepsol.com\/es\/wp-json\/wp\/v2\/types\/post"}],"author":[{"embeddable":true,"href":"https:\/\/www.boxrepsol.com\/es\/wp-json\/wp\/v2\/users\/43146"}],"replies":[{"embeddable":true,"href":"https:\/\/www.boxrepsol.com\/es\/wp-json\/wp\/v2\/comments?post=90035"}],"version-history":[{"count":1,"href":"https:\/\/www.boxrepsol.com\/es\/wp-json\/wp\/v2\/posts\/90035\/revisions"}],"predecessor-version":[{"id":90036,"href":"https:\/\/www.boxrepsol.com\/es\/wp-json\/wp\/v2\/posts\/90035\/revisions\/90036"}],"wp:featuredmedia":[{"embeddable":true,"href":"https:\/\/www.boxrepsol.com\/es\/wp-json\/wp\/v2\/media\/86110"}],"wp:attachment":[{"href":"https:\/\/www.boxrepsol.com\/es\/wp-json\/wp\/v2\/media?parent=90035"}],"wp:term":[{"taxonomy":"category","embeddable":true,"href":"https:\/\/www.boxrepsol.com\/es\/wp-json\/wp\/v2\/categories?post=90035"},{"taxonomy":"post_tag","embeddable":true,"href":"https:\/\/www.boxrepsol.com\/es\/wp-json\/wp\/v2\/tags?post=90035"}],"curies":[{"name":"wp","href":"https:\/\/api.w.org\/{rel}","templated":true}]}}