{"id":90029,"date":"2016-02-23T00:00:00","date_gmt":"2016-02-23T02:00:00","guid":{"rendered":"http:\/\/pre.boxrepsol.com\/sin-categorizar\/motogp-cuando-las-estrellas-estan-en-la-grada\/"},"modified":"2024-05-07T05:59:29","modified_gmt":"2024-05-07T07:59:29","slug":"motogp-cuando-las-estrellas-estan-en-la-grada","status":"publish","type":"post","link":"https:\/\/www.boxrepsol.com\/es\/motogp\/motogp-cuando-las-estrellas-estan-en-la-grada\/","title":{"rendered":"MotoGP: cuando las estrellas est\u00e1n en la grada"},"content":{"rendered":"<blockquote><p>Dos grandes campeones como Andr\u00e9s Iniesta y Pau Gasol quisieron pasar a saludar a Marc y Dani<\/p>\n<p><a href=\"http:\/\/twitter.com\/share?text=Dos+grandes+campeones+como+Andr%C3%A9s+Iniesta+y+Pau+Gasol+quisieron+pasar+a+saludar+a+Marc+y+Dani&amp;url=http%3A%2F%2F34.249.211.158%2Fes%2Fmotogp%2Fmotogp-cuando-las-estrellas-estan-en-la-grada%2F&amp;hashtags=\" target=\"_blank\" rel=\"noopener\"><br \/>\ntwittear <\/a><\/p><\/blockquote>\n<p>El Campeonato del Mundo de Motociclismo es uno de los grandes atractivos del panorama deportivo mundial. Y, por lo tanto, es sin duda uno de los platos fuertes de la temporada para todo aficionado al motor.<\/p>\n<p>Entre estos habituales seguidores uno se encuentra, en ocasiones, con <strong>gratas y famosas sorpresas<\/strong>. Porque vivir un Gran Premio en directo o visitar el box de un equipo con la historia y palmar\u00e9s del Repsol Honda es una ocasi\u00f3n especial para cualquiera. Y lo es, tambi\u00e9n, para celebridades de otros deportes, o de mundos tan aparentemente alejados de las motos como el cine, por ejemplo.<\/p>\n<p><strong>Futbolistas, pilotos, actores\u2026<br \/>\n<\/strong><\/p>\n<p>En efecto, si repasamos la n\u00f3mina de famosos ilustres que han querido pasar por nuestro box para conocer de cerca a los pilotos Repsol, descubrimos rostros muy conocidos.<\/p>\n<p>Este mismo a\u00f1o, <strong>dos grandes campeones como Andr\u00e9s Iniesta y Pau Gasol<\/strong> quisieron pasar a saludar a Marc y Dani, sin ir m\u00e1s lejos. Dejaron por un momento el bal\u00f3n (de f\u00fatbol y de baloncesto, respectivamente) para vestirse con el traje de fan de MotoGP.<\/p>\n<p>Tambi\u00e9n esta temporada el paddock vivi\u00f3 la ilustre visita de <strong>un actor muy aficionado a las motos: Keanu Reeves<\/strong>. El actor de \u201cMatrix\u201d no quiso perder la oportunidad de pasarse por el box Repsol para conocer de primera mano a Marc M\u00e1rquez, al que reconoci\u00f3 su sincera admiraci\u00f3n.<\/p>\n<p>Y si repasamos otras temporadas, la lista crece. Mireia Belmonte, Fernando Alonso, Ra\u00fal Gonz\u00e1lez, Xavi Hern\u00e1ndez, Mark Webber, Paco Alc\u00e1cer \u2026 Muchos ilustres que se han mostrado ilusionados y emocionados por compartir unos minutos con nuestros pilotos y, de paso, conocer de cerca este mundo que les apasiona casi tanto como a nosotros: \u00a1el Mundial de MotoGP!<\/p>\n<p><img decoding=\"async\" src=\"https:\/\/bxrepsol.s3.eu-west-1.amazonaws.com\/static\/2022\/08\/29050038\/05_keanu-reeves-marc-marquez.jpg\" alt=\"Keanu Reeves con Marc M\u00e1rquez\" \/><\/p>\n<h3><strong>Ocasiones especiales<br \/>\n<\/strong><\/h3>\n<p>Uno de los fans que m\u00e1s ha demostrado su pasi\u00f3n por los colores del Equipo Repsol, en este caso desde el otro lado del Atl\u00e1ntico, es el actor Hugh Laurie. Conocido por dar vida al <strong>Doctor House<\/strong> en la c\u00e9lebre ficci\u00f3n televisiva, este int\u00e9rprete brit\u00e1nico lleg\u00f3 a convencer a los responsables de la serie para aparecer en algunos cap\u00edtulos con su propia moto\u2026 \u00a1que no es otra que una Honda CBR pintada con los colores Repsol!<\/p>\n<p>Y si retrocedemos apenas unos a\u00f1os m\u00e1s, podemos encontrarnos con uno de esos momentos que ilusionan especialmente a cualquier amante del deporte. Coincidiendo con la disputa del GP de Estados Unidos, <strong>uno de los deportistas m\u00e1s importantes de la historia<\/strong> aprovech\u00f3 para pasarse por el box y conocer a Nicky Hayden, piloto Repsol en aquellos a\u00f1os. \u00bfDe qui\u00e9n hablamos? Os animamos a visitar la galer\u00eda para descubrirlo\u2026<\/p>\n","protected":false},"excerpt":{"rendered":"<p>El Mundial de MotoGP es uno de los campeonatos m\u00e1s importantes del deporte actual. Por eso, muchas celebridades no pierden la ocasi\u00f3n de acercarse como aficionados e, incluso, de visitar el box del Equipo Repsol Honda.<\/p>\n","protected":false},"author":43146,"featured_media":86093,"comment_status":"open","ping_status":"open","sticky":false,"template":"","format":"standard","meta":{"footnotes":""},"categories":[4],"tags":[136],"class_list":["post-90029","post","type-post","status-publish","format-standard","hentry","category-motogp","tag-campeonato-del-mundo-de-motociclismo"],"yoast_head":"<!-- This site is optimized with the Yoast SEO plugin v27.3 - https:\/\/yoast.com\/product\/yoast-seo-wordpress\/ -->\n<title>MotoGP: cuando las estrellas est\u00e1n en la grada - Box Repsol<\/title>\n<meta name=\"description\" content=\"El Mundial de MotoGP es uno de los campeonatos m\u00e1s importantes del deporte actual. Por eso, muchas celebridades no pierden la ocasi\u00f3n de acercarse...\" \/>\n<link rel=\"canonical\" href=\"https:\/\/www.boxrepsol.com\/es\/motogp\/motogp-cuando-las-estrellas-estan-en-la-grada\/\" \/>\n<meta property=\"og:locale\" content=\"es_ES\" \/>\n<meta property=\"og:type\" content=\"article\" \/>\n<meta property=\"og:title\" content=\"MotoGP: cuando las estrellas est\u00e1n en la grada - Box Repsol\" \/>\n<meta property=\"og:description\" content=\"El Mundial de MotoGP es uno de los campeonatos m\u00e1s importantes del deporte actual. Por eso, muchas celebridades no pierden la ocasi\u00f3n de acercarse...\" \/>\n<meta property=\"og:url\" content=\"https:\/\/www.boxrepsol.com\/es\/motogp\/motogp-cuando-las-estrellas-estan-en-la-grada\/\" \/>\n<meta property=\"og:site_name\" content=\"Box Repsol\" \/>\n<meta property=\"article:publisher\" content=\"https:\/\/www.facebook.com\/BoxRepsol\" \/>\n<meta property=\"article:author\" content=\"https:\/\/www.facebook.com\/BoxRepsol\/\" \/>\n<meta property=\"article:published_time\" content=\"2016-02-23T02:00:00+00:00\" \/>\n<meta property=\"article:modified_time\" content=\"2024-05-07T07:59:29+00:00\" \/>\n<meta property=\"og:image\" content=\"https:\/\/www.boxrepsol.com\/wp-content\/uploads\/2022\/08\/04-fernando-alonso-dani-pedrosa-motogp-formula1.jpg\" \/>\n\t<meta property=\"og:image:width\" content=\"1280\" \/>\n\t<meta property=\"og:image:height\" content=\"846\" \/>\n\t<meta property=\"og:image:type\" content=\"image\/jpeg\" \/>\n<meta name=\"author\" content=\"Redacci\u00f3n Box Repsol\" \/>\n<meta name=\"twitter:card\" content=\"summary_large_image\" \/>\n<meta name=\"twitter:creator\" content=\"@https:\/\/twitter.com\/box_repsol\" \/>\n<meta name=\"twitter:site\" content=\"@box_repsol\" \/>\n<meta name=\"twitter:label1\" content=\"Written by\" \/>\n\t<meta name=\"twitter:data1\" content=\"Redacci\u00f3n Box Repsol\" \/>\n\t<meta name=\"twitter:label2\" content=\"Est. reading time\" \/>\n\t<meta name=\"twitter:data2\" content=\"2 minutos\" \/>\n<script type=\"application\/ld+json\" class=\"yoast-schema-graph\">{\"@context\":\"https:\\\/\\\/schema.org\",\"@graph\":[{\"@type\":\"Article\",\"@id\":\"https:\\\/\\\/www.boxrepsol.com\\\/es\\\/motogp\\\/motogp-cuando-las-estrellas-estan-en-la-grada\\\/#article\",\"isPartOf\":{\"@id\":\"https:\\\/\\\/www.boxrepsol.com\\\/es\\\/motogp\\\/motogp-cuando-las-estrellas-estan-en-la-grada\\\/\"},\"author\":{\"name\":\"Redacci\u00f3n Box Repsol\",\"@id\":\"https:\\\/\\\/www.boxrepsol.com\\\/es\\\/#\\\/schema\\\/person\\\/c5c2138f2cca251b0ad92b7086bb60b7\"},\"headline\":\"MotoGP: cuando las estrellas est\u00e1n en la grada\",\"datePublished\":\"2016-02-23T02:00:00+00:00\",\"dateModified\":\"2024-05-07T07:59:29+00:00\",\"mainEntityOfPage\":{\"@id\":\"https:\\\/\\\/www.boxrepsol.com\\\/es\\\/motogp\\\/motogp-cuando-las-estrellas-estan-en-la-grada\\\/\"},\"wordCount\":484,\"commentCount\":0,\"publisher\":{\"@id\":\"https:\\\/\\\/www.boxrepsol.com\\\/es\\\/#organization\"},\"image\":{\"@id\":\"https:\\\/\\\/www.boxrepsol.com\\\/es\\\/motogp\\\/motogp-cuando-las-estrellas-estan-en-la-grada\\\/#primaryimage\"},\"thumbnailUrl\":\"https:\\\/\\\/www.boxrepsol.com\\\/wp-content\\\/uploads\\\/2022\\\/08\\\/04-fernando-alonso-dani-pedrosa-motogp-formula1.jpg\",\"keywords\":[\"Campeonato del Mundo de Motociclismo\"],\"articleSection\":[\"MotoGP\"],\"inLanguage\":\"es\",\"potentialAction\":[{\"@type\":\"CommentAction\",\"name\":\"Comment\",\"target\":[\"https:\\\/\\\/www.boxrepsol.com\\\/es\\\/motogp\\\/motogp-cuando-las-estrellas-estan-en-la-grada\\\/#respond\"]}]},{\"@type\":\"WebPage\",\"@id\":\"https:\\\/\\\/www.boxrepsol.com\\\/es\\\/motogp\\\/motogp-cuando-las-estrellas-estan-en-la-grada\\\/\",\"url\":\"https:\\\/\\\/www.boxrepsol.com\\\/es\\\/motogp\\\/motogp-cuando-las-estrellas-estan-en-la-grada\\\/\",\"name\":\"MotoGP: cuando las estrellas est\u00e1n en la grada - Box Repsol\",\"isPartOf\":{\"@id\":\"https:\\\/\\\/www.boxrepsol.com\\\/es\\\/#website\"},\"primaryImageOfPage\":{\"@id\":\"https:\\\/\\\/www.boxrepsol.com\\\/es\\\/motogp\\\/motogp-cuando-las-estrellas-estan-en-la-grada\\\/#primaryimage\"},\"image\":{\"@id\":\"https:\\\/\\\/www.boxrepsol.com\\\/es\\\/motogp\\\/motogp-cuando-las-estrellas-estan-en-la-grada\\\/#primaryimage\"},\"thumbnailUrl\":\"https:\\\/\\\/www.boxrepsol.com\\\/wp-content\\\/uploads\\\/2022\\\/08\\\/04-fernando-alonso-dani-pedrosa-motogp-formula1.jpg\",\"datePublished\":\"2016-02-23T02:00:00+00:00\",\"dateModified\":\"2024-05-07T07:59:29+00:00\",\"description\":\"El Mundial de MotoGP es uno de los campeonatos m\u00e1s importantes del deporte actual. Por eso, muchas celebridades no pierden la ocasi\u00f3n de acercarse...\",\"breadcrumb\":{\"@id\":\"https:\\\/\\\/www.boxrepsol.com\\\/es\\\/motogp\\\/motogp-cuando-las-estrellas-estan-en-la-grada\\\/#breadcrumb\"},\"inLanguage\":\"es\",\"potentialAction\":[{\"@type\":\"ReadAction\",\"target\":[\"https:\\\/\\\/www.boxrepsol.com\\\/es\\\/motogp\\\/motogp-cuando-las-estrellas-estan-en-la-grada\\\/\"]}]},{\"@type\":\"ImageObject\",\"inLanguage\":\"es\",\"@id\":\"https:\\\/\\\/www.boxrepsol.com\\\/es\\\/motogp\\\/motogp-cuando-las-estrellas-estan-en-la-grada\\\/#primaryimage\",\"url\":\"https:\\\/\\\/www.boxrepsol.com\\\/wp-content\\\/uploads\\\/2022\\\/08\\\/04-fernando-alonso-dani-pedrosa-motogp-formula1.jpg\",\"contentUrl\":\"https:\\\/\\\/www.boxrepsol.com\\\/wp-content\\\/uploads\\\/2022\\\/08\\\/04-fernando-alonso-dani-pedrosa-motogp-formula1.jpg\",\"width\":1280,\"height\":846,\"caption\":\"06 GP Mugello 29, 30 y 31 de mayo y 1 de junio de 2014.\"},{\"@type\":\"BreadcrumbList\",\"@id\":\"https:\\\/\\\/www.boxrepsol.com\\\/es\\\/motogp\\\/motogp-cuando-las-estrellas-estan-en-la-grada\\\/#breadcrumb\",\"itemListElement\":[{\"@type\":\"ListItem\",\"position\":1,\"name\":\"Home\",\"item\":\"https:\\\/\\\/www.boxrepsol.com\\\/es\\\/\"},{\"@type\":\"ListItem\",\"position\":2,\"name\":\"MotoGP: cuando las estrellas est\u00e1n en la grada\"}]},{\"@type\":\"WebSite\",\"@id\":\"https:\\\/\\\/www.boxrepsol.com\\\/es\\\/#website\",\"url\":\"https:\\\/\\\/www.boxrepsol.com\\\/es\\\/\",\"name\":\"Box Repsol\",\"description\":\"Box Repsol Site\",\"publisher\":{\"@id\":\"https:\\\/\\\/www.boxrepsol.com\\\/es\\\/#organization\"},\"potentialAction\":[{\"@type\":\"SearchAction\",\"target\":{\"@type\":\"EntryPoint\",\"urlTemplate\":\"https:\\\/\\\/www.boxrepsol.com\\\/es\\\/?s={search_term_string}\"},\"query-input\":{\"@type\":\"PropertyValueSpecification\",\"valueRequired\":true,\"valueName\":\"search_term_string\"}}],\"inLanguage\":\"es\"},{\"@type\":\"Organization\",\"@id\":\"https:\\\/\\\/www.boxrepsol.com\\\/es\\\/#organization\",\"name\":\"Box Repsol\",\"url\":\"https:\\\/\\\/www.boxrepsol.com\\\/es\\\/\",\"logo\":{\"@type\":\"ImageObject\",\"inLanguage\":\"es\",\"@id\":\"https:\\\/\\\/www.boxrepsol.com\\\/es\\\/#\\\/schema\\\/logo\\\/image\\\/\",\"url\":\"https:\\\/\\\/bxrepsol.s3.eu-west-1.amazonaws.com\\\/static\\\/2025\\\/07\\\/30083337\\\/favicon-96x96-1.png\",\"contentUrl\":\"https:\\\/\\\/bxrepsol.s3.eu-west-1.amazonaws.com\\\/static\\\/2025\\\/07\\\/30083337\\\/favicon-96x96-1.png\",\"width\":96,\"height\":96,\"caption\":\"Box Repsol\"},\"image\":{\"@id\":\"https:\\\/\\\/www.boxrepsol.com\\\/es\\\/#\\\/schema\\\/logo\\\/image\\\/\"},\"sameAs\":[\"https:\\\/\\\/www.facebook.com\\\/BoxRepsol\",\"https:\\\/\\\/x.com\\\/box_repsol\",\"http:\\\/\\\/instagram.com\\\/box_repsol\",\"https:\\\/\\\/www.youtube.com\\\/user\\\/RepsolCompeticion\",\"https:\\\/\\\/www.flickr.com\\\/photos\\\/box_repsol\\\/\"]},{\"@type\":\"Person\",\"@id\":\"https:\\\/\\\/www.boxrepsol.com\\\/es\\\/#\\\/schema\\\/person\\\/c5c2138f2cca251b0ad92b7086bb60b7\",\"name\":\"Redacci\u00f3n Box Repsol\",\"image\":{\"@type\":\"ImageObject\",\"inLanguage\":\"es\",\"@id\":\"https:\\\/\\\/secure.gravatar.com\\\/avatar\\\/adf7b77e38b4419baf32c7e9c21dde01f4e40df611f0978e3006fc4ba0aaab7e?s=96&d=mm&r=g\",\"url\":\"https:\\\/\\\/secure.gravatar.com\\\/avatar\\\/adf7b77e38b4419baf32c7e9c21dde01f4e40df611f0978e3006fc4ba0aaab7e?s=96&d=mm&r=g\",\"contentUrl\":\"https:\\\/\\\/secure.gravatar.com\\\/avatar\\\/adf7b77e38b4419baf32c7e9c21dde01f4e40df611f0978e3006fc4ba0aaab7e?s=96&d=mm&r=g\",\"caption\":\"Redacci\u00f3n Box Repsol\"},\"description\":\"Box Repsol lo forma un equipo de periodistas, community managers, dise\u00f1adores y fot\u00f3grafos con m\u00e1s de 20 a\u00f1os de experiencia en el mundo del motorsport. Hemos vivido el primer mundial de un espa\u00f1ol en la categor\u00eda reina de motociclismo con \u00c1lex Crivill\u00e9, estuvimos en las victorias de Pedrosa y los t\u00edtulos de M\u00e1rquez, acompa\u00f1amos en \u00c1frica a Nani Roma y Marc Coma en sus conquistas del Dakar y hemos vibrado con los t\u00edtulos de Toni Bou en Trial. Adem\u00e1s, en nuestro equipo contamos con expertos en el mundo de las dos y cuatro ruedas tanto de la calle y las carreteras, como de los circuitos. Periodistas que han trabajado en revistas y publicaciones para hacerte llegar desde rutas y consejos de mantenimiento, a curiosidades y trucos de pilotaje.\",\"sameAs\":[\"https:\\\/\\\/www.facebook.com\\\/BoxRepsol\\\/\",\"https:\\\/\\\/www.instagram.com\\\/box_repsol\\\/\",\"https:\\\/\\\/x.com\\\/https:\\\/\\\/twitter.com\\\/box_repsol\",\"https:\\\/\\\/www.youtube.com\\\/@Boxrepsol\"],\"url\":\"https:\\\/\\\/www.boxrepsol.com\\\/es\\\/author\\\/redaccion-box-repsol\\\/\"}]}<\/script>\n<!-- \/ Yoast SEO plugin. -->","yoast_head_json":{"title":"MotoGP: cuando las estrellas est\u00e1n en la grada - Box Repsol","description":"El Mundial de MotoGP es uno de los campeonatos m\u00e1s importantes del deporte actual. Por eso, muchas celebridades no pierden la ocasi\u00f3n de acercarse...","canonical":"https:\/\/www.boxrepsol.com\/es\/motogp\/motogp-cuando-las-estrellas-estan-en-la-grada\/","og_locale":"es_ES","og_type":"article","og_title":"MotoGP: cuando las estrellas est\u00e1n en la grada - Box Repsol","og_description":"El Mundial de MotoGP es uno de los campeonatos m\u00e1s importantes del deporte actual. Por eso, muchas celebridades no pierden la ocasi\u00f3n de acercarse...","og_url":"https:\/\/www.boxrepsol.com\/es\/motogp\/motogp-cuando-las-estrellas-estan-en-la-grada\/","og_site_name":"Box Repsol","article_publisher":"https:\/\/www.facebook.com\/BoxRepsol","article_author":"https:\/\/www.facebook.com\/BoxRepsol\/","article_published_time":"2016-02-23T02:00:00+00:00","article_modified_time":"2024-05-07T07:59:29+00:00","og_image":[{"width":1280,"height":846,"url":"https:\/\/www.boxrepsol.com\/wp-content\/uploads\/2022\/08\/04-fernando-alonso-dani-pedrosa-motogp-formula1.jpg","type":"image\/jpeg"}],"author":"Redacci\u00f3n Box Repsol","twitter_card":"summary_large_image","twitter_creator":"@https:\/\/twitter.com\/box_repsol","twitter_site":"@box_repsol","twitter_misc":{"Written by":"Redacci\u00f3n Box Repsol","Est. reading time":"2 minutos"},"schema":{"@context":"https:\/\/schema.org","@graph":[{"@type":"Article","@id":"https:\/\/www.boxrepsol.com\/es\/motogp\/motogp-cuando-las-estrellas-estan-en-la-grada\/#article","isPartOf":{"@id":"https:\/\/www.boxrepsol.com\/es\/motogp\/motogp-cuando-las-estrellas-estan-en-la-grada\/"},"author":{"name":"Redacci\u00f3n Box Repsol","@id":"https:\/\/www.boxrepsol.com\/es\/#\/schema\/person\/c5c2138f2cca251b0ad92b7086bb60b7"},"headline":"MotoGP: cuando las estrellas est\u00e1n en la grada","datePublished":"2016-02-23T02:00:00+00:00","dateModified":"2024-05-07T07:59:29+00:00","mainEntityOfPage":{"@id":"https:\/\/www.boxrepsol.com\/es\/motogp\/motogp-cuando-las-estrellas-estan-en-la-grada\/"},"wordCount":484,"commentCount":0,"publisher":{"@id":"https:\/\/www.boxrepsol.com\/es\/#organization"},"image":{"@id":"https:\/\/www.boxrepsol.com\/es\/motogp\/motogp-cuando-las-estrellas-estan-en-la-grada\/#primaryimage"},"thumbnailUrl":"https:\/\/www.boxrepsol.com\/wp-content\/uploads\/2022\/08\/04-fernando-alonso-dani-pedrosa-motogp-formula1.jpg","keywords":["Campeonato del Mundo de Motociclismo"],"articleSection":["MotoGP"],"inLanguage":"es","potentialAction":[{"@type":"CommentAction","name":"Comment","target":["https:\/\/www.boxrepsol.com\/es\/motogp\/motogp-cuando-las-estrellas-estan-en-la-grada\/#respond"]}]},{"@type":"WebPage","@id":"https:\/\/www.boxrepsol.com\/es\/motogp\/motogp-cuando-las-estrellas-estan-en-la-grada\/","url":"https:\/\/www.boxrepsol.com\/es\/motogp\/motogp-cuando-las-estrellas-estan-en-la-grada\/","name":"MotoGP: cuando las estrellas est\u00e1n en la grada - Box Repsol","isPartOf":{"@id":"https:\/\/www.boxrepsol.com\/es\/#website"},"primaryImageOfPage":{"@id":"https:\/\/www.boxrepsol.com\/es\/motogp\/motogp-cuando-las-estrellas-estan-en-la-grada\/#primaryimage"},"image":{"@id":"https:\/\/www.boxrepsol.com\/es\/motogp\/motogp-cuando-las-estrellas-estan-en-la-grada\/#primaryimage"},"thumbnailUrl":"https:\/\/www.boxrepsol.com\/wp-content\/uploads\/2022\/08\/04-fernando-alonso-dani-pedrosa-motogp-formula1.jpg","datePublished":"2016-02-23T02:00:00+00:00","dateModified":"2024-05-07T07:59:29+00:00","description":"El Mundial de MotoGP es uno de los campeonatos m\u00e1s importantes del deporte actual. Por eso, muchas celebridades no pierden la ocasi\u00f3n de acercarse...","breadcrumb":{"@id":"https:\/\/www.boxrepsol.com\/es\/motogp\/motogp-cuando-las-estrellas-estan-en-la-grada\/#breadcrumb"},"inLanguage":"es","potentialAction":[{"@type":"ReadAction","target":["https:\/\/www.boxrepsol.com\/es\/motogp\/motogp-cuando-las-estrellas-estan-en-la-grada\/"]}]},{"@type":"ImageObject","inLanguage":"es","@id":"https:\/\/www.boxrepsol.com\/es\/motogp\/motogp-cuando-las-estrellas-estan-en-la-grada\/#primaryimage","url":"https:\/\/www.boxrepsol.com\/wp-content\/uploads\/2022\/08\/04-fernando-alonso-dani-pedrosa-motogp-formula1.jpg","contentUrl":"https:\/\/www.boxrepsol.com\/wp-content\/uploads\/2022\/08\/04-fernando-alonso-dani-pedrosa-motogp-formula1.jpg","width":1280,"height":846,"caption":"06 GP Mugello 29, 30 y 31 de mayo y 1 de junio de 2014."},{"@type":"BreadcrumbList","@id":"https:\/\/www.boxrepsol.com\/es\/motogp\/motogp-cuando-las-estrellas-estan-en-la-grada\/#breadcrumb","itemListElement":[{"@type":"ListItem","position":1,"name":"Home","item":"https:\/\/www.boxrepsol.com\/es\/"},{"@type":"ListItem","position":2,"name":"MotoGP: cuando las estrellas est\u00e1n en la grada"}]},{"@type":"WebSite","@id":"https:\/\/www.boxrepsol.com\/es\/#website","url":"https:\/\/www.boxrepsol.com\/es\/","name":"Box Repsol","description":"Box Repsol Site","publisher":{"@id":"https:\/\/www.boxrepsol.com\/es\/#organization"},"potentialAction":[{"@type":"SearchAction","target":{"@type":"EntryPoint","urlTemplate":"https:\/\/www.boxrepsol.com\/es\/?s={search_term_string}"},"query-input":{"@type":"PropertyValueSpecification","valueRequired":true,"valueName":"search_term_string"}}],"inLanguage":"es"},{"@type":"Organization","@id":"https:\/\/www.boxrepsol.com\/es\/#organization","name":"Box Repsol","url":"https:\/\/www.boxrepsol.com\/es\/","logo":{"@type":"ImageObject","inLanguage":"es","@id":"https:\/\/www.boxrepsol.com\/es\/#\/schema\/logo\/image\/","url":"https:\/\/bxrepsol.s3.eu-west-1.amazonaws.com\/static\/2025\/07\/30083337\/favicon-96x96-1.png","contentUrl":"https:\/\/bxrepsol.s3.eu-west-1.amazonaws.com\/static\/2025\/07\/30083337\/favicon-96x96-1.png","width":96,"height":96,"caption":"Box Repsol"},"image":{"@id":"https:\/\/www.boxrepsol.com\/es\/#\/schema\/logo\/image\/"},"sameAs":["https:\/\/www.facebook.com\/BoxRepsol","https:\/\/x.com\/box_repsol","http:\/\/instagram.com\/box_repsol","https:\/\/www.youtube.com\/user\/RepsolCompeticion","https:\/\/www.flickr.com\/photos\/box_repsol\/"]},{"@type":"Person","@id":"https:\/\/www.boxrepsol.com\/es\/#\/schema\/person\/c5c2138f2cca251b0ad92b7086bb60b7","name":"Redacci\u00f3n Box Repsol","image":{"@type":"ImageObject","inLanguage":"es","@id":"https:\/\/secure.gravatar.com\/avatar\/adf7b77e38b4419baf32c7e9c21dde01f4e40df611f0978e3006fc4ba0aaab7e?s=96&d=mm&r=g","url":"https:\/\/secure.gravatar.com\/avatar\/adf7b77e38b4419baf32c7e9c21dde01f4e40df611f0978e3006fc4ba0aaab7e?s=96&d=mm&r=g","contentUrl":"https:\/\/secure.gravatar.com\/avatar\/adf7b77e38b4419baf32c7e9c21dde01f4e40df611f0978e3006fc4ba0aaab7e?s=96&d=mm&r=g","caption":"Redacci\u00f3n Box Repsol"},"description":"Box Repsol lo forma un equipo de periodistas, community managers, dise\u00f1adores y fot\u00f3grafos con m\u00e1s de 20 a\u00f1os de experiencia en el mundo del motorsport. Hemos vivido el primer mundial de un espa\u00f1ol en la categor\u00eda reina de motociclismo con \u00c1lex Crivill\u00e9, estuvimos en las victorias de Pedrosa y los t\u00edtulos de M\u00e1rquez, acompa\u00f1amos en \u00c1frica a Nani Roma y Marc Coma en sus conquistas del Dakar y hemos vibrado con los t\u00edtulos de Toni Bou en Trial. Adem\u00e1s, en nuestro equipo contamos con expertos en el mundo de las dos y cuatro ruedas tanto de la calle y las carreteras, como de los circuitos. Periodistas que han trabajado en revistas y publicaciones para hacerte llegar desde rutas y consejos de mantenimiento, a curiosidades y trucos de pilotaje.","sameAs":["https:\/\/www.facebook.com\/BoxRepsol\/","https:\/\/www.instagram.com\/box_repsol\/","https:\/\/x.com\/https:\/\/twitter.com\/box_repsol","https:\/\/www.youtube.com\/@Boxrepsol"],"url":"https:\/\/www.boxrepsol.com\/es\/author\/redaccion-box-repsol\/"}]}},"_links":{"self":[{"href":"https:\/\/www.boxrepsol.com\/es\/wp-json\/wp\/v2\/posts\/90029","targetHints":{"allow":["GET"]}}],"collection":[{"href":"https:\/\/www.boxrepsol.com\/es\/wp-json\/wp\/v2\/posts"}],"about":[{"href":"https:\/\/www.boxrepsol.com\/es\/wp-json\/wp\/v2\/types\/post"}],"author":[{"embeddable":true,"href":"https:\/\/www.boxrepsol.com\/es\/wp-json\/wp\/v2\/users\/43146"}],"replies":[{"embeddable":true,"href":"https:\/\/www.boxrepsol.com\/es\/wp-json\/wp\/v2\/comments?post=90029"}],"version-history":[{"count":1,"href":"https:\/\/www.boxrepsol.com\/es\/wp-json\/wp\/v2\/posts\/90029\/revisions"}],"predecessor-version":[{"id":90030,"href":"https:\/\/www.boxrepsol.com\/es\/wp-json\/wp\/v2\/posts\/90029\/revisions\/90030"}],"wp:featuredmedia":[{"embeddable":true,"href":"https:\/\/www.boxrepsol.com\/es\/wp-json\/wp\/v2\/media\/86093"}],"wp:attachment":[{"href":"https:\/\/www.boxrepsol.com\/es\/wp-json\/wp\/v2\/media?parent=90029"}],"wp:term":[{"taxonomy":"category","embeddable":true,"href":"https:\/\/www.boxrepsol.com\/es\/wp-json\/wp\/v2\/categories?post=90029"},{"taxonomy":"post_tag","embeddable":true,"href":"https:\/\/www.boxrepsol.com\/es\/wp-json\/wp\/v2\/tags?post=90029"}],"curies":[{"name":"wp","href":"https:\/\/api.w.org\/{rel}","templated":true}]}}