{"id":90027,"date":"2021-06-21T00:00:00","date_gmt":"2021-06-21T02:00:00","guid":{"rendered":"http:\/\/pre.boxrepsol.com\/sin-categorizar\/marc-marquez-cuenta-como-vivio-su-primera-victoria-en-el-mundial\/"},"modified":"2024-04-12T13:36:35","modified_gmt":"2024-04-12T15:36:35","slug":"marc-marquez-cuenta-como-vivio-su-primera-victoria-en-el-mundial","status":"publish","type":"post","link":"https:\/\/www.boxrepsol.com\/es\/motogp\/marc-marquez-cuenta-como-vivio-su-primera-victoria-en-el-mundial\/","title":{"rendered":"Marc M\u00e1rquez cuenta c\u00f3mo vivi\u00f3 su primera victoria en el Mundial"},"content":{"rendered":"\n<blockquote class=\"wp-block-quote is-layout-flow wp-block-quote-is-layout-flow\">\n<blockquote class=\"wp-block-quote is-layout-flow wp-block-quote-is-layout-flow\">\n<p><\/p>\n<cite>Marc: \u00abRecuerdo que mi t\u00e9cnico me dijo: \u00a1En esta carrera la moto va a volar!\u201d<\/cite><\/blockquote>\n<\/blockquote>\n\n\n\n<p><strong>\u201cEstaba nervioso porque no era uno de mis circuitos favoritos y no lo ten\u00eda todo de cara para ganar la carrera\u201d<\/strong>. En efecto las condiciones no auguraban una victoria f\u00e1cil; los adversarios se lo iban a poner complicado pero Marc se encontraba especialmente motivado aquel d\u00eda: <strong>\u201cMe encontr\u00e9 bien ese domingo y lo pude conseguir\u201d.<\/strong><\/p>\n\n\n\n<p><strong>Partiendo de una sexta<\/strong> posici\u00f3n en la parrilla, el oriundo de Cervera, escal\u00f3 r\u00e1pidamente hasta el tercer puesto, d\u00f3nde comenz\u00f3 un duelo por la victoria entre cuatro osados pilotos. Nico Terol dominaba en cabeza, seguido de cerca de Pol Espargar\u00f3, con quien manten\u00eda una lucha igualada mientras se alejaban del resto. Sin embargo, este cara a cara acab\u00f3 por permitir que Marc M\u00e1rquez y Bradley Smith se unieran, estableciendo un grupo de cuatro.<\/p>\n\n\n\n<p>Las tornas se vieron r\u00e1pidamente invertidas cuando los dos nuevos aspirantes a la cabeza pasaron a primera y segunda posici\u00f3n. <strong>M\u00e1rquez y Bradley Smith se escaparon<\/strong> y brillaron en el final de carrera.<\/p>\n\n\n\n<p>El piloto Repsol trat\u00f3 por todos los medios de encontrar un punto flaco en la trazada del brit\u00e1nico. Los dos pilotos exprimieron al m\u00e1ximo su motor en una de las rectas m\u00e1s largas del mundial: <strong>\u201cEs un circuito en el que importa mucho el motor, mi t\u00e9cnico me dijo; \u00a1En esta carrera la moto va a volar!\u201d<\/strong>.<\/p>\n\n\n\n<h2 class=\"wp-block-heading\"><strong>El desenlace<\/strong><\/h2>\n\n\n\n<p>En la \u00faltima vuelta, <strong>M\u00e1rquez se hizo con la primera posici\u00f3n<\/strong>, y Bradley fue desplazado hasta el cuarto puesto, cuando Terol y Espargar\u00f3 le superaron. El de Cervera conserv\u00f3 el liderato desde ese momento en adelante, <strong>cruzando la l\u00ednea de meta tan solo a 39 mil\u00e9simas de Terol<\/strong>.<\/p>\n\n\n\n<figure class=\"wp-block-image\"><img decoding=\"async\" src=\"https:\/\/bxrepsol.s3.eu-west-1.amazonaws.com\/static\/2022\/08\/29071445\/02-marc-marquez-emilio-alzamora-motogp-moto3-1.jpg\" alt=\"\"\/><\/figure>\n\n\n\n<p>El piloto de Repsol se alz\u00f3 finalmente con su primera victoria mundialista en una temporada en la que result\u00f3 ganador del Mundial de 125c.c. Su estreno subiendo a lo m\u00e1s alto del podio se lo dedic\u00f3 a quienes estuvieron acompa\u00f1\u00e1ndolo en el circuito:<strong>\u201dEl equipo, mi hermano, mi familia\u2026 Ellos fueron los primeros a los que abrac\u00e9\u201d<\/strong>. El ilerdense fue recibido con todos los honores en su Cervera natal, haciendo el recuerdo m\u00e1s inolvidable si cabe: <strong>\u201cMe hicieron un recibimiento en el pueblo, solo fue una victoria, \u00a1pero para ellos ya era mucho!\u201d<\/strong><\/p>\n\n\n\n<p>Mugello, se convirti\u00f3 contra todo pron\u00f3stico, en la piedra fundacional de la <strong>leyenda<\/strong> de Marc M\u00e1rquez. Una leyenda que sigue creciendo a d\u00eda de hoy. El piloto <strong>de Repsol<\/strong> lucha en la actualidad por su cuarto mundial en MotoGP.<\/p>\n","protected":false},"excerpt":{"rendered":"<p>Mugello 2010, la categor\u00eda que se disputa es 125 c.c., una joven promesa llamada Marc M\u00e1rquez se enfrenta a un circuito que dista de ser su especialidad. Contra todo pron\u00f3stico, el piloto Repsol de 17 a\u00f1os se alza con la victoria obteniendo su primer gran \u00e9xito en el Mundial de Motociclismo.<\/p>\n","protected":false},"author":43146,"featured_media":86088,"comment_status":"open","ping_status":"open","sticky":false,"template":"","format":"standard","meta":{"footnotes":""},"categories":[4],"tags":[6],"class_list":["post-90027","post","type-post","status-publish","format-standard","hentry","category-motogp","tag-marc-marquez"],"yoast_head":"<!-- This site is optimized with the Yoast SEO plugin v27.3 - https:\/\/yoast.com\/product\/yoast-seo-wordpress\/ -->\n<title>Marc M\u00e1rquez cuenta c\u00f3mo vivi\u00f3 su primera victoria en el Mundial - Box Repsol<\/title>\n<meta name=\"description\" content=\"Mugello 2010, la categor\u00eda que se disputa es 125 c.c., una joven promesa llamada Marc M\u00e1rquez se enfrenta a un circuito que dista de ser su especialidad.\" \/>\n<link rel=\"canonical\" href=\"https:\/\/www.boxrepsol.com\/es\/motogp\/marc-marquez-cuenta-como-vivio-su-primera-victoria-en-el-mundial\/\" \/>\n<meta property=\"og:locale\" content=\"es_ES\" \/>\n<meta property=\"og:type\" content=\"article\" \/>\n<meta property=\"og:title\" content=\"Marc M\u00e1rquez cuenta c\u00f3mo vivi\u00f3 su primera victoria en el Mundial - Box Repsol\" \/>\n<meta property=\"og:description\" content=\"Mugello 2010, la categor\u00eda que se disputa es 125 c.c., una joven promesa llamada Marc M\u00e1rquez se enfrenta a un circuito que dista de ser su especialidad.\" \/>\n<meta property=\"og:url\" content=\"https:\/\/www.boxrepsol.com\/es\/motogp\/marc-marquez-cuenta-como-vivio-su-primera-victoria-en-el-mundial\/\" \/>\n<meta property=\"og:site_name\" content=\"Box Repsol\" \/>\n<meta property=\"article:publisher\" content=\"https:\/\/www.facebook.com\/BoxRepsol\" \/>\n<meta property=\"article:author\" content=\"https:\/\/www.facebook.com\/BoxRepsol\/\" \/>\n<meta property=\"article:published_time\" content=\"2021-06-21T02:00:00+00:00\" \/>\n<meta property=\"article:modified_time\" content=\"2024-04-12T15:36:35+00:00\" \/>\n<meta property=\"og:image\" content=\"https:\/\/www.boxrepsol.com\/wp-content\/uploads\/2022\/08\/01-marc-marquez-93-motogp-repsol-honda.jpg\" \/>\n\t<meta property=\"og:image:width\" content=\"1024\" \/>\n\t<meta property=\"og:image:height\" content=\"429\" \/>\n\t<meta property=\"og:image:type\" content=\"image\/jpeg\" \/>\n<meta name=\"author\" content=\"Redacci\u00f3n Box Repsol\" \/>\n<meta name=\"twitter:card\" content=\"summary_large_image\" \/>\n<meta name=\"twitter:creator\" content=\"@https:\/\/twitter.com\/box_repsol\" \/>\n<meta name=\"twitter:site\" content=\"@box_repsol\" \/>\n<meta name=\"twitter:label1\" content=\"Written by\" \/>\n\t<meta name=\"twitter:data1\" content=\"Redacci\u00f3n Box Repsol\" \/>\n\t<meta name=\"twitter:label2\" content=\"Est. reading time\" \/>\n\t<meta name=\"twitter:data2\" content=\"2 minutos\" \/>\n<script type=\"application\/ld+json\" class=\"yoast-schema-graph\">{\"@context\":\"https:\\\/\\\/schema.org\",\"@graph\":[{\"@type\":\"Article\",\"@id\":\"https:\\\/\\\/www.boxrepsol.com\\\/es\\\/motogp\\\/marc-marquez-cuenta-como-vivio-su-primera-victoria-en-el-mundial\\\/#article\",\"isPartOf\":{\"@id\":\"https:\\\/\\\/www.boxrepsol.com\\\/es\\\/motogp\\\/marc-marquez-cuenta-como-vivio-su-primera-victoria-en-el-mundial\\\/\"},\"author\":{\"name\":\"Redacci\u00f3n Box Repsol\",\"@id\":\"https:\\\/\\\/www.boxrepsol.com\\\/es\\\/#\\\/schema\\\/person\\\/c5c2138f2cca251b0ad92b7086bb60b7\"},\"headline\":\"Marc M\u00e1rquez cuenta c\u00f3mo vivi\u00f3 su primera victoria en el Mundial\",\"datePublished\":\"2021-06-21T02:00:00+00:00\",\"dateModified\":\"2024-04-12T15:36:35+00:00\",\"mainEntityOfPage\":{\"@id\":\"https:\\\/\\\/www.boxrepsol.com\\\/es\\\/motogp\\\/marc-marquez-cuenta-como-vivio-su-primera-victoria-en-el-mundial\\\/\"},\"wordCount\":454,\"commentCount\":0,\"publisher\":{\"@id\":\"https:\\\/\\\/www.boxrepsol.com\\\/es\\\/#organization\"},\"image\":{\"@id\":\"https:\\\/\\\/www.boxrepsol.com\\\/es\\\/motogp\\\/marc-marquez-cuenta-como-vivio-su-primera-victoria-en-el-mundial\\\/#primaryimage\"},\"thumbnailUrl\":\"https:\\\/\\\/www.boxrepsol.com\\\/wp-content\\\/uploads\\\/2022\\\/08\\\/01-marc-marquez-93-motogp-repsol-honda.jpg\",\"keywords\":[\"Marc M\u00e1rquez\"],\"articleSection\":[\"MotoGP\"],\"inLanguage\":\"es\",\"potentialAction\":[{\"@type\":\"CommentAction\",\"name\":\"Comment\",\"target\":[\"https:\\\/\\\/www.boxrepsol.com\\\/es\\\/motogp\\\/marc-marquez-cuenta-como-vivio-su-primera-victoria-en-el-mundial\\\/#respond\"]}]},{\"@type\":\"WebPage\",\"@id\":\"https:\\\/\\\/www.boxrepsol.com\\\/es\\\/motogp\\\/marc-marquez-cuenta-como-vivio-su-primera-victoria-en-el-mundial\\\/\",\"url\":\"https:\\\/\\\/www.boxrepsol.com\\\/es\\\/motogp\\\/marc-marquez-cuenta-como-vivio-su-primera-victoria-en-el-mundial\\\/\",\"name\":\"Marc M\u00e1rquez cuenta c\u00f3mo vivi\u00f3 su primera victoria en el Mundial - Box Repsol\",\"isPartOf\":{\"@id\":\"https:\\\/\\\/www.boxrepsol.com\\\/es\\\/#website\"},\"primaryImageOfPage\":{\"@id\":\"https:\\\/\\\/www.boxrepsol.com\\\/es\\\/motogp\\\/marc-marquez-cuenta-como-vivio-su-primera-victoria-en-el-mundial\\\/#primaryimage\"},\"image\":{\"@id\":\"https:\\\/\\\/www.boxrepsol.com\\\/es\\\/motogp\\\/marc-marquez-cuenta-como-vivio-su-primera-victoria-en-el-mundial\\\/#primaryimage\"},\"thumbnailUrl\":\"https:\\\/\\\/www.boxrepsol.com\\\/wp-content\\\/uploads\\\/2022\\\/08\\\/01-marc-marquez-93-motogp-repsol-honda.jpg\",\"datePublished\":\"2021-06-21T02:00:00+00:00\",\"dateModified\":\"2024-04-12T15:36:35+00:00\",\"description\":\"Mugello 2010, la categor\u00eda que se disputa es 125 c.c., una joven promesa llamada Marc M\u00e1rquez se enfrenta a un circuito que dista de ser su especialidad.\",\"breadcrumb\":{\"@id\":\"https:\\\/\\\/www.boxrepsol.com\\\/es\\\/motogp\\\/marc-marquez-cuenta-como-vivio-su-primera-victoria-en-el-mundial\\\/#breadcrumb\"},\"inLanguage\":\"es\",\"potentialAction\":[{\"@type\":\"ReadAction\",\"target\":[\"https:\\\/\\\/www.boxrepsol.com\\\/es\\\/motogp\\\/marc-marquez-cuenta-como-vivio-su-primera-victoria-en-el-mundial\\\/\"]}]},{\"@type\":\"ImageObject\",\"inLanguage\":\"es\",\"@id\":\"https:\\\/\\\/www.boxrepsol.com\\\/es\\\/motogp\\\/marc-marquez-cuenta-como-vivio-su-primera-victoria-en-el-mundial\\\/#primaryimage\",\"url\":\"https:\\\/\\\/www.boxrepsol.com\\\/wp-content\\\/uploads\\\/2022\\\/08\\\/01-marc-marquez-93-motogp-repsol-honda.jpg\",\"contentUrl\":\"https:\\\/\\\/www.boxrepsol.com\\\/wp-content\\\/uploads\\\/2022\\\/08\\\/01-marc-marquez-93-motogp-repsol-honda.jpg\",\"width\":1024,\"height\":429,\"caption\":\"Marc M\u00e1rquez nos cuenta su primera victoria en Mugello\"},{\"@type\":\"BreadcrumbList\",\"@id\":\"https:\\\/\\\/www.boxrepsol.com\\\/es\\\/motogp\\\/marc-marquez-cuenta-como-vivio-su-primera-victoria-en-el-mundial\\\/#breadcrumb\",\"itemListElement\":[{\"@type\":\"ListItem\",\"position\":1,\"name\":\"Home\",\"item\":\"https:\\\/\\\/www.boxrepsol.com\\\/es\\\/\"},{\"@type\":\"ListItem\",\"position\":2,\"name\":\"Marc M\u00e1rquez cuenta c\u00f3mo vivi\u00f3 su primera victoria en el Mundial\"}]},{\"@type\":\"WebSite\",\"@id\":\"https:\\\/\\\/www.boxrepsol.com\\\/es\\\/#website\",\"url\":\"https:\\\/\\\/www.boxrepsol.com\\\/es\\\/\",\"name\":\"Box Repsol\",\"description\":\"Box Repsol Site\",\"publisher\":{\"@id\":\"https:\\\/\\\/www.boxrepsol.com\\\/es\\\/#organization\"},\"potentialAction\":[{\"@type\":\"SearchAction\",\"target\":{\"@type\":\"EntryPoint\",\"urlTemplate\":\"https:\\\/\\\/www.boxrepsol.com\\\/es\\\/?s={search_term_string}\"},\"query-input\":{\"@type\":\"PropertyValueSpecification\",\"valueRequired\":true,\"valueName\":\"search_term_string\"}}],\"inLanguage\":\"es\"},{\"@type\":\"Organization\",\"@id\":\"https:\\\/\\\/www.boxrepsol.com\\\/es\\\/#organization\",\"name\":\"Box Repsol\",\"url\":\"https:\\\/\\\/www.boxrepsol.com\\\/es\\\/\",\"logo\":{\"@type\":\"ImageObject\",\"inLanguage\":\"es\",\"@id\":\"https:\\\/\\\/www.boxrepsol.com\\\/es\\\/#\\\/schema\\\/logo\\\/image\\\/\",\"url\":\"https:\\\/\\\/bxrepsol.s3.eu-west-1.amazonaws.com\\\/static\\\/2025\\\/07\\\/30083337\\\/favicon-96x96-1.png\",\"contentUrl\":\"https:\\\/\\\/bxrepsol.s3.eu-west-1.amazonaws.com\\\/static\\\/2025\\\/07\\\/30083337\\\/favicon-96x96-1.png\",\"width\":96,\"height\":96,\"caption\":\"Box Repsol\"},\"image\":{\"@id\":\"https:\\\/\\\/www.boxrepsol.com\\\/es\\\/#\\\/schema\\\/logo\\\/image\\\/\"},\"sameAs\":[\"https:\\\/\\\/www.facebook.com\\\/BoxRepsol\",\"https:\\\/\\\/x.com\\\/box_repsol\",\"http:\\\/\\\/instagram.com\\\/box_repsol\",\"https:\\\/\\\/www.youtube.com\\\/user\\\/RepsolCompeticion\",\"https:\\\/\\\/www.flickr.com\\\/photos\\\/box_repsol\\\/\"]},{\"@type\":\"Person\",\"@id\":\"https:\\\/\\\/www.boxrepsol.com\\\/es\\\/#\\\/schema\\\/person\\\/c5c2138f2cca251b0ad92b7086bb60b7\",\"name\":\"Redacci\u00f3n Box Repsol\",\"image\":{\"@type\":\"ImageObject\",\"inLanguage\":\"es\",\"@id\":\"https:\\\/\\\/secure.gravatar.com\\\/avatar\\\/adf7b77e38b4419baf32c7e9c21dde01f4e40df611f0978e3006fc4ba0aaab7e?s=96&d=mm&r=g\",\"url\":\"https:\\\/\\\/secure.gravatar.com\\\/avatar\\\/adf7b77e38b4419baf32c7e9c21dde01f4e40df611f0978e3006fc4ba0aaab7e?s=96&d=mm&r=g\",\"contentUrl\":\"https:\\\/\\\/secure.gravatar.com\\\/avatar\\\/adf7b77e38b4419baf32c7e9c21dde01f4e40df611f0978e3006fc4ba0aaab7e?s=96&d=mm&r=g\",\"caption\":\"Redacci\u00f3n Box Repsol\"},\"description\":\"Box Repsol lo forma un equipo de periodistas, community managers, dise\u00f1adores y fot\u00f3grafos con m\u00e1s de 20 a\u00f1os de experiencia en el mundo del motorsport. Hemos vivido el primer mundial de un espa\u00f1ol en la categor\u00eda reina de motociclismo con \u00c1lex Crivill\u00e9, estuvimos en las victorias de Pedrosa y los t\u00edtulos de M\u00e1rquez, acompa\u00f1amos en \u00c1frica a Nani Roma y Marc Coma en sus conquistas del Dakar y hemos vibrado con los t\u00edtulos de Toni Bou en Trial. Adem\u00e1s, en nuestro equipo contamos con expertos en el mundo de las dos y cuatro ruedas tanto de la calle y las carreteras, como de los circuitos. Periodistas que han trabajado en revistas y publicaciones para hacerte llegar desde rutas y consejos de mantenimiento, a curiosidades y trucos de pilotaje.\",\"sameAs\":[\"https:\\\/\\\/www.facebook.com\\\/BoxRepsol\\\/\",\"https:\\\/\\\/www.instagram.com\\\/box_repsol\\\/\",\"https:\\\/\\\/x.com\\\/https:\\\/\\\/twitter.com\\\/box_repsol\",\"https:\\\/\\\/www.youtube.com\\\/@Boxrepsol\"],\"url\":\"https:\\\/\\\/www.boxrepsol.com\\\/es\\\/author\\\/redaccion-box-repsol\\\/\"}]}<\/script>\n<!-- \/ Yoast SEO plugin. -->","yoast_head_json":{"title":"Marc M\u00e1rquez cuenta c\u00f3mo vivi\u00f3 su primera victoria en el Mundial - Box Repsol","description":"Mugello 2010, la categor\u00eda que se disputa es 125 c.c., una joven promesa llamada Marc M\u00e1rquez se enfrenta a un circuito que dista de ser su especialidad.","canonical":"https:\/\/www.boxrepsol.com\/es\/motogp\/marc-marquez-cuenta-como-vivio-su-primera-victoria-en-el-mundial\/","og_locale":"es_ES","og_type":"article","og_title":"Marc M\u00e1rquez cuenta c\u00f3mo vivi\u00f3 su primera victoria en el Mundial - Box Repsol","og_description":"Mugello 2010, la categor\u00eda que se disputa es 125 c.c., una joven promesa llamada Marc M\u00e1rquez se enfrenta a un circuito que dista de ser su especialidad.","og_url":"https:\/\/www.boxrepsol.com\/es\/motogp\/marc-marquez-cuenta-como-vivio-su-primera-victoria-en-el-mundial\/","og_site_name":"Box Repsol","article_publisher":"https:\/\/www.facebook.com\/BoxRepsol","article_author":"https:\/\/www.facebook.com\/BoxRepsol\/","article_published_time":"2021-06-21T02:00:00+00:00","article_modified_time":"2024-04-12T15:36:35+00:00","og_image":[{"width":1024,"height":429,"url":"https:\/\/www.boxrepsol.com\/wp-content\/uploads\/2022\/08\/01-marc-marquez-93-motogp-repsol-honda.jpg","type":"image\/jpeg"}],"author":"Redacci\u00f3n Box Repsol","twitter_card":"summary_large_image","twitter_creator":"@https:\/\/twitter.com\/box_repsol","twitter_site":"@box_repsol","twitter_misc":{"Written by":"Redacci\u00f3n Box Repsol","Est. reading time":"2 minutos"},"schema":{"@context":"https:\/\/schema.org","@graph":[{"@type":"Article","@id":"https:\/\/www.boxrepsol.com\/es\/motogp\/marc-marquez-cuenta-como-vivio-su-primera-victoria-en-el-mundial\/#article","isPartOf":{"@id":"https:\/\/www.boxrepsol.com\/es\/motogp\/marc-marquez-cuenta-como-vivio-su-primera-victoria-en-el-mundial\/"},"author":{"name":"Redacci\u00f3n Box Repsol","@id":"https:\/\/www.boxrepsol.com\/es\/#\/schema\/person\/c5c2138f2cca251b0ad92b7086bb60b7"},"headline":"Marc M\u00e1rquez cuenta c\u00f3mo vivi\u00f3 su primera victoria en el Mundial","datePublished":"2021-06-21T02:00:00+00:00","dateModified":"2024-04-12T15:36:35+00:00","mainEntityOfPage":{"@id":"https:\/\/www.boxrepsol.com\/es\/motogp\/marc-marquez-cuenta-como-vivio-su-primera-victoria-en-el-mundial\/"},"wordCount":454,"commentCount":0,"publisher":{"@id":"https:\/\/www.boxrepsol.com\/es\/#organization"},"image":{"@id":"https:\/\/www.boxrepsol.com\/es\/motogp\/marc-marquez-cuenta-como-vivio-su-primera-victoria-en-el-mundial\/#primaryimage"},"thumbnailUrl":"https:\/\/www.boxrepsol.com\/wp-content\/uploads\/2022\/08\/01-marc-marquez-93-motogp-repsol-honda.jpg","keywords":["Marc M\u00e1rquez"],"articleSection":["MotoGP"],"inLanguage":"es","potentialAction":[{"@type":"CommentAction","name":"Comment","target":["https:\/\/www.boxrepsol.com\/es\/motogp\/marc-marquez-cuenta-como-vivio-su-primera-victoria-en-el-mundial\/#respond"]}]},{"@type":"WebPage","@id":"https:\/\/www.boxrepsol.com\/es\/motogp\/marc-marquez-cuenta-como-vivio-su-primera-victoria-en-el-mundial\/","url":"https:\/\/www.boxrepsol.com\/es\/motogp\/marc-marquez-cuenta-como-vivio-su-primera-victoria-en-el-mundial\/","name":"Marc M\u00e1rquez cuenta c\u00f3mo vivi\u00f3 su primera victoria en el Mundial - Box Repsol","isPartOf":{"@id":"https:\/\/www.boxrepsol.com\/es\/#website"},"primaryImageOfPage":{"@id":"https:\/\/www.boxrepsol.com\/es\/motogp\/marc-marquez-cuenta-como-vivio-su-primera-victoria-en-el-mundial\/#primaryimage"},"image":{"@id":"https:\/\/www.boxrepsol.com\/es\/motogp\/marc-marquez-cuenta-como-vivio-su-primera-victoria-en-el-mundial\/#primaryimage"},"thumbnailUrl":"https:\/\/www.boxrepsol.com\/wp-content\/uploads\/2022\/08\/01-marc-marquez-93-motogp-repsol-honda.jpg","datePublished":"2021-06-21T02:00:00+00:00","dateModified":"2024-04-12T15:36:35+00:00","description":"Mugello 2010, la categor\u00eda que se disputa es 125 c.c., una joven promesa llamada Marc M\u00e1rquez se enfrenta a un circuito que dista de ser su especialidad.","breadcrumb":{"@id":"https:\/\/www.boxrepsol.com\/es\/motogp\/marc-marquez-cuenta-como-vivio-su-primera-victoria-en-el-mundial\/#breadcrumb"},"inLanguage":"es","potentialAction":[{"@type":"ReadAction","target":["https:\/\/www.boxrepsol.com\/es\/motogp\/marc-marquez-cuenta-como-vivio-su-primera-victoria-en-el-mundial\/"]}]},{"@type":"ImageObject","inLanguage":"es","@id":"https:\/\/www.boxrepsol.com\/es\/motogp\/marc-marquez-cuenta-como-vivio-su-primera-victoria-en-el-mundial\/#primaryimage","url":"https:\/\/www.boxrepsol.com\/wp-content\/uploads\/2022\/08\/01-marc-marquez-93-motogp-repsol-honda.jpg","contentUrl":"https:\/\/www.boxrepsol.com\/wp-content\/uploads\/2022\/08\/01-marc-marquez-93-motogp-repsol-honda.jpg","width":1024,"height":429,"caption":"Marc M\u00e1rquez nos cuenta su primera victoria en Mugello"},{"@type":"BreadcrumbList","@id":"https:\/\/www.boxrepsol.com\/es\/motogp\/marc-marquez-cuenta-como-vivio-su-primera-victoria-en-el-mundial\/#breadcrumb","itemListElement":[{"@type":"ListItem","position":1,"name":"Home","item":"https:\/\/www.boxrepsol.com\/es\/"},{"@type":"ListItem","position":2,"name":"Marc M\u00e1rquez cuenta c\u00f3mo vivi\u00f3 su primera victoria en el Mundial"}]},{"@type":"WebSite","@id":"https:\/\/www.boxrepsol.com\/es\/#website","url":"https:\/\/www.boxrepsol.com\/es\/","name":"Box Repsol","description":"Box Repsol Site","publisher":{"@id":"https:\/\/www.boxrepsol.com\/es\/#organization"},"potentialAction":[{"@type":"SearchAction","target":{"@type":"EntryPoint","urlTemplate":"https:\/\/www.boxrepsol.com\/es\/?s={search_term_string}"},"query-input":{"@type":"PropertyValueSpecification","valueRequired":true,"valueName":"search_term_string"}}],"inLanguage":"es"},{"@type":"Organization","@id":"https:\/\/www.boxrepsol.com\/es\/#organization","name":"Box Repsol","url":"https:\/\/www.boxrepsol.com\/es\/","logo":{"@type":"ImageObject","inLanguage":"es","@id":"https:\/\/www.boxrepsol.com\/es\/#\/schema\/logo\/image\/","url":"https:\/\/bxrepsol.s3.eu-west-1.amazonaws.com\/static\/2025\/07\/30083337\/favicon-96x96-1.png","contentUrl":"https:\/\/bxrepsol.s3.eu-west-1.amazonaws.com\/static\/2025\/07\/30083337\/favicon-96x96-1.png","width":96,"height":96,"caption":"Box Repsol"},"image":{"@id":"https:\/\/www.boxrepsol.com\/es\/#\/schema\/logo\/image\/"},"sameAs":["https:\/\/www.facebook.com\/BoxRepsol","https:\/\/x.com\/box_repsol","http:\/\/instagram.com\/box_repsol","https:\/\/www.youtube.com\/user\/RepsolCompeticion","https:\/\/www.flickr.com\/photos\/box_repsol\/"]},{"@type":"Person","@id":"https:\/\/www.boxrepsol.com\/es\/#\/schema\/person\/c5c2138f2cca251b0ad92b7086bb60b7","name":"Redacci\u00f3n Box Repsol","image":{"@type":"ImageObject","inLanguage":"es","@id":"https:\/\/secure.gravatar.com\/avatar\/adf7b77e38b4419baf32c7e9c21dde01f4e40df611f0978e3006fc4ba0aaab7e?s=96&d=mm&r=g","url":"https:\/\/secure.gravatar.com\/avatar\/adf7b77e38b4419baf32c7e9c21dde01f4e40df611f0978e3006fc4ba0aaab7e?s=96&d=mm&r=g","contentUrl":"https:\/\/secure.gravatar.com\/avatar\/adf7b77e38b4419baf32c7e9c21dde01f4e40df611f0978e3006fc4ba0aaab7e?s=96&d=mm&r=g","caption":"Redacci\u00f3n Box Repsol"},"description":"Box Repsol lo forma un equipo de periodistas, community managers, dise\u00f1adores y fot\u00f3grafos con m\u00e1s de 20 a\u00f1os de experiencia en el mundo del motorsport. Hemos vivido el primer mundial de un espa\u00f1ol en la categor\u00eda reina de motociclismo con \u00c1lex Crivill\u00e9, estuvimos en las victorias de Pedrosa y los t\u00edtulos de M\u00e1rquez, acompa\u00f1amos en \u00c1frica a Nani Roma y Marc Coma en sus conquistas del Dakar y hemos vibrado con los t\u00edtulos de Toni Bou en Trial. Adem\u00e1s, en nuestro equipo contamos con expertos en el mundo de las dos y cuatro ruedas tanto de la calle y las carreteras, como de los circuitos. Periodistas que han trabajado en revistas y publicaciones para hacerte llegar desde rutas y consejos de mantenimiento, a curiosidades y trucos de pilotaje.","sameAs":["https:\/\/www.facebook.com\/BoxRepsol\/","https:\/\/www.instagram.com\/box_repsol\/","https:\/\/x.com\/https:\/\/twitter.com\/box_repsol","https:\/\/www.youtube.com\/@Boxrepsol"],"url":"https:\/\/www.boxrepsol.com\/es\/author\/redaccion-box-repsol\/"}]}},"_links":{"self":[{"href":"https:\/\/www.boxrepsol.com\/es\/wp-json\/wp\/v2\/posts\/90027","targetHints":{"allow":["GET"]}}],"collection":[{"href":"https:\/\/www.boxrepsol.com\/es\/wp-json\/wp\/v2\/posts"}],"about":[{"href":"https:\/\/www.boxrepsol.com\/es\/wp-json\/wp\/v2\/types\/post"}],"author":[{"embeddable":true,"href":"https:\/\/www.boxrepsol.com\/es\/wp-json\/wp\/v2\/users\/43146"}],"replies":[{"embeddable":true,"href":"https:\/\/www.boxrepsol.com\/es\/wp-json\/wp\/v2\/comments?post=90027"}],"version-history":[{"count":4,"href":"https:\/\/www.boxrepsol.com\/es\/wp-json\/wp\/v2\/posts\/90027\/revisions"}],"predecessor-version":[{"id":114826,"href":"https:\/\/www.boxrepsol.com\/es\/wp-json\/wp\/v2\/posts\/90027\/revisions\/114826"}],"wp:featuredmedia":[{"embeddable":true,"href":"https:\/\/www.boxrepsol.com\/es\/wp-json\/wp\/v2\/media\/86088"}],"wp:attachment":[{"href":"https:\/\/www.boxrepsol.com\/es\/wp-json\/wp\/v2\/media?parent=90027"}],"wp:term":[{"taxonomy":"category","embeddable":true,"href":"https:\/\/www.boxrepsol.com\/es\/wp-json\/wp\/v2\/categories?post=90027"},{"taxonomy":"post_tag","embeddable":true,"href":"https:\/\/www.boxrepsol.com\/es\/wp-json\/wp\/v2\/tags?post=90027"}],"curies":[{"name":"wp","href":"https:\/\/api.w.org\/{rel}","templated":true}]}}