{"id":90017,"date":"2016-02-23T00:00:00","date_gmt":"2016-02-23T02:00:00","guid":{"rendered":"http:\/\/pre.boxrepsol.com\/sin-categorizar\/el-media-center-eco-y-altavoz-del-mundial-de-motogp\/"},"modified":"2024-05-07T05:59:08","modified_gmt":"2024-05-07T07:59:08","slug":"el-media-center-eco-y-altavoz-del-mundial-de-motogp","status":"publish","type":"post","link":"https:\/\/www.boxrepsol.com\/es\/motogp\/el-media-center-eco-y-altavoz-del-mundial-de-motogp\/","title":{"rendered":"El Media Center, eco y altavoz del Mundial de MotoGP"},"content":{"rendered":"<blockquote><p>Al a\u00f1o se procesan m\u00e1s de 10.000 acreditaciones para #MotoGP, \u00bfsab\u00e9is cu\u00e1ntas solo para TV?<\/p>\n<p><a href=\"http:\/\/twitter.com\/share?text=Al+a%C3%B1o+se+procesan+m%C3%A1s+de+10.000+acreditaciones+para+%23MotoGP%2C+%C2%BFsab%C3%A9is+cu%C3%A1ntas+solo+para+TV%3F+&amp;url=http%3A%2F%2F34.249.211.158%2Fes%2Fmotogp%2Fel-media-center-eco-y-altavoz-del-mundial-de-motogp%2F&amp;hashtags=\" target=\"_blank\" rel=\"noopener\"><br \/>\ntwittear <\/a><\/p><\/blockquote>\n<h3><strong>El GP es muy largo en el Media Center<br \/>\n<\/strong><\/h3>\n<p>En un Gran Premio europeo, con un horario est\u00e1ndar, el domingo a eso de las 3 de la tarde hace ya unos minutos que se conoce al ganador de MotoGP. Por delante, a los pilotos les queda a\u00fan algo de trabajo: el corralito, el podio, la rueda de prensa, los meetings posteriores con el equipo para analizar la jornada\u2026 Pero a los periodistas desplazados al circuito, al menos a gran parte de ellos, les quedan a\u00fan muchas horas de trabajo que completar.<\/p>\n<p>El Media Center es su campamento base, su segunda casa. Y ah\u00ed se re\u00fanen periodistas, c\u00e1maras, fot\u00f3grafos\u2026 de m\u00e1s de <strong>50 nacionalidades diferentes<\/strong>. Para hacernos una idea m\u00e1s clara: los GPs se pueden llegar a retrasmitir hasta para <strong>83 canales de TV distintos<\/strong>. En ocasiones, la diferencia horaria entre el circuito y su pa\u00eds de origen a menudo obliga a muchos periodistas a permanecer en el Media Center hasta altas horas de la madrugada para cerrar sus respectivas publicaciones sobre la carrera.<\/p>\n<p>Otras veces nos encontramos con periodistas de revistas especializadas que deben atenerse a que \u00e9stas, algunas al menos, salen al mercado en martes. Ante esta circunstancia, no queda otra que meter horas el domingo, hasta que el trabajo est\u00e1 terminado al cien por cien y listo para ser incorporado en el nuevo n\u00famero de la publicaci\u00f3n.<\/p>\n<p>Y no es poco trabajo. La cobertura m\u00ednima que podemos encontrar en este tipo de revistas, informando sobre cada detalle del GP reci\u00e9n disputado, es de unas 12 p\u00e1ginas. Pero generalmente va m\u00e1s all\u00e1, y no es raro que deban completar incluso 18 o 20 p\u00e1ginas, finalmente.<\/p>\n<p><img decoding=\"async\" src=\"https:\/\/bxrepsol.s3.eu-west-1.amazonaws.com\/static\/2022\/08\/04104832\/46-marc-marquez-93-motogp-repsol-honda-prensa-scaled.jpg\" alt=\"46-marc-marquez-93-motogp-repsol-honda-prensa\" \/><\/p>\n<p><strong>La segunda familia del Mundial<br \/>\n<\/strong><\/p>\n<p>Todo este trabajo que se extiende hasta tarde, en realidad, arranca tambi\u00e9n bien pronto. El jueves ya empieza el Gran Premio, se podr\u00eda decir. Por la tarde la rueda de prensa oficial da el pistoletazo de salida al GP, con la presencia de los principales protagonistas, pero ya <strong>por la ma\u00f1ana arranca realmente el movimiento<\/strong>. Es el Media Day, donde los pilotos m\u00e1s destacados conceden entrevistas, posan para los fot\u00f3grafos y se realizan eventos promocionales especiales o incluso tem\u00e1ticos, en ocasiones.<\/p>\n<p><img decoding=\"async\" src=\"https:\/\/bxrepsol.s3.eu-west-1.amazonaws.com\/static\/2022\/08\/04104838\/47-dani-pedrosa-reporters-26-repsol-honda-motogp-scaled.jpg\" alt=\"47-dani-pedrosa-reporters-26-repsol-honda-motogp\" \/><\/p>\n<p>Sin embargo, aunque es desde luego un trabajo exigente, responde tambi\u00e9n a un ambiente diferente, de comunidad, de constante colaboraci\u00f3n. Muchos de los periodistas se conocen desde hace d\u00e9cadas y eso ayuda a que exista un <strong>buen ambiente de colaboraci\u00f3n<\/strong>. \u00bfQue necesito una foto concreta que, desgraciadamente, me ha pillado en el otro extremo del circuito y no he podido conseguirla? En el Media Center no hay problemas: es un trabajo entre compa\u00f1eros, y vas a encontrar la ayuda que necesitas, o esa foto que no lograste. Quid pro quo.<\/p>\n<h3><strong>Monitores, tiempos, folios<br \/>\n<\/strong><\/h3>\n<p>Este centro de trabajo, por supuesto, cuenta con hileras de monitores, que ofrecen dos opciones al periodista, que deber\u00e1 simultanear: la retransmisi\u00f3n propia de cada sesi\u00f3n o cada carrera (no hay nada como la sensaci\u00f3n e impresi\u00f3n directa y propia de cada lance de GP), y los monitores de tiempos, porque finalmente siempre han de vigilarse las diferencias entre pilotos.<\/p>\n<p>Adem\u00e1s, datos como vueltas r\u00e1pidas o similares tambi\u00e9n pueden \u00abcazarse\u00bb en estos monitores. Eso por no hablar de un dato que todo periodista est\u00e1 deseando leer tras cada ca\u00edda: \u201cRider OK\u201d. A esto se suma los tiempos completos de cada sesi\u00f3n, impresos, que son entregados en cada casillero puntualmente.<\/p>\n<p><img decoding=\"async\" src=\"https:\/\/bxrepsol.s3.eu-west-1.amazonaws.com\/static\/2022\/08\/04104842\/48-marc-marquez-93-motogp-repsol-honda.jpg\" alt=\"07 Catalu\u00f1a 2, 3, 4 y 5 de junio de 2016; circuito de Montmelo, Espa\u00f1a. Motogp; mgp; motogp\" \/><\/p>\n<p><strong>EL MEDIA CENTER EN DATOS:<br \/>\n<\/strong><\/p>\n<p>\u2022\u00a0\u00a0\u00a0 El Media Center dispone de <strong>conexi\u00f3n a Internet de alta velocidad<\/strong> y conexiones v\u00eda sat\u00e9lite para la transmisi\u00f3n de la se\u00f1al de televisi\u00f3n.<\/p>\n<p>\u2022\u00a0\u00a0\u00a0 Se otorgan m\u00e1s de <strong>500 acreditaciones por GP<\/strong>, para medios de todo el mundo, ya sean televisiones, revistas, medios digitales o radio.<\/p>\n<p>\u2022\u00a0\u00a0\u00a0 En total, al a\u00f1o <strong>se procesan m\u00e1s de 10.000 acreditaciones<\/strong>, de las cuales m\u00e1s de la mitad son para TV.<\/p>\n<p>\u2022\u00a0\u00a0\u00a0 Dorna dispone de su propio <strong>equipo para la filmaci\u00f3n<\/strong> y edici\u00f3n de los GP en directo, contando con m\u00e1s de 200 personas para ello, aparte de las personas locales que refuerzan el equipo.<\/p>\n<p>\u2022\u00a0\u00a0\u00a0 En cada GP se mueven m\u00e1s de <strong>70 toneladas de equipamiento<\/strong>, que incluyen siete unidades de control principal, unas 30 c\u00e1maras para diferentes puntos del circuito, m\u00e1s de 70 micro c\u00e1maras para las motos (incluidas las girosc\u00f3picas), y adem\u00e1s las c\u00e1maras de alta frecuencia que se mueven por el paddock y pitlane, las c\u00e1maras de alta velocidad y las montadas en helic\u00f3ptero.<\/p>\n<p>\u2022\u00a0\u00a0\u00a0 El sistema utilizado por Dorna permite la <strong>visi\u00f3n simult\u00e1nea de m\u00faltiples c\u00e1maras<\/strong>, en contenido HD, que est\u00e1 siempre disponible para ser visualizado en el Media Center \u2013as\u00ed como para las nuevas TV de pago que ofrecen estos servicios.<\/p>\n","protected":false},"excerpt":{"rendered":"<p>Tras las c\u00e1maras, en un lugar muy poco conocido por el aficionado a MotoGP, centenares de periodistas cubren cada GP desde la Sala de Prensa. Para ellos, el Gran Premio incluso es m\u00e1s largo que para los pilotos.<\/p>\n","protected":false},"author":43146,"featured_media":86063,"comment_status":"open","ping_status":"open","sticky":false,"template":"","format":"standard","meta":{"footnotes":""},"categories":[4],"tags":[136],"class_list":["post-90017","post","type-post","status-publish","format-standard","hentry","category-motogp","tag-campeonato-del-mundo-de-motociclismo"],"yoast_head":"<!-- This site is optimized with the Yoast SEO plugin v27.3 - https:\/\/yoast.com\/product\/yoast-seo-wordpress\/ -->\n<title>El Media Center, eco y altavoz del Mundial de MotoGP - Box Repsol<\/title>\n<meta name=\"description\" content=\"Tras las c\u00e1maras, en un lugar muy poco conocido por el aficionado a MotoGP, centenares de periodistas cubren cada GP desde la Sala de Prensa.\" \/>\n<link rel=\"canonical\" href=\"https:\/\/www.boxrepsol.com\/es\/motogp\/el-media-center-eco-y-altavoz-del-mundial-de-motogp\/\" \/>\n<meta property=\"og:locale\" content=\"es_ES\" \/>\n<meta property=\"og:type\" content=\"article\" \/>\n<meta property=\"og:title\" content=\"El Media Center, eco y altavoz del Mundial de MotoGP - Box Repsol\" \/>\n<meta property=\"og:description\" content=\"Tras las c\u00e1maras, en un lugar muy poco conocido por el aficionado a MotoGP, centenares de periodistas cubren cada GP desde la Sala de Prensa.\" \/>\n<meta property=\"og:url\" content=\"https:\/\/www.boxrepsol.com\/es\/motogp\/el-media-center-eco-y-altavoz-del-mundial-de-motogp\/\" \/>\n<meta property=\"og:site_name\" content=\"Box Repsol\" \/>\n<meta property=\"article:publisher\" content=\"https:\/\/www.facebook.com\/BoxRepsol\" \/>\n<meta property=\"article:author\" content=\"https:\/\/www.facebook.com\/BoxRepsol\/\" \/>\n<meta property=\"article:published_time\" content=\"2016-02-23T02:00:00+00:00\" \/>\n<meta property=\"article:modified_time\" content=\"2024-05-07T07:59:08+00:00\" \/>\n<meta property=\"og:image\" content=\"https:\/\/www.boxrepsol.com\/wp-content\/uploads\/2022\/08\/45-dani-pedrosa-26-rueda-de-prensa-motogp-repsol-honda.jpg\" \/>\n\t<meta property=\"og:image:width\" content=\"1024\" \/>\n\t<meta property=\"og:image:height\" content=\"429\" \/>\n\t<meta property=\"og:image:type\" content=\"image\/jpeg\" \/>\n<meta name=\"author\" content=\"Redacci\u00f3n Box Repsol\" \/>\n<meta name=\"twitter:card\" content=\"summary_large_image\" \/>\n<meta name=\"twitter:creator\" content=\"@https:\/\/twitter.com\/box_repsol\" \/>\n<meta name=\"twitter:site\" content=\"@box_repsol\" \/>\n<meta name=\"twitter:label1\" content=\"Written by\" \/>\n\t<meta name=\"twitter:data1\" content=\"Redacci\u00f3n Box Repsol\" \/>\n\t<meta name=\"twitter:label2\" content=\"Est. reading time\" \/>\n\t<meta name=\"twitter:data2\" content=\"4 minutos\" \/>\n<script type=\"application\/ld+json\" class=\"yoast-schema-graph\">{\"@context\":\"https:\\\/\\\/schema.org\",\"@graph\":[{\"@type\":\"Article\",\"@id\":\"https:\\\/\\\/www.boxrepsol.com\\\/es\\\/motogp\\\/el-media-center-eco-y-altavoz-del-mundial-de-motogp\\\/#article\",\"isPartOf\":{\"@id\":\"https:\\\/\\\/www.boxrepsol.com\\\/es\\\/motogp\\\/el-media-center-eco-y-altavoz-del-mundial-de-motogp\\\/\"},\"author\":{\"name\":\"Redacci\u00f3n Box Repsol\",\"@id\":\"https:\\\/\\\/www.boxrepsol.com\\\/es\\\/#\\\/schema\\\/person\\\/c5c2138f2cca251b0ad92b7086bb60b7\"},\"headline\":\"El Media Center, eco y altavoz del Mundial de MotoGP\",\"datePublished\":\"2016-02-23T02:00:00+00:00\",\"dateModified\":\"2024-05-07T07:59:08+00:00\",\"mainEntityOfPage\":{\"@id\":\"https:\\\/\\\/www.boxrepsol.com\\\/es\\\/motogp\\\/el-media-center-eco-y-altavoz-del-mundial-de-motogp\\\/\"},\"wordCount\":846,\"commentCount\":0,\"publisher\":{\"@id\":\"https:\\\/\\\/www.boxrepsol.com\\\/es\\\/#organization\"},\"image\":{\"@id\":\"https:\\\/\\\/www.boxrepsol.com\\\/es\\\/motogp\\\/el-media-center-eco-y-altavoz-del-mundial-de-motogp\\\/#primaryimage\"},\"thumbnailUrl\":\"https:\\\/\\\/www.boxrepsol.com\\\/wp-content\\\/uploads\\\/2022\\\/08\\\/45-dani-pedrosa-26-rueda-de-prensa-motogp-repsol-honda.jpg\",\"keywords\":[\"Campeonato del Mundo de Motociclismo\"],\"articleSection\":[\"MotoGP\"],\"inLanguage\":\"es\",\"potentialAction\":[{\"@type\":\"CommentAction\",\"name\":\"Comment\",\"target\":[\"https:\\\/\\\/www.boxrepsol.com\\\/es\\\/motogp\\\/el-media-center-eco-y-altavoz-del-mundial-de-motogp\\\/#respond\"]}]},{\"@type\":\"WebPage\",\"@id\":\"https:\\\/\\\/www.boxrepsol.com\\\/es\\\/motogp\\\/el-media-center-eco-y-altavoz-del-mundial-de-motogp\\\/\",\"url\":\"https:\\\/\\\/www.boxrepsol.com\\\/es\\\/motogp\\\/el-media-center-eco-y-altavoz-del-mundial-de-motogp\\\/\",\"name\":\"El Media Center, eco y altavoz del Mundial de MotoGP - Box Repsol\",\"isPartOf\":{\"@id\":\"https:\\\/\\\/www.boxrepsol.com\\\/es\\\/#website\"},\"primaryImageOfPage\":{\"@id\":\"https:\\\/\\\/www.boxrepsol.com\\\/es\\\/motogp\\\/el-media-center-eco-y-altavoz-del-mundial-de-motogp\\\/#primaryimage\"},\"image\":{\"@id\":\"https:\\\/\\\/www.boxrepsol.com\\\/es\\\/motogp\\\/el-media-center-eco-y-altavoz-del-mundial-de-motogp\\\/#primaryimage\"},\"thumbnailUrl\":\"https:\\\/\\\/www.boxrepsol.com\\\/wp-content\\\/uploads\\\/2022\\\/08\\\/45-dani-pedrosa-26-rueda-de-prensa-motogp-repsol-honda.jpg\",\"datePublished\":\"2016-02-23T02:00:00+00:00\",\"dateModified\":\"2024-05-07T07:59:08+00:00\",\"description\":\"Tras las c\u00e1maras, en un lugar muy poco conocido por el aficionado a MotoGP, centenares de periodistas cubren cada GP desde la Sala de Prensa.\",\"breadcrumb\":{\"@id\":\"https:\\\/\\\/www.boxrepsol.com\\\/es\\\/motogp\\\/el-media-center-eco-y-altavoz-del-mundial-de-motogp\\\/#breadcrumb\"},\"inLanguage\":\"es\",\"potentialAction\":[{\"@type\":\"ReadAction\",\"target\":[\"https:\\\/\\\/www.boxrepsol.com\\\/es\\\/motogp\\\/el-media-center-eco-y-altavoz-del-mundial-de-motogp\\\/\"]}]},{\"@type\":\"ImageObject\",\"inLanguage\":\"es\",\"@id\":\"https:\\\/\\\/www.boxrepsol.com\\\/es\\\/motogp\\\/el-media-center-eco-y-altavoz-del-mundial-de-motogp\\\/#primaryimage\",\"url\":\"https:\\\/\\\/www.boxrepsol.com\\\/wp-content\\\/uploads\\\/2022\\\/08\\\/45-dani-pedrosa-26-rueda-de-prensa-motogp-repsol-honda.jpg\",\"contentUrl\":\"https:\\\/\\\/www.boxrepsol.com\\\/wp-content\\\/uploads\\\/2022\\\/08\\\/45-dani-pedrosa-26-rueda-de-prensa-motogp-repsol-honda.jpg\",\"width\":1024,\"height\":429,\"caption\":\"Dani Pedrosa en rueda de prensa\"},{\"@type\":\"BreadcrumbList\",\"@id\":\"https:\\\/\\\/www.boxrepsol.com\\\/es\\\/motogp\\\/el-media-center-eco-y-altavoz-del-mundial-de-motogp\\\/#breadcrumb\",\"itemListElement\":[{\"@type\":\"ListItem\",\"position\":1,\"name\":\"Home\",\"item\":\"https:\\\/\\\/www.boxrepsol.com\\\/es\\\/\"},{\"@type\":\"ListItem\",\"position\":2,\"name\":\"El Media Center, eco y altavoz del Mundial de MotoGP\"}]},{\"@type\":\"WebSite\",\"@id\":\"https:\\\/\\\/www.boxrepsol.com\\\/es\\\/#website\",\"url\":\"https:\\\/\\\/www.boxrepsol.com\\\/es\\\/\",\"name\":\"Box Repsol\",\"description\":\"Box Repsol Site\",\"publisher\":{\"@id\":\"https:\\\/\\\/www.boxrepsol.com\\\/es\\\/#organization\"},\"potentialAction\":[{\"@type\":\"SearchAction\",\"target\":{\"@type\":\"EntryPoint\",\"urlTemplate\":\"https:\\\/\\\/www.boxrepsol.com\\\/es\\\/?s={search_term_string}\"},\"query-input\":{\"@type\":\"PropertyValueSpecification\",\"valueRequired\":true,\"valueName\":\"search_term_string\"}}],\"inLanguage\":\"es\"},{\"@type\":\"Organization\",\"@id\":\"https:\\\/\\\/www.boxrepsol.com\\\/es\\\/#organization\",\"name\":\"Box Repsol\",\"url\":\"https:\\\/\\\/www.boxrepsol.com\\\/es\\\/\",\"logo\":{\"@type\":\"ImageObject\",\"inLanguage\":\"es\",\"@id\":\"https:\\\/\\\/www.boxrepsol.com\\\/es\\\/#\\\/schema\\\/logo\\\/image\\\/\",\"url\":\"https:\\\/\\\/bxrepsol.s3.eu-west-1.amazonaws.com\\\/static\\\/2025\\\/07\\\/30083337\\\/favicon-96x96-1.png\",\"contentUrl\":\"https:\\\/\\\/bxrepsol.s3.eu-west-1.amazonaws.com\\\/static\\\/2025\\\/07\\\/30083337\\\/favicon-96x96-1.png\",\"width\":96,\"height\":96,\"caption\":\"Box Repsol\"},\"image\":{\"@id\":\"https:\\\/\\\/www.boxrepsol.com\\\/es\\\/#\\\/schema\\\/logo\\\/image\\\/\"},\"sameAs\":[\"https:\\\/\\\/www.facebook.com\\\/BoxRepsol\",\"https:\\\/\\\/x.com\\\/box_repsol\",\"http:\\\/\\\/instagram.com\\\/box_repsol\",\"https:\\\/\\\/www.youtube.com\\\/user\\\/RepsolCompeticion\",\"https:\\\/\\\/www.flickr.com\\\/photos\\\/box_repsol\\\/\"]},{\"@type\":\"Person\",\"@id\":\"https:\\\/\\\/www.boxrepsol.com\\\/es\\\/#\\\/schema\\\/person\\\/c5c2138f2cca251b0ad92b7086bb60b7\",\"name\":\"Redacci\u00f3n Box Repsol\",\"image\":{\"@type\":\"ImageObject\",\"inLanguage\":\"es\",\"@id\":\"https:\\\/\\\/secure.gravatar.com\\\/avatar\\\/adf7b77e38b4419baf32c7e9c21dde01f4e40df611f0978e3006fc4ba0aaab7e?s=96&d=mm&r=g\",\"url\":\"https:\\\/\\\/secure.gravatar.com\\\/avatar\\\/adf7b77e38b4419baf32c7e9c21dde01f4e40df611f0978e3006fc4ba0aaab7e?s=96&d=mm&r=g\",\"contentUrl\":\"https:\\\/\\\/secure.gravatar.com\\\/avatar\\\/adf7b77e38b4419baf32c7e9c21dde01f4e40df611f0978e3006fc4ba0aaab7e?s=96&d=mm&r=g\",\"caption\":\"Redacci\u00f3n Box Repsol\"},\"description\":\"Box Repsol lo forma un equipo de periodistas, community managers, dise\u00f1adores y fot\u00f3grafos con m\u00e1s de 20 a\u00f1os de experiencia en el mundo del motorsport. Hemos vivido el primer mundial de un espa\u00f1ol en la categor\u00eda reina de motociclismo con \u00c1lex Crivill\u00e9, estuvimos en las victorias de Pedrosa y los t\u00edtulos de M\u00e1rquez, acompa\u00f1amos en \u00c1frica a Nani Roma y Marc Coma en sus conquistas del Dakar y hemos vibrado con los t\u00edtulos de Toni Bou en Trial. Adem\u00e1s, en nuestro equipo contamos con expertos en el mundo de las dos y cuatro ruedas tanto de la calle y las carreteras, como de los circuitos. Periodistas que han trabajado en revistas y publicaciones para hacerte llegar desde rutas y consejos de mantenimiento, a curiosidades y trucos de pilotaje.\",\"sameAs\":[\"https:\\\/\\\/www.facebook.com\\\/BoxRepsol\\\/\",\"https:\\\/\\\/www.instagram.com\\\/box_repsol\\\/\",\"https:\\\/\\\/x.com\\\/https:\\\/\\\/twitter.com\\\/box_repsol\",\"https:\\\/\\\/www.youtube.com\\\/@Boxrepsol\"],\"url\":\"https:\\\/\\\/www.boxrepsol.com\\\/es\\\/author\\\/redaccion-box-repsol\\\/\"}]}<\/script>\n<!-- \/ Yoast SEO plugin. -->","yoast_head_json":{"title":"El Media Center, eco y altavoz del Mundial de MotoGP - Box Repsol","description":"Tras las c\u00e1maras, en un lugar muy poco conocido por el aficionado a MotoGP, centenares de periodistas cubren cada GP desde la Sala de Prensa.","canonical":"https:\/\/www.boxrepsol.com\/es\/motogp\/el-media-center-eco-y-altavoz-del-mundial-de-motogp\/","og_locale":"es_ES","og_type":"article","og_title":"El Media Center, eco y altavoz del Mundial de MotoGP - Box Repsol","og_description":"Tras las c\u00e1maras, en un lugar muy poco conocido por el aficionado a MotoGP, centenares de periodistas cubren cada GP desde la Sala de Prensa.","og_url":"https:\/\/www.boxrepsol.com\/es\/motogp\/el-media-center-eco-y-altavoz-del-mundial-de-motogp\/","og_site_name":"Box Repsol","article_publisher":"https:\/\/www.facebook.com\/BoxRepsol","article_author":"https:\/\/www.facebook.com\/BoxRepsol\/","article_published_time":"2016-02-23T02:00:00+00:00","article_modified_time":"2024-05-07T07:59:08+00:00","og_image":[{"width":1024,"height":429,"url":"https:\/\/www.boxrepsol.com\/wp-content\/uploads\/2022\/08\/45-dani-pedrosa-26-rueda-de-prensa-motogp-repsol-honda.jpg","type":"image\/jpeg"}],"author":"Redacci\u00f3n Box Repsol","twitter_card":"summary_large_image","twitter_creator":"@https:\/\/twitter.com\/box_repsol","twitter_site":"@box_repsol","twitter_misc":{"Written by":"Redacci\u00f3n Box Repsol","Est. reading time":"4 minutos"},"schema":{"@context":"https:\/\/schema.org","@graph":[{"@type":"Article","@id":"https:\/\/www.boxrepsol.com\/es\/motogp\/el-media-center-eco-y-altavoz-del-mundial-de-motogp\/#article","isPartOf":{"@id":"https:\/\/www.boxrepsol.com\/es\/motogp\/el-media-center-eco-y-altavoz-del-mundial-de-motogp\/"},"author":{"name":"Redacci\u00f3n Box Repsol","@id":"https:\/\/www.boxrepsol.com\/es\/#\/schema\/person\/c5c2138f2cca251b0ad92b7086bb60b7"},"headline":"El Media Center, eco y altavoz del Mundial de MotoGP","datePublished":"2016-02-23T02:00:00+00:00","dateModified":"2024-05-07T07:59:08+00:00","mainEntityOfPage":{"@id":"https:\/\/www.boxrepsol.com\/es\/motogp\/el-media-center-eco-y-altavoz-del-mundial-de-motogp\/"},"wordCount":846,"commentCount":0,"publisher":{"@id":"https:\/\/www.boxrepsol.com\/es\/#organization"},"image":{"@id":"https:\/\/www.boxrepsol.com\/es\/motogp\/el-media-center-eco-y-altavoz-del-mundial-de-motogp\/#primaryimage"},"thumbnailUrl":"https:\/\/www.boxrepsol.com\/wp-content\/uploads\/2022\/08\/45-dani-pedrosa-26-rueda-de-prensa-motogp-repsol-honda.jpg","keywords":["Campeonato del Mundo de Motociclismo"],"articleSection":["MotoGP"],"inLanguage":"es","potentialAction":[{"@type":"CommentAction","name":"Comment","target":["https:\/\/www.boxrepsol.com\/es\/motogp\/el-media-center-eco-y-altavoz-del-mundial-de-motogp\/#respond"]}]},{"@type":"WebPage","@id":"https:\/\/www.boxrepsol.com\/es\/motogp\/el-media-center-eco-y-altavoz-del-mundial-de-motogp\/","url":"https:\/\/www.boxrepsol.com\/es\/motogp\/el-media-center-eco-y-altavoz-del-mundial-de-motogp\/","name":"El Media Center, eco y altavoz del Mundial de MotoGP - Box Repsol","isPartOf":{"@id":"https:\/\/www.boxrepsol.com\/es\/#website"},"primaryImageOfPage":{"@id":"https:\/\/www.boxrepsol.com\/es\/motogp\/el-media-center-eco-y-altavoz-del-mundial-de-motogp\/#primaryimage"},"image":{"@id":"https:\/\/www.boxrepsol.com\/es\/motogp\/el-media-center-eco-y-altavoz-del-mundial-de-motogp\/#primaryimage"},"thumbnailUrl":"https:\/\/www.boxrepsol.com\/wp-content\/uploads\/2022\/08\/45-dani-pedrosa-26-rueda-de-prensa-motogp-repsol-honda.jpg","datePublished":"2016-02-23T02:00:00+00:00","dateModified":"2024-05-07T07:59:08+00:00","description":"Tras las c\u00e1maras, en un lugar muy poco conocido por el aficionado a MotoGP, centenares de periodistas cubren cada GP desde la Sala de Prensa.","breadcrumb":{"@id":"https:\/\/www.boxrepsol.com\/es\/motogp\/el-media-center-eco-y-altavoz-del-mundial-de-motogp\/#breadcrumb"},"inLanguage":"es","potentialAction":[{"@type":"ReadAction","target":["https:\/\/www.boxrepsol.com\/es\/motogp\/el-media-center-eco-y-altavoz-del-mundial-de-motogp\/"]}]},{"@type":"ImageObject","inLanguage":"es","@id":"https:\/\/www.boxrepsol.com\/es\/motogp\/el-media-center-eco-y-altavoz-del-mundial-de-motogp\/#primaryimage","url":"https:\/\/www.boxrepsol.com\/wp-content\/uploads\/2022\/08\/45-dani-pedrosa-26-rueda-de-prensa-motogp-repsol-honda.jpg","contentUrl":"https:\/\/www.boxrepsol.com\/wp-content\/uploads\/2022\/08\/45-dani-pedrosa-26-rueda-de-prensa-motogp-repsol-honda.jpg","width":1024,"height":429,"caption":"Dani Pedrosa en rueda de prensa"},{"@type":"BreadcrumbList","@id":"https:\/\/www.boxrepsol.com\/es\/motogp\/el-media-center-eco-y-altavoz-del-mundial-de-motogp\/#breadcrumb","itemListElement":[{"@type":"ListItem","position":1,"name":"Home","item":"https:\/\/www.boxrepsol.com\/es\/"},{"@type":"ListItem","position":2,"name":"El Media Center, eco y altavoz del Mundial de MotoGP"}]},{"@type":"WebSite","@id":"https:\/\/www.boxrepsol.com\/es\/#website","url":"https:\/\/www.boxrepsol.com\/es\/","name":"Box Repsol","description":"Box Repsol Site","publisher":{"@id":"https:\/\/www.boxrepsol.com\/es\/#organization"},"potentialAction":[{"@type":"SearchAction","target":{"@type":"EntryPoint","urlTemplate":"https:\/\/www.boxrepsol.com\/es\/?s={search_term_string}"},"query-input":{"@type":"PropertyValueSpecification","valueRequired":true,"valueName":"search_term_string"}}],"inLanguage":"es"},{"@type":"Organization","@id":"https:\/\/www.boxrepsol.com\/es\/#organization","name":"Box Repsol","url":"https:\/\/www.boxrepsol.com\/es\/","logo":{"@type":"ImageObject","inLanguage":"es","@id":"https:\/\/www.boxrepsol.com\/es\/#\/schema\/logo\/image\/","url":"https:\/\/bxrepsol.s3.eu-west-1.amazonaws.com\/static\/2025\/07\/30083337\/favicon-96x96-1.png","contentUrl":"https:\/\/bxrepsol.s3.eu-west-1.amazonaws.com\/static\/2025\/07\/30083337\/favicon-96x96-1.png","width":96,"height":96,"caption":"Box Repsol"},"image":{"@id":"https:\/\/www.boxrepsol.com\/es\/#\/schema\/logo\/image\/"},"sameAs":["https:\/\/www.facebook.com\/BoxRepsol","https:\/\/x.com\/box_repsol","http:\/\/instagram.com\/box_repsol","https:\/\/www.youtube.com\/user\/RepsolCompeticion","https:\/\/www.flickr.com\/photos\/box_repsol\/"]},{"@type":"Person","@id":"https:\/\/www.boxrepsol.com\/es\/#\/schema\/person\/c5c2138f2cca251b0ad92b7086bb60b7","name":"Redacci\u00f3n Box Repsol","image":{"@type":"ImageObject","inLanguage":"es","@id":"https:\/\/secure.gravatar.com\/avatar\/adf7b77e38b4419baf32c7e9c21dde01f4e40df611f0978e3006fc4ba0aaab7e?s=96&d=mm&r=g","url":"https:\/\/secure.gravatar.com\/avatar\/adf7b77e38b4419baf32c7e9c21dde01f4e40df611f0978e3006fc4ba0aaab7e?s=96&d=mm&r=g","contentUrl":"https:\/\/secure.gravatar.com\/avatar\/adf7b77e38b4419baf32c7e9c21dde01f4e40df611f0978e3006fc4ba0aaab7e?s=96&d=mm&r=g","caption":"Redacci\u00f3n Box Repsol"},"description":"Box Repsol lo forma un equipo de periodistas, community managers, dise\u00f1adores y fot\u00f3grafos con m\u00e1s de 20 a\u00f1os de experiencia en el mundo del motorsport. Hemos vivido el primer mundial de un espa\u00f1ol en la categor\u00eda reina de motociclismo con \u00c1lex Crivill\u00e9, estuvimos en las victorias de Pedrosa y los t\u00edtulos de M\u00e1rquez, acompa\u00f1amos en \u00c1frica a Nani Roma y Marc Coma en sus conquistas del Dakar y hemos vibrado con los t\u00edtulos de Toni Bou en Trial. Adem\u00e1s, en nuestro equipo contamos con expertos en el mundo de las dos y cuatro ruedas tanto de la calle y las carreteras, como de los circuitos. Periodistas que han trabajado en revistas y publicaciones para hacerte llegar desde rutas y consejos de mantenimiento, a curiosidades y trucos de pilotaje.","sameAs":["https:\/\/www.facebook.com\/BoxRepsol\/","https:\/\/www.instagram.com\/box_repsol\/","https:\/\/x.com\/https:\/\/twitter.com\/box_repsol","https:\/\/www.youtube.com\/@Boxrepsol"],"url":"https:\/\/www.boxrepsol.com\/es\/author\/redaccion-box-repsol\/"}]}},"_links":{"self":[{"href":"https:\/\/www.boxrepsol.com\/es\/wp-json\/wp\/v2\/posts\/90017","targetHints":{"allow":["GET"]}}],"collection":[{"href":"https:\/\/www.boxrepsol.com\/es\/wp-json\/wp\/v2\/posts"}],"about":[{"href":"https:\/\/www.boxrepsol.com\/es\/wp-json\/wp\/v2\/types\/post"}],"author":[{"embeddable":true,"href":"https:\/\/www.boxrepsol.com\/es\/wp-json\/wp\/v2\/users\/43146"}],"replies":[{"embeddable":true,"href":"https:\/\/www.boxrepsol.com\/es\/wp-json\/wp\/v2\/comments?post=90017"}],"version-history":[{"count":1,"href":"https:\/\/www.boxrepsol.com\/es\/wp-json\/wp\/v2\/posts\/90017\/revisions"}],"predecessor-version":[{"id":90018,"href":"https:\/\/www.boxrepsol.com\/es\/wp-json\/wp\/v2\/posts\/90017\/revisions\/90018"}],"wp:featuredmedia":[{"embeddable":true,"href":"https:\/\/www.boxrepsol.com\/es\/wp-json\/wp\/v2\/media\/86063"}],"wp:attachment":[{"href":"https:\/\/www.boxrepsol.com\/es\/wp-json\/wp\/v2\/media?parent=90017"}],"wp:term":[{"taxonomy":"category","embeddable":true,"href":"https:\/\/www.boxrepsol.com\/es\/wp-json\/wp\/v2\/categories?post=90017"},{"taxonomy":"post_tag","embeddable":true,"href":"https:\/\/www.boxrepsol.com\/es\/wp-json\/wp\/v2\/tags?post=90017"}],"curies":[{"name":"wp","href":"https:\/\/api.w.org\/{rel}","templated":true}]}}