{"id":90015,"date":"2021-03-22T00:00:00","date_gmt":"2021-03-22T02:00:00","guid":{"rendered":"http:\/\/pre.boxrepsol.com\/sin-categorizar\/grandes-premios-nocturnos-luces-y-sombras\/"},"modified":"2024-04-23T14:18:35","modified_gmt":"2024-04-23T16:18:35","slug":"grandes-premios-nocturnos-luces-y-sombras","status":"publish","type":"post","link":"https:\/\/www.boxrepsol.com\/es\/motogp\/grandes-premios-nocturnos-luces-y-sombras\/","title":{"rendered":"Grandes Premios nocturnos: luces y sombras"},"content":{"rendered":"<blockquote><p>\n\t<a href=\"http:\/\/twitter.com\/share?text=%C2%BFSabes+a+la+iluminaci%C3%B3n+de+cu%C3%A1ntos+campos+de+f%C3%BAtbol+equivale+la+del+GP+de+Catar%3F+%23MotoGP&#038;url=https%3A%2F%2Fwww.boxrepsol.com%2Fes%2Fmotogp%2Fgrandes-premios-nocturnos-luces-y-sombras%2F\" target=\"_blank\" rel=\"noopener\"><\/p>\n<p>\u00bfSabes a la iluminaci\u00f3n de cu\u00e1ntos campos de f\u00fatbol equivale la del GP de Catar? #MotoGP<\/p>\n<p>\t<\/a>\n<\/p><\/blockquote>\n<p>El\u00a0viernes 26 de marzo dar\u00e1 comienzo el GP de Catar. Su condici\u00f3n de Gran Premio nocturno es, quiz\u00e1, su principal caracter\u00edstica. Por ello, el circuito de Losail cuenta actualmente con <strong>1.000 postes de luz<\/strong> y con 3.600 focos.<\/p>\n<p>La luz empleada durante la disputa de la carrera de MotoGP, que este a\u00f1o tendr\u00e1 lugar el domingo 10 de marzo, equivale a la iluminaci\u00f3n de <strong>70 estadios de f\u00fatbol<\/strong>. Por utilizar otro s\u00edmil, con ese mismo despliegue se podr\u00eda iluminar una calle desde Doha hasta Mosc\u00fa.<\/p>\n<p>En total, son m\u00e1s de 500 km de cableado el\u00e9ctrico para conectar absolutamente todo el circuito a los 44 generadores de 13 MW. Permiti\u00e9ndonos un \u00faltimo juego comparativo, esta potencia ser\u00eda suficiente para proveer de energ\u00eda a 3.000 casas de tama\u00f1o medio.<\/p>\n<figure>\n        <picture style=\"padding-bottom: 56.25%; background-image: url(https:\/\/www.boxrepsol.com\/wp-content\/uploads\/2021\/03\/pol-espargaro-test-catar-d4-2021-pista-32x18.jpg);\">\n<p>            <noscript><\/noscript>\n        <\/picture><figcaption>Pol Espargar\u00f3 en pista en los Test de Catar 2021<\/figcaption><\/figure>\n<h2><strong>\u00bfC\u00f3mo afecta a los pilotos?<br \/>\n<\/strong><\/h2>\n<p>Las caracter\u00edsticas de una carrera nocturna son bastante parecidas en realidad a las carreras diurnas, dado el inmenso despliegue lum\u00ednico del que disponen los circuitos donde se disputan estas pruebas.<\/p>\n<p>En este sentido, es importante conocer que no toda la iluminaci\u00f3n dispuesta est\u00e1 enfocada directamente a la pista. Hay focos que se orientan a superficies reflectantes especialmente pensadas para tratar de <strong>minimizar sombras<\/strong>. Este detalle es importante, ya que las sombras pueden despistar a los pilotos y hacerles creer que hay un contrincante cerca cuando, en realidad, no es as\u00ed.<\/p>\n<p>Aun as\u00ed, muchos pilotos prefieren el uso de <strong>visores especiales<\/strong> para el casco, con filtros amarillos para mitigar a\u00fan m\u00e1s los efectos de las sombras. Otros optan por visores m\u00e1s claros, similares a los usados en carreras con lluvia.<\/p>\n<figure>\n        <picture style=\"padding-bottom: 56.25%; background-image: url(https:\/\/www.boxrepsol.com\/wp-content\/uploads\/2021\/03\/bradel-catar-test-2021-dia-2-pista-32x18.jpg);\">\n<p>            <noscript><\/noscript>\n        <\/picture><figcaption>Stefan Bradl en pista en los Test de Catar 2021<\/figcaption><\/figure>\n<h2>M\u00e1s de una d\u00e9cada de carreras nocturnas<\/h2>\n<p>Fue en 2008 cuando se disput\u00f3 en Losail la primera carrera nocturna del Mundial de MotoGP. Curiosamente, ese mismo a\u00f1o se disput\u00f3 tambi\u00e9n el primer GP nocturno en la historia de la F\u00f3rmula 1, en el circuito de Singapur Marina Bay.<\/p>\n<p>Desde entonces, el inter\u00e9s de los aficionados por esta prueba <strong>visualmente tan espectacular<\/strong> ha ido en aumento, y ha hecho que el GP de Catar mantenga esta disposici\u00f3n a\u00f1o tras a\u00f1o.<\/p>\n<p>Anteriormente a esas carreras, las \u00fanicas competiciones que inclu\u00edan actividad en horario nocturno eran las de resistencia, pruebas que abarcan muchas horas de competici\u00f3n.<\/p>\n","protected":false},"excerpt":{"rendered":"<p>Desde 2008, el Gran Premio de Catar se disputa bajo focos artificiales. \u00bfEn qu\u00e9 afecta a los pilotos esta peculiaridad?<\/p>\n","protected":false},"author":43146,"featured_media":86060,"comment_status":"open","ping_status":"open","sticky":false,"template":"","format":"standard","meta":{"footnotes":""},"categories":[4],"tags":[136,157],"class_list":["post-90015","post","type-post","status-publish","format-standard","hentry","category-motogp","tag-campeonato-del-mundo-de-motociclismo","tag-motogp-catar"],"yoast_head":"<!-- This site is optimized with the Yoast SEO plugin v27.3 - https:\/\/yoast.com\/product\/yoast-seo-wordpress\/ -->\n<title>Grandes Premios nocturnos: luces y sombras - Box Repsol<\/title>\n<meta name=\"description\" content=\"Se acerca la fecha de inicio del Mundial de MotoGP de 2021. Como de costumbre, ser\u00e1 en Catar, donde son Grandes Premios nocturnos..\" \/>\n<link rel=\"canonical\" href=\"https:\/\/www.boxrepsol.com\/es\/motogp\/grandes-premios-nocturnos-luces-y-sombras\/\" \/>\n<meta property=\"og:locale\" content=\"es_ES\" \/>\n<meta property=\"og:type\" content=\"article\" \/>\n<meta property=\"og:title\" content=\"Grandes Premios nocturnos: luces y sombras - Box Repsol\" \/>\n<meta property=\"og:description\" content=\"Se acerca la fecha de inicio del Mundial de MotoGP de 2021. Como de costumbre, ser\u00e1 en Catar, donde son Grandes Premios nocturnos..\" \/>\n<meta property=\"og:url\" content=\"https:\/\/www.boxrepsol.com\/es\/motogp\/grandes-premios-nocturnos-luces-y-sombras\/\" \/>\n<meta property=\"og:site_name\" content=\"Box Repsol\" \/>\n<meta property=\"article:publisher\" content=\"https:\/\/www.facebook.com\/BoxRepsol\" \/>\n<meta property=\"article:author\" content=\"https:\/\/www.facebook.com\/BoxRepsol\/\" \/>\n<meta property=\"article:published_time\" content=\"2021-03-22T02:00:00+00:00\" \/>\n<meta property=\"article:modified_time\" content=\"2024-04-23T16:18:35+00:00\" \/>\n<meta property=\"og:image\" content=\"https:\/\/s3-eu-west-1.amazonaws.com\/boxrepsol-site\/uploads\/pol-espargaro-test-catar-2021.jpg\" \/>\n<meta name=\"author\" content=\"Redacci\u00f3n Box Repsol\" \/>\n<meta name=\"twitter:card\" content=\"summary_large_image\" \/>\n<meta name=\"twitter:creator\" content=\"@https:\/\/twitter.com\/box_repsol\" \/>\n<meta name=\"twitter:site\" content=\"@box_repsol\" \/>\n<meta name=\"twitter:label1\" content=\"Written by\" \/>\n\t<meta name=\"twitter:data1\" content=\"Redacci\u00f3n Box Repsol\" \/>\n\t<meta name=\"twitter:label2\" content=\"Est. reading time\" \/>\n\t<meta name=\"twitter:data2\" content=\"2 minutos\" \/>\n<script type=\"application\/ld+json\" class=\"yoast-schema-graph\">{\"@context\":\"https:\\\/\\\/schema.org\",\"@graph\":[{\"@type\":\"Article\",\"@id\":\"https:\\\/\\\/www.boxrepsol.com\\\/es\\\/motogp\\\/grandes-premios-nocturnos-luces-y-sombras\\\/#article\",\"isPartOf\":{\"@id\":\"https:\\\/\\\/www.boxrepsol.com\\\/es\\\/motogp\\\/grandes-premios-nocturnos-luces-y-sombras\\\/\"},\"author\":{\"name\":\"Redacci\u00f3n Box Repsol\",\"@id\":\"https:\\\/\\\/www.boxrepsol.com\\\/es\\\/#\\\/schema\\\/person\\\/c5c2138f2cca251b0ad92b7086bb60b7\"},\"headline\":\"Grandes Premios nocturnos: luces y sombras\",\"datePublished\":\"2021-03-22T02:00:00+00:00\",\"dateModified\":\"2024-04-23T16:18:35+00:00\",\"mainEntityOfPage\":{\"@id\":\"https:\\\/\\\/www.boxrepsol.com\\\/es\\\/motogp\\\/grandes-premios-nocturnos-luces-y-sombras\\\/\"},\"wordCount\":428,\"commentCount\":0,\"publisher\":{\"@id\":\"https:\\\/\\\/www.boxrepsol.com\\\/es\\\/#organization\"},\"image\":{\"@id\":\"https:\\\/\\\/www.boxrepsol.com\\\/es\\\/motogp\\\/grandes-premios-nocturnos-luces-y-sombras\\\/#primaryimage\"},\"thumbnailUrl\":\"https:\\\/\\\/bxrepsol.s3.eu-west-1.amazonaws.com\\\/static\\\/2023\\\/02\\\/06093713\\\/web18-1.jpg\",\"keywords\":[\"Campeonato del Mundo de Motociclismo\",\"MotoGP Catar\"],\"articleSection\":[\"MotoGP\"],\"inLanguage\":\"es\",\"potentialAction\":[{\"@type\":\"CommentAction\",\"name\":\"Comment\",\"target\":[\"https:\\\/\\\/www.boxrepsol.com\\\/es\\\/motogp\\\/grandes-premios-nocturnos-luces-y-sombras\\\/#respond\"]}]},{\"@type\":\"WebPage\",\"@id\":\"https:\\\/\\\/www.boxrepsol.com\\\/es\\\/motogp\\\/grandes-premios-nocturnos-luces-y-sombras\\\/\",\"url\":\"https:\\\/\\\/www.boxrepsol.com\\\/es\\\/motogp\\\/grandes-premios-nocturnos-luces-y-sombras\\\/\",\"name\":\"Grandes Premios nocturnos: luces y sombras - Box Repsol\",\"isPartOf\":{\"@id\":\"https:\\\/\\\/www.boxrepsol.com\\\/es\\\/#website\"},\"primaryImageOfPage\":{\"@id\":\"https:\\\/\\\/www.boxrepsol.com\\\/es\\\/motogp\\\/grandes-premios-nocturnos-luces-y-sombras\\\/#primaryimage\"},\"image\":{\"@id\":\"https:\\\/\\\/www.boxrepsol.com\\\/es\\\/motogp\\\/grandes-premios-nocturnos-luces-y-sombras\\\/#primaryimage\"},\"thumbnailUrl\":\"https:\\\/\\\/bxrepsol.s3.eu-west-1.amazonaws.com\\\/static\\\/2023\\\/02\\\/06093713\\\/web18-1.jpg\",\"datePublished\":\"2021-03-22T02:00:00+00:00\",\"dateModified\":\"2024-04-23T16:18:35+00:00\",\"description\":\"Se acerca la fecha de inicio del Mundial de MotoGP de 2021. Como de costumbre, ser\u00e1 en Catar, donde son Grandes Premios nocturnos..\",\"breadcrumb\":{\"@id\":\"https:\\\/\\\/www.boxrepsol.com\\\/es\\\/motogp\\\/grandes-premios-nocturnos-luces-y-sombras\\\/#breadcrumb\"},\"inLanguage\":\"es\",\"potentialAction\":[{\"@type\":\"ReadAction\",\"target\":[\"https:\\\/\\\/www.boxrepsol.com\\\/es\\\/motogp\\\/grandes-premios-nocturnos-luces-y-sombras\\\/\"]}]},{\"@type\":\"ImageObject\",\"inLanguage\":\"es\",\"@id\":\"https:\\\/\\\/www.boxrepsol.com\\\/es\\\/motogp\\\/grandes-premios-nocturnos-luces-y-sombras\\\/#primaryimage\",\"url\":\"https:\\\/\\\/bxrepsol.s3.eu-west-1.amazonaws.com\\\/static\\\/2023\\\/02\\\/06093713\\\/web18-1.jpg\",\"contentUrl\":\"https:\\\/\\\/bxrepsol.s3.eu-west-1.amazonaws.com\\\/static\\\/2023\\\/02\\\/06093713\\\/web18-1.jpg\",\"width\":1280,\"height\":600},{\"@type\":\"BreadcrumbList\",\"@id\":\"https:\\\/\\\/www.boxrepsol.com\\\/es\\\/motogp\\\/grandes-premios-nocturnos-luces-y-sombras\\\/#breadcrumb\",\"itemListElement\":[{\"@type\":\"ListItem\",\"position\":1,\"name\":\"Home\",\"item\":\"https:\\\/\\\/www.boxrepsol.com\\\/es\\\/\"},{\"@type\":\"ListItem\",\"position\":2,\"name\":\"Grandes Premios nocturnos: luces y sombras\"}]},{\"@type\":\"WebSite\",\"@id\":\"https:\\\/\\\/www.boxrepsol.com\\\/es\\\/#website\",\"url\":\"https:\\\/\\\/www.boxrepsol.com\\\/es\\\/\",\"name\":\"Box Repsol\",\"description\":\"Box Repsol Site\",\"publisher\":{\"@id\":\"https:\\\/\\\/www.boxrepsol.com\\\/es\\\/#organization\"},\"potentialAction\":[{\"@type\":\"SearchAction\",\"target\":{\"@type\":\"EntryPoint\",\"urlTemplate\":\"https:\\\/\\\/www.boxrepsol.com\\\/es\\\/?s={search_term_string}\"},\"query-input\":{\"@type\":\"PropertyValueSpecification\",\"valueRequired\":true,\"valueName\":\"search_term_string\"}}],\"inLanguage\":\"es\"},{\"@type\":\"Organization\",\"@id\":\"https:\\\/\\\/www.boxrepsol.com\\\/es\\\/#organization\",\"name\":\"Box Repsol\",\"url\":\"https:\\\/\\\/www.boxrepsol.com\\\/es\\\/\",\"logo\":{\"@type\":\"ImageObject\",\"inLanguage\":\"es\",\"@id\":\"https:\\\/\\\/www.boxrepsol.com\\\/es\\\/#\\\/schema\\\/logo\\\/image\\\/\",\"url\":\"https:\\\/\\\/bxrepsol.s3.eu-west-1.amazonaws.com\\\/static\\\/2025\\\/07\\\/30083337\\\/favicon-96x96-1.png\",\"contentUrl\":\"https:\\\/\\\/bxrepsol.s3.eu-west-1.amazonaws.com\\\/static\\\/2025\\\/07\\\/30083337\\\/favicon-96x96-1.png\",\"width\":96,\"height\":96,\"caption\":\"Box Repsol\"},\"image\":{\"@id\":\"https:\\\/\\\/www.boxrepsol.com\\\/es\\\/#\\\/schema\\\/logo\\\/image\\\/\"},\"sameAs\":[\"https:\\\/\\\/www.facebook.com\\\/BoxRepsol\",\"https:\\\/\\\/x.com\\\/box_repsol\",\"http:\\\/\\\/instagram.com\\\/box_repsol\",\"https:\\\/\\\/www.youtube.com\\\/user\\\/RepsolCompeticion\",\"https:\\\/\\\/www.flickr.com\\\/photos\\\/box_repsol\\\/\"]},{\"@type\":\"Person\",\"@id\":\"https:\\\/\\\/www.boxrepsol.com\\\/es\\\/#\\\/schema\\\/person\\\/c5c2138f2cca251b0ad92b7086bb60b7\",\"name\":\"Redacci\u00f3n Box Repsol\",\"image\":{\"@type\":\"ImageObject\",\"inLanguage\":\"es\",\"@id\":\"https:\\\/\\\/secure.gravatar.com\\\/avatar\\\/adf7b77e38b4419baf32c7e9c21dde01f4e40df611f0978e3006fc4ba0aaab7e?s=96&d=mm&r=g\",\"url\":\"https:\\\/\\\/secure.gravatar.com\\\/avatar\\\/adf7b77e38b4419baf32c7e9c21dde01f4e40df611f0978e3006fc4ba0aaab7e?s=96&d=mm&r=g\",\"contentUrl\":\"https:\\\/\\\/secure.gravatar.com\\\/avatar\\\/adf7b77e38b4419baf32c7e9c21dde01f4e40df611f0978e3006fc4ba0aaab7e?s=96&d=mm&r=g\",\"caption\":\"Redacci\u00f3n Box Repsol\"},\"description\":\"Box Repsol lo forma un equipo de periodistas, community managers, dise\u00f1adores y fot\u00f3grafos con m\u00e1s de 20 a\u00f1os de experiencia en el mundo del motorsport. Hemos vivido el primer mundial de un espa\u00f1ol en la categor\u00eda reina de motociclismo con \u00c1lex Crivill\u00e9, estuvimos en las victorias de Pedrosa y los t\u00edtulos de M\u00e1rquez, acompa\u00f1amos en \u00c1frica a Nani Roma y Marc Coma en sus conquistas del Dakar y hemos vibrado con los t\u00edtulos de Toni Bou en Trial. Adem\u00e1s, en nuestro equipo contamos con expertos en el mundo de las dos y cuatro ruedas tanto de la calle y las carreteras, como de los circuitos. Periodistas que han trabajado en revistas y publicaciones para hacerte llegar desde rutas y consejos de mantenimiento, a curiosidades y trucos de pilotaje.\",\"sameAs\":[\"https:\\\/\\\/www.facebook.com\\\/BoxRepsol\\\/\",\"https:\\\/\\\/www.instagram.com\\\/box_repsol\\\/\",\"https:\\\/\\\/x.com\\\/https:\\\/\\\/twitter.com\\\/box_repsol\",\"https:\\\/\\\/www.youtube.com\\\/@Boxrepsol\"],\"url\":\"https:\\\/\\\/www.boxrepsol.com\\\/es\\\/author\\\/redaccion-box-repsol\\\/\"}]}<\/script>\n<!-- \/ Yoast SEO plugin. -->","yoast_head_json":{"title":"Grandes Premios nocturnos: luces y sombras - Box Repsol","description":"Se acerca la fecha de inicio del Mundial de MotoGP de 2021. Como de costumbre, ser\u00e1 en Catar, donde son Grandes Premios nocturnos..","canonical":"https:\/\/www.boxrepsol.com\/es\/motogp\/grandes-premios-nocturnos-luces-y-sombras\/","og_locale":"es_ES","og_type":"article","og_title":"Grandes Premios nocturnos: luces y sombras - Box Repsol","og_description":"Se acerca la fecha de inicio del Mundial de MotoGP de 2021. Como de costumbre, ser\u00e1 en Catar, donde son Grandes Premios nocturnos..","og_url":"https:\/\/www.boxrepsol.com\/es\/motogp\/grandes-premios-nocturnos-luces-y-sombras\/","og_site_name":"Box Repsol","article_publisher":"https:\/\/www.facebook.com\/BoxRepsol","article_author":"https:\/\/www.facebook.com\/BoxRepsol\/","article_published_time":"2021-03-22T02:00:00+00:00","article_modified_time":"2024-04-23T16:18:35+00:00","og_image":[{"url":"https:\/\/s3-eu-west-1.amazonaws.com\/boxrepsol-site\/uploads\/pol-espargaro-test-catar-2021.jpg","type":"","width":"","height":""}],"author":"Redacci\u00f3n Box Repsol","twitter_card":"summary_large_image","twitter_creator":"@https:\/\/twitter.com\/box_repsol","twitter_site":"@box_repsol","twitter_misc":{"Written by":"Redacci\u00f3n Box Repsol","Est. reading time":"2 minutos"},"schema":{"@context":"https:\/\/schema.org","@graph":[{"@type":"Article","@id":"https:\/\/www.boxrepsol.com\/es\/motogp\/grandes-premios-nocturnos-luces-y-sombras\/#article","isPartOf":{"@id":"https:\/\/www.boxrepsol.com\/es\/motogp\/grandes-premios-nocturnos-luces-y-sombras\/"},"author":{"name":"Redacci\u00f3n Box Repsol","@id":"https:\/\/www.boxrepsol.com\/es\/#\/schema\/person\/c5c2138f2cca251b0ad92b7086bb60b7"},"headline":"Grandes Premios nocturnos: luces y sombras","datePublished":"2021-03-22T02:00:00+00:00","dateModified":"2024-04-23T16:18:35+00:00","mainEntityOfPage":{"@id":"https:\/\/www.boxrepsol.com\/es\/motogp\/grandes-premios-nocturnos-luces-y-sombras\/"},"wordCount":428,"commentCount":0,"publisher":{"@id":"https:\/\/www.boxrepsol.com\/es\/#organization"},"image":{"@id":"https:\/\/www.boxrepsol.com\/es\/motogp\/grandes-premios-nocturnos-luces-y-sombras\/#primaryimage"},"thumbnailUrl":"https:\/\/bxrepsol.s3.eu-west-1.amazonaws.com\/static\/2023\/02\/06093713\/web18-1.jpg","keywords":["Campeonato del Mundo de Motociclismo","MotoGP Catar"],"articleSection":["MotoGP"],"inLanguage":"es","potentialAction":[{"@type":"CommentAction","name":"Comment","target":["https:\/\/www.boxrepsol.com\/es\/motogp\/grandes-premios-nocturnos-luces-y-sombras\/#respond"]}]},{"@type":"WebPage","@id":"https:\/\/www.boxrepsol.com\/es\/motogp\/grandes-premios-nocturnos-luces-y-sombras\/","url":"https:\/\/www.boxrepsol.com\/es\/motogp\/grandes-premios-nocturnos-luces-y-sombras\/","name":"Grandes Premios nocturnos: luces y sombras - Box Repsol","isPartOf":{"@id":"https:\/\/www.boxrepsol.com\/es\/#website"},"primaryImageOfPage":{"@id":"https:\/\/www.boxrepsol.com\/es\/motogp\/grandes-premios-nocturnos-luces-y-sombras\/#primaryimage"},"image":{"@id":"https:\/\/www.boxrepsol.com\/es\/motogp\/grandes-premios-nocturnos-luces-y-sombras\/#primaryimage"},"thumbnailUrl":"https:\/\/bxrepsol.s3.eu-west-1.amazonaws.com\/static\/2023\/02\/06093713\/web18-1.jpg","datePublished":"2021-03-22T02:00:00+00:00","dateModified":"2024-04-23T16:18:35+00:00","description":"Se acerca la fecha de inicio del Mundial de MotoGP de 2021. Como de costumbre, ser\u00e1 en Catar, donde son Grandes Premios nocturnos..","breadcrumb":{"@id":"https:\/\/www.boxrepsol.com\/es\/motogp\/grandes-premios-nocturnos-luces-y-sombras\/#breadcrumb"},"inLanguage":"es","potentialAction":[{"@type":"ReadAction","target":["https:\/\/www.boxrepsol.com\/es\/motogp\/grandes-premios-nocturnos-luces-y-sombras\/"]}]},{"@type":"ImageObject","inLanguage":"es","@id":"https:\/\/www.boxrepsol.com\/es\/motogp\/grandes-premios-nocturnos-luces-y-sombras\/#primaryimage","url":"https:\/\/bxrepsol.s3.eu-west-1.amazonaws.com\/static\/2023\/02\/06093713\/web18-1.jpg","contentUrl":"https:\/\/bxrepsol.s3.eu-west-1.amazonaws.com\/static\/2023\/02\/06093713\/web18-1.jpg","width":1280,"height":600},{"@type":"BreadcrumbList","@id":"https:\/\/www.boxrepsol.com\/es\/motogp\/grandes-premios-nocturnos-luces-y-sombras\/#breadcrumb","itemListElement":[{"@type":"ListItem","position":1,"name":"Home","item":"https:\/\/www.boxrepsol.com\/es\/"},{"@type":"ListItem","position":2,"name":"Grandes Premios nocturnos: luces y sombras"}]},{"@type":"WebSite","@id":"https:\/\/www.boxrepsol.com\/es\/#website","url":"https:\/\/www.boxrepsol.com\/es\/","name":"Box Repsol","description":"Box Repsol Site","publisher":{"@id":"https:\/\/www.boxrepsol.com\/es\/#organization"},"potentialAction":[{"@type":"SearchAction","target":{"@type":"EntryPoint","urlTemplate":"https:\/\/www.boxrepsol.com\/es\/?s={search_term_string}"},"query-input":{"@type":"PropertyValueSpecification","valueRequired":true,"valueName":"search_term_string"}}],"inLanguage":"es"},{"@type":"Organization","@id":"https:\/\/www.boxrepsol.com\/es\/#organization","name":"Box Repsol","url":"https:\/\/www.boxrepsol.com\/es\/","logo":{"@type":"ImageObject","inLanguage":"es","@id":"https:\/\/www.boxrepsol.com\/es\/#\/schema\/logo\/image\/","url":"https:\/\/bxrepsol.s3.eu-west-1.amazonaws.com\/static\/2025\/07\/30083337\/favicon-96x96-1.png","contentUrl":"https:\/\/bxrepsol.s3.eu-west-1.amazonaws.com\/static\/2025\/07\/30083337\/favicon-96x96-1.png","width":96,"height":96,"caption":"Box Repsol"},"image":{"@id":"https:\/\/www.boxrepsol.com\/es\/#\/schema\/logo\/image\/"},"sameAs":["https:\/\/www.facebook.com\/BoxRepsol","https:\/\/x.com\/box_repsol","http:\/\/instagram.com\/box_repsol","https:\/\/www.youtube.com\/user\/RepsolCompeticion","https:\/\/www.flickr.com\/photos\/box_repsol\/"]},{"@type":"Person","@id":"https:\/\/www.boxrepsol.com\/es\/#\/schema\/person\/c5c2138f2cca251b0ad92b7086bb60b7","name":"Redacci\u00f3n Box Repsol","image":{"@type":"ImageObject","inLanguage":"es","@id":"https:\/\/secure.gravatar.com\/avatar\/adf7b77e38b4419baf32c7e9c21dde01f4e40df611f0978e3006fc4ba0aaab7e?s=96&d=mm&r=g","url":"https:\/\/secure.gravatar.com\/avatar\/adf7b77e38b4419baf32c7e9c21dde01f4e40df611f0978e3006fc4ba0aaab7e?s=96&d=mm&r=g","contentUrl":"https:\/\/secure.gravatar.com\/avatar\/adf7b77e38b4419baf32c7e9c21dde01f4e40df611f0978e3006fc4ba0aaab7e?s=96&d=mm&r=g","caption":"Redacci\u00f3n Box Repsol"},"description":"Box Repsol lo forma un equipo de periodistas, community managers, dise\u00f1adores y fot\u00f3grafos con m\u00e1s de 20 a\u00f1os de experiencia en el mundo del motorsport. Hemos vivido el primer mundial de un espa\u00f1ol en la categor\u00eda reina de motociclismo con \u00c1lex Crivill\u00e9, estuvimos en las victorias de Pedrosa y los t\u00edtulos de M\u00e1rquez, acompa\u00f1amos en \u00c1frica a Nani Roma y Marc Coma en sus conquistas del Dakar y hemos vibrado con los t\u00edtulos de Toni Bou en Trial. Adem\u00e1s, en nuestro equipo contamos con expertos en el mundo de las dos y cuatro ruedas tanto de la calle y las carreteras, como de los circuitos. Periodistas que han trabajado en revistas y publicaciones para hacerte llegar desde rutas y consejos de mantenimiento, a curiosidades y trucos de pilotaje.","sameAs":["https:\/\/www.facebook.com\/BoxRepsol\/","https:\/\/www.instagram.com\/box_repsol\/","https:\/\/x.com\/https:\/\/twitter.com\/box_repsol","https:\/\/www.youtube.com\/@Boxrepsol"],"url":"https:\/\/www.boxrepsol.com\/es\/author\/redaccion-box-repsol\/"}]}},"_links":{"self":[{"href":"https:\/\/www.boxrepsol.com\/es\/wp-json\/wp\/v2\/posts\/90015","targetHints":{"allow":["GET"]}}],"collection":[{"href":"https:\/\/www.boxrepsol.com\/es\/wp-json\/wp\/v2\/posts"}],"about":[{"href":"https:\/\/www.boxrepsol.com\/es\/wp-json\/wp\/v2\/types\/post"}],"author":[{"embeddable":true,"href":"https:\/\/www.boxrepsol.com\/es\/wp-json\/wp\/v2\/users\/43146"}],"replies":[{"embeddable":true,"href":"https:\/\/www.boxrepsol.com\/es\/wp-json\/wp\/v2\/comments?post=90015"}],"version-history":[{"count":8,"href":"https:\/\/www.boxrepsol.com\/es\/wp-json\/wp\/v2\/posts\/90015\/revisions"}],"predecessor-version":[{"id":115241,"href":"https:\/\/www.boxrepsol.com\/es\/wp-json\/wp\/v2\/posts\/90015\/revisions\/115241"}],"wp:featuredmedia":[{"embeddable":true,"href":"https:\/\/www.boxrepsol.com\/es\/wp-json\/wp\/v2\/media\/86060"}],"wp:attachment":[{"href":"https:\/\/www.boxrepsol.com\/es\/wp-json\/wp\/v2\/media?parent=90015"}],"wp:term":[{"taxonomy":"category","embeddable":true,"href":"https:\/\/www.boxrepsol.com\/es\/wp-json\/wp\/v2\/categories?post=90015"},{"taxonomy":"post_tag","embeddable":true,"href":"https:\/\/www.boxrepsol.com\/es\/wp-json\/wp\/v2\/tags?post=90015"}],"curies":[{"name":"wp","href":"https:\/\/api.w.org\/{rel}","templated":true}]}}