{"id":90001,"date":"2016-02-21T00:00:00","date_gmt":"2016-02-21T02:00:00","guid":{"rendered":"http:\/\/pre.boxrepsol.com\/sin-categorizar\/roger-van-der-borght-el-hombre-orquesta-del-repsol-honda\/"},"modified":"2024-05-07T05:59:48","modified_gmt":"2024-05-07T07:59:48","slug":"roger-van-der-borght-el-hombre-orquesta-del-repsol-honda","status":"publish","type":"post","link":"https:\/\/www.boxrepsol.com\/es\/motogp\/roger-van-der-borght-el-hombre-orquesta-del-repsol-honda\/","title":{"rendered":"Roger Van Der Borght, el hombre orquesta del Repsol Honda"},"content":{"rendered":"<blockquote><p>\n\t<a href=\"http:\/\/twitter.com\/share?text=Para+enviar+por+avi%C3%B3n+todo+lo+que+el+%23EquipoRepsol+necesita+en+un+GP+hacen+falta+%C2%A150+contenedores%21+&#038;url=https%3A%2F%2Fwww.boxrepsol.com%2Fes%2Fmotogp%2Froger-van-der-borght-el-hombre-orquesta-del-repsol-honda%2F\" target=\"_blank\" rel=\"noopener\"><\/p>\n<p>Para enviar por avi\u00f3n todo lo que el #EquipoRepsol necesita en un GP hacen falta \u00a150 contenedores! <\/p>\n<p>\t<\/a>\n<\/p><\/blockquote>\n<p>La log\u00edstica para armar cada Gran Premio del Mundial es un aspecto que, a lo largo de los a\u00f1os, ha variado much\u00edsimo. En los inicios de este campeonato, la exigencia no era tanta. Apenas se llegaba a los circuitos con una furgoneta donde se llevaba la moto, algunas herramientas b\u00e1sicas, repuestos y dos o tres personas, entre ellas el piloto -que actuaba en muchas ocasiones tambi\u00e9n como mec\u00e1nico-. Para completar el escenario, una carpa, unos bocadillos y algo para beber.<\/p>\n<p>Con el tiempo, <strong>la llegada de patrocinadores caus\u00f3 un incremento sustancial de los materiales a transportar.<\/strong> Ya no era una moto, sino dos, una para cada piloto, y se pas\u00f3 a llevar un cami\u00f3n. El material y el equipo humano empezaron a ser, cada vez, m\u00e1s especializados.<\/p>\n<p>Hoy d\u00eda, un equipo de MotoGP, con sus camiones, motos, litros de carburantes y aceites, neum\u00e1ticos, comida y bebida, paneles -con sus decenas, docenas y cientos de necesidades, en definitiva-, es casi una pesadilla log\u00edstica. Al menos, lo ser\u00eda para casi cualquier persona. Sin embargo, esto <strong>no tiene secretos para Roger Van Der Borght<\/strong>, que lleva desde 1991 consiguiendo que cada elemento est\u00e9 en el lugar requerido en el momento adecuado.<\/p>\n<p>\t\t\t\t<img decoding=\"async\" src=\"https:\/\/bxrepsol.s3.eu-west-1.amazonaws.com\/static\/2022\/08\/29071335\/24-dani-pedrosa-repsol-honda-motogp-2.jpg\" alt=\"Dani Pedrosa saliendo de cami\u00f3n de Repsol Honda\" itemprop=\"image\"  \/><\/p>\n<p><strong>Seis trailers a cada GP<br \/>\n<\/strong><\/p>\n<p>El Equipo Repsol Honda se mueve a los circuitos europeos en <strong>seis trailers<\/strong>; concretamente dos para los pilotos de MotoGP, dos para los miembros de HRC y otros dos para el hospitality. \u00c9ste \u00faltimo es el espacio en el que los pilotos pueden estar con sus personas de confianza, comer y atender a los medios de comunicaci\u00f3n.<\/p>\n<p>Por supuesto, cuando las carreras se disputan fuera de Europa la cosa se complica para Roger. Las revisiones se multiplican y todo debe ser cuidadosamente introducido en cajas, para su transporte a\u00e9reo. \u00a1En total, unos <strong>50 contenedores con un peso superior a 20 toneladas!<\/strong><\/p>\n<p>Todo este material debe llegar al circuito, al menos, el mi\u00e9rcoles previo al inicio del GP, para poder comenzar el montaje con margen suficiente y que todo est\u00e9 perfectamente preparado para la primera sesi\u00f3n de entrenamientos.<\/p>\n<p>Pero por mucho que Roger y el resto del equipo sean veteranos y expertos en estas tareas, deben a menudo <strong>hacer frente a imprevistos<\/strong>. Las aduanas no dejan de ser un quebradero de cabeza, y\u00a0 en alguna ocasi\u00f3n ha sucedido la peor de las situaciones: que un cami\u00f3n no llegue a tiempo al destino donde se va a disputar la prueba.<\/p>\n<p>Adem\u00e1s, algunos materiales m\u00e1s delicados se prefieren trasladar por barco, lo que obliga a una antelaci\u00f3n aun mayor. Es el caso, por ejemplo, de un elemento tan crucial para el equipo como el carburante Repsol.<\/p>\n<p>Y esto solo en lo que se refiere a los materiales. Porque existe <strong>otra vertiente igualmente exigente: el factor humano<\/strong>. Cuando todos los miembros del equipo llegan al pa\u00eds deben tener todo organizado: por supuesto el viaje, pero tambi\u00e9n el alojamiento y los veh\u00edculos para moverse. Hablamos de unas 50 personas de media aunque, dependiendo del GP, puede llegar a aumentar hasta 70 entre mec\u00e1nicos, telem\u00e9tricos, el departamento de comunicaci\u00f3n y dem\u00e1s personal del hospitality.<\/p>\n<p>\t\t\t\t<img decoding=\"async\" src=\"https:\/\/bxrepsol.s3.eu-west-1.amazonaws.com\/static\/2022\/08\/29071337\/25-repsol-honda.motogp-2.jpg\" alt=\"Repostando la moto de Marc M\u00e1rquez en el Box\" itemprop=\"image\"  \/><\/p>\n<h3><strong>La log\u00edstica del equipo en cifras<\/strong><\/h3>\n<p>&nbsp;<\/p>\n<p>\u2022\u00a0\u00a0\u00a0 Adem\u00e1s de las cuatro motos, se lleva a cada GP un juego de piezas de recambio. Con todas ellas, se podr\u00eda incluso reconstruir la moto <strong>al menos una vez de forma completa<\/strong>.<\/p>\n<p>\u2022\u00a0\u00a0\u00a0 Solo para la gira europea, <strong>los camiones recorren m\u00e1s de 30.000 km al a\u00f1o<\/strong>.<\/p>\n<p>\u2022\u00a0\u00a0\u00a0 Los planes de transporte y reservas se realizan por norma con unos <strong>cuatro GPs de antelaci\u00f3n<\/strong>, e incluso con casi seis meses para algunas carreras determinadas.<\/p>\n<p>\u2022\u00a0\u00a0\u00a0 Se necesitan aproximadamente entre <strong>350 y 450 litros de combustible en cada Gran Premio<\/strong>. \u00c9stos se env\u00edan a los circuitos directamente desde el Repsol Technology Lab.<\/p>\n","protected":false},"excerpt":{"rendered":"<p>Este belga, todo un veterano del paddock, se encarga de dar respuesta a las necesidades del equipo y de que todas las herramientas e instrumental est\u00e9n donde tienen que estar y cuando deben estar. \u00a1Os lo presentamos!<\/p>\n","protected":false},"author":43146,"featured_media":86032,"comment_status":"open","ping_status":"open","sticky":false,"template":"","format":"standard","meta":{"footnotes":""},"categories":[4],"tags":[50],"class_list":["post-90001","post","type-post","status-publish","format-standard","hentry","category-motogp","tag-equipo-repsol-honda"],"yoast_head":"<!-- This site is optimized with the Yoast SEO plugin v27.3 - https:\/\/yoast.com\/product\/yoast-seo-wordpress\/ -->\n<title>Roger Van Der Borght, el hombre orquesta del Repsol Honda - Box Repsol<\/title>\n<meta name=\"description\" content=\"Este belga, todo un veterano del paddock, se encarga de dar respuesta a las necesidades del equipo y de que todo el instrumental est\u00e9 donde tienen que estar\" \/>\n<link rel=\"canonical\" href=\"https:\/\/www.boxrepsol.com\/es\/motogp\/roger-van-der-borght-el-hombre-orquesta-del-repsol-honda\/\" \/>\n<meta property=\"og:locale\" content=\"es_ES\" \/>\n<meta property=\"og:type\" content=\"article\" \/>\n<meta property=\"og:title\" content=\"Roger Van Der Borght, el hombre orquesta del Repsol Honda - Box Repsol\" \/>\n<meta property=\"og:description\" content=\"Este belga, todo un veterano del paddock, se encarga de dar respuesta a las necesidades del equipo y de que todo el instrumental est\u00e9 donde tienen que estar\" \/>\n<meta property=\"og:url\" content=\"https:\/\/www.boxrepsol.com\/es\/motogp\/roger-van-der-borght-el-hombre-orquesta-del-repsol-honda\/\" \/>\n<meta property=\"og:site_name\" content=\"Box Repsol\" \/>\n<meta property=\"article:publisher\" content=\"https:\/\/www.facebook.com\/BoxRepsol\" \/>\n<meta property=\"article:author\" content=\"https:\/\/www.facebook.com\/BoxRepsol\/\" \/>\n<meta property=\"article:published_time\" content=\"2016-02-21T02:00:00+00:00\" \/>\n<meta property=\"article:modified_time\" content=\"2024-05-07T07:59:48+00:00\" \/>\n<meta property=\"og:image\" content=\"https:\/\/www.boxrepsol.com\/wp-content\/uploads\/2022\/08\/23-van-der-borg.jpg\" \/>\n\t<meta property=\"og:image:width\" content=\"860\" \/>\n\t<meta property=\"og:image:height\" content=\"572\" \/>\n\t<meta property=\"og:image:type\" content=\"image\/jpeg\" \/>\n<meta name=\"author\" content=\"Redacci\u00f3n Box Repsol\" \/>\n<meta name=\"twitter:card\" content=\"summary_large_image\" \/>\n<meta name=\"twitter:creator\" content=\"@https:\/\/twitter.com\/box_repsol\" \/>\n<meta name=\"twitter:site\" content=\"@box_repsol\" \/>\n<meta name=\"twitter:label1\" content=\"Written by\" \/>\n\t<meta name=\"twitter:data1\" content=\"Redacci\u00f3n Box Repsol\" \/>\n\t<meta name=\"twitter:label2\" content=\"Est. reading time\" \/>\n\t<meta name=\"twitter:data2\" content=\"3 minutos\" \/>\n<script type=\"application\/ld+json\" class=\"yoast-schema-graph\">{\"@context\":\"https:\\\/\\\/schema.org\",\"@graph\":[{\"@type\":\"Article\",\"@id\":\"https:\\\/\\\/www.boxrepsol.com\\\/es\\\/motogp\\\/roger-van-der-borght-el-hombre-orquesta-del-repsol-honda\\\/#article\",\"isPartOf\":{\"@id\":\"https:\\\/\\\/www.boxrepsol.com\\\/es\\\/motogp\\\/roger-van-der-borght-el-hombre-orquesta-del-repsol-honda\\\/\"},\"author\":{\"name\":\"Redacci\u00f3n Box Repsol\",\"@id\":\"https:\\\/\\\/www.boxrepsol.com\\\/es\\\/#\\\/schema\\\/person\\\/c5c2138f2cca251b0ad92b7086bb60b7\"},\"headline\":\"Roger Van Der Borght, el hombre orquesta del Repsol Honda\",\"datePublished\":\"2016-02-21T02:00:00+00:00\",\"dateModified\":\"2024-05-07T07:59:48+00:00\",\"mainEntityOfPage\":{\"@id\":\"https:\\\/\\\/www.boxrepsol.com\\\/es\\\/motogp\\\/roger-van-der-borght-el-hombre-orquesta-del-repsol-honda\\\/\"},\"wordCount\":670,\"commentCount\":0,\"publisher\":{\"@id\":\"https:\\\/\\\/www.boxrepsol.com\\\/es\\\/#organization\"},\"image\":{\"@id\":\"https:\\\/\\\/www.boxrepsol.com\\\/es\\\/motogp\\\/roger-van-der-borght-el-hombre-orquesta-del-repsol-honda\\\/#primaryimage\"},\"thumbnailUrl\":\"https:\\\/\\\/www.boxrepsol.com\\\/wp-content\\\/uploads\\\/2022\\\/08\\\/23-van-der-borg.jpg\",\"keywords\":[\"Equipo Repsol Honda\"],\"articleSection\":[\"MotoGP\"],\"inLanguage\":\"es\",\"potentialAction\":[{\"@type\":\"CommentAction\",\"name\":\"Comment\",\"target\":[\"https:\\\/\\\/www.boxrepsol.com\\\/es\\\/motogp\\\/roger-van-der-borght-el-hombre-orquesta-del-repsol-honda\\\/#respond\"]}]},{\"@type\":\"WebPage\",\"@id\":\"https:\\\/\\\/www.boxrepsol.com\\\/es\\\/motogp\\\/roger-van-der-borght-el-hombre-orquesta-del-repsol-honda\\\/\",\"url\":\"https:\\\/\\\/www.boxrepsol.com\\\/es\\\/motogp\\\/roger-van-der-borght-el-hombre-orquesta-del-repsol-honda\\\/\",\"name\":\"Roger Van Der Borght, el hombre orquesta del Repsol Honda - Box Repsol\",\"isPartOf\":{\"@id\":\"https:\\\/\\\/www.boxrepsol.com\\\/es\\\/#website\"},\"primaryImageOfPage\":{\"@id\":\"https:\\\/\\\/www.boxrepsol.com\\\/es\\\/motogp\\\/roger-van-der-borght-el-hombre-orquesta-del-repsol-honda\\\/#primaryimage\"},\"image\":{\"@id\":\"https:\\\/\\\/www.boxrepsol.com\\\/es\\\/motogp\\\/roger-van-der-borght-el-hombre-orquesta-del-repsol-honda\\\/#primaryimage\"},\"thumbnailUrl\":\"https:\\\/\\\/www.boxrepsol.com\\\/wp-content\\\/uploads\\\/2022\\\/08\\\/23-van-der-borg.jpg\",\"datePublished\":\"2016-02-21T02:00:00+00:00\",\"dateModified\":\"2024-05-07T07:59:48+00:00\",\"description\":\"Este belga, todo un veterano del paddock, se encarga de dar respuesta a las necesidades del equipo y de que todo el instrumental est\u00e9 donde tienen que estar\",\"breadcrumb\":{\"@id\":\"https:\\\/\\\/www.boxrepsol.com\\\/es\\\/motogp\\\/roger-van-der-borght-el-hombre-orquesta-del-repsol-honda\\\/#breadcrumb\"},\"inLanguage\":\"es\",\"potentialAction\":[{\"@type\":\"ReadAction\",\"target\":[\"https:\\\/\\\/www.boxrepsol.com\\\/es\\\/motogp\\\/roger-van-der-borght-el-hombre-orquesta-del-repsol-honda\\\/\"]}]},{\"@type\":\"ImageObject\",\"inLanguage\":\"es\",\"@id\":\"https:\\\/\\\/www.boxrepsol.com\\\/es\\\/motogp\\\/roger-van-der-borght-el-hombre-orquesta-del-repsol-honda\\\/#primaryimage\",\"url\":\"https:\\\/\\\/www.boxrepsol.com\\\/wp-content\\\/uploads\\\/2022\\\/08\\\/23-van-der-borg.jpg\",\"contentUrl\":\"https:\\\/\\\/www.boxrepsol.com\\\/wp-content\\\/uploads\\\/2022\\\/08\\\/23-van-der-borg.jpg\",\"width\":860,\"height\":572,\"caption\":\"Roger Van der Borght\"},{\"@type\":\"BreadcrumbList\",\"@id\":\"https:\\\/\\\/www.boxrepsol.com\\\/es\\\/motogp\\\/roger-van-der-borght-el-hombre-orquesta-del-repsol-honda\\\/#breadcrumb\",\"itemListElement\":[{\"@type\":\"ListItem\",\"position\":1,\"name\":\"Home\",\"item\":\"https:\\\/\\\/www.boxrepsol.com\\\/es\\\/\"},{\"@type\":\"ListItem\",\"position\":2,\"name\":\"Roger Van Der Borght, el hombre orquesta del Repsol Honda\"}]},{\"@type\":\"WebSite\",\"@id\":\"https:\\\/\\\/www.boxrepsol.com\\\/es\\\/#website\",\"url\":\"https:\\\/\\\/www.boxrepsol.com\\\/es\\\/\",\"name\":\"Box Repsol\",\"description\":\"Box Repsol Site\",\"publisher\":{\"@id\":\"https:\\\/\\\/www.boxrepsol.com\\\/es\\\/#organization\"},\"potentialAction\":[{\"@type\":\"SearchAction\",\"target\":{\"@type\":\"EntryPoint\",\"urlTemplate\":\"https:\\\/\\\/www.boxrepsol.com\\\/es\\\/?s={search_term_string}\"},\"query-input\":{\"@type\":\"PropertyValueSpecification\",\"valueRequired\":true,\"valueName\":\"search_term_string\"}}],\"inLanguage\":\"es\"},{\"@type\":\"Organization\",\"@id\":\"https:\\\/\\\/www.boxrepsol.com\\\/es\\\/#organization\",\"name\":\"Box Repsol\",\"url\":\"https:\\\/\\\/www.boxrepsol.com\\\/es\\\/\",\"logo\":{\"@type\":\"ImageObject\",\"inLanguage\":\"es\",\"@id\":\"https:\\\/\\\/www.boxrepsol.com\\\/es\\\/#\\\/schema\\\/logo\\\/image\\\/\",\"url\":\"https:\\\/\\\/bxrepsol.s3.eu-west-1.amazonaws.com\\\/static\\\/2025\\\/07\\\/30083337\\\/favicon-96x96-1.png\",\"contentUrl\":\"https:\\\/\\\/bxrepsol.s3.eu-west-1.amazonaws.com\\\/static\\\/2025\\\/07\\\/30083337\\\/favicon-96x96-1.png\",\"width\":96,\"height\":96,\"caption\":\"Box Repsol\"},\"image\":{\"@id\":\"https:\\\/\\\/www.boxrepsol.com\\\/es\\\/#\\\/schema\\\/logo\\\/image\\\/\"},\"sameAs\":[\"https:\\\/\\\/www.facebook.com\\\/BoxRepsol\",\"https:\\\/\\\/x.com\\\/box_repsol\",\"http:\\\/\\\/instagram.com\\\/box_repsol\",\"https:\\\/\\\/www.youtube.com\\\/user\\\/RepsolCompeticion\",\"https:\\\/\\\/www.flickr.com\\\/photos\\\/box_repsol\\\/\"]},{\"@type\":\"Person\",\"@id\":\"https:\\\/\\\/www.boxrepsol.com\\\/es\\\/#\\\/schema\\\/person\\\/c5c2138f2cca251b0ad92b7086bb60b7\",\"name\":\"Redacci\u00f3n Box Repsol\",\"image\":{\"@type\":\"ImageObject\",\"inLanguage\":\"es\",\"@id\":\"https:\\\/\\\/secure.gravatar.com\\\/avatar\\\/adf7b77e38b4419baf32c7e9c21dde01f4e40df611f0978e3006fc4ba0aaab7e?s=96&d=mm&r=g\",\"url\":\"https:\\\/\\\/secure.gravatar.com\\\/avatar\\\/adf7b77e38b4419baf32c7e9c21dde01f4e40df611f0978e3006fc4ba0aaab7e?s=96&d=mm&r=g\",\"contentUrl\":\"https:\\\/\\\/secure.gravatar.com\\\/avatar\\\/adf7b77e38b4419baf32c7e9c21dde01f4e40df611f0978e3006fc4ba0aaab7e?s=96&d=mm&r=g\",\"caption\":\"Redacci\u00f3n Box Repsol\"},\"description\":\"Box Repsol lo forma un equipo de periodistas, community managers, dise\u00f1adores y fot\u00f3grafos con m\u00e1s de 20 a\u00f1os de experiencia en el mundo del motorsport. Hemos vivido el primer mundial de un espa\u00f1ol en la categor\u00eda reina de motociclismo con \u00c1lex Crivill\u00e9, estuvimos en las victorias de Pedrosa y los t\u00edtulos de M\u00e1rquez, acompa\u00f1amos en \u00c1frica a Nani Roma y Marc Coma en sus conquistas del Dakar y hemos vibrado con los t\u00edtulos de Toni Bou en Trial. Adem\u00e1s, en nuestro equipo contamos con expertos en el mundo de las dos y cuatro ruedas tanto de la calle y las carreteras, como de los circuitos. Periodistas que han trabajado en revistas y publicaciones para hacerte llegar desde rutas y consejos de mantenimiento, a curiosidades y trucos de pilotaje.\",\"sameAs\":[\"https:\\\/\\\/www.facebook.com\\\/BoxRepsol\\\/\",\"https:\\\/\\\/www.instagram.com\\\/box_repsol\\\/\",\"https:\\\/\\\/x.com\\\/https:\\\/\\\/twitter.com\\\/box_repsol\",\"https:\\\/\\\/www.youtube.com\\\/@Boxrepsol\"],\"url\":\"https:\\\/\\\/www.boxrepsol.com\\\/es\\\/author\\\/redaccion-box-repsol\\\/\"}]}<\/script>\n<!-- \/ Yoast SEO plugin. -->","yoast_head_json":{"title":"Roger Van Der Borght, el hombre orquesta del Repsol Honda - Box Repsol","description":"Este belga, todo un veterano del paddock, se encarga de dar respuesta a las necesidades del equipo y de que todo el instrumental est\u00e9 donde tienen que estar","canonical":"https:\/\/www.boxrepsol.com\/es\/motogp\/roger-van-der-borght-el-hombre-orquesta-del-repsol-honda\/","og_locale":"es_ES","og_type":"article","og_title":"Roger Van Der Borght, el hombre orquesta del Repsol Honda - Box Repsol","og_description":"Este belga, todo un veterano del paddock, se encarga de dar respuesta a las necesidades del equipo y de que todo el instrumental est\u00e9 donde tienen que estar","og_url":"https:\/\/www.boxrepsol.com\/es\/motogp\/roger-van-der-borght-el-hombre-orquesta-del-repsol-honda\/","og_site_name":"Box Repsol","article_publisher":"https:\/\/www.facebook.com\/BoxRepsol","article_author":"https:\/\/www.facebook.com\/BoxRepsol\/","article_published_time":"2016-02-21T02:00:00+00:00","article_modified_time":"2024-05-07T07:59:48+00:00","og_image":[{"width":860,"height":572,"url":"https:\/\/www.boxrepsol.com\/wp-content\/uploads\/2022\/08\/23-van-der-borg.jpg","type":"image\/jpeg"}],"author":"Redacci\u00f3n Box Repsol","twitter_card":"summary_large_image","twitter_creator":"@https:\/\/twitter.com\/box_repsol","twitter_site":"@box_repsol","twitter_misc":{"Written by":"Redacci\u00f3n Box Repsol","Est. reading time":"3 minutos"},"schema":{"@context":"https:\/\/schema.org","@graph":[{"@type":"Article","@id":"https:\/\/www.boxrepsol.com\/es\/motogp\/roger-van-der-borght-el-hombre-orquesta-del-repsol-honda\/#article","isPartOf":{"@id":"https:\/\/www.boxrepsol.com\/es\/motogp\/roger-van-der-borght-el-hombre-orquesta-del-repsol-honda\/"},"author":{"name":"Redacci\u00f3n Box Repsol","@id":"https:\/\/www.boxrepsol.com\/es\/#\/schema\/person\/c5c2138f2cca251b0ad92b7086bb60b7"},"headline":"Roger Van Der Borght, el hombre orquesta del Repsol Honda","datePublished":"2016-02-21T02:00:00+00:00","dateModified":"2024-05-07T07:59:48+00:00","mainEntityOfPage":{"@id":"https:\/\/www.boxrepsol.com\/es\/motogp\/roger-van-der-borght-el-hombre-orquesta-del-repsol-honda\/"},"wordCount":670,"commentCount":0,"publisher":{"@id":"https:\/\/www.boxrepsol.com\/es\/#organization"},"image":{"@id":"https:\/\/www.boxrepsol.com\/es\/motogp\/roger-van-der-borght-el-hombre-orquesta-del-repsol-honda\/#primaryimage"},"thumbnailUrl":"https:\/\/www.boxrepsol.com\/wp-content\/uploads\/2022\/08\/23-van-der-borg.jpg","keywords":["Equipo Repsol Honda"],"articleSection":["MotoGP"],"inLanguage":"es","potentialAction":[{"@type":"CommentAction","name":"Comment","target":["https:\/\/www.boxrepsol.com\/es\/motogp\/roger-van-der-borght-el-hombre-orquesta-del-repsol-honda\/#respond"]}]},{"@type":"WebPage","@id":"https:\/\/www.boxrepsol.com\/es\/motogp\/roger-van-der-borght-el-hombre-orquesta-del-repsol-honda\/","url":"https:\/\/www.boxrepsol.com\/es\/motogp\/roger-van-der-borght-el-hombre-orquesta-del-repsol-honda\/","name":"Roger Van Der Borght, el hombre orquesta del Repsol Honda - Box Repsol","isPartOf":{"@id":"https:\/\/www.boxrepsol.com\/es\/#website"},"primaryImageOfPage":{"@id":"https:\/\/www.boxrepsol.com\/es\/motogp\/roger-van-der-borght-el-hombre-orquesta-del-repsol-honda\/#primaryimage"},"image":{"@id":"https:\/\/www.boxrepsol.com\/es\/motogp\/roger-van-der-borght-el-hombre-orquesta-del-repsol-honda\/#primaryimage"},"thumbnailUrl":"https:\/\/www.boxrepsol.com\/wp-content\/uploads\/2022\/08\/23-van-der-borg.jpg","datePublished":"2016-02-21T02:00:00+00:00","dateModified":"2024-05-07T07:59:48+00:00","description":"Este belga, todo un veterano del paddock, se encarga de dar respuesta a las necesidades del equipo y de que todo el instrumental est\u00e9 donde tienen que estar","breadcrumb":{"@id":"https:\/\/www.boxrepsol.com\/es\/motogp\/roger-van-der-borght-el-hombre-orquesta-del-repsol-honda\/#breadcrumb"},"inLanguage":"es","potentialAction":[{"@type":"ReadAction","target":["https:\/\/www.boxrepsol.com\/es\/motogp\/roger-van-der-borght-el-hombre-orquesta-del-repsol-honda\/"]}]},{"@type":"ImageObject","inLanguage":"es","@id":"https:\/\/www.boxrepsol.com\/es\/motogp\/roger-van-der-borght-el-hombre-orquesta-del-repsol-honda\/#primaryimage","url":"https:\/\/www.boxrepsol.com\/wp-content\/uploads\/2022\/08\/23-van-der-borg.jpg","contentUrl":"https:\/\/www.boxrepsol.com\/wp-content\/uploads\/2022\/08\/23-van-der-borg.jpg","width":860,"height":572,"caption":"Roger Van der Borght"},{"@type":"BreadcrumbList","@id":"https:\/\/www.boxrepsol.com\/es\/motogp\/roger-van-der-borght-el-hombre-orquesta-del-repsol-honda\/#breadcrumb","itemListElement":[{"@type":"ListItem","position":1,"name":"Home","item":"https:\/\/www.boxrepsol.com\/es\/"},{"@type":"ListItem","position":2,"name":"Roger Van Der Borght, el hombre orquesta del Repsol Honda"}]},{"@type":"WebSite","@id":"https:\/\/www.boxrepsol.com\/es\/#website","url":"https:\/\/www.boxrepsol.com\/es\/","name":"Box Repsol","description":"Box Repsol Site","publisher":{"@id":"https:\/\/www.boxrepsol.com\/es\/#organization"},"potentialAction":[{"@type":"SearchAction","target":{"@type":"EntryPoint","urlTemplate":"https:\/\/www.boxrepsol.com\/es\/?s={search_term_string}"},"query-input":{"@type":"PropertyValueSpecification","valueRequired":true,"valueName":"search_term_string"}}],"inLanguage":"es"},{"@type":"Organization","@id":"https:\/\/www.boxrepsol.com\/es\/#organization","name":"Box Repsol","url":"https:\/\/www.boxrepsol.com\/es\/","logo":{"@type":"ImageObject","inLanguage":"es","@id":"https:\/\/www.boxrepsol.com\/es\/#\/schema\/logo\/image\/","url":"https:\/\/bxrepsol.s3.eu-west-1.amazonaws.com\/static\/2025\/07\/30083337\/favicon-96x96-1.png","contentUrl":"https:\/\/bxrepsol.s3.eu-west-1.amazonaws.com\/static\/2025\/07\/30083337\/favicon-96x96-1.png","width":96,"height":96,"caption":"Box Repsol"},"image":{"@id":"https:\/\/www.boxrepsol.com\/es\/#\/schema\/logo\/image\/"},"sameAs":["https:\/\/www.facebook.com\/BoxRepsol","https:\/\/x.com\/box_repsol","http:\/\/instagram.com\/box_repsol","https:\/\/www.youtube.com\/user\/RepsolCompeticion","https:\/\/www.flickr.com\/photos\/box_repsol\/"]},{"@type":"Person","@id":"https:\/\/www.boxrepsol.com\/es\/#\/schema\/person\/c5c2138f2cca251b0ad92b7086bb60b7","name":"Redacci\u00f3n Box Repsol","image":{"@type":"ImageObject","inLanguage":"es","@id":"https:\/\/secure.gravatar.com\/avatar\/adf7b77e38b4419baf32c7e9c21dde01f4e40df611f0978e3006fc4ba0aaab7e?s=96&d=mm&r=g","url":"https:\/\/secure.gravatar.com\/avatar\/adf7b77e38b4419baf32c7e9c21dde01f4e40df611f0978e3006fc4ba0aaab7e?s=96&d=mm&r=g","contentUrl":"https:\/\/secure.gravatar.com\/avatar\/adf7b77e38b4419baf32c7e9c21dde01f4e40df611f0978e3006fc4ba0aaab7e?s=96&d=mm&r=g","caption":"Redacci\u00f3n Box Repsol"},"description":"Box Repsol lo forma un equipo de periodistas, community managers, dise\u00f1adores y fot\u00f3grafos con m\u00e1s de 20 a\u00f1os de experiencia en el mundo del motorsport. Hemos vivido el primer mundial de un espa\u00f1ol en la categor\u00eda reina de motociclismo con \u00c1lex Crivill\u00e9, estuvimos en las victorias de Pedrosa y los t\u00edtulos de M\u00e1rquez, acompa\u00f1amos en \u00c1frica a Nani Roma y Marc Coma en sus conquistas del Dakar y hemos vibrado con los t\u00edtulos de Toni Bou en Trial. Adem\u00e1s, en nuestro equipo contamos con expertos en el mundo de las dos y cuatro ruedas tanto de la calle y las carreteras, como de los circuitos. Periodistas que han trabajado en revistas y publicaciones para hacerte llegar desde rutas y consejos de mantenimiento, a curiosidades y trucos de pilotaje.","sameAs":["https:\/\/www.facebook.com\/BoxRepsol\/","https:\/\/www.instagram.com\/box_repsol\/","https:\/\/x.com\/https:\/\/twitter.com\/box_repsol","https:\/\/www.youtube.com\/@Boxrepsol"],"url":"https:\/\/www.boxrepsol.com\/es\/author\/redaccion-box-repsol\/"}]}},"_links":{"self":[{"href":"https:\/\/www.boxrepsol.com\/es\/wp-json\/wp\/v2\/posts\/90001","targetHints":{"allow":["GET"]}}],"collection":[{"href":"https:\/\/www.boxrepsol.com\/es\/wp-json\/wp\/v2\/posts"}],"about":[{"href":"https:\/\/www.boxrepsol.com\/es\/wp-json\/wp\/v2\/types\/post"}],"author":[{"embeddable":true,"href":"https:\/\/www.boxrepsol.com\/es\/wp-json\/wp\/v2\/users\/43146"}],"replies":[{"embeddable":true,"href":"https:\/\/www.boxrepsol.com\/es\/wp-json\/wp\/v2\/comments?post=90001"}],"version-history":[{"count":1,"href":"https:\/\/www.boxrepsol.com\/es\/wp-json\/wp\/v2\/posts\/90001\/revisions"}],"predecessor-version":[{"id":90002,"href":"https:\/\/www.boxrepsol.com\/es\/wp-json\/wp\/v2\/posts\/90001\/revisions\/90002"}],"wp:featuredmedia":[{"embeddable":true,"href":"https:\/\/www.boxrepsol.com\/es\/wp-json\/wp\/v2\/media\/86032"}],"wp:attachment":[{"href":"https:\/\/www.boxrepsol.com\/es\/wp-json\/wp\/v2\/media?parent=90001"}],"wp:term":[{"taxonomy":"category","embeddable":true,"href":"https:\/\/www.boxrepsol.com\/es\/wp-json\/wp\/v2\/categories?post=90001"},{"taxonomy":"post_tag","embeddable":true,"href":"https:\/\/www.boxrepsol.com\/es\/wp-json\/wp\/v2\/tags?post=90001"}],"curies":[{"name":"wp","href":"https:\/\/api.w.org\/{rel}","templated":true}]}}