{"id":89991,"date":"2017-06-08T00:00:00","date_gmt":"2017-06-08T02:00:00","guid":{"rendered":"http:\/\/pre.boxrepsol.com\/sin-categorizar\/las-5-curvas-preferidas-dani-pedrosa\/"},"modified":"2024-05-15T07:33:44","modified_gmt":"2024-05-15T09:33:44","slug":"las-5-curvas-preferidas-dani-pedrosa","status":"publish","type":"post","link":"https:\/\/www.boxrepsol.com\/es\/motogp\/las-5-curvas-preferidas-dani-pedrosa\/","title":{"rendered":"Las 5 curvas preferidas de Dani Pedrosa"},"content":{"rendered":"<blockquote><p>\n\t<a href=\"http:\/\/twitter.com\/share?text=%C2%BFCu%C3%A1les+son+las+5+curvas+preferidas+de+%4026_DaniPedrosa+en+%23MotoGP%3F+&#038;url=https%3A%2F%2Fwww.boxrepsol.com%2Fes%2Fmotogp%2Flas-5-curvas-preferidas-dani-pedrosa%2F\" target=\"_blank\" rel=\"noopener\"><\/p>\n<p>\u00bfCu\u00e1les son las 5 curvas preferidas de @26_DaniPedrosa en #MotoGP? <\/p>\n<p>\t<\/a>\n<\/p><\/blockquote>\n<h3><strong>\u201cEn Montmel\u00f3, donde la Mas\u00eda la Moreneta\u201d<br \/>\n<\/strong><\/h3>\n<p>Esta es la primera elecci\u00f3n del piloto de Castellar del Vall\u00e9s, perteneciente al Circuit Barcelona Catalunya, y que m\u00e1s que una curva concreta hace referencia a todo un tramo del circuito catal\u00e1n. Arranca en la curva 5, en bajada, en una curva a izquierdas que se abre y que se toma en primera marcha. Se sale acelerando a fondo, hasta llegar a unos 250 km\/h, pasando por la curva 6 y llegando a la frenada de la chicane de las curvas 7 y 8, ya en subida, junto a la Mas\u00eda. \u00a1Un tramo espectacular!<\/p>\n<p><a href=\"https:\/\/bxrepsol.s3.eu-west-1.amazonaws.com\/static\/2022\/08\/29071313\/02-dani-pedrosa-motogp-baby-samurai-26-repsol-honda-1.jpg\" \n   title=\"Dani Pedrosa tumbando en curva\" \n   data-gallery-thumbnail=\"https:\/\/bxrepsol.s3.eu-west-1.amazonaws.com\/static\/2022\/08\/29071313\/02-dani-pedrosa-motogp-baby-samurai-26-repsol-honda-1.jpg\"\n   data-gallery-title=\"\"\n   data-gallery><\/p>\n<figure>\n        <picture style=\"padding-bottom: 66.640625%; background-image: url(https:\/\/bxrepsol.s3.eu-west-1.amazonaws.com\/static\/2022\/08\/29071313\/02-dani-pedrosa-motogp-baby-samurai-26-repsol-honda-1.jpg);\">\n            <img decoding=\"async\" src=\"https:\/\/bxrepsol.s3.eu-west-1.amazonaws.com\/static\/2022\/08\/29071313\/02-dani-pedrosa-motogp-baby-samurai-26-repsol-honda-1.jpg\"><br \/>\n            <img itemprop=\"image\"\n                data-srcset=\"https:\/\/bxrepsol.s3.eu-west-1.amazonaws.com\/static\/2022\/08\/29071313\/02-dani-pedrosa-motogp-baby-samurai-26-repsol-honda-1.jpg 480w, https:\/\/bxrepsol.s3.eu-west-1.amazonaws.com\/static\/2022\/08\/29071313\/02-dani-pedrosa-motogp-baby-samurai-26-repsol-honda-1.jpg 600w, https:\/\/bxrepsol.s3.eu-west-1.amazonaws.com\/static\/2022\/08\/29071313\/02-dani-pedrosa-motogp-baby-samurai-26-repsol-honda-1.jpg 900w, https:\/\/bxrepsol.s3.eu-west-1.amazonaws.com\/static\/2022\/08\/29071313\/02-dani-pedrosa-motogp-baby-samurai-26-repsol-honda-1.jpg 1280w\"\n                data-src=\"https:\/\/bxrepsol.s3.eu-west-1.amazonaws.com\/static\/2022\/08\/29071313\/02-dani-pedrosa-motogp-baby-samurai-26-repsol-honda-1.jpg\"\n                alt=\"Dani Pedrosa tumbando en curva\"\n                title=\"Dani Pedrosa tomando curva en Montmel\u00f3\"\/><br \/>\n            <noscript><img decoding=\"async\" src=\"https:\/\/bxrepsol.s3.eu-west-1.amazonaws.com\/static\/2022\/08\/29071313\/02-dani-pedrosa-motogp-baby-samurai-26-repsol-honda-1.jpg\" alt=\"Dani Pedrosa tumbando en curva\"><\/noscript>\n        <\/picture><figcaption>Dani Pedrosa tumbando en curva<\/figcaption><\/figure>\n<p><\/a><\/p>\n<p><strong>\u201cLa curva Sito Pons, en Jerez\u201d<\/strong><\/p>\n<p>Es la quinta curva del circuito, a derechas, que se hace con la moto muy inclinada. Primero tiene un poco de subida, pero enseguida el trazado se inclina y baja hacia la que es la recta m\u00e1s larga del circuito. De hecho, tal como se\u00f1ala el propio Dani, conviene \u201caprovechar bien la pista y salir bien, porque si no es f\u00e1cil que te adelanten en los siguientes 300 metros, por rebufo, o en la siguiente frenada\u201d.<\/p>\n<p><a href=\"https:\/\/bxrepsol.s3.eu-west-1.amazonaws.com\/static\/2022\/08\/29071314\/03-dani-pedrosa-marc-marquez-repsol-honda-1.jpg\" \n   title=\"Dani Pedrosa rodando en Jerez delante de Marc M\u00e1rquez\" \n   data-gallery-thumbnail=\"https:\/\/bxrepsol.s3.eu-west-1.amazonaws.com\/static\/2022\/08\/29071314\/03-dani-pedrosa-marc-marquez-repsol-honda-1.jpg\"\n   data-gallery-title=\"\"\n   data-gallery><\/p>\n<figure>\n        <picture style=\"padding-bottom: 66.640625%; background-image: url(https:\/\/bxrepsol.s3.eu-west-1.amazonaws.com\/static\/2022\/08\/29071314\/03-dani-pedrosa-marc-marquez-repsol-honda-1.jpg);\">\n            <img decoding=\"async\" src=\"https:\/\/bxrepsol.s3.eu-west-1.amazonaws.com\/static\/2022\/08\/29071314\/03-dani-pedrosa-marc-marquez-repsol-honda-1.jpg\"><br \/>\n            <img itemprop=\"image\"\n                data-srcset=\"https:\/\/bxrepsol.s3.eu-west-1.amazonaws.com\/static\/2022\/08\/29071314\/03-dani-pedrosa-marc-marquez-repsol-honda-1.jpg 480w, https:\/\/bxrepsol.s3.eu-west-1.amazonaws.com\/static\/2022\/08\/29071314\/03-dani-pedrosa-marc-marquez-repsol-honda-1.jpg 600w, https:\/\/bxrepsol.s3.eu-west-1.amazonaws.com\/static\/2022\/08\/29071314\/03-dani-pedrosa-marc-marquez-repsol-honda-1.jpg 900w, https:\/\/bxrepsol.s3.eu-west-1.amazonaws.com\/static\/2022\/08\/29071314\/03-dani-pedrosa-marc-marquez-repsol-honda-1.jpg 1280w\"\n                data-src=\"https:\/\/bxrepsol.s3.eu-west-1.amazonaws.com\/static\/2022\/08\/29071314\/03-dani-pedrosa-marc-marquez-repsol-honda-1.jpg\"\n                alt=\"Dani Pedrosa rodando en Jerez delante de Marc M\u00e1rquez\"\n                title=\"Dani Pedrosa rodando en Jerez delante de Marc M\u00e1rquez\"\/><br \/>\n            <noscript><img decoding=\"async\" src=\"https:\/\/bxrepsol.s3.eu-west-1.amazonaws.com\/static\/2022\/08\/29071314\/03-dani-pedrosa-marc-marquez-repsol-honda-1.jpg\" alt=\"Dani Pedrosa rodando en Jerez delante de Marc M\u00e1rquez\"><\/noscript>\n        <\/picture><figcaption>Dani Pedrosa rodando en Jerez delante de Marc M\u00e1rquez<\/figcaption><\/figure>\n<p><\/a><\/p>\n<p><strong>\u201cLa curva del primer puente en Motegi\u201d<\/strong><\/p>\n<p>Viajamos ahora a la casa de Honda. All\u00ed, encontramos este tramo que se extiende hasta la llegada a la curva r\u00e1pida; toda esa parte es a la que Dani hace referencia. La curva, en s\u00ed, es un giro de derecha de m\u00e1s de 90\u00ba que se toma a unos 80 km\/h tras una frenada muy fuerte. Seguidamente, se entra en el t\u00fanel acelerando y metiendo marchas hasta 4\u00aa, ya para llegar a la curva 6 del circuito.<\/p>\n<p><a href=\"https:\/\/bxrepsol.s3.eu-west-1.amazonaws.com\/static\/2022\/08\/29071315\/04-dani-pedrosa-motegi-repsol-honda-1.jpg\" \n   title=\"Dani Pedrosa recorriendo el puente de Motegi\" \n   data-gallery-thumbnail=\"https:\/\/bxrepsol.s3.eu-west-1.amazonaws.com\/static\/2022\/08\/29071315\/04-dani-pedrosa-motegi-repsol-honda-1.jpg\"\n   data-gallery-title=\"\"\n   data-gallery><\/p>\n<figure>\n        <picture style=\"padding-bottom: 66.640625%; background-image: url(https:\/\/bxrepsol.s3.eu-west-1.amazonaws.com\/static\/2022\/08\/29071315\/04-dani-pedrosa-motegi-repsol-honda-1.jpg);\">\n            <img decoding=\"async\" src=\"https:\/\/bxrepsol.s3.eu-west-1.amazonaws.com\/static\/2022\/08\/29071315\/04-dani-pedrosa-motegi-repsol-honda-1.jpg\"><br \/>\n            <img itemprop=\"image\"\n                data-srcset=\"https:\/\/bxrepsol.s3.eu-west-1.amazonaws.com\/static\/2022\/08\/29071315\/04-dani-pedrosa-motegi-repsol-honda-1.jpg 480w, https:\/\/bxrepsol.s3.eu-west-1.amazonaws.com\/static\/2022\/08\/29071315\/04-dani-pedrosa-motegi-repsol-honda-1.jpg 600w, https:\/\/bxrepsol.s3.eu-west-1.amazonaws.com\/static\/2022\/08\/29071315\/04-dani-pedrosa-motegi-repsol-honda-1.jpg 900w, https:\/\/bxrepsol.s3.eu-west-1.amazonaws.com\/static\/2022\/08\/29071315\/04-dani-pedrosa-motegi-repsol-honda-1.jpg 1280w\"\n                data-src=\"https:\/\/bxrepsol.s3.eu-west-1.amazonaws.com\/static\/2022\/08\/29071315\/04-dani-pedrosa-motegi-repsol-honda-1.jpg\"\n                alt=\"Dani Pedrosa recorriendo el puente de Motegi\"\n                title=\"Dani Pedrosa recorriendo el puente de Motegi\"\/><br \/>\n            <noscript><img decoding=\"async\" src=\"https:\/\/bxrepsol.s3.eu-west-1.amazonaws.com\/static\/2022\/08\/29071315\/04-dani-pedrosa-motegi-repsol-honda-1.jpg\" alt=\"Dani Pedrosa recorriendo el puente de Motegi\"><\/noscript>\n        <\/picture><figcaption>Dani Pedrosa recorriendo el puente de Motegi<\/figcaption><\/figure>\n<p><\/a><\/p>\n<p><strong>\u201cEl curv\u00f3n antes de meta, en Valencia\u201d<br \/>\n<\/strong><\/p>\n<p>Esta es otra de las zonas que m\u00e1s le gusta a Dani de todo el Mundial. Es, adem\u00e1s, un lugar clave, donde se han decidido carreras e incluso t\u00edtulos mundiales. Una mala gesti\u00f3n de este giro y del siguiente puede dar al traste con todas tus opciones en l\u00ednea de meta. Se trata de una curva larga a izquierdas donde la moto quiere constantemente tirarte hacia el exterior y donde se llega a derrapar mucho. Enlaza directamente con la curva 14, la de entrada a la recta de meta, y una de sus peculiaridades es que ofrece posibilidades muy variadas para trazarla.<\/p>\n<p><a href=\"https:\/\/bxrepsol.s3.eu-west-1.amazonaws.com\/static\/2022\/08\/29071317\/05-dani-pedrosa-valencia-motogp-repsol-honda-1.jpg\" \n   title=\"Dani Pedrosa en Valencia en 2015\" \n   data-gallery-thumbnail=\"https:\/\/bxrepsol.s3.eu-west-1.amazonaws.com\/static\/2022\/08\/29071317\/05-dani-pedrosa-valencia-motogp-repsol-honda-1.jpg\"\n   data-gallery-title=\"\"\n   data-gallery><\/p>\n<figure>\n        <picture style=\"padding-bottom: 66.640625%; background-image: url(https:\/\/bxrepsol.s3.eu-west-1.amazonaws.com\/static\/2022\/08\/29071317\/05-dani-pedrosa-valencia-motogp-repsol-honda-1.jpg);\">\n            <img decoding=\"async\" src=\"https:\/\/bxrepsol.s3.eu-west-1.amazonaws.com\/static\/2022\/08\/29071317\/05-dani-pedrosa-valencia-motogp-repsol-honda-1.jpg\"><br \/>\n            <img itemprop=\"image\"\n                data-srcset=\"https:\/\/bxrepsol.s3.eu-west-1.amazonaws.com\/static\/2022\/08\/29071317\/05-dani-pedrosa-valencia-motogp-repsol-honda-1.jpg 480w, https:\/\/bxrepsol.s3.eu-west-1.amazonaws.com\/static\/2022\/08\/29071317\/05-dani-pedrosa-valencia-motogp-repsol-honda-1.jpg 600w, https:\/\/bxrepsol.s3.eu-west-1.amazonaws.com\/static\/2022\/08\/29071317\/05-dani-pedrosa-valencia-motogp-repsol-honda-1.jpg 900w, https:\/\/bxrepsol.s3.eu-west-1.amazonaws.com\/static\/2022\/08\/29071317\/05-dani-pedrosa-valencia-motogp-repsol-honda-1.jpg 1280w\"\n                data-src=\"https:\/\/bxrepsol.s3.eu-west-1.amazonaws.com\/static\/2022\/08\/29071317\/05-dani-pedrosa-valencia-motogp-repsol-honda-1.jpg\"\n                alt=\"Dani Pedrosa en Valencia en 2015\"\n                title=\"Dani Pedrosa en Valencia en 2015\"\/><br \/>\n            <noscript><img decoding=\"async\" src=\"https:\/\/bxrepsol.s3.eu-west-1.amazonaws.com\/static\/2022\/08\/29071317\/05-dani-pedrosa-valencia-motogp-repsol-honda-1.jpg\" alt=\"Dani Pedrosa en Valencia en 2015\"><\/noscript>\n        <\/picture><figcaption>Dani Pedrosa en Valencia en 2015<\/figcaption><\/figure>\n<p><\/a><\/p>\n<p><strong>\u201cLa curva 3 de Sepang\u201d<br \/>\n<\/strong><\/p>\n<p>El quinto espacio elegido por Dani es el tercer giro del circuito de Sepang, una larga curva a derechas tras salir de la curva 2, especialmente lenta. Aqu\u00ed, el piloto acelera en 4\u00aa y mantiene unos 170 km\/h durante unos segundos, para pasar luego a acelerar a fondo y llegar a 260 km\/h antes de la siguiente curva.<\/p>\n<p><a href=\"https:\/\/bxrepsol.s3.eu-west-1.amazonaws.com\/static\/2022\/08\/29071318\/06-dani-pedrosa-repsol-honda-1.jpg\" \n   title=\"Dani Pedrosa en la curva 3 de Sepang\" \n   data-gallery-thumbnail=\"https:\/\/bxrepsol.s3.eu-west-1.amazonaws.com\/static\/2022\/08\/29071318\/06-dani-pedrosa-repsol-honda-1.jpg\"\n   data-gallery-title=\"\"\n   data-gallery><\/p>\n<figure>\n        <picture style=\"padding-bottom: 66.640625%; background-image: url(https:\/\/bxrepsol.s3.eu-west-1.amazonaws.com\/static\/2022\/08\/29071318\/06-dani-pedrosa-repsol-honda-1.jpg);\">\n            <img decoding=\"async\" src=\"https:\/\/bxrepsol.s3.eu-west-1.amazonaws.com\/static\/2022\/08\/29071318\/06-dani-pedrosa-repsol-honda-1.jpg\"><br \/>\n            <img itemprop=\"image\"\n                data-srcset=\"https:\/\/bxrepsol.s3.eu-west-1.amazonaws.com\/static\/2022\/08\/29071318\/06-dani-pedrosa-repsol-honda-1.jpg 480w, https:\/\/bxrepsol.s3.eu-west-1.amazonaws.com\/static\/2022\/08\/29071318\/06-dani-pedrosa-repsol-honda-1.jpg 600w, https:\/\/bxrepsol.s3.eu-west-1.amazonaws.com\/static\/2022\/08\/29071318\/06-dani-pedrosa-repsol-honda-1.jpg 900w, https:\/\/bxrepsol.s3.eu-west-1.amazonaws.com\/static\/2022\/08\/29071318\/06-dani-pedrosa-repsol-honda-1.jpg 1280w\"\n                data-src=\"https:\/\/bxrepsol.s3.eu-west-1.amazonaws.com\/static\/2022\/08\/29071318\/06-dani-pedrosa-repsol-honda-1.jpg\"\n                alt=\"Dani Pedrosa en la curva 3 de Sepang\"\n                title=\"Dani Pedrosa en la curva 3 de Sepang\"\/><br \/>\n            <noscript><img decoding=\"async\" src=\"https:\/\/bxrepsol.s3.eu-west-1.amazonaws.com\/static\/2022\/08\/29071318\/06-dani-pedrosa-repsol-honda-1.jpg\" alt=\"Dani Pedrosa en la curva 3 de Sepang\"><\/noscript>\n        <\/picture><figcaption>Dani Pedrosa en la curva 3 de Sepang<\/figcaption><\/figure>\n<p><\/a><\/p>\n","protected":false},"excerpt":{"rendered":"<p>El 26 nos desvela cu\u00e1les son, en su opini\u00f3n, las 5 curvas m\u00e1s divertidas de pilotar del Campeonato del Mundo de MotoGP.<\/p>\n","protected":false},"author":43146,"featured_media":85992,"comment_status":"open","ping_status":"open","sticky":false,"template":"","format":"standard","meta":{"footnotes":""},"categories":[4],"tags":[5],"class_list":["post-89991","post","type-post","status-publish","format-standard","hentry","category-motogp","tag-dani-pedrosa"],"yoast_head":"<!-- This site is optimized with the Yoast SEO plugin v27.3 - https:\/\/yoast.com\/product\/yoast-seo-wordpress\/ -->\n<title>Las 5 curvas preferidas de Dani Pedrosa - Box Repsol<\/title>\n<meta name=\"description\" content=\"El 26 nos desvela cu\u00e1les son, en su opini\u00f3n, las 5 curvas m\u00e1s divertidas de pilotar del Campeonato del Mundo de MotoGP.\" \/>\n<link rel=\"canonical\" href=\"https:\/\/www.boxrepsol.com\/es\/motogp\/las-5-curvas-preferidas-dani-pedrosa\/\" \/>\n<meta property=\"og:locale\" content=\"es_ES\" \/>\n<meta property=\"og:type\" content=\"article\" \/>\n<meta property=\"og:title\" content=\"Las 5 curvas preferidas de Dani Pedrosa - Box Repsol\" \/>\n<meta property=\"og:description\" content=\"El 26 nos desvela cu\u00e1les son, en su opini\u00f3n, las 5 curvas m\u00e1s divertidas de pilotar del Campeonato del Mundo de MotoGP.\" \/>\n<meta property=\"og:url\" content=\"https:\/\/www.boxrepsol.com\/es\/motogp\/las-5-curvas-preferidas-dani-pedrosa\/\" \/>\n<meta property=\"og:site_name\" content=\"Box Repsol\" \/>\n<meta property=\"article:publisher\" content=\"https:\/\/www.facebook.com\/BoxRepsol\" \/>\n<meta property=\"article:author\" content=\"https:\/\/www.facebook.com\/BoxRepsol\/\" \/>\n<meta property=\"article:published_time\" content=\"2017-06-08T02:00:00+00:00\" \/>\n<meta property=\"article:modified_time\" content=\"2024-05-15T09:33:44+00:00\" \/>\n<meta property=\"og:image\" content=\"https:\/\/www.boxrepsol.com\/wp-content\/uploads\/2022\/08\/00_dani_pedrosa_motogp_valencia_curva_repsol_honda.jpg\" \/>\n\t<meta property=\"og:image:width\" content=\"1280\" \/>\n\t<meta property=\"og:image:height\" content=\"600\" \/>\n\t<meta property=\"og:image:type\" content=\"image\/jpeg\" \/>\n<meta name=\"author\" content=\"Redacci\u00f3n Box Repsol\" \/>\n<meta name=\"twitter:card\" content=\"summary_large_image\" \/>\n<meta name=\"twitter:creator\" content=\"@https:\/\/twitter.com\/box_repsol\" \/>\n<meta name=\"twitter:site\" content=\"@box_repsol\" \/>\n<meta name=\"twitter:label1\" content=\"Written by\" \/>\n\t<meta name=\"twitter:data1\" content=\"Redacci\u00f3n Box Repsol\" \/>\n\t<meta name=\"twitter:label2\" content=\"Est. reading time\" \/>\n\t<meta name=\"twitter:data2\" content=\"2 minutos\" \/>\n<script type=\"application\/ld+json\" class=\"yoast-schema-graph\">{\"@context\":\"https:\\\/\\\/schema.org\",\"@graph\":[{\"@type\":\"Article\",\"@id\":\"https:\\\/\\\/www.boxrepsol.com\\\/es\\\/motogp\\\/las-5-curvas-preferidas-dani-pedrosa\\\/#article\",\"isPartOf\":{\"@id\":\"https:\\\/\\\/www.boxrepsol.com\\\/es\\\/motogp\\\/las-5-curvas-preferidas-dani-pedrosa\\\/\"},\"author\":{\"name\":\"Redacci\u00f3n Box Repsol\",\"@id\":\"https:\\\/\\\/www.boxrepsol.com\\\/es\\\/#\\\/schema\\\/person\\\/c5c2138f2cca251b0ad92b7086bb60b7\"},\"headline\":\"Las 5 curvas preferidas de Dani Pedrosa\",\"datePublished\":\"2017-06-08T02:00:00+00:00\",\"dateModified\":\"2024-05-15T09:33:44+00:00\",\"mainEntityOfPage\":{\"@id\":\"https:\\\/\\\/www.boxrepsol.com\\\/es\\\/motogp\\\/las-5-curvas-preferidas-dani-pedrosa\\\/\"},\"wordCount\":495,\"commentCount\":0,\"publisher\":{\"@id\":\"https:\\\/\\\/www.boxrepsol.com\\\/es\\\/#organization\"},\"image\":{\"@id\":\"https:\\\/\\\/www.boxrepsol.com\\\/es\\\/motogp\\\/las-5-curvas-preferidas-dani-pedrosa\\\/#primaryimage\"},\"thumbnailUrl\":\"https:\\\/\\\/www.boxrepsol.com\\\/wp-content\\\/uploads\\\/2022\\\/08\\\/00_dani_pedrosa_motogp_valencia_curva_repsol_honda.jpg\",\"keywords\":[\"Dani Pedrosa\"],\"articleSection\":[\"MotoGP\"],\"inLanguage\":\"es\",\"potentialAction\":[{\"@type\":\"CommentAction\",\"name\":\"Comment\",\"target\":[\"https:\\\/\\\/www.boxrepsol.com\\\/es\\\/motogp\\\/las-5-curvas-preferidas-dani-pedrosa\\\/#respond\"]}]},{\"@type\":\"WebPage\",\"@id\":\"https:\\\/\\\/www.boxrepsol.com\\\/es\\\/motogp\\\/las-5-curvas-preferidas-dani-pedrosa\\\/\",\"url\":\"https:\\\/\\\/www.boxrepsol.com\\\/es\\\/motogp\\\/las-5-curvas-preferidas-dani-pedrosa\\\/\",\"name\":\"Las 5 curvas preferidas de Dani Pedrosa - Box Repsol\",\"isPartOf\":{\"@id\":\"https:\\\/\\\/www.boxrepsol.com\\\/es\\\/#website\"},\"primaryImageOfPage\":{\"@id\":\"https:\\\/\\\/www.boxrepsol.com\\\/es\\\/motogp\\\/las-5-curvas-preferidas-dani-pedrosa\\\/#primaryimage\"},\"image\":{\"@id\":\"https:\\\/\\\/www.boxrepsol.com\\\/es\\\/motogp\\\/las-5-curvas-preferidas-dani-pedrosa\\\/#primaryimage\"},\"thumbnailUrl\":\"https:\\\/\\\/www.boxrepsol.com\\\/wp-content\\\/uploads\\\/2022\\\/08\\\/00_dani_pedrosa_motogp_valencia_curva_repsol_honda.jpg\",\"datePublished\":\"2017-06-08T02:00:00+00:00\",\"dateModified\":\"2024-05-15T09:33:44+00:00\",\"description\":\"El 26 nos desvela cu\u00e1les son, en su opini\u00f3n, las 5 curvas m\u00e1s divertidas de pilotar del Campeonato del Mundo de MotoGP.\",\"breadcrumb\":{\"@id\":\"https:\\\/\\\/www.boxrepsol.com\\\/es\\\/motogp\\\/las-5-curvas-preferidas-dani-pedrosa\\\/#breadcrumb\"},\"inLanguage\":\"es\",\"potentialAction\":[{\"@type\":\"ReadAction\",\"target\":[\"https:\\\/\\\/www.boxrepsol.com\\\/es\\\/motogp\\\/las-5-curvas-preferidas-dani-pedrosa\\\/\"]}]},{\"@type\":\"ImageObject\",\"inLanguage\":\"es\",\"@id\":\"https:\\\/\\\/www.boxrepsol.com\\\/es\\\/motogp\\\/las-5-curvas-preferidas-dani-pedrosa\\\/#primaryimage\",\"url\":\"https:\\\/\\\/www.boxrepsol.com\\\/wp-content\\\/uploads\\\/2022\\\/08\\\/00_dani_pedrosa_motogp_valencia_curva_repsol_honda.jpg\",\"contentUrl\":\"https:\\\/\\\/www.boxrepsol.com\\\/wp-content\\\/uploads\\\/2022\\\/08\\\/00_dani_pedrosa_motogp_valencia_curva_repsol_honda.jpg\",\"width\":1280,\"height\":600,\"caption\":\"Dani Pedrosa tomando una curva muy cerrada\"},{\"@type\":\"BreadcrumbList\",\"@id\":\"https:\\\/\\\/www.boxrepsol.com\\\/es\\\/motogp\\\/las-5-curvas-preferidas-dani-pedrosa\\\/#breadcrumb\",\"itemListElement\":[{\"@type\":\"ListItem\",\"position\":1,\"name\":\"Home\",\"item\":\"https:\\\/\\\/www.boxrepsol.com\\\/es\\\/\"},{\"@type\":\"ListItem\",\"position\":2,\"name\":\"Las 5 curvas preferidas de Dani Pedrosa\"}]},{\"@type\":\"WebSite\",\"@id\":\"https:\\\/\\\/www.boxrepsol.com\\\/es\\\/#website\",\"url\":\"https:\\\/\\\/www.boxrepsol.com\\\/es\\\/\",\"name\":\"Box Repsol\",\"description\":\"Box Repsol Site\",\"publisher\":{\"@id\":\"https:\\\/\\\/www.boxrepsol.com\\\/es\\\/#organization\"},\"potentialAction\":[{\"@type\":\"SearchAction\",\"target\":{\"@type\":\"EntryPoint\",\"urlTemplate\":\"https:\\\/\\\/www.boxrepsol.com\\\/es\\\/?s={search_term_string}\"},\"query-input\":{\"@type\":\"PropertyValueSpecification\",\"valueRequired\":true,\"valueName\":\"search_term_string\"}}],\"inLanguage\":\"es\"},{\"@type\":\"Organization\",\"@id\":\"https:\\\/\\\/www.boxrepsol.com\\\/es\\\/#organization\",\"name\":\"Box Repsol\",\"url\":\"https:\\\/\\\/www.boxrepsol.com\\\/es\\\/\",\"logo\":{\"@type\":\"ImageObject\",\"inLanguage\":\"es\",\"@id\":\"https:\\\/\\\/www.boxrepsol.com\\\/es\\\/#\\\/schema\\\/logo\\\/image\\\/\",\"url\":\"https:\\\/\\\/bxrepsol.s3.eu-west-1.amazonaws.com\\\/static\\\/2025\\\/07\\\/30083337\\\/favicon-96x96-1.png\",\"contentUrl\":\"https:\\\/\\\/bxrepsol.s3.eu-west-1.amazonaws.com\\\/static\\\/2025\\\/07\\\/30083337\\\/favicon-96x96-1.png\",\"width\":96,\"height\":96,\"caption\":\"Box Repsol\"},\"image\":{\"@id\":\"https:\\\/\\\/www.boxrepsol.com\\\/es\\\/#\\\/schema\\\/logo\\\/image\\\/\"},\"sameAs\":[\"https:\\\/\\\/www.facebook.com\\\/BoxRepsol\",\"https:\\\/\\\/x.com\\\/box_repsol\",\"http:\\\/\\\/instagram.com\\\/box_repsol\",\"https:\\\/\\\/www.youtube.com\\\/user\\\/RepsolCompeticion\",\"https:\\\/\\\/www.flickr.com\\\/photos\\\/box_repsol\\\/\"]},{\"@type\":\"Person\",\"@id\":\"https:\\\/\\\/www.boxrepsol.com\\\/es\\\/#\\\/schema\\\/person\\\/c5c2138f2cca251b0ad92b7086bb60b7\",\"name\":\"Redacci\u00f3n Box Repsol\",\"image\":{\"@type\":\"ImageObject\",\"inLanguage\":\"es\",\"@id\":\"https:\\\/\\\/secure.gravatar.com\\\/avatar\\\/adf7b77e38b4419baf32c7e9c21dde01f4e40df611f0978e3006fc4ba0aaab7e?s=96&d=mm&r=g\",\"url\":\"https:\\\/\\\/secure.gravatar.com\\\/avatar\\\/adf7b77e38b4419baf32c7e9c21dde01f4e40df611f0978e3006fc4ba0aaab7e?s=96&d=mm&r=g\",\"contentUrl\":\"https:\\\/\\\/secure.gravatar.com\\\/avatar\\\/adf7b77e38b4419baf32c7e9c21dde01f4e40df611f0978e3006fc4ba0aaab7e?s=96&d=mm&r=g\",\"caption\":\"Redacci\u00f3n Box Repsol\"},\"description\":\"Box Repsol lo forma un equipo de periodistas, community managers, dise\u00f1adores y fot\u00f3grafos con m\u00e1s de 20 a\u00f1os de experiencia en el mundo del motorsport. Hemos vivido el primer mundial de un espa\u00f1ol en la categor\u00eda reina de motociclismo con \u00c1lex Crivill\u00e9, estuvimos en las victorias de Pedrosa y los t\u00edtulos de M\u00e1rquez, acompa\u00f1amos en \u00c1frica a Nani Roma y Marc Coma en sus conquistas del Dakar y hemos vibrado con los t\u00edtulos de Toni Bou en Trial. Adem\u00e1s, en nuestro equipo contamos con expertos en el mundo de las dos y cuatro ruedas tanto de la calle y las carreteras, como de los circuitos. Periodistas que han trabajado en revistas y publicaciones para hacerte llegar desde rutas y consejos de mantenimiento, a curiosidades y trucos de pilotaje.\",\"sameAs\":[\"https:\\\/\\\/www.facebook.com\\\/BoxRepsol\\\/\",\"https:\\\/\\\/www.instagram.com\\\/box_repsol\\\/\",\"https:\\\/\\\/x.com\\\/https:\\\/\\\/twitter.com\\\/box_repsol\",\"https:\\\/\\\/www.youtube.com\\\/@Boxrepsol\"],\"url\":\"https:\\\/\\\/www.boxrepsol.com\\\/es\\\/author\\\/redaccion-box-repsol\\\/\"}]}<\/script>\n<!-- \/ Yoast SEO plugin. -->","yoast_head_json":{"title":"Las 5 curvas preferidas de Dani Pedrosa - Box Repsol","description":"El 26 nos desvela cu\u00e1les son, en su opini\u00f3n, las 5 curvas m\u00e1s divertidas de pilotar del Campeonato del Mundo de MotoGP.","canonical":"https:\/\/www.boxrepsol.com\/es\/motogp\/las-5-curvas-preferidas-dani-pedrosa\/","og_locale":"es_ES","og_type":"article","og_title":"Las 5 curvas preferidas de Dani Pedrosa - Box Repsol","og_description":"El 26 nos desvela cu\u00e1les son, en su opini\u00f3n, las 5 curvas m\u00e1s divertidas de pilotar del Campeonato del Mundo de MotoGP.","og_url":"https:\/\/www.boxrepsol.com\/es\/motogp\/las-5-curvas-preferidas-dani-pedrosa\/","og_site_name":"Box Repsol","article_publisher":"https:\/\/www.facebook.com\/BoxRepsol","article_author":"https:\/\/www.facebook.com\/BoxRepsol\/","article_published_time":"2017-06-08T02:00:00+00:00","article_modified_time":"2024-05-15T09:33:44+00:00","og_image":[{"width":1280,"height":600,"url":"https:\/\/www.boxrepsol.com\/wp-content\/uploads\/2022\/08\/00_dani_pedrosa_motogp_valencia_curva_repsol_honda.jpg","type":"image\/jpeg"}],"author":"Redacci\u00f3n Box Repsol","twitter_card":"summary_large_image","twitter_creator":"@https:\/\/twitter.com\/box_repsol","twitter_site":"@box_repsol","twitter_misc":{"Written by":"Redacci\u00f3n Box Repsol","Est. reading time":"2 minutos"},"schema":{"@context":"https:\/\/schema.org","@graph":[{"@type":"Article","@id":"https:\/\/www.boxrepsol.com\/es\/motogp\/las-5-curvas-preferidas-dani-pedrosa\/#article","isPartOf":{"@id":"https:\/\/www.boxrepsol.com\/es\/motogp\/las-5-curvas-preferidas-dani-pedrosa\/"},"author":{"name":"Redacci\u00f3n Box Repsol","@id":"https:\/\/www.boxrepsol.com\/es\/#\/schema\/person\/c5c2138f2cca251b0ad92b7086bb60b7"},"headline":"Las 5 curvas preferidas de Dani Pedrosa","datePublished":"2017-06-08T02:00:00+00:00","dateModified":"2024-05-15T09:33:44+00:00","mainEntityOfPage":{"@id":"https:\/\/www.boxrepsol.com\/es\/motogp\/las-5-curvas-preferidas-dani-pedrosa\/"},"wordCount":495,"commentCount":0,"publisher":{"@id":"https:\/\/www.boxrepsol.com\/es\/#organization"},"image":{"@id":"https:\/\/www.boxrepsol.com\/es\/motogp\/las-5-curvas-preferidas-dani-pedrosa\/#primaryimage"},"thumbnailUrl":"https:\/\/www.boxrepsol.com\/wp-content\/uploads\/2022\/08\/00_dani_pedrosa_motogp_valencia_curva_repsol_honda.jpg","keywords":["Dani Pedrosa"],"articleSection":["MotoGP"],"inLanguage":"es","potentialAction":[{"@type":"CommentAction","name":"Comment","target":["https:\/\/www.boxrepsol.com\/es\/motogp\/las-5-curvas-preferidas-dani-pedrosa\/#respond"]}]},{"@type":"WebPage","@id":"https:\/\/www.boxrepsol.com\/es\/motogp\/las-5-curvas-preferidas-dani-pedrosa\/","url":"https:\/\/www.boxrepsol.com\/es\/motogp\/las-5-curvas-preferidas-dani-pedrosa\/","name":"Las 5 curvas preferidas de Dani Pedrosa - Box Repsol","isPartOf":{"@id":"https:\/\/www.boxrepsol.com\/es\/#website"},"primaryImageOfPage":{"@id":"https:\/\/www.boxrepsol.com\/es\/motogp\/las-5-curvas-preferidas-dani-pedrosa\/#primaryimage"},"image":{"@id":"https:\/\/www.boxrepsol.com\/es\/motogp\/las-5-curvas-preferidas-dani-pedrosa\/#primaryimage"},"thumbnailUrl":"https:\/\/www.boxrepsol.com\/wp-content\/uploads\/2022\/08\/00_dani_pedrosa_motogp_valencia_curva_repsol_honda.jpg","datePublished":"2017-06-08T02:00:00+00:00","dateModified":"2024-05-15T09:33:44+00:00","description":"El 26 nos desvela cu\u00e1les son, en su opini\u00f3n, las 5 curvas m\u00e1s divertidas de pilotar del Campeonato del Mundo de MotoGP.","breadcrumb":{"@id":"https:\/\/www.boxrepsol.com\/es\/motogp\/las-5-curvas-preferidas-dani-pedrosa\/#breadcrumb"},"inLanguage":"es","potentialAction":[{"@type":"ReadAction","target":["https:\/\/www.boxrepsol.com\/es\/motogp\/las-5-curvas-preferidas-dani-pedrosa\/"]}]},{"@type":"ImageObject","inLanguage":"es","@id":"https:\/\/www.boxrepsol.com\/es\/motogp\/las-5-curvas-preferidas-dani-pedrosa\/#primaryimage","url":"https:\/\/www.boxrepsol.com\/wp-content\/uploads\/2022\/08\/00_dani_pedrosa_motogp_valencia_curva_repsol_honda.jpg","contentUrl":"https:\/\/www.boxrepsol.com\/wp-content\/uploads\/2022\/08\/00_dani_pedrosa_motogp_valencia_curva_repsol_honda.jpg","width":1280,"height":600,"caption":"Dani Pedrosa tomando una curva muy cerrada"},{"@type":"BreadcrumbList","@id":"https:\/\/www.boxrepsol.com\/es\/motogp\/las-5-curvas-preferidas-dani-pedrosa\/#breadcrumb","itemListElement":[{"@type":"ListItem","position":1,"name":"Home","item":"https:\/\/www.boxrepsol.com\/es\/"},{"@type":"ListItem","position":2,"name":"Las 5 curvas preferidas de Dani Pedrosa"}]},{"@type":"WebSite","@id":"https:\/\/www.boxrepsol.com\/es\/#website","url":"https:\/\/www.boxrepsol.com\/es\/","name":"Box Repsol","description":"Box Repsol Site","publisher":{"@id":"https:\/\/www.boxrepsol.com\/es\/#organization"},"potentialAction":[{"@type":"SearchAction","target":{"@type":"EntryPoint","urlTemplate":"https:\/\/www.boxrepsol.com\/es\/?s={search_term_string}"},"query-input":{"@type":"PropertyValueSpecification","valueRequired":true,"valueName":"search_term_string"}}],"inLanguage":"es"},{"@type":"Organization","@id":"https:\/\/www.boxrepsol.com\/es\/#organization","name":"Box Repsol","url":"https:\/\/www.boxrepsol.com\/es\/","logo":{"@type":"ImageObject","inLanguage":"es","@id":"https:\/\/www.boxrepsol.com\/es\/#\/schema\/logo\/image\/","url":"https:\/\/bxrepsol.s3.eu-west-1.amazonaws.com\/static\/2025\/07\/30083337\/favicon-96x96-1.png","contentUrl":"https:\/\/bxrepsol.s3.eu-west-1.amazonaws.com\/static\/2025\/07\/30083337\/favicon-96x96-1.png","width":96,"height":96,"caption":"Box Repsol"},"image":{"@id":"https:\/\/www.boxrepsol.com\/es\/#\/schema\/logo\/image\/"},"sameAs":["https:\/\/www.facebook.com\/BoxRepsol","https:\/\/x.com\/box_repsol","http:\/\/instagram.com\/box_repsol","https:\/\/www.youtube.com\/user\/RepsolCompeticion","https:\/\/www.flickr.com\/photos\/box_repsol\/"]},{"@type":"Person","@id":"https:\/\/www.boxrepsol.com\/es\/#\/schema\/person\/c5c2138f2cca251b0ad92b7086bb60b7","name":"Redacci\u00f3n Box Repsol","image":{"@type":"ImageObject","inLanguage":"es","@id":"https:\/\/secure.gravatar.com\/avatar\/adf7b77e38b4419baf32c7e9c21dde01f4e40df611f0978e3006fc4ba0aaab7e?s=96&d=mm&r=g","url":"https:\/\/secure.gravatar.com\/avatar\/adf7b77e38b4419baf32c7e9c21dde01f4e40df611f0978e3006fc4ba0aaab7e?s=96&d=mm&r=g","contentUrl":"https:\/\/secure.gravatar.com\/avatar\/adf7b77e38b4419baf32c7e9c21dde01f4e40df611f0978e3006fc4ba0aaab7e?s=96&d=mm&r=g","caption":"Redacci\u00f3n Box Repsol"},"description":"Box Repsol lo forma un equipo de periodistas, community managers, dise\u00f1adores y fot\u00f3grafos con m\u00e1s de 20 a\u00f1os de experiencia en el mundo del motorsport. Hemos vivido el primer mundial de un espa\u00f1ol en la categor\u00eda reina de motociclismo con \u00c1lex Crivill\u00e9, estuvimos en las victorias de Pedrosa y los t\u00edtulos de M\u00e1rquez, acompa\u00f1amos en \u00c1frica a Nani Roma y Marc Coma en sus conquistas del Dakar y hemos vibrado con los t\u00edtulos de Toni Bou en Trial. Adem\u00e1s, en nuestro equipo contamos con expertos en el mundo de las dos y cuatro ruedas tanto de la calle y las carreteras, como de los circuitos. Periodistas que han trabajado en revistas y publicaciones para hacerte llegar desde rutas y consejos de mantenimiento, a curiosidades y trucos de pilotaje.","sameAs":["https:\/\/www.facebook.com\/BoxRepsol\/","https:\/\/www.instagram.com\/box_repsol\/","https:\/\/x.com\/https:\/\/twitter.com\/box_repsol","https:\/\/www.youtube.com\/@Boxrepsol"],"url":"https:\/\/www.boxrepsol.com\/es\/author\/redaccion-box-repsol\/"}]}},"_links":{"self":[{"href":"https:\/\/www.boxrepsol.com\/es\/wp-json\/wp\/v2\/posts\/89991","targetHints":{"allow":["GET"]}}],"collection":[{"href":"https:\/\/www.boxrepsol.com\/es\/wp-json\/wp\/v2\/posts"}],"about":[{"href":"https:\/\/www.boxrepsol.com\/es\/wp-json\/wp\/v2\/types\/post"}],"author":[{"embeddable":true,"href":"https:\/\/www.boxrepsol.com\/es\/wp-json\/wp\/v2\/users\/43146"}],"replies":[{"embeddable":true,"href":"https:\/\/www.boxrepsol.com\/es\/wp-json\/wp\/v2\/comments?post=89991"}],"version-history":[{"count":1,"href":"https:\/\/www.boxrepsol.com\/es\/wp-json\/wp\/v2\/posts\/89991\/revisions"}],"predecessor-version":[{"id":89992,"href":"https:\/\/www.boxrepsol.com\/es\/wp-json\/wp\/v2\/posts\/89991\/revisions\/89992"}],"wp:featuredmedia":[{"embeddable":true,"href":"https:\/\/www.boxrepsol.com\/es\/wp-json\/wp\/v2\/media\/85992"}],"wp:attachment":[{"href":"https:\/\/www.boxrepsol.com\/es\/wp-json\/wp\/v2\/media?parent=89991"}],"wp:term":[{"taxonomy":"category","embeddable":true,"href":"https:\/\/www.boxrepsol.com\/es\/wp-json\/wp\/v2\/categories?post=89991"},{"taxonomy":"post_tag","embeddable":true,"href":"https:\/\/www.boxrepsol.com\/es\/wp-json\/wp\/v2\/tags?post=89991"}],"curies":[{"name":"wp","href":"https:\/\/api.w.org\/{rel}","templated":true}]}}