{"id":89988,"date":"2018-09-10T00:00:00","date_gmt":"2018-09-10T02:00:00","guid":{"rendered":"http:\/\/pre.boxrepsol.com\/sin-categorizar\/marc-marquez-analiza-motorland-aragon\/"},"modified":"2024-05-22T09:29:17","modified_gmt":"2024-05-22T11:29:17","slug":"marc-marquez-analiza-motorland-aragon","status":"publish","type":"post","link":"https:\/\/www.boxrepsol.com\/es\/motogp\/marc-marquez-analiza-motorland-aragon\/","title":{"rendered":"Marc M\u00e1rquez: c\u00f3mo ganar en MotorLand Arag\u00f3n"},"content":{"rendered":"<div class=\"contenido\">\n<div class=\"inicio\">\n<h2 class=\"uppercase naranja\"><span class=\"size110 repsolStencil bold block line110\">Marc M\u00e1rquez<\/span> <span class=\"size30 repsolLight line30\">analiza <\/span><span class=\"size30 repsolBold line30\">Motorland Arag\u00f3n<\/span><\/h2>\n<p><a class=\"btn btn-default comenzar\" title=\"Comenzar el an\u00e1lisis del circuito de Motorland Arag\u00f3n\" href=\"#\">Comenzar<\/a><\/p>\n<\/div>\n<div class=\"datos\"><a class=\"mostrarInicio blanco\" href=\"#\">Inicio<\/a><\/p>\n<h2 class=\"blanco\"><span class=\"repsolRegular size43 line43 block spacing1\">Marc M\u00e1rquez<\/span> <span class=\"repsolLight size30 line30 marginTop-5 spacing1\">analiza Motorland Arag\u00f3n<\/span><\/h2>\n<div class=\"slider\">\n<div class=\"circuito\">\n<ul class=\"uppercase size20 line20\">\n<li class=\"longitud\"><span class=\"alignLeft\">Longitud <\/span><span class=\"floDer bold\">5.078m<\/span><\/li>\n<li class=\"ancho\"><span class=\"alignLeft\">Ancho <\/span><span class=\"floDer bold\">15m<\/span><\/li>\n<li class=\"curvaIzq\"><span class=\"alignLeft\">Curvas a izq <\/span><span class=\"floDer bold\">10<\/span><\/li>\n<li class=\"curvaDcha\"><span class=\"alignLeft\">Curvas a dch <\/span><span class=\"floDer bold\">7<\/span><\/li>\n<li class=\"recta\"><span class=\"alignLeft\">Recta m\u00e1s larga <\/span><span class=\"floDer bold\">968m<\/span><\/li>\n<li class=\"construido\"><span class=\"alignLeft\">Construido <\/span><span class=\"floDer bold\">2009<\/span><\/li>\n<\/ul>\n<\/div>\n<div><img decoding=\"async\" class=\"imgFondo\" src=\"https:\/\/www.boxrepsol.com\/wp-content\/themes\/theme-boxrepsol-child\/static\/infografias\/marquez-aragon\/curva01.jpg\" alt=\"Marc M\u00e1rquez en el circuito de Motorland Arag\u00f3n\" \/><\/p>\n<div class=\"contCurvas\"><img decoding=\"async\" src=\"https:\/\/www.boxrepsol.com\/wp-content\/themes\/theme-boxrepsol-child\/static\/infografias\/marquez-aragon\/curva01-circuito.jpg\" alt=\"Curva 1 en circuito de Motorland Arag\u00f3n\" \/><\/p>\n<h3 class=\"repsolBold degradado size30 line30\">Curva 1<\/h3>\n<p class=\"size18 line28\">\/ Es un \u00e1ngulo de 90\u00ba en el que es importante <strong>frenar fuerte<\/strong> y preparar bien la salida, porque despu\u00e9s vienen dos curvas de derechas, pr\u00e1cticamente enlazadas, en las que se puede ganar bastante tiempo.<\/p>\n<\/div>\n<p><img decoding=\"async\" class=\"imgFondoMovil\" src=\"https:\/\/www.boxrepsol.com\/wp-content\/themes\/theme-boxrepsol-child\/static\/infografias\/marquez-aragon\/curva01-mov.jpg\" alt=\"Marc M\u00e1rquez en el circuito de Motorland Arag\u00f3n\" \/><\/p>\n<\/div>\n<div><img decoding=\"async\" class=\"imgFondo\" src=\"https:\/\/www.boxrepsol.com\/wp-content\/themes\/theme-boxrepsol-child\/static\/infografias\/marquez-aragon\/curva02.jpg\" alt=\"Marc M\u00e1rquez en el circuito de Motorland Arag\u00f3n\" \/><\/p>\n<div class=\"contCurvas\"><img decoding=\"async\" src=\"https:\/\/www.boxrepsol.com\/wp-content\/themes\/theme-boxrepsol-child\/static\/infografias\/marquez-aragon\/curva02-circuito.jpg\" alt=\"Curva 2 en circuito de Motorland Arag\u00f3n\" \/><\/p>\n<h3 class=\"repsolBold degradado size30 line30\">Curva 2<\/h3>\n<p class=\"size18 line28\">\/ Se tiene que <strong>trazar bien para salir r\u00e1pido<\/strong>, con suficiente velocidad para afrontar la subida. Adem\u00e1s, es muy importante coger la buena trazada para poder preparar bien la curva 3.<\/p>\n<\/div>\n<p><img decoding=\"async\" class=\"imgFondoMovil\" src=\"https:\/\/www.boxrepsol.com\/wp-content\/themes\/theme-boxrepsol-child\/static\/infografias\/marquez-aragon\/curva02-mov.jpg\" alt=\"Marc M\u00e1rquez en el circuito de Motorland Arag\u00f3n\" \/><\/p>\n<\/div>\n<div><img decoding=\"async\" class=\"imgFondo\" src=\"https:\/\/www.boxrepsol.com\/wp-content\/themes\/theme-boxrepsol-child\/static\/infografias\/marquez-aragon\/curva03.jpg\" alt=\"Marc M\u00e1rquez en el circuito de Motorland Arag\u00f3n\" \/><\/p>\n<div class=\"contCurvas\"><img decoding=\"async\" src=\"https:\/\/www.boxrepsol.com\/wp-content\/themes\/theme-boxrepsol-child\/static\/infografias\/marquez-aragon\/curva03-circuito.jpg\" alt=\"Curva 3 en circuito de Motorland Arag\u00f3n\" \/><\/p>\n<h3 class=\"repsolBold degradado size30 line30\">Curva 3<\/h3>\n<p class=\"size18 line28\">\/ Es la m\u00e1s importante de las dos curvas enlazadas, porque es <strong>en subida y es bastante r\u00e1pida<\/strong>, en la que realmente se puede ganar o perder mucho tiempo, especialmente con neum\u00e1ticos nuevos.<\/p>\n<\/div>\n<p><img decoding=\"async\" class=\"imgFondoMovil\" src=\"https:\/\/www.boxrepsol.com\/wp-content\/themes\/theme-boxrepsol-child\/static\/infografias\/marquez-aragon\/curva03-mov.jpg\" alt=\"Marc M\u00e1rquez en el circuito de Motorland Arag\u00f3n\" \/><\/p>\n<\/div>\n<div><img decoding=\"async\" class=\"imgFondo\" src=\"https:\/\/www.boxrepsol.com\/wp-content\/themes\/theme-boxrepsol-child\/static\/infografias\/marquez-aragon\/curva04.jpg\" alt=\"Marc M\u00e1rquez en el circuito de Motorland Arag\u00f3n\" \/><\/p>\n<div class=\"contCurvas\"><img decoding=\"async\" src=\"https:\/\/www.boxrepsol.com\/wp-content\/themes\/theme-boxrepsol-child\/static\/infografias\/marquez-aragon\/curva04-circuito.jpg\" alt=\"Curva 4 en circuito de Motorland Arag\u00f3n\" \/><\/p>\n<h3 class=\"repsolBold degradado size30 line30\">Curva 4<\/h3>\n<p class=\"size18 line28\">\/ Llega una frenada dif\u00edcil, porque empiezas a frenar con la moto inclinada para llegar a la frenada fuerte de la curva 5. <strong>Frenar con la moto inclinada siempre cuesta m\u00e1s<\/strong> y tiene el peligro a\u00f1adido de perder adherencia en la rueda delantera.<\/p>\n<\/div>\n<p><img decoding=\"async\" class=\"imgFondoMovil\" src=\"https:\/\/www.boxrepsol.com\/wp-content\/themes\/theme-boxrepsol-child\/static\/infografias\/marquez-aragon\/curva04-mov.jpg\" alt=\"Marc M\u00e1rquez en el circuito de Motorland Arag\u00f3n\" \/><\/p>\n<\/div>\n<div><img decoding=\"async\" class=\"imgFondo\" src=\"https:\/\/www.boxrepsol.com\/wp-content\/themes\/theme-boxrepsol-child\/static\/infografias\/marquez-aragon\/curva0506.jpg\" alt=\"Marc M\u00e1rquez en el circuito de Motorland Arag\u00f3n\" \/><\/p>\n<div class=\"contCurvas\"><img decoding=\"async\" src=\"https:\/\/www.boxrepsol.com\/wp-content\/themes\/theme-boxrepsol-child\/static\/infografias\/marquez-aragon\/curva0506-circuito.jpg\" alt=\"Curvas 5 y 6 en circuito de Motorland Arag\u00f3n\" \/><\/p>\n<h3 class=\"repsolBold degradado size30 line30\">Curvas 5 y 6<\/h3>\n<p class=\"size18 line28\">\/ La curva 5 es bastante lenta y tienes que acelerar bien hasta la curva 6, que se hace <strong>pr\u00e1cticamente a tope<\/strong>.<\/p>\n<\/div>\n<p><img decoding=\"async\" class=\"imgFondoMovil\" src=\"https:\/\/www.boxrepsol.com\/wp-content\/themes\/theme-boxrepsol-child\/static\/infografias\/marquez-aragon\/curva0506-mov.jpg\" alt=\"Marc M\u00e1rquez en el circuito de Motorland Arag\u00f3n\" \/><\/p>\n<\/div>\n<div><img decoding=\"async\" class=\"imgFondo\" src=\"https:\/\/www.boxrepsol.com\/wp-content\/themes\/theme-boxrepsol-child\/static\/infografias\/marquez-aragon\/curva07.jpg\" alt=\"Marc M\u00e1rquez en el circuito de Motorland Arag\u00f3n\" \/><\/p>\n<div class=\"contCurvas\"><img decoding=\"async\" src=\"https:\/\/www.boxrepsol.com\/wp-content\/themes\/theme-boxrepsol-child\/static\/infografias\/marquez-aragon\/curva07-circuito.jpg\" alt=\"Curva 7 en circuito de Motorland Arag\u00f3n\" \/><\/p>\n<h3 class=\"repsolBold degradado size30 line30\">Curva 7<\/h3>\n<p class=\"size18 line28\">\/ Tambi\u00e9n llegas frenando con la moto inclinada, <strong>como en la curva 5<\/strong>, pero \u00e9sta es de derechas. <strong>Es incluso un poco m\u00e1s lenta<\/strong>.<\/p>\n<\/div>\n<p><img decoding=\"async\" class=\"imgFondoMovil\" src=\"https:\/\/www.boxrepsol.com\/wp-content\/themes\/theme-boxrepsol-child\/static\/infografias\/marquez-aragon\/curva07-mov.jpg\" alt=\"Marc M\u00e1rquez en el circuito de Motorland Arag\u00f3n\" \/><\/p>\n<\/div>\n<div><img decoding=\"async\" class=\"imgFondo\" src=\"https:\/\/www.boxrepsol.com\/wp-content\/themes\/theme-boxrepsol-child\/static\/infografias\/marquez-aragon\/curva0809.jpg\" alt=\"Marc M\u00e1rquez en el circuito de Motorland Arag\u00f3n\" \/><\/p>\n<div class=\"contCurvas\"><img decoding=\"async\" src=\"https:\/\/www.boxrepsol.com\/wp-content\/themes\/theme-boxrepsol-child\/static\/infografias\/marquez-aragon\/curva0809-circuito.jpg\" alt=\"Curvas 8 y 9 en circuito de Motorland Arag\u00f3n\" \/><\/p>\n<h3 class=\"repsolBold degradado size30 line30\">Curvas 8 y 9<\/h3>\n<p class=\"size18 line28\">\/ Despu\u00e9s de una peque\u00f1a recta <strong>llega el \u00absacacorchos\u00bb de Motorland<\/strong>. Es una frenada bastante fuerte, en bajada. Tienes que saber sacrificar bien en esta curva para hacer bien el cambio de direcci\u00f3n, muy por el sitio, porque la 9 sigue siendo en bajada y tienes que salir r\u00e1pido a la siguiente recta.<\/p>\n<\/div>\n<p><img decoding=\"async\" class=\"imgFondoMovil\" src=\"https:\/\/www.boxrepsol.com\/wp-content\/themes\/theme-boxrepsol-child\/static\/infografias\/marquez-aragon\/curva0809-mov.jpg\" alt=\"Marc M\u00e1rquez en el circuito de Motorland Arag\u00f3n\" \/><\/p>\n<\/div>\n<div><img decoding=\"async\" class=\"imgFondo\" src=\"https:\/\/www.boxrepsol.com\/wp-content\/themes\/theme-boxrepsol-child\/static\/infografias\/marquez-aragon\/curva1011.jpg\" alt=\"Marc M\u00e1rquez en el circuito de Motorland Arag\u00f3n\" \/><\/p>\n<div class=\"contCurvas\"><img decoding=\"async\" src=\"https:\/\/www.boxrepsol.com\/wp-content\/themes\/theme-boxrepsol-child\/static\/infografias\/marquez-aragon\/curva1011-circuito.jpg\" alt=\"Curvas 10 y 11 en circuito de Motorland Arag\u00f3n\" \/><\/p>\n<h3 class=\"repsolBold degradado size30 line30\">Curvas 10 y 11<\/h3>\n<p class=\"size18 line28\">\/ Vas subiendo marchas y haces un curv\u00f3n largo y r\u00e1pido. Es una curva bastante dif\u00edcil, porque <strong>no tiene visibilidad en la salida<\/strong> y es un punto en el que <strong>se puede ganar o perder mucho tiempo<\/strong>, especialmente si vas con neum\u00e1ticos nuevos o gastados. Es importante salir r\u00e1pido para ganar unos km\/h en el tramo recto que viene despu\u00e9s.<\/p>\n<\/div>\n<p><img decoding=\"async\" class=\"imgFondoMovil\" src=\"https:\/\/www.boxrepsol.com\/wp-content\/themes\/theme-boxrepsol-child\/static\/infografias\/marquez-aragon\/curva1011-mov.jpg\" alt=\"Marc M\u00e1rquez en el circuito de Motorland Arag\u00f3n\" \/><\/p>\n<\/div>\n<div><img decoding=\"async\" class=\"imgFondo\" src=\"https:\/\/www.boxrepsol.com\/wp-content\/themes\/theme-boxrepsol-child\/static\/infografias\/marquez-aragon\/curva12.jpg\" alt=\"Marc M\u00e1rquez en el circuito de Motorland Arag\u00f3n\" \/><\/p>\n<div class=\"contCurvas\"><img decoding=\"async\" src=\"https:\/\/www.boxrepsol.com\/wp-content\/themes\/theme-boxrepsol-child\/static\/infografias\/marquez-aragon\/curva12-circuito.jpg\" alt=\"Curva 12 en circuito de Motorland Arag\u00f3n\" \/><\/p>\n<h3 class=\"repsolBold degradado size30 line30\">Curva 12<\/h3>\n<p class=\"size18 line28\">\/ Es una de las frenadas m\u00e1s fuertes del circuito, <strong>un punto claro de adelantamiento<\/strong>, especialmente en las \u00faltimas vueltas. Es un \u00e1ngulo de 90\u00ba, en el que debes llevar un buen paso por curva para preparar bien la siguiente.<\/p>\n<\/div>\n<p><img decoding=\"async\" class=\"imgFondoMovil\" src=\"https:\/\/www.boxrepsol.com\/wp-content\/themes\/theme-boxrepsol-child\/static\/infografias\/marquez-aragon\/curva12-mov.jpg\" alt=\"Marc M\u00e1rquez en el circuito de Motorland Arag\u00f3n\" \/><\/p>\n<\/div>\n<div><img decoding=\"async\" class=\"imgFondo\" src=\"https:\/\/www.boxrepsol.com\/wp-content\/themes\/theme-boxrepsol-child\/static\/infografias\/marquez-aragon\/curva13.jpg\" alt=\"Marc M\u00e1rquez en el circuito de Motorland Arag\u00f3n\" \/><\/p>\n<div class=\"contCurvas\"><img decoding=\"async\" src=\"https:\/\/www.boxrepsol.com\/wp-content\/themes\/theme-boxrepsol-child\/static\/infografias\/marquez-aragon\/curva13-circuito.jpg\" alt=\"Curva 13 en circuito de Motorland Arag\u00f3n\" \/><\/p>\n<h3 class=\"repsolBold degradado size30 line30\">Curva 13<\/h3>\n<p class=\"size18 line28\">\/ Es una <strong>curva r\u00e1pida<\/strong>, que se hace sin acelerar al m\u00e1ximo, pero con el gas abierto.<\/p>\n<\/div>\n<p><img decoding=\"async\" class=\"imgFondoMovil\" src=\"https:\/\/www.boxrepsol.com\/wp-content\/themes\/theme-boxrepsol-child\/static\/infografias\/marquez-aragon\/curva13-mov.jpg\" alt=\"Marc M\u00e1rquez en el circuito de Motorland Arag\u00f3n\" \/><\/p>\n<\/div>\n<div><img decoding=\"async\" class=\"imgFondo\" src=\"https:\/\/www.boxrepsol.com\/wp-content\/themes\/theme-boxrepsol-child\/static\/infografias\/marquez-aragon\/curva1415.jpg\" alt=\"Marc M\u00e1rquez en el circuito de Motorland Arag\u00f3n\" \/><\/p>\n<div class=\"contCurvas\"><img decoding=\"async\" src=\"https:\/\/www.boxrepsol.com\/wp-content\/themes\/theme-boxrepsol-child\/static\/infografias\/marquez-aragon\/curva1415-circuito.jpg\" alt=\"Curvas 14 y 15 en circuito de Motorland Arag\u00f3n\" \/><\/p>\n<h3 class=\"repsolBold degradado size30 line30\">Curvas 14 y 15<\/h3>\n<p class=\"size18 line28\">\/ Otra frenada fuerte, ya que viene la ese m\u00e1s lenta del circuito, y es dif\u00edcil al ser en bajada, porque <strong>cuesta m\u00e1s parar la moto<\/strong>. Tienes que preparar bien la segunda curva, porque despu\u00e9s viene la recta m\u00e1s larga del circuito y son muy importantes los km\/h que ganes al salir de la curva.<\/p>\n<\/div>\n<p><img decoding=\"async\" class=\"imgFondoMovil\" src=\"https:\/\/www.boxrepsol.com\/wp-content\/themes\/theme-boxrepsol-child\/static\/infografias\/marquez-aragon\/curva1415-mov.jpg\" alt=\"Marc M\u00e1rquez en el circuito de Motorland Arag\u00f3n\" \/><\/p>\n<\/div>\n<div><img decoding=\"async\" class=\"imgFondo\" src=\"https:\/\/www.boxrepsol.com\/wp-content\/themes\/theme-boxrepsol-child\/static\/infografias\/marquez-aragon\/curva1617.jpg\" alt=\"Marc M\u00e1rquez en el circuito de Motorland Arag\u00f3n\" \/><\/p>\n<div class=\"contCurvas\"><img decoding=\"async\" src=\"https:\/\/www.boxrepsol.com\/wp-content\/themes\/theme-boxrepsol-child\/static\/infografias\/marquez-aragon\/curva1617-circuito.jpg\" alt=\"Curvas 16 y 17 en circuito de Motorland Arag\u00f3n\" \/><\/p>\n<h3 class=\"repsolBold degradado size30 line30\">Curvas 16 y 17<\/h3>\n<p class=\"size18 line28\">\/ Cuando lo trazas bien y coges bien la l\u00ednea del circuito, <strong>es una de las curvas m\u00e1s divertidas del circuito<\/strong>. Son dos curvas, pero las tomas como si fueran una sola, r\u00e1pida y en subida, en la que entras, te abres un poco y te vuelves a cerrar pensando en la salida. Tienes que hacer el paso de curva r\u00e1pido, porque luego viene la recta principal.<\/p>\n<\/div>\n<p><img decoding=\"async\" class=\"imgFondoMovil\" src=\"https:\/\/www.boxrepsol.com\/wp-content\/themes\/theme-boxrepsol-child\/static\/infografias\/marquez-aragon\/curva1617-mov.jpg\" alt=\"Marc M\u00e1rquez en el circuito de Motorland Arag\u00f3n\" \/><\/p>\n<\/div>\n<div class=\"diapo-cita\"><img decoding=\"async\" class=\"imgFondo\" src=\"https:\/\/www.boxrepsol.com\/wp-content\/themes\/theme-boxrepsol-child\/static\/infografias\/marquez-aragon\/resultado.jpg\" alt=\"Siempre disfruto cuando vamos a Arag\u00f3n\" \/><\/p>\n<div class=\"contCurvas\">\n<p>Este es el resultado:<\/p>\n<p class=\"size18 line28\">\n<span class=\"size30 repsolStencil\">\/<\/span> <strong class=\"naranja\"><span class=\"size30 repsolStencil\">4<\/span> poles<\/strong> en MotorLand desde su debut en MotoGP: cuatro veces entre 2013 y 2016.<\/p>\n<p><span class=\"size30 repsolStencil\">\/<\/span> <strong class=\"naranja\"><span class=\"size30 repsolStencil\">5<\/span> victorias:<\/strong> una en Moto2 y cuatro en MotoGP.<\/p>\n<p class=\"paddingTop30\">\n<blockquote class=\"marron size18 line30\"><p>\u00abSiempre disfruto cuando vamos a Arag\u00f3n y corro delante de mi club de fans\u00bb<\/p><\/blockquote>\n<\/div>\n<p><!-- \/contCurvas --><br \/>\n<img decoding=\"async\" class=\"imgFondoMovil\" src=\"https:\/\/www.boxrepsol.com\/wp-content\/themes\/theme-boxrepsol-child\/static\/infografias\/marquez-aragon\/resultado-mov.jpg\" alt=\"Marc M\u00e1rquez en el circuito de Motorland Arag\u00f3n\" \/><\/p>\n<\/div>\n<p><!-- \/div --><\/p>\n<\/div>\n<\/div>\n<\/div>\n","protected":false},"excerpt":{"rendered":"<p>Marc M\u00e1rquez comparte con nosotros las claves para ganar en Motorland Arag\u00f3n.  Conoce al dedillo uno de los trazados favoritos del 93.<\/p>\n","protected":false},"author":43146,"featured_media":85952,"comment_status":"open","ping_status":"open","sticky":false,"template":"","format":"standard","meta":{"footnotes":""},"categories":[4],"tags":[141],"class_list":["post-89988","post","type-post","status-publish","format-standard","hentry","category-motogp","tag-motogp-aragon"],"yoast_head":"<!-- This site is optimized with the Yoast SEO plugin v27.3 - https:\/\/yoast.com\/product\/yoast-seo-wordpress\/ -->\n<title>Marc M\u00e1rquez: c\u00f3mo ganar en MotorLand Arag\u00f3n - Box Repsol<\/title>\n<meta name=\"description\" content=\"Siempre que Marc habla de Motorland, una sonrisa invade su rostro, y no puede evitar recordarnos que es uno de sus circuitos favoritos.\" \/>\n<link rel=\"canonical\" href=\"https:\/\/www.boxrepsol.com\/es\/motogp\/marc-marquez-analiza-motorland-aragon\/\" \/>\n<meta property=\"og:locale\" content=\"es_ES\" \/>\n<meta property=\"og:type\" content=\"article\" \/>\n<meta property=\"og:title\" content=\"Marc M\u00e1rquez: c\u00f3mo ganar en MotorLand Arag\u00f3n - Box Repsol\" \/>\n<meta property=\"og:description\" content=\"Siempre que Marc habla de Motorland, una sonrisa invade su rostro, y no puede evitar recordarnos que es uno de sus circuitos favoritos.\" \/>\n<meta property=\"og:url\" content=\"https:\/\/www.boxrepsol.com\/es\/motogp\/marc-marquez-analiza-motorland-aragon\/\" \/>\n<meta property=\"og:site_name\" content=\"Box Repsol\" \/>\n<meta property=\"article:publisher\" content=\"https:\/\/www.facebook.com\/BoxRepsol\" \/>\n<meta property=\"article:author\" content=\"https:\/\/www.facebook.com\/BoxRepsol\/\" \/>\n<meta property=\"article:published_time\" content=\"2018-09-10T02:00:00+00:00\" \/>\n<meta property=\"article:modified_time\" content=\"2024-05-22T11:29:17+00:00\" \/>\n<meta property=\"og:image\" content=\"https:\/\/www.boxrepsol.com\/wp-content\/uploads\/2022\/08\/marquez.jpg\" \/>\n\t<meta property=\"og:image:width\" content=\"768\" \/>\n\t<meta property=\"og:image:height\" content=\"435\" \/>\n\t<meta property=\"og:image:type\" content=\"image\/jpeg\" \/>\n<meta name=\"author\" content=\"Redacci\u00f3n Box Repsol\" \/>\n<meta name=\"twitter:card\" content=\"summary_large_image\" \/>\n<meta name=\"twitter:creator\" content=\"@https:\/\/twitter.com\/box_repsol\" \/>\n<meta name=\"twitter:site\" content=\"@box_repsol\" \/>\n<meta name=\"twitter:label1\" content=\"Written by\" \/>\n\t<meta name=\"twitter:data1\" content=\"Redacci\u00f3n Box Repsol\" \/>\n\t<meta name=\"twitter:label2\" content=\"Est. reading time\" \/>\n\t<meta name=\"twitter:data2\" content=\"3 minutos\" \/>\n<script type=\"application\/ld+json\" class=\"yoast-schema-graph\">{\"@context\":\"https:\\\/\\\/schema.org\",\"@graph\":[{\"@type\":\"Article\",\"@id\":\"https:\\\/\\\/www.boxrepsol.com\\\/es\\\/motogp\\\/marc-marquez-analiza-motorland-aragon\\\/#article\",\"isPartOf\":{\"@id\":\"https:\\\/\\\/www.boxrepsol.com\\\/es\\\/motogp\\\/marc-marquez-analiza-motorland-aragon\\\/\"},\"author\":{\"name\":\"Redacci\u00f3n Box Repsol\",\"@id\":\"https:\\\/\\\/www.boxrepsol.com\\\/es\\\/#\\\/schema\\\/person\\\/c5c2138f2cca251b0ad92b7086bb60b7\"},\"headline\":\"Marc M\u00e1rquez: c\u00f3mo ganar en MotorLand Arag\u00f3n\",\"datePublished\":\"2018-09-10T02:00:00+00:00\",\"dateModified\":\"2024-05-22T11:29:17+00:00\",\"mainEntityOfPage\":{\"@id\":\"https:\\\/\\\/www.boxrepsol.com\\\/es\\\/motogp\\\/marc-marquez-analiza-motorland-aragon\\\/\"},\"wordCount\":595,\"commentCount\":0,\"publisher\":{\"@id\":\"https:\\\/\\\/www.boxrepsol.com\\\/es\\\/#organization\"},\"image\":{\"@id\":\"https:\\\/\\\/www.boxrepsol.com\\\/es\\\/motogp\\\/marc-marquez-analiza-motorland-aragon\\\/#primaryimage\"},\"thumbnailUrl\":\"https:\\\/\\\/www.boxrepsol.com\\\/wp-content\\\/uploads\\\/2022\\\/08\\\/marquez.jpg\",\"keywords\":[\"MotoGP Arag\u00f3n\"],\"articleSection\":[\"MotoGP\"],\"inLanguage\":\"es\",\"potentialAction\":[{\"@type\":\"CommentAction\",\"name\":\"Comment\",\"target\":[\"https:\\\/\\\/www.boxrepsol.com\\\/es\\\/motogp\\\/marc-marquez-analiza-motorland-aragon\\\/#respond\"]}]},{\"@type\":\"WebPage\",\"@id\":\"https:\\\/\\\/www.boxrepsol.com\\\/es\\\/motogp\\\/marc-marquez-analiza-motorland-aragon\\\/\",\"url\":\"https:\\\/\\\/www.boxrepsol.com\\\/es\\\/motogp\\\/marc-marquez-analiza-motorland-aragon\\\/\",\"name\":\"Marc M\u00e1rquez: c\u00f3mo ganar en MotorLand Arag\u00f3n - Box Repsol\",\"isPartOf\":{\"@id\":\"https:\\\/\\\/www.boxrepsol.com\\\/es\\\/#website\"},\"primaryImageOfPage\":{\"@id\":\"https:\\\/\\\/www.boxrepsol.com\\\/es\\\/motogp\\\/marc-marquez-analiza-motorland-aragon\\\/#primaryimage\"},\"image\":{\"@id\":\"https:\\\/\\\/www.boxrepsol.com\\\/es\\\/motogp\\\/marc-marquez-analiza-motorland-aragon\\\/#primaryimage\"},\"thumbnailUrl\":\"https:\\\/\\\/www.boxrepsol.com\\\/wp-content\\\/uploads\\\/2022\\\/08\\\/marquez.jpg\",\"datePublished\":\"2018-09-10T02:00:00+00:00\",\"dateModified\":\"2024-05-22T11:29:17+00:00\",\"description\":\"Siempre que Marc habla de Motorland, una sonrisa invade su rostro, y no puede evitar recordarnos que es uno de sus circuitos favoritos.\",\"breadcrumb\":{\"@id\":\"https:\\\/\\\/www.boxrepsol.com\\\/es\\\/motogp\\\/marc-marquez-analiza-motorland-aragon\\\/#breadcrumb\"},\"inLanguage\":\"es\",\"potentialAction\":[{\"@type\":\"ReadAction\",\"target\":[\"https:\\\/\\\/www.boxrepsol.com\\\/es\\\/motogp\\\/marc-marquez-analiza-motorland-aragon\\\/\"]}]},{\"@type\":\"ImageObject\",\"inLanguage\":\"es\",\"@id\":\"https:\\\/\\\/www.boxrepsol.com\\\/es\\\/motogp\\\/marc-marquez-analiza-motorland-aragon\\\/#primaryimage\",\"url\":\"https:\\\/\\\/www.boxrepsol.com\\\/wp-content\\\/uploads\\\/2022\\\/08\\\/marquez.jpg\",\"contentUrl\":\"https:\\\/\\\/www.boxrepsol.com\\\/wp-content\\\/uploads\\\/2022\\\/08\\\/marquez.jpg\",\"width\":768,\"height\":435,\"caption\":\"Marc M\u00e1rquez en Motorland\"},{\"@type\":\"BreadcrumbList\",\"@id\":\"https:\\\/\\\/www.boxrepsol.com\\\/es\\\/motogp\\\/marc-marquez-analiza-motorland-aragon\\\/#breadcrumb\",\"itemListElement\":[{\"@type\":\"ListItem\",\"position\":1,\"name\":\"Home\",\"item\":\"https:\\\/\\\/www.boxrepsol.com\\\/es\\\/\"},{\"@type\":\"ListItem\",\"position\":2,\"name\":\"Marc M\u00e1rquez: c\u00f3mo ganar en MotorLand Arag\u00f3n\"}]},{\"@type\":\"WebSite\",\"@id\":\"https:\\\/\\\/www.boxrepsol.com\\\/es\\\/#website\",\"url\":\"https:\\\/\\\/www.boxrepsol.com\\\/es\\\/\",\"name\":\"Box Repsol\",\"description\":\"Box Repsol Site\",\"publisher\":{\"@id\":\"https:\\\/\\\/www.boxrepsol.com\\\/es\\\/#organization\"},\"potentialAction\":[{\"@type\":\"SearchAction\",\"target\":{\"@type\":\"EntryPoint\",\"urlTemplate\":\"https:\\\/\\\/www.boxrepsol.com\\\/es\\\/?s={search_term_string}\"},\"query-input\":{\"@type\":\"PropertyValueSpecification\",\"valueRequired\":true,\"valueName\":\"search_term_string\"}}],\"inLanguage\":\"es\"},{\"@type\":\"Organization\",\"@id\":\"https:\\\/\\\/www.boxrepsol.com\\\/es\\\/#organization\",\"name\":\"Box Repsol\",\"url\":\"https:\\\/\\\/www.boxrepsol.com\\\/es\\\/\",\"logo\":{\"@type\":\"ImageObject\",\"inLanguage\":\"es\",\"@id\":\"https:\\\/\\\/www.boxrepsol.com\\\/es\\\/#\\\/schema\\\/logo\\\/image\\\/\",\"url\":\"https:\\\/\\\/bxrepsol.s3.eu-west-1.amazonaws.com\\\/static\\\/2025\\\/07\\\/30083337\\\/favicon-96x96-1.png\",\"contentUrl\":\"https:\\\/\\\/bxrepsol.s3.eu-west-1.amazonaws.com\\\/static\\\/2025\\\/07\\\/30083337\\\/favicon-96x96-1.png\",\"width\":96,\"height\":96,\"caption\":\"Box Repsol\"},\"image\":{\"@id\":\"https:\\\/\\\/www.boxrepsol.com\\\/es\\\/#\\\/schema\\\/logo\\\/image\\\/\"},\"sameAs\":[\"https:\\\/\\\/www.facebook.com\\\/BoxRepsol\",\"https:\\\/\\\/x.com\\\/box_repsol\",\"http:\\\/\\\/instagram.com\\\/box_repsol\",\"https:\\\/\\\/www.youtube.com\\\/user\\\/RepsolCompeticion\",\"https:\\\/\\\/www.flickr.com\\\/photos\\\/box_repsol\\\/\"]},{\"@type\":\"Person\",\"@id\":\"https:\\\/\\\/www.boxrepsol.com\\\/es\\\/#\\\/schema\\\/person\\\/c5c2138f2cca251b0ad92b7086bb60b7\",\"name\":\"Redacci\u00f3n Box Repsol\",\"image\":{\"@type\":\"ImageObject\",\"inLanguage\":\"es\",\"@id\":\"https:\\\/\\\/secure.gravatar.com\\\/avatar\\\/adf7b77e38b4419baf32c7e9c21dde01f4e40df611f0978e3006fc4ba0aaab7e?s=96&d=mm&r=g\",\"url\":\"https:\\\/\\\/secure.gravatar.com\\\/avatar\\\/adf7b77e38b4419baf32c7e9c21dde01f4e40df611f0978e3006fc4ba0aaab7e?s=96&d=mm&r=g\",\"contentUrl\":\"https:\\\/\\\/secure.gravatar.com\\\/avatar\\\/adf7b77e38b4419baf32c7e9c21dde01f4e40df611f0978e3006fc4ba0aaab7e?s=96&d=mm&r=g\",\"caption\":\"Redacci\u00f3n Box Repsol\"},\"description\":\"Box Repsol lo forma un equipo de periodistas, community managers, dise\u00f1adores y fot\u00f3grafos con m\u00e1s de 20 a\u00f1os de experiencia en el mundo del motorsport. Hemos vivido el primer mundial de un espa\u00f1ol en la categor\u00eda reina de motociclismo con \u00c1lex Crivill\u00e9, estuvimos en las victorias de Pedrosa y los t\u00edtulos de M\u00e1rquez, acompa\u00f1amos en \u00c1frica a Nani Roma y Marc Coma en sus conquistas del Dakar y hemos vibrado con los t\u00edtulos de Toni Bou en Trial. Adem\u00e1s, en nuestro equipo contamos con expertos en el mundo de las dos y cuatro ruedas tanto de la calle y las carreteras, como de los circuitos. Periodistas que han trabajado en revistas y publicaciones para hacerte llegar desde rutas y consejos de mantenimiento, a curiosidades y trucos de pilotaje.\",\"sameAs\":[\"https:\\\/\\\/www.facebook.com\\\/BoxRepsol\\\/\",\"https:\\\/\\\/www.instagram.com\\\/box_repsol\\\/\",\"https:\\\/\\\/x.com\\\/https:\\\/\\\/twitter.com\\\/box_repsol\",\"https:\\\/\\\/www.youtube.com\\\/@Boxrepsol\"],\"url\":\"https:\\\/\\\/www.boxrepsol.com\\\/es\\\/author\\\/redaccion-box-repsol\\\/\"}]}<\/script>\n<!-- \/ Yoast SEO plugin. -->","yoast_head_json":{"title":"Marc M\u00e1rquez: c\u00f3mo ganar en MotorLand Arag\u00f3n - Box Repsol","description":"Siempre que Marc habla de Motorland, una sonrisa invade su rostro, y no puede evitar recordarnos que es uno de sus circuitos favoritos.","canonical":"https:\/\/www.boxrepsol.com\/es\/motogp\/marc-marquez-analiza-motorland-aragon\/","og_locale":"es_ES","og_type":"article","og_title":"Marc M\u00e1rquez: c\u00f3mo ganar en MotorLand Arag\u00f3n - Box Repsol","og_description":"Siempre que Marc habla de Motorland, una sonrisa invade su rostro, y no puede evitar recordarnos que es uno de sus circuitos favoritos.","og_url":"https:\/\/www.boxrepsol.com\/es\/motogp\/marc-marquez-analiza-motorland-aragon\/","og_site_name":"Box Repsol","article_publisher":"https:\/\/www.facebook.com\/BoxRepsol","article_author":"https:\/\/www.facebook.com\/BoxRepsol\/","article_published_time":"2018-09-10T02:00:00+00:00","article_modified_time":"2024-05-22T11:29:17+00:00","og_image":[{"width":768,"height":435,"url":"https:\/\/www.boxrepsol.com\/wp-content\/uploads\/2022\/08\/marquez.jpg","type":"image\/jpeg"}],"author":"Redacci\u00f3n Box Repsol","twitter_card":"summary_large_image","twitter_creator":"@https:\/\/twitter.com\/box_repsol","twitter_site":"@box_repsol","twitter_misc":{"Written by":"Redacci\u00f3n Box Repsol","Est. reading time":"3 minutos"},"schema":{"@context":"https:\/\/schema.org","@graph":[{"@type":"Article","@id":"https:\/\/www.boxrepsol.com\/es\/motogp\/marc-marquez-analiza-motorland-aragon\/#article","isPartOf":{"@id":"https:\/\/www.boxrepsol.com\/es\/motogp\/marc-marquez-analiza-motorland-aragon\/"},"author":{"name":"Redacci\u00f3n Box Repsol","@id":"https:\/\/www.boxrepsol.com\/es\/#\/schema\/person\/c5c2138f2cca251b0ad92b7086bb60b7"},"headline":"Marc M\u00e1rquez: c\u00f3mo ganar en MotorLand Arag\u00f3n","datePublished":"2018-09-10T02:00:00+00:00","dateModified":"2024-05-22T11:29:17+00:00","mainEntityOfPage":{"@id":"https:\/\/www.boxrepsol.com\/es\/motogp\/marc-marquez-analiza-motorland-aragon\/"},"wordCount":595,"commentCount":0,"publisher":{"@id":"https:\/\/www.boxrepsol.com\/es\/#organization"},"image":{"@id":"https:\/\/www.boxrepsol.com\/es\/motogp\/marc-marquez-analiza-motorland-aragon\/#primaryimage"},"thumbnailUrl":"https:\/\/www.boxrepsol.com\/wp-content\/uploads\/2022\/08\/marquez.jpg","keywords":["MotoGP Arag\u00f3n"],"articleSection":["MotoGP"],"inLanguage":"es","potentialAction":[{"@type":"CommentAction","name":"Comment","target":["https:\/\/www.boxrepsol.com\/es\/motogp\/marc-marquez-analiza-motorland-aragon\/#respond"]}]},{"@type":"WebPage","@id":"https:\/\/www.boxrepsol.com\/es\/motogp\/marc-marquez-analiza-motorland-aragon\/","url":"https:\/\/www.boxrepsol.com\/es\/motogp\/marc-marquez-analiza-motorland-aragon\/","name":"Marc M\u00e1rquez: c\u00f3mo ganar en MotorLand Arag\u00f3n - Box Repsol","isPartOf":{"@id":"https:\/\/www.boxrepsol.com\/es\/#website"},"primaryImageOfPage":{"@id":"https:\/\/www.boxrepsol.com\/es\/motogp\/marc-marquez-analiza-motorland-aragon\/#primaryimage"},"image":{"@id":"https:\/\/www.boxrepsol.com\/es\/motogp\/marc-marquez-analiza-motorland-aragon\/#primaryimage"},"thumbnailUrl":"https:\/\/www.boxrepsol.com\/wp-content\/uploads\/2022\/08\/marquez.jpg","datePublished":"2018-09-10T02:00:00+00:00","dateModified":"2024-05-22T11:29:17+00:00","description":"Siempre que Marc habla de Motorland, una sonrisa invade su rostro, y no puede evitar recordarnos que es uno de sus circuitos favoritos.","breadcrumb":{"@id":"https:\/\/www.boxrepsol.com\/es\/motogp\/marc-marquez-analiza-motorland-aragon\/#breadcrumb"},"inLanguage":"es","potentialAction":[{"@type":"ReadAction","target":["https:\/\/www.boxrepsol.com\/es\/motogp\/marc-marquez-analiza-motorland-aragon\/"]}]},{"@type":"ImageObject","inLanguage":"es","@id":"https:\/\/www.boxrepsol.com\/es\/motogp\/marc-marquez-analiza-motorland-aragon\/#primaryimage","url":"https:\/\/www.boxrepsol.com\/wp-content\/uploads\/2022\/08\/marquez.jpg","contentUrl":"https:\/\/www.boxrepsol.com\/wp-content\/uploads\/2022\/08\/marquez.jpg","width":768,"height":435,"caption":"Marc M\u00e1rquez en Motorland"},{"@type":"BreadcrumbList","@id":"https:\/\/www.boxrepsol.com\/es\/motogp\/marc-marquez-analiza-motorland-aragon\/#breadcrumb","itemListElement":[{"@type":"ListItem","position":1,"name":"Home","item":"https:\/\/www.boxrepsol.com\/es\/"},{"@type":"ListItem","position":2,"name":"Marc M\u00e1rquez: c\u00f3mo ganar en MotorLand Arag\u00f3n"}]},{"@type":"WebSite","@id":"https:\/\/www.boxrepsol.com\/es\/#website","url":"https:\/\/www.boxrepsol.com\/es\/","name":"Box Repsol","description":"Box Repsol Site","publisher":{"@id":"https:\/\/www.boxrepsol.com\/es\/#organization"},"potentialAction":[{"@type":"SearchAction","target":{"@type":"EntryPoint","urlTemplate":"https:\/\/www.boxrepsol.com\/es\/?s={search_term_string}"},"query-input":{"@type":"PropertyValueSpecification","valueRequired":true,"valueName":"search_term_string"}}],"inLanguage":"es"},{"@type":"Organization","@id":"https:\/\/www.boxrepsol.com\/es\/#organization","name":"Box Repsol","url":"https:\/\/www.boxrepsol.com\/es\/","logo":{"@type":"ImageObject","inLanguage":"es","@id":"https:\/\/www.boxrepsol.com\/es\/#\/schema\/logo\/image\/","url":"https:\/\/bxrepsol.s3.eu-west-1.amazonaws.com\/static\/2025\/07\/30083337\/favicon-96x96-1.png","contentUrl":"https:\/\/bxrepsol.s3.eu-west-1.amazonaws.com\/static\/2025\/07\/30083337\/favicon-96x96-1.png","width":96,"height":96,"caption":"Box Repsol"},"image":{"@id":"https:\/\/www.boxrepsol.com\/es\/#\/schema\/logo\/image\/"},"sameAs":["https:\/\/www.facebook.com\/BoxRepsol","https:\/\/x.com\/box_repsol","http:\/\/instagram.com\/box_repsol","https:\/\/www.youtube.com\/user\/RepsolCompeticion","https:\/\/www.flickr.com\/photos\/box_repsol\/"]},{"@type":"Person","@id":"https:\/\/www.boxrepsol.com\/es\/#\/schema\/person\/c5c2138f2cca251b0ad92b7086bb60b7","name":"Redacci\u00f3n Box Repsol","image":{"@type":"ImageObject","inLanguage":"es","@id":"https:\/\/secure.gravatar.com\/avatar\/adf7b77e38b4419baf32c7e9c21dde01f4e40df611f0978e3006fc4ba0aaab7e?s=96&d=mm&r=g","url":"https:\/\/secure.gravatar.com\/avatar\/adf7b77e38b4419baf32c7e9c21dde01f4e40df611f0978e3006fc4ba0aaab7e?s=96&d=mm&r=g","contentUrl":"https:\/\/secure.gravatar.com\/avatar\/adf7b77e38b4419baf32c7e9c21dde01f4e40df611f0978e3006fc4ba0aaab7e?s=96&d=mm&r=g","caption":"Redacci\u00f3n Box Repsol"},"description":"Box Repsol lo forma un equipo de periodistas, community managers, dise\u00f1adores y fot\u00f3grafos con m\u00e1s de 20 a\u00f1os de experiencia en el mundo del motorsport. Hemos vivido el primer mundial de un espa\u00f1ol en la categor\u00eda reina de motociclismo con \u00c1lex Crivill\u00e9, estuvimos en las victorias de Pedrosa y los t\u00edtulos de M\u00e1rquez, acompa\u00f1amos en \u00c1frica a Nani Roma y Marc Coma en sus conquistas del Dakar y hemos vibrado con los t\u00edtulos de Toni Bou en Trial. Adem\u00e1s, en nuestro equipo contamos con expertos en el mundo de las dos y cuatro ruedas tanto de la calle y las carreteras, como de los circuitos. Periodistas que han trabajado en revistas y publicaciones para hacerte llegar desde rutas y consejos de mantenimiento, a curiosidades y trucos de pilotaje.","sameAs":["https:\/\/www.facebook.com\/BoxRepsol\/","https:\/\/www.instagram.com\/box_repsol\/","https:\/\/x.com\/https:\/\/twitter.com\/box_repsol","https:\/\/www.youtube.com\/@Boxrepsol"],"url":"https:\/\/www.boxrepsol.com\/es\/author\/redaccion-box-repsol\/"}]}},"_links":{"self":[{"href":"https:\/\/www.boxrepsol.com\/es\/wp-json\/wp\/v2\/posts\/89988","targetHints":{"allow":["GET"]}}],"collection":[{"href":"https:\/\/www.boxrepsol.com\/es\/wp-json\/wp\/v2\/posts"}],"about":[{"href":"https:\/\/www.boxrepsol.com\/es\/wp-json\/wp\/v2\/types\/post"}],"author":[{"embeddable":true,"href":"https:\/\/www.boxrepsol.com\/es\/wp-json\/wp\/v2\/users\/43146"}],"replies":[{"embeddable":true,"href":"https:\/\/www.boxrepsol.com\/es\/wp-json\/wp\/v2\/comments?post=89988"}],"version-history":[{"count":2,"href":"https:\/\/www.boxrepsol.com\/es\/wp-json\/wp\/v2\/posts\/89988\/revisions"}],"predecessor-version":[{"id":107174,"href":"https:\/\/www.boxrepsol.com\/es\/wp-json\/wp\/v2\/posts\/89988\/revisions\/107174"}],"wp:featuredmedia":[{"embeddable":true,"href":"https:\/\/www.boxrepsol.com\/es\/wp-json\/wp\/v2\/media\/85952"}],"wp:attachment":[{"href":"https:\/\/www.boxrepsol.com\/es\/wp-json\/wp\/v2\/media?parent=89988"}],"wp:term":[{"taxonomy":"category","embeddable":true,"href":"https:\/\/www.boxrepsol.com\/es\/wp-json\/wp\/v2\/categories?post=89988"},{"taxonomy":"post_tag","embeddable":true,"href":"https:\/\/www.boxrepsol.com\/es\/wp-json\/wp\/v2\/tags?post=89988"}],"curies":[{"name":"wp","href":"https:\/\/api.w.org\/{rel}","templated":true}]}}