{"id":89980,"date":"2020-12-08T00:00:00","date_gmt":"2020-12-08T02:00:00","guid":{"rendered":"http:\/\/pre.boxrepsol.com\/sin-categorizar\/asi-se-fabrican-los-cascos-de-marc-marquez\/"},"modified":"2024-04-19T06:50:10","modified_gmt":"2024-04-19T08:50:10","slug":"asi-se-fabrican-los-cascos-de-marc-marquez","status":"publish","type":"post","link":"https:\/\/www.boxrepsol.com\/es\/motogp\/asi-se-fabrican-los-cascos-de-marc-marquez\/","title":{"rendered":"As\u00ed se fabrican los cascos de Marc M\u00e1rquez"},"content":{"rendered":"\n<blockquote class=\"wp-block-quote is-layout-flow wp-block-quote-is-layout-flow\">\n<p>\u00bfSab\u00edas que en un a\u00f1o Shoei fabrica hasta 15 cascos para @marcmarquez93? #MotoGP<\/p>\n<\/blockquote>\n\n\n\n<p><strong>\u00bfC\u00f3mo es el proceso de fabricaci\u00f3n de los cascos de MotoGP?<\/strong><\/p>\n\n\n\n<p>El proceso de fabricaci\u00f3n de un casco Shoei es bastante sofisticado y la mayor parte la hacen a mano nuestros empleados japoneses. Acumulamos m\u00e1s de 50 a\u00f1os de experiencia realizando este trabajo.<\/p>\n\n\n\n<p><strong>\u00bfSe tienen en cuenta el tama\u00f1o y forma de la cabeza del piloto?<\/strong><\/p>\n\n\n\n<p>S\u00ed. A Shoei se le conoce por el ajuste perfecto de sus cascos. Durante mucho tiempo hemos recopilado datos sobre las diferentes formas de las cabezas para mejorar el ajuste.<\/p>\n\n\n\n<p><strong>\u00bfSuelen hacer los pilotos solicitudes espec\u00edficas o exigentes?<\/strong><\/p>\n\n\n\n<p>En cierto modo s\u00ed. Contamos con un servicio de asistencia en todos los circuitos de MotoGP, el Racing Service, que ofrece a los pilotos una preparaci\u00f3n especial de cascos con el fin de adaptarlos a las diferentes condiciones meteorol\u00f3gicas, lluvia, calor, etc. En ocasiones, hacen solicitudes m\u00e1s exigentes, pero siempre intentamos proporcionar el mejor servicio al piloto.<\/p>\n\n\n\n<figure class=\"wp-block-image\"><img decoding=\"async\" src=\"https:\/\/bxrepsol.s3.eu-west-1.amazonaws.com\/static\/2022\/08\/29071302\/40-marc-marquez-cascos-shoei-repsol-honda1.jpg\" alt=\"\"\/><\/figure>\n\n\n\n<p><strong>\u00bfQu\u00e9 comentarios os hace llegar Marc cuando prueba un casco nuevo? \u00bfQu\u00e9 es lo que m\u00e1s valora?<\/strong><\/p>\n\n\n\n<p>Cuando Marc se prueba un casco por primera vez, todo gira en torno al ajuste. Una vez consigue el ajuste perfecto, nos da m\u00e1s informaci\u00f3n sobre la ventilaci\u00f3n, la aerodin\u00e1mica o c\u00f3mo lo siente en general.<\/p>\n\n\n\n<p><strong>\u00bfCu\u00e1ntos cascos se llevan a un Gran Premio?<\/strong><\/p>\n\n\n\n<p>Al comienzo de la temporada, llevamos unos 40 o 50 cascos. A partir de ah\u00ed, los pilotos llevan los cascos ellos mismos. Adem\u00e1s, nuestro Racing Service prepara m\u00e1s de 100 cascos cada fin de semana, y muchos de ellos se llevan de nuevo a siguientes Grandes Premios.<\/p>\n\n\n\n<p><strong>\u00bfCu\u00e1ntos cascos se fabrican en una temporada para Marc?<\/strong><\/p>\n\n\n\n<p>Esto depende en gran medida del piloto o, mejor dicho, de lo que el piloto se mantenga en la moto. Pueden ser entre 6 y 15 cascos.<\/p>\n\n\n\n<figure class=\"wp-block-image\"><img decoding=\"async\" src=\"https:\/\/bxrepsol.s3.eu-west-1.amazonaws.com\/static\/2022\/08\/29071303\/41-marc-marquez-93-tunel_viento.jpg\" alt=\"\"\/><\/figure>\n\n\n\n<p><strong>\u00bfCu\u00e1les son las principales diferencias entre un casco de MotoGP y uno normal?<\/strong><\/p>\n\n\n\n<p>No hay demasiada diferencia: todos nuestros pilotos llevan cascos que puedes comprar en una tienda normal. Por supuesto, la mayor\u00eda de los pilotos tienen un dise\u00f1o personalizado, pero desde el punto de vista t\u00e9cnico, es un casco de venta al p\u00fablico.<\/p>\n\n\n\n<p><strong>\u00bfCu\u00e1ntos materiales se utilizan?<\/strong><\/p>\n\n\n\n<p>Una gran variedad de ellos. Desde pl\u00e1sticos reforzados con fibras en la cubierta hasta espuma de poliuretano para el relleno y acero inoxidable japon\u00e9s en la doble anilla, por ejemplo.<\/p>\n\n\n\n<p><strong>\u00bfC\u00f3mo han mejorado y evolucionado los cascos de competici\u00f3n en las \u00faltimas d\u00e9cadas? \u00bfQu\u00e9 destacar\u00edan a este respecto?<\/strong><\/p>\n\n\n\n<p>La aerodin\u00e1mica de los cascos, sobre todo, ha mejorado mucho. Las exigencias del rendimiento aerodin\u00e1mico han aumentado de forma radical en los dos \u00faltimos a\u00f1os.<\/p>\n\n\n\n<p><strong>Sabemos que utiliz\u00e1is un t\u00fanel de viento, \u00bfc\u00f3mo beneficia esto al proceso de dise\u00f1o del casco? \u00bfTodos los pilotos que se equipan con Shoei pasan por el t\u00fanel de viento?<\/strong><\/p>\n\n\n\n<p>El t\u00fanel de viento es un dispositivo muy valioso en el desarrollo de nuestros \u00faltimos cascos. Somos capaces de determinar exactamente c\u00f3mo funciona la aerodin\u00e1mica del casco a diferentes velocidades. Podemos tomar medidas objetivas utilizando nuestro piloto robot, que es capaz de repetir un mismo movimiento cientos de veces. Esto nos permite desarrollar un casco perfectamente funcional en un periodo de tiempo mucho menor a cuando todav\u00eda no se hab\u00eda implantado el t\u00fanel.<\/p>\n\n\n\n<p>Por desgracia, nuestro t\u00fanel est\u00e1 en Jap\u00f3n y no todos nuestros pilotos tienen la posibilidad de visitar nuestras instalaciones. Sin embargo, durante el GP de Jap\u00f3n muchos pilotos aprovechan la oportunidad para visitar las f\u00e1bricas y probarlo.<\/p>\n\n\n\n<figure class=\"wp-block-image\"><img decoding=\"async\" src=\"https:\/\/bxrepsol.s3.eu-west-1.amazonaws.com\/static\/2022\/08\/29071305\/41-marc-marquez-shoei1.jpg\" alt=\"\"\/><\/figure>\n","protected":false},"excerpt":{"rendered":"<p>Marc M\u00e1rquez cambia frecuentemente el dise\u00f1o de su casco. M\u00e1s all\u00e1 del dibujo, \u00bfqu\u00e9 diferencias hay entre un casco de MotoGP y los que hay en las tiendas? Nos lo cuenta uno de los m\u00e1ximos responsables de Shoei, marca oficial del piloto del Equipo Repsol.<\/p>\n","protected":false},"author":43146,"featured_media":85949,"comment_status":"open","ping_status":"open","sticky":false,"template":"","format":"standard","meta":{"footnotes":""},"categories":[4],"tags":[131],"class_list":["post-89980","post","type-post","status-publish","format-standard","hentry","category-motogp","tag-equipacion-y-accesorios-moto"],"yoast_head":"<!-- This site is optimized with the Yoast SEO plugin v27.3 - https:\/\/yoast.com\/product\/yoast-seo-wordpress\/ -->\n<title>As\u00ed se fabrican los cascos de Marc M\u00e1rquez - Box Repsol<\/title>\n<meta name=\"description\" content=\"Tras conocer en el anterior art\u00edculo de esta serie c\u00f3mo se fabrican los cascos de Dani Pedrosa, hablamos esta vez con los m\u00e1ximos responsables de Shoei.\" \/>\n<link rel=\"canonical\" href=\"https:\/\/www.boxrepsol.com\/es\/motogp\/asi-se-fabrican-los-cascos-de-marc-marquez\/\" \/>\n<meta property=\"og:locale\" content=\"es_ES\" \/>\n<meta property=\"og:type\" content=\"article\" \/>\n<meta property=\"og:title\" content=\"As\u00ed se fabrican los cascos de Marc M\u00e1rquez - Box Repsol\" \/>\n<meta property=\"og:description\" content=\"Tras conocer en el anterior art\u00edculo de esta serie c\u00f3mo se fabrican los cascos de Dani Pedrosa, hablamos esta vez con los m\u00e1ximos responsables de Shoei.\" \/>\n<meta property=\"og:url\" content=\"https:\/\/www.boxrepsol.com\/es\/motogp\/asi-se-fabrican-los-cascos-de-marc-marquez\/\" \/>\n<meta property=\"og:site_name\" content=\"Box Repsol\" \/>\n<meta property=\"article:publisher\" content=\"https:\/\/www.facebook.com\/BoxRepsol\" \/>\n<meta property=\"article:author\" content=\"https:\/\/www.facebook.com\/BoxRepsol\/\" \/>\n<meta property=\"article:published_time\" content=\"2020-12-08T02:00:00+00:00\" \/>\n<meta property=\"article:modified_time\" content=\"2024-04-19T08:50:10+00:00\" \/>\n<meta property=\"og:image\" content=\"https:\/\/www.boxrepsol.com\/wp-content\/uploads\/2022\/08\/00_marc_marquez_casco_nuevo_catalunya.jpg\" \/>\n\t<meta property=\"og:image:width\" content=\"995\" \/>\n\t<meta property=\"og:image:height\" content=\"560\" \/>\n\t<meta property=\"og:image:type\" content=\"image\/jpeg\" \/>\n<meta name=\"author\" content=\"Redacci\u00f3n Box Repsol\" \/>\n<meta name=\"twitter:card\" content=\"summary_large_image\" \/>\n<meta name=\"twitter:creator\" content=\"@https:\/\/twitter.com\/box_repsol\" \/>\n<meta name=\"twitter:site\" content=\"@box_repsol\" \/>\n<meta name=\"twitter:label1\" content=\"Written by\" \/>\n\t<meta name=\"twitter:data1\" content=\"Redacci\u00f3n Box Repsol\" \/>\n\t<meta name=\"twitter:label2\" content=\"Est. reading time\" \/>\n\t<meta name=\"twitter:data2\" content=\"3 minutos\" \/>\n<script type=\"application\/ld+json\" class=\"yoast-schema-graph\">{\"@context\":\"https:\\\/\\\/schema.org\",\"@graph\":[{\"@type\":\"Article\",\"@id\":\"https:\\\/\\\/www.boxrepsol.com\\\/es\\\/motogp\\\/asi-se-fabrican-los-cascos-de-marc-marquez\\\/#article\",\"isPartOf\":{\"@id\":\"https:\\\/\\\/www.boxrepsol.com\\\/es\\\/motogp\\\/asi-se-fabrican-los-cascos-de-marc-marquez\\\/\"},\"author\":{\"name\":\"Redacci\u00f3n Box Repsol\",\"@id\":\"https:\\\/\\\/www.boxrepsol.com\\\/es\\\/#\\\/schema\\\/person\\\/c5c2138f2cca251b0ad92b7086bb60b7\"},\"headline\":\"As\u00ed se fabrican los cascos de Marc M\u00e1rquez\",\"datePublished\":\"2020-12-08T02:00:00+00:00\",\"dateModified\":\"2024-04-19T08:50:10+00:00\",\"mainEntityOfPage\":{\"@id\":\"https:\\\/\\\/www.boxrepsol.com\\\/es\\\/motogp\\\/asi-se-fabrican-los-cascos-de-marc-marquez\\\/\"},\"wordCount\":633,\"commentCount\":0,\"publisher\":{\"@id\":\"https:\\\/\\\/www.boxrepsol.com\\\/es\\\/#organization\"},\"image\":{\"@id\":\"https:\\\/\\\/www.boxrepsol.com\\\/es\\\/motogp\\\/asi-se-fabrican-los-cascos-de-marc-marquez\\\/#primaryimage\"},\"thumbnailUrl\":\"https:\\\/\\\/www.boxrepsol.com\\\/wp-content\\\/uploads\\\/2022\\\/08\\\/00_marc_marquez_casco_nuevo_catalunya.jpg\",\"keywords\":[\"equipaci\u00f3n y accesorios moto\"],\"articleSection\":[\"MotoGP\"],\"inLanguage\":\"es\",\"potentialAction\":[{\"@type\":\"CommentAction\",\"name\":\"Comment\",\"target\":[\"https:\\\/\\\/www.boxrepsol.com\\\/es\\\/motogp\\\/asi-se-fabrican-los-cascos-de-marc-marquez\\\/#respond\"]}]},{\"@type\":\"WebPage\",\"@id\":\"https:\\\/\\\/www.boxrepsol.com\\\/es\\\/motogp\\\/asi-se-fabrican-los-cascos-de-marc-marquez\\\/\",\"url\":\"https:\\\/\\\/www.boxrepsol.com\\\/es\\\/motogp\\\/asi-se-fabrican-los-cascos-de-marc-marquez\\\/\",\"name\":\"As\u00ed se fabrican los cascos de Marc M\u00e1rquez - Box Repsol\",\"isPartOf\":{\"@id\":\"https:\\\/\\\/www.boxrepsol.com\\\/es\\\/#website\"},\"primaryImageOfPage\":{\"@id\":\"https:\\\/\\\/www.boxrepsol.com\\\/es\\\/motogp\\\/asi-se-fabrican-los-cascos-de-marc-marquez\\\/#primaryimage\"},\"image\":{\"@id\":\"https:\\\/\\\/www.boxrepsol.com\\\/es\\\/motogp\\\/asi-se-fabrican-los-cascos-de-marc-marquez\\\/#primaryimage\"},\"thumbnailUrl\":\"https:\\\/\\\/www.boxrepsol.com\\\/wp-content\\\/uploads\\\/2022\\\/08\\\/00_marc_marquez_casco_nuevo_catalunya.jpg\",\"datePublished\":\"2020-12-08T02:00:00+00:00\",\"dateModified\":\"2024-04-19T08:50:10+00:00\",\"description\":\"Tras conocer en el anterior art\u00edculo de esta serie c\u00f3mo se fabrican los cascos de Dani Pedrosa, hablamos esta vez con los m\u00e1ximos responsables de Shoei.\",\"breadcrumb\":{\"@id\":\"https:\\\/\\\/www.boxrepsol.com\\\/es\\\/motogp\\\/asi-se-fabrican-los-cascos-de-marc-marquez\\\/#breadcrumb\"},\"inLanguage\":\"es\",\"potentialAction\":[{\"@type\":\"ReadAction\",\"target\":[\"https:\\\/\\\/www.boxrepsol.com\\\/es\\\/motogp\\\/asi-se-fabrican-los-cascos-de-marc-marquez\\\/\"]}]},{\"@type\":\"ImageObject\",\"inLanguage\":\"es\",\"@id\":\"https:\\\/\\\/www.boxrepsol.com\\\/es\\\/motogp\\\/asi-se-fabrican-los-cascos-de-marc-marquez\\\/#primaryimage\",\"url\":\"https:\\\/\\\/www.boxrepsol.com\\\/wp-content\\\/uploads\\\/2022\\\/08\\\/00_marc_marquez_casco_nuevo_catalunya.jpg\",\"contentUrl\":\"https:\\\/\\\/www.boxrepsol.com\\\/wp-content\\\/uploads\\\/2022\\\/08\\\/00_marc_marquez_casco_nuevo_catalunya.jpg\",\"width\":995,\"height\":560,\"caption\":\"Marc M\u00e1rquez con casco de bot\u00f3n de encendido\"},{\"@type\":\"BreadcrumbList\",\"@id\":\"https:\\\/\\\/www.boxrepsol.com\\\/es\\\/motogp\\\/asi-se-fabrican-los-cascos-de-marc-marquez\\\/#breadcrumb\",\"itemListElement\":[{\"@type\":\"ListItem\",\"position\":1,\"name\":\"Home\",\"item\":\"https:\\\/\\\/www.boxrepsol.com\\\/es\\\/\"},{\"@type\":\"ListItem\",\"position\":2,\"name\":\"As\u00ed se fabrican los cascos de Marc M\u00e1rquez\"}]},{\"@type\":\"WebSite\",\"@id\":\"https:\\\/\\\/www.boxrepsol.com\\\/es\\\/#website\",\"url\":\"https:\\\/\\\/www.boxrepsol.com\\\/es\\\/\",\"name\":\"Box Repsol\",\"description\":\"Box Repsol Site\",\"publisher\":{\"@id\":\"https:\\\/\\\/www.boxrepsol.com\\\/es\\\/#organization\"},\"potentialAction\":[{\"@type\":\"SearchAction\",\"target\":{\"@type\":\"EntryPoint\",\"urlTemplate\":\"https:\\\/\\\/www.boxrepsol.com\\\/es\\\/?s={search_term_string}\"},\"query-input\":{\"@type\":\"PropertyValueSpecification\",\"valueRequired\":true,\"valueName\":\"search_term_string\"}}],\"inLanguage\":\"es\"},{\"@type\":\"Organization\",\"@id\":\"https:\\\/\\\/www.boxrepsol.com\\\/es\\\/#organization\",\"name\":\"Box Repsol\",\"url\":\"https:\\\/\\\/www.boxrepsol.com\\\/es\\\/\",\"logo\":{\"@type\":\"ImageObject\",\"inLanguage\":\"es\",\"@id\":\"https:\\\/\\\/www.boxrepsol.com\\\/es\\\/#\\\/schema\\\/logo\\\/image\\\/\",\"url\":\"https:\\\/\\\/bxrepsol.s3.eu-west-1.amazonaws.com\\\/static\\\/2025\\\/07\\\/30083337\\\/favicon-96x96-1.png\",\"contentUrl\":\"https:\\\/\\\/bxrepsol.s3.eu-west-1.amazonaws.com\\\/static\\\/2025\\\/07\\\/30083337\\\/favicon-96x96-1.png\",\"width\":96,\"height\":96,\"caption\":\"Box Repsol\"},\"image\":{\"@id\":\"https:\\\/\\\/www.boxrepsol.com\\\/es\\\/#\\\/schema\\\/logo\\\/image\\\/\"},\"sameAs\":[\"https:\\\/\\\/www.facebook.com\\\/BoxRepsol\",\"https:\\\/\\\/x.com\\\/box_repsol\",\"http:\\\/\\\/instagram.com\\\/box_repsol\",\"https:\\\/\\\/www.youtube.com\\\/user\\\/RepsolCompeticion\",\"https:\\\/\\\/www.flickr.com\\\/photos\\\/box_repsol\\\/\"]},{\"@type\":\"Person\",\"@id\":\"https:\\\/\\\/www.boxrepsol.com\\\/es\\\/#\\\/schema\\\/person\\\/c5c2138f2cca251b0ad92b7086bb60b7\",\"name\":\"Redacci\u00f3n Box Repsol\",\"image\":{\"@type\":\"ImageObject\",\"inLanguage\":\"es\",\"@id\":\"https:\\\/\\\/secure.gravatar.com\\\/avatar\\\/adf7b77e38b4419baf32c7e9c21dde01f4e40df611f0978e3006fc4ba0aaab7e?s=96&d=mm&r=g\",\"url\":\"https:\\\/\\\/secure.gravatar.com\\\/avatar\\\/adf7b77e38b4419baf32c7e9c21dde01f4e40df611f0978e3006fc4ba0aaab7e?s=96&d=mm&r=g\",\"contentUrl\":\"https:\\\/\\\/secure.gravatar.com\\\/avatar\\\/adf7b77e38b4419baf32c7e9c21dde01f4e40df611f0978e3006fc4ba0aaab7e?s=96&d=mm&r=g\",\"caption\":\"Redacci\u00f3n Box Repsol\"},\"description\":\"Box Repsol lo forma un equipo de periodistas, community managers, dise\u00f1adores y fot\u00f3grafos con m\u00e1s de 20 a\u00f1os de experiencia en el mundo del motorsport. Hemos vivido el primer mundial de un espa\u00f1ol en la categor\u00eda reina de motociclismo con \u00c1lex Crivill\u00e9, estuvimos en las victorias de Pedrosa y los t\u00edtulos de M\u00e1rquez, acompa\u00f1amos en \u00c1frica a Nani Roma y Marc Coma en sus conquistas del Dakar y hemos vibrado con los t\u00edtulos de Toni Bou en Trial. Adem\u00e1s, en nuestro equipo contamos con expertos en el mundo de las dos y cuatro ruedas tanto de la calle y las carreteras, como de los circuitos. Periodistas que han trabajado en revistas y publicaciones para hacerte llegar desde rutas y consejos de mantenimiento, a curiosidades y trucos de pilotaje.\",\"sameAs\":[\"https:\\\/\\\/www.facebook.com\\\/BoxRepsol\\\/\",\"https:\\\/\\\/www.instagram.com\\\/box_repsol\\\/\",\"https:\\\/\\\/x.com\\\/https:\\\/\\\/twitter.com\\\/box_repsol\",\"https:\\\/\\\/www.youtube.com\\\/@Boxrepsol\"],\"url\":\"https:\\\/\\\/www.boxrepsol.com\\\/es\\\/author\\\/redaccion-box-repsol\\\/\"}]}<\/script>\n<!-- \/ Yoast SEO plugin. -->","yoast_head_json":{"title":"As\u00ed se fabrican los cascos de Marc M\u00e1rquez - Box Repsol","description":"Tras conocer en el anterior art\u00edculo de esta serie c\u00f3mo se fabrican los cascos de Dani Pedrosa, hablamos esta vez con los m\u00e1ximos responsables de Shoei.","canonical":"https:\/\/www.boxrepsol.com\/es\/motogp\/asi-se-fabrican-los-cascos-de-marc-marquez\/","og_locale":"es_ES","og_type":"article","og_title":"As\u00ed se fabrican los cascos de Marc M\u00e1rquez - Box Repsol","og_description":"Tras conocer en el anterior art\u00edculo de esta serie c\u00f3mo se fabrican los cascos de Dani Pedrosa, hablamos esta vez con los m\u00e1ximos responsables de Shoei.","og_url":"https:\/\/www.boxrepsol.com\/es\/motogp\/asi-se-fabrican-los-cascos-de-marc-marquez\/","og_site_name":"Box Repsol","article_publisher":"https:\/\/www.facebook.com\/BoxRepsol","article_author":"https:\/\/www.facebook.com\/BoxRepsol\/","article_published_time":"2020-12-08T02:00:00+00:00","article_modified_time":"2024-04-19T08:50:10+00:00","og_image":[{"width":995,"height":560,"url":"https:\/\/www.boxrepsol.com\/wp-content\/uploads\/2022\/08\/00_marc_marquez_casco_nuevo_catalunya.jpg","type":"image\/jpeg"}],"author":"Redacci\u00f3n Box Repsol","twitter_card":"summary_large_image","twitter_creator":"@https:\/\/twitter.com\/box_repsol","twitter_site":"@box_repsol","twitter_misc":{"Written by":"Redacci\u00f3n Box Repsol","Est. reading time":"3 minutos"},"schema":{"@context":"https:\/\/schema.org","@graph":[{"@type":"Article","@id":"https:\/\/www.boxrepsol.com\/es\/motogp\/asi-se-fabrican-los-cascos-de-marc-marquez\/#article","isPartOf":{"@id":"https:\/\/www.boxrepsol.com\/es\/motogp\/asi-se-fabrican-los-cascos-de-marc-marquez\/"},"author":{"name":"Redacci\u00f3n Box Repsol","@id":"https:\/\/www.boxrepsol.com\/es\/#\/schema\/person\/c5c2138f2cca251b0ad92b7086bb60b7"},"headline":"As\u00ed se fabrican los cascos de Marc M\u00e1rquez","datePublished":"2020-12-08T02:00:00+00:00","dateModified":"2024-04-19T08:50:10+00:00","mainEntityOfPage":{"@id":"https:\/\/www.boxrepsol.com\/es\/motogp\/asi-se-fabrican-los-cascos-de-marc-marquez\/"},"wordCount":633,"commentCount":0,"publisher":{"@id":"https:\/\/www.boxrepsol.com\/es\/#organization"},"image":{"@id":"https:\/\/www.boxrepsol.com\/es\/motogp\/asi-se-fabrican-los-cascos-de-marc-marquez\/#primaryimage"},"thumbnailUrl":"https:\/\/www.boxrepsol.com\/wp-content\/uploads\/2022\/08\/00_marc_marquez_casco_nuevo_catalunya.jpg","keywords":["equipaci\u00f3n y accesorios moto"],"articleSection":["MotoGP"],"inLanguage":"es","potentialAction":[{"@type":"CommentAction","name":"Comment","target":["https:\/\/www.boxrepsol.com\/es\/motogp\/asi-se-fabrican-los-cascos-de-marc-marquez\/#respond"]}]},{"@type":"WebPage","@id":"https:\/\/www.boxrepsol.com\/es\/motogp\/asi-se-fabrican-los-cascos-de-marc-marquez\/","url":"https:\/\/www.boxrepsol.com\/es\/motogp\/asi-se-fabrican-los-cascos-de-marc-marquez\/","name":"As\u00ed se fabrican los cascos de Marc M\u00e1rquez - Box Repsol","isPartOf":{"@id":"https:\/\/www.boxrepsol.com\/es\/#website"},"primaryImageOfPage":{"@id":"https:\/\/www.boxrepsol.com\/es\/motogp\/asi-se-fabrican-los-cascos-de-marc-marquez\/#primaryimage"},"image":{"@id":"https:\/\/www.boxrepsol.com\/es\/motogp\/asi-se-fabrican-los-cascos-de-marc-marquez\/#primaryimage"},"thumbnailUrl":"https:\/\/www.boxrepsol.com\/wp-content\/uploads\/2022\/08\/00_marc_marquez_casco_nuevo_catalunya.jpg","datePublished":"2020-12-08T02:00:00+00:00","dateModified":"2024-04-19T08:50:10+00:00","description":"Tras conocer en el anterior art\u00edculo de esta serie c\u00f3mo se fabrican los cascos de Dani Pedrosa, hablamos esta vez con los m\u00e1ximos responsables de Shoei.","breadcrumb":{"@id":"https:\/\/www.boxrepsol.com\/es\/motogp\/asi-se-fabrican-los-cascos-de-marc-marquez\/#breadcrumb"},"inLanguage":"es","potentialAction":[{"@type":"ReadAction","target":["https:\/\/www.boxrepsol.com\/es\/motogp\/asi-se-fabrican-los-cascos-de-marc-marquez\/"]}]},{"@type":"ImageObject","inLanguage":"es","@id":"https:\/\/www.boxrepsol.com\/es\/motogp\/asi-se-fabrican-los-cascos-de-marc-marquez\/#primaryimage","url":"https:\/\/www.boxrepsol.com\/wp-content\/uploads\/2022\/08\/00_marc_marquez_casco_nuevo_catalunya.jpg","contentUrl":"https:\/\/www.boxrepsol.com\/wp-content\/uploads\/2022\/08\/00_marc_marquez_casco_nuevo_catalunya.jpg","width":995,"height":560,"caption":"Marc M\u00e1rquez con casco de bot\u00f3n de encendido"},{"@type":"BreadcrumbList","@id":"https:\/\/www.boxrepsol.com\/es\/motogp\/asi-se-fabrican-los-cascos-de-marc-marquez\/#breadcrumb","itemListElement":[{"@type":"ListItem","position":1,"name":"Home","item":"https:\/\/www.boxrepsol.com\/es\/"},{"@type":"ListItem","position":2,"name":"As\u00ed se fabrican los cascos de Marc M\u00e1rquez"}]},{"@type":"WebSite","@id":"https:\/\/www.boxrepsol.com\/es\/#website","url":"https:\/\/www.boxrepsol.com\/es\/","name":"Box Repsol","description":"Box Repsol Site","publisher":{"@id":"https:\/\/www.boxrepsol.com\/es\/#organization"},"potentialAction":[{"@type":"SearchAction","target":{"@type":"EntryPoint","urlTemplate":"https:\/\/www.boxrepsol.com\/es\/?s={search_term_string}"},"query-input":{"@type":"PropertyValueSpecification","valueRequired":true,"valueName":"search_term_string"}}],"inLanguage":"es"},{"@type":"Organization","@id":"https:\/\/www.boxrepsol.com\/es\/#organization","name":"Box Repsol","url":"https:\/\/www.boxrepsol.com\/es\/","logo":{"@type":"ImageObject","inLanguage":"es","@id":"https:\/\/www.boxrepsol.com\/es\/#\/schema\/logo\/image\/","url":"https:\/\/bxrepsol.s3.eu-west-1.amazonaws.com\/static\/2025\/07\/30083337\/favicon-96x96-1.png","contentUrl":"https:\/\/bxrepsol.s3.eu-west-1.amazonaws.com\/static\/2025\/07\/30083337\/favicon-96x96-1.png","width":96,"height":96,"caption":"Box Repsol"},"image":{"@id":"https:\/\/www.boxrepsol.com\/es\/#\/schema\/logo\/image\/"},"sameAs":["https:\/\/www.facebook.com\/BoxRepsol","https:\/\/x.com\/box_repsol","http:\/\/instagram.com\/box_repsol","https:\/\/www.youtube.com\/user\/RepsolCompeticion","https:\/\/www.flickr.com\/photos\/box_repsol\/"]},{"@type":"Person","@id":"https:\/\/www.boxrepsol.com\/es\/#\/schema\/person\/c5c2138f2cca251b0ad92b7086bb60b7","name":"Redacci\u00f3n Box Repsol","image":{"@type":"ImageObject","inLanguage":"es","@id":"https:\/\/secure.gravatar.com\/avatar\/adf7b77e38b4419baf32c7e9c21dde01f4e40df611f0978e3006fc4ba0aaab7e?s=96&d=mm&r=g","url":"https:\/\/secure.gravatar.com\/avatar\/adf7b77e38b4419baf32c7e9c21dde01f4e40df611f0978e3006fc4ba0aaab7e?s=96&d=mm&r=g","contentUrl":"https:\/\/secure.gravatar.com\/avatar\/adf7b77e38b4419baf32c7e9c21dde01f4e40df611f0978e3006fc4ba0aaab7e?s=96&d=mm&r=g","caption":"Redacci\u00f3n Box Repsol"},"description":"Box Repsol lo forma un equipo de periodistas, community managers, dise\u00f1adores y fot\u00f3grafos con m\u00e1s de 20 a\u00f1os de experiencia en el mundo del motorsport. Hemos vivido el primer mundial de un espa\u00f1ol en la categor\u00eda reina de motociclismo con \u00c1lex Crivill\u00e9, estuvimos en las victorias de Pedrosa y los t\u00edtulos de M\u00e1rquez, acompa\u00f1amos en \u00c1frica a Nani Roma y Marc Coma en sus conquistas del Dakar y hemos vibrado con los t\u00edtulos de Toni Bou en Trial. Adem\u00e1s, en nuestro equipo contamos con expertos en el mundo de las dos y cuatro ruedas tanto de la calle y las carreteras, como de los circuitos. Periodistas que han trabajado en revistas y publicaciones para hacerte llegar desde rutas y consejos de mantenimiento, a curiosidades y trucos de pilotaje.","sameAs":["https:\/\/www.facebook.com\/BoxRepsol\/","https:\/\/www.instagram.com\/box_repsol\/","https:\/\/x.com\/https:\/\/twitter.com\/box_repsol","https:\/\/www.youtube.com\/@Boxrepsol"],"url":"https:\/\/www.boxrepsol.com\/es\/author\/redaccion-box-repsol\/"}]}},"_links":{"self":[{"href":"https:\/\/www.boxrepsol.com\/es\/wp-json\/wp\/v2\/posts\/89980","targetHints":{"allow":["GET"]}}],"collection":[{"href":"https:\/\/www.boxrepsol.com\/es\/wp-json\/wp\/v2\/posts"}],"about":[{"href":"https:\/\/www.boxrepsol.com\/es\/wp-json\/wp\/v2\/types\/post"}],"author":[{"embeddable":true,"href":"https:\/\/www.boxrepsol.com\/es\/wp-json\/wp\/v2\/users\/43146"}],"replies":[{"embeddable":true,"href":"https:\/\/www.boxrepsol.com\/es\/wp-json\/wp\/v2\/comments?post=89980"}],"version-history":[{"count":3,"href":"https:\/\/www.boxrepsol.com\/es\/wp-json\/wp\/v2\/posts\/89980\/revisions"}],"predecessor-version":[{"id":99863,"href":"https:\/\/www.boxrepsol.com\/es\/wp-json\/wp\/v2\/posts\/89980\/revisions\/99863"}],"wp:featuredmedia":[{"embeddable":true,"href":"https:\/\/www.boxrepsol.com\/es\/wp-json\/wp\/v2\/media\/85949"}],"wp:attachment":[{"href":"https:\/\/www.boxrepsol.com\/es\/wp-json\/wp\/v2\/media?parent=89980"}],"wp:term":[{"taxonomy":"category","embeddable":true,"href":"https:\/\/www.boxrepsol.com\/es\/wp-json\/wp\/v2\/categories?post=89980"},{"taxonomy":"post_tag","embeddable":true,"href":"https:\/\/www.boxrepsol.com\/es\/wp-json\/wp\/v2\/tags?post=89980"}],"curies":[{"name":"wp","href":"https:\/\/api.w.org\/{rel}","templated":true}]}}