{"id":89968,"date":"2015-02-20T00:00:00","date_gmt":"2015-02-20T02:00:00","guid":{"rendered":"http:\/\/pre.boxrepsol.com\/sin-categorizar\/vestir-y-proteger-la-doble-funcion-del-mono-de-motogp\/"},"modified":"2024-10-03T07:25:07","modified_gmt":"2024-10-03T09:25:07","slug":"vestir-y-proteger-la-doble-funcion-del-mono-de-motogp","status":"publish","type":"post","link":"https:\/\/www.boxrepsol.com\/es\/motogp\/vestir-y-proteger-la-doble-funcion-del-mono-de-motogp\/","title":{"rendered":"Vestir y proteger: la doble funci\u00f3n del mono de MotoGP"},"content":{"rendered":"<p>Pero, \u00bfcu\u00e1ntas piezas gastan los pilotos por GP? \u00bfY c\u00f3mo trabaja el equipo para que en cada GP tengan todo lo que necesitan?<\/p>\n<p>En cada Gran Premio, tanto <strong>Marc M\u00e1rquez<\/strong> como<strong> Dani Pedrosa<\/strong> necesitan algo m\u00e1s que la moto a la hora de salir a pista. Nos referimos, claro, al mono, los guantes y las botas. M\u00e1s all\u00e1 de la simple funci\u00f3n de vestirles con los colores del equipo, Alpinestars se encarga de que todo el material de los pilotos cumpla las garant\u00edas de seguridad exigidas en el Mundial.<\/p>\n<p>\u00bfSab\u00e9is cu\u00e1ntos monos pueden llegar a usar los pilotos del Equipo Repsol en una temporada?<\/p>\n<blockquote>\n<p>. @marcmarquez93 puede gastar hasta 3 juegos de protecciones de codos en un d\u00eda de GP. #MotoGP<\/p><\/blockquote>\n<h3 id=\"tituloDeclaracion\"><strong>4 monos por carrera<br \/>\n<\/strong><\/h3>\n<p><strong>Los pilotos del Equipo Repsol Honda reciben, al menos, cuatro <a href=\"https:\/\/www.boxrepsol.com\/es\/motogp\/6-curiosidades-del-mono-competicion-marc-marquez\/\">monos<\/a> para cada carrera<\/strong>, incluyendo el <strong>sistema de airbag de carreras Tech-Air<\/strong>, adem\u00e1s de <strong>tres pares de botas<\/strong> y un m\u00ednimo de <strong>tres pares de guantes GP Pro<\/strong>.<\/p>\n<p>Igualmente, se entrega tanto a Dani Pedrosa como a Marc M\u00e1quez un <strong>protector de pecho y un <a href=\"https:\/\/www.boxrepsol.com\/es\/motogp\/armaduras-motogp-la-maxima-proteccion-los-pilotos-motogp\/\">protector de espalda<\/a><\/strong> para cada GP. Son piezas trabajadas espec\u00edficamente para responder a las preferencias de cada uno de nuestros pilotos.<\/p>\n<p>A esto se unen cuatro juegos de refuerzos t\u00e9cnicos para el mono con los que completar su equipamiento. Con esto, \u00a1listos para disputar el Gran Premio!<\/p>\n<figure><picture style=\"padding-bottom: 66.640625%; background-image: url('https:\/\/bxrepsol.s3.eu-west-1.amazonaws.com\/static\/2022\/08\/29071245\/35-dani-pedrosa-26-repsol-honda1.jpg');\"> <img decoding=\"async\" src=\"https:\/\/bxrepsol.s3.eu-west-1.amazonaws.com\/static\/2022\/08\/29071245\/35-dani-pedrosa-26-repsol-honda1.jpg\" \/><\/picture>\n<picture style=\"padding-bottom: 66.640625%; background-image: url('https:\/\/bxrepsol.s3.eu-west-1.amazonaws.com\/static\/2022\/08\/29071245\/35-dani-pedrosa-26-repsol-honda1.jpg');\"><img title=\"Pedrosa ajust\u00e1ndose el mono\" alt=\"Pedrosa sonr\u00ede mientras se ajusta el mono\" data-srcset=\"https:\/\/bxrepsol.s3.eu-west-1.amazonaws.com\/static\/2022\/08\/29071245\/35-dani-pedrosa-26-repsol-honda1.jpg 480w, https:\/\/bxrepsol.s3.eu-west-1.amazonaws.com\/static\/2022\/08\/29071245\/35-dani-pedrosa-26-repsol-honda1.jpg 600w, https:\/\/bxrepsol.s3.eu-west-1.amazonaws.com\/static\/2022\/08\/29071245\/35-dani-pedrosa-26-repsol-honda1.jpg 900w, https:\/\/bxrepsol.s3.eu-west-1.amazonaws.com\/static\/2022\/08\/29071245\/35-dani-pedrosa-26-repsol-honda1.jpg 1280w\" data-src=\"https:\/\/bxrepsol.s3.eu-west-1.amazonaws.com\/static\/2022\/08\/29071245\/35-dani-pedrosa-26-repsol-honda1.jpg\" \/><\/picture>\n<noscript><img decoding=\"async\" src=\"https:\/\/bxrepsol.s3.eu-west-1.amazonaws.com\/static\/2022\/08\/29071245\/35-dani-pedrosa-26-repsol-honda1.jpg\" alt=\"Pedrosa sonr\u00ede mientras se ajusta el mono\"><\/noscript><figcaption>Pedrosa sonr\u00ede mientras se ajusta el mono<\/figcaption><\/figure>\n<h3><strong>Rodillas y codos, especialmente sensibles<br \/>\n<\/strong><\/h3>\n<p>En cualquier caso, la suma final de monos, guantes o botas empleadas durante el a\u00f1o no es definitiva. Debemos tener en cuenta que todos los pilotos antes o despu\u00e9s pueden sufrir un accidente durante los entrenamientos o en las carreras, haciendo que <strong>algunas piezas deban ser repuestas inmediatamente<\/strong>.<\/p>\n<p>Lo mismo ocurre con las coderas y las rodilleras, material muy sensible en funci\u00f3n del pilotaje de cada piloto. \u00a1En algunos casos, hay pilotos pueden llegar a usar hasta tres juegos por d\u00eda para proteger estas partes del cuerpo!.<\/p>\n<figure><picture style=\"padding-bottom: 66.640625%; background-image: url('https:\/\/bxrepsol.s3.eu-west-1.amazonaws.com\/static\/2022\/08\/29045529\/36-marc-marquez-bota-motogp.jpg');\"> <img decoding=\"async\" src=\"https:\/\/bxrepsol.s3.eu-west-1.amazonaws.com\/static\/2022\/08\/29045529\/36-marc-marquez-bota-motogp.jpg\" \/><\/picture>\n<picture style=\"padding-bottom: 66.640625%; background-image: url('https:\/\/bxrepsol.s3.eu-west-1.amazonaws.com\/static\/2022\/08\/29045529\/36-marc-marquez-bota-motogp.jpg');\"><img title=\"03 GP Argentina. Termas de Rio Hondo. 16 a 19 de abril de 2015.\" alt=\"botas de Marc M\u00e1rquez\" data-srcset=\"https:\/\/bxrepsol.s3.eu-west-1.amazonaws.com\/static\/2022\/08\/29045529\/36-marc-marquez-bota-motogp.jpg 480w, https:\/\/bxrepsol.s3.eu-west-1.amazonaws.com\/static\/2022\/08\/29045529\/36-marc-marquez-bota-motogp.jpg 600w, https:\/\/bxrepsol.s3.eu-west-1.amazonaws.com\/static\/2022\/08\/29045529\/36-marc-marquez-bota-motogp.jpg 900w, https:\/\/bxrepsol.s3.eu-west-1.amazonaws.com\/static\/2022\/08\/29045529\/36-marc-marquez-bota-motogp.jpg 1280w\" data-src=\"https:\/\/bxrepsol.s3.eu-west-1.amazonaws.com\/static\/2022\/08\/29045529\/36-marc-marquez-bota-motogp.jpg\" \/><\/picture>\n<noscript><img decoding=\"async\" src=\"https:\/\/bxrepsol.s3.eu-west-1.amazonaws.com\/static\/2022\/08\/29045529\/36-marc-marquez-bota-motogp.jpg\" alt=\"botas de Marc M\u00e1rquez\"><\/noscript><figcaption>botas de Marc M\u00e1rquez<\/figcaption><\/figure>\n<h3><strong>Material reutilizable<br \/>\n<\/strong><\/h3>\n<p>En efecto, los monos de MotoGP est\u00e1n pensados y desarrollados para ser especialmente resistentes. Por lo tanto, generalmente <strong>pueden volver a utilizarse de una carrera a otra<\/strong>. Para ello, l\u00f3gicamente, se actualiza el registro de actividad y son limpiados tanto por fuera como por dentro, adem\u00e1s de realizarse exhaustivas revisiones al sistema de airbag.<\/p>\n<p>Si Dani Pedrosa o Marc M\u00e1rquez sufren un accidente en carrera, los trajes se devuelven al Centro de Desarrollo Alpinestars Racing, situado en el norte de Italia, para que se lleve a cabo una inspecci\u00f3n rigurosa de los da\u00f1os y, si es posible, para que se repare. Si se consigue, se actualiza el registro de actividad y el traje se prepara para ser enviado y utilizado en el siguiente Gran Premio.<\/p>\n<figure><picture style=\"padding-bottom: 113.37466784765%; background-image: url('https:\/\/bxrepsol.s3.eu-west-1.amazonaws.com\/static\/2022\/08\/29071247\/37-marc-marquez-93-motogp1.jpg');\"> <img decoding=\"async\" src=\"https:\/\/bxrepsol.s3.eu-west-1.amazonaws.com\/static\/2022\/08\/29071247\/37-marc-marquez-93-motogp1.jpg\" \/><\/picture>\n<picture style=\"padding-bottom: 113.37466784765%; background-image: url('https:\/\/bxrepsol.s3.eu-west-1.amazonaws.com\/static\/2022\/08\/29071247\/37-marc-marquez-93-motogp1.jpg');\"><img title=\"M\u00e1rquez se colora las coderas\" alt=\"M\u00e1rquez descansa en el box del equipo\" data-srcset=\"https:\/\/bxrepsol.s3.eu-west-1.amazonaws.com\/static\/2022\/08\/29071247\/37-marc-marquez-93-motogp1.jpg 480w, https:\/\/bxrepsol.s3.eu-west-1.amazonaws.com\/static\/2022\/08\/29071247\/37-marc-marquez-93-motogp1.jpg 600w, https:\/\/bxrepsol.s3.eu-west-1.amazonaws.com\/static\/2022\/08\/29071247\/37-marc-marquez-93-motogp1.jpg 900w, https:\/\/bxrepsol.s3.eu-west-1.amazonaws.com\/static\/2022\/08\/29071247\/37-marc-marquez-93-motogp1.jpg 1280w\" data-src=\"https:\/\/bxrepsol.s3.eu-west-1.amazonaws.com\/static\/2022\/08\/29071247\/37-marc-marquez-93-motogp1.jpg\" \/><\/picture>\n<noscript><img decoding=\"async\" src=\"https:\/\/bxrepsol.s3.eu-west-1.amazonaws.com\/static\/2022\/08\/29071247\/37-marc-marquez-93-motogp1.jpg\" alt=\"M\u00e1rquez descansa en el box del equipo\"><\/noscript><figcaption>M\u00e1rquez descansa en el box del equipo<\/figcaption><\/figure>\n<h3><strong>Minuciosos en desarrollo y en calendario<br \/>\n<\/strong><\/h3>\n<p>La exactitud en cada paso es una de las reglas b\u00e1sicas a la hora de dise\u00f1ar estas piezas. Primero porque el margen de diferencia entre cada mono, guante o bota debe ser nulo. Es lo que se conoce como un \u201cmargen de tolerancia\u201d escrupulosamente reducido. Todo el equipamiento debe ser id\u00e9ntico.<\/p>\n<p>Debemos pensar que con el nivel de exigencia que deben soportar los pilotos de MotoGP, tanto <strong>la comodidad como su seguridad deben ser m\u00e1ximas<\/strong>. Adem\u00e1s, los pilotos son muy sensibles al m\u00e1s m\u00ednimo cambio, por lo que los protocolos de producci\u00f3n son verdaderamente estrictos a fin de asegurar que todo se hace siguiendo sus peticiones.<\/p>\n<p>El otro aspecto a tener en cuenta es la <a href=\"https:\/\/www.boxrepsol.com\/es\/motogp\/se-lleva-mundial-los-circuitos-la-logistica-motogp\/\">log\u00edstica<\/a>. Todo el equipamiento necesario para cada GP se entrega, en la medida de lo posible, tres d\u00edas antes. Adem\u00e1s, se entrega en mano directamente en el circuito, lo que garantiza la perfecta llegada del material, sin posibles fallos provocados por env\u00edos no controlados.<\/p>\n","protected":false},"excerpt":{"rendered":"<p>Alpinestars es la marca que viste con los colores Repsol Honda a Marc M\u00e1rquez y Dani Pedrosa en el Mundial de MotoGP. La seguridad es uno de los aspectos m\u00e1s trabajados a la hora de dise\u00f1ar sus monos de moto, sus guantes o sus botas.<\/p>\n","protected":false},"author":43146,"featured_media":85943,"comment_status":"open","ping_status":"open","sticky":false,"template":"","format":"standard","meta":{"footnotes":""},"categories":[4],"tags":[131],"class_list":["post-89968","post","type-post","status-publish","format-standard","hentry","category-motogp","tag-equipacion-y-accesorios-moto"],"yoast_head":"<!-- This site is optimized with the Yoast SEO plugin v27.3 - https:\/\/yoast.com\/product\/yoast-seo-wordpress\/ -->\n<title>Vestir y proteger: la doble funci\u00f3n del mono de MotoGP - Box Repsol<\/title>\n<meta name=\"description\" content=\"Alpinestars es la marca que viste con los colores Repsol Honda a Marc M\u00e1rquez y Dani Pedrosa en el Mundial de MotoGP. mono de MotoGP\" \/>\n<link rel=\"canonical\" href=\"https:\/\/www.boxrepsol.com\/es\/motogp\/vestir-y-proteger-la-doble-funcion-del-mono-de-motogp\/\" \/>\n<meta property=\"og:locale\" content=\"es_ES\" \/>\n<meta property=\"og:type\" content=\"article\" \/>\n<meta property=\"og:title\" content=\"Vestir y proteger: la doble funci\u00f3n del mono de MotoGP - Box Repsol\" \/>\n<meta property=\"og:description\" content=\"Alpinestars es la marca que viste con los colores Repsol Honda a Marc M\u00e1rquez y Dani Pedrosa en el Mundial de MotoGP. mono de MotoGP\" \/>\n<meta property=\"og:url\" content=\"https:\/\/www.boxrepsol.com\/es\/motogp\/vestir-y-proteger-la-doble-funcion-del-mono-de-motogp\/\" \/>\n<meta property=\"og:site_name\" content=\"Box Repsol\" \/>\n<meta property=\"article:publisher\" content=\"https:\/\/www.facebook.com\/BoxRepsol\" \/>\n<meta property=\"article:author\" content=\"https:\/\/www.facebook.com\/BoxRepsol\/\" \/>\n<meta property=\"article:published_time\" content=\"2015-02-20T02:00:00+00:00\" \/>\n<meta property=\"article:modified_time\" content=\"2024-10-03T09:25:07+00:00\" \/>\n<meta property=\"og:image\" content=\"https:\/\/www.boxrepsol.com\/wp-content\/uploads\/2022\/08\/34-dani-pedrosa-26-repsol-honda.jpg\" \/>\n\t<meta property=\"og:image:width\" content=\"984\" \/>\n\t<meta property=\"og:image:height\" content=\"412\" \/>\n\t<meta property=\"og:image:type\" content=\"image\/jpeg\" \/>\n<meta name=\"author\" content=\"Redacci\u00f3n Box Repsol\" \/>\n<meta name=\"twitter:card\" content=\"summary_large_image\" \/>\n<meta name=\"twitter:creator\" content=\"@https:\/\/twitter.com\/box_repsol\" \/>\n<meta name=\"twitter:site\" content=\"@box_repsol\" \/>\n<meta name=\"twitter:label1\" content=\"Written by\" \/>\n\t<meta name=\"twitter:data1\" content=\"Redacci\u00f3n Box Repsol\" \/>\n\t<meta name=\"twitter:label2\" content=\"Est. reading time\" \/>\n\t<meta name=\"twitter:data2\" content=\"3 minutos\" \/>\n<script type=\"application\/ld+json\" class=\"yoast-schema-graph\">{\"@context\":\"https:\\\/\\\/schema.org\",\"@graph\":[{\"@type\":\"Article\",\"@id\":\"https:\\\/\\\/www.boxrepsol.com\\\/es\\\/motogp\\\/vestir-y-proteger-la-doble-funcion-del-mono-de-motogp\\\/#article\",\"isPartOf\":{\"@id\":\"https:\\\/\\\/www.boxrepsol.com\\\/es\\\/motogp\\\/vestir-y-proteger-la-doble-funcion-del-mono-de-motogp\\\/\"},\"author\":{\"name\":\"Redacci\u00f3n Box Repsol\",\"@id\":\"https:\\\/\\\/www.boxrepsol.com\\\/es\\\/#\\\/schema\\\/person\\\/c5c2138f2cca251b0ad92b7086bb60b7\"},\"headline\":\"Vestir y proteger: la doble funci\u00f3n del mono de MotoGP\",\"datePublished\":\"2015-02-20T02:00:00+00:00\",\"dateModified\":\"2024-10-03T09:25:07+00:00\",\"mainEntityOfPage\":{\"@id\":\"https:\\\/\\\/www.boxrepsol.com\\\/es\\\/motogp\\\/vestir-y-proteger-la-doble-funcion-del-mono-de-motogp\\\/\"},\"wordCount\":677,\"commentCount\":0,\"publisher\":{\"@id\":\"https:\\\/\\\/www.boxrepsol.com\\\/es\\\/#organization\"},\"image\":{\"@id\":\"https:\\\/\\\/www.boxrepsol.com\\\/es\\\/motogp\\\/vestir-y-proteger-la-doble-funcion-del-mono-de-motogp\\\/#primaryimage\"},\"thumbnailUrl\":\"https:\\\/\\\/www.boxrepsol.com\\\/wp-content\\\/uploads\\\/2022\\\/08\\\/34-dani-pedrosa-26-repsol-honda.jpg\",\"keywords\":[\"equipaci\u00f3n y accesorios moto\"],\"articleSection\":[\"MotoGP\"],\"inLanguage\":\"es\",\"potentialAction\":[{\"@type\":\"CommentAction\",\"name\":\"Comment\",\"target\":[\"https:\\\/\\\/www.boxrepsol.com\\\/es\\\/motogp\\\/vestir-y-proteger-la-doble-funcion-del-mono-de-motogp\\\/#respond\"]}]},{\"@type\":\"WebPage\",\"@id\":\"https:\\\/\\\/www.boxrepsol.com\\\/es\\\/motogp\\\/vestir-y-proteger-la-doble-funcion-del-mono-de-motogp\\\/\",\"url\":\"https:\\\/\\\/www.boxrepsol.com\\\/es\\\/motogp\\\/vestir-y-proteger-la-doble-funcion-del-mono-de-motogp\\\/\",\"name\":\"Vestir y proteger: la doble funci\u00f3n del mono de MotoGP - Box Repsol\",\"isPartOf\":{\"@id\":\"https:\\\/\\\/www.boxrepsol.com\\\/es\\\/#website\"},\"primaryImageOfPage\":{\"@id\":\"https:\\\/\\\/www.boxrepsol.com\\\/es\\\/motogp\\\/vestir-y-proteger-la-doble-funcion-del-mono-de-motogp\\\/#primaryimage\"},\"image\":{\"@id\":\"https:\\\/\\\/www.boxrepsol.com\\\/es\\\/motogp\\\/vestir-y-proteger-la-doble-funcion-del-mono-de-motogp\\\/#primaryimage\"},\"thumbnailUrl\":\"https:\\\/\\\/www.boxrepsol.com\\\/wp-content\\\/uploads\\\/2022\\\/08\\\/34-dani-pedrosa-26-repsol-honda.jpg\",\"datePublished\":\"2015-02-20T02:00:00+00:00\",\"dateModified\":\"2024-10-03T09:25:07+00:00\",\"description\":\"Alpinestars es la marca que viste con los colores Repsol Honda a Marc M\u00e1rquez y Dani Pedrosa en el Mundial de MotoGP. mono de MotoGP\",\"breadcrumb\":{\"@id\":\"https:\\\/\\\/www.boxrepsol.com\\\/es\\\/motogp\\\/vestir-y-proteger-la-doble-funcion-del-mono-de-motogp\\\/#breadcrumb\"},\"inLanguage\":\"es\",\"potentialAction\":[{\"@type\":\"ReadAction\",\"target\":[\"https:\\\/\\\/www.boxrepsol.com\\\/es\\\/motogp\\\/vestir-y-proteger-la-doble-funcion-del-mono-de-motogp\\\/\"]}]},{\"@type\":\"ImageObject\",\"inLanguage\":\"es\",\"@id\":\"https:\\\/\\\/www.boxrepsol.com\\\/es\\\/motogp\\\/vestir-y-proteger-la-doble-funcion-del-mono-de-motogp\\\/#primaryimage\",\"url\":\"https:\\\/\\\/www.boxrepsol.com\\\/wp-content\\\/uploads\\\/2022\\\/08\\\/34-dani-pedrosa-26-repsol-honda.jpg\",\"contentUrl\":\"https:\\\/\\\/www.boxrepsol.com\\\/wp-content\\\/uploads\\\/2022\\\/08\\\/34-dani-pedrosa-26-repsol-honda.jpg\",\"width\":984,\"height\":412,\"caption\":\"Dani Pedrosa en su mono de MotoGP\"},{\"@type\":\"BreadcrumbList\",\"@id\":\"https:\\\/\\\/www.boxrepsol.com\\\/es\\\/motogp\\\/vestir-y-proteger-la-doble-funcion-del-mono-de-motogp\\\/#breadcrumb\",\"itemListElement\":[{\"@type\":\"ListItem\",\"position\":1,\"name\":\"Home\",\"item\":\"https:\\\/\\\/www.boxrepsol.com\\\/es\\\/\"},{\"@type\":\"ListItem\",\"position\":2,\"name\":\"Vestir y proteger: la doble funci\u00f3n del mono de MotoGP\"}]},{\"@type\":\"WebSite\",\"@id\":\"https:\\\/\\\/www.boxrepsol.com\\\/es\\\/#website\",\"url\":\"https:\\\/\\\/www.boxrepsol.com\\\/es\\\/\",\"name\":\"Box Repsol\",\"description\":\"Box Repsol Site\",\"publisher\":{\"@id\":\"https:\\\/\\\/www.boxrepsol.com\\\/es\\\/#organization\"},\"potentialAction\":[{\"@type\":\"SearchAction\",\"target\":{\"@type\":\"EntryPoint\",\"urlTemplate\":\"https:\\\/\\\/www.boxrepsol.com\\\/es\\\/?s={search_term_string}\"},\"query-input\":{\"@type\":\"PropertyValueSpecification\",\"valueRequired\":true,\"valueName\":\"search_term_string\"}}],\"inLanguage\":\"es\"},{\"@type\":\"Organization\",\"@id\":\"https:\\\/\\\/www.boxrepsol.com\\\/es\\\/#organization\",\"name\":\"Box Repsol\",\"url\":\"https:\\\/\\\/www.boxrepsol.com\\\/es\\\/\",\"logo\":{\"@type\":\"ImageObject\",\"inLanguage\":\"es\",\"@id\":\"https:\\\/\\\/www.boxrepsol.com\\\/es\\\/#\\\/schema\\\/logo\\\/image\\\/\",\"url\":\"https:\\\/\\\/bxrepsol.s3.eu-west-1.amazonaws.com\\\/static\\\/2025\\\/07\\\/30083337\\\/favicon-96x96-1.png\",\"contentUrl\":\"https:\\\/\\\/bxrepsol.s3.eu-west-1.amazonaws.com\\\/static\\\/2025\\\/07\\\/30083337\\\/favicon-96x96-1.png\",\"width\":96,\"height\":96,\"caption\":\"Box Repsol\"},\"image\":{\"@id\":\"https:\\\/\\\/www.boxrepsol.com\\\/es\\\/#\\\/schema\\\/logo\\\/image\\\/\"},\"sameAs\":[\"https:\\\/\\\/www.facebook.com\\\/BoxRepsol\",\"https:\\\/\\\/x.com\\\/box_repsol\",\"http:\\\/\\\/instagram.com\\\/box_repsol\",\"https:\\\/\\\/www.youtube.com\\\/user\\\/RepsolCompeticion\",\"https:\\\/\\\/www.flickr.com\\\/photos\\\/box_repsol\\\/\"]},{\"@type\":\"Person\",\"@id\":\"https:\\\/\\\/www.boxrepsol.com\\\/es\\\/#\\\/schema\\\/person\\\/c5c2138f2cca251b0ad92b7086bb60b7\",\"name\":\"Redacci\u00f3n Box Repsol\",\"image\":{\"@type\":\"ImageObject\",\"inLanguage\":\"es\",\"@id\":\"https:\\\/\\\/secure.gravatar.com\\\/avatar\\\/adf7b77e38b4419baf32c7e9c21dde01f4e40df611f0978e3006fc4ba0aaab7e?s=96&d=mm&r=g\",\"url\":\"https:\\\/\\\/secure.gravatar.com\\\/avatar\\\/adf7b77e38b4419baf32c7e9c21dde01f4e40df611f0978e3006fc4ba0aaab7e?s=96&d=mm&r=g\",\"contentUrl\":\"https:\\\/\\\/secure.gravatar.com\\\/avatar\\\/adf7b77e38b4419baf32c7e9c21dde01f4e40df611f0978e3006fc4ba0aaab7e?s=96&d=mm&r=g\",\"caption\":\"Redacci\u00f3n Box Repsol\"},\"description\":\"Box Repsol lo forma un equipo de periodistas, community managers, dise\u00f1adores y fot\u00f3grafos con m\u00e1s de 20 a\u00f1os de experiencia en el mundo del motorsport. Hemos vivido el primer mundial de un espa\u00f1ol en la categor\u00eda reina de motociclismo con \u00c1lex Crivill\u00e9, estuvimos en las victorias de Pedrosa y los t\u00edtulos de M\u00e1rquez, acompa\u00f1amos en \u00c1frica a Nani Roma y Marc Coma en sus conquistas del Dakar y hemos vibrado con los t\u00edtulos de Toni Bou en Trial. Adem\u00e1s, en nuestro equipo contamos con expertos en el mundo de las dos y cuatro ruedas tanto de la calle y las carreteras, como de los circuitos. Periodistas que han trabajado en revistas y publicaciones para hacerte llegar desde rutas y consejos de mantenimiento, a curiosidades y trucos de pilotaje.\",\"sameAs\":[\"https:\\\/\\\/www.facebook.com\\\/BoxRepsol\\\/\",\"https:\\\/\\\/www.instagram.com\\\/box_repsol\\\/\",\"https:\\\/\\\/x.com\\\/https:\\\/\\\/twitter.com\\\/box_repsol\",\"https:\\\/\\\/www.youtube.com\\\/@Boxrepsol\"],\"url\":\"https:\\\/\\\/www.boxrepsol.com\\\/es\\\/author\\\/redaccion-box-repsol\\\/\"}]}<\/script>\n<!-- \/ Yoast SEO plugin. -->","yoast_head_json":{"title":"Vestir y proteger: la doble funci\u00f3n del mono de MotoGP - Box Repsol","description":"Alpinestars es la marca que viste con los colores Repsol Honda a Marc M\u00e1rquez y Dani Pedrosa en el Mundial de MotoGP. mono de MotoGP","canonical":"https:\/\/www.boxrepsol.com\/es\/motogp\/vestir-y-proteger-la-doble-funcion-del-mono-de-motogp\/","og_locale":"es_ES","og_type":"article","og_title":"Vestir y proteger: la doble funci\u00f3n del mono de MotoGP - Box Repsol","og_description":"Alpinestars es la marca que viste con los colores Repsol Honda a Marc M\u00e1rquez y Dani Pedrosa en el Mundial de MotoGP. mono de MotoGP","og_url":"https:\/\/www.boxrepsol.com\/es\/motogp\/vestir-y-proteger-la-doble-funcion-del-mono-de-motogp\/","og_site_name":"Box Repsol","article_publisher":"https:\/\/www.facebook.com\/BoxRepsol","article_author":"https:\/\/www.facebook.com\/BoxRepsol\/","article_published_time":"2015-02-20T02:00:00+00:00","article_modified_time":"2024-10-03T09:25:07+00:00","og_image":[{"width":984,"height":412,"url":"https:\/\/www.boxrepsol.com\/wp-content\/uploads\/2022\/08\/34-dani-pedrosa-26-repsol-honda.jpg","type":"image\/jpeg"}],"author":"Redacci\u00f3n Box Repsol","twitter_card":"summary_large_image","twitter_creator":"@https:\/\/twitter.com\/box_repsol","twitter_site":"@box_repsol","twitter_misc":{"Written by":"Redacci\u00f3n Box Repsol","Est. reading time":"3 minutos"},"schema":{"@context":"https:\/\/schema.org","@graph":[{"@type":"Article","@id":"https:\/\/www.boxrepsol.com\/es\/motogp\/vestir-y-proteger-la-doble-funcion-del-mono-de-motogp\/#article","isPartOf":{"@id":"https:\/\/www.boxrepsol.com\/es\/motogp\/vestir-y-proteger-la-doble-funcion-del-mono-de-motogp\/"},"author":{"name":"Redacci\u00f3n Box Repsol","@id":"https:\/\/www.boxrepsol.com\/es\/#\/schema\/person\/c5c2138f2cca251b0ad92b7086bb60b7"},"headline":"Vestir y proteger: la doble funci\u00f3n del mono de MotoGP","datePublished":"2015-02-20T02:00:00+00:00","dateModified":"2024-10-03T09:25:07+00:00","mainEntityOfPage":{"@id":"https:\/\/www.boxrepsol.com\/es\/motogp\/vestir-y-proteger-la-doble-funcion-del-mono-de-motogp\/"},"wordCount":677,"commentCount":0,"publisher":{"@id":"https:\/\/www.boxrepsol.com\/es\/#organization"},"image":{"@id":"https:\/\/www.boxrepsol.com\/es\/motogp\/vestir-y-proteger-la-doble-funcion-del-mono-de-motogp\/#primaryimage"},"thumbnailUrl":"https:\/\/www.boxrepsol.com\/wp-content\/uploads\/2022\/08\/34-dani-pedrosa-26-repsol-honda.jpg","keywords":["equipaci\u00f3n y accesorios moto"],"articleSection":["MotoGP"],"inLanguage":"es","potentialAction":[{"@type":"CommentAction","name":"Comment","target":["https:\/\/www.boxrepsol.com\/es\/motogp\/vestir-y-proteger-la-doble-funcion-del-mono-de-motogp\/#respond"]}]},{"@type":"WebPage","@id":"https:\/\/www.boxrepsol.com\/es\/motogp\/vestir-y-proteger-la-doble-funcion-del-mono-de-motogp\/","url":"https:\/\/www.boxrepsol.com\/es\/motogp\/vestir-y-proteger-la-doble-funcion-del-mono-de-motogp\/","name":"Vestir y proteger: la doble funci\u00f3n del mono de MotoGP - Box Repsol","isPartOf":{"@id":"https:\/\/www.boxrepsol.com\/es\/#website"},"primaryImageOfPage":{"@id":"https:\/\/www.boxrepsol.com\/es\/motogp\/vestir-y-proteger-la-doble-funcion-del-mono-de-motogp\/#primaryimage"},"image":{"@id":"https:\/\/www.boxrepsol.com\/es\/motogp\/vestir-y-proteger-la-doble-funcion-del-mono-de-motogp\/#primaryimage"},"thumbnailUrl":"https:\/\/www.boxrepsol.com\/wp-content\/uploads\/2022\/08\/34-dani-pedrosa-26-repsol-honda.jpg","datePublished":"2015-02-20T02:00:00+00:00","dateModified":"2024-10-03T09:25:07+00:00","description":"Alpinestars es la marca que viste con los colores Repsol Honda a Marc M\u00e1rquez y Dani Pedrosa en el Mundial de MotoGP. mono de MotoGP","breadcrumb":{"@id":"https:\/\/www.boxrepsol.com\/es\/motogp\/vestir-y-proteger-la-doble-funcion-del-mono-de-motogp\/#breadcrumb"},"inLanguage":"es","potentialAction":[{"@type":"ReadAction","target":["https:\/\/www.boxrepsol.com\/es\/motogp\/vestir-y-proteger-la-doble-funcion-del-mono-de-motogp\/"]}]},{"@type":"ImageObject","inLanguage":"es","@id":"https:\/\/www.boxrepsol.com\/es\/motogp\/vestir-y-proteger-la-doble-funcion-del-mono-de-motogp\/#primaryimage","url":"https:\/\/www.boxrepsol.com\/wp-content\/uploads\/2022\/08\/34-dani-pedrosa-26-repsol-honda.jpg","contentUrl":"https:\/\/www.boxrepsol.com\/wp-content\/uploads\/2022\/08\/34-dani-pedrosa-26-repsol-honda.jpg","width":984,"height":412,"caption":"Dani Pedrosa en su mono de MotoGP"},{"@type":"BreadcrumbList","@id":"https:\/\/www.boxrepsol.com\/es\/motogp\/vestir-y-proteger-la-doble-funcion-del-mono-de-motogp\/#breadcrumb","itemListElement":[{"@type":"ListItem","position":1,"name":"Home","item":"https:\/\/www.boxrepsol.com\/es\/"},{"@type":"ListItem","position":2,"name":"Vestir y proteger: la doble funci\u00f3n del mono de MotoGP"}]},{"@type":"WebSite","@id":"https:\/\/www.boxrepsol.com\/es\/#website","url":"https:\/\/www.boxrepsol.com\/es\/","name":"Box Repsol","description":"Box Repsol Site","publisher":{"@id":"https:\/\/www.boxrepsol.com\/es\/#organization"},"potentialAction":[{"@type":"SearchAction","target":{"@type":"EntryPoint","urlTemplate":"https:\/\/www.boxrepsol.com\/es\/?s={search_term_string}"},"query-input":{"@type":"PropertyValueSpecification","valueRequired":true,"valueName":"search_term_string"}}],"inLanguage":"es"},{"@type":"Organization","@id":"https:\/\/www.boxrepsol.com\/es\/#organization","name":"Box Repsol","url":"https:\/\/www.boxrepsol.com\/es\/","logo":{"@type":"ImageObject","inLanguage":"es","@id":"https:\/\/www.boxrepsol.com\/es\/#\/schema\/logo\/image\/","url":"https:\/\/bxrepsol.s3.eu-west-1.amazonaws.com\/static\/2025\/07\/30083337\/favicon-96x96-1.png","contentUrl":"https:\/\/bxrepsol.s3.eu-west-1.amazonaws.com\/static\/2025\/07\/30083337\/favicon-96x96-1.png","width":96,"height":96,"caption":"Box Repsol"},"image":{"@id":"https:\/\/www.boxrepsol.com\/es\/#\/schema\/logo\/image\/"},"sameAs":["https:\/\/www.facebook.com\/BoxRepsol","https:\/\/x.com\/box_repsol","http:\/\/instagram.com\/box_repsol","https:\/\/www.youtube.com\/user\/RepsolCompeticion","https:\/\/www.flickr.com\/photos\/box_repsol\/"]},{"@type":"Person","@id":"https:\/\/www.boxrepsol.com\/es\/#\/schema\/person\/c5c2138f2cca251b0ad92b7086bb60b7","name":"Redacci\u00f3n Box Repsol","image":{"@type":"ImageObject","inLanguage":"es","@id":"https:\/\/secure.gravatar.com\/avatar\/adf7b77e38b4419baf32c7e9c21dde01f4e40df611f0978e3006fc4ba0aaab7e?s=96&d=mm&r=g","url":"https:\/\/secure.gravatar.com\/avatar\/adf7b77e38b4419baf32c7e9c21dde01f4e40df611f0978e3006fc4ba0aaab7e?s=96&d=mm&r=g","contentUrl":"https:\/\/secure.gravatar.com\/avatar\/adf7b77e38b4419baf32c7e9c21dde01f4e40df611f0978e3006fc4ba0aaab7e?s=96&d=mm&r=g","caption":"Redacci\u00f3n Box Repsol"},"description":"Box Repsol lo forma un equipo de periodistas, community managers, dise\u00f1adores y fot\u00f3grafos con m\u00e1s de 20 a\u00f1os de experiencia en el mundo del motorsport. Hemos vivido el primer mundial de un espa\u00f1ol en la categor\u00eda reina de motociclismo con \u00c1lex Crivill\u00e9, estuvimos en las victorias de Pedrosa y los t\u00edtulos de M\u00e1rquez, acompa\u00f1amos en \u00c1frica a Nani Roma y Marc Coma en sus conquistas del Dakar y hemos vibrado con los t\u00edtulos de Toni Bou en Trial. Adem\u00e1s, en nuestro equipo contamos con expertos en el mundo de las dos y cuatro ruedas tanto de la calle y las carreteras, como de los circuitos. Periodistas que han trabajado en revistas y publicaciones para hacerte llegar desde rutas y consejos de mantenimiento, a curiosidades y trucos de pilotaje.","sameAs":["https:\/\/www.facebook.com\/BoxRepsol\/","https:\/\/www.instagram.com\/box_repsol\/","https:\/\/x.com\/https:\/\/twitter.com\/box_repsol","https:\/\/www.youtube.com\/@Boxrepsol"],"url":"https:\/\/www.boxrepsol.com\/es\/author\/redaccion-box-repsol\/"}]}},"_links":{"self":[{"href":"https:\/\/www.boxrepsol.com\/es\/wp-json\/wp\/v2\/posts\/89968","targetHints":{"allow":["GET"]}}],"collection":[{"href":"https:\/\/www.boxrepsol.com\/es\/wp-json\/wp\/v2\/posts"}],"about":[{"href":"https:\/\/www.boxrepsol.com\/es\/wp-json\/wp\/v2\/types\/post"}],"author":[{"embeddable":true,"href":"https:\/\/www.boxrepsol.com\/es\/wp-json\/wp\/v2\/users\/43146"}],"replies":[{"embeddable":true,"href":"https:\/\/www.boxrepsol.com\/es\/wp-json\/wp\/v2\/comments?post=89968"}],"version-history":[{"count":3,"href":"https:\/\/www.boxrepsol.com\/es\/wp-json\/wp\/v2\/posts\/89968\/revisions"}],"predecessor-version":[{"id":120336,"href":"https:\/\/www.boxrepsol.com\/es\/wp-json\/wp\/v2\/posts\/89968\/revisions\/120336"}],"wp:featuredmedia":[{"embeddable":true,"href":"https:\/\/www.boxrepsol.com\/es\/wp-json\/wp\/v2\/media\/85943"}],"wp:attachment":[{"href":"https:\/\/www.boxrepsol.com\/es\/wp-json\/wp\/v2\/media?parent=89968"}],"wp:term":[{"taxonomy":"category","embeddable":true,"href":"https:\/\/www.boxrepsol.com\/es\/wp-json\/wp\/v2\/categories?post=89968"},{"taxonomy":"post_tag","embeddable":true,"href":"https:\/\/www.boxrepsol.com\/es\/wp-json\/wp\/v2\/tags?post=89968"}],"curies":[{"name":"wp","href":"https:\/\/api.w.org\/{rel}","templated":true}]}}