{"id":89966,"date":"2015-12-23T00:00:00","date_gmt":"2015-12-23T02:00:00","guid":{"rendered":"http:\/\/pre.boxrepsol.com\/sin-categorizar\/aron-canet-la-joven-promesa-de-la-monlau-repsol-technical-school\/"},"modified":"2024-05-07T05:53:27","modified_gmt":"2024-05-07T07:53:27","slug":"aron-canet-la-joven-promesa-de-la-monlau-repsol-technical-school","status":"publish","type":"post","link":"https:\/\/www.boxrepsol.com\/es\/motogp\/aron-canet-la-joven-promesa-de-la-monlau-repsol-technical-school\/","title":{"rendered":"Ar\u00f3n Canet, la joven promesa de la Monlau Repsol Technical School"},"content":{"rendered":"<blockquote>\n<p>Aron Canet debutar\u00e1 en #Moto3 despu\u00e9s de completar una fant\u00e1stica temporada en el #FIMCEVRepsol\n<\/p>\n<p>            <a href=\"http:\/\/twitter.com\/share?text=Aron+Canet+debutar%C3%A1+en+%23Moto3+despu%C3%A9s+de+completar+una+fant%C3%A1stica+temporada+en+el+%23FIMCEVRepsol%0A&#038;url=http%3A%2F%2F34.249.211.158%2Fes%2Fmoto3%2Faron-canet-la-joven-promesa-de-la-monlau-repsol-technical-school%2F&#038;hashtags=\" target=\"_blank\" rel=\"noopener\"><br \/>\n            twittear        <\/a>\n        <\/p><\/blockquote>\n<h3><strong>Grandes resultados desde sus inicios<br \/>\n<\/strong><\/h3>\n<p>Aron es un piloto que empez\u00f3 a despuntar en el mundo del motociclismo desde muy peque\u00f1o. Nacido en la localidad valenciana de Corbera,\u00a0 <strong>con tan solo 13 a\u00f1os se proclam\u00f3 Campe\u00f3n de Espa\u00f1a en la categor\u00eda de 80cc<\/strong>. Un a\u00f1o despu\u00e9s, volvi\u00f3 a demostrar su gran talento conquistando el <strong>Campeonato de Espa\u00f1a de PreMoto3<\/strong>: gan\u00f3 cinco de las seis carreras disputadas y bati\u00f3 el r\u00e9cord del circuito de Jerez y Albacete.<\/p>\n<p>Se trata de uno de los <strong>j\u00f3venes talentos del motociclismo actual<\/strong>. Tiene 16 a\u00f1os y esta misma temporada\u00a0 ha conseguido terminar en el podio en las ocho carreras que ha disputado del FIM CEV REPSOL. Adem\u00e1s, en cuatro de ellas ha logrado llevarse la victoria, con un pilotaje espectacular.<\/p>\n<p>Tras un gran inicio en el que lideraba la competici\u00f3n con autoridad, una lesi\u00f3n en el pie le hizo perderse tres carreras. El piloto valenciano pudo regresar al <strong>FIM CEV REPSOL<\/strong> en la \u00faltima carrera y consigui\u00f3 terminar el Campeonato con un segundo puesto en Cheste que le permiti\u00f3 finalizar tercero en la clasificaci\u00f3n general.<\/p>\n<p>\t\t\t\t<img decoding=\"async\" src=\"https:\/\/bxrepsol.s3.eu-west-1.amazonaws.com\/static\/2022\/08\/29045509\/33-aron-canet-moto3-estrella-galicia-repsol-honda-monlau-scaled.jpg\" alt=\"33-aron-canet-moto3-estrella-galicia-repsol-honda-monlau\" itemprop=\"image\"  \/><\/p>\n<h3><strong>Nueva etapa en Moto3<br \/>\n<\/strong><\/h3>\n<p>Ahora comienza una nueva etapa <strong>mundialista en Moto3<\/strong> de la mano de la Monlau Repsol Technical School.\u00a0 Tiene por delante\u00a0 una temporada llena de ilusiones y aprendizajes para el futuro. Adem\u00e1s compartir\u00e1\u00a0 box con <strong>Jorge Navarro<\/strong> tras su gran primer a\u00f1o en la categor\u00eda.<\/p>\n<p>Aron Canet est\u00e1 muy agradecido a la <strong>Monlau Repsol Technical School<\/strong>\u00a0\u00a0 \u201cEstoy muy contento por la oportunidad. Quiero agradecer a mi equipo la confianza que est\u00e1n depositando en m\u00ed para aprender y seguir creciendo como piloto en el Mundial de Motociclismo\u00bb.<\/p>\n<p>Se abre ante \u00e9l una temporada de aprendizaje, para un piloto de gran talento que dar\u00e1, a buen seguro, muchas alegr\u00edas a los amantes del motor.<\/p>\n","protected":false},"excerpt":{"rendered":"<p>El valenciano afrontar\u00e1 en 2016 su primera temporada en el Mundial, en la categor\u00eda Moto3, con el objetivo de seguir aprendiendo.<\/p>\n","protected":false},"author":43146,"featured_media":85935,"comment_status":"open","ping_status":"open","sticky":false,"template":"","format":"standard","meta":{"footnotes":""},"categories":[4],"tags":[11],"class_list":["post-89966","post","type-post","status-publish","format-standard","hentry","category-motogp","tag-aron-canet"],"yoast_head":"<!-- This site is optimized with the Yoast SEO plugin v27.3 - https:\/\/yoast.com\/product\/yoast-seo-wordpress\/ -->\n<title>Ar\u00f3n Canet, la joven promesa de la Monlau Repsol Technical School - Box Repsol<\/title>\n<meta name=\"description\" content=\"El valenciano afrontar\u00e1 en 2016 su primera temporada en el Mundial, en la categor\u00eda Moto3, con el objetivo de seguir aprendiendo.\" \/>\n<link rel=\"canonical\" href=\"https:\/\/www.boxrepsol.com\/es\/motogp\/aron-canet-la-joven-promesa-de-la-monlau-repsol-technical-school\/\" \/>\n<meta property=\"og:locale\" content=\"es_ES\" \/>\n<meta property=\"og:type\" content=\"article\" \/>\n<meta property=\"og:title\" content=\"Ar\u00f3n Canet, la joven promesa de la Monlau Repsol Technical School - Box Repsol\" \/>\n<meta property=\"og:description\" content=\"El valenciano afrontar\u00e1 en 2016 su primera temporada en el Mundial, en la categor\u00eda Moto3, con el objetivo de seguir aprendiendo.\" \/>\n<meta property=\"og:url\" content=\"https:\/\/www.boxrepsol.com\/es\/motogp\/aron-canet-la-joven-promesa-de-la-monlau-repsol-technical-school\/\" \/>\n<meta property=\"og:site_name\" content=\"Box Repsol\" \/>\n<meta property=\"article:publisher\" content=\"https:\/\/www.facebook.com\/BoxRepsol\" \/>\n<meta property=\"article:author\" content=\"https:\/\/www.facebook.com\/BoxRepsol\/\" \/>\n<meta property=\"article:published_time\" content=\"2015-12-23T02:00:00+00:00\" \/>\n<meta property=\"article:modified_time\" content=\"2024-05-07T07:53:27+00:00\" \/>\n<meta property=\"og:image\" content=\"https:\/\/www.boxrepsol.com\/wp-content\/uploads\/2022\/08\/32-aron-canet-monlau-repsol.jpg\" \/>\n\t<meta property=\"og:image:width\" content=\"1024\" \/>\n\t<meta property=\"og:image:height\" content=\"429\" \/>\n\t<meta property=\"og:image:type\" content=\"image\/jpeg\" \/>\n<meta name=\"author\" content=\"Redacci\u00f3n Box Repsol\" \/>\n<meta name=\"twitter:card\" content=\"summary_large_image\" \/>\n<meta name=\"twitter:creator\" content=\"@https:\/\/twitter.com\/box_repsol\" \/>\n<meta name=\"twitter:site\" content=\"@box_repsol\" \/>\n<meta name=\"twitter:label1\" content=\"Written by\" \/>\n\t<meta name=\"twitter:data1\" content=\"Redacci\u00f3n Box Repsol\" \/>\n\t<meta name=\"twitter:label2\" content=\"Est. reading time\" \/>\n\t<meta name=\"twitter:data2\" content=\"2 minutos\" \/>\n<script type=\"application\/ld+json\" class=\"yoast-schema-graph\">{\"@context\":\"https:\\\/\\\/schema.org\",\"@graph\":[{\"@type\":\"Article\",\"@id\":\"https:\\\/\\\/www.boxrepsol.com\\\/es\\\/motogp\\\/aron-canet-la-joven-promesa-de-la-monlau-repsol-technical-school\\\/#article\",\"isPartOf\":{\"@id\":\"https:\\\/\\\/www.boxrepsol.com\\\/es\\\/motogp\\\/aron-canet-la-joven-promesa-de-la-monlau-repsol-technical-school\\\/\"},\"author\":{\"name\":\"Redacci\u00f3n Box Repsol\",\"@id\":\"https:\\\/\\\/www.boxrepsol.com\\\/es\\\/#\\\/schema\\\/person\\\/c5c2138f2cca251b0ad92b7086bb60b7\"},\"headline\":\"Ar\u00f3n Canet, la joven promesa de la Monlau Repsol Technical School\",\"datePublished\":\"2015-12-23T02:00:00+00:00\",\"dateModified\":\"2024-05-07T07:53:27+00:00\",\"mainEntityOfPage\":{\"@id\":\"https:\\\/\\\/www.boxrepsol.com\\\/es\\\/motogp\\\/aron-canet-la-joven-promesa-de-la-monlau-repsol-technical-school\\\/\"},\"wordCount\":342,\"commentCount\":0,\"publisher\":{\"@id\":\"https:\\\/\\\/www.boxrepsol.com\\\/es\\\/#organization\"},\"image\":{\"@id\":\"https:\\\/\\\/www.boxrepsol.com\\\/es\\\/motogp\\\/aron-canet-la-joven-promesa-de-la-monlau-repsol-technical-school\\\/#primaryimage\"},\"thumbnailUrl\":\"https:\\\/\\\/www.boxrepsol.com\\\/wp-content\\\/uploads\\\/2022\\\/08\\\/32-aron-canet-monlau-repsol.jpg\",\"keywords\":[\"Ar\u00f3n Canet\"],\"articleSection\":[\"MotoGP\"],\"inLanguage\":\"es\",\"potentialAction\":[{\"@type\":\"CommentAction\",\"name\":\"Comment\",\"target\":[\"https:\\\/\\\/www.boxrepsol.com\\\/es\\\/motogp\\\/aron-canet-la-joven-promesa-de-la-monlau-repsol-technical-school\\\/#respond\"]}]},{\"@type\":\"WebPage\",\"@id\":\"https:\\\/\\\/www.boxrepsol.com\\\/es\\\/motogp\\\/aron-canet-la-joven-promesa-de-la-monlau-repsol-technical-school\\\/\",\"url\":\"https:\\\/\\\/www.boxrepsol.com\\\/es\\\/motogp\\\/aron-canet-la-joven-promesa-de-la-monlau-repsol-technical-school\\\/\",\"name\":\"Ar\u00f3n Canet, la joven promesa de la Monlau Repsol Technical School - Box Repsol\",\"isPartOf\":{\"@id\":\"https:\\\/\\\/www.boxrepsol.com\\\/es\\\/#website\"},\"primaryImageOfPage\":{\"@id\":\"https:\\\/\\\/www.boxrepsol.com\\\/es\\\/motogp\\\/aron-canet-la-joven-promesa-de-la-monlau-repsol-technical-school\\\/#primaryimage\"},\"image\":{\"@id\":\"https:\\\/\\\/www.boxrepsol.com\\\/es\\\/motogp\\\/aron-canet-la-joven-promesa-de-la-monlau-repsol-technical-school\\\/#primaryimage\"},\"thumbnailUrl\":\"https:\\\/\\\/www.boxrepsol.com\\\/wp-content\\\/uploads\\\/2022\\\/08\\\/32-aron-canet-monlau-repsol.jpg\",\"datePublished\":\"2015-12-23T02:00:00+00:00\",\"dateModified\":\"2024-05-07T07:53:27+00:00\",\"description\":\"El valenciano afrontar\u00e1 en 2016 su primera temporada en el Mundial, en la categor\u00eda Moto3, con el objetivo de seguir aprendiendo.\",\"breadcrumb\":{\"@id\":\"https:\\\/\\\/www.boxrepsol.com\\\/es\\\/motogp\\\/aron-canet-la-joven-promesa-de-la-monlau-repsol-technical-school\\\/#breadcrumb\"},\"inLanguage\":\"es\",\"potentialAction\":[{\"@type\":\"ReadAction\",\"target\":[\"https:\\\/\\\/www.boxrepsol.com\\\/es\\\/motogp\\\/aron-canet-la-joven-promesa-de-la-monlau-repsol-technical-school\\\/\"]}]},{\"@type\":\"ImageObject\",\"inLanguage\":\"es\",\"@id\":\"https:\\\/\\\/www.boxrepsol.com\\\/es\\\/motogp\\\/aron-canet-la-joven-promesa-de-la-monlau-repsol-technical-school\\\/#primaryimage\",\"url\":\"https:\\\/\\\/www.boxrepsol.com\\\/wp-content\\\/uploads\\\/2022\\\/08\\\/32-aron-canet-monlau-repsol.jpg\",\"contentUrl\":\"https:\\\/\\\/www.boxrepsol.com\\\/wp-content\\\/uploads\\\/2022\\\/08\\\/32-aron-canet-monlau-repsol.jpg\",\"width\":1024,\"height\":429,\"caption\":\"Ar\u00f3n Canet en el podio\"},{\"@type\":\"BreadcrumbList\",\"@id\":\"https:\\\/\\\/www.boxrepsol.com\\\/es\\\/motogp\\\/aron-canet-la-joven-promesa-de-la-monlau-repsol-technical-school\\\/#breadcrumb\",\"itemListElement\":[{\"@type\":\"ListItem\",\"position\":1,\"name\":\"Home\",\"item\":\"https:\\\/\\\/www.boxrepsol.com\\\/es\\\/\"},{\"@type\":\"ListItem\",\"position\":2,\"name\":\"Ar\u00f3n Canet, la joven promesa de la Monlau Repsol Technical School\"}]},{\"@type\":\"WebSite\",\"@id\":\"https:\\\/\\\/www.boxrepsol.com\\\/es\\\/#website\",\"url\":\"https:\\\/\\\/www.boxrepsol.com\\\/es\\\/\",\"name\":\"Box Repsol\",\"description\":\"Box Repsol Site\",\"publisher\":{\"@id\":\"https:\\\/\\\/www.boxrepsol.com\\\/es\\\/#organization\"},\"potentialAction\":[{\"@type\":\"SearchAction\",\"target\":{\"@type\":\"EntryPoint\",\"urlTemplate\":\"https:\\\/\\\/www.boxrepsol.com\\\/es\\\/?s={search_term_string}\"},\"query-input\":{\"@type\":\"PropertyValueSpecification\",\"valueRequired\":true,\"valueName\":\"search_term_string\"}}],\"inLanguage\":\"es\"},{\"@type\":\"Organization\",\"@id\":\"https:\\\/\\\/www.boxrepsol.com\\\/es\\\/#organization\",\"name\":\"Box Repsol\",\"url\":\"https:\\\/\\\/www.boxrepsol.com\\\/es\\\/\",\"logo\":{\"@type\":\"ImageObject\",\"inLanguage\":\"es\",\"@id\":\"https:\\\/\\\/www.boxrepsol.com\\\/es\\\/#\\\/schema\\\/logo\\\/image\\\/\",\"url\":\"https:\\\/\\\/bxrepsol.s3.eu-west-1.amazonaws.com\\\/static\\\/2025\\\/07\\\/30083337\\\/favicon-96x96-1.png\",\"contentUrl\":\"https:\\\/\\\/bxrepsol.s3.eu-west-1.amazonaws.com\\\/static\\\/2025\\\/07\\\/30083337\\\/favicon-96x96-1.png\",\"width\":96,\"height\":96,\"caption\":\"Box Repsol\"},\"image\":{\"@id\":\"https:\\\/\\\/www.boxrepsol.com\\\/es\\\/#\\\/schema\\\/logo\\\/image\\\/\"},\"sameAs\":[\"https:\\\/\\\/www.facebook.com\\\/BoxRepsol\",\"https:\\\/\\\/x.com\\\/box_repsol\",\"http:\\\/\\\/instagram.com\\\/box_repsol\",\"https:\\\/\\\/www.youtube.com\\\/user\\\/RepsolCompeticion\",\"https:\\\/\\\/www.flickr.com\\\/photos\\\/box_repsol\\\/\"]},{\"@type\":\"Person\",\"@id\":\"https:\\\/\\\/www.boxrepsol.com\\\/es\\\/#\\\/schema\\\/person\\\/c5c2138f2cca251b0ad92b7086bb60b7\",\"name\":\"Redacci\u00f3n Box Repsol\",\"image\":{\"@type\":\"ImageObject\",\"inLanguage\":\"es\",\"@id\":\"https:\\\/\\\/secure.gravatar.com\\\/avatar\\\/adf7b77e38b4419baf32c7e9c21dde01f4e40df611f0978e3006fc4ba0aaab7e?s=96&d=mm&r=g\",\"url\":\"https:\\\/\\\/secure.gravatar.com\\\/avatar\\\/adf7b77e38b4419baf32c7e9c21dde01f4e40df611f0978e3006fc4ba0aaab7e?s=96&d=mm&r=g\",\"contentUrl\":\"https:\\\/\\\/secure.gravatar.com\\\/avatar\\\/adf7b77e38b4419baf32c7e9c21dde01f4e40df611f0978e3006fc4ba0aaab7e?s=96&d=mm&r=g\",\"caption\":\"Redacci\u00f3n Box Repsol\"},\"description\":\"Box Repsol lo forma un equipo de periodistas, community managers, dise\u00f1adores y fot\u00f3grafos con m\u00e1s de 20 a\u00f1os de experiencia en el mundo del motorsport. Hemos vivido el primer mundial de un espa\u00f1ol en la categor\u00eda reina de motociclismo con \u00c1lex Crivill\u00e9, estuvimos en las victorias de Pedrosa y los t\u00edtulos de M\u00e1rquez, acompa\u00f1amos en \u00c1frica a Nani Roma y Marc Coma en sus conquistas del Dakar y hemos vibrado con los t\u00edtulos de Toni Bou en Trial. Adem\u00e1s, en nuestro equipo contamos con expertos en el mundo de las dos y cuatro ruedas tanto de la calle y las carreteras, como de los circuitos. Periodistas que han trabajado en revistas y publicaciones para hacerte llegar desde rutas y consejos de mantenimiento, a curiosidades y trucos de pilotaje.\",\"sameAs\":[\"https:\\\/\\\/www.facebook.com\\\/BoxRepsol\\\/\",\"https:\\\/\\\/www.instagram.com\\\/box_repsol\\\/\",\"https:\\\/\\\/x.com\\\/https:\\\/\\\/twitter.com\\\/box_repsol\",\"https:\\\/\\\/www.youtube.com\\\/@Boxrepsol\"],\"url\":\"https:\\\/\\\/www.boxrepsol.com\\\/es\\\/author\\\/redaccion-box-repsol\\\/\"}]}<\/script>\n<!-- \/ Yoast SEO plugin. -->","yoast_head_json":{"title":"Ar\u00f3n Canet, la joven promesa de la Monlau Repsol Technical School - Box Repsol","description":"El valenciano afrontar\u00e1 en 2016 su primera temporada en el Mundial, en la categor\u00eda Moto3, con el objetivo de seguir aprendiendo.","canonical":"https:\/\/www.boxrepsol.com\/es\/motogp\/aron-canet-la-joven-promesa-de-la-monlau-repsol-technical-school\/","og_locale":"es_ES","og_type":"article","og_title":"Ar\u00f3n Canet, la joven promesa de la Monlau Repsol Technical School - Box Repsol","og_description":"El valenciano afrontar\u00e1 en 2016 su primera temporada en el Mundial, en la categor\u00eda Moto3, con el objetivo de seguir aprendiendo.","og_url":"https:\/\/www.boxrepsol.com\/es\/motogp\/aron-canet-la-joven-promesa-de-la-monlau-repsol-technical-school\/","og_site_name":"Box Repsol","article_publisher":"https:\/\/www.facebook.com\/BoxRepsol","article_author":"https:\/\/www.facebook.com\/BoxRepsol\/","article_published_time":"2015-12-23T02:00:00+00:00","article_modified_time":"2024-05-07T07:53:27+00:00","og_image":[{"width":1024,"height":429,"url":"https:\/\/www.boxrepsol.com\/wp-content\/uploads\/2022\/08\/32-aron-canet-monlau-repsol.jpg","type":"image\/jpeg"}],"author":"Redacci\u00f3n Box Repsol","twitter_card":"summary_large_image","twitter_creator":"@https:\/\/twitter.com\/box_repsol","twitter_site":"@box_repsol","twitter_misc":{"Written by":"Redacci\u00f3n Box Repsol","Est. reading time":"2 minutos"},"schema":{"@context":"https:\/\/schema.org","@graph":[{"@type":"Article","@id":"https:\/\/www.boxrepsol.com\/es\/motogp\/aron-canet-la-joven-promesa-de-la-monlau-repsol-technical-school\/#article","isPartOf":{"@id":"https:\/\/www.boxrepsol.com\/es\/motogp\/aron-canet-la-joven-promesa-de-la-monlau-repsol-technical-school\/"},"author":{"name":"Redacci\u00f3n Box Repsol","@id":"https:\/\/www.boxrepsol.com\/es\/#\/schema\/person\/c5c2138f2cca251b0ad92b7086bb60b7"},"headline":"Ar\u00f3n Canet, la joven promesa de la Monlau Repsol Technical School","datePublished":"2015-12-23T02:00:00+00:00","dateModified":"2024-05-07T07:53:27+00:00","mainEntityOfPage":{"@id":"https:\/\/www.boxrepsol.com\/es\/motogp\/aron-canet-la-joven-promesa-de-la-monlau-repsol-technical-school\/"},"wordCount":342,"commentCount":0,"publisher":{"@id":"https:\/\/www.boxrepsol.com\/es\/#organization"},"image":{"@id":"https:\/\/www.boxrepsol.com\/es\/motogp\/aron-canet-la-joven-promesa-de-la-monlau-repsol-technical-school\/#primaryimage"},"thumbnailUrl":"https:\/\/www.boxrepsol.com\/wp-content\/uploads\/2022\/08\/32-aron-canet-monlau-repsol.jpg","keywords":["Ar\u00f3n Canet"],"articleSection":["MotoGP"],"inLanguage":"es","potentialAction":[{"@type":"CommentAction","name":"Comment","target":["https:\/\/www.boxrepsol.com\/es\/motogp\/aron-canet-la-joven-promesa-de-la-monlau-repsol-technical-school\/#respond"]}]},{"@type":"WebPage","@id":"https:\/\/www.boxrepsol.com\/es\/motogp\/aron-canet-la-joven-promesa-de-la-monlau-repsol-technical-school\/","url":"https:\/\/www.boxrepsol.com\/es\/motogp\/aron-canet-la-joven-promesa-de-la-monlau-repsol-technical-school\/","name":"Ar\u00f3n Canet, la joven promesa de la Monlau Repsol Technical School - Box Repsol","isPartOf":{"@id":"https:\/\/www.boxrepsol.com\/es\/#website"},"primaryImageOfPage":{"@id":"https:\/\/www.boxrepsol.com\/es\/motogp\/aron-canet-la-joven-promesa-de-la-monlau-repsol-technical-school\/#primaryimage"},"image":{"@id":"https:\/\/www.boxrepsol.com\/es\/motogp\/aron-canet-la-joven-promesa-de-la-monlau-repsol-technical-school\/#primaryimage"},"thumbnailUrl":"https:\/\/www.boxrepsol.com\/wp-content\/uploads\/2022\/08\/32-aron-canet-monlau-repsol.jpg","datePublished":"2015-12-23T02:00:00+00:00","dateModified":"2024-05-07T07:53:27+00:00","description":"El valenciano afrontar\u00e1 en 2016 su primera temporada en el Mundial, en la categor\u00eda Moto3, con el objetivo de seguir aprendiendo.","breadcrumb":{"@id":"https:\/\/www.boxrepsol.com\/es\/motogp\/aron-canet-la-joven-promesa-de-la-monlau-repsol-technical-school\/#breadcrumb"},"inLanguage":"es","potentialAction":[{"@type":"ReadAction","target":["https:\/\/www.boxrepsol.com\/es\/motogp\/aron-canet-la-joven-promesa-de-la-monlau-repsol-technical-school\/"]}]},{"@type":"ImageObject","inLanguage":"es","@id":"https:\/\/www.boxrepsol.com\/es\/motogp\/aron-canet-la-joven-promesa-de-la-monlau-repsol-technical-school\/#primaryimage","url":"https:\/\/www.boxrepsol.com\/wp-content\/uploads\/2022\/08\/32-aron-canet-monlau-repsol.jpg","contentUrl":"https:\/\/www.boxrepsol.com\/wp-content\/uploads\/2022\/08\/32-aron-canet-monlau-repsol.jpg","width":1024,"height":429,"caption":"Ar\u00f3n Canet en el podio"},{"@type":"BreadcrumbList","@id":"https:\/\/www.boxrepsol.com\/es\/motogp\/aron-canet-la-joven-promesa-de-la-monlau-repsol-technical-school\/#breadcrumb","itemListElement":[{"@type":"ListItem","position":1,"name":"Home","item":"https:\/\/www.boxrepsol.com\/es\/"},{"@type":"ListItem","position":2,"name":"Ar\u00f3n Canet, la joven promesa de la Monlau Repsol Technical School"}]},{"@type":"WebSite","@id":"https:\/\/www.boxrepsol.com\/es\/#website","url":"https:\/\/www.boxrepsol.com\/es\/","name":"Box Repsol","description":"Box Repsol Site","publisher":{"@id":"https:\/\/www.boxrepsol.com\/es\/#organization"},"potentialAction":[{"@type":"SearchAction","target":{"@type":"EntryPoint","urlTemplate":"https:\/\/www.boxrepsol.com\/es\/?s={search_term_string}"},"query-input":{"@type":"PropertyValueSpecification","valueRequired":true,"valueName":"search_term_string"}}],"inLanguage":"es"},{"@type":"Organization","@id":"https:\/\/www.boxrepsol.com\/es\/#organization","name":"Box Repsol","url":"https:\/\/www.boxrepsol.com\/es\/","logo":{"@type":"ImageObject","inLanguage":"es","@id":"https:\/\/www.boxrepsol.com\/es\/#\/schema\/logo\/image\/","url":"https:\/\/bxrepsol.s3.eu-west-1.amazonaws.com\/static\/2025\/07\/30083337\/favicon-96x96-1.png","contentUrl":"https:\/\/bxrepsol.s3.eu-west-1.amazonaws.com\/static\/2025\/07\/30083337\/favicon-96x96-1.png","width":96,"height":96,"caption":"Box Repsol"},"image":{"@id":"https:\/\/www.boxrepsol.com\/es\/#\/schema\/logo\/image\/"},"sameAs":["https:\/\/www.facebook.com\/BoxRepsol","https:\/\/x.com\/box_repsol","http:\/\/instagram.com\/box_repsol","https:\/\/www.youtube.com\/user\/RepsolCompeticion","https:\/\/www.flickr.com\/photos\/box_repsol\/"]},{"@type":"Person","@id":"https:\/\/www.boxrepsol.com\/es\/#\/schema\/person\/c5c2138f2cca251b0ad92b7086bb60b7","name":"Redacci\u00f3n Box Repsol","image":{"@type":"ImageObject","inLanguage":"es","@id":"https:\/\/secure.gravatar.com\/avatar\/adf7b77e38b4419baf32c7e9c21dde01f4e40df611f0978e3006fc4ba0aaab7e?s=96&d=mm&r=g","url":"https:\/\/secure.gravatar.com\/avatar\/adf7b77e38b4419baf32c7e9c21dde01f4e40df611f0978e3006fc4ba0aaab7e?s=96&d=mm&r=g","contentUrl":"https:\/\/secure.gravatar.com\/avatar\/adf7b77e38b4419baf32c7e9c21dde01f4e40df611f0978e3006fc4ba0aaab7e?s=96&d=mm&r=g","caption":"Redacci\u00f3n Box Repsol"},"description":"Box Repsol lo forma un equipo de periodistas, community managers, dise\u00f1adores y fot\u00f3grafos con m\u00e1s de 20 a\u00f1os de experiencia en el mundo del motorsport. Hemos vivido el primer mundial de un espa\u00f1ol en la categor\u00eda reina de motociclismo con \u00c1lex Crivill\u00e9, estuvimos en las victorias de Pedrosa y los t\u00edtulos de M\u00e1rquez, acompa\u00f1amos en \u00c1frica a Nani Roma y Marc Coma en sus conquistas del Dakar y hemos vibrado con los t\u00edtulos de Toni Bou en Trial. Adem\u00e1s, en nuestro equipo contamos con expertos en el mundo de las dos y cuatro ruedas tanto de la calle y las carreteras, como de los circuitos. Periodistas que han trabajado en revistas y publicaciones para hacerte llegar desde rutas y consejos de mantenimiento, a curiosidades y trucos de pilotaje.","sameAs":["https:\/\/www.facebook.com\/BoxRepsol\/","https:\/\/www.instagram.com\/box_repsol\/","https:\/\/x.com\/https:\/\/twitter.com\/box_repsol","https:\/\/www.youtube.com\/@Boxrepsol"],"url":"https:\/\/www.boxrepsol.com\/es\/author\/redaccion-box-repsol\/"}]}},"_links":{"self":[{"href":"https:\/\/www.boxrepsol.com\/es\/wp-json\/wp\/v2\/posts\/89966","targetHints":{"allow":["GET"]}}],"collection":[{"href":"https:\/\/www.boxrepsol.com\/es\/wp-json\/wp\/v2\/posts"}],"about":[{"href":"https:\/\/www.boxrepsol.com\/es\/wp-json\/wp\/v2\/types\/post"}],"author":[{"embeddable":true,"href":"https:\/\/www.boxrepsol.com\/es\/wp-json\/wp\/v2\/users\/43146"}],"replies":[{"embeddable":true,"href":"https:\/\/www.boxrepsol.com\/es\/wp-json\/wp\/v2\/comments?post=89966"}],"version-history":[{"count":1,"href":"https:\/\/www.boxrepsol.com\/es\/wp-json\/wp\/v2\/posts\/89966\/revisions"}],"predecessor-version":[{"id":89967,"href":"https:\/\/www.boxrepsol.com\/es\/wp-json\/wp\/v2\/posts\/89966\/revisions\/89967"}],"wp:featuredmedia":[{"embeddable":true,"href":"https:\/\/www.boxrepsol.com\/es\/wp-json\/wp\/v2\/media\/85935"}],"wp:attachment":[{"href":"https:\/\/www.boxrepsol.com\/es\/wp-json\/wp\/v2\/media?parent=89966"}],"wp:term":[{"taxonomy":"category","embeddable":true,"href":"https:\/\/www.boxrepsol.com\/es\/wp-json\/wp\/v2\/categories?post=89966"},{"taxonomy":"post_tag","embeddable":true,"href":"https:\/\/www.boxrepsol.com\/es\/wp-json\/wp\/v2\/tags?post=89966"}],"curies":[{"name":"wp","href":"https:\/\/api.w.org\/{rel}","templated":true}]}}