{"id":89964,"date":"2016-04-11T00:00:00","date_gmt":"2016-04-11T02:00:00","guid":{"rendered":"http:\/\/pre.boxrepsol.com\/sin-categorizar\/toni-bou-segundo-en-la-apertura-del-mundial-de-x-trial-2016\/"},"modified":"2024-05-07T06:38:57","modified_gmt":"2024-05-07T08:38:57","slug":"toni-bou-segundo-en-la-apertura-del-mundial-de-x-trial-2016","status":"publish","type":"post","link":"https:\/\/www.boxrepsol.com\/es\/trial\/toni-bou-segundo-en-la-apertura-del-mundial-de-x-trial-2016\/","title":{"rendered":"Toni Bou, segundo en la apertura del Mundial de X-Trial 2016"},"content":{"rendered":"<blockquote>\n<p>Toni Bou logr\u00f3 la segunda posici\u00f3n por detr\u00e1s de Adam Raga en #Sheffield #EquipoRepsol  <\/p>\n<p>            <a href=\"http:\/\/twitter.com\/share?text=Toni+Bou+logr%C3%B3+la+segunda+posici%C3%B3n+por+detr%C3%A1s+de+Adam+Raga+en+%23Sheffield+%23EquipoRepsol++&#038;url=http%3A%2F%2F34.249.211.158%2Fes%2Ftrial%2Ftoni-bou-segundo-en-la-apertura-del-mundial-de-x-trial-2016%2F&#038;hashtags=\" target=\"_blank\" rel=\"noopener\"><br \/>\n            twittear        <\/a>\n        <\/p><\/blockquote>\n<h3><strong>Segundo puesto<br \/>\n<\/strong><\/h3>\n<p>La ciudad brit\u00e1nica de Sheffield acogi\u00f3 la primera de las cuatro citas que este a\u00f1o componen el Mundial de X-Trial, en la que el actual Campe\u00f3n del Mundo, <strong>Toni Bou, logr\u00f3 la segunda posici\u00f3n<\/strong>, por detr\u00e1s de Adam Raga, vencedor. Su compa\u00f1ero de equipo, Takahisa Fujinami, despu\u00e9s de casi dos a\u00f1os sin participar en esta competici\u00f3n, termin\u00f3 en la quinta plaza.<\/p>\n<p>La prueba, con zonas de poca dificultad, no permit\u00eda errores y los 5 puntos penalizados por Toni Bou en la segunda de ellas condicionaron el resto de su participaci\u00f3n. Se clasific\u00f3 tercero en la ronda eliminatoria, fase en la que <strong>Takahisa Fujinami fue quinto<\/strong>, a una plaza de entrar a la final.<\/p>\n<p>En la final, Bou cometi\u00f3 un nuevo error que no logr\u00f3 recuperar en las siguientes zonas y termin\u00f3 con 7 puntos, logrando la segunda posici\u00f3n final. La pr\u00f3xima cita ser\u00e1 el pr\u00f3ximo 7 de febrero en Espa\u00f1a, con motivo de una nueva edici\u00f3n del Trial Indoor de Barcelona.<\/p>\n<p>\t\t\t\t<img decoding=\"async\" src=\"https:\/\/bxrepsol.s3.eu-west-1.amazonaws.com\/static\/2022\/08\/29045455\/31-takahisa-gujinami-fujigas-repsol-honda-trial.jpg\" alt=\"Takahisa Fujinami sobre un obst\u00e1culo\" itemprop=\"image\"  \/><\/p>\n<h3><strong>Toni Bou<br \/>\n<\/strong><\/h3>\n<p><em>\u00abHe hecho un fallo en la zona 2 y he perdido la carrera por un peque\u00f1o error. En una carrera as\u00ed de f\u00e1cil, las zonas no permit\u00edan recuperar los puntos perdidos. No estoy contento, pero tengo que conformarme con el segundo puesto, que es mejor que un tercero. Intentar\u00e9 llegar a Barcelona con la m\u00e1xima confianza. Ser\u00e1 dif\u00edcil este a\u00f1o, porque tan s\u00f3lo hay cuatro carreras, pero lo intentaremos\u00bb.<\/em><\/p>\n<h3><strong>Takahisa Fujinami<br \/>\n<\/strong><\/h3>\n<p><em>\u00abHoy he vuelto a la competici\u00f3n indoor despu\u00e9s de un a\u00f1o sin hacerlo y la verdad es que no me he encontrado tan mal. No he podido clasificarme para la final, pero he estado por delante de otros pilotos. Para la pr\u00f3xima carrera intentar\u00e9 prepararme m\u00e1s y entrar en la final, que ya s\u00e9 que ser\u00e1 muy complicado\u00bb.<\/em><\/p>\n","protected":false},"excerpt":{"rendered":"<p>El piloto del Equipo Repsol Honda inaugur\u00f3 anoche con un podio la primera prueba del Campeonato del Mundo FIM de X-Trial 2016. Takahisa Fujinami termin\u00f3 quinto.<\/p>\n","protected":false},"author":43146,"featured_media":85928,"comment_status":"open","ping_status":"open","sticky":false,"template":"","format":"standard","meta":{"footnotes":""},"categories":[23],"tags":[130],"class_list":["post-89964","post","type-post","status-publish","format-standard","hentry","category-trial","tag-otros-eventos-y-competiciones"],"yoast_head":"<!-- This site is optimized with the Yoast SEO plugin v27.3 - https:\/\/yoast.com\/product\/yoast-seo-wordpress\/ -->\n<title>Toni Bou, segundo en la apertura del Mundial de X-Trial 2016 - Box Repsol<\/title>\n<meta name=\"description\" content=\"El piloto del Equipo Repsol Honda inaugur\u00f3 anoche con un podio la primera prueba del Campeonato del Mundo FIM de X-Trial 2016. Takahisa Fujinami quinto.\" \/>\n<link rel=\"canonical\" href=\"https:\/\/www.boxrepsol.com\/es\/trial\/toni-bou-segundo-en-la-apertura-del-mundial-de-x-trial-2016\/\" \/>\n<meta property=\"og:locale\" content=\"es_ES\" \/>\n<meta property=\"og:type\" content=\"article\" \/>\n<meta property=\"og:title\" content=\"Toni Bou, segundo en la apertura del Mundial de X-Trial 2016 - Box Repsol\" \/>\n<meta property=\"og:description\" content=\"El piloto del Equipo Repsol Honda inaugur\u00f3 anoche con un podio la primera prueba del Campeonato del Mundo FIM de X-Trial 2016. Takahisa Fujinami quinto.\" \/>\n<meta property=\"og:url\" content=\"https:\/\/www.boxrepsol.com\/es\/trial\/toni-bou-segundo-en-la-apertura-del-mundial-de-x-trial-2016\/\" \/>\n<meta property=\"og:site_name\" content=\"Box Repsol\" \/>\n<meta property=\"article:publisher\" content=\"https:\/\/www.facebook.com\/BoxRepsol\" \/>\n<meta property=\"article:author\" content=\"https:\/\/www.facebook.com\/BoxRepsol\/\" \/>\n<meta property=\"article:published_time\" content=\"2016-04-11T02:00:00+00:00\" \/>\n<meta property=\"article:modified_time\" content=\"2024-05-07T08:38:57+00:00\" \/>\n<meta property=\"og:image\" content=\"https:\/\/www.boxrepsol.com\/wp-content\/uploads\/2022\/08\/30-toni-bou-trial-repsol-honda.jpg\" \/>\n\t<meta property=\"og:image:width\" content=\"1024\" \/>\n\t<meta property=\"og:image:height\" content=\"492\" \/>\n\t<meta property=\"og:image:type\" content=\"image\/jpeg\" \/>\n<meta name=\"author\" content=\"Redacci\u00f3n Box Repsol\" \/>\n<meta name=\"twitter:card\" content=\"summary_large_image\" \/>\n<meta name=\"twitter:creator\" content=\"@https:\/\/twitter.com\/box_repsol\" \/>\n<meta name=\"twitter:site\" content=\"@box_repsol\" \/>\n<meta name=\"twitter:label1\" content=\"Written by\" \/>\n\t<meta name=\"twitter:data1\" content=\"Redacci\u00f3n Box Repsol\" \/>\n\t<meta name=\"twitter:label2\" content=\"Est. reading time\" \/>\n\t<meta name=\"twitter:data2\" content=\"2 minutos\" \/>\n<script type=\"application\/ld+json\" class=\"yoast-schema-graph\">{\"@context\":\"https:\\\/\\\/schema.org\",\"@graph\":[{\"@type\":\"Article\",\"@id\":\"https:\\\/\\\/www.boxrepsol.com\\\/es\\\/trial\\\/toni-bou-segundo-en-la-apertura-del-mundial-de-x-trial-2016\\\/#article\",\"isPartOf\":{\"@id\":\"https:\\\/\\\/www.boxrepsol.com\\\/es\\\/trial\\\/toni-bou-segundo-en-la-apertura-del-mundial-de-x-trial-2016\\\/\"},\"author\":{\"name\":\"Redacci\u00f3n Box Repsol\",\"@id\":\"https:\\\/\\\/www.boxrepsol.com\\\/es\\\/#\\\/schema\\\/person\\\/c5c2138f2cca251b0ad92b7086bb60b7\"},\"headline\":\"Toni Bou, segundo en la apertura del Mundial de X-Trial 2016\",\"datePublished\":\"2016-04-11T02:00:00+00:00\",\"dateModified\":\"2024-05-07T08:38:57+00:00\",\"mainEntityOfPage\":{\"@id\":\"https:\\\/\\\/www.boxrepsol.com\\\/es\\\/trial\\\/toni-bou-segundo-en-la-apertura-del-mundial-de-x-trial-2016\\\/\"},\"wordCount\":345,\"commentCount\":0,\"publisher\":{\"@id\":\"https:\\\/\\\/www.boxrepsol.com\\\/es\\\/#organization\"},\"image\":{\"@id\":\"https:\\\/\\\/www.boxrepsol.com\\\/es\\\/trial\\\/toni-bou-segundo-en-la-apertura-del-mundial-de-x-trial-2016\\\/#primaryimage\"},\"thumbnailUrl\":\"https:\\\/\\\/www.boxrepsol.com\\\/wp-content\\\/uploads\\\/2022\\\/08\\\/30-toni-bou-trial-repsol-honda.jpg\",\"keywords\":[\"otros eventos y competiciones\"],\"articleSection\":[\"Trial\"],\"inLanguage\":\"es\",\"potentialAction\":[{\"@type\":\"CommentAction\",\"name\":\"Comment\",\"target\":[\"https:\\\/\\\/www.boxrepsol.com\\\/es\\\/trial\\\/toni-bou-segundo-en-la-apertura-del-mundial-de-x-trial-2016\\\/#respond\"]}]},{\"@type\":\"WebPage\",\"@id\":\"https:\\\/\\\/www.boxrepsol.com\\\/es\\\/trial\\\/toni-bou-segundo-en-la-apertura-del-mundial-de-x-trial-2016\\\/\",\"url\":\"https:\\\/\\\/www.boxrepsol.com\\\/es\\\/trial\\\/toni-bou-segundo-en-la-apertura-del-mundial-de-x-trial-2016\\\/\",\"name\":\"Toni Bou, segundo en la apertura del Mundial de X-Trial 2016 - Box Repsol\",\"isPartOf\":{\"@id\":\"https:\\\/\\\/www.boxrepsol.com\\\/es\\\/#website\"},\"primaryImageOfPage\":{\"@id\":\"https:\\\/\\\/www.boxrepsol.com\\\/es\\\/trial\\\/toni-bou-segundo-en-la-apertura-del-mundial-de-x-trial-2016\\\/#primaryimage\"},\"image\":{\"@id\":\"https:\\\/\\\/www.boxrepsol.com\\\/es\\\/trial\\\/toni-bou-segundo-en-la-apertura-del-mundial-de-x-trial-2016\\\/#primaryimage\"},\"thumbnailUrl\":\"https:\\\/\\\/www.boxrepsol.com\\\/wp-content\\\/uploads\\\/2022\\\/08\\\/30-toni-bou-trial-repsol-honda.jpg\",\"datePublished\":\"2016-04-11T02:00:00+00:00\",\"dateModified\":\"2024-05-07T08:38:57+00:00\",\"description\":\"El piloto del Equipo Repsol Honda inaugur\u00f3 anoche con un podio la primera prueba del Campeonato del Mundo FIM de X-Trial 2016. Takahisa Fujinami quinto.\",\"breadcrumb\":{\"@id\":\"https:\\\/\\\/www.boxrepsol.com\\\/es\\\/trial\\\/toni-bou-segundo-en-la-apertura-del-mundial-de-x-trial-2016\\\/#breadcrumb\"},\"inLanguage\":\"es\",\"potentialAction\":[{\"@type\":\"ReadAction\",\"target\":[\"https:\\\/\\\/www.boxrepsol.com\\\/es\\\/trial\\\/toni-bou-segundo-en-la-apertura-del-mundial-de-x-trial-2016\\\/\"]}]},{\"@type\":\"ImageObject\",\"inLanguage\":\"es\",\"@id\":\"https:\\\/\\\/www.boxrepsol.com\\\/es\\\/trial\\\/toni-bou-segundo-en-la-apertura-del-mundial-de-x-trial-2016\\\/#primaryimage\",\"url\":\"https:\\\/\\\/www.boxrepsol.com\\\/wp-content\\\/uploads\\\/2022\\\/08\\\/30-toni-bou-trial-repsol-honda.jpg\",\"contentUrl\":\"https:\\\/\\\/www.boxrepsol.com\\\/wp-content\\\/uploads\\\/2022\\\/08\\\/30-toni-bou-trial-repsol-honda.jpg\",\"width\":1024,\"height\":492,\"caption\":\"Toni Bou en el podio\"},{\"@type\":\"BreadcrumbList\",\"@id\":\"https:\\\/\\\/www.boxrepsol.com\\\/es\\\/trial\\\/toni-bou-segundo-en-la-apertura-del-mundial-de-x-trial-2016\\\/#breadcrumb\",\"itemListElement\":[{\"@type\":\"ListItem\",\"position\":1,\"name\":\"Home\",\"item\":\"https:\\\/\\\/www.boxrepsol.com\\\/es\\\/\"},{\"@type\":\"ListItem\",\"position\":2,\"name\":\"Toni Bou, segundo en la apertura del Mundial de X-Trial 2016\"}]},{\"@type\":\"WebSite\",\"@id\":\"https:\\\/\\\/www.boxrepsol.com\\\/es\\\/#website\",\"url\":\"https:\\\/\\\/www.boxrepsol.com\\\/es\\\/\",\"name\":\"Box Repsol\",\"description\":\"Box Repsol Site\",\"publisher\":{\"@id\":\"https:\\\/\\\/www.boxrepsol.com\\\/es\\\/#organization\"},\"potentialAction\":[{\"@type\":\"SearchAction\",\"target\":{\"@type\":\"EntryPoint\",\"urlTemplate\":\"https:\\\/\\\/www.boxrepsol.com\\\/es\\\/?s={search_term_string}\"},\"query-input\":{\"@type\":\"PropertyValueSpecification\",\"valueRequired\":true,\"valueName\":\"search_term_string\"}}],\"inLanguage\":\"es\"},{\"@type\":\"Organization\",\"@id\":\"https:\\\/\\\/www.boxrepsol.com\\\/es\\\/#organization\",\"name\":\"Box Repsol\",\"url\":\"https:\\\/\\\/www.boxrepsol.com\\\/es\\\/\",\"logo\":{\"@type\":\"ImageObject\",\"inLanguage\":\"es\",\"@id\":\"https:\\\/\\\/www.boxrepsol.com\\\/es\\\/#\\\/schema\\\/logo\\\/image\\\/\",\"url\":\"https:\\\/\\\/bxrepsol.s3.eu-west-1.amazonaws.com\\\/static\\\/2025\\\/07\\\/30083337\\\/favicon-96x96-1.png\",\"contentUrl\":\"https:\\\/\\\/bxrepsol.s3.eu-west-1.amazonaws.com\\\/static\\\/2025\\\/07\\\/30083337\\\/favicon-96x96-1.png\",\"width\":96,\"height\":96,\"caption\":\"Box Repsol\"},\"image\":{\"@id\":\"https:\\\/\\\/www.boxrepsol.com\\\/es\\\/#\\\/schema\\\/logo\\\/image\\\/\"},\"sameAs\":[\"https:\\\/\\\/www.facebook.com\\\/BoxRepsol\",\"https:\\\/\\\/x.com\\\/box_repsol\",\"http:\\\/\\\/instagram.com\\\/box_repsol\",\"https:\\\/\\\/www.youtube.com\\\/user\\\/RepsolCompeticion\",\"https:\\\/\\\/www.flickr.com\\\/photos\\\/box_repsol\\\/\"]},{\"@type\":\"Person\",\"@id\":\"https:\\\/\\\/www.boxrepsol.com\\\/es\\\/#\\\/schema\\\/person\\\/c5c2138f2cca251b0ad92b7086bb60b7\",\"name\":\"Redacci\u00f3n Box Repsol\",\"image\":{\"@type\":\"ImageObject\",\"inLanguage\":\"es\",\"@id\":\"https:\\\/\\\/secure.gravatar.com\\\/avatar\\\/adf7b77e38b4419baf32c7e9c21dde01f4e40df611f0978e3006fc4ba0aaab7e?s=96&d=mm&r=g\",\"url\":\"https:\\\/\\\/secure.gravatar.com\\\/avatar\\\/adf7b77e38b4419baf32c7e9c21dde01f4e40df611f0978e3006fc4ba0aaab7e?s=96&d=mm&r=g\",\"contentUrl\":\"https:\\\/\\\/secure.gravatar.com\\\/avatar\\\/adf7b77e38b4419baf32c7e9c21dde01f4e40df611f0978e3006fc4ba0aaab7e?s=96&d=mm&r=g\",\"caption\":\"Redacci\u00f3n Box Repsol\"},\"description\":\"Box Repsol lo forma un equipo de periodistas, community managers, dise\u00f1adores y fot\u00f3grafos con m\u00e1s de 20 a\u00f1os de experiencia en el mundo del motorsport. Hemos vivido el primer mundial de un espa\u00f1ol en la categor\u00eda reina de motociclismo con \u00c1lex Crivill\u00e9, estuvimos en las victorias de Pedrosa y los t\u00edtulos de M\u00e1rquez, acompa\u00f1amos en \u00c1frica a Nani Roma y Marc Coma en sus conquistas del Dakar y hemos vibrado con los t\u00edtulos de Toni Bou en Trial. Adem\u00e1s, en nuestro equipo contamos con expertos en el mundo de las dos y cuatro ruedas tanto de la calle y las carreteras, como de los circuitos. Periodistas que han trabajado en revistas y publicaciones para hacerte llegar desde rutas y consejos de mantenimiento, a curiosidades y trucos de pilotaje.\",\"sameAs\":[\"https:\\\/\\\/www.facebook.com\\\/BoxRepsol\\\/\",\"https:\\\/\\\/www.instagram.com\\\/box_repsol\\\/\",\"https:\\\/\\\/x.com\\\/https:\\\/\\\/twitter.com\\\/box_repsol\",\"https:\\\/\\\/www.youtube.com\\\/@Boxrepsol\"],\"url\":\"https:\\\/\\\/www.boxrepsol.com\\\/es\\\/author\\\/redaccion-box-repsol\\\/\"}]}<\/script>\n<!-- \/ Yoast SEO plugin. -->","yoast_head_json":{"title":"Toni Bou, segundo en la apertura del Mundial de X-Trial 2016 - Box Repsol","description":"El piloto del Equipo Repsol Honda inaugur\u00f3 anoche con un podio la primera prueba del Campeonato del Mundo FIM de X-Trial 2016. Takahisa Fujinami quinto.","canonical":"https:\/\/www.boxrepsol.com\/es\/trial\/toni-bou-segundo-en-la-apertura-del-mundial-de-x-trial-2016\/","og_locale":"es_ES","og_type":"article","og_title":"Toni Bou, segundo en la apertura del Mundial de X-Trial 2016 - Box Repsol","og_description":"El piloto del Equipo Repsol Honda inaugur\u00f3 anoche con un podio la primera prueba del Campeonato del Mundo FIM de X-Trial 2016. Takahisa Fujinami quinto.","og_url":"https:\/\/www.boxrepsol.com\/es\/trial\/toni-bou-segundo-en-la-apertura-del-mundial-de-x-trial-2016\/","og_site_name":"Box Repsol","article_publisher":"https:\/\/www.facebook.com\/BoxRepsol","article_author":"https:\/\/www.facebook.com\/BoxRepsol\/","article_published_time":"2016-04-11T02:00:00+00:00","article_modified_time":"2024-05-07T08:38:57+00:00","og_image":[{"width":1024,"height":492,"url":"https:\/\/www.boxrepsol.com\/wp-content\/uploads\/2022\/08\/30-toni-bou-trial-repsol-honda.jpg","type":"image\/jpeg"}],"author":"Redacci\u00f3n Box Repsol","twitter_card":"summary_large_image","twitter_creator":"@https:\/\/twitter.com\/box_repsol","twitter_site":"@box_repsol","twitter_misc":{"Written by":"Redacci\u00f3n Box Repsol","Est. reading time":"2 minutos"},"schema":{"@context":"https:\/\/schema.org","@graph":[{"@type":"Article","@id":"https:\/\/www.boxrepsol.com\/es\/trial\/toni-bou-segundo-en-la-apertura-del-mundial-de-x-trial-2016\/#article","isPartOf":{"@id":"https:\/\/www.boxrepsol.com\/es\/trial\/toni-bou-segundo-en-la-apertura-del-mundial-de-x-trial-2016\/"},"author":{"name":"Redacci\u00f3n Box Repsol","@id":"https:\/\/www.boxrepsol.com\/es\/#\/schema\/person\/c5c2138f2cca251b0ad92b7086bb60b7"},"headline":"Toni Bou, segundo en la apertura del Mundial de X-Trial 2016","datePublished":"2016-04-11T02:00:00+00:00","dateModified":"2024-05-07T08:38:57+00:00","mainEntityOfPage":{"@id":"https:\/\/www.boxrepsol.com\/es\/trial\/toni-bou-segundo-en-la-apertura-del-mundial-de-x-trial-2016\/"},"wordCount":345,"commentCount":0,"publisher":{"@id":"https:\/\/www.boxrepsol.com\/es\/#organization"},"image":{"@id":"https:\/\/www.boxrepsol.com\/es\/trial\/toni-bou-segundo-en-la-apertura-del-mundial-de-x-trial-2016\/#primaryimage"},"thumbnailUrl":"https:\/\/www.boxrepsol.com\/wp-content\/uploads\/2022\/08\/30-toni-bou-trial-repsol-honda.jpg","keywords":["otros eventos y competiciones"],"articleSection":["Trial"],"inLanguage":"es","potentialAction":[{"@type":"CommentAction","name":"Comment","target":["https:\/\/www.boxrepsol.com\/es\/trial\/toni-bou-segundo-en-la-apertura-del-mundial-de-x-trial-2016\/#respond"]}]},{"@type":"WebPage","@id":"https:\/\/www.boxrepsol.com\/es\/trial\/toni-bou-segundo-en-la-apertura-del-mundial-de-x-trial-2016\/","url":"https:\/\/www.boxrepsol.com\/es\/trial\/toni-bou-segundo-en-la-apertura-del-mundial-de-x-trial-2016\/","name":"Toni Bou, segundo en la apertura del Mundial de X-Trial 2016 - Box Repsol","isPartOf":{"@id":"https:\/\/www.boxrepsol.com\/es\/#website"},"primaryImageOfPage":{"@id":"https:\/\/www.boxrepsol.com\/es\/trial\/toni-bou-segundo-en-la-apertura-del-mundial-de-x-trial-2016\/#primaryimage"},"image":{"@id":"https:\/\/www.boxrepsol.com\/es\/trial\/toni-bou-segundo-en-la-apertura-del-mundial-de-x-trial-2016\/#primaryimage"},"thumbnailUrl":"https:\/\/www.boxrepsol.com\/wp-content\/uploads\/2022\/08\/30-toni-bou-trial-repsol-honda.jpg","datePublished":"2016-04-11T02:00:00+00:00","dateModified":"2024-05-07T08:38:57+00:00","description":"El piloto del Equipo Repsol Honda inaugur\u00f3 anoche con un podio la primera prueba del Campeonato del Mundo FIM de X-Trial 2016. Takahisa Fujinami quinto.","breadcrumb":{"@id":"https:\/\/www.boxrepsol.com\/es\/trial\/toni-bou-segundo-en-la-apertura-del-mundial-de-x-trial-2016\/#breadcrumb"},"inLanguage":"es","potentialAction":[{"@type":"ReadAction","target":["https:\/\/www.boxrepsol.com\/es\/trial\/toni-bou-segundo-en-la-apertura-del-mundial-de-x-trial-2016\/"]}]},{"@type":"ImageObject","inLanguage":"es","@id":"https:\/\/www.boxrepsol.com\/es\/trial\/toni-bou-segundo-en-la-apertura-del-mundial-de-x-trial-2016\/#primaryimage","url":"https:\/\/www.boxrepsol.com\/wp-content\/uploads\/2022\/08\/30-toni-bou-trial-repsol-honda.jpg","contentUrl":"https:\/\/www.boxrepsol.com\/wp-content\/uploads\/2022\/08\/30-toni-bou-trial-repsol-honda.jpg","width":1024,"height":492,"caption":"Toni Bou en el podio"},{"@type":"BreadcrumbList","@id":"https:\/\/www.boxrepsol.com\/es\/trial\/toni-bou-segundo-en-la-apertura-del-mundial-de-x-trial-2016\/#breadcrumb","itemListElement":[{"@type":"ListItem","position":1,"name":"Home","item":"https:\/\/www.boxrepsol.com\/es\/"},{"@type":"ListItem","position":2,"name":"Toni Bou, segundo en la apertura del Mundial de X-Trial 2016"}]},{"@type":"WebSite","@id":"https:\/\/www.boxrepsol.com\/es\/#website","url":"https:\/\/www.boxrepsol.com\/es\/","name":"Box Repsol","description":"Box Repsol Site","publisher":{"@id":"https:\/\/www.boxrepsol.com\/es\/#organization"},"potentialAction":[{"@type":"SearchAction","target":{"@type":"EntryPoint","urlTemplate":"https:\/\/www.boxrepsol.com\/es\/?s={search_term_string}"},"query-input":{"@type":"PropertyValueSpecification","valueRequired":true,"valueName":"search_term_string"}}],"inLanguage":"es"},{"@type":"Organization","@id":"https:\/\/www.boxrepsol.com\/es\/#organization","name":"Box Repsol","url":"https:\/\/www.boxrepsol.com\/es\/","logo":{"@type":"ImageObject","inLanguage":"es","@id":"https:\/\/www.boxrepsol.com\/es\/#\/schema\/logo\/image\/","url":"https:\/\/bxrepsol.s3.eu-west-1.amazonaws.com\/static\/2025\/07\/30083337\/favicon-96x96-1.png","contentUrl":"https:\/\/bxrepsol.s3.eu-west-1.amazonaws.com\/static\/2025\/07\/30083337\/favicon-96x96-1.png","width":96,"height":96,"caption":"Box Repsol"},"image":{"@id":"https:\/\/www.boxrepsol.com\/es\/#\/schema\/logo\/image\/"},"sameAs":["https:\/\/www.facebook.com\/BoxRepsol","https:\/\/x.com\/box_repsol","http:\/\/instagram.com\/box_repsol","https:\/\/www.youtube.com\/user\/RepsolCompeticion","https:\/\/www.flickr.com\/photos\/box_repsol\/"]},{"@type":"Person","@id":"https:\/\/www.boxrepsol.com\/es\/#\/schema\/person\/c5c2138f2cca251b0ad92b7086bb60b7","name":"Redacci\u00f3n Box Repsol","image":{"@type":"ImageObject","inLanguage":"es","@id":"https:\/\/secure.gravatar.com\/avatar\/adf7b77e38b4419baf32c7e9c21dde01f4e40df611f0978e3006fc4ba0aaab7e?s=96&d=mm&r=g","url":"https:\/\/secure.gravatar.com\/avatar\/adf7b77e38b4419baf32c7e9c21dde01f4e40df611f0978e3006fc4ba0aaab7e?s=96&d=mm&r=g","contentUrl":"https:\/\/secure.gravatar.com\/avatar\/adf7b77e38b4419baf32c7e9c21dde01f4e40df611f0978e3006fc4ba0aaab7e?s=96&d=mm&r=g","caption":"Redacci\u00f3n Box Repsol"},"description":"Box Repsol lo forma un equipo de periodistas, community managers, dise\u00f1adores y fot\u00f3grafos con m\u00e1s de 20 a\u00f1os de experiencia en el mundo del motorsport. Hemos vivido el primer mundial de un espa\u00f1ol en la categor\u00eda reina de motociclismo con \u00c1lex Crivill\u00e9, estuvimos en las victorias de Pedrosa y los t\u00edtulos de M\u00e1rquez, acompa\u00f1amos en \u00c1frica a Nani Roma y Marc Coma en sus conquistas del Dakar y hemos vibrado con los t\u00edtulos de Toni Bou en Trial. Adem\u00e1s, en nuestro equipo contamos con expertos en el mundo de las dos y cuatro ruedas tanto de la calle y las carreteras, como de los circuitos. Periodistas que han trabajado en revistas y publicaciones para hacerte llegar desde rutas y consejos de mantenimiento, a curiosidades y trucos de pilotaje.","sameAs":["https:\/\/www.facebook.com\/BoxRepsol\/","https:\/\/www.instagram.com\/box_repsol\/","https:\/\/x.com\/https:\/\/twitter.com\/box_repsol","https:\/\/www.youtube.com\/@Boxrepsol"],"url":"https:\/\/www.boxrepsol.com\/es\/author\/redaccion-box-repsol\/"}]}},"_links":{"self":[{"href":"https:\/\/www.boxrepsol.com\/es\/wp-json\/wp\/v2\/posts\/89964","targetHints":{"allow":["GET"]}}],"collection":[{"href":"https:\/\/www.boxrepsol.com\/es\/wp-json\/wp\/v2\/posts"}],"about":[{"href":"https:\/\/www.boxrepsol.com\/es\/wp-json\/wp\/v2\/types\/post"}],"author":[{"embeddable":true,"href":"https:\/\/www.boxrepsol.com\/es\/wp-json\/wp\/v2\/users\/43146"}],"replies":[{"embeddable":true,"href":"https:\/\/www.boxrepsol.com\/es\/wp-json\/wp\/v2\/comments?post=89964"}],"version-history":[{"count":1,"href":"https:\/\/www.boxrepsol.com\/es\/wp-json\/wp\/v2\/posts\/89964\/revisions"}],"predecessor-version":[{"id":89965,"href":"https:\/\/www.boxrepsol.com\/es\/wp-json\/wp\/v2\/posts\/89964\/revisions\/89965"}],"wp:featuredmedia":[{"embeddable":true,"href":"https:\/\/www.boxrepsol.com\/es\/wp-json\/wp\/v2\/media\/85928"}],"wp:attachment":[{"href":"https:\/\/www.boxrepsol.com\/es\/wp-json\/wp\/v2\/media?parent=89964"}],"wp:term":[{"taxonomy":"category","embeddable":true,"href":"https:\/\/www.boxrepsol.com\/es\/wp-json\/wp\/v2\/categories?post=89964"},{"taxonomy":"post_tag","embeddable":true,"href":"https:\/\/www.boxrepsol.com\/es\/wp-json\/wp\/v2\/tags?post=89964"}],"curies":[{"name":"wp","href":"https:\/\/api.w.org\/{rel}","templated":true}]}}