{"id":89957,"date":"2016-02-14T00:00:00","date_gmt":"2016-02-14T02:00:00","guid":{"rendered":"http:\/\/pre.boxrepsol.com\/sin-categorizar\/puesta-de-largo-del-equipo-repsol-honda-en-indonesia\/"},"modified":"2024-05-07T05:51:31","modified_gmt":"2024-05-07T07:51:31","slug":"puesta-de-largo-del-equipo-repsol-honda-en-indonesia","status":"publish","type":"post","link":"https:\/\/www.boxrepsol.com\/es\/motogp\/puesta-de-largo-del-equipo-repsol-honda-en-indonesia\/","title":{"rendered":"Puesta de largo del equipo Repsol Honda en Indonesia"},"content":{"rendered":"<blockquote><p>El #EquipoRepsol ha presentado su nuevo proyecto en Indonesia #MotoGP<\/p>\n<p><a href=\"#\"><br \/>\ntwittear <\/a><\/p><\/blockquote>\n<p>Antes de continuar con el trabajo de desarrollo de sus motos para 2016 en Australia la pr\u00f3xima semana, Marc M\u00e1rquez y Dani Pedrosa han viajado a Indonesia para protagonizar <strong>la presentaci\u00f3n oficial<\/strong> del equipo Repsol Honda. Los pilotos se han dado un ba\u00f1o de masas ante la afici\u00f3n local, que ha llenado las gradas del Circuito Internacional de Sentul para asistir a la puesta de largo del proyecto 2016 de HRC, encabezado por <strong>Shuhei Nakamoto<\/strong>\u00a0-Vicepresidente Ejecutivo de HRC- y <strong>Livio Suppo<\/strong>\u00a0-Team Principal-.<\/p>\n<p>Ayer en Yakarta, el equipo fue recibido por el ministro de Deportes y Juventud de Indonesia, Imam Nahrawi, y disputaron un divertido torneo de futbol sala con periodistas y el ministro, que confirm\u00f3 la intenci\u00f3n de acoger un Gran Premio de MotoGP en el pa\u00eds en un futuro pr\u00f3ximo.<\/p>\n<p>Ha sido el <strong>segundo a\u00f1o consecutivo<\/strong> que el Repsol Honda escoge el sureste asi\u00e1tico para su lanzamiento oficial, en un lugar donde la pasi\u00f3n por MotoGP se ha vuelto a desbordar. Tras su visita a Indonesia, el Circuito de Phillip Island, en Australia, ser\u00e1 la pr\u00f3xima parada en el itinerario de los pilotos Repsol Honda, donde el pr\u00f3ximo mi\u00e9rcoles d\u00eda 17 comenzar\u00e1n los segundos test oficiales del a\u00f1o. Tres d\u00edas de pruebas en los que M\u00e1rquez y Pedrosa seguir\u00e1n trabajando en la evoluci\u00f3n de sus MotoGP.<\/p>\n<h3><strong>Marc M\u00e1rquez<\/strong><\/h3>\n<p><em>\u00abEs el segundo a\u00f1o seguido que venimos a Indonesia para la presentaci\u00f3n del equipo, pero no deja de sorprenderme la pasi\u00f3n incondicional y el apoyo que sienten aqu\u00ed por MotoGP. Es un honor para nosotros mostrar en el Circuito de Sentul nuestra moto para 2016 y ver que vienen tantos aficionados. Ahora vamos a Australia y tengo muchas ganas de seguir trabajando en el nuevo motor y en la nueva electr\u00f3nica. Dimos algunos pasos en la direcci\u00f3n correcta cuando estuvimos en Sepang, pero necesitamos seguir avanzando en Phillip Island. Conf\u00edo en que los ingenieros de HRC nos traigan m\u00e1s mejoras mientras seguimos acostumbr\u00e1ndonos a la nueva centralita\u00bb.<\/em><\/p>\n<h3><strong>Dani Pedrosa<\/strong><\/h3>\n<p><em>\u00abHoy hemos tenido la presentaci\u00f3n oficial y me siento muy orgulloso de formar parte del equipo Repsol Honda durante toda mi carrera en MotoGP. Este a\u00f1o estoy f\u00edsicamente en buena forma y tengo muchas ganas de empezar la nueva temporada. Nos enfrentamos a muchos cambios y tenemos mucho trabajo por delante, pero tengo ganas de empezar. En Sentul, los aficionados nos han dado un gran recibimiento y nos han mostrado todo su apoyo. Ha sido una inyecci\u00f3n de moral de cara a los pr\u00f3ximos entrenamientos en Phillip Island. Estoy contento de que este a\u00f1o estemos entrenando en tres circuitos distintos con unas condiciones tan diferentes tanto de meteorolog\u00eda como de trazados; creo que ser\u00e1 muy \u00fatil para ayudarnos a entender el nuevo motor, la electr\u00f3nica y los neum\u00e1ticos\u00bb.<\/em><\/p>\n<h3><strong>Shuhei Nakamoto<\/strong><\/h3>\n<p><em>\u00abEste es un pa\u00eds muy importante para el equipo Repsol Honda y estamos muy contentos de estar aqu\u00ed este fin de semana. Estamos encantados de o\u00edr que el Ministro de Deporte y Juventud mantiene su intenci\u00f3n de acoger un Gran Premio aqu\u00ed. La afici\u00f3n de Indonesia merece ver sus h\u00e9roes de MotoGP en directo. La semana que viene, Marc M\u00e1rquez y Dani Pedrosa tendr\u00e1n tres importantes d\u00edas de pruebas en Phillip Island. Estamos trabajando muy duro para mejorar nuestro conocimiento de los nuevos neum\u00e1ticos y centralita. Tambi\u00e9n seguimos desarrollando nuestro nuevo motor, aunque creemos que nuestros ingenieros ser\u00e1n capaces de proporcionar a Dani y Marc una buena m\u00e1quina con la que luchar por el Mundial.\u00bb<\/em><\/p>\n","protected":false},"excerpt":{"rendered":"<p>Marc M\u00e1rquez y Dani Pedrosa presentan en un abarrotado Circuito Internacional de Sentul la moto con la que competir\u00e1n esta temporada.<\/p>\n","protected":false},"author":43146,"featured_media":85721,"comment_status":"open","ping_status":"open","sticky":false,"template":"","format":"standard","meta":{"footnotes":""},"categories":[4],"tags":[50],"class_list":["post-89957","post","type-post","status-publish","format-standard","hentry","category-motogp","tag-equipo-repsol-honda"],"yoast_head":"<!-- This site is optimized with the Yoast SEO plugin v27.3 - https:\/\/yoast.com\/product\/yoast-seo-wordpress\/ -->\n<title>Puesta de largo del equipo Repsol Honda en Indonesia - Box Repsol<\/title>\n<meta name=\"description\" content=\"Marc M\u00e1rquez y Dani Pedrosa presentan en un abarrotado Circuito Internacional de Sentul la moto con la que competir\u00e1n esta temporada.\" \/>\n<link rel=\"canonical\" href=\"https:\/\/www.boxrepsol.com\/es\/motogp\/puesta-de-largo-del-equipo-repsol-honda-en-indonesia\/\" \/>\n<meta property=\"og:locale\" content=\"es_ES\" \/>\n<meta property=\"og:type\" content=\"article\" \/>\n<meta property=\"og:title\" content=\"Puesta de largo del equipo Repsol Honda en Indonesia - Box Repsol\" \/>\n<meta property=\"og:description\" content=\"Marc M\u00e1rquez y Dani Pedrosa presentan en un abarrotado Circuito Internacional de Sentul la moto con la que competir\u00e1n esta temporada.\" \/>\n<meta property=\"og:url\" content=\"https:\/\/www.boxrepsol.com\/es\/motogp\/puesta-de-largo-del-equipo-repsol-honda-en-indonesia\/\" \/>\n<meta property=\"og:site_name\" content=\"Box Repsol\" \/>\n<meta property=\"article:publisher\" content=\"https:\/\/www.facebook.com\/BoxRepsol\" \/>\n<meta property=\"article:author\" content=\"https:\/\/www.facebook.com\/BoxRepsol\/\" \/>\n<meta property=\"article:published_time\" content=\"2016-02-14T02:00:00+00:00\" \/>\n<meta property=\"article:modified_time\" content=\"2024-05-07T07:51:31+00:00\" \/>\n<meta property=\"og:image\" content=\"https:\/\/www.boxrepsol.com\/wp-content\/uploads\/2022\/08\/11-dani-pedrosa-26-marc-marquez-93-repsol-honda-team.jpg\" \/>\n\t<meta property=\"og:image:width\" content=\"1024\" \/>\n\t<meta property=\"og:image:height\" content=\"429\" \/>\n\t<meta property=\"og:image:type\" content=\"image\/jpeg\" \/>\n<meta name=\"author\" content=\"Redacci\u00f3n Box Repsol\" \/>\n<meta name=\"twitter:card\" content=\"summary_large_image\" \/>\n<meta name=\"twitter:creator\" content=\"@https:\/\/twitter.com\/box_repsol\" \/>\n<meta name=\"twitter:site\" content=\"@box_repsol\" \/>\n<meta name=\"twitter:label1\" content=\"Written by\" \/>\n\t<meta name=\"twitter:data1\" content=\"Redacci\u00f3n Box Repsol\" \/>\n\t<meta name=\"twitter:label2\" content=\"Est. reading time\" \/>\n\t<meta name=\"twitter:data2\" content=\"3 minutos\" \/>\n<script type=\"application\/ld+json\" class=\"yoast-schema-graph\">{\"@context\":\"https:\\\/\\\/schema.org\",\"@graph\":[{\"@type\":\"Article\",\"@id\":\"https:\\\/\\\/www.boxrepsol.com\\\/es\\\/motogp\\\/puesta-de-largo-del-equipo-repsol-honda-en-indonesia\\\/#article\",\"isPartOf\":{\"@id\":\"https:\\\/\\\/www.boxrepsol.com\\\/es\\\/motogp\\\/puesta-de-largo-del-equipo-repsol-honda-en-indonesia\\\/\"},\"author\":{\"name\":\"Redacci\u00f3n Box Repsol\",\"@id\":\"https:\\\/\\\/www.boxrepsol.com\\\/es\\\/#\\\/schema\\\/person\\\/c5c2138f2cca251b0ad92b7086bb60b7\"},\"headline\":\"Puesta de largo del equipo Repsol Honda en Indonesia\",\"datePublished\":\"2016-02-14T02:00:00+00:00\",\"dateModified\":\"2024-05-07T07:51:31+00:00\",\"mainEntityOfPage\":{\"@id\":\"https:\\\/\\\/www.boxrepsol.com\\\/es\\\/motogp\\\/puesta-de-largo-del-equipo-repsol-honda-en-indonesia\\\/\"},\"wordCount\":642,\"commentCount\":0,\"publisher\":{\"@id\":\"https:\\\/\\\/www.boxrepsol.com\\\/es\\\/#organization\"},\"image\":{\"@id\":\"https:\\\/\\\/www.boxrepsol.com\\\/es\\\/motogp\\\/puesta-de-largo-del-equipo-repsol-honda-en-indonesia\\\/#primaryimage\"},\"thumbnailUrl\":\"https:\\\/\\\/www.boxrepsol.com\\\/wp-content\\\/uploads\\\/2022\\\/08\\\/11-dani-pedrosa-26-marc-marquez-93-repsol-honda-team.jpg\",\"keywords\":[\"Equipo Repsol Honda\"],\"articleSection\":[\"MotoGP\"],\"inLanguage\":\"es\",\"potentialAction\":[{\"@type\":\"CommentAction\",\"name\":\"Comment\",\"target\":[\"https:\\\/\\\/www.boxrepsol.com\\\/es\\\/motogp\\\/puesta-de-largo-del-equipo-repsol-honda-en-indonesia\\\/#respond\"]}]},{\"@type\":\"WebPage\",\"@id\":\"https:\\\/\\\/www.boxrepsol.com\\\/es\\\/motogp\\\/puesta-de-largo-del-equipo-repsol-honda-en-indonesia\\\/\",\"url\":\"https:\\\/\\\/www.boxrepsol.com\\\/es\\\/motogp\\\/puesta-de-largo-del-equipo-repsol-honda-en-indonesia\\\/\",\"name\":\"Puesta de largo del equipo Repsol Honda en Indonesia - Box Repsol\",\"isPartOf\":{\"@id\":\"https:\\\/\\\/www.boxrepsol.com\\\/es\\\/#website\"},\"primaryImageOfPage\":{\"@id\":\"https:\\\/\\\/www.boxrepsol.com\\\/es\\\/motogp\\\/puesta-de-largo-del-equipo-repsol-honda-en-indonesia\\\/#primaryimage\"},\"image\":{\"@id\":\"https:\\\/\\\/www.boxrepsol.com\\\/es\\\/motogp\\\/puesta-de-largo-del-equipo-repsol-honda-en-indonesia\\\/#primaryimage\"},\"thumbnailUrl\":\"https:\\\/\\\/www.boxrepsol.com\\\/wp-content\\\/uploads\\\/2022\\\/08\\\/11-dani-pedrosa-26-marc-marquez-93-repsol-honda-team.jpg\",\"datePublished\":\"2016-02-14T02:00:00+00:00\",\"dateModified\":\"2024-05-07T07:51:31+00:00\",\"description\":\"Marc M\u00e1rquez y Dani Pedrosa presentan en un abarrotado Circuito Internacional de Sentul la moto con la que competir\u00e1n esta temporada.\",\"breadcrumb\":{\"@id\":\"https:\\\/\\\/www.boxrepsol.com\\\/es\\\/motogp\\\/puesta-de-largo-del-equipo-repsol-honda-en-indonesia\\\/#breadcrumb\"},\"inLanguage\":\"es\",\"potentialAction\":[{\"@type\":\"ReadAction\",\"target\":[\"https:\\\/\\\/www.boxrepsol.com\\\/es\\\/motogp\\\/puesta-de-largo-del-equipo-repsol-honda-en-indonesia\\\/\"]}]},{\"@type\":\"ImageObject\",\"inLanguage\":\"es\",\"@id\":\"https:\\\/\\\/www.boxrepsol.com\\\/es\\\/motogp\\\/puesta-de-largo-del-equipo-repsol-honda-en-indonesia\\\/#primaryimage\",\"url\":\"https:\\\/\\\/www.boxrepsol.com\\\/wp-content\\\/uploads\\\/2022\\\/08\\\/11-dani-pedrosa-26-marc-marquez-93-repsol-honda-team.jpg\",\"contentUrl\":\"https:\\\/\\\/www.boxrepsol.com\\\/wp-content\\\/uploads\\\/2022\\\/08\\\/11-dani-pedrosa-26-marc-marquez-93-repsol-honda-team.jpg\",\"width\":1024,\"height\":429,\"caption\":\"Marc M\u00e1rquez y Dani Pedrosa saludando\"},{\"@type\":\"BreadcrumbList\",\"@id\":\"https:\\\/\\\/www.boxrepsol.com\\\/es\\\/motogp\\\/puesta-de-largo-del-equipo-repsol-honda-en-indonesia\\\/#breadcrumb\",\"itemListElement\":[{\"@type\":\"ListItem\",\"position\":1,\"name\":\"Home\",\"item\":\"https:\\\/\\\/www.boxrepsol.com\\\/es\\\/\"},{\"@type\":\"ListItem\",\"position\":2,\"name\":\"Puesta de largo del equipo Repsol Honda en Indonesia\"}]},{\"@type\":\"WebSite\",\"@id\":\"https:\\\/\\\/www.boxrepsol.com\\\/es\\\/#website\",\"url\":\"https:\\\/\\\/www.boxrepsol.com\\\/es\\\/\",\"name\":\"Box Repsol\",\"description\":\"Box Repsol Site\",\"publisher\":{\"@id\":\"https:\\\/\\\/www.boxrepsol.com\\\/es\\\/#organization\"},\"potentialAction\":[{\"@type\":\"SearchAction\",\"target\":{\"@type\":\"EntryPoint\",\"urlTemplate\":\"https:\\\/\\\/www.boxrepsol.com\\\/es\\\/?s={search_term_string}\"},\"query-input\":{\"@type\":\"PropertyValueSpecification\",\"valueRequired\":true,\"valueName\":\"search_term_string\"}}],\"inLanguage\":\"es\"},{\"@type\":\"Organization\",\"@id\":\"https:\\\/\\\/www.boxrepsol.com\\\/es\\\/#organization\",\"name\":\"Box Repsol\",\"url\":\"https:\\\/\\\/www.boxrepsol.com\\\/es\\\/\",\"logo\":{\"@type\":\"ImageObject\",\"inLanguage\":\"es\",\"@id\":\"https:\\\/\\\/www.boxrepsol.com\\\/es\\\/#\\\/schema\\\/logo\\\/image\\\/\",\"url\":\"https:\\\/\\\/bxrepsol.s3.eu-west-1.amazonaws.com\\\/static\\\/2025\\\/07\\\/30083337\\\/favicon-96x96-1.png\",\"contentUrl\":\"https:\\\/\\\/bxrepsol.s3.eu-west-1.amazonaws.com\\\/static\\\/2025\\\/07\\\/30083337\\\/favicon-96x96-1.png\",\"width\":96,\"height\":96,\"caption\":\"Box Repsol\"},\"image\":{\"@id\":\"https:\\\/\\\/www.boxrepsol.com\\\/es\\\/#\\\/schema\\\/logo\\\/image\\\/\"},\"sameAs\":[\"https:\\\/\\\/www.facebook.com\\\/BoxRepsol\",\"https:\\\/\\\/x.com\\\/box_repsol\",\"http:\\\/\\\/instagram.com\\\/box_repsol\",\"https:\\\/\\\/www.youtube.com\\\/user\\\/RepsolCompeticion\",\"https:\\\/\\\/www.flickr.com\\\/photos\\\/box_repsol\\\/\"]},{\"@type\":\"Person\",\"@id\":\"https:\\\/\\\/www.boxrepsol.com\\\/es\\\/#\\\/schema\\\/person\\\/c5c2138f2cca251b0ad92b7086bb60b7\",\"name\":\"Redacci\u00f3n Box Repsol\",\"image\":{\"@type\":\"ImageObject\",\"inLanguage\":\"es\",\"@id\":\"https:\\\/\\\/secure.gravatar.com\\\/avatar\\\/adf7b77e38b4419baf32c7e9c21dde01f4e40df611f0978e3006fc4ba0aaab7e?s=96&d=mm&r=g\",\"url\":\"https:\\\/\\\/secure.gravatar.com\\\/avatar\\\/adf7b77e38b4419baf32c7e9c21dde01f4e40df611f0978e3006fc4ba0aaab7e?s=96&d=mm&r=g\",\"contentUrl\":\"https:\\\/\\\/secure.gravatar.com\\\/avatar\\\/adf7b77e38b4419baf32c7e9c21dde01f4e40df611f0978e3006fc4ba0aaab7e?s=96&d=mm&r=g\",\"caption\":\"Redacci\u00f3n Box Repsol\"},\"description\":\"Box Repsol lo forma un equipo de periodistas, community managers, dise\u00f1adores y fot\u00f3grafos con m\u00e1s de 20 a\u00f1os de experiencia en el mundo del motorsport. Hemos vivido el primer mundial de un espa\u00f1ol en la categor\u00eda reina de motociclismo con \u00c1lex Crivill\u00e9, estuvimos en las victorias de Pedrosa y los t\u00edtulos de M\u00e1rquez, acompa\u00f1amos en \u00c1frica a Nani Roma y Marc Coma en sus conquistas del Dakar y hemos vibrado con los t\u00edtulos de Toni Bou en Trial. Adem\u00e1s, en nuestro equipo contamos con expertos en el mundo de las dos y cuatro ruedas tanto de la calle y las carreteras, como de los circuitos. Periodistas que han trabajado en revistas y publicaciones para hacerte llegar desde rutas y consejos de mantenimiento, a curiosidades y trucos de pilotaje.\",\"sameAs\":[\"https:\\\/\\\/www.facebook.com\\\/BoxRepsol\\\/\",\"https:\\\/\\\/www.instagram.com\\\/box_repsol\\\/\",\"https:\\\/\\\/x.com\\\/https:\\\/\\\/twitter.com\\\/box_repsol\",\"https:\\\/\\\/www.youtube.com\\\/@Boxrepsol\"],\"url\":\"https:\\\/\\\/www.boxrepsol.com\\\/es\\\/author\\\/redaccion-box-repsol\\\/\"}]}<\/script>\n<!-- \/ Yoast SEO plugin. -->","yoast_head_json":{"title":"Puesta de largo del equipo Repsol Honda en Indonesia - Box Repsol","description":"Marc M\u00e1rquez y Dani Pedrosa presentan en un abarrotado Circuito Internacional de Sentul la moto con la que competir\u00e1n esta temporada.","canonical":"https:\/\/www.boxrepsol.com\/es\/motogp\/puesta-de-largo-del-equipo-repsol-honda-en-indonesia\/","og_locale":"es_ES","og_type":"article","og_title":"Puesta de largo del equipo Repsol Honda en Indonesia - Box Repsol","og_description":"Marc M\u00e1rquez y Dani Pedrosa presentan en un abarrotado Circuito Internacional de Sentul la moto con la que competir\u00e1n esta temporada.","og_url":"https:\/\/www.boxrepsol.com\/es\/motogp\/puesta-de-largo-del-equipo-repsol-honda-en-indonesia\/","og_site_name":"Box Repsol","article_publisher":"https:\/\/www.facebook.com\/BoxRepsol","article_author":"https:\/\/www.facebook.com\/BoxRepsol\/","article_published_time":"2016-02-14T02:00:00+00:00","article_modified_time":"2024-05-07T07:51:31+00:00","og_image":[{"width":1024,"height":429,"url":"https:\/\/www.boxrepsol.com\/wp-content\/uploads\/2022\/08\/11-dani-pedrosa-26-marc-marquez-93-repsol-honda-team.jpg","type":"image\/jpeg"}],"author":"Redacci\u00f3n Box Repsol","twitter_card":"summary_large_image","twitter_creator":"@https:\/\/twitter.com\/box_repsol","twitter_site":"@box_repsol","twitter_misc":{"Written by":"Redacci\u00f3n Box Repsol","Est. reading time":"3 minutos"},"schema":{"@context":"https:\/\/schema.org","@graph":[{"@type":"Article","@id":"https:\/\/www.boxrepsol.com\/es\/motogp\/puesta-de-largo-del-equipo-repsol-honda-en-indonesia\/#article","isPartOf":{"@id":"https:\/\/www.boxrepsol.com\/es\/motogp\/puesta-de-largo-del-equipo-repsol-honda-en-indonesia\/"},"author":{"name":"Redacci\u00f3n Box Repsol","@id":"https:\/\/www.boxrepsol.com\/es\/#\/schema\/person\/c5c2138f2cca251b0ad92b7086bb60b7"},"headline":"Puesta de largo del equipo Repsol Honda en Indonesia","datePublished":"2016-02-14T02:00:00+00:00","dateModified":"2024-05-07T07:51:31+00:00","mainEntityOfPage":{"@id":"https:\/\/www.boxrepsol.com\/es\/motogp\/puesta-de-largo-del-equipo-repsol-honda-en-indonesia\/"},"wordCount":642,"commentCount":0,"publisher":{"@id":"https:\/\/www.boxrepsol.com\/es\/#organization"},"image":{"@id":"https:\/\/www.boxrepsol.com\/es\/motogp\/puesta-de-largo-del-equipo-repsol-honda-en-indonesia\/#primaryimage"},"thumbnailUrl":"https:\/\/www.boxrepsol.com\/wp-content\/uploads\/2022\/08\/11-dani-pedrosa-26-marc-marquez-93-repsol-honda-team.jpg","keywords":["Equipo Repsol Honda"],"articleSection":["MotoGP"],"inLanguage":"es","potentialAction":[{"@type":"CommentAction","name":"Comment","target":["https:\/\/www.boxrepsol.com\/es\/motogp\/puesta-de-largo-del-equipo-repsol-honda-en-indonesia\/#respond"]}]},{"@type":"WebPage","@id":"https:\/\/www.boxrepsol.com\/es\/motogp\/puesta-de-largo-del-equipo-repsol-honda-en-indonesia\/","url":"https:\/\/www.boxrepsol.com\/es\/motogp\/puesta-de-largo-del-equipo-repsol-honda-en-indonesia\/","name":"Puesta de largo del equipo Repsol Honda en Indonesia - Box Repsol","isPartOf":{"@id":"https:\/\/www.boxrepsol.com\/es\/#website"},"primaryImageOfPage":{"@id":"https:\/\/www.boxrepsol.com\/es\/motogp\/puesta-de-largo-del-equipo-repsol-honda-en-indonesia\/#primaryimage"},"image":{"@id":"https:\/\/www.boxrepsol.com\/es\/motogp\/puesta-de-largo-del-equipo-repsol-honda-en-indonesia\/#primaryimage"},"thumbnailUrl":"https:\/\/www.boxrepsol.com\/wp-content\/uploads\/2022\/08\/11-dani-pedrosa-26-marc-marquez-93-repsol-honda-team.jpg","datePublished":"2016-02-14T02:00:00+00:00","dateModified":"2024-05-07T07:51:31+00:00","description":"Marc M\u00e1rquez y Dani Pedrosa presentan en un abarrotado Circuito Internacional de Sentul la moto con la que competir\u00e1n esta temporada.","breadcrumb":{"@id":"https:\/\/www.boxrepsol.com\/es\/motogp\/puesta-de-largo-del-equipo-repsol-honda-en-indonesia\/#breadcrumb"},"inLanguage":"es","potentialAction":[{"@type":"ReadAction","target":["https:\/\/www.boxrepsol.com\/es\/motogp\/puesta-de-largo-del-equipo-repsol-honda-en-indonesia\/"]}]},{"@type":"ImageObject","inLanguage":"es","@id":"https:\/\/www.boxrepsol.com\/es\/motogp\/puesta-de-largo-del-equipo-repsol-honda-en-indonesia\/#primaryimage","url":"https:\/\/www.boxrepsol.com\/wp-content\/uploads\/2022\/08\/11-dani-pedrosa-26-marc-marquez-93-repsol-honda-team.jpg","contentUrl":"https:\/\/www.boxrepsol.com\/wp-content\/uploads\/2022\/08\/11-dani-pedrosa-26-marc-marquez-93-repsol-honda-team.jpg","width":1024,"height":429,"caption":"Marc M\u00e1rquez y Dani Pedrosa saludando"},{"@type":"BreadcrumbList","@id":"https:\/\/www.boxrepsol.com\/es\/motogp\/puesta-de-largo-del-equipo-repsol-honda-en-indonesia\/#breadcrumb","itemListElement":[{"@type":"ListItem","position":1,"name":"Home","item":"https:\/\/www.boxrepsol.com\/es\/"},{"@type":"ListItem","position":2,"name":"Puesta de largo del equipo Repsol Honda en Indonesia"}]},{"@type":"WebSite","@id":"https:\/\/www.boxrepsol.com\/es\/#website","url":"https:\/\/www.boxrepsol.com\/es\/","name":"Box Repsol","description":"Box Repsol Site","publisher":{"@id":"https:\/\/www.boxrepsol.com\/es\/#organization"},"potentialAction":[{"@type":"SearchAction","target":{"@type":"EntryPoint","urlTemplate":"https:\/\/www.boxrepsol.com\/es\/?s={search_term_string}"},"query-input":{"@type":"PropertyValueSpecification","valueRequired":true,"valueName":"search_term_string"}}],"inLanguage":"es"},{"@type":"Organization","@id":"https:\/\/www.boxrepsol.com\/es\/#organization","name":"Box Repsol","url":"https:\/\/www.boxrepsol.com\/es\/","logo":{"@type":"ImageObject","inLanguage":"es","@id":"https:\/\/www.boxrepsol.com\/es\/#\/schema\/logo\/image\/","url":"https:\/\/bxrepsol.s3.eu-west-1.amazonaws.com\/static\/2025\/07\/30083337\/favicon-96x96-1.png","contentUrl":"https:\/\/bxrepsol.s3.eu-west-1.amazonaws.com\/static\/2025\/07\/30083337\/favicon-96x96-1.png","width":96,"height":96,"caption":"Box Repsol"},"image":{"@id":"https:\/\/www.boxrepsol.com\/es\/#\/schema\/logo\/image\/"},"sameAs":["https:\/\/www.facebook.com\/BoxRepsol","https:\/\/x.com\/box_repsol","http:\/\/instagram.com\/box_repsol","https:\/\/www.youtube.com\/user\/RepsolCompeticion","https:\/\/www.flickr.com\/photos\/box_repsol\/"]},{"@type":"Person","@id":"https:\/\/www.boxrepsol.com\/es\/#\/schema\/person\/c5c2138f2cca251b0ad92b7086bb60b7","name":"Redacci\u00f3n Box Repsol","image":{"@type":"ImageObject","inLanguage":"es","@id":"https:\/\/secure.gravatar.com\/avatar\/adf7b77e38b4419baf32c7e9c21dde01f4e40df611f0978e3006fc4ba0aaab7e?s=96&d=mm&r=g","url":"https:\/\/secure.gravatar.com\/avatar\/adf7b77e38b4419baf32c7e9c21dde01f4e40df611f0978e3006fc4ba0aaab7e?s=96&d=mm&r=g","contentUrl":"https:\/\/secure.gravatar.com\/avatar\/adf7b77e38b4419baf32c7e9c21dde01f4e40df611f0978e3006fc4ba0aaab7e?s=96&d=mm&r=g","caption":"Redacci\u00f3n Box Repsol"},"description":"Box Repsol lo forma un equipo de periodistas, community managers, dise\u00f1adores y fot\u00f3grafos con m\u00e1s de 20 a\u00f1os de experiencia en el mundo del motorsport. Hemos vivido el primer mundial de un espa\u00f1ol en la categor\u00eda reina de motociclismo con \u00c1lex Crivill\u00e9, estuvimos en las victorias de Pedrosa y los t\u00edtulos de M\u00e1rquez, acompa\u00f1amos en \u00c1frica a Nani Roma y Marc Coma en sus conquistas del Dakar y hemos vibrado con los t\u00edtulos de Toni Bou en Trial. Adem\u00e1s, en nuestro equipo contamos con expertos en el mundo de las dos y cuatro ruedas tanto de la calle y las carreteras, como de los circuitos. Periodistas que han trabajado en revistas y publicaciones para hacerte llegar desde rutas y consejos de mantenimiento, a curiosidades y trucos de pilotaje.","sameAs":["https:\/\/www.facebook.com\/BoxRepsol\/","https:\/\/www.instagram.com\/box_repsol\/","https:\/\/x.com\/https:\/\/twitter.com\/box_repsol","https:\/\/www.youtube.com\/@Boxrepsol"],"url":"https:\/\/www.boxrepsol.com\/es\/author\/redaccion-box-repsol\/"}]}},"_links":{"self":[{"href":"https:\/\/www.boxrepsol.com\/es\/wp-json\/wp\/v2\/posts\/89957","targetHints":{"allow":["GET"]}}],"collection":[{"href":"https:\/\/www.boxrepsol.com\/es\/wp-json\/wp\/v2\/posts"}],"about":[{"href":"https:\/\/www.boxrepsol.com\/es\/wp-json\/wp\/v2\/types\/post"}],"author":[{"embeddable":true,"href":"https:\/\/www.boxrepsol.com\/es\/wp-json\/wp\/v2\/users\/43146"}],"replies":[{"embeddable":true,"href":"https:\/\/www.boxrepsol.com\/es\/wp-json\/wp\/v2\/comments?post=89957"}],"version-history":[{"count":1,"href":"https:\/\/www.boxrepsol.com\/es\/wp-json\/wp\/v2\/posts\/89957\/revisions"}],"predecessor-version":[{"id":108955,"href":"https:\/\/www.boxrepsol.com\/es\/wp-json\/wp\/v2\/posts\/89957\/revisions\/108955"}],"wp:featuredmedia":[{"embeddable":true,"href":"https:\/\/www.boxrepsol.com\/es\/wp-json\/wp\/v2\/media\/85721"}],"wp:attachment":[{"href":"https:\/\/www.boxrepsol.com\/es\/wp-json\/wp\/v2\/media?parent=89957"}],"wp:term":[{"taxonomy":"category","embeddable":true,"href":"https:\/\/www.boxrepsol.com\/es\/wp-json\/wp\/v2\/categories?post=89957"},{"taxonomy":"post_tag","embeddable":true,"href":"https:\/\/www.boxrepsol.com\/es\/wp-json\/wp\/v2\/tags?post=89957"}],"curies":[{"name":"wp","href":"https:\/\/api.w.org\/{rel}","templated":true}]}}