{"id":89953,"date":"2016-03-07T00:00:00","date_gmt":"2016-03-07T02:00:00","guid":{"rendered":"http:\/\/pre.boxrepsol.com\/sin-categorizar\/equipo-repsol-honda-concluye-pretemporada-catar\/"},"modified":"2024-05-07T05:57:31","modified_gmt":"2024-05-07T07:57:31","slug":"equipo-repsol-honda-concluye-pretemporada-catar","status":"publish","type":"post","link":"https:\/\/www.boxrepsol.com\/es\/motogp\/equipo-repsol-honda-concluye-pretemporada-catar\/","title":{"rendered":"El Equipo Repsol Honda concluye su pretemporada en Catar"},"content":{"rendered":"<blockquote><p>El #EquipoRepsol da por concluida la pretemporada con una sensaciones muy positivas<\/p>\n<p><a href=\"http:\/\/twitter.com\/share?text=El+%23EquipoRepsol+da+por+concluida+la+pretemporada+con+una+sensaciones+muy+positivas&amp;url=http%3A%2F%2F34.249.211.158%2Fes%2Fmotogp%2Fequipo-repsol-honda-concluye-pretemporada-catar%2F&amp;hashtags=\" target=\"_blank\" rel=\"noopener\"><br \/>\ntwittear <\/a><\/p><\/blockquote>\n<p>El Equipo Repsol Honda complet\u00f3 tres jornadas de test en el Circuito Internacional de Catar que suponen, a poco m\u00e1s de dos semanas del inicio del Mundial, el cierre de la pretemporada. El \u00faltimo de los tres d\u00edas de entrenamiento comenz\u00f3 para Marc M\u00e1rquez en cuanto el sol se puso, hacia las seis de la tarde. Su compa\u00f1ero en el Equipo Repsol Honda le sigui\u00f3 al cabo de media hora.<\/p>\n<p>En su segunda tanda, M\u00e1rquez logr\u00f3 romper la barrera del minuto y 56 segundos, justo antes de sufrir una ca\u00edda sin consecuencias en la \u00faltima curva del trazado catar\u00ed. Al volver a la acci\u00f3n, el piloto del Equipo Repsol Honda inmediatamente reencontr\u00f3 el ritmo y realiz\u00f3 una tanda de 14 vueltas consecutivas, encadenando <strong>un ritmo r\u00e1pido y consistente<\/strong>. M\u00e1rquez marc\u00f3 un mejor registro de 1 minuto, 55 segundos y 402 mil\u00e9simas en la \u00faltima de las 52 vueltas que ha realizado.<\/p>\n<p>En el otro lado del box, Dani Pedrosa prob\u00f3 algunas modificaciones en su moto, pero no logr\u00f3 incrementar el ritmo del primer y segundo d\u00eda de entrenamientos, cerrando la jornada con un cron\u00f3metro de 1 minuto, 56 segundos y 142 mil\u00e9simas en la vuelta 27 de las 30 completadas.<\/p>\n<p>Tras finalizar esta jornada, el Equipo Repsol Honda da por concluida la pretemporada con una <strong>sensaciones muy positivas<\/strong>. El comienzo del Mundial de MotoGP, que tendr\u00e1 lugar en el mismo escenario, se disputar\u00e1 entre el 17 y 20 de marzo.<\/p>\n<p><img decoding=\"async\" src=\"https:\/\/bxrepsol.s3.eu-west-1.amazonaws.com\/static\/2022\/08\/29045308\/21-marc-marquez-motogp-repsol-honda-93-scaled.jpg\" alt=\"Marc M\u00e1rquez levantando la rueda delantera\" \/><\/p>\n<h3><strong>Marc M\u00e1rquez 4\u00ba &#8211; 1:55.402, 52 vueltas, 280 km<\/strong><\/h3>\n<p><em>\u00abSinceramente, hoy estoy muy contento, porque hemos visto la luz al final del t\u00fanel. He vuelto a tener buenas sensaciones y es cierto que he tenido una ca\u00edda, pero s\u00e9 por qu\u00e9 motivo ha sido. Hemos mejorado mucho y quiero agradecer a mi equipo el gran trabajo que han hecho, porque se est\u00e1n esforzando mucho \u2013ayer terminaron a las tres de la madrugada y hoy a las diez ya estaban en el circuito\u2013. <strong>Estoy muy contento porque hemos avanzado<\/strong> en un circuito en el que sufro. Hemos hecho grandes cambios que me han permitido empezar a ganar confianza, rodando a buen ritmo tanto detr\u00e1s de Jorge [Lorenzo] con el que he coincidido en una tanda, pero tambi\u00e9n solo \u2013incluso a pesar de la humedad que hab\u00eda al final\u2013. Todav\u00eda no es suficiente y tenemos que mejorar m\u00e1s, pero despu\u00e9s del d\u00eda de hoy tengo mucha m\u00e1s confianza para la carrera. Ayer estaba preocupado de nuestro nivel, porque no ten\u00eda ritmo ni confianza, y hoy hemos dado un gran paso adelante, as\u00ed que estoy contento con el resultado final del \u00faltimo entrenamiento de pretemporada. Hemos entendido bastantes cosas que me han permitido rodar a un nivel bastante bueno\u00bb.<\/em><\/p>\n<h3><strong>Dani Pedrosa 10\u00ba &#8211; 1:55.857, 30 vueltas, 161 km<br \/>\n<\/strong><\/h3>\n<p><em>\u00abHoy ya no nos quedaban muchos neum\u00e1ticos, as\u00ed que no hemos podido probar mucho y he terminado m\u00e1s pronto de lo habitual. Desgraciadamente, las conclusiones no son del todo satisfactorias. Durante los tres d\u00edas <strong>hemos intentado hacer muchas pruebas<\/strong> y todav\u00eda quedar\u00e1n algunas ideas por aplicar la pr\u00f3xima vez que volvamos a pista. Con los datos obtenidos en los \u00faltimos entrenamientos, los t\u00e9cnicos van a trabajar en Jap\u00f3n para intentar hacer algunos cambios de cara al Gran Premio. Veremos si son favorables y conseguimos tener un mejor rendimiento de cara a la carrera\u00bb.<\/em><\/p>\n","protected":false},"excerpt":{"rendered":"<p>Los pilotos Repsol finalizaron los test de Catar con buenas sensaciones de cara al inicio de temporada.<\/p>\n","protected":false},"author":43146,"featured_media":85895,"comment_status":"open","ping_status":"open","sticky":false,"template":"","format":"standard","meta":{"footnotes":""},"categories":[4],"tags":[50],"class_list":["post-89953","post","type-post","status-publish","format-standard","hentry","category-motogp","tag-equipo-repsol-honda"],"yoast_head":"<!-- This site is optimized with the Yoast SEO plugin v27.3 - https:\/\/yoast.com\/product\/yoast-seo-wordpress\/ -->\n<title>El Equipo Repsol Honda concluye su pretemporada en Catar - Box Repsol<\/title>\n<meta name=\"description\" content=\"Los pilotos Repsol finalizaron los test de Catar con buenas sensaciones de cara al inicio de temporada.\" \/>\n<link rel=\"canonical\" href=\"https:\/\/www.boxrepsol.com\/es\/motogp\/equipo-repsol-honda-concluye-pretemporada-catar\/\" \/>\n<meta property=\"og:locale\" content=\"es_ES\" \/>\n<meta property=\"og:type\" content=\"article\" \/>\n<meta property=\"og:title\" content=\"El Equipo Repsol Honda concluye su pretemporada en Catar - Box Repsol\" \/>\n<meta property=\"og:description\" content=\"Los pilotos Repsol finalizaron los test de Catar con buenas sensaciones de cara al inicio de temporada.\" \/>\n<meta property=\"og:url\" content=\"https:\/\/www.boxrepsol.com\/es\/motogp\/equipo-repsol-honda-concluye-pretemporada-catar\/\" \/>\n<meta property=\"og:site_name\" content=\"Box Repsol\" \/>\n<meta property=\"article:publisher\" content=\"https:\/\/www.facebook.com\/BoxRepsol\" \/>\n<meta property=\"article:author\" content=\"https:\/\/www.facebook.com\/BoxRepsol\/\" \/>\n<meta property=\"article:published_time\" content=\"2016-03-07T02:00:00+00:00\" \/>\n<meta property=\"article:modified_time\" content=\"2024-05-07T07:57:31+00:00\" \/>\n<meta property=\"og:image\" content=\"https:\/\/www.boxrepsol.com\/wp-content\/uploads\/2022\/08\/20-dani-pedrosa-repsol-honda-motogp-26-baby-samurai.jpg\" \/>\n\t<meta property=\"og:image:width\" content=\"1024\" \/>\n\t<meta property=\"og:image:height\" content=\"429\" \/>\n\t<meta property=\"og:image:type\" content=\"image\/jpeg\" \/>\n<meta name=\"author\" content=\"Redacci\u00f3n Box Repsol\" \/>\n<meta name=\"twitter:card\" content=\"summary_large_image\" \/>\n<meta name=\"twitter:creator\" content=\"@https:\/\/twitter.com\/box_repsol\" \/>\n<meta name=\"twitter:site\" content=\"@box_repsol\" \/>\n<meta name=\"twitter:label1\" content=\"Written by\" \/>\n\t<meta name=\"twitter:data1\" content=\"Redacci\u00f3n Box Repsol\" \/>\n\t<meta name=\"twitter:label2\" content=\"Est. reading time\" \/>\n\t<meta name=\"twitter:data2\" content=\"3 minutos\" \/>\n<script type=\"application\/ld+json\" class=\"yoast-schema-graph\">{\"@context\":\"https:\\\/\\\/schema.org\",\"@graph\":[{\"@type\":\"Article\",\"@id\":\"https:\\\/\\\/www.boxrepsol.com\\\/es\\\/motogp\\\/equipo-repsol-honda-concluye-pretemporada-catar\\\/#article\",\"isPartOf\":{\"@id\":\"https:\\\/\\\/www.boxrepsol.com\\\/es\\\/motogp\\\/equipo-repsol-honda-concluye-pretemporada-catar\\\/\"},\"author\":{\"name\":\"Redacci\u00f3n Box Repsol\",\"@id\":\"https:\\\/\\\/www.boxrepsol.com\\\/es\\\/#\\\/schema\\\/person\\\/c5c2138f2cca251b0ad92b7086bb60b7\"},\"headline\":\"El Equipo Repsol Honda concluye su pretemporada en Catar\",\"datePublished\":\"2016-03-07T02:00:00+00:00\",\"dateModified\":\"2024-05-07T07:57:31+00:00\",\"mainEntityOfPage\":{\"@id\":\"https:\\\/\\\/www.boxrepsol.com\\\/es\\\/motogp\\\/equipo-repsol-honda-concluye-pretemporada-catar\\\/\"},\"wordCount\":583,\"commentCount\":0,\"publisher\":{\"@id\":\"https:\\\/\\\/www.boxrepsol.com\\\/es\\\/#organization\"},\"image\":{\"@id\":\"https:\\\/\\\/www.boxrepsol.com\\\/es\\\/motogp\\\/equipo-repsol-honda-concluye-pretemporada-catar\\\/#primaryimage\"},\"thumbnailUrl\":\"https:\\\/\\\/www.boxrepsol.com\\\/wp-content\\\/uploads\\\/2022\\\/08\\\/20-dani-pedrosa-repsol-honda-motogp-26-baby-samurai.jpg\",\"keywords\":[\"Equipo Repsol Honda\"],\"articleSection\":[\"MotoGP\"],\"inLanguage\":\"es\",\"potentialAction\":[{\"@type\":\"CommentAction\",\"name\":\"Comment\",\"target\":[\"https:\\\/\\\/www.boxrepsol.com\\\/es\\\/motogp\\\/equipo-repsol-honda-concluye-pretemporada-catar\\\/#respond\"]}]},{\"@type\":\"WebPage\",\"@id\":\"https:\\\/\\\/www.boxrepsol.com\\\/es\\\/motogp\\\/equipo-repsol-honda-concluye-pretemporada-catar\\\/\",\"url\":\"https:\\\/\\\/www.boxrepsol.com\\\/es\\\/motogp\\\/equipo-repsol-honda-concluye-pretemporada-catar\\\/\",\"name\":\"El Equipo Repsol Honda concluye su pretemporada en Catar - Box Repsol\",\"isPartOf\":{\"@id\":\"https:\\\/\\\/www.boxrepsol.com\\\/es\\\/#website\"},\"primaryImageOfPage\":{\"@id\":\"https:\\\/\\\/www.boxrepsol.com\\\/es\\\/motogp\\\/equipo-repsol-honda-concluye-pretemporada-catar\\\/#primaryimage\"},\"image\":{\"@id\":\"https:\\\/\\\/www.boxrepsol.com\\\/es\\\/motogp\\\/equipo-repsol-honda-concluye-pretemporada-catar\\\/#primaryimage\"},\"thumbnailUrl\":\"https:\\\/\\\/www.boxrepsol.com\\\/wp-content\\\/uploads\\\/2022\\\/08\\\/20-dani-pedrosa-repsol-honda-motogp-26-baby-samurai.jpg\",\"datePublished\":\"2016-03-07T02:00:00+00:00\",\"dateModified\":\"2024-05-07T07:57:31+00:00\",\"description\":\"Los pilotos Repsol finalizaron los test de Catar con buenas sensaciones de cara al inicio de temporada.\",\"breadcrumb\":{\"@id\":\"https:\\\/\\\/www.boxrepsol.com\\\/es\\\/motogp\\\/equipo-repsol-honda-concluye-pretemporada-catar\\\/#breadcrumb\"},\"inLanguage\":\"es\",\"potentialAction\":[{\"@type\":\"ReadAction\",\"target\":[\"https:\\\/\\\/www.boxrepsol.com\\\/es\\\/motogp\\\/equipo-repsol-honda-concluye-pretemporada-catar\\\/\"]}]},{\"@type\":\"ImageObject\",\"inLanguage\":\"es\",\"@id\":\"https:\\\/\\\/www.boxrepsol.com\\\/es\\\/motogp\\\/equipo-repsol-honda-concluye-pretemporada-catar\\\/#primaryimage\",\"url\":\"https:\\\/\\\/www.boxrepsol.com\\\/wp-content\\\/uploads\\\/2022\\\/08\\\/20-dani-pedrosa-repsol-honda-motogp-26-baby-samurai.jpg\",\"contentUrl\":\"https:\\\/\\\/www.boxrepsol.com\\\/wp-content\\\/uploads\\\/2022\\\/08\\\/20-dani-pedrosa-repsol-honda-motogp-26-baby-samurai.jpg\",\"width\":1024,\"height\":429,\"caption\":\"Dani Pedrosa a toda velocidad sobre la RC213V\"},{\"@type\":\"BreadcrumbList\",\"@id\":\"https:\\\/\\\/www.boxrepsol.com\\\/es\\\/motogp\\\/equipo-repsol-honda-concluye-pretemporada-catar\\\/#breadcrumb\",\"itemListElement\":[{\"@type\":\"ListItem\",\"position\":1,\"name\":\"Home\",\"item\":\"https:\\\/\\\/www.boxrepsol.com\\\/es\\\/\"},{\"@type\":\"ListItem\",\"position\":2,\"name\":\"El Equipo Repsol Honda concluye su pretemporada en Catar\"}]},{\"@type\":\"WebSite\",\"@id\":\"https:\\\/\\\/www.boxrepsol.com\\\/es\\\/#website\",\"url\":\"https:\\\/\\\/www.boxrepsol.com\\\/es\\\/\",\"name\":\"Box Repsol\",\"description\":\"Box Repsol Site\",\"publisher\":{\"@id\":\"https:\\\/\\\/www.boxrepsol.com\\\/es\\\/#organization\"},\"potentialAction\":[{\"@type\":\"SearchAction\",\"target\":{\"@type\":\"EntryPoint\",\"urlTemplate\":\"https:\\\/\\\/www.boxrepsol.com\\\/es\\\/?s={search_term_string}\"},\"query-input\":{\"@type\":\"PropertyValueSpecification\",\"valueRequired\":true,\"valueName\":\"search_term_string\"}}],\"inLanguage\":\"es\"},{\"@type\":\"Organization\",\"@id\":\"https:\\\/\\\/www.boxrepsol.com\\\/es\\\/#organization\",\"name\":\"Box Repsol\",\"url\":\"https:\\\/\\\/www.boxrepsol.com\\\/es\\\/\",\"logo\":{\"@type\":\"ImageObject\",\"inLanguage\":\"es\",\"@id\":\"https:\\\/\\\/www.boxrepsol.com\\\/es\\\/#\\\/schema\\\/logo\\\/image\\\/\",\"url\":\"https:\\\/\\\/bxrepsol.s3.eu-west-1.amazonaws.com\\\/static\\\/2025\\\/07\\\/30083337\\\/favicon-96x96-1.png\",\"contentUrl\":\"https:\\\/\\\/bxrepsol.s3.eu-west-1.amazonaws.com\\\/static\\\/2025\\\/07\\\/30083337\\\/favicon-96x96-1.png\",\"width\":96,\"height\":96,\"caption\":\"Box Repsol\"},\"image\":{\"@id\":\"https:\\\/\\\/www.boxrepsol.com\\\/es\\\/#\\\/schema\\\/logo\\\/image\\\/\"},\"sameAs\":[\"https:\\\/\\\/www.facebook.com\\\/BoxRepsol\",\"https:\\\/\\\/x.com\\\/box_repsol\",\"http:\\\/\\\/instagram.com\\\/box_repsol\",\"https:\\\/\\\/www.youtube.com\\\/user\\\/RepsolCompeticion\",\"https:\\\/\\\/www.flickr.com\\\/photos\\\/box_repsol\\\/\"]},{\"@type\":\"Person\",\"@id\":\"https:\\\/\\\/www.boxrepsol.com\\\/es\\\/#\\\/schema\\\/person\\\/c5c2138f2cca251b0ad92b7086bb60b7\",\"name\":\"Redacci\u00f3n Box Repsol\",\"image\":{\"@type\":\"ImageObject\",\"inLanguage\":\"es\",\"@id\":\"https:\\\/\\\/secure.gravatar.com\\\/avatar\\\/adf7b77e38b4419baf32c7e9c21dde01f4e40df611f0978e3006fc4ba0aaab7e?s=96&d=mm&r=g\",\"url\":\"https:\\\/\\\/secure.gravatar.com\\\/avatar\\\/adf7b77e38b4419baf32c7e9c21dde01f4e40df611f0978e3006fc4ba0aaab7e?s=96&d=mm&r=g\",\"contentUrl\":\"https:\\\/\\\/secure.gravatar.com\\\/avatar\\\/adf7b77e38b4419baf32c7e9c21dde01f4e40df611f0978e3006fc4ba0aaab7e?s=96&d=mm&r=g\",\"caption\":\"Redacci\u00f3n Box Repsol\"},\"description\":\"Box Repsol lo forma un equipo de periodistas, community managers, dise\u00f1adores y fot\u00f3grafos con m\u00e1s de 20 a\u00f1os de experiencia en el mundo del motorsport. Hemos vivido el primer mundial de un espa\u00f1ol en la categor\u00eda reina de motociclismo con \u00c1lex Crivill\u00e9, estuvimos en las victorias de Pedrosa y los t\u00edtulos de M\u00e1rquez, acompa\u00f1amos en \u00c1frica a Nani Roma y Marc Coma en sus conquistas del Dakar y hemos vibrado con los t\u00edtulos de Toni Bou en Trial. Adem\u00e1s, en nuestro equipo contamos con expertos en el mundo de las dos y cuatro ruedas tanto de la calle y las carreteras, como de los circuitos. Periodistas que han trabajado en revistas y publicaciones para hacerte llegar desde rutas y consejos de mantenimiento, a curiosidades y trucos de pilotaje.\",\"sameAs\":[\"https:\\\/\\\/www.facebook.com\\\/BoxRepsol\\\/\",\"https:\\\/\\\/www.instagram.com\\\/box_repsol\\\/\",\"https:\\\/\\\/x.com\\\/https:\\\/\\\/twitter.com\\\/box_repsol\",\"https:\\\/\\\/www.youtube.com\\\/@Boxrepsol\"],\"url\":\"https:\\\/\\\/www.boxrepsol.com\\\/es\\\/author\\\/redaccion-box-repsol\\\/\"}]}<\/script>\n<!-- \/ Yoast SEO plugin. -->","yoast_head_json":{"title":"El Equipo Repsol Honda concluye su pretemporada en Catar - Box Repsol","description":"Los pilotos Repsol finalizaron los test de Catar con buenas sensaciones de cara al inicio de temporada.","canonical":"https:\/\/www.boxrepsol.com\/es\/motogp\/equipo-repsol-honda-concluye-pretemporada-catar\/","og_locale":"es_ES","og_type":"article","og_title":"El Equipo Repsol Honda concluye su pretemporada en Catar - Box Repsol","og_description":"Los pilotos Repsol finalizaron los test de Catar con buenas sensaciones de cara al inicio de temporada.","og_url":"https:\/\/www.boxrepsol.com\/es\/motogp\/equipo-repsol-honda-concluye-pretemporada-catar\/","og_site_name":"Box Repsol","article_publisher":"https:\/\/www.facebook.com\/BoxRepsol","article_author":"https:\/\/www.facebook.com\/BoxRepsol\/","article_published_time":"2016-03-07T02:00:00+00:00","article_modified_time":"2024-05-07T07:57:31+00:00","og_image":[{"width":1024,"height":429,"url":"https:\/\/www.boxrepsol.com\/wp-content\/uploads\/2022\/08\/20-dani-pedrosa-repsol-honda-motogp-26-baby-samurai.jpg","type":"image\/jpeg"}],"author":"Redacci\u00f3n Box Repsol","twitter_card":"summary_large_image","twitter_creator":"@https:\/\/twitter.com\/box_repsol","twitter_site":"@box_repsol","twitter_misc":{"Written by":"Redacci\u00f3n Box Repsol","Est. reading time":"3 minutos"},"schema":{"@context":"https:\/\/schema.org","@graph":[{"@type":"Article","@id":"https:\/\/www.boxrepsol.com\/es\/motogp\/equipo-repsol-honda-concluye-pretemporada-catar\/#article","isPartOf":{"@id":"https:\/\/www.boxrepsol.com\/es\/motogp\/equipo-repsol-honda-concluye-pretemporada-catar\/"},"author":{"name":"Redacci\u00f3n Box Repsol","@id":"https:\/\/www.boxrepsol.com\/es\/#\/schema\/person\/c5c2138f2cca251b0ad92b7086bb60b7"},"headline":"El Equipo Repsol Honda concluye su pretemporada en Catar","datePublished":"2016-03-07T02:00:00+00:00","dateModified":"2024-05-07T07:57:31+00:00","mainEntityOfPage":{"@id":"https:\/\/www.boxrepsol.com\/es\/motogp\/equipo-repsol-honda-concluye-pretemporada-catar\/"},"wordCount":583,"commentCount":0,"publisher":{"@id":"https:\/\/www.boxrepsol.com\/es\/#organization"},"image":{"@id":"https:\/\/www.boxrepsol.com\/es\/motogp\/equipo-repsol-honda-concluye-pretemporada-catar\/#primaryimage"},"thumbnailUrl":"https:\/\/www.boxrepsol.com\/wp-content\/uploads\/2022\/08\/20-dani-pedrosa-repsol-honda-motogp-26-baby-samurai.jpg","keywords":["Equipo Repsol Honda"],"articleSection":["MotoGP"],"inLanguage":"es","potentialAction":[{"@type":"CommentAction","name":"Comment","target":["https:\/\/www.boxrepsol.com\/es\/motogp\/equipo-repsol-honda-concluye-pretemporada-catar\/#respond"]}]},{"@type":"WebPage","@id":"https:\/\/www.boxrepsol.com\/es\/motogp\/equipo-repsol-honda-concluye-pretemporada-catar\/","url":"https:\/\/www.boxrepsol.com\/es\/motogp\/equipo-repsol-honda-concluye-pretemporada-catar\/","name":"El Equipo Repsol Honda concluye su pretemporada en Catar - Box Repsol","isPartOf":{"@id":"https:\/\/www.boxrepsol.com\/es\/#website"},"primaryImageOfPage":{"@id":"https:\/\/www.boxrepsol.com\/es\/motogp\/equipo-repsol-honda-concluye-pretemporada-catar\/#primaryimage"},"image":{"@id":"https:\/\/www.boxrepsol.com\/es\/motogp\/equipo-repsol-honda-concluye-pretemporada-catar\/#primaryimage"},"thumbnailUrl":"https:\/\/www.boxrepsol.com\/wp-content\/uploads\/2022\/08\/20-dani-pedrosa-repsol-honda-motogp-26-baby-samurai.jpg","datePublished":"2016-03-07T02:00:00+00:00","dateModified":"2024-05-07T07:57:31+00:00","description":"Los pilotos Repsol finalizaron los test de Catar con buenas sensaciones de cara al inicio de temporada.","breadcrumb":{"@id":"https:\/\/www.boxrepsol.com\/es\/motogp\/equipo-repsol-honda-concluye-pretemporada-catar\/#breadcrumb"},"inLanguage":"es","potentialAction":[{"@type":"ReadAction","target":["https:\/\/www.boxrepsol.com\/es\/motogp\/equipo-repsol-honda-concluye-pretemporada-catar\/"]}]},{"@type":"ImageObject","inLanguage":"es","@id":"https:\/\/www.boxrepsol.com\/es\/motogp\/equipo-repsol-honda-concluye-pretemporada-catar\/#primaryimage","url":"https:\/\/www.boxrepsol.com\/wp-content\/uploads\/2022\/08\/20-dani-pedrosa-repsol-honda-motogp-26-baby-samurai.jpg","contentUrl":"https:\/\/www.boxrepsol.com\/wp-content\/uploads\/2022\/08\/20-dani-pedrosa-repsol-honda-motogp-26-baby-samurai.jpg","width":1024,"height":429,"caption":"Dani Pedrosa a toda velocidad sobre la RC213V"},{"@type":"BreadcrumbList","@id":"https:\/\/www.boxrepsol.com\/es\/motogp\/equipo-repsol-honda-concluye-pretemporada-catar\/#breadcrumb","itemListElement":[{"@type":"ListItem","position":1,"name":"Home","item":"https:\/\/www.boxrepsol.com\/es\/"},{"@type":"ListItem","position":2,"name":"El Equipo Repsol Honda concluye su pretemporada en Catar"}]},{"@type":"WebSite","@id":"https:\/\/www.boxrepsol.com\/es\/#website","url":"https:\/\/www.boxrepsol.com\/es\/","name":"Box Repsol","description":"Box Repsol Site","publisher":{"@id":"https:\/\/www.boxrepsol.com\/es\/#organization"},"potentialAction":[{"@type":"SearchAction","target":{"@type":"EntryPoint","urlTemplate":"https:\/\/www.boxrepsol.com\/es\/?s={search_term_string}"},"query-input":{"@type":"PropertyValueSpecification","valueRequired":true,"valueName":"search_term_string"}}],"inLanguage":"es"},{"@type":"Organization","@id":"https:\/\/www.boxrepsol.com\/es\/#organization","name":"Box Repsol","url":"https:\/\/www.boxrepsol.com\/es\/","logo":{"@type":"ImageObject","inLanguage":"es","@id":"https:\/\/www.boxrepsol.com\/es\/#\/schema\/logo\/image\/","url":"https:\/\/bxrepsol.s3.eu-west-1.amazonaws.com\/static\/2025\/07\/30083337\/favicon-96x96-1.png","contentUrl":"https:\/\/bxrepsol.s3.eu-west-1.amazonaws.com\/static\/2025\/07\/30083337\/favicon-96x96-1.png","width":96,"height":96,"caption":"Box Repsol"},"image":{"@id":"https:\/\/www.boxrepsol.com\/es\/#\/schema\/logo\/image\/"},"sameAs":["https:\/\/www.facebook.com\/BoxRepsol","https:\/\/x.com\/box_repsol","http:\/\/instagram.com\/box_repsol","https:\/\/www.youtube.com\/user\/RepsolCompeticion","https:\/\/www.flickr.com\/photos\/box_repsol\/"]},{"@type":"Person","@id":"https:\/\/www.boxrepsol.com\/es\/#\/schema\/person\/c5c2138f2cca251b0ad92b7086bb60b7","name":"Redacci\u00f3n Box Repsol","image":{"@type":"ImageObject","inLanguage":"es","@id":"https:\/\/secure.gravatar.com\/avatar\/adf7b77e38b4419baf32c7e9c21dde01f4e40df611f0978e3006fc4ba0aaab7e?s=96&d=mm&r=g","url":"https:\/\/secure.gravatar.com\/avatar\/adf7b77e38b4419baf32c7e9c21dde01f4e40df611f0978e3006fc4ba0aaab7e?s=96&d=mm&r=g","contentUrl":"https:\/\/secure.gravatar.com\/avatar\/adf7b77e38b4419baf32c7e9c21dde01f4e40df611f0978e3006fc4ba0aaab7e?s=96&d=mm&r=g","caption":"Redacci\u00f3n Box Repsol"},"description":"Box Repsol lo forma un equipo de periodistas, community managers, dise\u00f1adores y fot\u00f3grafos con m\u00e1s de 20 a\u00f1os de experiencia en el mundo del motorsport. Hemos vivido el primer mundial de un espa\u00f1ol en la categor\u00eda reina de motociclismo con \u00c1lex Crivill\u00e9, estuvimos en las victorias de Pedrosa y los t\u00edtulos de M\u00e1rquez, acompa\u00f1amos en \u00c1frica a Nani Roma y Marc Coma en sus conquistas del Dakar y hemos vibrado con los t\u00edtulos de Toni Bou en Trial. Adem\u00e1s, en nuestro equipo contamos con expertos en el mundo de las dos y cuatro ruedas tanto de la calle y las carreteras, como de los circuitos. Periodistas que han trabajado en revistas y publicaciones para hacerte llegar desde rutas y consejos de mantenimiento, a curiosidades y trucos de pilotaje.","sameAs":["https:\/\/www.facebook.com\/BoxRepsol\/","https:\/\/www.instagram.com\/box_repsol\/","https:\/\/x.com\/https:\/\/twitter.com\/box_repsol","https:\/\/www.youtube.com\/@Boxrepsol"],"url":"https:\/\/www.boxrepsol.com\/es\/author\/redaccion-box-repsol\/"}]}},"_links":{"self":[{"href":"https:\/\/www.boxrepsol.com\/es\/wp-json\/wp\/v2\/posts\/89953","targetHints":{"allow":["GET"]}}],"collection":[{"href":"https:\/\/www.boxrepsol.com\/es\/wp-json\/wp\/v2\/posts"}],"about":[{"href":"https:\/\/www.boxrepsol.com\/es\/wp-json\/wp\/v2\/types\/post"}],"author":[{"embeddable":true,"href":"https:\/\/www.boxrepsol.com\/es\/wp-json\/wp\/v2\/users\/43146"}],"replies":[{"embeddable":true,"href":"https:\/\/www.boxrepsol.com\/es\/wp-json\/wp\/v2\/comments?post=89953"}],"version-history":[{"count":1,"href":"https:\/\/www.boxrepsol.com\/es\/wp-json\/wp\/v2\/posts\/89953\/revisions"}],"predecessor-version":[{"id":89954,"href":"https:\/\/www.boxrepsol.com\/es\/wp-json\/wp\/v2\/posts\/89953\/revisions\/89954"}],"wp:featuredmedia":[{"embeddable":true,"href":"https:\/\/www.boxrepsol.com\/es\/wp-json\/wp\/v2\/media\/85895"}],"wp:attachment":[{"href":"https:\/\/www.boxrepsol.com\/es\/wp-json\/wp\/v2\/media?parent=89953"}],"wp:term":[{"taxonomy":"category","embeddable":true,"href":"https:\/\/www.boxrepsol.com\/es\/wp-json\/wp\/v2\/categories?post=89953"},{"taxonomy":"post_tag","embeddable":true,"href":"https:\/\/www.boxrepsol.com\/es\/wp-json\/wp\/v2\/tags?post=89953"}],"curies":[{"name":"wp","href":"https:\/\/api.w.org\/{rel}","templated":true}]}}