{"id":89935,"date":"2016-04-07T00:00:00","date_gmt":"2016-04-07T02:00:00","guid":{"rendered":"http:\/\/pre.boxrepsol.com\/sin-categorizar\/el-repsol-honda-team-inicia-la-batalla-por-la-decada-perfecta\/"},"modified":"2024-05-07T06:02:34","modified_gmt":"2024-05-07T08:02:34","slug":"el-repsol-honda-team-inicia-la-batalla-por-la-decada-perfecta","status":"publish","type":"post","link":"https:\/\/www.boxrepsol.com\/es\/trial\/el-repsol-honda-team-inicia-la-batalla-por-la-decada-perfecta\/","title":{"rendered":"El Repsol Honda Team inicia la batalla por la d\u00e9cada perfecta"},"content":{"rendered":"<blockquote>\n<p>Bou tiene como objetivo la conquista de la d\u00e9cima corona mundial <\/p>\n<p>            <a href=\"http:\/\/twitter.com\/share?text=Bou+tiene+como+objetivo+la+conquista+de+la+d%C3%A9cima+corona+mundial+&#038;url=http%3A%2F%2F34.249.211.158%2Fes%2Ftrial%2Fel-repsol-honda-team-inicia-la-batalla-por-la-decada-perfecta%2F&#038;hashtags=\" target=\"_blank\" rel=\"noopener\"><br \/>\n            twittear        <\/a>\n        <\/p><\/blockquote>\n<h3><strong>Un importante triunfo<\/strong><\/h3>\n<p>Toni Bou empieza, este pr\u00f3ximo fin de semana, la primera de las ocho batallas que librar\u00e1 durante toda la temporada y que tiene como gran y \u00fanico objetivo la conquista de la d\u00e9cima corona mundial. El piloto del equipo Repsol lleva una d\u00e9cada dominando el panorama mundial de trial en recintos cerrados: en Marsella, hace diez d\u00edas mostr\u00f3, euf\u00f3rico, todos los dedos de las manos, y ahora, el siguiente paso es repetir la misma imagen a final de temporada.<\/p>\n<p>El piloto del Repsol Honda Team empez\u00f3 su imparable racha de t\u00edtulos en 2007 y desde entonces ha sumado victorias y t\u00edtulos hasta superar incluso todos los r\u00e9cords del motociclismo mundial. Este 2016, bajo su Montesa Cota 4RT buscar\u00e1 seguir ampliando ese largo listado de \u00e9xitos.<\/p>\n<p>\t\t\t\t<img decoding=\"async\" src=\"https:\/\/bxrepsol.s3.eu-west-1.amazonaws.com\/static\/2022\/08\/29045206\/toni-bou-trial-20161-scaled.jpg\" alt=\"Toni Bou observando una zona de trial\" itemprop=\"image\"  \/><\/p>\n<h3><strong>Toni Bou<br \/>\n<\/strong><\/h3>\n<p>Este a\u00f1o vivir\u00e9 un inicio de campeonato muy diferente al de los \u00faltimos a\u00f1os. Las condiciones f\u00edsicas con las que llego a Olvan y Cal Rosal no son las \u00f3ptimas y hasta que no suba a la moto no sabr\u00e9 cu\u00e1l es el estado real de la lesi\u00f3n y si el reposo de toda esta semana ha ido bien. He podido mantener la forma f\u00edsica en el gimnasio, sin forzar el tronco superior, pero siempre me gusta preparar la carrera y esta vez no he podido. El viernes veremos c\u00f3mo estamos, pero estoy seguro que, si subo a la moto lo har\u00e9 sin nervios, consciente de que el f\u00edsico no est\u00e1 al 100% para afrontar un Campeonato del Mundo. Intentaremos sacar lo m\u00e1ximo y veremos qu\u00e9 decisiones tomamos antes y despu\u00e9s de la carrera.<\/p>\n<h3><strong>Takahisa Fujinami<br \/>\n<\/strong><\/h3>\n<p>Mi objetivo para esta temporada es volver a estar entre los tres primeros al final del campeonato. Para ello ser\u00e1 importante no s\u00f3lo luchar, sino conseguir estar en el podio en cada carrera. Creo que una ventaja que tengo respecto al resto es que no tengo presi\u00f3n alguna. F\u00edsicamente estoy mejor que los \u00faltimos tres a\u00f1os, con lo que voy a dar lo m\u00e1ximo en todos los GP. He entrenado fuerte y estoy convencido de mis posibilidades.<\/p>\n<h3><strong>Jaime Busto<br \/>\n<\/strong><\/h3>\n<p>Tengo ganas de que empiece ya el Campeonato del Mundo, porque creo que voy a llegar mucho mejor que el a\u00f1o pasado en todos los sentidos: estoy mucho m\u00e1s acoplado a la moto y ya s\u00e9 qu\u00e9 errores comet\u00ed en mi primer a\u00f1o de Mundial, as\u00ed que voy a intentar mejorarlo. No tengo presi\u00f3n alguna y\u2026 \u00bfpor qu\u00e9 no dar la sorpresa? El a\u00f1o pasado estuve muy cerca del podio en varias carreras y el objetivo es acabar en \u00e9l. Tengo a mis compa\u00f1eros que me lo pondr\u00e1n dif\u00edcil, pero yo soy muy tozudo\u2026<\/p>\n","protected":false},"excerpt":{"rendered":"<p>Este pr\u00f3ximo fin de semana el Repsol Honda Team tiene una gran cita con la historia. Arranca el Campeonato del Mundo FIM de Trial y el equipo, con Toni Bou a la cabeza, buscar\u00e1 el d\u00e9cimo t\u00edtulo consecutivo al aire libre.<\/p>\n","protected":false},"author":43146,"featured_media":85867,"comment_status":"open","ping_status":"open","sticky":false,"template":"","format":"standard","meta":{"footnotes":""},"categories":[23],"tags":[130],"class_list":["post-89935","post","type-post","status-publish","format-standard","hentry","category-trial","tag-otros-eventos-y-competiciones"],"yoast_head":"<!-- This site is optimized with the Yoast SEO plugin v27.3 - https:\/\/yoast.com\/product\/yoast-seo-wordpress\/ -->\n<title>El Repsol Honda Team inicia la batalla por la d\u00e9cada perfecta - Box Repsol<\/title>\n<meta name=\"description\" content=\"Este pr\u00f3ximo fin de semana el Repsol Honda Team tiene una gran cita con la historia. Arranca el Campeonato del Mundo FIM de Trial...\" \/>\n<link rel=\"canonical\" href=\"https:\/\/www.boxrepsol.com\/es\/trial\/el-repsol-honda-team-inicia-la-batalla-por-la-decada-perfecta\/\" \/>\n<meta property=\"og:locale\" content=\"es_ES\" \/>\n<meta property=\"og:type\" content=\"article\" \/>\n<meta property=\"og:title\" content=\"El Repsol Honda Team inicia la batalla por la d\u00e9cada perfecta - Box Repsol\" \/>\n<meta property=\"og:description\" content=\"Este pr\u00f3ximo fin de semana el Repsol Honda Team tiene una gran cita con la historia. Arranca el Campeonato del Mundo FIM de Trial...\" \/>\n<meta property=\"og:url\" content=\"https:\/\/www.boxrepsol.com\/es\/trial\/el-repsol-honda-team-inicia-la-batalla-por-la-decada-perfecta\/\" \/>\n<meta property=\"og:site_name\" content=\"Box Repsol\" \/>\n<meta property=\"article:publisher\" content=\"https:\/\/www.facebook.com\/BoxRepsol\" \/>\n<meta property=\"article:author\" content=\"https:\/\/www.facebook.com\/BoxRepsol\/\" \/>\n<meta property=\"article:published_time\" content=\"2016-04-07T02:00:00+00:00\" \/>\n<meta property=\"article:modified_time\" content=\"2024-05-07T08:02:34+00:00\" \/>\n<meta property=\"og:image\" content=\"https:\/\/www.boxrepsol.com\/wp-content\/uploads\/2022\/08\/takahisa-fujinami-trial-20161.jpg\" \/>\n\t<meta property=\"og:image:width\" content=\"1024\" \/>\n\t<meta property=\"og:image:height\" content=\"429\" \/>\n\t<meta property=\"og:image:type\" content=\"image\/jpeg\" \/>\n<meta name=\"author\" content=\"Redacci\u00f3n Box Repsol\" \/>\n<meta name=\"twitter:card\" content=\"summary_large_image\" \/>\n<meta name=\"twitter:creator\" content=\"@https:\/\/twitter.com\/box_repsol\" \/>\n<meta name=\"twitter:site\" content=\"@box_repsol\" \/>\n<meta name=\"twitter:label1\" content=\"Written by\" \/>\n\t<meta name=\"twitter:data1\" content=\"Redacci\u00f3n Box Repsol\" \/>\n\t<meta name=\"twitter:label2\" content=\"Est. reading time\" \/>\n\t<meta name=\"twitter:data2\" content=\"2 minutos\" \/>\n<script type=\"application\/ld+json\" class=\"yoast-schema-graph\">{\"@context\":\"https:\\\/\\\/schema.org\",\"@graph\":[{\"@type\":\"Article\",\"@id\":\"https:\\\/\\\/www.boxrepsol.com\\\/es\\\/trial\\\/el-repsol-honda-team-inicia-la-batalla-por-la-decada-perfecta\\\/#article\",\"isPartOf\":{\"@id\":\"https:\\\/\\\/www.boxrepsol.com\\\/es\\\/trial\\\/el-repsol-honda-team-inicia-la-batalla-por-la-decada-perfecta\\\/\"},\"author\":{\"name\":\"Redacci\u00f3n Box Repsol\",\"@id\":\"https:\\\/\\\/www.boxrepsol.com\\\/es\\\/#\\\/schema\\\/person\\\/c5c2138f2cca251b0ad92b7086bb60b7\"},\"headline\":\"El Repsol Honda Team inicia la batalla por la d\u00e9cada perfecta\",\"datePublished\":\"2016-04-07T02:00:00+00:00\",\"dateModified\":\"2024-05-07T08:02:34+00:00\",\"mainEntityOfPage\":{\"@id\":\"https:\\\/\\\/www.boxrepsol.com\\\/es\\\/trial\\\/el-repsol-honda-team-inicia-la-batalla-por-la-decada-perfecta\\\/\"},\"wordCount\":492,\"commentCount\":0,\"publisher\":{\"@id\":\"https:\\\/\\\/www.boxrepsol.com\\\/es\\\/#organization\"},\"image\":{\"@id\":\"https:\\\/\\\/www.boxrepsol.com\\\/es\\\/trial\\\/el-repsol-honda-team-inicia-la-batalla-por-la-decada-perfecta\\\/#primaryimage\"},\"thumbnailUrl\":\"https:\\\/\\\/www.boxrepsol.com\\\/wp-content\\\/uploads\\\/2022\\\/08\\\/takahisa-fujinami-trial-20161.jpg\",\"keywords\":[\"otros eventos y competiciones\"],\"articleSection\":[\"Trial\"],\"inLanguage\":\"es\",\"potentialAction\":[{\"@type\":\"CommentAction\",\"name\":\"Comment\",\"target\":[\"https:\\\/\\\/www.boxrepsol.com\\\/es\\\/trial\\\/el-repsol-honda-team-inicia-la-batalla-por-la-decada-perfecta\\\/#respond\"]}]},{\"@type\":\"WebPage\",\"@id\":\"https:\\\/\\\/www.boxrepsol.com\\\/es\\\/trial\\\/el-repsol-honda-team-inicia-la-batalla-por-la-decada-perfecta\\\/\",\"url\":\"https:\\\/\\\/www.boxrepsol.com\\\/es\\\/trial\\\/el-repsol-honda-team-inicia-la-batalla-por-la-decada-perfecta\\\/\",\"name\":\"El Repsol Honda Team inicia la batalla por la d\u00e9cada perfecta - Box Repsol\",\"isPartOf\":{\"@id\":\"https:\\\/\\\/www.boxrepsol.com\\\/es\\\/#website\"},\"primaryImageOfPage\":{\"@id\":\"https:\\\/\\\/www.boxrepsol.com\\\/es\\\/trial\\\/el-repsol-honda-team-inicia-la-batalla-por-la-decada-perfecta\\\/#primaryimage\"},\"image\":{\"@id\":\"https:\\\/\\\/www.boxrepsol.com\\\/es\\\/trial\\\/el-repsol-honda-team-inicia-la-batalla-por-la-decada-perfecta\\\/#primaryimage\"},\"thumbnailUrl\":\"https:\\\/\\\/www.boxrepsol.com\\\/wp-content\\\/uploads\\\/2022\\\/08\\\/takahisa-fujinami-trial-20161.jpg\",\"datePublished\":\"2016-04-07T02:00:00+00:00\",\"dateModified\":\"2024-05-07T08:02:34+00:00\",\"description\":\"Este pr\u00f3ximo fin de semana el Repsol Honda Team tiene una gran cita con la historia. Arranca el Campeonato del Mundo FIM de Trial...\",\"breadcrumb\":{\"@id\":\"https:\\\/\\\/www.boxrepsol.com\\\/es\\\/trial\\\/el-repsol-honda-team-inicia-la-batalla-por-la-decada-perfecta\\\/#breadcrumb\"},\"inLanguage\":\"es\",\"potentialAction\":[{\"@type\":\"ReadAction\",\"target\":[\"https:\\\/\\\/www.boxrepsol.com\\\/es\\\/trial\\\/el-repsol-honda-team-inicia-la-batalla-por-la-decada-perfecta\\\/\"]}]},{\"@type\":\"ImageObject\",\"inLanguage\":\"es\",\"@id\":\"https:\\\/\\\/www.boxrepsol.com\\\/es\\\/trial\\\/el-repsol-honda-team-inicia-la-batalla-por-la-decada-perfecta\\\/#primaryimage\",\"url\":\"https:\\\/\\\/www.boxrepsol.com\\\/wp-content\\\/uploads\\\/2022\\\/08\\\/takahisa-fujinami-trial-20161.jpg\",\"contentUrl\":\"https:\\\/\\\/www.boxrepsol.com\\\/wp-content\\\/uploads\\\/2022\\\/08\\\/takahisa-fujinami-trial-20161.jpg\",\"width\":1024,\"height\":429,\"caption\":\"Takahisa Fujinami subiendo unas rocas con su moto\"},{\"@type\":\"BreadcrumbList\",\"@id\":\"https:\\\/\\\/www.boxrepsol.com\\\/es\\\/trial\\\/el-repsol-honda-team-inicia-la-batalla-por-la-decada-perfecta\\\/#breadcrumb\",\"itemListElement\":[{\"@type\":\"ListItem\",\"position\":1,\"name\":\"Home\",\"item\":\"https:\\\/\\\/www.boxrepsol.com\\\/es\\\/\"},{\"@type\":\"ListItem\",\"position\":2,\"name\":\"El Repsol Honda Team inicia la batalla por la d\u00e9cada perfecta\"}]},{\"@type\":\"WebSite\",\"@id\":\"https:\\\/\\\/www.boxrepsol.com\\\/es\\\/#website\",\"url\":\"https:\\\/\\\/www.boxrepsol.com\\\/es\\\/\",\"name\":\"Box Repsol\",\"description\":\"Box Repsol Site\",\"publisher\":{\"@id\":\"https:\\\/\\\/www.boxrepsol.com\\\/es\\\/#organization\"},\"potentialAction\":[{\"@type\":\"SearchAction\",\"target\":{\"@type\":\"EntryPoint\",\"urlTemplate\":\"https:\\\/\\\/www.boxrepsol.com\\\/es\\\/?s={search_term_string}\"},\"query-input\":{\"@type\":\"PropertyValueSpecification\",\"valueRequired\":true,\"valueName\":\"search_term_string\"}}],\"inLanguage\":\"es\"},{\"@type\":\"Organization\",\"@id\":\"https:\\\/\\\/www.boxrepsol.com\\\/es\\\/#organization\",\"name\":\"Box Repsol\",\"url\":\"https:\\\/\\\/www.boxrepsol.com\\\/es\\\/\",\"logo\":{\"@type\":\"ImageObject\",\"inLanguage\":\"es\",\"@id\":\"https:\\\/\\\/www.boxrepsol.com\\\/es\\\/#\\\/schema\\\/logo\\\/image\\\/\",\"url\":\"https:\\\/\\\/bxrepsol.s3.eu-west-1.amazonaws.com\\\/static\\\/2025\\\/07\\\/30083337\\\/favicon-96x96-1.png\",\"contentUrl\":\"https:\\\/\\\/bxrepsol.s3.eu-west-1.amazonaws.com\\\/static\\\/2025\\\/07\\\/30083337\\\/favicon-96x96-1.png\",\"width\":96,\"height\":96,\"caption\":\"Box Repsol\"},\"image\":{\"@id\":\"https:\\\/\\\/www.boxrepsol.com\\\/es\\\/#\\\/schema\\\/logo\\\/image\\\/\"},\"sameAs\":[\"https:\\\/\\\/www.facebook.com\\\/BoxRepsol\",\"https:\\\/\\\/x.com\\\/box_repsol\",\"http:\\\/\\\/instagram.com\\\/box_repsol\",\"https:\\\/\\\/www.youtube.com\\\/user\\\/RepsolCompeticion\",\"https:\\\/\\\/www.flickr.com\\\/photos\\\/box_repsol\\\/\"]},{\"@type\":\"Person\",\"@id\":\"https:\\\/\\\/www.boxrepsol.com\\\/es\\\/#\\\/schema\\\/person\\\/c5c2138f2cca251b0ad92b7086bb60b7\",\"name\":\"Redacci\u00f3n Box Repsol\",\"image\":{\"@type\":\"ImageObject\",\"inLanguage\":\"es\",\"@id\":\"https:\\\/\\\/secure.gravatar.com\\\/avatar\\\/adf7b77e38b4419baf32c7e9c21dde01f4e40df611f0978e3006fc4ba0aaab7e?s=96&d=mm&r=g\",\"url\":\"https:\\\/\\\/secure.gravatar.com\\\/avatar\\\/adf7b77e38b4419baf32c7e9c21dde01f4e40df611f0978e3006fc4ba0aaab7e?s=96&d=mm&r=g\",\"contentUrl\":\"https:\\\/\\\/secure.gravatar.com\\\/avatar\\\/adf7b77e38b4419baf32c7e9c21dde01f4e40df611f0978e3006fc4ba0aaab7e?s=96&d=mm&r=g\",\"caption\":\"Redacci\u00f3n Box Repsol\"},\"description\":\"Box Repsol lo forma un equipo de periodistas, community managers, dise\u00f1adores y fot\u00f3grafos con m\u00e1s de 20 a\u00f1os de experiencia en el mundo del motorsport. Hemos vivido el primer mundial de un espa\u00f1ol en la categor\u00eda reina de motociclismo con \u00c1lex Crivill\u00e9, estuvimos en las victorias de Pedrosa y los t\u00edtulos de M\u00e1rquez, acompa\u00f1amos en \u00c1frica a Nani Roma y Marc Coma en sus conquistas del Dakar y hemos vibrado con los t\u00edtulos de Toni Bou en Trial. Adem\u00e1s, en nuestro equipo contamos con expertos en el mundo de las dos y cuatro ruedas tanto de la calle y las carreteras, como de los circuitos. Periodistas que han trabajado en revistas y publicaciones para hacerte llegar desde rutas y consejos de mantenimiento, a curiosidades y trucos de pilotaje.\",\"sameAs\":[\"https:\\\/\\\/www.facebook.com\\\/BoxRepsol\\\/\",\"https:\\\/\\\/www.instagram.com\\\/box_repsol\\\/\",\"https:\\\/\\\/x.com\\\/https:\\\/\\\/twitter.com\\\/box_repsol\",\"https:\\\/\\\/www.youtube.com\\\/@Boxrepsol\"],\"url\":\"https:\\\/\\\/www.boxrepsol.com\\\/es\\\/author\\\/redaccion-box-repsol\\\/\"}]}<\/script>\n<!-- \/ Yoast SEO plugin. -->","yoast_head_json":{"title":"El Repsol Honda Team inicia la batalla por la d\u00e9cada perfecta - Box Repsol","description":"Este pr\u00f3ximo fin de semana el Repsol Honda Team tiene una gran cita con la historia. Arranca el Campeonato del Mundo FIM de Trial...","canonical":"https:\/\/www.boxrepsol.com\/es\/trial\/el-repsol-honda-team-inicia-la-batalla-por-la-decada-perfecta\/","og_locale":"es_ES","og_type":"article","og_title":"El Repsol Honda Team inicia la batalla por la d\u00e9cada perfecta - Box Repsol","og_description":"Este pr\u00f3ximo fin de semana el Repsol Honda Team tiene una gran cita con la historia. Arranca el Campeonato del Mundo FIM de Trial...","og_url":"https:\/\/www.boxrepsol.com\/es\/trial\/el-repsol-honda-team-inicia-la-batalla-por-la-decada-perfecta\/","og_site_name":"Box Repsol","article_publisher":"https:\/\/www.facebook.com\/BoxRepsol","article_author":"https:\/\/www.facebook.com\/BoxRepsol\/","article_published_time":"2016-04-07T02:00:00+00:00","article_modified_time":"2024-05-07T08:02:34+00:00","og_image":[{"width":1024,"height":429,"url":"https:\/\/www.boxrepsol.com\/wp-content\/uploads\/2022\/08\/takahisa-fujinami-trial-20161.jpg","type":"image\/jpeg"}],"author":"Redacci\u00f3n Box Repsol","twitter_card":"summary_large_image","twitter_creator":"@https:\/\/twitter.com\/box_repsol","twitter_site":"@box_repsol","twitter_misc":{"Written by":"Redacci\u00f3n Box Repsol","Est. reading time":"2 minutos"},"schema":{"@context":"https:\/\/schema.org","@graph":[{"@type":"Article","@id":"https:\/\/www.boxrepsol.com\/es\/trial\/el-repsol-honda-team-inicia-la-batalla-por-la-decada-perfecta\/#article","isPartOf":{"@id":"https:\/\/www.boxrepsol.com\/es\/trial\/el-repsol-honda-team-inicia-la-batalla-por-la-decada-perfecta\/"},"author":{"name":"Redacci\u00f3n Box Repsol","@id":"https:\/\/www.boxrepsol.com\/es\/#\/schema\/person\/c5c2138f2cca251b0ad92b7086bb60b7"},"headline":"El Repsol Honda Team inicia la batalla por la d\u00e9cada perfecta","datePublished":"2016-04-07T02:00:00+00:00","dateModified":"2024-05-07T08:02:34+00:00","mainEntityOfPage":{"@id":"https:\/\/www.boxrepsol.com\/es\/trial\/el-repsol-honda-team-inicia-la-batalla-por-la-decada-perfecta\/"},"wordCount":492,"commentCount":0,"publisher":{"@id":"https:\/\/www.boxrepsol.com\/es\/#organization"},"image":{"@id":"https:\/\/www.boxrepsol.com\/es\/trial\/el-repsol-honda-team-inicia-la-batalla-por-la-decada-perfecta\/#primaryimage"},"thumbnailUrl":"https:\/\/www.boxrepsol.com\/wp-content\/uploads\/2022\/08\/takahisa-fujinami-trial-20161.jpg","keywords":["otros eventos y competiciones"],"articleSection":["Trial"],"inLanguage":"es","potentialAction":[{"@type":"CommentAction","name":"Comment","target":["https:\/\/www.boxrepsol.com\/es\/trial\/el-repsol-honda-team-inicia-la-batalla-por-la-decada-perfecta\/#respond"]}]},{"@type":"WebPage","@id":"https:\/\/www.boxrepsol.com\/es\/trial\/el-repsol-honda-team-inicia-la-batalla-por-la-decada-perfecta\/","url":"https:\/\/www.boxrepsol.com\/es\/trial\/el-repsol-honda-team-inicia-la-batalla-por-la-decada-perfecta\/","name":"El Repsol Honda Team inicia la batalla por la d\u00e9cada perfecta - Box Repsol","isPartOf":{"@id":"https:\/\/www.boxrepsol.com\/es\/#website"},"primaryImageOfPage":{"@id":"https:\/\/www.boxrepsol.com\/es\/trial\/el-repsol-honda-team-inicia-la-batalla-por-la-decada-perfecta\/#primaryimage"},"image":{"@id":"https:\/\/www.boxrepsol.com\/es\/trial\/el-repsol-honda-team-inicia-la-batalla-por-la-decada-perfecta\/#primaryimage"},"thumbnailUrl":"https:\/\/www.boxrepsol.com\/wp-content\/uploads\/2022\/08\/takahisa-fujinami-trial-20161.jpg","datePublished":"2016-04-07T02:00:00+00:00","dateModified":"2024-05-07T08:02:34+00:00","description":"Este pr\u00f3ximo fin de semana el Repsol Honda Team tiene una gran cita con la historia. Arranca el Campeonato del Mundo FIM de Trial...","breadcrumb":{"@id":"https:\/\/www.boxrepsol.com\/es\/trial\/el-repsol-honda-team-inicia-la-batalla-por-la-decada-perfecta\/#breadcrumb"},"inLanguage":"es","potentialAction":[{"@type":"ReadAction","target":["https:\/\/www.boxrepsol.com\/es\/trial\/el-repsol-honda-team-inicia-la-batalla-por-la-decada-perfecta\/"]}]},{"@type":"ImageObject","inLanguage":"es","@id":"https:\/\/www.boxrepsol.com\/es\/trial\/el-repsol-honda-team-inicia-la-batalla-por-la-decada-perfecta\/#primaryimage","url":"https:\/\/www.boxrepsol.com\/wp-content\/uploads\/2022\/08\/takahisa-fujinami-trial-20161.jpg","contentUrl":"https:\/\/www.boxrepsol.com\/wp-content\/uploads\/2022\/08\/takahisa-fujinami-trial-20161.jpg","width":1024,"height":429,"caption":"Takahisa Fujinami subiendo unas rocas con su moto"},{"@type":"BreadcrumbList","@id":"https:\/\/www.boxrepsol.com\/es\/trial\/el-repsol-honda-team-inicia-la-batalla-por-la-decada-perfecta\/#breadcrumb","itemListElement":[{"@type":"ListItem","position":1,"name":"Home","item":"https:\/\/www.boxrepsol.com\/es\/"},{"@type":"ListItem","position":2,"name":"El Repsol Honda Team inicia la batalla por la d\u00e9cada perfecta"}]},{"@type":"WebSite","@id":"https:\/\/www.boxrepsol.com\/es\/#website","url":"https:\/\/www.boxrepsol.com\/es\/","name":"Box Repsol","description":"Box Repsol Site","publisher":{"@id":"https:\/\/www.boxrepsol.com\/es\/#organization"},"potentialAction":[{"@type":"SearchAction","target":{"@type":"EntryPoint","urlTemplate":"https:\/\/www.boxrepsol.com\/es\/?s={search_term_string}"},"query-input":{"@type":"PropertyValueSpecification","valueRequired":true,"valueName":"search_term_string"}}],"inLanguage":"es"},{"@type":"Organization","@id":"https:\/\/www.boxrepsol.com\/es\/#organization","name":"Box Repsol","url":"https:\/\/www.boxrepsol.com\/es\/","logo":{"@type":"ImageObject","inLanguage":"es","@id":"https:\/\/www.boxrepsol.com\/es\/#\/schema\/logo\/image\/","url":"https:\/\/bxrepsol.s3.eu-west-1.amazonaws.com\/static\/2025\/07\/30083337\/favicon-96x96-1.png","contentUrl":"https:\/\/bxrepsol.s3.eu-west-1.amazonaws.com\/static\/2025\/07\/30083337\/favicon-96x96-1.png","width":96,"height":96,"caption":"Box Repsol"},"image":{"@id":"https:\/\/www.boxrepsol.com\/es\/#\/schema\/logo\/image\/"},"sameAs":["https:\/\/www.facebook.com\/BoxRepsol","https:\/\/x.com\/box_repsol","http:\/\/instagram.com\/box_repsol","https:\/\/www.youtube.com\/user\/RepsolCompeticion","https:\/\/www.flickr.com\/photos\/box_repsol\/"]},{"@type":"Person","@id":"https:\/\/www.boxrepsol.com\/es\/#\/schema\/person\/c5c2138f2cca251b0ad92b7086bb60b7","name":"Redacci\u00f3n Box Repsol","image":{"@type":"ImageObject","inLanguage":"es","@id":"https:\/\/secure.gravatar.com\/avatar\/adf7b77e38b4419baf32c7e9c21dde01f4e40df611f0978e3006fc4ba0aaab7e?s=96&d=mm&r=g","url":"https:\/\/secure.gravatar.com\/avatar\/adf7b77e38b4419baf32c7e9c21dde01f4e40df611f0978e3006fc4ba0aaab7e?s=96&d=mm&r=g","contentUrl":"https:\/\/secure.gravatar.com\/avatar\/adf7b77e38b4419baf32c7e9c21dde01f4e40df611f0978e3006fc4ba0aaab7e?s=96&d=mm&r=g","caption":"Redacci\u00f3n Box Repsol"},"description":"Box Repsol lo forma un equipo de periodistas, community managers, dise\u00f1adores y fot\u00f3grafos con m\u00e1s de 20 a\u00f1os de experiencia en el mundo del motorsport. Hemos vivido el primer mundial de un espa\u00f1ol en la categor\u00eda reina de motociclismo con \u00c1lex Crivill\u00e9, estuvimos en las victorias de Pedrosa y los t\u00edtulos de M\u00e1rquez, acompa\u00f1amos en \u00c1frica a Nani Roma y Marc Coma en sus conquistas del Dakar y hemos vibrado con los t\u00edtulos de Toni Bou en Trial. Adem\u00e1s, en nuestro equipo contamos con expertos en el mundo de las dos y cuatro ruedas tanto de la calle y las carreteras, como de los circuitos. Periodistas que han trabajado en revistas y publicaciones para hacerte llegar desde rutas y consejos de mantenimiento, a curiosidades y trucos de pilotaje.","sameAs":["https:\/\/www.facebook.com\/BoxRepsol\/","https:\/\/www.instagram.com\/box_repsol\/","https:\/\/x.com\/https:\/\/twitter.com\/box_repsol","https:\/\/www.youtube.com\/@Boxrepsol"],"url":"https:\/\/www.boxrepsol.com\/es\/author\/redaccion-box-repsol\/"}]}},"_links":{"self":[{"href":"https:\/\/www.boxrepsol.com\/es\/wp-json\/wp\/v2\/posts\/89935","targetHints":{"allow":["GET"]}}],"collection":[{"href":"https:\/\/www.boxrepsol.com\/es\/wp-json\/wp\/v2\/posts"}],"about":[{"href":"https:\/\/www.boxrepsol.com\/es\/wp-json\/wp\/v2\/types\/post"}],"author":[{"embeddable":true,"href":"https:\/\/www.boxrepsol.com\/es\/wp-json\/wp\/v2\/users\/43146"}],"replies":[{"embeddable":true,"href":"https:\/\/www.boxrepsol.com\/es\/wp-json\/wp\/v2\/comments?post=89935"}],"version-history":[{"count":1,"href":"https:\/\/www.boxrepsol.com\/es\/wp-json\/wp\/v2\/posts\/89935\/revisions"}],"predecessor-version":[{"id":89936,"href":"https:\/\/www.boxrepsol.com\/es\/wp-json\/wp\/v2\/posts\/89935\/revisions\/89936"}],"wp:featuredmedia":[{"embeddable":true,"href":"https:\/\/www.boxrepsol.com\/es\/wp-json\/wp\/v2\/media\/85867"}],"wp:attachment":[{"href":"https:\/\/www.boxrepsol.com\/es\/wp-json\/wp\/v2\/media?parent=89935"}],"wp:term":[{"taxonomy":"category","embeddable":true,"href":"https:\/\/www.boxrepsol.com\/es\/wp-json\/wp\/v2\/categories?post=89935"},{"taxonomy":"post_tag","embeddable":true,"href":"https:\/\/www.boxrepsol.com\/es\/wp-json\/wp\/v2\/tags?post=89935"}],"curies":[{"name":"wp","href":"https:\/\/api.w.org\/{rel}","templated":true}]}}