{"id":89930,"date":"2016-04-13T00:00:00","date_gmt":"2016-04-13T02:00:00","guid":{"rendered":"http:\/\/pre.boxrepsol.com\/sin-categorizar\/todo-listo-para-el-inicio-del-fim-cev-repsol-2016\/"},"modified":"2024-05-07T06:39:08","modified_gmt":"2024-05-07T08:39:08","slug":"todo-listo-para-el-inicio-del-fim-cev-repsol-2016","status":"publish","type":"post","link":"https:\/\/www.boxrepsol.com\/es\/sin-categorizar\/todo-listo-para-el-inicio-del-fim-cev-repsol-2016\/","title":{"rendered":"Todo listo para el inicio del FIM CEV Repsol 2016"},"content":{"rendered":"<blockquote>\n<p>El #FIMCEVRepsol2016 abrir\u00e1 el tel\u00f3n en el Circuit de la Comunitat Valenciana<\/p>\n<p>            <a href=\"#\"><br \/>\n            twittear        <\/a>\n        <\/p><\/blockquote>\n<h3><strong>Una gran presencia internacional<\/strong><\/h3>\n<p>El Circuit de la Comunitat Valenciana Ricardo Tormo abrir\u00e1 el tel\u00f3n de una nueva edici\u00f3n del FIM CEV Repsol, certamen considerado el paso previo al Campeonato del Mundo de Motociclismo. 87 pilotos de m\u00e1s de 15 nacionalidades distintas, dotan de una gran presencia internacional a la competici\u00f3n, que volver\u00e1 a contar con 8 pruebas, 6 de ellas en Espa\u00f1a, una en Portugal y otra en Francia.<\/p>\n<p>El objetivo de todos ellos ser\u00e1 tomar el relevo de Nicol\u00f2 Bulega (Moto3), Edgar Pons (Moto2) y Carmelo Morales (Superbike), vencedores en 2015 y en el caso de los dos primeros, ya pilotos del Mundial tras su brillante paso por el FIM CEV Repsol. El campeonato se ha ganado su reputaci\u00f3n de excelente cuna de talentos, de la que han salido entre otros los actuales pilotos Repsol en el Mundial de Moto3, Ar\u00f3n Canet (candidato al t\u00edtulo del Mundial Junior 2015 hasta la \u00faltima cita) o Jorge Navarro (subcampe\u00f3n de Moto3 en el FIM CEV Repsol de 2014).<\/p>\n<p><strong>La primera cita del FIM CEV Repsol contar\u00e1 con 5 carreras, dos de Moto2 y Moto3, y una de Superbikes:<br \/>\n<\/strong><br \/>\n&#8211; 11:00 &#8211; Carrera 1 de Moto2<br \/>\n&#8211; 12:00 &#8211; Carrera 1 de Moto3<br \/>\n&#8211; 13:00 &#8211; Carrera de Superbike<br \/>\n&#8211; 14:00 &#8211; Carrera 2 de Moto2<br \/>\n&#8211; 15:00 &#8211; Carrera 2 de Moto3<\/p>\n<p><strong>Calendario del FIM CEV Repsol<\/strong><\/p>\n<p>&#8211; 17\/04\/2016 Circuit de la Comunitat Valenciana<br \/>\n&#8211; 07\/05\/2016 Le Mans (Francia)<br \/>\n&#8211; 29\/05\/2016 MotorLand Arag\u00f3n<br \/>\n&#8211; 12\/06\/2016 Barcelona-Catalunya<br \/>\n&#8211; 03\/07\/2016 Circuito de Albacete<br \/>\n&#8211; 28\/08\/2016 Circuito do Algarve (Portugal)<br \/>\n&#8211; 02\/10\/2016 Circuito de Jerez<br \/>\n&#8211; 20\/11\/2016 Circuit de la Comunitat Valenciana<\/p>\n","protected":false},"excerpt":{"rendered":"<p>Este fin de semana se celebra en Valencia la decimonovena edici\u00f3n del certamen, que contar\u00e1 con las mismas categor\u00edas de 2015: Mundial Junior de Moto3, Campeonato de Europa de Moto2 y de Superbike.<\/p>\n","protected":false},"author":43146,"featured_media":85837,"comment_status":"open","ping_status":"open","sticky":false,"template":"","format":"standard","meta":{"footnotes":""},"categories":[1],"tags":[130],"class_list":["post-89930","post","type-post","status-publish","format-standard","hentry","category-sin-categorizar","tag-otros-eventos-y-competiciones"],"yoast_head":"<!-- This site is optimized with the Yoast SEO plugin v27.3 - https:\/\/yoast.com\/product\/yoast-seo-wordpress\/ -->\n<title>Todo listo para el inicio del FIM CEV Repsol 2016 - Box Repsol<\/title>\n<meta name=\"description\" content=\"Este fin de semana se celebra en Valencia la decimonovena edici\u00f3n del certamen, que contar\u00e1 con las mismas categor\u00edas de 2015: Mundial Junior de Moto3...\" \/>\n<link rel=\"canonical\" href=\"https:\/\/www.boxrepsol.com\/es\/sin-categorizar\/todo-listo-para-el-inicio-del-fim-cev-repsol-2016\/\" \/>\n<meta property=\"og:locale\" content=\"es_ES\" \/>\n<meta property=\"og:type\" content=\"article\" \/>\n<meta property=\"og:title\" content=\"Todo listo para el inicio del FIM CEV Repsol 2016 - Box Repsol\" \/>\n<meta property=\"og:description\" content=\"Este fin de semana se celebra en Valencia la decimonovena edici\u00f3n del certamen, que contar\u00e1 con las mismas categor\u00edas de 2015: Mundial Junior de Moto3...\" \/>\n<meta property=\"og:url\" content=\"https:\/\/www.boxrepsol.com\/es\/sin-categorizar\/todo-listo-para-el-inicio-del-fim-cev-repsol-2016\/\" \/>\n<meta property=\"og:site_name\" content=\"Box Repsol\" \/>\n<meta property=\"article:publisher\" content=\"https:\/\/www.facebook.com\/BoxRepsol\" \/>\n<meta property=\"article:author\" content=\"https:\/\/www.facebook.com\/BoxRepsol\/\" \/>\n<meta property=\"article:published_time\" content=\"2016-04-13T02:00:00+00:00\" \/>\n<meta property=\"article:modified_time\" content=\"2024-05-07T08:39:08+00:00\" \/>\n<meta property=\"og:image\" content=\"https:\/\/www.boxrepsol.com\/wp-content\/uploads\/2022\/08\/peloton-moto3-FIM-CEV-Repsol-cheste-20161.jpg\" \/>\n\t<meta property=\"og:image:width\" content=\"1024\" \/>\n\t<meta property=\"og:image:height\" content=\"429\" \/>\n\t<meta property=\"og:image:type\" content=\"image\/jpeg\" \/>\n<meta name=\"author\" content=\"Redacci\u00f3n Box Repsol\" \/>\n<meta name=\"twitter:card\" content=\"summary_large_image\" \/>\n<meta name=\"twitter:creator\" content=\"@https:\/\/twitter.com\/box_repsol\" \/>\n<meta name=\"twitter:site\" content=\"@box_repsol\" \/>\n<meta name=\"twitter:label1\" content=\"Written by\" \/>\n\t<meta name=\"twitter:data1\" content=\"Redacci\u00f3n Box Repsol\" \/>\n\t<meta name=\"twitter:label2\" content=\"Est. reading time\" \/>\n\t<meta name=\"twitter:data2\" content=\"1 minuto\" \/>\n<script type=\"application\/ld+json\" class=\"yoast-schema-graph\">{\"@context\":\"https:\\\/\\\/schema.org\",\"@graph\":[{\"@type\":\"Article\",\"@id\":\"https:\\\/\\\/www.boxrepsol.com\\\/es\\\/sin-categorizar\\\/todo-listo-para-el-inicio-del-fim-cev-repsol-2016\\\/#article\",\"isPartOf\":{\"@id\":\"https:\\\/\\\/www.boxrepsol.com\\\/es\\\/sin-categorizar\\\/todo-listo-para-el-inicio-del-fim-cev-repsol-2016\\\/\"},\"author\":{\"name\":\"Redacci\u00f3n Box Repsol\",\"@id\":\"https:\\\/\\\/www.boxrepsol.com\\\/es\\\/#\\\/schema\\\/person\\\/c5c2138f2cca251b0ad92b7086bb60b7\"},\"headline\":\"Todo listo para el inicio del FIM CEV Repsol 2016\",\"datePublished\":\"2016-04-13T02:00:00+00:00\",\"dateModified\":\"2024-05-07T08:39:08+00:00\",\"mainEntityOfPage\":{\"@id\":\"https:\\\/\\\/www.boxrepsol.com\\\/es\\\/sin-categorizar\\\/todo-listo-para-el-inicio-del-fim-cev-repsol-2016\\\/\"},\"wordCount\":277,\"commentCount\":0,\"publisher\":{\"@id\":\"https:\\\/\\\/www.boxrepsol.com\\\/es\\\/#organization\"},\"image\":{\"@id\":\"https:\\\/\\\/www.boxrepsol.com\\\/es\\\/sin-categorizar\\\/todo-listo-para-el-inicio-del-fim-cev-repsol-2016\\\/#primaryimage\"},\"thumbnailUrl\":\"https:\\\/\\\/www.boxrepsol.com\\\/wp-content\\\/uploads\\\/2022\\\/08\\\/peloton-moto3-FIM-CEV-Repsol-cheste-20161.jpg\",\"keywords\":[\"otros eventos y competiciones\"],\"articleSection\":[\"Sin categorizar\"],\"inLanguage\":\"es\",\"potentialAction\":[{\"@type\":\"CommentAction\",\"name\":\"Comment\",\"target\":[\"https:\\\/\\\/www.boxrepsol.com\\\/es\\\/sin-categorizar\\\/todo-listo-para-el-inicio-del-fim-cev-repsol-2016\\\/#respond\"]}]},{\"@type\":\"WebPage\",\"@id\":\"https:\\\/\\\/www.boxrepsol.com\\\/es\\\/sin-categorizar\\\/todo-listo-para-el-inicio-del-fim-cev-repsol-2016\\\/\",\"url\":\"https:\\\/\\\/www.boxrepsol.com\\\/es\\\/sin-categorizar\\\/todo-listo-para-el-inicio-del-fim-cev-repsol-2016\\\/\",\"name\":\"Todo listo para el inicio del FIM CEV Repsol 2016 - Box Repsol\",\"isPartOf\":{\"@id\":\"https:\\\/\\\/www.boxrepsol.com\\\/es\\\/#website\"},\"primaryImageOfPage\":{\"@id\":\"https:\\\/\\\/www.boxrepsol.com\\\/es\\\/sin-categorizar\\\/todo-listo-para-el-inicio-del-fim-cev-repsol-2016\\\/#primaryimage\"},\"image\":{\"@id\":\"https:\\\/\\\/www.boxrepsol.com\\\/es\\\/sin-categorizar\\\/todo-listo-para-el-inicio-del-fim-cev-repsol-2016\\\/#primaryimage\"},\"thumbnailUrl\":\"https:\\\/\\\/www.boxrepsol.com\\\/wp-content\\\/uploads\\\/2022\\\/08\\\/peloton-moto3-FIM-CEV-Repsol-cheste-20161.jpg\",\"datePublished\":\"2016-04-13T02:00:00+00:00\",\"dateModified\":\"2024-05-07T08:39:08+00:00\",\"description\":\"Este fin de semana se celebra en Valencia la decimonovena edici\u00f3n del certamen, que contar\u00e1 con las mismas categor\u00edas de 2015: Mundial Junior de Moto3...\",\"breadcrumb\":{\"@id\":\"https:\\\/\\\/www.boxrepsol.com\\\/es\\\/sin-categorizar\\\/todo-listo-para-el-inicio-del-fim-cev-repsol-2016\\\/#breadcrumb\"},\"inLanguage\":\"es\",\"potentialAction\":[{\"@type\":\"ReadAction\",\"target\":[\"https:\\\/\\\/www.boxrepsol.com\\\/es\\\/sin-categorizar\\\/todo-listo-para-el-inicio-del-fim-cev-repsol-2016\\\/\"]}]},{\"@type\":\"ImageObject\",\"inLanguage\":\"es\",\"@id\":\"https:\\\/\\\/www.boxrepsol.com\\\/es\\\/sin-categorizar\\\/todo-listo-para-el-inicio-del-fim-cev-repsol-2016\\\/#primaryimage\",\"url\":\"https:\\\/\\\/www.boxrepsol.com\\\/wp-content\\\/uploads\\\/2022\\\/08\\\/peloton-moto3-FIM-CEV-Repsol-cheste-20161.jpg\",\"contentUrl\":\"https:\\\/\\\/www.boxrepsol.com\\\/wp-content\\\/uploads\\\/2022\\\/08\\\/peloton-moto3-FIM-CEV-Repsol-cheste-20161.jpg\",\"width\":1024,\"height\":429,\"caption\":\"Pilotos de Moto3 corriendo en el FIM CEV Repsol en Cheste\"},{\"@type\":\"BreadcrumbList\",\"@id\":\"https:\\\/\\\/www.boxrepsol.com\\\/es\\\/sin-categorizar\\\/todo-listo-para-el-inicio-del-fim-cev-repsol-2016\\\/#breadcrumb\",\"itemListElement\":[{\"@type\":\"ListItem\",\"position\":1,\"name\":\"Home\",\"item\":\"https:\\\/\\\/www.boxrepsol.com\\\/es\\\/\"},{\"@type\":\"ListItem\",\"position\":2,\"name\":\"Todo listo para el inicio del FIM CEV Repsol 2016\"}]},{\"@type\":\"WebSite\",\"@id\":\"https:\\\/\\\/www.boxrepsol.com\\\/es\\\/#website\",\"url\":\"https:\\\/\\\/www.boxrepsol.com\\\/es\\\/\",\"name\":\"Box Repsol\",\"description\":\"Box Repsol Site\",\"publisher\":{\"@id\":\"https:\\\/\\\/www.boxrepsol.com\\\/es\\\/#organization\"},\"potentialAction\":[{\"@type\":\"SearchAction\",\"target\":{\"@type\":\"EntryPoint\",\"urlTemplate\":\"https:\\\/\\\/www.boxrepsol.com\\\/es\\\/?s={search_term_string}\"},\"query-input\":{\"@type\":\"PropertyValueSpecification\",\"valueRequired\":true,\"valueName\":\"search_term_string\"}}],\"inLanguage\":\"es\"},{\"@type\":\"Organization\",\"@id\":\"https:\\\/\\\/www.boxrepsol.com\\\/es\\\/#organization\",\"name\":\"Box Repsol\",\"url\":\"https:\\\/\\\/www.boxrepsol.com\\\/es\\\/\",\"logo\":{\"@type\":\"ImageObject\",\"inLanguage\":\"es\",\"@id\":\"https:\\\/\\\/www.boxrepsol.com\\\/es\\\/#\\\/schema\\\/logo\\\/image\\\/\",\"url\":\"https:\\\/\\\/bxrepsol.s3.eu-west-1.amazonaws.com\\\/static\\\/2025\\\/07\\\/30083337\\\/favicon-96x96-1.png\",\"contentUrl\":\"https:\\\/\\\/bxrepsol.s3.eu-west-1.amazonaws.com\\\/static\\\/2025\\\/07\\\/30083337\\\/favicon-96x96-1.png\",\"width\":96,\"height\":96,\"caption\":\"Box Repsol\"},\"image\":{\"@id\":\"https:\\\/\\\/www.boxrepsol.com\\\/es\\\/#\\\/schema\\\/logo\\\/image\\\/\"},\"sameAs\":[\"https:\\\/\\\/www.facebook.com\\\/BoxRepsol\",\"https:\\\/\\\/x.com\\\/box_repsol\",\"http:\\\/\\\/instagram.com\\\/box_repsol\",\"https:\\\/\\\/www.youtube.com\\\/user\\\/RepsolCompeticion\",\"https:\\\/\\\/www.flickr.com\\\/photos\\\/box_repsol\\\/\"]},{\"@type\":\"Person\",\"@id\":\"https:\\\/\\\/www.boxrepsol.com\\\/es\\\/#\\\/schema\\\/person\\\/c5c2138f2cca251b0ad92b7086bb60b7\",\"name\":\"Redacci\u00f3n Box Repsol\",\"image\":{\"@type\":\"ImageObject\",\"inLanguage\":\"es\",\"@id\":\"https:\\\/\\\/secure.gravatar.com\\\/avatar\\\/adf7b77e38b4419baf32c7e9c21dde01f4e40df611f0978e3006fc4ba0aaab7e?s=96&d=mm&r=g\",\"url\":\"https:\\\/\\\/secure.gravatar.com\\\/avatar\\\/adf7b77e38b4419baf32c7e9c21dde01f4e40df611f0978e3006fc4ba0aaab7e?s=96&d=mm&r=g\",\"contentUrl\":\"https:\\\/\\\/secure.gravatar.com\\\/avatar\\\/adf7b77e38b4419baf32c7e9c21dde01f4e40df611f0978e3006fc4ba0aaab7e?s=96&d=mm&r=g\",\"caption\":\"Redacci\u00f3n Box Repsol\"},\"description\":\"Box Repsol lo forma un equipo de periodistas, community managers, dise\u00f1adores y fot\u00f3grafos con m\u00e1s de 20 a\u00f1os de experiencia en el mundo del motorsport. Hemos vivido el primer mundial de un espa\u00f1ol en la categor\u00eda reina de motociclismo con \u00c1lex Crivill\u00e9, estuvimos en las victorias de Pedrosa y los t\u00edtulos de M\u00e1rquez, acompa\u00f1amos en \u00c1frica a Nani Roma y Marc Coma en sus conquistas del Dakar y hemos vibrado con los t\u00edtulos de Toni Bou en Trial. Adem\u00e1s, en nuestro equipo contamos con expertos en el mundo de las dos y cuatro ruedas tanto de la calle y las carreteras, como de los circuitos. Periodistas que han trabajado en revistas y publicaciones para hacerte llegar desde rutas y consejos de mantenimiento, a curiosidades y trucos de pilotaje.\",\"sameAs\":[\"https:\\\/\\\/www.facebook.com\\\/BoxRepsol\\\/\",\"https:\\\/\\\/www.instagram.com\\\/box_repsol\\\/\",\"https:\\\/\\\/x.com\\\/https:\\\/\\\/twitter.com\\\/box_repsol\",\"https:\\\/\\\/www.youtube.com\\\/@Boxrepsol\"],\"url\":\"https:\\\/\\\/www.boxrepsol.com\\\/es\\\/author\\\/redaccion-box-repsol\\\/\"}]}<\/script>\n<!-- \/ Yoast SEO plugin. -->","yoast_head_json":{"title":"Todo listo para el inicio del FIM CEV Repsol 2016 - Box Repsol","description":"Este fin de semana se celebra en Valencia la decimonovena edici\u00f3n del certamen, que contar\u00e1 con las mismas categor\u00edas de 2015: Mundial Junior de Moto3...","canonical":"https:\/\/www.boxrepsol.com\/es\/sin-categorizar\/todo-listo-para-el-inicio-del-fim-cev-repsol-2016\/","og_locale":"es_ES","og_type":"article","og_title":"Todo listo para el inicio del FIM CEV Repsol 2016 - Box Repsol","og_description":"Este fin de semana se celebra en Valencia la decimonovena edici\u00f3n del certamen, que contar\u00e1 con las mismas categor\u00edas de 2015: Mundial Junior de Moto3...","og_url":"https:\/\/www.boxrepsol.com\/es\/sin-categorizar\/todo-listo-para-el-inicio-del-fim-cev-repsol-2016\/","og_site_name":"Box Repsol","article_publisher":"https:\/\/www.facebook.com\/BoxRepsol","article_author":"https:\/\/www.facebook.com\/BoxRepsol\/","article_published_time":"2016-04-13T02:00:00+00:00","article_modified_time":"2024-05-07T08:39:08+00:00","og_image":[{"width":1024,"height":429,"url":"https:\/\/www.boxrepsol.com\/wp-content\/uploads\/2022\/08\/peloton-moto3-FIM-CEV-Repsol-cheste-20161.jpg","type":"image\/jpeg"}],"author":"Redacci\u00f3n Box Repsol","twitter_card":"summary_large_image","twitter_creator":"@https:\/\/twitter.com\/box_repsol","twitter_site":"@box_repsol","twitter_misc":{"Written by":"Redacci\u00f3n Box Repsol","Est. reading time":"1 minuto"},"schema":{"@context":"https:\/\/schema.org","@graph":[{"@type":"Article","@id":"https:\/\/www.boxrepsol.com\/es\/sin-categorizar\/todo-listo-para-el-inicio-del-fim-cev-repsol-2016\/#article","isPartOf":{"@id":"https:\/\/www.boxrepsol.com\/es\/sin-categorizar\/todo-listo-para-el-inicio-del-fim-cev-repsol-2016\/"},"author":{"name":"Redacci\u00f3n Box Repsol","@id":"https:\/\/www.boxrepsol.com\/es\/#\/schema\/person\/c5c2138f2cca251b0ad92b7086bb60b7"},"headline":"Todo listo para el inicio del FIM CEV Repsol 2016","datePublished":"2016-04-13T02:00:00+00:00","dateModified":"2024-05-07T08:39:08+00:00","mainEntityOfPage":{"@id":"https:\/\/www.boxrepsol.com\/es\/sin-categorizar\/todo-listo-para-el-inicio-del-fim-cev-repsol-2016\/"},"wordCount":277,"commentCount":0,"publisher":{"@id":"https:\/\/www.boxrepsol.com\/es\/#organization"},"image":{"@id":"https:\/\/www.boxrepsol.com\/es\/sin-categorizar\/todo-listo-para-el-inicio-del-fim-cev-repsol-2016\/#primaryimage"},"thumbnailUrl":"https:\/\/www.boxrepsol.com\/wp-content\/uploads\/2022\/08\/peloton-moto3-FIM-CEV-Repsol-cheste-20161.jpg","keywords":["otros eventos y competiciones"],"articleSection":["Sin categorizar"],"inLanguage":"es","potentialAction":[{"@type":"CommentAction","name":"Comment","target":["https:\/\/www.boxrepsol.com\/es\/sin-categorizar\/todo-listo-para-el-inicio-del-fim-cev-repsol-2016\/#respond"]}]},{"@type":"WebPage","@id":"https:\/\/www.boxrepsol.com\/es\/sin-categorizar\/todo-listo-para-el-inicio-del-fim-cev-repsol-2016\/","url":"https:\/\/www.boxrepsol.com\/es\/sin-categorizar\/todo-listo-para-el-inicio-del-fim-cev-repsol-2016\/","name":"Todo listo para el inicio del FIM CEV Repsol 2016 - Box Repsol","isPartOf":{"@id":"https:\/\/www.boxrepsol.com\/es\/#website"},"primaryImageOfPage":{"@id":"https:\/\/www.boxrepsol.com\/es\/sin-categorizar\/todo-listo-para-el-inicio-del-fim-cev-repsol-2016\/#primaryimage"},"image":{"@id":"https:\/\/www.boxrepsol.com\/es\/sin-categorizar\/todo-listo-para-el-inicio-del-fim-cev-repsol-2016\/#primaryimage"},"thumbnailUrl":"https:\/\/www.boxrepsol.com\/wp-content\/uploads\/2022\/08\/peloton-moto3-FIM-CEV-Repsol-cheste-20161.jpg","datePublished":"2016-04-13T02:00:00+00:00","dateModified":"2024-05-07T08:39:08+00:00","description":"Este fin de semana se celebra en Valencia la decimonovena edici\u00f3n del certamen, que contar\u00e1 con las mismas categor\u00edas de 2015: Mundial Junior de Moto3...","breadcrumb":{"@id":"https:\/\/www.boxrepsol.com\/es\/sin-categorizar\/todo-listo-para-el-inicio-del-fim-cev-repsol-2016\/#breadcrumb"},"inLanguage":"es","potentialAction":[{"@type":"ReadAction","target":["https:\/\/www.boxrepsol.com\/es\/sin-categorizar\/todo-listo-para-el-inicio-del-fim-cev-repsol-2016\/"]}]},{"@type":"ImageObject","inLanguage":"es","@id":"https:\/\/www.boxrepsol.com\/es\/sin-categorizar\/todo-listo-para-el-inicio-del-fim-cev-repsol-2016\/#primaryimage","url":"https:\/\/www.boxrepsol.com\/wp-content\/uploads\/2022\/08\/peloton-moto3-FIM-CEV-Repsol-cheste-20161.jpg","contentUrl":"https:\/\/www.boxrepsol.com\/wp-content\/uploads\/2022\/08\/peloton-moto3-FIM-CEV-Repsol-cheste-20161.jpg","width":1024,"height":429,"caption":"Pilotos de Moto3 corriendo en el FIM CEV Repsol en Cheste"},{"@type":"BreadcrumbList","@id":"https:\/\/www.boxrepsol.com\/es\/sin-categorizar\/todo-listo-para-el-inicio-del-fim-cev-repsol-2016\/#breadcrumb","itemListElement":[{"@type":"ListItem","position":1,"name":"Home","item":"https:\/\/www.boxrepsol.com\/es\/"},{"@type":"ListItem","position":2,"name":"Todo listo para el inicio del FIM CEV Repsol 2016"}]},{"@type":"WebSite","@id":"https:\/\/www.boxrepsol.com\/es\/#website","url":"https:\/\/www.boxrepsol.com\/es\/","name":"Box Repsol","description":"Box Repsol Site","publisher":{"@id":"https:\/\/www.boxrepsol.com\/es\/#organization"},"potentialAction":[{"@type":"SearchAction","target":{"@type":"EntryPoint","urlTemplate":"https:\/\/www.boxrepsol.com\/es\/?s={search_term_string}"},"query-input":{"@type":"PropertyValueSpecification","valueRequired":true,"valueName":"search_term_string"}}],"inLanguage":"es"},{"@type":"Organization","@id":"https:\/\/www.boxrepsol.com\/es\/#organization","name":"Box Repsol","url":"https:\/\/www.boxrepsol.com\/es\/","logo":{"@type":"ImageObject","inLanguage":"es","@id":"https:\/\/www.boxrepsol.com\/es\/#\/schema\/logo\/image\/","url":"https:\/\/bxrepsol.s3.eu-west-1.amazonaws.com\/static\/2025\/07\/30083337\/favicon-96x96-1.png","contentUrl":"https:\/\/bxrepsol.s3.eu-west-1.amazonaws.com\/static\/2025\/07\/30083337\/favicon-96x96-1.png","width":96,"height":96,"caption":"Box Repsol"},"image":{"@id":"https:\/\/www.boxrepsol.com\/es\/#\/schema\/logo\/image\/"},"sameAs":["https:\/\/www.facebook.com\/BoxRepsol","https:\/\/x.com\/box_repsol","http:\/\/instagram.com\/box_repsol","https:\/\/www.youtube.com\/user\/RepsolCompeticion","https:\/\/www.flickr.com\/photos\/box_repsol\/"]},{"@type":"Person","@id":"https:\/\/www.boxrepsol.com\/es\/#\/schema\/person\/c5c2138f2cca251b0ad92b7086bb60b7","name":"Redacci\u00f3n Box Repsol","image":{"@type":"ImageObject","inLanguage":"es","@id":"https:\/\/secure.gravatar.com\/avatar\/adf7b77e38b4419baf32c7e9c21dde01f4e40df611f0978e3006fc4ba0aaab7e?s=96&d=mm&r=g","url":"https:\/\/secure.gravatar.com\/avatar\/adf7b77e38b4419baf32c7e9c21dde01f4e40df611f0978e3006fc4ba0aaab7e?s=96&d=mm&r=g","contentUrl":"https:\/\/secure.gravatar.com\/avatar\/adf7b77e38b4419baf32c7e9c21dde01f4e40df611f0978e3006fc4ba0aaab7e?s=96&d=mm&r=g","caption":"Redacci\u00f3n Box Repsol"},"description":"Box Repsol lo forma un equipo de periodistas, community managers, dise\u00f1adores y fot\u00f3grafos con m\u00e1s de 20 a\u00f1os de experiencia en el mundo del motorsport. Hemos vivido el primer mundial de un espa\u00f1ol en la categor\u00eda reina de motociclismo con \u00c1lex Crivill\u00e9, estuvimos en las victorias de Pedrosa y los t\u00edtulos de M\u00e1rquez, acompa\u00f1amos en \u00c1frica a Nani Roma y Marc Coma en sus conquistas del Dakar y hemos vibrado con los t\u00edtulos de Toni Bou en Trial. Adem\u00e1s, en nuestro equipo contamos con expertos en el mundo de las dos y cuatro ruedas tanto de la calle y las carreteras, como de los circuitos. Periodistas que han trabajado en revistas y publicaciones para hacerte llegar desde rutas y consejos de mantenimiento, a curiosidades y trucos de pilotaje.","sameAs":["https:\/\/www.facebook.com\/BoxRepsol\/","https:\/\/www.instagram.com\/box_repsol\/","https:\/\/x.com\/https:\/\/twitter.com\/box_repsol","https:\/\/www.youtube.com\/@Boxrepsol"],"url":"https:\/\/www.boxrepsol.com\/es\/author\/redaccion-box-repsol\/"}]}},"_links":{"self":[{"href":"https:\/\/www.boxrepsol.com\/es\/wp-json\/wp\/v2\/posts\/89930","targetHints":{"allow":["GET"]}}],"collection":[{"href":"https:\/\/www.boxrepsol.com\/es\/wp-json\/wp\/v2\/posts"}],"about":[{"href":"https:\/\/www.boxrepsol.com\/es\/wp-json\/wp\/v2\/types\/post"}],"author":[{"embeddable":true,"href":"https:\/\/www.boxrepsol.com\/es\/wp-json\/wp\/v2\/users\/43146"}],"replies":[{"embeddable":true,"href":"https:\/\/www.boxrepsol.com\/es\/wp-json\/wp\/v2\/comments?post=89930"}],"version-history":[{"count":1,"href":"https:\/\/www.boxrepsol.com\/es\/wp-json\/wp\/v2\/posts\/89930\/revisions"}],"predecessor-version":[{"id":108954,"href":"https:\/\/www.boxrepsol.com\/es\/wp-json\/wp\/v2\/posts\/89930\/revisions\/108954"}],"wp:featuredmedia":[{"embeddable":true,"href":"https:\/\/www.boxrepsol.com\/es\/wp-json\/wp\/v2\/media\/85837"}],"wp:attachment":[{"href":"https:\/\/www.boxrepsol.com\/es\/wp-json\/wp\/v2\/media?parent=89930"}],"wp:term":[{"taxonomy":"category","embeddable":true,"href":"https:\/\/www.boxrepsol.com\/es\/wp-json\/wp\/v2\/categories?post=89930"},{"taxonomy":"post_tag","embeddable":true,"href":"https:\/\/www.boxrepsol.com\/es\/wp-json\/wp\/v2\/tags?post=89930"}],"curies":[{"name":"wp","href":"https:\/\/api.w.org\/{rel}","templated":true}]}}