{"id":89928,"date":"2016-04-18T00:00:00","date_gmt":"2016-04-18T02:00:00","guid":{"rendered":"http:\/\/pre.boxrepsol.com\/sin-categorizar\/ramirez-odendaal-y-scheib-primeros-lideres-del-fim-cev-repsol\/"},"modified":"2024-05-07T06:12:10","modified_gmt":"2024-05-07T08:12:10","slug":"ramirez-odendaal-y-scheib-primeros-lideres-del-fim-cev-repsol","status":"publish","type":"post","link":"https:\/\/www.boxrepsol.com\/es\/sin-categorizar\/ramirez-odendaal-y-scheib-primeros-lideres-del-fim-cev-repsol\/","title":{"rendered":"Ram\u00edrez, Odendaal y Scheib, primeros l\u00edderes del FIM CEV Repsol"},"content":{"rendered":"<blockquote>\n<p>Ram\u00edrez: \u00abHe dado el m\u00e1ximo y me ha permitido llevarme la carrera\u00bb. <\/p>\n<p>            <a href=\"http:\/\/twitter.com\/share?text=Ram%C3%ADrez%3A+%22He+dado+el+m%C3%A1ximo+y+me+ha+permitido+llevarme+la+carrera%22.+&#038;url=http%3A%2F%2F34.249.211.158%2Fes%2Fcev%2Framirez-odendaal-y-scheib-primeros-lideres-del-fim-cev-repsol%2F&#038;hashtags=\" target=\"_blank\" rel=\"noopener\"><br \/>\n            twittear        <\/a><\/p>\n<footer>Marcos Ram\u00edrez<\/footer>\n<\/blockquote>\n<h3><strong>Inicio del FIM CEV Respol<br \/>\n<\/strong><\/h3>\n<p>El FIM CEV Repsol ha inaugurado una nueva temporada en el Circuito de la Comunitat Valenciana. En esta primera prueba, el Mundial Junior de Moto3 ha disputado dos mangas en las que Marcos Ram\u00edrez ha sido el vencedor en la primera con una ventaja de casi dos segundos sobre el italiano Dennis Foggia. El piloto andaluz tambi\u00e9n se ha jugado la victoria en la segunda carrera, pero esta vez con el japon\u00e9s Kaito Toba, que finalmente se ha apuntado la victoria gracias a un adelantamiento en la \u00faltima vuelta. Tras esta primera cita, el l\u00edder de la general es Ram\u00edrez seguido de Toba, a 14 puntos, y del italiano Dalla Porta, a 18.<\/p>\n<p>El Campeonato de Europa de Moto2 tambi\u00e9n ha celebrado dos carreras, con dos vencedores distintos. En la primera, Eric Granado se ha escapado en solitario hacia su primer triunfo, aunque en la segunda se ha ido al suelo cuando lideraba la prueba y el surafricano Odendaal, segundo en la carrera anterior, ha sido qui\u00e9n ha subido a lo m\u00e1s alto del podio y, al mismo tiempo, de la clasificaci\u00f3n general. En Superbike, el chileno Maximilian Scheib ha aprovechado el abandono del vigente campe\u00f3n, Carmelo Morales, cuando era l\u00edder a dos vueltas del final, para conseguir la victoria.<\/p>\n<p>La pr\u00f3xima cita del FIM CEV Repsol tendr\u00e1 lugar el pr\u00f3ximo 7 de mayo en Francia, en el Circuito de Le Mans, y \u00fanicamente acudir\u00e1n los pilotos del Mundial Junior. El Campeonato de Europa de Moto2 y Superbike volver\u00e1n a la acci\u00f3n en la prueba que albergar\u00e1 MotorLand Arag\u00f3n el 29 de mayo.<\/p>\n<p>\t\t\t\t<img decoding=\"async\" src=\"https:\/\/bxrepsol.s3.eu-west-1.amazonaws.com\/static\/2022\/08\/29045112\/peloton-moto3-FIM-CEV-Repsol-cheste-2016-scaled.jpg\" alt=\"Pilotos de Moto3 corriendo en el FIM CEV Repsol en Cheste\" itemprop=\"image\"  \/><\/p>\n<p><strong>Marcos Ram\u00edrez &#8211; Ganador de la primera carrera de Moto3<\/strong><\/p>\n<p>\u00abDesde el principio hemos tirado fuerte para que el grupo de delante se redujera al m\u00ednimo, pero he visto que era imposible y he decidido ser conservador, manteni\u00e9ndome en las primeras posiciones. Unas vueltas m\u00e1s tardes, me he vuelto a colocar primero, he dado el m\u00e1ximo y he podido abrir un peque\u00f1o hueco, que poco a poco ha aumentado y me ha permitido llevarme la carrera\u00bb.<\/p>\n<p><strong>Kaito Toba &#8211; Ganador de la segunda carrera de Moto3<\/strong><\/p>\n<p>\u00abLas condiciones han sido muy complicadas hoy y la carrera ha resultado dif\u00edcil, especialmente porque hac\u00eda mucho viento. He decidido aguantar toda la prueba detr\u00e1s de Marcos Ram\u00edrez y esperar a atacar en la \u00faltima vuelta, en una curva en la que sab\u00eda que pod\u00eda frenar muy fuerte y he conseguido adelantarle. Estoy muy contento con la victoria de hoy\u00bb.<\/p>\n<p><strong>Eric Granado &#8211; Ganador de la primera carrera de Moto2<\/strong><\/p>\n<p>\u00abHa sido una carrera bastante dura, sobre todo al principio, porque no he salido muy bien y ha habido bastante l\u00edo. La primera vuelta ha sido muy complicada ya que Nagashima se ha ca\u00eddo delante de m\u00ed, he tenido que esquivarlo y eso me ha hecho perder distancia con los primeros. Pero poco a poco he ido recuperando mi ritmo, algo que hab\u00edamos trabajado mucho estos d\u00edas pensando en la carrera y he mantenido la calma. Este planteamiento nos ha funcionado muy bien y al final hemos conseguido la victoria. El trabajo de la pretemporada ha dado sus frutos hoy y quiero darle las gracias al equipo\u00bb.<\/p>\n<p><strong>Steven Odendaal &#8211; Ganador de la segunda carrera de Moto2<\/strong><\/p>\n<p>\u00abEstoy muy contento con este primer fin de semana de la temporada. Esto es lo que el equipo y yo necesit\u00e1bamos para mejorar nuestra confianza. Estoy muy contento con la carrera que he hecho, aunque desafortunadamente Eric Granado ha cometido un error, y yo s\u00f3lo he tenido que aprovecharlo. Me he sentido muy bien sobre la moto con los cambios que hemos hecho para esta segunda carrera, pero hac\u00eda mucho viento y eso ha ralentizado el ritmo de carrera. Quiero dar las gracias al equipo por el trabajo que han hecho\u00bb.<\/p>\n<p><strong>Maximilian Scheib &#8211; Ganador de la carrera de Superbike<br \/>\n<\/strong><br \/>\n\u00abHemos mantenido la calma en el principio de la prueba y creo que ser conservador en esos momentos ha sido la clave de la carrera. Hemos completado las cinco primeras vueltas siendo muy cuidadosos con el gas, haciendo una conducci\u00f3n muy suave y creo que eso nos ha beneficiado al final. He acabado rodando a un buen ritmo y siendo consistente para poder sumar una victoria\u00bb.<\/p>\n","protected":false},"excerpt":{"rendered":"<p>La primera prueba del campeonato ve c\u00f3mo suman sus primeras victorias del a\u00f1o Marcos Ram\u00edrez y Kaito Toba, en Moto3, Eric Granado y Steven Odendaal, en Moto2, y Maximilian Scheib, en Superbike.<\/p>\n","protected":false},"author":43146,"featured_media":85834,"comment_status":"open","ping_status":"open","sticky":false,"template":"","format":"standard","meta":{"footnotes":""},"categories":[1],"tags":[130],"class_list":["post-89928","post","type-post","status-publish","format-standard","hentry","category-sin-categorizar","tag-otros-eventos-y-competiciones"],"yoast_head":"<!-- This site is optimized with the Yoast SEO plugin v27.3 - https:\/\/yoast.com\/product\/yoast-seo-wordpress\/ -->\n<title>Ram\u00edrez, Odendaal y Scheib, primeros l\u00edderes del FIM CEV Repsol - Box Repsol<\/title>\n<meta name=\"description\" content=\"La primera prueba del campeonato ve c\u00f3mo suman sus primeras victorias del a\u00f1o Marcos Ram\u00edrez y Kaito Toba, en Moto3, Eric Granado...\" \/>\n<link rel=\"canonical\" href=\"https:\/\/www.boxrepsol.com\/es\/sin-categorizar\/ramirez-odendaal-y-scheib-primeros-lideres-del-fim-cev-repsol\/\" \/>\n<meta property=\"og:locale\" content=\"es_ES\" \/>\n<meta property=\"og:type\" content=\"article\" \/>\n<meta property=\"og:title\" content=\"Ram\u00edrez, Odendaal y Scheib, primeros l\u00edderes del FIM CEV Repsol - Box Repsol\" \/>\n<meta property=\"og:description\" content=\"La primera prueba del campeonato ve c\u00f3mo suman sus primeras victorias del a\u00f1o Marcos Ram\u00edrez y Kaito Toba, en Moto3, Eric Granado...\" \/>\n<meta property=\"og:url\" content=\"https:\/\/www.boxrepsol.com\/es\/sin-categorizar\/ramirez-odendaal-y-scheib-primeros-lideres-del-fim-cev-repsol\/\" \/>\n<meta property=\"og:site_name\" content=\"Box Repsol\" \/>\n<meta property=\"article:publisher\" content=\"https:\/\/www.facebook.com\/BoxRepsol\" \/>\n<meta property=\"article:author\" content=\"https:\/\/www.facebook.com\/BoxRepsol\/\" \/>\n<meta property=\"article:published_time\" content=\"2016-04-18T02:00:00+00:00\" \/>\n<meta property=\"article:modified_time\" content=\"2024-05-07T08:12:10+00:00\" \/>\n<meta property=\"og:image\" content=\"https:\/\/www.boxrepsol.com\/wp-content\/uploads\/2022\/08\/peloton-moto3-FIM-CEV-Repsol-cheste-carrera-2016.jpg\" \/>\n\t<meta property=\"og:image:width\" content=\"1024\" \/>\n\t<meta property=\"og:image:height\" content=\"375\" \/>\n\t<meta property=\"og:image:type\" content=\"image\/jpeg\" \/>\n<meta name=\"author\" content=\"Redacci\u00f3n Box Repsol\" \/>\n<meta name=\"twitter:card\" content=\"summary_large_image\" \/>\n<meta name=\"twitter:creator\" content=\"@https:\/\/twitter.com\/box_repsol\" \/>\n<meta name=\"twitter:site\" content=\"@box_repsol\" \/>\n<meta name=\"twitter:label1\" content=\"Written by\" \/>\n\t<meta name=\"twitter:data1\" content=\"Redacci\u00f3n Box Repsol\" \/>\n\t<meta name=\"twitter:label2\" content=\"Est. reading time\" \/>\n\t<meta name=\"twitter:data2\" content=\"4 minutos\" \/>\n<script type=\"application\/ld+json\" class=\"yoast-schema-graph\">{\"@context\":\"https:\\\/\\\/schema.org\",\"@graph\":[{\"@type\":\"Article\",\"@id\":\"https:\\\/\\\/www.boxrepsol.com\\\/es\\\/sin-categorizar\\\/ramirez-odendaal-y-scheib-primeros-lideres-del-fim-cev-repsol\\\/#article\",\"isPartOf\":{\"@id\":\"https:\\\/\\\/www.boxrepsol.com\\\/es\\\/sin-categorizar\\\/ramirez-odendaal-y-scheib-primeros-lideres-del-fim-cev-repsol\\\/\"},\"author\":{\"name\":\"Redacci\u00f3n Box Repsol\",\"@id\":\"https:\\\/\\\/www.boxrepsol.com\\\/es\\\/#\\\/schema\\\/person\\\/c5c2138f2cca251b0ad92b7086bb60b7\"},\"headline\":\"Ram\u00edrez, Odendaal y Scheib, primeros l\u00edderes del FIM CEV Repsol\",\"datePublished\":\"2016-04-18T02:00:00+00:00\",\"dateModified\":\"2024-05-07T08:12:10+00:00\",\"mainEntityOfPage\":{\"@id\":\"https:\\\/\\\/www.boxrepsol.com\\\/es\\\/sin-categorizar\\\/ramirez-odendaal-y-scheib-primeros-lideres-del-fim-cev-repsol\\\/\"},\"wordCount\":770,\"commentCount\":0,\"publisher\":{\"@id\":\"https:\\\/\\\/www.boxrepsol.com\\\/es\\\/#organization\"},\"image\":{\"@id\":\"https:\\\/\\\/www.boxrepsol.com\\\/es\\\/sin-categorizar\\\/ramirez-odendaal-y-scheib-primeros-lideres-del-fim-cev-repsol\\\/#primaryimage\"},\"thumbnailUrl\":\"https:\\\/\\\/www.boxrepsol.com\\\/wp-content\\\/uploads\\\/2022\\\/08\\\/peloton-moto3-FIM-CEV-Repsol-cheste-carrera-2016.jpg\",\"keywords\":[\"otros eventos y competiciones\"],\"articleSection\":[\"Sin categorizar\"],\"inLanguage\":\"es\",\"potentialAction\":[{\"@type\":\"CommentAction\",\"name\":\"Comment\",\"target\":[\"https:\\\/\\\/www.boxrepsol.com\\\/es\\\/sin-categorizar\\\/ramirez-odendaal-y-scheib-primeros-lideres-del-fim-cev-repsol\\\/#respond\"]}]},{\"@type\":\"WebPage\",\"@id\":\"https:\\\/\\\/www.boxrepsol.com\\\/es\\\/sin-categorizar\\\/ramirez-odendaal-y-scheib-primeros-lideres-del-fim-cev-repsol\\\/\",\"url\":\"https:\\\/\\\/www.boxrepsol.com\\\/es\\\/sin-categorizar\\\/ramirez-odendaal-y-scheib-primeros-lideres-del-fim-cev-repsol\\\/\",\"name\":\"Ram\u00edrez, Odendaal y Scheib, primeros l\u00edderes del FIM CEV Repsol - Box Repsol\",\"isPartOf\":{\"@id\":\"https:\\\/\\\/www.boxrepsol.com\\\/es\\\/#website\"},\"primaryImageOfPage\":{\"@id\":\"https:\\\/\\\/www.boxrepsol.com\\\/es\\\/sin-categorizar\\\/ramirez-odendaal-y-scheib-primeros-lideres-del-fim-cev-repsol\\\/#primaryimage\"},\"image\":{\"@id\":\"https:\\\/\\\/www.boxrepsol.com\\\/es\\\/sin-categorizar\\\/ramirez-odendaal-y-scheib-primeros-lideres-del-fim-cev-repsol\\\/#primaryimage\"},\"thumbnailUrl\":\"https:\\\/\\\/www.boxrepsol.com\\\/wp-content\\\/uploads\\\/2022\\\/08\\\/peloton-moto3-FIM-CEV-Repsol-cheste-carrera-2016.jpg\",\"datePublished\":\"2016-04-18T02:00:00+00:00\",\"dateModified\":\"2024-05-07T08:12:10+00:00\",\"description\":\"La primera prueba del campeonato ve c\u00f3mo suman sus primeras victorias del a\u00f1o Marcos Ram\u00edrez y Kaito Toba, en Moto3, Eric Granado...\",\"breadcrumb\":{\"@id\":\"https:\\\/\\\/www.boxrepsol.com\\\/es\\\/sin-categorizar\\\/ramirez-odendaal-y-scheib-primeros-lideres-del-fim-cev-repsol\\\/#breadcrumb\"},\"inLanguage\":\"es\",\"potentialAction\":[{\"@type\":\"ReadAction\",\"target\":[\"https:\\\/\\\/www.boxrepsol.com\\\/es\\\/sin-categorizar\\\/ramirez-odendaal-y-scheib-primeros-lideres-del-fim-cev-repsol\\\/\"]}]},{\"@type\":\"ImageObject\",\"inLanguage\":\"es\",\"@id\":\"https:\\\/\\\/www.boxrepsol.com\\\/es\\\/sin-categorizar\\\/ramirez-odendaal-y-scheib-primeros-lideres-del-fim-cev-repsol\\\/#primaryimage\",\"url\":\"https:\\\/\\\/www.boxrepsol.com\\\/wp-content\\\/uploads\\\/2022\\\/08\\\/peloton-moto3-FIM-CEV-Repsol-cheste-carrera-2016.jpg\",\"contentUrl\":\"https:\\\/\\\/www.boxrepsol.com\\\/wp-content\\\/uploads\\\/2022\\\/08\\\/peloton-moto3-FIM-CEV-Repsol-cheste-carrera-2016.jpg\",\"width\":1024,\"height\":375,\"caption\":\"Pilotos de Moto3 corriendo en el FIM CEV Repsol en Cheste\"},{\"@type\":\"BreadcrumbList\",\"@id\":\"https:\\\/\\\/www.boxrepsol.com\\\/es\\\/sin-categorizar\\\/ramirez-odendaal-y-scheib-primeros-lideres-del-fim-cev-repsol\\\/#breadcrumb\",\"itemListElement\":[{\"@type\":\"ListItem\",\"position\":1,\"name\":\"Home\",\"item\":\"https:\\\/\\\/www.boxrepsol.com\\\/es\\\/\"},{\"@type\":\"ListItem\",\"position\":2,\"name\":\"Ram\u00edrez, Odendaal y Scheib, primeros l\u00edderes del FIM CEV Repsol\"}]},{\"@type\":\"WebSite\",\"@id\":\"https:\\\/\\\/www.boxrepsol.com\\\/es\\\/#website\",\"url\":\"https:\\\/\\\/www.boxrepsol.com\\\/es\\\/\",\"name\":\"Box Repsol\",\"description\":\"Box Repsol Site\",\"publisher\":{\"@id\":\"https:\\\/\\\/www.boxrepsol.com\\\/es\\\/#organization\"},\"potentialAction\":[{\"@type\":\"SearchAction\",\"target\":{\"@type\":\"EntryPoint\",\"urlTemplate\":\"https:\\\/\\\/www.boxrepsol.com\\\/es\\\/?s={search_term_string}\"},\"query-input\":{\"@type\":\"PropertyValueSpecification\",\"valueRequired\":true,\"valueName\":\"search_term_string\"}}],\"inLanguage\":\"es\"},{\"@type\":\"Organization\",\"@id\":\"https:\\\/\\\/www.boxrepsol.com\\\/es\\\/#organization\",\"name\":\"Box Repsol\",\"url\":\"https:\\\/\\\/www.boxrepsol.com\\\/es\\\/\",\"logo\":{\"@type\":\"ImageObject\",\"inLanguage\":\"es\",\"@id\":\"https:\\\/\\\/www.boxrepsol.com\\\/es\\\/#\\\/schema\\\/logo\\\/image\\\/\",\"url\":\"https:\\\/\\\/bxrepsol.s3.eu-west-1.amazonaws.com\\\/static\\\/2025\\\/07\\\/30083337\\\/favicon-96x96-1.png\",\"contentUrl\":\"https:\\\/\\\/bxrepsol.s3.eu-west-1.amazonaws.com\\\/static\\\/2025\\\/07\\\/30083337\\\/favicon-96x96-1.png\",\"width\":96,\"height\":96,\"caption\":\"Box Repsol\"},\"image\":{\"@id\":\"https:\\\/\\\/www.boxrepsol.com\\\/es\\\/#\\\/schema\\\/logo\\\/image\\\/\"},\"sameAs\":[\"https:\\\/\\\/www.facebook.com\\\/BoxRepsol\",\"https:\\\/\\\/x.com\\\/box_repsol\",\"http:\\\/\\\/instagram.com\\\/box_repsol\",\"https:\\\/\\\/www.youtube.com\\\/user\\\/RepsolCompeticion\",\"https:\\\/\\\/www.flickr.com\\\/photos\\\/box_repsol\\\/\"]},{\"@type\":\"Person\",\"@id\":\"https:\\\/\\\/www.boxrepsol.com\\\/es\\\/#\\\/schema\\\/person\\\/c5c2138f2cca251b0ad92b7086bb60b7\",\"name\":\"Redacci\u00f3n Box Repsol\",\"image\":{\"@type\":\"ImageObject\",\"inLanguage\":\"es\",\"@id\":\"https:\\\/\\\/secure.gravatar.com\\\/avatar\\\/adf7b77e38b4419baf32c7e9c21dde01f4e40df611f0978e3006fc4ba0aaab7e?s=96&d=mm&r=g\",\"url\":\"https:\\\/\\\/secure.gravatar.com\\\/avatar\\\/adf7b77e38b4419baf32c7e9c21dde01f4e40df611f0978e3006fc4ba0aaab7e?s=96&d=mm&r=g\",\"contentUrl\":\"https:\\\/\\\/secure.gravatar.com\\\/avatar\\\/adf7b77e38b4419baf32c7e9c21dde01f4e40df611f0978e3006fc4ba0aaab7e?s=96&d=mm&r=g\",\"caption\":\"Redacci\u00f3n Box Repsol\"},\"description\":\"Box Repsol lo forma un equipo de periodistas, community managers, dise\u00f1adores y fot\u00f3grafos con m\u00e1s de 20 a\u00f1os de experiencia en el mundo del motorsport. Hemos vivido el primer mundial de un espa\u00f1ol en la categor\u00eda reina de motociclismo con \u00c1lex Crivill\u00e9, estuvimos en las victorias de Pedrosa y los t\u00edtulos de M\u00e1rquez, acompa\u00f1amos en \u00c1frica a Nani Roma y Marc Coma en sus conquistas del Dakar y hemos vibrado con los t\u00edtulos de Toni Bou en Trial. Adem\u00e1s, en nuestro equipo contamos con expertos en el mundo de las dos y cuatro ruedas tanto de la calle y las carreteras, como de los circuitos. Periodistas que han trabajado en revistas y publicaciones para hacerte llegar desde rutas y consejos de mantenimiento, a curiosidades y trucos de pilotaje.\",\"sameAs\":[\"https:\\\/\\\/www.facebook.com\\\/BoxRepsol\\\/\",\"https:\\\/\\\/www.instagram.com\\\/box_repsol\\\/\",\"https:\\\/\\\/x.com\\\/https:\\\/\\\/twitter.com\\\/box_repsol\",\"https:\\\/\\\/www.youtube.com\\\/@Boxrepsol\"],\"url\":\"https:\\\/\\\/www.boxrepsol.com\\\/es\\\/author\\\/redaccion-box-repsol\\\/\"}]}<\/script>\n<!-- \/ Yoast SEO plugin. -->","yoast_head_json":{"title":"Ram\u00edrez, Odendaal y Scheib, primeros l\u00edderes del FIM CEV Repsol - Box Repsol","description":"La primera prueba del campeonato ve c\u00f3mo suman sus primeras victorias del a\u00f1o Marcos Ram\u00edrez y Kaito Toba, en Moto3, Eric Granado...","canonical":"https:\/\/www.boxrepsol.com\/es\/sin-categorizar\/ramirez-odendaal-y-scheib-primeros-lideres-del-fim-cev-repsol\/","og_locale":"es_ES","og_type":"article","og_title":"Ram\u00edrez, Odendaal y Scheib, primeros l\u00edderes del FIM CEV Repsol - Box Repsol","og_description":"La primera prueba del campeonato ve c\u00f3mo suman sus primeras victorias del a\u00f1o Marcos Ram\u00edrez y Kaito Toba, en Moto3, Eric Granado...","og_url":"https:\/\/www.boxrepsol.com\/es\/sin-categorizar\/ramirez-odendaal-y-scheib-primeros-lideres-del-fim-cev-repsol\/","og_site_name":"Box Repsol","article_publisher":"https:\/\/www.facebook.com\/BoxRepsol","article_author":"https:\/\/www.facebook.com\/BoxRepsol\/","article_published_time":"2016-04-18T02:00:00+00:00","article_modified_time":"2024-05-07T08:12:10+00:00","og_image":[{"width":1024,"height":375,"url":"https:\/\/www.boxrepsol.com\/wp-content\/uploads\/2022\/08\/peloton-moto3-FIM-CEV-Repsol-cheste-carrera-2016.jpg","type":"image\/jpeg"}],"author":"Redacci\u00f3n Box Repsol","twitter_card":"summary_large_image","twitter_creator":"@https:\/\/twitter.com\/box_repsol","twitter_site":"@box_repsol","twitter_misc":{"Written by":"Redacci\u00f3n Box Repsol","Est. reading time":"4 minutos"},"schema":{"@context":"https:\/\/schema.org","@graph":[{"@type":"Article","@id":"https:\/\/www.boxrepsol.com\/es\/sin-categorizar\/ramirez-odendaal-y-scheib-primeros-lideres-del-fim-cev-repsol\/#article","isPartOf":{"@id":"https:\/\/www.boxrepsol.com\/es\/sin-categorizar\/ramirez-odendaal-y-scheib-primeros-lideres-del-fim-cev-repsol\/"},"author":{"name":"Redacci\u00f3n Box Repsol","@id":"https:\/\/www.boxrepsol.com\/es\/#\/schema\/person\/c5c2138f2cca251b0ad92b7086bb60b7"},"headline":"Ram\u00edrez, Odendaal y Scheib, primeros l\u00edderes del FIM CEV Repsol","datePublished":"2016-04-18T02:00:00+00:00","dateModified":"2024-05-07T08:12:10+00:00","mainEntityOfPage":{"@id":"https:\/\/www.boxrepsol.com\/es\/sin-categorizar\/ramirez-odendaal-y-scheib-primeros-lideres-del-fim-cev-repsol\/"},"wordCount":770,"commentCount":0,"publisher":{"@id":"https:\/\/www.boxrepsol.com\/es\/#organization"},"image":{"@id":"https:\/\/www.boxrepsol.com\/es\/sin-categorizar\/ramirez-odendaal-y-scheib-primeros-lideres-del-fim-cev-repsol\/#primaryimage"},"thumbnailUrl":"https:\/\/www.boxrepsol.com\/wp-content\/uploads\/2022\/08\/peloton-moto3-FIM-CEV-Repsol-cheste-carrera-2016.jpg","keywords":["otros eventos y competiciones"],"articleSection":["Sin categorizar"],"inLanguage":"es","potentialAction":[{"@type":"CommentAction","name":"Comment","target":["https:\/\/www.boxrepsol.com\/es\/sin-categorizar\/ramirez-odendaal-y-scheib-primeros-lideres-del-fim-cev-repsol\/#respond"]}]},{"@type":"WebPage","@id":"https:\/\/www.boxrepsol.com\/es\/sin-categorizar\/ramirez-odendaal-y-scheib-primeros-lideres-del-fim-cev-repsol\/","url":"https:\/\/www.boxrepsol.com\/es\/sin-categorizar\/ramirez-odendaal-y-scheib-primeros-lideres-del-fim-cev-repsol\/","name":"Ram\u00edrez, Odendaal y Scheib, primeros l\u00edderes del FIM CEV Repsol - Box Repsol","isPartOf":{"@id":"https:\/\/www.boxrepsol.com\/es\/#website"},"primaryImageOfPage":{"@id":"https:\/\/www.boxrepsol.com\/es\/sin-categorizar\/ramirez-odendaal-y-scheib-primeros-lideres-del-fim-cev-repsol\/#primaryimage"},"image":{"@id":"https:\/\/www.boxrepsol.com\/es\/sin-categorizar\/ramirez-odendaal-y-scheib-primeros-lideres-del-fim-cev-repsol\/#primaryimage"},"thumbnailUrl":"https:\/\/www.boxrepsol.com\/wp-content\/uploads\/2022\/08\/peloton-moto3-FIM-CEV-Repsol-cheste-carrera-2016.jpg","datePublished":"2016-04-18T02:00:00+00:00","dateModified":"2024-05-07T08:12:10+00:00","description":"La primera prueba del campeonato ve c\u00f3mo suman sus primeras victorias del a\u00f1o Marcos Ram\u00edrez y Kaito Toba, en Moto3, Eric Granado...","breadcrumb":{"@id":"https:\/\/www.boxrepsol.com\/es\/sin-categorizar\/ramirez-odendaal-y-scheib-primeros-lideres-del-fim-cev-repsol\/#breadcrumb"},"inLanguage":"es","potentialAction":[{"@type":"ReadAction","target":["https:\/\/www.boxrepsol.com\/es\/sin-categorizar\/ramirez-odendaal-y-scheib-primeros-lideres-del-fim-cev-repsol\/"]}]},{"@type":"ImageObject","inLanguage":"es","@id":"https:\/\/www.boxrepsol.com\/es\/sin-categorizar\/ramirez-odendaal-y-scheib-primeros-lideres-del-fim-cev-repsol\/#primaryimage","url":"https:\/\/www.boxrepsol.com\/wp-content\/uploads\/2022\/08\/peloton-moto3-FIM-CEV-Repsol-cheste-carrera-2016.jpg","contentUrl":"https:\/\/www.boxrepsol.com\/wp-content\/uploads\/2022\/08\/peloton-moto3-FIM-CEV-Repsol-cheste-carrera-2016.jpg","width":1024,"height":375,"caption":"Pilotos de Moto3 corriendo en el FIM CEV Repsol en Cheste"},{"@type":"BreadcrumbList","@id":"https:\/\/www.boxrepsol.com\/es\/sin-categorizar\/ramirez-odendaal-y-scheib-primeros-lideres-del-fim-cev-repsol\/#breadcrumb","itemListElement":[{"@type":"ListItem","position":1,"name":"Home","item":"https:\/\/www.boxrepsol.com\/es\/"},{"@type":"ListItem","position":2,"name":"Ram\u00edrez, Odendaal y Scheib, primeros l\u00edderes del FIM CEV Repsol"}]},{"@type":"WebSite","@id":"https:\/\/www.boxrepsol.com\/es\/#website","url":"https:\/\/www.boxrepsol.com\/es\/","name":"Box Repsol","description":"Box Repsol Site","publisher":{"@id":"https:\/\/www.boxrepsol.com\/es\/#organization"},"potentialAction":[{"@type":"SearchAction","target":{"@type":"EntryPoint","urlTemplate":"https:\/\/www.boxrepsol.com\/es\/?s={search_term_string}"},"query-input":{"@type":"PropertyValueSpecification","valueRequired":true,"valueName":"search_term_string"}}],"inLanguage":"es"},{"@type":"Organization","@id":"https:\/\/www.boxrepsol.com\/es\/#organization","name":"Box Repsol","url":"https:\/\/www.boxrepsol.com\/es\/","logo":{"@type":"ImageObject","inLanguage":"es","@id":"https:\/\/www.boxrepsol.com\/es\/#\/schema\/logo\/image\/","url":"https:\/\/bxrepsol.s3.eu-west-1.amazonaws.com\/static\/2025\/07\/30083337\/favicon-96x96-1.png","contentUrl":"https:\/\/bxrepsol.s3.eu-west-1.amazonaws.com\/static\/2025\/07\/30083337\/favicon-96x96-1.png","width":96,"height":96,"caption":"Box Repsol"},"image":{"@id":"https:\/\/www.boxrepsol.com\/es\/#\/schema\/logo\/image\/"},"sameAs":["https:\/\/www.facebook.com\/BoxRepsol","https:\/\/x.com\/box_repsol","http:\/\/instagram.com\/box_repsol","https:\/\/www.youtube.com\/user\/RepsolCompeticion","https:\/\/www.flickr.com\/photos\/box_repsol\/"]},{"@type":"Person","@id":"https:\/\/www.boxrepsol.com\/es\/#\/schema\/person\/c5c2138f2cca251b0ad92b7086bb60b7","name":"Redacci\u00f3n Box Repsol","image":{"@type":"ImageObject","inLanguage":"es","@id":"https:\/\/secure.gravatar.com\/avatar\/adf7b77e38b4419baf32c7e9c21dde01f4e40df611f0978e3006fc4ba0aaab7e?s=96&d=mm&r=g","url":"https:\/\/secure.gravatar.com\/avatar\/adf7b77e38b4419baf32c7e9c21dde01f4e40df611f0978e3006fc4ba0aaab7e?s=96&d=mm&r=g","contentUrl":"https:\/\/secure.gravatar.com\/avatar\/adf7b77e38b4419baf32c7e9c21dde01f4e40df611f0978e3006fc4ba0aaab7e?s=96&d=mm&r=g","caption":"Redacci\u00f3n Box Repsol"},"description":"Box Repsol lo forma un equipo de periodistas, community managers, dise\u00f1adores y fot\u00f3grafos con m\u00e1s de 20 a\u00f1os de experiencia en el mundo del motorsport. Hemos vivido el primer mundial de un espa\u00f1ol en la categor\u00eda reina de motociclismo con \u00c1lex Crivill\u00e9, estuvimos en las victorias de Pedrosa y los t\u00edtulos de M\u00e1rquez, acompa\u00f1amos en \u00c1frica a Nani Roma y Marc Coma en sus conquistas del Dakar y hemos vibrado con los t\u00edtulos de Toni Bou en Trial. Adem\u00e1s, en nuestro equipo contamos con expertos en el mundo de las dos y cuatro ruedas tanto de la calle y las carreteras, como de los circuitos. Periodistas que han trabajado en revistas y publicaciones para hacerte llegar desde rutas y consejos de mantenimiento, a curiosidades y trucos de pilotaje.","sameAs":["https:\/\/www.facebook.com\/BoxRepsol\/","https:\/\/www.instagram.com\/box_repsol\/","https:\/\/x.com\/https:\/\/twitter.com\/box_repsol","https:\/\/www.youtube.com\/@Boxrepsol"],"url":"https:\/\/www.boxrepsol.com\/es\/author\/redaccion-box-repsol\/"}]}},"_links":{"self":[{"href":"https:\/\/www.boxrepsol.com\/es\/wp-json\/wp\/v2\/posts\/89928","targetHints":{"allow":["GET"]}}],"collection":[{"href":"https:\/\/www.boxrepsol.com\/es\/wp-json\/wp\/v2\/posts"}],"about":[{"href":"https:\/\/www.boxrepsol.com\/es\/wp-json\/wp\/v2\/types\/post"}],"author":[{"embeddable":true,"href":"https:\/\/www.boxrepsol.com\/es\/wp-json\/wp\/v2\/users\/43146"}],"replies":[{"embeddable":true,"href":"https:\/\/www.boxrepsol.com\/es\/wp-json\/wp\/v2\/comments?post=89928"}],"version-history":[{"count":1,"href":"https:\/\/www.boxrepsol.com\/es\/wp-json\/wp\/v2\/posts\/89928\/revisions"}],"predecessor-version":[{"id":89929,"href":"https:\/\/www.boxrepsol.com\/es\/wp-json\/wp\/v2\/posts\/89928\/revisions\/89929"}],"wp:featuredmedia":[{"embeddable":true,"href":"https:\/\/www.boxrepsol.com\/es\/wp-json\/wp\/v2\/media\/85834"}],"wp:attachment":[{"href":"https:\/\/www.boxrepsol.com\/es\/wp-json\/wp\/v2\/media?parent=89928"}],"wp:term":[{"taxonomy":"category","embeddable":true,"href":"https:\/\/www.boxrepsol.com\/es\/wp-json\/wp\/v2\/categories?post=89928"},{"taxonomy":"post_tag","embeddable":true,"href":"https:\/\/www.boxrepsol.com\/es\/wp-json\/wp\/v2\/tags?post=89928"}],"curies":[{"name":"wp","href":"https:\/\/api.w.org\/{rel}","templated":true}]}}