{"id":89926,"date":"2017-02-16T00:00:00","date_gmt":"2017-02-16T02:00:00","guid":{"rendered":"http:\/\/pre.boxrepsol.com\/sin-categorizar\/marc-marquez-continua-el-trabajo-de-desarrollo-con-dani-pedrosa-condicionado-por-la-fiebre\/"},"modified":"2024-05-15T06:31:02","modified_gmt":"2024-05-15T08:31:02","slug":"marc-marquez-continua-el-trabajo-de-desarrollo-con-dani-pedrosa-condicionado-por-la-fiebre","status":"publish","type":"post","link":"https:\/\/www.boxrepsol.com\/es\/motogp\/marc-marquez-continua-el-trabajo-de-desarrollo-con-dani-pedrosa-condicionado-por-la-fiebre\/","title":{"rendered":"Marc M\u00e1rquez contin\u00faa el trabajo de desarrollo, con Dani Pedrosa condicionado por la fiebre"},"content":{"rendered":"<blockquote>\n<p>\u00b726_DaniPedrosa: \u00abahora me encuentro mejor y ma\u00f1ana espero estar en buena forma para el \u00faltimo d\u00eda\u00bb<\/p>\n<p>            <a href=\"http:\/\/twitter.com\/share?text=%C2%B726_DaniPedrosa%3A+%22ahora+me+encuentro+mejor+y+ma%C3%B1ana+espero+estar+en+buena+forma+para+el+%C3%BAltimo+d%C3%ADa%22&#038;url=http%3A%2F%2F34.249.211.158%2Fes%2Fmotogp%2Fmarc-marquez-continua-el-trabajo-de-desarrollo-con-dani-pedrosa-condicionado-por-la-fiebre%2F&#038;hashtags=\" target=\"_blank\" rel=\"noopener\"><br \/>\n            twittear        <\/a>\n        <\/p><\/blockquote>\n<p>Intensa segunda jornada de entrenamientos en Phillip Island para Marc M\u00e1rquez. El piloto del equipo Repsol Honda ha cerrado el d\u00eda en la segunda posici\u00f3n de la tabla de tiempos, con un registro de 1 minuto, 29 segundos y 309 mil\u00e9simas logrado en la vuelta 20 de las 107 que ha realizado \u2013m\u00e1s que ning\u00fan otro piloto\u2013. Aprovechando de nuevo las buenas condiciones meteorol\u00f3gicas \u2013temperaturas de 20\u00baC y el asfalto alcanzando los 40\u00baC\u2013, el vigente Campe\u00f3n del Mundo ha trabajado en la puesta a punto de su Honda RC213V y en la \u00faltima hora ha completado dos tandas de 15 vueltas a un ritmo constante de 1 minuto y 29 segundos.<\/p>\n<p>Su compa\u00f1ero de equipo, Dani Pedrosa, hoy se ha despertado con dolor de garganta y fiebre. Tras ser atendido en la Clinica Mobile, ha decidido junto a su equipo descansar y tratar de recuperar algo de fuerza. A las tres de la tarde ha salido a pista y, pese a no estar del todo recuperado, finalmente ha completado 40 vueltas, con un mejor tiempo de 1 minuto, 30 segundos y 245 mil\u00e9simas, que le ha situado decimosexto.<\/p>\n<p>Ambos dispondr\u00e1n ma\u00f1ana del tercer y \u00faltimo d\u00eda de entrenamientos en Australia.<\/p>\n<p>\t\t\t\t<img decoding=\"async\" src=\"https:\/\/bxrepsol.s3.eu-west-1.amazonaws.com\/static\/2022\/08\/04103708\/01_interior.jpg\" alt=\"01_interior\" itemprop=\"image\"  \/><\/p>\n<h3>Marc M\u00e1rquez<\/h3>\n<p><em>\u00abHa sido un d\u00eda de mucho trabajo y estoy un poco cansado, pero es lo que ten\u00edamos previsto para hoy y lo hemos completado. Con mis ingenieros hemos decidido hacer muchas vueltas para probar algunas cosas, as\u00ed que me he concentrado en rodar a un ritmo constante, intentando evitar errores. Al final del d\u00eda tambi\u00e9n he hecho dos tandas largas, para probar distintas configuraciones de la electr\u00f3nica, que nos han permitido recoger mucha informaci\u00f3n. De todas formas, ayer ya dije que todav\u00eda nos falta un poco, porque no estoy c\u00f3modo al cien por cien, pero estamos trabajando bien. Las dos tandas largas nos tienen que ayudar a encontrar en qu\u00e9 punto podemos dar un paso adelante. Tambi\u00e9n he probado un neum\u00e1tico delantero nuevo y ma\u00f1ana probaremos uno trasero, porque hoy no hemos tenido m\u00e1s tiempo\u00bb.<\/em><\/p>\n<h3>Dani Pedrosa<\/h3>\n<p><em>\u00abAl final del d\u00eda de ayer empec\u00e9 a no encontrarme del todo bien y esta noche he empeorado, porque esta ma\u00f1ana no he podido ni desayunar, ten\u00eda dolor de est\u00f3mago, un poco de fiebre y no ten\u00eda fuerza. No he podido comer nada hasta las dos, as\u00ed que hemos esperado a ver c\u00f3mo me encontraba. Por la tarde he intentado dar algunas vueltas, empezando lentamente y mejorando poco a poco, aunque sin forzar. De todas formas, ahora me encuentro mejor y ma\u00f1ana espero estar en buena forma para el \u00faltimo d\u00eda de entrenamientos\u00bb.<\/em><\/p>\n","protected":false},"excerpt":{"rendered":"<p>El vigente Campe\u00f3n del Mundo ha realizado m\u00e1s de 100 vueltas para seguir desarrollando la gesti\u00f3n electr\u00f3nica de su Honda. Dani Pedrosa, con fiebre, ha completado media jornada.<\/p>\n","protected":false},"author":43146,"featured_media":86211,"comment_status":"open","ping_status":"open","sticky":false,"template":"","format":"standard","meta":{"footnotes":""},"categories":[4],"tags":[15],"class_list":["post-89926","post","type-post","status-publish","format-standard","hentry","category-motogp","tag-pretemporada"],"yoast_head":"<!-- This site is optimized with the Yoast SEO plugin v27.3 - https:\/\/yoast.com\/product\/yoast-seo-wordpress\/ -->\n<title>Marc M\u00e1rquez contin\u00faa el trabajo de desarrollo, con Dani Pedrosa condicionado por la fiebre - Box Repsol<\/title>\n<meta name=\"description\" content=\"El vigente Campe\u00f3n del Mundo ha realizado m\u00e1s de 100 vueltas para seguir desarrollando la gesti\u00f3n electr\u00f3nica de su Honda.\" \/>\n<link rel=\"canonical\" href=\"https:\/\/www.boxrepsol.com\/es\/motogp\/marc-marquez-continua-el-trabajo-de-desarrollo-con-dani-pedrosa-condicionado-por-la-fiebre\/\" \/>\n<meta property=\"og:locale\" content=\"es_ES\" \/>\n<meta property=\"og:type\" content=\"article\" \/>\n<meta property=\"og:title\" content=\"Marc M\u00e1rquez contin\u00faa el trabajo de desarrollo, con Dani Pedrosa condicionado por la fiebre - Box Repsol\" \/>\n<meta property=\"og:description\" content=\"El vigente Campe\u00f3n del Mundo ha realizado m\u00e1s de 100 vueltas para seguir desarrollando la gesti\u00f3n electr\u00f3nica de su Honda.\" \/>\n<meta property=\"og:url\" content=\"https:\/\/www.boxrepsol.com\/es\/motogp\/marc-marquez-continua-el-trabajo-de-desarrollo-con-dani-pedrosa-condicionado-por-la-fiebre\/\" \/>\n<meta property=\"og:site_name\" content=\"Box Repsol\" \/>\n<meta property=\"article:publisher\" content=\"https:\/\/www.facebook.com\/BoxRepsol\" \/>\n<meta property=\"article:author\" content=\"https:\/\/www.facebook.com\/BoxRepsol\/\" \/>\n<meta property=\"article:published_time\" content=\"2017-02-16T02:00:00+00:00\" \/>\n<meta property=\"article:modified_time\" content=\"2024-05-15T08:31:02+00:00\" \/>\n<meta property=\"og:image\" content=\"https:\/\/www.boxrepsol.com\/wp-content\/uploads\/2022\/08\/00_cabecera4.jpg\" \/>\n\t<meta property=\"og:image:width\" content=\"984\" \/>\n\t<meta property=\"og:image:height\" content=\"412\" \/>\n\t<meta property=\"og:image:type\" content=\"image\/jpeg\" \/>\n<meta name=\"author\" content=\"Redacci\u00f3n Box Repsol\" \/>\n<meta name=\"twitter:card\" content=\"summary_large_image\" \/>\n<meta name=\"twitter:creator\" content=\"@https:\/\/twitter.com\/box_repsol\" \/>\n<meta name=\"twitter:site\" content=\"@box_repsol\" \/>\n<meta name=\"twitter:label1\" content=\"Written by\" \/>\n\t<meta name=\"twitter:data1\" content=\"Redacci\u00f3n Box Repsol\" \/>\n\t<meta name=\"twitter:label2\" content=\"Est. reading time\" \/>\n\t<meta name=\"twitter:data2\" content=\"2 minutos\" \/>\n<script type=\"application\/ld+json\" class=\"yoast-schema-graph\">{\"@context\":\"https:\\\/\\\/schema.org\",\"@graph\":[{\"@type\":\"Article\",\"@id\":\"https:\\\/\\\/www.boxrepsol.com\\\/es\\\/motogp\\\/marc-marquez-continua-el-trabajo-de-desarrollo-con-dani-pedrosa-condicionado-por-la-fiebre\\\/#article\",\"isPartOf\":{\"@id\":\"https:\\\/\\\/www.boxrepsol.com\\\/es\\\/motogp\\\/marc-marquez-continua-el-trabajo-de-desarrollo-con-dani-pedrosa-condicionado-por-la-fiebre\\\/\"},\"author\":{\"name\":\"Redacci\u00f3n Box Repsol\",\"@id\":\"https:\\\/\\\/www.boxrepsol.com\\\/es\\\/#\\\/schema\\\/person\\\/c5c2138f2cca251b0ad92b7086bb60b7\"},\"headline\":\"Marc M\u00e1rquez contin\u00faa el trabajo de desarrollo, con Dani Pedrosa condicionado por la fiebre\",\"datePublished\":\"2017-02-16T02:00:00+00:00\",\"dateModified\":\"2024-05-15T08:31:02+00:00\",\"mainEntityOfPage\":{\"@id\":\"https:\\\/\\\/www.boxrepsol.com\\\/es\\\/motogp\\\/marc-marquez-continua-el-trabajo-de-desarrollo-con-dani-pedrosa-condicionado-por-la-fiebre\\\/\"},\"wordCount\":490,\"commentCount\":0,\"publisher\":{\"@id\":\"https:\\\/\\\/www.boxrepsol.com\\\/es\\\/#organization\"},\"image\":{\"@id\":\"https:\\\/\\\/www.boxrepsol.com\\\/es\\\/motogp\\\/marc-marquez-continua-el-trabajo-de-desarrollo-con-dani-pedrosa-condicionado-por-la-fiebre\\\/#primaryimage\"},\"thumbnailUrl\":\"https:\\\/\\\/www.boxrepsol.com\\\/wp-content\\\/uploads\\\/2022\\\/08\\\/00_cabecera4.jpg\",\"keywords\":[\"pretemporada\"],\"articleSection\":[\"MotoGP\"],\"inLanguage\":\"es\",\"potentialAction\":[{\"@type\":\"CommentAction\",\"name\":\"Comment\",\"target\":[\"https:\\\/\\\/www.boxrepsol.com\\\/es\\\/motogp\\\/marc-marquez-continua-el-trabajo-de-desarrollo-con-dani-pedrosa-condicionado-por-la-fiebre\\\/#respond\"]}]},{\"@type\":\"WebPage\",\"@id\":\"https:\\\/\\\/www.boxrepsol.com\\\/es\\\/motogp\\\/marc-marquez-continua-el-trabajo-de-desarrollo-con-dani-pedrosa-condicionado-por-la-fiebre\\\/\",\"url\":\"https:\\\/\\\/www.boxrepsol.com\\\/es\\\/motogp\\\/marc-marquez-continua-el-trabajo-de-desarrollo-con-dani-pedrosa-condicionado-por-la-fiebre\\\/\",\"name\":\"Marc M\u00e1rquez contin\u00faa el trabajo de desarrollo, con Dani Pedrosa condicionado por la fiebre - Box Repsol\",\"isPartOf\":{\"@id\":\"https:\\\/\\\/www.boxrepsol.com\\\/es\\\/#website\"},\"primaryImageOfPage\":{\"@id\":\"https:\\\/\\\/www.boxrepsol.com\\\/es\\\/motogp\\\/marc-marquez-continua-el-trabajo-de-desarrollo-con-dani-pedrosa-condicionado-por-la-fiebre\\\/#primaryimage\"},\"image\":{\"@id\":\"https:\\\/\\\/www.boxrepsol.com\\\/es\\\/motogp\\\/marc-marquez-continua-el-trabajo-de-desarrollo-con-dani-pedrosa-condicionado-por-la-fiebre\\\/#primaryimage\"},\"thumbnailUrl\":\"https:\\\/\\\/www.boxrepsol.com\\\/wp-content\\\/uploads\\\/2022\\\/08\\\/00_cabecera4.jpg\",\"datePublished\":\"2017-02-16T02:00:00+00:00\",\"dateModified\":\"2024-05-15T08:31:02+00:00\",\"description\":\"El vigente Campe\u00f3n del Mundo ha realizado m\u00e1s de 100 vueltas para seguir desarrollando la gesti\u00f3n electr\u00f3nica de su Honda.\",\"breadcrumb\":{\"@id\":\"https:\\\/\\\/www.boxrepsol.com\\\/es\\\/motogp\\\/marc-marquez-continua-el-trabajo-de-desarrollo-con-dani-pedrosa-condicionado-por-la-fiebre\\\/#breadcrumb\"},\"inLanguage\":\"es\",\"potentialAction\":[{\"@type\":\"ReadAction\",\"target\":[\"https:\\\/\\\/www.boxrepsol.com\\\/es\\\/motogp\\\/marc-marquez-continua-el-trabajo-de-desarrollo-con-dani-pedrosa-condicionado-por-la-fiebre\\\/\"]}]},{\"@type\":\"ImageObject\",\"inLanguage\":\"es\",\"@id\":\"https:\\\/\\\/www.boxrepsol.com\\\/es\\\/motogp\\\/marc-marquez-continua-el-trabajo-de-desarrollo-con-dani-pedrosa-condicionado-por-la-fiebre\\\/#primaryimage\",\"url\":\"https:\\\/\\\/www.boxrepsol.com\\\/wp-content\\\/uploads\\\/2022\\\/08\\\/00_cabecera4.jpg\",\"contentUrl\":\"https:\\\/\\\/www.boxrepsol.com\\\/wp-content\\\/uploads\\\/2022\\\/08\\\/00_cabecera4.jpg\",\"width\":984,\"height\":412,\"caption\":\"Marc M\u00e1rquez y Dani Pedrosa\"},{\"@type\":\"BreadcrumbList\",\"@id\":\"https:\\\/\\\/www.boxrepsol.com\\\/es\\\/motogp\\\/marc-marquez-continua-el-trabajo-de-desarrollo-con-dani-pedrosa-condicionado-por-la-fiebre\\\/#breadcrumb\",\"itemListElement\":[{\"@type\":\"ListItem\",\"position\":1,\"name\":\"Home\",\"item\":\"https:\\\/\\\/www.boxrepsol.com\\\/es\\\/\"},{\"@type\":\"ListItem\",\"position\":2,\"name\":\"Marc M\u00e1rquez contin\u00faa el trabajo de desarrollo, con Dani Pedrosa condicionado por la fiebre\"}]},{\"@type\":\"WebSite\",\"@id\":\"https:\\\/\\\/www.boxrepsol.com\\\/es\\\/#website\",\"url\":\"https:\\\/\\\/www.boxrepsol.com\\\/es\\\/\",\"name\":\"Box Repsol\",\"description\":\"Box Repsol Site\",\"publisher\":{\"@id\":\"https:\\\/\\\/www.boxrepsol.com\\\/es\\\/#organization\"},\"potentialAction\":[{\"@type\":\"SearchAction\",\"target\":{\"@type\":\"EntryPoint\",\"urlTemplate\":\"https:\\\/\\\/www.boxrepsol.com\\\/es\\\/?s={search_term_string}\"},\"query-input\":{\"@type\":\"PropertyValueSpecification\",\"valueRequired\":true,\"valueName\":\"search_term_string\"}}],\"inLanguage\":\"es\"},{\"@type\":\"Organization\",\"@id\":\"https:\\\/\\\/www.boxrepsol.com\\\/es\\\/#organization\",\"name\":\"Box Repsol\",\"url\":\"https:\\\/\\\/www.boxrepsol.com\\\/es\\\/\",\"logo\":{\"@type\":\"ImageObject\",\"inLanguage\":\"es\",\"@id\":\"https:\\\/\\\/www.boxrepsol.com\\\/es\\\/#\\\/schema\\\/logo\\\/image\\\/\",\"url\":\"https:\\\/\\\/bxrepsol.s3.eu-west-1.amazonaws.com\\\/static\\\/2025\\\/07\\\/30083337\\\/favicon-96x96-1.png\",\"contentUrl\":\"https:\\\/\\\/bxrepsol.s3.eu-west-1.amazonaws.com\\\/static\\\/2025\\\/07\\\/30083337\\\/favicon-96x96-1.png\",\"width\":96,\"height\":96,\"caption\":\"Box Repsol\"},\"image\":{\"@id\":\"https:\\\/\\\/www.boxrepsol.com\\\/es\\\/#\\\/schema\\\/logo\\\/image\\\/\"},\"sameAs\":[\"https:\\\/\\\/www.facebook.com\\\/BoxRepsol\",\"https:\\\/\\\/x.com\\\/box_repsol\",\"http:\\\/\\\/instagram.com\\\/box_repsol\",\"https:\\\/\\\/www.youtube.com\\\/user\\\/RepsolCompeticion\",\"https:\\\/\\\/www.flickr.com\\\/photos\\\/box_repsol\\\/\"]},{\"@type\":\"Person\",\"@id\":\"https:\\\/\\\/www.boxrepsol.com\\\/es\\\/#\\\/schema\\\/person\\\/c5c2138f2cca251b0ad92b7086bb60b7\",\"name\":\"Redacci\u00f3n Box Repsol\",\"image\":{\"@type\":\"ImageObject\",\"inLanguage\":\"es\",\"@id\":\"https:\\\/\\\/secure.gravatar.com\\\/avatar\\\/adf7b77e38b4419baf32c7e9c21dde01f4e40df611f0978e3006fc4ba0aaab7e?s=96&d=mm&r=g\",\"url\":\"https:\\\/\\\/secure.gravatar.com\\\/avatar\\\/adf7b77e38b4419baf32c7e9c21dde01f4e40df611f0978e3006fc4ba0aaab7e?s=96&d=mm&r=g\",\"contentUrl\":\"https:\\\/\\\/secure.gravatar.com\\\/avatar\\\/adf7b77e38b4419baf32c7e9c21dde01f4e40df611f0978e3006fc4ba0aaab7e?s=96&d=mm&r=g\",\"caption\":\"Redacci\u00f3n Box Repsol\"},\"description\":\"Box Repsol lo forma un equipo de periodistas, community managers, dise\u00f1adores y fot\u00f3grafos con m\u00e1s de 20 a\u00f1os de experiencia en el mundo del motorsport. Hemos vivido el primer mundial de un espa\u00f1ol en la categor\u00eda reina de motociclismo con \u00c1lex Crivill\u00e9, estuvimos en las victorias de Pedrosa y los t\u00edtulos de M\u00e1rquez, acompa\u00f1amos en \u00c1frica a Nani Roma y Marc Coma en sus conquistas del Dakar y hemos vibrado con los t\u00edtulos de Toni Bou en Trial. Adem\u00e1s, en nuestro equipo contamos con expertos en el mundo de las dos y cuatro ruedas tanto de la calle y las carreteras, como de los circuitos. Periodistas que han trabajado en revistas y publicaciones para hacerte llegar desde rutas y consejos de mantenimiento, a curiosidades y trucos de pilotaje.\",\"sameAs\":[\"https:\\\/\\\/www.facebook.com\\\/BoxRepsol\\\/\",\"https:\\\/\\\/www.instagram.com\\\/box_repsol\\\/\",\"https:\\\/\\\/x.com\\\/https:\\\/\\\/twitter.com\\\/box_repsol\",\"https:\\\/\\\/www.youtube.com\\\/@Boxrepsol\"],\"url\":\"https:\\\/\\\/www.boxrepsol.com\\\/es\\\/author\\\/redaccion-box-repsol\\\/\"}]}<\/script>\n<!-- \/ Yoast SEO plugin. -->","yoast_head_json":{"title":"Marc M\u00e1rquez contin\u00faa el trabajo de desarrollo, con Dani Pedrosa condicionado por la fiebre - Box Repsol","description":"El vigente Campe\u00f3n del Mundo ha realizado m\u00e1s de 100 vueltas para seguir desarrollando la gesti\u00f3n electr\u00f3nica de su Honda.","canonical":"https:\/\/www.boxrepsol.com\/es\/motogp\/marc-marquez-continua-el-trabajo-de-desarrollo-con-dani-pedrosa-condicionado-por-la-fiebre\/","og_locale":"es_ES","og_type":"article","og_title":"Marc M\u00e1rquez contin\u00faa el trabajo de desarrollo, con Dani Pedrosa condicionado por la fiebre - Box Repsol","og_description":"El vigente Campe\u00f3n del Mundo ha realizado m\u00e1s de 100 vueltas para seguir desarrollando la gesti\u00f3n electr\u00f3nica de su Honda.","og_url":"https:\/\/www.boxrepsol.com\/es\/motogp\/marc-marquez-continua-el-trabajo-de-desarrollo-con-dani-pedrosa-condicionado-por-la-fiebre\/","og_site_name":"Box Repsol","article_publisher":"https:\/\/www.facebook.com\/BoxRepsol","article_author":"https:\/\/www.facebook.com\/BoxRepsol\/","article_published_time":"2017-02-16T02:00:00+00:00","article_modified_time":"2024-05-15T08:31:02+00:00","og_image":[{"width":984,"height":412,"url":"https:\/\/www.boxrepsol.com\/wp-content\/uploads\/2022\/08\/00_cabecera4.jpg","type":"image\/jpeg"}],"author":"Redacci\u00f3n Box Repsol","twitter_card":"summary_large_image","twitter_creator":"@https:\/\/twitter.com\/box_repsol","twitter_site":"@box_repsol","twitter_misc":{"Written by":"Redacci\u00f3n Box Repsol","Est. reading time":"2 minutos"},"schema":{"@context":"https:\/\/schema.org","@graph":[{"@type":"Article","@id":"https:\/\/www.boxrepsol.com\/es\/motogp\/marc-marquez-continua-el-trabajo-de-desarrollo-con-dani-pedrosa-condicionado-por-la-fiebre\/#article","isPartOf":{"@id":"https:\/\/www.boxrepsol.com\/es\/motogp\/marc-marquez-continua-el-trabajo-de-desarrollo-con-dani-pedrosa-condicionado-por-la-fiebre\/"},"author":{"name":"Redacci\u00f3n Box Repsol","@id":"https:\/\/www.boxrepsol.com\/es\/#\/schema\/person\/c5c2138f2cca251b0ad92b7086bb60b7"},"headline":"Marc M\u00e1rquez contin\u00faa el trabajo de desarrollo, con Dani Pedrosa condicionado por la fiebre","datePublished":"2017-02-16T02:00:00+00:00","dateModified":"2024-05-15T08:31:02+00:00","mainEntityOfPage":{"@id":"https:\/\/www.boxrepsol.com\/es\/motogp\/marc-marquez-continua-el-trabajo-de-desarrollo-con-dani-pedrosa-condicionado-por-la-fiebre\/"},"wordCount":490,"commentCount":0,"publisher":{"@id":"https:\/\/www.boxrepsol.com\/es\/#organization"},"image":{"@id":"https:\/\/www.boxrepsol.com\/es\/motogp\/marc-marquez-continua-el-trabajo-de-desarrollo-con-dani-pedrosa-condicionado-por-la-fiebre\/#primaryimage"},"thumbnailUrl":"https:\/\/www.boxrepsol.com\/wp-content\/uploads\/2022\/08\/00_cabecera4.jpg","keywords":["pretemporada"],"articleSection":["MotoGP"],"inLanguage":"es","potentialAction":[{"@type":"CommentAction","name":"Comment","target":["https:\/\/www.boxrepsol.com\/es\/motogp\/marc-marquez-continua-el-trabajo-de-desarrollo-con-dani-pedrosa-condicionado-por-la-fiebre\/#respond"]}]},{"@type":"WebPage","@id":"https:\/\/www.boxrepsol.com\/es\/motogp\/marc-marquez-continua-el-trabajo-de-desarrollo-con-dani-pedrosa-condicionado-por-la-fiebre\/","url":"https:\/\/www.boxrepsol.com\/es\/motogp\/marc-marquez-continua-el-trabajo-de-desarrollo-con-dani-pedrosa-condicionado-por-la-fiebre\/","name":"Marc M\u00e1rquez contin\u00faa el trabajo de desarrollo, con Dani Pedrosa condicionado por la fiebre - Box Repsol","isPartOf":{"@id":"https:\/\/www.boxrepsol.com\/es\/#website"},"primaryImageOfPage":{"@id":"https:\/\/www.boxrepsol.com\/es\/motogp\/marc-marquez-continua-el-trabajo-de-desarrollo-con-dani-pedrosa-condicionado-por-la-fiebre\/#primaryimage"},"image":{"@id":"https:\/\/www.boxrepsol.com\/es\/motogp\/marc-marquez-continua-el-trabajo-de-desarrollo-con-dani-pedrosa-condicionado-por-la-fiebre\/#primaryimage"},"thumbnailUrl":"https:\/\/www.boxrepsol.com\/wp-content\/uploads\/2022\/08\/00_cabecera4.jpg","datePublished":"2017-02-16T02:00:00+00:00","dateModified":"2024-05-15T08:31:02+00:00","description":"El vigente Campe\u00f3n del Mundo ha realizado m\u00e1s de 100 vueltas para seguir desarrollando la gesti\u00f3n electr\u00f3nica de su Honda.","breadcrumb":{"@id":"https:\/\/www.boxrepsol.com\/es\/motogp\/marc-marquez-continua-el-trabajo-de-desarrollo-con-dani-pedrosa-condicionado-por-la-fiebre\/#breadcrumb"},"inLanguage":"es","potentialAction":[{"@type":"ReadAction","target":["https:\/\/www.boxrepsol.com\/es\/motogp\/marc-marquez-continua-el-trabajo-de-desarrollo-con-dani-pedrosa-condicionado-por-la-fiebre\/"]}]},{"@type":"ImageObject","inLanguage":"es","@id":"https:\/\/www.boxrepsol.com\/es\/motogp\/marc-marquez-continua-el-trabajo-de-desarrollo-con-dani-pedrosa-condicionado-por-la-fiebre\/#primaryimage","url":"https:\/\/www.boxrepsol.com\/wp-content\/uploads\/2022\/08\/00_cabecera4.jpg","contentUrl":"https:\/\/www.boxrepsol.com\/wp-content\/uploads\/2022\/08\/00_cabecera4.jpg","width":984,"height":412,"caption":"Marc M\u00e1rquez y Dani Pedrosa"},{"@type":"BreadcrumbList","@id":"https:\/\/www.boxrepsol.com\/es\/motogp\/marc-marquez-continua-el-trabajo-de-desarrollo-con-dani-pedrosa-condicionado-por-la-fiebre\/#breadcrumb","itemListElement":[{"@type":"ListItem","position":1,"name":"Home","item":"https:\/\/www.boxrepsol.com\/es\/"},{"@type":"ListItem","position":2,"name":"Marc M\u00e1rquez contin\u00faa el trabajo de desarrollo, con Dani Pedrosa condicionado por la fiebre"}]},{"@type":"WebSite","@id":"https:\/\/www.boxrepsol.com\/es\/#website","url":"https:\/\/www.boxrepsol.com\/es\/","name":"Box Repsol","description":"Box Repsol Site","publisher":{"@id":"https:\/\/www.boxrepsol.com\/es\/#organization"},"potentialAction":[{"@type":"SearchAction","target":{"@type":"EntryPoint","urlTemplate":"https:\/\/www.boxrepsol.com\/es\/?s={search_term_string}"},"query-input":{"@type":"PropertyValueSpecification","valueRequired":true,"valueName":"search_term_string"}}],"inLanguage":"es"},{"@type":"Organization","@id":"https:\/\/www.boxrepsol.com\/es\/#organization","name":"Box Repsol","url":"https:\/\/www.boxrepsol.com\/es\/","logo":{"@type":"ImageObject","inLanguage":"es","@id":"https:\/\/www.boxrepsol.com\/es\/#\/schema\/logo\/image\/","url":"https:\/\/bxrepsol.s3.eu-west-1.amazonaws.com\/static\/2025\/07\/30083337\/favicon-96x96-1.png","contentUrl":"https:\/\/bxrepsol.s3.eu-west-1.amazonaws.com\/static\/2025\/07\/30083337\/favicon-96x96-1.png","width":96,"height":96,"caption":"Box Repsol"},"image":{"@id":"https:\/\/www.boxrepsol.com\/es\/#\/schema\/logo\/image\/"},"sameAs":["https:\/\/www.facebook.com\/BoxRepsol","https:\/\/x.com\/box_repsol","http:\/\/instagram.com\/box_repsol","https:\/\/www.youtube.com\/user\/RepsolCompeticion","https:\/\/www.flickr.com\/photos\/box_repsol\/"]},{"@type":"Person","@id":"https:\/\/www.boxrepsol.com\/es\/#\/schema\/person\/c5c2138f2cca251b0ad92b7086bb60b7","name":"Redacci\u00f3n Box Repsol","image":{"@type":"ImageObject","inLanguage":"es","@id":"https:\/\/secure.gravatar.com\/avatar\/adf7b77e38b4419baf32c7e9c21dde01f4e40df611f0978e3006fc4ba0aaab7e?s=96&d=mm&r=g","url":"https:\/\/secure.gravatar.com\/avatar\/adf7b77e38b4419baf32c7e9c21dde01f4e40df611f0978e3006fc4ba0aaab7e?s=96&d=mm&r=g","contentUrl":"https:\/\/secure.gravatar.com\/avatar\/adf7b77e38b4419baf32c7e9c21dde01f4e40df611f0978e3006fc4ba0aaab7e?s=96&d=mm&r=g","caption":"Redacci\u00f3n Box Repsol"},"description":"Box Repsol lo forma un equipo de periodistas, community managers, dise\u00f1adores y fot\u00f3grafos con m\u00e1s de 20 a\u00f1os de experiencia en el mundo del motorsport. Hemos vivido el primer mundial de un espa\u00f1ol en la categor\u00eda reina de motociclismo con \u00c1lex Crivill\u00e9, estuvimos en las victorias de Pedrosa y los t\u00edtulos de M\u00e1rquez, acompa\u00f1amos en \u00c1frica a Nani Roma y Marc Coma en sus conquistas del Dakar y hemos vibrado con los t\u00edtulos de Toni Bou en Trial. Adem\u00e1s, en nuestro equipo contamos con expertos en el mundo de las dos y cuatro ruedas tanto de la calle y las carreteras, como de los circuitos. Periodistas que han trabajado en revistas y publicaciones para hacerte llegar desde rutas y consejos de mantenimiento, a curiosidades y trucos de pilotaje.","sameAs":["https:\/\/www.facebook.com\/BoxRepsol\/","https:\/\/www.instagram.com\/box_repsol\/","https:\/\/x.com\/https:\/\/twitter.com\/box_repsol","https:\/\/www.youtube.com\/@Boxrepsol"],"url":"https:\/\/www.boxrepsol.com\/es\/author\/redaccion-box-repsol\/"}]}},"_links":{"self":[{"href":"https:\/\/www.boxrepsol.com\/es\/wp-json\/wp\/v2\/posts\/89926","targetHints":{"allow":["GET"]}}],"collection":[{"href":"https:\/\/www.boxrepsol.com\/es\/wp-json\/wp\/v2\/posts"}],"about":[{"href":"https:\/\/www.boxrepsol.com\/es\/wp-json\/wp\/v2\/types\/post"}],"author":[{"embeddable":true,"href":"https:\/\/www.boxrepsol.com\/es\/wp-json\/wp\/v2\/users\/43146"}],"replies":[{"embeddable":true,"href":"https:\/\/www.boxrepsol.com\/es\/wp-json\/wp\/v2\/comments?post=89926"}],"version-history":[{"count":1,"href":"https:\/\/www.boxrepsol.com\/es\/wp-json\/wp\/v2\/posts\/89926\/revisions"}],"predecessor-version":[{"id":89927,"href":"https:\/\/www.boxrepsol.com\/es\/wp-json\/wp\/v2\/posts\/89926\/revisions\/89927"}],"wp:featuredmedia":[{"embeddable":true,"href":"https:\/\/www.boxrepsol.com\/es\/wp-json\/wp\/v2\/media\/86211"}],"wp:attachment":[{"href":"https:\/\/www.boxrepsol.com\/es\/wp-json\/wp\/v2\/media?parent=89926"}],"wp:term":[{"taxonomy":"category","embeddable":true,"href":"https:\/\/www.boxrepsol.com\/es\/wp-json\/wp\/v2\/categories?post=89926"},{"taxonomy":"post_tag","embeddable":true,"href":"https:\/\/www.boxrepsol.com\/es\/wp-json\/wp\/v2\/tags?post=89926"}],"curies":[{"name":"wp","href":"https:\/\/api.w.org\/{rel}","templated":true}]}}