{"id":89924,"date":"2016-04-22T00:00:00","date_gmt":"2016-04-22T02:00:00","guid":{"rendered":"http:\/\/pre.boxrepsol.com\/sin-categorizar\/marc-marquez-es-segundo-y-dani-pedrosa-octavo\/"},"modified":"2023-02-24T09:46:37","modified_gmt":"2023-02-24T11:46:37","slug":"marc-marquez-es-segundo-y-dani-pedrosa-octavo","status":"publish","type":"post","link":"https:\/\/www.boxrepsol.com\/es\/motogp\/marc-marquez-es-segundo-y-dani-pedrosa-octavo\/","title":{"rendered":"Marc M\u00e1rquez es segundo y Dani Pedrosa, octavo"},"content":{"rendered":"<blockquote><p>\u00b7@marcmarquez93: \u00abestoy contento del trabajo del equipo y de c\u00f3mo ha reaccionado\u00bb<\/p>\n<p><a href=\"http:\/\/twitter.com\/share?text=%C2%B7%40marcmarquez93%3A+%22estoy+contento+del+trabajo+del+equipo+y+de+c%C3%B3mo+ha+reaccionado%22+&amp;url=http%3A%2F%2F34.249.211.158%2Fes%2Fmotogp%2Fmarc-marquez-es-segundo-y-dani-pedrosa-octavo%2F&amp;hashtags=\" target=\"_blank\" rel=\"noopener\"><br \/>\ntwittear <\/a><\/p>\n<footer>Marc M\u00e1rquez<\/footer>\n<\/blockquote>\n<p>El l\u00edder del Campeonato del Mundo de MotoGP, Marc M\u00e1rquez, ha iniciado con buen pie el Gran Premio de Espa\u00f1a, tercera cita del Mundial que este fin de semana tiene lugar en el Circuito de Jerez. M\u00e1rquez ha sido quinto en la primera sesi\u00f3n tras completar 20 giros y otras 18 vueltas en la segunda tanda le han permitido terminar segundo con un registro de 1 minuto, 39 segundos y 900 mil\u00e9simas \u2013a 345 del primero, Jorge Lorenzo\u2013. Su compa\u00f1ero de equipo, Dani Pedrosa, ha sido cuarto en el FP1 con un cron\u00f3metro de 1 minuto, 40 segundos y 823 mil\u00e9simas tras 19 vueltas, un tiempo que no ha rebajado tras las 18 vueltas de la segunda tanda, en la que ha terminado noveno \u2013octavo de la clasificaci\u00f3n combinada\u2013.<\/p>\n<p>El comienzo de la actividad en el trazado del Circuito de Jerez coincide con el <strong>lanzamiento de la nueva aplicaci\u00f3n de Box Repsol<\/strong>, donde los seguidores del Equipo Repsol <strong>podr\u00e1n seguir en directo todo lo que sucede durante un Gran Premio:<\/strong> resultados de cada sesi\u00f3n al instante, narraci\u00f3n vuelta a vuelta de la carrera de MotoGP, y las mejores im\u00e1genes y v\u00eddeos de Marc M\u00e1rquez y Dani Pedrosa.<\/p>\n<p><img decoding=\"async\" src=\"https:\/\/bxrepsol.s3.eu-west-1.amazonaws.com\/static\/2022\/08\/29045106\/marc-marquez-dani-pedrosa-accion-jerez-2016.jpg\" alt=\"Dani Pedrosa y Marc M\u00e1rquez tomando una curva del circuito de Jerez\" \/><\/p>\n<h3><strong>Marc M\u00e1rquez<\/strong><\/h3>\n<p>\u00abEstoy contento de c\u00f3mo ha ido el primer d\u00eda en general. En la primera sesi\u00f3n libre hemos visto que la base de puesta a punto que ten\u00edamos de otros circuitos no acaba de funcionar del todo, pero hemos sabido reaccionar para el segundo entrenamiento de hoy. Hemos mejorado bastante, aunque tenemos que seguir trabajando, ya que no me acabo de sentir del todo c\u00f3modo. Lo importante es que no estamos muy lejos de Jorge [Lorenzo], que es quien est\u00e1 yendo m\u00e1s r\u00e1pido. Valentino [Rossi] tambi\u00e9n ha sido muy constante, pero estoy contento del trabajo el equipo y de c\u00f3mo ha reaccionado; a ver si ma\u00f1ana podemos dar otro paso adelante\u00bb.<\/p>\n<h3><strong>Dani Pedrosa<\/strong><\/h3>\n<p>\u00abHoy ha sido un d\u00eda muy parecido a otros de las carreras de esta temporada. No hemos podido mejorar mucho, como hicimos en Austin para la carrera, pero evidentemente todav\u00eda es el primer d\u00eda, as\u00ed que seguiremos trabajando todo lo posible para encontrar una soluci\u00f3n y mejorar nuestro ritmo. En este momento estamos sufriendo principalmente en la aceleraci\u00f3n; estas motos tienen tanta potencia que, cuando pierdes en esta \u00e1rea, se nota mucho. Hoy hemos estado rodando con neum\u00e1ticos usados casi todo el tiempo y ma\u00f1ana intentaremos dar un paso adelante\u00bb.<\/p>\n","protected":false},"excerpt":{"rendered":"<p>Positivos primeros entrenamientos de los pilotos del equipo Repsol Honda en el Gran Premio de Espa\u00f1a.<\/p>\n","protected":false},"author":1,"featured_media":85830,"comment_status":"open","ping_status":"open","sticky":false,"template":"","format":"standard","meta":{"footnotes":""},"categories":[4],"tags":[154],"class_list":["post-89924","post","type-post","status-publish","format-standard","hentry","category-motogp","tag-motogp-espana"],"yoast_head":"<!-- This site is optimized with the Yoast SEO plugin v27.3 - https:\/\/yoast.com\/product\/yoast-seo-wordpress\/ -->\n<title>Marc M\u00e1rquez es segundo y Dani Pedrosa, octavo - Box Repsol<\/title>\n<meta name=\"description\" content=\"Positivos primeros entrenamientos de los pilotos del equipo Repsol Honda en el Gran Premio de Espa\u00f1a.\" \/>\n<link rel=\"canonical\" href=\"https:\/\/www.boxrepsol.com\/es\/motogp\/marc-marquez-es-segundo-y-dani-pedrosa-octavo\/\" \/>\n<meta property=\"og:locale\" content=\"es_ES\" \/>\n<meta property=\"og:type\" content=\"article\" \/>\n<meta property=\"og:title\" content=\"Marc M\u00e1rquez es segundo y Dani Pedrosa, octavo - Box Repsol\" \/>\n<meta property=\"og:description\" content=\"Positivos primeros entrenamientos de los pilotos del equipo Repsol Honda en el Gran Premio de Espa\u00f1a.\" \/>\n<meta property=\"og:url\" content=\"https:\/\/www.boxrepsol.com\/es\/motogp\/marc-marquez-es-segundo-y-dani-pedrosa-octavo\/\" \/>\n<meta property=\"og:site_name\" content=\"Box Repsol\" \/>\n<meta property=\"article:publisher\" content=\"https:\/\/www.facebook.com\/BoxRepsol\" \/>\n<meta property=\"article:published_time\" content=\"2016-04-22T02:00:00+00:00\" \/>\n<meta property=\"article:modified_time\" content=\"2023-02-24T11:46:37+00:00\" \/>\n<meta property=\"og:image\" content=\"https:\/\/www.boxrepsol.com\/wp-content\/uploads\/2022\/08\/marc-marquez-accion-jerez-2016.jpg\" \/>\n\t<meta property=\"og:image:width\" content=\"984\" \/>\n\t<meta property=\"og:image:height\" content=\"412\" \/>\n\t<meta property=\"og:image:type\" content=\"image\/jpeg\" \/>\n<meta name=\"author\" content=\"bx_ayesa\" \/>\n<meta name=\"twitter:card\" content=\"summary_large_image\" \/>\n<meta name=\"twitter:creator\" content=\"@box_repsol\" \/>\n<meta name=\"twitter:site\" content=\"@box_repsol\" \/>\n<meta name=\"twitter:label1\" content=\"Written by\" \/>\n\t<meta name=\"twitter:data1\" content=\"bx_ayesa\" \/>\n\t<meta name=\"twitter:label2\" content=\"Est. reading time\" \/>\n\t<meta name=\"twitter:data2\" content=\"2 minutos\" \/>\n<script type=\"application\/ld+json\" class=\"yoast-schema-graph\">{\"@context\":\"https:\\\/\\\/schema.org\",\"@graph\":[{\"@type\":\"Article\",\"@id\":\"https:\\\/\\\/www.boxrepsol.com\\\/es\\\/motogp\\\/marc-marquez-es-segundo-y-dani-pedrosa-octavo\\\/#article\",\"isPartOf\":{\"@id\":\"https:\\\/\\\/www.boxrepsol.com\\\/es\\\/motogp\\\/marc-marquez-es-segundo-y-dani-pedrosa-octavo\\\/\"},\"author\":{\"name\":\"bx_ayesa\",\"@id\":\"https:\\\/\\\/www.boxrepsol.com\\\/es\\\/#\\\/schema\\\/person\\\/d9d0f442a4332c7d099d31ffda4747a0\"},\"headline\":\"Marc M\u00e1rquez es segundo y Dani Pedrosa, octavo\",\"datePublished\":\"2016-04-22T02:00:00+00:00\",\"dateModified\":\"2023-02-24T11:46:37+00:00\",\"mainEntityOfPage\":{\"@id\":\"https:\\\/\\\/www.boxrepsol.com\\\/es\\\/motogp\\\/marc-marquez-es-segundo-y-dani-pedrosa-octavo\\\/\"},\"wordCount\":451,\"commentCount\":0,\"publisher\":{\"@id\":\"https:\\\/\\\/www.boxrepsol.com\\\/es\\\/#organization\"},\"image\":{\"@id\":\"https:\\\/\\\/www.boxrepsol.com\\\/es\\\/motogp\\\/marc-marquez-es-segundo-y-dani-pedrosa-octavo\\\/#primaryimage\"},\"thumbnailUrl\":\"https:\\\/\\\/www.boxrepsol.com\\\/wp-content\\\/uploads\\\/2022\\\/08\\\/marc-marquez-accion-jerez-2016.jpg\",\"keywords\":[\"MotoGP Espa\u00f1a\"],\"articleSection\":[\"MotoGP\"],\"inLanguage\":\"es\",\"potentialAction\":[{\"@type\":\"CommentAction\",\"name\":\"Comment\",\"target\":[\"https:\\\/\\\/www.boxrepsol.com\\\/es\\\/motogp\\\/marc-marquez-es-segundo-y-dani-pedrosa-octavo\\\/#respond\"]}]},{\"@type\":\"WebPage\",\"@id\":\"https:\\\/\\\/www.boxrepsol.com\\\/es\\\/motogp\\\/marc-marquez-es-segundo-y-dani-pedrosa-octavo\\\/\",\"url\":\"https:\\\/\\\/www.boxrepsol.com\\\/es\\\/motogp\\\/marc-marquez-es-segundo-y-dani-pedrosa-octavo\\\/\",\"name\":\"Marc M\u00e1rquez es segundo y Dani Pedrosa, octavo - Box Repsol\",\"isPartOf\":{\"@id\":\"https:\\\/\\\/www.boxrepsol.com\\\/es\\\/#website\"},\"primaryImageOfPage\":{\"@id\":\"https:\\\/\\\/www.boxrepsol.com\\\/es\\\/motogp\\\/marc-marquez-es-segundo-y-dani-pedrosa-octavo\\\/#primaryimage\"},\"image\":{\"@id\":\"https:\\\/\\\/www.boxrepsol.com\\\/es\\\/motogp\\\/marc-marquez-es-segundo-y-dani-pedrosa-octavo\\\/#primaryimage\"},\"thumbnailUrl\":\"https:\\\/\\\/www.boxrepsol.com\\\/wp-content\\\/uploads\\\/2022\\\/08\\\/marc-marquez-accion-jerez-2016.jpg\",\"datePublished\":\"2016-04-22T02:00:00+00:00\",\"dateModified\":\"2023-02-24T11:46:37+00:00\",\"description\":\"Positivos primeros entrenamientos de los pilotos del equipo Repsol Honda en el Gran Premio de Espa\u00f1a.\",\"breadcrumb\":{\"@id\":\"https:\\\/\\\/www.boxrepsol.com\\\/es\\\/motogp\\\/marc-marquez-es-segundo-y-dani-pedrosa-octavo\\\/#breadcrumb\"},\"inLanguage\":\"es\",\"potentialAction\":[{\"@type\":\"ReadAction\",\"target\":[\"https:\\\/\\\/www.boxrepsol.com\\\/es\\\/motogp\\\/marc-marquez-es-segundo-y-dani-pedrosa-octavo\\\/\"]}]},{\"@type\":\"ImageObject\",\"inLanguage\":\"es\",\"@id\":\"https:\\\/\\\/www.boxrepsol.com\\\/es\\\/motogp\\\/marc-marquez-es-segundo-y-dani-pedrosa-octavo\\\/#primaryimage\",\"url\":\"https:\\\/\\\/www.boxrepsol.com\\\/wp-content\\\/uploads\\\/2022\\\/08\\\/marc-marquez-accion-jerez-2016.jpg\",\"contentUrl\":\"https:\\\/\\\/www.boxrepsol.com\\\/wp-content\\\/uploads\\\/2022\\\/08\\\/marc-marquez-accion-jerez-2016.jpg\",\"width\":984,\"height\":412,\"caption\":\"Marc M\u00e1rquez tomando una curva del circuito de Jerez\"},{\"@type\":\"BreadcrumbList\",\"@id\":\"https:\\\/\\\/www.boxrepsol.com\\\/es\\\/motogp\\\/marc-marquez-es-segundo-y-dani-pedrosa-octavo\\\/#breadcrumb\",\"itemListElement\":[{\"@type\":\"ListItem\",\"position\":1,\"name\":\"Home\",\"item\":\"https:\\\/\\\/www.boxrepsol.com\\\/es\\\/\"},{\"@type\":\"ListItem\",\"position\":2,\"name\":\"Marc M\u00e1rquez es segundo y Dani Pedrosa, octavo\"}]},{\"@type\":\"WebSite\",\"@id\":\"https:\\\/\\\/www.boxrepsol.com\\\/es\\\/#website\",\"url\":\"https:\\\/\\\/www.boxrepsol.com\\\/es\\\/\",\"name\":\"Box Repsol\",\"description\":\"Box Repsol Site\",\"publisher\":{\"@id\":\"https:\\\/\\\/www.boxrepsol.com\\\/es\\\/#organization\"},\"potentialAction\":[{\"@type\":\"SearchAction\",\"target\":{\"@type\":\"EntryPoint\",\"urlTemplate\":\"https:\\\/\\\/www.boxrepsol.com\\\/es\\\/?s={search_term_string}\"},\"query-input\":{\"@type\":\"PropertyValueSpecification\",\"valueRequired\":true,\"valueName\":\"search_term_string\"}}],\"inLanguage\":\"es\"},{\"@type\":\"Organization\",\"@id\":\"https:\\\/\\\/www.boxrepsol.com\\\/es\\\/#organization\",\"name\":\"Box Repsol\",\"url\":\"https:\\\/\\\/www.boxrepsol.com\\\/es\\\/\",\"logo\":{\"@type\":\"ImageObject\",\"inLanguage\":\"es\",\"@id\":\"https:\\\/\\\/www.boxrepsol.com\\\/es\\\/#\\\/schema\\\/logo\\\/image\\\/\",\"url\":\"https:\\\/\\\/bxrepsol.s3.eu-west-1.amazonaws.com\\\/static\\\/2025\\\/07\\\/30083337\\\/favicon-96x96-1.png\",\"contentUrl\":\"https:\\\/\\\/bxrepsol.s3.eu-west-1.amazonaws.com\\\/static\\\/2025\\\/07\\\/30083337\\\/favicon-96x96-1.png\",\"width\":96,\"height\":96,\"caption\":\"Box Repsol\"},\"image\":{\"@id\":\"https:\\\/\\\/www.boxrepsol.com\\\/es\\\/#\\\/schema\\\/logo\\\/image\\\/\"},\"sameAs\":[\"https:\\\/\\\/www.facebook.com\\\/BoxRepsol\",\"https:\\\/\\\/x.com\\\/box_repsol\",\"http:\\\/\\\/instagram.com\\\/box_repsol\",\"https:\\\/\\\/www.youtube.com\\\/user\\\/RepsolCompeticion\",\"https:\\\/\\\/www.flickr.com\\\/photos\\\/box_repsol\\\/\"]},{\"@type\":\"Person\",\"@id\":\"https:\\\/\\\/www.boxrepsol.com\\\/es\\\/#\\\/schema\\\/person\\\/d9d0f442a4332c7d099d31ffda4747a0\",\"name\":\"bx_ayesa\",\"image\":{\"@type\":\"ImageObject\",\"inLanguage\":\"es\",\"@id\":\"https:\\\/\\\/secure.gravatar.com\\\/avatar\\\/059e1b9d3585083708845ba70e8dd968f143ff35f5e0e10cf2d1e7afe2c6a878?s=96&d=mm&r=g\",\"url\":\"https:\\\/\\\/secure.gravatar.com\\\/avatar\\\/059e1b9d3585083708845ba70e8dd968f143ff35f5e0e10cf2d1e7afe2c6a878?s=96&d=mm&r=g\",\"contentUrl\":\"https:\\\/\\\/secure.gravatar.com\\\/avatar\\\/059e1b9d3585083708845ba70e8dd968f143ff35f5e0e10cf2d1e7afe2c6a878?s=96&d=mm&r=g\",\"caption\":\"bx_ayesa\"},\"sameAs\":[\"http:\\\/\\\/54.155.157.200\"],\"url\":\"https:\\\/\\\/www.boxrepsol.com\\\/es\\\/author\\\/bx_ayesa\\\/\"}]}<\/script>\n<!-- \/ Yoast SEO plugin. -->","yoast_head_json":{"title":"Marc M\u00e1rquez es segundo y Dani Pedrosa, octavo - Box Repsol","description":"Positivos primeros entrenamientos de los pilotos del equipo Repsol Honda en el Gran Premio de Espa\u00f1a.","canonical":"https:\/\/www.boxrepsol.com\/es\/motogp\/marc-marquez-es-segundo-y-dani-pedrosa-octavo\/","og_locale":"es_ES","og_type":"article","og_title":"Marc M\u00e1rquez es segundo y Dani Pedrosa, octavo - Box Repsol","og_description":"Positivos primeros entrenamientos de los pilotos del equipo Repsol Honda en el Gran Premio de Espa\u00f1a.","og_url":"https:\/\/www.boxrepsol.com\/es\/motogp\/marc-marquez-es-segundo-y-dani-pedrosa-octavo\/","og_site_name":"Box Repsol","article_publisher":"https:\/\/www.facebook.com\/BoxRepsol","article_published_time":"2016-04-22T02:00:00+00:00","article_modified_time":"2023-02-24T11:46:37+00:00","og_image":[{"width":984,"height":412,"url":"https:\/\/www.boxrepsol.com\/wp-content\/uploads\/2022\/08\/marc-marquez-accion-jerez-2016.jpg","type":"image\/jpeg"}],"author":"bx_ayesa","twitter_card":"summary_large_image","twitter_creator":"@box_repsol","twitter_site":"@box_repsol","twitter_misc":{"Written by":"bx_ayesa","Est. reading time":"2 minutos"},"schema":{"@context":"https:\/\/schema.org","@graph":[{"@type":"Article","@id":"https:\/\/www.boxrepsol.com\/es\/motogp\/marc-marquez-es-segundo-y-dani-pedrosa-octavo\/#article","isPartOf":{"@id":"https:\/\/www.boxrepsol.com\/es\/motogp\/marc-marquez-es-segundo-y-dani-pedrosa-octavo\/"},"author":{"name":"bx_ayesa","@id":"https:\/\/www.boxrepsol.com\/es\/#\/schema\/person\/d9d0f442a4332c7d099d31ffda4747a0"},"headline":"Marc M\u00e1rquez es segundo y Dani Pedrosa, octavo","datePublished":"2016-04-22T02:00:00+00:00","dateModified":"2023-02-24T11:46:37+00:00","mainEntityOfPage":{"@id":"https:\/\/www.boxrepsol.com\/es\/motogp\/marc-marquez-es-segundo-y-dani-pedrosa-octavo\/"},"wordCount":451,"commentCount":0,"publisher":{"@id":"https:\/\/www.boxrepsol.com\/es\/#organization"},"image":{"@id":"https:\/\/www.boxrepsol.com\/es\/motogp\/marc-marquez-es-segundo-y-dani-pedrosa-octavo\/#primaryimage"},"thumbnailUrl":"https:\/\/www.boxrepsol.com\/wp-content\/uploads\/2022\/08\/marc-marquez-accion-jerez-2016.jpg","keywords":["MotoGP Espa\u00f1a"],"articleSection":["MotoGP"],"inLanguage":"es","potentialAction":[{"@type":"CommentAction","name":"Comment","target":["https:\/\/www.boxrepsol.com\/es\/motogp\/marc-marquez-es-segundo-y-dani-pedrosa-octavo\/#respond"]}]},{"@type":"WebPage","@id":"https:\/\/www.boxrepsol.com\/es\/motogp\/marc-marquez-es-segundo-y-dani-pedrosa-octavo\/","url":"https:\/\/www.boxrepsol.com\/es\/motogp\/marc-marquez-es-segundo-y-dani-pedrosa-octavo\/","name":"Marc M\u00e1rquez es segundo y Dani Pedrosa, octavo - Box Repsol","isPartOf":{"@id":"https:\/\/www.boxrepsol.com\/es\/#website"},"primaryImageOfPage":{"@id":"https:\/\/www.boxrepsol.com\/es\/motogp\/marc-marquez-es-segundo-y-dani-pedrosa-octavo\/#primaryimage"},"image":{"@id":"https:\/\/www.boxrepsol.com\/es\/motogp\/marc-marquez-es-segundo-y-dani-pedrosa-octavo\/#primaryimage"},"thumbnailUrl":"https:\/\/www.boxrepsol.com\/wp-content\/uploads\/2022\/08\/marc-marquez-accion-jerez-2016.jpg","datePublished":"2016-04-22T02:00:00+00:00","dateModified":"2023-02-24T11:46:37+00:00","description":"Positivos primeros entrenamientos de los pilotos del equipo Repsol Honda en el Gran Premio de Espa\u00f1a.","breadcrumb":{"@id":"https:\/\/www.boxrepsol.com\/es\/motogp\/marc-marquez-es-segundo-y-dani-pedrosa-octavo\/#breadcrumb"},"inLanguage":"es","potentialAction":[{"@type":"ReadAction","target":["https:\/\/www.boxrepsol.com\/es\/motogp\/marc-marquez-es-segundo-y-dani-pedrosa-octavo\/"]}]},{"@type":"ImageObject","inLanguage":"es","@id":"https:\/\/www.boxrepsol.com\/es\/motogp\/marc-marquez-es-segundo-y-dani-pedrosa-octavo\/#primaryimage","url":"https:\/\/www.boxrepsol.com\/wp-content\/uploads\/2022\/08\/marc-marquez-accion-jerez-2016.jpg","contentUrl":"https:\/\/www.boxrepsol.com\/wp-content\/uploads\/2022\/08\/marc-marquez-accion-jerez-2016.jpg","width":984,"height":412,"caption":"Marc M\u00e1rquez tomando una curva del circuito de Jerez"},{"@type":"BreadcrumbList","@id":"https:\/\/www.boxrepsol.com\/es\/motogp\/marc-marquez-es-segundo-y-dani-pedrosa-octavo\/#breadcrumb","itemListElement":[{"@type":"ListItem","position":1,"name":"Home","item":"https:\/\/www.boxrepsol.com\/es\/"},{"@type":"ListItem","position":2,"name":"Marc M\u00e1rquez es segundo y Dani Pedrosa, octavo"}]},{"@type":"WebSite","@id":"https:\/\/www.boxrepsol.com\/es\/#website","url":"https:\/\/www.boxrepsol.com\/es\/","name":"Box Repsol","description":"Box Repsol Site","publisher":{"@id":"https:\/\/www.boxrepsol.com\/es\/#organization"},"potentialAction":[{"@type":"SearchAction","target":{"@type":"EntryPoint","urlTemplate":"https:\/\/www.boxrepsol.com\/es\/?s={search_term_string}"},"query-input":{"@type":"PropertyValueSpecification","valueRequired":true,"valueName":"search_term_string"}}],"inLanguage":"es"},{"@type":"Organization","@id":"https:\/\/www.boxrepsol.com\/es\/#organization","name":"Box Repsol","url":"https:\/\/www.boxrepsol.com\/es\/","logo":{"@type":"ImageObject","inLanguage":"es","@id":"https:\/\/www.boxrepsol.com\/es\/#\/schema\/logo\/image\/","url":"https:\/\/bxrepsol.s3.eu-west-1.amazonaws.com\/static\/2025\/07\/30083337\/favicon-96x96-1.png","contentUrl":"https:\/\/bxrepsol.s3.eu-west-1.amazonaws.com\/static\/2025\/07\/30083337\/favicon-96x96-1.png","width":96,"height":96,"caption":"Box Repsol"},"image":{"@id":"https:\/\/www.boxrepsol.com\/es\/#\/schema\/logo\/image\/"},"sameAs":["https:\/\/www.facebook.com\/BoxRepsol","https:\/\/x.com\/box_repsol","http:\/\/instagram.com\/box_repsol","https:\/\/www.youtube.com\/user\/RepsolCompeticion","https:\/\/www.flickr.com\/photos\/box_repsol\/"]},{"@type":"Person","@id":"https:\/\/www.boxrepsol.com\/es\/#\/schema\/person\/d9d0f442a4332c7d099d31ffda4747a0","name":"bx_ayesa","image":{"@type":"ImageObject","inLanguage":"es","@id":"https:\/\/secure.gravatar.com\/avatar\/059e1b9d3585083708845ba70e8dd968f143ff35f5e0e10cf2d1e7afe2c6a878?s=96&d=mm&r=g","url":"https:\/\/secure.gravatar.com\/avatar\/059e1b9d3585083708845ba70e8dd968f143ff35f5e0e10cf2d1e7afe2c6a878?s=96&d=mm&r=g","contentUrl":"https:\/\/secure.gravatar.com\/avatar\/059e1b9d3585083708845ba70e8dd968f143ff35f5e0e10cf2d1e7afe2c6a878?s=96&d=mm&r=g","caption":"bx_ayesa"},"sameAs":["http:\/\/54.155.157.200"],"url":"https:\/\/www.boxrepsol.com\/es\/author\/bx_ayesa\/"}]}},"_links":{"self":[{"href":"https:\/\/www.boxrepsol.com\/es\/wp-json\/wp\/v2\/posts\/89924","targetHints":{"allow":["GET"]}}],"collection":[{"href":"https:\/\/www.boxrepsol.com\/es\/wp-json\/wp\/v2\/posts"}],"about":[{"href":"https:\/\/www.boxrepsol.com\/es\/wp-json\/wp\/v2\/types\/post"}],"author":[{"embeddable":true,"href":"https:\/\/www.boxrepsol.com\/es\/wp-json\/wp\/v2\/users\/1"}],"replies":[{"embeddable":true,"href":"https:\/\/www.boxrepsol.com\/es\/wp-json\/wp\/v2\/comments?post=89924"}],"version-history":[{"count":1,"href":"https:\/\/www.boxrepsol.com\/es\/wp-json\/wp\/v2\/posts\/89924\/revisions"}],"predecessor-version":[{"id":89925,"href":"https:\/\/www.boxrepsol.com\/es\/wp-json\/wp\/v2\/posts\/89924\/revisions\/89925"}],"wp:featuredmedia":[{"embeddable":true,"href":"https:\/\/www.boxrepsol.com\/es\/wp-json\/wp\/v2\/media\/85830"}],"wp:attachment":[{"href":"https:\/\/www.boxrepsol.com\/es\/wp-json\/wp\/v2\/media?parent=89924"}],"wp:term":[{"taxonomy":"category","embeddable":true,"href":"https:\/\/www.boxrepsol.com\/es\/wp-json\/wp\/v2\/categories?post=89924"},{"taxonomy":"post_tag","embeddable":true,"href":"https:\/\/www.boxrepsol.com\/es\/wp-json\/wp\/v2\/tags?post=89924"}],"curies":[{"name":"wp","href":"https:\/\/api.w.org\/{rel}","templated":true}]}}