{"id":89922,"date":"2016-04-24T00:00:00","date_gmt":"2016-04-24T02:00:00","guid":{"rendered":"http:\/\/pre.boxrepsol.com\/sin-categorizar\/jorge-navarro-a-las-puertas-del-podio-en-casa\/"},"modified":"2024-05-07T06:11:33","modified_gmt":"2024-05-07T08:11:33","slug":"jorge-navarro-a-las-puertas-del-podio-en-casa","status":"publish","type":"post","link":"https:\/\/www.boxrepsol.com\/es\/motogp\/jorge-navarro-a-las-puertas-del-podio-en-casa\/","title":{"rendered":"Jorge Navarro, a las puertas del podio en casa"},"content":{"rendered":"<blockquote>\n<p>@jorge_navarro9 termina cuarto tras una emocionante \u00faltima vuelta #SpanishGP <\/p>\n<p>            <a href=\"http:\/\/twitter.com\/share?text=%40jorge_navarro9+termina+cuarto+tras+una+emocionante+%C3%BAltima+vuelta+%23SpanishGP+&#038;url=http%3A%2F%2F34.249.211.158%2Fes%2Fmoto3%2Fjorge-navarro-a-las-puertas-del-podio-en-casa%2F&#038;hashtags=\" target=\"_blank\" rel=\"noopener\"><br \/>\n            twittear        <\/a>\n        <\/p><\/blockquote>\n<p><strong>Jorge Navarro<\/strong> ha sido uno de los protagonistas del d\u00eda en el Circuito de Jerez, liderando la carrera de Moto3 desde los primeros giros, escap\u00e1ndose junto a Bulega y Bagnaia del resto del pelot\u00f3n. Parec\u00eda que la victoria iba a ser cosa de ellos tres, pero un fort\u00edsimo Binder \u2013que part\u00eda desde la \u00faltima posici\u00f3n de la parrilla de salida debido a una penalizaci\u00f3n\u2013 les ha alcanzado y superado a falta de pocos giros para el final. En una \u00faltima curva llena de emoci\u00f3n, Navarro ha perdido la posici\u00f3n buena en la frenada y ha terminado \u00faltimo del grupo \u2013cuarto de la carrera\u2013. Los <strong>13 puntos sumados hoy le permiten situarse segundo<\/strong> en la calificaci\u00f3n general, a 15 de Binder, l\u00edder de la misma.<\/p>\n<p>Su compa\u00f1ero <strong>Ar\u00f3n Canet<\/strong> estaba realizando una buena carrera en el segundo grupo, hasta que una ca\u00edda le ha apartado de la misma cuando rodaba octavo.<\/p>\n<p>\t\t\t\t<img decoding=\"async\" src=\"https:\/\/bxrepsol.s3.eu-west-1.amazonaws.com\/static\/2022\/08\/29045101\/09-moto3.jpg\" alt=\"09-moto3\" itemprop=\"image\"  \/><\/p>\n<h3><strong>Jorge Navarro<br \/>\n<\/strong><\/h3>\n<p><em>\u00abMe he puesto primero y he marcado el ritmo. He intentado romper el grupo, pero cuando Binder ha llegado me he dado cuenta de que se iba a decidir entre los cuatro. Cuando me ha adelantado [Binder] me he pegado a su rueda, pero despu\u00e9s de dos vueltas he tenido algunos problemas delante y no ten\u00eda toda la confianza que me hubiera gustado. Al final he tirado al m\u00e1ximo, pero en la curva de entrada a meta me han pasado en la \u00faltima frenada. L\u00e1stima, cuarto no es la posici\u00f3n que quer\u00eda ni la que nos merec\u00edamos, pero los puntos son importantes pensando en el Mundial\u00bb.<\/em><\/p>\n<h3><strong>Ar\u00f3n Canet<\/strong><\/h3>\n<p><em>\u00abEs una l\u00e1stima acabar el Gran Premio de casa de esta manera. Cuando iba rodando octavo en el segundo grupo de carrera \u2013a falta de 18 vueltas para el final\u2013 me he dispuesto a adelantar a un piloto y me he encontrado en la trazada a otro rival y he tenido que frenar m\u00e1s fuerte de lo normal para intentar no impactar contra \u00e9l; se me ha descontrolado la moto y no he podido evitar la ca\u00edda. He ido a la Cl\u00ednica Mobile y tengo una contusi\u00f3n en el hombro derecho, nada m\u00e1s, as\u00ed que estar\u00e9 bien para Le Mans. Ahora toca recuperarse y trabajar de cara al GP de Francia, en un circuito que ya conozco porque corr\u00ed el a\u00f1o pasado en el FIM CEV\u00bb.<\/em><\/p>\n","protected":false},"excerpt":{"rendered":"<p>El piloto Repsol termina cuarto tras una emocionante \u00faltima vuelta. Su compa\u00f1ero Ar\u00f3n Canet sufre una ca\u00edda cuando rodaba octavo.<\/p>\n","protected":false},"author":43146,"featured_media":85826,"comment_status":"open","ping_status":"open","sticky":false,"template":"","format":"standard","meta":{"footnotes":""},"categories":[4],"tags":[32],"class_list":["post-89922","post","type-post","status-publish","format-standard","hentry","category-motogp","tag-jorge-navarro"],"yoast_head":"<!-- This site is optimized with the Yoast SEO plugin v27.3 - https:\/\/yoast.com\/product\/yoast-seo-wordpress\/ -->\n<title>Jorge Navarro, a las puertas del podio en casa - Box Repsol<\/title>\n<meta name=\"description\" content=\"El piloto Repsol termina cuarto tras una emocionante \u00faltima vuelta. Su compa\u00f1ero Ar\u00f3n Canet sufre una ca\u00edda cuando rodaba octavo.\" \/>\n<link rel=\"canonical\" href=\"https:\/\/www.boxrepsol.com\/es\/motogp\/jorge-navarro-a-las-puertas-del-podio-en-casa\/\" \/>\n<meta property=\"og:locale\" content=\"es_ES\" \/>\n<meta property=\"og:type\" content=\"article\" \/>\n<meta property=\"og:title\" content=\"Jorge Navarro, a las puertas del podio en casa - Box Repsol\" \/>\n<meta property=\"og:description\" content=\"El piloto Repsol termina cuarto tras una emocionante \u00faltima vuelta. Su compa\u00f1ero Ar\u00f3n Canet sufre una ca\u00edda cuando rodaba octavo.\" \/>\n<meta property=\"og:url\" content=\"https:\/\/www.boxrepsol.com\/es\/motogp\/jorge-navarro-a-las-puertas-del-podio-en-casa\/\" \/>\n<meta property=\"og:site_name\" content=\"Box Repsol\" \/>\n<meta property=\"article:publisher\" content=\"https:\/\/www.facebook.com\/BoxRepsol\" \/>\n<meta property=\"article:author\" content=\"https:\/\/www.facebook.com\/BoxRepsol\/\" \/>\n<meta property=\"article:published_time\" content=\"2016-04-24T02:00:00+00:00\" \/>\n<meta property=\"article:modified_time\" content=\"2024-05-07T08:11:33+00:00\" \/>\n<meta property=\"og:image\" content=\"https:\/\/www.boxrepsol.com\/wp-content\/uploads\/2022\/08\/jorge-navarro-moto3-jerez-2016.jpg\" \/>\n\t<meta property=\"og:image:width\" content=\"984\" \/>\n\t<meta property=\"og:image:height\" content=\"512\" \/>\n\t<meta property=\"og:image:type\" content=\"image\/jpeg\" \/>\n<meta name=\"author\" content=\"Redacci\u00f3n Box Repsol\" \/>\n<meta name=\"twitter:card\" content=\"summary_large_image\" \/>\n<meta name=\"twitter:creator\" content=\"@https:\/\/twitter.com\/box_repsol\" \/>\n<meta name=\"twitter:site\" content=\"@box_repsol\" \/>\n<meta name=\"twitter:label1\" content=\"Written by\" \/>\n\t<meta name=\"twitter:data1\" content=\"Redacci\u00f3n Box Repsol\" \/>\n\t<meta name=\"twitter:label2\" content=\"Est. reading time\" \/>\n\t<meta name=\"twitter:data2\" content=\"2 minutos\" \/>\n<script type=\"application\/ld+json\" class=\"yoast-schema-graph\">{\"@context\":\"https:\\\/\\\/schema.org\",\"@graph\":[{\"@type\":\"Article\",\"@id\":\"https:\\\/\\\/www.boxrepsol.com\\\/es\\\/motogp\\\/jorge-navarro-a-las-puertas-del-podio-en-casa\\\/#article\",\"isPartOf\":{\"@id\":\"https:\\\/\\\/www.boxrepsol.com\\\/es\\\/motogp\\\/jorge-navarro-a-las-puertas-del-podio-en-casa\\\/\"},\"author\":{\"name\":\"Redacci\u00f3n Box Repsol\",\"@id\":\"https:\\\/\\\/www.boxrepsol.com\\\/es\\\/#\\\/schema\\\/person\\\/c5c2138f2cca251b0ad92b7086bb60b7\"},\"headline\":\"Jorge Navarro, a las puertas del podio en casa\",\"datePublished\":\"2016-04-24T02:00:00+00:00\",\"dateModified\":\"2024-05-07T08:11:33+00:00\",\"mainEntityOfPage\":{\"@id\":\"https:\\\/\\\/www.boxrepsol.com\\\/es\\\/motogp\\\/jorge-navarro-a-las-puertas-del-podio-en-casa\\\/\"},\"wordCount\":433,\"commentCount\":0,\"publisher\":{\"@id\":\"https:\\\/\\\/www.boxrepsol.com\\\/es\\\/#organization\"},\"image\":{\"@id\":\"https:\\\/\\\/www.boxrepsol.com\\\/es\\\/motogp\\\/jorge-navarro-a-las-puertas-del-podio-en-casa\\\/#primaryimage\"},\"thumbnailUrl\":\"https:\\\/\\\/www.boxrepsol.com\\\/wp-content\\\/uploads\\\/2022\\\/08\\\/jorge-navarro-moto3-jerez-2016.jpg\",\"keywords\":[\"Jorge Navarro\"],\"articleSection\":[\"MotoGP\"],\"inLanguage\":\"es\",\"potentialAction\":[{\"@type\":\"CommentAction\",\"name\":\"Comment\",\"target\":[\"https:\\\/\\\/www.boxrepsol.com\\\/es\\\/motogp\\\/jorge-navarro-a-las-puertas-del-podio-en-casa\\\/#respond\"]}]},{\"@type\":\"WebPage\",\"@id\":\"https:\\\/\\\/www.boxrepsol.com\\\/es\\\/motogp\\\/jorge-navarro-a-las-puertas-del-podio-en-casa\\\/\",\"url\":\"https:\\\/\\\/www.boxrepsol.com\\\/es\\\/motogp\\\/jorge-navarro-a-las-puertas-del-podio-en-casa\\\/\",\"name\":\"Jorge Navarro, a las puertas del podio en casa - Box Repsol\",\"isPartOf\":{\"@id\":\"https:\\\/\\\/www.boxrepsol.com\\\/es\\\/#website\"},\"primaryImageOfPage\":{\"@id\":\"https:\\\/\\\/www.boxrepsol.com\\\/es\\\/motogp\\\/jorge-navarro-a-las-puertas-del-podio-en-casa\\\/#primaryimage\"},\"image\":{\"@id\":\"https:\\\/\\\/www.boxrepsol.com\\\/es\\\/motogp\\\/jorge-navarro-a-las-puertas-del-podio-en-casa\\\/#primaryimage\"},\"thumbnailUrl\":\"https:\\\/\\\/www.boxrepsol.com\\\/wp-content\\\/uploads\\\/2022\\\/08\\\/jorge-navarro-moto3-jerez-2016.jpg\",\"datePublished\":\"2016-04-24T02:00:00+00:00\",\"dateModified\":\"2024-05-07T08:11:33+00:00\",\"description\":\"El piloto Repsol termina cuarto tras una emocionante \u00faltima vuelta. Su compa\u00f1ero Ar\u00f3n Canet sufre una ca\u00edda cuando rodaba octavo.\",\"breadcrumb\":{\"@id\":\"https:\\\/\\\/www.boxrepsol.com\\\/es\\\/motogp\\\/jorge-navarro-a-las-puertas-del-podio-en-casa\\\/#breadcrumb\"},\"inLanguage\":\"es\",\"potentialAction\":[{\"@type\":\"ReadAction\",\"target\":[\"https:\\\/\\\/www.boxrepsol.com\\\/es\\\/motogp\\\/jorge-navarro-a-las-puertas-del-podio-en-casa\\\/\"]}]},{\"@type\":\"ImageObject\",\"inLanguage\":\"es\",\"@id\":\"https:\\\/\\\/www.boxrepsol.com\\\/es\\\/motogp\\\/jorge-navarro-a-las-puertas-del-podio-en-casa\\\/#primaryimage\",\"url\":\"https:\\\/\\\/www.boxrepsol.com\\\/wp-content\\\/uploads\\\/2022\\\/08\\\/jorge-navarro-moto3-jerez-2016.jpg\",\"contentUrl\":\"https:\\\/\\\/www.boxrepsol.com\\\/wp-content\\\/uploads\\\/2022\\\/08\\\/jorge-navarro-moto3-jerez-2016.jpg\",\"width\":984,\"height\":512,\"caption\":\"Jorge Navarro tomando una curva con otros pilotos\"},{\"@type\":\"BreadcrumbList\",\"@id\":\"https:\\\/\\\/www.boxrepsol.com\\\/es\\\/motogp\\\/jorge-navarro-a-las-puertas-del-podio-en-casa\\\/#breadcrumb\",\"itemListElement\":[{\"@type\":\"ListItem\",\"position\":1,\"name\":\"Home\",\"item\":\"https:\\\/\\\/www.boxrepsol.com\\\/es\\\/\"},{\"@type\":\"ListItem\",\"position\":2,\"name\":\"Jorge Navarro, a las puertas del podio en casa\"}]},{\"@type\":\"WebSite\",\"@id\":\"https:\\\/\\\/www.boxrepsol.com\\\/es\\\/#website\",\"url\":\"https:\\\/\\\/www.boxrepsol.com\\\/es\\\/\",\"name\":\"Box Repsol\",\"description\":\"Box Repsol Site\",\"publisher\":{\"@id\":\"https:\\\/\\\/www.boxrepsol.com\\\/es\\\/#organization\"},\"potentialAction\":[{\"@type\":\"SearchAction\",\"target\":{\"@type\":\"EntryPoint\",\"urlTemplate\":\"https:\\\/\\\/www.boxrepsol.com\\\/es\\\/?s={search_term_string}\"},\"query-input\":{\"@type\":\"PropertyValueSpecification\",\"valueRequired\":true,\"valueName\":\"search_term_string\"}}],\"inLanguage\":\"es\"},{\"@type\":\"Organization\",\"@id\":\"https:\\\/\\\/www.boxrepsol.com\\\/es\\\/#organization\",\"name\":\"Box Repsol\",\"url\":\"https:\\\/\\\/www.boxrepsol.com\\\/es\\\/\",\"logo\":{\"@type\":\"ImageObject\",\"inLanguage\":\"es\",\"@id\":\"https:\\\/\\\/www.boxrepsol.com\\\/es\\\/#\\\/schema\\\/logo\\\/image\\\/\",\"url\":\"https:\\\/\\\/bxrepsol.s3.eu-west-1.amazonaws.com\\\/static\\\/2025\\\/07\\\/30083337\\\/favicon-96x96-1.png\",\"contentUrl\":\"https:\\\/\\\/bxrepsol.s3.eu-west-1.amazonaws.com\\\/static\\\/2025\\\/07\\\/30083337\\\/favicon-96x96-1.png\",\"width\":96,\"height\":96,\"caption\":\"Box Repsol\"},\"image\":{\"@id\":\"https:\\\/\\\/www.boxrepsol.com\\\/es\\\/#\\\/schema\\\/logo\\\/image\\\/\"},\"sameAs\":[\"https:\\\/\\\/www.facebook.com\\\/BoxRepsol\",\"https:\\\/\\\/x.com\\\/box_repsol\",\"http:\\\/\\\/instagram.com\\\/box_repsol\",\"https:\\\/\\\/www.youtube.com\\\/user\\\/RepsolCompeticion\",\"https:\\\/\\\/www.flickr.com\\\/photos\\\/box_repsol\\\/\"]},{\"@type\":\"Person\",\"@id\":\"https:\\\/\\\/www.boxrepsol.com\\\/es\\\/#\\\/schema\\\/person\\\/c5c2138f2cca251b0ad92b7086bb60b7\",\"name\":\"Redacci\u00f3n Box Repsol\",\"image\":{\"@type\":\"ImageObject\",\"inLanguage\":\"es\",\"@id\":\"https:\\\/\\\/secure.gravatar.com\\\/avatar\\\/adf7b77e38b4419baf32c7e9c21dde01f4e40df611f0978e3006fc4ba0aaab7e?s=96&d=mm&r=g\",\"url\":\"https:\\\/\\\/secure.gravatar.com\\\/avatar\\\/adf7b77e38b4419baf32c7e9c21dde01f4e40df611f0978e3006fc4ba0aaab7e?s=96&d=mm&r=g\",\"contentUrl\":\"https:\\\/\\\/secure.gravatar.com\\\/avatar\\\/adf7b77e38b4419baf32c7e9c21dde01f4e40df611f0978e3006fc4ba0aaab7e?s=96&d=mm&r=g\",\"caption\":\"Redacci\u00f3n Box Repsol\"},\"description\":\"Box Repsol lo forma un equipo de periodistas, community managers, dise\u00f1adores y fot\u00f3grafos con m\u00e1s de 20 a\u00f1os de experiencia en el mundo del motorsport. Hemos vivido el primer mundial de un espa\u00f1ol en la categor\u00eda reina de motociclismo con \u00c1lex Crivill\u00e9, estuvimos en las victorias de Pedrosa y los t\u00edtulos de M\u00e1rquez, acompa\u00f1amos en \u00c1frica a Nani Roma y Marc Coma en sus conquistas del Dakar y hemos vibrado con los t\u00edtulos de Toni Bou en Trial. Adem\u00e1s, en nuestro equipo contamos con expertos en el mundo de las dos y cuatro ruedas tanto de la calle y las carreteras, como de los circuitos. Periodistas que han trabajado en revistas y publicaciones para hacerte llegar desde rutas y consejos de mantenimiento, a curiosidades y trucos de pilotaje.\",\"sameAs\":[\"https:\\\/\\\/www.facebook.com\\\/BoxRepsol\\\/\",\"https:\\\/\\\/www.instagram.com\\\/box_repsol\\\/\",\"https:\\\/\\\/x.com\\\/https:\\\/\\\/twitter.com\\\/box_repsol\",\"https:\\\/\\\/www.youtube.com\\\/@Boxrepsol\"],\"url\":\"https:\\\/\\\/www.boxrepsol.com\\\/es\\\/author\\\/redaccion-box-repsol\\\/\"}]}<\/script>\n<!-- \/ Yoast SEO plugin. -->","yoast_head_json":{"title":"Jorge Navarro, a las puertas del podio en casa - Box Repsol","description":"El piloto Repsol termina cuarto tras una emocionante \u00faltima vuelta. Su compa\u00f1ero Ar\u00f3n Canet sufre una ca\u00edda cuando rodaba octavo.","canonical":"https:\/\/www.boxrepsol.com\/es\/motogp\/jorge-navarro-a-las-puertas-del-podio-en-casa\/","og_locale":"es_ES","og_type":"article","og_title":"Jorge Navarro, a las puertas del podio en casa - Box Repsol","og_description":"El piloto Repsol termina cuarto tras una emocionante \u00faltima vuelta. Su compa\u00f1ero Ar\u00f3n Canet sufre una ca\u00edda cuando rodaba octavo.","og_url":"https:\/\/www.boxrepsol.com\/es\/motogp\/jorge-navarro-a-las-puertas-del-podio-en-casa\/","og_site_name":"Box Repsol","article_publisher":"https:\/\/www.facebook.com\/BoxRepsol","article_author":"https:\/\/www.facebook.com\/BoxRepsol\/","article_published_time":"2016-04-24T02:00:00+00:00","article_modified_time":"2024-05-07T08:11:33+00:00","og_image":[{"width":984,"height":512,"url":"https:\/\/www.boxrepsol.com\/wp-content\/uploads\/2022\/08\/jorge-navarro-moto3-jerez-2016.jpg","type":"image\/jpeg"}],"author":"Redacci\u00f3n Box Repsol","twitter_card":"summary_large_image","twitter_creator":"@https:\/\/twitter.com\/box_repsol","twitter_site":"@box_repsol","twitter_misc":{"Written by":"Redacci\u00f3n Box Repsol","Est. reading time":"2 minutos"},"schema":{"@context":"https:\/\/schema.org","@graph":[{"@type":"Article","@id":"https:\/\/www.boxrepsol.com\/es\/motogp\/jorge-navarro-a-las-puertas-del-podio-en-casa\/#article","isPartOf":{"@id":"https:\/\/www.boxrepsol.com\/es\/motogp\/jorge-navarro-a-las-puertas-del-podio-en-casa\/"},"author":{"name":"Redacci\u00f3n Box Repsol","@id":"https:\/\/www.boxrepsol.com\/es\/#\/schema\/person\/c5c2138f2cca251b0ad92b7086bb60b7"},"headline":"Jorge Navarro, a las puertas del podio en casa","datePublished":"2016-04-24T02:00:00+00:00","dateModified":"2024-05-07T08:11:33+00:00","mainEntityOfPage":{"@id":"https:\/\/www.boxrepsol.com\/es\/motogp\/jorge-navarro-a-las-puertas-del-podio-en-casa\/"},"wordCount":433,"commentCount":0,"publisher":{"@id":"https:\/\/www.boxrepsol.com\/es\/#organization"},"image":{"@id":"https:\/\/www.boxrepsol.com\/es\/motogp\/jorge-navarro-a-las-puertas-del-podio-en-casa\/#primaryimage"},"thumbnailUrl":"https:\/\/www.boxrepsol.com\/wp-content\/uploads\/2022\/08\/jorge-navarro-moto3-jerez-2016.jpg","keywords":["Jorge Navarro"],"articleSection":["MotoGP"],"inLanguage":"es","potentialAction":[{"@type":"CommentAction","name":"Comment","target":["https:\/\/www.boxrepsol.com\/es\/motogp\/jorge-navarro-a-las-puertas-del-podio-en-casa\/#respond"]}]},{"@type":"WebPage","@id":"https:\/\/www.boxrepsol.com\/es\/motogp\/jorge-navarro-a-las-puertas-del-podio-en-casa\/","url":"https:\/\/www.boxrepsol.com\/es\/motogp\/jorge-navarro-a-las-puertas-del-podio-en-casa\/","name":"Jorge Navarro, a las puertas del podio en casa - Box Repsol","isPartOf":{"@id":"https:\/\/www.boxrepsol.com\/es\/#website"},"primaryImageOfPage":{"@id":"https:\/\/www.boxrepsol.com\/es\/motogp\/jorge-navarro-a-las-puertas-del-podio-en-casa\/#primaryimage"},"image":{"@id":"https:\/\/www.boxrepsol.com\/es\/motogp\/jorge-navarro-a-las-puertas-del-podio-en-casa\/#primaryimage"},"thumbnailUrl":"https:\/\/www.boxrepsol.com\/wp-content\/uploads\/2022\/08\/jorge-navarro-moto3-jerez-2016.jpg","datePublished":"2016-04-24T02:00:00+00:00","dateModified":"2024-05-07T08:11:33+00:00","description":"El piloto Repsol termina cuarto tras una emocionante \u00faltima vuelta. Su compa\u00f1ero Ar\u00f3n Canet sufre una ca\u00edda cuando rodaba octavo.","breadcrumb":{"@id":"https:\/\/www.boxrepsol.com\/es\/motogp\/jorge-navarro-a-las-puertas-del-podio-en-casa\/#breadcrumb"},"inLanguage":"es","potentialAction":[{"@type":"ReadAction","target":["https:\/\/www.boxrepsol.com\/es\/motogp\/jorge-navarro-a-las-puertas-del-podio-en-casa\/"]}]},{"@type":"ImageObject","inLanguage":"es","@id":"https:\/\/www.boxrepsol.com\/es\/motogp\/jorge-navarro-a-las-puertas-del-podio-en-casa\/#primaryimage","url":"https:\/\/www.boxrepsol.com\/wp-content\/uploads\/2022\/08\/jorge-navarro-moto3-jerez-2016.jpg","contentUrl":"https:\/\/www.boxrepsol.com\/wp-content\/uploads\/2022\/08\/jorge-navarro-moto3-jerez-2016.jpg","width":984,"height":512,"caption":"Jorge Navarro tomando una curva con otros pilotos"},{"@type":"BreadcrumbList","@id":"https:\/\/www.boxrepsol.com\/es\/motogp\/jorge-navarro-a-las-puertas-del-podio-en-casa\/#breadcrumb","itemListElement":[{"@type":"ListItem","position":1,"name":"Home","item":"https:\/\/www.boxrepsol.com\/es\/"},{"@type":"ListItem","position":2,"name":"Jorge Navarro, a las puertas del podio en casa"}]},{"@type":"WebSite","@id":"https:\/\/www.boxrepsol.com\/es\/#website","url":"https:\/\/www.boxrepsol.com\/es\/","name":"Box Repsol","description":"Box Repsol Site","publisher":{"@id":"https:\/\/www.boxrepsol.com\/es\/#organization"},"potentialAction":[{"@type":"SearchAction","target":{"@type":"EntryPoint","urlTemplate":"https:\/\/www.boxrepsol.com\/es\/?s={search_term_string}"},"query-input":{"@type":"PropertyValueSpecification","valueRequired":true,"valueName":"search_term_string"}}],"inLanguage":"es"},{"@type":"Organization","@id":"https:\/\/www.boxrepsol.com\/es\/#organization","name":"Box Repsol","url":"https:\/\/www.boxrepsol.com\/es\/","logo":{"@type":"ImageObject","inLanguage":"es","@id":"https:\/\/www.boxrepsol.com\/es\/#\/schema\/logo\/image\/","url":"https:\/\/bxrepsol.s3.eu-west-1.amazonaws.com\/static\/2025\/07\/30083337\/favicon-96x96-1.png","contentUrl":"https:\/\/bxrepsol.s3.eu-west-1.amazonaws.com\/static\/2025\/07\/30083337\/favicon-96x96-1.png","width":96,"height":96,"caption":"Box Repsol"},"image":{"@id":"https:\/\/www.boxrepsol.com\/es\/#\/schema\/logo\/image\/"},"sameAs":["https:\/\/www.facebook.com\/BoxRepsol","https:\/\/x.com\/box_repsol","http:\/\/instagram.com\/box_repsol","https:\/\/www.youtube.com\/user\/RepsolCompeticion","https:\/\/www.flickr.com\/photos\/box_repsol\/"]},{"@type":"Person","@id":"https:\/\/www.boxrepsol.com\/es\/#\/schema\/person\/c5c2138f2cca251b0ad92b7086bb60b7","name":"Redacci\u00f3n Box Repsol","image":{"@type":"ImageObject","inLanguage":"es","@id":"https:\/\/secure.gravatar.com\/avatar\/adf7b77e38b4419baf32c7e9c21dde01f4e40df611f0978e3006fc4ba0aaab7e?s=96&d=mm&r=g","url":"https:\/\/secure.gravatar.com\/avatar\/adf7b77e38b4419baf32c7e9c21dde01f4e40df611f0978e3006fc4ba0aaab7e?s=96&d=mm&r=g","contentUrl":"https:\/\/secure.gravatar.com\/avatar\/adf7b77e38b4419baf32c7e9c21dde01f4e40df611f0978e3006fc4ba0aaab7e?s=96&d=mm&r=g","caption":"Redacci\u00f3n Box Repsol"},"description":"Box Repsol lo forma un equipo de periodistas, community managers, dise\u00f1adores y fot\u00f3grafos con m\u00e1s de 20 a\u00f1os de experiencia en el mundo del motorsport. Hemos vivido el primer mundial de un espa\u00f1ol en la categor\u00eda reina de motociclismo con \u00c1lex Crivill\u00e9, estuvimos en las victorias de Pedrosa y los t\u00edtulos de M\u00e1rquez, acompa\u00f1amos en \u00c1frica a Nani Roma y Marc Coma en sus conquistas del Dakar y hemos vibrado con los t\u00edtulos de Toni Bou en Trial. Adem\u00e1s, en nuestro equipo contamos con expertos en el mundo de las dos y cuatro ruedas tanto de la calle y las carreteras, como de los circuitos. Periodistas que han trabajado en revistas y publicaciones para hacerte llegar desde rutas y consejos de mantenimiento, a curiosidades y trucos de pilotaje.","sameAs":["https:\/\/www.facebook.com\/BoxRepsol\/","https:\/\/www.instagram.com\/box_repsol\/","https:\/\/x.com\/https:\/\/twitter.com\/box_repsol","https:\/\/www.youtube.com\/@Boxrepsol"],"url":"https:\/\/www.boxrepsol.com\/es\/author\/redaccion-box-repsol\/"}]}},"_links":{"self":[{"href":"https:\/\/www.boxrepsol.com\/es\/wp-json\/wp\/v2\/posts\/89922","targetHints":{"allow":["GET"]}}],"collection":[{"href":"https:\/\/www.boxrepsol.com\/es\/wp-json\/wp\/v2\/posts"}],"about":[{"href":"https:\/\/www.boxrepsol.com\/es\/wp-json\/wp\/v2\/types\/post"}],"author":[{"embeddable":true,"href":"https:\/\/www.boxrepsol.com\/es\/wp-json\/wp\/v2\/users\/43146"}],"replies":[{"embeddable":true,"href":"https:\/\/www.boxrepsol.com\/es\/wp-json\/wp\/v2\/comments?post=89922"}],"version-history":[{"count":1,"href":"https:\/\/www.boxrepsol.com\/es\/wp-json\/wp\/v2\/posts\/89922\/revisions"}],"predecessor-version":[{"id":89923,"href":"https:\/\/www.boxrepsol.com\/es\/wp-json\/wp\/v2\/posts\/89922\/revisions\/89923"}],"wp:featuredmedia":[{"embeddable":true,"href":"https:\/\/www.boxrepsol.com\/es\/wp-json\/wp\/v2\/media\/85826"}],"wp:attachment":[{"href":"https:\/\/www.boxrepsol.com\/es\/wp-json\/wp\/v2\/media?parent=89922"}],"wp:term":[{"taxonomy":"category","embeddable":true,"href":"https:\/\/www.boxrepsol.com\/es\/wp-json\/wp\/v2\/categories?post=89922"},{"taxonomy":"post_tag","embeddable":true,"href":"https:\/\/www.boxrepsol.com\/es\/wp-json\/wp\/v2\/tags?post=89922"}],"curies":[{"name":"wp","href":"https:\/\/api.w.org\/{rel}","templated":true}]}}