{"id":89915,"date":"2016-05-08T00:00:00","date_gmt":"2016-05-08T02:00:00","guid":{"rendered":"http:\/\/pre.boxrepsol.com\/sin-categorizar\/navarro-se-abona-al-podio-y-gran-carrera-de-canet-en-le-mans\/"},"modified":"2024-05-07T06:42:59","modified_gmt":"2024-05-07T08:42:59","slug":"navarro-se-abona-al-podio-y-gran-carrera-de-canet-en-le-mans","status":"publish","type":"post","link":"https:\/\/www.boxrepsol.com\/es\/motogp\/navarro-se-abona-al-podio-y-gran-carrera-de-canet-en-le-mans\/","title":{"rendered":"Navarro se abona al podio y gran carrera de Canet en Le Mans"},"content":{"rendered":"<blockquote>\n<p>\u00b7@jorge_navarro9 se afianza en la segunda posici\u00f3n del campeonato #FrenchGP <\/p>\n<p>            <a href=\"http:\/\/twitter.com\/share?text=%C2%B7%40jorge_navarro9+se+afianza+en+la+segunda+posici%C3%B3n+del+campeonato+%23FrenchGP+&#038;url=http%3A%2F%2F34.249.211.158%2Fes%2Fmoto3%2Fnavarro-se-abona-al-podio-y-gran-carrera-de-canet-en-le-mans%2F&#038;hashtags=\" target=\"_blank\" rel=\"noopener\"><br \/>\n            twittear        <\/a>\n        <\/p><\/blockquote>\n<p>Carrera en grupo como las que se suelen vivir en Le Mans, con la meteorolog\u00eda respetando la ma\u00f1ana. Un grupo de cuatro pilotos se ha escapado del resto del pelot\u00f3n desde el inicio, con <strong>Navarro<\/strong> y <strong>Canet<\/strong> bien situados junto al l\u00edder del Mundial \u2013Binder\u2013 y a Fenati. Las vueltas han ido pasando hasta un emocionante \u00faltimo giro, en el que tanto <strong>Jorge Navarro<\/strong> como el debutante <strong>Ar\u00f3n Canet<\/strong> lo han intentado. Finalmente Binder se ha adjudicado una nueva victoria, con Fenati segundo y <strong>Navarro<\/strong> cerrando el podio. En la \u00faltima curva de entrada a meta, con la bandera a cuadros a la vista, <strong>Canet<\/strong> ha intentado superar a su compa\u00f1ero de equipo sin \u00e9xito, entrando en meta en una meritoria cuarta posici\u00f3n, su mejor resultado en el Mundial.<\/p>\n<p>Buen resultado para los dos pilotos Repsol de Moto3. La pr\u00f3xima cita ser\u00e1 el Gran Premio de Italia, dentro de dos semanas en el espectacular circuito de Mugello.<\/p>\n<p>\t\t\t\t<img decoding=\"async\" src=\"https:\/\/bxrepsol.s3.eu-west-1.amazonaws.com\/static\/2022\/08\/29045034\/02-jorge-navarro-estrella-galicia-monlau-repsol-moto3.jpg\" alt=\"02-jorge-navarro-estrella-galicia-monlau-repsol-moto3\" itemprop=\"image\"  \/><\/p>\n<h3><strong>Jorge Navarro<br \/>\n<\/strong><\/h3>\n<p><em>\u00abHa sido un Gran Premio positivo, porque despu\u00e9s de una ca\u00edda en el test el Circuit de Barcelona Catalunya, f\u00edsicamente no estaba al cien por cien y este circuito el a\u00f1o pasado nos cost\u00f3. Hemos hecho un gran trabajo desde el primer libre. He salido bien, me he mantenido en el grupo y, cuando he visto que estaba todo estabilizado he decidido ahorrar energ\u00edas, porque me sent\u00eda un poco cansado del hombro, sobre todo al frenar. He decidido esperar a las \u00faltimas cinco vueltas para empezar el ataque y posicionarme bien. Acelerando nos costaba un poco respecto a las KTM; intentaba salir lo m\u00e1s pegado posible y aun as\u00ed no llegaba a la curva con posici\u00f3n de adelantar y eso es lo que nos ha lastrado el final de carrera. Este resultado no es el mejor para el Mundial porque los dos pilotos con los que estamos luchando han quedado por delante m\u00edo, pero visto desde fuera, 16 puntos en esta carrera est\u00e1n muy bien y ya vendr\u00e1n carreras mejores\u00bb.<\/em><\/p>\n<h3><strong>Ar\u00f3n Canet<\/strong><\/h3>\n<p><em>\u00abHoy me he visto muy bien y he estado muy c\u00f3modo rodando con el grupo de delante. He hecho una carrera de menos a m\u00e1s, aguantando el ritmo de los pilotos de cabeza, aunque al final me han llevado bastante hasta mi l\u00edmite. En la \u00faltima curva he intentado pasar a mi compa\u00f1ero Navarro, pero no he podido. Rodar toda la carrera con los l\u00edderes ha sido complicado, pero me ha gustado mucho la experiencia y espero poder repetirlo pronto. Estoy contento por el fin de semana que hemos hecho; ahora ya toca empezar a pensar en Mugello\u00bb.<\/em><\/p>\n","protected":false},"excerpt":{"rendered":"<p>Los pilotos Repsol luchan por el podio hasta el \u00faltimo giro. Jorge Navarro, tercero, se afianza en la segunda posici\u00f3n del campeonato, y Ar\u00f3n Canet, cuarto, se sit\u00faa decimotercero.<\/p>\n","protected":false},"author":43146,"featured_media":85808,"comment_status":"open","ping_status":"open","sticky":false,"template":"","format":"standard","meta":{"footnotes":""},"categories":[4],"tags":[32],"class_list":["post-89915","post","type-post","status-publish","format-standard","hentry","category-motogp","tag-jorge-navarro"],"yoast_head":"<!-- This site is optimized with the Yoast SEO plugin v27.3 - https:\/\/yoast.com\/product\/yoast-seo-wordpress\/ -->\n<title>Navarro se abona al podio y gran carrera de Canet en Le Mans - Box Repsol<\/title>\n<meta name=\"description\" content=\"Los pilotos Repsol luchan por el podio hasta el \u00faltimo giro. Jorge Navarro, tercero, se afianza en la segunda posici\u00f3n del campeonato, y Ar\u00f3n Canet, cuarto.\" \/>\n<link rel=\"canonical\" href=\"https:\/\/www.boxrepsol.com\/es\/motogp\/navarro-se-abona-al-podio-y-gran-carrera-de-canet-en-le-mans\/\" \/>\n<meta property=\"og:locale\" content=\"es_ES\" \/>\n<meta property=\"og:type\" content=\"article\" \/>\n<meta property=\"og:title\" content=\"Navarro se abona al podio y gran carrera de Canet en Le Mans - Box Repsol\" \/>\n<meta property=\"og:description\" content=\"Los pilotos Repsol luchan por el podio hasta el \u00faltimo giro. Jorge Navarro, tercero, se afianza en la segunda posici\u00f3n del campeonato, y Ar\u00f3n Canet, cuarto.\" \/>\n<meta property=\"og:url\" content=\"https:\/\/www.boxrepsol.com\/es\/motogp\/navarro-se-abona-al-podio-y-gran-carrera-de-canet-en-le-mans\/\" \/>\n<meta property=\"og:site_name\" content=\"Box Repsol\" \/>\n<meta property=\"article:publisher\" content=\"https:\/\/www.facebook.com\/BoxRepsol\" \/>\n<meta property=\"article:author\" content=\"https:\/\/www.facebook.com\/BoxRepsol\/\" \/>\n<meta property=\"article:published_time\" content=\"2016-05-08T02:00:00+00:00\" \/>\n<meta property=\"article:modified_time\" content=\"2024-05-07T08:42:59+00:00\" \/>\n<meta property=\"og:image\" content=\"https:\/\/www.boxrepsol.com\/wp-content\/uploads\/2022\/08\/01-jorge-navarro-aron-canet-estrella-galicia-repsol-monlau-moto3.jpg\" \/>\n\t<meta property=\"og:image:width\" content=\"984\" \/>\n\t<meta property=\"og:image:height\" content=\"412\" \/>\n\t<meta property=\"og:image:type\" content=\"image\/jpeg\" \/>\n<meta name=\"author\" content=\"Redacci\u00f3n Box Repsol\" \/>\n<meta name=\"twitter:card\" content=\"summary_large_image\" \/>\n<meta name=\"twitter:creator\" content=\"@https:\/\/twitter.com\/box_repsol\" \/>\n<meta name=\"twitter:site\" content=\"@box_repsol\" \/>\n<meta name=\"twitter:label1\" content=\"Written by\" \/>\n\t<meta name=\"twitter:data1\" content=\"Redacci\u00f3n Box Repsol\" \/>\n\t<meta name=\"twitter:label2\" content=\"Est. reading time\" \/>\n\t<meta name=\"twitter:data2\" content=\"2 minutos\" \/>\n<script type=\"application\/ld+json\" class=\"yoast-schema-graph\">{\"@context\":\"https:\\\/\\\/schema.org\",\"@graph\":[{\"@type\":\"Article\",\"@id\":\"https:\\\/\\\/www.boxrepsol.com\\\/es\\\/motogp\\\/navarro-se-abona-al-podio-y-gran-carrera-de-canet-en-le-mans\\\/#article\",\"isPartOf\":{\"@id\":\"https:\\\/\\\/www.boxrepsol.com\\\/es\\\/motogp\\\/navarro-se-abona-al-podio-y-gran-carrera-de-canet-en-le-mans\\\/\"},\"author\":{\"name\":\"Redacci\u00f3n Box Repsol\",\"@id\":\"https:\\\/\\\/www.boxrepsol.com\\\/es\\\/#\\\/schema\\\/person\\\/c5c2138f2cca251b0ad92b7086bb60b7\"},\"headline\":\"Navarro se abona al podio y gran carrera de Canet en Le Mans\",\"datePublished\":\"2016-05-08T02:00:00+00:00\",\"dateModified\":\"2024-05-07T08:42:59+00:00\",\"mainEntityOfPage\":{\"@id\":\"https:\\\/\\\/www.boxrepsol.com\\\/es\\\/motogp\\\/navarro-se-abona-al-podio-y-gran-carrera-de-canet-en-le-mans\\\/\"},\"wordCount\":479,\"commentCount\":0,\"publisher\":{\"@id\":\"https:\\\/\\\/www.boxrepsol.com\\\/es\\\/#organization\"},\"image\":{\"@id\":\"https:\\\/\\\/www.boxrepsol.com\\\/es\\\/motogp\\\/navarro-se-abona-al-podio-y-gran-carrera-de-canet-en-le-mans\\\/#primaryimage\"},\"thumbnailUrl\":\"https:\\\/\\\/www.boxrepsol.com\\\/wp-content\\\/uploads\\\/2022\\\/08\\\/01-jorge-navarro-aron-canet-estrella-galicia-repsol-monlau-moto3.jpg\",\"keywords\":[\"Jorge Navarro\"],\"articleSection\":[\"MotoGP\"],\"inLanguage\":\"es\",\"potentialAction\":[{\"@type\":\"CommentAction\",\"name\":\"Comment\",\"target\":[\"https:\\\/\\\/www.boxrepsol.com\\\/es\\\/motogp\\\/navarro-se-abona-al-podio-y-gran-carrera-de-canet-en-le-mans\\\/#respond\"]}]},{\"@type\":\"WebPage\",\"@id\":\"https:\\\/\\\/www.boxrepsol.com\\\/es\\\/motogp\\\/navarro-se-abona-al-podio-y-gran-carrera-de-canet-en-le-mans\\\/\",\"url\":\"https:\\\/\\\/www.boxrepsol.com\\\/es\\\/motogp\\\/navarro-se-abona-al-podio-y-gran-carrera-de-canet-en-le-mans\\\/\",\"name\":\"Navarro se abona al podio y gran carrera de Canet en Le Mans - Box Repsol\",\"isPartOf\":{\"@id\":\"https:\\\/\\\/www.boxrepsol.com\\\/es\\\/#website\"},\"primaryImageOfPage\":{\"@id\":\"https:\\\/\\\/www.boxrepsol.com\\\/es\\\/motogp\\\/navarro-se-abona-al-podio-y-gran-carrera-de-canet-en-le-mans\\\/#primaryimage\"},\"image\":{\"@id\":\"https:\\\/\\\/www.boxrepsol.com\\\/es\\\/motogp\\\/navarro-se-abona-al-podio-y-gran-carrera-de-canet-en-le-mans\\\/#primaryimage\"},\"thumbnailUrl\":\"https:\\\/\\\/www.boxrepsol.com\\\/wp-content\\\/uploads\\\/2022\\\/08\\\/01-jorge-navarro-aron-canet-estrella-galicia-repsol-monlau-moto3.jpg\",\"datePublished\":\"2016-05-08T02:00:00+00:00\",\"dateModified\":\"2024-05-07T08:42:59+00:00\",\"description\":\"Los pilotos Repsol luchan por el podio hasta el \u00faltimo giro. Jorge Navarro, tercero, se afianza en la segunda posici\u00f3n del campeonato, y Ar\u00f3n Canet, cuarto.\",\"breadcrumb\":{\"@id\":\"https:\\\/\\\/www.boxrepsol.com\\\/es\\\/motogp\\\/navarro-se-abona-al-podio-y-gran-carrera-de-canet-en-le-mans\\\/#breadcrumb\"},\"inLanguage\":\"es\",\"potentialAction\":[{\"@type\":\"ReadAction\",\"target\":[\"https:\\\/\\\/www.boxrepsol.com\\\/es\\\/motogp\\\/navarro-se-abona-al-podio-y-gran-carrera-de-canet-en-le-mans\\\/\"]}]},{\"@type\":\"ImageObject\",\"inLanguage\":\"es\",\"@id\":\"https:\\\/\\\/www.boxrepsol.com\\\/es\\\/motogp\\\/navarro-se-abona-al-podio-y-gran-carrera-de-canet-en-le-mans\\\/#primaryimage\",\"url\":\"https:\\\/\\\/www.boxrepsol.com\\\/wp-content\\\/uploads\\\/2022\\\/08\\\/01-jorge-navarro-aron-canet-estrella-galicia-repsol-monlau-moto3.jpg\",\"contentUrl\":\"https:\\\/\\\/www.boxrepsol.com\\\/wp-content\\\/uploads\\\/2022\\\/08\\\/01-jorge-navarro-aron-canet-estrella-galicia-repsol-monlau-moto3.jpg\",\"width\":984,\"height\":412,\"caption\":\"Jorge Navarro y Ar\u00f3n Canet en pista rodando juntos\"},{\"@type\":\"BreadcrumbList\",\"@id\":\"https:\\\/\\\/www.boxrepsol.com\\\/es\\\/motogp\\\/navarro-se-abona-al-podio-y-gran-carrera-de-canet-en-le-mans\\\/#breadcrumb\",\"itemListElement\":[{\"@type\":\"ListItem\",\"position\":1,\"name\":\"Home\",\"item\":\"https:\\\/\\\/www.boxrepsol.com\\\/es\\\/\"},{\"@type\":\"ListItem\",\"position\":2,\"name\":\"Navarro se abona al podio y gran carrera de Canet en Le Mans\"}]},{\"@type\":\"WebSite\",\"@id\":\"https:\\\/\\\/www.boxrepsol.com\\\/es\\\/#website\",\"url\":\"https:\\\/\\\/www.boxrepsol.com\\\/es\\\/\",\"name\":\"Box Repsol\",\"description\":\"Box Repsol Site\",\"publisher\":{\"@id\":\"https:\\\/\\\/www.boxrepsol.com\\\/es\\\/#organization\"},\"potentialAction\":[{\"@type\":\"SearchAction\",\"target\":{\"@type\":\"EntryPoint\",\"urlTemplate\":\"https:\\\/\\\/www.boxrepsol.com\\\/es\\\/?s={search_term_string}\"},\"query-input\":{\"@type\":\"PropertyValueSpecification\",\"valueRequired\":true,\"valueName\":\"search_term_string\"}}],\"inLanguage\":\"es\"},{\"@type\":\"Organization\",\"@id\":\"https:\\\/\\\/www.boxrepsol.com\\\/es\\\/#organization\",\"name\":\"Box Repsol\",\"url\":\"https:\\\/\\\/www.boxrepsol.com\\\/es\\\/\",\"logo\":{\"@type\":\"ImageObject\",\"inLanguage\":\"es\",\"@id\":\"https:\\\/\\\/www.boxrepsol.com\\\/es\\\/#\\\/schema\\\/logo\\\/image\\\/\",\"url\":\"https:\\\/\\\/bxrepsol.s3.eu-west-1.amazonaws.com\\\/static\\\/2025\\\/07\\\/30083337\\\/favicon-96x96-1.png\",\"contentUrl\":\"https:\\\/\\\/bxrepsol.s3.eu-west-1.amazonaws.com\\\/static\\\/2025\\\/07\\\/30083337\\\/favicon-96x96-1.png\",\"width\":96,\"height\":96,\"caption\":\"Box Repsol\"},\"image\":{\"@id\":\"https:\\\/\\\/www.boxrepsol.com\\\/es\\\/#\\\/schema\\\/logo\\\/image\\\/\"},\"sameAs\":[\"https:\\\/\\\/www.facebook.com\\\/BoxRepsol\",\"https:\\\/\\\/x.com\\\/box_repsol\",\"http:\\\/\\\/instagram.com\\\/box_repsol\",\"https:\\\/\\\/www.youtube.com\\\/user\\\/RepsolCompeticion\",\"https:\\\/\\\/www.flickr.com\\\/photos\\\/box_repsol\\\/\"]},{\"@type\":\"Person\",\"@id\":\"https:\\\/\\\/www.boxrepsol.com\\\/es\\\/#\\\/schema\\\/person\\\/c5c2138f2cca251b0ad92b7086bb60b7\",\"name\":\"Redacci\u00f3n Box Repsol\",\"image\":{\"@type\":\"ImageObject\",\"inLanguage\":\"es\",\"@id\":\"https:\\\/\\\/secure.gravatar.com\\\/avatar\\\/adf7b77e38b4419baf32c7e9c21dde01f4e40df611f0978e3006fc4ba0aaab7e?s=96&d=mm&r=g\",\"url\":\"https:\\\/\\\/secure.gravatar.com\\\/avatar\\\/adf7b77e38b4419baf32c7e9c21dde01f4e40df611f0978e3006fc4ba0aaab7e?s=96&d=mm&r=g\",\"contentUrl\":\"https:\\\/\\\/secure.gravatar.com\\\/avatar\\\/adf7b77e38b4419baf32c7e9c21dde01f4e40df611f0978e3006fc4ba0aaab7e?s=96&d=mm&r=g\",\"caption\":\"Redacci\u00f3n Box Repsol\"},\"description\":\"Box Repsol lo forma un equipo de periodistas, community managers, dise\u00f1adores y fot\u00f3grafos con m\u00e1s de 20 a\u00f1os de experiencia en el mundo del motorsport. Hemos vivido el primer mundial de un espa\u00f1ol en la categor\u00eda reina de motociclismo con \u00c1lex Crivill\u00e9, estuvimos en las victorias de Pedrosa y los t\u00edtulos de M\u00e1rquez, acompa\u00f1amos en \u00c1frica a Nani Roma y Marc Coma en sus conquistas del Dakar y hemos vibrado con los t\u00edtulos de Toni Bou en Trial. Adem\u00e1s, en nuestro equipo contamos con expertos en el mundo de las dos y cuatro ruedas tanto de la calle y las carreteras, como de los circuitos. Periodistas que han trabajado en revistas y publicaciones para hacerte llegar desde rutas y consejos de mantenimiento, a curiosidades y trucos de pilotaje.\",\"sameAs\":[\"https:\\\/\\\/www.facebook.com\\\/BoxRepsol\\\/\",\"https:\\\/\\\/www.instagram.com\\\/box_repsol\\\/\",\"https:\\\/\\\/x.com\\\/https:\\\/\\\/twitter.com\\\/box_repsol\",\"https:\\\/\\\/www.youtube.com\\\/@Boxrepsol\"],\"url\":\"https:\\\/\\\/www.boxrepsol.com\\\/es\\\/author\\\/redaccion-box-repsol\\\/\"}]}<\/script>\n<!-- \/ Yoast SEO plugin. -->","yoast_head_json":{"title":"Navarro se abona al podio y gran carrera de Canet en Le Mans - Box Repsol","description":"Los pilotos Repsol luchan por el podio hasta el \u00faltimo giro. Jorge Navarro, tercero, se afianza en la segunda posici\u00f3n del campeonato, y Ar\u00f3n Canet, cuarto.","canonical":"https:\/\/www.boxrepsol.com\/es\/motogp\/navarro-se-abona-al-podio-y-gran-carrera-de-canet-en-le-mans\/","og_locale":"es_ES","og_type":"article","og_title":"Navarro se abona al podio y gran carrera de Canet en Le Mans - Box Repsol","og_description":"Los pilotos Repsol luchan por el podio hasta el \u00faltimo giro. Jorge Navarro, tercero, se afianza en la segunda posici\u00f3n del campeonato, y Ar\u00f3n Canet, cuarto.","og_url":"https:\/\/www.boxrepsol.com\/es\/motogp\/navarro-se-abona-al-podio-y-gran-carrera-de-canet-en-le-mans\/","og_site_name":"Box Repsol","article_publisher":"https:\/\/www.facebook.com\/BoxRepsol","article_author":"https:\/\/www.facebook.com\/BoxRepsol\/","article_published_time":"2016-05-08T02:00:00+00:00","article_modified_time":"2024-05-07T08:42:59+00:00","og_image":[{"width":984,"height":412,"url":"https:\/\/www.boxrepsol.com\/wp-content\/uploads\/2022\/08\/01-jorge-navarro-aron-canet-estrella-galicia-repsol-monlau-moto3.jpg","type":"image\/jpeg"}],"author":"Redacci\u00f3n Box Repsol","twitter_card":"summary_large_image","twitter_creator":"@https:\/\/twitter.com\/box_repsol","twitter_site":"@box_repsol","twitter_misc":{"Written by":"Redacci\u00f3n Box Repsol","Est. reading time":"2 minutos"},"schema":{"@context":"https:\/\/schema.org","@graph":[{"@type":"Article","@id":"https:\/\/www.boxrepsol.com\/es\/motogp\/navarro-se-abona-al-podio-y-gran-carrera-de-canet-en-le-mans\/#article","isPartOf":{"@id":"https:\/\/www.boxrepsol.com\/es\/motogp\/navarro-se-abona-al-podio-y-gran-carrera-de-canet-en-le-mans\/"},"author":{"name":"Redacci\u00f3n Box Repsol","@id":"https:\/\/www.boxrepsol.com\/es\/#\/schema\/person\/c5c2138f2cca251b0ad92b7086bb60b7"},"headline":"Navarro se abona al podio y gran carrera de Canet en Le Mans","datePublished":"2016-05-08T02:00:00+00:00","dateModified":"2024-05-07T08:42:59+00:00","mainEntityOfPage":{"@id":"https:\/\/www.boxrepsol.com\/es\/motogp\/navarro-se-abona-al-podio-y-gran-carrera-de-canet-en-le-mans\/"},"wordCount":479,"commentCount":0,"publisher":{"@id":"https:\/\/www.boxrepsol.com\/es\/#organization"},"image":{"@id":"https:\/\/www.boxrepsol.com\/es\/motogp\/navarro-se-abona-al-podio-y-gran-carrera-de-canet-en-le-mans\/#primaryimage"},"thumbnailUrl":"https:\/\/www.boxrepsol.com\/wp-content\/uploads\/2022\/08\/01-jorge-navarro-aron-canet-estrella-galicia-repsol-monlau-moto3.jpg","keywords":["Jorge Navarro"],"articleSection":["MotoGP"],"inLanguage":"es","potentialAction":[{"@type":"CommentAction","name":"Comment","target":["https:\/\/www.boxrepsol.com\/es\/motogp\/navarro-se-abona-al-podio-y-gran-carrera-de-canet-en-le-mans\/#respond"]}]},{"@type":"WebPage","@id":"https:\/\/www.boxrepsol.com\/es\/motogp\/navarro-se-abona-al-podio-y-gran-carrera-de-canet-en-le-mans\/","url":"https:\/\/www.boxrepsol.com\/es\/motogp\/navarro-se-abona-al-podio-y-gran-carrera-de-canet-en-le-mans\/","name":"Navarro se abona al podio y gran carrera de Canet en Le Mans - Box Repsol","isPartOf":{"@id":"https:\/\/www.boxrepsol.com\/es\/#website"},"primaryImageOfPage":{"@id":"https:\/\/www.boxrepsol.com\/es\/motogp\/navarro-se-abona-al-podio-y-gran-carrera-de-canet-en-le-mans\/#primaryimage"},"image":{"@id":"https:\/\/www.boxrepsol.com\/es\/motogp\/navarro-se-abona-al-podio-y-gran-carrera-de-canet-en-le-mans\/#primaryimage"},"thumbnailUrl":"https:\/\/www.boxrepsol.com\/wp-content\/uploads\/2022\/08\/01-jorge-navarro-aron-canet-estrella-galicia-repsol-monlau-moto3.jpg","datePublished":"2016-05-08T02:00:00+00:00","dateModified":"2024-05-07T08:42:59+00:00","description":"Los pilotos Repsol luchan por el podio hasta el \u00faltimo giro. Jorge Navarro, tercero, se afianza en la segunda posici\u00f3n del campeonato, y Ar\u00f3n Canet, cuarto.","breadcrumb":{"@id":"https:\/\/www.boxrepsol.com\/es\/motogp\/navarro-se-abona-al-podio-y-gran-carrera-de-canet-en-le-mans\/#breadcrumb"},"inLanguage":"es","potentialAction":[{"@type":"ReadAction","target":["https:\/\/www.boxrepsol.com\/es\/motogp\/navarro-se-abona-al-podio-y-gran-carrera-de-canet-en-le-mans\/"]}]},{"@type":"ImageObject","inLanguage":"es","@id":"https:\/\/www.boxrepsol.com\/es\/motogp\/navarro-se-abona-al-podio-y-gran-carrera-de-canet-en-le-mans\/#primaryimage","url":"https:\/\/www.boxrepsol.com\/wp-content\/uploads\/2022\/08\/01-jorge-navarro-aron-canet-estrella-galicia-repsol-monlau-moto3.jpg","contentUrl":"https:\/\/www.boxrepsol.com\/wp-content\/uploads\/2022\/08\/01-jorge-navarro-aron-canet-estrella-galicia-repsol-monlau-moto3.jpg","width":984,"height":412,"caption":"Jorge Navarro y Ar\u00f3n Canet en pista rodando juntos"},{"@type":"BreadcrumbList","@id":"https:\/\/www.boxrepsol.com\/es\/motogp\/navarro-se-abona-al-podio-y-gran-carrera-de-canet-en-le-mans\/#breadcrumb","itemListElement":[{"@type":"ListItem","position":1,"name":"Home","item":"https:\/\/www.boxrepsol.com\/es\/"},{"@type":"ListItem","position":2,"name":"Navarro se abona al podio y gran carrera de Canet en Le Mans"}]},{"@type":"WebSite","@id":"https:\/\/www.boxrepsol.com\/es\/#website","url":"https:\/\/www.boxrepsol.com\/es\/","name":"Box Repsol","description":"Box Repsol Site","publisher":{"@id":"https:\/\/www.boxrepsol.com\/es\/#organization"},"potentialAction":[{"@type":"SearchAction","target":{"@type":"EntryPoint","urlTemplate":"https:\/\/www.boxrepsol.com\/es\/?s={search_term_string}"},"query-input":{"@type":"PropertyValueSpecification","valueRequired":true,"valueName":"search_term_string"}}],"inLanguage":"es"},{"@type":"Organization","@id":"https:\/\/www.boxrepsol.com\/es\/#organization","name":"Box Repsol","url":"https:\/\/www.boxrepsol.com\/es\/","logo":{"@type":"ImageObject","inLanguage":"es","@id":"https:\/\/www.boxrepsol.com\/es\/#\/schema\/logo\/image\/","url":"https:\/\/bxrepsol.s3.eu-west-1.amazonaws.com\/static\/2025\/07\/30083337\/favicon-96x96-1.png","contentUrl":"https:\/\/bxrepsol.s3.eu-west-1.amazonaws.com\/static\/2025\/07\/30083337\/favicon-96x96-1.png","width":96,"height":96,"caption":"Box Repsol"},"image":{"@id":"https:\/\/www.boxrepsol.com\/es\/#\/schema\/logo\/image\/"},"sameAs":["https:\/\/www.facebook.com\/BoxRepsol","https:\/\/x.com\/box_repsol","http:\/\/instagram.com\/box_repsol","https:\/\/www.youtube.com\/user\/RepsolCompeticion","https:\/\/www.flickr.com\/photos\/box_repsol\/"]},{"@type":"Person","@id":"https:\/\/www.boxrepsol.com\/es\/#\/schema\/person\/c5c2138f2cca251b0ad92b7086bb60b7","name":"Redacci\u00f3n Box Repsol","image":{"@type":"ImageObject","inLanguage":"es","@id":"https:\/\/secure.gravatar.com\/avatar\/adf7b77e38b4419baf32c7e9c21dde01f4e40df611f0978e3006fc4ba0aaab7e?s=96&d=mm&r=g","url":"https:\/\/secure.gravatar.com\/avatar\/adf7b77e38b4419baf32c7e9c21dde01f4e40df611f0978e3006fc4ba0aaab7e?s=96&d=mm&r=g","contentUrl":"https:\/\/secure.gravatar.com\/avatar\/adf7b77e38b4419baf32c7e9c21dde01f4e40df611f0978e3006fc4ba0aaab7e?s=96&d=mm&r=g","caption":"Redacci\u00f3n Box Repsol"},"description":"Box Repsol lo forma un equipo de periodistas, community managers, dise\u00f1adores y fot\u00f3grafos con m\u00e1s de 20 a\u00f1os de experiencia en el mundo del motorsport. Hemos vivido el primer mundial de un espa\u00f1ol en la categor\u00eda reina de motociclismo con \u00c1lex Crivill\u00e9, estuvimos en las victorias de Pedrosa y los t\u00edtulos de M\u00e1rquez, acompa\u00f1amos en \u00c1frica a Nani Roma y Marc Coma en sus conquistas del Dakar y hemos vibrado con los t\u00edtulos de Toni Bou en Trial. Adem\u00e1s, en nuestro equipo contamos con expertos en el mundo de las dos y cuatro ruedas tanto de la calle y las carreteras, como de los circuitos. Periodistas que han trabajado en revistas y publicaciones para hacerte llegar desde rutas y consejos de mantenimiento, a curiosidades y trucos de pilotaje.","sameAs":["https:\/\/www.facebook.com\/BoxRepsol\/","https:\/\/www.instagram.com\/box_repsol\/","https:\/\/x.com\/https:\/\/twitter.com\/box_repsol","https:\/\/www.youtube.com\/@Boxrepsol"],"url":"https:\/\/www.boxrepsol.com\/es\/author\/redaccion-box-repsol\/"}]}},"_links":{"self":[{"href":"https:\/\/www.boxrepsol.com\/es\/wp-json\/wp\/v2\/posts\/89915","targetHints":{"allow":["GET"]}}],"collection":[{"href":"https:\/\/www.boxrepsol.com\/es\/wp-json\/wp\/v2\/posts"}],"about":[{"href":"https:\/\/www.boxrepsol.com\/es\/wp-json\/wp\/v2\/types\/post"}],"author":[{"embeddable":true,"href":"https:\/\/www.boxrepsol.com\/es\/wp-json\/wp\/v2\/users\/43146"}],"replies":[{"embeddable":true,"href":"https:\/\/www.boxrepsol.com\/es\/wp-json\/wp\/v2\/comments?post=89915"}],"version-history":[{"count":1,"href":"https:\/\/www.boxrepsol.com\/es\/wp-json\/wp\/v2\/posts\/89915\/revisions"}],"predecessor-version":[{"id":89916,"href":"https:\/\/www.boxrepsol.com\/es\/wp-json\/wp\/v2\/posts\/89915\/revisions\/89916"}],"wp:featuredmedia":[{"embeddable":true,"href":"https:\/\/www.boxrepsol.com\/es\/wp-json\/wp\/v2\/media\/85808"}],"wp:attachment":[{"href":"https:\/\/www.boxrepsol.com\/es\/wp-json\/wp\/v2\/media?parent=89915"}],"wp:term":[{"taxonomy":"category","embeddable":true,"href":"https:\/\/www.boxrepsol.com\/es\/wp-json\/wp\/v2\/categories?post=89915"},{"taxonomy":"post_tag","embeddable":true,"href":"https:\/\/www.boxrepsol.com\/es\/wp-json\/wp\/v2\/tags?post=89915"}],"curies":[{"name":"wp","href":"https:\/\/api.w.org\/{rel}","templated":true}]}}