{"id":89911,"date":"2016-05-16T00:00:00","date_gmt":"2016-05-16T02:00:00","guid":{"rendered":"http:\/\/pre.boxrepsol.com\/sin-categorizar\/victoria-de-toni-bou-y-podio-de-jaime-busto-en-siguenza\/"},"modified":"2024-05-07T06:42:34","modified_gmt":"2024-05-07T08:42:34","slug":"victoria-de-toni-bou-y-podio-de-jaime-busto-en-siguenza","status":"publish","type":"post","link":"https:\/\/www.boxrepsol.com\/es\/trial\/victoria-de-toni-bou-y-podio-de-jaime-busto-en-siguenza\/","title":{"rendered":"Victoria de Toni Bou y podio de Jaime Busto en Sig\u00fcenza"},"content":{"rendered":"<blockquote>\n<p>Victoria de Toni Bou y podio de Jaime Busto en Sig\u00fcenza. #CampeonatoEspa\u00f1aTrial <\/p>\n<p>            <a href=\"http:\/\/twitter.com\/share?text=Victoria+de+Toni+Bou+y+podio+de+Jaime+Busto+en+Sig%C3%BCenza.+%23CampeonatoEspa%C3%B1aTrial+&#038;url=http%3A%2F%2F34.249.211.158%2Fes%2Ftrial%2Fvictoria-de-toni-bou-y-podio-de-jaime-busto-en-siguenza%2F&#038;hashtags=\" target=\"_blank\" rel=\"noopener\"><br \/>\n            twittear        <\/a>\n        <\/p><\/blockquote>\n<p>La segunda cita del Campeonato de Espa\u00f1a de Trial ha visto una nueva <strong>victoria de Toni Bou<\/strong>, que se reafirma en la clasificaci\u00f3n general del certamen tras dos victorias en dos pruebas. Todav\u00eda recuper\u00e1ndose de su lesi\u00f3n en el hombro derecho, Bou ha logrado la mejor puntuaci\u00f3n en las dos pasadas por las zonas puntuables asegur\u00e1ndose el triunfo por delante de Adam Raga y Jaime Busto. <strong>El joven vasco ha confirmado un positivo paso adelante respecto al trial de Mallorca<\/strong> y ha completado un gran resultado para el Equipo Repsol Honda.<\/p>\n<p>La pr\u00f3xima cita para ambos ser\u00e1 dentro de dos semanas en Alemania, tercera prueba del Mundial, y volver\u00e1n a competir en el Campeonato de Espa\u00f1a en Le\u00f3n, el pr\u00f3ximo 25 de junio.<\/p>\n<p>\t\t\t\t<img decoding=\"async\" src=\"https:\/\/bxrepsol.s3.eu-west-1.amazonaws.com\/static\/2022\/08\/29045020\/toni-bou-jaime-busto-trial-espana-2016-scaled.jpg\" alt=\"Toni Bou y Jaime Busto examinando una zona de trial\" itemprop=\"image\"  \/><\/p>\n<h3><strong>Toni Bou<br \/>\n<\/strong><\/h3>\n<p>\u00abHa sido un trial complicado para m\u00ed, porque con la lesi\u00f3n nos planteamos incluso no correr aqu\u00ed. La evoluci\u00f3n ha sido buena y quer\u00eda probarme. He forzado y ahora habr\u00e1 que recuperar el tono para la carrera de Alemania, pero aqu\u00ed ha ido bien. Estoy contento de c\u00f3mo he pilotado a pesar de varios fallos que he podido arreglar en la segunda pasada\u00bb.<\/p>\n<h3 id=\"tituloDeclaracion\"><strong>Jaime Busto<br \/>\n<\/strong><\/h3>\n<p>\u00abEstoy contento de poder abrir una botella de cava en Sig\u00fcenza despu\u00e9s de lo mal que lo hice en Mallorca. Hoy, la primera vuelta no se me ha dado muy bien, pero he podido arreglarlo en la segunda pasada, porque me he encontrado muy c\u00f3modo con la moto a pesar de la dificultad de las zonas. La altura de la carrera no ha ayudado mucho, pero estoy satisfecho del resultado\u00bb.<\/p>\n","protected":false},"excerpt":{"rendered":"<p>Triunfo del piloto del equipo Repsol Honda en Sig\u00fcenza, m\u00e1s recuperado de su lesi\u00f3n en el hombro derecho, acompa\u00f1ado en el podio por su compa\u00f1ero de equipo, Jaime Busto<\/p>\n","protected":false},"author":43146,"featured_media":85801,"comment_status":"open","ping_status":"open","sticky":false,"template":"","format":"standard","meta":{"footnotes":""},"categories":[23],"tags":[130],"class_list":["post-89911","post","type-post","status-publish","format-standard","hentry","category-trial","tag-otros-eventos-y-competiciones"],"yoast_head":"<!-- This site is optimized with the Yoast SEO plugin v27.3 - https:\/\/yoast.com\/product\/yoast-seo-wordpress\/ -->\n<title>Victoria de Toni Bou y podio de Jaime Busto en Sig\u00fcenza - Box Repsol<\/title>\n<meta name=\"description\" content=\"Triunfo del piloto del equipo Repsol Honda en Sig\u00fcenza, m\u00e1s recuperado de su lesi\u00f3n en el hombro derecho, acompa\u00f1ado en el podio por su compa\u00f1ero de equipo.\" \/>\n<link rel=\"canonical\" href=\"https:\/\/www.boxrepsol.com\/es\/trial\/victoria-de-toni-bou-y-podio-de-jaime-busto-en-siguenza\/\" \/>\n<meta property=\"og:locale\" content=\"es_ES\" \/>\n<meta property=\"og:type\" content=\"article\" \/>\n<meta property=\"og:title\" content=\"Victoria de Toni Bou y podio de Jaime Busto en Sig\u00fcenza - Box Repsol\" \/>\n<meta property=\"og:description\" content=\"Triunfo del piloto del equipo Repsol Honda en Sig\u00fcenza, m\u00e1s recuperado de su lesi\u00f3n en el hombro derecho, acompa\u00f1ado en el podio por su compa\u00f1ero de equipo.\" \/>\n<meta property=\"og:url\" content=\"https:\/\/www.boxrepsol.com\/es\/trial\/victoria-de-toni-bou-y-podio-de-jaime-busto-en-siguenza\/\" \/>\n<meta property=\"og:site_name\" content=\"Box Repsol\" \/>\n<meta property=\"article:publisher\" content=\"https:\/\/www.facebook.com\/BoxRepsol\" \/>\n<meta property=\"article:author\" content=\"https:\/\/www.facebook.com\/BoxRepsol\/\" \/>\n<meta property=\"article:published_time\" content=\"2016-05-16T02:00:00+00:00\" \/>\n<meta property=\"article:modified_time\" content=\"2024-05-07T08:42:34+00:00\" \/>\n<meta property=\"og:image\" content=\"https:\/\/www.boxrepsol.com\/wp-content\/uploads\/2022\/08\/toni-bou-trial-espana-20161.jpg\" \/>\n\t<meta property=\"og:image:width\" content=\"1024\" \/>\n\t<meta property=\"og:image:height\" content=\"429\" \/>\n\t<meta property=\"og:image:type\" content=\"image\/jpeg\" \/>\n<meta name=\"author\" content=\"Redacci\u00f3n Box Repsol\" \/>\n<meta name=\"twitter:card\" content=\"summary_large_image\" \/>\n<meta name=\"twitter:creator\" content=\"@https:\/\/twitter.com\/box_repsol\" \/>\n<meta name=\"twitter:site\" content=\"@box_repsol\" \/>\n<meta name=\"twitter:label1\" content=\"Written by\" \/>\n\t<meta name=\"twitter:data1\" content=\"Redacci\u00f3n Box Repsol\" \/>\n\t<meta name=\"twitter:label2\" content=\"Est. reading time\" \/>\n\t<meta name=\"twitter:data2\" content=\"1 minuto\" \/>\n<script type=\"application\/ld+json\" class=\"yoast-schema-graph\">{\"@context\":\"https:\\\/\\\/schema.org\",\"@graph\":[{\"@type\":\"Article\",\"@id\":\"https:\\\/\\\/www.boxrepsol.com\\\/es\\\/trial\\\/victoria-de-toni-bou-y-podio-de-jaime-busto-en-siguenza\\\/#article\",\"isPartOf\":{\"@id\":\"https:\\\/\\\/www.boxrepsol.com\\\/es\\\/trial\\\/victoria-de-toni-bou-y-podio-de-jaime-busto-en-siguenza\\\/\"},\"author\":{\"name\":\"Redacci\u00f3n Box Repsol\",\"@id\":\"https:\\\/\\\/www.boxrepsol.com\\\/es\\\/#\\\/schema\\\/person\\\/c5c2138f2cca251b0ad92b7086bb60b7\"},\"headline\":\"Victoria de Toni Bou y podio de Jaime Busto en Sig\u00fcenza\",\"datePublished\":\"2016-05-16T02:00:00+00:00\",\"dateModified\":\"2024-05-07T08:42:34+00:00\",\"mainEntityOfPage\":{\"@id\":\"https:\\\/\\\/www.boxrepsol.com\\\/es\\\/trial\\\/victoria-de-toni-bou-y-podio-de-jaime-busto-en-siguenza\\\/\"},\"wordCount\":305,\"commentCount\":0,\"publisher\":{\"@id\":\"https:\\\/\\\/www.boxrepsol.com\\\/es\\\/#organization\"},\"image\":{\"@id\":\"https:\\\/\\\/www.boxrepsol.com\\\/es\\\/trial\\\/victoria-de-toni-bou-y-podio-de-jaime-busto-en-siguenza\\\/#primaryimage\"},\"thumbnailUrl\":\"https:\\\/\\\/www.boxrepsol.com\\\/wp-content\\\/uploads\\\/2022\\\/08\\\/toni-bou-trial-espana-20161.jpg\",\"keywords\":[\"otros eventos y competiciones\"],\"articleSection\":[\"Trial\"],\"inLanguage\":\"es\",\"potentialAction\":[{\"@type\":\"CommentAction\",\"name\":\"Comment\",\"target\":[\"https:\\\/\\\/www.boxrepsol.com\\\/es\\\/trial\\\/victoria-de-toni-bou-y-podio-de-jaime-busto-en-siguenza\\\/#respond\"]}]},{\"@type\":\"WebPage\",\"@id\":\"https:\\\/\\\/www.boxrepsol.com\\\/es\\\/trial\\\/victoria-de-toni-bou-y-podio-de-jaime-busto-en-siguenza\\\/\",\"url\":\"https:\\\/\\\/www.boxrepsol.com\\\/es\\\/trial\\\/victoria-de-toni-bou-y-podio-de-jaime-busto-en-siguenza\\\/\",\"name\":\"Victoria de Toni Bou y podio de Jaime Busto en Sig\u00fcenza - Box Repsol\",\"isPartOf\":{\"@id\":\"https:\\\/\\\/www.boxrepsol.com\\\/es\\\/#website\"},\"primaryImageOfPage\":{\"@id\":\"https:\\\/\\\/www.boxrepsol.com\\\/es\\\/trial\\\/victoria-de-toni-bou-y-podio-de-jaime-busto-en-siguenza\\\/#primaryimage\"},\"image\":{\"@id\":\"https:\\\/\\\/www.boxrepsol.com\\\/es\\\/trial\\\/victoria-de-toni-bou-y-podio-de-jaime-busto-en-siguenza\\\/#primaryimage\"},\"thumbnailUrl\":\"https:\\\/\\\/www.boxrepsol.com\\\/wp-content\\\/uploads\\\/2022\\\/08\\\/toni-bou-trial-espana-20161.jpg\",\"datePublished\":\"2016-05-16T02:00:00+00:00\",\"dateModified\":\"2024-05-07T08:42:34+00:00\",\"description\":\"Triunfo del piloto del equipo Repsol Honda en Sig\u00fcenza, m\u00e1s recuperado de su lesi\u00f3n en el hombro derecho, acompa\u00f1ado en el podio por su compa\u00f1ero de equipo.\",\"breadcrumb\":{\"@id\":\"https:\\\/\\\/www.boxrepsol.com\\\/es\\\/trial\\\/victoria-de-toni-bou-y-podio-de-jaime-busto-en-siguenza\\\/#breadcrumb\"},\"inLanguage\":\"es\",\"potentialAction\":[{\"@type\":\"ReadAction\",\"target\":[\"https:\\\/\\\/www.boxrepsol.com\\\/es\\\/trial\\\/victoria-de-toni-bou-y-podio-de-jaime-busto-en-siguenza\\\/\"]}]},{\"@type\":\"ImageObject\",\"inLanguage\":\"es\",\"@id\":\"https:\\\/\\\/www.boxrepsol.com\\\/es\\\/trial\\\/victoria-de-toni-bou-y-podio-de-jaime-busto-en-siguenza\\\/#primaryimage\",\"url\":\"https:\\\/\\\/www.boxrepsol.com\\\/wp-content\\\/uploads\\\/2022\\\/08\\\/toni-bou-trial-espana-20161.jpg\",\"contentUrl\":\"https:\\\/\\\/www.boxrepsol.com\\\/wp-content\\\/uploads\\\/2022\\\/08\\\/toni-bou-trial-espana-20161.jpg\",\"width\":1024,\"height\":429,\"caption\":\"Toni Bou subiendo por una cuesta de tierra\"},{\"@type\":\"BreadcrumbList\",\"@id\":\"https:\\\/\\\/www.boxrepsol.com\\\/es\\\/trial\\\/victoria-de-toni-bou-y-podio-de-jaime-busto-en-siguenza\\\/#breadcrumb\",\"itemListElement\":[{\"@type\":\"ListItem\",\"position\":1,\"name\":\"Home\",\"item\":\"https:\\\/\\\/www.boxrepsol.com\\\/es\\\/\"},{\"@type\":\"ListItem\",\"position\":2,\"name\":\"Victoria de Toni Bou y podio de Jaime Busto en Sig\u00fcenza\"}]},{\"@type\":\"WebSite\",\"@id\":\"https:\\\/\\\/www.boxrepsol.com\\\/es\\\/#website\",\"url\":\"https:\\\/\\\/www.boxrepsol.com\\\/es\\\/\",\"name\":\"Box Repsol\",\"description\":\"Box Repsol Site\",\"publisher\":{\"@id\":\"https:\\\/\\\/www.boxrepsol.com\\\/es\\\/#organization\"},\"potentialAction\":[{\"@type\":\"SearchAction\",\"target\":{\"@type\":\"EntryPoint\",\"urlTemplate\":\"https:\\\/\\\/www.boxrepsol.com\\\/es\\\/?s={search_term_string}\"},\"query-input\":{\"@type\":\"PropertyValueSpecification\",\"valueRequired\":true,\"valueName\":\"search_term_string\"}}],\"inLanguage\":\"es\"},{\"@type\":\"Organization\",\"@id\":\"https:\\\/\\\/www.boxrepsol.com\\\/es\\\/#organization\",\"name\":\"Box Repsol\",\"url\":\"https:\\\/\\\/www.boxrepsol.com\\\/es\\\/\",\"logo\":{\"@type\":\"ImageObject\",\"inLanguage\":\"es\",\"@id\":\"https:\\\/\\\/www.boxrepsol.com\\\/es\\\/#\\\/schema\\\/logo\\\/image\\\/\",\"url\":\"https:\\\/\\\/bxrepsol.s3.eu-west-1.amazonaws.com\\\/static\\\/2025\\\/07\\\/30083337\\\/favicon-96x96-1.png\",\"contentUrl\":\"https:\\\/\\\/bxrepsol.s3.eu-west-1.amazonaws.com\\\/static\\\/2025\\\/07\\\/30083337\\\/favicon-96x96-1.png\",\"width\":96,\"height\":96,\"caption\":\"Box Repsol\"},\"image\":{\"@id\":\"https:\\\/\\\/www.boxrepsol.com\\\/es\\\/#\\\/schema\\\/logo\\\/image\\\/\"},\"sameAs\":[\"https:\\\/\\\/www.facebook.com\\\/BoxRepsol\",\"https:\\\/\\\/x.com\\\/box_repsol\",\"http:\\\/\\\/instagram.com\\\/box_repsol\",\"https:\\\/\\\/www.youtube.com\\\/user\\\/RepsolCompeticion\",\"https:\\\/\\\/www.flickr.com\\\/photos\\\/box_repsol\\\/\"]},{\"@type\":\"Person\",\"@id\":\"https:\\\/\\\/www.boxrepsol.com\\\/es\\\/#\\\/schema\\\/person\\\/c5c2138f2cca251b0ad92b7086bb60b7\",\"name\":\"Redacci\u00f3n Box Repsol\",\"image\":{\"@type\":\"ImageObject\",\"inLanguage\":\"es\",\"@id\":\"https:\\\/\\\/secure.gravatar.com\\\/avatar\\\/adf7b77e38b4419baf32c7e9c21dde01f4e40df611f0978e3006fc4ba0aaab7e?s=96&d=mm&r=g\",\"url\":\"https:\\\/\\\/secure.gravatar.com\\\/avatar\\\/adf7b77e38b4419baf32c7e9c21dde01f4e40df611f0978e3006fc4ba0aaab7e?s=96&d=mm&r=g\",\"contentUrl\":\"https:\\\/\\\/secure.gravatar.com\\\/avatar\\\/adf7b77e38b4419baf32c7e9c21dde01f4e40df611f0978e3006fc4ba0aaab7e?s=96&d=mm&r=g\",\"caption\":\"Redacci\u00f3n Box Repsol\"},\"description\":\"Box Repsol lo forma un equipo de periodistas, community managers, dise\u00f1adores y fot\u00f3grafos con m\u00e1s de 20 a\u00f1os de experiencia en el mundo del motorsport. Hemos vivido el primer mundial de un espa\u00f1ol en la categor\u00eda reina de motociclismo con \u00c1lex Crivill\u00e9, estuvimos en las victorias de Pedrosa y los t\u00edtulos de M\u00e1rquez, acompa\u00f1amos en \u00c1frica a Nani Roma y Marc Coma en sus conquistas del Dakar y hemos vibrado con los t\u00edtulos de Toni Bou en Trial. Adem\u00e1s, en nuestro equipo contamos con expertos en el mundo de las dos y cuatro ruedas tanto de la calle y las carreteras, como de los circuitos. Periodistas que han trabajado en revistas y publicaciones para hacerte llegar desde rutas y consejos de mantenimiento, a curiosidades y trucos de pilotaje.\",\"sameAs\":[\"https:\\\/\\\/www.facebook.com\\\/BoxRepsol\\\/\",\"https:\\\/\\\/www.instagram.com\\\/box_repsol\\\/\",\"https:\\\/\\\/x.com\\\/https:\\\/\\\/twitter.com\\\/box_repsol\",\"https:\\\/\\\/www.youtube.com\\\/@Boxrepsol\"],\"url\":\"https:\\\/\\\/www.boxrepsol.com\\\/es\\\/author\\\/redaccion-box-repsol\\\/\"}]}<\/script>\n<!-- \/ Yoast SEO plugin. -->","yoast_head_json":{"title":"Victoria de Toni Bou y podio de Jaime Busto en Sig\u00fcenza - Box Repsol","description":"Triunfo del piloto del equipo Repsol Honda en Sig\u00fcenza, m\u00e1s recuperado de su lesi\u00f3n en el hombro derecho, acompa\u00f1ado en el podio por su compa\u00f1ero de equipo.","canonical":"https:\/\/www.boxrepsol.com\/es\/trial\/victoria-de-toni-bou-y-podio-de-jaime-busto-en-siguenza\/","og_locale":"es_ES","og_type":"article","og_title":"Victoria de Toni Bou y podio de Jaime Busto en Sig\u00fcenza - Box Repsol","og_description":"Triunfo del piloto del equipo Repsol Honda en Sig\u00fcenza, m\u00e1s recuperado de su lesi\u00f3n en el hombro derecho, acompa\u00f1ado en el podio por su compa\u00f1ero de equipo.","og_url":"https:\/\/www.boxrepsol.com\/es\/trial\/victoria-de-toni-bou-y-podio-de-jaime-busto-en-siguenza\/","og_site_name":"Box Repsol","article_publisher":"https:\/\/www.facebook.com\/BoxRepsol","article_author":"https:\/\/www.facebook.com\/BoxRepsol\/","article_published_time":"2016-05-16T02:00:00+00:00","article_modified_time":"2024-05-07T08:42:34+00:00","og_image":[{"width":1024,"height":429,"url":"https:\/\/www.boxrepsol.com\/wp-content\/uploads\/2022\/08\/toni-bou-trial-espana-20161.jpg","type":"image\/jpeg"}],"author":"Redacci\u00f3n Box Repsol","twitter_card":"summary_large_image","twitter_creator":"@https:\/\/twitter.com\/box_repsol","twitter_site":"@box_repsol","twitter_misc":{"Written by":"Redacci\u00f3n Box Repsol","Est. reading time":"1 minuto"},"schema":{"@context":"https:\/\/schema.org","@graph":[{"@type":"Article","@id":"https:\/\/www.boxrepsol.com\/es\/trial\/victoria-de-toni-bou-y-podio-de-jaime-busto-en-siguenza\/#article","isPartOf":{"@id":"https:\/\/www.boxrepsol.com\/es\/trial\/victoria-de-toni-bou-y-podio-de-jaime-busto-en-siguenza\/"},"author":{"name":"Redacci\u00f3n Box Repsol","@id":"https:\/\/www.boxrepsol.com\/es\/#\/schema\/person\/c5c2138f2cca251b0ad92b7086bb60b7"},"headline":"Victoria de Toni Bou y podio de Jaime Busto en Sig\u00fcenza","datePublished":"2016-05-16T02:00:00+00:00","dateModified":"2024-05-07T08:42:34+00:00","mainEntityOfPage":{"@id":"https:\/\/www.boxrepsol.com\/es\/trial\/victoria-de-toni-bou-y-podio-de-jaime-busto-en-siguenza\/"},"wordCount":305,"commentCount":0,"publisher":{"@id":"https:\/\/www.boxrepsol.com\/es\/#organization"},"image":{"@id":"https:\/\/www.boxrepsol.com\/es\/trial\/victoria-de-toni-bou-y-podio-de-jaime-busto-en-siguenza\/#primaryimage"},"thumbnailUrl":"https:\/\/www.boxrepsol.com\/wp-content\/uploads\/2022\/08\/toni-bou-trial-espana-20161.jpg","keywords":["otros eventos y competiciones"],"articleSection":["Trial"],"inLanguage":"es","potentialAction":[{"@type":"CommentAction","name":"Comment","target":["https:\/\/www.boxrepsol.com\/es\/trial\/victoria-de-toni-bou-y-podio-de-jaime-busto-en-siguenza\/#respond"]}]},{"@type":"WebPage","@id":"https:\/\/www.boxrepsol.com\/es\/trial\/victoria-de-toni-bou-y-podio-de-jaime-busto-en-siguenza\/","url":"https:\/\/www.boxrepsol.com\/es\/trial\/victoria-de-toni-bou-y-podio-de-jaime-busto-en-siguenza\/","name":"Victoria de Toni Bou y podio de Jaime Busto en Sig\u00fcenza - Box Repsol","isPartOf":{"@id":"https:\/\/www.boxrepsol.com\/es\/#website"},"primaryImageOfPage":{"@id":"https:\/\/www.boxrepsol.com\/es\/trial\/victoria-de-toni-bou-y-podio-de-jaime-busto-en-siguenza\/#primaryimage"},"image":{"@id":"https:\/\/www.boxrepsol.com\/es\/trial\/victoria-de-toni-bou-y-podio-de-jaime-busto-en-siguenza\/#primaryimage"},"thumbnailUrl":"https:\/\/www.boxrepsol.com\/wp-content\/uploads\/2022\/08\/toni-bou-trial-espana-20161.jpg","datePublished":"2016-05-16T02:00:00+00:00","dateModified":"2024-05-07T08:42:34+00:00","description":"Triunfo del piloto del equipo Repsol Honda en Sig\u00fcenza, m\u00e1s recuperado de su lesi\u00f3n en el hombro derecho, acompa\u00f1ado en el podio por su compa\u00f1ero de equipo.","breadcrumb":{"@id":"https:\/\/www.boxrepsol.com\/es\/trial\/victoria-de-toni-bou-y-podio-de-jaime-busto-en-siguenza\/#breadcrumb"},"inLanguage":"es","potentialAction":[{"@type":"ReadAction","target":["https:\/\/www.boxrepsol.com\/es\/trial\/victoria-de-toni-bou-y-podio-de-jaime-busto-en-siguenza\/"]}]},{"@type":"ImageObject","inLanguage":"es","@id":"https:\/\/www.boxrepsol.com\/es\/trial\/victoria-de-toni-bou-y-podio-de-jaime-busto-en-siguenza\/#primaryimage","url":"https:\/\/www.boxrepsol.com\/wp-content\/uploads\/2022\/08\/toni-bou-trial-espana-20161.jpg","contentUrl":"https:\/\/www.boxrepsol.com\/wp-content\/uploads\/2022\/08\/toni-bou-trial-espana-20161.jpg","width":1024,"height":429,"caption":"Toni Bou subiendo por una cuesta de tierra"},{"@type":"BreadcrumbList","@id":"https:\/\/www.boxrepsol.com\/es\/trial\/victoria-de-toni-bou-y-podio-de-jaime-busto-en-siguenza\/#breadcrumb","itemListElement":[{"@type":"ListItem","position":1,"name":"Home","item":"https:\/\/www.boxrepsol.com\/es\/"},{"@type":"ListItem","position":2,"name":"Victoria de Toni Bou y podio de Jaime Busto en Sig\u00fcenza"}]},{"@type":"WebSite","@id":"https:\/\/www.boxrepsol.com\/es\/#website","url":"https:\/\/www.boxrepsol.com\/es\/","name":"Box Repsol","description":"Box Repsol Site","publisher":{"@id":"https:\/\/www.boxrepsol.com\/es\/#organization"},"potentialAction":[{"@type":"SearchAction","target":{"@type":"EntryPoint","urlTemplate":"https:\/\/www.boxrepsol.com\/es\/?s={search_term_string}"},"query-input":{"@type":"PropertyValueSpecification","valueRequired":true,"valueName":"search_term_string"}}],"inLanguage":"es"},{"@type":"Organization","@id":"https:\/\/www.boxrepsol.com\/es\/#organization","name":"Box Repsol","url":"https:\/\/www.boxrepsol.com\/es\/","logo":{"@type":"ImageObject","inLanguage":"es","@id":"https:\/\/www.boxrepsol.com\/es\/#\/schema\/logo\/image\/","url":"https:\/\/bxrepsol.s3.eu-west-1.amazonaws.com\/static\/2025\/07\/30083337\/favicon-96x96-1.png","contentUrl":"https:\/\/bxrepsol.s3.eu-west-1.amazonaws.com\/static\/2025\/07\/30083337\/favicon-96x96-1.png","width":96,"height":96,"caption":"Box Repsol"},"image":{"@id":"https:\/\/www.boxrepsol.com\/es\/#\/schema\/logo\/image\/"},"sameAs":["https:\/\/www.facebook.com\/BoxRepsol","https:\/\/x.com\/box_repsol","http:\/\/instagram.com\/box_repsol","https:\/\/www.youtube.com\/user\/RepsolCompeticion","https:\/\/www.flickr.com\/photos\/box_repsol\/"]},{"@type":"Person","@id":"https:\/\/www.boxrepsol.com\/es\/#\/schema\/person\/c5c2138f2cca251b0ad92b7086bb60b7","name":"Redacci\u00f3n Box Repsol","image":{"@type":"ImageObject","inLanguage":"es","@id":"https:\/\/secure.gravatar.com\/avatar\/adf7b77e38b4419baf32c7e9c21dde01f4e40df611f0978e3006fc4ba0aaab7e?s=96&d=mm&r=g","url":"https:\/\/secure.gravatar.com\/avatar\/adf7b77e38b4419baf32c7e9c21dde01f4e40df611f0978e3006fc4ba0aaab7e?s=96&d=mm&r=g","contentUrl":"https:\/\/secure.gravatar.com\/avatar\/adf7b77e38b4419baf32c7e9c21dde01f4e40df611f0978e3006fc4ba0aaab7e?s=96&d=mm&r=g","caption":"Redacci\u00f3n Box Repsol"},"description":"Box Repsol lo forma un equipo de periodistas, community managers, dise\u00f1adores y fot\u00f3grafos con m\u00e1s de 20 a\u00f1os de experiencia en el mundo del motorsport. Hemos vivido el primer mundial de un espa\u00f1ol en la categor\u00eda reina de motociclismo con \u00c1lex Crivill\u00e9, estuvimos en las victorias de Pedrosa y los t\u00edtulos de M\u00e1rquez, acompa\u00f1amos en \u00c1frica a Nani Roma y Marc Coma en sus conquistas del Dakar y hemos vibrado con los t\u00edtulos de Toni Bou en Trial. Adem\u00e1s, en nuestro equipo contamos con expertos en el mundo de las dos y cuatro ruedas tanto de la calle y las carreteras, como de los circuitos. Periodistas que han trabajado en revistas y publicaciones para hacerte llegar desde rutas y consejos de mantenimiento, a curiosidades y trucos de pilotaje.","sameAs":["https:\/\/www.facebook.com\/BoxRepsol\/","https:\/\/www.instagram.com\/box_repsol\/","https:\/\/x.com\/https:\/\/twitter.com\/box_repsol","https:\/\/www.youtube.com\/@Boxrepsol"],"url":"https:\/\/www.boxrepsol.com\/es\/author\/redaccion-box-repsol\/"}]}},"_links":{"self":[{"href":"https:\/\/www.boxrepsol.com\/es\/wp-json\/wp\/v2\/posts\/89911","targetHints":{"allow":["GET"]}}],"collection":[{"href":"https:\/\/www.boxrepsol.com\/es\/wp-json\/wp\/v2\/posts"}],"about":[{"href":"https:\/\/www.boxrepsol.com\/es\/wp-json\/wp\/v2\/types\/post"}],"author":[{"embeddable":true,"href":"https:\/\/www.boxrepsol.com\/es\/wp-json\/wp\/v2\/users\/43146"}],"replies":[{"embeddable":true,"href":"https:\/\/www.boxrepsol.com\/es\/wp-json\/wp\/v2\/comments?post=89911"}],"version-history":[{"count":1,"href":"https:\/\/www.boxrepsol.com\/es\/wp-json\/wp\/v2\/posts\/89911\/revisions"}],"predecessor-version":[{"id":89912,"href":"https:\/\/www.boxrepsol.com\/es\/wp-json\/wp\/v2\/posts\/89911\/revisions\/89912"}],"wp:featuredmedia":[{"embeddable":true,"href":"https:\/\/www.boxrepsol.com\/es\/wp-json\/wp\/v2\/media\/85801"}],"wp:attachment":[{"href":"https:\/\/www.boxrepsol.com\/es\/wp-json\/wp\/v2\/media?parent=89911"}],"wp:term":[{"taxonomy":"category","embeddable":true,"href":"https:\/\/www.boxrepsol.com\/es\/wp-json\/wp\/v2\/categories?post=89911"},{"taxonomy":"post_tag","embeddable":true,"href":"https:\/\/www.boxrepsol.com\/es\/wp-json\/wp\/v2\/tags?post=89911"}],"curies":[{"name":"wp","href":"https:\/\/api.w.org\/{rel}","templated":true}]}}