{"id":89909,"date":"2017-02-15T00:00:00","date_gmt":"2017-02-15T02:00:00","guid":{"rendered":"http:\/\/pre.boxrepsol.com\/sin-categorizar\/marc-marquez-lidera-en-australia-y-dani-pedrosa-es-septimo\/"},"modified":"2024-05-15T06:31:25","modified_gmt":"2024-05-15T08:31:25","slug":"marc-marquez-lidera-en-australia-y-dani-pedrosa-es-septimo","status":"publish","type":"post","link":"https:\/\/www.boxrepsol.com\/es\/motogp\/marc-marquez-lidera-en-australia-y-dani-pedrosa-es-septimo\/","title":{"rendered":"Marc M\u00e1rquez lidera en Australia y Dani Pedrosa es s\u00e9ptimo"},"content":{"rendered":"<blockquote><p>\u00b7@marcmarquez93: \u00abSoy r\u00e1pido pero, como sucedi\u00f3 en Malasia, queremos comprobar bien c\u00f3mo funciona\u00bb<\/p>\n<p><a href=\"http:\/\/twitter.com\/share?text=%C2%B7%40marcmarquez93%3A+%22Soy+r%C3%A1pido+pero%2C+como+sucedi%C3%B3+en+Malasia%2C+queremos+comprobar+bien+c%C3%B3mo+funciona%22&amp;url=http%3A%2F%2F34.249.211.158%2Fes%2Fmotogp%2Fmarc-marquez-lidera-en-australia-y-dani-pedrosa-es-septimo%2F&amp;hashtags=\" target=\"_blank\" rel=\"noopener\"><br \/>\ntwittear <\/a><\/p><\/blockquote>\n<p>La primera de las tres jornadas de pruebas del test oficial de Australia ha concluido con Marc M\u00e1rquez liderando la tabla de tiempos. Tras completar 68 vueltas, en el giro 53 ha marcado un tiempo de 1 minuto, 29 segundos y 497 mil\u00e9simas. Su compa\u00f1ero de equipo, Dani Pedrosa, ha mantenido un ritmo elevado durante toda la jornada y en la vuelta 13 de las 55 que ha realizado, ha parado el cron\u00f3metro en 1 minuto, 30 segundos y 281 mil\u00e9simas, situ\u00e1ndose s\u00e9ptimo. Los pilotos del equipo Repsol Honda han aprovechado la buena meteorolog\u00eda y, a pesar del viento, han seguido trabajando en sus Honda RC213V equipadas con el motor que escogieron hace dos semanas en Malasia.<\/p>\n<p><img decoding=\"async\" src=\"https:\/\/bxrepsol.s3.eu-west-1.amazonaws.com\/static\/2022\/08\/29045011\/02_interior1.jpg\" alt=\"Dani Pedrosa\" \/><\/p>\n<h3>Marc M\u00e1rquez<\/h3>\n<p><em>\u00abHoy hemos tenido un d\u00eda bastante ocupado, porque hemos trabajado mucho en el motor, ya que evidentemente es distinto al que utilizamos aqu\u00ed el a\u00f1o pasado. Eso quiere decir que hemos tenido que reajustar todo y durante la ma\u00f1ana hemos pasado mucho tiempo en el box. Por la tarde hemos encontrado una base en la electr\u00f3nica, pero todav\u00eda tenemos que seguir trabajando en esta \u00e1rea. Soy r\u00e1pido pero, como sucedi\u00f3 en Malasia, queremos comprobar bien c\u00f3mo funciona. Tambi\u00e9n hemos trabajado en la puesta a punto y, en general, ha sido un d\u00eda positivo. La meteorolog\u00eda tambi\u00e9n ha sido buena, lo que siempre es importante, y esperemos que siga as\u00ed los dos pr\u00f3ximos d\u00edas\u00bb.<\/em><\/p>\n<h3>Dani Pedrosa<\/h3>\n<p><em>\u00abHemos empezado este test de forma positiva. Hac\u00eda mucho que no rodaba en este circuito, porque el a\u00f1o pasado me perd\u00ed el Gran Premio y he tenido que dar algunas vueltas para adaptarme de nuevo, pero las sensaciones han sido buenas. Hoy no hemos trabajado mucho en la electr\u00f3nica, nos hemos centrado en la puesta a punto de la horquilla, para tener buenas sensaciones con la moto. Ma\u00f1ana nos centraremos en la electr\u00f3nica, porque necesitamos encontrar una buena base de puesta a punto. Esperamos dar otro paso adelante, porque eso nos ayudar\u00e1 en todos los circuitos\u00bb.<\/em><\/p>\n","protected":false},"excerpt":{"rendered":"<p>Los pilotos del equipo Repsol Honda han continuado con el trabajo de desarrollo de sus Honda en Phillip Island, donde M\u00e1rquez ha marcado el mejor tiempo del d\u00eda y Pedrosa, el s\u00e9ptimo.<\/p>\n","protected":false},"author":43146,"featured_media":85797,"comment_status":"open","ping_status":"open","sticky":false,"template":"","format":"standard","meta":{"footnotes":""},"categories":[4],"tags":[15],"class_list":["post-89909","post","type-post","status-publish","format-standard","hentry","category-motogp","tag-pretemporada"],"yoast_head":"<!-- This site is optimized with the Yoast SEO plugin v27.3 - https:\/\/yoast.com\/product\/yoast-seo-wordpress\/ -->\n<title>Marc M\u00e1rquez lidera en Australia y Dani Pedrosa es s\u00e9ptimo - Box Repsol<\/title>\n<meta name=\"description\" content=\"Los pilotos del equipo Repsol Honda han continuado con el trabajo de desarrollo de sus Honda en Phillip Island...\" \/>\n<link rel=\"canonical\" href=\"https:\/\/www.boxrepsol.com\/es\/motogp\/marc-marquez-lidera-en-australia-y-dani-pedrosa-es-septimo\/\" \/>\n<meta property=\"og:locale\" content=\"es_ES\" \/>\n<meta property=\"og:type\" content=\"article\" \/>\n<meta property=\"og:title\" content=\"Marc M\u00e1rquez lidera en Australia y Dani Pedrosa es s\u00e9ptimo - Box Repsol\" \/>\n<meta property=\"og:description\" content=\"Los pilotos del equipo Repsol Honda han continuado con el trabajo de desarrollo de sus Honda en Phillip Island...\" \/>\n<meta property=\"og:url\" content=\"https:\/\/www.boxrepsol.com\/es\/motogp\/marc-marquez-lidera-en-australia-y-dani-pedrosa-es-septimo\/\" \/>\n<meta property=\"og:site_name\" content=\"Box Repsol\" \/>\n<meta property=\"article:publisher\" content=\"https:\/\/www.facebook.com\/BoxRepsol\" \/>\n<meta property=\"article:author\" content=\"https:\/\/www.facebook.com\/BoxRepsol\/\" \/>\n<meta property=\"article:published_time\" content=\"2017-02-15T02:00:00+00:00\" \/>\n<meta property=\"article:modified_time\" content=\"2024-05-15T08:31:25+00:00\" \/>\n<meta property=\"og:image\" content=\"https:\/\/www.boxrepsol.com\/wp-content\/uploads\/2022\/08\/00_cabecera3.jpg\" \/>\n\t<meta property=\"og:image:width\" content=\"984\" \/>\n\t<meta property=\"og:image:height\" content=\"412\" \/>\n\t<meta property=\"og:image:type\" content=\"image\/jpeg\" \/>\n<meta name=\"author\" content=\"Redacci\u00f3n Box Repsol\" \/>\n<meta name=\"twitter:card\" content=\"summary_large_image\" \/>\n<meta name=\"twitter:creator\" content=\"@https:\/\/twitter.com\/box_repsol\" \/>\n<meta name=\"twitter:site\" content=\"@box_repsol\" \/>\n<meta name=\"twitter:label1\" content=\"Written by\" \/>\n\t<meta name=\"twitter:data1\" content=\"Redacci\u00f3n Box Repsol\" \/>\n\t<meta name=\"twitter:label2\" content=\"Est. reading time\" \/>\n\t<meta name=\"twitter:data2\" content=\"2 minutos\" \/>\n<script type=\"application\/ld+json\" class=\"yoast-schema-graph\">{\"@context\":\"https:\\\/\\\/schema.org\",\"@graph\":[{\"@type\":\"Article\",\"@id\":\"https:\\\/\\\/www.boxrepsol.com\\\/es\\\/motogp\\\/marc-marquez-lidera-en-australia-y-dani-pedrosa-es-septimo\\\/#article\",\"isPartOf\":{\"@id\":\"https:\\\/\\\/www.boxrepsol.com\\\/es\\\/motogp\\\/marc-marquez-lidera-en-australia-y-dani-pedrosa-es-septimo\\\/\"},\"author\":{\"name\":\"Redacci\u00f3n Box Repsol\",\"@id\":\"https:\\\/\\\/www.boxrepsol.com\\\/es\\\/#\\\/schema\\\/person\\\/c5c2138f2cca251b0ad92b7086bb60b7\"},\"headline\":\"Marc M\u00e1rquez lidera en Australia y Dani Pedrosa es s\u00e9ptimo\",\"datePublished\":\"2017-02-15T02:00:00+00:00\",\"dateModified\":\"2024-05-15T08:31:25+00:00\",\"mainEntityOfPage\":{\"@id\":\"https:\\\/\\\/www.boxrepsol.com\\\/es\\\/motogp\\\/marc-marquez-lidera-en-australia-y-dani-pedrosa-es-septimo\\\/\"},\"wordCount\":376,\"commentCount\":0,\"publisher\":{\"@id\":\"https:\\\/\\\/www.boxrepsol.com\\\/es\\\/#organization\"},\"image\":{\"@id\":\"https:\\\/\\\/www.boxrepsol.com\\\/es\\\/motogp\\\/marc-marquez-lidera-en-australia-y-dani-pedrosa-es-septimo\\\/#primaryimage\"},\"thumbnailUrl\":\"https:\\\/\\\/www.boxrepsol.com\\\/wp-content\\\/uploads\\\/2022\\\/08\\\/00_cabecera3.jpg\",\"keywords\":[\"pretemporada\"],\"articleSection\":[\"MotoGP\"],\"inLanguage\":\"es\",\"potentialAction\":[{\"@type\":\"CommentAction\",\"name\":\"Comment\",\"target\":[\"https:\\\/\\\/www.boxrepsol.com\\\/es\\\/motogp\\\/marc-marquez-lidera-en-australia-y-dani-pedrosa-es-septimo\\\/#respond\"]}]},{\"@type\":\"WebPage\",\"@id\":\"https:\\\/\\\/www.boxrepsol.com\\\/es\\\/motogp\\\/marc-marquez-lidera-en-australia-y-dani-pedrosa-es-septimo\\\/\",\"url\":\"https:\\\/\\\/www.boxrepsol.com\\\/es\\\/motogp\\\/marc-marquez-lidera-en-australia-y-dani-pedrosa-es-septimo\\\/\",\"name\":\"Marc M\u00e1rquez lidera en Australia y Dani Pedrosa es s\u00e9ptimo - Box Repsol\",\"isPartOf\":{\"@id\":\"https:\\\/\\\/www.boxrepsol.com\\\/es\\\/#website\"},\"primaryImageOfPage\":{\"@id\":\"https:\\\/\\\/www.boxrepsol.com\\\/es\\\/motogp\\\/marc-marquez-lidera-en-australia-y-dani-pedrosa-es-septimo\\\/#primaryimage\"},\"image\":{\"@id\":\"https:\\\/\\\/www.boxrepsol.com\\\/es\\\/motogp\\\/marc-marquez-lidera-en-australia-y-dani-pedrosa-es-septimo\\\/#primaryimage\"},\"thumbnailUrl\":\"https:\\\/\\\/www.boxrepsol.com\\\/wp-content\\\/uploads\\\/2022\\\/08\\\/00_cabecera3.jpg\",\"datePublished\":\"2017-02-15T02:00:00+00:00\",\"dateModified\":\"2024-05-15T08:31:25+00:00\",\"description\":\"Los pilotos del equipo Repsol Honda han continuado con el trabajo de desarrollo de sus Honda en Phillip Island...\",\"breadcrumb\":{\"@id\":\"https:\\\/\\\/www.boxrepsol.com\\\/es\\\/motogp\\\/marc-marquez-lidera-en-australia-y-dani-pedrosa-es-septimo\\\/#breadcrumb\"},\"inLanguage\":\"es\",\"potentialAction\":[{\"@type\":\"ReadAction\",\"target\":[\"https:\\\/\\\/www.boxrepsol.com\\\/es\\\/motogp\\\/marc-marquez-lidera-en-australia-y-dani-pedrosa-es-septimo\\\/\"]}]},{\"@type\":\"ImageObject\",\"inLanguage\":\"es\",\"@id\":\"https:\\\/\\\/www.boxrepsol.com\\\/es\\\/motogp\\\/marc-marquez-lidera-en-australia-y-dani-pedrosa-es-septimo\\\/#primaryimage\",\"url\":\"https:\\\/\\\/www.boxrepsol.com\\\/wp-content\\\/uploads\\\/2022\\\/08\\\/00_cabecera3.jpg\",\"contentUrl\":\"https:\\\/\\\/www.boxrepsol.com\\\/wp-content\\\/uploads\\\/2022\\\/08\\\/00_cabecera3.jpg\",\"width\":984,\"height\":412,\"caption\":\"Marc M\u00e1rquez rodando veloz\"},{\"@type\":\"BreadcrumbList\",\"@id\":\"https:\\\/\\\/www.boxrepsol.com\\\/es\\\/motogp\\\/marc-marquez-lidera-en-australia-y-dani-pedrosa-es-septimo\\\/#breadcrumb\",\"itemListElement\":[{\"@type\":\"ListItem\",\"position\":1,\"name\":\"Home\",\"item\":\"https:\\\/\\\/www.boxrepsol.com\\\/es\\\/\"},{\"@type\":\"ListItem\",\"position\":2,\"name\":\"Marc M\u00e1rquez lidera en Australia y Dani Pedrosa es s\u00e9ptimo\"}]},{\"@type\":\"WebSite\",\"@id\":\"https:\\\/\\\/www.boxrepsol.com\\\/es\\\/#website\",\"url\":\"https:\\\/\\\/www.boxrepsol.com\\\/es\\\/\",\"name\":\"Box Repsol\",\"description\":\"Box Repsol Site\",\"publisher\":{\"@id\":\"https:\\\/\\\/www.boxrepsol.com\\\/es\\\/#organization\"},\"potentialAction\":[{\"@type\":\"SearchAction\",\"target\":{\"@type\":\"EntryPoint\",\"urlTemplate\":\"https:\\\/\\\/www.boxrepsol.com\\\/es\\\/?s={search_term_string}\"},\"query-input\":{\"@type\":\"PropertyValueSpecification\",\"valueRequired\":true,\"valueName\":\"search_term_string\"}}],\"inLanguage\":\"es\"},{\"@type\":\"Organization\",\"@id\":\"https:\\\/\\\/www.boxrepsol.com\\\/es\\\/#organization\",\"name\":\"Box Repsol\",\"url\":\"https:\\\/\\\/www.boxrepsol.com\\\/es\\\/\",\"logo\":{\"@type\":\"ImageObject\",\"inLanguage\":\"es\",\"@id\":\"https:\\\/\\\/www.boxrepsol.com\\\/es\\\/#\\\/schema\\\/logo\\\/image\\\/\",\"url\":\"https:\\\/\\\/bxrepsol.s3.eu-west-1.amazonaws.com\\\/static\\\/2025\\\/07\\\/30083337\\\/favicon-96x96-1.png\",\"contentUrl\":\"https:\\\/\\\/bxrepsol.s3.eu-west-1.amazonaws.com\\\/static\\\/2025\\\/07\\\/30083337\\\/favicon-96x96-1.png\",\"width\":96,\"height\":96,\"caption\":\"Box Repsol\"},\"image\":{\"@id\":\"https:\\\/\\\/www.boxrepsol.com\\\/es\\\/#\\\/schema\\\/logo\\\/image\\\/\"},\"sameAs\":[\"https:\\\/\\\/www.facebook.com\\\/BoxRepsol\",\"https:\\\/\\\/x.com\\\/box_repsol\",\"http:\\\/\\\/instagram.com\\\/box_repsol\",\"https:\\\/\\\/www.youtube.com\\\/user\\\/RepsolCompeticion\",\"https:\\\/\\\/www.flickr.com\\\/photos\\\/box_repsol\\\/\"]},{\"@type\":\"Person\",\"@id\":\"https:\\\/\\\/www.boxrepsol.com\\\/es\\\/#\\\/schema\\\/person\\\/c5c2138f2cca251b0ad92b7086bb60b7\",\"name\":\"Redacci\u00f3n Box Repsol\",\"image\":{\"@type\":\"ImageObject\",\"inLanguage\":\"es\",\"@id\":\"https:\\\/\\\/secure.gravatar.com\\\/avatar\\\/adf7b77e38b4419baf32c7e9c21dde01f4e40df611f0978e3006fc4ba0aaab7e?s=96&d=mm&r=g\",\"url\":\"https:\\\/\\\/secure.gravatar.com\\\/avatar\\\/adf7b77e38b4419baf32c7e9c21dde01f4e40df611f0978e3006fc4ba0aaab7e?s=96&d=mm&r=g\",\"contentUrl\":\"https:\\\/\\\/secure.gravatar.com\\\/avatar\\\/adf7b77e38b4419baf32c7e9c21dde01f4e40df611f0978e3006fc4ba0aaab7e?s=96&d=mm&r=g\",\"caption\":\"Redacci\u00f3n Box Repsol\"},\"description\":\"Box Repsol lo forma un equipo de periodistas, community managers, dise\u00f1adores y fot\u00f3grafos con m\u00e1s de 20 a\u00f1os de experiencia en el mundo del motorsport. Hemos vivido el primer mundial de un espa\u00f1ol en la categor\u00eda reina de motociclismo con \u00c1lex Crivill\u00e9, estuvimos en las victorias de Pedrosa y los t\u00edtulos de M\u00e1rquez, acompa\u00f1amos en \u00c1frica a Nani Roma y Marc Coma en sus conquistas del Dakar y hemos vibrado con los t\u00edtulos de Toni Bou en Trial. Adem\u00e1s, en nuestro equipo contamos con expertos en el mundo de las dos y cuatro ruedas tanto de la calle y las carreteras, como de los circuitos. Periodistas que han trabajado en revistas y publicaciones para hacerte llegar desde rutas y consejos de mantenimiento, a curiosidades y trucos de pilotaje.\",\"sameAs\":[\"https:\\\/\\\/www.facebook.com\\\/BoxRepsol\\\/\",\"https:\\\/\\\/www.instagram.com\\\/box_repsol\\\/\",\"https:\\\/\\\/x.com\\\/https:\\\/\\\/twitter.com\\\/box_repsol\",\"https:\\\/\\\/www.youtube.com\\\/@Boxrepsol\"],\"url\":\"https:\\\/\\\/www.boxrepsol.com\\\/es\\\/author\\\/redaccion-box-repsol\\\/\"}]}<\/script>\n<!-- \/ Yoast SEO plugin. -->","yoast_head_json":{"title":"Marc M\u00e1rquez lidera en Australia y Dani Pedrosa es s\u00e9ptimo - Box Repsol","description":"Los pilotos del equipo Repsol Honda han continuado con el trabajo de desarrollo de sus Honda en Phillip Island...","canonical":"https:\/\/www.boxrepsol.com\/es\/motogp\/marc-marquez-lidera-en-australia-y-dani-pedrosa-es-septimo\/","og_locale":"es_ES","og_type":"article","og_title":"Marc M\u00e1rquez lidera en Australia y Dani Pedrosa es s\u00e9ptimo - Box Repsol","og_description":"Los pilotos del equipo Repsol Honda han continuado con el trabajo de desarrollo de sus Honda en Phillip Island...","og_url":"https:\/\/www.boxrepsol.com\/es\/motogp\/marc-marquez-lidera-en-australia-y-dani-pedrosa-es-septimo\/","og_site_name":"Box Repsol","article_publisher":"https:\/\/www.facebook.com\/BoxRepsol","article_author":"https:\/\/www.facebook.com\/BoxRepsol\/","article_published_time":"2017-02-15T02:00:00+00:00","article_modified_time":"2024-05-15T08:31:25+00:00","og_image":[{"width":984,"height":412,"url":"https:\/\/www.boxrepsol.com\/wp-content\/uploads\/2022\/08\/00_cabecera3.jpg","type":"image\/jpeg"}],"author":"Redacci\u00f3n Box Repsol","twitter_card":"summary_large_image","twitter_creator":"@https:\/\/twitter.com\/box_repsol","twitter_site":"@box_repsol","twitter_misc":{"Written by":"Redacci\u00f3n Box Repsol","Est. reading time":"2 minutos"},"schema":{"@context":"https:\/\/schema.org","@graph":[{"@type":"Article","@id":"https:\/\/www.boxrepsol.com\/es\/motogp\/marc-marquez-lidera-en-australia-y-dani-pedrosa-es-septimo\/#article","isPartOf":{"@id":"https:\/\/www.boxrepsol.com\/es\/motogp\/marc-marquez-lidera-en-australia-y-dani-pedrosa-es-septimo\/"},"author":{"name":"Redacci\u00f3n Box Repsol","@id":"https:\/\/www.boxrepsol.com\/es\/#\/schema\/person\/c5c2138f2cca251b0ad92b7086bb60b7"},"headline":"Marc M\u00e1rquez lidera en Australia y Dani Pedrosa es s\u00e9ptimo","datePublished":"2017-02-15T02:00:00+00:00","dateModified":"2024-05-15T08:31:25+00:00","mainEntityOfPage":{"@id":"https:\/\/www.boxrepsol.com\/es\/motogp\/marc-marquez-lidera-en-australia-y-dani-pedrosa-es-septimo\/"},"wordCount":376,"commentCount":0,"publisher":{"@id":"https:\/\/www.boxrepsol.com\/es\/#organization"},"image":{"@id":"https:\/\/www.boxrepsol.com\/es\/motogp\/marc-marquez-lidera-en-australia-y-dani-pedrosa-es-septimo\/#primaryimage"},"thumbnailUrl":"https:\/\/www.boxrepsol.com\/wp-content\/uploads\/2022\/08\/00_cabecera3.jpg","keywords":["pretemporada"],"articleSection":["MotoGP"],"inLanguage":"es","potentialAction":[{"@type":"CommentAction","name":"Comment","target":["https:\/\/www.boxrepsol.com\/es\/motogp\/marc-marquez-lidera-en-australia-y-dani-pedrosa-es-septimo\/#respond"]}]},{"@type":"WebPage","@id":"https:\/\/www.boxrepsol.com\/es\/motogp\/marc-marquez-lidera-en-australia-y-dani-pedrosa-es-septimo\/","url":"https:\/\/www.boxrepsol.com\/es\/motogp\/marc-marquez-lidera-en-australia-y-dani-pedrosa-es-septimo\/","name":"Marc M\u00e1rquez lidera en Australia y Dani Pedrosa es s\u00e9ptimo - Box Repsol","isPartOf":{"@id":"https:\/\/www.boxrepsol.com\/es\/#website"},"primaryImageOfPage":{"@id":"https:\/\/www.boxrepsol.com\/es\/motogp\/marc-marquez-lidera-en-australia-y-dani-pedrosa-es-septimo\/#primaryimage"},"image":{"@id":"https:\/\/www.boxrepsol.com\/es\/motogp\/marc-marquez-lidera-en-australia-y-dani-pedrosa-es-septimo\/#primaryimage"},"thumbnailUrl":"https:\/\/www.boxrepsol.com\/wp-content\/uploads\/2022\/08\/00_cabecera3.jpg","datePublished":"2017-02-15T02:00:00+00:00","dateModified":"2024-05-15T08:31:25+00:00","description":"Los pilotos del equipo Repsol Honda han continuado con el trabajo de desarrollo de sus Honda en Phillip Island...","breadcrumb":{"@id":"https:\/\/www.boxrepsol.com\/es\/motogp\/marc-marquez-lidera-en-australia-y-dani-pedrosa-es-septimo\/#breadcrumb"},"inLanguage":"es","potentialAction":[{"@type":"ReadAction","target":["https:\/\/www.boxrepsol.com\/es\/motogp\/marc-marquez-lidera-en-australia-y-dani-pedrosa-es-septimo\/"]}]},{"@type":"ImageObject","inLanguage":"es","@id":"https:\/\/www.boxrepsol.com\/es\/motogp\/marc-marquez-lidera-en-australia-y-dani-pedrosa-es-septimo\/#primaryimage","url":"https:\/\/www.boxrepsol.com\/wp-content\/uploads\/2022\/08\/00_cabecera3.jpg","contentUrl":"https:\/\/www.boxrepsol.com\/wp-content\/uploads\/2022\/08\/00_cabecera3.jpg","width":984,"height":412,"caption":"Marc M\u00e1rquez rodando veloz"},{"@type":"BreadcrumbList","@id":"https:\/\/www.boxrepsol.com\/es\/motogp\/marc-marquez-lidera-en-australia-y-dani-pedrosa-es-septimo\/#breadcrumb","itemListElement":[{"@type":"ListItem","position":1,"name":"Home","item":"https:\/\/www.boxrepsol.com\/es\/"},{"@type":"ListItem","position":2,"name":"Marc M\u00e1rquez lidera en Australia y Dani Pedrosa es s\u00e9ptimo"}]},{"@type":"WebSite","@id":"https:\/\/www.boxrepsol.com\/es\/#website","url":"https:\/\/www.boxrepsol.com\/es\/","name":"Box Repsol","description":"Box Repsol Site","publisher":{"@id":"https:\/\/www.boxrepsol.com\/es\/#organization"},"potentialAction":[{"@type":"SearchAction","target":{"@type":"EntryPoint","urlTemplate":"https:\/\/www.boxrepsol.com\/es\/?s={search_term_string}"},"query-input":{"@type":"PropertyValueSpecification","valueRequired":true,"valueName":"search_term_string"}}],"inLanguage":"es"},{"@type":"Organization","@id":"https:\/\/www.boxrepsol.com\/es\/#organization","name":"Box Repsol","url":"https:\/\/www.boxrepsol.com\/es\/","logo":{"@type":"ImageObject","inLanguage":"es","@id":"https:\/\/www.boxrepsol.com\/es\/#\/schema\/logo\/image\/","url":"https:\/\/bxrepsol.s3.eu-west-1.amazonaws.com\/static\/2025\/07\/30083337\/favicon-96x96-1.png","contentUrl":"https:\/\/bxrepsol.s3.eu-west-1.amazonaws.com\/static\/2025\/07\/30083337\/favicon-96x96-1.png","width":96,"height":96,"caption":"Box Repsol"},"image":{"@id":"https:\/\/www.boxrepsol.com\/es\/#\/schema\/logo\/image\/"},"sameAs":["https:\/\/www.facebook.com\/BoxRepsol","https:\/\/x.com\/box_repsol","http:\/\/instagram.com\/box_repsol","https:\/\/www.youtube.com\/user\/RepsolCompeticion","https:\/\/www.flickr.com\/photos\/box_repsol\/"]},{"@type":"Person","@id":"https:\/\/www.boxrepsol.com\/es\/#\/schema\/person\/c5c2138f2cca251b0ad92b7086bb60b7","name":"Redacci\u00f3n Box Repsol","image":{"@type":"ImageObject","inLanguage":"es","@id":"https:\/\/secure.gravatar.com\/avatar\/adf7b77e38b4419baf32c7e9c21dde01f4e40df611f0978e3006fc4ba0aaab7e?s=96&d=mm&r=g","url":"https:\/\/secure.gravatar.com\/avatar\/adf7b77e38b4419baf32c7e9c21dde01f4e40df611f0978e3006fc4ba0aaab7e?s=96&d=mm&r=g","contentUrl":"https:\/\/secure.gravatar.com\/avatar\/adf7b77e38b4419baf32c7e9c21dde01f4e40df611f0978e3006fc4ba0aaab7e?s=96&d=mm&r=g","caption":"Redacci\u00f3n Box Repsol"},"description":"Box Repsol lo forma un equipo de periodistas, community managers, dise\u00f1adores y fot\u00f3grafos con m\u00e1s de 20 a\u00f1os de experiencia en el mundo del motorsport. Hemos vivido el primer mundial de un espa\u00f1ol en la categor\u00eda reina de motociclismo con \u00c1lex Crivill\u00e9, estuvimos en las victorias de Pedrosa y los t\u00edtulos de M\u00e1rquez, acompa\u00f1amos en \u00c1frica a Nani Roma y Marc Coma en sus conquistas del Dakar y hemos vibrado con los t\u00edtulos de Toni Bou en Trial. Adem\u00e1s, en nuestro equipo contamos con expertos en el mundo de las dos y cuatro ruedas tanto de la calle y las carreteras, como de los circuitos. Periodistas que han trabajado en revistas y publicaciones para hacerte llegar desde rutas y consejos de mantenimiento, a curiosidades y trucos de pilotaje.","sameAs":["https:\/\/www.facebook.com\/BoxRepsol\/","https:\/\/www.instagram.com\/box_repsol\/","https:\/\/x.com\/https:\/\/twitter.com\/box_repsol","https:\/\/www.youtube.com\/@Boxrepsol"],"url":"https:\/\/www.boxrepsol.com\/es\/author\/redaccion-box-repsol\/"}]}},"_links":{"self":[{"href":"https:\/\/www.boxrepsol.com\/es\/wp-json\/wp\/v2\/posts\/89909","targetHints":{"allow":["GET"]}}],"collection":[{"href":"https:\/\/www.boxrepsol.com\/es\/wp-json\/wp\/v2\/posts"}],"about":[{"href":"https:\/\/www.boxrepsol.com\/es\/wp-json\/wp\/v2\/types\/post"}],"author":[{"embeddable":true,"href":"https:\/\/www.boxrepsol.com\/es\/wp-json\/wp\/v2\/users\/43146"}],"replies":[{"embeddable":true,"href":"https:\/\/www.boxrepsol.com\/es\/wp-json\/wp\/v2\/comments?post=89909"}],"version-history":[{"count":1,"href":"https:\/\/www.boxrepsol.com\/es\/wp-json\/wp\/v2\/posts\/89909\/revisions"}],"predecessor-version":[{"id":89910,"href":"https:\/\/www.boxrepsol.com\/es\/wp-json\/wp\/v2\/posts\/89909\/revisions\/89910"}],"wp:featuredmedia":[{"embeddable":true,"href":"https:\/\/www.boxrepsol.com\/es\/wp-json\/wp\/v2\/media\/85797"}],"wp:attachment":[{"href":"https:\/\/www.boxrepsol.com\/es\/wp-json\/wp\/v2\/media?parent=89909"}],"wp:term":[{"taxonomy":"category","embeddable":true,"href":"https:\/\/www.boxrepsol.com\/es\/wp-json\/wp\/v2\/categories?post=89909"},{"taxonomy":"post_tag","embeddable":true,"href":"https:\/\/www.boxrepsol.com\/es\/wp-json\/wp\/v2\/tags?post=89909"}],"curies":[{"name":"wp","href":"https:\/\/api.w.org\/{rel}","templated":true}]}}