{"id":89903,"date":"2016-05-22T00:00:00","date_gmt":"2016-05-22T02:00:00","guid":{"rendered":"http:\/\/pre.boxrepsol.com\/sin-categorizar\/marquez-acaricia-la-victoria-y-pedrosa-el-podio-en-su-gp-250\/"},"modified":"2024-05-07T06:41:42","modified_gmt":"2024-05-07T08:41:42","slug":"marquez-acaricia-la-victoria-y-pedrosa-el-podio-en-su-gp-250","status":"publish","type":"post","link":"https:\/\/www.boxrepsol.com\/es\/motogp\/marquez-acaricia-la-victoria-y-pedrosa-el-podio-en-su-gp-250\/","title":{"rendered":"M\u00e1rquez acaricia la victoria y Pedrosa, el podio en su GP 250"},"content":{"rendered":"<blockquote>\n<p>\u00b7@marcmarquez93: \u00abhe hecho la mejor carrera que pod\u00eda hacer\u00bb #ItalianGP <\/p>\n<p>            <a href=\"http:\/\/twitter.com\/share?text=%C2%B7%40marcmarquez93%3A+%22he+hecho+la+mejor+carrera+que+pod%C3%ADa+hacer%22+%23ItalianGP+&#038;url=http%3A%2F%2F34.249.211.158%2Fes%2Fmotogp%2Fmarquez-acaricia-la-victoria-y-pedrosa-el-podio-en-su-gp-250%2F&#038;hashtags=\" target=\"_blank\" rel=\"noopener\"><br \/>\n            twittear        <\/a>\n        <\/p><\/blockquote>\n<p>El Gran Premio de Italia ha vuelto a deparar un grand\u00edsimo espect\u00e1culo desde la primera a la \u00faltima vuelta. Sin hacer una buena salida, los pilotos del equipo Repsol Honda han tenido que remontar. Marc M\u00e1rquez ha visto desde la tercera posici\u00f3n c\u00f3mo el motor de la moto de Rossi dec\u00eda basta en el d\u00e9cimo giro y, a media carrera, su mejor\u00eda en el ritmo le ha permitido situarse a rueda de Lorenzo. En una espectacular \u00faltima vuelta en la que se han adelantado varias veces, <strong>el triunfo se ha decidido en la misma recta de meta por apenas 19 mil\u00e9simas<\/strong>, la ventaja con la que Lorenzo ha pasado por delante del piloto del equipo Repsol Honda aprovechando su rebufo.<\/p>\n<p>Dani Pedrosa, con m\u00e1s dificultades en los primeros giros debido al dep\u00f3sito lleno, tambi\u00e9n ha aumentado su ritmo para luchar por la tercera posici\u00f3n hasta la \u00faltima curva con Andrea Iannone. Ha terminado a menos de 5 segundos del vencedor y a 168 mil\u00e9simas del podio. Tras esta carrera, M\u00e1rquez sigue segundo del Mundial con 105 puntos y Pedrosa es cuarto con 66.<\/p>\n<p>\t\t\t\t<img decoding=\"async\" src=\"https:\/\/bxrepsol.s3.eu-west-1.amazonaws.com\/static\/2022\/08\/29044939\/29-marc-marquez-equipo-repsol-honda-team-motogp.jpg\" alt=\"29-marc-marquez-equipo-repsol-honda-team-motogp\" itemprop=\"image\"  \/><\/p>\n<h3><strong>Marc M\u00e1rquez<\/strong><\/h3>\n<p><em>\u00abHoy hemos hecho una buena carrera, hemos conseguido estar muy cerca, y al final hemos terminado en el podio, que siempre es positivo, pero incluso con el rebufo no era capaz de adelantar a Jorge [Lorenzo]. Hemos sufrido mucho durante todo el fin de semana, sobre todo en las aceleraciones y en la velocidad punta. He intentado dar el m\u00e1ximo, he hecho la mejor carrera que pod\u00eda hacer hoy, lo he intentado todo. He tomado muchos riesgos para poder ganar, pero en la recta de meta Jorge me ha adelantado saliendo de mi rebufo. Ahora tenemos que seguir trabajando en la aceleraci\u00f3n, porque todav\u00eda perdemos un poco en este aspecto. Honda est\u00e1 trabajando duro en Jap\u00f3n como nosotros en los circuitos, as\u00ed que de cara a la pr\u00f3xima carrera intentaremos dar un paso adelante\u00bb.<\/em><\/p>\n<h3><strong>Dani Pedrosa<\/strong><\/h3>\n<p><em>\u00abHa sido una carrera un poco mejor que las anteriores. El principio ha sido dif\u00edcil y con el dep\u00f3sito lleno he perdido bastante terreno. Sin embargo, mi ritmo no era malo y he podido remontar varias posiciones, aprovechando tambi\u00e9n errores de otros pilotos. He conseguido aguantar con Iannone y aumentar mi ritmo para intentar pelear por la tercera posici\u00f3n, porque \u00e9l ven\u00eda un poco m\u00e1s r\u00e1pido. He podido seguirle y mantenerme con \u00e9l, pero costaba mucho adelantarle, porque era muy r\u00e1pido en las rectas y era muy dif\u00edcil ponerme a su altura para pasarle. En esta carrera hemos aprendido mucho sobre nuestra moto, as\u00ed que vamos a intentar trabajar en ello para dar un paso adelante en el futuro\u00bb.<\/em><\/p>\n","protected":false},"excerpt":{"rendered":"<p>Los pilotos del equipo Repsol Honda protagonizan una carrera de menos a m\u00e1s, con M\u00e1rquez aspirando al triunfo hasta la recta de meta \u2013segundo\u2013 y Pedrosa terminando cuarto a 168 mil\u00e9simas del podio.<\/p>\n","protected":false},"author":43146,"featured_media":85782,"comment_status":"open","ping_status":"open","sticky":false,"template":"","format":"standard","meta":{"footnotes":""},"categories":[4],"tags":[127],"class_list":["post-89903","post","type-post","status-publish","format-standard","hentry","category-motogp","tag-motogp-italia"],"yoast_head":"<!-- This site is optimized with the Yoast SEO plugin v27.3 - https:\/\/yoast.com\/product\/yoast-seo-wordpress\/ -->\n<title>M\u00e1rquez acaricia la victoria y Pedrosa, el podio en su GP 250 - Box Repsol<\/title>\n<meta name=\"description\" content=\"Los pilotos del equipo Repsol Honda protagonizan una carrera de menos a m\u00e1s, con M\u00e1rquez aspirando al triunfo hasta la recta de meta...\" \/>\n<link rel=\"canonical\" href=\"https:\/\/www.boxrepsol.com\/es\/motogp\/marquez-acaricia-la-victoria-y-pedrosa-el-podio-en-su-gp-250\/\" \/>\n<meta property=\"og:locale\" content=\"es_ES\" \/>\n<meta property=\"og:type\" content=\"article\" \/>\n<meta property=\"og:title\" content=\"M\u00e1rquez acaricia la victoria y Pedrosa, el podio en su GP 250 - Box Repsol\" \/>\n<meta property=\"og:description\" content=\"Los pilotos del equipo Repsol Honda protagonizan una carrera de menos a m\u00e1s, con M\u00e1rquez aspirando al triunfo hasta la recta de meta...\" \/>\n<meta property=\"og:url\" content=\"https:\/\/www.boxrepsol.com\/es\/motogp\/marquez-acaricia-la-victoria-y-pedrosa-el-podio-en-su-gp-250\/\" \/>\n<meta property=\"og:site_name\" content=\"Box Repsol\" \/>\n<meta property=\"article:publisher\" content=\"https:\/\/www.facebook.com\/BoxRepsol\" \/>\n<meta property=\"article:author\" content=\"https:\/\/www.facebook.com\/BoxRepsol\/\" \/>\n<meta property=\"article:published_time\" content=\"2016-05-22T02:00:00+00:00\" \/>\n<meta property=\"article:modified_time\" content=\"2024-05-07T08:41:42+00:00\" \/>\n<meta property=\"og:image\" content=\"https:\/\/www.boxrepsol.com\/wp-content\/uploads\/2022\/08\/28-marc-marquez-repsol-honda.jpg\" \/>\n\t<meta property=\"og:image:width\" content=\"984\" \/>\n\t<meta property=\"og:image:height\" content=\"412\" \/>\n\t<meta property=\"og:image:type\" content=\"image\/jpeg\" \/>\n<meta name=\"author\" content=\"Redacci\u00f3n Box Repsol\" \/>\n<meta name=\"twitter:card\" content=\"summary_large_image\" \/>\n<meta name=\"twitter:creator\" content=\"@https:\/\/twitter.com\/box_repsol\" \/>\n<meta name=\"twitter:site\" content=\"@box_repsol\" \/>\n<meta name=\"twitter:label1\" content=\"Written by\" \/>\n\t<meta name=\"twitter:data1\" content=\"Redacci\u00f3n Box Repsol\" \/>\n\t<meta name=\"twitter:label2\" content=\"Est. reading time\" \/>\n\t<meta name=\"twitter:data2\" content=\"2 minutos\" \/>\n<script type=\"application\/ld+json\" class=\"yoast-schema-graph\">{\"@context\":\"https:\\\/\\\/schema.org\",\"@graph\":[{\"@type\":\"Article\",\"@id\":\"https:\\\/\\\/www.boxrepsol.com\\\/es\\\/motogp\\\/marquez-acaricia-la-victoria-y-pedrosa-el-podio-en-su-gp-250\\\/#article\",\"isPartOf\":{\"@id\":\"https:\\\/\\\/www.boxrepsol.com\\\/es\\\/motogp\\\/marquez-acaricia-la-victoria-y-pedrosa-el-podio-en-su-gp-250\\\/\"},\"author\":{\"name\":\"Redacci\u00f3n Box Repsol\",\"@id\":\"https:\\\/\\\/www.boxrepsol.com\\\/es\\\/#\\\/schema\\\/person\\\/c5c2138f2cca251b0ad92b7086bb60b7\"},\"headline\":\"M\u00e1rquez acaricia la victoria y Pedrosa, el podio en su GP 250\",\"datePublished\":\"2016-05-22T02:00:00+00:00\",\"dateModified\":\"2024-05-07T08:41:42+00:00\",\"mainEntityOfPage\":{\"@id\":\"https:\\\/\\\/www.boxrepsol.com\\\/es\\\/motogp\\\/marquez-acaricia-la-victoria-y-pedrosa-el-podio-en-su-gp-250\\\/\"},\"wordCount\":490,\"commentCount\":0,\"publisher\":{\"@id\":\"https:\\\/\\\/www.boxrepsol.com\\\/es\\\/#organization\"},\"image\":{\"@id\":\"https:\\\/\\\/www.boxrepsol.com\\\/es\\\/motogp\\\/marquez-acaricia-la-victoria-y-pedrosa-el-podio-en-su-gp-250\\\/#primaryimage\"},\"thumbnailUrl\":\"https:\\\/\\\/www.boxrepsol.com\\\/wp-content\\\/uploads\\\/2022\\\/08\\\/28-marc-marquez-repsol-honda.jpg\",\"keywords\":[\"MotoGP Italia\"],\"articleSection\":[\"MotoGP\"],\"inLanguage\":\"es\",\"potentialAction\":[{\"@type\":\"CommentAction\",\"name\":\"Comment\",\"target\":[\"https:\\\/\\\/www.boxrepsol.com\\\/es\\\/motogp\\\/marquez-acaricia-la-victoria-y-pedrosa-el-podio-en-su-gp-250\\\/#respond\"]}]},{\"@type\":\"WebPage\",\"@id\":\"https:\\\/\\\/www.boxrepsol.com\\\/es\\\/motogp\\\/marquez-acaricia-la-victoria-y-pedrosa-el-podio-en-su-gp-250\\\/\",\"url\":\"https:\\\/\\\/www.boxrepsol.com\\\/es\\\/motogp\\\/marquez-acaricia-la-victoria-y-pedrosa-el-podio-en-su-gp-250\\\/\",\"name\":\"M\u00e1rquez acaricia la victoria y Pedrosa, el podio en su GP 250 - Box Repsol\",\"isPartOf\":{\"@id\":\"https:\\\/\\\/www.boxrepsol.com\\\/es\\\/#website\"},\"primaryImageOfPage\":{\"@id\":\"https:\\\/\\\/www.boxrepsol.com\\\/es\\\/motogp\\\/marquez-acaricia-la-victoria-y-pedrosa-el-podio-en-su-gp-250\\\/#primaryimage\"},\"image\":{\"@id\":\"https:\\\/\\\/www.boxrepsol.com\\\/es\\\/motogp\\\/marquez-acaricia-la-victoria-y-pedrosa-el-podio-en-su-gp-250\\\/#primaryimage\"},\"thumbnailUrl\":\"https:\\\/\\\/www.boxrepsol.com\\\/wp-content\\\/uploads\\\/2022\\\/08\\\/28-marc-marquez-repsol-honda.jpg\",\"datePublished\":\"2016-05-22T02:00:00+00:00\",\"dateModified\":\"2024-05-07T08:41:42+00:00\",\"description\":\"Los pilotos del equipo Repsol Honda protagonizan una carrera de menos a m\u00e1s, con M\u00e1rquez aspirando al triunfo hasta la recta de meta...\",\"breadcrumb\":{\"@id\":\"https:\\\/\\\/www.boxrepsol.com\\\/es\\\/motogp\\\/marquez-acaricia-la-victoria-y-pedrosa-el-podio-en-su-gp-250\\\/#breadcrumb\"},\"inLanguage\":\"es\",\"potentialAction\":[{\"@type\":\"ReadAction\",\"target\":[\"https:\\\/\\\/www.boxrepsol.com\\\/es\\\/motogp\\\/marquez-acaricia-la-victoria-y-pedrosa-el-podio-en-su-gp-250\\\/\"]}]},{\"@type\":\"ImageObject\",\"inLanguage\":\"es\",\"@id\":\"https:\\\/\\\/www.boxrepsol.com\\\/es\\\/motogp\\\/marquez-acaricia-la-victoria-y-pedrosa-el-podio-en-su-gp-250\\\/#primaryimage\",\"url\":\"https:\\\/\\\/www.boxrepsol.com\\\/wp-content\\\/uploads\\\/2022\\\/08\\\/28-marc-marquez-repsol-honda.jpg\",\"contentUrl\":\"https:\\\/\\\/www.boxrepsol.com\\\/wp-content\\\/uploads\\\/2022\\\/08\\\/28-marc-marquez-repsol-honda.jpg\",\"width\":984,\"height\":412,\"caption\":\"Marc M\u00e1rquez tumbando sobre la RC213V\"},{\"@type\":\"BreadcrumbList\",\"@id\":\"https:\\\/\\\/www.boxrepsol.com\\\/es\\\/motogp\\\/marquez-acaricia-la-victoria-y-pedrosa-el-podio-en-su-gp-250\\\/#breadcrumb\",\"itemListElement\":[{\"@type\":\"ListItem\",\"position\":1,\"name\":\"Home\",\"item\":\"https:\\\/\\\/www.boxrepsol.com\\\/es\\\/\"},{\"@type\":\"ListItem\",\"position\":2,\"name\":\"M\u00e1rquez acaricia la victoria y Pedrosa, el podio en su GP 250\"}]},{\"@type\":\"WebSite\",\"@id\":\"https:\\\/\\\/www.boxrepsol.com\\\/es\\\/#website\",\"url\":\"https:\\\/\\\/www.boxrepsol.com\\\/es\\\/\",\"name\":\"Box Repsol\",\"description\":\"Box Repsol Site\",\"publisher\":{\"@id\":\"https:\\\/\\\/www.boxrepsol.com\\\/es\\\/#organization\"},\"potentialAction\":[{\"@type\":\"SearchAction\",\"target\":{\"@type\":\"EntryPoint\",\"urlTemplate\":\"https:\\\/\\\/www.boxrepsol.com\\\/es\\\/?s={search_term_string}\"},\"query-input\":{\"@type\":\"PropertyValueSpecification\",\"valueRequired\":true,\"valueName\":\"search_term_string\"}}],\"inLanguage\":\"es\"},{\"@type\":\"Organization\",\"@id\":\"https:\\\/\\\/www.boxrepsol.com\\\/es\\\/#organization\",\"name\":\"Box Repsol\",\"url\":\"https:\\\/\\\/www.boxrepsol.com\\\/es\\\/\",\"logo\":{\"@type\":\"ImageObject\",\"inLanguage\":\"es\",\"@id\":\"https:\\\/\\\/www.boxrepsol.com\\\/es\\\/#\\\/schema\\\/logo\\\/image\\\/\",\"url\":\"https:\\\/\\\/bxrepsol.s3.eu-west-1.amazonaws.com\\\/static\\\/2025\\\/07\\\/30083337\\\/favicon-96x96-1.png\",\"contentUrl\":\"https:\\\/\\\/bxrepsol.s3.eu-west-1.amazonaws.com\\\/static\\\/2025\\\/07\\\/30083337\\\/favicon-96x96-1.png\",\"width\":96,\"height\":96,\"caption\":\"Box Repsol\"},\"image\":{\"@id\":\"https:\\\/\\\/www.boxrepsol.com\\\/es\\\/#\\\/schema\\\/logo\\\/image\\\/\"},\"sameAs\":[\"https:\\\/\\\/www.facebook.com\\\/BoxRepsol\",\"https:\\\/\\\/x.com\\\/box_repsol\",\"http:\\\/\\\/instagram.com\\\/box_repsol\",\"https:\\\/\\\/www.youtube.com\\\/user\\\/RepsolCompeticion\",\"https:\\\/\\\/www.flickr.com\\\/photos\\\/box_repsol\\\/\"]},{\"@type\":\"Person\",\"@id\":\"https:\\\/\\\/www.boxrepsol.com\\\/es\\\/#\\\/schema\\\/person\\\/c5c2138f2cca251b0ad92b7086bb60b7\",\"name\":\"Redacci\u00f3n Box Repsol\",\"image\":{\"@type\":\"ImageObject\",\"inLanguage\":\"es\",\"@id\":\"https:\\\/\\\/secure.gravatar.com\\\/avatar\\\/adf7b77e38b4419baf32c7e9c21dde01f4e40df611f0978e3006fc4ba0aaab7e?s=96&d=mm&r=g\",\"url\":\"https:\\\/\\\/secure.gravatar.com\\\/avatar\\\/adf7b77e38b4419baf32c7e9c21dde01f4e40df611f0978e3006fc4ba0aaab7e?s=96&d=mm&r=g\",\"contentUrl\":\"https:\\\/\\\/secure.gravatar.com\\\/avatar\\\/adf7b77e38b4419baf32c7e9c21dde01f4e40df611f0978e3006fc4ba0aaab7e?s=96&d=mm&r=g\",\"caption\":\"Redacci\u00f3n Box Repsol\"},\"description\":\"Box Repsol lo forma un equipo de periodistas, community managers, dise\u00f1adores y fot\u00f3grafos con m\u00e1s de 20 a\u00f1os de experiencia en el mundo del motorsport. Hemos vivido el primer mundial de un espa\u00f1ol en la categor\u00eda reina de motociclismo con \u00c1lex Crivill\u00e9, estuvimos en las victorias de Pedrosa y los t\u00edtulos de M\u00e1rquez, acompa\u00f1amos en \u00c1frica a Nani Roma y Marc Coma en sus conquistas del Dakar y hemos vibrado con los t\u00edtulos de Toni Bou en Trial. Adem\u00e1s, en nuestro equipo contamos con expertos en el mundo de las dos y cuatro ruedas tanto de la calle y las carreteras, como de los circuitos. Periodistas que han trabajado en revistas y publicaciones para hacerte llegar desde rutas y consejos de mantenimiento, a curiosidades y trucos de pilotaje.\",\"sameAs\":[\"https:\\\/\\\/www.facebook.com\\\/BoxRepsol\\\/\",\"https:\\\/\\\/www.instagram.com\\\/box_repsol\\\/\",\"https:\\\/\\\/x.com\\\/https:\\\/\\\/twitter.com\\\/box_repsol\",\"https:\\\/\\\/www.youtube.com\\\/@Boxrepsol\"],\"url\":\"https:\\\/\\\/www.boxrepsol.com\\\/es\\\/author\\\/redaccion-box-repsol\\\/\"}]}<\/script>\n<!-- \/ Yoast SEO plugin. -->","yoast_head_json":{"title":"M\u00e1rquez acaricia la victoria y Pedrosa, el podio en su GP 250 - Box Repsol","description":"Los pilotos del equipo Repsol Honda protagonizan una carrera de menos a m\u00e1s, con M\u00e1rquez aspirando al triunfo hasta la recta de meta...","canonical":"https:\/\/www.boxrepsol.com\/es\/motogp\/marquez-acaricia-la-victoria-y-pedrosa-el-podio-en-su-gp-250\/","og_locale":"es_ES","og_type":"article","og_title":"M\u00e1rquez acaricia la victoria y Pedrosa, el podio en su GP 250 - Box Repsol","og_description":"Los pilotos del equipo Repsol Honda protagonizan una carrera de menos a m\u00e1s, con M\u00e1rquez aspirando al triunfo hasta la recta de meta...","og_url":"https:\/\/www.boxrepsol.com\/es\/motogp\/marquez-acaricia-la-victoria-y-pedrosa-el-podio-en-su-gp-250\/","og_site_name":"Box Repsol","article_publisher":"https:\/\/www.facebook.com\/BoxRepsol","article_author":"https:\/\/www.facebook.com\/BoxRepsol\/","article_published_time":"2016-05-22T02:00:00+00:00","article_modified_time":"2024-05-07T08:41:42+00:00","og_image":[{"width":984,"height":412,"url":"https:\/\/www.boxrepsol.com\/wp-content\/uploads\/2022\/08\/28-marc-marquez-repsol-honda.jpg","type":"image\/jpeg"}],"author":"Redacci\u00f3n Box Repsol","twitter_card":"summary_large_image","twitter_creator":"@https:\/\/twitter.com\/box_repsol","twitter_site":"@box_repsol","twitter_misc":{"Written by":"Redacci\u00f3n Box Repsol","Est. reading time":"2 minutos"},"schema":{"@context":"https:\/\/schema.org","@graph":[{"@type":"Article","@id":"https:\/\/www.boxrepsol.com\/es\/motogp\/marquez-acaricia-la-victoria-y-pedrosa-el-podio-en-su-gp-250\/#article","isPartOf":{"@id":"https:\/\/www.boxrepsol.com\/es\/motogp\/marquez-acaricia-la-victoria-y-pedrosa-el-podio-en-su-gp-250\/"},"author":{"name":"Redacci\u00f3n Box Repsol","@id":"https:\/\/www.boxrepsol.com\/es\/#\/schema\/person\/c5c2138f2cca251b0ad92b7086bb60b7"},"headline":"M\u00e1rquez acaricia la victoria y Pedrosa, el podio en su GP 250","datePublished":"2016-05-22T02:00:00+00:00","dateModified":"2024-05-07T08:41:42+00:00","mainEntityOfPage":{"@id":"https:\/\/www.boxrepsol.com\/es\/motogp\/marquez-acaricia-la-victoria-y-pedrosa-el-podio-en-su-gp-250\/"},"wordCount":490,"commentCount":0,"publisher":{"@id":"https:\/\/www.boxrepsol.com\/es\/#organization"},"image":{"@id":"https:\/\/www.boxrepsol.com\/es\/motogp\/marquez-acaricia-la-victoria-y-pedrosa-el-podio-en-su-gp-250\/#primaryimage"},"thumbnailUrl":"https:\/\/www.boxrepsol.com\/wp-content\/uploads\/2022\/08\/28-marc-marquez-repsol-honda.jpg","keywords":["MotoGP Italia"],"articleSection":["MotoGP"],"inLanguage":"es","potentialAction":[{"@type":"CommentAction","name":"Comment","target":["https:\/\/www.boxrepsol.com\/es\/motogp\/marquez-acaricia-la-victoria-y-pedrosa-el-podio-en-su-gp-250\/#respond"]}]},{"@type":"WebPage","@id":"https:\/\/www.boxrepsol.com\/es\/motogp\/marquez-acaricia-la-victoria-y-pedrosa-el-podio-en-su-gp-250\/","url":"https:\/\/www.boxrepsol.com\/es\/motogp\/marquez-acaricia-la-victoria-y-pedrosa-el-podio-en-su-gp-250\/","name":"M\u00e1rquez acaricia la victoria y Pedrosa, el podio en su GP 250 - Box Repsol","isPartOf":{"@id":"https:\/\/www.boxrepsol.com\/es\/#website"},"primaryImageOfPage":{"@id":"https:\/\/www.boxrepsol.com\/es\/motogp\/marquez-acaricia-la-victoria-y-pedrosa-el-podio-en-su-gp-250\/#primaryimage"},"image":{"@id":"https:\/\/www.boxrepsol.com\/es\/motogp\/marquez-acaricia-la-victoria-y-pedrosa-el-podio-en-su-gp-250\/#primaryimage"},"thumbnailUrl":"https:\/\/www.boxrepsol.com\/wp-content\/uploads\/2022\/08\/28-marc-marquez-repsol-honda.jpg","datePublished":"2016-05-22T02:00:00+00:00","dateModified":"2024-05-07T08:41:42+00:00","description":"Los pilotos del equipo Repsol Honda protagonizan una carrera de menos a m\u00e1s, con M\u00e1rquez aspirando al triunfo hasta la recta de meta...","breadcrumb":{"@id":"https:\/\/www.boxrepsol.com\/es\/motogp\/marquez-acaricia-la-victoria-y-pedrosa-el-podio-en-su-gp-250\/#breadcrumb"},"inLanguage":"es","potentialAction":[{"@type":"ReadAction","target":["https:\/\/www.boxrepsol.com\/es\/motogp\/marquez-acaricia-la-victoria-y-pedrosa-el-podio-en-su-gp-250\/"]}]},{"@type":"ImageObject","inLanguage":"es","@id":"https:\/\/www.boxrepsol.com\/es\/motogp\/marquez-acaricia-la-victoria-y-pedrosa-el-podio-en-su-gp-250\/#primaryimage","url":"https:\/\/www.boxrepsol.com\/wp-content\/uploads\/2022\/08\/28-marc-marquez-repsol-honda.jpg","contentUrl":"https:\/\/www.boxrepsol.com\/wp-content\/uploads\/2022\/08\/28-marc-marquez-repsol-honda.jpg","width":984,"height":412,"caption":"Marc M\u00e1rquez tumbando sobre la RC213V"},{"@type":"BreadcrumbList","@id":"https:\/\/www.boxrepsol.com\/es\/motogp\/marquez-acaricia-la-victoria-y-pedrosa-el-podio-en-su-gp-250\/#breadcrumb","itemListElement":[{"@type":"ListItem","position":1,"name":"Home","item":"https:\/\/www.boxrepsol.com\/es\/"},{"@type":"ListItem","position":2,"name":"M\u00e1rquez acaricia la victoria y Pedrosa, el podio en su GP 250"}]},{"@type":"WebSite","@id":"https:\/\/www.boxrepsol.com\/es\/#website","url":"https:\/\/www.boxrepsol.com\/es\/","name":"Box Repsol","description":"Box Repsol Site","publisher":{"@id":"https:\/\/www.boxrepsol.com\/es\/#organization"},"potentialAction":[{"@type":"SearchAction","target":{"@type":"EntryPoint","urlTemplate":"https:\/\/www.boxrepsol.com\/es\/?s={search_term_string}"},"query-input":{"@type":"PropertyValueSpecification","valueRequired":true,"valueName":"search_term_string"}}],"inLanguage":"es"},{"@type":"Organization","@id":"https:\/\/www.boxrepsol.com\/es\/#organization","name":"Box Repsol","url":"https:\/\/www.boxrepsol.com\/es\/","logo":{"@type":"ImageObject","inLanguage":"es","@id":"https:\/\/www.boxrepsol.com\/es\/#\/schema\/logo\/image\/","url":"https:\/\/bxrepsol.s3.eu-west-1.amazonaws.com\/static\/2025\/07\/30083337\/favicon-96x96-1.png","contentUrl":"https:\/\/bxrepsol.s3.eu-west-1.amazonaws.com\/static\/2025\/07\/30083337\/favicon-96x96-1.png","width":96,"height":96,"caption":"Box Repsol"},"image":{"@id":"https:\/\/www.boxrepsol.com\/es\/#\/schema\/logo\/image\/"},"sameAs":["https:\/\/www.facebook.com\/BoxRepsol","https:\/\/x.com\/box_repsol","http:\/\/instagram.com\/box_repsol","https:\/\/www.youtube.com\/user\/RepsolCompeticion","https:\/\/www.flickr.com\/photos\/box_repsol\/"]},{"@type":"Person","@id":"https:\/\/www.boxrepsol.com\/es\/#\/schema\/person\/c5c2138f2cca251b0ad92b7086bb60b7","name":"Redacci\u00f3n Box Repsol","image":{"@type":"ImageObject","inLanguage":"es","@id":"https:\/\/secure.gravatar.com\/avatar\/adf7b77e38b4419baf32c7e9c21dde01f4e40df611f0978e3006fc4ba0aaab7e?s=96&d=mm&r=g","url":"https:\/\/secure.gravatar.com\/avatar\/adf7b77e38b4419baf32c7e9c21dde01f4e40df611f0978e3006fc4ba0aaab7e?s=96&d=mm&r=g","contentUrl":"https:\/\/secure.gravatar.com\/avatar\/adf7b77e38b4419baf32c7e9c21dde01f4e40df611f0978e3006fc4ba0aaab7e?s=96&d=mm&r=g","caption":"Redacci\u00f3n Box Repsol"},"description":"Box Repsol lo forma un equipo de periodistas, community managers, dise\u00f1adores y fot\u00f3grafos con m\u00e1s de 20 a\u00f1os de experiencia en el mundo del motorsport. Hemos vivido el primer mundial de un espa\u00f1ol en la categor\u00eda reina de motociclismo con \u00c1lex Crivill\u00e9, estuvimos en las victorias de Pedrosa y los t\u00edtulos de M\u00e1rquez, acompa\u00f1amos en \u00c1frica a Nani Roma y Marc Coma en sus conquistas del Dakar y hemos vibrado con los t\u00edtulos de Toni Bou en Trial. Adem\u00e1s, en nuestro equipo contamos con expertos en el mundo de las dos y cuatro ruedas tanto de la calle y las carreteras, como de los circuitos. Periodistas que han trabajado en revistas y publicaciones para hacerte llegar desde rutas y consejos de mantenimiento, a curiosidades y trucos de pilotaje.","sameAs":["https:\/\/www.facebook.com\/BoxRepsol\/","https:\/\/www.instagram.com\/box_repsol\/","https:\/\/x.com\/https:\/\/twitter.com\/box_repsol","https:\/\/www.youtube.com\/@Boxrepsol"],"url":"https:\/\/www.boxrepsol.com\/es\/author\/redaccion-box-repsol\/"}]}},"_links":{"self":[{"href":"https:\/\/www.boxrepsol.com\/es\/wp-json\/wp\/v2\/posts\/89903","targetHints":{"allow":["GET"]}}],"collection":[{"href":"https:\/\/www.boxrepsol.com\/es\/wp-json\/wp\/v2\/posts"}],"about":[{"href":"https:\/\/www.boxrepsol.com\/es\/wp-json\/wp\/v2\/types\/post"}],"author":[{"embeddable":true,"href":"https:\/\/www.boxrepsol.com\/es\/wp-json\/wp\/v2\/users\/43146"}],"replies":[{"embeddable":true,"href":"https:\/\/www.boxrepsol.com\/es\/wp-json\/wp\/v2\/comments?post=89903"}],"version-history":[{"count":1,"href":"https:\/\/www.boxrepsol.com\/es\/wp-json\/wp\/v2\/posts\/89903\/revisions"}],"predecessor-version":[{"id":89904,"href":"https:\/\/www.boxrepsol.com\/es\/wp-json\/wp\/v2\/posts\/89903\/revisions\/89904"}],"wp:featuredmedia":[{"embeddable":true,"href":"https:\/\/www.boxrepsol.com\/es\/wp-json\/wp\/v2\/media\/85782"}],"wp:attachment":[{"href":"https:\/\/www.boxrepsol.com\/es\/wp-json\/wp\/v2\/media?parent=89903"}],"wp:term":[{"taxonomy":"category","embeddable":true,"href":"https:\/\/www.boxrepsol.com\/es\/wp-json\/wp\/v2\/categories?post=89903"},{"taxonomy":"post_tag","embeddable":true,"href":"https:\/\/www.boxrepsol.com\/es\/wp-json\/wp\/v2\/tags?post=89903"}],"curies":[{"name":"wp","href":"https:\/\/api.w.org\/{rel}","templated":true}]}}