{"id":89901,"date":"2016-04-30T00:00:00","date_gmt":"2016-04-30T02:00:00","guid":{"rendered":"http:\/\/pre.boxrepsol.com\/sin-categorizar\/doblete-de-toni-bou-en-alemania\/"},"modified":"2024-05-07T06:44:00","modified_gmt":"2024-05-07T08:44:00","slug":"doblete-de-toni-bou-en-alemania","status":"publish","type":"post","link":"https:\/\/www.boxrepsol.com\/es\/trial\/doblete-de-toni-bou-en-alemania\/","title":{"rendered":"Doblete de Toni Bou en Alemania"},"content":{"rendered":"<blockquote>\n<p>Toni Bou se impone en las dos jornadas del #TrialdeAlemania <\/p>\n<p>            <a href=\"http:\/\/twitter.com\/share?text=Toni+Bou+se+impone+en+las+dos+jornadas+del+%23TrialdeAlemania+&#038;url=http%3A%2F%2F34.249.211.158%2Fes%2Ftrial%2Fdoblete-de-toni-bou-en-alemania%2F&#038;hashtags=\" target=\"_blank\" rel=\"noopener\"><br \/>\n            twittear        <\/a>\n        <\/p><\/blockquote>\n<p>Toni Bou ha sido el gran dominador de la tercera cita del Mundial de Trial disputada en Alemania, alz\u00e1ndose con la victoria en las dos jornadas de competici\u00f3n. Ambos d\u00edas, el piloto del Repsol Honda ha acabado por delante de Adam Raga, y se marcha de tierras germanas con una ventaja de 11 puntos en la clasificaci\u00f3n general respecto a su rival. <strong>Con las dos victorias de este fin de semana, Bou suma ya cuatro en este certamen<\/strong> \u2013las \u00faltimas tres, de manera consecutiva\u2013.<\/p>\n<p>Sus compa\u00f1eros de equipo, Takahisa Fujinami y Jaime Busto, se han turnado en la cuarta posici\u00f3n, rozando el podio, pero sumando unos valiosos puntos que les han permitido escalar un escal\u00f3n en la clasificaci\u00f3n provisional. El japon\u00e9s es tercero con 74 puntos y el espa\u00f1ol, quinto con 72.<\/p>\n<p>La pr\u00f3xima cita para el equipo Repsol Honda ser\u00e1 los d\u00edas 11 y 12 de junio, con motivo del Gran Premio de Andorra.<\/p>\n<p>\t\t\t\t<img decoding=\"async\" src=\"https:\/\/bxrepsol.s3.eu-west-1.amazonaws.com\/static\/2022\/08\/29044930\/27-takahisa-fujinami-repsol-honda-trial-scaled.jpg\" alt=\"27-takahisa-fujinami-repsol-honda-trial\" itemprop=\"image\"  \/><\/p>\n<p><strong>Toni Bou<br \/>\n<\/strong><\/p>\n<p><em>\u00abCreo que, despu\u00e9s de los errores que he cometido en la primera vuelta, he sabido rectificar y encarar una segunda parte muy buena. Estaba muy cansado por el esfuerzo que hice ayer, pero he ido bastante mejor, me he sentido mucho m\u00e1s c\u00f3modo pilotando la moto y el hombro no me ha molestado. El resultado de este fin de semana es muy bueno para el campeonato, porque como he dicho y repetir\u00e9 hasta el final, este a\u00f1o ser\u00e1 muy complicado\u00bb.<\/em><\/p>\n<p><strong>Takahisa Fujinami<\/strong><\/p>\n<p><em>\u00abLo mejor de este fin de semana es que me voy de Alemania siendo tercero del Mundial. En la primera vuelta lo he pasado mal, no estaba fino. No s\u00e9 si porque me he ca\u00eddo o porque patinaba mucho. Luego he ido a mejor. Pens\u00e1ndolo bien, si haci\u00e9ndolo tan mal he acabado quinto, tan soo espero que las pr\u00f3ximas carreras vayan mucho mejor. El campeonato es largo, pero estar tercero es para verlo de forma positiva. Seguiremos luchando en Andorra\u00bb.<\/em><\/p>\n<p><strong>Jaime Busto<\/strong><\/p>\n<p><em>\u00abHoy he ido algo m\u00e1s tranquilo cuando superaba algunas zonas. Eso es positivo, pero realmente, durante la carrera pensaba que iba bastante peor y, cuando he acabado, ha sido una sorpresa ver que estaba en tercer lugar al final de la segunda vuelta. No acababa de estar fino y ya veo que, a veces, no tengo que darle vueltas a la cabeza porque los dem\u00e1s tambi\u00e9n cometen errores. Otra lecci\u00f3n m\u00e1s que aprender\u00bb.<\/em><\/p>\n","protected":false},"excerpt":{"rendered":"<p>El piloto del Repsol Honda se impone en las dos jornadas del Trial de Alemania celebrado en Gefrees. Sus compa\u00f1eros, Takahisa Fujinami y Jaime Busto, escalan un puesto en la clasificaci\u00f3n general tras rozar el podio tanto el s\u00e1bado como el domingo.<\/p>\n","protected":false},"author":43146,"featured_media":85778,"comment_status":"open","ping_status":"open","sticky":false,"template":"","format":"standard","meta":{"footnotes":""},"categories":[23],"tags":[21],"class_list":["post-89901","post","type-post","status-publish","format-standard","hentry","category-trial","tag-toni-bou"],"yoast_head":"<!-- This site is optimized with the Yoast SEO plugin v27.3 - https:\/\/yoast.com\/product\/yoast-seo-wordpress\/ -->\n<title>Doblete de Toni Bou en Alemania - Box Repsol<\/title>\n<meta name=\"description\" content=\"El piloto del Repsol Honda se impone en las dos jornadas del Trial de Alemania celebrado en Gefrees...\" \/>\n<link rel=\"canonical\" href=\"https:\/\/www.boxrepsol.com\/es\/trial\/doblete-de-toni-bou-en-alemania\/\" \/>\n<meta property=\"og:locale\" content=\"es_ES\" \/>\n<meta property=\"og:type\" content=\"article\" \/>\n<meta property=\"og:title\" content=\"Doblete de Toni Bou en Alemania - Box Repsol\" \/>\n<meta property=\"og:description\" content=\"El piloto del Repsol Honda se impone en las dos jornadas del Trial de Alemania celebrado en Gefrees...\" \/>\n<meta property=\"og:url\" content=\"https:\/\/www.boxrepsol.com\/es\/trial\/doblete-de-toni-bou-en-alemania\/\" \/>\n<meta property=\"og:site_name\" content=\"Box Repsol\" \/>\n<meta property=\"article:publisher\" content=\"https:\/\/www.facebook.com\/BoxRepsol\" \/>\n<meta property=\"article:author\" content=\"https:\/\/www.facebook.com\/BoxRepsol\/\" \/>\n<meta property=\"article:published_time\" content=\"2016-04-30T02:00:00+00:00\" \/>\n<meta property=\"article:modified_time\" content=\"2024-05-07T08:44:00+00:00\" \/>\n<meta property=\"og:image\" content=\"https:\/\/www.boxrepsol.com\/wp-content\/uploads\/2022\/08\/26-toni-bou-repsol-honda-trial.jpg\" \/>\n\t<meta property=\"og:image:width\" content=\"1024\" \/>\n\t<meta property=\"og:image:height\" content=\"429\" \/>\n\t<meta property=\"og:image:type\" content=\"image\/jpeg\" \/>\n<meta name=\"author\" content=\"Redacci\u00f3n Box Repsol\" \/>\n<meta name=\"twitter:card\" content=\"summary_large_image\" \/>\n<meta name=\"twitter:creator\" content=\"@https:\/\/twitter.com\/box_repsol\" \/>\n<meta name=\"twitter:site\" content=\"@box_repsol\" \/>\n<meta name=\"twitter:label1\" content=\"Written by\" \/>\n\t<meta name=\"twitter:data1\" content=\"Redacci\u00f3n Box Repsol\" \/>\n\t<meta name=\"twitter:label2\" content=\"Est. reading time\" \/>\n\t<meta name=\"twitter:data2\" content=\"2 minutos\" \/>\n<script type=\"application\/ld+json\" class=\"yoast-schema-graph\">{\"@context\":\"https:\\\/\\\/schema.org\",\"@graph\":[{\"@type\":\"Article\",\"@id\":\"https:\\\/\\\/www.boxrepsol.com\\\/es\\\/trial\\\/doblete-de-toni-bou-en-alemania\\\/#article\",\"isPartOf\":{\"@id\":\"https:\\\/\\\/www.boxrepsol.com\\\/es\\\/trial\\\/doblete-de-toni-bou-en-alemania\\\/\"},\"author\":{\"name\":\"Redacci\u00f3n Box Repsol\",\"@id\":\"https:\\\/\\\/www.boxrepsol.com\\\/es\\\/#\\\/schema\\\/person\\\/c5c2138f2cca251b0ad92b7086bb60b7\"},\"headline\":\"Doblete de Toni Bou en Alemania\",\"datePublished\":\"2016-04-30T02:00:00+00:00\",\"dateModified\":\"2024-05-07T08:44:00+00:00\",\"mainEntityOfPage\":{\"@id\":\"https:\\\/\\\/www.boxrepsol.com\\\/es\\\/trial\\\/doblete-de-toni-bou-en-alemania\\\/\"},\"wordCount\":431,\"commentCount\":0,\"publisher\":{\"@id\":\"https:\\\/\\\/www.boxrepsol.com\\\/es\\\/#organization\"},\"image\":{\"@id\":\"https:\\\/\\\/www.boxrepsol.com\\\/es\\\/trial\\\/doblete-de-toni-bou-en-alemania\\\/#primaryimage\"},\"thumbnailUrl\":\"https:\\\/\\\/www.boxrepsol.com\\\/wp-content\\\/uploads\\\/2022\\\/08\\\/26-toni-bou-repsol-honda-trial.jpg\",\"keywords\":[\"Toni Bou\"],\"articleSection\":[\"Trial\"],\"inLanguage\":\"es\",\"potentialAction\":[{\"@type\":\"CommentAction\",\"name\":\"Comment\",\"target\":[\"https:\\\/\\\/www.boxrepsol.com\\\/es\\\/trial\\\/doblete-de-toni-bou-en-alemania\\\/#respond\"]}]},{\"@type\":\"WebPage\",\"@id\":\"https:\\\/\\\/www.boxrepsol.com\\\/es\\\/trial\\\/doblete-de-toni-bou-en-alemania\\\/\",\"url\":\"https:\\\/\\\/www.boxrepsol.com\\\/es\\\/trial\\\/doblete-de-toni-bou-en-alemania\\\/\",\"name\":\"Doblete de Toni Bou en Alemania - Box Repsol\",\"isPartOf\":{\"@id\":\"https:\\\/\\\/www.boxrepsol.com\\\/es\\\/#website\"},\"primaryImageOfPage\":{\"@id\":\"https:\\\/\\\/www.boxrepsol.com\\\/es\\\/trial\\\/doblete-de-toni-bou-en-alemania\\\/#primaryimage\"},\"image\":{\"@id\":\"https:\\\/\\\/www.boxrepsol.com\\\/es\\\/trial\\\/doblete-de-toni-bou-en-alemania\\\/#primaryimage\"},\"thumbnailUrl\":\"https:\\\/\\\/www.boxrepsol.com\\\/wp-content\\\/uploads\\\/2022\\\/08\\\/26-toni-bou-repsol-honda-trial.jpg\",\"datePublished\":\"2016-04-30T02:00:00+00:00\",\"dateModified\":\"2024-05-07T08:44:00+00:00\",\"description\":\"El piloto del Repsol Honda se impone en las dos jornadas del Trial de Alemania celebrado en Gefrees...\",\"breadcrumb\":{\"@id\":\"https:\\\/\\\/www.boxrepsol.com\\\/es\\\/trial\\\/doblete-de-toni-bou-en-alemania\\\/#breadcrumb\"},\"inLanguage\":\"es\",\"potentialAction\":[{\"@type\":\"ReadAction\",\"target\":[\"https:\\\/\\\/www.boxrepsol.com\\\/es\\\/trial\\\/doblete-de-toni-bou-en-alemania\\\/\"]}]},{\"@type\":\"ImageObject\",\"inLanguage\":\"es\",\"@id\":\"https:\\\/\\\/www.boxrepsol.com\\\/es\\\/trial\\\/doblete-de-toni-bou-en-alemania\\\/#primaryimage\",\"url\":\"https:\\\/\\\/www.boxrepsol.com\\\/wp-content\\\/uploads\\\/2022\\\/08\\\/26-toni-bou-repsol-honda-trial.jpg\",\"contentUrl\":\"https:\\\/\\\/www.boxrepsol.com\\\/wp-content\\\/uploads\\\/2022\\\/08\\\/26-toni-bou-repsol-honda-trial.jpg\",\"width\":1024,\"height\":429,\"caption\":\"Toni Bou en prueba de trial\"},{\"@type\":\"BreadcrumbList\",\"@id\":\"https:\\\/\\\/www.boxrepsol.com\\\/es\\\/trial\\\/doblete-de-toni-bou-en-alemania\\\/#breadcrumb\",\"itemListElement\":[{\"@type\":\"ListItem\",\"position\":1,\"name\":\"Home\",\"item\":\"https:\\\/\\\/www.boxrepsol.com\\\/es\\\/\"},{\"@type\":\"ListItem\",\"position\":2,\"name\":\"Doblete de Toni Bou en Alemania\"}]},{\"@type\":\"WebSite\",\"@id\":\"https:\\\/\\\/www.boxrepsol.com\\\/es\\\/#website\",\"url\":\"https:\\\/\\\/www.boxrepsol.com\\\/es\\\/\",\"name\":\"Box Repsol\",\"description\":\"Box Repsol Site\",\"publisher\":{\"@id\":\"https:\\\/\\\/www.boxrepsol.com\\\/es\\\/#organization\"},\"potentialAction\":[{\"@type\":\"SearchAction\",\"target\":{\"@type\":\"EntryPoint\",\"urlTemplate\":\"https:\\\/\\\/www.boxrepsol.com\\\/es\\\/?s={search_term_string}\"},\"query-input\":{\"@type\":\"PropertyValueSpecification\",\"valueRequired\":true,\"valueName\":\"search_term_string\"}}],\"inLanguage\":\"es\"},{\"@type\":\"Organization\",\"@id\":\"https:\\\/\\\/www.boxrepsol.com\\\/es\\\/#organization\",\"name\":\"Box Repsol\",\"url\":\"https:\\\/\\\/www.boxrepsol.com\\\/es\\\/\",\"logo\":{\"@type\":\"ImageObject\",\"inLanguage\":\"es\",\"@id\":\"https:\\\/\\\/www.boxrepsol.com\\\/es\\\/#\\\/schema\\\/logo\\\/image\\\/\",\"url\":\"https:\\\/\\\/bxrepsol.s3.eu-west-1.amazonaws.com\\\/static\\\/2025\\\/07\\\/30083337\\\/favicon-96x96-1.png\",\"contentUrl\":\"https:\\\/\\\/bxrepsol.s3.eu-west-1.amazonaws.com\\\/static\\\/2025\\\/07\\\/30083337\\\/favicon-96x96-1.png\",\"width\":96,\"height\":96,\"caption\":\"Box Repsol\"},\"image\":{\"@id\":\"https:\\\/\\\/www.boxrepsol.com\\\/es\\\/#\\\/schema\\\/logo\\\/image\\\/\"},\"sameAs\":[\"https:\\\/\\\/www.facebook.com\\\/BoxRepsol\",\"https:\\\/\\\/x.com\\\/box_repsol\",\"http:\\\/\\\/instagram.com\\\/box_repsol\",\"https:\\\/\\\/www.youtube.com\\\/user\\\/RepsolCompeticion\",\"https:\\\/\\\/www.flickr.com\\\/photos\\\/box_repsol\\\/\"]},{\"@type\":\"Person\",\"@id\":\"https:\\\/\\\/www.boxrepsol.com\\\/es\\\/#\\\/schema\\\/person\\\/c5c2138f2cca251b0ad92b7086bb60b7\",\"name\":\"Redacci\u00f3n Box Repsol\",\"image\":{\"@type\":\"ImageObject\",\"inLanguage\":\"es\",\"@id\":\"https:\\\/\\\/secure.gravatar.com\\\/avatar\\\/adf7b77e38b4419baf32c7e9c21dde01f4e40df611f0978e3006fc4ba0aaab7e?s=96&d=mm&r=g\",\"url\":\"https:\\\/\\\/secure.gravatar.com\\\/avatar\\\/adf7b77e38b4419baf32c7e9c21dde01f4e40df611f0978e3006fc4ba0aaab7e?s=96&d=mm&r=g\",\"contentUrl\":\"https:\\\/\\\/secure.gravatar.com\\\/avatar\\\/adf7b77e38b4419baf32c7e9c21dde01f4e40df611f0978e3006fc4ba0aaab7e?s=96&d=mm&r=g\",\"caption\":\"Redacci\u00f3n Box Repsol\"},\"description\":\"Box Repsol lo forma un equipo de periodistas, community managers, dise\u00f1adores y fot\u00f3grafos con m\u00e1s de 20 a\u00f1os de experiencia en el mundo del motorsport. Hemos vivido el primer mundial de un espa\u00f1ol en la categor\u00eda reina de motociclismo con \u00c1lex Crivill\u00e9, estuvimos en las victorias de Pedrosa y los t\u00edtulos de M\u00e1rquez, acompa\u00f1amos en \u00c1frica a Nani Roma y Marc Coma en sus conquistas del Dakar y hemos vibrado con los t\u00edtulos de Toni Bou en Trial. Adem\u00e1s, en nuestro equipo contamos con expertos en el mundo de las dos y cuatro ruedas tanto de la calle y las carreteras, como de los circuitos. Periodistas que han trabajado en revistas y publicaciones para hacerte llegar desde rutas y consejos de mantenimiento, a curiosidades y trucos de pilotaje.\",\"sameAs\":[\"https:\\\/\\\/www.facebook.com\\\/BoxRepsol\\\/\",\"https:\\\/\\\/www.instagram.com\\\/box_repsol\\\/\",\"https:\\\/\\\/x.com\\\/https:\\\/\\\/twitter.com\\\/box_repsol\",\"https:\\\/\\\/www.youtube.com\\\/@Boxrepsol\"],\"url\":\"https:\\\/\\\/www.boxrepsol.com\\\/es\\\/author\\\/redaccion-box-repsol\\\/\"}]}<\/script>\n<!-- \/ Yoast SEO plugin. -->","yoast_head_json":{"title":"Doblete de Toni Bou en Alemania - Box Repsol","description":"El piloto del Repsol Honda se impone en las dos jornadas del Trial de Alemania celebrado en Gefrees...","canonical":"https:\/\/www.boxrepsol.com\/es\/trial\/doblete-de-toni-bou-en-alemania\/","og_locale":"es_ES","og_type":"article","og_title":"Doblete de Toni Bou en Alemania - Box Repsol","og_description":"El piloto del Repsol Honda se impone en las dos jornadas del Trial de Alemania celebrado en Gefrees...","og_url":"https:\/\/www.boxrepsol.com\/es\/trial\/doblete-de-toni-bou-en-alemania\/","og_site_name":"Box Repsol","article_publisher":"https:\/\/www.facebook.com\/BoxRepsol","article_author":"https:\/\/www.facebook.com\/BoxRepsol\/","article_published_time":"2016-04-30T02:00:00+00:00","article_modified_time":"2024-05-07T08:44:00+00:00","og_image":[{"width":1024,"height":429,"url":"https:\/\/www.boxrepsol.com\/wp-content\/uploads\/2022\/08\/26-toni-bou-repsol-honda-trial.jpg","type":"image\/jpeg"}],"author":"Redacci\u00f3n Box Repsol","twitter_card":"summary_large_image","twitter_creator":"@https:\/\/twitter.com\/box_repsol","twitter_site":"@box_repsol","twitter_misc":{"Written by":"Redacci\u00f3n Box Repsol","Est. reading time":"2 minutos"},"schema":{"@context":"https:\/\/schema.org","@graph":[{"@type":"Article","@id":"https:\/\/www.boxrepsol.com\/es\/trial\/doblete-de-toni-bou-en-alemania\/#article","isPartOf":{"@id":"https:\/\/www.boxrepsol.com\/es\/trial\/doblete-de-toni-bou-en-alemania\/"},"author":{"name":"Redacci\u00f3n Box Repsol","@id":"https:\/\/www.boxrepsol.com\/es\/#\/schema\/person\/c5c2138f2cca251b0ad92b7086bb60b7"},"headline":"Doblete de Toni Bou en Alemania","datePublished":"2016-04-30T02:00:00+00:00","dateModified":"2024-05-07T08:44:00+00:00","mainEntityOfPage":{"@id":"https:\/\/www.boxrepsol.com\/es\/trial\/doblete-de-toni-bou-en-alemania\/"},"wordCount":431,"commentCount":0,"publisher":{"@id":"https:\/\/www.boxrepsol.com\/es\/#organization"},"image":{"@id":"https:\/\/www.boxrepsol.com\/es\/trial\/doblete-de-toni-bou-en-alemania\/#primaryimage"},"thumbnailUrl":"https:\/\/www.boxrepsol.com\/wp-content\/uploads\/2022\/08\/26-toni-bou-repsol-honda-trial.jpg","keywords":["Toni Bou"],"articleSection":["Trial"],"inLanguage":"es","potentialAction":[{"@type":"CommentAction","name":"Comment","target":["https:\/\/www.boxrepsol.com\/es\/trial\/doblete-de-toni-bou-en-alemania\/#respond"]}]},{"@type":"WebPage","@id":"https:\/\/www.boxrepsol.com\/es\/trial\/doblete-de-toni-bou-en-alemania\/","url":"https:\/\/www.boxrepsol.com\/es\/trial\/doblete-de-toni-bou-en-alemania\/","name":"Doblete de Toni Bou en Alemania - Box Repsol","isPartOf":{"@id":"https:\/\/www.boxrepsol.com\/es\/#website"},"primaryImageOfPage":{"@id":"https:\/\/www.boxrepsol.com\/es\/trial\/doblete-de-toni-bou-en-alemania\/#primaryimage"},"image":{"@id":"https:\/\/www.boxrepsol.com\/es\/trial\/doblete-de-toni-bou-en-alemania\/#primaryimage"},"thumbnailUrl":"https:\/\/www.boxrepsol.com\/wp-content\/uploads\/2022\/08\/26-toni-bou-repsol-honda-trial.jpg","datePublished":"2016-04-30T02:00:00+00:00","dateModified":"2024-05-07T08:44:00+00:00","description":"El piloto del Repsol Honda se impone en las dos jornadas del Trial de Alemania celebrado en Gefrees...","breadcrumb":{"@id":"https:\/\/www.boxrepsol.com\/es\/trial\/doblete-de-toni-bou-en-alemania\/#breadcrumb"},"inLanguage":"es","potentialAction":[{"@type":"ReadAction","target":["https:\/\/www.boxrepsol.com\/es\/trial\/doblete-de-toni-bou-en-alemania\/"]}]},{"@type":"ImageObject","inLanguage":"es","@id":"https:\/\/www.boxrepsol.com\/es\/trial\/doblete-de-toni-bou-en-alemania\/#primaryimage","url":"https:\/\/www.boxrepsol.com\/wp-content\/uploads\/2022\/08\/26-toni-bou-repsol-honda-trial.jpg","contentUrl":"https:\/\/www.boxrepsol.com\/wp-content\/uploads\/2022\/08\/26-toni-bou-repsol-honda-trial.jpg","width":1024,"height":429,"caption":"Toni Bou en prueba de trial"},{"@type":"BreadcrumbList","@id":"https:\/\/www.boxrepsol.com\/es\/trial\/doblete-de-toni-bou-en-alemania\/#breadcrumb","itemListElement":[{"@type":"ListItem","position":1,"name":"Home","item":"https:\/\/www.boxrepsol.com\/es\/"},{"@type":"ListItem","position":2,"name":"Doblete de Toni Bou en Alemania"}]},{"@type":"WebSite","@id":"https:\/\/www.boxrepsol.com\/es\/#website","url":"https:\/\/www.boxrepsol.com\/es\/","name":"Box Repsol","description":"Box Repsol Site","publisher":{"@id":"https:\/\/www.boxrepsol.com\/es\/#organization"},"potentialAction":[{"@type":"SearchAction","target":{"@type":"EntryPoint","urlTemplate":"https:\/\/www.boxrepsol.com\/es\/?s={search_term_string}"},"query-input":{"@type":"PropertyValueSpecification","valueRequired":true,"valueName":"search_term_string"}}],"inLanguage":"es"},{"@type":"Organization","@id":"https:\/\/www.boxrepsol.com\/es\/#organization","name":"Box Repsol","url":"https:\/\/www.boxrepsol.com\/es\/","logo":{"@type":"ImageObject","inLanguage":"es","@id":"https:\/\/www.boxrepsol.com\/es\/#\/schema\/logo\/image\/","url":"https:\/\/bxrepsol.s3.eu-west-1.amazonaws.com\/static\/2025\/07\/30083337\/favicon-96x96-1.png","contentUrl":"https:\/\/bxrepsol.s3.eu-west-1.amazonaws.com\/static\/2025\/07\/30083337\/favicon-96x96-1.png","width":96,"height":96,"caption":"Box Repsol"},"image":{"@id":"https:\/\/www.boxrepsol.com\/es\/#\/schema\/logo\/image\/"},"sameAs":["https:\/\/www.facebook.com\/BoxRepsol","https:\/\/x.com\/box_repsol","http:\/\/instagram.com\/box_repsol","https:\/\/www.youtube.com\/user\/RepsolCompeticion","https:\/\/www.flickr.com\/photos\/box_repsol\/"]},{"@type":"Person","@id":"https:\/\/www.boxrepsol.com\/es\/#\/schema\/person\/c5c2138f2cca251b0ad92b7086bb60b7","name":"Redacci\u00f3n Box Repsol","image":{"@type":"ImageObject","inLanguage":"es","@id":"https:\/\/secure.gravatar.com\/avatar\/adf7b77e38b4419baf32c7e9c21dde01f4e40df611f0978e3006fc4ba0aaab7e?s=96&d=mm&r=g","url":"https:\/\/secure.gravatar.com\/avatar\/adf7b77e38b4419baf32c7e9c21dde01f4e40df611f0978e3006fc4ba0aaab7e?s=96&d=mm&r=g","contentUrl":"https:\/\/secure.gravatar.com\/avatar\/adf7b77e38b4419baf32c7e9c21dde01f4e40df611f0978e3006fc4ba0aaab7e?s=96&d=mm&r=g","caption":"Redacci\u00f3n Box Repsol"},"description":"Box Repsol lo forma un equipo de periodistas, community managers, dise\u00f1adores y fot\u00f3grafos con m\u00e1s de 20 a\u00f1os de experiencia en el mundo del motorsport. Hemos vivido el primer mundial de un espa\u00f1ol en la categor\u00eda reina de motociclismo con \u00c1lex Crivill\u00e9, estuvimos en las victorias de Pedrosa y los t\u00edtulos de M\u00e1rquez, acompa\u00f1amos en \u00c1frica a Nani Roma y Marc Coma en sus conquistas del Dakar y hemos vibrado con los t\u00edtulos de Toni Bou en Trial. Adem\u00e1s, en nuestro equipo contamos con expertos en el mundo de las dos y cuatro ruedas tanto de la calle y las carreteras, como de los circuitos. Periodistas que han trabajado en revistas y publicaciones para hacerte llegar desde rutas y consejos de mantenimiento, a curiosidades y trucos de pilotaje.","sameAs":["https:\/\/www.facebook.com\/BoxRepsol\/","https:\/\/www.instagram.com\/box_repsol\/","https:\/\/x.com\/https:\/\/twitter.com\/box_repsol","https:\/\/www.youtube.com\/@Boxrepsol"],"url":"https:\/\/www.boxrepsol.com\/es\/author\/redaccion-box-repsol\/"}]}},"_links":{"self":[{"href":"https:\/\/www.boxrepsol.com\/es\/wp-json\/wp\/v2\/posts\/89901","targetHints":{"allow":["GET"]}}],"collection":[{"href":"https:\/\/www.boxrepsol.com\/es\/wp-json\/wp\/v2\/posts"}],"about":[{"href":"https:\/\/www.boxrepsol.com\/es\/wp-json\/wp\/v2\/types\/post"}],"author":[{"embeddable":true,"href":"https:\/\/www.boxrepsol.com\/es\/wp-json\/wp\/v2\/users\/43146"}],"replies":[{"embeddable":true,"href":"https:\/\/www.boxrepsol.com\/es\/wp-json\/wp\/v2\/comments?post=89901"}],"version-history":[{"count":1,"href":"https:\/\/www.boxrepsol.com\/es\/wp-json\/wp\/v2\/posts\/89901\/revisions"}],"predecessor-version":[{"id":89902,"href":"https:\/\/www.boxrepsol.com\/es\/wp-json\/wp\/v2\/posts\/89901\/revisions\/89902"}],"wp:featuredmedia":[{"embeddable":true,"href":"https:\/\/www.boxrepsol.com\/es\/wp-json\/wp\/v2\/media\/85778"}],"wp:attachment":[{"href":"https:\/\/www.boxrepsol.com\/es\/wp-json\/wp\/v2\/media?parent=89901"}],"wp:term":[{"taxonomy":"category","embeddable":true,"href":"https:\/\/www.boxrepsol.com\/es\/wp-json\/wp\/v2\/categories?post=89901"},{"taxonomy":"post_tag","embeddable":true,"href":"https:\/\/www.boxrepsol.com\/es\/wp-json\/wp\/v2\/tags?post=89901"}],"curies":[{"name":"wp","href":"https:\/\/api.w.org\/{rel}","templated":true}]}}