{"id":89891,"date":"2016-06-25T00:00:00","date_gmt":"2016-06-25T02:00:00","guid":{"rendered":"http:\/\/pre.boxrepsol.com\/sin-categorizar\/meritoria-segunda-fila-para-marc-marquez\/"},"modified":"2024-05-07T06:49:06","modified_gmt":"2024-05-07T08:49:06","slug":"meritoria-segunda-fila-para-marc-marquez","status":"publish","type":"post","link":"https:\/\/www.boxrepsol.com\/es\/motogp\/meritoria-segunda-fila-para-marc-marquez\/","title":{"rendered":"Meritoria segunda fila para Marc M\u00e1rquez"},"content":{"rendered":"<blockquote><p>\u00b7@marcmarquez93: \u00abQuer\u00eda volver al box lo antes posible\u00bb<\/p>\n<p><a href=\"http:\/\/twitter.com\/share?text=%C2%B7%40marcmarquez93%3A+%22Quer%C3%ADa+volver+al+box+lo+antes+posible%22+&amp;url=http%3A%2F%2F34.249.211.158%2Fes%2Fmotogp%2Fmeritoria-segunda-fila-para-marc-marquez%2F&amp;hashtags=\" target=\"_blank\" rel=\"noopener\"><br \/>\ntwittear <\/a><\/p>\n<footer>Marc M\u00e1rquez<\/footer>\n<\/blockquote>\n<p>Marc M\u00e1rquez y Dani Pedrosa han tenido una segunda jornada de entrenamientos del Gran Premio de Holanda condicionada por la lluvia. Despu\u00e9s de un tercer libre en seco en el que M\u00e1rquez ha sido segundo pero Pedrosa no ha conseguido clasificarse para la Q2 \u2013ha terminado decimotercero\u2013. En el FP4 y con el asfalto mojado, M\u00e1rquez ha terminado primero y Pedrosa, cuarto a pesar de una ca\u00edda en los minutos finales. Sin embargo, el de Castellar del Vall\u00e8s no ha logrado repetir sus registros en la Q1 y ha sido sexto, lo que le sit\u00faa en la quinta fila de la parrilla de ma\u00f1ana \u2013decimoquinto tras la sanci\u00f3n a Iannone\u2013.<\/p>\n<p>En la Q2 y con el asfalto todav\u00eda mojado, M\u00e1rquez ha tenido una ca\u00edda en su primera vuelta lanzada y, tras protagonizar la imagen del d\u00eda regresando a boxes sobre el scooter de un fot\u00f3grafo, ha podido volver a salir a pista unos minutos m\u00e1s tarde con su segunda moto. Finalmente ha completado dos vueltas lanzadas y se ha clasificado cuarto, s\u00f3lo superado por tres pilotos que hab\u00edan montado un compuesto mixto aprovechando el carril seco que se ha formado en los instantes finales.<\/p>\n<p><img decoding=\"async\" src=\"https:\/\/bxrepsol.s3.eu-west-1.amazonaws.com\/static\/2022\/08\/29044848\/dani-pedrosa-holanda-2016.jpg\" alt=\"Dani Pedrosa tomando una curva\" \/><\/p>\n<h3><strong>Marc M\u00e1rquez<\/strong><\/h3>\n<p>\u00abEn el entrenamiento libre de esta ma\u00f1ana hemos podido hacer un buen trabajo en condiciones de seco. Hemos podido mantener un buen ritmo y probar varias cosas en la moto, aunque hemos vuelto a la configuraci\u00f3n anterior y ha ido bien. Despu\u00e9s ha venido el factor sorpresa de Holanda \u2013ya sabemos que siempre puede llover\u2013, aunque en el FP4 en agua he rodado c\u00f3modo. En la sesi\u00f3n oficial he cometido un error y me he ca\u00eddo en la segunda vuelta. Los marshals estaban un poco lejos y he visto un scooter con la llave puesta, sin nadie alrededor. Al cogerlo, he visto que era de un fot\u00f3grafo, pero me ha dejado llev\u00e1rmelo. Quer\u00eda volver al box lo antes posible as\u00ed que, sinceramente, lo habr\u00eda cogido aunque hubiese dicho que no. Gracias al gran trabajo del equipo he podido volver a salir a pista para dar dos vueltas y hemos podido acabar cuartos. Lo importante es que me siento c\u00f3modo en seco, no mejor que los dem\u00e1s, pero a un nivel suficiente para aspirar a la victoria. Si llueve ser\u00e1 un poco una loter\u00eda, como siempre\u00bb.<\/p>\n<h3><strong>Dani Pedrosa<\/strong><\/h3>\n<p>\u00abEn el FP4 he tenido un buen ritmo en mojado, pero me he ca\u00eddo de una manera muy extra\u00f1a, no acabo de entender por qu\u00e9. No he podido continuar con la moto que llevaba, que ten\u00eda un chasis diferente, as\u00ed que en la Q1 he salido con la misma configuraci\u00f3n que la otra moto pero con el otro chasis y he intentado volver a coger ritmo. He conseguido hacer casi el mismo tiempo que en el FP4, pero si intentaba apretar un poco m\u00e1s, ten\u00eda de nuevo el mismo susto en la misma curva en la que me he ca\u00eddo antes. Ma\u00f1ana saldremos desde atr\u00e1s en la carrera, pero intentaremos hacerlo lo mejor posible, tanto si llueve como si es en seco\u00bb.<\/p>\n","protected":false},"excerpt":{"rendered":"<p>El piloto del equipo Repsol Honda saldr\u00e1 cuarto pese a una ca\u00edda al inicio de la sesi\u00f3n cronometrada. Dif\u00edcil jornada para Dani Pedrosa, que saldr\u00e1 decimoquinto.<\/p>\n","protected":false},"author":43146,"featured_media":85751,"comment_status":"open","ping_status":"open","sticky":false,"template":"","format":"standard","meta":{"footnotes":""},"categories":[4],"tags":[153],"class_list":["post-89891","post","type-post","status-publish","format-standard","hentry","category-motogp","tag-motogp-holanda"],"yoast_head":"<!-- This site is optimized with the Yoast SEO plugin v27.3 - https:\/\/yoast.com\/product\/yoast-seo-wordpress\/ -->\n<title>Meritoria segunda fila para Marc M\u00e1rquez - Box Repsol<\/title>\n<meta name=\"description\" content=\"El piloto del equipo Repsol Honda saldr\u00e1 cuarto pese a una ca\u00edda al inicio de la sesi\u00f3n cronometrada. Dif\u00edcil jornada para Dani Pedrosa.\" \/>\n<link rel=\"canonical\" href=\"https:\/\/www.boxrepsol.com\/es\/motogp\/meritoria-segunda-fila-para-marc-marquez\/\" \/>\n<meta property=\"og:locale\" content=\"es_ES\" \/>\n<meta property=\"og:type\" content=\"article\" \/>\n<meta property=\"og:title\" content=\"Meritoria segunda fila para Marc M\u00e1rquez - Box Repsol\" \/>\n<meta property=\"og:description\" content=\"El piloto del equipo Repsol Honda saldr\u00e1 cuarto pese a una ca\u00edda al inicio de la sesi\u00f3n cronometrada. Dif\u00edcil jornada para Dani Pedrosa.\" \/>\n<meta property=\"og:url\" content=\"https:\/\/www.boxrepsol.com\/es\/motogp\/meritoria-segunda-fila-para-marc-marquez\/\" \/>\n<meta property=\"og:site_name\" content=\"Box Repsol\" \/>\n<meta property=\"article:publisher\" content=\"https:\/\/www.facebook.com\/BoxRepsol\" \/>\n<meta property=\"article:author\" content=\"https:\/\/www.facebook.com\/BoxRepsol\/\" \/>\n<meta property=\"article:published_time\" content=\"2016-06-25T02:00:00+00:00\" \/>\n<meta property=\"article:modified_time\" content=\"2024-05-07T08:49:06+00:00\" \/>\n<meta property=\"og:image\" content=\"https:\/\/www.boxrepsol.com\/wp-content\/uploads\/2022\/08\/marc-marquez-assen-2016.jpg\" \/>\n\t<meta property=\"og:image:width\" content=\"984\" \/>\n\t<meta property=\"og:image:height\" content=\"412\" \/>\n\t<meta property=\"og:image:type\" content=\"image\/jpeg\" \/>\n<meta name=\"author\" content=\"Redacci\u00f3n Box Repsol\" \/>\n<meta name=\"twitter:card\" content=\"summary_large_image\" \/>\n<meta name=\"twitter:creator\" content=\"@https:\/\/twitter.com\/box_repsol\" \/>\n<meta name=\"twitter:site\" content=\"@box_repsol\" \/>\n<meta name=\"twitter:label1\" content=\"Written by\" \/>\n\t<meta name=\"twitter:data1\" content=\"Redacci\u00f3n Box Repsol\" \/>\n\t<meta name=\"twitter:label2\" content=\"Est. reading time\" \/>\n\t<meta name=\"twitter:data2\" content=\"3 minutos\" \/>\n<script type=\"application\/ld+json\" class=\"yoast-schema-graph\">{\"@context\":\"https:\\\/\\\/schema.org\",\"@graph\":[{\"@type\":\"Article\",\"@id\":\"https:\\\/\\\/www.boxrepsol.com\\\/es\\\/motogp\\\/meritoria-segunda-fila-para-marc-marquez\\\/#article\",\"isPartOf\":{\"@id\":\"https:\\\/\\\/www.boxrepsol.com\\\/es\\\/motogp\\\/meritoria-segunda-fila-para-marc-marquez\\\/\"},\"author\":{\"name\":\"Redacci\u00f3n Box Repsol\",\"@id\":\"https:\\\/\\\/www.boxrepsol.com\\\/es\\\/#\\\/schema\\\/person\\\/c5c2138f2cca251b0ad92b7086bb60b7\"},\"headline\":\"Meritoria segunda fila para Marc M\u00e1rquez\",\"datePublished\":\"2016-06-25T02:00:00+00:00\",\"dateModified\":\"2024-05-07T08:49:06+00:00\",\"mainEntityOfPage\":{\"@id\":\"https:\\\/\\\/www.boxrepsol.com\\\/es\\\/motogp\\\/meritoria-segunda-fila-para-marc-marquez\\\/\"},\"wordCount\":565,\"commentCount\":0,\"publisher\":{\"@id\":\"https:\\\/\\\/www.boxrepsol.com\\\/es\\\/#organization\"},\"image\":{\"@id\":\"https:\\\/\\\/www.boxrepsol.com\\\/es\\\/motogp\\\/meritoria-segunda-fila-para-marc-marquez\\\/#primaryimage\"},\"thumbnailUrl\":\"https:\\\/\\\/www.boxrepsol.com\\\/wp-content\\\/uploads\\\/2022\\\/08\\\/marc-marquez-assen-2016.jpg\",\"keywords\":[\"MotoGP Holanda\"],\"articleSection\":[\"MotoGP\"],\"inLanguage\":\"es\",\"potentialAction\":[{\"@type\":\"CommentAction\",\"name\":\"Comment\",\"target\":[\"https:\\\/\\\/www.boxrepsol.com\\\/es\\\/motogp\\\/meritoria-segunda-fila-para-marc-marquez\\\/#respond\"]}]},{\"@type\":\"WebPage\",\"@id\":\"https:\\\/\\\/www.boxrepsol.com\\\/es\\\/motogp\\\/meritoria-segunda-fila-para-marc-marquez\\\/\",\"url\":\"https:\\\/\\\/www.boxrepsol.com\\\/es\\\/motogp\\\/meritoria-segunda-fila-para-marc-marquez\\\/\",\"name\":\"Meritoria segunda fila para Marc M\u00e1rquez - Box Repsol\",\"isPartOf\":{\"@id\":\"https:\\\/\\\/www.boxrepsol.com\\\/es\\\/#website\"},\"primaryImageOfPage\":{\"@id\":\"https:\\\/\\\/www.boxrepsol.com\\\/es\\\/motogp\\\/meritoria-segunda-fila-para-marc-marquez\\\/#primaryimage\"},\"image\":{\"@id\":\"https:\\\/\\\/www.boxrepsol.com\\\/es\\\/motogp\\\/meritoria-segunda-fila-para-marc-marquez\\\/#primaryimage\"},\"thumbnailUrl\":\"https:\\\/\\\/www.boxrepsol.com\\\/wp-content\\\/uploads\\\/2022\\\/08\\\/marc-marquez-assen-2016.jpg\",\"datePublished\":\"2016-06-25T02:00:00+00:00\",\"dateModified\":\"2024-05-07T08:49:06+00:00\",\"description\":\"El piloto del equipo Repsol Honda saldr\u00e1 cuarto pese a una ca\u00edda al inicio de la sesi\u00f3n cronometrada. Dif\u00edcil jornada para Dani Pedrosa.\",\"breadcrumb\":{\"@id\":\"https:\\\/\\\/www.boxrepsol.com\\\/es\\\/motogp\\\/meritoria-segunda-fila-para-marc-marquez\\\/#breadcrumb\"},\"inLanguage\":\"es\",\"potentialAction\":[{\"@type\":\"ReadAction\",\"target\":[\"https:\\\/\\\/www.boxrepsol.com\\\/es\\\/motogp\\\/meritoria-segunda-fila-para-marc-marquez\\\/\"]}]},{\"@type\":\"ImageObject\",\"inLanguage\":\"es\",\"@id\":\"https:\\\/\\\/www.boxrepsol.com\\\/es\\\/motogp\\\/meritoria-segunda-fila-para-marc-marquez\\\/#primaryimage\",\"url\":\"https:\\\/\\\/www.boxrepsol.com\\\/wp-content\\\/uploads\\\/2022\\\/08\\\/marc-marquez-assen-2016.jpg\",\"contentUrl\":\"https:\\\/\\\/www.boxrepsol.com\\\/wp-content\\\/uploads\\\/2022\\\/08\\\/marc-marquez-assen-2016.jpg\",\"width\":984,\"height\":412,\"caption\":\"Marc M\u00e1rquez pilotando su RC213V\"},{\"@type\":\"BreadcrumbList\",\"@id\":\"https:\\\/\\\/www.boxrepsol.com\\\/es\\\/motogp\\\/meritoria-segunda-fila-para-marc-marquez\\\/#breadcrumb\",\"itemListElement\":[{\"@type\":\"ListItem\",\"position\":1,\"name\":\"Home\",\"item\":\"https:\\\/\\\/www.boxrepsol.com\\\/es\\\/\"},{\"@type\":\"ListItem\",\"position\":2,\"name\":\"Meritoria segunda fila para Marc M\u00e1rquez\"}]},{\"@type\":\"WebSite\",\"@id\":\"https:\\\/\\\/www.boxrepsol.com\\\/es\\\/#website\",\"url\":\"https:\\\/\\\/www.boxrepsol.com\\\/es\\\/\",\"name\":\"Box Repsol\",\"description\":\"Box Repsol Site\",\"publisher\":{\"@id\":\"https:\\\/\\\/www.boxrepsol.com\\\/es\\\/#organization\"},\"potentialAction\":[{\"@type\":\"SearchAction\",\"target\":{\"@type\":\"EntryPoint\",\"urlTemplate\":\"https:\\\/\\\/www.boxrepsol.com\\\/es\\\/?s={search_term_string}\"},\"query-input\":{\"@type\":\"PropertyValueSpecification\",\"valueRequired\":true,\"valueName\":\"search_term_string\"}}],\"inLanguage\":\"es\"},{\"@type\":\"Organization\",\"@id\":\"https:\\\/\\\/www.boxrepsol.com\\\/es\\\/#organization\",\"name\":\"Box Repsol\",\"url\":\"https:\\\/\\\/www.boxrepsol.com\\\/es\\\/\",\"logo\":{\"@type\":\"ImageObject\",\"inLanguage\":\"es\",\"@id\":\"https:\\\/\\\/www.boxrepsol.com\\\/es\\\/#\\\/schema\\\/logo\\\/image\\\/\",\"url\":\"https:\\\/\\\/bxrepsol.s3.eu-west-1.amazonaws.com\\\/static\\\/2025\\\/07\\\/30083337\\\/favicon-96x96-1.png\",\"contentUrl\":\"https:\\\/\\\/bxrepsol.s3.eu-west-1.amazonaws.com\\\/static\\\/2025\\\/07\\\/30083337\\\/favicon-96x96-1.png\",\"width\":96,\"height\":96,\"caption\":\"Box Repsol\"},\"image\":{\"@id\":\"https:\\\/\\\/www.boxrepsol.com\\\/es\\\/#\\\/schema\\\/logo\\\/image\\\/\"},\"sameAs\":[\"https:\\\/\\\/www.facebook.com\\\/BoxRepsol\",\"https:\\\/\\\/x.com\\\/box_repsol\",\"http:\\\/\\\/instagram.com\\\/box_repsol\",\"https:\\\/\\\/www.youtube.com\\\/user\\\/RepsolCompeticion\",\"https:\\\/\\\/www.flickr.com\\\/photos\\\/box_repsol\\\/\"]},{\"@type\":\"Person\",\"@id\":\"https:\\\/\\\/www.boxrepsol.com\\\/es\\\/#\\\/schema\\\/person\\\/c5c2138f2cca251b0ad92b7086bb60b7\",\"name\":\"Redacci\u00f3n Box Repsol\",\"image\":{\"@type\":\"ImageObject\",\"inLanguage\":\"es\",\"@id\":\"https:\\\/\\\/secure.gravatar.com\\\/avatar\\\/adf7b77e38b4419baf32c7e9c21dde01f4e40df611f0978e3006fc4ba0aaab7e?s=96&d=mm&r=g\",\"url\":\"https:\\\/\\\/secure.gravatar.com\\\/avatar\\\/adf7b77e38b4419baf32c7e9c21dde01f4e40df611f0978e3006fc4ba0aaab7e?s=96&d=mm&r=g\",\"contentUrl\":\"https:\\\/\\\/secure.gravatar.com\\\/avatar\\\/adf7b77e38b4419baf32c7e9c21dde01f4e40df611f0978e3006fc4ba0aaab7e?s=96&d=mm&r=g\",\"caption\":\"Redacci\u00f3n Box Repsol\"},\"description\":\"Box Repsol lo forma un equipo de periodistas, community managers, dise\u00f1adores y fot\u00f3grafos con m\u00e1s de 20 a\u00f1os de experiencia en el mundo del motorsport. Hemos vivido el primer mundial de un espa\u00f1ol en la categor\u00eda reina de motociclismo con \u00c1lex Crivill\u00e9, estuvimos en las victorias de Pedrosa y los t\u00edtulos de M\u00e1rquez, acompa\u00f1amos en \u00c1frica a Nani Roma y Marc Coma en sus conquistas del Dakar y hemos vibrado con los t\u00edtulos de Toni Bou en Trial. Adem\u00e1s, en nuestro equipo contamos con expertos en el mundo de las dos y cuatro ruedas tanto de la calle y las carreteras, como de los circuitos. Periodistas que han trabajado en revistas y publicaciones para hacerte llegar desde rutas y consejos de mantenimiento, a curiosidades y trucos de pilotaje.\",\"sameAs\":[\"https:\\\/\\\/www.facebook.com\\\/BoxRepsol\\\/\",\"https:\\\/\\\/www.instagram.com\\\/box_repsol\\\/\",\"https:\\\/\\\/x.com\\\/https:\\\/\\\/twitter.com\\\/box_repsol\",\"https:\\\/\\\/www.youtube.com\\\/@Boxrepsol\"],\"url\":\"https:\\\/\\\/www.boxrepsol.com\\\/es\\\/author\\\/redaccion-box-repsol\\\/\"}]}<\/script>\n<!-- \/ Yoast SEO plugin. -->","yoast_head_json":{"title":"Meritoria segunda fila para Marc M\u00e1rquez - Box Repsol","description":"El piloto del equipo Repsol Honda saldr\u00e1 cuarto pese a una ca\u00edda al inicio de la sesi\u00f3n cronometrada. Dif\u00edcil jornada para Dani Pedrosa.","canonical":"https:\/\/www.boxrepsol.com\/es\/motogp\/meritoria-segunda-fila-para-marc-marquez\/","og_locale":"es_ES","og_type":"article","og_title":"Meritoria segunda fila para Marc M\u00e1rquez - Box Repsol","og_description":"El piloto del equipo Repsol Honda saldr\u00e1 cuarto pese a una ca\u00edda al inicio de la sesi\u00f3n cronometrada. Dif\u00edcil jornada para Dani Pedrosa.","og_url":"https:\/\/www.boxrepsol.com\/es\/motogp\/meritoria-segunda-fila-para-marc-marquez\/","og_site_name":"Box Repsol","article_publisher":"https:\/\/www.facebook.com\/BoxRepsol","article_author":"https:\/\/www.facebook.com\/BoxRepsol\/","article_published_time":"2016-06-25T02:00:00+00:00","article_modified_time":"2024-05-07T08:49:06+00:00","og_image":[{"width":984,"height":412,"url":"https:\/\/www.boxrepsol.com\/wp-content\/uploads\/2022\/08\/marc-marquez-assen-2016.jpg","type":"image\/jpeg"}],"author":"Redacci\u00f3n Box Repsol","twitter_card":"summary_large_image","twitter_creator":"@https:\/\/twitter.com\/box_repsol","twitter_site":"@box_repsol","twitter_misc":{"Written by":"Redacci\u00f3n Box Repsol","Est. reading time":"3 minutos"},"schema":{"@context":"https:\/\/schema.org","@graph":[{"@type":"Article","@id":"https:\/\/www.boxrepsol.com\/es\/motogp\/meritoria-segunda-fila-para-marc-marquez\/#article","isPartOf":{"@id":"https:\/\/www.boxrepsol.com\/es\/motogp\/meritoria-segunda-fila-para-marc-marquez\/"},"author":{"name":"Redacci\u00f3n Box Repsol","@id":"https:\/\/www.boxrepsol.com\/es\/#\/schema\/person\/c5c2138f2cca251b0ad92b7086bb60b7"},"headline":"Meritoria segunda fila para Marc M\u00e1rquez","datePublished":"2016-06-25T02:00:00+00:00","dateModified":"2024-05-07T08:49:06+00:00","mainEntityOfPage":{"@id":"https:\/\/www.boxrepsol.com\/es\/motogp\/meritoria-segunda-fila-para-marc-marquez\/"},"wordCount":565,"commentCount":0,"publisher":{"@id":"https:\/\/www.boxrepsol.com\/es\/#organization"},"image":{"@id":"https:\/\/www.boxrepsol.com\/es\/motogp\/meritoria-segunda-fila-para-marc-marquez\/#primaryimage"},"thumbnailUrl":"https:\/\/www.boxrepsol.com\/wp-content\/uploads\/2022\/08\/marc-marquez-assen-2016.jpg","keywords":["MotoGP Holanda"],"articleSection":["MotoGP"],"inLanguage":"es","potentialAction":[{"@type":"CommentAction","name":"Comment","target":["https:\/\/www.boxrepsol.com\/es\/motogp\/meritoria-segunda-fila-para-marc-marquez\/#respond"]}]},{"@type":"WebPage","@id":"https:\/\/www.boxrepsol.com\/es\/motogp\/meritoria-segunda-fila-para-marc-marquez\/","url":"https:\/\/www.boxrepsol.com\/es\/motogp\/meritoria-segunda-fila-para-marc-marquez\/","name":"Meritoria segunda fila para Marc M\u00e1rquez - Box Repsol","isPartOf":{"@id":"https:\/\/www.boxrepsol.com\/es\/#website"},"primaryImageOfPage":{"@id":"https:\/\/www.boxrepsol.com\/es\/motogp\/meritoria-segunda-fila-para-marc-marquez\/#primaryimage"},"image":{"@id":"https:\/\/www.boxrepsol.com\/es\/motogp\/meritoria-segunda-fila-para-marc-marquez\/#primaryimage"},"thumbnailUrl":"https:\/\/www.boxrepsol.com\/wp-content\/uploads\/2022\/08\/marc-marquez-assen-2016.jpg","datePublished":"2016-06-25T02:00:00+00:00","dateModified":"2024-05-07T08:49:06+00:00","description":"El piloto del equipo Repsol Honda saldr\u00e1 cuarto pese a una ca\u00edda al inicio de la sesi\u00f3n cronometrada. Dif\u00edcil jornada para Dani Pedrosa.","breadcrumb":{"@id":"https:\/\/www.boxrepsol.com\/es\/motogp\/meritoria-segunda-fila-para-marc-marquez\/#breadcrumb"},"inLanguage":"es","potentialAction":[{"@type":"ReadAction","target":["https:\/\/www.boxrepsol.com\/es\/motogp\/meritoria-segunda-fila-para-marc-marquez\/"]}]},{"@type":"ImageObject","inLanguage":"es","@id":"https:\/\/www.boxrepsol.com\/es\/motogp\/meritoria-segunda-fila-para-marc-marquez\/#primaryimage","url":"https:\/\/www.boxrepsol.com\/wp-content\/uploads\/2022\/08\/marc-marquez-assen-2016.jpg","contentUrl":"https:\/\/www.boxrepsol.com\/wp-content\/uploads\/2022\/08\/marc-marquez-assen-2016.jpg","width":984,"height":412,"caption":"Marc M\u00e1rquez pilotando su RC213V"},{"@type":"BreadcrumbList","@id":"https:\/\/www.boxrepsol.com\/es\/motogp\/meritoria-segunda-fila-para-marc-marquez\/#breadcrumb","itemListElement":[{"@type":"ListItem","position":1,"name":"Home","item":"https:\/\/www.boxrepsol.com\/es\/"},{"@type":"ListItem","position":2,"name":"Meritoria segunda fila para Marc M\u00e1rquez"}]},{"@type":"WebSite","@id":"https:\/\/www.boxrepsol.com\/es\/#website","url":"https:\/\/www.boxrepsol.com\/es\/","name":"Box Repsol","description":"Box Repsol Site","publisher":{"@id":"https:\/\/www.boxrepsol.com\/es\/#organization"},"potentialAction":[{"@type":"SearchAction","target":{"@type":"EntryPoint","urlTemplate":"https:\/\/www.boxrepsol.com\/es\/?s={search_term_string}"},"query-input":{"@type":"PropertyValueSpecification","valueRequired":true,"valueName":"search_term_string"}}],"inLanguage":"es"},{"@type":"Organization","@id":"https:\/\/www.boxrepsol.com\/es\/#organization","name":"Box Repsol","url":"https:\/\/www.boxrepsol.com\/es\/","logo":{"@type":"ImageObject","inLanguage":"es","@id":"https:\/\/www.boxrepsol.com\/es\/#\/schema\/logo\/image\/","url":"https:\/\/bxrepsol.s3.eu-west-1.amazonaws.com\/static\/2025\/07\/30083337\/favicon-96x96-1.png","contentUrl":"https:\/\/bxrepsol.s3.eu-west-1.amazonaws.com\/static\/2025\/07\/30083337\/favicon-96x96-1.png","width":96,"height":96,"caption":"Box Repsol"},"image":{"@id":"https:\/\/www.boxrepsol.com\/es\/#\/schema\/logo\/image\/"},"sameAs":["https:\/\/www.facebook.com\/BoxRepsol","https:\/\/x.com\/box_repsol","http:\/\/instagram.com\/box_repsol","https:\/\/www.youtube.com\/user\/RepsolCompeticion","https:\/\/www.flickr.com\/photos\/box_repsol\/"]},{"@type":"Person","@id":"https:\/\/www.boxrepsol.com\/es\/#\/schema\/person\/c5c2138f2cca251b0ad92b7086bb60b7","name":"Redacci\u00f3n Box Repsol","image":{"@type":"ImageObject","inLanguage":"es","@id":"https:\/\/secure.gravatar.com\/avatar\/adf7b77e38b4419baf32c7e9c21dde01f4e40df611f0978e3006fc4ba0aaab7e?s=96&d=mm&r=g","url":"https:\/\/secure.gravatar.com\/avatar\/adf7b77e38b4419baf32c7e9c21dde01f4e40df611f0978e3006fc4ba0aaab7e?s=96&d=mm&r=g","contentUrl":"https:\/\/secure.gravatar.com\/avatar\/adf7b77e38b4419baf32c7e9c21dde01f4e40df611f0978e3006fc4ba0aaab7e?s=96&d=mm&r=g","caption":"Redacci\u00f3n Box Repsol"},"description":"Box Repsol lo forma un equipo de periodistas, community managers, dise\u00f1adores y fot\u00f3grafos con m\u00e1s de 20 a\u00f1os de experiencia en el mundo del motorsport. Hemos vivido el primer mundial de un espa\u00f1ol en la categor\u00eda reina de motociclismo con \u00c1lex Crivill\u00e9, estuvimos en las victorias de Pedrosa y los t\u00edtulos de M\u00e1rquez, acompa\u00f1amos en \u00c1frica a Nani Roma y Marc Coma en sus conquistas del Dakar y hemos vibrado con los t\u00edtulos de Toni Bou en Trial. Adem\u00e1s, en nuestro equipo contamos con expertos en el mundo de las dos y cuatro ruedas tanto de la calle y las carreteras, como de los circuitos. Periodistas que han trabajado en revistas y publicaciones para hacerte llegar desde rutas y consejos de mantenimiento, a curiosidades y trucos de pilotaje.","sameAs":["https:\/\/www.facebook.com\/BoxRepsol\/","https:\/\/www.instagram.com\/box_repsol\/","https:\/\/x.com\/https:\/\/twitter.com\/box_repsol","https:\/\/www.youtube.com\/@Boxrepsol"],"url":"https:\/\/www.boxrepsol.com\/es\/author\/redaccion-box-repsol\/"}]}},"_links":{"self":[{"href":"https:\/\/www.boxrepsol.com\/es\/wp-json\/wp\/v2\/posts\/89891","targetHints":{"allow":["GET"]}}],"collection":[{"href":"https:\/\/www.boxrepsol.com\/es\/wp-json\/wp\/v2\/posts"}],"about":[{"href":"https:\/\/www.boxrepsol.com\/es\/wp-json\/wp\/v2\/types\/post"}],"author":[{"embeddable":true,"href":"https:\/\/www.boxrepsol.com\/es\/wp-json\/wp\/v2\/users\/43146"}],"replies":[{"embeddable":true,"href":"https:\/\/www.boxrepsol.com\/es\/wp-json\/wp\/v2\/comments?post=89891"}],"version-history":[{"count":1,"href":"https:\/\/www.boxrepsol.com\/es\/wp-json\/wp\/v2\/posts\/89891\/revisions"}],"predecessor-version":[{"id":89892,"href":"https:\/\/www.boxrepsol.com\/es\/wp-json\/wp\/v2\/posts\/89891\/revisions\/89892"}],"wp:featuredmedia":[{"embeddable":true,"href":"https:\/\/www.boxrepsol.com\/es\/wp-json\/wp\/v2\/media\/85751"}],"wp:attachment":[{"href":"https:\/\/www.boxrepsol.com\/es\/wp-json\/wp\/v2\/media?parent=89891"}],"wp:term":[{"taxonomy":"category","embeddable":true,"href":"https:\/\/www.boxrepsol.com\/es\/wp-json\/wp\/v2\/categories?post=89891"},{"taxonomy":"post_tag","embeddable":true,"href":"https:\/\/www.boxrepsol.com\/es\/wp-json\/wp\/v2\/tags?post=89891"}],"curies":[{"name":"wp","href":"https:\/\/api.w.org\/{rel}","templated":true}]}}