{"id":89887,"date":"2016-06-26T00:00:00","date_gmt":"2016-06-26T02:00:00","guid":{"rendered":"http:\/\/pre.boxrepsol.com\/sin-categorizar\/un-brillante-marquez-reafirma-su-liderato-bajo-la-lluvia\/"},"modified":"2024-05-07T06:48:57","modified_gmt":"2024-05-07T08:48:57","slug":"un-brillante-marquez-reafirma-su-liderato-bajo-la-lluvia","status":"publish","type":"post","link":"https:\/\/www.boxrepsol.com\/es\/motogp\/un-brillante-marquez-reafirma-su-liderato-bajo-la-lluvia\/","title":{"rendered":"Un brillante M\u00e1rquez reafirma su liderato bajo la lluvia"},"content":{"rendered":"<blockquote><p>\u00b7@marcmarquez93: \u00absalimos de Assen m\u00e1s l\u00edderes\u00bb #TTAssen<\/p>\n<p><a href=\"http:\/\/twitter.com\/share?text=%C2%B7%40marcmarquez93%3A+%22salimos+de+Assen+m%C3%A1s+l%C3%ADderes%22+%23TTAssen+&amp;url=http%3A%2F%2F34.249.211.158%2Fes%2Fmotogp%2Fun-brillante-marquez-reafirma-su-liderato-bajo-la-lluvia%2F&amp;hashtags=\" target=\"_blank\" rel=\"noopener\"><br \/>\ntwittear <\/a><\/p>\n<footer>Marc M\u00e1rquez<\/footer>\n<\/blockquote>\n<p>La primera carrera de la historia del Gran Premio de Holanda celebrada en domingo ha visto la mejor versi\u00f3n de Marc M\u00e1rquez. El piloto del equipo Repsol Honda ha sabido aprovechar como nadie las dif\u00edciles condiciones para sumar 20 valiosos puntos en una carrera que ha visto un ganador at\u00edpico, el australiano Jack Miller.<\/p>\n<p>Despu\u00e9s de una primera manga a 14 vueltas, un aguacero ha obligado a interrumpir la prueba cuando Pedrosa y M\u00e1rquez remontaban en quinta y sexta plaza, respectivamente, a poca distancia de los primeros. Tras la segunda salida, Dani Pedrosa ha sufrido una ca\u00edda en el primer giro, aunque ha podido retomar la marcha y cruzar la meta duod\u00e9cimo, sumando 4 nuevos puntos. Por delante, Marc M\u00e1rquez ha sabido mantenerse encima de su Honda y aprovechar la ca\u00edda de Rossi y los problemas de Lorenzo, para <strong>terminar segundo y aumentar hasta los 145 puntos su cuenta en el Mundial<\/strong>, 24 m\u00e1s que el balear y a 42 del italiano, que es tercero. Pedrosa se mantiene cuarto con 86 puntos.<\/p>\n<p><img decoding=\"async\" src=\"https:\/\/bxrepsol.s3.eu-west-1.amazonaws.com\/static\/2022\/08\/29044839\/marc-marquez-accion-assen-2016.jpg\" alt=\"Marc M\u00e1rquez pilotando bajo la lluvia\" \/><\/p>\n<h3><strong>Marc M\u00e1rquez<\/strong><\/h3>\n<p>\u00abHoy era una de esas carreras en la que puedes perder muchos puntos o ganarlos, y puedes afrontarlo con dos mentalidades: arriesgar para coger m\u00e1s ventaja o la mentalidad que el equipo me ha repetido unas cuarenta veces esta ma\u00f1ana, terminar para perder los m\u00ednimos puntos posibles. Esto es justamente lo que he hecho, mantenerme entre los cinco primeros para no ceder mucho terreno respecto a Valentino [Rossi] e intentar no cometer errores para poder acabar la carrera.<\/p>\n<p>En el principio de la primera manga no me he sentido c\u00f3modo, he perdido distancia con los primeros, pero luego he podido recuperar. De todos modos, creo que han hecho bien parando la prueba, porque era muy peligroso. En la segunda manga he salido pensando en empujar un poco m\u00e1s, pero he decidido no seguir a Rossi y Dovizioso, porque iban muy r\u00e1pido. Aunque luego los dos se han acabado cayendo.<\/p>\n<p>Cuando he visto a Miller acechando, sab\u00eda que ir\u00eda a por su primera victoria, por lo que he preferido dejarle pasar y mantenerme a un par de segundos, administrando la distancia con el tercero, porque con Jorge [Lorenzo] tan lejos y Rossi fuera de carrera, esta segunda posici\u00f3n era como una victoria. Al final, entre una cosa y otra, salimos de Assen m\u00e1s l\u00edderes\u00bb.<\/p>\n<h3><strong>Dani Pedrosa<\/strong><\/h3>\n<p>\u00abHa sido un fin de semana bastante dif\u00edcil, pero carreras como la de hoy son una loter\u00eda. En la primera manga, parec\u00eda que la estrategia que hab\u00edamos planeado de correr con neum\u00e1tico blando nos hab\u00eda salido bien. Al principio, cuando la pista se estaba secando, he ido despacio, pero cuando ha empezado a llover, he remontado muy r\u00e1pido mientras que los dem\u00e1s se ve\u00edan en desventaja. Sin embargo, en ese momento direcci\u00f3n de carrera ha parado la prueba; me he sentido desafortunado, porque no ha servido de nada pensar una estrategia o intentar escoger diferente, eso no nos ha beneficiado.<\/p>\n<p>En la segunda manga, me he ca\u00eddo en la primera vuelta porque ten\u00eda un neum\u00e1tico nuevo detr\u00e1s sin demasiado agarre. En definitiva, ha sido un Gran Premio complicado; intentaremos buscar mejores soluciones para la pr\u00f3xima carrera y recuperar sensaciones para ir m\u00e1s r\u00e1pido\u00bb.<\/p>\n","protected":false},"excerpt":{"rendered":"<p>Segunda posici\u00f3n para el piloto del equipo Repsol Honda en una ca\u00f3tica carrera a dos mangas, con la que aumenta su ventaja en el Mundial. Pedrosa suma 4 puntos tras continuar despu\u00e9s de una ca\u00edda.<\/p>\n","protected":false},"author":43146,"featured_media":85751,"comment_status":"open","ping_status":"open","sticky":false,"template":"","format":"standard","meta":{"footnotes":""},"categories":[4],"tags":[153],"class_list":["post-89887","post","type-post","status-publish","format-standard","hentry","category-motogp","tag-motogp-holanda"],"yoast_head":"<!-- This site is optimized with the Yoast SEO plugin v27.3 - https:\/\/yoast.com\/product\/yoast-seo-wordpress\/ -->\n<title>Un brillante M\u00e1rquez reafirma su liderato bajo la lluvia - Box Repsol<\/title>\n<meta name=\"description\" content=\"Segunda posici\u00f3n para el piloto del equipo Repsol Honda en una ca\u00f3tica carrera a dos mangas, con la que aumenta su ventaja en el Mundial...\" \/>\n<link rel=\"canonical\" href=\"https:\/\/www.boxrepsol.com\/es\/motogp\/un-brillante-marquez-reafirma-su-liderato-bajo-la-lluvia\/\" \/>\n<meta property=\"og:locale\" content=\"es_ES\" \/>\n<meta property=\"og:type\" content=\"article\" \/>\n<meta property=\"og:title\" content=\"Un brillante M\u00e1rquez reafirma su liderato bajo la lluvia - Box Repsol\" \/>\n<meta property=\"og:description\" content=\"Segunda posici\u00f3n para el piloto del equipo Repsol Honda en una ca\u00f3tica carrera a dos mangas, con la que aumenta su ventaja en el Mundial...\" \/>\n<meta property=\"og:url\" content=\"https:\/\/www.boxrepsol.com\/es\/motogp\/un-brillante-marquez-reafirma-su-liderato-bajo-la-lluvia\/\" \/>\n<meta property=\"og:site_name\" content=\"Box Repsol\" \/>\n<meta property=\"article:publisher\" content=\"https:\/\/www.facebook.com\/BoxRepsol\" \/>\n<meta property=\"article:author\" content=\"https:\/\/www.facebook.com\/BoxRepsol\/\" \/>\n<meta property=\"article:published_time\" content=\"2016-06-26T02:00:00+00:00\" \/>\n<meta property=\"article:modified_time\" content=\"2024-05-07T08:48:57+00:00\" \/>\n<meta property=\"og:image\" content=\"https:\/\/www.boxrepsol.com\/wp-content\/uploads\/2022\/08\/marc-marquez-assen-2016.jpg\" \/>\n\t<meta property=\"og:image:width\" content=\"984\" \/>\n\t<meta property=\"og:image:height\" content=\"412\" \/>\n\t<meta property=\"og:image:type\" content=\"image\/jpeg\" \/>\n<meta name=\"author\" content=\"Redacci\u00f3n Box Repsol\" \/>\n<meta name=\"twitter:card\" content=\"summary_large_image\" \/>\n<meta name=\"twitter:creator\" content=\"@https:\/\/twitter.com\/box_repsol\" \/>\n<meta name=\"twitter:site\" content=\"@box_repsol\" \/>\n<meta name=\"twitter:label1\" content=\"Written by\" \/>\n\t<meta name=\"twitter:data1\" content=\"Redacci\u00f3n Box Repsol\" \/>\n\t<meta name=\"twitter:label2\" content=\"Est. reading time\" \/>\n\t<meta name=\"twitter:data2\" content=\"3 minutos\" \/>\n<script type=\"application\/ld+json\" class=\"yoast-schema-graph\">{\"@context\":\"https:\\\/\\\/schema.org\",\"@graph\":[{\"@type\":\"Article\",\"@id\":\"https:\\\/\\\/www.boxrepsol.com\\\/es\\\/motogp\\\/un-brillante-marquez-reafirma-su-liderato-bajo-la-lluvia\\\/#article\",\"isPartOf\":{\"@id\":\"https:\\\/\\\/www.boxrepsol.com\\\/es\\\/motogp\\\/un-brillante-marquez-reafirma-su-liderato-bajo-la-lluvia\\\/\"},\"author\":{\"name\":\"Redacci\u00f3n Box Repsol\",\"@id\":\"https:\\\/\\\/www.boxrepsol.com\\\/es\\\/#\\\/schema\\\/person\\\/c5c2138f2cca251b0ad92b7086bb60b7\"},\"headline\":\"Un brillante M\u00e1rquez reafirma su liderato bajo la lluvia\",\"datePublished\":\"2016-06-26T02:00:00+00:00\",\"dateModified\":\"2024-05-07T08:48:57+00:00\",\"mainEntityOfPage\":{\"@id\":\"https:\\\/\\\/www.boxrepsol.com\\\/es\\\/motogp\\\/un-brillante-marquez-reafirma-su-liderato-bajo-la-lluvia\\\/\"},\"wordCount\":588,\"commentCount\":0,\"publisher\":{\"@id\":\"https:\\\/\\\/www.boxrepsol.com\\\/es\\\/#organization\"},\"image\":{\"@id\":\"https:\\\/\\\/www.boxrepsol.com\\\/es\\\/motogp\\\/un-brillante-marquez-reafirma-su-liderato-bajo-la-lluvia\\\/#primaryimage\"},\"thumbnailUrl\":\"https:\\\/\\\/www.boxrepsol.com\\\/wp-content\\\/uploads\\\/2022\\\/08\\\/marc-marquez-assen-2016.jpg\",\"keywords\":[\"MotoGP Holanda\"],\"articleSection\":[\"MotoGP\"],\"inLanguage\":\"es\",\"potentialAction\":[{\"@type\":\"CommentAction\",\"name\":\"Comment\",\"target\":[\"https:\\\/\\\/www.boxrepsol.com\\\/es\\\/motogp\\\/un-brillante-marquez-reafirma-su-liderato-bajo-la-lluvia\\\/#respond\"]}]},{\"@type\":\"WebPage\",\"@id\":\"https:\\\/\\\/www.boxrepsol.com\\\/es\\\/motogp\\\/un-brillante-marquez-reafirma-su-liderato-bajo-la-lluvia\\\/\",\"url\":\"https:\\\/\\\/www.boxrepsol.com\\\/es\\\/motogp\\\/un-brillante-marquez-reafirma-su-liderato-bajo-la-lluvia\\\/\",\"name\":\"Un brillante M\u00e1rquez reafirma su liderato bajo la lluvia - Box Repsol\",\"isPartOf\":{\"@id\":\"https:\\\/\\\/www.boxrepsol.com\\\/es\\\/#website\"},\"primaryImageOfPage\":{\"@id\":\"https:\\\/\\\/www.boxrepsol.com\\\/es\\\/motogp\\\/un-brillante-marquez-reafirma-su-liderato-bajo-la-lluvia\\\/#primaryimage\"},\"image\":{\"@id\":\"https:\\\/\\\/www.boxrepsol.com\\\/es\\\/motogp\\\/un-brillante-marquez-reafirma-su-liderato-bajo-la-lluvia\\\/#primaryimage\"},\"thumbnailUrl\":\"https:\\\/\\\/www.boxrepsol.com\\\/wp-content\\\/uploads\\\/2022\\\/08\\\/marc-marquez-assen-2016.jpg\",\"datePublished\":\"2016-06-26T02:00:00+00:00\",\"dateModified\":\"2024-05-07T08:48:57+00:00\",\"description\":\"Segunda posici\u00f3n para el piloto del equipo Repsol Honda en una ca\u00f3tica carrera a dos mangas, con la que aumenta su ventaja en el Mundial...\",\"breadcrumb\":{\"@id\":\"https:\\\/\\\/www.boxrepsol.com\\\/es\\\/motogp\\\/un-brillante-marquez-reafirma-su-liderato-bajo-la-lluvia\\\/#breadcrumb\"},\"inLanguage\":\"es\",\"potentialAction\":[{\"@type\":\"ReadAction\",\"target\":[\"https:\\\/\\\/www.boxrepsol.com\\\/es\\\/motogp\\\/un-brillante-marquez-reafirma-su-liderato-bajo-la-lluvia\\\/\"]}]},{\"@type\":\"ImageObject\",\"inLanguage\":\"es\",\"@id\":\"https:\\\/\\\/www.boxrepsol.com\\\/es\\\/motogp\\\/un-brillante-marquez-reafirma-su-liderato-bajo-la-lluvia\\\/#primaryimage\",\"url\":\"https:\\\/\\\/www.boxrepsol.com\\\/wp-content\\\/uploads\\\/2022\\\/08\\\/marc-marquez-assen-2016.jpg\",\"contentUrl\":\"https:\\\/\\\/www.boxrepsol.com\\\/wp-content\\\/uploads\\\/2022\\\/08\\\/marc-marquez-assen-2016.jpg\",\"width\":984,\"height\":412,\"caption\":\"Marc M\u00e1rquez pilotando su RC213V\"},{\"@type\":\"BreadcrumbList\",\"@id\":\"https:\\\/\\\/www.boxrepsol.com\\\/es\\\/motogp\\\/un-brillante-marquez-reafirma-su-liderato-bajo-la-lluvia\\\/#breadcrumb\",\"itemListElement\":[{\"@type\":\"ListItem\",\"position\":1,\"name\":\"Home\",\"item\":\"https:\\\/\\\/www.boxrepsol.com\\\/es\\\/\"},{\"@type\":\"ListItem\",\"position\":2,\"name\":\"Un brillante M\u00e1rquez reafirma su liderato bajo la lluvia\"}]},{\"@type\":\"WebSite\",\"@id\":\"https:\\\/\\\/www.boxrepsol.com\\\/es\\\/#website\",\"url\":\"https:\\\/\\\/www.boxrepsol.com\\\/es\\\/\",\"name\":\"Box Repsol\",\"description\":\"Box Repsol Site\",\"publisher\":{\"@id\":\"https:\\\/\\\/www.boxrepsol.com\\\/es\\\/#organization\"},\"potentialAction\":[{\"@type\":\"SearchAction\",\"target\":{\"@type\":\"EntryPoint\",\"urlTemplate\":\"https:\\\/\\\/www.boxrepsol.com\\\/es\\\/?s={search_term_string}\"},\"query-input\":{\"@type\":\"PropertyValueSpecification\",\"valueRequired\":true,\"valueName\":\"search_term_string\"}}],\"inLanguage\":\"es\"},{\"@type\":\"Organization\",\"@id\":\"https:\\\/\\\/www.boxrepsol.com\\\/es\\\/#organization\",\"name\":\"Box Repsol\",\"url\":\"https:\\\/\\\/www.boxrepsol.com\\\/es\\\/\",\"logo\":{\"@type\":\"ImageObject\",\"inLanguage\":\"es\",\"@id\":\"https:\\\/\\\/www.boxrepsol.com\\\/es\\\/#\\\/schema\\\/logo\\\/image\\\/\",\"url\":\"https:\\\/\\\/bxrepsol.s3.eu-west-1.amazonaws.com\\\/static\\\/2025\\\/07\\\/30083337\\\/favicon-96x96-1.png\",\"contentUrl\":\"https:\\\/\\\/bxrepsol.s3.eu-west-1.amazonaws.com\\\/static\\\/2025\\\/07\\\/30083337\\\/favicon-96x96-1.png\",\"width\":96,\"height\":96,\"caption\":\"Box Repsol\"},\"image\":{\"@id\":\"https:\\\/\\\/www.boxrepsol.com\\\/es\\\/#\\\/schema\\\/logo\\\/image\\\/\"},\"sameAs\":[\"https:\\\/\\\/www.facebook.com\\\/BoxRepsol\",\"https:\\\/\\\/x.com\\\/box_repsol\",\"http:\\\/\\\/instagram.com\\\/box_repsol\",\"https:\\\/\\\/www.youtube.com\\\/user\\\/RepsolCompeticion\",\"https:\\\/\\\/www.flickr.com\\\/photos\\\/box_repsol\\\/\"]},{\"@type\":\"Person\",\"@id\":\"https:\\\/\\\/www.boxrepsol.com\\\/es\\\/#\\\/schema\\\/person\\\/c5c2138f2cca251b0ad92b7086bb60b7\",\"name\":\"Redacci\u00f3n Box Repsol\",\"image\":{\"@type\":\"ImageObject\",\"inLanguage\":\"es\",\"@id\":\"https:\\\/\\\/secure.gravatar.com\\\/avatar\\\/adf7b77e38b4419baf32c7e9c21dde01f4e40df611f0978e3006fc4ba0aaab7e?s=96&d=mm&r=g\",\"url\":\"https:\\\/\\\/secure.gravatar.com\\\/avatar\\\/adf7b77e38b4419baf32c7e9c21dde01f4e40df611f0978e3006fc4ba0aaab7e?s=96&d=mm&r=g\",\"contentUrl\":\"https:\\\/\\\/secure.gravatar.com\\\/avatar\\\/adf7b77e38b4419baf32c7e9c21dde01f4e40df611f0978e3006fc4ba0aaab7e?s=96&d=mm&r=g\",\"caption\":\"Redacci\u00f3n Box Repsol\"},\"description\":\"Box Repsol lo forma un equipo de periodistas, community managers, dise\u00f1adores y fot\u00f3grafos con m\u00e1s de 20 a\u00f1os de experiencia en el mundo del motorsport. Hemos vivido el primer mundial de un espa\u00f1ol en la categor\u00eda reina de motociclismo con \u00c1lex Crivill\u00e9, estuvimos en las victorias de Pedrosa y los t\u00edtulos de M\u00e1rquez, acompa\u00f1amos en \u00c1frica a Nani Roma y Marc Coma en sus conquistas del Dakar y hemos vibrado con los t\u00edtulos de Toni Bou en Trial. Adem\u00e1s, en nuestro equipo contamos con expertos en el mundo de las dos y cuatro ruedas tanto de la calle y las carreteras, como de los circuitos. Periodistas que han trabajado en revistas y publicaciones para hacerte llegar desde rutas y consejos de mantenimiento, a curiosidades y trucos de pilotaje.\",\"sameAs\":[\"https:\\\/\\\/www.facebook.com\\\/BoxRepsol\\\/\",\"https:\\\/\\\/www.instagram.com\\\/box_repsol\\\/\",\"https:\\\/\\\/x.com\\\/https:\\\/\\\/twitter.com\\\/box_repsol\",\"https:\\\/\\\/www.youtube.com\\\/@Boxrepsol\"],\"url\":\"https:\\\/\\\/www.boxrepsol.com\\\/es\\\/author\\\/redaccion-box-repsol\\\/\"}]}<\/script>\n<!-- \/ Yoast SEO plugin. -->","yoast_head_json":{"title":"Un brillante M\u00e1rquez reafirma su liderato bajo la lluvia - Box Repsol","description":"Segunda posici\u00f3n para el piloto del equipo Repsol Honda en una ca\u00f3tica carrera a dos mangas, con la que aumenta su ventaja en el Mundial...","canonical":"https:\/\/www.boxrepsol.com\/es\/motogp\/un-brillante-marquez-reafirma-su-liderato-bajo-la-lluvia\/","og_locale":"es_ES","og_type":"article","og_title":"Un brillante M\u00e1rquez reafirma su liderato bajo la lluvia - Box Repsol","og_description":"Segunda posici\u00f3n para el piloto del equipo Repsol Honda en una ca\u00f3tica carrera a dos mangas, con la que aumenta su ventaja en el Mundial...","og_url":"https:\/\/www.boxrepsol.com\/es\/motogp\/un-brillante-marquez-reafirma-su-liderato-bajo-la-lluvia\/","og_site_name":"Box Repsol","article_publisher":"https:\/\/www.facebook.com\/BoxRepsol","article_author":"https:\/\/www.facebook.com\/BoxRepsol\/","article_published_time":"2016-06-26T02:00:00+00:00","article_modified_time":"2024-05-07T08:48:57+00:00","og_image":[{"width":984,"height":412,"url":"https:\/\/www.boxrepsol.com\/wp-content\/uploads\/2022\/08\/marc-marquez-assen-2016.jpg","type":"image\/jpeg"}],"author":"Redacci\u00f3n Box Repsol","twitter_card":"summary_large_image","twitter_creator":"@https:\/\/twitter.com\/box_repsol","twitter_site":"@box_repsol","twitter_misc":{"Written by":"Redacci\u00f3n Box Repsol","Est. reading time":"3 minutos"},"schema":{"@context":"https:\/\/schema.org","@graph":[{"@type":"Article","@id":"https:\/\/www.boxrepsol.com\/es\/motogp\/un-brillante-marquez-reafirma-su-liderato-bajo-la-lluvia\/#article","isPartOf":{"@id":"https:\/\/www.boxrepsol.com\/es\/motogp\/un-brillante-marquez-reafirma-su-liderato-bajo-la-lluvia\/"},"author":{"name":"Redacci\u00f3n Box Repsol","@id":"https:\/\/www.boxrepsol.com\/es\/#\/schema\/person\/c5c2138f2cca251b0ad92b7086bb60b7"},"headline":"Un brillante M\u00e1rquez reafirma su liderato bajo la lluvia","datePublished":"2016-06-26T02:00:00+00:00","dateModified":"2024-05-07T08:48:57+00:00","mainEntityOfPage":{"@id":"https:\/\/www.boxrepsol.com\/es\/motogp\/un-brillante-marquez-reafirma-su-liderato-bajo-la-lluvia\/"},"wordCount":588,"commentCount":0,"publisher":{"@id":"https:\/\/www.boxrepsol.com\/es\/#organization"},"image":{"@id":"https:\/\/www.boxrepsol.com\/es\/motogp\/un-brillante-marquez-reafirma-su-liderato-bajo-la-lluvia\/#primaryimage"},"thumbnailUrl":"https:\/\/www.boxrepsol.com\/wp-content\/uploads\/2022\/08\/marc-marquez-assen-2016.jpg","keywords":["MotoGP Holanda"],"articleSection":["MotoGP"],"inLanguage":"es","potentialAction":[{"@type":"CommentAction","name":"Comment","target":["https:\/\/www.boxrepsol.com\/es\/motogp\/un-brillante-marquez-reafirma-su-liderato-bajo-la-lluvia\/#respond"]}]},{"@type":"WebPage","@id":"https:\/\/www.boxrepsol.com\/es\/motogp\/un-brillante-marquez-reafirma-su-liderato-bajo-la-lluvia\/","url":"https:\/\/www.boxrepsol.com\/es\/motogp\/un-brillante-marquez-reafirma-su-liderato-bajo-la-lluvia\/","name":"Un brillante M\u00e1rquez reafirma su liderato bajo la lluvia - Box Repsol","isPartOf":{"@id":"https:\/\/www.boxrepsol.com\/es\/#website"},"primaryImageOfPage":{"@id":"https:\/\/www.boxrepsol.com\/es\/motogp\/un-brillante-marquez-reafirma-su-liderato-bajo-la-lluvia\/#primaryimage"},"image":{"@id":"https:\/\/www.boxrepsol.com\/es\/motogp\/un-brillante-marquez-reafirma-su-liderato-bajo-la-lluvia\/#primaryimage"},"thumbnailUrl":"https:\/\/www.boxrepsol.com\/wp-content\/uploads\/2022\/08\/marc-marquez-assen-2016.jpg","datePublished":"2016-06-26T02:00:00+00:00","dateModified":"2024-05-07T08:48:57+00:00","description":"Segunda posici\u00f3n para el piloto del equipo Repsol Honda en una ca\u00f3tica carrera a dos mangas, con la que aumenta su ventaja en el Mundial...","breadcrumb":{"@id":"https:\/\/www.boxrepsol.com\/es\/motogp\/un-brillante-marquez-reafirma-su-liderato-bajo-la-lluvia\/#breadcrumb"},"inLanguage":"es","potentialAction":[{"@type":"ReadAction","target":["https:\/\/www.boxrepsol.com\/es\/motogp\/un-brillante-marquez-reafirma-su-liderato-bajo-la-lluvia\/"]}]},{"@type":"ImageObject","inLanguage":"es","@id":"https:\/\/www.boxrepsol.com\/es\/motogp\/un-brillante-marquez-reafirma-su-liderato-bajo-la-lluvia\/#primaryimage","url":"https:\/\/www.boxrepsol.com\/wp-content\/uploads\/2022\/08\/marc-marquez-assen-2016.jpg","contentUrl":"https:\/\/www.boxrepsol.com\/wp-content\/uploads\/2022\/08\/marc-marquez-assen-2016.jpg","width":984,"height":412,"caption":"Marc M\u00e1rquez pilotando su RC213V"},{"@type":"BreadcrumbList","@id":"https:\/\/www.boxrepsol.com\/es\/motogp\/un-brillante-marquez-reafirma-su-liderato-bajo-la-lluvia\/#breadcrumb","itemListElement":[{"@type":"ListItem","position":1,"name":"Home","item":"https:\/\/www.boxrepsol.com\/es\/"},{"@type":"ListItem","position":2,"name":"Un brillante M\u00e1rquez reafirma su liderato bajo la lluvia"}]},{"@type":"WebSite","@id":"https:\/\/www.boxrepsol.com\/es\/#website","url":"https:\/\/www.boxrepsol.com\/es\/","name":"Box Repsol","description":"Box Repsol Site","publisher":{"@id":"https:\/\/www.boxrepsol.com\/es\/#organization"},"potentialAction":[{"@type":"SearchAction","target":{"@type":"EntryPoint","urlTemplate":"https:\/\/www.boxrepsol.com\/es\/?s={search_term_string}"},"query-input":{"@type":"PropertyValueSpecification","valueRequired":true,"valueName":"search_term_string"}}],"inLanguage":"es"},{"@type":"Organization","@id":"https:\/\/www.boxrepsol.com\/es\/#organization","name":"Box Repsol","url":"https:\/\/www.boxrepsol.com\/es\/","logo":{"@type":"ImageObject","inLanguage":"es","@id":"https:\/\/www.boxrepsol.com\/es\/#\/schema\/logo\/image\/","url":"https:\/\/bxrepsol.s3.eu-west-1.amazonaws.com\/static\/2025\/07\/30083337\/favicon-96x96-1.png","contentUrl":"https:\/\/bxrepsol.s3.eu-west-1.amazonaws.com\/static\/2025\/07\/30083337\/favicon-96x96-1.png","width":96,"height":96,"caption":"Box Repsol"},"image":{"@id":"https:\/\/www.boxrepsol.com\/es\/#\/schema\/logo\/image\/"},"sameAs":["https:\/\/www.facebook.com\/BoxRepsol","https:\/\/x.com\/box_repsol","http:\/\/instagram.com\/box_repsol","https:\/\/www.youtube.com\/user\/RepsolCompeticion","https:\/\/www.flickr.com\/photos\/box_repsol\/"]},{"@type":"Person","@id":"https:\/\/www.boxrepsol.com\/es\/#\/schema\/person\/c5c2138f2cca251b0ad92b7086bb60b7","name":"Redacci\u00f3n Box Repsol","image":{"@type":"ImageObject","inLanguage":"es","@id":"https:\/\/secure.gravatar.com\/avatar\/adf7b77e38b4419baf32c7e9c21dde01f4e40df611f0978e3006fc4ba0aaab7e?s=96&d=mm&r=g","url":"https:\/\/secure.gravatar.com\/avatar\/adf7b77e38b4419baf32c7e9c21dde01f4e40df611f0978e3006fc4ba0aaab7e?s=96&d=mm&r=g","contentUrl":"https:\/\/secure.gravatar.com\/avatar\/adf7b77e38b4419baf32c7e9c21dde01f4e40df611f0978e3006fc4ba0aaab7e?s=96&d=mm&r=g","caption":"Redacci\u00f3n Box Repsol"},"description":"Box Repsol lo forma un equipo de periodistas, community managers, dise\u00f1adores y fot\u00f3grafos con m\u00e1s de 20 a\u00f1os de experiencia en el mundo del motorsport. Hemos vivido el primer mundial de un espa\u00f1ol en la categor\u00eda reina de motociclismo con \u00c1lex Crivill\u00e9, estuvimos en las victorias de Pedrosa y los t\u00edtulos de M\u00e1rquez, acompa\u00f1amos en \u00c1frica a Nani Roma y Marc Coma en sus conquistas del Dakar y hemos vibrado con los t\u00edtulos de Toni Bou en Trial. Adem\u00e1s, en nuestro equipo contamos con expertos en el mundo de las dos y cuatro ruedas tanto de la calle y las carreteras, como de los circuitos. Periodistas que han trabajado en revistas y publicaciones para hacerte llegar desde rutas y consejos de mantenimiento, a curiosidades y trucos de pilotaje.","sameAs":["https:\/\/www.facebook.com\/BoxRepsol\/","https:\/\/www.instagram.com\/box_repsol\/","https:\/\/x.com\/https:\/\/twitter.com\/box_repsol","https:\/\/www.youtube.com\/@Boxrepsol"],"url":"https:\/\/www.boxrepsol.com\/es\/author\/redaccion-box-repsol\/"}]}},"_links":{"self":[{"href":"https:\/\/www.boxrepsol.com\/es\/wp-json\/wp\/v2\/posts\/89887","targetHints":{"allow":["GET"]}}],"collection":[{"href":"https:\/\/www.boxrepsol.com\/es\/wp-json\/wp\/v2\/posts"}],"about":[{"href":"https:\/\/www.boxrepsol.com\/es\/wp-json\/wp\/v2\/types\/post"}],"author":[{"embeddable":true,"href":"https:\/\/www.boxrepsol.com\/es\/wp-json\/wp\/v2\/users\/43146"}],"replies":[{"embeddable":true,"href":"https:\/\/www.boxrepsol.com\/es\/wp-json\/wp\/v2\/comments?post=89887"}],"version-history":[{"count":1,"href":"https:\/\/www.boxrepsol.com\/es\/wp-json\/wp\/v2\/posts\/89887\/revisions"}],"predecessor-version":[{"id":89888,"href":"https:\/\/www.boxrepsol.com\/es\/wp-json\/wp\/v2\/posts\/89887\/revisions\/89888"}],"wp:featuredmedia":[{"embeddable":true,"href":"https:\/\/www.boxrepsol.com\/es\/wp-json\/wp\/v2\/media\/85751"}],"wp:attachment":[{"href":"https:\/\/www.boxrepsol.com\/es\/wp-json\/wp\/v2\/media?parent=89887"}],"wp:term":[{"taxonomy":"category","embeddable":true,"href":"https:\/\/www.boxrepsol.com\/es\/wp-json\/wp\/v2\/categories?post=89887"},{"taxonomy":"post_tag","embeddable":true,"href":"https:\/\/www.boxrepsol.com\/es\/wp-json\/wp\/v2\/tags?post=89887"}],"curies":[{"name":"wp","href":"https:\/\/api.w.org\/{rel}","templated":true}]}}