{"id":89883,"date":"2016-07-04T00:00:00","date_gmt":"2016-07-04T02:00:00","guid":{"rendered":"http:\/\/pre.boxrepsol.com\/sin-categorizar\/dalla-porta-y-odendaal-vencen-y-morales-escala-hasta-el-liderato-en-albacete\/"},"modified":"2024-05-07T06:59:02","modified_gmt":"2024-05-07T08:59:02","slug":"dalla-porta-y-odendaal-vencen-y-morales-escala-hasta-el-liderato-en-albacete","status":"publish","type":"post","link":"https:\/\/www.boxrepsol.com\/es\/sin-categorizar\/dalla-porta-y-odendaal-vencen-y-morales-escala-hasta-el-liderato-en-albacete\/","title":{"rendered":"Dalla Porta y Odendaal vencen y Morales escala hasta el liderato en Albacete"},"content":{"rendered":"<blockquote>\n<p>Lorenzo Dalla Porta ha sumado su tercer triunfo consecutivo.<\/p>\n<p>            <a href=\"http:\/\/twitter.com\/share?text=Lorenzo+Dalla+Porta+ha+sumado+su+tercer+triunfo+consecutivo.&#038;url=http%3A%2F%2F34.249.211.158%2Fes%2Fcev%2Fdalla-porta-y-odendaal-vencen-y-morales-escala-hasta-el-liderato-en-albacete%2F&#038;hashtags=\" target=\"_blank\" rel=\"noopener\"><br \/>\n            twittear        <\/a>\n        <\/p><\/blockquote>\n<p>El FIM CEV Repsol ha celebrado hoy en el Circuito de Albacete la quinta cita de la temporada. En el Mundial Junior de Moto3, Lorenzo Dalla Porta ha sumado su tercer triunfo consecutivo, el cuarto del a\u00f1o, y ha elevado su ventaja al frente de la general a 36 puntos, a falta de cinco carreras para el final. Un gui\u00f3n muy similar ha seguido el Europeo de Moto2, en el que Odendaal se ha impuesto con holgura y se mantiene l\u00edder de la categor\u00eda, con una significativa ventaja de 48 puntos. En el Europeo de Superbike s\u00ed han habido cambios en lo m\u00e1s alto de la general. Carmelo Morales ha aprovechado la ca\u00edda en la segunda manga del hasta hoy l\u00edder y vencedor en la primera, Maximilian Scheib, y ahora comanda la tabla de puntos con 7 de diferencia, gracias al segundo puesto y la victoria cosechados hoy.<\/p>\n<p>La pr\u00f3xima cita del FIM CEV Repsol se celebrar\u00e1 en el Aut\u00f3dromo do Algarve, en Portugal, el pr\u00f3ximo d\u00eda 28 de agosto. En esta ocasi\u00f3n, Moto3 disputar\u00e1 una carrera, mientras que Moto2 y Superbike completar\u00e1n dos mangas<\/p>\n<p>\t\t\t\t<img decoding=\"async\" src=\"https:\/\/bxrepsol.s3.eu-west-1.amazonaws.com\/static\/2022\/08\/29044832\/lorenzo-dalla-porta-fim-cev-repsol-2016.jpg\" alt=\"Lorenzo Dalla Porta adelantando\" itemprop=\"image\"  \/><\/p>\n<p><strong>Lorenzo Dalla Porta<\/strong><\/p>\n<p>\u00abHe dominado la primera mitad de la carrera, pero he tenido un susto y no me sent\u00eda igual de c\u00f3modo con la moto. Aunque m\u00e1s tarde, cuando me ha adelantado Marcos Ram\u00edrez, he apretado un poco m\u00e1s, he conseguido adelantarlo y he podido ganar la carrera. Estoy muy contento con esta victoria y ahora tenemos una buena ventaja en el campeonato. Tenemos que continuar as\u00ed. No ser\u00e1 f\u00e1cil y veremos c\u00f3mo nos va en la pr\u00f3xima carrera\u00bb.<\/p>\n<p><strong>Steven Odendaal<\/strong><\/p>\n<p>\u00abEl fin de semana ha ido muy bien. Hemos empezado fuertes y con buen ritmo desde el primer d\u00eda. Me he sentido c\u00f3modo sobre la moto, aunque ha hecho mucho calor estos d\u00edas y las condiciones han sido m\u00e1s duras, as\u00ed que no he querido tomar demasiado riesgo. Hemos ganado la carrera y continuamos paso a paso, sin pensar en el campeonato, s\u00f3lo en la pr\u00f3xima carrera en Portimao\u00bb.<\/p>\n<p><strong>Maximilian Scheib<\/strong><\/p>\n<p>\u00abHa sido una carrera muy emocionante. Hemos llevado a cabo la estrategia que hab\u00edamos preparado y nos ha salido bien. En esta manga hemos esperado a que Carmelo no pudiera traccionar tan bien, as\u00ed que ha sido una cuesti\u00f3n de tiempo porque sab\u00edamos que ten\u00edamos un buen ritmo con el neum\u00e1tico usado. Estoy contento por haber mantenido una lucha como esta, con buenos adelantamientos, as\u00ed el p\u00fablico disfruta y nosotros tambi\u00e9n\u00bb.<\/p>\n","protected":false},"excerpt":{"rendered":"<p>Lorenzo Dalla Porta y Steven Odendaal consiguen la victoria y ampl\u00edan sus ventajas en Moto3 y Moto2, respectivamente, y Carmelo Morales desplaza a Maximilian Scheib del liderato de Superbike.<\/p>\n","protected":false},"author":43146,"featured_media":85744,"comment_status":"open","ping_status":"open","sticky":false,"template":"","format":"standard","meta":{"footnotes":""},"categories":[1],"tags":[130],"class_list":["post-89883","post","type-post","status-publish","format-standard","hentry","category-sin-categorizar","tag-otros-eventos-y-competiciones"],"yoast_head":"<!-- This site is optimized with the Yoast SEO plugin v27.3 - https:\/\/yoast.com\/product\/yoast-seo-wordpress\/ -->\n<title>Dalla Porta y Odendaal vencen y Morales escala hasta el liderato en Albacete - Box Repsol<\/title>\n<meta name=\"description\" content=\"Lorenzo Dalla Porta y Steven Odendaal consiguen la victoria y ampl\u00edan sus ventajas en Moto3 y Moto2, respectivamente...\" \/>\n<link rel=\"canonical\" href=\"https:\/\/www.boxrepsol.com\/es\/sin-categorizar\/dalla-porta-y-odendaal-vencen-y-morales-escala-hasta-el-liderato-en-albacete\/\" \/>\n<meta property=\"og:locale\" content=\"es_ES\" \/>\n<meta property=\"og:type\" content=\"article\" \/>\n<meta property=\"og:title\" content=\"Dalla Porta y Odendaal vencen y Morales escala hasta el liderato en Albacete - Box Repsol\" \/>\n<meta property=\"og:description\" content=\"Lorenzo Dalla Porta y Steven Odendaal consiguen la victoria y ampl\u00edan sus ventajas en Moto3 y Moto2, respectivamente...\" \/>\n<meta property=\"og:url\" content=\"https:\/\/www.boxrepsol.com\/es\/sin-categorizar\/dalla-porta-y-odendaal-vencen-y-morales-escala-hasta-el-liderato-en-albacete\/\" \/>\n<meta property=\"og:site_name\" content=\"Box Repsol\" \/>\n<meta property=\"article:publisher\" content=\"https:\/\/www.facebook.com\/BoxRepsol\" \/>\n<meta property=\"article:author\" content=\"https:\/\/www.facebook.com\/BoxRepsol\/\" \/>\n<meta property=\"article:published_time\" content=\"2016-07-04T02:00:00+00:00\" \/>\n<meta property=\"article:modified_time\" content=\"2024-05-07T08:59:02+00:00\" \/>\n<meta property=\"og:image\" content=\"https:\/\/www.boxrepsol.com\/wp-content\/uploads\/2022\/08\/carmelo-morales-fim-CEV-Repsol-2016.jpg\" \/>\n\t<meta property=\"og:image:width\" content=\"922\" \/>\n\t<meta property=\"og:image:height\" content=\"615\" \/>\n\t<meta property=\"og:image:type\" content=\"image\/jpeg\" \/>\n<meta name=\"author\" content=\"Redacci\u00f3n Box Repsol\" \/>\n<meta name=\"twitter:card\" content=\"summary_large_image\" \/>\n<meta name=\"twitter:creator\" content=\"@https:\/\/twitter.com\/box_repsol\" \/>\n<meta name=\"twitter:site\" content=\"@box_repsol\" \/>\n<meta name=\"twitter:label1\" content=\"Written by\" \/>\n\t<meta name=\"twitter:data1\" content=\"Redacci\u00f3n Box Repsol\" \/>\n\t<meta name=\"twitter:label2\" content=\"Est. reading time\" \/>\n\t<meta name=\"twitter:data2\" content=\"2 minutos\" \/>\n<script type=\"application\/ld+json\" class=\"yoast-schema-graph\">{\"@context\":\"https:\\\/\\\/schema.org\",\"@graph\":[{\"@type\":\"Article\",\"@id\":\"https:\\\/\\\/www.boxrepsol.com\\\/es\\\/sin-categorizar\\\/dalla-porta-y-odendaal-vencen-y-morales-escala-hasta-el-liderato-en-albacete\\\/#article\",\"isPartOf\":{\"@id\":\"https:\\\/\\\/www.boxrepsol.com\\\/es\\\/sin-categorizar\\\/dalla-porta-y-odendaal-vencen-y-morales-escala-hasta-el-liderato-en-albacete\\\/\"},\"author\":{\"name\":\"Redacci\u00f3n Box Repsol\",\"@id\":\"https:\\\/\\\/www.boxrepsol.com\\\/es\\\/#\\\/schema\\\/person\\\/c5c2138f2cca251b0ad92b7086bb60b7\"},\"headline\":\"Dalla Porta y Odendaal vencen y Morales escala hasta el liderato en Albacete\",\"datePublished\":\"2016-07-04T02:00:00+00:00\",\"dateModified\":\"2024-05-07T08:59:02+00:00\",\"mainEntityOfPage\":{\"@id\":\"https:\\\/\\\/www.boxrepsol.com\\\/es\\\/sin-categorizar\\\/dalla-porta-y-odendaal-vencen-y-morales-escala-hasta-el-liderato-en-albacete\\\/\"},\"wordCount\":462,\"commentCount\":0,\"publisher\":{\"@id\":\"https:\\\/\\\/www.boxrepsol.com\\\/es\\\/#organization\"},\"image\":{\"@id\":\"https:\\\/\\\/www.boxrepsol.com\\\/es\\\/sin-categorizar\\\/dalla-porta-y-odendaal-vencen-y-morales-escala-hasta-el-liderato-en-albacete\\\/#primaryimage\"},\"thumbnailUrl\":\"https:\\\/\\\/www.boxrepsol.com\\\/wp-content\\\/uploads\\\/2022\\\/08\\\/carmelo-morales-fim-CEV-Repsol-2016.jpg\",\"keywords\":[\"otros eventos y competiciones\"],\"articleSection\":[\"Sin categorizar\"],\"inLanguage\":\"es\",\"potentialAction\":[{\"@type\":\"CommentAction\",\"name\":\"Comment\",\"target\":[\"https:\\\/\\\/www.boxrepsol.com\\\/es\\\/sin-categorizar\\\/dalla-porta-y-odendaal-vencen-y-morales-escala-hasta-el-liderato-en-albacete\\\/#respond\"]}]},{\"@type\":\"WebPage\",\"@id\":\"https:\\\/\\\/www.boxrepsol.com\\\/es\\\/sin-categorizar\\\/dalla-porta-y-odendaal-vencen-y-morales-escala-hasta-el-liderato-en-albacete\\\/\",\"url\":\"https:\\\/\\\/www.boxrepsol.com\\\/es\\\/sin-categorizar\\\/dalla-porta-y-odendaal-vencen-y-morales-escala-hasta-el-liderato-en-albacete\\\/\",\"name\":\"Dalla Porta y Odendaal vencen y Morales escala hasta el liderato en Albacete - Box Repsol\",\"isPartOf\":{\"@id\":\"https:\\\/\\\/www.boxrepsol.com\\\/es\\\/#website\"},\"primaryImageOfPage\":{\"@id\":\"https:\\\/\\\/www.boxrepsol.com\\\/es\\\/sin-categorizar\\\/dalla-porta-y-odendaal-vencen-y-morales-escala-hasta-el-liderato-en-albacete\\\/#primaryimage\"},\"image\":{\"@id\":\"https:\\\/\\\/www.boxrepsol.com\\\/es\\\/sin-categorizar\\\/dalla-porta-y-odendaal-vencen-y-morales-escala-hasta-el-liderato-en-albacete\\\/#primaryimage\"},\"thumbnailUrl\":\"https:\\\/\\\/www.boxrepsol.com\\\/wp-content\\\/uploads\\\/2022\\\/08\\\/carmelo-morales-fim-CEV-Repsol-2016.jpg\",\"datePublished\":\"2016-07-04T02:00:00+00:00\",\"dateModified\":\"2024-05-07T08:59:02+00:00\",\"description\":\"Lorenzo Dalla Porta y Steven Odendaal consiguen la victoria y ampl\u00edan sus ventajas en Moto3 y Moto2, respectivamente...\",\"breadcrumb\":{\"@id\":\"https:\\\/\\\/www.boxrepsol.com\\\/es\\\/sin-categorizar\\\/dalla-porta-y-odendaal-vencen-y-morales-escala-hasta-el-liderato-en-albacete\\\/#breadcrumb\"},\"inLanguage\":\"es\",\"potentialAction\":[{\"@type\":\"ReadAction\",\"target\":[\"https:\\\/\\\/www.boxrepsol.com\\\/es\\\/sin-categorizar\\\/dalla-porta-y-odendaal-vencen-y-morales-escala-hasta-el-liderato-en-albacete\\\/\"]}]},{\"@type\":\"ImageObject\",\"inLanguage\":\"es\",\"@id\":\"https:\\\/\\\/www.boxrepsol.com\\\/es\\\/sin-categorizar\\\/dalla-porta-y-odendaal-vencen-y-morales-escala-hasta-el-liderato-en-albacete\\\/#primaryimage\",\"url\":\"https:\\\/\\\/www.boxrepsol.com\\\/wp-content\\\/uploads\\\/2022\\\/08\\\/carmelo-morales-fim-CEV-Repsol-2016.jpg\",\"contentUrl\":\"https:\\\/\\\/www.boxrepsol.com\\\/wp-content\\\/uploads\\\/2022\\\/08\\\/carmelo-morales-fim-CEV-Repsol-2016.jpg\",\"width\":922,\"height\":615,\"caption\":\"Caremlo Morales en acci\u00f3n\"},{\"@type\":\"BreadcrumbList\",\"@id\":\"https:\\\/\\\/www.boxrepsol.com\\\/es\\\/sin-categorizar\\\/dalla-porta-y-odendaal-vencen-y-morales-escala-hasta-el-liderato-en-albacete\\\/#breadcrumb\",\"itemListElement\":[{\"@type\":\"ListItem\",\"position\":1,\"name\":\"Home\",\"item\":\"https:\\\/\\\/www.boxrepsol.com\\\/es\\\/\"},{\"@type\":\"ListItem\",\"position\":2,\"name\":\"Dalla Porta y Odendaal vencen y Morales escala hasta el liderato en Albacete\"}]},{\"@type\":\"WebSite\",\"@id\":\"https:\\\/\\\/www.boxrepsol.com\\\/es\\\/#website\",\"url\":\"https:\\\/\\\/www.boxrepsol.com\\\/es\\\/\",\"name\":\"Box Repsol\",\"description\":\"Box Repsol Site\",\"publisher\":{\"@id\":\"https:\\\/\\\/www.boxrepsol.com\\\/es\\\/#organization\"},\"potentialAction\":[{\"@type\":\"SearchAction\",\"target\":{\"@type\":\"EntryPoint\",\"urlTemplate\":\"https:\\\/\\\/www.boxrepsol.com\\\/es\\\/?s={search_term_string}\"},\"query-input\":{\"@type\":\"PropertyValueSpecification\",\"valueRequired\":true,\"valueName\":\"search_term_string\"}}],\"inLanguage\":\"es\"},{\"@type\":\"Organization\",\"@id\":\"https:\\\/\\\/www.boxrepsol.com\\\/es\\\/#organization\",\"name\":\"Box Repsol\",\"url\":\"https:\\\/\\\/www.boxrepsol.com\\\/es\\\/\",\"logo\":{\"@type\":\"ImageObject\",\"inLanguage\":\"es\",\"@id\":\"https:\\\/\\\/www.boxrepsol.com\\\/es\\\/#\\\/schema\\\/logo\\\/image\\\/\",\"url\":\"https:\\\/\\\/bxrepsol.s3.eu-west-1.amazonaws.com\\\/static\\\/2025\\\/07\\\/30083337\\\/favicon-96x96-1.png\",\"contentUrl\":\"https:\\\/\\\/bxrepsol.s3.eu-west-1.amazonaws.com\\\/static\\\/2025\\\/07\\\/30083337\\\/favicon-96x96-1.png\",\"width\":96,\"height\":96,\"caption\":\"Box Repsol\"},\"image\":{\"@id\":\"https:\\\/\\\/www.boxrepsol.com\\\/es\\\/#\\\/schema\\\/logo\\\/image\\\/\"},\"sameAs\":[\"https:\\\/\\\/www.facebook.com\\\/BoxRepsol\",\"https:\\\/\\\/x.com\\\/box_repsol\",\"http:\\\/\\\/instagram.com\\\/box_repsol\",\"https:\\\/\\\/www.youtube.com\\\/user\\\/RepsolCompeticion\",\"https:\\\/\\\/www.flickr.com\\\/photos\\\/box_repsol\\\/\"]},{\"@type\":\"Person\",\"@id\":\"https:\\\/\\\/www.boxrepsol.com\\\/es\\\/#\\\/schema\\\/person\\\/c5c2138f2cca251b0ad92b7086bb60b7\",\"name\":\"Redacci\u00f3n Box Repsol\",\"image\":{\"@type\":\"ImageObject\",\"inLanguage\":\"es\",\"@id\":\"https:\\\/\\\/secure.gravatar.com\\\/avatar\\\/adf7b77e38b4419baf32c7e9c21dde01f4e40df611f0978e3006fc4ba0aaab7e?s=96&d=mm&r=g\",\"url\":\"https:\\\/\\\/secure.gravatar.com\\\/avatar\\\/adf7b77e38b4419baf32c7e9c21dde01f4e40df611f0978e3006fc4ba0aaab7e?s=96&d=mm&r=g\",\"contentUrl\":\"https:\\\/\\\/secure.gravatar.com\\\/avatar\\\/adf7b77e38b4419baf32c7e9c21dde01f4e40df611f0978e3006fc4ba0aaab7e?s=96&d=mm&r=g\",\"caption\":\"Redacci\u00f3n Box Repsol\"},\"description\":\"Box Repsol lo forma un equipo de periodistas, community managers, dise\u00f1adores y fot\u00f3grafos con m\u00e1s de 20 a\u00f1os de experiencia en el mundo del motorsport. Hemos vivido el primer mundial de un espa\u00f1ol en la categor\u00eda reina de motociclismo con \u00c1lex Crivill\u00e9, estuvimos en las victorias de Pedrosa y los t\u00edtulos de M\u00e1rquez, acompa\u00f1amos en \u00c1frica a Nani Roma y Marc Coma en sus conquistas del Dakar y hemos vibrado con los t\u00edtulos de Toni Bou en Trial. Adem\u00e1s, en nuestro equipo contamos con expertos en el mundo de las dos y cuatro ruedas tanto de la calle y las carreteras, como de los circuitos. Periodistas que han trabajado en revistas y publicaciones para hacerte llegar desde rutas y consejos de mantenimiento, a curiosidades y trucos de pilotaje.\",\"sameAs\":[\"https:\\\/\\\/www.facebook.com\\\/BoxRepsol\\\/\",\"https:\\\/\\\/www.instagram.com\\\/box_repsol\\\/\",\"https:\\\/\\\/x.com\\\/https:\\\/\\\/twitter.com\\\/box_repsol\",\"https:\\\/\\\/www.youtube.com\\\/@Boxrepsol\"],\"url\":\"https:\\\/\\\/www.boxrepsol.com\\\/es\\\/author\\\/redaccion-box-repsol\\\/\"}]}<\/script>\n<!-- \/ Yoast SEO plugin. -->","yoast_head_json":{"title":"Dalla Porta y Odendaal vencen y Morales escala hasta el liderato en Albacete - Box Repsol","description":"Lorenzo Dalla Porta y Steven Odendaal consiguen la victoria y ampl\u00edan sus ventajas en Moto3 y Moto2, respectivamente...","canonical":"https:\/\/www.boxrepsol.com\/es\/sin-categorizar\/dalla-porta-y-odendaal-vencen-y-morales-escala-hasta-el-liderato-en-albacete\/","og_locale":"es_ES","og_type":"article","og_title":"Dalla Porta y Odendaal vencen y Morales escala hasta el liderato en Albacete - Box Repsol","og_description":"Lorenzo Dalla Porta y Steven Odendaal consiguen la victoria y ampl\u00edan sus ventajas en Moto3 y Moto2, respectivamente...","og_url":"https:\/\/www.boxrepsol.com\/es\/sin-categorizar\/dalla-porta-y-odendaal-vencen-y-morales-escala-hasta-el-liderato-en-albacete\/","og_site_name":"Box Repsol","article_publisher":"https:\/\/www.facebook.com\/BoxRepsol","article_author":"https:\/\/www.facebook.com\/BoxRepsol\/","article_published_time":"2016-07-04T02:00:00+00:00","article_modified_time":"2024-05-07T08:59:02+00:00","og_image":[{"width":922,"height":615,"url":"https:\/\/www.boxrepsol.com\/wp-content\/uploads\/2022\/08\/carmelo-morales-fim-CEV-Repsol-2016.jpg","type":"image\/jpeg"}],"author":"Redacci\u00f3n Box Repsol","twitter_card":"summary_large_image","twitter_creator":"@https:\/\/twitter.com\/box_repsol","twitter_site":"@box_repsol","twitter_misc":{"Written by":"Redacci\u00f3n Box Repsol","Est. reading time":"2 minutos"},"schema":{"@context":"https:\/\/schema.org","@graph":[{"@type":"Article","@id":"https:\/\/www.boxrepsol.com\/es\/sin-categorizar\/dalla-porta-y-odendaal-vencen-y-morales-escala-hasta-el-liderato-en-albacete\/#article","isPartOf":{"@id":"https:\/\/www.boxrepsol.com\/es\/sin-categorizar\/dalla-porta-y-odendaal-vencen-y-morales-escala-hasta-el-liderato-en-albacete\/"},"author":{"name":"Redacci\u00f3n Box Repsol","@id":"https:\/\/www.boxrepsol.com\/es\/#\/schema\/person\/c5c2138f2cca251b0ad92b7086bb60b7"},"headline":"Dalla Porta y Odendaal vencen y Morales escala hasta el liderato en Albacete","datePublished":"2016-07-04T02:00:00+00:00","dateModified":"2024-05-07T08:59:02+00:00","mainEntityOfPage":{"@id":"https:\/\/www.boxrepsol.com\/es\/sin-categorizar\/dalla-porta-y-odendaal-vencen-y-morales-escala-hasta-el-liderato-en-albacete\/"},"wordCount":462,"commentCount":0,"publisher":{"@id":"https:\/\/www.boxrepsol.com\/es\/#organization"},"image":{"@id":"https:\/\/www.boxrepsol.com\/es\/sin-categorizar\/dalla-porta-y-odendaal-vencen-y-morales-escala-hasta-el-liderato-en-albacete\/#primaryimage"},"thumbnailUrl":"https:\/\/www.boxrepsol.com\/wp-content\/uploads\/2022\/08\/carmelo-morales-fim-CEV-Repsol-2016.jpg","keywords":["otros eventos y competiciones"],"articleSection":["Sin categorizar"],"inLanguage":"es","potentialAction":[{"@type":"CommentAction","name":"Comment","target":["https:\/\/www.boxrepsol.com\/es\/sin-categorizar\/dalla-porta-y-odendaal-vencen-y-morales-escala-hasta-el-liderato-en-albacete\/#respond"]}]},{"@type":"WebPage","@id":"https:\/\/www.boxrepsol.com\/es\/sin-categorizar\/dalla-porta-y-odendaal-vencen-y-morales-escala-hasta-el-liderato-en-albacete\/","url":"https:\/\/www.boxrepsol.com\/es\/sin-categorizar\/dalla-porta-y-odendaal-vencen-y-morales-escala-hasta-el-liderato-en-albacete\/","name":"Dalla Porta y Odendaal vencen y Morales escala hasta el liderato en Albacete - Box Repsol","isPartOf":{"@id":"https:\/\/www.boxrepsol.com\/es\/#website"},"primaryImageOfPage":{"@id":"https:\/\/www.boxrepsol.com\/es\/sin-categorizar\/dalla-porta-y-odendaal-vencen-y-morales-escala-hasta-el-liderato-en-albacete\/#primaryimage"},"image":{"@id":"https:\/\/www.boxrepsol.com\/es\/sin-categorizar\/dalla-porta-y-odendaal-vencen-y-morales-escala-hasta-el-liderato-en-albacete\/#primaryimage"},"thumbnailUrl":"https:\/\/www.boxrepsol.com\/wp-content\/uploads\/2022\/08\/carmelo-morales-fim-CEV-Repsol-2016.jpg","datePublished":"2016-07-04T02:00:00+00:00","dateModified":"2024-05-07T08:59:02+00:00","description":"Lorenzo Dalla Porta y Steven Odendaal consiguen la victoria y ampl\u00edan sus ventajas en Moto3 y Moto2, respectivamente...","breadcrumb":{"@id":"https:\/\/www.boxrepsol.com\/es\/sin-categorizar\/dalla-porta-y-odendaal-vencen-y-morales-escala-hasta-el-liderato-en-albacete\/#breadcrumb"},"inLanguage":"es","potentialAction":[{"@type":"ReadAction","target":["https:\/\/www.boxrepsol.com\/es\/sin-categorizar\/dalla-porta-y-odendaal-vencen-y-morales-escala-hasta-el-liderato-en-albacete\/"]}]},{"@type":"ImageObject","inLanguage":"es","@id":"https:\/\/www.boxrepsol.com\/es\/sin-categorizar\/dalla-porta-y-odendaal-vencen-y-morales-escala-hasta-el-liderato-en-albacete\/#primaryimage","url":"https:\/\/www.boxrepsol.com\/wp-content\/uploads\/2022\/08\/carmelo-morales-fim-CEV-Repsol-2016.jpg","contentUrl":"https:\/\/www.boxrepsol.com\/wp-content\/uploads\/2022\/08\/carmelo-morales-fim-CEV-Repsol-2016.jpg","width":922,"height":615,"caption":"Caremlo Morales en acci\u00f3n"},{"@type":"BreadcrumbList","@id":"https:\/\/www.boxrepsol.com\/es\/sin-categorizar\/dalla-porta-y-odendaal-vencen-y-morales-escala-hasta-el-liderato-en-albacete\/#breadcrumb","itemListElement":[{"@type":"ListItem","position":1,"name":"Home","item":"https:\/\/www.boxrepsol.com\/es\/"},{"@type":"ListItem","position":2,"name":"Dalla Porta y Odendaal vencen y Morales escala hasta el liderato en Albacete"}]},{"@type":"WebSite","@id":"https:\/\/www.boxrepsol.com\/es\/#website","url":"https:\/\/www.boxrepsol.com\/es\/","name":"Box Repsol","description":"Box Repsol Site","publisher":{"@id":"https:\/\/www.boxrepsol.com\/es\/#organization"},"potentialAction":[{"@type":"SearchAction","target":{"@type":"EntryPoint","urlTemplate":"https:\/\/www.boxrepsol.com\/es\/?s={search_term_string}"},"query-input":{"@type":"PropertyValueSpecification","valueRequired":true,"valueName":"search_term_string"}}],"inLanguage":"es"},{"@type":"Organization","@id":"https:\/\/www.boxrepsol.com\/es\/#organization","name":"Box Repsol","url":"https:\/\/www.boxrepsol.com\/es\/","logo":{"@type":"ImageObject","inLanguage":"es","@id":"https:\/\/www.boxrepsol.com\/es\/#\/schema\/logo\/image\/","url":"https:\/\/bxrepsol.s3.eu-west-1.amazonaws.com\/static\/2025\/07\/30083337\/favicon-96x96-1.png","contentUrl":"https:\/\/bxrepsol.s3.eu-west-1.amazonaws.com\/static\/2025\/07\/30083337\/favicon-96x96-1.png","width":96,"height":96,"caption":"Box Repsol"},"image":{"@id":"https:\/\/www.boxrepsol.com\/es\/#\/schema\/logo\/image\/"},"sameAs":["https:\/\/www.facebook.com\/BoxRepsol","https:\/\/x.com\/box_repsol","http:\/\/instagram.com\/box_repsol","https:\/\/www.youtube.com\/user\/RepsolCompeticion","https:\/\/www.flickr.com\/photos\/box_repsol\/"]},{"@type":"Person","@id":"https:\/\/www.boxrepsol.com\/es\/#\/schema\/person\/c5c2138f2cca251b0ad92b7086bb60b7","name":"Redacci\u00f3n Box Repsol","image":{"@type":"ImageObject","inLanguage":"es","@id":"https:\/\/secure.gravatar.com\/avatar\/adf7b77e38b4419baf32c7e9c21dde01f4e40df611f0978e3006fc4ba0aaab7e?s=96&d=mm&r=g","url":"https:\/\/secure.gravatar.com\/avatar\/adf7b77e38b4419baf32c7e9c21dde01f4e40df611f0978e3006fc4ba0aaab7e?s=96&d=mm&r=g","contentUrl":"https:\/\/secure.gravatar.com\/avatar\/adf7b77e38b4419baf32c7e9c21dde01f4e40df611f0978e3006fc4ba0aaab7e?s=96&d=mm&r=g","caption":"Redacci\u00f3n Box Repsol"},"description":"Box Repsol lo forma un equipo de periodistas, community managers, dise\u00f1adores y fot\u00f3grafos con m\u00e1s de 20 a\u00f1os de experiencia en el mundo del motorsport. Hemos vivido el primer mundial de un espa\u00f1ol en la categor\u00eda reina de motociclismo con \u00c1lex Crivill\u00e9, estuvimos en las victorias de Pedrosa y los t\u00edtulos de M\u00e1rquez, acompa\u00f1amos en \u00c1frica a Nani Roma y Marc Coma en sus conquistas del Dakar y hemos vibrado con los t\u00edtulos de Toni Bou en Trial. Adem\u00e1s, en nuestro equipo contamos con expertos en el mundo de las dos y cuatro ruedas tanto de la calle y las carreteras, como de los circuitos. Periodistas que han trabajado en revistas y publicaciones para hacerte llegar desde rutas y consejos de mantenimiento, a curiosidades y trucos de pilotaje.","sameAs":["https:\/\/www.facebook.com\/BoxRepsol\/","https:\/\/www.instagram.com\/box_repsol\/","https:\/\/x.com\/https:\/\/twitter.com\/box_repsol","https:\/\/www.youtube.com\/@Boxrepsol"],"url":"https:\/\/www.boxrepsol.com\/es\/author\/redaccion-box-repsol\/"}]}},"_links":{"self":[{"href":"https:\/\/www.boxrepsol.com\/es\/wp-json\/wp\/v2\/posts\/89883","targetHints":{"allow":["GET"]}}],"collection":[{"href":"https:\/\/www.boxrepsol.com\/es\/wp-json\/wp\/v2\/posts"}],"about":[{"href":"https:\/\/www.boxrepsol.com\/es\/wp-json\/wp\/v2\/types\/post"}],"author":[{"embeddable":true,"href":"https:\/\/www.boxrepsol.com\/es\/wp-json\/wp\/v2\/users\/43146"}],"replies":[{"embeddable":true,"href":"https:\/\/www.boxrepsol.com\/es\/wp-json\/wp\/v2\/comments?post=89883"}],"version-history":[{"count":1,"href":"https:\/\/www.boxrepsol.com\/es\/wp-json\/wp\/v2\/posts\/89883\/revisions"}],"predecessor-version":[{"id":89884,"href":"https:\/\/www.boxrepsol.com\/es\/wp-json\/wp\/v2\/posts\/89883\/revisions\/89884"}],"wp:featuredmedia":[{"embeddable":true,"href":"https:\/\/www.boxrepsol.com\/es\/wp-json\/wp\/v2\/media\/85744"}],"wp:attachment":[{"href":"https:\/\/www.boxrepsol.com\/es\/wp-json\/wp\/v2\/media?parent=89883"}],"wp:term":[{"taxonomy":"category","embeddable":true,"href":"https:\/\/www.boxrepsol.com\/es\/wp-json\/wp\/v2\/categories?post=89883"},{"taxonomy":"post_tag","embeddable":true,"href":"https:\/\/www.boxrepsol.com\/es\/wp-json\/wp\/v2\/tags?post=89883"}],"curies":[{"name":"wp","href":"https:\/\/api.w.org\/{rel}","templated":true}]}}