{"id":89875,"date":"2016-07-17T00:00:00","date_gmt":"2016-07-17T02:00:00","guid":{"rendered":"http:\/\/pre.boxrepsol.com\/sin-categorizar\/leccion-de-estrategia-de-marquez-y-su-equipo\/"},"modified":"2024-05-07T06:57:01","modified_gmt":"2024-05-07T08:57:01","slug":"leccion-de-estrategia-de-marquez-y-su-equipo","status":"publish","type":"post","link":"https:\/\/www.boxrepsol.com\/es\/motogp\/leccion-de-estrategia-de-marquez-y-su-equipo\/","title":{"rendered":"Lecci\u00f3n de estrategia de M\u00e1rquez y su equipo"},"content":{"rendered":"<blockquote>\n<p>\u00b7@marcmarquez93: \u00abhe decidido arriesgarme y ha salido bien\u00bb #GermanGP <\/p>\n<p>            <a href=\"http:\/\/twitter.com\/share?text=%C2%B7%40marcmarquez93%3A+%22he+decidido+arriesgarme+y+ha+salido+bien%22+%23GermanGP+&#038;url=http%3A%2F%2F34.249.211.158%2Fes%2Fmotogp%2Fleccion-de-estrategia-de-marquez-y-su-equipo%2F&#038;hashtags=\" target=\"_blank\" rel=\"noopener\"><br \/>\n            twittear        <\/a>\n        <\/p><\/blockquote>\n<p>Sigue el idilio de Marc M\u00e1rquez en el Gran Premio de Alemania, donde desde 2010 cuenta sus visitas por victorias \u2013una en 125cc, dos en Moto2 y cuatro en MotoGP\u2013. La de hoy, s\u00e9ptima consecutiva, ha llegado despu\u00e9s de una carrera flag to flag, que ha empezado con el asfalto mojado y se ha ido secando. M\u00e1rquez, sin buenas sensaciones en las primeras vueltas y habiendo cometido un error en el und\u00e9cimo giro que le ha llevado a rodar und\u00e9cimo, <strong>ha sido de los primeros en cambiar de moto y montar neum\u00e1ticos secos cuando a\u00fan quedaban 12 vueltas<\/strong>. Con un ritmo superior al del resto de rivales, ha remontado r\u00e1pidamente desde la decimoctava posici\u00f3n y ha cruzado la meta victorioso con casi 10 segundos de ventaja sobre el segundo. Este resultado le sit\u00faa con <strong>48 puntos de ventaja sobre el segundo al frente de la general<\/strong> justo cuando se llega al ecuador del campeonato.<\/p>\n<p>Su compa\u00f1ero en el equipo Repsol Honda, Dani Pedrosa, ha ido remontando paulatinamente hasta situarse sexto, posici\u00f3n que ha mantenido incluso despu\u00e9s de cambiar de moto cuatro giros m\u00e1s tarde. Con este resultado, se mantiene cuarto de la general con 96 puntos.<\/p>\n<p>\t\t\t\t<img decoding=\"async\" src=\"https:\/\/bxrepsol.s3.eu-west-1.amazonaws.com\/static\/2022\/08\/29044819\/15-marc-marquez-sachsenring-respol-honda.jpg\" alt=\"15-marc-marquez-sachsenring-respol-honda\" itemprop=\"image\"  \/><\/p>\n<h3><strong>Marc M\u00e1rquez<\/strong><\/h3>\n<p><em>\u00abHoy pensaba que se iba a interrumpir la racha en este circuito, pero al final hemos logrado un resultado muy bueno, especialmente teniendo en cuenta c\u00f3mo han terminado Valentino [Rossi] y Jorge [Lorenzo]. Estoy muy contento de c\u00f3mo hemos trabajado con el equipo, han hecho un gran trabajo preparando mi moto despu\u00e9s de la ca\u00edda en el warm-up; en carrera, nuestra estrategia ha salido perfecta. Ha sido muy complicada, con flag to flag y unas condiciones de la pista muy delicadas. <\/em><\/p>\n<p><em> En la primera parte, en agua, estaba sufriendo un poco. He escogido mal el neum\u00e1tico delantero para mi estilo de pilotaje, pero he podido cambiar a lisos. He ido con mucho cuidado en las primeras vueltas con la segunda moto, porque el carril seco era muy estrecho y todav\u00eda hab\u00eda mucha agua. Siempre es muy dif\u00edcil tomar la decisi\u00f3n de cu\u00e1ndo cambiar y quiz\u00e1s lo he hecho muy pronto \u2013creo que he sido el segundo en hacerlo\u2013, aunque he decidido arriesgarme y ha salido bien. Terminamos la primera parte de la temporada con los deberes hechos y con una buena \u00faltima carrera, pero no tenemos que olvidarnos de preparar bien la segunda mitad de la temporada\u00bb.<\/em><\/p>\n<h3><strong>Dani Pedrosa<\/strong><\/h3>\n<p><em>\u00abHoy no me he sentido del todo c\u00f3modo en mojado, no como esta ma\u00f1ana en el warm-up. He escogido el neum\u00e1tico delantero m\u00e1s blando y no esper\u00e1bamos que se secase la pista tan r\u00e1pido. He intentado mantener un ritmo constante y no cometer errores. Desgraciadamente, cuando he hecho el cambio de moto, mis sensaciones en seco no han sido buenas hasta que han cogido temperatura los neum\u00e1ticos, aunque he conseguido adelantar algunos pilotos y terminar sexto. Me hubiera gustado hacerlo mejor, pero tenemos que seguir concentrados y prepararnos para las siguientes carreras\u00bb.<\/em><\/p>\n","protected":false},"excerpt":{"rendered":"<p>El l\u00edder del Mundial se reafirma en la clasificaci\u00f3n general despu\u00e9s de una nueva exhibici\u00f3n en otra ca\u00f3tica carrera flag to flag, en la que Dani Pedrosa ha remontado hasta terminar sexto.<\/p>\n","protected":false},"author":43146,"featured_media":85732,"comment_status":"open","ping_status":"open","sticky":false,"template":"","format":"standard","meta":{"footnotes":""},"categories":[4],"tags":[152],"class_list":["post-89875","post","type-post","status-publish","format-standard","hentry","category-motogp","tag-motogp-alemania"],"yoast_head":"<!-- This site is optimized with the Yoast SEO plugin v27.3 - https:\/\/yoast.com\/product\/yoast-seo-wordpress\/ -->\n<title>Lecci\u00f3n de estrategia de M\u00e1rquez y su equipo - Box Repsol<\/title>\n<meta name=\"description\" content=\"El l\u00edder del Mundial se reafirma en la clasificaci\u00f3n general despu\u00e9s de una nueva exhibici\u00f3n en otra ca\u00f3tica carrera flag to flag...\" \/>\n<link rel=\"canonical\" href=\"https:\/\/www.boxrepsol.com\/es\/motogp\/leccion-de-estrategia-de-marquez-y-su-equipo\/\" \/>\n<meta property=\"og:locale\" content=\"es_ES\" \/>\n<meta property=\"og:type\" content=\"article\" \/>\n<meta property=\"og:title\" content=\"Lecci\u00f3n de estrategia de M\u00e1rquez y su equipo - Box Repsol\" \/>\n<meta property=\"og:description\" content=\"El l\u00edder del Mundial se reafirma en la clasificaci\u00f3n general despu\u00e9s de una nueva exhibici\u00f3n en otra ca\u00f3tica carrera flag to flag...\" \/>\n<meta property=\"og:url\" content=\"https:\/\/www.boxrepsol.com\/es\/motogp\/leccion-de-estrategia-de-marquez-y-su-equipo\/\" \/>\n<meta property=\"og:site_name\" content=\"Box Repsol\" \/>\n<meta property=\"article:publisher\" content=\"https:\/\/www.facebook.com\/BoxRepsol\" \/>\n<meta property=\"article:author\" content=\"https:\/\/www.facebook.com\/BoxRepsol\/\" \/>\n<meta property=\"article:published_time\" content=\"2016-07-17T02:00:00+00:00\" \/>\n<meta property=\"article:modified_time\" content=\"2024-05-07T08:57:01+00:00\" \/>\n<meta property=\"og:image\" content=\"https:\/\/www.boxrepsol.com\/wp-content\/uploads\/2022\/08\/14-sachsenring-marc-marquez-93-equipo-repsol-honda.jpg\" \/>\n\t<meta property=\"og:image:width\" content=\"984\" \/>\n\t<meta property=\"og:image:height\" content=\"412\" \/>\n\t<meta property=\"og:image:type\" content=\"image\/jpeg\" \/>\n<meta name=\"author\" content=\"Redacci\u00f3n Box Repsol\" \/>\n<meta name=\"twitter:card\" content=\"summary_large_image\" \/>\n<meta name=\"twitter:creator\" content=\"@https:\/\/twitter.com\/box_repsol\" \/>\n<meta name=\"twitter:site\" content=\"@box_repsol\" \/>\n<meta name=\"twitter:label1\" content=\"Written by\" \/>\n\t<meta name=\"twitter:data1\" content=\"Redacci\u00f3n Box Repsol\" \/>\n\t<meta name=\"twitter:label2\" content=\"Est. reading time\" \/>\n\t<meta name=\"twitter:data2\" content=\"3 minutos\" \/>\n<script type=\"application\/ld+json\" class=\"yoast-schema-graph\">{\"@context\":\"https:\\\/\\\/schema.org\",\"@graph\":[{\"@type\":\"Article\",\"@id\":\"https:\\\/\\\/www.boxrepsol.com\\\/es\\\/motogp\\\/leccion-de-estrategia-de-marquez-y-su-equipo\\\/#article\",\"isPartOf\":{\"@id\":\"https:\\\/\\\/www.boxrepsol.com\\\/es\\\/motogp\\\/leccion-de-estrategia-de-marquez-y-su-equipo\\\/\"},\"author\":{\"name\":\"Redacci\u00f3n Box Repsol\",\"@id\":\"https:\\\/\\\/www.boxrepsol.com\\\/es\\\/#\\\/schema\\\/person\\\/c5c2138f2cca251b0ad92b7086bb60b7\"},\"headline\":\"Lecci\u00f3n de estrategia de M\u00e1rquez y su equipo\",\"datePublished\":\"2016-07-17T02:00:00+00:00\",\"dateModified\":\"2024-05-07T08:57:01+00:00\",\"mainEntityOfPage\":{\"@id\":\"https:\\\/\\\/www.boxrepsol.com\\\/es\\\/motogp\\\/leccion-de-estrategia-de-marquez-y-su-equipo\\\/\"},\"wordCount\":538,\"commentCount\":0,\"publisher\":{\"@id\":\"https:\\\/\\\/www.boxrepsol.com\\\/es\\\/#organization\"},\"image\":{\"@id\":\"https:\\\/\\\/www.boxrepsol.com\\\/es\\\/motogp\\\/leccion-de-estrategia-de-marquez-y-su-equipo\\\/#primaryimage\"},\"thumbnailUrl\":\"https:\\\/\\\/www.boxrepsol.com\\\/wp-content\\\/uploads\\\/2022\\\/08\\\/14-sachsenring-marc-marquez-93-equipo-repsol-honda.jpg\",\"keywords\":[\"MotoGP Alemania\"],\"articleSection\":[\"MotoGP\"],\"inLanguage\":\"es\",\"potentialAction\":[{\"@type\":\"CommentAction\",\"name\":\"Comment\",\"target\":[\"https:\\\/\\\/www.boxrepsol.com\\\/es\\\/motogp\\\/leccion-de-estrategia-de-marquez-y-su-equipo\\\/#respond\"]}]},{\"@type\":\"WebPage\",\"@id\":\"https:\\\/\\\/www.boxrepsol.com\\\/es\\\/motogp\\\/leccion-de-estrategia-de-marquez-y-su-equipo\\\/\",\"url\":\"https:\\\/\\\/www.boxrepsol.com\\\/es\\\/motogp\\\/leccion-de-estrategia-de-marquez-y-su-equipo\\\/\",\"name\":\"Lecci\u00f3n de estrategia de M\u00e1rquez y su equipo - Box Repsol\",\"isPartOf\":{\"@id\":\"https:\\\/\\\/www.boxrepsol.com\\\/es\\\/#website\"},\"primaryImageOfPage\":{\"@id\":\"https:\\\/\\\/www.boxrepsol.com\\\/es\\\/motogp\\\/leccion-de-estrategia-de-marquez-y-su-equipo\\\/#primaryimage\"},\"image\":{\"@id\":\"https:\\\/\\\/www.boxrepsol.com\\\/es\\\/motogp\\\/leccion-de-estrategia-de-marquez-y-su-equipo\\\/#primaryimage\"},\"thumbnailUrl\":\"https:\\\/\\\/www.boxrepsol.com\\\/wp-content\\\/uploads\\\/2022\\\/08\\\/14-sachsenring-marc-marquez-93-equipo-repsol-honda.jpg\",\"datePublished\":\"2016-07-17T02:00:00+00:00\",\"dateModified\":\"2024-05-07T08:57:01+00:00\",\"description\":\"El l\u00edder del Mundial se reafirma en la clasificaci\u00f3n general despu\u00e9s de una nueva exhibici\u00f3n en otra ca\u00f3tica carrera flag to flag...\",\"breadcrumb\":{\"@id\":\"https:\\\/\\\/www.boxrepsol.com\\\/es\\\/motogp\\\/leccion-de-estrategia-de-marquez-y-su-equipo\\\/#breadcrumb\"},\"inLanguage\":\"es\",\"potentialAction\":[{\"@type\":\"ReadAction\",\"target\":[\"https:\\\/\\\/www.boxrepsol.com\\\/es\\\/motogp\\\/leccion-de-estrategia-de-marquez-y-su-equipo\\\/\"]}]},{\"@type\":\"ImageObject\",\"inLanguage\":\"es\",\"@id\":\"https:\\\/\\\/www.boxrepsol.com\\\/es\\\/motogp\\\/leccion-de-estrategia-de-marquez-y-su-equipo\\\/#primaryimage\",\"url\":\"https:\\\/\\\/www.boxrepsol.com\\\/wp-content\\\/uploads\\\/2022\\\/08\\\/14-sachsenring-marc-marquez-93-equipo-repsol-honda.jpg\",\"contentUrl\":\"https:\\\/\\\/www.boxrepsol.com\\\/wp-content\\\/uploads\\\/2022\\\/08\\\/14-sachsenring-marc-marquez-93-equipo-repsol-honda.jpg\",\"width\":984,\"height\":412,\"caption\":\"Marc M\u00e1rquez celebrando la victoria de pie sobre la moto\"},{\"@type\":\"BreadcrumbList\",\"@id\":\"https:\\\/\\\/www.boxrepsol.com\\\/es\\\/motogp\\\/leccion-de-estrategia-de-marquez-y-su-equipo\\\/#breadcrumb\",\"itemListElement\":[{\"@type\":\"ListItem\",\"position\":1,\"name\":\"Home\",\"item\":\"https:\\\/\\\/www.boxrepsol.com\\\/es\\\/\"},{\"@type\":\"ListItem\",\"position\":2,\"name\":\"Lecci\u00f3n de estrategia de M\u00e1rquez y su equipo\"}]},{\"@type\":\"WebSite\",\"@id\":\"https:\\\/\\\/www.boxrepsol.com\\\/es\\\/#website\",\"url\":\"https:\\\/\\\/www.boxrepsol.com\\\/es\\\/\",\"name\":\"Box Repsol\",\"description\":\"Box Repsol Site\",\"publisher\":{\"@id\":\"https:\\\/\\\/www.boxrepsol.com\\\/es\\\/#organization\"},\"potentialAction\":[{\"@type\":\"SearchAction\",\"target\":{\"@type\":\"EntryPoint\",\"urlTemplate\":\"https:\\\/\\\/www.boxrepsol.com\\\/es\\\/?s={search_term_string}\"},\"query-input\":{\"@type\":\"PropertyValueSpecification\",\"valueRequired\":true,\"valueName\":\"search_term_string\"}}],\"inLanguage\":\"es\"},{\"@type\":\"Organization\",\"@id\":\"https:\\\/\\\/www.boxrepsol.com\\\/es\\\/#organization\",\"name\":\"Box Repsol\",\"url\":\"https:\\\/\\\/www.boxrepsol.com\\\/es\\\/\",\"logo\":{\"@type\":\"ImageObject\",\"inLanguage\":\"es\",\"@id\":\"https:\\\/\\\/www.boxrepsol.com\\\/es\\\/#\\\/schema\\\/logo\\\/image\\\/\",\"url\":\"https:\\\/\\\/bxrepsol.s3.eu-west-1.amazonaws.com\\\/static\\\/2025\\\/07\\\/30083337\\\/favicon-96x96-1.png\",\"contentUrl\":\"https:\\\/\\\/bxrepsol.s3.eu-west-1.amazonaws.com\\\/static\\\/2025\\\/07\\\/30083337\\\/favicon-96x96-1.png\",\"width\":96,\"height\":96,\"caption\":\"Box Repsol\"},\"image\":{\"@id\":\"https:\\\/\\\/www.boxrepsol.com\\\/es\\\/#\\\/schema\\\/logo\\\/image\\\/\"},\"sameAs\":[\"https:\\\/\\\/www.facebook.com\\\/BoxRepsol\",\"https:\\\/\\\/x.com\\\/box_repsol\",\"http:\\\/\\\/instagram.com\\\/box_repsol\",\"https:\\\/\\\/www.youtube.com\\\/user\\\/RepsolCompeticion\",\"https:\\\/\\\/www.flickr.com\\\/photos\\\/box_repsol\\\/\"]},{\"@type\":\"Person\",\"@id\":\"https:\\\/\\\/www.boxrepsol.com\\\/es\\\/#\\\/schema\\\/person\\\/c5c2138f2cca251b0ad92b7086bb60b7\",\"name\":\"Redacci\u00f3n Box Repsol\",\"image\":{\"@type\":\"ImageObject\",\"inLanguage\":\"es\",\"@id\":\"https:\\\/\\\/secure.gravatar.com\\\/avatar\\\/adf7b77e38b4419baf32c7e9c21dde01f4e40df611f0978e3006fc4ba0aaab7e?s=96&d=mm&r=g\",\"url\":\"https:\\\/\\\/secure.gravatar.com\\\/avatar\\\/adf7b77e38b4419baf32c7e9c21dde01f4e40df611f0978e3006fc4ba0aaab7e?s=96&d=mm&r=g\",\"contentUrl\":\"https:\\\/\\\/secure.gravatar.com\\\/avatar\\\/adf7b77e38b4419baf32c7e9c21dde01f4e40df611f0978e3006fc4ba0aaab7e?s=96&d=mm&r=g\",\"caption\":\"Redacci\u00f3n Box Repsol\"},\"description\":\"Box Repsol lo forma un equipo de periodistas, community managers, dise\u00f1adores y fot\u00f3grafos con m\u00e1s de 20 a\u00f1os de experiencia en el mundo del motorsport. Hemos vivido el primer mundial de un espa\u00f1ol en la categor\u00eda reina de motociclismo con \u00c1lex Crivill\u00e9, estuvimos en las victorias de Pedrosa y los t\u00edtulos de M\u00e1rquez, acompa\u00f1amos en \u00c1frica a Nani Roma y Marc Coma en sus conquistas del Dakar y hemos vibrado con los t\u00edtulos de Toni Bou en Trial. Adem\u00e1s, en nuestro equipo contamos con expertos en el mundo de las dos y cuatro ruedas tanto de la calle y las carreteras, como de los circuitos. Periodistas que han trabajado en revistas y publicaciones para hacerte llegar desde rutas y consejos de mantenimiento, a curiosidades y trucos de pilotaje.\",\"sameAs\":[\"https:\\\/\\\/www.facebook.com\\\/BoxRepsol\\\/\",\"https:\\\/\\\/www.instagram.com\\\/box_repsol\\\/\",\"https:\\\/\\\/x.com\\\/https:\\\/\\\/twitter.com\\\/box_repsol\",\"https:\\\/\\\/www.youtube.com\\\/@Boxrepsol\"],\"url\":\"https:\\\/\\\/www.boxrepsol.com\\\/es\\\/author\\\/redaccion-box-repsol\\\/\"}]}<\/script>\n<!-- \/ Yoast SEO plugin. -->","yoast_head_json":{"title":"Lecci\u00f3n de estrategia de M\u00e1rquez y su equipo - Box Repsol","description":"El l\u00edder del Mundial se reafirma en la clasificaci\u00f3n general despu\u00e9s de una nueva exhibici\u00f3n en otra ca\u00f3tica carrera flag to flag...","canonical":"https:\/\/www.boxrepsol.com\/es\/motogp\/leccion-de-estrategia-de-marquez-y-su-equipo\/","og_locale":"es_ES","og_type":"article","og_title":"Lecci\u00f3n de estrategia de M\u00e1rquez y su equipo - Box Repsol","og_description":"El l\u00edder del Mundial se reafirma en la clasificaci\u00f3n general despu\u00e9s de una nueva exhibici\u00f3n en otra ca\u00f3tica carrera flag to flag...","og_url":"https:\/\/www.boxrepsol.com\/es\/motogp\/leccion-de-estrategia-de-marquez-y-su-equipo\/","og_site_name":"Box Repsol","article_publisher":"https:\/\/www.facebook.com\/BoxRepsol","article_author":"https:\/\/www.facebook.com\/BoxRepsol\/","article_published_time":"2016-07-17T02:00:00+00:00","article_modified_time":"2024-05-07T08:57:01+00:00","og_image":[{"width":984,"height":412,"url":"https:\/\/www.boxrepsol.com\/wp-content\/uploads\/2022\/08\/14-sachsenring-marc-marquez-93-equipo-repsol-honda.jpg","type":"image\/jpeg"}],"author":"Redacci\u00f3n Box Repsol","twitter_card":"summary_large_image","twitter_creator":"@https:\/\/twitter.com\/box_repsol","twitter_site":"@box_repsol","twitter_misc":{"Written by":"Redacci\u00f3n Box Repsol","Est. reading time":"3 minutos"},"schema":{"@context":"https:\/\/schema.org","@graph":[{"@type":"Article","@id":"https:\/\/www.boxrepsol.com\/es\/motogp\/leccion-de-estrategia-de-marquez-y-su-equipo\/#article","isPartOf":{"@id":"https:\/\/www.boxrepsol.com\/es\/motogp\/leccion-de-estrategia-de-marquez-y-su-equipo\/"},"author":{"name":"Redacci\u00f3n Box Repsol","@id":"https:\/\/www.boxrepsol.com\/es\/#\/schema\/person\/c5c2138f2cca251b0ad92b7086bb60b7"},"headline":"Lecci\u00f3n de estrategia de M\u00e1rquez y su equipo","datePublished":"2016-07-17T02:00:00+00:00","dateModified":"2024-05-07T08:57:01+00:00","mainEntityOfPage":{"@id":"https:\/\/www.boxrepsol.com\/es\/motogp\/leccion-de-estrategia-de-marquez-y-su-equipo\/"},"wordCount":538,"commentCount":0,"publisher":{"@id":"https:\/\/www.boxrepsol.com\/es\/#organization"},"image":{"@id":"https:\/\/www.boxrepsol.com\/es\/motogp\/leccion-de-estrategia-de-marquez-y-su-equipo\/#primaryimage"},"thumbnailUrl":"https:\/\/www.boxrepsol.com\/wp-content\/uploads\/2022\/08\/14-sachsenring-marc-marquez-93-equipo-repsol-honda.jpg","keywords":["MotoGP Alemania"],"articleSection":["MotoGP"],"inLanguage":"es","potentialAction":[{"@type":"CommentAction","name":"Comment","target":["https:\/\/www.boxrepsol.com\/es\/motogp\/leccion-de-estrategia-de-marquez-y-su-equipo\/#respond"]}]},{"@type":"WebPage","@id":"https:\/\/www.boxrepsol.com\/es\/motogp\/leccion-de-estrategia-de-marquez-y-su-equipo\/","url":"https:\/\/www.boxrepsol.com\/es\/motogp\/leccion-de-estrategia-de-marquez-y-su-equipo\/","name":"Lecci\u00f3n de estrategia de M\u00e1rquez y su equipo - Box Repsol","isPartOf":{"@id":"https:\/\/www.boxrepsol.com\/es\/#website"},"primaryImageOfPage":{"@id":"https:\/\/www.boxrepsol.com\/es\/motogp\/leccion-de-estrategia-de-marquez-y-su-equipo\/#primaryimage"},"image":{"@id":"https:\/\/www.boxrepsol.com\/es\/motogp\/leccion-de-estrategia-de-marquez-y-su-equipo\/#primaryimage"},"thumbnailUrl":"https:\/\/www.boxrepsol.com\/wp-content\/uploads\/2022\/08\/14-sachsenring-marc-marquez-93-equipo-repsol-honda.jpg","datePublished":"2016-07-17T02:00:00+00:00","dateModified":"2024-05-07T08:57:01+00:00","description":"El l\u00edder del Mundial se reafirma en la clasificaci\u00f3n general despu\u00e9s de una nueva exhibici\u00f3n en otra ca\u00f3tica carrera flag to flag...","breadcrumb":{"@id":"https:\/\/www.boxrepsol.com\/es\/motogp\/leccion-de-estrategia-de-marquez-y-su-equipo\/#breadcrumb"},"inLanguage":"es","potentialAction":[{"@type":"ReadAction","target":["https:\/\/www.boxrepsol.com\/es\/motogp\/leccion-de-estrategia-de-marquez-y-su-equipo\/"]}]},{"@type":"ImageObject","inLanguage":"es","@id":"https:\/\/www.boxrepsol.com\/es\/motogp\/leccion-de-estrategia-de-marquez-y-su-equipo\/#primaryimage","url":"https:\/\/www.boxrepsol.com\/wp-content\/uploads\/2022\/08\/14-sachsenring-marc-marquez-93-equipo-repsol-honda.jpg","contentUrl":"https:\/\/www.boxrepsol.com\/wp-content\/uploads\/2022\/08\/14-sachsenring-marc-marquez-93-equipo-repsol-honda.jpg","width":984,"height":412,"caption":"Marc M\u00e1rquez celebrando la victoria de pie sobre la moto"},{"@type":"BreadcrumbList","@id":"https:\/\/www.boxrepsol.com\/es\/motogp\/leccion-de-estrategia-de-marquez-y-su-equipo\/#breadcrumb","itemListElement":[{"@type":"ListItem","position":1,"name":"Home","item":"https:\/\/www.boxrepsol.com\/es\/"},{"@type":"ListItem","position":2,"name":"Lecci\u00f3n de estrategia de M\u00e1rquez y su equipo"}]},{"@type":"WebSite","@id":"https:\/\/www.boxrepsol.com\/es\/#website","url":"https:\/\/www.boxrepsol.com\/es\/","name":"Box Repsol","description":"Box Repsol Site","publisher":{"@id":"https:\/\/www.boxrepsol.com\/es\/#organization"},"potentialAction":[{"@type":"SearchAction","target":{"@type":"EntryPoint","urlTemplate":"https:\/\/www.boxrepsol.com\/es\/?s={search_term_string}"},"query-input":{"@type":"PropertyValueSpecification","valueRequired":true,"valueName":"search_term_string"}}],"inLanguage":"es"},{"@type":"Organization","@id":"https:\/\/www.boxrepsol.com\/es\/#organization","name":"Box Repsol","url":"https:\/\/www.boxrepsol.com\/es\/","logo":{"@type":"ImageObject","inLanguage":"es","@id":"https:\/\/www.boxrepsol.com\/es\/#\/schema\/logo\/image\/","url":"https:\/\/bxrepsol.s3.eu-west-1.amazonaws.com\/static\/2025\/07\/30083337\/favicon-96x96-1.png","contentUrl":"https:\/\/bxrepsol.s3.eu-west-1.amazonaws.com\/static\/2025\/07\/30083337\/favicon-96x96-1.png","width":96,"height":96,"caption":"Box Repsol"},"image":{"@id":"https:\/\/www.boxrepsol.com\/es\/#\/schema\/logo\/image\/"},"sameAs":["https:\/\/www.facebook.com\/BoxRepsol","https:\/\/x.com\/box_repsol","http:\/\/instagram.com\/box_repsol","https:\/\/www.youtube.com\/user\/RepsolCompeticion","https:\/\/www.flickr.com\/photos\/box_repsol\/"]},{"@type":"Person","@id":"https:\/\/www.boxrepsol.com\/es\/#\/schema\/person\/c5c2138f2cca251b0ad92b7086bb60b7","name":"Redacci\u00f3n Box Repsol","image":{"@type":"ImageObject","inLanguage":"es","@id":"https:\/\/secure.gravatar.com\/avatar\/adf7b77e38b4419baf32c7e9c21dde01f4e40df611f0978e3006fc4ba0aaab7e?s=96&d=mm&r=g","url":"https:\/\/secure.gravatar.com\/avatar\/adf7b77e38b4419baf32c7e9c21dde01f4e40df611f0978e3006fc4ba0aaab7e?s=96&d=mm&r=g","contentUrl":"https:\/\/secure.gravatar.com\/avatar\/adf7b77e38b4419baf32c7e9c21dde01f4e40df611f0978e3006fc4ba0aaab7e?s=96&d=mm&r=g","caption":"Redacci\u00f3n Box Repsol"},"description":"Box Repsol lo forma un equipo de periodistas, community managers, dise\u00f1adores y fot\u00f3grafos con m\u00e1s de 20 a\u00f1os de experiencia en el mundo del motorsport. Hemos vivido el primer mundial de un espa\u00f1ol en la categor\u00eda reina de motociclismo con \u00c1lex Crivill\u00e9, estuvimos en las victorias de Pedrosa y los t\u00edtulos de M\u00e1rquez, acompa\u00f1amos en \u00c1frica a Nani Roma y Marc Coma en sus conquistas del Dakar y hemos vibrado con los t\u00edtulos de Toni Bou en Trial. Adem\u00e1s, en nuestro equipo contamos con expertos en el mundo de las dos y cuatro ruedas tanto de la calle y las carreteras, como de los circuitos. Periodistas que han trabajado en revistas y publicaciones para hacerte llegar desde rutas y consejos de mantenimiento, a curiosidades y trucos de pilotaje.","sameAs":["https:\/\/www.facebook.com\/BoxRepsol\/","https:\/\/www.instagram.com\/box_repsol\/","https:\/\/x.com\/https:\/\/twitter.com\/box_repsol","https:\/\/www.youtube.com\/@Boxrepsol"],"url":"https:\/\/www.boxrepsol.com\/es\/author\/redaccion-box-repsol\/"}]}},"_links":{"self":[{"href":"https:\/\/www.boxrepsol.com\/es\/wp-json\/wp\/v2\/posts\/89875","targetHints":{"allow":["GET"]}}],"collection":[{"href":"https:\/\/www.boxrepsol.com\/es\/wp-json\/wp\/v2\/posts"}],"about":[{"href":"https:\/\/www.boxrepsol.com\/es\/wp-json\/wp\/v2\/types\/post"}],"author":[{"embeddable":true,"href":"https:\/\/www.boxrepsol.com\/es\/wp-json\/wp\/v2\/users\/43146"}],"replies":[{"embeddable":true,"href":"https:\/\/www.boxrepsol.com\/es\/wp-json\/wp\/v2\/comments?post=89875"}],"version-history":[{"count":1,"href":"https:\/\/www.boxrepsol.com\/es\/wp-json\/wp\/v2\/posts\/89875\/revisions"}],"predecessor-version":[{"id":89876,"href":"https:\/\/www.boxrepsol.com\/es\/wp-json\/wp\/v2\/posts\/89875\/revisions\/89876"}],"wp:featuredmedia":[{"embeddable":true,"href":"https:\/\/www.boxrepsol.com\/es\/wp-json\/wp\/v2\/media\/85732"}],"wp:attachment":[{"href":"https:\/\/www.boxrepsol.com\/es\/wp-json\/wp\/v2\/media?parent=89875"}],"wp:term":[{"taxonomy":"category","embeddable":true,"href":"https:\/\/www.boxrepsol.com\/es\/wp-json\/wp\/v2\/categories?post=89875"},{"taxonomy":"post_tag","embeddable":true,"href":"https:\/\/www.boxrepsol.com\/es\/wp-json\/wp\/v2\/tags?post=89875"}],"curies":[{"name":"wp","href":"https:\/\/api.w.org\/{rel}","templated":true}]}}