{"id":89873,"date":"2018-07-26T00:00:00","date_gmt":"2018-07-26T02:00:00","guid":{"rendered":"http:\/\/pre.boxrepsol.com\/sin-categorizar\/paron-de-verano-las-vacaciones-de-los-pilotos-del-equipo-repsol-honda\/"},"modified":"2024-05-22T09:51:49","modified_gmt":"2024-05-22T11:51:49","slug":"paron-de-verano-las-vacaciones-de-los-pilotos-del-equipo-repsol-honda","status":"publish","type":"post","link":"https:\/\/www.boxrepsol.com\/es\/motogp\/paron-de-verano-las-vacaciones-de-los-pilotos-del-equipo-repsol-honda\/","title":{"rendered":"Las vacaciones de los pilotos del Equipo Repsol Honda"},"content":{"rendered":"<blockquote><p>Cuando llegan unos d\u00edas libres lo que te apetece, es pasar un buen rato al lado de la gente que quieres<\/p>\n<p><a href=\"http:\/\/twitter.com\/share?text=Cuando+llegan+unos+d%C3%ADas+libres+lo+que+te+apetece%2C+es+pasar+un+buen+rato+al+lado+de+la+gente+que+quieres&amp;url=https%3A%2F%2Fwww.boxrepsol.com%2Fes%2Fmotogp%2Fparon-de-verano-las-vacaciones-de-los-pilotos-del-equipo-repsol-honda%2F&amp;hashtags=\" target=\"_blank\" rel=\"noopener noreferrer\" data-datalayer=\"{&quot;event&quot;: &quot;socialInteraction&quot;, &quot;socialNetwork&quot;: &quot;Twitter&quot;, &quot;socialAction&quot;: &quot;Compartir&quot;, &quot;socialTarget&quot;: &quot;Frase&quot;}\"><br \/>\ntwittear <\/a><\/p>\n<footer>Marc M\u00e1rquez<\/footer>\n<\/blockquote>\n<p>Este a\u00f1o\u00a0<strong>M\u00e1rquez llega a sus vacaciones liderando la clasificaci\u00f3n del Mundial de Motociclismo tras la victoria conseguida en Alemania<\/strong>.\u00a0<strong>Pedrosa por su parte,trabaja por mejorar sus sensacions sobre la Honda.<\/strong> Ambos aprovechar\u00e1n para trabajar junto al resto del equipo y volver con fuerza en las carreras de agosto.<\/p>\n<p>En el periodo vacacional los pilotos del Equipo Repsol Honda aprovechan para practicar deportes de motor como el supermotard, dirt track, trial y motocross, pero tambi\u00e9n tienen tiempo para tumbarse al sol y relajarse, gozando de los escenarios preferidos para el periodo estival, la playa y la monta\u00f1a. Es vital mantener el equilibrio entre una buena forma f\u00edsica y liberar tensiones acumuladas por un deporte tan exigente como la categor\u00eda reina del motociclismo.<\/p>\n<p><img decoding=\"async\" src=\"https:\/\/bxrepsol.s3.eu-west-1.amazonaws.com\/static\/2022\/08\/29044805\/00_marc_marquez_verano.jpg\" alt=\"00_marc_marquez_verano\" \/><\/p>\n<p>Marc M\u00e1rquez tiene una destacada predilecci\u00f3n por estar con los suyos, pasar tiempo con sus amigos y familiares mientras disfruta de la naturaleza y el deporte: \u201c<strong>Cuando llegan unos d\u00edas libres lo que m\u00e1s te apetece no es irte lejos a ver pa\u00edses en los que no hayas estado, sino poder pasar un rato tranquilo y divertido al lado de la gente que quieres<\/strong>\u201d. En estos d\u00edas no suele desperdiciar la oportunidad de hacer motocross o ciclismo con su hermano, sin alejarse demasiado de su Cervera natal. Tambi\u00e9n aprovecha la primera semana de vacaciones para irse a la playa o a la piscina pero siempre con su hermano.<\/p>\n<p><img decoding=\"async\" src=\"https:\/\/bxrepsol.s3.eu-west-1.amazonaws.com\/static\/2022\/08\/29044806\/DFhCaLpXoAYg5sh.jpg\" alt=\"Dani pedrosa comi\u00e9ndose un helado\" \/><\/p>\n<p>Dani Pedrosa, por su parte, est\u00e1 como cada mes de julio viendo el Tour de Francia, y dedica su tiempo a entrenar y ejercitarse practicando deportes relacionados con el mundo del motor, como el Supermotard. Tambi\u00e9n dedica tiempo a montar en bici que es una de sus grandes pasiones. El piloto del Equipo Repsol Honda no llega a desconectar demasiado, puesto que mantiene sus pensamientos en c\u00f3mo mejorar para afrontar en mejores condiciones la segunda temporada del mundial: \u201c<strong>\u00a1Ya sab\u00e9is que a nosotros nos apasiona lo que hacemos! Se podr\u00eda decir que somos un poco adictos<\/strong>\u201d.<\/p>\n<p><strong>A la vuelta de las vacaciones tocar\u00e1 hacer la puesta a punto para el GP de Rep\u00fablica Checa<\/strong>. Brno es un viejo conocido en el mundial, tanto Marc como Dani han conseguido coronar su podio antes y con suerte, encontr\u00e1ndose m\u00e1s descansados tras este par\u00f3n puede que nos regalen un magnifico doble podio como los que\u00a0firmaron <a href=\"https:\/\/www.boxrepsol.com\/es\/motogp\/nuevo-doblete-marquez-pedrosa-una-carrera-flag-to-flag\/\">el a\u00f1o pasado<\/a> en este GP.<\/p>\n","protected":false},"excerpt":{"rendered":"<p>Pasado el ecuador de la competici\u00f3n, los pilotos del Equipo Repsol Honda cuentan con dos semanas de descanso. Marc M\u00e1rquez y Dani Pedrosa aprovechan estos d\u00edas para estar con familiares y amigos, hacer deporte y disfrutar del buen tiempo.<\/p>\n","protected":false},"author":43146,"featured_media":85720,"comment_status":"open","ping_status":"open","sticky":false,"template":"","format":"standard","meta":{"footnotes":""},"categories":[4],"tags":[50],"class_list":["post-89873","post","type-post","status-publish","format-standard","hentry","category-motogp","tag-equipo-repsol-honda"],"yoast_head":"<!-- This site is optimized with the Yoast SEO plugin v27.3 - https:\/\/yoast.com\/product\/yoast-seo-wordpress\/ -->\n<title>Las vacaciones de los pilotos del Equipo Repsol Honda - Box Repsol<\/title>\n<meta name=\"description\" content=\"Pasado el ecuador de la competici\u00f3n, los pilotos del Equipo Repsol Honda cuentan con tres semanas de descanso...\" \/>\n<link rel=\"canonical\" href=\"https:\/\/www.boxrepsol.com\/es\/motogp\/paron-de-verano-las-vacaciones-de-los-pilotos-del-equipo-repsol-honda\/\" \/>\n<meta property=\"og:locale\" content=\"es_ES\" \/>\n<meta property=\"og:type\" content=\"article\" \/>\n<meta property=\"og:title\" content=\"Las vacaciones de los pilotos del Equipo Repsol Honda - Box Repsol\" \/>\n<meta property=\"og:description\" content=\"Pasado el ecuador de la competici\u00f3n, los pilotos del Equipo Repsol Honda cuentan con tres semanas de descanso...\" \/>\n<meta property=\"og:url\" content=\"https:\/\/www.boxrepsol.com\/es\/motogp\/paron-de-verano-las-vacaciones-de-los-pilotos-del-equipo-repsol-honda\/\" \/>\n<meta property=\"og:site_name\" content=\"Box Repsol\" \/>\n<meta property=\"article:publisher\" content=\"https:\/\/www.facebook.com\/BoxRepsol\" \/>\n<meta property=\"article:author\" content=\"https:\/\/www.facebook.com\/BoxRepsol\/\" \/>\n<meta property=\"article:published_time\" content=\"2018-07-26T02:00:00+00:00\" \/>\n<meta property=\"article:modified_time\" content=\"2024-05-22T11:51:49+00:00\" \/>\n<meta property=\"og:image\" content=\"https:\/\/s3-eu-west-1.amazonaws.com\/boxrepsol-site\/uploads\/vacaciones_5b56cbfe34c5d.jpg\" \/>\n<meta name=\"author\" content=\"Redacci\u00f3n Box Repsol\" \/>\n<meta name=\"twitter:card\" content=\"summary_large_image\" \/>\n<meta name=\"twitter:creator\" content=\"@https:\/\/twitter.com\/box_repsol\" \/>\n<meta name=\"twitter:site\" content=\"@box_repsol\" \/>\n<meta name=\"twitter:label1\" content=\"Written by\" \/>\n\t<meta name=\"twitter:data1\" content=\"Redacci\u00f3n Box Repsol\" \/>\n\t<meta name=\"twitter:label2\" content=\"Est. reading time\" \/>\n\t<meta name=\"twitter:data2\" content=\"2 minutos\" \/>\n<script type=\"application\/ld+json\" class=\"yoast-schema-graph\">{\"@context\":\"https:\\\/\\\/schema.org\",\"@graph\":[{\"@type\":\"Article\",\"@id\":\"https:\\\/\\\/www.boxrepsol.com\\\/es\\\/motogp\\\/paron-de-verano-las-vacaciones-de-los-pilotos-del-equipo-repsol-honda\\\/#article\",\"isPartOf\":{\"@id\":\"https:\\\/\\\/www.boxrepsol.com\\\/es\\\/motogp\\\/paron-de-verano-las-vacaciones-de-los-pilotos-del-equipo-repsol-honda\\\/\"},\"author\":{\"name\":\"Redacci\u00f3n Box Repsol\",\"@id\":\"https:\\\/\\\/www.boxrepsol.com\\\/es\\\/#\\\/schema\\\/person\\\/c5c2138f2cca251b0ad92b7086bb60b7\"},\"headline\":\"Las vacaciones de los pilotos del Equipo Repsol Honda\",\"datePublished\":\"2018-07-26T02:00:00+00:00\",\"dateModified\":\"2024-05-22T11:51:49+00:00\",\"mainEntityOfPage\":{\"@id\":\"https:\\\/\\\/www.boxrepsol.com\\\/es\\\/motogp\\\/paron-de-verano-las-vacaciones-de-los-pilotos-del-equipo-repsol-honda\\\/\"},\"wordCount\":449,\"commentCount\":0,\"publisher\":{\"@id\":\"https:\\\/\\\/www.boxrepsol.com\\\/es\\\/#organization\"},\"image\":{\"@id\":\"https:\\\/\\\/www.boxrepsol.com\\\/es\\\/motogp\\\/paron-de-verano-las-vacaciones-de-los-pilotos-del-equipo-repsol-honda\\\/#primaryimage\"},\"thumbnailUrl\":\"https:\\\/\\\/www.boxrepsol.com\\\/wp-content\\\/uploads\\\/2022\\\/08\\\/vacaciones_5b56cbfe34c5d.jpg\",\"keywords\":[\"Equipo Repsol Honda\"],\"articleSection\":[\"MotoGP\"],\"inLanguage\":\"es\",\"potentialAction\":[{\"@type\":\"CommentAction\",\"name\":\"Comment\",\"target\":[\"https:\\\/\\\/www.boxrepsol.com\\\/es\\\/motogp\\\/paron-de-verano-las-vacaciones-de-los-pilotos-del-equipo-repsol-honda\\\/#respond\"]}]},{\"@type\":\"WebPage\",\"@id\":\"https:\\\/\\\/www.boxrepsol.com\\\/es\\\/motogp\\\/paron-de-verano-las-vacaciones-de-los-pilotos-del-equipo-repsol-honda\\\/\",\"url\":\"https:\\\/\\\/www.boxrepsol.com\\\/es\\\/motogp\\\/paron-de-verano-las-vacaciones-de-los-pilotos-del-equipo-repsol-honda\\\/\",\"name\":\"Las vacaciones de los pilotos del Equipo Repsol Honda - Box Repsol\",\"isPartOf\":{\"@id\":\"https:\\\/\\\/www.boxrepsol.com\\\/es\\\/#website\"},\"primaryImageOfPage\":{\"@id\":\"https:\\\/\\\/www.boxrepsol.com\\\/es\\\/motogp\\\/paron-de-verano-las-vacaciones-de-los-pilotos-del-equipo-repsol-honda\\\/#primaryimage\"},\"image\":{\"@id\":\"https:\\\/\\\/www.boxrepsol.com\\\/es\\\/motogp\\\/paron-de-verano-las-vacaciones-de-los-pilotos-del-equipo-repsol-honda\\\/#primaryimage\"},\"thumbnailUrl\":\"https:\\\/\\\/www.boxrepsol.com\\\/wp-content\\\/uploads\\\/2022\\\/08\\\/vacaciones_5b56cbfe34c5d.jpg\",\"datePublished\":\"2018-07-26T02:00:00+00:00\",\"dateModified\":\"2024-05-22T11:51:49+00:00\",\"description\":\"Pasado el ecuador de la competici\u00f3n, los pilotos del Equipo Repsol Honda cuentan con tres semanas de descanso...\",\"breadcrumb\":{\"@id\":\"https:\\\/\\\/www.boxrepsol.com\\\/es\\\/motogp\\\/paron-de-verano-las-vacaciones-de-los-pilotos-del-equipo-repsol-honda\\\/#breadcrumb\"},\"inLanguage\":\"es\",\"potentialAction\":[{\"@type\":\"ReadAction\",\"target\":[\"https:\\\/\\\/www.boxrepsol.com\\\/es\\\/motogp\\\/paron-de-verano-las-vacaciones-de-los-pilotos-del-equipo-repsol-honda\\\/\"]}]},{\"@type\":\"ImageObject\",\"inLanguage\":\"es\",\"@id\":\"https:\\\/\\\/www.boxrepsol.com\\\/es\\\/motogp\\\/paron-de-verano-las-vacaciones-de-los-pilotos-del-equipo-repsol-honda\\\/#primaryimage\",\"url\":\"https:\\\/\\\/www.boxrepsol.com\\\/wp-content\\\/uploads\\\/2022\\\/08\\\/vacaciones_5b56cbfe34c5d.jpg\",\"contentUrl\":\"https:\\\/\\\/www.boxrepsol.com\\\/wp-content\\\/uploads\\\/2022\\\/08\\\/vacaciones_5b56cbfe34c5d.jpg\",\"width\":1126,\"height\":633,\"caption\":\"Montaje con Marc M\u00e1rquez y Dani Pedrosa casual\"},{\"@type\":\"BreadcrumbList\",\"@id\":\"https:\\\/\\\/www.boxrepsol.com\\\/es\\\/motogp\\\/paron-de-verano-las-vacaciones-de-los-pilotos-del-equipo-repsol-honda\\\/#breadcrumb\",\"itemListElement\":[{\"@type\":\"ListItem\",\"position\":1,\"name\":\"Home\",\"item\":\"https:\\\/\\\/www.boxrepsol.com\\\/es\\\/\"},{\"@type\":\"ListItem\",\"position\":2,\"name\":\"Las vacaciones de los pilotos del Equipo Repsol Honda\"}]},{\"@type\":\"WebSite\",\"@id\":\"https:\\\/\\\/www.boxrepsol.com\\\/es\\\/#website\",\"url\":\"https:\\\/\\\/www.boxrepsol.com\\\/es\\\/\",\"name\":\"Box Repsol\",\"description\":\"Box Repsol Site\",\"publisher\":{\"@id\":\"https:\\\/\\\/www.boxrepsol.com\\\/es\\\/#organization\"},\"potentialAction\":[{\"@type\":\"SearchAction\",\"target\":{\"@type\":\"EntryPoint\",\"urlTemplate\":\"https:\\\/\\\/www.boxrepsol.com\\\/es\\\/?s={search_term_string}\"},\"query-input\":{\"@type\":\"PropertyValueSpecification\",\"valueRequired\":true,\"valueName\":\"search_term_string\"}}],\"inLanguage\":\"es\"},{\"@type\":\"Organization\",\"@id\":\"https:\\\/\\\/www.boxrepsol.com\\\/es\\\/#organization\",\"name\":\"Box Repsol\",\"url\":\"https:\\\/\\\/www.boxrepsol.com\\\/es\\\/\",\"logo\":{\"@type\":\"ImageObject\",\"inLanguage\":\"es\",\"@id\":\"https:\\\/\\\/www.boxrepsol.com\\\/es\\\/#\\\/schema\\\/logo\\\/image\\\/\",\"url\":\"https:\\\/\\\/bxrepsol.s3.eu-west-1.amazonaws.com\\\/static\\\/2025\\\/07\\\/30083337\\\/favicon-96x96-1.png\",\"contentUrl\":\"https:\\\/\\\/bxrepsol.s3.eu-west-1.amazonaws.com\\\/static\\\/2025\\\/07\\\/30083337\\\/favicon-96x96-1.png\",\"width\":96,\"height\":96,\"caption\":\"Box Repsol\"},\"image\":{\"@id\":\"https:\\\/\\\/www.boxrepsol.com\\\/es\\\/#\\\/schema\\\/logo\\\/image\\\/\"},\"sameAs\":[\"https:\\\/\\\/www.facebook.com\\\/BoxRepsol\",\"https:\\\/\\\/x.com\\\/box_repsol\",\"http:\\\/\\\/instagram.com\\\/box_repsol\",\"https:\\\/\\\/www.youtube.com\\\/user\\\/RepsolCompeticion\",\"https:\\\/\\\/www.flickr.com\\\/photos\\\/box_repsol\\\/\"]},{\"@type\":\"Person\",\"@id\":\"https:\\\/\\\/www.boxrepsol.com\\\/es\\\/#\\\/schema\\\/person\\\/c5c2138f2cca251b0ad92b7086bb60b7\",\"name\":\"Redacci\u00f3n Box Repsol\",\"image\":{\"@type\":\"ImageObject\",\"inLanguage\":\"es\",\"@id\":\"https:\\\/\\\/secure.gravatar.com\\\/avatar\\\/adf7b77e38b4419baf32c7e9c21dde01f4e40df611f0978e3006fc4ba0aaab7e?s=96&d=mm&r=g\",\"url\":\"https:\\\/\\\/secure.gravatar.com\\\/avatar\\\/adf7b77e38b4419baf32c7e9c21dde01f4e40df611f0978e3006fc4ba0aaab7e?s=96&d=mm&r=g\",\"contentUrl\":\"https:\\\/\\\/secure.gravatar.com\\\/avatar\\\/adf7b77e38b4419baf32c7e9c21dde01f4e40df611f0978e3006fc4ba0aaab7e?s=96&d=mm&r=g\",\"caption\":\"Redacci\u00f3n Box Repsol\"},\"description\":\"Box Repsol lo forma un equipo de periodistas, community managers, dise\u00f1adores y fot\u00f3grafos con m\u00e1s de 20 a\u00f1os de experiencia en el mundo del motorsport. Hemos vivido el primer mundial de un espa\u00f1ol en la categor\u00eda reina de motociclismo con \u00c1lex Crivill\u00e9, estuvimos en las victorias de Pedrosa y los t\u00edtulos de M\u00e1rquez, acompa\u00f1amos en \u00c1frica a Nani Roma y Marc Coma en sus conquistas del Dakar y hemos vibrado con los t\u00edtulos de Toni Bou en Trial. Adem\u00e1s, en nuestro equipo contamos con expertos en el mundo de las dos y cuatro ruedas tanto de la calle y las carreteras, como de los circuitos. Periodistas que han trabajado en revistas y publicaciones para hacerte llegar desde rutas y consejos de mantenimiento, a curiosidades y trucos de pilotaje.\",\"sameAs\":[\"https:\\\/\\\/www.facebook.com\\\/BoxRepsol\\\/\",\"https:\\\/\\\/www.instagram.com\\\/box_repsol\\\/\",\"https:\\\/\\\/x.com\\\/https:\\\/\\\/twitter.com\\\/box_repsol\",\"https:\\\/\\\/www.youtube.com\\\/@Boxrepsol\"],\"url\":\"https:\\\/\\\/www.boxrepsol.com\\\/es\\\/author\\\/redaccion-box-repsol\\\/\"}]}<\/script>\n<!-- \/ Yoast SEO plugin. -->","yoast_head_json":{"title":"Las vacaciones de los pilotos del Equipo Repsol Honda - Box Repsol","description":"Pasado el ecuador de la competici\u00f3n, los pilotos del Equipo Repsol Honda cuentan con tres semanas de descanso...","canonical":"https:\/\/www.boxrepsol.com\/es\/motogp\/paron-de-verano-las-vacaciones-de-los-pilotos-del-equipo-repsol-honda\/","og_locale":"es_ES","og_type":"article","og_title":"Las vacaciones de los pilotos del Equipo Repsol Honda - Box Repsol","og_description":"Pasado el ecuador de la competici\u00f3n, los pilotos del Equipo Repsol Honda cuentan con tres semanas de descanso...","og_url":"https:\/\/www.boxrepsol.com\/es\/motogp\/paron-de-verano-las-vacaciones-de-los-pilotos-del-equipo-repsol-honda\/","og_site_name":"Box Repsol","article_publisher":"https:\/\/www.facebook.com\/BoxRepsol","article_author":"https:\/\/www.facebook.com\/BoxRepsol\/","article_published_time":"2018-07-26T02:00:00+00:00","article_modified_time":"2024-05-22T11:51:49+00:00","og_image":[{"url":"https:\/\/s3-eu-west-1.amazonaws.com\/boxrepsol-site\/uploads\/vacaciones_5b56cbfe34c5d.jpg","type":"","width":"","height":""}],"author":"Redacci\u00f3n Box Repsol","twitter_card":"summary_large_image","twitter_creator":"@https:\/\/twitter.com\/box_repsol","twitter_site":"@box_repsol","twitter_misc":{"Written by":"Redacci\u00f3n Box Repsol","Est. reading time":"2 minutos"},"schema":{"@context":"https:\/\/schema.org","@graph":[{"@type":"Article","@id":"https:\/\/www.boxrepsol.com\/es\/motogp\/paron-de-verano-las-vacaciones-de-los-pilotos-del-equipo-repsol-honda\/#article","isPartOf":{"@id":"https:\/\/www.boxrepsol.com\/es\/motogp\/paron-de-verano-las-vacaciones-de-los-pilotos-del-equipo-repsol-honda\/"},"author":{"name":"Redacci\u00f3n Box Repsol","@id":"https:\/\/www.boxrepsol.com\/es\/#\/schema\/person\/c5c2138f2cca251b0ad92b7086bb60b7"},"headline":"Las vacaciones de los pilotos del Equipo Repsol Honda","datePublished":"2018-07-26T02:00:00+00:00","dateModified":"2024-05-22T11:51:49+00:00","mainEntityOfPage":{"@id":"https:\/\/www.boxrepsol.com\/es\/motogp\/paron-de-verano-las-vacaciones-de-los-pilotos-del-equipo-repsol-honda\/"},"wordCount":449,"commentCount":0,"publisher":{"@id":"https:\/\/www.boxrepsol.com\/es\/#organization"},"image":{"@id":"https:\/\/www.boxrepsol.com\/es\/motogp\/paron-de-verano-las-vacaciones-de-los-pilotos-del-equipo-repsol-honda\/#primaryimage"},"thumbnailUrl":"https:\/\/www.boxrepsol.com\/wp-content\/uploads\/2022\/08\/vacaciones_5b56cbfe34c5d.jpg","keywords":["Equipo Repsol Honda"],"articleSection":["MotoGP"],"inLanguage":"es","potentialAction":[{"@type":"CommentAction","name":"Comment","target":["https:\/\/www.boxrepsol.com\/es\/motogp\/paron-de-verano-las-vacaciones-de-los-pilotos-del-equipo-repsol-honda\/#respond"]}]},{"@type":"WebPage","@id":"https:\/\/www.boxrepsol.com\/es\/motogp\/paron-de-verano-las-vacaciones-de-los-pilotos-del-equipo-repsol-honda\/","url":"https:\/\/www.boxrepsol.com\/es\/motogp\/paron-de-verano-las-vacaciones-de-los-pilotos-del-equipo-repsol-honda\/","name":"Las vacaciones de los pilotos del Equipo Repsol Honda - Box Repsol","isPartOf":{"@id":"https:\/\/www.boxrepsol.com\/es\/#website"},"primaryImageOfPage":{"@id":"https:\/\/www.boxrepsol.com\/es\/motogp\/paron-de-verano-las-vacaciones-de-los-pilotos-del-equipo-repsol-honda\/#primaryimage"},"image":{"@id":"https:\/\/www.boxrepsol.com\/es\/motogp\/paron-de-verano-las-vacaciones-de-los-pilotos-del-equipo-repsol-honda\/#primaryimage"},"thumbnailUrl":"https:\/\/www.boxrepsol.com\/wp-content\/uploads\/2022\/08\/vacaciones_5b56cbfe34c5d.jpg","datePublished":"2018-07-26T02:00:00+00:00","dateModified":"2024-05-22T11:51:49+00:00","description":"Pasado el ecuador de la competici\u00f3n, los pilotos del Equipo Repsol Honda cuentan con tres semanas de descanso...","breadcrumb":{"@id":"https:\/\/www.boxrepsol.com\/es\/motogp\/paron-de-verano-las-vacaciones-de-los-pilotos-del-equipo-repsol-honda\/#breadcrumb"},"inLanguage":"es","potentialAction":[{"@type":"ReadAction","target":["https:\/\/www.boxrepsol.com\/es\/motogp\/paron-de-verano-las-vacaciones-de-los-pilotos-del-equipo-repsol-honda\/"]}]},{"@type":"ImageObject","inLanguage":"es","@id":"https:\/\/www.boxrepsol.com\/es\/motogp\/paron-de-verano-las-vacaciones-de-los-pilotos-del-equipo-repsol-honda\/#primaryimage","url":"https:\/\/www.boxrepsol.com\/wp-content\/uploads\/2022\/08\/vacaciones_5b56cbfe34c5d.jpg","contentUrl":"https:\/\/www.boxrepsol.com\/wp-content\/uploads\/2022\/08\/vacaciones_5b56cbfe34c5d.jpg","width":1126,"height":633,"caption":"Montaje con Marc M\u00e1rquez y Dani Pedrosa casual"},{"@type":"BreadcrumbList","@id":"https:\/\/www.boxrepsol.com\/es\/motogp\/paron-de-verano-las-vacaciones-de-los-pilotos-del-equipo-repsol-honda\/#breadcrumb","itemListElement":[{"@type":"ListItem","position":1,"name":"Home","item":"https:\/\/www.boxrepsol.com\/es\/"},{"@type":"ListItem","position":2,"name":"Las vacaciones de los pilotos del Equipo Repsol Honda"}]},{"@type":"WebSite","@id":"https:\/\/www.boxrepsol.com\/es\/#website","url":"https:\/\/www.boxrepsol.com\/es\/","name":"Box Repsol","description":"Box Repsol Site","publisher":{"@id":"https:\/\/www.boxrepsol.com\/es\/#organization"},"potentialAction":[{"@type":"SearchAction","target":{"@type":"EntryPoint","urlTemplate":"https:\/\/www.boxrepsol.com\/es\/?s={search_term_string}"},"query-input":{"@type":"PropertyValueSpecification","valueRequired":true,"valueName":"search_term_string"}}],"inLanguage":"es"},{"@type":"Organization","@id":"https:\/\/www.boxrepsol.com\/es\/#organization","name":"Box Repsol","url":"https:\/\/www.boxrepsol.com\/es\/","logo":{"@type":"ImageObject","inLanguage":"es","@id":"https:\/\/www.boxrepsol.com\/es\/#\/schema\/logo\/image\/","url":"https:\/\/bxrepsol.s3.eu-west-1.amazonaws.com\/static\/2025\/07\/30083337\/favicon-96x96-1.png","contentUrl":"https:\/\/bxrepsol.s3.eu-west-1.amazonaws.com\/static\/2025\/07\/30083337\/favicon-96x96-1.png","width":96,"height":96,"caption":"Box Repsol"},"image":{"@id":"https:\/\/www.boxrepsol.com\/es\/#\/schema\/logo\/image\/"},"sameAs":["https:\/\/www.facebook.com\/BoxRepsol","https:\/\/x.com\/box_repsol","http:\/\/instagram.com\/box_repsol","https:\/\/www.youtube.com\/user\/RepsolCompeticion","https:\/\/www.flickr.com\/photos\/box_repsol\/"]},{"@type":"Person","@id":"https:\/\/www.boxrepsol.com\/es\/#\/schema\/person\/c5c2138f2cca251b0ad92b7086bb60b7","name":"Redacci\u00f3n Box Repsol","image":{"@type":"ImageObject","inLanguage":"es","@id":"https:\/\/secure.gravatar.com\/avatar\/adf7b77e38b4419baf32c7e9c21dde01f4e40df611f0978e3006fc4ba0aaab7e?s=96&d=mm&r=g","url":"https:\/\/secure.gravatar.com\/avatar\/adf7b77e38b4419baf32c7e9c21dde01f4e40df611f0978e3006fc4ba0aaab7e?s=96&d=mm&r=g","contentUrl":"https:\/\/secure.gravatar.com\/avatar\/adf7b77e38b4419baf32c7e9c21dde01f4e40df611f0978e3006fc4ba0aaab7e?s=96&d=mm&r=g","caption":"Redacci\u00f3n Box Repsol"},"description":"Box Repsol lo forma un equipo de periodistas, community managers, dise\u00f1adores y fot\u00f3grafos con m\u00e1s de 20 a\u00f1os de experiencia en el mundo del motorsport. Hemos vivido el primer mundial de un espa\u00f1ol en la categor\u00eda reina de motociclismo con \u00c1lex Crivill\u00e9, estuvimos en las victorias de Pedrosa y los t\u00edtulos de M\u00e1rquez, acompa\u00f1amos en \u00c1frica a Nani Roma y Marc Coma en sus conquistas del Dakar y hemos vibrado con los t\u00edtulos de Toni Bou en Trial. Adem\u00e1s, en nuestro equipo contamos con expertos en el mundo de las dos y cuatro ruedas tanto de la calle y las carreteras, como de los circuitos. Periodistas que han trabajado en revistas y publicaciones para hacerte llegar desde rutas y consejos de mantenimiento, a curiosidades y trucos de pilotaje.","sameAs":["https:\/\/www.facebook.com\/BoxRepsol\/","https:\/\/www.instagram.com\/box_repsol\/","https:\/\/x.com\/https:\/\/twitter.com\/box_repsol","https:\/\/www.youtube.com\/@Boxrepsol"],"url":"https:\/\/www.boxrepsol.com\/es\/author\/redaccion-box-repsol\/"}]}},"_links":{"self":[{"href":"https:\/\/www.boxrepsol.com\/es\/wp-json\/wp\/v2\/posts\/89873","targetHints":{"allow":["GET"]}}],"collection":[{"href":"https:\/\/www.boxrepsol.com\/es\/wp-json\/wp\/v2\/posts"}],"about":[{"href":"https:\/\/www.boxrepsol.com\/es\/wp-json\/wp\/v2\/types\/post"}],"author":[{"embeddable":true,"href":"https:\/\/www.boxrepsol.com\/es\/wp-json\/wp\/v2\/users\/43146"}],"replies":[{"embeddable":true,"href":"https:\/\/www.boxrepsol.com\/es\/wp-json\/wp\/v2\/comments?post=89873"}],"version-history":[{"count":3,"href":"https:\/\/www.boxrepsol.com\/es\/wp-json\/wp\/v2\/posts\/89873\/revisions"}],"predecessor-version":[{"id":105737,"href":"https:\/\/www.boxrepsol.com\/es\/wp-json\/wp\/v2\/posts\/89873\/revisions\/105737"}],"wp:featuredmedia":[{"embeddable":true,"href":"https:\/\/www.boxrepsol.com\/es\/wp-json\/wp\/v2\/media\/85720"}],"wp:attachment":[{"href":"https:\/\/www.boxrepsol.com\/es\/wp-json\/wp\/v2\/media?parent=89873"}],"wp:term":[{"taxonomy":"category","embeddable":true,"href":"https:\/\/www.boxrepsol.com\/es\/wp-json\/wp\/v2\/categories?post=89873"},{"taxonomy":"post_tag","embeddable":true,"href":"https:\/\/www.boxrepsol.com\/es\/wp-json\/wp\/v2\/tags?post=89873"}],"curies":[{"name":"wp","href":"https:\/\/api.w.org\/{rel}","templated":true}]}}