{"id":89872,"date":"2016-08-09T00:00:00","date_gmt":"2016-08-09T02:00:00","guid":{"rendered":"http:\/\/pre.boxrepsol.com\/sin-categorizar\/el-equipo-repsol-honda-inicia-la-segunda-mitad-del-mundial-con-marc-marquez-en-cabeza\/"},"modified":"2024-05-07T06:56:43","modified_gmt":"2024-05-07T08:56:43","slug":"el-equipo-repsol-honda-inicia-la-segunda-mitad-del-mundial-con-marc-marquez-en-cabeza","status":"publish","type":"post","link":"https:\/\/www.boxrepsol.com\/es\/motogp\/el-equipo-repsol-honda-inicia-la-segunda-mitad-del-mundial-con-marc-marquez-en-cabeza\/","title":{"rendered":"El equipo Repsol Honda inicia la segunda mitad del Mundial con Marc M\u00e1rquez en cabeza"},"content":{"rendered":"<blockquote>\n<p>\u00b7@marcmarquez93: \u00abTengo muchas ganas de subirme a mi MotoGP y rodar de nuevo en Austria\u00bb <\/p>\n<p>            <a href=\"#\"><br \/>\n            twittear        <\/a>\n        <\/p><\/blockquote>\n<p>Tras casi un mes de par\u00f3n y despu\u00e9s de superar las nueve primeras carreras, el Mundial de MotoGP inicia la intensa segunda mitad de la temporada en el Gran Premio de Austria, que regresa al calendario tras estar ausente desde 1997. Los pilotos del equipo Repsol Honda afrontan la prueba en Spielberg con Marc M\u00e1rquez al frente del Mundial con 170 puntos, 48 m\u00e1s que el segundo clasificado; mientras su compa\u00f1ero de equipo, Dani Pedrosa, llega cuarto del Mundial con 96 puntos.<\/p>\n<p><strong>Marc M\u00e1rquez<\/strong><\/p>\n<p>\u00abLas vacaciones han ido realmente bien, porque empezamos el par\u00f3n de verano sabiendo que hab\u00edamos trabajado lo mejor posible con el equipo y con Honda durante la primera mitad de la temporada. Tuve algunos d\u00edas libres, para descansar y relajarme con mis amigos en la playa. De todas formas, estamos a punto de empezar la segunda mitad de una temporada que va a ser fren\u00e9tica y todo un reto. Va a exigir toda nuestra concentraci\u00f3n y mucho trabajo duro, por lo que me he preparado entrenando en bici y supermotard.<\/p>\n<p>Tengo muchas ganas de subirme a mi MotoGP y rodar de nuevo en Austria. He tenido la oportunidad de pilotar en este incre\u00edble trazado en dos ocasiones, aunque no he podido hacerlo con mi moto de competici\u00f3n y, por supuesto, no pude apretar tanto como me hubiera gustado. Es un circuito para disfrutar; algunos puntos me recuerdan a Austin, donde tienes que frenar muy fuerte, parar la moto y girar, pero luego viene la \u00faltima zona, que es m\u00e1s r\u00e1pida. Me parece un buen trazado para el Mundial, tengo muchas ganas de pilotar all\u00ed con mi moto.<\/p>\n<p>Cuando te planteas un fin de semana en un trazado nuevo, todo es diferente y tienes que intentar adaptarte lo antes posible. Adem\u00e1s, tambi\u00e9n estoy orgulloso de poder contar con mi club de fans junto con los aficionados austr\u00edacos. Estoy seguro de que tendremos un gran fin de semana y, con suerte, un tiempo soleado\u00bb.<\/p>\n<p><strong>Dani Pedrosa<\/strong><\/p>\n<p>\u00abPoder pasar unos d\u00edas de vacaciones con mis amigos ha sido fant\u00e1stico, pero es el momento de concentrarse de nuevo en el trabajo. Fuimos al circuito de Spielberg para hacer una filmaci\u00f3n el pasado mes de junio y pudimos dar unas cuantas vueltas con la Honda RC213V-S, que es una moto r\u00e1pida e incre\u00edble. El circuito est\u00e1 en medio del bosque, en un sitio precioso. Es corto, pero a su vez interesante, porque el ancho cambia mucho y hay partes muy abiertas y otras m\u00e1s estrechas. Dir\u00eda que lo m\u00e1s dif\u00edcil es que solo hay una trazada y eso hace que sea complicado que haya adelantamientos.<\/p>\n<p>De todos modos, hay dos o tres puntos de frenada fuerte y all\u00ed se puede adelantar, porque la pista es m\u00e1s ancha. Tiene m\u00e1s curvas de derechas que de izquierdas, y sobre todo alg\u00fan tramo muy enlazado, con solo dos frenadas fuertes. Es bonito ver c\u00f3mo subes la monta\u00f1a para luego bajarla. Ser\u00e1 interesante rodar en un circuito nuevo y comprobar c\u00f3mo funciona nuestra moto. Espero que podamos hacer un buen trabajo y completar un gran fin de semana\u00bb<\/p>\n","protected":false},"excerpt":{"rendered":"<p>Marc M\u00e1rquez y Dani Pedrosa vuelven a competir este fin de semana tras el par\u00f3n estival y lo har\u00e1n en el Gran Premio de Austria, que reaparece en el calendario tras 18 a\u00f1os de ausencia.<\/p>\n","protected":false},"author":43146,"featured_media":85717,"comment_status":"open","ping_status":"open","sticky":false,"template":"","format":"standard","meta":{"footnotes":""},"categories":[4],"tags":[145],"class_list":["post-89872","post","type-post","status-publish","format-standard","hentry","category-motogp","tag-motogp-austria"],"yoast_head":"<!-- This site is optimized with the Yoast SEO plugin v27.3 - https:\/\/yoast.com\/product\/yoast-seo-wordpress\/ -->\n<title>El equipo Repsol Honda inicia la segunda mitad del Mundial con Marc M\u00e1rquez en cabeza - Box Repsol<\/title>\n<meta name=\"description\" content=\"Marc M\u00e1rquez y Dani Pedrosa vuelven a competir este fin de semana tras el par\u00f3n estival y lo har\u00e1n en el Gran Premio de Austria...\" \/>\n<link rel=\"canonical\" href=\"https:\/\/www.boxrepsol.com\/es\/motogp\/el-equipo-repsol-honda-inicia-la-segunda-mitad-del-mundial-con-marc-marquez-en-cabeza\/\" \/>\n<meta property=\"og:locale\" content=\"es_ES\" \/>\n<meta property=\"og:type\" content=\"article\" \/>\n<meta property=\"og:title\" content=\"El equipo Repsol Honda inicia la segunda mitad del Mundial con Marc M\u00e1rquez en cabeza - Box Repsol\" \/>\n<meta property=\"og:description\" content=\"Marc M\u00e1rquez y Dani Pedrosa vuelven a competir este fin de semana tras el par\u00f3n estival y lo har\u00e1n en el Gran Premio de Austria...\" \/>\n<meta property=\"og:url\" content=\"https:\/\/www.boxrepsol.com\/es\/motogp\/el-equipo-repsol-honda-inicia-la-segunda-mitad-del-mundial-con-marc-marquez-en-cabeza\/\" \/>\n<meta property=\"og:site_name\" content=\"Box Repsol\" \/>\n<meta property=\"article:publisher\" content=\"https:\/\/www.facebook.com\/BoxRepsol\" \/>\n<meta property=\"article:author\" content=\"https:\/\/www.facebook.com\/BoxRepsol\/\" \/>\n<meta property=\"article:published_time\" content=\"2016-08-09T02:00:00+00:00\" \/>\n<meta property=\"article:modified_time\" content=\"2024-05-07T08:56:43+00:00\" \/>\n<meta property=\"og:image\" content=\"https:\/\/www.boxrepsol.com\/wp-content\/uploads\/2022\/08\/10-marc-marquez-repsol-honda-93-motogp.jpg\" \/>\n\t<meta property=\"og:image:width\" content=\"1024\" \/>\n\t<meta property=\"og:image:height\" content=\"429\" \/>\n\t<meta property=\"og:image:type\" content=\"image\/jpeg\" \/>\n<meta name=\"author\" content=\"Redacci\u00f3n Box Repsol\" \/>\n<meta name=\"twitter:card\" content=\"summary_large_image\" \/>\n<meta name=\"twitter:creator\" content=\"@https:\/\/twitter.com\/box_repsol\" \/>\n<meta name=\"twitter:site\" content=\"@box_repsol\" \/>\n<meta name=\"twitter:label1\" content=\"Written by\" \/>\n\t<meta name=\"twitter:data1\" content=\"Redacci\u00f3n Box Repsol\" \/>\n\t<meta name=\"twitter:label2\" content=\"Est. reading time\" \/>\n\t<meta name=\"twitter:data2\" content=\"3 minutos\" \/>\n<script type=\"application\/ld+json\" class=\"yoast-schema-graph\">{\"@context\":\"https:\\\/\\\/schema.org\",\"@graph\":[{\"@type\":\"Article\",\"@id\":\"https:\\\/\\\/www.boxrepsol.com\\\/es\\\/motogp\\\/el-equipo-repsol-honda-inicia-la-segunda-mitad-del-mundial-con-marc-marquez-en-cabeza\\\/#article\",\"isPartOf\":{\"@id\":\"https:\\\/\\\/www.boxrepsol.com\\\/es\\\/motogp\\\/el-equipo-repsol-honda-inicia-la-segunda-mitad-del-mundial-con-marc-marquez-en-cabeza\\\/\"},\"author\":{\"name\":\"Redacci\u00f3n Box Repsol\",\"@id\":\"https:\\\/\\\/www.boxrepsol.com\\\/es\\\/#\\\/schema\\\/person\\\/c5c2138f2cca251b0ad92b7086bb60b7\"},\"headline\":\"El equipo Repsol Honda inicia la segunda mitad del Mundial con Marc M\u00e1rquez en cabeza\",\"datePublished\":\"2016-08-09T02:00:00+00:00\",\"dateModified\":\"2024-05-07T08:56:43+00:00\",\"mainEntityOfPage\":{\"@id\":\"https:\\\/\\\/www.boxrepsol.com\\\/es\\\/motogp\\\/el-equipo-repsol-honda-inicia-la-segunda-mitad-del-mundial-con-marc-marquez-en-cabeza\\\/\"},\"wordCount\":575,\"commentCount\":0,\"publisher\":{\"@id\":\"https:\\\/\\\/www.boxrepsol.com\\\/es\\\/#organization\"},\"image\":{\"@id\":\"https:\\\/\\\/www.boxrepsol.com\\\/es\\\/motogp\\\/el-equipo-repsol-honda-inicia-la-segunda-mitad-del-mundial-con-marc-marquez-en-cabeza\\\/#primaryimage\"},\"thumbnailUrl\":\"https:\\\/\\\/www.boxrepsol.com\\\/wp-content\\\/uploads\\\/2022\\\/08\\\/10-marc-marquez-repsol-honda-93-motogp.jpg\",\"keywords\":[\"MotoGP Austria\"],\"articleSection\":[\"MotoGP\"],\"inLanguage\":\"es\",\"potentialAction\":[{\"@type\":\"CommentAction\",\"name\":\"Comment\",\"target\":[\"https:\\\/\\\/www.boxrepsol.com\\\/es\\\/motogp\\\/el-equipo-repsol-honda-inicia-la-segunda-mitad-del-mundial-con-marc-marquez-en-cabeza\\\/#respond\"]}]},{\"@type\":\"WebPage\",\"@id\":\"https:\\\/\\\/www.boxrepsol.com\\\/es\\\/motogp\\\/el-equipo-repsol-honda-inicia-la-segunda-mitad-del-mundial-con-marc-marquez-en-cabeza\\\/\",\"url\":\"https:\\\/\\\/www.boxrepsol.com\\\/es\\\/motogp\\\/el-equipo-repsol-honda-inicia-la-segunda-mitad-del-mundial-con-marc-marquez-en-cabeza\\\/\",\"name\":\"El equipo Repsol Honda inicia la segunda mitad del Mundial con Marc M\u00e1rquez en cabeza - Box Repsol\",\"isPartOf\":{\"@id\":\"https:\\\/\\\/www.boxrepsol.com\\\/es\\\/#website\"},\"primaryImageOfPage\":{\"@id\":\"https:\\\/\\\/www.boxrepsol.com\\\/es\\\/motogp\\\/el-equipo-repsol-honda-inicia-la-segunda-mitad-del-mundial-con-marc-marquez-en-cabeza\\\/#primaryimage\"},\"image\":{\"@id\":\"https:\\\/\\\/www.boxrepsol.com\\\/es\\\/motogp\\\/el-equipo-repsol-honda-inicia-la-segunda-mitad-del-mundial-con-marc-marquez-en-cabeza\\\/#primaryimage\"},\"thumbnailUrl\":\"https:\\\/\\\/www.boxrepsol.com\\\/wp-content\\\/uploads\\\/2022\\\/08\\\/10-marc-marquez-repsol-honda-93-motogp.jpg\",\"datePublished\":\"2016-08-09T02:00:00+00:00\",\"dateModified\":\"2024-05-07T08:56:43+00:00\",\"description\":\"Marc M\u00e1rquez y Dani Pedrosa vuelven a competir este fin de semana tras el par\u00f3n estival y lo har\u00e1n en el Gran Premio de Austria...\",\"breadcrumb\":{\"@id\":\"https:\\\/\\\/www.boxrepsol.com\\\/es\\\/motogp\\\/el-equipo-repsol-honda-inicia-la-segunda-mitad-del-mundial-con-marc-marquez-en-cabeza\\\/#breadcrumb\"},\"inLanguage\":\"es\",\"potentialAction\":[{\"@type\":\"ReadAction\",\"target\":[\"https:\\\/\\\/www.boxrepsol.com\\\/es\\\/motogp\\\/el-equipo-repsol-honda-inicia-la-segunda-mitad-del-mundial-con-marc-marquez-en-cabeza\\\/\"]}]},{\"@type\":\"ImageObject\",\"inLanguage\":\"es\",\"@id\":\"https:\\\/\\\/www.boxrepsol.com\\\/es\\\/motogp\\\/el-equipo-repsol-honda-inicia-la-segunda-mitad-del-mundial-con-marc-marquez-en-cabeza\\\/#primaryimage\",\"url\":\"https:\\\/\\\/www.boxrepsol.com\\\/wp-content\\\/uploads\\\/2022\\\/08\\\/10-marc-marquez-repsol-honda-93-motogp.jpg\",\"contentUrl\":\"https:\\\/\\\/www.boxrepsol.com\\\/wp-content\\\/uploads\\\/2022\\\/08\\\/10-marc-marquez-repsol-honda-93-motogp.jpg\",\"width\":1024,\"height\":429,\"caption\":\"Marc M\u00e1rquez saludando despu\u00e9s de una carrera\"},{\"@type\":\"BreadcrumbList\",\"@id\":\"https:\\\/\\\/www.boxrepsol.com\\\/es\\\/motogp\\\/el-equipo-repsol-honda-inicia-la-segunda-mitad-del-mundial-con-marc-marquez-en-cabeza\\\/#breadcrumb\",\"itemListElement\":[{\"@type\":\"ListItem\",\"position\":1,\"name\":\"Home\",\"item\":\"https:\\\/\\\/www.boxrepsol.com\\\/es\\\/\"},{\"@type\":\"ListItem\",\"position\":2,\"name\":\"El equipo Repsol Honda inicia la segunda mitad del Mundial con Marc M\u00e1rquez en cabeza\"}]},{\"@type\":\"WebSite\",\"@id\":\"https:\\\/\\\/www.boxrepsol.com\\\/es\\\/#website\",\"url\":\"https:\\\/\\\/www.boxrepsol.com\\\/es\\\/\",\"name\":\"Box Repsol\",\"description\":\"Box Repsol Site\",\"publisher\":{\"@id\":\"https:\\\/\\\/www.boxrepsol.com\\\/es\\\/#organization\"},\"potentialAction\":[{\"@type\":\"SearchAction\",\"target\":{\"@type\":\"EntryPoint\",\"urlTemplate\":\"https:\\\/\\\/www.boxrepsol.com\\\/es\\\/?s={search_term_string}\"},\"query-input\":{\"@type\":\"PropertyValueSpecification\",\"valueRequired\":true,\"valueName\":\"search_term_string\"}}],\"inLanguage\":\"es\"},{\"@type\":\"Organization\",\"@id\":\"https:\\\/\\\/www.boxrepsol.com\\\/es\\\/#organization\",\"name\":\"Box Repsol\",\"url\":\"https:\\\/\\\/www.boxrepsol.com\\\/es\\\/\",\"logo\":{\"@type\":\"ImageObject\",\"inLanguage\":\"es\",\"@id\":\"https:\\\/\\\/www.boxrepsol.com\\\/es\\\/#\\\/schema\\\/logo\\\/image\\\/\",\"url\":\"https:\\\/\\\/bxrepsol.s3.eu-west-1.amazonaws.com\\\/static\\\/2025\\\/07\\\/30083337\\\/favicon-96x96-1.png\",\"contentUrl\":\"https:\\\/\\\/bxrepsol.s3.eu-west-1.amazonaws.com\\\/static\\\/2025\\\/07\\\/30083337\\\/favicon-96x96-1.png\",\"width\":96,\"height\":96,\"caption\":\"Box Repsol\"},\"image\":{\"@id\":\"https:\\\/\\\/www.boxrepsol.com\\\/es\\\/#\\\/schema\\\/logo\\\/image\\\/\"},\"sameAs\":[\"https:\\\/\\\/www.facebook.com\\\/BoxRepsol\",\"https:\\\/\\\/x.com\\\/box_repsol\",\"http:\\\/\\\/instagram.com\\\/box_repsol\",\"https:\\\/\\\/www.youtube.com\\\/user\\\/RepsolCompeticion\",\"https:\\\/\\\/www.flickr.com\\\/photos\\\/box_repsol\\\/\"]},{\"@type\":\"Person\",\"@id\":\"https:\\\/\\\/www.boxrepsol.com\\\/es\\\/#\\\/schema\\\/person\\\/c5c2138f2cca251b0ad92b7086bb60b7\",\"name\":\"Redacci\u00f3n Box Repsol\",\"image\":{\"@type\":\"ImageObject\",\"inLanguage\":\"es\",\"@id\":\"https:\\\/\\\/secure.gravatar.com\\\/avatar\\\/adf7b77e38b4419baf32c7e9c21dde01f4e40df611f0978e3006fc4ba0aaab7e?s=96&d=mm&r=g\",\"url\":\"https:\\\/\\\/secure.gravatar.com\\\/avatar\\\/adf7b77e38b4419baf32c7e9c21dde01f4e40df611f0978e3006fc4ba0aaab7e?s=96&d=mm&r=g\",\"contentUrl\":\"https:\\\/\\\/secure.gravatar.com\\\/avatar\\\/adf7b77e38b4419baf32c7e9c21dde01f4e40df611f0978e3006fc4ba0aaab7e?s=96&d=mm&r=g\",\"caption\":\"Redacci\u00f3n Box Repsol\"},\"description\":\"Box Repsol lo forma un equipo de periodistas, community managers, dise\u00f1adores y fot\u00f3grafos con m\u00e1s de 20 a\u00f1os de experiencia en el mundo del motorsport. Hemos vivido el primer mundial de un espa\u00f1ol en la categor\u00eda reina de motociclismo con \u00c1lex Crivill\u00e9, estuvimos en las victorias de Pedrosa y los t\u00edtulos de M\u00e1rquez, acompa\u00f1amos en \u00c1frica a Nani Roma y Marc Coma en sus conquistas del Dakar y hemos vibrado con los t\u00edtulos de Toni Bou en Trial. Adem\u00e1s, en nuestro equipo contamos con expertos en el mundo de las dos y cuatro ruedas tanto de la calle y las carreteras, como de los circuitos. Periodistas que han trabajado en revistas y publicaciones para hacerte llegar desde rutas y consejos de mantenimiento, a curiosidades y trucos de pilotaje.\",\"sameAs\":[\"https:\\\/\\\/www.facebook.com\\\/BoxRepsol\\\/\",\"https:\\\/\\\/www.instagram.com\\\/box_repsol\\\/\",\"https:\\\/\\\/x.com\\\/https:\\\/\\\/twitter.com\\\/box_repsol\",\"https:\\\/\\\/www.youtube.com\\\/@Boxrepsol\"],\"url\":\"https:\\\/\\\/www.boxrepsol.com\\\/es\\\/author\\\/redaccion-box-repsol\\\/\"}]}<\/script>\n<!-- \/ Yoast SEO plugin. -->","yoast_head_json":{"title":"El equipo Repsol Honda inicia la segunda mitad del Mundial con Marc M\u00e1rquez en cabeza - Box Repsol","description":"Marc M\u00e1rquez y Dani Pedrosa vuelven a competir este fin de semana tras el par\u00f3n estival y lo har\u00e1n en el Gran Premio de Austria...","canonical":"https:\/\/www.boxrepsol.com\/es\/motogp\/el-equipo-repsol-honda-inicia-la-segunda-mitad-del-mundial-con-marc-marquez-en-cabeza\/","og_locale":"es_ES","og_type":"article","og_title":"El equipo Repsol Honda inicia la segunda mitad del Mundial con Marc M\u00e1rquez en cabeza - Box Repsol","og_description":"Marc M\u00e1rquez y Dani Pedrosa vuelven a competir este fin de semana tras el par\u00f3n estival y lo har\u00e1n en el Gran Premio de Austria...","og_url":"https:\/\/www.boxrepsol.com\/es\/motogp\/el-equipo-repsol-honda-inicia-la-segunda-mitad-del-mundial-con-marc-marquez-en-cabeza\/","og_site_name":"Box Repsol","article_publisher":"https:\/\/www.facebook.com\/BoxRepsol","article_author":"https:\/\/www.facebook.com\/BoxRepsol\/","article_published_time":"2016-08-09T02:00:00+00:00","article_modified_time":"2024-05-07T08:56:43+00:00","og_image":[{"width":1024,"height":429,"url":"https:\/\/www.boxrepsol.com\/wp-content\/uploads\/2022\/08\/10-marc-marquez-repsol-honda-93-motogp.jpg","type":"image\/jpeg"}],"author":"Redacci\u00f3n Box Repsol","twitter_card":"summary_large_image","twitter_creator":"@https:\/\/twitter.com\/box_repsol","twitter_site":"@box_repsol","twitter_misc":{"Written by":"Redacci\u00f3n Box Repsol","Est. reading time":"3 minutos"},"schema":{"@context":"https:\/\/schema.org","@graph":[{"@type":"Article","@id":"https:\/\/www.boxrepsol.com\/es\/motogp\/el-equipo-repsol-honda-inicia-la-segunda-mitad-del-mundial-con-marc-marquez-en-cabeza\/#article","isPartOf":{"@id":"https:\/\/www.boxrepsol.com\/es\/motogp\/el-equipo-repsol-honda-inicia-la-segunda-mitad-del-mundial-con-marc-marquez-en-cabeza\/"},"author":{"name":"Redacci\u00f3n Box Repsol","@id":"https:\/\/www.boxrepsol.com\/es\/#\/schema\/person\/c5c2138f2cca251b0ad92b7086bb60b7"},"headline":"El equipo Repsol Honda inicia la segunda mitad del Mundial con Marc M\u00e1rquez en cabeza","datePublished":"2016-08-09T02:00:00+00:00","dateModified":"2024-05-07T08:56:43+00:00","mainEntityOfPage":{"@id":"https:\/\/www.boxrepsol.com\/es\/motogp\/el-equipo-repsol-honda-inicia-la-segunda-mitad-del-mundial-con-marc-marquez-en-cabeza\/"},"wordCount":575,"commentCount":0,"publisher":{"@id":"https:\/\/www.boxrepsol.com\/es\/#organization"},"image":{"@id":"https:\/\/www.boxrepsol.com\/es\/motogp\/el-equipo-repsol-honda-inicia-la-segunda-mitad-del-mundial-con-marc-marquez-en-cabeza\/#primaryimage"},"thumbnailUrl":"https:\/\/www.boxrepsol.com\/wp-content\/uploads\/2022\/08\/10-marc-marquez-repsol-honda-93-motogp.jpg","keywords":["MotoGP Austria"],"articleSection":["MotoGP"],"inLanguage":"es","potentialAction":[{"@type":"CommentAction","name":"Comment","target":["https:\/\/www.boxrepsol.com\/es\/motogp\/el-equipo-repsol-honda-inicia-la-segunda-mitad-del-mundial-con-marc-marquez-en-cabeza\/#respond"]}]},{"@type":"WebPage","@id":"https:\/\/www.boxrepsol.com\/es\/motogp\/el-equipo-repsol-honda-inicia-la-segunda-mitad-del-mundial-con-marc-marquez-en-cabeza\/","url":"https:\/\/www.boxrepsol.com\/es\/motogp\/el-equipo-repsol-honda-inicia-la-segunda-mitad-del-mundial-con-marc-marquez-en-cabeza\/","name":"El equipo Repsol Honda inicia la segunda mitad del Mundial con Marc M\u00e1rquez en cabeza - Box Repsol","isPartOf":{"@id":"https:\/\/www.boxrepsol.com\/es\/#website"},"primaryImageOfPage":{"@id":"https:\/\/www.boxrepsol.com\/es\/motogp\/el-equipo-repsol-honda-inicia-la-segunda-mitad-del-mundial-con-marc-marquez-en-cabeza\/#primaryimage"},"image":{"@id":"https:\/\/www.boxrepsol.com\/es\/motogp\/el-equipo-repsol-honda-inicia-la-segunda-mitad-del-mundial-con-marc-marquez-en-cabeza\/#primaryimage"},"thumbnailUrl":"https:\/\/www.boxrepsol.com\/wp-content\/uploads\/2022\/08\/10-marc-marquez-repsol-honda-93-motogp.jpg","datePublished":"2016-08-09T02:00:00+00:00","dateModified":"2024-05-07T08:56:43+00:00","description":"Marc M\u00e1rquez y Dani Pedrosa vuelven a competir este fin de semana tras el par\u00f3n estival y lo har\u00e1n en el Gran Premio de Austria...","breadcrumb":{"@id":"https:\/\/www.boxrepsol.com\/es\/motogp\/el-equipo-repsol-honda-inicia-la-segunda-mitad-del-mundial-con-marc-marquez-en-cabeza\/#breadcrumb"},"inLanguage":"es","potentialAction":[{"@type":"ReadAction","target":["https:\/\/www.boxrepsol.com\/es\/motogp\/el-equipo-repsol-honda-inicia-la-segunda-mitad-del-mundial-con-marc-marquez-en-cabeza\/"]}]},{"@type":"ImageObject","inLanguage":"es","@id":"https:\/\/www.boxrepsol.com\/es\/motogp\/el-equipo-repsol-honda-inicia-la-segunda-mitad-del-mundial-con-marc-marquez-en-cabeza\/#primaryimage","url":"https:\/\/www.boxrepsol.com\/wp-content\/uploads\/2022\/08\/10-marc-marquez-repsol-honda-93-motogp.jpg","contentUrl":"https:\/\/www.boxrepsol.com\/wp-content\/uploads\/2022\/08\/10-marc-marquez-repsol-honda-93-motogp.jpg","width":1024,"height":429,"caption":"Marc M\u00e1rquez saludando despu\u00e9s de una carrera"},{"@type":"BreadcrumbList","@id":"https:\/\/www.boxrepsol.com\/es\/motogp\/el-equipo-repsol-honda-inicia-la-segunda-mitad-del-mundial-con-marc-marquez-en-cabeza\/#breadcrumb","itemListElement":[{"@type":"ListItem","position":1,"name":"Home","item":"https:\/\/www.boxrepsol.com\/es\/"},{"@type":"ListItem","position":2,"name":"El equipo Repsol Honda inicia la segunda mitad del Mundial con Marc M\u00e1rquez en cabeza"}]},{"@type":"WebSite","@id":"https:\/\/www.boxrepsol.com\/es\/#website","url":"https:\/\/www.boxrepsol.com\/es\/","name":"Box Repsol","description":"Box Repsol Site","publisher":{"@id":"https:\/\/www.boxrepsol.com\/es\/#organization"},"potentialAction":[{"@type":"SearchAction","target":{"@type":"EntryPoint","urlTemplate":"https:\/\/www.boxrepsol.com\/es\/?s={search_term_string}"},"query-input":{"@type":"PropertyValueSpecification","valueRequired":true,"valueName":"search_term_string"}}],"inLanguage":"es"},{"@type":"Organization","@id":"https:\/\/www.boxrepsol.com\/es\/#organization","name":"Box Repsol","url":"https:\/\/www.boxrepsol.com\/es\/","logo":{"@type":"ImageObject","inLanguage":"es","@id":"https:\/\/www.boxrepsol.com\/es\/#\/schema\/logo\/image\/","url":"https:\/\/bxrepsol.s3.eu-west-1.amazonaws.com\/static\/2025\/07\/30083337\/favicon-96x96-1.png","contentUrl":"https:\/\/bxrepsol.s3.eu-west-1.amazonaws.com\/static\/2025\/07\/30083337\/favicon-96x96-1.png","width":96,"height":96,"caption":"Box Repsol"},"image":{"@id":"https:\/\/www.boxrepsol.com\/es\/#\/schema\/logo\/image\/"},"sameAs":["https:\/\/www.facebook.com\/BoxRepsol","https:\/\/x.com\/box_repsol","http:\/\/instagram.com\/box_repsol","https:\/\/www.youtube.com\/user\/RepsolCompeticion","https:\/\/www.flickr.com\/photos\/box_repsol\/"]},{"@type":"Person","@id":"https:\/\/www.boxrepsol.com\/es\/#\/schema\/person\/c5c2138f2cca251b0ad92b7086bb60b7","name":"Redacci\u00f3n Box Repsol","image":{"@type":"ImageObject","inLanguage":"es","@id":"https:\/\/secure.gravatar.com\/avatar\/adf7b77e38b4419baf32c7e9c21dde01f4e40df611f0978e3006fc4ba0aaab7e?s=96&d=mm&r=g","url":"https:\/\/secure.gravatar.com\/avatar\/adf7b77e38b4419baf32c7e9c21dde01f4e40df611f0978e3006fc4ba0aaab7e?s=96&d=mm&r=g","contentUrl":"https:\/\/secure.gravatar.com\/avatar\/adf7b77e38b4419baf32c7e9c21dde01f4e40df611f0978e3006fc4ba0aaab7e?s=96&d=mm&r=g","caption":"Redacci\u00f3n Box Repsol"},"description":"Box Repsol lo forma un equipo de periodistas, community managers, dise\u00f1adores y fot\u00f3grafos con m\u00e1s de 20 a\u00f1os de experiencia en el mundo del motorsport. Hemos vivido el primer mundial de un espa\u00f1ol en la categor\u00eda reina de motociclismo con \u00c1lex Crivill\u00e9, estuvimos en las victorias de Pedrosa y los t\u00edtulos de M\u00e1rquez, acompa\u00f1amos en \u00c1frica a Nani Roma y Marc Coma en sus conquistas del Dakar y hemos vibrado con los t\u00edtulos de Toni Bou en Trial. Adem\u00e1s, en nuestro equipo contamos con expertos en el mundo de las dos y cuatro ruedas tanto de la calle y las carreteras, como de los circuitos. Periodistas que han trabajado en revistas y publicaciones para hacerte llegar desde rutas y consejos de mantenimiento, a curiosidades y trucos de pilotaje.","sameAs":["https:\/\/www.facebook.com\/BoxRepsol\/","https:\/\/www.instagram.com\/box_repsol\/","https:\/\/x.com\/https:\/\/twitter.com\/box_repsol","https:\/\/www.youtube.com\/@Boxrepsol"],"url":"https:\/\/www.boxrepsol.com\/es\/author\/redaccion-box-repsol\/"}]}},"_links":{"self":[{"href":"https:\/\/www.boxrepsol.com\/es\/wp-json\/wp\/v2\/posts\/89872","targetHints":{"allow":["GET"]}}],"collection":[{"href":"https:\/\/www.boxrepsol.com\/es\/wp-json\/wp\/v2\/posts"}],"about":[{"href":"https:\/\/www.boxrepsol.com\/es\/wp-json\/wp\/v2\/types\/post"}],"author":[{"embeddable":true,"href":"https:\/\/www.boxrepsol.com\/es\/wp-json\/wp\/v2\/users\/43146"}],"replies":[{"embeddable":true,"href":"https:\/\/www.boxrepsol.com\/es\/wp-json\/wp\/v2\/comments?post=89872"}],"version-history":[{"count":1,"href":"https:\/\/www.boxrepsol.com\/es\/wp-json\/wp\/v2\/posts\/89872\/revisions"}],"predecessor-version":[{"id":115883,"href":"https:\/\/www.boxrepsol.com\/es\/wp-json\/wp\/v2\/posts\/89872\/revisions\/115883"}],"wp:featuredmedia":[{"embeddable":true,"href":"https:\/\/www.boxrepsol.com\/es\/wp-json\/wp\/v2\/media\/85717"}],"wp:attachment":[{"href":"https:\/\/www.boxrepsol.com\/es\/wp-json\/wp\/v2\/media?parent=89872"}],"wp:term":[{"taxonomy":"category","embeddable":true,"href":"https:\/\/www.boxrepsol.com\/es\/wp-json\/wp\/v2\/categories?post=89872"},{"taxonomy":"post_tag","embeddable":true,"href":"https:\/\/www.boxrepsol.com\/es\/wp-json\/wp\/v2\/tags?post=89872"}],"curies":[{"name":"wp","href":"https:\/\/api.w.org\/{rel}","templated":true}]}}