{"id":89870,"date":"2016-08-13T00:00:00","date_gmt":"2016-08-13T02:00:00","guid":{"rendered":"http:\/\/pre.boxrepsol.com\/sin-categorizar\/meritoria-segunda-fila-de-marquez-en-austria\/"},"modified":"2024-05-07T06:56:26","modified_gmt":"2024-05-07T08:56:26","slug":"meritoria-segunda-fila-de-marquez-en-austria","status":"publish","type":"post","link":"https:\/\/www.boxrepsol.com\/es\/motogp\/meritoria-segunda-fila-de-marquez-en-austria\/","title":{"rendered":"Meritoria segunda fila de M\u00e1rquez en Austria"},"content":{"rendered":"<blockquote><p>\u00b7@marcmarquez93: \u00abTodo ha quedado en un susto y creo que la quinta posici\u00f3n es buena\u00bb<\/p>\n<p><a href=\"http:\/\/twitter.com\/share?text=%C2%B7%40marcmarquez93%3A+%22Todo+ha+quedado+en+un+susto+y+creo+que+la+quinta+posici%C3%B3n+es+buena%22&amp;url=http%3A%2F%2F34.249.211.158%2Fes%2Fmotogp%2Fmeritoria-segunda-fila-de-marquez-en-austria%2F&amp;hashtags=\" target=\"_blank\" rel=\"noopener noreferrer\"><br \/>\ntwittear <\/a><\/p><\/blockquote>\n<p>Marc M\u00e1rquez ha protagonizado el susto del d\u00eda en la segunda jornada de entrenamientos del Gran Premio de Austria, con una ca\u00edda en la sesi\u00f3n libre matinal, en la que se ha golpeado con fuerza el hombro izquierdo. Tras una primera revisi\u00f3n por los m\u00e9dicos de la organizaci\u00f3n, el piloto del equipo Repsol Honda ha sido trasladado al cercano hospital de Leoben, donde nuevas pruebas han descartado lesiones de importancia. A pesar de una subluxaci\u00f3n en su hombro izquierdo, M\u00e1rquez ha podido salir en el FP4, donde ha terminado cuarto, y en la Q2, en la que ha parado el crono en 1 minuto, 23 segundos y 475 mil\u00e9simas, registro que ma\u00f1ana le permitir\u00e1 salir desde la segunda fila con el quinto mejor tiempo.<\/p>\n<p>En el otro lado del box, Pedrosa sigue recuperando sensaciones en el trazado de Spielberg. D\u00e9cimo en el FP3, ha repetido posici\u00f3n en el FP4 y en su \u00faltima vuelta de la sesi\u00f3n oficial, ha marcado un tiempo de 1 minuto, 24 segundos y 263 mil\u00e9simas, duod\u00e9cimo de la clasificaci\u00f3n para la parrilla de salida de ma\u00f1ana.<\/p>\n<p><img decoding=\"async\" src=\"https:\/\/bxrepsol.s3.eu-west-1.amazonaws.com\/static\/2022\/08\/29044759\/09-26-dani-pedrosa-repsol-honda-motogp.jpg\" alt=\"10 Austria 11, 12, 13 y 14 de agosto de 2016; circuito de RedBull Ring, Spielberg; MotoGP; Mgp; mgp; motogp\" \/><\/p>\n<h3><strong>Marc M\u00e1rquez 5\u00ba 1.23.475 <\/strong><\/h3>\n<p><em>\u00abHa sido un d\u00eda complicado, porque hemos empezado la sesi\u00f3n matinal con una ca\u00edda debida a un error m\u00edo. He frenado demasiado tarde y me he ido largo en la curva 3, con el riesgo de tocarme con Dani, que estaba delante por fuera de la trazada. Para esquivarle, me he ca\u00eddo y me he dislocado el hombro izquierdo. Hemos decidido, junto al doctor, ir al hospital a comprobar que todo estuviera bien. Por suerte todo ha quedado en un susto y por la tarde, a pesar de estar magullado, he podido salir a rodar y creo que la quinta posici\u00f3n es buena. El objetivo era estar cerca del podio y lo hemos conseguido. Ma\u00f1ana intentaremos estar cerca de las dos Yamaha, sabiendo que las Ducati, hasta ahora, est\u00e1n rodando m\u00e1s r\u00e1pido. Daremos lo m\u00e1ximo de nosotros mismos, como siempre\u00bb<\/em><\/p>\n<h3><strong>Dani Pedrosa 12\u00ba 1.24.263 <\/strong><\/h3>\n<p><em>\u00abHoy, con m\u00e1s temperatura, hemos podido dar un paso adelante respecto la jornada de ayer y he rebajado mi crono en dos segundos, aunque ha sido una pena no poder llegar al 1:23. Pese a que esperaba un mejor resultado, intentaremos concentrarnos al m\u00e1ximo, ganar toda la confianza posible y ser positivos. Nos hemos reunido con el equipo para buscar soluciones de cara a la carrera; nuestra intenci\u00f3n es salir a darlo todo y coger referencias que nos sirvan para avanzar en las siguientes pruebas. Queremos mejorar esta din\u00e1mica cuanto antes; el piloto es el que m\u00e1s puede aportar y por eso quiero hacerlo lo mejor posible\u00bb.<\/em><\/p>\n","protected":false},"excerpt":{"rendered":"<p>El l\u00edder del Mundial se sobrepone a una fuerte ca\u00edda en el FP3 y partir\u00e1 ma\u00f1ana desde la quinta posici\u00f3n. Dani Pedrosa mejora sus sensaciones y saldr\u00e1 desde la cuarta fila, duod\u00e9cimo.<\/p>\n","protected":false},"author":43146,"featured_media":85714,"comment_status":"open","ping_status":"open","sticky":false,"template":"","format":"standard","meta":{"footnotes":""},"categories":[4],"tags":[145],"class_list":["post-89870","post","type-post","status-publish","format-standard","hentry","category-motogp","tag-motogp-austria"],"yoast_head":"<!-- This site is optimized with the Yoast SEO plugin v27.3 - https:\/\/yoast.com\/product\/yoast-seo-wordpress\/ -->\n<title>Meritoria segunda fila de M\u00e1rquez en Austria - Box Repsol<\/title>\n<meta name=\"description\" content=\"El l\u00edder del Mundial se sobrepone a una fuerte ca\u00edda en el FP3 y partir\u00e1 ma\u00f1ana desde la quinta posici\u00f3n. Dani Pedrosa mejora sus sensaciones.\" \/>\n<link rel=\"canonical\" href=\"https:\/\/www.boxrepsol.com\/es\/motogp\/meritoria-segunda-fila-de-marquez-en-austria\/\" \/>\n<meta property=\"og:locale\" content=\"es_ES\" \/>\n<meta property=\"og:type\" content=\"article\" \/>\n<meta property=\"og:title\" content=\"Meritoria segunda fila de M\u00e1rquez en Austria - Box Repsol\" \/>\n<meta property=\"og:description\" content=\"El l\u00edder del Mundial se sobrepone a una fuerte ca\u00edda en el FP3 y partir\u00e1 ma\u00f1ana desde la quinta posici\u00f3n. Dani Pedrosa mejora sus sensaciones.\" \/>\n<meta property=\"og:url\" content=\"https:\/\/www.boxrepsol.com\/es\/motogp\/meritoria-segunda-fila-de-marquez-en-austria\/\" \/>\n<meta property=\"og:site_name\" content=\"Box Repsol\" \/>\n<meta property=\"article:publisher\" content=\"https:\/\/www.facebook.com\/BoxRepsol\" \/>\n<meta property=\"article:author\" content=\"https:\/\/www.facebook.com\/BoxRepsol\/\" \/>\n<meta property=\"article:published_time\" content=\"2016-08-13T02:00:00+00:00\" \/>\n<meta property=\"article:modified_time\" content=\"2024-05-07T08:56:26+00:00\" \/>\n<meta property=\"og:image\" content=\"https:\/\/www.boxrepsol.com\/wp-content\/uploads\/2022\/08\/08-marcmarquez-93-repsol-honda-motogp.jpg\" \/>\n\t<meta property=\"og:image:width\" content=\"984\" \/>\n\t<meta property=\"og:image:height\" content=\"412\" \/>\n\t<meta property=\"og:image:type\" content=\"image\/jpeg\" \/>\n<meta name=\"author\" content=\"Redacci\u00f3n Box Repsol\" \/>\n<meta name=\"twitter:card\" content=\"summary_large_image\" \/>\n<meta name=\"twitter:creator\" content=\"@https:\/\/twitter.com\/box_repsol\" \/>\n<meta name=\"twitter:site\" content=\"@box_repsol\" \/>\n<meta name=\"twitter:label1\" content=\"Written by\" \/>\n\t<meta name=\"twitter:data1\" content=\"Redacci\u00f3n Box Repsol\" \/>\n\t<meta name=\"twitter:label2\" content=\"Est. reading time\" \/>\n\t<meta name=\"twitter:data2\" content=\"2 minutos\" \/>\n<script type=\"application\/ld+json\" class=\"yoast-schema-graph\">{\"@context\":\"https:\\\/\\\/schema.org\",\"@graph\":[{\"@type\":\"Article\",\"@id\":\"https:\\\/\\\/www.boxrepsol.com\\\/es\\\/motogp\\\/meritoria-segunda-fila-de-marquez-en-austria\\\/#article\",\"isPartOf\":{\"@id\":\"https:\\\/\\\/www.boxrepsol.com\\\/es\\\/motogp\\\/meritoria-segunda-fila-de-marquez-en-austria\\\/\"},\"author\":{\"name\":\"Redacci\u00f3n Box Repsol\",\"@id\":\"https:\\\/\\\/www.boxrepsol.com\\\/es\\\/#\\\/schema\\\/person\\\/c5c2138f2cca251b0ad92b7086bb60b7\"},\"headline\":\"Meritoria segunda fila de M\u00e1rquez en Austria\",\"datePublished\":\"2016-08-13T02:00:00+00:00\",\"dateModified\":\"2024-05-07T08:56:26+00:00\",\"mainEntityOfPage\":{\"@id\":\"https:\\\/\\\/www.boxrepsol.com\\\/es\\\/motogp\\\/meritoria-segunda-fila-de-marquez-en-austria\\\/\"},\"wordCount\":484,\"commentCount\":0,\"publisher\":{\"@id\":\"https:\\\/\\\/www.boxrepsol.com\\\/es\\\/#organization\"},\"image\":{\"@id\":\"https:\\\/\\\/www.boxrepsol.com\\\/es\\\/motogp\\\/meritoria-segunda-fila-de-marquez-en-austria\\\/#primaryimage\"},\"thumbnailUrl\":\"https:\\\/\\\/www.boxrepsol.com\\\/wp-content\\\/uploads\\\/2022\\\/08\\\/08-marcmarquez-93-repsol-honda-motogp.jpg\",\"keywords\":[\"MotoGP Austria\"],\"articleSection\":[\"MotoGP\"],\"inLanguage\":\"es\",\"potentialAction\":[{\"@type\":\"CommentAction\",\"name\":\"Comment\",\"target\":[\"https:\\\/\\\/www.boxrepsol.com\\\/es\\\/motogp\\\/meritoria-segunda-fila-de-marquez-en-austria\\\/#respond\"]}]},{\"@type\":\"WebPage\",\"@id\":\"https:\\\/\\\/www.boxrepsol.com\\\/es\\\/motogp\\\/meritoria-segunda-fila-de-marquez-en-austria\\\/\",\"url\":\"https:\\\/\\\/www.boxrepsol.com\\\/es\\\/motogp\\\/meritoria-segunda-fila-de-marquez-en-austria\\\/\",\"name\":\"Meritoria segunda fila de M\u00e1rquez en Austria - Box Repsol\",\"isPartOf\":{\"@id\":\"https:\\\/\\\/www.boxrepsol.com\\\/es\\\/#website\"},\"primaryImageOfPage\":{\"@id\":\"https:\\\/\\\/www.boxrepsol.com\\\/es\\\/motogp\\\/meritoria-segunda-fila-de-marquez-en-austria\\\/#primaryimage\"},\"image\":{\"@id\":\"https:\\\/\\\/www.boxrepsol.com\\\/es\\\/motogp\\\/meritoria-segunda-fila-de-marquez-en-austria\\\/#primaryimage\"},\"thumbnailUrl\":\"https:\\\/\\\/www.boxrepsol.com\\\/wp-content\\\/uploads\\\/2022\\\/08\\\/08-marcmarquez-93-repsol-honda-motogp.jpg\",\"datePublished\":\"2016-08-13T02:00:00+00:00\",\"dateModified\":\"2024-05-07T08:56:26+00:00\",\"description\":\"El l\u00edder del Mundial se sobrepone a una fuerte ca\u00edda en el FP3 y partir\u00e1 ma\u00f1ana desde la quinta posici\u00f3n. Dani Pedrosa mejora sus sensaciones.\",\"breadcrumb\":{\"@id\":\"https:\\\/\\\/www.boxrepsol.com\\\/es\\\/motogp\\\/meritoria-segunda-fila-de-marquez-en-austria\\\/#breadcrumb\"},\"inLanguage\":\"es\",\"potentialAction\":[{\"@type\":\"ReadAction\",\"target\":[\"https:\\\/\\\/www.boxrepsol.com\\\/es\\\/motogp\\\/meritoria-segunda-fila-de-marquez-en-austria\\\/\"]}]},{\"@type\":\"ImageObject\",\"inLanguage\":\"es\",\"@id\":\"https:\\\/\\\/www.boxrepsol.com\\\/es\\\/motogp\\\/meritoria-segunda-fila-de-marquez-en-austria\\\/#primaryimage\",\"url\":\"https:\\\/\\\/www.boxrepsol.com\\\/wp-content\\\/uploads\\\/2022\\\/08\\\/08-marcmarquez-93-repsol-honda-motogp.jpg\",\"contentUrl\":\"https:\\\/\\\/www.boxrepsol.com\\\/wp-content\\\/uploads\\\/2022\\\/08\\\/08-marcmarquez-93-repsol-honda-motogp.jpg\",\"width\":984,\"height\":412,\"caption\":\"10 Austria 11, 12, 13 y 14 de agosto de 2016; circuito de RedBull Ring, Spielberg; MotoGP; Mgp; mgp; motogp\"},{\"@type\":\"BreadcrumbList\",\"@id\":\"https:\\\/\\\/www.boxrepsol.com\\\/es\\\/motogp\\\/meritoria-segunda-fila-de-marquez-en-austria\\\/#breadcrumb\",\"itemListElement\":[{\"@type\":\"ListItem\",\"position\":1,\"name\":\"Home\",\"item\":\"https:\\\/\\\/www.boxrepsol.com\\\/es\\\/\"},{\"@type\":\"ListItem\",\"position\":2,\"name\":\"Meritoria segunda fila de M\u00e1rquez en Austria\"}]},{\"@type\":\"WebSite\",\"@id\":\"https:\\\/\\\/www.boxrepsol.com\\\/es\\\/#website\",\"url\":\"https:\\\/\\\/www.boxrepsol.com\\\/es\\\/\",\"name\":\"Box Repsol\",\"description\":\"Box Repsol Site\",\"publisher\":{\"@id\":\"https:\\\/\\\/www.boxrepsol.com\\\/es\\\/#organization\"},\"potentialAction\":[{\"@type\":\"SearchAction\",\"target\":{\"@type\":\"EntryPoint\",\"urlTemplate\":\"https:\\\/\\\/www.boxrepsol.com\\\/es\\\/?s={search_term_string}\"},\"query-input\":{\"@type\":\"PropertyValueSpecification\",\"valueRequired\":true,\"valueName\":\"search_term_string\"}}],\"inLanguage\":\"es\"},{\"@type\":\"Organization\",\"@id\":\"https:\\\/\\\/www.boxrepsol.com\\\/es\\\/#organization\",\"name\":\"Box Repsol\",\"url\":\"https:\\\/\\\/www.boxrepsol.com\\\/es\\\/\",\"logo\":{\"@type\":\"ImageObject\",\"inLanguage\":\"es\",\"@id\":\"https:\\\/\\\/www.boxrepsol.com\\\/es\\\/#\\\/schema\\\/logo\\\/image\\\/\",\"url\":\"https:\\\/\\\/bxrepsol.s3.eu-west-1.amazonaws.com\\\/static\\\/2025\\\/07\\\/30083337\\\/favicon-96x96-1.png\",\"contentUrl\":\"https:\\\/\\\/bxrepsol.s3.eu-west-1.amazonaws.com\\\/static\\\/2025\\\/07\\\/30083337\\\/favicon-96x96-1.png\",\"width\":96,\"height\":96,\"caption\":\"Box Repsol\"},\"image\":{\"@id\":\"https:\\\/\\\/www.boxrepsol.com\\\/es\\\/#\\\/schema\\\/logo\\\/image\\\/\"},\"sameAs\":[\"https:\\\/\\\/www.facebook.com\\\/BoxRepsol\",\"https:\\\/\\\/x.com\\\/box_repsol\",\"http:\\\/\\\/instagram.com\\\/box_repsol\",\"https:\\\/\\\/www.youtube.com\\\/user\\\/RepsolCompeticion\",\"https:\\\/\\\/www.flickr.com\\\/photos\\\/box_repsol\\\/\"]},{\"@type\":\"Person\",\"@id\":\"https:\\\/\\\/www.boxrepsol.com\\\/es\\\/#\\\/schema\\\/person\\\/c5c2138f2cca251b0ad92b7086bb60b7\",\"name\":\"Redacci\u00f3n Box Repsol\",\"image\":{\"@type\":\"ImageObject\",\"inLanguage\":\"es\",\"@id\":\"https:\\\/\\\/secure.gravatar.com\\\/avatar\\\/adf7b77e38b4419baf32c7e9c21dde01f4e40df611f0978e3006fc4ba0aaab7e?s=96&d=mm&r=g\",\"url\":\"https:\\\/\\\/secure.gravatar.com\\\/avatar\\\/adf7b77e38b4419baf32c7e9c21dde01f4e40df611f0978e3006fc4ba0aaab7e?s=96&d=mm&r=g\",\"contentUrl\":\"https:\\\/\\\/secure.gravatar.com\\\/avatar\\\/adf7b77e38b4419baf32c7e9c21dde01f4e40df611f0978e3006fc4ba0aaab7e?s=96&d=mm&r=g\",\"caption\":\"Redacci\u00f3n Box Repsol\"},\"description\":\"Box Repsol lo forma un equipo de periodistas, community managers, dise\u00f1adores y fot\u00f3grafos con m\u00e1s de 20 a\u00f1os de experiencia en el mundo del motorsport. Hemos vivido el primer mundial de un espa\u00f1ol en la categor\u00eda reina de motociclismo con \u00c1lex Crivill\u00e9, estuvimos en las victorias de Pedrosa y los t\u00edtulos de M\u00e1rquez, acompa\u00f1amos en \u00c1frica a Nani Roma y Marc Coma en sus conquistas del Dakar y hemos vibrado con los t\u00edtulos de Toni Bou en Trial. Adem\u00e1s, en nuestro equipo contamos con expertos en el mundo de las dos y cuatro ruedas tanto de la calle y las carreteras, como de los circuitos. Periodistas que han trabajado en revistas y publicaciones para hacerte llegar desde rutas y consejos de mantenimiento, a curiosidades y trucos de pilotaje.\",\"sameAs\":[\"https:\\\/\\\/www.facebook.com\\\/BoxRepsol\\\/\",\"https:\\\/\\\/www.instagram.com\\\/box_repsol\\\/\",\"https:\\\/\\\/x.com\\\/https:\\\/\\\/twitter.com\\\/box_repsol\",\"https:\\\/\\\/www.youtube.com\\\/@Boxrepsol\"],\"url\":\"https:\\\/\\\/www.boxrepsol.com\\\/es\\\/author\\\/redaccion-box-repsol\\\/\"}]}<\/script>\n<!-- \/ Yoast SEO plugin. -->","yoast_head_json":{"title":"Meritoria segunda fila de M\u00e1rquez en Austria - Box Repsol","description":"El l\u00edder del Mundial se sobrepone a una fuerte ca\u00edda en el FP3 y partir\u00e1 ma\u00f1ana desde la quinta posici\u00f3n. Dani Pedrosa mejora sus sensaciones.","canonical":"https:\/\/www.boxrepsol.com\/es\/motogp\/meritoria-segunda-fila-de-marquez-en-austria\/","og_locale":"es_ES","og_type":"article","og_title":"Meritoria segunda fila de M\u00e1rquez en Austria - Box Repsol","og_description":"El l\u00edder del Mundial se sobrepone a una fuerte ca\u00edda en el FP3 y partir\u00e1 ma\u00f1ana desde la quinta posici\u00f3n. Dani Pedrosa mejora sus sensaciones.","og_url":"https:\/\/www.boxrepsol.com\/es\/motogp\/meritoria-segunda-fila-de-marquez-en-austria\/","og_site_name":"Box Repsol","article_publisher":"https:\/\/www.facebook.com\/BoxRepsol","article_author":"https:\/\/www.facebook.com\/BoxRepsol\/","article_published_time":"2016-08-13T02:00:00+00:00","article_modified_time":"2024-05-07T08:56:26+00:00","og_image":[{"width":984,"height":412,"url":"https:\/\/www.boxrepsol.com\/wp-content\/uploads\/2022\/08\/08-marcmarquez-93-repsol-honda-motogp.jpg","type":"image\/jpeg"}],"author":"Redacci\u00f3n Box Repsol","twitter_card":"summary_large_image","twitter_creator":"@https:\/\/twitter.com\/box_repsol","twitter_site":"@box_repsol","twitter_misc":{"Written by":"Redacci\u00f3n Box Repsol","Est. reading time":"2 minutos"},"schema":{"@context":"https:\/\/schema.org","@graph":[{"@type":"Article","@id":"https:\/\/www.boxrepsol.com\/es\/motogp\/meritoria-segunda-fila-de-marquez-en-austria\/#article","isPartOf":{"@id":"https:\/\/www.boxrepsol.com\/es\/motogp\/meritoria-segunda-fila-de-marquez-en-austria\/"},"author":{"name":"Redacci\u00f3n Box Repsol","@id":"https:\/\/www.boxrepsol.com\/es\/#\/schema\/person\/c5c2138f2cca251b0ad92b7086bb60b7"},"headline":"Meritoria segunda fila de M\u00e1rquez en Austria","datePublished":"2016-08-13T02:00:00+00:00","dateModified":"2024-05-07T08:56:26+00:00","mainEntityOfPage":{"@id":"https:\/\/www.boxrepsol.com\/es\/motogp\/meritoria-segunda-fila-de-marquez-en-austria\/"},"wordCount":484,"commentCount":0,"publisher":{"@id":"https:\/\/www.boxrepsol.com\/es\/#organization"},"image":{"@id":"https:\/\/www.boxrepsol.com\/es\/motogp\/meritoria-segunda-fila-de-marquez-en-austria\/#primaryimage"},"thumbnailUrl":"https:\/\/www.boxrepsol.com\/wp-content\/uploads\/2022\/08\/08-marcmarquez-93-repsol-honda-motogp.jpg","keywords":["MotoGP Austria"],"articleSection":["MotoGP"],"inLanguage":"es","potentialAction":[{"@type":"CommentAction","name":"Comment","target":["https:\/\/www.boxrepsol.com\/es\/motogp\/meritoria-segunda-fila-de-marquez-en-austria\/#respond"]}]},{"@type":"WebPage","@id":"https:\/\/www.boxrepsol.com\/es\/motogp\/meritoria-segunda-fila-de-marquez-en-austria\/","url":"https:\/\/www.boxrepsol.com\/es\/motogp\/meritoria-segunda-fila-de-marquez-en-austria\/","name":"Meritoria segunda fila de M\u00e1rquez en Austria - Box Repsol","isPartOf":{"@id":"https:\/\/www.boxrepsol.com\/es\/#website"},"primaryImageOfPage":{"@id":"https:\/\/www.boxrepsol.com\/es\/motogp\/meritoria-segunda-fila-de-marquez-en-austria\/#primaryimage"},"image":{"@id":"https:\/\/www.boxrepsol.com\/es\/motogp\/meritoria-segunda-fila-de-marquez-en-austria\/#primaryimage"},"thumbnailUrl":"https:\/\/www.boxrepsol.com\/wp-content\/uploads\/2022\/08\/08-marcmarquez-93-repsol-honda-motogp.jpg","datePublished":"2016-08-13T02:00:00+00:00","dateModified":"2024-05-07T08:56:26+00:00","description":"El l\u00edder del Mundial se sobrepone a una fuerte ca\u00edda en el FP3 y partir\u00e1 ma\u00f1ana desde la quinta posici\u00f3n. Dani Pedrosa mejora sus sensaciones.","breadcrumb":{"@id":"https:\/\/www.boxrepsol.com\/es\/motogp\/meritoria-segunda-fila-de-marquez-en-austria\/#breadcrumb"},"inLanguage":"es","potentialAction":[{"@type":"ReadAction","target":["https:\/\/www.boxrepsol.com\/es\/motogp\/meritoria-segunda-fila-de-marquez-en-austria\/"]}]},{"@type":"ImageObject","inLanguage":"es","@id":"https:\/\/www.boxrepsol.com\/es\/motogp\/meritoria-segunda-fila-de-marquez-en-austria\/#primaryimage","url":"https:\/\/www.boxrepsol.com\/wp-content\/uploads\/2022\/08\/08-marcmarquez-93-repsol-honda-motogp.jpg","contentUrl":"https:\/\/www.boxrepsol.com\/wp-content\/uploads\/2022\/08\/08-marcmarquez-93-repsol-honda-motogp.jpg","width":984,"height":412,"caption":"10 Austria 11, 12, 13 y 14 de agosto de 2016; circuito de RedBull Ring, Spielberg; MotoGP; Mgp; mgp; motogp"},{"@type":"BreadcrumbList","@id":"https:\/\/www.boxrepsol.com\/es\/motogp\/meritoria-segunda-fila-de-marquez-en-austria\/#breadcrumb","itemListElement":[{"@type":"ListItem","position":1,"name":"Home","item":"https:\/\/www.boxrepsol.com\/es\/"},{"@type":"ListItem","position":2,"name":"Meritoria segunda fila de M\u00e1rquez en Austria"}]},{"@type":"WebSite","@id":"https:\/\/www.boxrepsol.com\/es\/#website","url":"https:\/\/www.boxrepsol.com\/es\/","name":"Box Repsol","description":"Box Repsol Site","publisher":{"@id":"https:\/\/www.boxrepsol.com\/es\/#organization"},"potentialAction":[{"@type":"SearchAction","target":{"@type":"EntryPoint","urlTemplate":"https:\/\/www.boxrepsol.com\/es\/?s={search_term_string}"},"query-input":{"@type":"PropertyValueSpecification","valueRequired":true,"valueName":"search_term_string"}}],"inLanguage":"es"},{"@type":"Organization","@id":"https:\/\/www.boxrepsol.com\/es\/#organization","name":"Box Repsol","url":"https:\/\/www.boxrepsol.com\/es\/","logo":{"@type":"ImageObject","inLanguage":"es","@id":"https:\/\/www.boxrepsol.com\/es\/#\/schema\/logo\/image\/","url":"https:\/\/bxrepsol.s3.eu-west-1.amazonaws.com\/static\/2025\/07\/30083337\/favicon-96x96-1.png","contentUrl":"https:\/\/bxrepsol.s3.eu-west-1.amazonaws.com\/static\/2025\/07\/30083337\/favicon-96x96-1.png","width":96,"height":96,"caption":"Box Repsol"},"image":{"@id":"https:\/\/www.boxrepsol.com\/es\/#\/schema\/logo\/image\/"},"sameAs":["https:\/\/www.facebook.com\/BoxRepsol","https:\/\/x.com\/box_repsol","http:\/\/instagram.com\/box_repsol","https:\/\/www.youtube.com\/user\/RepsolCompeticion","https:\/\/www.flickr.com\/photos\/box_repsol\/"]},{"@type":"Person","@id":"https:\/\/www.boxrepsol.com\/es\/#\/schema\/person\/c5c2138f2cca251b0ad92b7086bb60b7","name":"Redacci\u00f3n Box Repsol","image":{"@type":"ImageObject","inLanguage":"es","@id":"https:\/\/secure.gravatar.com\/avatar\/adf7b77e38b4419baf32c7e9c21dde01f4e40df611f0978e3006fc4ba0aaab7e?s=96&d=mm&r=g","url":"https:\/\/secure.gravatar.com\/avatar\/adf7b77e38b4419baf32c7e9c21dde01f4e40df611f0978e3006fc4ba0aaab7e?s=96&d=mm&r=g","contentUrl":"https:\/\/secure.gravatar.com\/avatar\/adf7b77e38b4419baf32c7e9c21dde01f4e40df611f0978e3006fc4ba0aaab7e?s=96&d=mm&r=g","caption":"Redacci\u00f3n Box Repsol"},"description":"Box Repsol lo forma un equipo de periodistas, community managers, dise\u00f1adores y fot\u00f3grafos con m\u00e1s de 20 a\u00f1os de experiencia en el mundo del motorsport. Hemos vivido el primer mundial de un espa\u00f1ol en la categor\u00eda reina de motociclismo con \u00c1lex Crivill\u00e9, estuvimos en las victorias de Pedrosa y los t\u00edtulos de M\u00e1rquez, acompa\u00f1amos en \u00c1frica a Nani Roma y Marc Coma en sus conquistas del Dakar y hemos vibrado con los t\u00edtulos de Toni Bou en Trial. Adem\u00e1s, en nuestro equipo contamos con expertos en el mundo de las dos y cuatro ruedas tanto de la calle y las carreteras, como de los circuitos. Periodistas que han trabajado en revistas y publicaciones para hacerte llegar desde rutas y consejos de mantenimiento, a curiosidades y trucos de pilotaje.","sameAs":["https:\/\/www.facebook.com\/BoxRepsol\/","https:\/\/www.instagram.com\/box_repsol\/","https:\/\/x.com\/https:\/\/twitter.com\/box_repsol","https:\/\/www.youtube.com\/@Boxrepsol"],"url":"https:\/\/www.boxrepsol.com\/es\/author\/redaccion-box-repsol\/"}]}},"_links":{"self":[{"href":"https:\/\/www.boxrepsol.com\/es\/wp-json\/wp\/v2\/posts\/89870","targetHints":{"allow":["GET"]}}],"collection":[{"href":"https:\/\/www.boxrepsol.com\/es\/wp-json\/wp\/v2\/posts"}],"about":[{"href":"https:\/\/www.boxrepsol.com\/es\/wp-json\/wp\/v2\/types\/post"}],"author":[{"embeddable":true,"href":"https:\/\/www.boxrepsol.com\/es\/wp-json\/wp\/v2\/users\/43146"}],"replies":[{"embeddable":true,"href":"https:\/\/www.boxrepsol.com\/es\/wp-json\/wp\/v2\/comments?post=89870"}],"version-history":[{"count":1,"href":"https:\/\/www.boxrepsol.com\/es\/wp-json\/wp\/v2\/posts\/89870\/revisions"}],"predecessor-version":[{"id":89871,"href":"https:\/\/www.boxrepsol.com\/es\/wp-json\/wp\/v2\/posts\/89870\/revisions\/89871"}],"wp:featuredmedia":[{"embeddable":true,"href":"https:\/\/www.boxrepsol.com\/es\/wp-json\/wp\/v2\/media\/85714"}],"wp:attachment":[{"href":"https:\/\/www.boxrepsol.com\/es\/wp-json\/wp\/v2\/media?parent=89870"}],"wp:term":[{"taxonomy":"category","embeddable":true,"href":"https:\/\/www.boxrepsol.com\/es\/wp-json\/wp\/v2\/categories?post=89870"},{"taxonomy":"post_tag","embeddable":true,"href":"https:\/\/www.boxrepsol.com\/es\/wp-json\/wp\/v2\/tags?post=89870"}],"curies":[{"name":"wp","href":"https:\/\/api.w.org\/{rel}","templated":true}]}}