{"id":89864,"date":"2016-08-29T00:00:00","date_gmt":"2016-08-29T02:00:00","guid":{"rendered":"http:\/\/pre.boxrepsol.com\/sin-categorizar\/steven-odendaal-primer-campeon-del-ano-en-el-fim-cev-repsol\/"},"modified":"2024-05-07T07:05:20","modified_gmt":"2024-05-07T09:05:20","slug":"steven-odendaal-primer-campeon-del-ano-en-el-fim-cev-repsol","status":"publish","type":"post","link":"https:\/\/www.boxrepsol.com\/es\/sin-categorizar\/steven-odendaal-primer-campeon-del-ano-en-el-fim-cev-repsol\/","title":{"rendered":"Steven Odendaal, primer Campe\u00f3n del a\u00f1o en el FIM CEV Repsol"},"content":{"rendered":"<blockquote>\n<p>El FIM CEV Repsol ya conoce al primero de sus campeones de la temporada 2016: Steven Odendaal.\n<\/p>\n<p>            <a href=\"http:\/\/twitter.com\/share?text=El+FIM+CEV+Repsol+ya+conoce+al+primero+de+sus+campeones+de+la+temporada+2016%3A+Steven+Odendaal.%0A&#038;url=http%3A%2F%2F34.249.211.158%2Fes%2Fcev%2Fsteven-odendaal-primer-campeon-del-ano-en-el-fim-cev-repsol%2F&#038;hashtags=\" target=\"_blank\" rel=\"noopener\"><br \/>\n            twittear        <\/a>\n        <\/p><\/blockquote>\n<p>El FIM CEV Repsol ya conoce al primero de sus campeones de la temporada 2016: Steven Odendaal. El piloto de Moto2 se ha asegurado el t\u00edtulo de la categor\u00eda intermedia de manera brillante, al adjudicarse las dos victorias en juego hoy. El surafricano no ha dado opci\u00f3n a sus rivales esta temporada y ha acumulado en 8 carreras, 6 victorias, un segundo puesto y un tercero, faltando a su cita con el podio s\u00f3lo en una de las dos mangas disputadas en Barcelona.<\/p>\n<p>En el Mundial Junior de Moto3, Marcos Ram\u00edrez ha conseguido la victoria en el Aut\u00f3dromo do Algarve, por s\u00f3lo 3 mil\u00e9simas de diferencia con el actual l\u00edder de la categor\u00eda, Lorenzo Dalla Porta. Tras este resultado, el italiano ostenta una ventaja de 31 puntos en la general, respecto a Ram\u00edrez, su m\u00e1s inmediato perseguidor. M\u00e1s ajustada est\u00e1 la clasificaci\u00f3n en el Europeo de Superbike, donde Carmelo Morales ha vencido en las dos carreras celebradas hoy en Portimao y ampl\u00eda su ventaja al frente de la clasificaci\u00f3n provisional a 17 puntos sobre el chileno Maximilian Scheib, segundo en las dos pruebas de hoy.<\/p>\n<p>El circuito de Jerez acoger\u00e1 el d\u00eda 2 de octubre la pr\u00f3xima prueba del FIM CEV Repsol -la pen\u00faltima del a\u00f1o antes de la cita final en Valencia- en la que Moto3 y Superbike disputar\u00e1n dos carreras y Moto2, una.<\/p>\n<p>\t\t\t\t<img decoding=\"async\" src=\"https:\/\/bxrepsol.s3.eu-west-1.amazonaws.com\/static\/2022\/08\/29044746\/03-dalla-porta-fim-cev.jpg\" alt=\"03-dalla-porta-fim-cev\" itemprop=\"image\"  \/><\/p>\n<p><strong>Marcos Ram\u00edrez<\/strong> &#8211; <em>Ganador de la carrera de Moto3<\/em><\/p>\n<p>\u00abHa sido una carrera muy dura porque hac\u00eda mucho calor. No he salido bien y he tenido que recuperar posiciones, pero cuando faltaban unas 6 vueltas me he situado primero y he tirado fuerte. Aunque he logrado abrir un hueco de medio segundo, en la curva de antes de meta he tenido un susto y he estado a punto de caerme. En ese momento, me han atrapado mis perseguidores pero en la \u00faltima vuelta lo he dado todo y he podido ganar <em>in extremis<\/em>\u00ab.<\/p>\n<p><strong>Steven Odendaal<\/strong> &#8211; <em>Ganador de la primera carrera de Moto2<\/em><\/p>\n<p>\u00abMe siento genial, tras otra victoria. Pero he tenido algo de suerte porque Nagashima se ha ido un poco largo en la \u00faltima curva y lo he aprovechado, tras intentar atraparlo en la \u00faltima vuelta sin arriesgar demasiado. Estoy muy contento y hemos sumado otra primera posici\u00f3n, que es muy buena para el campeonato. Veremos c\u00f3mo nos va en la segunda carrera, bajo estas condiciones tan duras\u00bb.<\/p>\n<p><strong>Steven Odendaal<\/strong> &#8211; <em>Ganador de la segunda carrera de Moto2<\/em><\/p>\n<p>\u00abHa sido una jornada dura, las altas temperaturas no permit\u00edan tener las mejores sensaciones con el neum\u00e1tico delantero. Sab\u00eda que en carrera ten\u00eda que hacer la trazada perfecta. He intentado estar al frente de la prueba y ver qu\u00e9 podr\u00eda hacer y, cuando Alan [Techer] me ha pasado, he pensado que no quer\u00eda tomar riesgos pero parece que ha cometido un error y he conseguido la victoria. Quiero dar las gracias al equipo y a partir de ahora, seguiremos luchando hasta el final de la temporada\u00bb.<\/p>\n<p><strong>Carmelo Morales<\/strong> &#8211; <em>Ganador de la primera carrera de Superbike<\/em><\/p>\n<p>\u00abHa sido una carrera m\u00e1s dif\u00edcil de lo que se ha visto. Hoy ha hecho m\u00e1s calor que los otros d\u00edas y los neum\u00e1ticos han funcionado de manera distinta. La carrera ha tenido dos fases: la primera, la salida, donde he tirado fuerte y una segunda hacia la mitad de la manga, en la que he bajado el ritmo, una vez he visto que ya ten\u00eda algo de distancia. He cometido dos errores por falta de concentraci\u00f3n, que me han dado un buen susto. En general los neum\u00e1ticos han aguantado bien, y por lo visto, nuestros rivales han tenido problemas con estas altas temperaturas. Estoy muy contento; es nuestra segunda carrera con suspensiones nuevas y, con ellas, hemos dado con una base que me gusta m\u00e1s\u00bb.<\/p>\n<p><strong>Carmelo Morales<\/strong> &#8211; <em>Ganador de la segunda carrera de Superbike<\/em><\/p>\n<p>\u00abEstoy muy contento por el doblete de este fin de semana. La progresi\u00f3n durante el a\u00f1o ha sido muy buena. En la primera carrera se nos pinch\u00f3 en neum\u00e1tico trasero y no pudimos puntuar, pero a partir de ah\u00ed est\u00e1bamos obligados a ganar y hab\u00eda bastante presi\u00f3n. En Albacete sufrimos, pero salimos de all\u00ed l\u00edderes y esto se ha notado, porque hemos trabajado con m\u00e1s calma y con las nuevas suspensiones. Estas vacaciones me he lesionado haciendo motocross y no he podido entrenar, pero me he encontrado muy bien sobre la moto y tambi\u00e9n f\u00edsicamente\u00bb.<\/p>\n","protected":false},"excerpt":{"rendered":"<p>El piloto surafricano se adjudica el Europeo de Moto2 en el Aut\u00f3dromo do Portimao tras imponerse en las dos carreras de hoy. En Moto3, Marcos Ram\u00edrez suma una nueva victoria y Carmelo Morales se anota un doblete en Superbike.<\/p>\n","protected":false},"author":43146,"featured_media":85702,"comment_status":"open","ping_status":"open","sticky":false,"template":"","format":"standard","meta":{"footnotes":""},"categories":[1],"tags":[130],"class_list":["post-89864","post","type-post","status-publish","format-standard","hentry","category-sin-categorizar","tag-otros-eventos-y-competiciones"],"yoast_head":"<!-- This site is optimized with the Yoast SEO plugin v27.3 - https:\/\/yoast.com\/product\/yoast-seo-wordpress\/ -->\n<title>Steven Odendaal, primer Campe\u00f3n del a\u00f1o en el FIM CEV Repsol - Box Repsol<\/title>\n<meta name=\"description\" content=\"El piloto surafricano se adjudica el Europeo de Moto2 en el Aut\u00f3dromo do Portimao tras imponerse en las dos carreras de hoy...\" \/>\n<link rel=\"canonical\" href=\"https:\/\/www.boxrepsol.com\/es\/sin-categorizar\/steven-odendaal-primer-campeon-del-ano-en-el-fim-cev-repsol\/\" \/>\n<meta property=\"og:locale\" content=\"es_ES\" \/>\n<meta property=\"og:type\" content=\"article\" \/>\n<meta property=\"og:title\" content=\"Steven Odendaal, primer Campe\u00f3n del a\u00f1o en el FIM CEV Repsol - Box Repsol\" \/>\n<meta property=\"og:description\" content=\"El piloto surafricano se adjudica el Europeo de Moto2 en el Aut\u00f3dromo do Portimao tras imponerse en las dos carreras de hoy...\" \/>\n<meta property=\"og:url\" content=\"https:\/\/www.boxrepsol.com\/es\/sin-categorizar\/steven-odendaal-primer-campeon-del-ano-en-el-fim-cev-repsol\/\" \/>\n<meta property=\"og:site_name\" content=\"Box Repsol\" \/>\n<meta property=\"article:publisher\" content=\"https:\/\/www.facebook.com\/BoxRepsol\" \/>\n<meta property=\"article:author\" content=\"https:\/\/www.facebook.com\/BoxRepsol\/\" \/>\n<meta property=\"article:published_time\" content=\"2016-08-29T02:00:00+00:00\" \/>\n<meta property=\"article:modified_time\" content=\"2024-05-07T09:05:20+00:00\" \/>\n<meta property=\"og:image\" content=\"https:\/\/www.boxrepsol.com\/wp-content\/uploads\/2022\/08\/02-steven-odendaal-fim-cev-moto2.jpg\" \/>\n\t<meta property=\"og:image:width\" content=\"984\" \/>\n\t<meta property=\"og:image:height\" content=\"412\" \/>\n\t<meta property=\"og:image:type\" content=\"image\/jpeg\" \/>\n<meta name=\"author\" content=\"Redacci\u00f3n Box Repsol\" \/>\n<meta name=\"twitter:card\" content=\"summary_large_image\" \/>\n<meta name=\"twitter:creator\" content=\"@https:\/\/twitter.com\/box_repsol\" \/>\n<meta name=\"twitter:site\" content=\"@box_repsol\" \/>\n<meta name=\"twitter:label1\" content=\"Written by\" \/>\n\t<meta name=\"twitter:data1\" content=\"Redacci\u00f3n Box Repsol\" \/>\n\t<meta name=\"twitter:label2\" content=\"Est. reading time\" \/>\n\t<meta name=\"twitter:data2\" content=\"4 minutos\" \/>\n<script type=\"application\/ld+json\" class=\"yoast-schema-graph\">{\"@context\":\"https:\\\/\\\/schema.org\",\"@graph\":[{\"@type\":\"Article\",\"@id\":\"https:\\\/\\\/www.boxrepsol.com\\\/es\\\/sin-categorizar\\\/steven-odendaal-primer-campeon-del-ano-en-el-fim-cev-repsol\\\/#article\",\"isPartOf\":{\"@id\":\"https:\\\/\\\/www.boxrepsol.com\\\/es\\\/sin-categorizar\\\/steven-odendaal-primer-campeon-del-ano-en-el-fim-cev-repsol\\\/\"},\"author\":{\"name\":\"Redacci\u00f3n Box Repsol\",\"@id\":\"https:\\\/\\\/www.boxrepsol.com\\\/es\\\/#\\\/schema\\\/person\\\/c5c2138f2cca251b0ad92b7086bb60b7\"},\"headline\":\"Steven Odendaal, primer Campe\u00f3n del a\u00f1o en el FIM CEV Repsol\",\"datePublished\":\"2016-08-29T02:00:00+00:00\",\"dateModified\":\"2024-05-07T09:05:20+00:00\",\"mainEntityOfPage\":{\"@id\":\"https:\\\/\\\/www.boxrepsol.com\\\/es\\\/sin-categorizar\\\/steven-odendaal-primer-campeon-del-ano-en-el-fim-cev-repsol\\\/\"},\"wordCount\":804,\"commentCount\":0,\"publisher\":{\"@id\":\"https:\\\/\\\/www.boxrepsol.com\\\/es\\\/#organization\"},\"image\":{\"@id\":\"https:\\\/\\\/www.boxrepsol.com\\\/es\\\/sin-categorizar\\\/steven-odendaal-primer-campeon-del-ano-en-el-fim-cev-repsol\\\/#primaryimage\"},\"thumbnailUrl\":\"https:\\\/\\\/www.boxrepsol.com\\\/wp-content\\\/uploads\\\/2022\\\/08\\\/02-steven-odendaal-fim-cev-moto2.jpg\",\"keywords\":[\"otros eventos y competiciones\"],\"articleSection\":[\"Sin categorizar\"],\"inLanguage\":\"es\",\"potentialAction\":[{\"@type\":\"CommentAction\",\"name\":\"Comment\",\"target\":[\"https:\\\/\\\/www.boxrepsol.com\\\/es\\\/sin-categorizar\\\/steven-odendaal-primer-campeon-del-ano-en-el-fim-cev-repsol\\\/#respond\"]}]},{\"@type\":\"WebPage\",\"@id\":\"https:\\\/\\\/www.boxrepsol.com\\\/es\\\/sin-categorizar\\\/steven-odendaal-primer-campeon-del-ano-en-el-fim-cev-repsol\\\/\",\"url\":\"https:\\\/\\\/www.boxrepsol.com\\\/es\\\/sin-categorizar\\\/steven-odendaal-primer-campeon-del-ano-en-el-fim-cev-repsol\\\/\",\"name\":\"Steven Odendaal, primer Campe\u00f3n del a\u00f1o en el FIM CEV Repsol - Box Repsol\",\"isPartOf\":{\"@id\":\"https:\\\/\\\/www.boxrepsol.com\\\/es\\\/#website\"},\"primaryImageOfPage\":{\"@id\":\"https:\\\/\\\/www.boxrepsol.com\\\/es\\\/sin-categorizar\\\/steven-odendaal-primer-campeon-del-ano-en-el-fim-cev-repsol\\\/#primaryimage\"},\"image\":{\"@id\":\"https:\\\/\\\/www.boxrepsol.com\\\/es\\\/sin-categorizar\\\/steven-odendaal-primer-campeon-del-ano-en-el-fim-cev-repsol\\\/#primaryimage\"},\"thumbnailUrl\":\"https:\\\/\\\/www.boxrepsol.com\\\/wp-content\\\/uploads\\\/2022\\\/08\\\/02-steven-odendaal-fim-cev-moto2.jpg\",\"datePublished\":\"2016-08-29T02:00:00+00:00\",\"dateModified\":\"2024-05-07T09:05:20+00:00\",\"description\":\"El piloto surafricano se adjudica el Europeo de Moto2 en el Aut\u00f3dromo do Portimao tras imponerse en las dos carreras de hoy...\",\"breadcrumb\":{\"@id\":\"https:\\\/\\\/www.boxrepsol.com\\\/es\\\/sin-categorizar\\\/steven-odendaal-primer-campeon-del-ano-en-el-fim-cev-repsol\\\/#breadcrumb\"},\"inLanguage\":\"es\",\"potentialAction\":[{\"@type\":\"ReadAction\",\"target\":[\"https:\\\/\\\/www.boxrepsol.com\\\/es\\\/sin-categorizar\\\/steven-odendaal-primer-campeon-del-ano-en-el-fim-cev-repsol\\\/\"]}]},{\"@type\":\"ImageObject\",\"inLanguage\":\"es\",\"@id\":\"https:\\\/\\\/www.boxrepsol.com\\\/es\\\/sin-categorizar\\\/steven-odendaal-primer-campeon-del-ano-en-el-fim-cev-repsol\\\/#primaryimage\",\"url\":\"https:\\\/\\\/www.boxrepsol.com\\\/wp-content\\\/uploads\\\/2022\\\/08\\\/02-steven-odendaal-fim-cev-moto2.jpg\",\"contentUrl\":\"https:\\\/\\\/www.boxrepsol.com\\\/wp-content\\\/uploads\\\/2022\\\/08\\\/02-steven-odendaal-fim-cev-moto2.jpg\",\"width\":984,\"height\":412,\"caption\":\"Steven Odendaal celebrando en el podio\"},{\"@type\":\"BreadcrumbList\",\"@id\":\"https:\\\/\\\/www.boxrepsol.com\\\/es\\\/sin-categorizar\\\/steven-odendaal-primer-campeon-del-ano-en-el-fim-cev-repsol\\\/#breadcrumb\",\"itemListElement\":[{\"@type\":\"ListItem\",\"position\":1,\"name\":\"Home\",\"item\":\"https:\\\/\\\/www.boxrepsol.com\\\/es\\\/\"},{\"@type\":\"ListItem\",\"position\":2,\"name\":\"Steven Odendaal, primer Campe\u00f3n del a\u00f1o en el FIM CEV Repsol\"}]},{\"@type\":\"WebSite\",\"@id\":\"https:\\\/\\\/www.boxrepsol.com\\\/es\\\/#website\",\"url\":\"https:\\\/\\\/www.boxrepsol.com\\\/es\\\/\",\"name\":\"Box Repsol\",\"description\":\"Box Repsol Site\",\"publisher\":{\"@id\":\"https:\\\/\\\/www.boxrepsol.com\\\/es\\\/#organization\"},\"potentialAction\":[{\"@type\":\"SearchAction\",\"target\":{\"@type\":\"EntryPoint\",\"urlTemplate\":\"https:\\\/\\\/www.boxrepsol.com\\\/es\\\/?s={search_term_string}\"},\"query-input\":{\"@type\":\"PropertyValueSpecification\",\"valueRequired\":true,\"valueName\":\"search_term_string\"}}],\"inLanguage\":\"es\"},{\"@type\":\"Organization\",\"@id\":\"https:\\\/\\\/www.boxrepsol.com\\\/es\\\/#organization\",\"name\":\"Box Repsol\",\"url\":\"https:\\\/\\\/www.boxrepsol.com\\\/es\\\/\",\"logo\":{\"@type\":\"ImageObject\",\"inLanguage\":\"es\",\"@id\":\"https:\\\/\\\/www.boxrepsol.com\\\/es\\\/#\\\/schema\\\/logo\\\/image\\\/\",\"url\":\"https:\\\/\\\/bxrepsol.s3.eu-west-1.amazonaws.com\\\/static\\\/2025\\\/07\\\/30083337\\\/favicon-96x96-1.png\",\"contentUrl\":\"https:\\\/\\\/bxrepsol.s3.eu-west-1.amazonaws.com\\\/static\\\/2025\\\/07\\\/30083337\\\/favicon-96x96-1.png\",\"width\":96,\"height\":96,\"caption\":\"Box Repsol\"},\"image\":{\"@id\":\"https:\\\/\\\/www.boxrepsol.com\\\/es\\\/#\\\/schema\\\/logo\\\/image\\\/\"},\"sameAs\":[\"https:\\\/\\\/www.facebook.com\\\/BoxRepsol\",\"https:\\\/\\\/x.com\\\/box_repsol\",\"http:\\\/\\\/instagram.com\\\/box_repsol\",\"https:\\\/\\\/www.youtube.com\\\/user\\\/RepsolCompeticion\",\"https:\\\/\\\/www.flickr.com\\\/photos\\\/box_repsol\\\/\"]},{\"@type\":\"Person\",\"@id\":\"https:\\\/\\\/www.boxrepsol.com\\\/es\\\/#\\\/schema\\\/person\\\/c5c2138f2cca251b0ad92b7086bb60b7\",\"name\":\"Redacci\u00f3n Box Repsol\",\"image\":{\"@type\":\"ImageObject\",\"inLanguage\":\"es\",\"@id\":\"https:\\\/\\\/secure.gravatar.com\\\/avatar\\\/adf7b77e38b4419baf32c7e9c21dde01f4e40df611f0978e3006fc4ba0aaab7e?s=96&d=mm&r=g\",\"url\":\"https:\\\/\\\/secure.gravatar.com\\\/avatar\\\/adf7b77e38b4419baf32c7e9c21dde01f4e40df611f0978e3006fc4ba0aaab7e?s=96&d=mm&r=g\",\"contentUrl\":\"https:\\\/\\\/secure.gravatar.com\\\/avatar\\\/adf7b77e38b4419baf32c7e9c21dde01f4e40df611f0978e3006fc4ba0aaab7e?s=96&d=mm&r=g\",\"caption\":\"Redacci\u00f3n Box Repsol\"},\"description\":\"Box Repsol lo forma un equipo de periodistas, community managers, dise\u00f1adores y fot\u00f3grafos con m\u00e1s de 20 a\u00f1os de experiencia en el mundo del motorsport. Hemos vivido el primer mundial de un espa\u00f1ol en la categor\u00eda reina de motociclismo con \u00c1lex Crivill\u00e9, estuvimos en las victorias de Pedrosa y los t\u00edtulos de M\u00e1rquez, acompa\u00f1amos en \u00c1frica a Nani Roma y Marc Coma en sus conquistas del Dakar y hemos vibrado con los t\u00edtulos de Toni Bou en Trial. Adem\u00e1s, en nuestro equipo contamos con expertos en el mundo de las dos y cuatro ruedas tanto de la calle y las carreteras, como de los circuitos. Periodistas que han trabajado en revistas y publicaciones para hacerte llegar desde rutas y consejos de mantenimiento, a curiosidades y trucos de pilotaje.\",\"sameAs\":[\"https:\\\/\\\/www.facebook.com\\\/BoxRepsol\\\/\",\"https:\\\/\\\/www.instagram.com\\\/box_repsol\\\/\",\"https:\\\/\\\/x.com\\\/https:\\\/\\\/twitter.com\\\/box_repsol\",\"https:\\\/\\\/www.youtube.com\\\/@Boxrepsol\"],\"url\":\"https:\\\/\\\/www.boxrepsol.com\\\/es\\\/author\\\/redaccion-box-repsol\\\/\"}]}<\/script>\n<!-- \/ Yoast SEO plugin. -->","yoast_head_json":{"title":"Steven Odendaal, primer Campe\u00f3n del a\u00f1o en el FIM CEV Repsol - Box Repsol","description":"El piloto surafricano se adjudica el Europeo de Moto2 en el Aut\u00f3dromo do Portimao tras imponerse en las dos carreras de hoy...","canonical":"https:\/\/www.boxrepsol.com\/es\/sin-categorizar\/steven-odendaal-primer-campeon-del-ano-en-el-fim-cev-repsol\/","og_locale":"es_ES","og_type":"article","og_title":"Steven Odendaal, primer Campe\u00f3n del a\u00f1o en el FIM CEV Repsol - Box Repsol","og_description":"El piloto surafricano se adjudica el Europeo de Moto2 en el Aut\u00f3dromo do Portimao tras imponerse en las dos carreras de hoy...","og_url":"https:\/\/www.boxrepsol.com\/es\/sin-categorizar\/steven-odendaal-primer-campeon-del-ano-en-el-fim-cev-repsol\/","og_site_name":"Box Repsol","article_publisher":"https:\/\/www.facebook.com\/BoxRepsol","article_author":"https:\/\/www.facebook.com\/BoxRepsol\/","article_published_time":"2016-08-29T02:00:00+00:00","article_modified_time":"2024-05-07T09:05:20+00:00","og_image":[{"width":984,"height":412,"url":"https:\/\/www.boxrepsol.com\/wp-content\/uploads\/2022\/08\/02-steven-odendaal-fim-cev-moto2.jpg","type":"image\/jpeg"}],"author":"Redacci\u00f3n Box Repsol","twitter_card":"summary_large_image","twitter_creator":"@https:\/\/twitter.com\/box_repsol","twitter_site":"@box_repsol","twitter_misc":{"Written by":"Redacci\u00f3n Box Repsol","Est. reading time":"4 minutos"},"schema":{"@context":"https:\/\/schema.org","@graph":[{"@type":"Article","@id":"https:\/\/www.boxrepsol.com\/es\/sin-categorizar\/steven-odendaal-primer-campeon-del-ano-en-el-fim-cev-repsol\/#article","isPartOf":{"@id":"https:\/\/www.boxrepsol.com\/es\/sin-categorizar\/steven-odendaal-primer-campeon-del-ano-en-el-fim-cev-repsol\/"},"author":{"name":"Redacci\u00f3n Box Repsol","@id":"https:\/\/www.boxrepsol.com\/es\/#\/schema\/person\/c5c2138f2cca251b0ad92b7086bb60b7"},"headline":"Steven Odendaal, primer Campe\u00f3n del a\u00f1o en el FIM CEV Repsol","datePublished":"2016-08-29T02:00:00+00:00","dateModified":"2024-05-07T09:05:20+00:00","mainEntityOfPage":{"@id":"https:\/\/www.boxrepsol.com\/es\/sin-categorizar\/steven-odendaal-primer-campeon-del-ano-en-el-fim-cev-repsol\/"},"wordCount":804,"commentCount":0,"publisher":{"@id":"https:\/\/www.boxrepsol.com\/es\/#organization"},"image":{"@id":"https:\/\/www.boxrepsol.com\/es\/sin-categorizar\/steven-odendaal-primer-campeon-del-ano-en-el-fim-cev-repsol\/#primaryimage"},"thumbnailUrl":"https:\/\/www.boxrepsol.com\/wp-content\/uploads\/2022\/08\/02-steven-odendaal-fim-cev-moto2.jpg","keywords":["otros eventos y competiciones"],"articleSection":["Sin categorizar"],"inLanguage":"es","potentialAction":[{"@type":"CommentAction","name":"Comment","target":["https:\/\/www.boxrepsol.com\/es\/sin-categorizar\/steven-odendaal-primer-campeon-del-ano-en-el-fim-cev-repsol\/#respond"]}]},{"@type":"WebPage","@id":"https:\/\/www.boxrepsol.com\/es\/sin-categorizar\/steven-odendaal-primer-campeon-del-ano-en-el-fim-cev-repsol\/","url":"https:\/\/www.boxrepsol.com\/es\/sin-categorizar\/steven-odendaal-primer-campeon-del-ano-en-el-fim-cev-repsol\/","name":"Steven Odendaal, primer Campe\u00f3n del a\u00f1o en el FIM CEV Repsol - Box Repsol","isPartOf":{"@id":"https:\/\/www.boxrepsol.com\/es\/#website"},"primaryImageOfPage":{"@id":"https:\/\/www.boxrepsol.com\/es\/sin-categorizar\/steven-odendaal-primer-campeon-del-ano-en-el-fim-cev-repsol\/#primaryimage"},"image":{"@id":"https:\/\/www.boxrepsol.com\/es\/sin-categorizar\/steven-odendaal-primer-campeon-del-ano-en-el-fim-cev-repsol\/#primaryimage"},"thumbnailUrl":"https:\/\/www.boxrepsol.com\/wp-content\/uploads\/2022\/08\/02-steven-odendaal-fim-cev-moto2.jpg","datePublished":"2016-08-29T02:00:00+00:00","dateModified":"2024-05-07T09:05:20+00:00","description":"El piloto surafricano se adjudica el Europeo de Moto2 en el Aut\u00f3dromo do Portimao tras imponerse en las dos carreras de hoy...","breadcrumb":{"@id":"https:\/\/www.boxrepsol.com\/es\/sin-categorizar\/steven-odendaal-primer-campeon-del-ano-en-el-fim-cev-repsol\/#breadcrumb"},"inLanguage":"es","potentialAction":[{"@type":"ReadAction","target":["https:\/\/www.boxrepsol.com\/es\/sin-categorizar\/steven-odendaal-primer-campeon-del-ano-en-el-fim-cev-repsol\/"]}]},{"@type":"ImageObject","inLanguage":"es","@id":"https:\/\/www.boxrepsol.com\/es\/sin-categorizar\/steven-odendaal-primer-campeon-del-ano-en-el-fim-cev-repsol\/#primaryimage","url":"https:\/\/www.boxrepsol.com\/wp-content\/uploads\/2022\/08\/02-steven-odendaal-fim-cev-moto2.jpg","contentUrl":"https:\/\/www.boxrepsol.com\/wp-content\/uploads\/2022\/08\/02-steven-odendaal-fim-cev-moto2.jpg","width":984,"height":412,"caption":"Steven Odendaal celebrando en el podio"},{"@type":"BreadcrumbList","@id":"https:\/\/www.boxrepsol.com\/es\/sin-categorizar\/steven-odendaal-primer-campeon-del-ano-en-el-fim-cev-repsol\/#breadcrumb","itemListElement":[{"@type":"ListItem","position":1,"name":"Home","item":"https:\/\/www.boxrepsol.com\/es\/"},{"@type":"ListItem","position":2,"name":"Steven Odendaal, primer Campe\u00f3n del a\u00f1o en el FIM CEV Repsol"}]},{"@type":"WebSite","@id":"https:\/\/www.boxrepsol.com\/es\/#website","url":"https:\/\/www.boxrepsol.com\/es\/","name":"Box Repsol","description":"Box Repsol Site","publisher":{"@id":"https:\/\/www.boxrepsol.com\/es\/#organization"},"potentialAction":[{"@type":"SearchAction","target":{"@type":"EntryPoint","urlTemplate":"https:\/\/www.boxrepsol.com\/es\/?s={search_term_string}"},"query-input":{"@type":"PropertyValueSpecification","valueRequired":true,"valueName":"search_term_string"}}],"inLanguage":"es"},{"@type":"Organization","@id":"https:\/\/www.boxrepsol.com\/es\/#organization","name":"Box Repsol","url":"https:\/\/www.boxrepsol.com\/es\/","logo":{"@type":"ImageObject","inLanguage":"es","@id":"https:\/\/www.boxrepsol.com\/es\/#\/schema\/logo\/image\/","url":"https:\/\/bxrepsol.s3.eu-west-1.amazonaws.com\/static\/2025\/07\/30083337\/favicon-96x96-1.png","contentUrl":"https:\/\/bxrepsol.s3.eu-west-1.amazonaws.com\/static\/2025\/07\/30083337\/favicon-96x96-1.png","width":96,"height":96,"caption":"Box Repsol"},"image":{"@id":"https:\/\/www.boxrepsol.com\/es\/#\/schema\/logo\/image\/"},"sameAs":["https:\/\/www.facebook.com\/BoxRepsol","https:\/\/x.com\/box_repsol","http:\/\/instagram.com\/box_repsol","https:\/\/www.youtube.com\/user\/RepsolCompeticion","https:\/\/www.flickr.com\/photos\/box_repsol\/"]},{"@type":"Person","@id":"https:\/\/www.boxrepsol.com\/es\/#\/schema\/person\/c5c2138f2cca251b0ad92b7086bb60b7","name":"Redacci\u00f3n Box Repsol","image":{"@type":"ImageObject","inLanguage":"es","@id":"https:\/\/secure.gravatar.com\/avatar\/adf7b77e38b4419baf32c7e9c21dde01f4e40df611f0978e3006fc4ba0aaab7e?s=96&d=mm&r=g","url":"https:\/\/secure.gravatar.com\/avatar\/adf7b77e38b4419baf32c7e9c21dde01f4e40df611f0978e3006fc4ba0aaab7e?s=96&d=mm&r=g","contentUrl":"https:\/\/secure.gravatar.com\/avatar\/adf7b77e38b4419baf32c7e9c21dde01f4e40df611f0978e3006fc4ba0aaab7e?s=96&d=mm&r=g","caption":"Redacci\u00f3n Box Repsol"},"description":"Box Repsol lo forma un equipo de periodistas, community managers, dise\u00f1adores y fot\u00f3grafos con m\u00e1s de 20 a\u00f1os de experiencia en el mundo del motorsport. Hemos vivido el primer mundial de un espa\u00f1ol en la categor\u00eda reina de motociclismo con \u00c1lex Crivill\u00e9, estuvimos en las victorias de Pedrosa y los t\u00edtulos de M\u00e1rquez, acompa\u00f1amos en \u00c1frica a Nani Roma y Marc Coma en sus conquistas del Dakar y hemos vibrado con los t\u00edtulos de Toni Bou en Trial. Adem\u00e1s, en nuestro equipo contamos con expertos en el mundo de las dos y cuatro ruedas tanto de la calle y las carreteras, como de los circuitos. Periodistas que han trabajado en revistas y publicaciones para hacerte llegar desde rutas y consejos de mantenimiento, a curiosidades y trucos de pilotaje.","sameAs":["https:\/\/www.facebook.com\/BoxRepsol\/","https:\/\/www.instagram.com\/box_repsol\/","https:\/\/x.com\/https:\/\/twitter.com\/box_repsol","https:\/\/www.youtube.com\/@Boxrepsol"],"url":"https:\/\/www.boxrepsol.com\/es\/author\/redaccion-box-repsol\/"}]}},"_links":{"self":[{"href":"https:\/\/www.boxrepsol.com\/es\/wp-json\/wp\/v2\/posts\/89864","targetHints":{"allow":["GET"]}}],"collection":[{"href":"https:\/\/www.boxrepsol.com\/es\/wp-json\/wp\/v2\/posts"}],"about":[{"href":"https:\/\/www.boxrepsol.com\/es\/wp-json\/wp\/v2\/types\/post"}],"author":[{"embeddable":true,"href":"https:\/\/www.boxrepsol.com\/es\/wp-json\/wp\/v2\/users\/43146"}],"replies":[{"embeddable":true,"href":"https:\/\/www.boxrepsol.com\/es\/wp-json\/wp\/v2\/comments?post=89864"}],"version-history":[{"count":1,"href":"https:\/\/www.boxrepsol.com\/es\/wp-json\/wp\/v2\/posts\/89864\/revisions"}],"predecessor-version":[{"id":89865,"href":"https:\/\/www.boxrepsol.com\/es\/wp-json\/wp\/v2\/posts\/89864\/revisions\/89865"}],"wp:featuredmedia":[{"embeddable":true,"href":"https:\/\/www.boxrepsol.com\/es\/wp-json\/wp\/v2\/media\/85702"}],"wp:attachment":[{"href":"https:\/\/www.boxrepsol.com\/es\/wp-json\/wp\/v2\/media?parent=89864"}],"wp:term":[{"taxonomy":"category","embeddable":true,"href":"https:\/\/www.boxrepsol.com\/es\/wp-json\/wp\/v2\/categories?post=89864"},{"taxonomy":"post_tag","embeddable":true,"href":"https:\/\/www.boxrepsol.com\/es\/wp-json\/wp\/v2\/tags?post=89864"}],"curies":[{"name":"wp","href":"https:\/\/api.w.org\/{rel}","templated":true}]}}