{"id":89863,"date":"2016-09-03T00:00:00","date_gmt":"2016-09-03T02:00:00","guid":{"rendered":"http:\/\/pre.boxrepsol.com\/sin-categorizar\/nueva-victoria-toni-bou-sumar-vigesimo-mundial\/"},"modified":"2024-05-07T07:04:27","modified_gmt":"2024-05-07T09:04:27","slug":"nueva-victoria-toni-bou-sumar-vigesimo-mundial","status":"publish","type":"post","link":"https:\/\/www.boxrepsol.com\/es\/trial\/nueva-victoria-toni-bou-sumar-vigesimo-mundial\/","title":{"rendered":"Nueva victoria de Toni Bou para sumar su vig\u00e9simo Mundial"},"content":{"rendered":"<blockquote>\n<p>\u00b7@ToniBou_oficial: \u00abEste momento es muy especial; es mucho m\u00e1s de lo que pod\u00eda so\u00f1ar\u00bb.<\/p>\n<p>            <a href=\"#\"><br \/>\n            twittear        <\/a>\n        <\/p><\/blockquote>\n<p>A falta de una carrera para la finalizaci\u00f3n del Mundial 2016, el piloto del equipo Repsol Honda se ha proclamado matem\u00e1ticamente Campe\u00f3n del Mundo FIM de Trial el s\u00e1bado, en la localidad de Chiampo, Italia. Con este nuevo t\u00edtulo, son 10 las coronas en la especialidad al aire libre que suma el piloto del equipo Repsol Honda y 20 los t\u00edtulos acumulados en Trial (10 indoor y 10 outdoor).<\/p>\n<p>A Toni Bou le bastaba con terminar entre los siete primeros clasificados para adjudicarse la corona, pero el piloto del equipo Repsol Honda ha logrado una nueva victoria gracias a un pilotaje excelente que no ha dado opci\u00f3n a sus rivales. En las tres vueltas al recorrido de 12 selectivas zonas, Bou ha terminado con apenas 13 puntos, 43 menos que el segundo clasificado, Adam Raga.<\/p>\n<p>Su compa\u00f1ero de equipo, Takahisa Fujinami, todav\u00eda recuper\u00e1ndose de una fractura en la mu\u00f1eca, ha terminado sexto y se mantiene en tercera posici\u00f3n del Mundial con 11 puntos de ventaja sobre el cuarto clasificado. El tercer integrante del equipo, Jaime Busto, hoy ha vuelto a rodar cerca del podio, para acabar quinto en la pen\u00faltima carrera del campeonato.<\/p>\n<p>Ma\u00f1ana, segunda y \u00faltima jornada del Gran Premio de Italia, que cerrar\u00e1 la temporada 2016 de la m\u00e1xima competici\u00f3n mundial de trial<\/p>\n<p><strong>Toni Bou<\/strong><\/p>\n<p><em>\u00abEs un d\u00eda \u00fanico, porque cuando ganas un Mundial es algo muy grande. Ha sido un campeonato complicado, en el que he tenido problemas de espalda desde el inicio. Poco a poco he podido ir encontr\u00e1ndome mejor y completar una de mis mejores temporadas. Hoy, la carrera ha sido perfecta, logrando la victoria y consiguiendo el t\u00edtulo. Quiero agradecer a todos los que me han ayudado a conseguirlo, al equipo entero, a la familia y amigos. Este momento es muy especial; es mucho m\u00e1s de lo que pod\u00eda so\u00f1ar. Ahora voy a disfrutarlo, aunque tambi\u00e9n pienso en la carrera de ma\u00f1ana y en la pr\u00f3xima temporada, en seguir mejorando\u00bb.<\/em><\/p>\n<p><strong>Takahisa Fujinami<\/strong><\/p>\n<p><em>\u00abEste primer d\u00eda en Italia ha sido duro, m\u00e1s de lo que pensaba. Las zonas no eran f\u00e1ciles y no hab\u00eda suficiente tiempo para completarlas\u2026 Al principio he pilotado bien, pero luego he empezado a notar dolor en la mu\u00f1eca y no estaba c\u00f3modo, no ten\u00eda fuerza. Afortunadamente, he podido acabar bien y mantener la posici\u00f3n en la clasificaci\u00f3n general del campeonato, donde s\u00f3lo he cedido tres puntos. El objetivo es \u00e9se y creo que est\u00e1 m\u00e1s cerca\u00bb.<\/em><\/p>\n<p><strong>Jaime Busto<\/strong><\/p>\n<p><em> \u00abHa sido un d\u00eda complicado. Al principio, se me han dado bien las dos primeras zonas, pero a partir de la tercera, he cometido errores en las partes f\u00e1ciles. En cambio, las dif\u00edciles las he podido sacar adelante. En la segunda vuelta he empezado a mejorar y, ya en la tercera, he podido completar un buen ejercicio. Toni [Bou] es mi \u00eddolo, estoy seguro que todav\u00eda le quedan muchos a\u00f1os ganando, es un gran piloto\u00bb.<\/em><\/p>\n","protected":false},"excerpt":{"rendered":"<p>El piloto del equipo Repsol Honda ha logrado la und\u00e9cima victoria de la temporada y se ha proclamado Campe\u00f3n del Mundo de trial por d\u00e9cima ocasi\u00f3n consecutiva, vig\u00e9simo t\u00edtulo mundial de su palmar\u00e9s.<\/p>\n","protected":false},"author":43146,"featured_media":85699,"comment_status":"open","ping_status":"open","sticky":false,"template":"","format":"standard","meta":{"footnotes":""},"categories":[23],"tags":[21],"class_list":["post-89863","post","type-post","status-publish","format-standard","hentry","category-trial","tag-toni-bou"],"yoast_head":"<!-- This site is optimized with the Yoast SEO plugin v27.3 - https:\/\/yoast.com\/product\/yoast-seo-wordpress\/ -->\n<title>Nueva victoria de Toni Bou para sumar su vig\u00e9simo Mundial - Box Repsol<\/title>\n<meta name=\"description\" content=\"El piloto del equipo Repsol Honda ha logrado la und\u00e9cima victoria de la temporada y se ha proclamado Campe\u00f3n del Mundo de trial por d\u00e9cima ocasi\u00f3n.\" \/>\n<link rel=\"canonical\" href=\"https:\/\/www.boxrepsol.com\/es\/trial\/nueva-victoria-toni-bou-sumar-vigesimo-mundial\/\" \/>\n<meta property=\"og:locale\" content=\"es_ES\" \/>\n<meta property=\"og:type\" content=\"article\" \/>\n<meta property=\"og:title\" content=\"Nueva victoria de Toni Bou para sumar su vig\u00e9simo Mundial - Box Repsol\" \/>\n<meta property=\"og:description\" content=\"El piloto del equipo Repsol Honda ha logrado la und\u00e9cima victoria de la temporada y se ha proclamado Campe\u00f3n del Mundo de trial por d\u00e9cima ocasi\u00f3n.\" \/>\n<meta property=\"og:url\" content=\"https:\/\/www.boxrepsol.com\/es\/trial\/nueva-victoria-toni-bou-sumar-vigesimo-mundial\/\" \/>\n<meta property=\"og:site_name\" content=\"Box Repsol\" \/>\n<meta property=\"article:publisher\" content=\"https:\/\/www.facebook.com\/BoxRepsol\" \/>\n<meta property=\"article:author\" content=\"https:\/\/www.facebook.com\/BoxRepsol\/\" \/>\n<meta property=\"article:published_time\" content=\"2016-09-03T02:00:00+00:00\" \/>\n<meta property=\"article:modified_time\" content=\"2024-05-07T09:04:27+00:00\" \/>\n<meta property=\"og:image\" content=\"https:\/\/www.boxrepsol.com\/wp-content\/uploads\/2022\/08\/01-toni-bou-20-mundiales-repsol-honda-trial.jpg\" \/>\n\t<meta property=\"og:image:width\" content=\"984\" \/>\n\t<meta property=\"og:image:height\" content=\"412\" \/>\n\t<meta property=\"og:image:type\" content=\"image\/jpeg\" \/>\n<meta name=\"author\" content=\"Redacci\u00f3n Box Repsol\" \/>\n<meta name=\"twitter:card\" content=\"summary_large_image\" \/>\n<meta name=\"twitter:creator\" content=\"@https:\/\/twitter.com\/box_repsol\" \/>\n<meta name=\"twitter:site\" content=\"@box_repsol\" \/>\n<meta name=\"twitter:label1\" content=\"Written by\" \/>\n\t<meta name=\"twitter:data1\" content=\"Redacci\u00f3n Box Repsol\" \/>\n\t<meta name=\"twitter:label2\" content=\"Est. reading time\" \/>\n\t<meta name=\"twitter:data2\" content=\"3 minutos\" \/>\n<script type=\"application\/ld+json\" class=\"yoast-schema-graph\">{\"@context\":\"https:\\\/\\\/schema.org\",\"@graph\":[{\"@type\":\"Article\",\"@id\":\"https:\\\/\\\/www.boxrepsol.com\\\/es\\\/trial\\\/nueva-victoria-toni-bou-sumar-vigesimo-mundial\\\/#article\",\"isPartOf\":{\"@id\":\"https:\\\/\\\/www.boxrepsol.com\\\/es\\\/trial\\\/nueva-victoria-toni-bou-sumar-vigesimo-mundial\\\/\"},\"author\":{\"name\":\"Redacci\u00f3n Box Repsol\",\"@id\":\"https:\\\/\\\/www.boxrepsol.com\\\/es\\\/#\\\/schema\\\/person\\\/c5c2138f2cca251b0ad92b7086bb60b7\"},\"headline\":\"Nueva victoria de Toni Bou para sumar su vig\u00e9simo Mundial\",\"datePublished\":\"2016-09-03T02:00:00+00:00\",\"dateModified\":\"2024-05-07T09:04:27+00:00\",\"mainEntityOfPage\":{\"@id\":\"https:\\\/\\\/www.boxrepsol.com\\\/es\\\/trial\\\/nueva-victoria-toni-bou-sumar-vigesimo-mundial\\\/\"},\"wordCount\":544,\"commentCount\":0,\"publisher\":{\"@id\":\"https:\\\/\\\/www.boxrepsol.com\\\/es\\\/#organization\"},\"image\":{\"@id\":\"https:\\\/\\\/www.boxrepsol.com\\\/es\\\/trial\\\/nueva-victoria-toni-bou-sumar-vigesimo-mundial\\\/#primaryimage\"},\"thumbnailUrl\":\"https:\\\/\\\/www.boxrepsol.com\\\/wp-content\\\/uploads\\\/2022\\\/08\\\/01-toni-bou-20-mundiales-repsol-honda-trial.jpg\",\"keywords\":[\"Toni Bou\"],\"articleSection\":[\"Trial\"],\"inLanguage\":\"es\",\"potentialAction\":[{\"@type\":\"CommentAction\",\"name\":\"Comment\",\"target\":[\"https:\\\/\\\/www.boxrepsol.com\\\/es\\\/trial\\\/nueva-victoria-toni-bou-sumar-vigesimo-mundial\\\/#respond\"]}]},{\"@type\":\"WebPage\",\"@id\":\"https:\\\/\\\/www.boxrepsol.com\\\/es\\\/trial\\\/nueva-victoria-toni-bou-sumar-vigesimo-mundial\\\/\",\"url\":\"https:\\\/\\\/www.boxrepsol.com\\\/es\\\/trial\\\/nueva-victoria-toni-bou-sumar-vigesimo-mundial\\\/\",\"name\":\"Nueva victoria de Toni Bou para sumar su vig\u00e9simo Mundial - Box Repsol\",\"isPartOf\":{\"@id\":\"https:\\\/\\\/www.boxrepsol.com\\\/es\\\/#website\"},\"primaryImageOfPage\":{\"@id\":\"https:\\\/\\\/www.boxrepsol.com\\\/es\\\/trial\\\/nueva-victoria-toni-bou-sumar-vigesimo-mundial\\\/#primaryimage\"},\"image\":{\"@id\":\"https:\\\/\\\/www.boxrepsol.com\\\/es\\\/trial\\\/nueva-victoria-toni-bou-sumar-vigesimo-mundial\\\/#primaryimage\"},\"thumbnailUrl\":\"https:\\\/\\\/www.boxrepsol.com\\\/wp-content\\\/uploads\\\/2022\\\/08\\\/01-toni-bou-20-mundiales-repsol-honda-trial.jpg\",\"datePublished\":\"2016-09-03T02:00:00+00:00\",\"dateModified\":\"2024-05-07T09:04:27+00:00\",\"description\":\"El piloto del equipo Repsol Honda ha logrado la und\u00e9cima victoria de la temporada y se ha proclamado Campe\u00f3n del Mundo de trial por d\u00e9cima ocasi\u00f3n.\",\"breadcrumb\":{\"@id\":\"https:\\\/\\\/www.boxrepsol.com\\\/es\\\/trial\\\/nueva-victoria-toni-bou-sumar-vigesimo-mundial\\\/#breadcrumb\"},\"inLanguage\":\"es\",\"potentialAction\":[{\"@type\":\"ReadAction\",\"target\":[\"https:\\\/\\\/www.boxrepsol.com\\\/es\\\/trial\\\/nueva-victoria-toni-bou-sumar-vigesimo-mundial\\\/\"]}]},{\"@type\":\"ImageObject\",\"inLanguage\":\"es\",\"@id\":\"https:\\\/\\\/www.boxrepsol.com\\\/es\\\/trial\\\/nueva-victoria-toni-bou-sumar-vigesimo-mundial\\\/#primaryimage\",\"url\":\"https:\\\/\\\/www.boxrepsol.com\\\/wp-content\\\/uploads\\\/2022\\\/08\\\/01-toni-bou-20-mundiales-repsol-honda-trial.jpg\",\"contentUrl\":\"https:\\\/\\\/www.boxrepsol.com\\\/wp-content\\\/uploads\\\/2022\\\/08\\\/01-toni-bou-20-mundiales-repsol-honda-trial.jpg\",\"width\":984,\"height\":412,\"caption\":\"Toni Bou con el emblema de sus 20 mundiales\"},{\"@type\":\"BreadcrumbList\",\"@id\":\"https:\\\/\\\/www.boxrepsol.com\\\/es\\\/trial\\\/nueva-victoria-toni-bou-sumar-vigesimo-mundial\\\/#breadcrumb\",\"itemListElement\":[{\"@type\":\"ListItem\",\"position\":1,\"name\":\"Home\",\"item\":\"https:\\\/\\\/www.boxrepsol.com\\\/es\\\/\"},{\"@type\":\"ListItem\",\"position\":2,\"name\":\"Nueva victoria de Toni Bou para sumar su vig\u00e9simo Mundial\"}]},{\"@type\":\"WebSite\",\"@id\":\"https:\\\/\\\/www.boxrepsol.com\\\/es\\\/#website\",\"url\":\"https:\\\/\\\/www.boxrepsol.com\\\/es\\\/\",\"name\":\"Box Repsol\",\"description\":\"Box Repsol Site\",\"publisher\":{\"@id\":\"https:\\\/\\\/www.boxrepsol.com\\\/es\\\/#organization\"},\"potentialAction\":[{\"@type\":\"SearchAction\",\"target\":{\"@type\":\"EntryPoint\",\"urlTemplate\":\"https:\\\/\\\/www.boxrepsol.com\\\/es\\\/?s={search_term_string}\"},\"query-input\":{\"@type\":\"PropertyValueSpecification\",\"valueRequired\":true,\"valueName\":\"search_term_string\"}}],\"inLanguage\":\"es\"},{\"@type\":\"Organization\",\"@id\":\"https:\\\/\\\/www.boxrepsol.com\\\/es\\\/#organization\",\"name\":\"Box Repsol\",\"url\":\"https:\\\/\\\/www.boxrepsol.com\\\/es\\\/\",\"logo\":{\"@type\":\"ImageObject\",\"inLanguage\":\"es\",\"@id\":\"https:\\\/\\\/www.boxrepsol.com\\\/es\\\/#\\\/schema\\\/logo\\\/image\\\/\",\"url\":\"https:\\\/\\\/bxrepsol.s3.eu-west-1.amazonaws.com\\\/static\\\/2025\\\/07\\\/30083337\\\/favicon-96x96-1.png\",\"contentUrl\":\"https:\\\/\\\/bxrepsol.s3.eu-west-1.amazonaws.com\\\/static\\\/2025\\\/07\\\/30083337\\\/favicon-96x96-1.png\",\"width\":96,\"height\":96,\"caption\":\"Box Repsol\"},\"image\":{\"@id\":\"https:\\\/\\\/www.boxrepsol.com\\\/es\\\/#\\\/schema\\\/logo\\\/image\\\/\"},\"sameAs\":[\"https:\\\/\\\/www.facebook.com\\\/BoxRepsol\",\"https:\\\/\\\/x.com\\\/box_repsol\",\"http:\\\/\\\/instagram.com\\\/box_repsol\",\"https:\\\/\\\/www.youtube.com\\\/user\\\/RepsolCompeticion\",\"https:\\\/\\\/www.flickr.com\\\/photos\\\/box_repsol\\\/\"]},{\"@type\":\"Person\",\"@id\":\"https:\\\/\\\/www.boxrepsol.com\\\/es\\\/#\\\/schema\\\/person\\\/c5c2138f2cca251b0ad92b7086bb60b7\",\"name\":\"Redacci\u00f3n Box Repsol\",\"image\":{\"@type\":\"ImageObject\",\"inLanguage\":\"es\",\"@id\":\"https:\\\/\\\/secure.gravatar.com\\\/avatar\\\/adf7b77e38b4419baf32c7e9c21dde01f4e40df611f0978e3006fc4ba0aaab7e?s=96&d=mm&r=g\",\"url\":\"https:\\\/\\\/secure.gravatar.com\\\/avatar\\\/adf7b77e38b4419baf32c7e9c21dde01f4e40df611f0978e3006fc4ba0aaab7e?s=96&d=mm&r=g\",\"contentUrl\":\"https:\\\/\\\/secure.gravatar.com\\\/avatar\\\/adf7b77e38b4419baf32c7e9c21dde01f4e40df611f0978e3006fc4ba0aaab7e?s=96&d=mm&r=g\",\"caption\":\"Redacci\u00f3n Box Repsol\"},\"description\":\"Box Repsol lo forma un equipo de periodistas, community managers, dise\u00f1adores y fot\u00f3grafos con m\u00e1s de 20 a\u00f1os de experiencia en el mundo del motorsport. Hemos vivido el primer mundial de un espa\u00f1ol en la categor\u00eda reina de motociclismo con \u00c1lex Crivill\u00e9, estuvimos en las victorias de Pedrosa y los t\u00edtulos de M\u00e1rquez, acompa\u00f1amos en \u00c1frica a Nani Roma y Marc Coma en sus conquistas del Dakar y hemos vibrado con los t\u00edtulos de Toni Bou en Trial. Adem\u00e1s, en nuestro equipo contamos con expertos en el mundo de las dos y cuatro ruedas tanto de la calle y las carreteras, como de los circuitos. Periodistas que han trabajado en revistas y publicaciones para hacerte llegar desde rutas y consejos de mantenimiento, a curiosidades y trucos de pilotaje.\",\"sameAs\":[\"https:\\\/\\\/www.facebook.com\\\/BoxRepsol\\\/\",\"https:\\\/\\\/www.instagram.com\\\/box_repsol\\\/\",\"https:\\\/\\\/x.com\\\/https:\\\/\\\/twitter.com\\\/box_repsol\",\"https:\\\/\\\/www.youtube.com\\\/@Boxrepsol\"],\"url\":\"https:\\\/\\\/www.boxrepsol.com\\\/es\\\/author\\\/redaccion-box-repsol\\\/\"}]}<\/script>\n<!-- \/ Yoast SEO plugin. -->","yoast_head_json":{"title":"Nueva victoria de Toni Bou para sumar su vig\u00e9simo Mundial - Box Repsol","description":"El piloto del equipo Repsol Honda ha logrado la und\u00e9cima victoria de la temporada y se ha proclamado Campe\u00f3n del Mundo de trial por d\u00e9cima ocasi\u00f3n.","canonical":"https:\/\/www.boxrepsol.com\/es\/trial\/nueva-victoria-toni-bou-sumar-vigesimo-mundial\/","og_locale":"es_ES","og_type":"article","og_title":"Nueva victoria de Toni Bou para sumar su vig\u00e9simo Mundial - Box Repsol","og_description":"El piloto del equipo Repsol Honda ha logrado la und\u00e9cima victoria de la temporada y se ha proclamado Campe\u00f3n del Mundo de trial por d\u00e9cima ocasi\u00f3n.","og_url":"https:\/\/www.boxrepsol.com\/es\/trial\/nueva-victoria-toni-bou-sumar-vigesimo-mundial\/","og_site_name":"Box Repsol","article_publisher":"https:\/\/www.facebook.com\/BoxRepsol","article_author":"https:\/\/www.facebook.com\/BoxRepsol\/","article_published_time":"2016-09-03T02:00:00+00:00","article_modified_time":"2024-05-07T09:04:27+00:00","og_image":[{"width":984,"height":412,"url":"https:\/\/www.boxrepsol.com\/wp-content\/uploads\/2022\/08\/01-toni-bou-20-mundiales-repsol-honda-trial.jpg","type":"image\/jpeg"}],"author":"Redacci\u00f3n Box Repsol","twitter_card":"summary_large_image","twitter_creator":"@https:\/\/twitter.com\/box_repsol","twitter_site":"@box_repsol","twitter_misc":{"Written by":"Redacci\u00f3n Box Repsol","Est. reading time":"3 minutos"},"schema":{"@context":"https:\/\/schema.org","@graph":[{"@type":"Article","@id":"https:\/\/www.boxrepsol.com\/es\/trial\/nueva-victoria-toni-bou-sumar-vigesimo-mundial\/#article","isPartOf":{"@id":"https:\/\/www.boxrepsol.com\/es\/trial\/nueva-victoria-toni-bou-sumar-vigesimo-mundial\/"},"author":{"name":"Redacci\u00f3n Box Repsol","@id":"https:\/\/www.boxrepsol.com\/es\/#\/schema\/person\/c5c2138f2cca251b0ad92b7086bb60b7"},"headline":"Nueva victoria de Toni Bou para sumar su vig\u00e9simo Mundial","datePublished":"2016-09-03T02:00:00+00:00","dateModified":"2024-05-07T09:04:27+00:00","mainEntityOfPage":{"@id":"https:\/\/www.boxrepsol.com\/es\/trial\/nueva-victoria-toni-bou-sumar-vigesimo-mundial\/"},"wordCount":544,"commentCount":0,"publisher":{"@id":"https:\/\/www.boxrepsol.com\/es\/#organization"},"image":{"@id":"https:\/\/www.boxrepsol.com\/es\/trial\/nueva-victoria-toni-bou-sumar-vigesimo-mundial\/#primaryimage"},"thumbnailUrl":"https:\/\/www.boxrepsol.com\/wp-content\/uploads\/2022\/08\/01-toni-bou-20-mundiales-repsol-honda-trial.jpg","keywords":["Toni Bou"],"articleSection":["Trial"],"inLanguage":"es","potentialAction":[{"@type":"CommentAction","name":"Comment","target":["https:\/\/www.boxrepsol.com\/es\/trial\/nueva-victoria-toni-bou-sumar-vigesimo-mundial\/#respond"]}]},{"@type":"WebPage","@id":"https:\/\/www.boxrepsol.com\/es\/trial\/nueva-victoria-toni-bou-sumar-vigesimo-mundial\/","url":"https:\/\/www.boxrepsol.com\/es\/trial\/nueva-victoria-toni-bou-sumar-vigesimo-mundial\/","name":"Nueva victoria de Toni Bou para sumar su vig\u00e9simo Mundial - Box Repsol","isPartOf":{"@id":"https:\/\/www.boxrepsol.com\/es\/#website"},"primaryImageOfPage":{"@id":"https:\/\/www.boxrepsol.com\/es\/trial\/nueva-victoria-toni-bou-sumar-vigesimo-mundial\/#primaryimage"},"image":{"@id":"https:\/\/www.boxrepsol.com\/es\/trial\/nueva-victoria-toni-bou-sumar-vigesimo-mundial\/#primaryimage"},"thumbnailUrl":"https:\/\/www.boxrepsol.com\/wp-content\/uploads\/2022\/08\/01-toni-bou-20-mundiales-repsol-honda-trial.jpg","datePublished":"2016-09-03T02:00:00+00:00","dateModified":"2024-05-07T09:04:27+00:00","description":"El piloto del equipo Repsol Honda ha logrado la und\u00e9cima victoria de la temporada y se ha proclamado Campe\u00f3n del Mundo de trial por d\u00e9cima ocasi\u00f3n.","breadcrumb":{"@id":"https:\/\/www.boxrepsol.com\/es\/trial\/nueva-victoria-toni-bou-sumar-vigesimo-mundial\/#breadcrumb"},"inLanguage":"es","potentialAction":[{"@type":"ReadAction","target":["https:\/\/www.boxrepsol.com\/es\/trial\/nueva-victoria-toni-bou-sumar-vigesimo-mundial\/"]}]},{"@type":"ImageObject","inLanguage":"es","@id":"https:\/\/www.boxrepsol.com\/es\/trial\/nueva-victoria-toni-bou-sumar-vigesimo-mundial\/#primaryimage","url":"https:\/\/www.boxrepsol.com\/wp-content\/uploads\/2022\/08\/01-toni-bou-20-mundiales-repsol-honda-trial.jpg","contentUrl":"https:\/\/www.boxrepsol.com\/wp-content\/uploads\/2022\/08\/01-toni-bou-20-mundiales-repsol-honda-trial.jpg","width":984,"height":412,"caption":"Toni Bou con el emblema de sus 20 mundiales"},{"@type":"BreadcrumbList","@id":"https:\/\/www.boxrepsol.com\/es\/trial\/nueva-victoria-toni-bou-sumar-vigesimo-mundial\/#breadcrumb","itemListElement":[{"@type":"ListItem","position":1,"name":"Home","item":"https:\/\/www.boxrepsol.com\/es\/"},{"@type":"ListItem","position":2,"name":"Nueva victoria de Toni Bou para sumar su vig\u00e9simo Mundial"}]},{"@type":"WebSite","@id":"https:\/\/www.boxrepsol.com\/es\/#website","url":"https:\/\/www.boxrepsol.com\/es\/","name":"Box Repsol","description":"Box Repsol Site","publisher":{"@id":"https:\/\/www.boxrepsol.com\/es\/#organization"},"potentialAction":[{"@type":"SearchAction","target":{"@type":"EntryPoint","urlTemplate":"https:\/\/www.boxrepsol.com\/es\/?s={search_term_string}"},"query-input":{"@type":"PropertyValueSpecification","valueRequired":true,"valueName":"search_term_string"}}],"inLanguage":"es"},{"@type":"Organization","@id":"https:\/\/www.boxrepsol.com\/es\/#organization","name":"Box Repsol","url":"https:\/\/www.boxrepsol.com\/es\/","logo":{"@type":"ImageObject","inLanguage":"es","@id":"https:\/\/www.boxrepsol.com\/es\/#\/schema\/logo\/image\/","url":"https:\/\/bxrepsol.s3.eu-west-1.amazonaws.com\/static\/2025\/07\/30083337\/favicon-96x96-1.png","contentUrl":"https:\/\/bxrepsol.s3.eu-west-1.amazonaws.com\/static\/2025\/07\/30083337\/favicon-96x96-1.png","width":96,"height":96,"caption":"Box Repsol"},"image":{"@id":"https:\/\/www.boxrepsol.com\/es\/#\/schema\/logo\/image\/"},"sameAs":["https:\/\/www.facebook.com\/BoxRepsol","https:\/\/x.com\/box_repsol","http:\/\/instagram.com\/box_repsol","https:\/\/www.youtube.com\/user\/RepsolCompeticion","https:\/\/www.flickr.com\/photos\/box_repsol\/"]},{"@type":"Person","@id":"https:\/\/www.boxrepsol.com\/es\/#\/schema\/person\/c5c2138f2cca251b0ad92b7086bb60b7","name":"Redacci\u00f3n Box Repsol","image":{"@type":"ImageObject","inLanguage":"es","@id":"https:\/\/secure.gravatar.com\/avatar\/adf7b77e38b4419baf32c7e9c21dde01f4e40df611f0978e3006fc4ba0aaab7e?s=96&d=mm&r=g","url":"https:\/\/secure.gravatar.com\/avatar\/adf7b77e38b4419baf32c7e9c21dde01f4e40df611f0978e3006fc4ba0aaab7e?s=96&d=mm&r=g","contentUrl":"https:\/\/secure.gravatar.com\/avatar\/adf7b77e38b4419baf32c7e9c21dde01f4e40df611f0978e3006fc4ba0aaab7e?s=96&d=mm&r=g","caption":"Redacci\u00f3n Box Repsol"},"description":"Box Repsol lo forma un equipo de periodistas, community managers, dise\u00f1adores y fot\u00f3grafos con m\u00e1s de 20 a\u00f1os de experiencia en el mundo del motorsport. Hemos vivido el primer mundial de un espa\u00f1ol en la categor\u00eda reina de motociclismo con \u00c1lex Crivill\u00e9, estuvimos en las victorias de Pedrosa y los t\u00edtulos de M\u00e1rquez, acompa\u00f1amos en \u00c1frica a Nani Roma y Marc Coma en sus conquistas del Dakar y hemos vibrado con los t\u00edtulos de Toni Bou en Trial. Adem\u00e1s, en nuestro equipo contamos con expertos en el mundo de las dos y cuatro ruedas tanto de la calle y las carreteras, como de los circuitos. Periodistas que han trabajado en revistas y publicaciones para hacerte llegar desde rutas y consejos de mantenimiento, a curiosidades y trucos de pilotaje.","sameAs":["https:\/\/www.facebook.com\/BoxRepsol\/","https:\/\/www.instagram.com\/box_repsol\/","https:\/\/x.com\/https:\/\/twitter.com\/box_repsol","https:\/\/www.youtube.com\/@Boxrepsol"],"url":"https:\/\/www.boxrepsol.com\/es\/author\/redaccion-box-repsol\/"}]}},"_links":{"self":[{"href":"https:\/\/www.boxrepsol.com\/es\/wp-json\/wp\/v2\/posts\/89863","targetHints":{"allow":["GET"]}}],"collection":[{"href":"https:\/\/www.boxrepsol.com\/es\/wp-json\/wp\/v2\/posts"}],"about":[{"href":"https:\/\/www.boxrepsol.com\/es\/wp-json\/wp\/v2\/types\/post"}],"author":[{"embeddable":true,"href":"https:\/\/www.boxrepsol.com\/es\/wp-json\/wp\/v2\/users\/43146"}],"replies":[{"embeddable":true,"href":"https:\/\/www.boxrepsol.com\/es\/wp-json\/wp\/v2\/comments?post=89863"}],"version-history":[{"count":1,"href":"https:\/\/www.boxrepsol.com\/es\/wp-json\/wp\/v2\/posts\/89863\/revisions"}],"predecessor-version":[{"id":108952,"href":"https:\/\/www.boxrepsol.com\/es\/wp-json\/wp\/v2\/posts\/89863\/revisions\/108952"}],"wp:featuredmedia":[{"embeddable":true,"href":"https:\/\/www.boxrepsol.com\/es\/wp-json\/wp\/v2\/media\/85699"}],"wp:attachment":[{"href":"https:\/\/www.boxrepsol.com\/es\/wp-json\/wp\/v2\/media?parent=89863"}],"wp:term":[{"taxonomy":"category","embeddable":true,"href":"https:\/\/www.boxrepsol.com\/es\/wp-json\/wp\/v2\/categories?post=89863"},{"taxonomy":"post_tag","embeddable":true,"href":"https:\/\/www.boxrepsol.com\/es\/wp-json\/wp\/v2\/tags?post=89863"}],"curies":[{"name":"wp","href":"https:\/\/api.w.org\/{rel}","templated":true}]}}