{"id":89861,"date":"2016-09-11T00:00:00","date_gmt":"2016-09-11T02:00:00","guid":{"rendered":"http:\/\/pre.boxrepsol.com\/sin-categorizar\/una-caida-impide-a-jorge-navarro-luchar-por-la-victoria\/"},"modified":"2024-05-07T07:03:10","modified_gmt":"2024-05-07T09:03:10","slug":"una-caida-impide-a-jorge-navarro-luchar-por-la-victoria","status":"publish","type":"post","link":"https:\/\/www.boxrepsol.com\/es\/motogp\/una-caida-impide-a-jorge-navarro-luchar-por-la-victoria\/","title":{"rendered":"Una ca\u00edda impide a Jorge Navarro luchar por la victoria"},"content":{"rendered":"<blockquote>\n<p>Jorge Navarro: \u00abpodr\u00edamos haber optado a la victoria\u00bb<\/p>\n<p>            <a href=\"http:\/\/twitter.com\/share?text=Jorge+Navarro%3A+%22podr%C3%ADamos+haber+optado+a+la+victoria%22&#038;url=http%3A%2F%2F34.249.211.158%2Fes%2Fmoto3%2Funa-caida-impide-a-jorge-navarro-luchar-por-la-victoria%2F&#038;hashtags=\" target=\"_blank\" rel=\"noopener\"><br \/>\n            twittear        <\/a>\n        <\/p><\/blockquote>\n<p>Jorge Navarro ha perdido hoy pr\u00e1cticamente cualquier opci\u00f3n de luchar por el t\u00edtulo de Moto3, tras sufrir una ca\u00edda durante el Gran Premio de San Marino, rodando tercero por detr\u00e1s de Binder y Bastianini. El bravo piloto Repsol ha ca\u00eddo al acelerar en la curva 14 durante el octavo giro y se ha dislocado el hombro izquierdo, que posteriormente los m\u00e9dicos del circuito le han recolocado. Tras este cero en su casillero, Navarro cae a la tercera posici\u00f3n de la clasificaci\u00f3n general y se queda a 111 puntos del l\u00edder, el sudafricano Brad Binder. Su compa\u00f1ero Ar\u00f3n Canet, que ha llegado a rodar quinto, ha mantenido el buen ritmo exhibido en los entrenamientos y ha terminado s\u00e9ptimo, sumando m\u00e1s puntos en su casillero.<\/p>\n<p>\t\t\t\t<img decoding=\"async\" src=\"https:\/\/bxrepsol.s3.eu-west-1.amazonaws.com\/static\/2022\/08\/29044740\/50-moto3-misano.jpg\" alt=\"50-moto3-misano\" itemprop=\"image\"  \/><\/p>\n<h3><strong>Jorge Navarro<\/strong><\/h3>\n<p><em>\u00abEs una l\u00e1stima que esta ca\u00edda nos haya impedido acabar la carrera, porque estaba bien situado y creo que podr\u00edamos haber optado a la victoria. Pero saliendo de una curva he abierto el acelerador un poco m\u00e1s de la cuenta, he perdido el agarre en el neum\u00e1tico trasero y no he podido evitar la ca\u00edda. Ahora tenemos que seguir trabajando igual, porque la l\u00ednea que hemos seguido con el equipo este fin de semana ha sido muy buena, rodando r\u00e1pido en todos los entrenamientos y con buen ritmo para la carrera. Los resultados no est\u00e1n acompa\u00f1ando, por un error ajeno en Silverstone y uno propio aqu\u00ed, pero el recuerdo de Arag\u00f3n del a\u00f1o pasado es muy bueno y seguiremos con las mismas ganas con el objetivo de disfrutar y volver a estar delante.\u00bb<\/em><\/p>\n<h3><strong>Ar\u00f3n Canet<\/strong><\/h3>\n<p><em>\u00abHa sido una carrera muy exigente f\u00edsicamente; ha hecho mucho calor y hemos rodado a un ritmo muy alto. En el tramo inicial nos ha costado un poco y es algo que debemos mejorar de aqu\u00ed a final de temporada, ya que de haber empezado bien, estoy seguro que habr\u00edamos optado a las posiciones de podio. Hemos terminado la carrera \u2013eso es positivo\u2013 y hemos podido marcar un buen ritmo, especialmente en las \u00faltimas vueltas. Adem\u00e1s, lo he hecho en el Top10. En definitiva, el balance del fin de semana es muy positivo y cumplimos con los objetivos que nos hab\u00edamos marcado con el equipo.\u00bb<\/em><\/p>\n","protected":false},"excerpt":{"rendered":"<p>El piloto Repsol cae cuando rodaba en el grupo de cabeza y sufre una luxaci\u00f3n en su hombro izquierdo. Su compa\u00f1ero Ar\u00f3n Canet termina s\u00e9ptimo y suma unos valiosos puntos.<\/p>\n","protected":false},"author":43146,"featured_media":85696,"comment_status":"open","ping_status":"open","sticky":false,"template":"","format":"standard","meta":{"footnotes":""},"categories":[4],"tags":[14],"class_list":["post-89861","post","type-post","status-publish","format-standard","hentry","category-motogp","tag-moto3"],"yoast_head":"<!-- This site is optimized with the Yoast SEO plugin v27.3 - https:\/\/yoast.com\/product\/yoast-seo-wordpress\/ -->\n<title>Una ca\u00edda impide a Jorge Navarro luchar por la victoria - Box Repsol<\/title>\n<meta name=\"description\" content=\"El piloto Repsol cae cuando rodaba en el grupo de cabeza y sufre una luxaci\u00f3n en su hombro izquierdo. Su compa\u00f1ero Ar\u00f3n Canet termina s\u00e9ptimo...\" \/>\n<link rel=\"canonical\" href=\"https:\/\/www.boxrepsol.com\/es\/motogp\/una-caida-impide-a-jorge-navarro-luchar-por-la-victoria\/\" \/>\n<meta property=\"og:locale\" content=\"es_ES\" \/>\n<meta property=\"og:type\" content=\"article\" \/>\n<meta property=\"og:title\" content=\"Una ca\u00edda impide a Jorge Navarro luchar por la victoria - Box Repsol\" \/>\n<meta property=\"og:description\" content=\"El piloto Repsol cae cuando rodaba en el grupo de cabeza y sufre una luxaci\u00f3n en su hombro izquierdo. Su compa\u00f1ero Ar\u00f3n Canet termina s\u00e9ptimo...\" \/>\n<meta property=\"og:url\" content=\"https:\/\/www.boxrepsol.com\/es\/motogp\/una-caida-impide-a-jorge-navarro-luchar-por-la-victoria\/\" \/>\n<meta property=\"og:site_name\" content=\"Box Repsol\" \/>\n<meta property=\"article:publisher\" content=\"https:\/\/www.facebook.com\/BoxRepsol\" \/>\n<meta property=\"article:author\" content=\"https:\/\/www.facebook.com\/BoxRepsol\/\" \/>\n<meta property=\"article:published_time\" content=\"2016-09-11T02:00:00+00:00\" \/>\n<meta property=\"article:modified_time\" content=\"2024-05-07T09:03:10+00:00\" \/>\n<meta property=\"og:image\" content=\"https:\/\/www.boxrepsol.com\/wp-content\/uploads\/2022\/08\/49-jorge-navarro-estrella-galicia-09-moto3-repsol-honda.jpg\" \/>\n\t<meta property=\"og:image:width\" content=\"984\" \/>\n\t<meta property=\"og:image:height\" content=\"412\" \/>\n\t<meta property=\"og:image:type\" content=\"image\/jpeg\" \/>\n<meta name=\"author\" content=\"Redacci\u00f3n Box Repsol\" \/>\n<meta name=\"twitter:card\" content=\"summary_large_image\" \/>\n<meta name=\"twitter:creator\" content=\"@https:\/\/twitter.com\/box_repsol\" \/>\n<meta name=\"twitter:site\" content=\"@box_repsol\" \/>\n<meta name=\"twitter:label1\" content=\"Written by\" \/>\n\t<meta name=\"twitter:data1\" content=\"Redacci\u00f3n Box Repsol\" \/>\n\t<meta name=\"twitter:label2\" content=\"Est. reading time\" \/>\n\t<meta name=\"twitter:data2\" content=\"2 minutos\" \/>\n<script type=\"application\/ld+json\" class=\"yoast-schema-graph\">{\"@context\":\"https:\\\/\\\/schema.org\",\"@graph\":[{\"@type\":\"Article\",\"@id\":\"https:\\\/\\\/www.boxrepsol.com\\\/es\\\/motogp\\\/una-caida-impide-a-jorge-navarro-luchar-por-la-victoria\\\/#article\",\"isPartOf\":{\"@id\":\"https:\\\/\\\/www.boxrepsol.com\\\/es\\\/motogp\\\/una-caida-impide-a-jorge-navarro-luchar-por-la-victoria\\\/\"},\"author\":{\"name\":\"Redacci\u00f3n Box Repsol\",\"@id\":\"https:\\\/\\\/www.boxrepsol.com\\\/es\\\/#\\\/schema\\\/person\\\/c5c2138f2cca251b0ad92b7086bb60b7\"},\"headline\":\"Una ca\u00edda impide a Jorge Navarro luchar por la victoria\",\"datePublished\":\"2016-09-11T02:00:00+00:00\",\"dateModified\":\"2024-05-07T09:03:10+00:00\",\"mainEntityOfPage\":{\"@id\":\"https:\\\/\\\/www.boxrepsol.com\\\/es\\\/motogp\\\/una-caida-impide-a-jorge-navarro-luchar-por-la-victoria\\\/\"},\"wordCount\":415,\"commentCount\":0,\"publisher\":{\"@id\":\"https:\\\/\\\/www.boxrepsol.com\\\/es\\\/#organization\"},\"image\":{\"@id\":\"https:\\\/\\\/www.boxrepsol.com\\\/es\\\/motogp\\\/una-caida-impide-a-jorge-navarro-luchar-por-la-victoria\\\/#primaryimage\"},\"thumbnailUrl\":\"https:\\\/\\\/www.boxrepsol.com\\\/wp-content\\\/uploads\\\/2022\\\/08\\\/49-jorge-navarro-estrella-galicia-09-moto3-repsol-honda.jpg\",\"keywords\":[\"Moto3\"],\"articleSection\":[\"MotoGP\"],\"inLanguage\":\"es\",\"potentialAction\":[{\"@type\":\"CommentAction\",\"name\":\"Comment\",\"target\":[\"https:\\\/\\\/www.boxrepsol.com\\\/es\\\/motogp\\\/una-caida-impide-a-jorge-navarro-luchar-por-la-victoria\\\/#respond\"]}]},{\"@type\":\"WebPage\",\"@id\":\"https:\\\/\\\/www.boxrepsol.com\\\/es\\\/motogp\\\/una-caida-impide-a-jorge-navarro-luchar-por-la-victoria\\\/\",\"url\":\"https:\\\/\\\/www.boxrepsol.com\\\/es\\\/motogp\\\/una-caida-impide-a-jorge-navarro-luchar-por-la-victoria\\\/\",\"name\":\"Una ca\u00edda impide a Jorge Navarro luchar por la victoria - Box Repsol\",\"isPartOf\":{\"@id\":\"https:\\\/\\\/www.boxrepsol.com\\\/es\\\/#website\"},\"primaryImageOfPage\":{\"@id\":\"https:\\\/\\\/www.boxrepsol.com\\\/es\\\/motogp\\\/una-caida-impide-a-jorge-navarro-luchar-por-la-victoria\\\/#primaryimage\"},\"image\":{\"@id\":\"https:\\\/\\\/www.boxrepsol.com\\\/es\\\/motogp\\\/una-caida-impide-a-jorge-navarro-luchar-por-la-victoria\\\/#primaryimage\"},\"thumbnailUrl\":\"https:\\\/\\\/www.boxrepsol.com\\\/wp-content\\\/uploads\\\/2022\\\/08\\\/49-jorge-navarro-estrella-galicia-09-moto3-repsol-honda.jpg\",\"datePublished\":\"2016-09-11T02:00:00+00:00\",\"dateModified\":\"2024-05-07T09:03:10+00:00\",\"description\":\"El piloto Repsol cae cuando rodaba en el grupo de cabeza y sufre una luxaci\u00f3n en su hombro izquierdo. Su compa\u00f1ero Ar\u00f3n Canet termina s\u00e9ptimo...\",\"breadcrumb\":{\"@id\":\"https:\\\/\\\/www.boxrepsol.com\\\/es\\\/motogp\\\/una-caida-impide-a-jorge-navarro-luchar-por-la-victoria\\\/#breadcrumb\"},\"inLanguage\":\"es\",\"potentialAction\":[{\"@type\":\"ReadAction\",\"target\":[\"https:\\\/\\\/www.boxrepsol.com\\\/es\\\/motogp\\\/una-caida-impide-a-jorge-navarro-luchar-por-la-victoria\\\/\"]}]},{\"@type\":\"ImageObject\",\"inLanguage\":\"es\",\"@id\":\"https:\\\/\\\/www.boxrepsol.com\\\/es\\\/motogp\\\/una-caida-impide-a-jorge-navarro-luchar-por-la-victoria\\\/#primaryimage\",\"url\":\"https:\\\/\\\/www.boxrepsol.com\\\/wp-content\\\/uploads\\\/2022\\\/08\\\/49-jorge-navarro-estrella-galicia-09-moto3-repsol-honda.jpg\",\"contentUrl\":\"https:\\\/\\\/www.boxrepsol.com\\\/wp-content\\\/uploads\\\/2022\\\/08\\\/49-jorge-navarro-estrella-galicia-09-moto3-repsol-honda.jpg\",\"width\":984,\"height\":412,\"caption\":\"Jorge Navarro en Moto3\"},{\"@type\":\"BreadcrumbList\",\"@id\":\"https:\\\/\\\/www.boxrepsol.com\\\/es\\\/motogp\\\/una-caida-impide-a-jorge-navarro-luchar-por-la-victoria\\\/#breadcrumb\",\"itemListElement\":[{\"@type\":\"ListItem\",\"position\":1,\"name\":\"Home\",\"item\":\"https:\\\/\\\/www.boxrepsol.com\\\/es\\\/\"},{\"@type\":\"ListItem\",\"position\":2,\"name\":\"Una ca\u00edda impide a Jorge Navarro luchar por la victoria\"}]},{\"@type\":\"WebSite\",\"@id\":\"https:\\\/\\\/www.boxrepsol.com\\\/es\\\/#website\",\"url\":\"https:\\\/\\\/www.boxrepsol.com\\\/es\\\/\",\"name\":\"Box Repsol\",\"description\":\"Box Repsol Site\",\"publisher\":{\"@id\":\"https:\\\/\\\/www.boxrepsol.com\\\/es\\\/#organization\"},\"potentialAction\":[{\"@type\":\"SearchAction\",\"target\":{\"@type\":\"EntryPoint\",\"urlTemplate\":\"https:\\\/\\\/www.boxrepsol.com\\\/es\\\/?s={search_term_string}\"},\"query-input\":{\"@type\":\"PropertyValueSpecification\",\"valueRequired\":true,\"valueName\":\"search_term_string\"}}],\"inLanguage\":\"es\"},{\"@type\":\"Organization\",\"@id\":\"https:\\\/\\\/www.boxrepsol.com\\\/es\\\/#organization\",\"name\":\"Box Repsol\",\"url\":\"https:\\\/\\\/www.boxrepsol.com\\\/es\\\/\",\"logo\":{\"@type\":\"ImageObject\",\"inLanguage\":\"es\",\"@id\":\"https:\\\/\\\/www.boxrepsol.com\\\/es\\\/#\\\/schema\\\/logo\\\/image\\\/\",\"url\":\"https:\\\/\\\/bxrepsol.s3.eu-west-1.amazonaws.com\\\/static\\\/2025\\\/07\\\/30083337\\\/favicon-96x96-1.png\",\"contentUrl\":\"https:\\\/\\\/bxrepsol.s3.eu-west-1.amazonaws.com\\\/static\\\/2025\\\/07\\\/30083337\\\/favicon-96x96-1.png\",\"width\":96,\"height\":96,\"caption\":\"Box Repsol\"},\"image\":{\"@id\":\"https:\\\/\\\/www.boxrepsol.com\\\/es\\\/#\\\/schema\\\/logo\\\/image\\\/\"},\"sameAs\":[\"https:\\\/\\\/www.facebook.com\\\/BoxRepsol\",\"https:\\\/\\\/x.com\\\/box_repsol\",\"http:\\\/\\\/instagram.com\\\/box_repsol\",\"https:\\\/\\\/www.youtube.com\\\/user\\\/RepsolCompeticion\",\"https:\\\/\\\/www.flickr.com\\\/photos\\\/box_repsol\\\/\"]},{\"@type\":\"Person\",\"@id\":\"https:\\\/\\\/www.boxrepsol.com\\\/es\\\/#\\\/schema\\\/person\\\/c5c2138f2cca251b0ad92b7086bb60b7\",\"name\":\"Redacci\u00f3n Box Repsol\",\"image\":{\"@type\":\"ImageObject\",\"inLanguage\":\"es\",\"@id\":\"https:\\\/\\\/secure.gravatar.com\\\/avatar\\\/adf7b77e38b4419baf32c7e9c21dde01f4e40df611f0978e3006fc4ba0aaab7e?s=96&d=mm&r=g\",\"url\":\"https:\\\/\\\/secure.gravatar.com\\\/avatar\\\/adf7b77e38b4419baf32c7e9c21dde01f4e40df611f0978e3006fc4ba0aaab7e?s=96&d=mm&r=g\",\"contentUrl\":\"https:\\\/\\\/secure.gravatar.com\\\/avatar\\\/adf7b77e38b4419baf32c7e9c21dde01f4e40df611f0978e3006fc4ba0aaab7e?s=96&d=mm&r=g\",\"caption\":\"Redacci\u00f3n Box Repsol\"},\"description\":\"Box Repsol lo forma un equipo de periodistas, community managers, dise\u00f1adores y fot\u00f3grafos con m\u00e1s de 20 a\u00f1os de experiencia en el mundo del motorsport. Hemos vivido el primer mundial de un espa\u00f1ol en la categor\u00eda reina de motociclismo con \u00c1lex Crivill\u00e9, estuvimos en las victorias de Pedrosa y los t\u00edtulos de M\u00e1rquez, acompa\u00f1amos en \u00c1frica a Nani Roma y Marc Coma en sus conquistas del Dakar y hemos vibrado con los t\u00edtulos de Toni Bou en Trial. Adem\u00e1s, en nuestro equipo contamos con expertos en el mundo de las dos y cuatro ruedas tanto de la calle y las carreteras, como de los circuitos. Periodistas que han trabajado en revistas y publicaciones para hacerte llegar desde rutas y consejos de mantenimiento, a curiosidades y trucos de pilotaje.\",\"sameAs\":[\"https:\\\/\\\/www.facebook.com\\\/BoxRepsol\\\/\",\"https:\\\/\\\/www.instagram.com\\\/box_repsol\\\/\",\"https:\\\/\\\/x.com\\\/https:\\\/\\\/twitter.com\\\/box_repsol\",\"https:\\\/\\\/www.youtube.com\\\/@Boxrepsol\"],\"url\":\"https:\\\/\\\/www.boxrepsol.com\\\/es\\\/author\\\/redaccion-box-repsol\\\/\"}]}<\/script>\n<!-- \/ Yoast SEO plugin. -->","yoast_head_json":{"title":"Una ca\u00edda impide a Jorge Navarro luchar por la victoria - Box Repsol","description":"El piloto Repsol cae cuando rodaba en el grupo de cabeza y sufre una luxaci\u00f3n en su hombro izquierdo. Su compa\u00f1ero Ar\u00f3n Canet termina s\u00e9ptimo...","canonical":"https:\/\/www.boxrepsol.com\/es\/motogp\/una-caida-impide-a-jorge-navarro-luchar-por-la-victoria\/","og_locale":"es_ES","og_type":"article","og_title":"Una ca\u00edda impide a Jorge Navarro luchar por la victoria - Box Repsol","og_description":"El piloto Repsol cae cuando rodaba en el grupo de cabeza y sufre una luxaci\u00f3n en su hombro izquierdo. Su compa\u00f1ero Ar\u00f3n Canet termina s\u00e9ptimo...","og_url":"https:\/\/www.boxrepsol.com\/es\/motogp\/una-caida-impide-a-jorge-navarro-luchar-por-la-victoria\/","og_site_name":"Box Repsol","article_publisher":"https:\/\/www.facebook.com\/BoxRepsol","article_author":"https:\/\/www.facebook.com\/BoxRepsol\/","article_published_time":"2016-09-11T02:00:00+00:00","article_modified_time":"2024-05-07T09:03:10+00:00","og_image":[{"width":984,"height":412,"url":"https:\/\/www.boxrepsol.com\/wp-content\/uploads\/2022\/08\/49-jorge-navarro-estrella-galicia-09-moto3-repsol-honda.jpg","type":"image\/jpeg"}],"author":"Redacci\u00f3n Box Repsol","twitter_card":"summary_large_image","twitter_creator":"@https:\/\/twitter.com\/box_repsol","twitter_site":"@box_repsol","twitter_misc":{"Written by":"Redacci\u00f3n Box Repsol","Est. reading time":"2 minutos"},"schema":{"@context":"https:\/\/schema.org","@graph":[{"@type":"Article","@id":"https:\/\/www.boxrepsol.com\/es\/motogp\/una-caida-impide-a-jorge-navarro-luchar-por-la-victoria\/#article","isPartOf":{"@id":"https:\/\/www.boxrepsol.com\/es\/motogp\/una-caida-impide-a-jorge-navarro-luchar-por-la-victoria\/"},"author":{"name":"Redacci\u00f3n Box Repsol","@id":"https:\/\/www.boxrepsol.com\/es\/#\/schema\/person\/c5c2138f2cca251b0ad92b7086bb60b7"},"headline":"Una ca\u00edda impide a Jorge Navarro luchar por la victoria","datePublished":"2016-09-11T02:00:00+00:00","dateModified":"2024-05-07T09:03:10+00:00","mainEntityOfPage":{"@id":"https:\/\/www.boxrepsol.com\/es\/motogp\/una-caida-impide-a-jorge-navarro-luchar-por-la-victoria\/"},"wordCount":415,"commentCount":0,"publisher":{"@id":"https:\/\/www.boxrepsol.com\/es\/#organization"},"image":{"@id":"https:\/\/www.boxrepsol.com\/es\/motogp\/una-caida-impide-a-jorge-navarro-luchar-por-la-victoria\/#primaryimage"},"thumbnailUrl":"https:\/\/www.boxrepsol.com\/wp-content\/uploads\/2022\/08\/49-jorge-navarro-estrella-galicia-09-moto3-repsol-honda.jpg","keywords":["Moto3"],"articleSection":["MotoGP"],"inLanguage":"es","potentialAction":[{"@type":"CommentAction","name":"Comment","target":["https:\/\/www.boxrepsol.com\/es\/motogp\/una-caida-impide-a-jorge-navarro-luchar-por-la-victoria\/#respond"]}]},{"@type":"WebPage","@id":"https:\/\/www.boxrepsol.com\/es\/motogp\/una-caida-impide-a-jorge-navarro-luchar-por-la-victoria\/","url":"https:\/\/www.boxrepsol.com\/es\/motogp\/una-caida-impide-a-jorge-navarro-luchar-por-la-victoria\/","name":"Una ca\u00edda impide a Jorge Navarro luchar por la victoria - Box Repsol","isPartOf":{"@id":"https:\/\/www.boxrepsol.com\/es\/#website"},"primaryImageOfPage":{"@id":"https:\/\/www.boxrepsol.com\/es\/motogp\/una-caida-impide-a-jorge-navarro-luchar-por-la-victoria\/#primaryimage"},"image":{"@id":"https:\/\/www.boxrepsol.com\/es\/motogp\/una-caida-impide-a-jorge-navarro-luchar-por-la-victoria\/#primaryimage"},"thumbnailUrl":"https:\/\/www.boxrepsol.com\/wp-content\/uploads\/2022\/08\/49-jorge-navarro-estrella-galicia-09-moto3-repsol-honda.jpg","datePublished":"2016-09-11T02:00:00+00:00","dateModified":"2024-05-07T09:03:10+00:00","description":"El piloto Repsol cae cuando rodaba en el grupo de cabeza y sufre una luxaci\u00f3n en su hombro izquierdo. Su compa\u00f1ero Ar\u00f3n Canet termina s\u00e9ptimo...","breadcrumb":{"@id":"https:\/\/www.boxrepsol.com\/es\/motogp\/una-caida-impide-a-jorge-navarro-luchar-por-la-victoria\/#breadcrumb"},"inLanguage":"es","potentialAction":[{"@type":"ReadAction","target":["https:\/\/www.boxrepsol.com\/es\/motogp\/una-caida-impide-a-jorge-navarro-luchar-por-la-victoria\/"]}]},{"@type":"ImageObject","inLanguage":"es","@id":"https:\/\/www.boxrepsol.com\/es\/motogp\/una-caida-impide-a-jorge-navarro-luchar-por-la-victoria\/#primaryimage","url":"https:\/\/www.boxrepsol.com\/wp-content\/uploads\/2022\/08\/49-jorge-navarro-estrella-galicia-09-moto3-repsol-honda.jpg","contentUrl":"https:\/\/www.boxrepsol.com\/wp-content\/uploads\/2022\/08\/49-jorge-navarro-estrella-galicia-09-moto3-repsol-honda.jpg","width":984,"height":412,"caption":"Jorge Navarro en Moto3"},{"@type":"BreadcrumbList","@id":"https:\/\/www.boxrepsol.com\/es\/motogp\/una-caida-impide-a-jorge-navarro-luchar-por-la-victoria\/#breadcrumb","itemListElement":[{"@type":"ListItem","position":1,"name":"Home","item":"https:\/\/www.boxrepsol.com\/es\/"},{"@type":"ListItem","position":2,"name":"Una ca\u00edda impide a Jorge Navarro luchar por la victoria"}]},{"@type":"WebSite","@id":"https:\/\/www.boxrepsol.com\/es\/#website","url":"https:\/\/www.boxrepsol.com\/es\/","name":"Box Repsol","description":"Box Repsol Site","publisher":{"@id":"https:\/\/www.boxrepsol.com\/es\/#organization"},"potentialAction":[{"@type":"SearchAction","target":{"@type":"EntryPoint","urlTemplate":"https:\/\/www.boxrepsol.com\/es\/?s={search_term_string}"},"query-input":{"@type":"PropertyValueSpecification","valueRequired":true,"valueName":"search_term_string"}}],"inLanguage":"es"},{"@type":"Organization","@id":"https:\/\/www.boxrepsol.com\/es\/#organization","name":"Box Repsol","url":"https:\/\/www.boxrepsol.com\/es\/","logo":{"@type":"ImageObject","inLanguage":"es","@id":"https:\/\/www.boxrepsol.com\/es\/#\/schema\/logo\/image\/","url":"https:\/\/bxrepsol.s3.eu-west-1.amazonaws.com\/static\/2025\/07\/30083337\/favicon-96x96-1.png","contentUrl":"https:\/\/bxrepsol.s3.eu-west-1.amazonaws.com\/static\/2025\/07\/30083337\/favicon-96x96-1.png","width":96,"height":96,"caption":"Box Repsol"},"image":{"@id":"https:\/\/www.boxrepsol.com\/es\/#\/schema\/logo\/image\/"},"sameAs":["https:\/\/www.facebook.com\/BoxRepsol","https:\/\/x.com\/box_repsol","http:\/\/instagram.com\/box_repsol","https:\/\/www.youtube.com\/user\/RepsolCompeticion","https:\/\/www.flickr.com\/photos\/box_repsol\/"]},{"@type":"Person","@id":"https:\/\/www.boxrepsol.com\/es\/#\/schema\/person\/c5c2138f2cca251b0ad92b7086bb60b7","name":"Redacci\u00f3n Box Repsol","image":{"@type":"ImageObject","inLanguage":"es","@id":"https:\/\/secure.gravatar.com\/avatar\/adf7b77e38b4419baf32c7e9c21dde01f4e40df611f0978e3006fc4ba0aaab7e?s=96&d=mm&r=g","url":"https:\/\/secure.gravatar.com\/avatar\/adf7b77e38b4419baf32c7e9c21dde01f4e40df611f0978e3006fc4ba0aaab7e?s=96&d=mm&r=g","contentUrl":"https:\/\/secure.gravatar.com\/avatar\/adf7b77e38b4419baf32c7e9c21dde01f4e40df611f0978e3006fc4ba0aaab7e?s=96&d=mm&r=g","caption":"Redacci\u00f3n Box Repsol"},"description":"Box Repsol lo forma un equipo de periodistas, community managers, dise\u00f1adores y fot\u00f3grafos con m\u00e1s de 20 a\u00f1os de experiencia en el mundo del motorsport. Hemos vivido el primer mundial de un espa\u00f1ol en la categor\u00eda reina de motociclismo con \u00c1lex Crivill\u00e9, estuvimos en las victorias de Pedrosa y los t\u00edtulos de M\u00e1rquez, acompa\u00f1amos en \u00c1frica a Nani Roma y Marc Coma en sus conquistas del Dakar y hemos vibrado con los t\u00edtulos de Toni Bou en Trial. Adem\u00e1s, en nuestro equipo contamos con expertos en el mundo de las dos y cuatro ruedas tanto de la calle y las carreteras, como de los circuitos. Periodistas que han trabajado en revistas y publicaciones para hacerte llegar desde rutas y consejos de mantenimiento, a curiosidades y trucos de pilotaje.","sameAs":["https:\/\/www.facebook.com\/BoxRepsol\/","https:\/\/www.instagram.com\/box_repsol\/","https:\/\/x.com\/https:\/\/twitter.com\/box_repsol","https:\/\/www.youtube.com\/@Boxrepsol"],"url":"https:\/\/www.boxrepsol.com\/es\/author\/redaccion-box-repsol\/"}]}},"_links":{"self":[{"href":"https:\/\/www.boxrepsol.com\/es\/wp-json\/wp\/v2\/posts\/89861","targetHints":{"allow":["GET"]}}],"collection":[{"href":"https:\/\/www.boxrepsol.com\/es\/wp-json\/wp\/v2\/posts"}],"about":[{"href":"https:\/\/www.boxrepsol.com\/es\/wp-json\/wp\/v2\/types\/post"}],"author":[{"embeddable":true,"href":"https:\/\/www.boxrepsol.com\/es\/wp-json\/wp\/v2\/users\/43146"}],"replies":[{"embeddable":true,"href":"https:\/\/www.boxrepsol.com\/es\/wp-json\/wp\/v2\/comments?post=89861"}],"version-history":[{"count":1,"href":"https:\/\/www.boxrepsol.com\/es\/wp-json\/wp\/v2\/posts\/89861\/revisions"}],"predecessor-version":[{"id":89862,"href":"https:\/\/www.boxrepsol.com\/es\/wp-json\/wp\/v2\/posts\/89861\/revisions\/89862"}],"wp:featuredmedia":[{"embeddable":true,"href":"https:\/\/www.boxrepsol.com\/es\/wp-json\/wp\/v2\/media\/85696"}],"wp:attachment":[{"href":"https:\/\/www.boxrepsol.com\/es\/wp-json\/wp\/v2\/media?parent=89861"}],"wp:term":[{"taxonomy":"category","embeddable":true,"href":"https:\/\/www.boxrepsol.com\/es\/wp-json\/wp\/v2\/categories?post=89861"},{"taxonomy":"post_tag","embeddable":true,"href":"https:\/\/www.boxrepsol.com\/es\/wp-json\/wp\/v2\/tags?post=89861"}],"curies":[{"name":"wp","href":"https:\/\/api.w.org\/{rel}","templated":true}]}}