{"id":89859,"date":"2016-09-14T00:00:00","date_gmt":"2016-09-14T02:00:00","guid":{"rendered":"http:\/\/pre.boxrepsol.com\/sin-categorizar\/dani-pedrosa-se-suma-a-las-leyendas-del-motor-en-cartagena\/"},"modified":"2024-05-07T07:02:42","modified_gmt":"2024-05-07T09:02:42","slug":"dani-pedrosa-se-suma-a-las-leyendas-del-motor-en-cartagena","status":"publish","type":"post","link":"https:\/\/www.boxrepsol.com\/es\/motogp\/dani-pedrosa-se-suma-a-las-leyendas-del-motor-en-cartagena\/","title":{"rendered":"Dani Pedrosa se suma a las \u2018Leyendas del Motor\u2019 en Cartagena"},"content":{"rendered":"<blockquote>\n<p>La exposici\u00f3n \u201cLeyendas del motor 1969-2015\u201d, tiene piezas \u00fanicas como las MotoGP de Dani Pedrosa y Marc M\u00e1rquez<\/p>\n<p>            <a href=\"http:\/\/twitter.com\/share?text=La+exposici%C3%B3n+%E2%80%9CLeyendas+del+motor+1969-2015%E2%80%9D%2C+tiene+piezas+%C3%BAnicas+como+las+MotoGP+de+Dani+Pedrosa+y+Marc+M%C3%A1rquez&#038;url=http%3A%2F%2F34.249.211.158%2Fes%2Fmotogp%2Fdani-pedrosa-se-suma-a-las-leyendas-del-motor-en-cartagena%2F&#038;hashtags=\" target=\"_blank\" rel=\"noopener\"><br \/>\n            twittear        <\/a>\n        <\/p><\/blockquote>\n<p>Dani Pedrosa, reciente vencedor del GP de San Marino de MotoGP, ha visitado Cartagena con motivo de la llegada a la ciudad de la exposici\u00f3n itinerante \u201cLeyendas del motor 1969-2015: de \u00c1ngel Nieto a Marc M\u00e1rquez\u201d. En un acto al que han asistido las autoridades locales y regionales, el piloto Repsol ha sido el mejor anfitri\u00f3n de una muestra que exhibe los m\u00e1s de 45 a\u00f1os de presencia de Repsol en el motor de alta competici\u00f3n, y de los que el piloto de Castellar del Vall\u00e8s (Barcelona) es un protagonista destacado.<\/p>\n<p>La exposici\u00f3n est\u00e1 enmarcada en el calendario de las Fiestas de Carthagineses y Romanos, declaradas de inter\u00e9s tur\u00edstico en Espa\u00f1a. Los visitantes tendr\u00e1n acceso, de forma gratuita y durante casi un mes, a algunas de las p\u00e1ginas doradas del deporte del motor incluyendo fotograf\u00edas y piezas \u00fanicas como las MotoGP de Dani Pedrosa y Marc M\u00e1rquez, la moto de \u00c1ngel Nieto o las monturas de Marc Coma y Toni Bou del Dakar y de trial, respectivamente.<\/p>\n<p>\t\t\t\t<img decoding=\"async\" src=\"https:\/\/bxrepsol.s3.eu-west-1.amazonaws.com\/static\/2022\/08\/29044735\/48-dani-pedrosa-leyendas-del-motor-repsol-honda-26.jpg\" alt=\"48-dani-pedrosa-leyendas-del-motor-repsol-honda-26\" itemprop=\"image\"  \/><\/p>\n<p>Adem\u00e1s, Dani Pedrosa visitar\u00e1 Santomera, donde participar\u00e1 en un encuentro con 1.500 personas en el auditorio municipal. Esta localidad murciana result\u00f3 ganadora de una promoci\u00f3n realizada por Repsol en todas sus estaciones de servicio de la Comunidad Aut\u00f3noma, al recibir 5.261 votos de entre los m\u00e1s de 10.600 recibidos en repsol.com.<\/p>\n","protected":false},"excerpt":{"rendered":"<p>El piloto Repsol inaugura en Cartagena una exposici\u00f3n que muestra los mejores momentos de Repsol en el deporte del motor, y que forma parte de las Fiestas de Carthagineses y Romanos.<\/p>\n","protected":false},"author":43146,"featured_media":85692,"comment_status":"open","ping_status":"open","sticky":false,"template":"","format":"standard","meta":{"footnotes":""},"categories":[4],"tags":[5],"class_list":["post-89859","post","type-post","status-publish","format-standard","hentry","category-motogp","tag-dani-pedrosa"],"yoast_head":"<!-- This site is optimized with the Yoast SEO plugin v27.3 - https:\/\/yoast.com\/product\/yoast-seo-wordpress\/ -->\n<title>Dani Pedrosa se suma a las \u2018Leyendas del Motor\u2019 en Cartagena - Box Repsol<\/title>\n<meta name=\"description\" content=\"El piloto Repsol inaugura en Cartagena una exposici\u00f3n que muestra los mejores momentos de Repsol en el deporte del motor...\" \/>\n<link rel=\"canonical\" href=\"https:\/\/www.boxrepsol.com\/es\/motogp\/dani-pedrosa-se-suma-a-las-leyendas-del-motor-en-cartagena\/\" \/>\n<meta property=\"og:locale\" content=\"es_ES\" \/>\n<meta property=\"og:type\" content=\"article\" \/>\n<meta property=\"og:title\" content=\"Dani Pedrosa se suma a las \u2018Leyendas del Motor\u2019 en Cartagena - Box Repsol\" \/>\n<meta property=\"og:description\" content=\"El piloto Repsol inaugura en Cartagena una exposici\u00f3n que muestra los mejores momentos de Repsol en el deporte del motor...\" \/>\n<meta property=\"og:url\" content=\"https:\/\/www.boxrepsol.com\/es\/motogp\/dani-pedrosa-se-suma-a-las-leyendas-del-motor-en-cartagena\/\" \/>\n<meta property=\"og:site_name\" content=\"Box Repsol\" \/>\n<meta property=\"article:publisher\" content=\"https:\/\/www.facebook.com\/BoxRepsol\" \/>\n<meta property=\"article:author\" content=\"https:\/\/www.facebook.com\/BoxRepsol\/\" \/>\n<meta property=\"article:published_time\" content=\"2016-09-14T02:00:00+00:00\" \/>\n<meta property=\"article:modified_time\" content=\"2024-05-07T09:02:42+00:00\" \/>\n<meta property=\"og:image\" content=\"https:\/\/www.boxrepsol.com\/wp-content\/uploads\/2022\/08\/47-dani-pedrosa-repsol-honda-26.jpg\" \/>\n\t<meta property=\"og:image:width\" content=\"984\" \/>\n\t<meta property=\"og:image:height\" content=\"412\" \/>\n\t<meta property=\"og:image:type\" content=\"image\/jpeg\" \/>\n<meta name=\"author\" content=\"Redacci\u00f3n Box Repsol\" \/>\n<meta name=\"twitter:card\" content=\"summary_large_image\" \/>\n<meta name=\"twitter:creator\" content=\"@https:\/\/twitter.com\/box_repsol\" \/>\n<meta name=\"twitter:site\" content=\"@box_repsol\" \/>\n<meta name=\"twitter:label1\" content=\"Written by\" \/>\n\t<meta name=\"twitter:data1\" content=\"Redacci\u00f3n Box Repsol\" \/>\n\t<meta name=\"twitter:label2\" content=\"Est. reading time\" \/>\n\t<meta name=\"twitter:data2\" content=\"1 minuto\" \/>\n<script type=\"application\/ld+json\" class=\"yoast-schema-graph\">{\"@context\":\"https:\\\/\\\/schema.org\",\"@graph\":[{\"@type\":\"Article\",\"@id\":\"https:\\\/\\\/www.boxrepsol.com\\\/es\\\/motogp\\\/dani-pedrosa-se-suma-a-las-leyendas-del-motor-en-cartagena\\\/#article\",\"isPartOf\":{\"@id\":\"https:\\\/\\\/www.boxrepsol.com\\\/es\\\/motogp\\\/dani-pedrosa-se-suma-a-las-leyendas-del-motor-en-cartagena\\\/\"},\"author\":{\"name\":\"Redacci\u00f3n Box Repsol\",\"@id\":\"https:\\\/\\\/www.boxrepsol.com\\\/es\\\/#\\\/schema\\\/person\\\/c5c2138f2cca251b0ad92b7086bb60b7\"},\"headline\":\"Dani Pedrosa se suma a las \u2018Leyendas del Motor\u2019 en Cartagena\",\"datePublished\":\"2016-09-14T02:00:00+00:00\",\"dateModified\":\"2024-05-07T09:02:42+00:00\",\"mainEntityOfPage\":{\"@id\":\"https:\\\/\\\/www.boxrepsol.com\\\/es\\\/motogp\\\/dani-pedrosa-se-suma-a-las-leyendas-del-motor-en-cartagena\\\/\"},\"wordCount\":266,\"commentCount\":0,\"publisher\":{\"@id\":\"https:\\\/\\\/www.boxrepsol.com\\\/es\\\/#organization\"},\"image\":{\"@id\":\"https:\\\/\\\/www.boxrepsol.com\\\/es\\\/motogp\\\/dani-pedrosa-se-suma-a-las-leyendas-del-motor-en-cartagena\\\/#primaryimage\"},\"thumbnailUrl\":\"https:\\\/\\\/www.boxrepsol.com\\\/wp-content\\\/uploads\\\/2022\\\/08\\\/47-dani-pedrosa-repsol-honda-26.jpg\",\"keywords\":[\"Dani Pedrosa\"],\"articleSection\":[\"MotoGP\"],\"inLanguage\":\"es\",\"potentialAction\":[{\"@type\":\"CommentAction\",\"name\":\"Comment\",\"target\":[\"https:\\\/\\\/www.boxrepsol.com\\\/es\\\/motogp\\\/dani-pedrosa-se-suma-a-las-leyendas-del-motor-en-cartagena\\\/#respond\"]}]},{\"@type\":\"WebPage\",\"@id\":\"https:\\\/\\\/www.boxrepsol.com\\\/es\\\/motogp\\\/dani-pedrosa-se-suma-a-las-leyendas-del-motor-en-cartagena\\\/\",\"url\":\"https:\\\/\\\/www.boxrepsol.com\\\/es\\\/motogp\\\/dani-pedrosa-se-suma-a-las-leyendas-del-motor-en-cartagena\\\/\",\"name\":\"Dani Pedrosa se suma a las \u2018Leyendas del Motor\u2019 en Cartagena - Box Repsol\",\"isPartOf\":{\"@id\":\"https:\\\/\\\/www.boxrepsol.com\\\/es\\\/#website\"},\"primaryImageOfPage\":{\"@id\":\"https:\\\/\\\/www.boxrepsol.com\\\/es\\\/motogp\\\/dani-pedrosa-se-suma-a-las-leyendas-del-motor-en-cartagena\\\/#primaryimage\"},\"image\":{\"@id\":\"https:\\\/\\\/www.boxrepsol.com\\\/es\\\/motogp\\\/dani-pedrosa-se-suma-a-las-leyendas-del-motor-en-cartagena\\\/#primaryimage\"},\"thumbnailUrl\":\"https:\\\/\\\/www.boxrepsol.com\\\/wp-content\\\/uploads\\\/2022\\\/08\\\/47-dani-pedrosa-repsol-honda-26.jpg\",\"datePublished\":\"2016-09-14T02:00:00+00:00\",\"dateModified\":\"2024-05-07T09:02:42+00:00\",\"description\":\"El piloto Repsol inaugura en Cartagena una exposici\u00f3n que muestra los mejores momentos de Repsol en el deporte del motor...\",\"breadcrumb\":{\"@id\":\"https:\\\/\\\/www.boxrepsol.com\\\/es\\\/motogp\\\/dani-pedrosa-se-suma-a-las-leyendas-del-motor-en-cartagena\\\/#breadcrumb\"},\"inLanguage\":\"es\",\"potentialAction\":[{\"@type\":\"ReadAction\",\"target\":[\"https:\\\/\\\/www.boxrepsol.com\\\/es\\\/motogp\\\/dani-pedrosa-se-suma-a-las-leyendas-del-motor-en-cartagena\\\/\"]}]},{\"@type\":\"ImageObject\",\"inLanguage\":\"es\",\"@id\":\"https:\\\/\\\/www.boxrepsol.com\\\/es\\\/motogp\\\/dani-pedrosa-se-suma-a-las-leyendas-del-motor-en-cartagena\\\/#primaryimage\",\"url\":\"https:\\\/\\\/www.boxrepsol.com\\\/wp-content\\\/uploads\\\/2022\\\/08\\\/47-dani-pedrosa-repsol-honda-26.jpg\",\"contentUrl\":\"https:\\\/\\\/www.boxrepsol.com\\\/wp-content\\\/uploads\\\/2022\\\/08\\\/47-dani-pedrosa-repsol-honda-26.jpg\",\"width\":984,\"height\":412,\"caption\":\"Dani Pedrosa firmando su cuadro\"},{\"@type\":\"BreadcrumbList\",\"@id\":\"https:\\\/\\\/www.boxrepsol.com\\\/es\\\/motogp\\\/dani-pedrosa-se-suma-a-las-leyendas-del-motor-en-cartagena\\\/#breadcrumb\",\"itemListElement\":[{\"@type\":\"ListItem\",\"position\":1,\"name\":\"Home\",\"item\":\"https:\\\/\\\/www.boxrepsol.com\\\/es\\\/\"},{\"@type\":\"ListItem\",\"position\":2,\"name\":\"Dani Pedrosa se suma a las \u2018Leyendas del Motor\u2019 en Cartagena\"}]},{\"@type\":\"WebSite\",\"@id\":\"https:\\\/\\\/www.boxrepsol.com\\\/es\\\/#website\",\"url\":\"https:\\\/\\\/www.boxrepsol.com\\\/es\\\/\",\"name\":\"Box Repsol\",\"description\":\"Box Repsol Site\",\"publisher\":{\"@id\":\"https:\\\/\\\/www.boxrepsol.com\\\/es\\\/#organization\"},\"potentialAction\":[{\"@type\":\"SearchAction\",\"target\":{\"@type\":\"EntryPoint\",\"urlTemplate\":\"https:\\\/\\\/www.boxrepsol.com\\\/es\\\/?s={search_term_string}\"},\"query-input\":{\"@type\":\"PropertyValueSpecification\",\"valueRequired\":true,\"valueName\":\"search_term_string\"}}],\"inLanguage\":\"es\"},{\"@type\":\"Organization\",\"@id\":\"https:\\\/\\\/www.boxrepsol.com\\\/es\\\/#organization\",\"name\":\"Box Repsol\",\"url\":\"https:\\\/\\\/www.boxrepsol.com\\\/es\\\/\",\"logo\":{\"@type\":\"ImageObject\",\"inLanguage\":\"es\",\"@id\":\"https:\\\/\\\/www.boxrepsol.com\\\/es\\\/#\\\/schema\\\/logo\\\/image\\\/\",\"url\":\"https:\\\/\\\/bxrepsol.s3.eu-west-1.amazonaws.com\\\/static\\\/2025\\\/07\\\/30083337\\\/favicon-96x96-1.png\",\"contentUrl\":\"https:\\\/\\\/bxrepsol.s3.eu-west-1.amazonaws.com\\\/static\\\/2025\\\/07\\\/30083337\\\/favicon-96x96-1.png\",\"width\":96,\"height\":96,\"caption\":\"Box Repsol\"},\"image\":{\"@id\":\"https:\\\/\\\/www.boxrepsol.com\\\/es\\\/#\\\/schema\\\/logo\\\/image\\\/\"},\"sameAs\":[\"https:\\\/\\\/www.facebook.com\\\/BoxRepsol\",\"https:\\\/\\\/x.com\\\/box_repsol\",\"http:\\\/\\\/instagram.com\\\/box_repsol\",\"https:\\\/\\\/www.youtube.com\\\/user\\\/RepsolCompeticion\",\"https:\\\/\\\/www.flickr.com\\\/photos\\\/box_repsol\\\/\"]},{\"@type\":\"Person\",\"@id\":\"https:\\\/\\\/www.boxrepsol.com\\\/es\\\/#\\\/schema\\\/person\\\/c5c2138f2cca251b0ad92b7086bb60b7\",\"name\":\"Redacci\u00f3n Box Repsol\",\"image\":{\"@type\":\"ImageObject\",\"inLanguage\":\"es\",\"@id\":\"https:\\\/\\\/secure.gravatar.com\\\/avatar\\\/adf7b77e38b4419baf32c7e9c21dde01f4e40df611f0978e3006fc4ba0aaab7e?s=96&d=mm&r=g\",\"url\":\"https:\\\/\\\/secure.gravatar.com\\\/avatar\\\/adf7b77e38b4419baf32c7e9c21dde01f4e40df611f0978e3006fc4ba0aaab7e?s=96&d=mm&r=g\",\"contentUrl\":\"https:\\\/\\\/secure.gravatar.com\\\/avatar\\\/adf7b77e38b4419baf32c7e9c21dde01f4e40df611f0978e3006fc4ba0aaab7e?s=96&d=mm&r=g\",\"caption\":\"Redacci\u00f3n Box Repsol\"},\"description\":\"Box Repsol lo forma un equipo de periodistas, community managers, dise\u00f1adores y fot\u00f3grafos con m\u00e1s de 20 a\u00f1os de experiencia en el mundo del motorsport. Hemos vivido el primer mundial de un espa\u00f1ol en la categor\u00eda reina de motociclismo con \u00c1lex Crivill\u00e9, estuvimos en las victorias de Pedrosa y los t\u00edtulos de M\u00e1rquez, acompa\u00f1amos en \u00c1frica a Nani Roma y Marc Coma en sus conquistas del Dakar y hemos vibrado con los t\u00edtulos de Toni Bou en Trial. Adem\u00e1s, en nuestro equipo contamos con expertos en el mundo de las dos y cuatro ruedas tanto de la calle y las carreteras, como de los circuitos. Periodistas que han trabajado en revistas y publicaciones para hacerte llegar desde rutas y consejos de mantenimiento, a curiosidades y trucos de pilotaje.\",\"sameAs\":[\"https:\\\/\\\/www.facebook.com\\\/BoxRepsol\\\/\",\"https:\\\/\\\/www.instagram.com\\\/box_repsol\\\/\",\"https:\\\/\\\/x.com\\\/https:\\\/\\\/twitter.com\\\/box_repsol\",\"https:\\\/\\\/www.youtube.com\\\/@Boxrepsol\"],\"url\":\"https:\\\/\\\/www.boxrepsol.com\\\/es\\\/author\\\/redaccion-box-repsol\\\/\"}]}<\/script>\n<!-- \/ Yoast SEO plugin. -->","yoast_head_json":{"title":"Dani Pedrosa se suma a las \u2018Leyendas del Motor\u2019 en Cartagena - Box Repsol","description":"El piloto Repsol inaugura en Cartagena una exposici\u00f3n que muestra los mejores momentos de Repsol en el deporte del motor...","canonical":"https:\/\/www.boxrepsol.com\/es\/motogp\/dani-pedrosa-se-suma-a-las-leyendas-del-motor-en-cartagena\/","og_locale":"es_ES","og_type":"article","og_title":"Dani Pedrosa se suma a las \u2018Leyendas del Motor\u2019 en Cartagena - Box Repsol","og_description":"El piloto Repsol inaugura en Cartagena una exposici\u00f3n que muestra los mejores momentos de Repsol en el deporte del motor...","og_url":"https:\/\/www.boxrepsol.com\/es\/motogp\/dani-pedrosa-se-suma-a-las-leyendas-del-motor-en-cartagena\/","og_site_name":"Box Repsol","article_publisher":"https:\/\/www.facebook.com\/BoxRepsol","article_author":"https:\/\/www.facebook.com\/BoxRepsol\/","article_published_time":"2016-09-14T02:00:00+00:00","article_modified_time":"2024-05-07T09:02:42+00:00","og_image":[{"width":984,"height":412,"url":"https:\/\/www.boxrepsol.com\/wp-content\/uploads\/2022\/08\/47-dani-pedrosa-repsol-honda-26.jpg","type":"image\/jpeg"}],"author":"Redacci\u00f3n Box Repsol","twitter_card":"summary_large_image","twitter_creator":"@https:\/\/twitter.com\/box_repsol","twitter_site":"@box_repsol","twitter_misc":{"Written by":"Redacci\u00f3n Box Repsol","Est. reading time":"1 minuto"},"schema":{"@context":"https:\/\/schema.org","@graph":[{"@type":"Article","@id":"https:\/\/www.boxrepsol.com\/es\/motogp\/dani-pedrosa-se-suma-a-las-leyendas-del-motor-en-cartagena\/#article","isPartOf":{"@id":"https:\/\/www.boxrepsol.com\/es\/motogp\/dani-pedrosa-se-suma-a-las-leyendas-del-motor-en-cartagena\/"},"author":{"name":"Redacci\u00f3n Box Repsol","@id":"https:\/\/www.boxrepsol.com\/es\/#\/schema\/person\/c5c2138f2cca251b0ad92b7086bb60b7"},"headline":"Dani Pedrosa se suma a las \u2018Leyendas del Motor\u2019 en Cartagena","datePublished":"2016-09-14T02:00:00+00:00","dateModified":"2024-05-07T09:02:42+00:00","mainEntityOfPage":{"@id":"https:\/\/www.boxrepsol.com\/es\/motogp\/dani-pedrosa-se-suma-a-las-leyendas-del-motor-en-cartagena\/"},"wordCount":266,"commentCount":0,"publisher":{"@id":"https:\/\/www.boxrepsol.com\/es\/#organization"},"image":{"@id":"https:\/\/www.boxrepsol.com\/es\/motogp\/dani-pedrosa-se-suma-a-las-leyendas-del-motor-en-cartagena\/#primaryimage"},"thumbnailUrl":"https:\/\/www.boxrepsol.com\/wp-content\/uploads\/2022\/08\/47-dani-pedrosa-repsol-honda-26.jpg","keywords":["Dani Pedrosa"],"articleSection":["MotoGP"],"inLanguage":"es","potentialAction":[{"@type":"CommentAction","name":"Comment","target":["https:\/\/www.boxrepsol.com\/es\/motogp\/dani-pedrosa-se-suma-a-las-leyendas-del-motor-en-cartagena\/#respond"]}]},{"@type":"WebPage","@id":"https:\/\/www.boxrepsol.com\/es\/motogp\/dani-pedrosa-se-suma-a-las-leyendas-del-motor-en-cartagena\/","url":"https:\/\/www.boxrepsol.com\/es\/motogp\/dani-pedrosa-se-suma-a-las-leyendas-del-motor-en-cartagena\/","name":"Dani Pedrosa se suma a las \u2018Leyendas del Motor\u2019 en Cartagena - Box Repsol","isPartOf":{"@id":"https:\/\/www.boxrepsol.com\/es\/#website"},"primaryImageOfPage":{"@id":"https:\/\/www.boxrepsol.com\/es\/motogp\/dani-pedrosa-se-suma-a-las-leyendas-del-motor-en-cartagena\/#primaryimage"},"image":{"@id":"https:\/\/www.boxrepsol.com\/es\/motogp\/dani-pedrosa-se-suma-a-las-leyendas-del-motor-en-cartagena\/#primaryimage"},"thumbnailUrl":"https:\/\/www.boxrepsol.com\/wp-content\/uploads\/2022\/08\/47-dani-pedrosa-repsol-honda-26.jpg","datePublished":"2016-09-14T02:00:00+00:00","dateModified":"2024-05-07T09:02:42+00:00","description":"El piloto Repsol inaugura en Cartagena una exposici\u00f3n que muestra los mejores momentos de Repsol en el deporte del motor...","breadcrumb":{"@id":"https:\/\/www.boxrepsol.com\/es\/motogp\/dani-pedrosa-se-suma-a-las-leyendas-del-motor-en-cartagena\/#breadcrumb"},"inLanguage":"es","potentialAction":[{"@type":"ReadAction","target":["https:\/\/www.boxrepsol.com\/es\/motogp\/dani-pedrosa-se-suma-a-las-leyendas-del-motor-en-cartagena\/"]}]},{"@type":"ImageObject","inLanguage":"es","@id":"https:\/\/www.boxrepsol.com\/es\/motogp\/dani-pedrosa-se-suma-a-las-leyendas-del-motor-en-cartagena\/#primaryimage","url":"https:\/\/www.boxrepsol.com\/wp-content\/uploads\/2022\/08\/47-dani-pedrosa-repsol-honda-26.jpg","contentUrl":"https:\/\/www.boxrepsol.com\/wp-content\/uploads\/2022\/08\/47-dani-pedrosa-repsol-honda-26.jpg","width":984,"height":412,"caption":"Dani Pedrosa firmando su cuadro"},{"@type":"BreadcrumbList","@id":"https:\/\/www.boxrepsol.com\/es\/motogp\/dani-pedrosa-se-suma-a-las-leyendas-del-motor-en-cartagena\/#breadcrumb","itemListElement":[{"@type":"ListItem","position":1,"name":"Home","item":"https:\/\/www.boxrepsol.com\/es\/"},{"@type":"ListItem","position":2,"name":"Dani Pedrosa se suma a las \u2018Leyendas del Motor\u2019 en Cartagena"}]},{"@type":"WebSite","@id":"https:\/\/www.boxrepsol.com\/es\/#website","url":"https:\/\/www.boxrepsol.com\/es\/","name":"Box Repsol","description":"Box Repsol Site","publisher":{"@id":"https:\/\/www.boxrepsol.com\/es\/#organization"},"potentialAction":[{"@type":"SearchAction","target":{"@type":"EntryPoint","urlTemplate":"https:\/\/www.boxrepsol.com\/es\/?s={search_term_string}"},"query-input":{"@type":"PropertyValueSpecification","valueRequired":true,"valueName":"search_term_string"}}],"inLanguage":"es"},{"@type":"Organization","@id":"https:\/\/www.boxrepsol.com\/es\/#organization","name":"Box Repsol","url":"https:\/\/www.boxrepsol.com\/es\/","logo":{"@type":"ImageObject","inLanguage":"es","@id":"https:\/\/www.boxrepsol.com\/es\/#\/schema\/logo\/image\/","url":"https:\/\/bxrepsol.s3.eu-west-1.amazonaws.com\/static\/2025\/07\/30083337\/favicon-96x96-1.png","contentUrl":"https:\/\/bxrepsol.s3.eu-west-1.amazonaws.com\/static\/2025\/07\/30083337\/favicon-96x96-1.png","width":96,"height":96,"caption":"Box Repsol"},"image":{"@id":"https:\/\/www.boxrepsol.com\/es\/#\/schema\/logo\/image\/"},"sameAs":["https:\/\/www.facebook.com\/BoxRepsol","https:\/\/x.com\/box_repsol","http:\/\/instagram.com\/box_repsol","https:\/\/www.youtube.com\/user\/RepsolCompeticion","https:\/\/www.flickr.com\/photos\/box_repsol\/"]},{"@type":"Person","@id":"https:\/\/www.boxrepsol.com\/es\/#\/schema\/person\/c5c2138f2cca251b0ad92b7086bb60b7","name":"Redacci\u00f3n Box Repsol","image":{"@type":"ImageObject","inLanguage":"es","@id":"https:\/\/secure.gravatar.com\/avatar\/adf7b77e38b4419baf32c7e9c21dde01f4e40df611f0978e3006fc4ba0aaab7e?s=96&d=mm&r=g","url":"https:\/\/secure.gravatar.com\/avatar\/adf7b77e38b4419baf32c7e9c21dde01f4e40df611f0978e3006fc4ba0aaab7e?s=96&d=mm&r=g","contentUrl":"https:\/\/secure.gravatar.com\/avatar\/adf7b77e38b4419baf32c7e9c21dde01f4e40df611f0978e3006fc4ba0aaab7e?s=96&d=mm&r=g","caption":"Redacci\u00f3n Box Repsol"},"description":"Box Repsol lo forma un equipo de periodistas, community managers, dise\u00f1adores y fot\u00f3grafos con m\u00e1s de 20 a\u00f1os de experiencia en el mundo del motorsport. Hemos vivido el primer mundial de un espa\u00f1ol en la categor\u00eda reina de motociclismo con \u00c1lex Crivill\u00e9, estuvimos en las victorias de Pedrosa y los t\u00edtulos de M\u00e1rquez, acompa\u00f1amos en \u00c1frica a Nani Roma y Marc Coma en sus conquistas del Dakar y hemos vibrado con los t\u00edtulos de Toni Bou en Trial. Adem\u00e1s, en nuestro equipo contamos con expertos en el mundo de las dos y cuatro ruedas tanto de la calle y las carreteras, como de los circuitos. Periodistas que han trabajado en revistas y publicaciones para hacerte llegar desde rutas y consejos de mantenimiento, a curiosidades y trucos de pilotaje.","sameAs":["https:\/\/www.facebook.com\/BoxRepsol\/","https:\/\/www.instagram.com\/box_repsol\/","https:\/\/x.com\/https:\/\/twitter.com\/box_repsol","https:\/\/www.youtube.com\/@Boxrepsol"],"url":"https:\/\/www.boxrepsol.com\/es\/author\/redaccion-box-repsol\/"}]}},"_links":{"self":[{"href":"https:\/\/www.boxrepsol.com\/es\/wp-json\/wp\/v2\/posts\/89859","targetHints":{"allow":["GET"]}}],"collection":[{"href":"https:\/\/www.boxrepsol.com\/es\/wp-json\/wp\/v2\/posts"}],"about":[{"href":"https:\/\/www.boxrepsol.com\/es\/wp-json\/wp\/v2\/types\/post"}],"author":[{"embeddable":true,"href":"https:\/\/www.boxrepsol.com\/es\/wp-json\/wp\/v2\/users\/43146"}],"replies":[{"embeddable":true,"href":"https:\/\/www.boxrepsol.com\/es\/wp-json\/wp\/v2\/comments?post=89859"}],"version-history":[{"count":1,"href":"https:\/\/www.boxrepsol.com\/es\/wp-json\/wp\/v2\/posts\/89859\/revisions"}],"predecessor-version":[{"id":89860,"href":"https:\/\/www.boxrepsol.com\/es\/wp-json\/wp\/v2\/posts\/89859\/revisions\/89860"}],"wp:featuredmedia":[{"embeddable":true,"href":"https:\/\/www.boxrepsol.com\/es\/wp-json\/wp\/v2\/media\/85692"}],"wp:attachment":[{"href":"https:\/\/www.boxrepsol.com\/es\/wp-json\/wp\/v2\/media?parent=89859"}],"wp:term":[{"taxonomy":"category","embeddable":true,"href":"https:\/\/www.boxrepsol.com\/es\/wp-json\/wp\/v2\/categories?post=89859"},{"taxonomy":"post_tag","embeddable":true,"href":"https:\/\/www.boxrepsol.com\/es\/wp-json\/wp\/v2\/tags?post=89859"}],"curies":[{"name":"wp","href":"https:\/\/api.w.org\/{rel}","templated":true}]}}