{"id":89858,"date":"2016-09-20T00:00:00","date_gmt":"2016-09-20T02:00:00","guid":{"rendered":"http:\/\/pre.boxrepsol.com\/sin-categorizar\/marc-marquez-y-dani-pedrosa-llegan-en-plena-forma-al-gran-premio-de-aragon\/"},"modified":"2024-05-07T07:16:29","modified_gmt":"2024-05-07T09:16:29","slug":"marc-marquez-y-dani-pedrosa-llegan-en-plena-forma-al-gran-premio-de-aragon","status":"publish","type":"post","link":"https:\/\/www.boxrepsol.com\/es\/motogp\/marc-marquez-y-dani-pedrosa-llegan-en-plena-forma-al-gran-premio-de-aragon\/","title":{"rendered":"Marc M\u00e1rquez y Dani Pedrosa llegan en plena forma al Gran Premio de Arag\u00f3n"},"content":{"rendered":"<blockquote>\n<p>\u00b7@marcmarcquez93: \u00abbuscaremos conseguir un podio otra vez delante de nuestra afici\u00f3n\u00bb<\/p>\n<p>            <a href=\"#\"><br \/>\n            twittear        <\/a>\n        <\/p><\/blockquote>\n<p>El Mundial encara la decimocuarta prueba de la temporada en el circuito de MotorLand Arag\u00f3n, una de las citas m\u00e1s especiales para los pilotos del equipo Repsol Honda. Marc M\u00e1rquez llega a Arag\u00f3n como l\u00edder s\u00f3lido del Mundial con 223 puntos y 43 de ventaja respecto al segundo clasificado, a falta de 5 pruebas por disputarse. Ser\u00e1 uno de los protagonistas principales en una de las pistas m\u00e1s cercanas a su Cervera natal, donde ha logrado 2 victorias \u2013una en Moto2 y una en MotoGP\u2013 y 5 poles en 6 ediciones. Dani Pedrosa, cuarto del Mundial con 145 puntos, ser\u00e1 otro de los focos de atenci\u00f3n de la cita aragonesa despu\u00e9s de su victoria en la \u00faltima carrera en San Marino y el recuerdo de su gran carrera de hace un a\u00f1o, en la que termin\u00f3 segundo.<\/p>\n<h3>Marc M\u00e1rquez<\/h3>\n<p><em>\u00abEl de Arag\u00f3n es un circuito que me gusta m\u00e1s que Misano, creo que se adapta mejor a mi estilo de pilotaje. Tambi\u00e9n es cierto que este a\u00f1o tenemos la particularidad de que las cosas pueden cambiar mucho de una carrera a otra, as\u00ed que intentaremos gestionarlo bien y tener un buen fin de semana. Encararemos la carrera preparados para adaptarnos a cualquier situaci\u00f3n, pero sin duda buscaremos conseguir un podio otra vez delante de nuestra afici\u00f3n y mi club de fans\u00bb.<\/em><\/p>\n<h3>Dani Pedrosa<\/h3>\n<p><em>\u00abLlegamos a Arag\u00f3n en un buen estado de \u00e1nimo, ya que algunas cosas que empezaron a ir mejor hace un par de carreras, funcionaron a la perfecci\u00f3n en Misano y fuimos capaces de lograr un gran resultado. De todas formas, es importante mantener los pies en el suelo, ya que en las carreras de este a\u00f1o hay mucha igualdad. Tenemos que estar totalmente concentrados en nuestro trabajo y nuestros objetivos, que son seguir consolid\u00e1ndonos a partir de la configuraci\u00f3n base con la que hemos trabajado en los \u00faltimos GP\u2019s, y encontrar un ritmo que nos permita estar delante. Mi club de fans vendr\u00e1, as\u00ed que intentar\u00e9 dar lo mejor de m\u00ed para ofrecer un buen espect\u00e1culo a los aficionados\u00bb.<\/em><\/p>\n","protected":false},"excerpt":{"rendered":"<p>Los pilotos del equipo Repsol Honda afrontan la tercera cita espa\u00f1ola tras la victoria de Pedrosa en Misano y con M\u00e1rquez liderando el Mundial con 43 puntos de ventaja.<\/p>\n","protected":false},"author":43146,"featured_media":85689,"comment_status":"open","ping_status":"open","sticky":false,"template":"","format":"standard","meta":{"footnotes":""},"categories":[4],"tags":[141],"class_list":["post-89858","post","type-post","status-publish","format-standard","hentry","category-motogp","tag-motogp-aragon"],"yoast_head":"<!-- This site is optimized with the Yoast SEO plugin v27.3 - https:\/\/yoast.com\/product\/yoast-seo-wordpress\/ -->\n<title>Marc M\u00e1rquez y Dani Pedrosa llegan en plena forma al Gran Premio de Arag\u00f3n - Box Repsol<\/title>\n<meta name=\"description\" content=\"Los pilotos del equipo Repsol Honda afrontan la tercera cita espa\u00f1ola tras la victoria de Pedrosa en Misano y con M\u00e1rquez liderando el Mundial...\" \/>\n<link rel=\"canonical\" href=\"https:\/\/www.boxrepsol.com\/es\/motogp\/marc-marquez-y-dani-pedrosa-llegan-en-plena-forma-al-gran-premio-de-aragon\/\" \/>\n<meta property=\"og:locale\" content=\"es_ES\" \/>\n<meta property=\"og:type\" content=\"article\" \/>\n<meta property=\"og:title\" content=\"Marc M\u00e1rquez y Dani Pedrosa llegan en plena forma al Gran Premio de Arag\u00f3n - Box Repsol\" \/>\n<meta property=\"og:description\" content=\"Los pilotos del equipo Repsol Honda afrontan la tercera cita espa\u00f1ola tras la victoria de Pedrosa en Misano y con M\u00e1rquez liderando el Mundial...\" \/>\n<meta property=\"og:url\" content=\"https:\/\/www.boxrepsol.com\/es\/motogp\/marc-marquez-y-dani-pedrosa-llegan-en-plena-forma-al-gran-premio-de-aragon\/\" \/>\n<meta property=\"og:site_name\" content=\"Box Repsol\" \/>\n<meta property=\"article:publisher\" content=\"https:\/\/www.facebook.com\/BoxRepsol\" \/>\n<meta property=\"article:author\" content=\"https:\/\/www.facebook.com\/BoxRepsol\/\" \/>\n<meta property=\"article:published_time\" content=\"2016-09-20T02:00:00+00:00\" \/>\n<meta property=\"article:modified_time\" content=\"2024-05-07T09:16:29+00:00\" \/>\n<meta property=\"og:image\" content=\"https:\/\/www.boxrepsol.com\/wp-content\/uploads\/2022\/08\/46-marc-marquez-repsol-honda-93-motogp.jpg\" \/>\n\t<meta property=\"og:image:width\" content=\"984\" \/>\n\t<meta property=\"og:image:height\" content=\"412\" \/>\n\t<meta property=\"og:image:type\" content=\"image\/jpeg\" \/>\n<meta name=\"author\" content=\"Redacci\u00f3n Box Repsol\" \/>\n<meta name=\"twitter:card\" content=\"summary_large_image\" \/>\n<meta name=\"twitter:creator\" content=\"@https:\/\/twitter.com\/box_repsol\" \/>\n<meta name=\"twitter:site\" content=\"@box_repsol\" \/>\n<meta name=\"twitter:label1\" content=\"Written by\" \/>\n\t<meta name=\"twitter:data1\" content=\"Redacci\u00f3n Box Repsol\" \/>\n\t<meta name=\"twitter:label2\" content=\"Est. reading time\" \/>\n\t<meta name=\"twitter:data2\" content=\"2 minutos\" \/>\n<script type=\"application\/ld+json\" class=\"yoast-schema-graph\">{\"@context\":\"https:\\\/\\\/schema.org\",\"@graph\":[{\"@type\":\"Article\",\"@id\":\"https:\\\/\\\/www.boxrepsol.com\\\/es\\\/motogp\\\/marc-marquez-y-dani-pedrosa-llegan-en-plena-forma-al-gran-premio-de-aragon\\\/#article\",\"isPartOf\":{\"@id\":\"https:\\\/\\\/www.boxrepsol.com\\\/es\\\/motogp\\\/marc-marquez-y-dani-pedrosa-llegan-en-plena-forma-al-gran-premio-de-aragon\\\/\"},\"author\":{\"name\":\"Redacci\u00f3n Box Repsol\",\"@id\":\"https:\\\/\\\/www.boxrepsol.com\\\/es\\\/#\\\/schema\\\/person\\\/c5c2138f2cca251b0ad92b7086bb60b7\"},\"headline\":\"Marc M\u00e1rquez y Dani Pedrosa llegan en plena forma al Gran Premio de Arag\u00f3n\",\"datePublished\":\"2016-09-20T02:00:00+00:00\",\"dateModified\":\"2024-05-07T09:16:29+00:00\",\"mainEntityOfPage\":{\"@id\":\"https:\\\/\\\/www.boxrepsol.com\\\/es\\\/motogp\\\/marc-marquez-y-dani-pedrosa-llegan-en-plena-forma-al-gran-premio-de-aragon\\\/\"},\"wordCount\":388,\"commentCount\":0,\"publisher\":{\"@id\":\"https:\\\/\\\/www.boxrepsol.com\\\/es\\\/#organization\"},\"image\":{\"@id\":\"https:\\\/\\\/www.boxrepsol.com\\\/es\\\/motogp\\\/marc-marquez-y-dani-pedrosa-llegan-en-plena-forma-al-gran-premio-de-aragon\\\/#primaryimage\"},\"thumbnailUrl\":\"https:\\\/\\\/www.boxrepsol.com\\\/wp-content\\\/uploads\\\/2022\\\/08\\\/46-marc-marquez-repsol-honda-93-motogp.jpg\",\"keywords\":[\"MotoGP Arag\u00f3n\"],\"articleSection\":[\"MotoGP\"],\"inLanguage\":\"es\",\"potentialAction\":[{\"@type\":\"CommentAction\",\"name\":\"Comment\",\"target\":[\"https:\\\/\\\/www.boxrepsol.com\\\/es\\\/motogp\\\/marc-marquez-y-dani-pedrosa-llegan-en-plena-forma-al-gran-premio-de-aragon\\\/#respond\"]}]},{\"@type\":\"WebPage\",\"@id\":\"https:\\\/\\\/www.boxrepsol.com\\\/es\\\/motogp\\\/marc-marquez-y-dani-pedrosa-llegan-en-plena-forma-al-gran-premio-de-aragon\\\/\",\"url\":\"https:\\\/\\\/www.boxrepsol.com\\\/es\\\/motogp\\\/marc-marquez-y-dani-pedrosa-llegan-en-plena-forma-al-gran-premio-de-aragon\\\/\",\"name\":\"Marc M\u00e1rquez y Dani Pedrosa llegan en plena forma al Gran Premio de Arag\u00f3n - Box Repsol\",\"isPartOf\":{\"@id\":\"https:\\\/\\\/www.boxrepsol.com\\\/es\\\/#website\"},\"primaryImageOfPage\":{\"@id\":\"https:\\\/\\\/www.boxrepsol.com\\\/es\\\/motogp\\\/marc-marquez-y-dani-pedrosa-llegan-en-plena-forma-al-gran-premio-de-aragon\\\/#primaryimage\"},\"image\":{\"@id\":\"https:\\\/\\\/www.boxrepsol.com\\\/es\\\/motogp\\\/marc-marquez-y-dani-pedrosa-llegan-en-plena-forma-al-gran-premio-de-aragon\\\/#primaryimage\"},\"thumbnailUrl\":\"https:\\\/\\\/www.boxrepsol.com\\\/wp-content\\\/uploads\\\/2022\\\/08\\\/46-marc-marquez-repsol-honda-93-motogp.jpg\",\"datePublished\":\"2016-09-20T02:00:00+00:00\",\"dateModified\":\"2024-05-07T09:16:29+00:00\",\"description\":\"Los pilotos del equipo Repsol Honda afrontan la tercera cita espa\u00f1ola tras la victoria de Pedrosa en Misano y con M\u00e1rquez liderando el Mundial...\",\"breadcrumb\":{\"@id\":\"https:\\\/\\\/www.boxrepsol.com\\\/es\\\/motogp\\\/marc-marquez-y-dani-pedrosa-llegan-en-plena-forma-al-gran-premio-de-aragon\\\/#breadcrumb\"},\"inLanguage\":\"es\",\"potentialAction\":[{\"@type\":\"ReadAction\",\"target\":[\"https:\\\/\\\/www.boxrepsol.com\\\/es\\\/motogp\\\/marc-marquez-y-dani-pedrosa-llegan-en-plena-forma-al-gran-premio-de-aragon\\\/\"]}]},{\"@type\":\"ImageObject\",\"inLanguage\":\"es\",\"@id\":\"https:\\\/\\\/www.boxrepsol.com\\\/es\\\/motogp\\\/marc-marquez-y-dani-pedrosa-llegan-en-plena-forma-al-gran-premio-de-aragon\\\/#primaryimage\",\"url\":\"https:\\\/\\\/www.boxrepsol.com\\\/wp-content\\\/uploads\\\/2022\\\/08\\\/46-marc-marquez-repsol-honda-93-motogp.jpg\",\"contentUrl\":\"https:\\\/\\\/www.boxrepsol.com\\\/wp-content\\\/uploads\\\/2022\\\/08\\\/46-marc-marquez-repsol-honda-93-motogp.jpg\",\"width\":984,\"height\":412,\"caption\":\"Marc M\u00e1rquez en acci\u00f3n sobre la Honda\"},{\"@type\":\"BreadcrumbList\",\"@id\":\"https:\\\/\\\/www.boxrepsol.com\\\/es\\\/motogp\\\/marc-marquez-y-dani-pedrosa-llegan-en-plena-forma-al-gran-premio-de-aragon\\\/#breadcrumb\",\"itemListElement\":[{\"@type\":\"ListItem\",\"position\":1,\"name\":\"Home\",\"item\":\"https:\\\/\\\/www.boxrepsol.com\\\/es\\\/\"},{\"@type\":\"ListItem\",\"position\":2,\"name\":\"Marc M\u00e1rquez y Dani Pedrosa llegan en plena forma al Gran Premio de Arag\u00f3n\"}]},{\"@type\":\"WebSite\",\"@id\":\"https:\\\/\\\/www.boxrepsol.com\\\/es\\\/#website\",\"url\":\"https:\\\/\\\/www.boxrepsol.com\\\/es\\\/\",\"name\":\"Box Repsol\",\"description\":\"Box Repsol Site\",\"publisher\":{\"@id\":\"https:\\\/\\\/www.boxrepsol.com\\\/es\\\/#organization\"},\"potentialAction\":[{\"@type\":\"SearchAction\",\"target\":{\"@type\":\"EntryPoint\",\"urlTemplate\":\"https:\\\/\\\/www.boxrepsol.com\\\/es\\\/?s={search_term_string}\"},\"query-input\":{\"@type\":\"PropertyValueSpecification\",\"valueRequired\":true,\"valueName\":\"search_term_string\"}}],\"inLanguage\":\"es\"},{\"@type\":\"Organization\",\"@id\":\"https:\\\/\\\/www.boxrepsol.com\\\/es\\\/#organization\",\"name\":\"Box Repsol\",\"url\":\"https:\\\/\\\/www.boxrepsol.com\\\/es\\\/\",\"logo\":{\"@type\":\"ImageObject\",\"inLanguage\":\"es\",\"@id\":\"https:\\\/\\\/www.boxrepsol.com\\\/es\\\/#\\\/schema\\\/logo\\\/image\\\/\",\"url\":\"https:\\\/\\\/bxrepsol.s3.eu-west-1.amazonaws.com\\\/static\\\/2025\\\/07\\\/30083337\\\/favicon-96x96-1.png\",\"contentUrl\":\"https:\\\/\\\/bxrepsol.s3.eu-west-1.amazonaws.com\\\/static\\\/2025\\\/07\\\/30083337\\\/favicon-96x96-1.png\",\"width\":96,\"height\":96,\"caption\":\"Box Repsol\"},\"image\":{\"@id\":\"https:\\\/\\\/www.boxrepsol.com\\\/es\\\/#\\\/schema\\\/logo\\\/image\\\/\"},\"sameAs\":[\"https:\\\/\\\/www.facebook.com\\\/BoxRepsol\",\"https:\\\/\\\/x.com\\\/box_repsol\",\"http:\\\/\\\/instagram.com\\\/box_repsol\",\"https:\\\/\\\/www.youtube.com\\\/user\\\/RepsolCompeticion\",\"https:\\\/\\\/www.flickr.com\\\/photos\\\/box_repsol\\\/\"]},{\"@type\":\"Person\",\"@id\":\"https:\\\/\\\/www.boxrepsol.com\\\/es\\\/#\\\/schema\\\/person\\\/c5c2138f2cca251b0ad92b7086bb60b7\",\"name\":\"Redacci\u00f3n Box Repsol\",\"image\":{\"@type\":\"ImageObject\",\"inLanguage\":\"es\",\"@id\":\"https:\\\/\\\/secure.gravatar.com\\\/avatar\\\/adf7b77e38b4419baf32c7e9c21dde01f4e40df611f0978e3006fc4ba0aaab7e?s=96&d=mm&r=g\",\"url\":\"https:\\\/\\\/secure.gravatar.com\\\/avatar\\\/adf7b77e38b4419baf32c7e9c21dde01f4e40df611f0978e3006fc4ba0aaab7e?s=96&d=mm&r=g\",\"contentUrl\":\"https:\\\/\\\/secure.gravatar.com\\\/avatar\\\/adf7b77e38b4419baf32c7e9c21dde01f4e40df611f0978e3006fc4ba0aaab7e?s=96&d=mm&r=g\",\"caption\":\"Redacci\u00f3n Box Repsol\"},\"description\":\"Box Repsol lo forma un equipo de periodistas, community managers, dise\u00f1adores y fot\u00f3grafos con m\u00e1s de 20 a\u00f1os de experiencia en el mundo del motorsport. Hemos vivido el primer mundial de un espa\u00f1ol en la categor\u00eda reina de motociclismo con \u00c1lex Crivill\u00e9, estuvimos en las victorias de Pedrosa y los t\u00edtulos de M\u00e1rquez, acompa\u00f1amos en \u00c1frica a Nani Roma y Marc Coma en sus conquistas del Dakar y hemos vibrado con los t\u00edtulos de Toni Bou en Trial. Adem\u00e1s, en nuestro equipo contamos con expertos en el mundo de las dos y cuatro ruedas tanto de la calle y las carreteras, como de los circuitos. Periodistas que han trabajado en revistas y publicaciones para hacerte llegar desde rutas y consejos de mantenimiento, a curiosidades y trucos de pilotaje.\",\"sameAs\":[\"https:\\\/\\\/www.facebook.com\\\/BoxRepsol\\\/\",\"https:\\\/\\\/www.instagram.com\\\/box_repsol\\\/\",\"https:\\\/\\\/x.com\\\/https:\\\/\\\/twitter.com\\\/box_repsol\",\"https:\\\/\\\/www.youtube.com\\\/@Boxrepsol\"],\"url\":\"https:\\\/\\\/www.boxrepsol.com\\\/es\\\/author\\\/redaccion-box-repsol\\\/\"}]}<\/script>\n<!-- \/ Yoast SEO plugin. -->","yoast_head_json":{"title":"Marc M\u00e1rquez y Dani Pedrosa llegan en plena forma al Gran Premio de Arag\u00f3n - Box Repsol","description":"Los pilotos del equipo Repsol Honda afrontan la tercera cita espa\u00f1ola tras la victoria de Pedrosa en Misano y con M\u00e1rquez liderando el Mundial...","canonical":"https:\/\/www.boxrepsol.com\/es\/motogp\/marc-marquez-y-dani-pedrosa-llegan-en-plena-forma-al-gran-premio-de-aragon\/","og_locale":"es_ES","og_type":"article","og_title":"Marc M\u00e1rquez y Dani Pedrosa llegan en plena forma al Gran Premio de Arag\u00f3n - Box Repsol","og_description":"Los pilotos del equipo Repsol Honda afrontan la tercera cita espa\u00f1ola tras la victoria de Pedrosa en Misano y con M\u00e1rquez liderando el Mundial...","og_url":"https:\/\/www.boxrepsol.com\/es\/motogp\/marc-marquez-y-dani-pedrosa-llegan-en-plena-forma-al-gran-premio-de-aragon\/","og_site_name":"Box Repsol","article_publisher":"https:\/\/www.facebook.com\/BoxRepsol","article_author":"https:\/\/www.facebook.com\/BoxRepsol\/","article_published_time":"2016-09-20T02:00:00+00:00","article_modified_time":"2024-05-07T09:16:29+00:00","og_image":[{"width":984,"height":412,"url":"https:\/\/www.boxrepsol.com\/wp-content\/uploads\/2022\/08\/46-marc-marquez-repsol-honda-93-motogp.jpg","type":"image\/jpeg"}],"author":"Redacci\u00f3n Box Repsol","twitter_card":"summary_large_image","twitter_creator":"@https:\/\/twitter.com\/box_repsol","twitter_site":"@box_repsol","twitter_misc":{"Written by":"Redacci\u00f3n Box Repsol","Est. reading time":"2 minutos"},"schema":{"@context":"https:\/\/schema.org","@graph":[{"@type":"Article","@id":"https:\/\/www.boxrepsol.com\/es\/motogp\/marc-marquez-y-dani-pedrosa-llegan-en-plena-forma-al-gran-premio-de-aragon\/#article","isPartOf":{"@id":"https:\/\/www.boxrepsol.com\/es\/motogp\/marc-marquez-y-dani-pedrosa-llegan-en-plena-forma-al-gran-premio-de-aragon\/"},"author":{"name":"Redacci\u00f3n Box Repsol","@id":"https:\/\/www.boxrepsol.com\/es\/#\/schema\/person\/c5c2138f2cca251b0ad92b7086bb60b7"},"headline":"Marc M\u00e1rquez y Dani Pedrosa llegan en plena forma al Gran Premio de Arag\u00f3n","datePublished":"2016-09-20T02:00:00+00:00","dateModified":"2024-05-07T09:16:29+00:00","mainEntityOfPage":{"@id":"https:\/\/www.boxrepsol.com\/es\/motogp\/marc-marquez-y-dani-pedrosa-llegan-en-plena-forma-al-gran-premio-de-aragon\/"},"wordCount":388,"commentCount":0,"publisher":{"@id":"https:\/\/www.boxrepsol.com\/es\/#organization"},"image":{"@id":"https:\/\/www.boxrepsol.com\/es\/motogp\/marc-marquez-y-dani-pedrosa-llegan-en-plena-forma-al-gran-premio-de-aragon\/#primaryimage"},"thumbnailUrl":"https:\/\/www.boxrepsol.com\/wp-content\/uploads\/2022\/08\/46-marc-marquez-repsol-honda-93-motogp.jpg","keywords":["MotoGP Arag\u00f3n"],"articleSection":["MotoGP"],"inLanguage":"es","potentialAction":[{"@type":"CommentAction","name":"Comment","target":["https:\/\/www.boxrepsol.com\/es\/motogp\/marc-marquez-y-dani-pedrosa-llegan-en-plena-forma-al-gran-premio-de-aragon\/#respond"]}]},{"@type":"WebPage","@id":"https:\/\/www.boxrepsol.com\/es\/motogp\/marc-marquez-y-dani-pedrosa-llegan-en-plena-forma-al-gran-premio-de-aragon\/","url":"https:\/\/www.boxrepsol.com\/es\/motogp\/marc-marquez-y-dani-pedrosa-llegan-en-plena-forma-al-gran-premio-de-aragon\/","name":"Marc M\u00e1rquez y Dani Pedrosa llegan en plena forma al Gran Premio de Arag\u00f3n - Box Repsol","isPartOf":{"@id":"https:\/\/www.boxrepsol.com\/es\/#website"},"primaryImageOfPage":{"@id":"https:\/\/www.boxrepsol.com\/es\/motogp\/marc-marquez-y-dani-pedrosa-llegan-en-plena-forma-al-gran-premio-de-aragon\/#primaryimage"},"image":{"@id":"https:\/\/www.boxrepsol.com\/es\/motogp\/marc-marquez-y-dani-pedrosa-llegan-en-plena-forma-al-gran-premio-de-aragon\/#primaryimage"},"thumbnailUrl":"https:\/\/www.boxrepsol.com\/wp-content\/uploads\/2022\/08\/46-marc-marquez-repsol-honda-93-motogp.jpg","datePublished":"2016-09-20T02:00:00+00:00","dateModified":"2024-05-07T09:16:29+00:00","description":"Los pilotos del equipo Repsol Honda afrontan la tercera cita espa\u00f1ola tras la victoria de Pedrosa en Misano y con M\u00e1rquez liderando el Mundial...","breadcrumb":{"@id":"https:\/\/www.boxrepsol.com\/es\/motogp\/marc-marquez-y-dani-pedrosa-llegan-en-plena-forma-al-gran-premio-de-aragon\/#breadcrumb"},"inLanguage":"es","potentialAction":[{"@type":"ReadAction","target":["https:\/\/www.boxrepsol.com\/es\/motogp\/marc-marquez-y-dani-pedrosa-llegan-en-plena-forma-al-gran-premio-de-aragon\/"]}]},{"@type":"ImageObject","inLanguage":"es","@id":"https:\/\/www.boxrepsol.com\/es\/motogp\/marc-marquez-y-dani-pedrosa-llegan-en-plena-forma-al-gran-premio-de-aragon\/#primaryimage","url":"https:\/\/www.boxrepsol.com\/wp-content\/uploads\/2022\/08\/46-marc-marquez-repsol-honda-93-motogp.jpg","contentUrl":"https:\/\/www.boxrepsol.com\/wp-content\/uploads\/2022\/08\/46-marc-marquez-repsol-honda-93-motogp.jpg","width":984,"height":412,"caption":"Marc M\u00e1rquez en acci\u00f3n sobre la Honda"},{"@type":"BreadcrumbList","@id":"https:\/\/www.boxrepsol.com\/es\/motogp\/marc-marquez-y-dani-pedrosa-llegan-en-plena-forma-al-gran-premio-de-aragon\/#breadcrumb","itemListElement":[{"@type":"ListItem","position":1,"name":"Home","item":"https:\/\/www.boxrepsol.com\/es\/"},{"@type":"ListItem","position":2,"name":"Marc M\u00e1rquez y Dani Pedrosa llegan en plena forma al Gran Premio de Arag\u00f3n"}]},{"@type":"WebSite","@id":"https:\/\/www.boxrepsol.com\/es\/#website","url":"https:\/\/www.boxrepsol.com\/es\/","name":"Box Repsol","description":"Box Repsol Site","publisher":{"@id":"https:\/\/www.boxrepsol.com\/es\/#organization"},"potentialAction":[{"@type":"SearchAction","target":{"@type":"EntryPoint","urlTemplate":"https:\/\/www.boxrepsol.com\/es\/?s={search_term_string}"},"query-input":{"@type":"PropertyValueSpecification","valueRequired":true,"valueName":"search_term_string"}}],"inLanguage":"es"},{"@type":"Organization","@id":"https:\/\/www.boxrepsol.com\/es\/#organization","name":"Box Repsol","url":"https:\/\/www.boxrepsol.com\/es\/","logo":{"@type":"ImageObject","inLanguage":"es","@id":"https:\/\/www.boxrepsol.com\/es\/#\/schema\/logo\/image\/","url":"https:\/\/bxrepsol.s3.eu-west-1.amazonaws.com\/static\/2025\/07\/30083337\/favicon-96x96-1.png","contentUrl":"https:\/\/bxrepsol.s3.eu-west-1.amazonaws.com\/static\/2025\/07\/30083337\/favicon-96x96-1.png","width":96,"height":96,"caption":"Box Repsol"},"image":{"@id":"https:\/\/www.boxrepsol.com\/es\/#\/schema\/logo\/image\/"},"sameAs":["https:\/\/www.facebook.com\/BoxRepsol","https:\/\/x.com\/box_repsol","http:\/\/instagram.com\/box_repsol","https:\/\/www.youtube.com\/user\/RepsolCompeticion","https:\/\/www.flickr.com\/photos\/box_repsol\/"]},{"@type":"Person","@id":"https:\/\/www.boxrepsol.com\/es\/#\/schema\/person\/c5c2138f2cca251b0ad92b7086bb60b7","name":"Redacci\u00f3n Box Repsol","image":{"@type":"ImageObject","inLanguage":"es","@id":"https:\/\/secure.gravatar.com\/avatar\/adf7b77e38b4419baf32c7e9c21dde01f4e40df611f0978e3006fc4ba0aaab7e?s=96&d=mm&r=g","url":"https:\/\/secure.gravatar.com\/avatar\/adf7b77e38b4419baf32c7e9c21dde01f4e40df611f0978e3006fc4ba0aaab7e?s=96&d=mm&r=g","contentUrl":"https:\/\/secure.gravatar.com\/avatar\/adf7b77e38b4419baf32c7e9c21dde01f4e40df611f0978e3006fc4ba0aaab7e?s=96&d=mm&r=g","caption":"Redacci\u00f3n Box Repsol"},"description":"Box Repsol lo forma un equipo de periodistas, community managers, dise\u00f1adores y fot\u00f3grafos con m\u00e1s de 20 a\u00f1os de experiencia en el mundo del motorsport. Hemos vivido el primer mundial de un espa\u00f1ol en la categor\u00eda reina de motociclismo con \u00c1lex Crivill\u00e9, estuvimos en las victorias de Pedrosa y los t\u00edtulos de M\u00e1rquez, acompa\u00f1amos en \u00c1frica a Nani Roma y Marc Coma en sus conquistas del Dakar y hemos vibrado con los t\u00edtulos de Toni Bou en Trial. Adem\u00e1s, en nuestro equipo contamos con expertos en el mundo de las dos y cuatro ruedas tanto de la calle y las carreteras, como de los circuitos. Periodistas que han trabajado en revistas y publicaciones para hacerte llegar desde rutas y consejos de mantenimiento, a curiosidades y trucos de pilotaje.","sameAs":["https:\/\/www.facebook.com\/BoxRepsol\/","https:\/\/www.instagram.com\/box_repsol\/","https:\/\/x.com\/https:\/\/twitter.com\/box_repsol","https:\/\/www.youtube.com\/@Boxrepsol"],"url":"https:\/\/www.boxrepsol.com\/es\/author\/redaccion-box-repsol\/"}]}},"_links":{"self":[{"href":"https:\/\/www.boxrepsol.com\/es\/wp-json\/wp\/v2\/posts\/89858","targetHints":{"allow":["GET"]}}],"collection":[{"href":"https:\/\/www.boxrepsol.com\/es\/wp-json\/wp\/v2\/posts"}],"about":[{"href":"https:\/\/www.boxrepsol.com\/es\/wp-json\/wp\/v2\/types\/post"}],"author":[{"embeddable":true,"href":"https:\/\/www.boxrepsol.com\/es\/wp-json\/wp\/v2\/users\/43146"}],"replies":[{"embeddable":true,"href":"https:\/\/www.boxrepsol.com\/es\/wp-json\/wp\/v2\/comments?post=89858"}],"version-history":[{"count":1,"href":"https:\/\/www.boxrepsol.com\/es\/wp-json\/wp\/v2\/posts\/89858\/revisions"}],"predecessor-version":[{"id":115896,"href":"https:\/\/www.boxrepsol.com\/es\/wp-json\/wp\/v2\/posts\/89858\/revisions\/115896"}],"wp:featuredmedia":[{"embeddable":true,"href":"https:\/\/www.boxrepsol.com\/es\/wp-json\/wp\/v2\/media\/85689"}],"wp:attachment":[{"href":"https:\/\/www.boxrepsol.com\/es\/wp-json\/wp\/v2\/media?parent=89858"}],"wp:term":[{"taxonomy":"category","embeddable":true,"href":"https:\/\/www.boxrepsol.com\/es\/wp-json\/wp\/v2\/categories?post=89858"},{"taxonomy":"post_tag","embeddable":true,"href":"https:\/\/www.boxrepsol.com\/es\/wp-json\/wp\/v2\/tags?post=89858"}],"curies":[{"name":"wp","href":"https:\/\/api.w.org\/{rel}","templated":true}]}}