{"id":89850,"date":"2016-09-05T00:00:00","date_gmt":"2016-09-05T02:00:00","guid":{"rendered":"http:\/\/pre.boxrepsol.com\/sin-categorizar\/victoria-bou-cerrar-mundial\/"},"modified":"2024-05-07T07:03:57","modified_gmt":"2024-05-07T09:03:57","slug":"victoria-bou-cerrar-mundial","status":"publish","type":"post","link":"https:\/\/www.boxrepsol.com\/es\/trial\/victoria-bou-cerrar-mundial\/","title":{"rendered":"Victoria de Bou para cerrar el Mundial"},"content":{"rendered":"<blockquote>\n<p>\u00b7@tonibou_oficial: \u00abEstoy muy contento de sumar una victoria m\u00e1s, hemos completado una temporada buen\u00edsima\u00bb.<\/p>\n<p>            <a href=\"http:\/\/twitter.com\/share?text=%C2%B7%40tonibou_oficial%3A+%22Estoy+muy+contento+de+sumar+una+victoria+m%C3%A1s%2C+hemos+completado+una+temporada+buen%C3%ADsima%22.&#038;url=http%3A%2F%2F34.249.211.158%2Fes%2Ftrial%2Fvictoria-bou-cerrar-mundial%2F&#038;hashtags=\" target=\"_blank\" rel=\"noopener\"><br \/>\n            twittear        <\/a><\/p>\n<footer>Toni Bou<\/footer>\n<\/blockquote>\n<p>Toni Bou ha logrado hoy un nuevo triunfo en el segundo y \u00faltimo d\u00eda de competici\u00f3n del Gran Premio de Italia de Trial, repitiendo el primer puesto de ayer con el que el piloto del equipo Repsol Honda logr\u00f3 su d\u00e9cima corona outdoor, vig\u00e9simo t\u00edtulo de Campe\u00f3n del Mundo de su carrera. Su compa\u00f1ero, Takahisa Fujinami, ha cerrado el Mundial con una quinta posici\u00f3n que le ha asegurado el tercer puesto en la clasificaci\u00f3n general y Jaime Busto ha sido hoy s\u00e9ptimo, sexto del certamen.<\/p>\n<p>Con la victoria de hoy sobre Adam Raga, al que ha aventajado en catorce puntos, Bou ha logrado 12 de 15 esta temporada y 89 en el Campeonato del Mundo de Trial, 87 desde que compite en el equipo Repsol Honda. No menos emocionante ha sido el fin de semana para Fujinami: su lesi\u00f3n de mu\u00f1eca no le ha impedido conseguir el quinto puesto hoy y asegurarse la tercera posici\u00f3n final en el Mundial.<\/p>\n<p>Jaime Busto, compa\u00f1ero de ambos en el equipo Repsol Honda, no ha tenido su mejor jornada y, tras acumular varios errores, ha tenido que remontar hasta acabar la prueba en una s\u00e9ptima posici\u00f3n, con la que repite la sexta plaza en la clasificaci\u00f3n final del Mundial.<\/p>\n<p>\t\t\t\t<img decoding=\"async\" src=\"https:\/\/bxrepsol.s3.eu-west-1.amazonaws.com\/static\/2022\/08\/29044718\/takahisa-fujinami-accion-trial-2016.jpg\" alt=\"Takahisa Fujinami saltando desde una roca con la moto\" itemprop=\"image\"  \/><\/p>\n<h3>Toni Bou<\/h3>\n<p>\u00abHa sido un d\u00eda complicado, porque no he salido muy concentrado y he cometido un error al principio que me ha costado recuperar. Una vez he vuelto a mi ritmo, he vuelto a fallar, aunque he conseguido mejorar en la segunda y tercera vueltas. Estoy muy contento de sumar una victoria m\u00e1s, hemos completado una temporada buen\u00edsima y quiero agradecer al equipo todo el trabajo hecho. Quiero felicitar a \u201cFuji\u201d, es un orgullo que est\u00e9 en nuestro equipo y compartir con \u00e9l este tipo de proezas. Es un luchador; ha tenido lesiones pero lo ha superado y, al final, ha trabajado todo el verano para mantener la tercera posici\u00f3n aqu\u00ed en Italia. Nuestro pr\u00f3ximo objetivo es ir al Trial de las Naciones a disfrutar, es una carrera especial para nosotros, ya que no estamos acostumbrados a participar por equipos, y en la que buscaremos otra nueva victoria\u00bb.<\/p>\n<h3>Takahisa Fujinami<\/h3>\n<p>\u00abEstoy muy emocionado con este tercer puesto, hac\u00eda mucho tiempo que lo esperaba. He pasado un tiempo duro debido a las lesiones, desde que hace dos a\u00f1os me romp\u00ed el ligamento de la rodilla y este verano el escafoides. El objetivo era la tercera posici\u00f3n y estoy contento de asegurarlo en esta \u00faltima carrera. He ido muy limitado f\u00edsicamente, porque me dol\u00eda bastante la mu\u00f1eca, pero todo el mundo me ha ayudado, desde los m\u00e9dicos, fisios y todo el equipo. Este tercer puesto es muy importante para el equipo Repsol Honda. Despu\u00e9s de tantos a\u00f1os, volver al tercer puesto me hace muy feliz. El a\u00f1o que viene, \u00a1m\u00e1s!\u00bb.<\/p>\n<h3>Jaime Busto<\/h3>\n<p>\u00abHoy, el d\u00eda no ha sido muy positivo. En cada vuelta he cometido fallos que no tendr\u00eda que hacer. No me he sentido muy c\u00f3modo y no me sal\u00edan las cosas. Las zonas dif\u00edciles las he superado bien, pero luego he cometido errores en obst\u00e1culos muy sencillos. Ayer lo hice bastante bien, pero hoy no me han salido las cosas. Aunque no ha terminado como quer\u00eda, estoy satisfecho con la temporada que he hecho\u00bb.<\/p>\n","protected":false},"excerpt":{"rendered":"<p>El piloto del equipo Repsol Honda pone el broche de oro a su 20\u00ba t\u00edtulo y no da opci\u00f3n en la segunda jornada en Italia. Fujinami, quinto, se asegura el tercer puesto en la general y Busto, s\u00e9ptimo hoy, cierra el Mundial en sexta posici\u00f3n.<\/p>\n","protected":false},"author":43146,"featured_media":85675,"comment_status":"open","ping_status":"open","sticky":false,"template":"","format":"standard","meta":{"footnotes":""},"categories":[23],"tags":[21],"class_list":["post-89850","post","type-post","status-publish","format-standard","hentry","category-trial","tag-toni-bou"],"yoast_head":"<!-- This site is optimized with the Yoast SEO plugin v27.3 - https:\/\/yoast.com\/product\/yoast-seo-wordpress\/ -->\n<title>Victoria de Bou para cerrar el Mundial - Box Repsol<\/title>\n<meta name=\"description\" content=\"El piloto del equipo Repsol Honda pone el broche de oro a su 20\u00ba t\u00edtulo y no da opci\u00f3n en la segunda jornada en Italia. Fujinami, quinto.\" \/>\n<link rel=\"canonical\" href=\"https:\/\/www.boxrepsol.com\/es\/trial\/victoria-bou-cerrar-mundial\/\" \/>\n<meta property=\"og:locale\" content=\"es_ES\" \/>\n<meta property=\"og:type\" content=\"article\" \/>\n<meta property=\"og:title\" content=\"Victoria de Bou para cerrar el Mundial - Box Repsol\" \/>\n<meta property=\"og:description\" content=\"El piloto del equipo Repsol Honda pone el broche de oro a su 20\u00ba t\u00edtulo y no da opci\u00f3n en la segunda jornada en Italia. Fujinami, quinto.\" \/>\n<meta property=\"og:url\" content=\"https:\/\/www.boxrepsol.com\/es\/trial\/victoria-bou-cerrar-mundial\/\" \/>\n<meta property=\"og:site_name\" content=\"Box Repsol\" \/>\n<meta property=\"article:publisher\" content=\"https:\/\/www.facebook.com\/BoxRepsol\" \/>\n<meta property=\"article:author\" content=\"https:\/\/www.facebook.com\/BoxRepsol\/\" \/>\n<meta property=\"article:published_time\" content=\"2016-09-05T02:00:00+00:00\" \/>\n<meta property=\"article:modified_time\" content=\"2024-05-07T09:03:57+00:00\" \/>\n<meta property=\"og:image\" content=\"https:\/\/www.boxrepsol.com\/wp-content\/uploads\/2022\/08\/toni-bou-takahisa-fujinami-trial-podio-2016.jpg\" \/>\n\t<meta property=\"og:image:width\" content=\"984\" \/>\n\t<meta property=\"og:image:height\" content=\"412\" \/>\n\t<meta property=\"og:image:type\" content=\"image\/jpeg\" \/>\n<meta name=\"author\" content=\"Redacci\u00f3n Box Repsol\" \/>\n<meta name=\"twitter:card\" content=\"summary_large_image\" \/>\n<meta name=\"twitter:creator\" content=\"@https:\/\/twitter.com\/box_repsol\" \/>\n<meta name=\"twitter:site\" content=\"@box_repsol\" \/>\n<meta name=\"twitter:label1\" content=\"Written by\" \/>\n\t<meta name=\"twitter:data1\" content=\"Redacci\u00f3n Box Repsol\" \/>\n\t<meta name=\"twitter:label2\" content=\"Est. reading time\" \/>\n\t<meta name=\"twitter:data2\" content=\"3 minutos\" \/>\n<script type=\"application\/ld+json\" class=\"yoast-schema-graph\">{\"@context\":\"https:\\\/\\\/schema.org\",\"@graph\":[{\"@type\":\"Article\",\"@id\":\"https:\\\/\\\/www.boxrepsol.com\\\/es\\\/trial\\\/victoria-bou-cerrar-mundial\\\/#article\",\"isPartOf\":{\"@id\":\"https:\\\/\\\/www.boxrepsol.com\\\/es\\\/trial\\\/victoria-bou-cerrar-mundial\\\/\"},\"author\":{\"name\":\"Redacci\u00f3n Box Repsol\",\"@id\":\"https:\\\/\\\/www.boxrepsol.com\\\/es\\\/#\\\/schema\\\/person\\\/c5c2138f2cca251b0ad92b7086bb60b7\"},\"headline\":\"Victoria de Bou para cerrar el Mundial\",\"datePublished\":\"2016-09-05T02:00:00+00:00\",\"dateModified\":\"2024-05-07T09:03:57+00:00\",\"mainEntityOfPage\":{\"@id\":\"https:\\\/\\\/www.boxrepsol.com\\\/es\\\/trial\\\/victoria-bou-cerrar-mundial\\\/\"},\"wordCount\":603,\"commentCount\":0,\"publisher\":{\"@id\":\"https:\\\/\\\/www.boxrepsol.com\\\/es\\\/#organization\"},\"image\":{\"@id\":\"https:\\\/\\\/www.boxrepsol.com\\\/es\\\/trial\\\/victoria-bou-cerrar-mundial\\\/#primaryimage\"},\"thumbnailUrl\":\"https:\\\/\\\/www.boxrepsol.com\\\/wp-content\\\/uploads\\\/2022\\\/08\\\/toni-bou-takahisa-fujinami-trial-podio-2016.jpg\",\"keywords\":[\"Toni Bou\"],\"articleSection\":[\"Trial\"],\"inLanguage\":\"es\",\"potentialAction\":[{\"@type\":\"CommentAction\",\"name\":\"Comment\",\"target\":[\"https:\\\/\\\/www.boxrepsol.com\\\/es\\\/trial\\\/victoria-bou-cerrar-mundial\\\/#respond\"]}]},{\"@type\":\"WebPage\",\"@id\":\"https:\\\/\\\/www.boxrepsol.com\\\/es\\\/trial\\\/victoria-bou-cerrar-mundial\\\/\",\"url\":\"https:\\\/\\\/www.boxrepsol.com\\\/es\\\/trial\\\/victoria-bou-cerrar-mundial\\\/\",\"name\":\"Victoria de Bou para cerrar el Mundial - Box Repsol\",\"isPartOf\":{\"@id\":\"https:\\\/\\\/www.boxrepsol.com\\\/es\\\/#website\"},\"primaryImageOfPage\":{\"@id\":\"https:\\\/\\\/www.boxrepsol.com\\\/es\\\/trial\\\/victoria-bou-cerrar-mundial\\\/#primaryimage\"},\"image\":{\"@id\":\"https:\\\/\\\/www.boxrepsol.com\\\/es\\\/trial\\\/victoria-bou-cerrar-mundial\\\/#primaryimage\"},\"thumbnailUrl\":\"https:\\\/\\\/www.boxrepsol.com\\\/wp-content\\\/uploads\\\/2022\\\/08\\\/toni-bou-takahisa-fujinami-trial-podio-2016.jpg\",\"datePublished\":\"2016-09-05T02:00:00+00:00\",\"dateModified\":\"2024-05-07T09:03:57+00:00\",\"description\":\"El piloto del equipo Repsol Honda pone el broche de oro a su 20\u00ba t\u00edtulo y no da opci\u00f3n en la segunda jornada en Italia. Fujinami, quinto.\",\"breadcrumb\":{\"@id\":\"https:\\\/\\\/www.boxrepsol.com\\\/es\\\/trial\\\/victoria-bou-cerrar-mundial\\\/#breadcrumb\"},\"inLanguage\":\"es\",\"potentialAction\":[{\"@type\":\"ReadAction\",\"target\":[\"https:\\\/\\\/www.boxrepsol.com\\\/es\\\/trial\\\/victoria-bou-cerrar-mundial\\\/\"]}]},{\"@type\":\"ImageObject\",\"inLanguage\":\"es\",\"@id\":\"https:\\\/\\\/www.boxrepsol.com\\\/es\\\/trial\\\/victoria-bou-cerrar-mundial\\\/#primaryimage\",\"url\":\"https:\\\/\\\/www.boxrepsol.com\\\/wp-content\\\/uploads\\\/2022\\\/08\\\/toni-bou-takahisa-fujinami-trial-podio-2016.jpg\",\"contentUrl\":\"https:\\\/\\\/www.boxrepsol.com\\\/wp-content\\\/uploads\\\/2022\\\/08\\\/toni-bou-takahisa-fujinami-trial-podio-2016.jpg\",\"width\":984,\"height\":412,\"caption\":\"Toni Bou y Takahisa Fujinami en el podio\"},{\"@type\":\"BreadcrumbList\",\"@id\":\"https:\\\/\\\/www.boxrepsol.com\\\/es\\\/trial\\\/victoria-bou-cerrar-mundial\\\/#breadcrumb\",\"itemListElement\":[{\"@type\":\"ListItem\",\"position\":1,\"name\":\"Home\",\"item\":\"https:\\\/\\\/www.boxrepsol.com\\\/es\\\/\"},{\"@type\":\"ListItem\",\"position\":2,\"name\":\"Victoria de Bou para cerrar el Mundial\"}]},{\"@type\":\"WebSite\",\"@id\":\"https:\\\/\\\/www.boxrepsol.com\\\/es\\\/#website\",\"url\":\"https:\\\/\\\/www.boxrepsol.com\\\/es\\\/\",\"name\":\"Box Repsol\",\"description\":\"Box Repsol Site\",\"publisher\":{\"@id\":\"https:\\\/\\\/www.boxrepsol.com\\\/es\\\/#organization\"},\"potentialAction\":[{\"@type\":\"SearchAction\",\"target\":{\"@type\":\"EntryPoint\",\"urlTemplate\":\"https:\\\/\\\/www.boxrepsol.com\\\/es\\\/?s={search_term_string}\"},\"query-input\":{\"@type\":\"PropertyValueSpecification\",\"valueRequired\":true,\"valueName\":\"search_term_string\"}}],\"inLanguage\":\"es\"},{\"@type\":\"Organization\",\"@id\":\"https:\\\/\\\/www.boxrepsol.com\\\/es\\\/#organization\",\"name\":\"Box Repsol\",\"url\":\"https:\\\/\\\/www.boxrepsol.com\\\/es\\\/\",\"logo\":{\"@type\":\"ImageObject\",\"inLanguage\":\"es\",\"@id\":\"https:\\\/\\\/www.boxrepsol.com\\\/es\\\/#\\\/schema\\\/logo\\\/image\\\/\",\"url\":\"https:\\\/\\\/bxrepsol.s3.eu-west-1.amazonaws.com\\\/static\\\/2025\\\/07\\\/30083337\\\/favicon-96x96-1.png\",\"contentUrl\":\"https:\\\/\\\/bxrepsol.s3.eu-west-1.amazonaws.com\\\/static\\\/2025\\\/07\\\/30083337\\\/favicon-96x96-1.png\",\"width\":96,\"height\":96,\"caption\":\"Box Repsol\"},\"image\":{\"@id\":\"https:\\\/\\\/www.boxrepsol.com\\\/es\\\/#\\\/schema\\\/logo\\\/image\\\/\"},\"sameAs\":[\"https:\\\/\\\/www.facebook.com\\\/BoxRepsol\",\"https:\\\/\\\/x.com\\\/box_repsol\",\"http:\\\/\\\/instagram.com\\\/box_repsol\",\"https:\\\/\\\/www.youtube.com\\\/user\\\/RepsolCompeticion\",\"https:\\\/\\\/www.flickr.com\\\/photos\\\/box_repsol\\\/\"]},{\"@type\":\"Person\",\"@id\":\"https:\\\/\\\/www.boxrepsol.com\\\/es\\\/#\\\/schema\\\/person\\\/c5c2138f2cca251b0ad92b7086bb60b7\",\"name\":\"Redacci\u00f3n Box Repsol\",\"image\":{\"@type\":\"ImageObject\",\"inLanguage\":\"es\",\"@id\":\"https:\\\/\\\/secure.gravatar.com\\\/avatar\\\/adf7b77e38b4419baf32c7e9c21dde01f4e40df611f0978e3006fc4ba0aaab7e?s=96&d=mm&r=g\",\"url\":\"https:\\\/\\\/secure.gravatar.com\\\/avatar\\\/adf7b77e38b4419baf32c7e9c21dde01f4e40df611f0978e3006fc4ba0aaab7e?s=96&d=mm&r=g\",\"contentUrl\":\"https:\\\/\\\/secure.gravatar.com\\\/avatar\\\/adf7b77e38b4419baf32c7e9c21dde01f4e40df611f0978e3006fc4ba0aaab7e?s=96&d=mm&r=g\",\"caption\":\"Redacci\u00f3n Box Repsol\"},\"description\":\"Box Repsol lo forma un equipo de periodistas, community managers, dise\u00f1adores y fot\u00f3grafos con m\u00e1s de 20 a\u00f1os de experiencia en el mundo del motorsport. Hemos vivido el primer mundial de un espa\u00f1ol en la categor\u00eda reina de motociclismo con \u00c1lex Crivill\u00e9, estuvimos en las victorias de Pedrosa y los t\u00edtulos de M\u00e1rquez, acompa\u00f1amos en \u00c1frica a Nani Roma y Marc Coma en sus conquistas del Dakar y hemos vibrado con los t\u00edtulos de Toni Bou en Trial. Adem\u00e1s, en nuestro equipo contamos con expertos en el mundo de las dos y cuatro ruedas tanto de la calle y las carreteras, como de los circuitos. Periodistas que han trabajado en revistas y publicaciones para hacerte llegar desde rutas y consejos de mantenimiento, a curiosidades y trucos de pilotaje.\",\"sameAs\":[\"https:\\\/\\\/www.facebook.com\\\/BoxRepsol\\\/\",\"https:\\\/\\\/www.instagram.com\\\/box_repsol\\\/\",\"https:\\\/\\\/x.com\\\/https:\\\/\\\/twitter.com\\\/box_repsol\",\"https:\\\/\\\/www.youtube.com\\\/@Boxrepsol\"],\"url\":\"https:\\\/\\\/www.boxrepsol.com\\\/es\\\/author\\\/redaccion-box-repsol\\\/\"}]}<\/script>\n<!-- \/ Yoast SEO plugin. -->","yoast_head_json":{"title":"Victoria de Bou para cerrar el Mundial - Box Repsol","description":"El piloto del equipo Repsol Honda pone el broche de oro a su 20\u00ba t\u00edtulo y no da opci\u00f3n en la segunda jornada en Italia. Fujinami, quinto.","canonical":"https:\/\/www.boxrepsol.com\/es\/trial\/victoria-bou-cerrar-mundial\/","og_locale":"es_ES","og_type":"article","og_title":"Victoria de Bou para cerrar el Mundial - Box Repsol","og_description":"El piloto del equipo Repsol Honda pone el broche de oro a su 20\u00ba t\u00edtulo y no da opci\u00f3n en la segunda jornada en Italia. Fujinami, quinto.","og_url":"https:\/\/www.boxrepsol.com\/es\/trial\/victoria-bou-cerrar-mundial\/","og_site_name":"Box Repsol","article_publisher":"https:\/\/www.facebook.com\/BoxRepsol","article_author":"https:\/\/www.facebook.com\/BoxRepsol\/","article_published_time":"2016-09-05T02:00:00+00:00","article_modified_time":"2024-05-07T09:03:57+00:00","og_image":[{"width":984,"height":412,"url":"https:\/\/www.boxrepsol.com\/wp-content\/uploads\/2022\/08\/toni-bou-takahisa-fujinami-trial-podio-2016.jpg","type":"image\/jpeg"}],"author":"Redacci\u00f3n Box Repsol","twitter_card":"summary_large_image","twitter_creator":"@https:\/\/twitter.com\/box_repsol","twitter_site":"@box_repsol","twitter_misc":{"Written by":"Redacci\u00f3n Box Repsol","Est. reading time":"3 minutos"},"schema":{"@context":"https:\/\/schema.org","@graph":[{"@type":"Article","@id":"https:\/\/www.boxrepsol.com\/es\/trial\/victoria-bou-cerrar-mundial\/#article","isPartOf":{"@id":"https:\/\/www.boxrepsol.com\/es\/trial\/victoria-bou-cerrar-mundial\/"},"author":{"name":"Redacci\u00f3n Box Repsol","@id":"https:\/\/www.boxrepsol.com\/es\/#\/schema\/person\/c5c2138f2cca251b0ad92b7086bb60b7"},"headline":"Victoria de Bou para cerrar el Mundial","datePublished":"2016-09-05T02:00:00+00:00","dateModified":"2024-05-07T09:03:57+00:00","mainEntityOfPage":{"@id":"https:\/\/www.boxrepsol.com\/es\/trial\/victoria-bou-cerrar-mundial\/"},"wordCount":603,"commentCount":0,"publisher":{"@id":"https:\/\/www.boxrepsol.com\/es\/#organization"},"image":{"@id":"https:\/\/www.boxrepsol.com\/es\/trial\/victoria-bou-cerrar-mundial\/#primaryimage"},"thumbnailUrl":"https:\/\/www.boxrepsol.com\/wp-content\/uploads\/2022\/08\/toni-bou-takahisa-fujinami-trial-podio-2016.jpg","keywords":["Toni Bou"],"articleSection":["Trial"],"inLanguage":"es","potentialAction":[{"@type":"CommentAction","name":"Comment","target":["https:\/\/www.boxrepsol.com\/es\/trial\/victoria-bou-cerrar-mundial\/#respond"]}]},{"@type":"WebPage","@id":"https:\/\/www.boxrepsol.com\/es\/trial\/victoria-bou-cerrar-mundial\/","url":"https:\/\/www.boxrepsol.com\/es\/trial\/victoria-bou-cerrar-mundial\/","name":"Victoria de Bou para cerrar el Mundial - Box Repsol","isPartOf":{"@id":"https:\/\/www.boxrepsol.com\/es\/#website"},"primaryImageOfPage":{"@id":"https:\/\/www.boxrepsol.com\/es\/trial\/victoria-bou-cerrar-mundial\/#primaryimage"},"image":{"@id":"https:\/\/www.boxrepsol.com\/es\/trial\/victoria-bou-cerrar-mundial\/#primaryimage"},"thumbnailUrl":"https:\/\/www.boxrepsol.com\/wp-content\/uploads\/2022\/08\/toni-bou-takahisa-fujinami-trial-podio-2016.jpg","datePublished":"2016-09-05T02:00:00+00:00","dateModified":"2024-05-07T09:03:57+00:00","description":"El piloto del equipo Repsol Honda pone el broche de oro a su 20\u00ba t\u00edtulo y no da opci\u00f3n en la segunda jornada en Italia. Fujinami, quinto.","breadcrumb":{"@id":"https:\/\/www.boxrepsol.com\/es\/trial\/victoria-bou-cerrar-mundial\/#breadcrumb"},"inLanguage":"es","potentialAction":[{"@type":"ReadAction","target":["https:\/\/www.boxrepsol.com\/es\/trial\/victoria-bou-cerrar-mundial\/"]}]},{"@type":"ImageObject","inLanguage":"es","@id":"https:\/\/www.boxrepsol.com\/es\/trial\/victoria-bou-cerrar-mundial\/#primaryimage","url":"https:\/\/www.boxrepsol.com\/wp-content\/uploads\/2022\/08\/toni-bou-takahisa-fujinami-trial-podio-2016.jpg","contentUrl":"https:\/\/www.boxrepsol.com\/wp-content\/uploads\/2022\/08\/toni-bou-takahisa-fujinami-trial-podio-2016.jpg","width":984,"height":412,"caption":"Toni Bou y Takahisa Fujinami en el podio"},{"@type":"BreadcrumbList","@id":"https:\/\/www.boxrepsol.com\/es\/trial\/victoria-bou-cerrar-mundial\/#breadcrumb","itemListElement":[{"@type":"ListItem","position":1,"name":"Home","item":"https:\/\/www.boxrepsol.com\/es\/"},{"@type":"ListItem","position":2,"name":"Victoria de Bou para cerrar el Mundial"}]},{"@type":"WebSite","@id":"https:\/\/www.boxrepsol.com\/es\/#website","url":"https:\/\/www.boxrepsol.com\/es\/","name":"Box Repsol","description":"Box Repsol Site","publisher":{"@id":"https:\/\/www.boxrepsol.com\/es\/#organization"},"potentialAction":[{"@type":"SearchAction","target":{"@type":"EntryPoint","urlTemplate":"https:\/\/www.boxrepsol.com\/es\/?s={search_term_string}"},"query-input":{"@type":"PropertyValueSpecification","valueRequired":true,"valueName":"search_term_string"}}],"inLanguage":"es"},{"@type":"Organization","@id":"https:\/\/www.boxrepsol.com\/es\/#organization","name":"Box Repsol","url":"https:\/\/www.boxrepsol.com\/es\/","logo":{"@type":"ImageObject","inLanguage":"es","@id":"https:\/\/www.boxrepsol.com\/es\/#\/schema\/logo\/image\/","url":"https:\/\/bxrepsol.s3.eu-west-1.amazonaws.com\/static\/2025\/07\/30083337\/favicon-96x96-1.png","contentUrl":"https:\/\/bxrepsol.s3.eu-west-1.amazonaws.com\/static\/2025\/07\/30083337\/favicon-96x96-1.png","width":96,"height":96,"caption":"Box Repsol"},"image":{"@id":"https:\/\/www.boxrepsol.com\/es\/#\/schema\/logo\/image\/"},"sameAs":["https:\/\/www.facebook.com\/BoxRepsol","https:\/\/x.com\/box_repsol","http:\/\/instagram.com\/box_repsol","https:\/\/www.youtube.com\/user\/RepsolCompeticion","https:\/\/www.flickr.com\/photos\/box_repsol\/"]},{"@type":"Person","@id":"https:\/\/www.boxrepsol.com\/es\/#\/schema\/person\/c5c2138f2cca251b0ad92b7086bb60b7","name":"Redacci\u00f3n Box Repsol","image":{"@type":"ImageObject","inLanguage":"es","@id":"https:\/\/secure.gravatar.com\/avatar\/adf7b77e38b4419baf32c7e9c21dde01f4e40df611f0978e3006fc4ba0aaab7e?s=96&d=mm&r=g","url":"https:\/\/secure.gravatar.com\/avatar\/adf7b77e38b4419baf32c7e9c21dde01f4e40df611f0978e3006fc4ba0aaab7e?s=96&d=mm&r=g","contentUrl":"https:\/\/secure.gravatar.com\/avatar\/adf7b77e38b4419baf32c7e9c21dde01f4e40df611f0978e3006fc4ba0aaab7e?s=96&d=mm&r=g","caption":"Redacci\u00f3n Box Repsol"},"description":"Box Repsol lo forma un equipo de periodistas, community managers, dise\u00f1adores y fot\u00f3grafos con m\u00e1s de 20 a\u00f1os de experiencia en el mundo del motorsport. Hemos vivido el primer mundial de un espa\u00f1ol en la categor\u00eda reina de motociclismo con \u00c1lex Crivill\u00e9, estuvimos en las victorias de Pedrosa y los t\u00edtulos de M\u00e1rquez, acompa\u00f1amos en \u00c1frica a Nani Roma y Marc Coma en sus conquistas del Dakar y hemos vibrado con los t\u00edtulos de Toni Bou en Trial. Adem\u00e1s, en nuestro equipo contamos con expertos en el mundo de las dos y cuatro ruedas tanto de la calle y las carreteras, como de los circuitos. Periodistas que han trabajado en revistas y publicaciones para hacerte llegar desde rutas y consejos de mantenimiento, a curiosidades y trucos de pilotaje.","sameAs":["https:\/\/www.facebook.com\/BoxRepsol\/","https:\/\/www.instagram.com\/box_repsol\/","https:\/\/x.com\/https:\/\/twitter.com\/box_repsol","https:\/\/www.youtube.com\/@Boxrepsol"],"url":"https:\/\/www.boxrepsol.com\/es\/author\/redaccion-box-repsol\/"}]}},"_links":{"self":[{"href":"https:\/\/www.boxrepsol.com\/es\/wp-json\/wp\/v2\/posts\/89850","targetHints":{"allow":["GET"]}}],"collection":[{"href":"https:\/\/www.boxrepsol.com\/es\/wp-json\/wp\/v2\/posts"}],"about":[{"href":"https:\/\/www.boxrepsol.com\/es\/wp-json\/wp\/v2\/types\/post"}],"author":[{"embeddable":true,"href":"https:\/\/www.boxrepsol.com\/es\/wp-json\/wp\/v2\/users\/43146"}],"replies":[{"embeddable":true,"href":"https:\/\/www.boxrepsol.com\/es\/wp-json\/wp\/v2\/comments?post=89850"}],"version-history":[{"count":1,"href":"https:\/\/www.boxrepsol.com\/es\/wp-json\/wp\/v2\/posts\/89850\/revisions"}],"predecessor-version":[{"id":89851,"href":"https:\/\/www.boxrepsol.com\/es\/wp-json\/wp\/v2\/posts\/89850\/revisions\/89851"}],"wp:featuredmedia":[{"embeddable":true,"href":"https:\/\/www.boxrepsol.com\/es\/wp-json\/wp\/v2\/media\/85675"}],"wp:attachment":[{"href":"https:\/\/www.boxrepsol.com\/es\/wp-json\/wp\/v2\/media?parent=89850"}],"wp:term":[{"taxonomy":"category","embeddable":true,"href":"https:\/\/www.boxrepsol.com\/es\/wp-json\/wp\/v2\/categories?post=89850"},{"taxonomy":"post_tag","embeddable":true,"href":"https:\/\/www.boxrepsol.com\/es\/wp-json\/wp\/v2\/tags?post=89850"}],"curies":[{"name":"wp","href":"https:\/\/api.w.org\/{rel}","templated":true}]}}