{"id":89844,"date":"2016-10-16T00:00:00","date_gmt":"2016-10-16T02:00:00","guid":{"rendered":"http:\/\/pre.boxrepsol.com\/sin-categorizar\/sendas-caidas-dejan-sin-premio-a-jorge-navarro-y-aron-canet\/"},"modified":"2024-05-07T07:15:00","modified_gmt":"2024-05-07T09:15:00","slug":"sendas-caidas-dejan-sin-premio-a-jorge-navarro-y-aron-canet","status":"publish","type":"post","link":"https:\/\/www.boxrepsol.com\/es\/motogp\/sendas-caidas-dejan-sin-premio-a-jorge-navarro-y-aron-canet\/","title":{"rendered":"Sendas ca\u00eddas dejan sin premio a Jorge Navarro y Ar\u00f3n Canet"},"content":{"rendered":"<blockquote><p>Jorge Navarro: \u00abEl trabajo en los entrenamientos ha sido positivo\u00bb<\/p>\n<p><a href=\"http:\/\/twitter.com\/share?text=Jorge+Navarro%3A+%22El+trabajo+en+los+entrenamientos+ha+sido+positivo%22&amp;url=http%3A%2F%2F34.249.211.158%2Fes%2Fmotogp%2Fsendas-caidas-dejan-sin-premio-a-jorge-navarro-y-aron-canet%2F&amp;hashtags=\" target=\"_blank\" rel=\"noopener\"><br \/>\ntwittear <\/a><\/p>\n<footer>Jorge Navarro<\/footer>\n<\/blockquote>\n<p>Apenas una curva ha durado la carrera para el piloto Repsol <strong>Jorge Navarro<\/strong>. Un toque con otro piloto, en el que tambi\u00e9n se ha visto involucrado su compa\u00f1ero de equipo, <strong>Ar\u00f3n Canet<\/strong>, ha terminado con las opciones de Navarro de luchar por las posiciones delanteras en el Gran Premio de Jap\u00f3n. Se le ha cerrado la direcci\u00f3n y al golpear el suelo se ha luxado de nuevo el hombro izquierdo, que le han recolocado r\u00e1pidamente en el centro m\u00e9dico del circuito.<\/p>\n<p>En el mismo incidente, Ar\u00f3n Canet ha visto como la palanca del cambio de su moto quedaba da\u00f1ada, lo que le imped\u00eda reducir en las frenadas con normalidad. Dos ca\u00eddas por este h\u00e1ndicap han hecho que finalmente haya tenido que retirarse.<\/p>\n<p><img decoding=\"async\" src=\"https:\/\/bxrepsol.s3.eu-west-1.amazonaws.com\/static\/2022\/08\/29044704\/jorge-navarro-peloton-moto3-motegi-2016.jpg\" alt=\"Jorge Navarro rodando en peloton en Moto3\" \/><\/p>\n<p><strong>Jorge Navarro<\/strong><\/p>\n<p>\u00abEs una pena terminar el fin de semana con una ca\u00edda, porque ven\u00edamos con muy buenas sensaciones de Arag\u00f3n y el trabajo en los entrenamientos ha sido positivo. Es cierto que en la parte final del cronometrado de ayer, no logramos cuadrar una vuelta r\u00e1pida que me permitiera salir delante, pero el ritmo que ten\u00edamos era alto y ten\u00eda confianza en volver a hacer una buena carrera y rodar con los pilotos de delante. En la primera curva, saliendo en cuarta fila pueden pasar estas cosas. Me he tocado con otro piloto y se me ha cerrado la direcci\u00f3n. Me he dislocado otra vez el hombro y me lo han colocado en su sitio en el centro m\u00e9dico. Ahora veremos c\u00f3mo evoluciona en los pr\u00f3ximos d\u00edas\u00bb.<\/p>\n<p><strong>Ar\u00f3n Canet<\/strong><\/p>\n<p>\u00abEn la primera curva me he tocado con mi compa\u00f1ero de equipo y se ha roto la palanca de cambio y, desde entonces, cuando intentaba reducir no pod\u00eda. He dado dos vueltas m\u00e1s, adapt\u00e1ndome bastante bien a esa situaci\u00f3n y, luego he decidido empezar a recuperar posiciones. En dos giros he adelantado a seis pilotos y me sent\u00eda c\u00f3modo, pero despu\u00e9s he tenido problemas para reducir marchas. No pod\u00eda rodar con la que yo quer\u00eda y me colaba en las curvas, hasta que en una de ellas se me ha cerrado la direcci\u00f3n. Y la segunda ca\u00edda ha sido parecida: no me ha entrado la marcha y me he ido recto\u00bb.<\/p>\n","protected":false},"excerpt":{"rendered":"<p>Jorge Navarro se disloca nuevamente el hombro izquierdo tras irse al suelo en un incidente en el primer giro. Ar\u00f3n Canet ha sufrido dos ca\u00eddas y finalmente se ha visto obligado a retirarse.<\/p>\n","protected":false},"author":43146,"featured_media":85662,"comment_status":"open","ping_status":"open","sticky":false,"template":"","format":"standard","meta":{"footnotes":""},"categories":[4],"tags":[14],"class_list":["post-89844","post","type-post","status-publish","format-standard","hentry","category-motogp","tag-moto3"],"yoast_head":"<!-- This site is optimized with the Yoast SEO plugin v27.3 - https:\/\/yoast.com\/product\/yoast-seo-wordpress\/ -->\n<title>Sendas ca\u00eddas dejan sin premio a Jorge Navarro y Ar\u00f3n Canet - Box Repsol<\/title>\n<meta name=\"description\" content=\"Jorge Navarro se disloca nuevamente el hombro izquierdo tras irse al suelo en un incidente en el primer giro. Ar\u00f3n Canet ha sufrido dos ca\u00eddas...\" \/>\n<link rel=\"canonical\" href=\"https:\/\/www.boxrepsol.com\/es\/motogp\/sendas-caidas-dejan-sin-premio-a-jorge-navarro-y-aron-canet\/\" \/>\n<meta property=\"og:locale\" content=\"es_ES\" \/>\n<meta property=\"og:type\" content=\"article\" \/>\n<meta property=\"og:title\" content=\"Sendas ca\u00eddas dejan sin premio a Jorge Navarro y Ar\u00f3n Canet - Box Repsol\" \/>\n<meta property=\"og:description\" content=\"Jorge Navarro se disloca nuevamente el hombro izquierdo tras irse al suelo en un incidente en el primer giro. Ar\u00f3n Canet ha sufrido dos ca\u00eddas...\" \/>\n<meta property=\"og:url\" content=\"https:\/\/www.boxrepsol.com\/es\/motogp\/sendas-caidas-dejan-sin-premio-a-jorge-navarro-y-aron-canet\/\" \/>\n<meta property=\"og:site_name\" content=\"Box Repsol\" \/>\n<meta property=\"article:publisher\" content=\"https:\/\/www.facebook.com\/BoxRepsol\" \/>\n<meta property=\"article:author\" content=\"https:\/\/www.facebook.com\/BoxRepsol\/\" \/>\n<meta property=\"article:published_time\" content=\"2016-10-16T02:00:00+00:00\" \/>\n<meta property=\"article:modified_time\" content=\"2024-05-07T09:15:00+00:00\" \/>\n<meta property=\"og:image\" content=\"https:\/\/www.boxrepsol.com\/wp-content\/uploads\/2022\/08\/aron-canet-motegi-moto3-2016.jpg\" \/>\n\t<meta property=\"og:image:width\" content=\"984\" \/>\n\t<meta property=\"og:image:height\" content=\"412\" \/>\n\t<meta property=\"og:image:type\" content=\"image\/jpeg\" \/>\n<meta name=\"author\" content=\"Redacci\u00f3n Box Repsol\" \/>\n<meta name=\"twitter:card\" content=\"summary_large_image\" \/>\n<meta name=\"twitter:creator\" content=\"@https:\/\/twitter.com\/box_repsol\" \/>\n<meta name=\"twitter:site\" content=\"@box_repsol\" \/>\n<meta name=\"twitter:label1\" content=\"Written by\" \/>\n\t<meta name=\"twitter:data1\" content=\"Redacci\u00f3n Box Repsol\" \/>\n\t<meta name=\"twitter:label2\" content=\"Est. reading time\" \/>\n\t<meta name=\"twitter:data2\" content=\"2 minutos\" \/>\n<script type=\"application\/ld+json\" class=\"yoast-schema-graph\">{\"@context\":\"https:\\\/\\\/schema.org\",\"@graph\":[{\"@type\":\"Article\",\"@id\":\"https:\\\/\\\/www.boxrepsol.com\\\/es\\\/motogp\\\/sendas-caidas-dejan-sin-premio-a-jorge-navarro-y-aron-canet\\\/#article\",\"isPartOf\":{\"@id\":\"https:\\\/\\\/www.boxrepsol.com\\\/es\\\/motogp\\\/sendas-caidas-dejan-sin-premio-a-jorge-navarro-y-aron-canet\\\/\"},\"author\":{\"name\":\"Redacci\u00f3n Box Repsol\",\"@id\":\"https:\\\/\\\/www.boxrepsol.com\\\/es\\\/#\\\/schema\\\/person\\\/c5c2138f2cca251b0ad92b7086bb60b7\"},\"headline\":\"Sendas ca\u00eddas dejan sin premio a Jorge Navarro y Ar\u00f3n Canet\",\"datePublished\":\"2016-10-16T02:00:00+00:00\",\"dateModified\":\"2024-05-07T09:15:00+00:00\",\"mainEntityOfPage\":{\"@id\":\"https:\\\/\\\/www.boxrepsol.com\\\/es\\\/motogp\\\/sendas-caidas-dejan-sin-premio-a-jorge-navarro-y-aron-canet\\\/\"},\"wordCount\":425,\"commentCount\":0,\"publisher\":{\"@id\":\"https:\\\/\\\/www.boxrepsol.com\\\/es\\\/#organization\"},\"image\":{\"@id\":\"https:\\\/\\\/www.boxrepsol.com\\\/es\\\/motogp\\\/sendas-caidas-dejan-sin-premio-a-jorge-navarro-y-aron-canet\\\/#primaryimage\"},\"thumbnailUrl\":\"https:\\\/\\\/www.boxrepsol.com\\\/wp-content\\\/uploads\\\/2022\\\/08\\\/aron-canet-motegi-moto3-2016.jpg\",\"keywords\":[\"Moto3\"],\"articleSection\":[\"MotoGP\"],\"inLanguage\":\"es\",\"potentialAction\":[{\"@type\":\"CommentAction\",\"name\":\"Comment\",\"target\":[\"https:\\\/\\\/www.boxrepsol.com\\\/es\\\/motogp\\\/sendas-caidas-dejan-sin-premio-a-jorge-navarro-y-aron-canet\\\/#respond\"]}]},{\"@type\":\"WebPage\",\"@id\":\"https:\\\/\\\/www.boxrepsol.com\\\/es\\\/motogp\\\/sendas-caidas-dejan-sin-premio-a-jorge-navarro-y-aron-canet\\\/\",\"url\":\"https:\\\/\\\/www.boxrepsol.com\\\/es\\\/motogp\\\/sendas-caidas-dejan-sin-premio-a-jorge-navarro-y-aron-canet\\\/\",\"name\":\"Sendas ca\u00eddas dejan sin premio a Jorge Navarro y Ar\u00f3n Canet - Box Repsol\",\"isPartOf\":{\"@id\":\"https:\\\/\\\/www.boxrepsol.com\\\/es\\\/#website\"},\"primaryImageOfPage\":{\"@id\":\"https:\\\/\\\/www.boxrepsol.com\\\/es\\\/motogp\\\/sendas-caidas-dejan-sin-premio-a-jorge-navarro-y-aron-canet\\\/#primaryimage\"},\"image\":{\"@id\":\"https:\\\/\\\/www.boxrepsol.com\\\/es\\\/motogp\\\/sendas-caidas-dejan-sin-premio-a-jorge-navarro-y-aron-canet\\\/#primaryimage\"},\"thumbnailUrl\":\"https:\\\/\\\/www.boxrepsol.com\\\/wp-content\\\/uploads\\\/2022\\\/08\\\/aron-canet-motegi-moto3-2016.jpg\",\"datePublished\":\"2016-10-16T02:00:00+00:00\",\"dateModified\":\"2024-05-07T09:15:00+00:00\",\"description\":\"Jorge Navarro se disloca nuevamente el hombro izquierdo tras irse al suelo en un incidente en el primer giro. Ar\u00f3n Canet ha sufrido dos ca\u00eddas...\",\"breadcrumb\":{\"@id\":\"https:\\\/\\\/www.boxrepsol.com\\\/es\\\/motogp\\\/sendas-caidas-dejan-sin-premio-a-jorge-navarro-y-aron-canet\\\/#breadcrumb\"},\"inLanguage\":\"es\",\"potentialAction\":[{\"@type\":\"ReadAction\",\"target\":[\"https:\\\/\\\/www.boxrepsol.com\\\/es\\\/motogp\\\/sendas-caidas-dejan-sin-premio-a-jorge-navarro-y-aron-canet\\\/\"]}]},{\"@type\":\"ImageObject\",\"inLanguage\":\"es\",\"@id\":\"https:\\\/\\\/www.boxrepsol.com\\\/es\\\/motogp\\\/sendas-caidas-dejan-sin-premio-a-jorge-navarro-y-aron-canet\\\/#primaryimage\",\"url\":\"https:\\\/\\\/www.boxrepsol.com\\\/wp-content\\\/uploads\\\/2022\\\/08\\\/aron-canet-motegi-moto3-2016.jpg\",\"contentUrl\":\"https:\\\/\\\/www.boxrepsol.com\\\/wp-content\\\/uploads\\\/2022\\\/08\\\/aron-canet-motegi-moto3-2016.jpg\",\"width\":984,\"height\":412,\"caption\":\"Ar\u00f3n Canet rodando con otros pilotos en Moto3\"},{\"@type\":\"BreadcrumbList\",\"@id\":\"https:\\\/\\\/www.boxrepsol.com\\\/es\\\/motogp\\\/sendas-caidas-dejan-sin-premio-a-jorge-navarro-y-aron-canet\\\/#breadcrumb\",\"itemListElement\":[{\"@type\":\"ListItem\",\"position\":1,\"name\":\"Home\",\"item\":\"https:\\\/\\\/www.boxrepsol.com\\\/es\\\/\"},{\"@type\":\"ListItem\",\"position\":2,\"name\":\"Sendas ca\u00eddas dejan sin premio a Jorge Navarro y Ar\u00f3n Canet\"}]},{\"@type\":\"WebSite\",\"@id\":\"https:\\\/\\\/www.boxrepsol.com\\\/es\\\/#website\",\"url\":\"https:\\\/\\\/www.boxrepsol.com\\\/es\\\/\",\"name\":\"Box Repsol\",\"description\":\"Box Repsol Site\",\"publisher\":{\"@id\":\"https:\\\/\\\/www.boxrepsol.com\\\/es\\\/#organization\"},\"potentialAction\":[{\"@type\":\"SearchAction\",\"target\":{\"@type\":\"EntryPoint\",\"urlTemplate\":\"https:\\\/\\\/www.boxrepsol.com\\\/es\\\/?s={search_term_string}\"},\"query-input\":{\"@type\":\"PropertyValueSpecification\",\"valueRequired\":true,\"valueName\":\"search_term_string\"}}],\"inLanguage\":\"es\"},{\"@type\":\"Organization\",\"@id\":\"https:\\\/\\\/www.boxrepsol.com\\\/es\\\/#organization\",\"name\":\"Box Repsol\",\"url\":\"https:\\\/\\\/www.boxrepsol.com\\\/es\\\/\",\"logo\":{\"@type\":\"ImageObject\",\"inLanguage\":\"es\",\"@id\":\"https:\\\/\\\/www.boxrepsol.com\\\/es\\\/#\\\/schema\\\/logo\\\/image\\\/\",\"url\":\"https:\\\/\\\/bxrepsol.s3.eu-west-1.amazonaws.com\\\/static\\\/2025\\\/07\\\/30083337\\\/favicon-96x96-1.png\",\"contentUrl\":\"https:\\\/\\\/bxrepsol.s3.eu-west-1.amazonaws.com\\\/static\\\/2025\\\/07\\\/30083337\\\/favicon-96x96-1.png\",\"width\":96,\"height\":96,\"caption\":\"Box Repsol\"},\"image\":{\"@id\":\"https:\\\/\\\/www.boxrepsol.com\\\/es\\\/#\\\/schema\\\/logo\\\/image\\\/\"},\"sameAs\":[\"https:\\\/\\\/www.facebook.com\\\/BoxRepsol\",\"https:\\\/\\\/x.com\\\/box_repsol\",\"http:\\\/\\\/instagram.com\\\/box_repsol\",\"https:\\\/\\\/www.youtube.com\\\/user\\\/RepsolCompeticion\",\"https:\\\/\\\/www.flickr.com\\\/photos\\\/box_repsol\\\/\"]},{\"@type\":\"Person\",\"@id\":\"https:\\\/\\\/www.boxrepsol.com\\\/es\\\/#\\\/schema\\\/person\\\/c5c2138f2cca251b0ad92b7086bb60b7\",\"name\":\"Redacci\u00f3n Box Repsol\",\"image\":{\"@type\":\"ImageObject\",\"inLanguage\":\"es\",\"@id\":\"https:\\\/\\\/secure.gravatar.com\\\/avatar\\\/adf7b77e38b4419baf32c7e9c21dde01f4e40df611f0978e3006fc4ba0aaab7e?s=96&d=mm&r=g\",\"url\":\"https:\\\/\\\/secure.gravatar.com\\\/avatar\\\/adf7b77e38b4419baf32c7e9c21dde01f4e40df611f0978e3006fc4ba0aaab7e?s=96&d=mm&r=g\",\"contentUrl\":\"https:\\\/\\\/secure.gravatar.com\\\/avatar\\\/adf7b77e38b4419baf32c7e9c21dde01f4e40df611f0978e3006fc4ba0aaab7e?s=96&d=mm&r=g\",\"caption\":\"Redacci\u00f3n Box Repsol\"},\"description\":\"Box Repsol lo forma un equipo de periodistas, community managers, dise\u00f1adores y fot\u00f3grafos con m\u00e1s de 20 a\u00f1os de experiencia en el mundo del motorsport. Hemos vivido el primer mundial de un espa\u00f1ol en la categor\u00eda reina de motociclismo con \u00c1lex Crivill\u00e9, estuvimos en las victorias de Pedrosa y los t\u00edtulos de M\u00e1rquez, acompa\u00f1amos en \u00c1frica a Nani Roma y Marc Coma en sus conquistas del Dakar y hemos vibrado con los t\u00edtulos de Toni Bou en Trial. Adem\u00e1s, en nuestro equipo contamos con expertos en el mundo de las dos y cuatro ruedas tanto de la calle y las carreteras, como de los circuitos. Periodistas que han trabajado en revistas y publicaciones para hacerte llegar desde rutas y consejos de mantenimiento, a curiosidades y trucos de pilotaje.\",\"sameAs\":[\"https:\\\/\\\/www.facebook.com\\\/BoxRepsol\\\/\",\"https:\\\/\\\/www.instagram.com\\\/box_repsol\\\/\",\"https:\\\/\\\/x.com\\\/https:\\\/\\\/twitter.com\\\/box_repsol\",\"https:\\\/\\\/www.youtube.com\\\/@Boxrepsol\"],\"url\":\"https:\\\/\\\/www.boxrepsol.com\\\/es\\\/author\\\/redaccion-box-repsol\\\/\"}]}<\/script>\n<!-- \/ Yoast SEO plugin. -->","yoast_head_json":{"title":"Sendas ca\u00eddas dejan sin premio a Jorge Navarro y Ar\u00f3n Canet - Box Repsol","description":"Jorge Navarro se disloca nuevamente el hombro izquierdo tras irse al suelo en un incidente en el primer giro. Ar\u00f3n Canet ha sufrido dos ca\u00eddas...","canonical":"https:\/\/www.boxrepsol.com\/es\/motogp\/sendas-caidas-dejan-sin-premio-a-jorge-navarro-y-aron-canet\/","og_locale":"es_ES","og_type":"article","og_title":"Sendas ca\u00eddas dejan sin premio a Jorge Navarro y Ar\u00f3n Canet - Box Repsol","og_description":"Jorge Navarro se disloca nuevamente el hombro izquierdo tras irse al suelo en un incidente en el primer giro. Ar\u00f3n Canet ha sufrido dos ca\u00eddas...","og_url":"https:\/\/www.boxrepsol.com\/es\/motogp\/sendas-caidas-dejan-sin-premio-a-jorge-navarro-y-aron-canet\/","og_site_name":"Box Repsol","article_publisher":"https:\/\/www.facebook.com\/BoxRepsol","article_author":"https:\/\/www.facebook.com\/BoxRepsol\/","article_published_time":"2016-10-16T02:00:00+00:00","article_modified_time":"2024-05-07T09:15:00+00:00","og_image":[{"width":984,"height":412,"url":"https:\/\/www.boxrepsol.com\/wp-content\/uploads\/2022\/08\/aron-canet-motegi-moto3-2016.jpg","type":"image\/jpeg"}],"author":"Redacci\u00f3n Box Repsol","twitter_card":"summary_large_image","twitter_creator":"@https:\/\/twitter.com\/box_repsol","twitter_site":"@box_repsol","twitter_misc":{"Written by":"Redacci\u00f3n Box Repsol","Est. reading time":"2 minutos"},"schema":{"@context":"https:\/\/schema.org","@graph":[{"@type":"Article","@id":"https:\/\/www.boxrepsol.com\/es\/motogp\/sendas-caidas-dejan-sin-premio-a-jorge-navarro-y-aron-canet\/#article","isPartOf":{"@id":"https:\/\/www.boxrepsol.com\/es\/motogp\/sendas-caidas-dejan-sin-premio-a-jorge-navarro-y-aron-canet\/"},"author":{"name":"Redacci\u00f3n Box Repsol","@id":"https:\/\/www.boxrepsol.com\/es\/#\/schema\/person\/c5c2138f2cca251b0ad92b7086bb60b7"},"headline":"Sendas ca\u00eddas dejan sin premio a Jorge Navarro y Ar\u00f3n Canet","datePublished":"2016-10-16T02:00:00+00:00","dateModified":"2024-05-07T09:15:00+00:00","mainEntityOfPage":{"@id":"https:\/\/www.boxrepsol.com\/es\/motogp\/sendas-caidas-dejan-sin-premio-a-jorge-navarro-y-aron-canet\/"},"wordCount":425,"commentCount":0,"publisher":{"@id":"https:\/\/www.boxrepsol.com\/es\/#organization"},"image":{"@id":"https:\/\/www.boxrepsol.com\/es\/motogp\/sendas-caidas-dejan-sin-premio-a-jorge-navarro-y-aron-canet\/#primaryimage"},"thumbnailUrl":"https:\/\/www.boxrepsol.com\/wp-content\/uploads\/2022\/08\/aron-canet-motegi-moto3-2016.jpg","keywords":["Moto3"],"articleSection":["MotoGP"],"inLanguage":"es","potentialAction":[{"@type":"CommentAction","name":"Comment","target":["https:\/\/www.boxrepsol.com\/es\/motogp\/sendas-caidas-dejan-sin-premio-a-jorge-navarro-y-aron-canet\/#respond"]}]},{"@type":"WebPage","@id":"https:\/\/www.boxrepsol.com\/es\/motogp\/sendas-caidas-dejan-sin-premio-a-jorge-navarro-y-aron-canet\/","url":"https:\/\/www.boxrepsol.com\/es\/motogp\/sendas-caidas-dejan-sin-premio-a-jorge-navarro-y-aron-canet\/","name":"Sendas ca\u00eddas dejan sin premio a Jorge Navarro y Ar\u00f3n Canet - Box Repsol","isPartOf":{"@id":"https:\/\/www.boxrepsol.com\/es\/#website"},"primaryImageOfPage":{"@id":"https:\/\/www.boxrepsol.com\/es\/motogp\/sendas-caidas-dejan-sin-premio-a-jorge-navarro-y-aron-canet\/#primaryimage"},"image":{"@id":"https:\/\/www.boxrepsol.com\/es\/motogp\/sendas-caidas-dejan-sin-premio-a-jorge-navarro-y-aron-canet\/#primaryimage"},"thumbnailUrl":"https:\/\/www.boxrepsol.com\/wp-content\/uploads\/2022\/08\/aron-canet-motegi-moto3-2016.jpg","datePublished":"2016-10-16T02:00:00+00:00","dateModified":"2024-05-07T09:15:00+00:00","description":"Jorge Navarro se disloca nuevamente el hombro izquierdo tras irse al suelo en un incidente en el primer giro. Ar\u00f3n Canet ha sufrido dos ca\u00eddas...","breadcrumb":{"@id":"https:\/\/www.boxrepsol.com\/es\/motogp\/sendas-caidas-dejan-sin-premio-a-jorge-navarro-y-aron-canet\/#breadcrumb"},"inLanguage":"es","potentialAction":[{"@type":"ReadAction","target":["https:\/\/www.boxrepsol.com\/es\/motogp\/sendas-caidas-dejan-sin-premio-a-jorge-navarro-y-aron-canet\/"]}]},{"@type":"ImageObject","inLanguage":"es","@id":"https:\/\/www.boxrepsol.com\/es\/motogp\/sendas-caidas-dejan-sin-premio-a-jorge-navarro-y-aron-canet\/#primaryimage","url":"https:\/\/www.boxrepsol.com\/wp-content\/uploads\/2022\/08\/aron-canet-motegi-moto3-2016.jpg","contentUrl":"https:\/\/www.boxrepsol.com\/wp-content\/uploads\/2022\/08\/aron-canet-motegi-moto3-2016.jpg","width":984,"height":412,"caption":"Ar\u00f3n Canet rodando con otros pilotos en Moto3"},{"@type":"BreadcrumbList","@id":"https:\/\/www.boxrepsol.com\/es\/motogp\/sendas-caidas-dejan-sin-premio-a-jorge-navarro-y-aron-canet\/#breadcrumb","itemListElement":[{"@type":"ListItem","position":1,"name":"Home","item":"https:\/\/www.boxrepsol.com\/es\/"},{"@type":"ListItem","position":2,"name":"Sendas ca\u00eddas dejan sin premio a Jorge Navarro y Ar\u00f3n Canet"}]},{"@type":"WebSite","@id":"https:\/\/www.boxrepsol.com\/es\/#website","url":"https:\/\/www.boxrepsol.com\/es\/","name":"Box Repsol","description":"Box Repsol Site","publisher":{"@id":"https:\/\/www.boxrepsol.com\/es\/#organization"},"potentialAction":[{"@type":"SearchAction","target":{"@type":"EntryPoint","urlTemplate":"https:\/\/www.boxrepsol.com\/es\/?s={search_term_string}"},"query-input":{"@type":"PropertyValueSpecification","valueRequired":true,"valueName":"search_term_string"}}],"inLanguage":"es"},{"@type":"Organization","@id":"https:\/\/www.boxrepsol.com\/es\/#organization","name":"Box Repsol","url":"https:\/\/www.boxrepsol.com\/es\/","logo":{"@type":"ImageObject","inLanguage":"es","@id":"https:\/\/www.boxrepsol.com\/es\/#\/schema\/logo\/image\/","url":"https:\/\/bxrepsol.s3.eu-west-1.amazonaws.com\/static\/2025\/07\/30083337\/favicon-96x96-1.png","contentUrl":"https:\/\/bxrepsol.s3.eu-west-1.amazonaws.com\/static\/2025\/07\/30083337\/favicon-96x96-1.png","width":96,"height":96,"caption":"Box Repsol"},"image":{"@id":"https:\/\/www.boxrepsol.com\/es\/#\/schema\/logo\/image\/"},"sameAs":["https:\/\/www.facebook.com\/BoxRepsol","https:\/\/x.com\/box_repsol","http:\/\/instagram.com\/box_repsol","https:\/\/www.youtube.com\/user\/RepsolCompeticion","https:\/\/www.flickr.com\/photos\/box_repsol\/"]},{"@type":"Person","@id":"https:\/\/www.boxrepsol.com\/es\/#\/schema\/person\/c5c2138f2cca251b0ad92b7086bb60b7","name":"Redacci\u00f3n Box Repsol","image":{"@type":"ImageObject","inLanguage":"es","@id":"https:\/\/secure.gravatar.com\/avatar\/adf7b77e38b4419baf32c7e9c21dde01f4e40df611f0978e3006fc4ba0aaab7e?s=96&d=mm&r=g","url":"https:\/\/secure.gravatar.com\/avatar\/adf7b77e38b4419baf32c7e9c21dde01f4e40df611f0978e3006fc4ba0aaab7e?s=96&d=mm&r=g","contentUrl":"https:\/\/secure.gravatar.com\/avatar\/adf7b77e38b4419baf32c7e9c21dde01f4e40df611f0978e3006fc4ba0aaab7e?s=96&d=mm&r=g","caption":"Redacci\u00f3n Box Repsol"},"description":"Box Repsol lo forma un equipo de periodistas, community managers, dise\u00f1adores y fot\u00f3grafos con m\u00e1s de 20 a\u00f1os de experiencia en el mundo del motorsport. Hemos vivido el primer mundial de un espa\u00f1ol en la categor\u00eda reina de motociclismo con \u00c1lex Crivill\u00e9, estuvimos en las victorias de Pedrosa y los t\u00edtulos de M\u00e1rquez, acompa\u00f1amos en \u00c1frica a Nani Roma y Marc Coma en sus conquistas del Dakar y hemos vibrado con los t\u00edtulos de Toni Bou en Trial. Adem\u00e1s, en nuestro equipo contamos con expertos en el mundo de las dos y cuatro ruedas tanto de la calle y las carreteras, como de los circuitos. Periodistas que han trabajado en revistas y publicaciones para hacerte llegar desde rutas y consejos de mantenimiento, a curiosidades y trucos de pilotaje.","sameAs":["https:\/\/www.facebook.com\/BoxRepsol\/","https:\/\/www.instagram.com\/box_repsol\/","https:\/\/x.com\/https:\/\/twitter.com\/box_repsol","https:\/\/www.youtube.com\/@Boxrepsol"],"url":"https:\/\/www.boxrepsol.com\/es\/author\/redaccion-box-repsol\/"}]}},"_links":{"self":[{"href":"https:\/\/www.boxrepsol.com\/es\/wp-json\/wp\/v2\/posts\/89844","targetHints":{"allow":["GET"]}}],"collection":[{"href":"https:\/\/www.boxrepsol.com\/es\/wp-json\/wp\/v2\/posts"}],"about":[{"href":"https:\/\/www.boxrepsol.com\/es\/wp-json\/wp\/v2\/types\/post"}],"author":[{"embeddable":true,"href":"https:\/\/www.boxrepsol.com\/es\/wp-json\/wp\/v2\/users\/43146"}],"replies":[{"embeddable":true,"href":"https:\/\/www.boxrepsol.com\/es\/wp-json\/wp\/v2\/comments?post=89844"}],"version-history":[{"count":1,"href":"https:\/\/www.boxrepsol.com\/es\/wp-json\/wp\/v2\/posts\/89844\/revisions"}],"predecessor-version":[{"id":89845,"href":"https:\/\/www.boxrepsol.com\/es\/wp-json\/wp\/v2\/posts\/89844\/revisions\/89845"}],"wp:featuredmedia":[{"embeddable":true,"href":"https:\/\/www.boxrepsol.com\/es\/wp-json\/wp\/v2\/media\/85662"}],"wp:attachment":[{"href":"https:\/\/www.boxrepsol.com\/es\/wp-json\/wp\/v2\/media?parent=89844"}],"wp:term":[{"taxonomy":"category","embeddable":true,"href":"https:\/\/www.boxrepsol.com\/es\/wp-json\/wp\/v2\/categories?post=89844"},{"taxonomy":"post_tag","embeddable":true,"href":"https:\/\/www.boxrepsol.com\/es\/wp-json\/wp\/v2\/tags?post=89844"}],"curies":[{"name":"wp","href":"https:\/\/api.w.org\/{rel}","templated":true}]}}