{"id":89838,"date":"2016-10-17T00:00:00","date_gmt":"2016-10-17T02:00:00","guid":{"rendered":"http:\/\/pre.boxrepsol.com\/sin-categorizar\/victoria-de-toni-bou-y-podio-para-jaime-busto-en-madrid\/"},"modified":"2024-05-07T07:14:37","modified_gmt":"2024-05-07T09:14:37","slug":"victoria-de-toni-bou-y-podio-para-jaime-busto-en-madrid","status":"publish","type":"post","link":"https:\/\/www.boxrepsol.com\/es\/trial\/victoria-de-toni-bou-y-podio-para-jaime-busto-en-madrid\/","title":{"rendered":"Victoria de Toni Bou y podio para Jaime Busto en Madrid"},"content":{"rendered":"<blockquote><p>Jaime Busto: \u00abhemos trabajado para conseguir resultados y est\u00e1n llegando\u00bb<\/p>\n<p><a href=\"http:\/\/twitter.com\/share?text=Jaime+Busto%3A+%22hemos+trabajado+para+conseguir+resultados+y+est%C3%A1n+llegando%22&amp;url=http%3A%2F%2F34.249.211.158%2Fes%2Ftrial%2Fvictoria-de-toni-bou-y-podio-para-jaime-busto-en-madrid%2F&amp;hashtags=\" target=\"_blank\" rel=\"noopener\"><br \/>\ntwittear <\/a><\/p><\/blockquote>\n<p>Jornada inmejorable para el equipo Repsol Honda en Madrid, que ha celebrado la quinta cita del Campeonato de Espa\u00f1a de trial con doblete: victoria de Toni Bou y y segunda posici\u00f3n para Jaime Busto, que ha a\u00f1adido este podio al conseguido en Sig\u00fcenza esta temporada. Bou ha exhibido un pilotaje sobrio y sin demasiados errores, s\u00f3lo cometiendo peque\u00f1os fallos en las zonas m\u00e1s exigentes de la prueba. Tras este resultado, el vigente l\u00edder del certamen, con 100 puntos, mantiene su liderato y se acerca a su octavo t\u00edtulo nacional. Su compa\u00f1ero Jaime Busto ha recuperado buenas sensaciones y ha regresado al podio, conteniendo los errores y mostr\u00e1ndose muy s\u00f3lido. El joven vasco sale reforzado de Valdemanco tras esta segunda posici\u00f3n \u2013su mejor resultado de la temporada\u2013, ya que sube de la 5\u00aa a la 3\u00aa plaza en la clasificaci\u00f3n general, con 63 puntos.<\/p>\n<p>La sexta y \u00faltima prueba del Campeonato de Espa\u00f1a se celebrar\u00e1 en Antas, Almer\u00eda, el 13 de noviembre.<\/p>\n<p><img decoding=\"async\" src=\"https:\/\/bxrepsol.s3.eu-west-1.amazonaws.com\/static\/2022\/08\/29071103\/37-jaime-busto-repsol-honda-trial-2.jpg\" alt=\"37-jaime-busto-repsol-honda-trial\" \/><\/p>\n<h3>Toni Bou<\/h3>\n<p><em>\u00abHoy he corrido otro trial casi perfecto. Hemos empezado muy bien, pudiendo superar con cierta facilidad zonas complicadas. He acabado sin demasiados errores y muy pocos puntos. La victoria es muy importante porque nos deja el campeonato en muy buena posici\u00f3n y, con solo acabar la \u00faltima prueba, seremos campeones. Estoy muy contento, hemos trabajado durante todo el a\u00f1o para conseguir resultados y est\u00e1n llegando\u00bb.<\/em><\/p>\n<h3>Jaime Busto<\/h3>\n<p><em>\u00abEstoy bastante contento con el resultado. Ayer vi que pod\u00eda hacerlo bien y he salido con muchas ganas. En las zonas me he encontrado c\u00f3modo, han ido saliendo las cosas y me he animado. Me ha gustado el trial, me ha recordado a los primeros que corr\u00ed aqu\u00ed. Este fin de semana he tenido la suerte de mi lado y estar tercero en el campeonato es algo muy bueno a falta de la \u00faltima carrera\u00bb.<\/em><\/p>\n","protected":false},"excerpt":{"rendered":"<p>Gran doblete para el equipo Repsol Honda en Valdemanco, con Bou consolidando su liderato a falta de una prueba y Busto en el podio por segunda vez este a\u00f1o, alcanzando su mejor puesto de la temporada y la tercera plaza de la clasificaci\u00f3n general.<\/p>\n","protected":false},"author":43146,"featured_media":89840,"comment_status":"open","ping_status":"open","sticky":false,"template":"","format":"standard","meta":{"footnotes":""},"categories":[23],"tags":[130],"class_list":["post-89838","post","type-post","status-publish","format-standard","hentry","category-trial","tag-otros-eventos-y-competiciones"],"yoast_head":"<!-- This site is optimized with the Yoast SEO plugin v27.3 - https:\/\/yoast.com\/product\/yoast-seo-wordpress\/ -->\n<title>Victoria de Toni Bou y podio para Jaime Busto en Madrid - Box Repsol<\/title>\n<meta name=\"description\" content=\"Gran doblete para el equipo Repsol Honda en Valdemanco, con Bou consolidando su liderato a falta de una prueba y Busto en el podio por segunda vez este a\u00f1o.\" \/>\n<link rel=\"canonical\" href=\"https:\/\/www.boxrepsol.com\/es\/trial\/victoria-de-toni-bou-y-podio-para-jaime-busto-en-madrid\/\" \/>\n<meta property=\"og:locale\" content=\"es_ES\" \/>\n<meta property=\"og:type\" content=\"article\" \/>\n<meta property=\"og:title\" content=\"Victoria de Toni Bou y podio para Jaime Busto en Madrid - Box Repsol\" \/>\n<meta property=\"og:description\" content=\"Gran doblete para el equipo Repsol Honda en Valdemanco, con Bou consolidando su liderato a falta de una prueba y Busto en el podio por segunda vez este a\u00f1o.\" \/>\n<meta property=\"og:url\" content=\"https:\/\/www.boxrepsol.com\/es\/trial\/victoria-de-toni-bou-y-podio-para-jaime-busto-en-madrid\/\" \/>\n<meta property=\"og:site_name\" content=\"Box Repsol\" \/>\n<meta property=\"article:publisher\" content=\"https:\/\/www.facebook.com\/BoxRepsol\" \/>\n<meta property=\"article:author\" content=\"https:\/\/www.facebook.com\/BoxRepsol\/\" \/>\n<meta property=\"article:published_time\" content=\"2016-10-17T02:00:00+00:00\" \/>\n<meta property=\"article:modified_time\" content=\"2024-05-07T09:14:37+00:00\" \/>\n<meta property=\"og:image\" content=\"https:\/\/bxrepsol.s3.eu-west-1.amazonaws.com\/static\/2023\/02\/24094547\/36-toni-bou-jaime-busto-repsol-honda-2016-trial.jpg\" \/>\n\t<meta property=\"og:image:width\" content=\"984\" \/>\n\t<meta property=\"og:image:height\" content=\"412\" \/>\n\t<meta property=\"og:image:type\" content=\"image\/jpeg\" \/>\n<meta name=\"author\" content=\"Redacci\u00f3n Box Repsol\" \/>\n<meta name=\"twitter:card\" content=\"summary_large_image\" \/>\n<meta name=\"twitter:creator\" content=\"@https:\/\/twitter.com\/box_repsol\" \/>\n<meta name=\"twitter:site\" content=\"@box_repsol\" \/>\n<meta name=\"twitter:label1\" content=\"Written by\" \/>\n\t<meta name=\"twitter:data1\" content=\"Redacci\u00f3n Box Repsol\" \/>\n\t<meta name=\"twitter:label2\" content=\"Est. reading time\" \/>\n\t<meta name=\"twitter:data2\" content=\"2 minutos\" \/>\n<script type=\"application\/ld+json\" class=\"yoast-schema-graph\">{\"@context\":\"https:\\\/\\\/schema.org\",\"@graph\":[{\"@type\":\"Article\",\"@id\":\"https:\\\/\\\/www.boxrepsol.com\\\/es\\\/trial\\\/victoria-de-toni-bou-y-podio-para-jaime-busto-en-madrid\\\/#article\",\"isPartOf\":{\"@id\":\"https:\\\/\\\/www.boxrepsol.com\\\/es\\\/trial\\\/victoria-de-toni-bou-y-podio-para-jaime-busto-en-madrid\\\/\"},\"author\":{\"name\":\"Redacci\u00f3n Box Repsol\",\"@id\":\"https:\\\/\\\/www.boxrepsol.com\\\/es\\\/#\\\/schema\\\/person\\\/c5c2138f2cca251b0ad92b7086bb60b7\"},\"headline\":\"Victoria de Toni Bou y podio para Jaime Busto en Madrid\",\"datePublished\":\"2016-10-17T02:00:00+00:00\",\"dateModified\":\"2024-05-07T09:14:37+00:00\",\"mainEntityOfPage\":{\"@id\":\"https:\\\/\\\/www.boxrepsol.com\\\/es\\\/trial\\\/victoria-de-toni-bou-y-podio-para-jaime-busto-en-madrid\\\/\"},\"wordCount\":344,\"commentCount\":0,\"publisher\":{\"@id\":\"https:\\\/\\\/www.boxrepsol.com\\\/es\\\/#organization\"},\"image\":{\"@id\":\"https:\\\/\\\/www.boxrepsol.com\\\/es\\\/trial\\\/victoria-de-toni-bou-y-podio-para-jaime-busto-en-madrid\\\/#primaryimage\"},\"thumbnailUrl\":\"https:\\\/\\\/bxrepsol.s3.eu-west-1.amazonaws.com\\\/static\\\/2023\\\/02\\\/24094547\\\/36-toni-bou-jaime-busto-repsol-honda-2016-trial.jpg\",\"keywords\":[\"otros eventos y competiciones\"],\"articleSection\":[\"Trial\"],\"inLanguage\":\"es\",\"potentialAction\":[{\"@type\":\"CommentAction\",\"name\":\"Comment\",\"target\":[\"https:\\\/\\\/www.boxrepsol.com\\\/es\\\/trial\\\/victoria-de-toni-bou-y-podio-para-jaime-busto-en-madrid\\\/#respond\"]}]},{\"@type\":\"WebPage\",\"@id\":\"https:\\\/\\\/www.boxrepsol.com\\\/es\\\/trial\\\/victoria-de-toni-bou-y-podio-para-jaime-busto-en-madrid\\\/\",\"url\":\"https:\\\/\\\/www.boxrepsol.com\\\/es\\\/trial\\\/victoria-de-toni-bou-y-podio-para-jaime-busto-en-madrid\\\/\",\"name\":\"Victoria de Toni Bou y podio para Jaime Busto en Madrid - Box Repsol\",\"isPartOf\":{\"@id\":\"https:\\\/\\\/www.boxrepsol.com\\\/es\\\/#website\"},\"primaryImageOfPage\":{\"@id\":\"https:\\\/\\\/www.boxrepsol.com\\\/es\\\/trial\\\/victoria-de-toni-bou-y-podio-para-jaime-busto-en-madrid\\\/#primaryimage\"},\"image\":{\"@id\":\"https:\\\/\\\/www.boxrepsol.com\\\/es\\\/trial\\\/victoria-de-toni-bou-y-podio-para-jaime-busto-en-madrid\\\/#primaryimage\"},\"thumbnailUrl\":\"https:\\\/\\\/bxrepsol.s3.eu-west-1.amazonaws.com\\\/static\\\/2023\\\/02\\\/24094547\\\/36-toni-bou-jaime-busto-repsol-honda-2016-trial.jpg\",\"datePublished\":\"2016-10-17T02:00:00+00:00\",\"dateModified\":\"2024-05-07T09:14:37+00:00\",\"description\":\"Gran doblete para el equipo Repsol Honda en Valdemanco, con Bou consolidando su liderato a falta de una prueba y Busto en el podio por segunda vez este a\u00f1o.\",\"breadcrumb\":{\"@id\":\"https:\\\/\\\/www.boxrepsol.com\\\/es\\\/trial\\\/victoria-de-toni-bou-y-podio-para-jaime-busto-en-madrid\\\/#breadcrumb\"},\"inLanguage\":\"es\",\"potentialAction\":[{\"@type\":\"ReadAction\",\"target\":[\"https:\\\/\\\/www.boxrepsol.com\\\/es\\\/trial\\\/victoria-de-toni-bou-y-podio-para-jaime-busto-en-madrid\\\/\"]}]},{\"@type\":\"ImageObject\",\"inLanguage\":\"es\",\"@id\":\"https:\\\/\\\/www.boxrepsol.com\\\/es\\\/trial\\\/victoria-de-toni-bou-y-podio-para-jaime-busto-en-madrid\\\/#primaryimage\",\"url\":\"https:\\\/\\\/bxrepsol.s3.eu-west-1.amazonaws.com\\\/static\\\/2023\\\/02\\\/24094547\\\/36-toni-bou-jaime-busto-repsol-honda-2016-trial.jpg\",\"contentUrl\":\"https:\\\/\\\/bxrepsol.s3.eu-west-1.amazonaws.com\\\/static\\\/2023\\\/02\\\/24094547\\\/36-toni-bou-jaime-busto-repsol-honda-2016-trial.jpg\",\"width\":984,\"height\":412,\"caption\":\"Jaime Busto y Toni Bou en el podio en el Campeonato de Espa\u00f1a de Trial\"},{\"@type\":\"BreadcrumbList\",\"@id\":\"https:\\\/\\\/www.boxrepsol.com\\\/es\\\/trial\\\/victoria-de-toni-bou-y-podio-para-jaime-busto-en-madrid\\\/#breadcrumb\",\"itemListElement\":[{\"@type\":\"ListItem\",\"position\":1,\"name\":\"Home\",\"item\":\"https:\\\/\\\/www.boxrepsol.com\\\/es\\\/\"},{\"@type\":\"ListItem\",\"position\":2,\"name\":\"Victoria de Toni Bou y podio para Jaime Busto en Madrid\"}]},{\"@type\":\"WebSite\",\"@id\":\"https:\\\/\\\/www.boxrepsol.com\\\/es\\\/#website\",\"url\":\"https:\\\/\\\/www.boxrepsol.com\\\/es\\\/\",\"name\":\"Box Repsol\",\"description\":\"Box Repsol Site\",\"publisher\":{\"@id\":\"https:\\\/\\\/www.boxrepsol.com\\\/es\\\/#organization\"},\"potentialAction\":[{\"@type\":\"SearchAction\",\"target\":{\"@type\":\"EntryPoint\",\"urlTemplate\":\"https:\\\/\\\/www.boxrepsol.com\\\/es\\\/?s={search_term_string}\"},\"query-input\":{\"@type\":\"PropertyValueSpecification\",\"valueRequired\":true,\"valueName\":\"search_term_string\"}}],\"inLanguage\":\"es\"},{\"@type\":\"Organization\",\"@id\":\"https:\\\/\\\/www.boxrepsol.com\\\/es\\\/#organization\",\"name\":\"Box Repsol\",\"url\":\"https:\\\/\\\/www.boxrepsol.com\\\/es\\\/\",\"logo\":{\"@type\":\"ImageObject\",\"inLanguage\":\"es\",\"@id\":\"https:\\\/\\\/www.boxrepsol.com\\\/es\\\/#\\\/schema\\\/logo\\\/image\\\/\",\"url\":\"https:\\\/\\\/bxrepsol.s3.eu-west-1.amazonaws.com\\\/static\\\/2025\\\/07\\\/30083337\\\/favicon-96x96-1.png\",\"contentUrl\":\"https:\\\/\\\/bxrepsol.s3.eu-west-1.amazonaws.com\\\/static\\\/2025\\\/07\\\/30083337\\\/favicon-96x96-1.png\",\"width\":96,\"height\":96,\"caption\":\"Box Repsol\"},\"image\":{\"@id\":\"https:\\\/\\\/www.boxrepsol.com\\\/es\\\/#\\\/schema\\\/logo\\\/image\\\/\"},\"sameAs\":[\"https:\\\/\\\/www.facebook.com\\\/BoxRepsol\",\"https:\\\/\\\/x.com\\\/box_repsol\",\"http:\\\/\\\/instagram.com\\\/box_repsol\",\"https:\\\/\\\/www.youtube.com\\\/user\\\/RepsolCompeticion\",\"https:\\\/\\\/www.flickr.com\\\/photos\\\/box_repsol\\\/\"]},{\"@type\":\"Person\",\"@id\":\"https:\\\/\\\/www.boxrepsol.com\\\/es\\\/#\\\/schema\\\/person\\\/c5c2138f2cca251b0ad92b7086bb60b7\",\"name\":\"Redacci\u00f3n Box Repsol\",\"image\":{\"@type\":\"ImageObject\",\"inLanguage\":\"es\",\"@id\":\"https:\\\/\\\/secure.gravatar.com\\\/avatar\\\/adf7b77e38b4419baf32c7e9c21dde01f4e40df611f0978e3006fc4ba0aaab7e?s=96&d=mm&r=g\",\"url\":\"https:\\\/\\\/secure.gravatar.com\\\/avatar\\\/adf7b77e38b4419baf32c7e9c21dde01f4e40df611f0978e3006fc4ba0aaab7e?s=96&d=mm&r=g\",\"contentUrl\":\"https:\\\/\\\/secure.gravatar.com\\\/avatar\\\/adf7b77e38b4419baf32c7e9c21dde01f4e40df611f0978e3006fc4ba0aaab7e?s=96&d=mm&r=g\",\"caption\":\"Redacci\u00f3n Box Repsol\"},\"description\":\"Box Repsol lo forma un equipo de periodistas, community managers, dise\u00f1adores y fot\u00f3grafos con m\u00e1s de 20 a\u00f1os de experiencia en el mundo del motorsport. Hemos vivido el primer mundial de un espa\u00f1ol en la categor\u00eda reina de motociclismo con \u00c1lex Crivill\u00e9, estuvimos en las victorias de Pedrosa y los t\u00edtulos de M\u00e1rquez, acompa\u00f1amos en \u00c1frica a Nani Roma y Marc Coma en sus conquistas del Dakar y hemos vibrado con los t\u00edtulos de Toni Bou en Trial. Adem\u00e1s, en nuestro equipo contamos con expertos en el mundo de las dos y cuatro ruedas tanto de la calle y las carreteras, como de los circuitos. Periodistas que han trabajado en revistas y publicaciones para hacerte llegar desde rutas y consejos de mantenimiento, a curiosidades y trucos de pilotaje.\",\"sameAs\":[\"https:\\\/\\\/www.facebook.com\\\/BoxRepsol\\\/\",\"https:\\\/\\\/www.instagram.com\\\/box_repsol\\\/\",\"https:\\\/\\\/x.com\\\/https:\\\/\\\/twitter.com\\\/box_repsol\",\"https:\\\/\\\/www.youtube.com\\\/@Boxrepsol\"],\"url\":\"https:\\\/\\\/www.boxrepsol.com\\\/es\\\/author\\\/redaccion-box-repsol\\\/\"}]}<\/script>\n<!-- \/ Yoast SEO plugin. -->","yoast_head_json":{"title":"Victoria de Toni Bou y podio para Jaime Busto en Madrid - Box Repsol","description":"Gran doblete para el equipo Repsol Honda en Valdemanco, con Bou consolidando su liderato a falta de una prueba y Busto en el podio por segunda vez este a\u00f1o.","canonical":"https:\/\/www.boxrepsol.com\/es\/trial\/victoria-de-toni-bou-y-podio-para-jaime-busto-en-madrid\/","og_locale":"es_ES","og_type":"article","og_title":"Victoria de Toni Bou y podio para Jaime Busto en Madrid - Box Repsol","og_description":"Gran doblete para el equipo Repsol Honda en Valdemanco, con Bou consolidando su liderato a falta de una prueba y Busto en el podio por segunda vez este a\u00f1o.","og_url":"https:\/\/www.boxrepsol.com\/es\/trial\/victoria-de-toni-bou-y-podio-para-jaime-busto-en-madrid\/","og_site_name":"Box Repsol","article_publisher":"https:\/\/www.facebook.com\/BoxRepsol","article_author":"https:\/\/www.facebook.com\/BoxRepsol\/","article_published_time":"2016-10-17T02:00:00+00:00","article_modified_time":"2024-05-07T09:14:37+00:00","og_image":[{"width":984,"height":412,"url":"https:\/\/bxrepsol.s3.eu-west-1.amazonaws.com\/static\/2023\/02\/24094547\/36-toni-bou-jaime-busto-repsol-honda-2016-trial.jpg","type":"image\/jpeg"}],"author":"Redacci\u00f3n Box Repsol","twitter_card":"summary_large_image","twitter_creator":"@https:\/\/twitter.com\/box_repsol","twitter_site":"@box_repsol","twitter_misc":{"Written by":"Redacci\u00f3n Box Repsol","Est. reading time":"2 minutos"},"schema":{"@context":"https:\/\/schema.org","@graph":[{"@type":"Article","@id":"https:\/\/www.boxrepsol.com\/es\/trial\/victoria-de-toni-bou-y-podio-para-jaime-busto-en-madrid\/#article","isPartOf":{"@id":"https:\/\/www.boxrepsol.com\/es\/trial\/victoria-de-toni-bou-y-podio-para-jaime-busto-en-madrid\/"},"author":{"name":"Redacci\u00f3n Box Repsol","@id":"https:\/\/www.boxrepsol.com\/es\/#\/schema\/person\/c5c2138f2cca251b0ad92b7086bb60b7"},"headline":"Victoria de Toni Bou y podio para Jaime Busto en Madrid","datePublished":"2016-10-17T02:00:00+00:00","dateModified":"2024-05-07T09:14:37+00:00","mainEntityOfPage":{"@id":"https:\/\/www.boxrepsol.com\/es\/trial\/victoria-de-toni-bou-y-podio-para-jaime-busto-en-madrid\/"},"wordCount":344,"commentCount":0,"publisher":{"@id":"https:\/\/www.boxrepsol.com\/es\/#organization"},"image":{"@id":"https:\/\/www.boxrepsol.com\/es\/trial\/victoria-de-toni-bou-y-podio-para-jaime-busto-en-madrid\/#primaryimage"},"thumbnailUrl":"https:\/\/bxrepsol.s3.eu-west-1.amazonaws.com\/static\/2023\/02\/24094547\/36-toni-bou-jaime-busto-repsol-honda-2016-trial.jpg","keywords":["otros eventos y competiciones"],"articleSection":["Trial"],"inLanguage":"es","potentialAction":[{"@type":"CommentAction","name":"Comment","target":["https:\/\/www.boxrepsol.com\/es\/trial\/victoria-de-toni-bou-y-podio-para-jaime-busto-en-madrid\/#respond"]}]},{"@type":"WebPage","@id":"https:\/\/www.boxrepsol.com\/es\/trial\/victoria-de-toni-bou-y-podio-para-jaime-busto-en-madrid\/","url":"https:\/\/www.boxrepsol.com\/es\/trial\/victoria-de-toni-bou-y-podio-para-jaime-busto-en-madrid\/","name":"Victoria de Toni Bou y podio para Jaime Busto en Madrid - Box Repsol","isPartOf":{"@id":"https:\/\/www.boxrepsol.com\/es\/#website"},"primaryImageOfPage":{"@id":"https:\/\/www.boxrepsol.com\/es\/trial\/victoria-de-toni-bou-y-podio-para-jaime-busto-en-madrid\/#primaryimage"},"image":{"@id":"https:\/\/www.boxrepsol.com\/es\/trial\/victoria-de-toni-bou-y-podio-para-jaime-busto-en-madrid\/#primaryimage"},"thumbnailUrl":"https:\/\/bxrepsol.s3.eu-west-1.amazonaws.com\/static\/2023\/02\/24094547\/36-toni-bou-jaime-busto-repsol-honda-2016-trial.jpg","datePublished":"2016-10-17T02:00:00+00:00","dateModified":"2024-05-07T09:14:37+00:00","description":"Gran doblete para el equipo Repsol Honda en Valdemanco, con Bou consolidando su liderato a falta de una prueba y Busto en el podio por segunda vez este a\u00f1o.","breadcrumb":{"@id":"https:\/\/www.boxrepsol.com\/es\/trial\/victoria-de-toni-bou-y-podio-para-jaime-busto-en-madrid\/#breadcrumb"},"inLanguage":"es","potentialAction":[{"@type":"ReadAction","target":["https:\/\/www.boxrepsol.com\/es\/trial\/victoria-de-toni-bou-y-podio-para-jaime-busto-en-madrid\/"]}]},{"@type":"ImageObject","inLanguage":"es","@id":"https:\/\/www.boxrepsol.com\/es\/trial\/victoria-de-toni-bou-y-podio-para-jaime-busto-en-madrid\/#primaryimage","url":"https:\/\/bxrepsol.s3.eu-west-1.amazonaws.com\/static\/2023\/02\/24094547\/36-toni-bou-jaime-busto-repsol-honda-2016-trial.jpg","contentUrl":"https:\/\/bxrepsol.s3.eu-west-1.amazonaws.com\/static\/2023\/02\/24094547\/36-toni-bou-jaime-busto-repsol-honda-2016-trial.jpg","width":984,"height":412,"caption":"Jaime Busto y Toni Bou en el podio en el Campeonato de Espa\u00f1a de Trial"},{"@type":"BreadcrumbList","@id":"https:\/\/www.boxrepsol.com\/es\/trial\/victoria-de-toni-bou-y-podio-para-jaime-busto-en-madrid\/#breadcrumb","itemListElement":[{"@type":"ListItem","position":1,"name":"Home","item":"https:\/\/www.boxrepsol.com\/es\/"},{"@type":"ListItem","position":2,"name":"Victoria de Toni Bou y podio para Jaime Busto en Madrid"}]},{"@type":"WebSite","@id":"https:\/\/www.boxrepsol.com\/es\/#website","url":"https:\/\/www.boxrepsol.com\/es\/","name":"Box Repsol","description":"Box Repsol Site","publisher":{"@id":"https:\/\/www.boxrepsol.com\/es\/#organization"},"potentialAction":[{"@type":"SearchAction","target":{"@type":"EntryPoint","urlTemplate":"https:\/\/www.boxrepsol.com\/es\/?s={search_term_string}"},"query-input":{"@type":"PropertyValueSpecification","valueRequired":true,"valueName":"search_term_string"}}],"inLanguage":"es"},{"@type":"Organization","@id":"https:\/\/www.boxrepsol.com\/es\/#organization","name":"Box Repsol","url":"https:\/\/www.boxrepsol.com\/es\/","logo":{"@type":"ImageObject","inLanguage":"es","@id":"https:\/\/www.boxrepsol.com\/es\/#\/schema\/logo\/image\/","url":"https:\/\/bxrepsol.s3.eu-west-1.amazonaws.com\/static\/2025\/07\/30083337\/favicon-96x96-1.png","contentUrl":"https:\/\/bxrepsol.s3.eu-west-1.amazonaws.com\/static\/2025\/07\/30083337\/favicon-96x96-1.png","width":96,"height":96,"caption":"Box Repsol"},"image":{"@id":"https:\/\/www.boxrepsol.com\/es\/#\/schema\/logo\/image\/"},"sameAs":["https:\/\/www.facebook.com\/BoxRepsol","https:\/\/x.com\/box_repsol","http:\/\/instagram.com\/box_repsol","https:\/\/www.youtube.com\/user\/RepsolCompeticion","https:\/\/www.flickr.com\/photos\/box_repsol\/"]},{"@type":"Person","@id":"https:\/\/www.boxrepsol.com\/es\/#\/schema\/person\/c5c2138f2cca251b0ad92b7086bb60b7","name":"Redacci\u00f3n Box Repsol","image":{"@type":"ImageObject","inLanguage":"es","@id":"https:\/\/secure.gravatar.com\/avatar\/adf7b77e38b4419baf32c7e9c21dde01f4e40df611f0978e3006fc4ba0aaab7e?s=96&d=mm&r=g","url":"https:\/\/secure.gravatar.com\/avatar\/adf7b77e38b4419baf32c7e9c21dde01f4e40df611f0978e3006fc4ba0aaab7e?s=96&d=mm&r=g","contentUrl":"https:\/\/secure.gravatar.com\/avatar\/adf7b77e38b4419baf32c7e9c21dde01f4e40df611f0978e3006fc4ba0aaab7e?s=96&d=mm&r=g","caption":"Redacci\u00f3n Box Repsol"},"description":"Box Repsol lo forma un equipo de periodistas, community managers, dise\u00f1adores y fot\u00f3grafos con m\u00e1s de 20 a\u00f1os de experiencia en el mundo del motorsport. Hemos vivido el primer mundial de un espa\u00f1ol en la categor\u00eda reina de motociclismo con \u00c1lex Crivill\u00e9, estuvimos en las victorias de Pedrosa y los t\u00edtulos de M\u00e1rquez, acompa\u00f1amos en \u00c1frica a Nani Roma y Marc Coma en sus conquistas del Dakar y hemos vibrado con los t\u00edtulos de Toni Bou en Trial. Adem\u00e1s, en nuestro equipo contamos con expertos en el mundo de las dos y cuatro ruedas tanto de la calle y las carreteras, como de los circuitos. Periodistas que han trabajado en revistas y publicaciones para hacerte llegar desde rutas y consejos de mantenimiento, a curiosidades y trucos de pilotaje.","sameAs":["https:\/\/www.facebook.com\/BoxRepsol\/","https:\/\/www.instagram.com\/box_repsol\/","https:\/\/x.com\/https:\/\/twitter.com\/box_repsol","https:\/\/www.youtube.com\/@Boxrepsol"],"url":"https:\/\/www.boxrepsol.com\/es\/author\/redaccion-box-repsol\/"}]}},"_links":{"self":[{"href":"https:\/\/www.boxrepsol.com\/es\/wp-json\/wp\/v2\/posts\/89838","targetHints":{"allow":["GET"]}}],"collection":[{"href":"https:\/\/www.boxrepsol.com\/es\/wp-json\/wp\/v2\/posts"}],"about":[{"href":"https:\/\/www.boxrepsol.com\/es\/wp-json\/wp\/v2\/types\/post"}],"author":[{"embeddable":true,"href":"https:\/\/www.boxrepsol.com\/es\/wp-json\/wp\/v2\/users\/43146"}],"replies":[{"embeddable":true,"href":"https:\/\/www.boxrepsol.com\/es\/wp-json\/wp\/v2\/comments?post=89838"}],"version-history":[{"count":1,"href":"https:\/\/www.boxrepsol.com\/es\/wp-json\/wp\/v2\/posts\/89838\/revisions"}],"predecessor-version":[{"id":89839,"href":"https:\/\/www.boxrepsol.com\/es\/wp-json\/wp\/v2\/posts\/89838\/revisions\/89839"}],"wp:featuredmedia":[{"embeddable":true,"href":"https:\/\/www.boxrepsol.com\/es\/wp-json\/wp\/v2\/media\/89840"}],"wp:attachment":[{"href":"https:\/\/www.boxrepsol.com\/es\/wp-json\/wp\/v2\/media?parent=89838"}],"wp:term":[{"taxonomy":"category","embeddable":true,"href":"https:\/\/www.boxrepsol.com\/es\/wp-json\/wp\/v2\/categories?post=89838"},{"taxonomy":"post_tag","embeddable":true,"href":"https:\/\/www.boxrepsol.com\/es\/wp-json\/wp\/v2\/tags?post=89838"}],"curies":[{"name":"wp","href":"https:\/\/api.w.org\/{rel}","templated":true}]}}