{"id":89836,"date":"2016-10-22T00:00:00","date_gmt":"2016-10-22T02:00:00","guid":{"rendered":"http:\/\/pre.boxrepsol.com\/sin-categorizar\/septima-pole-del-ano-para-marc-marquez\/"},"modified":"2024-05-09T06:08:11","modified_gmt":"2024-05-09T08:08:11","slug":"septima-pole-del-ano-para-marc-marquez","status":"publish","type":"post","link":"https:\/\/www.boxrepsol.com\/es\/motogp\/septima-pole-del-ano-para-marc-marquez\/","title":{"rendered":"S\u00e9ptima \u2018pole\u2019 del a\u00f1o para Marc M\u00e1rquez"},"content":{"rendered":"<blockquote><p>\u00b7@NickyHayden: \u00abha sido bonito ver mi nombre ah\u00ed arriba otra vez\u00bb<\/p>\n<p><a href=\"http:\/\/twitter.com\/share?text=%C2%B7%40NickyHayden%3A+%22ha+sido+bonito+ver+mi+nombre+ah%C3%AD+arriba+otra+vez%22&amp;url=http%3A%2F%2F34.249.211.158%2Fes%2Fmotogp%2Fseptima-pole-del-ano-para-marc-marquez%2F&amp;hashtags=\" target=\"_blank\" rel=\"noopener\"><br \/>\ntwittear <\/a><\/p><\/blockquote>\n<p>En una segunda jornada de entrenamientos del Gran Premio de Australia condicionada de nuevo por las inclemencias meteorol\u00f3gicas, <strong>Marc M\u00e1rquez<\/strong> ha vuelto a realizar una exhibici\u00f3n. Ha sido el m\u00e1s r\u00e1pido en el FP3 celebrado en seco y el m\u00e1s r\u00e1pido en mojado en el FP4, s\u00f3lo superado por un <strong>Nicky Hayden<\/strong> que, al inicio de la sesi\u00f3n y justo antes de que cayese un chaparr\u00f3n, se ha anotado una vuelta 3 segundos m\u00e1s r\u00e1pida.<\/p>\n<p>En la tanda oficial, los pilotos han salido con neum\u00e1ticos intermedios, pero tras la primera vuelta, M\u00e1rquez ha entrado en boxes para montar compuestos lisos. Ha regresado a pista y ha detenido el crono en 1 minuto, 30 segundos y 189 mil\u00e9simas, casi 8 d\u00e9cimas m\u00e1s r\u00e1pido que el segundo. Es su s\u00e9ptima pole position del a\u00f1o y 65\u00aa de su carrera, nuevo r\u00e9cord absoluto en la historia del Campeonato del Mundo. Hayden, que ha cambiado de neum\u00e1ticos un poco m\u00e1s tarde, ha terminado en una positiva s\u00e9ptima posici\u00f3n, parando el cron\u00f3metro en 1 minuto, 32 segundos y 944 mil\u00e9simas.<\/p>\n<p><img decoding=\"async\" src=\"https:\/\/bxrepsol.s3.eu-west-1.amazonaws.com\/static\/2022\/08\/29044659\/35-marc-marquez-motogp-93-repsol-honda.jpg\" alt=\"35-marc-marquez-motogp-93-repsol-honda\" \/><\/p>\n<h3><strong>Marc M\u00e1rquez<\/strong><\/h3>\n<p><em>\u00abEstoy contento porque, adem\u00e1s de hacer la pole, he podido dar unas cinco vueltas r\u00e1pidas y he visto algunas cosas que podemos mejorar ma\u00f1ana. Por ejemplo, podemos conseguir m\u00e1s agarre, sobre todo de la parte trasera y tambi\u00e9n en la entrada de las curvas. En el FP4, en agua, me he encontrado muy c\u00f3modo, as\u00ed que este fin de semana nos est\u00e1n saliendo las cosas bien y tenemos que seguir esta din\u00e1mica. La carrera de ma\u00f1ana es todav\u00eda una inc\u00f3gnita, porque no se sabe qu\u00e9 neum\u00e1ticos utilizar ni qui\u00e9nes ser\u00e1n los rivales, pero intentaremos hacer lo m\u00e1ximo de cualquier situaci\u00f3n que encontremos. Mis mejores deseos para mi hermano \u00c1lex, que est\u00e1 yendo al hospital de Melbourne para hacer unas pruebas m\u00e9dicas despu\u00e9s de su ca\u00edda en la sesi\u00f3n oficial de Moto2. Espero que no sea nada grave\u00bb.<\/em><\/p>\n<h3>Nicky Hayden<\/h3>\n<p><em>\u00abHoy ha sido otro d\u00eda con condiciones cambiantes y hemos probado distintos neum\u00e1ticos para ver las posibilidades que ten\u00edamos. El FP4 no sirve de mucho, pero ha sido bonito ver mi nombre ah\u00ed arriba otra vez, despu\u00e9s de tanto tiempo, y lo he disfrutado mucho. En la Q2 hemos empezado con el neum\u00e1tico intermedio y luego hemos cambiado a lisos, pero s\u00f3lo hemos tenido tiempo para montar el trasero, as\u00ed que creo que la s\u00e9ptima posici\u00f3n est\u00e1 bien. Est\u00e1 claro que siempre quieres estar m\u00e1s arriba, pero ha sido todo muy complicado. Ahora espero poder dar unas vueltas en seco ma\u00f1ana en el warm up, para recoger datos y mejorar algunos aspectos de cara a la carrera. Aparte del tiempo, todo est\u00e1 yendo muy bien, as\u00ed que espero hacer un buen trabajo por el equipo y devolverles la confianza que han depositado en m\u00ed aqu\u00ed en Australia\u00bb.<\/em><\/p>\n","protected":false},"excerpt":{"rendered":"<p>El piloto del equipo Repsol Honda se anota el mejor tiempo por 65\u00aa ocasi\u00f3n en su carrera deportiva tras una fren\u00e9tica sesi\u00f3n cronometrada en la que se ha ido secando el asfalto. Hayden partir\u00e1 s\u00e9ptimo en su regreso al equipo Repsol Honda.<\/p>\n","protected":false},"author":43146,"featured_media":85658,"comment_status":"open","ping_status":"open","sticky":false,"template":"","format":"standard","meta":{"footnotes":""},"categories":[4],"tags":[139],"class_list":["post-89836","post","type-post","status-publish","format-standard","hentry","category-motogp","tag-motogp-australia"],"yoast_head":"<!-- This site is optimized with the Yoast SEO plugin v27.3 - https:\/\/yoast.com\/product\/yoast-seo-wordpress\/ -->\n<title>S\u00e9ptima \u2018pole\u2019 del a\u00f1o para Marc M\u00e1rquez - Box Repsol<\/title>\n<meta name=\"description\" content=\"El piloto del equipo Repsol Honda se anota el mejor tiempo por 65\u00aa ocasi\u00f3n en su carrera deportiva tras una fren\u00e9tica sesi\u00f3n cronometrada.\" \/>\n<link rel=\"canonical\" href=\"https:\/\/www.boxrepsol.com\/es\/motogp\/septima-pole-del-ano-para-marc-marquez\/\" \/>\n<meta property=\"og:locale\" content=\"es_ES\" \/>\n<meta property=\"og:type\" content=\"article\" \/>\n<meta property=\"og:title\" content=\"S\u00e9ptima \u2018pole\u2019 del a\u00f1o para Marc M\u00e1rquez - Box Repsol\" \/>\n<meta property=\"og:description\" content=\"El piloto del equipo Repsol Honda se anota el mejor tiempo por 65\u00aa ocasi\u00f3n en su carrera deportiva tras una fren\u00e9tica sesi\u00f3n cronometrada.\" \/>\n<meta property=\"og:url\" content=\"https:\/\/www.boxrepsol.com\/es\/motogp\/septima-pole-del-ano-para-marc-marquez\/\" \/>\n<meta property=\"og:site_name\" content=\"Box Repsol\" \/>\n<meta property=\"article:publisher\" content=\"https:\/\/www.facebook.com\/BoxRepsol\" \/>\n<meta property=\"article:author\" content=\"https:\/\/www.facebook.com\/BoxRepsol\/\" \/>\n<meta property=\"article:published_time\" content=\"2016-10-22T02:00:00+00:00\" \/>\n<meta property=\"article:modified_time\" content=\"2024-05-09T08:08:11+00:00\" \/>\n<meta property=\"og:image\" content=\"https:\/\/www.boxrepsol.com\/wp-content\/uploads\/2022\/08\/34-marc-marquez-philip-island-repsol-honda-motogp.jpg\" \/>\n\t<meta property=\"og:image:width\" content=\"984\" \/>\n\t<meta property=\"og:image:height\" content=\"412\" \/>\n\t<meta property=\"og:image:type\" content=\"image\/jpeg\" \/>\n<meta name=\"author\" content=\"Redacci\u00f3n Box Repsol\" \/>\n<meta name=\"twitter:card\" content=\"summary_large_image\" \/>\n<meta name=\"twitter:creator\" content=\"@https:\/\/twitter.com\/box_repsol\" \/>\n<meta name=\"twitter:site\" content=\"@box_repsol\" \/>\n<meta name=\"twitter:label1\" content=\"Written by\" \/>\n\t<meta name=\"twitter:data1\" content=\"Redacci\u00f3n Box Repsol\" \/>\n\t<meta name=\"twitter:label2\" content=\"Est. reading time\" \/>\n\t<meta name=\"twitter:data2\" content=\"3 minutos\" \/>\n<script type=\"application\/ld+json\" class=\"yoast-schema-graph\">{\"@context\":\"https:\\\/\\\/schema.org\",\"@graph\":[{\"@type\":\"Article\",\"@id\":\"https:\\\/\\\/www.boxrepsol.com\\\/es\\\/motogp\\\/septima-pole-del-ano-para-marc-marquez\\\/#article\",\"isPartOf\":{\"@id\":\"https:\\\/\\\/www.boxrepsol.com\\\/es\\\/motogp\\\/septima-pole-del-ano-para-marc-marquez\\\/\"},\"author\":{\"name\":\"Redacci\u00f3n Box Repsol\",\"@id\":\"https:\\\/\\\/www.boxrepsol.com\\\/es\\\/#\\\/schema\\\/person\\\/c5c2138f2cca251b0ad92b7086bb60b7\"},\"headline\":\"S\u00e9ptima \u2018pole\u2019 del a\u00f1o para Marc M\u00e1rquez\",\"datePublished\":\"2016-10-22T02:00:00+00:00\",\"dateModified\":\"2024-05-09T08:08:11+00:00\",\"mainEntityOfPage\":{\"@id\":\"https:\\\/\\\/www.boxrepsol.com\\\/es\\\/motogp\\\/septima-pole-del-ano-para-marc-marquez\\\/\"},\"wordCount\":534,\"commentCount\":0,\"publisher\":{\"@id\":\"https:\\\/\\\/www.boxrepsol.com\\\/es\\\/#organization\"},\"image\":{\"@id\":\"https:\\\/\\\/www.boxrepsol.com\\\/es\\\/motogp\\\/septima-pole-del-ano-para-marc-marquez\\\/#primaryimage\"},\"thumbnailUrl\":\"https:\\\/\\\/www.boxrepsol.com\\\/wp-content\\\/uploads\\\/2022\\\/08\\\/34-marc-marquez-philip-island-repsol-honda-motogp.jpg\",\"keywords\":[\"MotoGP Australia\"],\"articleSection\":[\"MotoGP\"],\"inLanguage\":\"es\",\"potentialAction\":[{\"@type\":\"CommentAction\",\"name\":\"Comment\",\"target\":[\"https:\\\/\\\/www.boxrepsol.com\\\/es\\\/motogp\\\/septima-pole-del-ano-para-marc-marquez\\\/#respond\"]}]},{\"@type\":\"WebPage\",\"@id\":\"https:\\\/\\\/www.boxrepsol.com\\\/es\\\/motogp\\\/septima-pole-del-ano-para-marc-marquez\\\/\",\"url\":\"https:\\\/\\\/www.boxrepsol.com\\\/es\\\/motogp\\\/septima-pole-del-ano-para-marc-marquez\\\/\",\"name\":\"S\u00e9ptima \u2018pole\u2019 del a\u00f1o para Marc M\u00e1rquez - Box Repsol\",\"isPartOf\":{\"@id\":\"https:\\\/\\\/www.boxrepsol.com\\\/es\\\/#website\"},\"primaryImageOfPage\":{\"@id\":\"https:\\\/\\\/www.boxrepsol.com\\\/es\\\/motogp\\\/septima-pole-del-ano-para-marc-marquez\\\/#primaryimage\"},\"image\":{\"@id\":\"https:\\\/\\\/www.boxrepsol.com\\\/es\\\/motogp\\\/septima-pole-del-ano-para-marc-marquez\\\/#primaryimage\"},\"thumbnailUrl\":\"https:\\\/\\\/www.boxrepsol.com\\\/wp-content\\\/uploads\\\/2022\\\/08\\\/34-marc-marquez-philip-island-repsol-honda-motogp.jpg\",\"datePublished\":\"2016-10-22T02:00:00+00:00\",\"dateModified\":\"2024-05-09T08:08:11+00:00\",\"description\":\"El piloto del equipo Repsol Honda se anota el mejor tiempo por 65\u00aa ocasi\u00f3n en su carrera deportiva tras una fren\u00e9tica sesi\u00f3n cronometrada.\",\"breadcrumb\":{\"@id\":\"https:\\\/\\\/www.boxrepsol.com\\\/es\\\/motogp\\\/septima-pole-del-ano-para-marc-marquez\\\/#breadcrumb\"},\"inLanguage\":\"es\",\"potentialAction\":[{\"@type\":\"ReadAction\",\"target\":[\"https:\\\/\\\/www.boxrepsol.com\\\/es\\\/motogp\\\/septima-pole-del-ano-para-marc-marquez\\\/\"]}]},{\"@type\":\"ImageObject\",\"inLanguage\":\"es\",\"@id\":\"https:\\\/\\\/www.boxrepsol.com\\\/es\\\/motogp\\\/septima-pole-del-ano-para-marc-marquez\\\/#primaryimage\",\"url\":\"https:\\\/\\\/www.boxrepsol.com\\\/wp-content\\\/uploads\\\/2022\\\/08\\\/34-marc-marquez-philip-island-repsol-honda-motogp.jpg\",\"contentUrl\":\"https:\\\/\\\/www.boxrepsol.com\\\/wp-content\\\/uploads\\\/2022\\\/08\\\/34-marc-marquez-philip-island-repsol-honda-motogp.jpg\",\"width\":984,\"height\":412,\"caption\":\"Marc M\u00e1rquez rodando el pista sobre la Honda RC2133V\"},{\"@type\":\"BreadcrumbList\",\"@id\":\"https:\\\/\\\/www.boxrepsol.com\\\/es\\\/motogp\\\/septima-pole-del-ano-para-marc-marquez\\\/#breadcrumb\",\"itemListElement\":[{\"@type\":\"ListItem\",\"position\":1,\"name\":\"Home\",\"item\":\"https:\\\/\\\/www.boxrepsol.com\\\/es\\\/\"},{\"@type\":\"ListItem\",\"position\":2,\"name\":\"S\u00e9ptima \u2018pole\u2019 del a\u00f1o para Marc M\u00e1rquez\"}]},{\"@type\":\"WebSite\",\"@id\":\"https:\\\/\\\/www.boxrepsol.com\\\/es\\\/#website\",\"url\":\"https:\\\/\\\/www.boxrepsol.com\\\/es\\\/\",\"name\":\"Box Repsol\",\"description\":\"Box Repsol Site\",\"publisher\":{\"@id\":\"https:\\\/\\\/www.boxrepsol.com\\\/es\\\/#organization\"},\"potentialAction\":[{\"@type\":\"SearchAction\",\"target\":{\"@type\":\"EntryPoint\",\"urlTemplate\":\"https:\\\/\\\/www.boxrepsol.com\\\/es\\\/?s={search_term_string}\"},\"query-input\":{\"@type\":\"PropertyValueSpecification\",\"valueRequired\":true,\"valueName\":\"search_term_string\"}}],\"inLanguage\":\"es\"},{\"@type\":\"Organization\",\"@id\":\"https:\\\/\\\/www.boxrepsol.com\\\/es\\\/#organization\",\"name\":\"Box Repsol\",\"url\":\"https:\\\/\\\/www.boxrepsol.com\\\/es\\\/\",\"logo\":{\"@type\":\"ImageObject\",\"inLanguage\":\"es\",\"@id\":\"https:\\\/\\\/www.boxrepsol.com\\\/es\\\/#\\\/schema\\\/logo\\\/image\\\/\",\"url\":\"https:\\\/\\\/bxrepsol.s3.eu-west-1.amazonaws.com\\\/static\\\/2025\\\/07\\\/30083337\\\/favicon-96x96-1.png\",\"contentUrl\":\"https:\\\/\\\/bxrepsol.s3.eu-west-1.amazonaws.com\\\/static\\\/2025\\\/07\\\/30083337\\\/favicon-96x96-1.png\",\"width\":96,\"height\":96,\"caption\":\"Box Repsol\"},\"image\":{\"@id\":\"https:\\\/\\\/www.boxrepsol.com\\\/es\\\/#\\\/schema\\\/logo\\\/image\\\/\"},\"sameAs\":[\"https:\\\/\\\/www.facebook.com\\\/BoxRepsol\",\"https:\\\/\\\/x.com\\\/box_repsol\",\"http:\\\/\\\/instagram.com\\\/box_repsol\",\"https:\\\/\\\/www.youtube.com\\\/user\\\/RepsolCompeticion\",\"https:\\\/\\\/www.flickr.com\\\/photos\\\/box_repsol\\\/\"]},{\"@type\":\"Person\",\"@id\":\"https:\\\/\\\/www.boxrepsol.com\\\/es\\\/#\\\/schema\\\/person\\\/c5c2138f2cca251b0ad92b7086bb60b7\",\"name\":\"Redacci\u00f3n Box Repsol\",\"image\":{\"@type\":\"ImageObject\",\"inLanguage\":\"es\",\"@id\":\"https:\\\/\\\/secure.gravatar.com\\\/avatar\\\/adf7b77e38b4419baf32c7e9c21dde01f4e40df611f0978e3006fc4ba0aaab7e?s=96&d=mm&r=g\",\"url\":\"https:\\\/\\\/secure.gravatar.com\\\/avatar\\\/adf7b77e38b4419baf32c7e9c21dde01f4e40df611f0978e3006fc4ba0aaab7e?s=96&d=mm&r=g\",\"contentUrl\":\"https:\\\/\\\/secure.gravatar.com\\\/avatar\\\/adf7b77e38b4419baf32c7e9c21dde01f4e40df611f0978e3006fc4ba0aaab7e?s=96&d=mm&r=g\",\"caption\":\"Redacci\u00f3n Box Repsol\"},\"description\":\"Box Repsol lo forma un equipo de periodistas, community managers, dise\u00f1adores y fot\u00f3grafos con m\u00e1s de 20 a\u00f1os de experiencia en el mundo del motorsport. Hemos vivido el primer mundial de un espa\u00f1ol en la categor\u00eda reina de motociclismo con \u00c1lex Crivill\u00e9, estuvimos en las victorias de Pedrosa y los t\u00edtulos de M\u00e1rquez, acompa\u00f1amos en \u00c1frica a Nani Roma y Marc Coma en sus conquistas del Dakar y hemos vibrado con los t\u00edtulos de Toni Bou en Trial. Adem\u00e1s, en nuestro equipo contamos con expertos en el mundo de las dos y cuatro ruedas tanto de la calle y las carreteras, como de los circuitos. Periodistas que han trabajado en revistas y publicaciones para hacerte llegar desde rutas y consejos de mantenimiento, a curiosidades y trucos de pilotaje.\",\"sameAs\":[\"https:\\\/\\\/www.facebook.com\\\/BoxRepsol\\\/\",\"https:\\\/\\\/www.instagram.com\\\/box_repsol\\\/\",\"https:\\\/\\\/x.com\\\/https:\\\/\\\/twitter.com\\\/box_repsol\",\"https:\\\/\\\/www.youtube.com\\\/@Boxrepsol\"],\"url\":\"https:\\\/\\\/www.boxrepsol.com\\\/es\\\/author\\\/redaccion-box-repsol\\\/\"}]}<\/script>\n<!-- \/ Yoast SEO plugin. -->","yoast_head_json":{"title":"S\u00e9ptima \u2018pole\u2019 del a\u00f1o para Marc M\u00e1rquez - Box Repsol","description":"El piloto del equipo Repsol Honda se anota el mejor tiempo por 65\u00aa ocasi\u00f3n en su carrera deportiva tras una fren\u00e9tica sesi\u00f3n cronometrada.","canonical":"https:\/\/www.boxrepsol.com\/es\/motogp\/septima-pole-del-ano-para-marc-marquez\/","og_locale":"es_ES","og_type":"article","og_title":"S\u00e9ptima \u2018pole\u2019 del a\u00f1o para Marc M\u00e1rquez - Box Repsol","og_description":"El piloto del equipo Repsol Honda se anota el mejor tiempo por 65\u00aa ocasi\u00f3n en su carrera deportiva tras una fren\u00e9tica sesi\u00f3n cronometrada.","og_url":"https:\/\/www.boxrepsol.com\/es\/motogp\/septima-pole-del-ano-para-marc-marquez\/","og_site_name":"Box Repsol","article_publisher":"https:\/\/www.facebook.com\/BoxRepsol","article_author":"https:\/\/www.facebook.com\/BoxRepsol\/","article_published_time":"2016-10-22T02:00:00+00:00","article_modified_time":"2024-05-09T08:08:11+00:00","og_image":[{"width":984,"height":412,"url":"https:\/\/www.boxrepsol.com\/wp-content\/uploads\/2022\/08\/34-marc-marquez-philip-island-repsol-honda-motogp.jpg","type":"image\/jpeg"}],"author":"Redacci\u00f3n Box Repsol","twitter_card":"summary_large_image","twitter_creator":"@https:\/\/twitter.com\/box_repsol","twitter_site":"@box_repsol","twitter_misc":{"Written by":"Redacci\u00f3n Box Repsol","Est. reading time":"3 minutos"},"schema":{"@context":"https:\/\/schema.org","@graph":[{"@type":"Article","@id":"https:\/\/www.boxrepsol.com\/es\/motogp\/septima-pole-del-ano-para-marc-marquez\/#article","isPartOf":{"@id":"https:\/\/www.boxrepsol.com\/es\/motogp\/septima-pole-del-ano-para-marc-marquez\/"},"author":{"name":"Redacci\u00f3n Box Repsol","@id":"https:\/\/www.boxrepsol.com\/es\/#\/schema\/person\/c5c2138f2cca251b0ad92b7086bb60b7"},"headline":"S\u00e9ptima \u2018pole\u2019 del a\u00f1o para Marc M\u00e1rquez","datePublished":"2016-10-22T02:00:00+00:00","dateModified":"2024-05-09T08:08:11+00:00","mainEntityOfPage":{"@id":"https:\/\/www.boxrepsol.com\/es\/motogp\/septima-pole-del-ano-para-marc-marquez\/"},"wordCount":534,"commentCount":0,"publisher":{"@id":"https:\/\/www.boxrepsol.com\/es\/#organization"},"image":{"@id":"https:\/\/www.boxrepsol.com\/es\/motogp\/septima-pole-del-ano-para-marc-marquez\/#primaryimage"},"thumbnailUrl":"https:\/\/www.boxrepsol.com\/wp-content\/uploads\/2022\/08\/34-marc-marquez-philip-island-repsol-honda-motogp.jpg","keywords":["MotoGP Australia"],"articleSection":["MotoGP"],"inLanguage":"es","potentialAction":[{"@type":"CommentAction","name":"Comment","target":["https:\/\/www.boxrepsol.com\/es\/motogp\/septima-pole-del-ano-para-marc-marquez\/#respond"]}]},{"@type":"WebPage","@id":"https:\/\/www.boxrepsol.com\/es\/motogp\/septima-pole-del-ano-para-marc-marquez\/","url":"https:\/\/www.boxrepsol.com\/es\/motogp\/septima-pole-del-ano-para-marc-marquez\/","name":"S\u00e9ptima \u2018pole\u2019 del a\u00f1o para Marc M\u00e1rquez - Box Repsol","isPartOf":{"@id":"https:\/\/www.boxrepsol.com\/es\/#website"},"primaryImageOfPage":{"@id":"https:\/\/www.boxrepsol.com\/es\/motogp\/septima-pole-del-ano-para-marc-marquez\/#primaryimage"},"image":{"@id":"https:\/\/www.boxrepsol.com\/es\/motogp\/septima-pole-del-ano-para-marc-marquez\/#primaryimage"},"thumbnailUrl":"https:\/\/www.boxrepsol.com\/wp-content\/uploads\/2022\/08\/34-marc-marquez-philip-island-repsol-honda-motogp.jpg","datePublished":"2016-10-22T02:00:00+00:00","dateModified":"2024-05-09T08:08:11+00:00","description":"El piloto del equipo Repsol Honda se anota el mejor tiempo por 65\u00aa ocasi\u00f3n en su carrera deportiva tras una fren\u00e9tica sesi\u00f3n cronometrada.","breadcrumb":{"@id":"https:\/\/www.boxrepsol.com\/es\/motogp\/septima-pole-del-ano-para-marc-marquez\/#breadcrumb"},"inLanguage":"es","potentialAction":[{"@type":"ReadAction","target":["https:\/\/www.boxrepsol.com\/es\/motogp\/septima-pole-del-ano-para-marc-marquez\/"]}]},{"@type":"ImageObject","inLanguage":"es","@id":"https:\/\/www.boxrepsol.com\/es\/motogp\/septima-pole-del-ano-para-marc-marquez\/#primaryimage","url":"https:\/\/www.boxrepsol.com\/wp-content\/uploads\/2022\/08\/34-marc-marquez-philip-island-repsol-honda-motogp.jpg","contentUrl":"https:\/\/www.boxrepsol.com\/wp-content\/uploads\/2022\/08\/34-marc-marquez-philip-island-repsol-honda-motogp.jpg","width":984,"height":412,"caption":"Marc M\u00e1rquez rodando el pista sobre la Honda RC2133V"},{"@type":"BreadcrumbList","@id":"https:\/\/www.boxrepsol.com\/es\/motogp\/septima-pole-del-ano-para-marc-marquez\/#breadcrumb","itemListElement":[{"@type":"ListItem","position":1,"name":"Home","item":"https:\/\/www.boxrepsol.com\/es\/"},{"@type":"ListItem","position":2,"name":"S\u00e9ptima \u2018pole\u2019 del a\u00f1o para Marc M\u00e1rquez"}]},{"@type":"WebSite","@id":"https:\/\/www.boxrepsol.com\/es\/#website","url":"https:\/\/www.boxrepsol.com\/es\/","name":"Box Repsol","description":"Box Repsol Site","publisher":{"@id":"https:\/\/www.boxrepsol.com\/es\/#organization"},"potentialAction":[{"@type":"SearchAction","target":{"@type":"EntryPoint","urlTemplate":"https:\/\/www.boxrepsol.com\/es\/?s={search_term_string}"},"query-input":{"@type":"PropertyValueSpecification","valueRequired":true,"valueName":"search_term_string"}}],"inLanguage":"es"},{"@type":"Organization","@id":"https:\/\/www.boxrepsol.com\/es\/#organization","name":"Box Repsol","url":"https:\/\/www.boxrepsol.com\/es\/","logo":{"@type":"ImageObject","inLanguage":"es","@id":"https:\/\/www.boxrepsol.com\/es\/#\/schema\/logo\/image\/","url":"https:\/\/bxrepsol.s3.eu-west-1.amazonaws.com\/static\/2025\/07\/30083337\/favicon-96x96-1.png","contentUrl":"https:\/\/bxrepsol.s3.eu-west-1.amazonaws.com\/static\/2025\/07\/30083337\/favicon-96x96-1.png","width":96,"height":96,"caption":"Box Repsol"},"image":{"@id":"https:\/\/www.boxrepsol.com\/es\/#\/schema\/logo\/image\/"},"sameAs":["https:\/\/www.facebook.com\/BoxRepsol","https:\/\/x.com\/box_repsol","http:\/\/instagram.com\/box_repsol","https:\/\/www.youtube.com\/user\/RepsolCompeticion","https:\/\/www.flickr.com\/photos\/box_repsol\/"]},{"@type":"Person","@id":"https:\/\/www.boxrepsol.com\/es\/#\/schema\/person\/c5c2138f2cca251b0ad92b7086bb60b7","name":"Redacci\u00f3n Box Repsol","image":{"@type":"ImageObject","inLanguage":"es","@id":"https:\/\/secure.gravatar.com\/avatar\/adf7b77e38b4419baf32c7e9c21dde01f4e40df611f0978e3006fc4ba0aaab7e?s=96&d=mm&r=g","url":"https:\/\/secure.gravatar.com\/avatar\/adf7b77e38b4419baf32c7e9c21dde01f4e40df611f0978e3006fc4ba0aaab7e?s=96&d=mm&r=g","contentUrl":"https:\/\/secure.gravatar.com\/avatar\/adf7b77e38b4419baf32c7e9c21dde01f4e40df611f0978e3006fc4ba0aaab7e?s=96&d=mm&r=g","caption":"Redacci\u00f3n Box Repsol"},"description":"Box Repsol lo forma un equipo de periodistas, community managers, dise\u00f1adores y fot\u00f3grafos con m\u00e1s de 20 a\u00f1os de experiencia en el mundo del motorsport. Hemos vivido el primer mundial de un espa\u00f1ol en la categor\u00eda reina de motociclismo con \u00c1lex Crivill\u00e9, estuvimos en las victorias de Pedrosa y los t\u00edtulos de M\u00e1rquez, acompa\u00f1amos en \u00c1frica a Nani Roma y Marc Coma en sus conquistas del Dakar y hemos vibrado con los t\u00edtulos de Toni Bou en Trial. Adem\u00e1s, en nuestro equipo contamos con expertos en el mundo de las dos y cuatro ruedas tanto de la calle y las carreteras, como de los circuitos. Periodistas que han trabajado en revistas y publicaciones para hacerte llegar desde rutas y consejos de mantenimiento, a curiosidades y trucos de pilotaje.","sameAs":["https:\/\/www.facebook.com\/BoxRepsol\/","https:\/\/www.instagram.com\/box_repsol\/","https:\/\/x.com\/https:\/\/twitter.com\/box_repsol","https:\/\/www.youtube.com\/@Boxrepsol"],"url":"https:\/\/www.boxrepsol.com\/es\/author\/redaccion-box-repsol\/"}]}},"_links":{"self":[{"href":"https:\/\/www.boxrepsol.com\/es\/wp-json\/wp\/v2\/posts\/89836","targetHints":{"allow":["GET"]}}],"collection":[{"href":"https:\/\/www.boxrepsol.com\/es\/wp-json\/wp\/v2\/posts"}],"about":[{"href":"https:\/\/www.boxrepsol.com\/es\/wp-json\/wp\/v2\/types\/post"}],"author":[{"embeddable":true,"href":"https:\/\/www.boxrepsol.com\/es\/wp-json\/wp\/v2\/users\/43146"}],"replies":[{"embeddable":true,"href":"https:\/\/www.boxrepsol.com\/es\/wp-json\/wp\/v2\/comments?post=89836"}],"version-history":[{"count":1,"href":"https:\/\/www.boxrepsol.com\/es\/wp-json\/wp\/v2\/posts\/89836\/revisions"}],"predecessor-version":[{"id":89837,"href":"https:\/\/www.boxrepsol.com\/es\/wp-json\/wp\/v2\/posts\/89836\/revisions\/89837"}],"wp:featuredmedia":[{"embeddable":true,"href":"https:\/\/www.boxrepsol.com\/es\/wp-json\/wp\/v2\/media\/85658"}],"wp:attachment":[{"href":"https:\/\/www.boxrepsol.com\/es\/wp-json\/wp\/v2\/media?parent=89836"}],"wp:term":[{"taxonomy":"category","embeddable":true,"href":"https:\/\/www.boxrepsol.com\/es\/wp-json\/wp\/v2\/categories?post=89836"},{"taxonomy":"post_tag","embeddable":true,"href":"https:\/\/www.boxrepsol.com\/es\/wp-json\/wp\/v2\/tags?post=89836"}],"curies":[{"name":"wp","href":"https:\/\/api.w.org\/{rel}","templated":true}]}}