{"id":89833,"date":"2016-10-23T00:00:00","date_gmt":"2016-10-23T02:00:00","guid":{"rendered":"http:\/\/pre.boxrepsol.com\/sin-categorizar\/sendas-caidas-acaban-con-las-aspiraciones-de-marquez-y-hayden\/"},"modified":"2024-05-09T06:08:03","modified_gmt":"2024-05-09T08:08:03","slug":"sendas-caidas-acaban-con-las-aspiraciones-de-marquez-y-hayden","status":"publish","type":"post","link":"https:\/\/www.boxrepsol.com\/es\/motogp\/sendas-caidas-acaban-con-las-aspiraciones-de-marquez-y-hayden\/","title":{"rendered":"Sendas ca\u00eddas acaban con las aspiraciones de M\u00e1rquez y Hayden"},"content":{"rendered":"<blockquote><p>\u00b7@NickyHayden: \u00abha sido un placer volver al equipo Repsol Honda\u00bb<\/p>\n<p><a href=\"http:\/\/twitter.com\/share?text=%C2%B7%40NickyHayden%3A+%22ha+sido+un+placer+volver+al+equipo+Repsol+Honda%22&amp;url=http%3A%2F%2F34.249.211.158%2Fes%2Fmotogp%2Fsendas-caidas-acaban-con-las-aspiraciones-de-marquez-y-hayden%2F&amp;hashtags=\" target=\"_blank\" rel=\"noopener noreferrer\"><br \/>\ntwittear <\/a><\/p><\/blockquote>\n<p>El Gran Premio de Australia ha terminado la impecable racha de <strong>Marc M\u00e1rquez<\/strong> puntuando en todas las carreras de esta temporada. El piloto del equipo Repsol Honda se ha situado primero en las primeras curvas y ha abierto un hueco de m\u00e1s de dos segundos. Pero un error en la curva 4 de la d\u00e9cima vuelta ha dado por terminadas sus opciones. Se ha ido largo en la frenada y al intentar recuperar la trazada, ha perdido adherencia su rueda delantera, terminando por los suelos.<\/p>\n<p>Su compa\u00f1ero de equipo, <strong>Nicky Hayden<\/strong>, ha rodado en el grupo que optaba a la s\u00e9ptima posici\u00f3n. A dos vueltas del final otro piloto le ha golpeado en la entrada de la curva 4 y Hayden ha terminado por los suelos. Ha podido reemprender la marcha y ha cruzado la meta decimos\u00e9ptimo.<\/p>\n<p><img decoding=\"async\" src=\"https:\/\/bxrepsol.s3.eu-west-1.amazonaws.com\/static\/2022\/08\/29044655\/marc-marquez-australia-2016.jpg\" alt=\"marc marquez australia 2016\" \/><\/p>\n<h3><strong>Marc M\u00e1rquez<\/strong><\/h3>\n<p><em>\u00abLo primero que quiero es pedir disculpas a mi equipo, porque hoy he cometido un error. Lo est\u00e1bamos haciendo todo perfecto, pero nos ha faltado rematarlo el domingo. Si me hubiese estado jugando el t\u00edtulo, habr\u00eda hecho una carrera totalmente diferente, no hubiese arriesgado tanto. Hoy he salido fuerte, porque sab\u00eda que ten\u00eda que marcar diferencias al principio y estaba manteniendo la distancia. Pero en una de las dos frenadas fuertes, lo he hecho demasiado tarde y, en lugar de alargar la trazada, que es lo que hecho durante todo el a\u00f1o, he intentado mantenerla. En estos casos el l\u00edmite es muy fino. Seguimos contentos, porque ya hemos logrado el t\u00edtulo, pero quer\u00edamos ganar m\u00e1s carreras. Ha sido un error completamente m\u00edo; durante toda la temporada hab\u00eda tenido mucho cuidado en las frenadas, pero esta vez he arriesgado m\u00e1s y la ca\u00edda no ha tenido que ver con los neum\u00e1ticos. Afortunadamente ya tenemos otra carrera la semana que viene y hay que pensar en eso. Enhorabuena a Cal [Crutchlow] por su gran victoria de hoy\u00bb.<\/em><\/p>\n<h3>Nicky Hayden<\/h3>\n<p><em>\u00abHa sido un fin de semana muy exigente, con tantos cambios en las condiciones, pero al final hemos podido tener algunas vueltas en seco durante el warm-up. Al principio de la carrera me ha costado un poco mantener el ritmo, pero a medida que han pasado las vueltas me he ido sintiendo mejor. Estaba en un grupo luchando por la s\u00e9ptima posici\u00f3n, disfrutando bastante de la pelea. Ha habido muchos adelantamientos y creo que ten\u00eda los neum\u00e1ticos en mejores condiciones, as\u00ed que creo que pod\u00eda ganar esa batalla. Pero entonces Jack Miller me ha golpeado. As\u00ed son las carreras, especialmente en un grupo en el que ganar significa terminar s\u00e9ptimo y perder, d\u00e9cimo. Acabar s\u00e9ptimo, despu\u00e9s de ocupar esa posici\u00f3n en la parrilla y no haber rodado con esta moto hasta el viernes por la ma\u00f1ana, hubiera sido un resultado bonito. De todos modos, he disfrutado el fin de semana, ha sido un placer volver al equipo Repsol Honda y rodar con esta moto de nuevo. Ha sido fant\u00e1stico y creo que he hecho un trabajo decente, s\u00f3lo me hubiera gustado terminarlo con un buen resultado\u00bb.<\/em><\/p>\n","protected":false},"excerpt":{"rendered":"<p>Error de Marc M\u00e1rquez en el d\u00e9cimo giro cuando lideraba holgadamente la carrera. Nicky Hayden ha sido golpeado por otro piloto a dos vueltas del final cuando rodaba entre los diez primeros.<\/p>\n","protected":false},"author":43146,"featured_media":85654,"comment_status":"open","ping_status":"open","sticky":false,"template":"","format":"standard","meta":{"footnotes":""},"categories":[4],"tags":[139],"class_list":["post-89833","post","type-post","status-publish","format-standard","hentry","category-motogp","tag-motogp-australia"],"yoast_head":"<!-- This site is optimized with the Yoast SEO plugin v27.3 - https:\/\/yoast.com\/product\/yoast-seo-wordpress\/ -->\n<title>Sendas ca\u00eddas acaban con las aspiraciones de M\u00e1rquez y Hayden - Box Repsol<\/title>\n<meta name=\"description\" content=\"Error de Marc M\u00e1rquez en el d\u00e9cimo giro cuando lideraba holgadamente la carrera. Nicky Hayden ha sido golpeado por otro piloto a dos vueltas del final.\" \/>\n<link rel=\"canonical\" href=\"https:\/\/www.boxrepsol.com\/es\/motogp\/sendas-caidas-acaban-con-las-aspiraciones-de-marquez-y-hayden\/\" \/>\n<meta property=\"og:locale\" content=\"es_ES\" \/>\n<meta property=\"og:type\" content=\"article\" \/>\n<meta property=\"og:title\" content=\"Sendas ca\u00eddas acaban con las aspiraciones de M\u00e1rquez y Hayden - Box Repsol\" \/>\n<meta property=\"og:description\" content=\"Error de Marc M\u00e1rquez en el d\u00e9cimo giro cuando lideraba holgadamente la carrera. Nicky Hayden ha sido golpeado por otro piloto a dos vueltas del final.\" \/>\n<meta property=\"og:url\" content=\"https:\/\/www.boxrepsol.com\/es\/motogp\/sendas-caidas-acaban-con-las-aspiraciones-de-marquez-y-hayden\/\" \/>\n<meta property=\"og:site_name\" content=\"Box Repsol\" \/>\n<meta property=\"article:publisher\" content=\"https:\/\/www.facebook.com\/BoxRepsol\" \/>\n<meta property=\"article:author\" content=\"https:\/\/www.facebook.com\/BoxRepsol\/\" \/>\n<meta property=\"article:published_time\" content=\"2016-10-23T02:00:00+00:00\" \/>\n<meta property=\"article:modified_time\" content=\"2024-05-09T08:08:03+00:00\" \/>\n<meta property=\"og:image\" content=\"https:\/\/www.boxrepsol.com\/wp-content\/uploads\/2022\/08\/marc-marquez-nicky-hayden-australia-2016.jpg\" \/>\n\t<meta property=\"og:image:width\" content=\"984\" \/>\n\t<meta property=\"og:image:height\" content=\"412\" \/>\n\t<meta property=\"og:image:type\" content=\"image\/jpeg\" \/>\n<meta name=\"author\" content=\"Redacci\u00f3n Box Repsol\" \/>\n<meta name=\"twitter:card\" content=\"summary_large_image\" \/>\n<meta name=\"twitter:creator\" content=\"@https:\/\/twitter.com\/box_repsol\" \/>\n<meta name=\"twitter:site\" content=\"@box_repsol\" \/>\n<meta name=\"twitter:label1\" content=\"Written by\" \/>\n\t<meta name=\"twitter:data1\" content=\"Redacci\u00f3n Box Repsol\" \/>\n\t<meta name=\"twitter:label2\" content=\"Est. reading time\" \/>\n\t<meta name=\"twitter:data2\" content=\"3 minutos\" \/>\n<script type=\"application\/ld+json\" class=\"yoast-schema-graph\">{\"@context\":\"https:\\\/\\\/schema.org\",\"@graph\":[{\"@type\":\"Article\",\"@id\":\"https:\\\/\\\/www.boxrepsol.com\\\/es\\\/motogp\\\/sendas-caidas-acaban-con-las-aspiraciones-de-marquez-y-hayden\\\/#article\",\"isPartOf\":{\"@id\":\"https:\\\/\\\/www.boxrepsol.com\\\/es\\\/motogp\\\/sendas-caidas-acaban-con-las-aspiraciones-de-marquez-y-hayden\\\/\"},\"author\":{\"name\":\"Redacci\u00f3n Box Repsol\",\"@id\":\"https:\\\/\\\/www.boxrepsol.com\\\/es\\\/#\\\/schema\\\/person\\\/c5c2138f2cca251b0ad92b7086bb60b7\"},\"headline\":\"Sendas ca\u00eddas acaban con las aspiraciones de M\u00e1rquez y Hayden\",\"datePublished\":\"2016-10-23T02:00:00+00:00\",\"dateModified\":\"2024-05-09T08:08:03+00:00\",\"mainEntityOfPage\":{\"@id\":\"https:\\\/\\\/www.boxrepsol.com\\\/es\\\/motogp\\\/sendas-caidas-acaban-con-las-aspiraciones-de-marquez-y-hayden\\\/\"},\"wordCount\":559,\"commentCount\":0,\"publisher\":{\"@id\":\"https:\\\/\\\/www.boxrepsol.com\\\/es\\\/#organization\"},\"image\":{\"@id\":\"https:\\\/\\\/www.boxrepsol.com\\\/es\\\/motogp\\\/sendas-caidas-acaban-con-las-aspiraciones-de-marquez-y-hayden\\\/#primaryimage\"},\"thumbnailUrl\":\"https:\\\/\\\/www.boxrepsol.com\\\/wp-content\\\/uploads\\\/2022\\\/08\\\/marc-marquez-nicky-hayden-australia-2016.jpg\",\"keywords\":[\"MotoGP Australia\"],\"articleSection\":[\"MotoGP\"],\"inLanguage\":\"es\",\"potentialAction\":[{\"@type\":\"CommentAction\",\"name\":\"Comment\",\"target\":[\"https:\\\/\\\/www.boxrepsol.com\\\/es\\\/motogp\\\/sendas-caidas-acaban-con-las-aspiraciones-de-marquez-y-hayden\\\/#respond\"]}]},{\"@type\":\"WebPage\",\"@id\":\"https:\\\/\\\/www.boxrepsol.com\\\/es\\\/motogp\\\/sendas-caidas-acaban-con-las-aspiraciones-de-marquez-y-hayden\\\/\",\"url\":\"https:\\\/\\\/www.boxrepsol.com\\\/es\\\/motogp\\\/sendas-caidas-acaban-con-las-aspiraciones-de-marquez-y-hayden\\\/\",\"name\":\"Sendas ca\u00eddas acaban con las aspiraciones de M\u00e1rquez y Hayden - Box Repsol\",\"isPartOf\":{\"@id\":\"https:\\\/\\\/www.boxrepsol.com\\\/es\\\/#website\"},\"primaryImageOfPage\":{\"@id\":\"https:\\\/\\\/www.boxrepsol.com\\\/es\\\/motogp\\\/sendas-caidas-acaban-con-las-aspiraciones-de-marquez-y-hayden\\\/#primaryimage\"},\"image\":{\"@id\":\"https:\\\/\\\/www.boxrepsol.com\\\/es\\\/motogp\\\/sendas-caidas-acaban-con-las-aspiraciones-de-marquez-y-hayden\\\/#primaryimage\"},\"thumbnailUrl\":\"https:\\\/\\\/www.boxrepsol.com\\\/wp-content\\\/uploads\\\/2022\\\/08\\\/marc-marquez-nicky-hayden-australia-2016.jpg\",\"datePublished\":\"2016-10-23T02:00:00+00:00\",\"dateModified\":\"2024-05-09T08:08:03+00:00\",\"description\":\"Error de Marc M\u00e1rquez en el d\u00e9cimo giro cuando lideraba holgadamente la carrera. Nicky Hayden ha sido golpeado por otro piloto a dos vueltas del final.\",\"breadcrumb\":{\"@id\":\"https:\\\/\\\/www.boxrepsol.com\\\/es\\\/motogp\\\/sendas-caidas-acaban-con-las-aspiraciones-de-marquez-y-hayden\\\/#breadcrumb\"},\"inLanguage\":\"es\",\"potentialAction\":[{\"@type\":\"ReadAction\",\"target\":[\"https:\\\/\\\/www.boxrepsol.com\\\/es\\\/motogp\\\/sendas-caidas-acaban-con-las-aspiraciones-de-marquez-y-hayden\\\/\"]}]},{\"@type\":\"ImageObject\",\"inLanguage\":\"es\",\"@id\":\"https:\\\/\\\/www.boxrepsol.com\\\/es\\\/motogp\\\/sendas-caidas-acaban-con-las-aspiraciones-de-marquez-y-hayden\\\/#primaryimage\",\"url\":\"https:\\\/\\\/www.boxrepsol.com\\\/wp-content\\\/uploads\\\/2022\\\/08\\\/marc-marquez-nicky-hayden-australia-2016.jpg\",\"contentUrl\":\"https:\\\/\\\/www.boxrepsol.com\\\/wp-content\\\/uploads\\\/2022\\\/08\\\/marc-marquez-nicky-hayden-australia-2016.jpg\",\"width\":984,\"height\":412,\"caption\":\"Marc M\u00e1rquez rueda junto a Nicky Hayden sobre las Honda oficiales\"},{\"@type\":\"BreadcrumbList\",\"@id\":\"https:\\\/\\\/www.boxrepsol.com\\\/es\\\/motogp\\\/sendas-caidas-acaban-con-las-aspiraciones-de-marquez-y-hayden\\\/#breadcrumb\",\"itemListElement\":[{\"@type\":\"ListItem\",\"position\":1,\"name\":\"Home\",\"item\":\"https:\\\/\\\/www.boxrepsol.com\\\/es\\\/\"},{\"@type\":\"ListItem\",\"position\":2,\"name\":\"Sendas ca\u00eddas acaban con las aspiraciones de M\u00e1rquez y Hayden\"}]},{\"@type\":\"WebSite\",\"@id\":\"https:\\\/\\\/www.boxrepsol.com\\\/es\\\/#website\",\"url\":\"https:\\\/\\\/www.boxrepsol.com\\\/es\\\/\",\"name\":\"Box Repsol\",\"description\":\"Box Repsol Site\",\"publisher\":{\"@id\":\"https:\\\/\\\/www.boxrepsol.com\\\/es\\\/#organization\"},\"potentialAction\":[{\"@type\":\"SearchAction\",\"target\":{\"@type\":\"EntryPoint\",\"urlTemplate\":\"https:\\\/\\\/www.boxrepsol.com\\\/es\\\/?s={search_term_string}\"},\"query-input\":{\"@type\":\"PropertyValueSpecification\",\"valueRequired\":true,\"valueName\":\"search_term_string\"}}],\"inLanguage\":\"es\"},{\"@type\":\"Organization\",\"@id\":\"https:\\\/\\\/www.boxrepsol.com\\\/es\\\/#organization\",\"name\":\"Box Repsol\",\"url\":\"https:\\\/\\\/www.boxrepsol.com\\\/es\\\/\",\"logo\":{\"@type\":\"ImageObject\",\"inLanguage\":\"es\",\"@id\":\"https:\\\/\\\/www.boxrepsol.com\\\/es\\\/#\\\/schema\\\/logo\\\/image\\\/\",\"url\":\"https:\\\/\\\/bxrepsol.s3.eu-west-1.amazonaws.com\\\/static\\\/2025\\\/07\\\/30083337\\\/favicon-96x96-1.png\",\"contentUrl\":\"https:\\\/\\\/bxrepsol.s3.eu-west-1.amazonaws.com\\\/static\\\/2025\\\/07\\\/30083337\\\/favicon-96x96-1.png\",\"width\":96,\"height\":96,\"caption\":\"Box Repsol\"},\"image\":{\"@id\":\"https:\\\/\\\/www.boxrepsol.com\\\/es\\\/#\\\/schema\\\/logo\\\/image\\\/\"},\"sameAs\":[\"https:\\\/\\\/www.facebook.com\\\/BoxRepsol\",\"https:\\\/\\\/x.com\\\/box_repsol\",\"http:\\\/\\\/instagram.com\\\/box_repsol\",\"https:\\\/\\\/www.youtube.com\\\/user\\\/RepsolCompeticion\",\"https:\\\/\\\/www.flickr.com\\\/photos\\\/box_repsol\\\/\"]},{\"@type\":\"Person\",\"@id\":\"https:\\\/\\\/www.boxrepsol.com\\\/es\\\/#\\\/schema\\\/person\\\/c5c2138f2cca251b0ad92b7086bb60b7\",\"name\":\"Redacci\u00f3n Box Repsol\",\"image\":{\"@type\":\"ImageObject\",\"inLanguage\":\"es\",\"@id\":\"https:\\\/\\\/secure.gravatar.com\\\/avatar\\\/adf7b77e38b4419baf32c7e9c21dde01f4e40df611f0978e3006fc4ba0aaab7e?s=96&d=mm&r=g\",\"url\":\"https:\\\/\\\/secure.gravatar.com\\\/avatar\\\/adf7b77e38b4419baf32c7e9c21dde01f4e40df611f0978e3006fc4ba0aaab7e?s=96&d=mm&r=g\",\"contentUrl\":\"https:\\\/\\\/secure.gravatar.com\\\/avatar\\\/adf7b77e38b4419baf32c7e9c21dde01f4e40df611f0978e3006fc4ba0aaab7e?s=96&d=mm&r=g\",\"caption\":\"Redacci\u00f3n Box Repsol\"},\"description\":\"Box Repsol lo forma un equipo de periodistas, community managers, dise\u00f1adores y fot\u00f3grafos con m\u00e1s de 20 a\u00f1os de experiencia en el mundo del motorsport. Hemos vivido el primer mundial de un espa\u00f1ol en la categor\u00eda reina de motociclismo con \u00c1lex Crivill\u00e9, estuvimos en las victorias de Pedrosa y los t\u00edtulos de M\u00e1rquez, acompa\u00f1amos en \u00c1frica a Nani Roma y Marc Coma en sus conquistas del Dakar y hemos vibrado con los t\u00edtulos de Toni Bou en Trial. Adem\u00e1s, en nuestro equipo contamos con expertos en el mundo de las dos y cuatro ruedas tanto de la calle y las carreteras, como de los circuitos. Periodistas que han trabajado en revistas y publicaciones para hacerte llegar desde rutas y consejos de mantenimiento, a curiosidades y trucos de pilotaje.\",\"sameAs\":[\"https:\\\/\\\/www.facebook.com\\\/BoxRepsol\\\/\",\"https:\\\/\\\/www.instagram.com\\\/box_repsol\\\/\",\"https:\\\/\\\/x.com\\\/https:\\\/\\\/twitter.com\\\/box_repsol\",\"https:\\\/\\\/www.youtube.com\\\/@Boxrepsol\"],\"url\":\"https:\\\/\\\/www.boxrepsol.com\\\/es\\\/author\\\/redaccion-box-repsol\\\/\"}]}<\/script>\n<!-- \/ Yoast SEO plugin. -->","yoast_head_json":{"title":"Sendas ca\u00eddas acaban con las aspiraciones de M\u00e1rquez y Hayden - Box Repsol","description":"Error de Marc M\u00e1rquez en el d\u00e9cimo giro cuando lideraba holgadamente la carrera. Nicky Hayden ha sido golpeado por otro piloto a dos vueltas del final.","canonical":"https:\/\/www.boxrepsol.com\/es\/motogp\/sendas-caidas-acaban-con-las-aspiraciones-de-marquez-y-hayden\/","og_locale":"es_ES","og_type":"article","og_title":"Sendas ca\u00eddas acaban con las aspiraciones de M\u00e1rquez y Hayden - Box Repsol","og_description":"Error de Marc M\u00e1rquez en el d\u00e9cimo giro cuando lideraba holgadamente la carrera. Nicky Hayden ha sido golpeado por otro piloto a dos vueltas del final.","og_url":"https:\/\/www.boxrepsol.com\/es\/motogp\/sendas-caidas-acaban-con-las-aspiraciones-de-marquez-y-hayden\/","og_site_name":"Box Repsol","article_publisher":"https:\/\/www.facebook.com\/BoxRepsol","article_author":"https:\/\/www.facebook.com\/BoxRepsol\/","article_published_time":"2016-10-23T02:00:00+00:00","article_modified_time":"2024-05-09T08:08:03+00:00","og_image":[{"width":984,"height":412,"url":"https:\/\/www.boxrepsol.com\/wp-content\/uploads\/2022\/08\/marc-marquez-nicky-hayden-australia-2016.jpg","type":"image\/jpeg"}],"author":"Redacci\u00f3n Box Repsol","twitter_card":"summary_large_image","twitter_creator":"@https:\/\/twitter.com\/box_repsol","twitter_site":"@box_repsol","twitter_misc":{"Written by":"Redacci\u00f3n Box Repsol","Est. reading time":"3 minutos"},"schema":{"@context":"https:\/\/schema.org","@graph":[{"@type":"Article","@id":"https:\/\/www.boxrepsol.com\/es\/motogp\/sendas-caidas-acaban-con-las-aspiraciones-de-marquez-y-hayden\/#article","isPartOf":{"@id":"https:\/\/www.boxrepsol.com\/es\/motogp\/sendas-caidas-acaban-con-las-aspiraciones-de-marquez-y-hayden\/"},"author":{"name":"Redacci\u00f3n Box Repsol","@id":"https:\/\/www.boxrepsol.com\/es\/#\/schema\/person\/c5c2138f2cca251b0ad92b7086bb60b7"},"headline":"Sendas ca\u00eddas acaban con las aspiraciones de M\u00e1rquez y Hayden","datePublished":"2016-10-23T02:00:00+00:00","dateModified":"2024-05-09T08:08:03+00:00","mainEntityOfPage":{"@id":"https:\/\/www.boxrepsol.com\/es\/motogp\/sendas-caidas-acaban-con-las-aspiraciones-de-marquez-y-hayden\/"},"wordCount":559,"commentCount":0,"publisher":{"@id":"https:\/\/www.boxrepsol.com\/es\/#organization"},"image":{"@id":"https:\/\/www.boxrepsol.com\/es\/motogp\/sendas-caidas-acaban-con-las-aspiraciones-de-marquez-y-hayden\/#primaryimage"},"thumbnailUrl":"https:\/\/www.boxrepsol.com\/wp-content\/uploads\/2022\/08\/marc-marquez-nicky-hayden-australia-2016.jpg","keywords":["MotoGP Australia"],"articleSection":["MotoGP"],"inLanguage":"es","potentialAction":[{"@type":"CommentAction","name":"Comment","target":["https:\/\/www.boxrepsol.com\/es\/motogp\/sendas-caidas-acaban-con-las-aspiraciones-de-marquez-y-hayden\/#respond"]}]},{"@type":"WebPage","@id":"https:\/\/www.boxrepsol.com\/es\/motogp\/sendas-caidas-acaban-con-las-aspiraciones-de-marquez-y-hayden\/","url":"https:\/\/www.boxrepsol.com\/es\/motogp\/sendas-caidas-acaban-con-las-aspiraciones-de-marquez-y-hayden\/","name":"Sendas ca\u00eddas acaban con las aspiraciones de M\u00e1rquez y Hayden - Box Repsol","isPartOf":{"@id":"https:\/\/www.boxrepsol.com\/es\/#website"},"primaryImageOfPage":{"@id":"https:\/\/www.boxrepsol.com\/es\/motogp\/sendas-caidas-acaban-con-las-aspiraciones-de-marquez-y-hayden\/#primaryimage"},"image":{"@id":"https:\/\/www.boxrepsol.com\/es\/motogp\/sendas-caidas-acaban-con-las-aspiraciones-de-marquez-y-hayden\/#primaryimage"},"thumbnailUrl":"https:\/\/www.boxrepsol.com\/wp-content\/uploads\/2022\/08\/marc-marquez-nicky-hayden-australia-2016.jpg","datePublished":"2016-10-23T02:00:00+00:00","dateModified":"2024-05-09T08:08:03+00:00","description":"Error de Marc M\u00e1rquez en el d\u00e9cimo giro cuando lideraba holgadamente la carrera. Nicky Hayden ha sido golpeado por otro piloto a dos vueltas del final.","breadcrumb":{"@id":"https:\/\/www.boxrepsol.com\/es\/motogp\/sendas-caidas-acaban-con-las-aspiraciones-de-marquez-y-hayden\/#breadcrumb"},"inLanguage":"es","potentialAction":[{"@type":"ReadAction","target":["https:\/\/www.boxrepsol.com\/es\/motogp\/sendas-caidas-acaban-con-las-aspiraciones-de-marquez-y-hayden\/"]}]},{"@type":"ImageObject","inLanguage":"es","@id":"https:\/\/www.boxrepsol.com\/es\/motogp\/sendas-caidas-acaban-con-las-aspiraciones-de-marquez-y-hayden\/#primaryimage","url":"https:\/\/www.boxrepsol.com\/wp-content\/uploads\/2022\/08\/marc-marquez-nicky-hayden-australia-2016.jpg","contentUrl":"https:\/\/www.boxrepsol.com\/wp-content\/uploads\/2022\/08\/marc-marquez-nicky-hayden-australia-2016.jpg","width":984,"height":412,"caption":"Marc M\u00e1rquez rueda junto a Nicky Hayden sobre las Honda oficiales"},{"@type":"BreadcrumbList","@id":"https:\/\/www.boxrepsol.com\/es\/motogp\/sendas-caidas-acaban-con-las-aspiraciones-de-marquez-y-hayden\/#breadcrumb","itemListElement":[{"@type":"ListItem","position":1,"name":"Home","item":"https:\/\/www.boxrepsol.com\/es\/"},{"@type":"ListItem","position":2,"name":"Sendas ca\u00eddas acaban con las aspiraciones de M\u00e1rquez y Hayden"}]},{"@type":"WebSite","@id":"https:\/\/www.boxrepsol.com\/es\/#website","url":"https:\/\/www.boxrepsol.com\/es\/","name":"Box Repsol","description":"Box Repsol Site","publisher":{"@id":"https:\/\/www.boxrepsol.com\/es\/#organization"},"potentialAction":[{"@type":"SearchAction","target":{"@type":"EntryPoint","urlTemplate":"https:\/\/www.boxrepsol.com\/es\/?s={search_term_string}"},"query-input":{"@type":"PropertyValueSpecification","valueRequired":true,"valueName":"search_term_string"}}],"inLanguage":"es"},{"@type":"Organization","@id":"https:\/\/www.boxrepsol.com\/es\/#organization","name":"Box Repsol","url":"https:\/\/www.boxrepsol.com\/es\/","logo":{"@type":"ImageObject","inLanguage":"es","@id":"https:\/\/www.boxrepsol.com\/es\/#\/schema\/logo\/image\/","url":"https:\/\/bxrepsol.s3.eu-west-1.amazonaws.com\/static\/2025\/07\/30083337\/favicon-96x96-1.png","contentUrl":"https:\/\/bxrepsol.s3.eu-west-1.amazonaws.com\/static\/2025\/07\/30083337\/favicon-96x96-1.png","width":96,"height":96,"caption":"Box Repsol"},"image":{"@id":"https:\/\/www.boxrepsol.com\/es\/#\/schema\/logo\/image\/"},"sameAs":["https:\/\/www.facebook.com\/BoxRepsol","https:\/\/x.com\/box_repsol","http:\/\/instagram.com\/box_repsol","https:\/\/www.youtube.com\/user\/RepsolCompeticion","https:\/\/www.flickr.com\/photos\/box_repsol\/"]},{"@type":"Person","@id":"https:\/\/www.boxrepsol.com\/es\/#\/schema\/person\/c5c2138f2cca251b0ad92b7086bb60b7","name":"Redacci\u00f3n Box Repsol","image":{"@type":"ImageObject","inLanguage":"es","@id":"https:\/\/secure.gravatar.com\/avatar\/adf7b77e38b4419baf32c7e9c21dde01f4e40df611f0978e3006fc4ba0aaab7e?s=96&d=mm&r=g","url":"https:\/\/secure.gravatar.com\/avatar\/adf7b77e38b4419baf32c7e9c21dde01f4e40df611f0978e3006fc4ba0aaab7e?s=96&d=mm&r=g","contentUrl":"https:\/\/secure.gravatar.com\/avatar\/adf7b77e38b4419baf32c7e9c21dde01f4e40df611f0978e3006fc4ba0aaab7e?s=96&d=mm&r=g","caption":"Redacci\u00f3n Box Repsol"},"description":"Box Repsol lo forma un equipo de periodistas, community managers, dise\u00f1adores y fot\u00f3grafos con m\u00e1s de 20 a\u00f1os de experiencia en el mundo del motorsport. Hemos vivido el primer mundial de un espa\u00f1ol en la categor\u00eda reina de motociclismo con \u00c1lex Crivill\u00e9, estuvimos en las victorias de Pedrosa y los t\u00edtulos de M\u00e1rquez, acompa\u00f1amos en \u00c1frica a Nani Roma y Marc Coma en sus conquistas del Dakar y hemos vibrado con los t\u00edtulos de Toni Bou en Trial. Adem\u00e1s, en nuestro equipo contamos con expertos en el mundo de las dos y cuatro ruedas tanto de la calle y las carreteras, como de los circuitos. Periodistas que han trabajado en revistas y publicaciones para hacerte llegar desde rutas y consejos de mantenimiento, a curiosidades y trucos de pilotaje.","sameAs":["https:\/\/www.facebook.com\/BoxRepsol\/","https:\/\/www.instagram.com\/box_repsol\/","https:\/\/x.com\/https:\/\/twitter.com\/box_repsol","https:\/\/www.youtube.com\/@Boxrepsol"],"url":"https:\/\/www.boxrepsol.com\/es\/author\/redaccion-box-repsol\/"}]}},"_links":{"self":[{"href":"https:\/\/www.boxrepsol.com\/es\/wp-json\/wp\/v2\/posts\/89833","targetHints":{"allow":["GET"]}}],"collection":[{"href":"https:\/\/www.boxrepsol.com\/es\/wp-json\/wp\/v2\/posts"}],"about":[{"href":"https:\/\/www.boxrepsol.com\/es\/wp-json\/wp\/v2\/types\/post"}],"author":[{"embeddable":true,"href":"https:\/\/www.boxrepsol.com\/es\/wp-json\/wp\/v2\/users\/43146"}],"replies":[{"embeddable":true,"href":"https:\/\/www.boxrepsol.com\/es\/wp-json\/wp\/v2\/comments?post=89833"}],"version-history":[{"count":1,"href":"https:\/\/www.boxrepsol.com\/es\/wp-json\/wp\/v2\/posts\/89833\/revisions"}],"predecessor-version":[{"id":89834,"href":"https:\/\/www.boxrepsol.com\/es\/wp-json\/wp\/v2\/posts\/89833\/revisions\/89834"}],"wp:featuredmedia":[{"embeddable":true,"href":"https:\/\/www.boxrepsol.com\/es\/wp-json\/wp\/v2\/media\/85654"}],"wp:attachment":[{"href":"https:\/\/www.boxrepsol.com\/es\/wp-json\/wp\/v2\/media?parent=89833"}],"wp:term":[{"taxonomy":"category","embeddable":true,"href":"https:\/\/www.boxrepsol.com\/es\/wp-json\/wp\/v2\/categories?post=89833"},{"taxonomy":"post_tag","embeddable":true,"href":"https:\/\/www.boxrepsol.com\/es\/wp-json\/wp\/v2\/tags?post=89833"}],"curies":[{"name":"wp","href":"https:\/\/api.w.org\/{rel}","templated":true}]}}