{"id":89828,"date":"2016-11-12T00:00:00","date_gmt":"2016-11-12T02:00:00","guid":{"rendered":"http:\/\/pre.boxrepsol.com\/sin-categorizar\/primera-fila-marquez-meritoria-tercera-linea-pedrosa\/"},"modified":"2024-05-09T06:03:17","modified_gmt":"2024-05-09T08:03:17","slug":"primera-fila-marquez-meritoria-tercera-linea-pedrosa","status":"publish","type":"post","link":"https:\/\/www.boxrepsol.com\/es\/motogp\/primera-fila-marquez-meritoria-tercera-linea-pedrosa\/","title":{"rendered":"Primera fila para M\u00e1rquez y meritoria tercera l\u00ednea de Pedrosa"},"content":{"rendered":"<blockquote><p>\u00b7@marcmarcquez93: \u00abtenemos un buen ritmo de carrera\u00bb<\/p>\n<p><a href=\"http:\/\/twitter.com\/share?text=%C2%B7%40marcmarcquez93%3A+%22tenemos+un+buen+ritmo+de+carrera%22&amp;url=http%3A%2F%2F34.249.211.158%2Fes%2Fmotogp%2Fprimera-fila-marquez-meritoria-tercera-linea-pedrosa%2F&amp;hashtags=\" target=\"_blank\" rel=\"noopener\"><br \/>\ntwittear <\/a><\/p>\n<footer>Marc M\u00e1rquez<\/footer>\n<\/blockquote>\n<p>Ya est\u00e1 definida la parrilla de salida de la \u00faltima carrera de la temporada, que ma\u00f1ana a las 14:00 horas cerrar\u00e1 el Mundial 2016 y en la que <strong>Marc M\u00e1rquez<\/strong> y <strong>Dani Pedrosa<\/strong> partir\u00e1n desde la segunda y la octava posici\u00f3n, respectivamente. El Campe\u00f3n del Mundo de 2016 ha sido el m\u00e1s r\u00e1pido en las dos tandas libres de hoy \u2013a pesar de una ca\u00edda frenando en la curva 6 al final del FP4\u2013 y, en el entrenamiento oficial, ha parado el cron\u00f3metro en 1 minuto, 29 segundos y 741 mil\u00e9simas, a 3 d\u00e9cimas de Jorge Lorenzo, autor de la pole. En el otro lado del box del equipo Repsol Honda, un Dani Pedrosa todav\u00eda convaleciente de sus lesiones ha dado un paso adelante respecto a la jornada de ayer. Cuarto en el FP3, ha sido d\u00e9cimo en el FP4 \u2013a pesar de sufrir una ca\u00edda\u2013 y se ha clasificado en una meritoria octava posici\u00f3n con un tiempo de 1 minuto, 30 segundos y 574 mil\u00e9simas.<\/p>\n<p><img decoding=\"async\" src=\"https:\/\/bxrepsol.s3.eu-west-1.amazonaws.com\/static\/2022\/08\/29044648\/dani-pedrosa-clasificacion-valencia-2016.jpg\" alt=\"Dani Pedrosa en acci\u00f3n\" \/><\/p>\n<h3><strong>Marc M\u00e1rquez<\/strong><\/h3>\n<p>\u00abEstamos contentos, porque conseguir un sitio en la primera l\u00ednea era el objetivo principal, ya que hoy sab\u00edamos que ser\u00eda muy dif\u00edcil lograr la pole position. Lo hemos intentado al m\u00e1ximo y ya me estaba preparando para ello desde la \u00faltima sesi\u00f3n libre, en la que he tenido una peque\u00f1a ca\u00edda buscando los l\u00edmites. Luego, en la cronometrada, nuestro plan inicial era utilizar dos neum\u00e1ticos y hacer dos o tres vueltas, pero en mi primera salida me he encontrado a Iannone rodando bastante lento en medio de la pista. Creo que no me ha visto, pero me he enfadado un poco en ese momento porque ven\u00eda bastante r\u00e1pido. De todas formas, todo est\u00e1 bien y no hay problemas. Hoy Jorge [Lorenzo] ha estado un pasito por delante nuestro, especialmente con los neum\u00e1ticos nuevos y le felicito por el tiempo que ha marcado. En cuanto a la elecci\u00f3n para ma\u00f1ana, veremos: me siento bien con el compuesto blando, pero pensamos que quiz\u00e1s no aguantar\u00e1 toda la carrera. Esta ma\u00f1ana tambi\u00e9n nos ha ido bien el duro, as\u00ed que veremos. Ma\u00f1ana en el warm-up intentaremos dar otro pasito en la puesta a punto para mejorar el \u00faltimo parcial, pero en general estoy contento porque hemos trabajado bien y creo que tenemos un buen ritmo de carrera\u00bb.<\/p>\n<h3><strong>Dani Pedrosa<\/strong><\/h3>\n<p>\u00abEstoy muy cansado tras los entrenamientos de hoy. He notado m\u00e1s dolor que ayer, pero he intentado mejorar mis tiempos. Ha valido la pena esforzarse esta ma\u00f1ana para pasar directamente a la Q2, ha sido positivo y hemos dado un paso adelante, pero despu\u00e9s de la \u00faltima sesi\u00f3n libre me ha costado recuperar energ\u00eda para el cronometrado. He intentado dar el m\u00e1ximo, pero los tiempos de los dos pilotos de delante han sido muy r\u00e1pidos, incluso los pilotos que est\u00e1n tras ellos tambi\u00e9n han rodado en 1:30 bajo. No me ha resultado f\u00e1cil llegar a ese nivel, pero estoy contento en general y tengo ganas de que llegue ma\u00f1ana. Intentaremos escoger un buen neum\u00e1tico trasero: si ma\u00f1ana est\u00e1 nublado la elecci\u00f3n no est\u00e1 clara, as\u00ed que tenemos que esperar y ver qu\u00e9 pasa. Va a ser una carrera larga, pero espero que pueda recuperar m\u00e1s energ\u00eda y ser lo m\u00e1s r\u00e1pido posible\u00bb.<\/p>\n","protected":false},"excerpt":{"rendered":"<p>Marc M\u00e1rquez saldr\u00e1 segundo en una nueva positiva jornada para el equipo Repsol Honda, en la que Dani Pedrosa ha logrado la octava posici\u00f3n.<\/p>\n","protected":false},"author":43146,"featured_media":85646,"comment_status":"open","ping_status":"open","sticky":false,"template":"","format":"standard","meta":{"footnotes":""},"categories":[4],"tags":[137],"class_list":["post-89828","post","type-post","status-publish","format-standard","hentry","category-motogp","tag-motogp-valencia"],"yoast_head":"<!-- This site is optimized with the Yoast SEO plugin v27.3 - https:\/\/yoast.com\/product\/yoast-seo-wordpress\/ -->\n<title>Primera fila para M\u00e1rquez y meritoria tercera l\u00ednea de Pedrosa - Box Repsol<\/title>\n<meta name=\"description\" content=\"Marc M\u00e1rquez saldr\u00e1 segundo en una nueva positiva jornada para el equipo Repsol Honda, en la que Dani Pedrosa ha logrado la octava posici\u00f3n.\" \/>\n<link rel=\"canonical\" href=\"https:\/\/www.boxrepsol.com\/es\/motogp\/primera-fila-marquez-meritoria-tercera-linea-pedrosa\/\" \/>\n<meta property=\"og:locale\" content=\"es_ES\" \/>\n<meta property=\"og:type\" content=\"article\" \/>\n<meta property=\"og:title\" content=\"Primera fila para M\u00e1rquez y meritoria tercera l\u00ednea de Pedrosa - Box Repsol\" \/>\n<meta property=\"og:description\" content=\"Marc M\u00e1rquez saldr\u00e1 segundo en una nueva positiva jornada para el equipo Repsol Honda, en la que Dani Pedrosa ha logrado la octava posici\u00f3n.\" \/>\n<meta property=\"og:url\" content=\"https:\/\/www.boxrepsol.com\/es\/motogp\/primera-fila-marquez-meritoria-tercera-linea-pedrosa\/\" \/>\n<meta property=\"og:site_name\" content=\"Box Repsol\" \/>\n<meta property=\"article:publisher\" content=\"https:\/\/www.facebook.com\/BoxRepsol\" \/>\n<meta property=\"article:author\" content=\"https:\/\/www.facebook.com\/BoxRepsol\/\" \/>\n<meta property=\"article:published_time\" content=\"2016-11-12T02:00:00+00:00\" \/>\n<meta property=\"article:modified_time\" content=\"2024-05-09T08:03:17+00:00\" \/>\n<meta property=\"og:image\" content=\"https:\/\/www.boxrepsol.com\/wp-content\/uploads\/2022\/08\/Marc-Marquez-clasificacion-valencia-2016.jpg\" \/>\n\t<meta property=\"og:image:width\" content=\"984\" \/>\n\t<meta property=\"og:image:height\" content=\"412\" \/>\n\t<meta property=\"og:image:type\" content=\"image\/jpeg\" \/>\n<meta name=\"author\" content=\"Redacci\u00f3n Box Repsol\" \/>\n<meta name=\"twitter:card\" content=\"summary_large_image\" \/>\n<meta name=\"twitter:creator\" content=\"@https:\/\/twitter.com\/box_repsol\" \/>\n<meta name=\"twitter:site\" content=\"@box_repsol\" \/>\n<meta name=\"twitter:label1\" content=\"Written by\" \/>\n\t<meta name=\"twitter:data1\" content=\"Redacci\u00f3n Box Repsol\" \/>\n\t<meta name=\"twitter:label2\" content=\"Est. reading time\" \/>\n\t<meta name=\"twitter:data2\" content=\"3 minutos\" \/>\n<script type=\"application\/ld+json\" class=\"yoast-schema-graph\">{\"@context\":\"https:\\\/\\\/schema.org\",\"@graph\":[{\"@type\":\"Article\",\"@id\":\"https:\\\/\\\/www.boxrepsol.com\\\/es\\\/motogp\\\/primera-fila-marquez-meritoria-tercera-linea-pedrosa\\\/#article\",\"isPartOf\":{\"@id\":\"https:\\\/\\\/www.boxrepsol.com\\\/es\\\/motogp\\\/primera-fila-marquez-meritoria-tercera-linea-pedrosa\\\/\"},\"author\":{\"name\":\"Redacci\u00f3n Box Repsol\",\"@id\":\"https:\\\/\\\/www.boxrepsol.com\\\/es\\\/#\\\/schema\\\/person\\\/c5c2138f2cca251b0ad92b7086bb60b7\"},\"headline\":\"Primera fila para M\u00e1rquez y meritoria tercera l\u00ednea de Pedrosa\",\"datePublished\":\"2016-11-12T02:00:00+00:00\",\"dateModified\":\"2024-05-09T08:03:17+00:00\",\"mainEntityOfPage\":{\"@id\":\"https:\\\/\\\/www.boxrepsol.com\\\/es\\\/motogp\\\/primera-fila-marquez-meritoria-tercera-linea-pedrosa\\\/\"},\"wordCount\":601,\"commentCount\":0,\"publisher\":{\"@id\":\"https:\\\/\\\/www.boxrepsol.com\\\/es\\\/#organization\"},\"image\":{\"@id\":\"https:\\\/\\\/www.boxrepsol.com\\\/es\\\/motogp\\\/primera-fila-marquez-meritoria-tercera-linea-pedrosa\\\/#primaryimage\"},\"thumbnailUrl\":\"https:\\\/\\\/www.boxrepsol.com\\\/wp-content\\\/uploads\\\/2022\\\/08\\\/Marc-Marquez-clasificacion-valencia-2016.jpg\",\"keywords\":[\"MotoGP Valencia\"],\"articleSection\":[\"MotoGP\"],\"inLanguage\":\"es\",\"potentialAction\":[{\"@type\":\"CommentAction\",\"name\":\"Comment\",\"target\":[\"https:\\\/\\\/www.boxrepsol.com\\\/es\\\/motogp\\\/primera-fila-marquez-meritoria-tercera-linea-pedrosa\\\/#respond\"]}]},{\"@type\":\"WebPage\",\"@id\":\"https:\\\/\\\/www.boxrepsol.com\\\/es\\\/motogp\\\/primera-fila-marquez-meritoria-tercera-linea-pedrosa\\\/\",\"url\":\"https:\\\/\\\/www.boxrepsol.com\\\/es\\\/motogp\\\/primera-fila-marquez-meritoria-tercera-linea-pedrosa\\\/\",\"name\":\"Primera fila para M\u00e1rquez y meritoria tercera l\u00ednea de Pedrosa - Box Repsol\",\"isPartOf\":{\"@id\":\"https:\\\/\\\/www.boxrepsol.com\\\/es\\\/#website\"},\"primaryImageOfPage\":{\"@id\":\"https:\\\/\\\/www.boxrepsol.com\\\/es\\\/motogp\\\/primera-fila-marquez-meritoria-tercera-linea-pedrosa\\\/#primaryimage\"},\"image\":{\"@id\":\"https:\\\/\\\/www.boxrepsol.com\\\/es\\\/motogp\\\/primera-fila-marquez-meritoria-tercera-linea-pedrosa\\\/#primaryimage\"},\"thumbnailUrl\":\"https:\\\/\\\/www.boxrepsol.com\\\/wp-content\\\/uploads\\\/2022\\\/08\\\/Marc-Marquez-clasificacion-valencia-2016.jpg\",\"datePublished\":\"2016-11-12T02:00:00+00:00\",\"dateModified\":\"2024-05-09T08:03:17+00:00\",\"description\":\"Marc M\u00e1rquez saldr\u00e1 segundo en una nueva positiva jornada para el equipo Repsol Honda, en la que Dani Pedrosa ha logrado la octava posici\u00f3n.\",\"breadcrumb\":{\"@id\":\"https:\\\/\\\/www.boxrepsol.com\\\/es\\\/motogp\\\/primera-fila-marquez-meritoria-tercera-linea-pedrosa\\\/#breadcrumb\"},\"inLanguage\":\"es\",\"potentialAction\":[{\"@type\":\"ReadAction\",\"target\":[\"https:\\\/\\\/www.boxrepsol.com\\\/es\\\/motogp\\\/primera-fila-marquez-meritoria-tercera-linea-pedrosa\\\/\"]}]},{\"@type\":\"ImageObject\",\"inLanguage\":\"es\",\"@id\":\"https:\\\/\\\/www.boxrepsol.com\\\/es\\\/motogp\\\/primera-fila-marquez-meritoria-tercera-linea-pedrosa\\\/#primaryimage\",\"url\":\"https:\\\/\\\/www.boxrepsol.com\\\/wp-content\\\/uploads\\\/2022\\\/08\\\/Marc-Marquez-clasificacion-valencia-2016.jpg\",\"contentUrl\":\"https:\\\/\\\/www.boxrepsol.com\\\/wp-content\\\/uploads\\\/2022\\\/08\\\/Marc-Marquez-clasificacion-valencia-2016.jpg\",\"width\":984,\"height\":412,\"caption\":\"Marc M\u00e1rquez realizando un caballito\"},{\"@type\":\"BreadcrumbList\",\"@id\":\"https:\\\/\\\/www.boxrepsol.com\\\/es\\\/motogp\\\/primera-fila-marquez-meritoria-tercera-linea-pedrosa\\\/#breadcrumb\",\"itemListElement\":[{\"@type\":\"ListItem\",\"position\":1,\"name\":\"Home\",\"item\":\"https:\\\/\\\/www.boxrepsol.com\\\/es\\\/\"},{\"@type\":\"ListItem\",\"position\":2,\"name\":\"Primera fila para M\u00e1rquez y meritoria tercera l\u00ednea de Pedrosa\"}]},{\"@type\":\"WebSite\",\"@id\":\"https:\\\/\\\/www.boxrepsol.com\\\/es\\\/#website\",\"url\":\"https:\\\/\\\/www.boxrepsol.com\\\/es\\\/\",\"name\":\"Box Repsol\",\"description\":\"Box Repsol Site\",\"publisher\":{\"@id\":\"https:\\\/\\\/www.boxrepsol.com\\\/es\\\/#organization\"},\"potentialAction\":[{\"@type\":\"SearchAction\",\"target\":{\"@type\":\"EntryPoint\",\"urlTemplate\":\"https:\\\/\\\/www.boxrepsol.com\\\/es\\\/?s={search_term_string}\"},\"query-input\":{\"@type\":\"PropertyValueSpecification\",\"valueRequired\":true,\"valueName\":\"search_term_string\"}}],\"inLanguage\":\"es\"},{\"@type\":\"Organization\",\"@id\":\"https:\\\/\\\/www.boxrepsol.com\\\/es\\\/#organization\",\"name\":\"Box Repsol\",\"url\":\"https:\\\/\\\/www.boxrepsol.com\\\/es\\\/\",\"logo\":{\"@type\":\"ImageObject\",\"inLanguage\":\"es\",\"@id\":\"https:\\\/\\\/www.boxrepsol.com\\\/es\\\/#\\\/schema\\\/logo\\\/image\\\/\",\"url\":\"https:\\\/\\\/bxrepsol.s3.eu-west-1.amazonaws.com\\\/static\\\/2025\\\/07\\\/30083337\\\/favicon-96x96-1.png\",\"contentUrl\":\"https:\\\/\\\/bxrepsol.s3.eu-west-1.amazonaws.com\\\/static\\\/2025\\\/07\\\/30083337\\\/favicon-96x96-1.png\",\"width\":96,\"height\":96,\"caption\":\"Box Repsol\"},\"image\":{\"@id\":\"https:\\\/\\\/www.boxrepsol.com\\\/es\\\/#\\\/schema\\\/logo\\\/image\\\/\"},\"sameAs\":[\"https:\\\/\\\/www.facebook.com\\\/BoxRepsol\",\"https:\\\/\\\/x.com\\\/box_repsol\",\"http:\\\/\\\/instagram.com\\\/box_repsol\",\"https:\\\/\\\/www.youtube.com\\\/user\\\/RepsolCompeticion\",\"https:\\\/\\\/www.flickr.com\\\/photos\\\/box_repsol\\\/\"]},{\"@type\":\"Person\",\"@id\":\"https:\\\/\\\/www.boxrepsol.com\\\/es\\\/#\\\/schema\\\/person\\\/c5c2138f2cca251b0ad92b7086bb60b7\",\"name\":\"Redacci\u00f3n Box Repsol\",\"image\":{\"@type\":\"ImageObject\",\"inLanguage\":\"es\",\"@id\":\"https:\\\/\\\/secure.gravatar.com\\\/avatar\\\/adf7b77e38b4419baf32c7e9c21dde01f4e40df611f0978e3006fc4ba0aaab7e?s=96&d=mm&r=g\",\"url\":\"https:\\\/\\\/secure.gravatar.com\\\/avatar\\\/adf7b77e38b4419baf32c7e9c21dde01f4e40df611f0978e3006fc4ba0aaab7e?s=96&d=mm&r=g\",\"contentUrl\":\"https:\\\/\\\/secure.gravatar.com\\\/avatar\\\/adf7b77e38b4419baf32c7e9c21dde01f4e40df611f0978e3006fc4ba0aaab7e?s=96&d=mm&r=g\",\"caption\":\"Redacci\u00f3n Box Repsol\"},\"description\":\"Box Repsol lo forma un equipo de periodistas, community managers, dise\u00f1adores y fot\u00f3grafos con m\u00e1s de 20 a\u00f1os de experiencia en el mundo del motorsport. Hemos vivido el primer mundial de un espa\u00f1ol en la categor\u00eda reina de motociclismo con \u00c1lex Crivill\u00e9, estuvimos en las victorias de Pedrosa y los t\u00edtulos de M\u00e1rquez, acompa\u00f1amos en \u00c1frica a Nani Roma y Marc Coma en sus conquistas del Dakar y hemos vibrado con los t\u00edtulos de Toni Bou en Trial. Adem\u00e1s, en nuestro equipo contamos con expertos en el mundo de las dos y cuatro ruedas tanto de la calle y las carreteras, como de los circuitos. Periodistas que han trabajado en revistas y publicaciones para hacerte llegar desde rutas y consejos de mantenimiento, a curiosidades y trucos de pilotaje.\",\"sameAs\":[\"https:\\\/\\\/www.facebook.com\\\/BoxRepsol\\\/\",\"https:\\\/\\\/www.instagram.com\\\/box_repsol\\\/\",\"https:\\\/\\\/x.com\\\/https:\\\/\\\/twitter.com\\\/box_repsol\",\"https:\\\/\\\/www.youtube.com\\\/@Boxrepsol\"],\"url\":\"https:\\\/\\\/www.boxrepsol.com\\\/es\\\/author\\\/redaccion-box-repsol\\\/\"}]}<\/script>\n<!-- \/ Yoast SEO plugin. -->","yoast_head_json":{"title":"Primera fila para M\u00e1rquez y meritoria tercera l\u00ednea de Pedrosa - Box Repsol","description":"Marc M\u00e1rquez saldr\u00e1 segundo en una nueva positiva jornada para el equipo Repsol Honda, en la que Dani Pedrosa ha logrado la octava posici\u00f3n.","canonical":"https:\/\/www.boxrepsol.com\/es\/motogp\/primera-fila-marquez-meritoria-tercera-linea-pedrosa\/","og_locale":"es_ES","og_type":"article","og_title":"Primera fila para M\u00e1rquez y meritoria tercera l\u00ednea de Pedrosa - Box Repsol","og_description":"Marc M\u00e1rquez saldr\u00e1 segundo en una nueva positiva jornada para el equipo Repsol Honda, en la que Dani Pedrosa ha logrado la octava posici\u00f3n.","og_url":"https:\/\/www.boxrepsol.com\/es\/motogp\/primera-fila-marquez-meritoria-tercera-linea-pedrosa\/","og_site_name":"Box Repsol","article_publisher":"https:\/\/www.facebook.com\/BoxRepsol","article_author":"https:\/\/www.facebook.com\/BoxRepsol\/","article_published_time":"2016-11-12T02:00:00+00:00","article_modified_time":"2024-05-09T08:03:17+00:00","og_image":[{"width":984,"height":412,"url":"https:\/\/www.boxrepsol.com\/wp-content\/uploads\/2022\/08\/Marc-Marquez-clasificacion-valencia-2016.jpg","type":"image\/jpeg"}],"author":"Redacci\u00f3n Box Repsol","twitter_card":"summary_large_image","twitter_creator":"@https:\/\/twitter.com\/box_repsol","twitter_site":"@box_repsol","twitter_misc":{"Written by":"Redacci\u00f3n Box Repsol","Est. reading time":"3 minutos"},"schema":{"@context":"https:\/\/schema.org","@graph":[{"@type":"Article","@id":"https:\/\/www.boxrepsol.com\/es\/motogp\/primera-fila-marquez-meritoria-tercera-linea-pedrosa\/#article","isPartOf":{"@id":"https:\/\/www.boxrepsol.com\/es\/motogp\/primera-fila-marquez-meritoria-tercera-linea-pedrosa\/"},"author":{"name":"Redacci\u00f3n Box Repsol","@id":"https:\/\/www.boxrepsol.com\/es\/#\/schema\/person\/c5c2138f2cca251b0ad92b7086bb60b7"},"headline":"Primera fila para M\u00e1rquez y meritoria tercera l\u00ednea de Pedrosa","datePublished":"2016-11-12T02:00:00+00:00","dateModified":"2024-05-09T08:03:17+00:00","mainEntityOfPage":{"@id":"https:\/\/www.boxrepsol.com\/es\/motogp\/primera-fila-marquez-meritoria-tercera-linea-pedrosa\/"},"wordCount":601,"commentCount":0,"publisher":{"@id":"https:\/\/www.boxrepsol.com\/es\/#organization"},"image":{"@id":"https:\/\/www.boxrepsol.com\/es\/motogp\/primera-fila-marquez-meritoria-tercera-linea-pedrosa\/#primaryimage"},"thumbnailUrl":"https:\/\/www.boxrepsol.com\/wp-content\/uploads\/2022\/08\/Marc-Marquez-clasificacion-valencia-2016.jpg","keywords":["MotoGP Valencia"],"articleSection":["MotoGP"],"inLanguage":"es","potentialAction":[{"@type":"CommentAction","name":"Comment","target":["https:\/\/www.boxrepsol.com\/es\/motogp\/primera-fila-marquez-meritoria-tercera-linea-pedrosa\/#respond"]}]},{"@type":"WebPage","@id":"https:\/\/www.boxrepsol.com\/es\/motogp\/primera-fila-marquez-meritoria-tercera-linea-pedrosa\/","url":"https:\/\/www.boxrepsol.com\/es\/motogp\/primera-fila-marquez-meritoria-tercera-linea-pedrosa\/","name":"Primera fila para M\u00e1rquez y meritoria tercera l\u00ednea de Pedrosa - Box Repsol","isPartOf":{"@id":"https:\/\/www.boxrepsol.com\/es\/#website"},"primaryImageOfPage":{"@id":"https:\/\/www.boxrepsol.com\/es\/motogp\/primera-fila-marquez-meritoria-tercera-linea-pedrosa\/#primaryimage"},"image":{"@id":"https:\/\/www.boxrepsol.com\/es\/motogp\/primera-fila-marquez-meritoria-tercera-linea-pedrosa\/#primaryimage"},"thumbnailUrl":"https:\/\/www.boxrepsol.com\/wp-content\/uploads\/2022\/08\/Marc-Marquez-clasificacion-valencia-2016.jpg","datePublished":"2016-11-12T02:00:00+00:00","dateModified":"2024-05-09T08:03:17+00:00","description":"Marc M\u00e1rquez saldr\u00e1 segundo en una nueva positiva jornada para el equipo Repsol Honda, en la que Dani Pedrosa ha logrado la octava posici\u00f3n.","breadcrumb":{"@id":"https:\/\/www.boxrepsol.com\/es\/motogp\/primera-fila-marquez-meritoria-tercera-linea-pedrosa\/#breadcrumb"},"inLanguage":"es","potentialAction":[{"@type":"ReadAction","target":["https:\/\/www.boxrepsol.com\/es\/motogp\/primera-fila-marquez-meritoria-tercera-linea-pedrosa\/"]}]},{"@type":"ImageObject","inLanguage":"es","@id":"https:\/\/www.boxrepsol.com\/es\/motogp\/primera-fila-marquez-meritoria-tercera-linea-pedrosa\/#primaryimage","url":"https:\/\/www.boxrepsol.com\/wp-content\/uploads\/2022\/08\/Marc-Marquez-clasificacion-valencia-2016.jpg","contentUrl":"https:\/\/www.boxrepsol.com\/wp-content\/uploads\/2022\/08\/Marc-Marquez-clasificacion-valencia-2016.jpg","width":984,"height":412,"caption":"Marc M\u00e1rquez realizando un caballito"},{"@type":"BreadcrumbList","@id":"https:\/\/www.boxrepsol.com\/es\/motogp\/primera-fila-marquez-meritoria-tercera-linea-pedrosa\/#breadcrumb","itemListElement":[{"@type":"ListItem","position":1,"name":"Home","item":"https:\/\/www.boxrepsol.com\/es\/"},{"@type":"ListItem","position":2,"name":"Primera fila para M\u00e1rquez y meritoria tercera l\u00ednea de Pedrosa"}]},{"@type":"WebSite","@id":"https:\/\/www.boxrepsol.com\/es\/#website","url":"https:\/\/www.boxrepsol.com\/es\/","name":"Box Repsol","description":"Box Repsol Site","publisher":{"@id":"https:\/\/www.boxrepsol.com\/es\/#organization"},"potentialAction":[{"@type":"SearchAction","target":{"@type":"EntryPoint","urlTemplate":"https:\/\/www.boxrepsol.com\/es\/?s={search_term_string}"},"query-input":{"@type":"PropertyValueSpecification","valueRequired":true,"valueName":"search_term_string"}}],"inLanguage":"es"},{"@type":"Organization","@id":"https:\/\/www.boxrepsol.com\/es\/#organization","name":"Box Repsol","url":"https:\/\/www.boxrepsol.com\/es\/","logo":{"@type":"ImageObject","inLanguage":"es","@id":"https:\/\/www.boxrepsol.com\/es\/#\/schema\/logo\/image\/","url":"https:\/\/bxrepsol.s3.eu-west-1.amazonaws.com\/static\/2025\/07\/30083337\/favicon-96x96-1.png","contentUrl":"https:\/\/bxrepsol.s3.eu-west-1.amazonaws.com\/static\/2025\/07\/30083337\/favicon-96x96-1.png","width":96,"height":96,"caption":"Box Repsol"},"image":{"@id":"https:\/\/www.boxrepsol.com\/es\/#\/schema\/logo\/image\/"},"sameAs":["https:\/\/www.facebook.com\/BoxRepsol","https:\/\/x.com\/box_repsol","http:\/\/instagram.com\/box_repsol","https:\/\/www.youtube.com\/user\/RepsolCompeticion","https:\/\/www.flickr.com\/photos\/box_repsol\/"]},{"@type":"Person","@id":"https:\/\/www.boxrepsol.com\/es\/#\/schema\/person\/c5c2138f2cca251b0ad92b7086bb60b7","name":"Redacci\u00f3n Box Repsol","image":{"@type":"ImageObject","inLanguage":"es","@id":"https:\/\/secure.gravatar.com\/avatar\/adf7b77e38b4419baf32c7e9c21dde01f4e40df611f0978e3006fc4ba0aaab7e?s=96&d=mm&r=g","url":"https:\/\/secure.gravatar.com\/avatar\/adf7b77e38b4419baf32c7e9c21dde01f4e40df611f0978e3006fc4ba0aaab7e?s=96&d=mm&r=g","contentUrl":"https:\/\/secure.gravatar.com\/avatar\/adf7b77e38b4419baf32c7e9c21dde01f4e40df611f0978e3006fc4ba0aaab7e?s=96&d=mm&r=g","caption":"Redacci\u00f3n Box Repsol"},"description":"Box Repsol lo forma un equipo de periodistas, community managers, dise\u00f1adores y fot\u00f3grafos con m\u00e1s de 20 a\u00f1os de experiencia en el mundo del motorsport. Hemos vivido el primer mundial de un espa\u00f1ol en la categor\u00eda reina de motociclismo con \u00c1lex Crivill\u00e9, estuvimos en las victorias de Pedrosa y los t\u00edtulos de M\u00e1rquez, acompa\u00f1amos en \u00c1frica a Nani Roma y Marc Coma en sus conquistas del Dakar y hemos vibrado con los t\u00edtulos de Toni Bou en Trial. Adem\u00e1s, en nuestro equipo contamos con expertos en el mundo de las dos y cuatro ruedas tanto de la calle y las carreteras, como de los circuitos. Periodistas que han trabajado en revistas y publicaciones para hacerte llegar desde rutas y consejos de mantenimiento, a curiosidades y trucos de pilotaje.","sameAs":["https:\/\/www.facebook.com\/BoxRepsol\/","https:\/\/www.instagram.com\/box_repsol\/","https:\/\/x.com\/https:\/\/twitter.com\/box_repsol","https:\/\/www.youtube.com\/@Boxrepsol"],"url":"https:\/\/www.boxrepsol.com\/es\/author\/redaccion-box-repsol\/"}]}},"_links":{"self":[{"href":"https:\/\/www.boxrepsol.com\/es\/wp-json\/wp\/v2\/posts\/89828","targetHints":{"allow":["GET"]}}],"collection":[{"href":"https:\/\/www.boxrepsol.com\/es\/wp-json\/wp\/v2\/posts"}],"about":[{"href":"https:\/\/www.boxrepsol.com\/es\/wp-json\/wp\/v2\/types\/post"}],"author":[{"embeddable":true,"href":"https:\/\/www.boxrepsol.com\/es\/wp-json\/wp\/v2\/users\/43146"}],"replies":[{"embeddable":true,"href":"https:\/\/www.boxrepsol.com\/es\/wp-json\/wp\/v2\/comments?post=89828"}],"version-history":[{"count":1,"href":"https:\/\/www.boxrepsol.com\/es\/wp-json\/wp\/v2\/posts\/89828\/revisions"}],"predecessor-version":[{"id":89829,"href":"https:\/\/www.boxrepsol.com\/es\/wp-json\/wp\/v2\/posts\/89828\/revisions\/89829"}],"wp:featuredmedia":[{"embeddable":true,"href":"https:\/\/www.boxrepsol.com\/es\/wp-json\/wp\/v2\/media\/85646"}],"wp:attachment":[{"href":"https:\/\/www.boxrepsol.com\/es\/wp-json\/wp\/v2\/media?parent=89828"}],"wp:term":[{"taxonomy":"category","embeddable":true,"href":"https:\/\/www.boxrepsol.com\/es\/wp-json\/wp\/v2\/categories?post=89828"},{"taxonomy":"post_tag","embeddable":true,"href":"https:\/\/www.boxrepsol.com\/es\/wp-json\/wp\/v2\/tags?post=89828"}],"curies":[{"name":"wp","href":"https:\/\/api.w.org\/{rel}","templated":true}]}}