{"id":89826,"date":"2016-11-13T00:00:00","date_gmt":"2016-11-13T02:00:00","guid":{"rendered":"http:\/\/pre.boxrepsol.com\/sin-categorizar\/nuevo-podio-de-marquez-como-broche-al-quinto-mundial\/"},"modified":"2024-05-09T06:03:09","modified_gmt":"2024-05-09T08:03:09","slug":"nuevo-podio-de-marquez-como-broche-al-quinto-mundial","status":"publish","type":"post","link":"https:\/\/www.boxrepsol.com\/es\/motogp\/nuevo-podio-de-marquez-como-broche-al-quinto-mundial\/","title":{"rendered":"Nuevo podio de M\u00e1rquez como broche al quinto Mundial"},"content":{"rendered":"<blockquote>\n<p>Nuevo podio de M\u00e1rquez como broche al quinto Mundial\n<\/p>\n<p>            <a href=\"http:\/\/twitter.com\/share?text=Nuevo+podio+de+M%C3%A1rquez+como+broche+al+quinto+Mundial%0A&#038;url=http%3A%2F%2F34.249.211.158%2Fes%2Fmotogp%2Fnuevo-podio-de-marquez-como-broche-al-quinto-mundial%2F&#038;hashtags=\" target=\"_blank\" rel=\"noopener\"><br \/>\n            twittear        <\/a>\n        <\/p><\/blockquote>\n<p>El Gran Premio de la Comunitat Valenciana ha cerrado un a\u00f1o m\u00e1s el Mundial de MotoGP y lo ha hecho con <strong>Marc M\u00e1rquez<\/strong> ocupando la segunda de las plazas de honor. El piloto del equipo Repsol Honda no ha realizado una buena salida y ha tenido que remontar desde la sexta posici\u00f3n que ocupaba en la primera vuelta, hasta la segunda a falta de diez giros, ya a 5 segundos de Jorge Lorenzo. Ha llegado a reducir la distancia a apenas 1 segundo, pero no ha sido suficiente y en el Gran Premio n\u00famero 150 de su carrera mundialista, ha logrado el podio n\u00famero 90. Su compa\u00f1ero en el equipo Repsol Honda, <strong>Dani Pedrosa<\/strong>, ha realizado una buena salida desde la octava plaza remontando tres posiciones en la primera vuelta, pero no ha podido materializarla en un buen resultado tras sufrir una ca\u00edda en el s\u00e9ptimo giro, cuando era s\u00e9ptimo.<\/p>\n<p>\t\t\t\t<img decoding=\"async\" src=\"https:\/\/bxrepsol.s3.eu-west-1.amazonaws.com\/static\/2022\/08\/29044640\/28-marc-marquez-repsol-honda-motogp-93.jpg\" alt=\"28-marc-marquez-repsol-honda-motogp-93\" itemprop=\"image\"  \/><\/p>\n<h3><strong>Marc M\u00e1rquez<\/strong><\/h3>\n<p><em>\u00abEstamos contentos porque hemos conseguido un podio y hemos terminado la temporada muy consistente. En carrera, la salida nos ha penalizado mucho porque he tenido un problema con el embrague. He perdido varias posiciones y por culpa de eso, he estado mucho tiempo detr\u00e1s de Rossi y Iannone. Como Valentino dijo ayer, adelantar en esta pista es muy dif\u00edcil as\u00ed que, incluso si pod\u00eda acercarme a ellos, adelantarlos era otra historia porque perd\u00eda distancia en la aceleraci\u00f3n y en los puntos de frenada iba al l\u00edmite. He esperado detr\u00e1s a que los neum\u00e1ticos empezasen a aumentar sus prestaciones y, paso a paso, he ido mejorando hasta encontrar la oportunidad para poder atacar. Desde ese momento, he podido mejorar mi ritmo y, si la carrera hubiese durado un poco m\u00e1s quiz\u00e1s hubiese alcanzado a Lorenzo. Pero de todas maneras ha hecho una carrera incre\u00edble y no he podido atraparle. Le felicito por ese resultado. No ha sido una temporada f\u00e1cil, pero hemos sido capaces de ganar el t\u00edtulo en Jap\u00f3n y de asegurarnos el campeonato de constructores este fin de semana y eso es genial. Ahora seguiremos trabajando duro, empezando por el pr\u00f3ximo test e intentaremos mejorar nuestra moto a\u00fan m\u00e1s\u00bb.<\/em><\/p>\n<h3><strong>Dani Pedrosa<\/strong><\/h3>\n<p><em>\u00abHa sido una pena la ca\u00edda. He salido bien y he empezado con calma, ya que no acababa de tener buenas sensaciones con los neum\u00e1ticos. Pero desafortunadamente, despu\u00e9s de unas pocas vueltas y en la entrada de la curva 2, sin estar apretando, se me ha movido un poco la moto de detr\u00e1s y, en el mismo momento, tambi\u00e9n he perdido la rueda delantera y no he podido evitar la ca\u00edda. No s\u00e9 qu\u00e9 hemos podido hacer mal, porque no estaba pilotando en mi l\u00edmite. Ha sido una pena no acabar la carrera, que era lo que quer\u00edamos. Hemos terminado un a\u00f1o dif\u00edcil, pero lo daremos todo para hacerlo mejor la temporada que viene\u00bb.<\/em><\/p>\n","protected":false},"excerpt":{"rendered":"<p>El Campe\u00f3n del Mundo sube al segundo escal\u00f3n del podio en su Gran Premio n\u00famero 150, tras una gran remontada desde la sexta posici\u00f3n. Una ca\u00edda trunca la progresi\u00f3n de Dani Pedrosa.<\/p>\n","protected":false},"author":43146,"featured_media":85640,"comment_status":"open","ping_status":"open","sticky":false,"template":"","format":"standard","meta":{"footnotes":""},"categories":[4],"tags":[137],"class_list":["post-89826","post","type-post","status-publish","format-standard","hentry","category-motogp","tag-motogp-valencia"],"yoast_head":"<!-- This site is optimized with the Yoast SEO plugin v27.3 - https:\/\/yoast.com\/product\/yoast-seo-wordpress\/ -->\n<title>Nuevo podio de M\u00e1rquez como broche al quinto Mundial - Box Repsol<\/title>\n<meta name=\"description\" content=\"El Campe\u00f3n del Mundo sube al segundo escal\u00f3n del podio en su Gran Premio n\u00famero 150, tras una gran remontada desde la sexta posici\u00f3n.\" \/>\n<link rel=\"canonical\" href=\"https:\/\/www.boxrepsol.com\/es\/motogp\/nuevo-podio-de-marquez-como-broche-al-quinto-mundial\/\" \/>\n<meta property=\"og:locale\" content=\"es_ES\" \/>\n<meta property=\"og:type\" content=\"article\" \/>\n<meta property=\"og:title\" content=\"Nuevo podio de M\u00e1rquez como broche al quinto Mundial - Box Repsol\" \/>\n<meta property=\"og:description\" content=\"El Campe\u00f3n del Mundo sube al segundo escal\u00f3n del podio en su Gran Premio n\u00famero 150, tras una gran remontada desde la sexta posici\u00f3n.\" \/>\n<meta property=\"og:url\" content=\"https:\/\/www.boxrepsol.com\/es\/motogp\/nuevo-podio-de-marquez-como-broche-al-quinto-mundial\/\" \/>\n<meta property=\"og:site_name\" content=\"Box Repsol\" \/>\n<meta property=\"article:publisher\" content=\"https:\/\/www.facebook.com\/BoxRepsol\" \/>\n<meta property=\"article:author\" content=\"https:\/\/www.facebook.com\/BoxRepsol\/\" \/>\n<meta property=\"article:published_time\" content=\"2016-11-13T02:00:00+00:00\" \/>\n<meta property=\"article:modified_time\" content=\"2024-05-09T08:03:09+00:00\" \/>\n<meta property=\"og:image\" content=\"https:\/\/www.boxrepsol.com\/wp-content\/uploads\/2022\/08\/27-marc-arquez-repsol-honda-motogp-93.jpg\" \/>\n\t<meta property=\"og:image:width\" content=\"984\" \/>\n\t<meta property=\"og:image:height\" content=\"412\" \/>\n\t<meta property=\"og:image:type\" content=\"image\/jpeg\" \/>\n<meta name=\"author\" content=\"Redacci\u00f3n Box Repsol\" \/>\n<meta name=\"twitter:card\" content=\"summary_large_image\" \/>\n<meta name=\"twitter:creator\" content=\"@https:\/\/twitter.com\/box_repsol\" \/>\n<meta name=\"twitter:site\" content=\"@box_repsol\" \/>\n<meta name=\"twitter:label1\" content=\"Written by\" \/>\n\t<meta name=\"twitter:data1\" content=\"Redacci\u00f3n Box Repsol\" \/>\n\t<meta name=\"twitter:label2\" content=\"Est. reading time\" \/>\n\t<meta name=\"twitter:data2\" content=\"3 minutos\" \/>\n<script type=\"application\/ld+json\" class=\"yoast-schema-graph\">{\"@context\":\"https:\\\/\\\/schema.org\",\"@graph\":[{\"@type\":\"Article\",\"@id\":\"https:\\\/\\\/www.boxrepsol.com\\\/es\\\/motogp\\\/nuevo-podio-de-marquez-como-broche-al-quinto-mundial\\\/#article\",\"isPartOf\":{\"@id\":\"https:\\\/\\\/www.boxrepsol.com\\\/es\\\/motogp\\\/nuevo-podio-de-marquez-como-broche-al-quinto-mundial\\\/\"},\"author\":{\"name\":\"Redacci\u00f3n Box Repsol\",\"@id\":\"https:\\\/\\\/www.boxrepsol.com\\\/es\\\/#\\\/schema\\\/person\\\/c5c2138f2cca251b0ad92b7086bb60b7\"},\"headline\":\"Nuevo podio de M\u00e1rquez como broche al quinto Mundial\",\"datePublished\":\"2016-11-13T02:00:00+00:00\",\"dateModified\":\"2024-05-09T08:03:09+00:00\",\"mainEntityOfPage\":{\"@id\":\"https:\\\/\\\/www.boxrepsol.com\\\/es\\\/motogp\\\/nuevo-podio-de-marquez-como-broche-al-quinto-mundial\\\/\"},\"wordCount\":522,\"commentCount\":0,\"publisher\":{\"@id\":\"https:\\\/\\\/www.boxrepsol.com\\\/es\\\/#organization\"},\"image\":{\"@id\":\"https:\\\/\\\/www.boxrepsol.com\\\/es\\\/motogp\\\/nuevo-podio-de-marquez-como-broche-al-quinto-mundial\\\/#primaryimage\"},\"thumbnailUrl\":\"https:\\\/\\\/www.boxrepsol.com\\\/wp-content\\\/uploads\\\/2022\\\/08\\\/27-marc-arquez-repsol-honda-motogp-93.jpg\",\"keywords\":[\"MotoGP Valencia\"],\"articleSection\":[\"MotoGP\"],\"inLanguage\":\"es\",\"potentialAction\":[{\"@type\":\"CommentAction\",\"name\":\"Comment\",\"target\":[\"https:\\\/\\\/www.boxrepsol.com\\\/es\\\/motogp\\\/nuevo-podio-de-marquez-como-broche-al-quinto-mundial\\\/#respond\"]}]},{\"@type\":\"WebPage\",\"@id\":\"https:\\\/\\\/www.boxrepsol.com\\\/es\\\/motogp\\\/nuevo-podio-de-marquez-como-broche-al-quinto-mundial\\\/\",\"url\":\"https:\\\/\\\/www.boxrepsol.com\\\/es\\\/motogp\\\/nuevo-podio-de-marquez-como-broche-al-quinto-mundial\\\/\",\"name\":\"Nuevo podio de M\u00e1rquez como broche al quinto Mundial - Box Repsol\",\"isPartOf\":{\"@id\":\"https:\\\/\\\/www.boxrepsol.com\\\/es\\\/#website\"},\"primaryImageOfPage\":{\"@id\":\"https:\\\/\\\/www.boxrepsol.com\\\/es\\\/motogp\\\/nuevo-podio-de-marquez-como-broche-al-quinto-mundial\\\/#primaryimage\"},\"image\":{\"@id\":\"https:\\\/\\\/www.boxrepsol.com\\\/es\\\/motogp\\\/nuevo-podio-de-marquez-como-broche-al-quinto-mundial\\\/#primaryimage\"},\"thumbnailUrl\":\"https:\\\/\\\/www.boxrepsol.com\\\/wp-content\\\/uploads\\\/2022\\\/08\\\/27-marc-arquez-repsol-honda-motogp-93.jpg\",\"datePublished\":\"2016-11-13T02:00:00+00:00\",\"dateModified\":\"2024-05-09T08:03:09+00:00\",\"description\":\"El Campe\u00f3n del Mundo sube al segundo escal\u00f3n del podio en su Gran Premio n\u00famero 150, tras una gran remontada desde la sexta posici\u00f3n.\",\"breadcrumb\":{\"@id\":\"https:\\\/\\\/www.boxrepsol.com\\\/es\\\/motogp\\\/nuevo-podio-de-marquez-como-broche-al-quinto-mundial\\\/#breadcrumb\"},\"inLanguage\":\"es\",\"potentialAction\":[{\"@type\":\"ReadAction\",\"target\":[\"https:\\\/\\\/www.boxrepsol.com\\\/es\\\/motogp\\\/nuevo-podio-de-marquez-como-broche-al-quinto-mundial\\\/\"]}]},{\"@type\":\"ImageObject\",\"inLanguage\":\"es\",\"@id\":\"https:\\\/\\\/www.boxrepsol.com\\\/es\\\/motogp\\\/nuevo-podio-de-marquez-como-broche-al-quinto-mundial\\\/#primaryimage\",\"url\":\"https:\\\/\\\/www.boxrepsol.com\\\/wp-content\\\/uploads\\\/2022\\\/08\\\/27-marc-arquez-repsol-honda-motogp-93.jpg\",\"contentUrl\":\"https:\\\/\\\/www.boxrepsol.com\\\/wp-content\\\/uploads\\\/2022\\\/08\\\/27-marc-arquez-repsol-honda-motogp-93.jpg\",\"width\":984,\"height\":412,\"caption\":\"Marc M\u00e1rquez montando la honda\"},{\"@type\":\"BreadcrumbList\",\"@id\":\"https:\\\/\\\/www.boxrepsol.com\\\/es\\\/motogp\\\/nuevo-podio-de-marquez-como-broche-al-quinto-mundial\\\/#breadcrumb\",\"itemListElement\":[{\"@type\":\"ListItem\",\"position\":1,\"name\":\"Home\",\"item\":\"https:\\\/\\\/www.boxrepsol.com\\\/es\\\/\"},{\"@type\":\"ListItem\",\"position\":2,\"name\":\"Nuevo podio de M\u00e1rquez como broche al quinto Mundial\"}]},{\"@type\":\"WebSite\",\"@id\":\"https:\\\/\\\/www.boxrepsol.com\\\/es\\\/#website\",\"url\":\"https:\\\/\\\/www.boxrepsol.com\\\/es\\\/\",\"name\":\"Box Repsol\",\"description\":\"Box Repsol Site\",\"publisher\":{\"@id\":\"https:\\\/\\\/www.boxrepsol.com\\\/es\\\/#organization\"},\"potentialAction\":[{\"@type\":\"SearchAction\",\"target\":{\"@type\":\"EntryPoint\",\"urlTemplate\":\"https:\\\/\\\/www.boxrepsol.com\\\/es\\\/?s={search_term_string}\"},\"query-input\":{\"@type\":\"PropertyValueSpecification\",\"valueRequired\":true,\"valueName\":\"search_term_string\"}}],\"inLanguage\":\"es\"},{\"@type\":\"Organization\",\"@id\":\"https:\\\/\\\/www.boxrepsol.com\\\/es\\\/#organization\",\"name\":\"Box Repsol\",\"url\":\"https:\\\/\\\/www.boxrepsol.com\\\/es\\\/\",\"logo\":{\"@type\":\"ImageObject\",\"inLanguage\":\"es\",\"@id\":\"https:\\\/\\\/www.boxrepsol.com\\\/es\\\/#\\\/schema\\\/logo\\\/image\\\/\",\"url\":\"https:\\\/\\\/bxrepsol.s3.eu-west-1.amazonaws.com\\\/static\\\/2025\\\/07\\\/30083337\\\/favicon-96x96-1.png\",\"contentUrl\":\"https:\\\/\\\/bxrepsol.s3.eu-west-1.amazonaws.com\\\/static\\\/2025\\\/07\\\/30083337\\\/favicon-96x96-1.png\",\"width\":96,\"height\":96,\"caption\":\"Box Repsol\"},\"image\":{\"@id\":\"https:\\\/\\\/www.boxrepsol.com\\\/es\\\/#\\\/schema\\\/logo\\\/image\\\/\"},\"sameAs\":[\"https:\\\/\\\/www.facebook.com\\\/BoxRepsol\",\"https:\\\/\\\/x.com\\\/box_repsol\",\"http:\\\/\\\/instagram.com\\\/box_repsol\",\"https:\\\/\\\/www.youtube.com\\\/user\\\/RepsolCompeticion\",\"https:\\\/\\\/www.flickr.com\\\/photos\\\/box_repsol\\\/\"]},{\"@type\":\"Person\",\"@id\":\"https:\\\/\\\/www.boxrepsol.com\\\/es\\\/#\\\/schema\\\/person\\\/c5c2138f2cca251b0ad92b7086bb60b7\",\"name\":\"Redacci\u00f3n Box Repsol\",\"image\":{\"@type\":\"ImageObject\",\"inLanguage\":\"es\",\"@id\":\"https:\\\/\\\/secure.gravatar.com\\\/avatar\\\/adf7b77e38b4419baf32c7e9c21dde01f4e40df611f0978e3006fc4ba0aaab7e?s=96&d=mm&r=g\",\"url\":\"https:\\\/\\\/secure.gravatar.com\\\/avatar\\\/adf7b77e38b4419baf32c7e9c21dde01f4e40df611f0978e3006fc4ba0aaab7e?s=96&d=mm&r=g\",\"contentUrl\":\"https:\\\/\\\/secure.gravatar.com\\\/avatar\\\/adf7b77e38b4419baf32c7e9c21dde01f4e40df611f0978e3006fc4ba0aaab7e?s=96&d=mm&r=g\",\"caption\":\"Redacci\u00f3n Box Repsol\"},\"description\":\"Box Repsol lo forma un equipo de periodistas, community managers, dise\u00f1adores y fot\u00f3grafos con m\u00e1s de 20 a\u00f1os de experiencia en el mundo del motorsport. Hemos vivido el primer mundial de un espa\u00f1ol en la categor\u00eda reina de motociclismo con \u00c1lex Crivill\u00e9, estuvimos en las victorias de Pedrosa y los t\u00edtulos de M\u00e1rquez, acompa\u00f1amos en \u00c1frica a Nani Roma y Marc Coma en sus conquistas del Dakar y hemos vibrado con los t\u00edtulos de Toni Bou en Trial. Adem\u00e1s, en nuestro equipo contamos con expertos en el mundo de las dos y cuatro ruedas tanto de la calle y las carreteras, como de los circuitos. Periodistas que han trabajado en revistas y publicaciones para hacerte llegar desde rutas y consejos de mantenimiento, a curiosidades y trucos de pilotaje.\",\"sameAs\":[\"https:\\\/\\\/www.facebook.com\\\/BoxRepsol\\\/\",\"https:\\\/\\\/www.instagram.com\\\/box_repsol\\\/\",\"https:\\\/\\\/x.com\\\/https:\\\/\\\/twitter.com\\\/box_repsol\",\"https:\\\/\\\/www.youtube.com\\\/@Boxrepsol\"],\"url\":\"https:\\\/\\\/www.boxrepsol.com\\\/es\\\/author\\\/redaccion-box-repsol\\\/\"}]}<\/script>\n<!-- \/ Yoast SEO plugin. -->","yoast_head_json":{"title":"Nuevo podio de M\u00e1rquez como broche al quinto Mundial - Box Repsol","description":"El Campe\u00f3n del Mundo sube al segundo escal\u00f3n del podio en su Gran Premio n\u00famero 150, tras una gran remontada desde la sexta posici\u00f3n.","canonical":"https:\/\/www.boxrepsol.com\/es\/motogp\/nuevo-podio-de-marquez-como-broche-al-quinto-mundial\/","og_locale":"es_ES","og_type":"article","og_title":"Nuevo podio de M\u00e1rquez como broche al quinto Mundial - Box Repsol","og_description":"El Campe\u00f3n del Mundo sube al segundo escal\u00f3n del podio en su Gran Premio n\u00famero 150, tras una gran remontada desde la sexta posici\u00f3n.","og_url":"https:\/\/www.boxrepsol.com\/es\/motogp\/nuevo-podio-de-marquez-como-broche-al-quinto-mundial\/","og_site_name":"Box Repsol","article_publisher":"https:\/\/www.facebook.com\/BoxRepsol","article_author":"https:\/\/www.facebook.com\/BoxRepsol\/","article_published_time":"2016-11-13T02:00:00+00:00","article_modified_time":"2024-05-09T08:03:09+00:00","og_image":[{"width":984,"height":412,"url":"https:\/\/www.boxrepsol.com\/wp-content\/uploads\/2022\/08\/27-marc-arquez-repsol-honda-motogp-93.jpg","type":"image\/jpeg"}],"author":"Redacci\u00f3n Box Repsol","twitter_card":"summary_large_image","twitter_creator":"@https:\/\/twitter.com\/box_repsol","twitter_site":"@box_repsol","twitter_misc":{"Written by":"Redacci\u00f3n Box Repsol","Est. reading time":"3 minutos"},"schema":{"@context":"https:\/\/schema.org","@graph":[{"@type":"Article","@id":"https:\/\/www.boxrepsol.com\/es\/motogp\/nuevo-podio-de-marquez-como-broche-al-quinto-mundial\/#article","isPartOf":{"@id":"https:\/\/www.boxrepsol.com\/es\/motogp\/nuevo-podio-de-marquez-como-broche-al-quinto-mundial\/"},"author":{"name":"Redacci\u00f3n Box Repsol","@id":"https:\/\/www.boxrepsol.com\/es\/#\/schema\/person\/c5c2138f2cca251b0ad92b7086bb60b7"},"headline":"Nuevo podio de M\u00e1rquez como broche al quinto Mundial","datePublished":"2016-11-13T02:00:00+00:00","dateModified":"2024-05-09T08:03:09+00:00","mainEntityOfPage":{"@id":"https:\/\/www.boxrepsol.com\/es\/motogp\/nuevo-podio-de-marquez-como-broche-al-quinto-mundial\/"},"wordCount":522,"commentCount":0,"publisher":{"@id":"https:\/\/www.boxrepsol.com\/es\/#organization"},"image":{"@id":"https:\/\/www.boxrepsol.com\/es\/motogp\/nuevo-podio-de-marquez-como-broche-al-quinto-mundial\/#primaryimage"},"thumbnailUrl":"https:\/\/www.boxrepsol.com\/wp-content\/uploads\/2022\/08\/27-marc-arquez-repsol-honda-motogp-93.jpg","keywords":["MotoGP Valencia"],"articleSection":["MotoGP"],"inLanguage":"es","potentialAction":[{"@type":"CommentAction","name":"Comment","target":["https:\/\/www.boxrepsol.com\/es\/motogp\/nuevo-podio-de-marquez-como-broche-al-quinto-mundial\/#respond"]}]},{"@type":"WebPage","@id":"https:\/\/www.boxrepsol.com\/es\/motogp\/nuevo-podio-de-marquez-como-broche-al-quinto-mundial\/","url":"https:\/\/www.boxrepsol.com\/es\/motogp\/nuevo-podio-de-marquez-como-broche-al-quinto-mundial\/","name":"Nuevo podio de M\u00e1rquez como broche al quinto Mundial - Box Repsol","isPartOf":{"@id":"https:\/\/www.boxrepsol.com\/es\/#website"},"primaryImageOfPage":{"@id":"https:\/\/www.boxrepsol.com\/es\/motogp\/nuevo-podio-de-marquez-como-broche-al-quinto-mundial\/#primaryimage"},"image":{"@id":"https:\/\/www.boxrepsol.com\/es\/motogp\/nuevo-podio-de-marquez-como-broche-al-quinto-mundial\/#primaryimage"},"thumbnailUrl":"https:\/\/www.boxrepsol.com\/wp-content\/uploads\/2022\/08\/27-marc-arquez-repsol-honda-motogp-93.jpg","datePublished":"2016-11-13T02:00:00+00:00","dateModified":"2024-05-09T08:03:09+00:00","description":"El Campe\u00f3n del Mundo sube al segundo escal\u00f3n del podio en su Gran Premio n\u00famero 150, tras una gran remontada desde la sexta posici\u00f3n.","breadcrumb":{"@id":"https:\/\/www.boxrepsol.com\/es\/motogp\/nuevo-podio-de-marquez-como-broche-al-quinto-mundial\/#breadcrumb"},"inLanguage":"es","potentialAction":[{"@type":"ReadAction","target":["https:\/\/www.boxrepsol.com\/es\/motogp\/nuevo-podio-de-marquez-como-broche-al-quinto-mundial\/"]}]},{"@type":"ImageObject","inLanguage":"es","@id":"https:\/\/www.boxrepsol.com\/es\/motogp\/nuevo-podio-de-marquez-como-broche-al-quinto-mundial\/#primaryimage","url":"https:\/\/www.boxrepsol.com\/wp-content\/uploads\/2022\/08\/27-marc-arquez-repsol-honda-motogp-93.jpg","contentUrl":"https:\/\/www.boxrepsol.com\/wp-content\/uploads\/2022\/08\/27-marc-arquez-repsol-honda-motogp-93.jpg","width":984,"height":412,"caption":"Marc M\u00e1rquez montando la honda"},{"@type":"BreadcrumbList","@id":"https:\/\/www.boxrepsol.com\/es\/motogp\/nuevo-podio-de-marquez-como-broche-al-quinto-mundial\/#breadcrumb","itemListElement":[{"@type":"ListItem","position":1,"name":"Home","item":"https:\/\/www.boxrepsol.com\/es\/"},{"@type":"ListItem","position":2,"name":"Nuevo podio de M\u00e1rquez como broche al quinto Mundial"}]},{"@type":"WebSite","@id":"https:\/\/www.boxrepsol.com\/es\/#website","url":"https:\/\/www.boxrepsol.com\/es\/","name":"Box Repsol","description":"Box Repsol Site","publisher":{"@id":"https:\/\/www.boxrepsol.com\/es\/#organization"},"potentialAction":[{"@type":"SearchAction","target":{"@type":"EntryPoint","urlTemplate":"https:\/\/www.boxrepsol.com\/es\/?s={search_term_string}"},"query-input":{"@type":"PropertyValueSpecification","valueRequired":true,"valueName":"search_term_string"}}],"inLanguage":"es"},{"@type":"Organization","@id":"https:\/\/www.boxrepsol.com\/es\/#organization","name":"Box Repsol","url":"https:\/\/www.boxrepsol.com\/es\/","logo":{"@type":"ImageObject","inLanguage":"es","@id":"https:\/\/www.boxrepsol.com\/es\/#\/schema\/logo\/image\/","url":"https:\/\/bxrepsol.s3.eu-west-1.amazonaws.com\/static\/2025\/07\/30083337\/favicon-96x96-1.png","contentUrl":"https:\/\/bxrepsol.s3.eu-west-1.amazonaws.com\/static\/2025\/07\/30083337\/favicon-96x96-1.png","width":96,"height":96,"caption":"Box Repsol"},"image":{"@id":"https:\/\/www.boxrepsol.com\/es\/#\/schema\/logo\/image\/"},"sameAs":["https:\/\/www.facebook.com\/BoxRepsol","https:\/\/x.com\/box_repsol","http:\/\/instagram.com\/box_repsol","https:\/\/www.youtube.com\/user\/RepsolCompeticion","https:\/\/www.flickr.com\/photos\/box_repsol\/"]},{"@type":"Person","@id":"https:\/\/www.boxrepsol.com\/es\/#\/schema\/person\/c5c2138f2cca251b0ad92b7086bb60b7","name":"Redacci\u00f3n Box Repsol","image":{"@type":"ImageObject","inLanguage":"es","@id":"https:\/\/secure.gravatar.com\/avatar\/adf7b77e38b4419baf32c7e9c21dde01f4e40df611f0978e3006fc4ba0aaab7e?s=96&d=mm&r=g","url":"https:\/\/secure.gravatar.com\/avatar\/adf7b77e38b4419baf32c7e9c21dde01f4e40df611f0978e3006fc4ba0aaab7e?s=96&d=mm&r=g","contentUrl":"https:\/\/secure.gravatar.com\/avatar\/adf7b77e38b4419baf32c7e9c21dde01f4e40df611f0978e3006fc4ba0aaab7e?s=96&d=mm&r=g","caption":"Redacci\u00f3n Box Repsol"},"description":"Box Repsol lo forma un equipo de periodistas, community managers, dise\u00f1adores y fot\u00f3grafos con m\u00e1s de 20 a\u00f1os de experiencia en el mundo del motorsport. Hemos vivido el primer mundial de un espa\u00f1ol en la categor\u00eda reina de motociclismo con \u00c1lex Crivill\u00e9, estuvimos en las victorias de Pedrosa y los t\u00edtulos de M\u00e1rquez, acompa\u00f1amos en \u00c1frica a Nani Roma y Marc Coma en sus conquistas del Dakar y hemos vibrado con los t\u00edtulos de Toni Bou en Trial. Adem\u00e1s, en nuestro equipo contamos con expertos en el mundo de las dos y cuatro ruedas tanto de la calle y las carreteras, como de los circuitos. Periodistas que han trabajado en revistas y publicaciones para hacerte llegar desde rutas y consejos de mantenimiento, a curiosidades y trucos de pilotaje.","sameAs":["https:\/\/www.facebook.com\/BoxRepsol\/","https:\/\/www.instagram.com\/box_repsol\/","https:\/\/x.com\/https:\/\/twitter.com\/box_repsol","https:\/\/www.youtube.com\/@Boxrepsol"],"url":"https:\/\/www.boxrepsol.com\/es\/author\/redaccion-box-repsol\/"}]}},"_links":{"self":[{"href":"https:\/\/www.boxrepsol.com\/es\/wp-json\/wp\/v2\/posts\/89826","targetHints":{"allow":["GET"]}}],"collection":[{"href":"https:\/\/www.boxrepsol.com\/es\/wp-json\/wp\/v2\/posts"}],"about":[{"href":"https:\/\/www.boxrepsol.com\/es\/wp-json\/wp\/v2\/types\/post"}],"author":[{"embeddable":true,"href":"https:\/\/www.boxrepsol.com\/es\/wp-json\/wp\/v2\/users\/43146"}],"replies":[{"embeddable":true,"href":"https:\/\/www.boxrepsol.com\/es\/wp-json\/wp\/v2\/comments?post=89826"}],"version-history":[{"count":1,"href":"https:\/\/www.boxrepsol.com\/es\/wp-json\/wp\/v2\/posts\/89826\/revisions"}],"predecessor-version":[{"id":89827,"href":"https:\/\/www.boxrepsol.com\/es\/wp-json\/wp\/v2\/posts\/89826\/revisions\/89827"}],"wp:featuredmedia":[{"embeddable":true,"href":"https:\/\/www.boxrepsol.com\/es\/wp-json\/wp\/v2\/media\/85640"}],"wp:attachment":[{"href":"https:\/\/www.boxrepsol.com\/es\/wp-json\/wp\/v2\/media?parent=89826"}],"wp:term":[{"taxonomy":"category","embeddable":true,"href":"https:\/\/www.boxrepsol.com\/es\/wp-json\/wp\/v2\/categories?post=89826"},{"taxonomy":"post_tag","embeddable":true,"href":"https:\/\/www.boxrepsol.com\/es\/wp-json\/wp\/v2\/tags?post=89826"}],"curies":[{"name":"wp","href":"https:\/\/api.w.org\/{rel}","templated":true}]}}