{"id":89823,"date":"2016-11-21T00:00:00","date_gmt":"2016-11-21T02:00:00","guid":{"rendered":"http:\/\/pre.boxrepsol.com\/sin-categorizar\/lorenzo-dalla-porta-se-corona-mundial-junior-del-fim-cev-repsol\/"},"modified":"2024-05-09T06:24:01","modified_gmt":"2024-05-09T08:24:01","slug":"lorenzo-dalla-porta-se-corona-mundial-junior-del-fim-cev-repsol","status":"publish","type":"post","link":"https:\/\/www.boxrepsol.com\/es\/sin-categorizar\/lorenzo-dalla-porta-se-corona-mundial-junior-del-fim-cev-repsol\/","title":{"rendered":"Lorenzo Dalla Porta se corona en el Mundial Junior del FIM CEV Repsol"},"content":{"rendered":"<blockquote>\n<p>Lorenzo Dalla Porta: \u00abSer el Campe\u00f3n del Mundial Junior es fant\u00e1stico\u00bb.<\/p>\n<p>            <a href=\"#\"><br \/>\n            twittear        <\/a>\n        <\/p><\/blockquote>\n<p>La traca final del FIM CEV Repsol no ha defraudado y la \u00faltima cita del certamen ha servido para sentenciar el t\u00edtulo del Mundial Junior de Moto3. En la primera manga, el vencedor ha sido Marcos Ram\u00edrez y Dalla Porta ha terminado 13\u00ba, tras partir desde <em>pit lane<\/em> por la aparici\u00f3n de un peque\u00f1o fuego en su moto. Todo se pon\u00eda de cara para que el andaluz se alzara con el trofeo, pero una ca\u00edda en la segunda carrera y el segundo puesto del italiano han conducido a Dalla Porta a lo m\u00e1s alto del podio final del Mundial Junior del FIM CEV Repsol.<\/p>\n<p>En Moto2, con el campeonato ya decidido en favor de Steven Odendaal, Tetsuta Nagashima se ha apuntado de manera holgada su primera victoria en el certamen. Maximilian Scheib ha cerrado la temporada con un gran triunfo por delante del Campe\u00f3n, Carmelo Morales, en la despedida de Superbike del FIM CEV Repsol, ya que la temporada que viene formar\u00e1 parte del Mundial de Superbike.<\/p>\n<h3>Marcos Ram\u00edrez <em>Ganador de la primera carrera de Moto3<\/em><\/h3>\n<p>\u00abCuando he visto que Dalla Porta sal\u00eda desde el pit lane he pensado en tom\u00e1rmelo con m\u00e1s calma, y al principio no he rodado al m\u00e1ximo porque la pista no estaba muy bien. Pero cuando faltaban cinco vueltas, he decidido atacar para distanciarme un poco. Finalmente, he podido ganar y ahora tenemos una peque\u00f1a ventaja de 9 puntos, con la que intentaremos arriesgar menos y ganar el campeonato\u00bb.<\/p>\n<h3>Ra\u00fal Fern\u00e1ndez <em>Ganador de la segunda carrera de Moto3<\/em><\/h3>\n<p>\u00abEstoy muy contento. Conseguir mi primera victoria hoy en mi a\u00f1o de debut en el FIM CEV Repsol ha sido muy importante para m\u00ed y para el equipo, porque es la mejor manera de despedir la temporada. Adem\u00e1s, nos ha servido para ser terceros en la general del Mundial Junior de Moto3\u00bb.<\/p>\n<h3>Lorenzo Dalla Porta <em>Campe\u00f3n del Mundial Junior de Moto3<\/em><\/h3>\n<p>\u00abSer el Campe\u00f3n del Mundial Junior es fant\u00e1stico. En la primera manga hemos tenido un problema con la moto y hemos tenido que empezar \u00faltimos desde el pit lane. Adem\u00e1s, me he ca\u00eddo y pensaba que no podr\u00eda ganar el t\u00edtulo, pero sab\u00eda que ten\u00eda una oportunidad en la segunda carrera y ten\u00edamos que hacerlo. Lo hemos conseguido y ha sido genial\u00bb.<\/p>\n<h3>Tetsuta Nagashina <em>Ganador de la carrera de Moto2<\/em><\/h3>\n<p>\u00abEstoy muy contento por haber logrado la victoria y el Subcampeonato. Hoy ha hecho mucho fr\u00edo y en los primeros momentos de la carrera no he podido apretar al m\u00e1ximo, porque habr\u00eda sido un poco peligroso. He intentado ser inteligente; llegada la sexta vuelta he empezado a apretar, he logrado ponerme primero y, al final, ser capaz de llevarme mi primera victoria de la temporada. Estoy muy feliz por este resultado, quiero agradecer al equipo todo su esfuerzo y trabajo durante el fin de semana para poder hacerlo posible\u00bb.<\/p>\n<h3>Maximilian Scheib <em>Ganador de la carrera de Superbike<\/em><\/h3>\n<p>\u00abEstoy muy feliz. Seguramente esta \u00faltima carrera ha sido la mejor de mi vida, la que m\u00e1s satisfecho me ha dejado. Hemos sabido administrar bien la prueba y tras ganar, he tenido una sensaci\u00f3n incre\u00edble y estaba muy contento por m\u00ed y por mi equipo. Hoy ha habido mucho nivel y muchos pilotos que han sido r\u00e1pidos. Gracias a todo el mundo que me apoya y a la gente de Chile\u00bb.<\/p>\n","protected":false},"excerpt":{"rendered":"<p>El piloto italiano se alza con el t\u00edtulo en Moto3 gracias a su podio en la segunda manga y a la ca\u00edda de Marcos Ram\u00edrez. Nagashima se impone en Moto2 y es Subcamp\u00e9on de Europa y Scheib vence en la despedida de Superbike.<\/p>\n","protected":false},"author":43146,"featured_media":85633,"comment_status":"open","ping_status":"open","sticky":false,"template":"","format":"standard","meta":{"footnotes":""},"categories":[1],"tags":[130],"class_list":["post-89823","post","type-post","status-publish","format-standard","hentry","category-sin-categorizar","tag-otros-eventos-y-competiciones"],"yoast_head":"<!-- This site is optimized with the Yoast SEO plugin v27.3 - https:\/\/yoast.com\/product\/yoast-seo-wordpress\/ -->\n<title>Lorenzo Dalla Porta se corona en el Mundial Junior del FIM CEV Repsol - Box Repsol<\/title>\n<meta name=\"description\" content=\"El piloto italiano se alza con el t\u00edtulo en Moto3 gracias a su podio en la segunda manga y a la ca\u00edda de Marcos Ram\u00edrez.\" \/>\n<link rel=\"canonical\" href=\"https:\/\/www.boxrepsol.com\/es\/sin-categorizar\/lorenzo-dalla-porta-se-corona-mundial-junior-del-fim-cev-repsol\/\" \/>\n<meta property=\"og:locale\" content=\"es_ES\" \/>\n<meta property=\"og:type\" content=\"article\" \/>\n<meta property=\"og:title\" content=\"Lorenzo Dalla Porta se corona en el Mundial Junior del FIM CEV Repsol - Box Repsol\" \/>\n<meta property=\"og:description\" content=\"El piloto italiano se alza con el t\u00edtulo en Moto3 gracias a su podio en la segunda manga y a la ca\u00edda de Marcos Ram\u00edrez.\" \/>\n<meta property=\"og:url\" content=\"https:\/\/www.boxrepsol.com\/es\/sin-categorizar\/lorenzo-dalla-porta-se-corona-mundial-junior-del-fim-cev-repsol\/\" \/>\n<meta property=\"og:site_name\" content=\"Box Repsol\" \/>\n<meta property=\"article:publisher\" content=\"https:\/\/www.facebook.com\/BoxRepsol\" \/>\n<meta property=\"article:author\" content=\"https:\/\/www.facebook.com\/BoxRepsol\/\" \/>\n<meta property=\"article:published_time\" content=\"2016-11-21T02:00:00+00:00\" \/>\n<meta property=\"article:modified_time\" content=\"2024-05-09T08:24:01+00:00\" \/>\n<meta property=\"og:image\" content=\"https:\/\/www.boxrepsol.com\/wp-content\/uploads\/2022\/08\/07-odendaal-dalla-porta-carmelo-morales-fim-cev-repsol-champions.jpg\" \/>\n\t<meta property=\"og:image:width\" content=\"995\" \/>\n\t<meta property=\"og:image:height\" content=\"560\" \/>\n\t<meta property=\"og:image:type\" content=\"image\/jpeg\" \/>\n<meta name=\"author\" content=\"Redacci\u00f3n Box Repsol\" \/>\n<meta name=\"twitter:card\" content=\"summary_large_image\" \/>\n<meta name=\"twitter:creator\" content=\"@https:\/\/twitter.com\/box_repsol\" \/>\n<meta name=\"twitter:site\" content=\"@box_repsol\" \/>\n<meta name=\"twitter:label1\" content=\"Written by\" \/>\n\t<meta name=\"twitter:data1\" content=\"Redacci\u00f3n Box Repsol\" \/>\n\t<meta name=\"twitter:label2\" content=\"Est. reading time\" \/>\n\t<meta name=\"twitter:data2\" content=\"3 minutos\" \/>\n<script type=\"application\/ld+json\" class=\"yoast-schema-graph\">{\"@context\":\"https:\\\/\\\/schema.org\",\"@graph\":[{\"@type\":\"Article\",\"@id\":\"https:\\\/\\\/www.boxrepsol.com\\\/es\\\/sin-categorizar\\\/lorenzo-dalla-porta-se-corona-mundial-junior-del-fim-cev-repsol\\\/#article\",\"isPartOf\":{\"@id\":\"https:\\\/\\\/www.boxrepsol.com\\\/es\\\/sin-categorizar\\\/lorenzo-dalla-porta-se-corona-mundial-junior-del-fim-cev-repsol\\\/\"},\"author\":{\"name\":\"Redacci\u00f3n Box Repsol\",\"@id\":\"https:\\\/\\\/www.boxrepsol.com\\\/es\\\/#\\\/schema\\\/person\\\/c5c2138f2cca251b0ad92b7086bb60b7\"},\"headline\":\"Lorenzo Dalla Porta se corona en el Mundial Junior del FIM CEV Repsol\",\"datePublished\":\"2016-11-21T02:00:00+00:00\",\"dateModified\":\"2024-05-09T08:24:01+00:00\",\"mainEntityOfPage\":{\"@id\":\"https:\\\/\\\/www.boxrepsol.com\\\/es\\\/sin-categorizar\\\/lorenzo-dalla-porta-se-corona-mundial-junior-del-fim-cev-repsol\\\/\"},\"wordCount\":612,\"commentCount\":0,\"publisher\":{\"@id\":\"https:\\\/\\\/www.boxrepsol.com\\\/es\\\/#organization\"},\"image\":{\"@id\":\"https:\\\/\\\/www.boxrepsol.com\\\/es\\\/sin-categorizar\\\/lorenzo-dalla-porta-se-corona-mundial-junior-del-fim-cev-repsol\\\/#primaryimage\"},\"thumbnailUrl\":\"https:\\\/\\\/www.boxrepsol.com\\\/wp-content\\\/uploads\\\/2022\\\/08\\\/07-odendaal-dalla-porta-carmelo-morales-fim-cev-repsol-champions.jpg\",\"keywords\":[\"otros eventos y competiciones\"],\"articleSection\":[\"Sin categorizar\"],\"inLanguage\":\"es\",\"potentialAction\":[{\"@type\":\"CommentAction\",\"name\":\"Comment\",\"target\":[\"https:\\\/\\\/www.boxrepsol.com\\\/es\\\/sin-categorizar\\\/lorenzo-dalla-porta-se-corona-mundial-junior-del-fim-cev-repsol\\\/#respond\"]}]},{\"@type\":\"WebPage\",\"@id\":\"https:\\\/\\\/www.boxrepsol.com\\\/es\\\/sin-categorizar\\\/lorenzo-dalla-porta-se-corona-mundial-junior-del-fim-cev-repsol\\\/\",\"url\":\"https:\\\/\\\/www.boxrepsol.com\\\/es\\\/sin-categorizar\\\/lorenzo-dalla-porta-se-corona-mundial-junior-del-fim-cev-repsol\\\/\",\"name\":\"Lorenzo Dalla Porta se corona en el Mundial Junior del FIM CEV Repsol - Box Repsol\",\"isPartOf\":{\"@id\":\"https:\\\/\\\/www.boxrepsol.com\\\/es\\\/#website\"},\"primaryImageOfPage\":{\"@id\":\"https:\\\/\\\/www.boxrepsol.com\\\/es\\\/sin-categorizar\\\/lorenzo-dalla-porta-se-corona-mundial-junior-del-fim-cev-repsol\\\/#primaryimage\"},\"image\":{\"@id\":\"https:\\\/\\\/www.boxrepsol.com\\\/es\\\/sin-categorizar\\\/lorenzo-dalla-porta-se-corona-mundial-junior-del-fim-cev-repsol\\\/#primaryimage\"},\"thumbnailUrl\":\"https:\\\/\\\/www.boxrepsol.com\\\/wp-content\\\/uploads\\\/2022\\\/08\\\/07-odendaal-dalla-porta-carmelo-morales-fim-cev-repsol-champions.jpg\",\"datePublished\":\"2016-11-21T02:00:00+00:00\",\"dateModified\":\"2024-05-09T08:24:01+00:00\",\"description\":\"El piloto italiano se alza con el t\u00edtulo en Moto3 gracias a su podio en la segunda manga y a la ca\u00edda de Marcos Ram\u00edrez.\",\"breadcrumb\":{\"@id\":\"https:\\\/\\\/www.boxrepsol.com\\\/es\\\/sin-categorizar\\\/lorenzo-dalla-porta-se-corona-mundial-junior-del-fim-cev-repsol\\\/#breadcrumb\"},\"inLanguage\":\"es\",\"potentialAction\":[{\"@type\":\"ReadAction\",\"target\":[\"https:\\\/\\\/www.boxrepsol.com\\\/es\\\/sin-categorizar\\\/lorenzo-dalla-porta-se-corona-mundial-junior-del-fim-cev-repsol\\\/\"]}]},{\"@type\":\"ImageObject\",\"inLanguage\":\"es\",\"@id\":\"https:\\\/\\\/www.boxrepsol.com\\\/es\\\/sin-categorizar\\\/lorenzo-dalla-porta-se-corona-mundial-junior-del-fim-cev-repsol\\\/#primaryimage\",\"url\":\"https:\\\/\\\/www.boxrepsol.com\\\/wp-content\\\/uploads\\\/2022\\\/08\\\/07-odendaal-dalla-porta-carmelo-morales-fim-cev-repsol-champions.jpg\",\"contentUrl\":\"https:\\\/\\\/www.boxrepsol.com\\\/wp-content\\\/uploads\\\/2022\\\/08\\\/07-odendaal-dalla-porta-carmelo-morales-fim-cev-repsol-champions.jpg\",\"width\":995,\"height\":560,\"caption\":\"Odendaal, Dalla Porta y Carmelo Morales\"},{\"@type\":\"BreadcrumbList\",\"@id\":\"https:\\\/\\\/www.boxrepsol.com\\\/es\\\/sin-categorizar\\\/lorenzo-dalla-porta-se-corona-mundial-junior-del-fim-cev-repsol\\\/#breadcrumb\",\"itemListElement\":[{\"@type\":\"ListItem\",\"position\":1,\"name\":\"Home\",\"item\":\"https:\\\/\\\/www.boxrepsol.com\\\/es\\\/\"},{\"@type\":\"ListItem\",\"position\":2,\"name\":\"Lorenzo Dalla Porta se corona en el Mundial Junior del FIM CEV Repsol\"}]},{\"@type\":\"WebSite\",\"@id\":\"https:\\\/\\\/www.boxrepsol.com\\\/es\\\/#website\",\"url\":\"https:\\\/\\\/www.boxrepsol.com\\\/es\\\/\",\"name\":\"Box Repsol\",\"description\":\"Box Repsol Site\",\"publisher\":{\"@id\":\"https:\\\/\\\/www.boxrepsol.com\\\/es\\\/#organization\"},\"potentialAction\":[{\"@type\":\"SearchAction\",\"target\":{\"@type\":\"EntryPoint\",\"urlTemplate\":\"https:\\\/\\\/www.boxrepsol.com\\\/es\\\/?s={search_term_string}\"},\"query-input\":{\"@type\":\"PropertyValueSpecification\",\"valueRequired\":true,\"valueName\":\"search_term_string\"}}],\"inLanguage\":\"es\"},{\"@type\":\"Organization\",\"@id\":\"https:\\\/\\\/www.boxrepsol.com\\\/es\\\/#organization\",\"name\":\"Box Repsol\",\"url\":\"https:\\\/\\\/www.boxrepsol.com\\\/es\\\/\",\"logo\":{\"@type\":\"ImageObject\",\"inLanguage\":\"es\",\"@id\":\"https:\\\/\\\/www.boxrepsol.com\\\/es\\\/#\\\/schema\\\/logo\\\/image\\\/\",\"url\":\"https:\\\/\\\/bxrepsol.s3.eu-west-1.amazonaws.com\\\/static\\\/2025\\\/07\\\/30083337\\\/favicon-96x96-1.png\",\"contentUrl\":\"https:\\\/\\\/bxrepsol.s3.eu-west-1.amazonaws.com\\\/static\\\/2025\\\/07\\\/30083337\\\/favicon-96x96-1.png\",\"width\":96,\"height\":96,\"caption\":\"Box Repsol\"},\"image\":{\"@id\":\"https:\\\/\\\/www.boxrepsol.com\\\/es\\\/#\\\/schema\\\/logo\\\/image\\\/\"},\"sameAs\":[\"https:\\\/\\\/www.facebook.com\\\/BoxRepsol\",\"https:\\\/\\\/x.com\\\/box_repsol\",\"http:\\\/\\\/instagram.com\\\/box_repsol\",\"https:\\\/\\\/www.youtube.com\\\/user\\\/RepsolCompeticion\",\"https:\\\/\\\/www.flickr.com\\\/photos\\\/box_repsol\\\/\"]},{\"@type\":\"Person\",\"@id\":\"https:\\\/\\\/www.boxrepsol.com\\\/es\\\/#\\\/schema\\\/person\\\/c5c2138f2cca251b0ad92b7086bb60b7\",\"name\":\"Redacci\u00f3n Box Repsol\",\"image\":{\"@type\":\"ImageObject\",\"inLanguage\":\"es\",\"@id\":\"https:\\\/\\\/secure.gravatar.com\\\/avatar\\\/adf7b77e38b4419baf32c7e9c21dde01f4e40df611f0978e3006fc4ba0aaab7e?s=96&d=mm&r=g\",\"url\":\"https:\\\/\\\/secure.gravatar.com\\\/avatar\\\/adf7b77e38b4419baf32c7e9c21dde01f4e40df611f0978e3006fc4ba0aaab7e?s=96&d=mm&r=g\",\"contentUrl\":\"https:\\\/\\\/secure.gravatar.com\\\/avatar\\\/adf7b77e38b4419baf32c7e9c21dde01f4e40df611f0978e3006fc4ba0aaab7e?s=96&d=mm&r=g\",\"caption\":\"Redacci\u00f3n Box Repsol\"},\"description\":\"Box Repsol lo forma un equipo de periodistas, community managers, dise\u00f1adores y fot\u00f3grafos con m\u00e1s de 20 a\u00f1os de experiencia en el mundo del motorsport. Hemos vivido el primer mundial de un espa\u00f1ol en la categor\u00eda reina de motociclismo con \u00c1lex Crivill\u00e9, estuvimos en las victorias de Pedrosa y los t\u00edtulos de M\u00e1rquez, acompa\u00f1amos en \u00c1frica a Nani Roma y Marc Coma en sus conquistas del Dakar y hemos vibrado con los t\u00edtulos de Toni Bou en Trial. Adem\u00e1s, en nuestro equipo contamos con expertos en el mundo de las dos y cuatro ruedas tanto de la calle y las carreteras, como de los circuitos. Periodistas que han trabajado en revistas y publicaciones para hacerte llegar desde rutas y consejos de mantenimiento, a curiosidades y trucos de pilotaje.\",\"sameAs\":[\"https:\\\/\\\/www.facebook.com\\\/BoxRepsol\\\/\",\"https:\\\/\\\/www.instagram.com\\\/box_repsol\\\/\",\"https:\\\/\\\/x.com\\\/https:\\\/\\\/twitter.com\\\/box_repsol\",\"https:\\\/\\\/www.youtube.com\\\/@Boxrepsol\"],\"url\":\"https:\\\/\\\/www.boxrepsol.com\\\/es\\\/author\\\/redaccion-box-repsol\\\/\"}]}<\/script>\n<!-- \/ Yoast SEO plugin. -->","yoast_head_json":{"title":"Lorenzo Dalla Porta se corona en el Mundial Junior del FIM CEV Repsol - Box Repsol","description":"El piloto italiano se alza con el t\u00edtulo en Moto3 gracias a su podio en la segunda manga y a la ca\u00edda de Marcos Ram\u00edrez.","canonical":"https:\/\/www.boxrepsol.com\/es\/sin-categorizar\/lorenzo-dalla-porta-se-corona-mundial-junior-del-fim-cev-repsol\/","og_locale":"es_ES","og_type":"article","og_title":"Lorenzo Dalla Porta se corona en el Mundial Junior del FIM CEV Repsol - Box Repsol","og_description":"El piloto italiano se alza con el t\u00edtulo en Moto3 gracias a su podio en la segunda manga y a la ca\u00edda de Marcos Ram\u00edrez.","og_url":"https:\/\/www.boxrepsol.com\/es\/sin-categorizar\/lorenzo-dalla-porta-se-corona-mundial-junior-del-fim-cev-repsol\/","og_site_name":"Box Repsol","article_publisher":"https:\/\/www.facebook.com\/BoxRepsol","article_author":"https:\/\/www.facebook.com\/BoxRepsol\/","article_published_time":"2016-11-21T02:00:00+00:00","article_modified_time":"2024-05-09T08:24:01+00:00","og_image":[{"width":995,"height":560,"url":"https:\/\/www.boxrepsol.com\/wp-content\/uploads\/2022\/08\/07-odendaal-dalla-porta-carmelo-morales-fim-cev-repsol-champions.jpg","type":"image\/jpeg"}],"author":"Redacci\u00f3n Box Repsol","twitter_card":"summary_large_image","twitter_creator":"@https:\/\/twitter.com\/box_repsol","twitter_site":"@box_repsol","twitter_misc":{"Written by":"Redacci\u00f3n Box Repsol","Est. reading time":"3 minutos"},"schema":{"@context":"https:\/\/schema.org","@graph":[{"@type":"Article","@id":"https:\/\/www.boxrepsol.com\/es\/sin-categorizar\/lorenzo-dalla-porta-se-corona-mundial-junior-del-fim-cev-repsol\/#article","isPartOf":{"@id":"https:\/\/www.boxrepsol.com\/es\/sin-categorizar\/lorenzo-dalla-porta-se-corona-mundial-junior-del-fim-cev-repsol\/"},"author":{"name":"Redacci\u00f3n Box Repsol","@id":"https:\/\/www.boxrepsol.com\/es\/#\/schema\/person\/c5c2138f2cca251b0ad92b7086bb60b7"},"headline":"Lorenzo Dalla Porta se corona en el Mundial Junior del FIM CEV Repsol","datePublished":"2016-11-21T02:00:00+00:00","dateModified":"2024-05-09T08:24:01+00:00","mainEntityOfPage":{"@id":"https:\/\/www.boxrepsol.com\/es\/sin-categorizar\/lorenzo-dalla-porta-se-corona-mundial-junior-del-fim-cev-repsol\/"},"wordCount":612,"commentCount":0,"publisher":{"@id":"https:\/\/www.boxrepsol.com\/es\/#organization"},"image":{"@id":"https:\/\/www.boxrepsol.com\/es\/sin-categorizar\/lorenzo-dalla-porta-se-corona-mundial-junior-del-fim-cev-repsol\/#primaryimage"},"thumbnailUrl":"https:\/\/www.boxrepsol.com\/wp-content\/uploads\/2022\/08\/07-odendaal-dalla-porta-carmelo-morales-fim-cev-repsol-champions.jpg","keywords":["otros eventos y competiciones"],"articleSection":["Sin categorizar"],"inLanguage":"es","potentialAction":[{"@type":"CommentAction","name":"Comment","target":["https:\/\/www.boxrepsol.com\/es\/sin-categorizar\/lorenzo-dalla-porta-se-corona-mundial-junior-del-fim-cev-repsol\/#respond"]}]},{"@type":"WebPage","@id":"https:\/\/www.boxrepsol.com\/es\/sin-categorizar\/lorenzo-dalla-porta-se-corona-mundial-junior-del-fim-cev-repsol\/","url":"https:\/\/www.boxrepsol.com\/es\/sin-categorizar\/lorenzo-dalla-porta-se-corona-mundial-junior-del-fim-cev-repsol\/","name":"Lorenzo Dalla Porta se corona en el Mundial Junior del FIM CEV Repsol - Box Repsol","isPartOf":{"@id":"https:\/\/www.boxrepsol.com\/es\/#website"},"primaryImageOfPage":{"@id":"https:\/\/www.boxrepsol.com\/es\/sin-categorizar\/lorenzo-dalla-porta-se-corona-mundial-junior-del-fim-cev-repsol\/#primaryimage"},"image":{"@id":"https:\/\/www.boxrepsol.com\/es\/sin-categorizar\/lorenzo-dalla-porta-se-corona-mundial-junior-del-fim-cev-repsol\/#primaryimage"},"thumbnailUrl":"https:\/\/www.boxrepsol.com\/wp-content\/uploads\/2022\/08\/07-odendaal-dalla-porta-carmelo-morales-fim-cev-repsol-champions.jpg","datePublished":"2016-11-21T02:00:00+00:00","dateModified":"2024-05-09T08:24:01+00:00","description":"El piloto italiano se alza con el t\u00edtulo en Moto3 gracias a su podio en la segunda manga y a la ca\u00edda de Marcos Ram\u00edrez.","breadcrumb":{"@id":"https:\/\/www.boxrepsol.com\/es\/sin-categorizar\/lorenzo-dalla-porta-se-corona-mundial-junior-del-fim-cev-repsol\/#breadcrumb"},"inLanguage":"es","potentialAction":[{"@type":"ReadAction","target":["https:\/\/www.boxrepsol.com\/es\/sin-categorizar\/lorenzo-dalla-porta-se-corona-mundial-junior-del-fim-cev-repsol\/"]}]},{"@type":"ImageObject","inLanguage":"es","@id":"https:\/\/www.boxrepsol.com\/es\/sin-categorizar\/lorenzo-dalla-porta-se-corona-mundial-junior-del-fim-cev-repsol\/#primaryimage","url":"https:\/\/www.boxrepsol.com\/wp-content\/uploads\/2022\/08\/07-odendaal-dalla-porta-carmelo-morales-fim-cev-repsol-champions.jpg","contentUrl":"https:\/\/www.boxrepsol.com\/wp-content\/uploads\/2022\/08\/07-odendaal-dalla-porta-carmelo-morales-fim-cev-repsol-champions.jpg","width":995,"height":560,"caption":"Odendaal, Dalla Porta y Carmelo Morales"},{"@type":"BreadcrumbList","@id":"https:\/\/www.boxrepsol.com\/es\/sin-categorizar\/lorenzo-dalla-porta-se-corona-mundial-junior-del-fim-cev-repsol\/#breadcrumb","itemListElement":[{"@type":"ListItem","position":1,"name":"Home","item":"https:\/\/www.boxrepsol.com\/es\/"},{"@type":"ListItem","position":2,"name":"Lorenzo Dalla Porta se corona en el Mundial Junior del FIM CEV Repsol"}]},{"@type":"WebSite","@id":"https:\/\/www.boxrepsol.com\/es\/#website","url":"https:\/\/www.boxrepsol.com\/es\/","name":"Box Repsol","description":"Box Repsol Site","publisher":{"@id":"https:\/\/www.boxrepsol.com\/es\/#organization"},"potentialAction":[{"@type":"SearchAction","target":{"@type":"EntryPoint","urlTemplate":"https:\/\/www.boxrepsol.com\/es\/?s={search_term_string}"},"query-input":{"@type":"PropertyValueSpecification","valueRequired":true,"valueName":"search_term_string"}}],"inLanguage":"es"},{"@type":"Organization","@id":"https:\/\/www.boxrepsol.com\/es\/#organization","name":"Box Repsol","url":"https:\/\/www.boxrepsol.com\/es\/","logo":{"@type":"ImageObject","inLanguage":"es","@id":"https:\/\/www.boxrepsol.com\/es\/#\/schema\/logo\/image\/","url":"https:\/\/bxrepsol.s3.eu-west-1.amazonaws.com\/static\/2025\/07\/30083337\/favicon-96x96-1.png","contentUrl":"https:\/\/bxrepsol.s3.eu-west-1.amazonaws.com\/static\/2025\/07\/30083337\/favicon-96x96-1.png","width":96,"height":96,"caption":"Box Repsol"},"image":{"@id":"https:\/\/www.boxrepsol.com\/es\/#\/schema\/logo\/image\/"},"sameAs":["https:\/\/www.facebook.com\/BoxRepsol","https:\/\/x.com\/box_repsol","http:\/\/instagram.com\/box_repsol","https:\/\/www.youtube.com\/user\/RepsolCompeticion","https:\/\/www.flickr.com\/photos\/box_repsol\/"]},{"@type":"Person","@id":"https:\/\/www.boxrepsol.com\/es\/#\/schema\/person\/c5c2138f2cca251b0ad92b7086bb60b7","name":"Redacci\u00f3n Box Repsol","image":{"@type":"ImageObject","inLanguage":"es","@id":"https:\/\/secure.gravatar.com\/avatar\/adf7b77e38b4419baf32c7e9c21dde01f4e40df611f0978e3006fc4ba0aaab7e?s=96&d=mm&r=g","url":"https:\/\/secure.gravatar.com\/avatar\/adf7b77e38b4419baf32c7e9c21dde01f4e40df611f0978e3006fc4ba0aaab7e?s=96&d=mm&r=g","contentUrl":"https:\/\/secure.gravatar.com\/avatar\/adf7b77e38b4419baf32c7e9c21dde01f4e40df611f0978e3006fc4ba0aaab7e?s=96&d=mm&r=g","caption":"Redacci\u00f3n Box Repsol"},"description":"Box Repsol lo forma un equipo de periodistas, community managers, dise\u00f1adores y fot\u00f3grafos con m\u00e1s de 20 a\u00f1os de experiencia en el mundo del motorsport. Hemos vivido el primer mundial de un espa\u00f1ol en la categor\u00eda reina de motociclismo con \u00c1lex Crivill\u00e9, estuvimos en las victorias de Pedrosa y los t\u00edtulos de M\u00e1rquez, acompa\u00f1amos en \u00c1frica a Nani Roma y Marc Coma en sus conquistas del Dakar y hemos vibrado con los t\u00edtulos de Toni Bou en Trial. Adem\u00e1s, en nuestro equipo contamos con expertos en el mundo de las dos y cuatro ruedas tanto de la calle y las carreteras, como de los circuitos. Periodistas que han trabajado en revistas y publicaciones para hacerte llegar desde rutas y consejos de mantenimiento, a curiosidades y trucos de pilotaje.","sameAs":["https:\/\/www.facebook.com\/BoxRepsol\/","https:\/\/www.instagram.com\/box_repsol\/","https:\/\/x.com\/https:\/\/twitter.com\/box_repsol","https:\/\/www.youtube.com\/@Boxrepsol"],"url":"https:\/\/www.boxrepsol.com\/es\/author\/redaccion-box-repsol\/"}]}},"_links":{"self":[{"href":"https:\/\/www.boxrepsol.com\/es\/wp-json\/wp\/v2\/posts\/89823","targetHints":{"allow":["GET"]}}],"collection":[{"href":"https:\/\/www.boxrepsol.com\/es\/wp-json\/wp\/v2\/posts"}],"about":[{"href":"https:\/\/www.boxrepsol.com\/es\/wp-json\/wp\/v2\/types\/post"}],"author":[{"embeddable":true,"href":"https:\/\/www.boxrepsol.com\/es\/wp-json\/wp\/v2\/users\/43146"}],"replies":[{"embeddable":true,"href":"https:\/\/www.boxrepsol.com\/es\/wp-json\/wp\/v2\/comments?post=89823"}],"version-history":[{"count":1,"href":"https:\/\/www.boxrepsol.com\/es\/wp-json\/wp\/v2\/posts\/89823\/revisions"}],"predecessor-version":[{"id":108949,"href":"https:\/\/www.boxrepsol.com\/es\/wp-json\/wp\/v2\/posts\/89823\/revisions\/108949"}],"wp:featuredmedia":[{"embeddable":true,"href":"https:\/\/www.boxrepsol.com\/es\/wp-json\/wp\/v2\/media\/85633"}],"wp:attachment":[{"href":"https:\/\/www.boxrepsol.com\/es\/wp-json\/wp\/v2\/media?parent=89823"}],"wp:term":[{"taxonomy":"category","embeddable":true,"href":"https:\/\/www.boxrepsol.com\/es\/wp-json\/wp\/v2\/categories?post=89823"},{"taxonomy":"post_tag","embeddable":true,"href":"https:\/\/www.boxrepsol.com\/es\/wp-json\/wp\/v2\/tags?post=89823"}],"curies":[{"name":"wp","href":"https:\/\/api.w.org\/{rel}","templated":true}]}}