{"id":89808,"date":"2016-02-19T00:00:00","date_gmt":"2016-02-19T02:00:00","guid":{"rendered":"http:\/\/pre.boxrepsol.com\/sin-categorizar\/equipo-repsol-honda-concluye-productivo-test-australia\/"},"modified":"2024-05-07T06:00:10","modified_gmt":"2024-05-07T08:00:10","slug":"equipo-repsol-honda-concluye-productivo-test-australia","status":"publish","type":"post","link":"https:\/\/www.boxrepsol.com\/es\/motogp\/equipo-repsol-honda-concluye-productivo-test-australia\/","title":{"rendered":"El Equipo Repsol Honda concluye un productivo test en Australia"},"content":{"rendered":"<blockquote>\n<p>Los ingenieros de HRC regresar\u00e1n ahora a Jap\u00f3n y continuar\u00e1n su trabajo en la RC213V<\/p>\n<p>            <a href=\"http:\/\/twitter.com\/share?text=Los+ingenieros+de+HRC+regresar%C3%A1n+ahora+a+Jap%C3%B3n+y+continuar%C3%A1n+su+trabajo+en+la+RC213V&#038;url=http%3A%2F%2F34.249.211.158%2Fes%2Fmotogp%2Fequipo-repsol-honda-concluye-productivo-test-australia%2F&#038;hashtags=\" target=\"_blank\" rel=\"noopener\"><br \/>\n            twittear        <\/a>\n        <\/p><\/blockquote>\n<p>La segunda parada de la pretemporada, con tres d\u00edas de pruebas en el circuito australiano de Phillip Island, ha terminado con Marc M\u00e1rquez y Dani Pedrosa en primera y s\u00e9ptima posici\u00f3n, respectivamente. Ha sido un positivo entrenamiento para el equipo Repsol Honda, que <strong>ha seguido progresando en la configuraci\u00f3n de la nueva centralita \u00fanica<\/strong> y tomando valiosa informaci\u00f3n del comportamiento de los nuevos neum\u00e1ticos y los ajustes de la Honda RC213V. Estos datos recopilados tienen mucho valor; los ingenieros de HRC regresar\u00e1n ahora a Jap\u00f3n y continuar\u00e1n su trabajo de desarrollo con la vista puesta en el inicio del Mundial, dentro de un mes.<\/p>\n<p>El d\u00eda ha amanecido con el cielo totalmente cubierto y la amenaza latente de la lluvia, con una temperatura ambiente de 20\u00baC y 28\u00baC en el asfalto. Con estas condiciones, Marc M\u00e1rquez ha marcado un fuerte ritmo desde el inicio, registrando unos <strong>tiempos consistentes<\/strong> que le han situado segundo en la clasificaci\u00f3n. Sin embargo, a mediod\u00eda ha empezado a llover y tras una larga espera en el box, los pilotos han vuelto a pista a las tres de la tarde. En cuanto se ha reanudado, Dani Pedrosa tambi\u00e9n ha rodado varias vueltas en 1 minuto y 29 segundos, antes de concluir sus entrenamientos a una hora del final.<\/p>\n<p>M\u00e1rquez s\u00ed ha seguido rodando y ha cerrado la jornada con un crono de 1 minuto, 29 segundos y 158 mil\u00e9simas, el m\u00e1s r\u00e1pido del d\u00eda. En su \u00faltima tanda, el piloto del equipo Repsol Honda ha sufido una ca\u00edda sin consecuencias en la curva 9 y finalmente ha completado 64 vueltas, con su mejor tiempo en la n\u00famero 48. Su compa\u00f1ero de equipo ha parado el cron\u00f3metro en 1 minuto, 29 segundos y 606 mil\u00e9simas en el giro 37 de los 42 que ha sumado hoy.<\/p>\n<p>Los tres \u00faltimos d\u00edas de entrenamientos de esta pretemporada tendr\u00e1n lugar en Catar, del 2 al 4 de marzo.<\/p>\n<p>\t\t\t\t<img decoding=\"async\" src=\"https:\/\/bxrepsol.s3.eu-west-1.amazonaws.com\/static\/2022\/08\/29044626\/dani-pedrosa-test-australia-2016.jpg\" alt=\"Dani Pedrosa pilotando en Phillip Island\" itemprop=\"image\"  \/><\/p>\n<p><strong>Marc M\u00e1rquez 1\u00ba 1:29.158 64 vueltas 285 km<\/strong><\/p>\n<p>\u00abEl balance de estos tres d\u00edas es muy bueno. Hoy especialmente estoy muy contento, porque <strong>hemos dado un gran paso adelante<\/strong>. Por la tarde he logrado mantener un ritmo r\u00e1pido de forma consistente y ha sido la primera vez esta pretemporada que me he empezado a encontrar bien con la moto y los neum\u00e1ticos nuevos. La l\u00e1stima es que al final de la sesi\u00f3n hemos querido probar otra cosa m\u00e1s, pero era tarde y estaba tirando fuerte al mismo tiempo, y entonces me ha deslizado la rueda delantera y me he ca\u00eddo. Lo importante es que estoy bien y que el trabajo ha sido positivo. Ayer nos concentramos en ajustar la electr\u00f3nica y en encontrar una buena base, y hoy creo que hemos hecho un gran trabajo buscando un buen equilibrio en la puesta a punto de la moto\u00bb.<\/p>\n<p><strong>Dani Pedrosa 7\u00ba 1:29.606 42 vueltas 187 km<br \/>\n<\/strong><\/p>\n<p>\u00abHoy hemos tenido un d\u00eda un poco m\u00e1s dif\u00edcil. Ha sido complicado mejorar la puesta a punto que conseguimos en el entrenamiento de ayer por la ma\u00f1ana y bajar los tiempos. <strong>Hemos rodado todo el d\u00eda con neum\u00e1ticos usados, para ver c\u00f3mo se comporta la moto tras muchas vueltas<\/strong>. Por la tarde, despu\u00e9s de la lluvia, hemos podido mejorar un poco en algunos puntos, pero creo que todav\u00eda tenemos algo de trabajo pendiente. Lo positivo es que desde el test de Malasia hemos mejorado la electr\u00f3nica y esperamos poder dar alg\u00fan paso importante en la configuraci\u00f3n de la moto en los pr\u00f3ximos entrenamientos en Catar, especialmente con el compuesto nuevo que nos traer\u00e1n para el neum\u00e1tico delantero\u00bb.<\/p>\n","protected":false},"excerpt":{"rendered":"<p>Marc M\u00e1rquez, primero en la tabla de tiempos, y Dani Pedrosa, s\u00e9ptimo, progresan en la configuraci\u00f3n de sus Honda RC213V con los nuevos neum\u00e1ticos y la centralita \u00fanica.<\/p>\n","protected":false},"author":43146,"featured_media":85630,"comment_status":"open","ping_status":"open","sticky":false,"template":"","format":"standard","meta":{"footnotes":""},"categories":[4],"tags":[50],"class_list":["post-89808","post","type-post","status-publish","format-standard","hentry","category-motogp","tag-equipo-repsol-honda"],"yoast_head":"<!-- This site is optimized with the Yoast SEO plugin v27.3 - https:\/\/yoast.com\/product\/yoast-seo-wordpress\/ -->\n<title>El Equipo Repsol Honda concluye un productivo test en Australia - Box Repsol<\/title>\n<meta name=\"description\" content=\"Marc M\u00e1rquez, primero en la tabla de tiempos, y Dani Pedrosa, s\u00e9ptimo, progresan en la configuraci\u00f3n de sus Honda RC213V con los nuevos neum\u00e1ticos...\" \/>\n<link rel=\"canonical\" href=\"https:\/\/www.boxrepsol.com\/es\/motogp\/equipo-repsol-honda-concluye-productivo-test-australia\/\" \/>\n<meta property=\"og:locale\" content=\"es_ES\" \/>\n<meta property=\"og:type\" content=\"article\" \/>\n<meta property=\"og:title\" content=\"El Equipo Repsol Honda concluye un productivo test en Australia - Box Repsol\" \/>\n<meta property=\"og:description\" content=\"Marc M\u00e1rquez, primero en la tabla de tiempos, y Dani Pedrosa, s\u00e9ptimo, progresan en la configuraci\u00f3n de sus Honda RC213V con los nuevos neum\u00e1ticos...\" \/>\n<meta property=\"og:url\" content=\"https:\/\/www.boxrepsol.com\/es\/motogp\/equipo-repsol-honda-concluye-productivo-test-australia\/\" \/>\n<meta property=\"og:site_name\" content=\"Box Repsol\" \/>\n<meta property=\"article:publisher\" content=\"https:\/\/www.facebook.com\/BoxRepsol\" \/>\n<meta property=\"article:author\" content=\"https:\/\/www.facebook.com\/BoxRepsol\/\" \/>\n<meta property=\"article:published_time\" content=\"2016-02-19T02:00:00+00:00\" \/>\n<meta property=\"article:modified_time\" content=\"2024-05-07T08:00:10+00:00\" \/>\n<meta property=\"og:image\" content=\"https:\/\/www.boxrepsol.com\/wp-content\/uploads\/2022\/08\/marc-marquez-test-australia-2016.jpg\" \/>\n\t<meta property=\"og:image:width\" content=\"1024\" \/>\n\t<meta property=\"og:image:height\" content=\"429\" \/>\n\t<meta property=\"og:image:type\" content=\"image\/jpeg\" \/>\n<meta name=\"author\" content=\"Redacci\u00f3n Box Repsol\" \/>\n<meta name=\"twitter:card\" content=\"summary_large_image\" \/>\n<meta name=\"twitter:creator\" content=\"@https:\/\/twitter.com\/box_repsol\" \/>\n<meta name=\"twitter:site\" content=\"@box_repsol\" \/>\n<meta name=\"twitter:label1\" content=\"Written by\" \/>\n\t<meta name=\"twitter:data1\" content=\"Redacci\u00f3n Box Repsol\" \/>\n\t<meta name=\"twitter:label2\" content=\"Est. reading time\" \/>\n\t<meta name=\"twitter:data2\" content=\"3 minutos\" \/>\n<script type=\"application\/ld+json\" class=\"yoast-schema-graph\">{\"@context\":\"https:\\\/\\\/schema.org\",\"@graph\":[{\"@type\":\"Article\",\"@id\":\"https:\\\/\\\/www.boxrepsol.com\\\/es\\\/motogp\\\/equipo-repsol-honda-concluye-productivo-test-australia\\\/#article\",\"isPartOf\":{\"@id\":\"https:\\\/\\\/www.boxrepsol.com\\\/es\\\/motogp\\\/equipo-repsol-honda-concluye-productivo-test-australia\\\/\"},\"author\":{\"name\":\"Redacci\u00f3n Box Repsol\",\"@id\":\"https:\\\/\\\/www.boxrepsol.com\\\/es\\\/#\\\/schema\\\/person\\\/c5c2138f2cca251b0ad92b7086bb60b7\"},\"headline\":\"El Equipo Repsol Honda concluye un productivo test en Australia\",\"datePublished\":\"2016-02-19T02:00:00+00:00\",\"dateModified\":\"2024-05-07T08:00:10+00:00\",\"mainEntityOfPage\":{\"@id\":\"https:\\\/\\\/www.boxrepsol.com\\\/es\\\/motogp\\\/equipo-repsol-honda-concluye-productivo-test-australia\\\/\"},\"wordCount\":649,\"commentCount\":0,\"publisher\":{\"@id\":\"https:\\\/\\\/www.boxrepsol.com\\\/es\\\/#organization\"},\"image\":{\"@id\":\"https:\\\/\\\/www.boxrepsol.com\\\/es\\\/motogp\\\/equipo-repsol-honda-concluye-productivo-test-australia\\\/#primaryimage\"},\"thumbnailUrl\":\"https:\\\/\\\/www.boxrepsol.com\\\/wp-content\\\/uploads\\\/2022\\\/08\\\/marc-marquez-test-australia-2016.jpg\",\"keywords\":[\"Equipo Repsol Honda\"],\"articleSection\":[\"MotoGP\"],\"inLanguage\":\"es\",\"potentialAction\":[{\"@type\":\"CommentAction\",\"name\":\"Comment\",\"target\":[\"https:\\\/\\\/www.boxrepsol.com\\\/es\\\/motogp\\\/equipo-repsol-honda-concluye-productivo-test-australia\\\/#respond\"]}]},{\"@type\":\"WebPage\",\"@id\":\"https:\\\/\\\/www.boxrepsol.com\\\/es\\\/motogp\\\/equipo-repsol-honda-concluye-productivo-test-australia\\\/\",\"url\":\"https:\\\/\\\/www.boxrepsol.com\\\/es\\\/motogp\\\/equipo-repsol-honda-concluye-productivo-test-australia\\\/\",\"name\":\"El Equipo Repsol Honda concluye un productivo test en Australia - Box Repsol\",\"isPartOf\":{\"@id\":\"https:\\\/\\\/www.boxrepsol.com\\\/es\\\/#website\"},\"primaryImageOfPage\":{\"@id\":\"https:\\\/\\\/www.boxrepsol.com\\\/es\\\/motogp\\\/equipo-repsol-honda-concluye-productivo-test-australia\\\/#primaryimage\"},\"image\":{\"@id\":\"https:\\\/\\\/www.boxrepsol.com\\\/es\\\/motogp\\\/equipo-repsol-honda-concluye-productivo-test-australia\\\/#primaryimage\"},\"thumbnailUrl\":\"https:\\\/\\\/www.boxrepsol.com\\\/wp-content\\\/uploads\\\/2022\\\/08\\\/marc-marquez-test-australia-2016.jpg\",\"datePublished\":\"2016-02-19T02:00:00+00:00\",\"dateModified\":\"2024-05-07T08:00:10+00:00\",\"description\":\"Marc M\u00e1rquez, primero en la tabla de tiempos, y Dani Pedrosa, s\u00e9ptimo, progresan en la configuraci\u00f3n de sus Honda RC213V con los nuevos neum\u00e1ticos...\",\"breadcrumb\":{\"@id\":\"https:\\\/\\\/www.boxrepsol.com\\\/es\\\/motogp\\\/equipo-repsol-honda-concluye-productivo-test-australia\\\/#breadcrumb\"},\"inLanguage\":\"es\",\"potentialAction\":[{\"@type\":\"ReadAction\",\"target\":[\"https:\\\/\\\/www.boxrepsol.com\\\/es\\\/motogp\\\/equipo-repsol-honda-concluye-productivo-test-australia\\\/\"]}]},{\"@type\":\"ImageObject\",\"inLanguage\":\"es\",\"@id\":\"https:\\\/\\\/www.boxrepsol.com\\\/es\\\/motogp\\\/equipo-repsol-honda-concluye-productivo-test-australia\\\/#primaryimage\",\"url\":\"https:\\\/\\\/www.boxrepsol.com\\\/wp-content\\\/uploads\\\/2022\\\/08\\\/marc-marquez-test-australia-2016.jpg\",\"contentUrl\":\"https:\\\/\\\/www.boxrepsol.com\\\/wp-content\\\/uploads\\\/2022\\\/08\\\/marc-marquez-test-australia-2016.jpg\",\"width\":1024,\"height\":429,\"caption\":\"Marc M\u00e1rquez pilotando en Phillip Island\"},{\"@type\":\"BreadcrumbList\",\"@id\":\"https:\\\/\\\/www.boxrepsol.com\\\/es\\\/motogp\\\/equipo-repsol-honda-concluye-productivo-test-australia\\\/#breadcrumb\",\"itemListElement\":[{\"@type\":\"ListItem\",\"position\":1,\"name\":\"Home\",\"item\":\"https:\\\/\\\/www.boxrepsol.com\\\/es\\\/\"},{\"@type\":\"ListItem\",\"position\":2,\"name\":\"El Equipo Repsol Honda concluye un productivo test en Australia\"}]},{\"@type\":\"WebSite\",\"@id\":\"https:\\\/\\\/www.boxrepsol.com\\\/es\\\/#website\",\"url\":\"https:\\\/\\\/www.boxrepsol.com\\\/es\\\/\",\"name\":\"Box Repsol\",\"description\":\"Box Repsol Site\",\"publisher\":{\"@id\":\"https:\\\/\\\/www.boxrepsol.com\\\/es\\\/#organization\"},\"potentialAction\":[{\"@type\":\"SearchAction\",\"target\":{\"@type\":\"EntryPoint\",\"urlTemplate\":\"https:\\\/\\\/www.boxrepsol.com\\\/es\\\/?s={search_term_string}\"},\"query-input\":{\"@type\":\"PropertyValueSpecification\",\"valueRequired\":true,\"valueName\":\"search_term_string\"}}],\"inLanguage\":\"es\"},{\"@type\":\"Organization\",\"@id\":\"https:\\\/\\\/www.boxrepsol.com\\\/es\\\/#organization\",\"name\":\"Box Repsol\",\"url\":\"https:\\\/\\\/www.boxrepsol.com\\\/es\\\/\",\"logo\":{\"@type\":\"ImageObject\",\"inLanguage\":\"es\",\"@id\":\"https:\\\/\\\/www.boxrepsol.com\\\/es\\\/#\\\/schema\\\/logo\\\/image\\\/\",\"url\":\"https:\\\/\\\/bxrepsol.s3.eu-west-1.amazonaws.com\\\/static\\\/2025\\\/07\\\/30083337\\\/favicon-96x96-1.png\",\"contentUrl\":\"https:\\\/\\\/bxrepsol.s3.eu-west-1.amazonaws.com\\\/static\\\/2025\\\/07\\\/30083337\\\/favicon-96x96-1.png\",\"width\":96,\"height\":96,\"caption\":\"Box Repsol\"},\"image\":{\"@id\":\"https:\\\/\\\/www.boxrepsol.com\\\/es\\\/#\\\/schema\\\/logo\\\/image\\\/\"},\"sameAs\":[\"https:\\\/\\\/www.facebook.com\\\/BoxRepsol\",\"https:\\\/\\\/x.com\\\/box_repsol\",\"http:\\\/\\\/instagram.com\\\/box_repsol\",\"https:\\\/\\\/www.youtube.com\\\/user\\\/RepsolCompeticion\",\"https:\\\/\\\/www.flickr.com\\\/photos\\\/box_repsol\\\/\"]},{\"@type\":\"Person\",\"@id\":\"https:\\\/\\\/www.boxrepsol.com\\\/es\\\/#\\\/schema\\\/person\\\/c5c2138f2cca251b0ad92b7086bb60b7\",\"name\":\"Redacci\u00f3n Box Repsol\",\"image\":{\"@type\":\"ImageObject\",\"inLanguage\":\"es\",\"@id\":\"https:\\\/\\\/secure.gravatar.com\\\/avatar\\\/adf7b77e38b4419baf32c7e9c21dde01f4e40df611f0978e3006fc4ba0aaab7e?s=96&d=mm&r=g\",\"url\":\"https:\\\/\\\/secure.gravatar.com\\\/avatar\\\/adf7b77e38b4419baf32c7e9c21dde01f4e40df611f0978e3006fc4ba0aaab7e?s=96&d=mm&r=g\",\"contentUrl\":\"https:\\\/\\\/secure.gravatar.com\\\/avatar\\\/adf7b77e38b4419baf32c7e9c21dde01f4e40df611f0978e3006fc4ba0aaab7e?s=96&d=mm&r=g\",\"caption\":\"Redacci\u00f3n Box Repsol\"},\"description\":\"Box Repsol lo forma un equipo de periodistas, community managers, dise\u00f1adores y fot\u00f3grafos con m\u00e1s de 20 a\u00f1os de experiencia en el mundo del motorsport. Hemos vivido el primer mundial de un espa\u00f1ol en la categor\u00eda reina de motociclismo con \u00c1lex Crivill\u00e9, estuvimos en las victorias de Pedrosa y los t\u00edtulos de M\u00e1rquez, acompa\u00f1amos en \u00c1frica a Nani Roma y Marc Coma en sus conquistas del Dakar y hemos vibrado con los t\u00edtulos de Toni Bou en Trial. Adem\u00e1s, en nuestro equipo contamos con expertos en el mundo de las dos y cuatro ruedas tanto de la calle y las carreteras, como de los circuitos. Periodistas que han trabajado en revistas y publicaciones para hacerte llegar desde rutas y consejos de mantenimiento, a curiosidades y trucos de pilotaje.\",\"sameAs\":[\"https:\\\/\\\/www.facebook.com\\\/BoxRepsol\\\/\",\"https:\\\/\\\/www.instagram.com\\\/box_repsol\\\/\",\"https:\\\/\\\/x.com\\\/https:\\\/\\\/twitter.com\\\/box_repsol\",\"https:\\\/\\\/www.youtube.com\\\/@Boxrepsol\"],\"url\":\"https:\\\/\\\/www.boxrepsol.com\\\/es\\\/author\\\/redaccion-box-repsol\\\/\"}]}<\/script>\n<!-- \/ Yoast SEO plugin. -->","yoast_head_json":{"title":"El Equipo Repsol Honda concluye un productivo test en Australia - Box Repsol","description":"Marc M\u00e1rquez, primero en la tabla de tiempos, y Dani Pedrosa, s\u00e9ptimo, progresan en la configuraci\u00f3n de sus Honda RC213V con los nuevos neum\u00e1ticos...","canonical":"https:\/\/www.boxrepsol.com\/es\/motogp\/equipo-repsol-honda-concluye-productivo-test-australia\/","og_locale":"es_ES","og_type":"article","og_title":"El Equipo Repsol Honda concluye un productivo test en Australia - Box Repsol","og_description":"Marc M\u00e1rquez, primero en la tabla de tiempos, y Dani Pedrosa, s\u00e9ptimo, progresan en la configuraci\u00f3n de sus Honda RC213V con los nuevos neum\u00e1ticos...","og_url":"https:\/\/www.boxrepsol.com\/es\/motogp\/equipo-repsol-honda-concluye-productivo-test-australia\/","og_site_name":"Box Repsol","article_publisher":"https:\/\/www.facebook.com\/BoxRepsol","article_author":"https:\/\/www.facebook.com\/BoxRepsol\/","article_published_time":"2016-02-19T02:00:00+00:00","article_modified_time":"2024-05-07T08:00:10+00:00","og_image":[{"width":1024,"height":429,"url":"https:\/\/www.boxrepsol.com\/wp-content\/uploads\/2022\/08\/marc-marquez-test-australia-2016.jpg","type":"image\/jpeg"}],"author":"Redacci\u00f3n Box Repsol","twitter_card":"summary_large_image","twitter_creator":"@https:\/\/twitter.com\/box_repsol","twitter_site":"@box_repsol","twitter_misc":{"Written by":"Redacci\u00f3n Box Repsol","Est. reading time":"3 minutos"},"schema":{"@context":"https:\/\/schema.org","@graph":[{"@type":"Article","@id":"https:\/\/www.boxrepsol.com\/es\/motogp\/equipo-repsol-honda-concluye-productivo-test-australia\/#article","isPartOf":{"@id":"https:\/\/www.boxrepsol.com\/es\/motogp\/equipo-repsol-honda-concluye-productivo-test-australia\/"},"author":{"name":"Redacci\u00f3n Box Repsol","@id":"https:\/\/www.boxrepsol.com\/es\/#\/schema\/person\/c5c2138f2cca251b0ad92b7086bb60b7"},"headline":"El Equipo Repsol Honda concluye un productivo test en Australia","datePublished":"2016-02-19T02:00:00+00:00","dateModified":"2024-05-07T08:00:10+00:00","mainEntityOfPage":{"@id":"https:\/\/www.boxrepsol.com\/es\/motogp\/equipo-repsol-honda-concluye-productivo-test-australia\/"},"wordCount":649,"commentCount":0,"publisher":{"@id":"https:\/\/www.boxrepsol.com\/es\/#organization"},"image":{"@id":"https:\/\/www.boxrepsol.com\/es\/motogp\/equipo-repsol-honda-concluye-productivo-test-australia\/#primaryimage"},"thumbnailUrl":"https:\/\/www.boxrepsol.com\/wp-content\/uploads\/2022\/08\/marc-marquez-test-australia-2016.jpg","keywords":["Equipo Repsol Honda"],"articleSection":["MotoGP"],"inLanguage":"es","potentialAction":[{"@type":"CommentAction","name":"Comment","target":["https:\/\/www.boxrepsol.com\/es\/motogp\/equipo-repsol-honda-concluye-productivo-test-australia\/#respond"]}]},{"@type":"WebPage","@id":"https:\/\/www.boxrepsol.com\/es\/motogp\/equipo-repsol-honda-concluye-productivo-test-australia\/","url":"https:\/\/www.boxrepsol.com\/es\/motogp\/equipo-repsol-honda-concluye-productivo-test-australia\/","name":"El Equipo Repsol Honda concluye un productivo test en Australia - Box Repsol","isPartOf":{"@id":"https:\/\/www.boxrepsol.com\/es\/#website"},"primaryImageOfPage":{"@id":"https:\/\/www.boxrepsol.com\/es\/motogp\/equipo-repsol-honda-concluye-productivo-test-australia\/#primaryimage"},"image":{"@id":"https:\/\/www.boxrepsol.com\/es\/motogp\/equipo-repsol-honda-concluye-productivo-test-australia\/#primaryimage"},"thumbnailUrl":"https:\/\/www.boxrepsol.com\/wp-content\/uploads\/2022\/08\/marc-marquez-test-australia-2016.jpg","datePublished":"2016-02-19T02:00:00+00:00","dateModified":"2024-05-07T08:00:10+00:00","description":"Marc M\u00e1rquez, primero en la tabla de tiempos, y Dani Pedrosa, s\u00e9ptimo, progresan en la configuraci\u00f3n de sus Honda RC213V con los nuevos neum\u00e1ticos...","breadcrumb":{"@id":"https:\/\/www.boxrepsol.com\/es\/motogp\/equipo-repsol-honda-concluye-productivo-test-australia\/#breadcrumb"},"inLanguage":"es","potentialAction":[{"@type":"ReadAction","target":["https:\/\/www.boxrepsol.com\/es\/motogp\/equipo-repsol-honda-concluye-productivo-test-australia\/"]}]},{"@type":"ImageObject","inLanguage":"es","@id":"https:\/\/www.boxrepsol.com\/es\/motogp\/equipo-repsol-honda-concluye-productivo-test-australia\/#primaryimage","url":"https:\/\/www.boxrepsol.com\/wp-content\/uploads\/2022\/08\/marc-marquez-test-australia-2016.jpg","contentUrl":"https:\/\/www.boxrepsol.com\/wp-content\/uploads\/2022\/08\/marc-marquez-test-australia-2016.jpg","width":1024,"height":429,"caption":"Marc M\u00e1rquez pilotando en Phillip Island"},{"@type":"BreadcrumbList","@id":"https:\/\/www.boxrepsol.com\/es\/motogp\/equipo-repsol-honda-concluye-productivo-test-australia\/#breadcrumb","itemListElement":[{"@type":"ListItem","position":1,"name":"Home","item":"https:\/\/www.boxrepsol.com\/es\/"},{"@type":"ListItem","position":2,"name":"El Equipo Repsol Honda concluye un productivo test en Australia"}]},{"@type":"WebSite","@id":"https:\/\/www.boxrepsol.com\/es\/#website","url":"https:\/\/www.boxrepsol.com\/es\/","name":"Box Repsol","description":"Box Repsol Site","publisher":{"@id":"https:\/\/www.boxrepsol.com\/es\/#organization"},"potentialAction":[{"@type":"SearchAction","target":{"@type":"EntryPoint","urlTemplate":"https:\/\/www.boxrepsol.com\/es\/?s={search_term_string}"},"query-input":{"@type":"PropertyValueSpecification","valueRequired":true,"valueName":"search_term_string"}}],"inLanguage":"es"},{"@type":"Organization","@id":"https:\/\/www.boxrepsol.com\/es\/#organization","name":"Box Repsol","url":"https:\/\/www.boxrepsol.com\/es\/","logo":{"@type":"ImageObject","inLanguage":"es","@id":"https:\/\/www.boxrepsol.com\/es\/#\/schema\/logo\/image\/","url":"https:\/\/bxrepsol.s3.eu-west-1.amazonaws.com\/static\/2025\/07\/30083337\/favicon-96x96-1.png","contentUrl":"https:\/\/bxrepsol.s3.eu-west-1.amazonaws.com\/static\/2025\/07\/30083337\/favicon-96x96-1.png","width":96,"height":96,"caption":"Box Repsol"},"image":{"@id":"https:\/\/www.boxrepsol.com\/es\/#\/schema\/logo\/image\/"},"sameAs":["https:\/\/www.facebook.com\/BoxRepsol","https:\/\/x.com\/box_repsol","http:\/\/instagram.com\/box_repsol","https:\/\/www.youtube.com\/user\/RepsolCompeticion","https:\/\/www.flickr.com\/photos\/box_repsol\/"]},{"@type":"Person","@id":"https:\/\/www.boxrepsol.com\/es\/#\/schema\/person\/c5c2138f2cca251b0ad92b7086bb60b7","name":"Redacci\u00f3n Box Repsol","image":{"@type":"ImageObject","inLanguage":"es","@id":"https:\/\/secure.gravatar.com\/avatar\/adf7b77e38b4419baf32c7e9c21dde01f4e40df611f0978e3006fc4ba0aaab7e?s=96&d=mm&r=g","url":"https:\/\/secure.gravatar.com\/avatar\/adf7b77e38b4419baf32c7e9c21dde01f4e40df611f0978e3006fc4ba0aaab7e?s=96&d=mm&r=g","contentUrl":"https:\/\/secure.gravatar.com\/avatar\/adf7b77e38b4419baf32c7e9c21dde01f4e40df611f0978e3006fc4ba0aaab7e?s=96&d=mm&r=g","caption":"Redacci\u00f3n Box Repsol"},"description":"Box Repsol lo forma un equipo de periodistas, community managers, dise\u00f1adores y fot\u00f3grafos con m\u00e1s de 20 a\u00f1os de experiencia en el mundo del motorsport. Hemos vivido el primer mundial de un espa\u00f1ol en la categor\u00eda reina de motociclismo con \u00c1lex Crivill\u00e9, estuvimos en las victorias de Pedrosa y los t\u00edtulos de M\u00e1rquez, acompa\u00f1amos en \u00c1frica a Nani Roma y Marc Coma en sus conquistas del Dakar y hemos vibrado con los t\u00edtulos de Toni Bou en Trial. Adem\u00e1s, en nuestro equipo contamos con expertos en el mundo de las dos y cuatro ruedas tanto de la calle y las carreteras, como de los circuitos. Periodistas que han trabajado en revistas y publicaciones para hacerte llegar desde rutas y consejos de mantenimiento, a curiosidades y trucos de pilotaje.","sameAs":["https:\/\/www.facebook.com\/BoxRepsol\/","https:\/\/www.instagram.com\/box_repsol\/","https:\/\/x.com\/https:\/\/twitter.com\/box_repsol","https:\/\/www.youtube.com\/@Boxrepsol"],"url":"https:\/\/www.boxrepsol.com\/es\/author\/redaccion-box-repsol\/"}]}},"_links":{"self":[{"href":"https:\/\/www.boxrepsol.com\/es\/wp-json\/wp\/v2\/posts\/89808","targetHints":{"allow":["GET"]}}],"collection":[{"href":"https:\/\/www.boxrepsol.com\/es\/wp-json\/wp\/v2\/posts"}],"about":[{"href":"https:\/\/www.boxrepsol.com\/es\/wp-json\/wp\/v2\/types\/post"}],"author":[{"embeddable":true,"href":"https:\/\/www.boxrepsol.com\/es\/wp-json\/wp\/v2\/users\/43146"}],"replies":[{"embeddable":true,"href":"https:\/\/www.boxrepsol.com\/es\/wp-json\/wp\/v2\/comments?post=89808"}],"version-history":[{"count":1,"href":"https:\/\/www.boxrepsol.com\/es\/wp-json\/wp\/v2\/posts\/89808\/revisions"}],"predecessor-version":[{"id":89809,"href":"https:\/\/www.boxrepsol.com\/es\/wp-json\/wp\/v2\/posts\/89808\/revisions\/89809"}],"wp:featuredmedia":[{"embeddable":true,"href":"https:\/\/www.boxrepsol.com\/es\/wp-json\/wp\/v2\/media\/85630"}],"wp:attachment":[{"href":"https:\/\/www.boxrepsol.com\/es\/wp-json\/wp\/v2\/media?parent=89808"}],"wp:term":[{"taxonomy":"category","embeddable":true,"href":"https:\/\/www.boxrepsol.com\/es\/wp-json\/wp\/v2\/categories?post=89808"},{"taxonomy":"post_tag","embeddable":true,"href":"https:\/\/www.boxrepsol.com\/es\/wp-json\/wp\/v2\/tags?post=89808"}],"curies":[{"name":"wp","href":"https:\/\/api.w.org\/{rel}","templated":true}]}}